{"id":31178,"date":"2016-06-25T00:22:18","date_gmt":"2016-06-24T22:52:18","guid":{"rendered":"http:\/\/candas365.es\/noticias\/?p=31178"},"modified":"2016-06-25T00:22:18","modified_gmt":"2016-06-24T22:52:18","slug":"la-vida-de-siempre-de-vicente-garcia-oliva","status":"publish","type":"post","link":"https:\/\/candas365.es\/noticias\/la-vida-de-siempre-de-vicente-garcia-oliva\/","title":{"rendered":"\u00abLa vida de siempre\u00bb de Vicente Garc\u00eda Oliva"},"content":{"rendered":"<p><img fetchpriority=\"high\" decoding=\"async\" class=\"alignleft size-medium wp-image-31179\" src=\"https:\/\/candas365.es\/noticias\/wp-content\/uploads\/2016\/06\/fotonoticia_20160624130130_800-360x288.jpg\" alt=\"fotonoticia_20160624130130_800\" width=\"360\" height=\"288\" srcset=\"https:\/\/candas365.es\/noticias\/wp-content\/uploads\/2016\/06\/fotonoticia_20160624130130_800-360x288.jpg 360w, https:\/\/candas365.es\/noticias\/wp-content\/uploads\/2016\/06\/fotonoticia_20160624130130_800-600x480.jpg 600w, https:\/\/candas365.es\/noticias\/wp-content\/uploads\/2016\/06\/fotonoticia_20160624130130_800-768x614.jpg 768w, https:\/\/candas365.es\/noticias\/wp-content\/uploads\/2016\/06\/fotonoticia_20160624130130_800-150x120.jpg 150w, https:\/\/candas365.es\/noticias\/wp-content\/uploads\/2016\/06\/fotonoticia_20160624130130_800-450x360.jpg 450w, https:\/\/candas365.es\/noticias\/wp-content\/uploads\/2016\/06\/fotonoticia_20160624130130_800-696x557.jpg 696w, https:\/\/candas365.es\/noticias\/wp-content\/uploads\/2016\/06\/fotonoticia_20160624130130_800-525x420.jpg 525w, https:\/\/candas365.es\/noticias\/wp-content\/uploads\/2016\/06\/fotonoticia_20160624130130_800.jpg 800w\" sizes=\"(max-width: 360px) 100vw, 360px\" \/>El escritor Vicente Garc\u00eda Oliva ha criticado esta semana la \u00abpasividad social y pol\u00edtica\u00bb y la \u00abcondescendencia general\u00bb hacia personas implicadas en presuntos delitos cuando son famosos. \u00abDe Gea, Messi o la Infanta ser\u00edan de los malos seguro en &#8216;La vida de siempre'\u00bb, ha ironizado, en referencia a su \u00faltima novela.<\/p>\n<p>En declaraciones a Europa Press, se ha referido al caso de los futbolistas David de Gea, Iker Muniain y Fernando Amorebieta, presuntamente relacionados con el llamado &#8216;caso Torbe&#8217;, que investiga una supuesta de red de tr\u00e1fico y explotaci\u00f3n sexual de mujeres.<\/p>\n<p>Precisamente &#8216;La vida de siempre&#8217; toca este fen\u00f3meno, que el autor considera una \u00ablacra terrible\u00bb que afecta a toda Europa, y hacia la que hay gran \u00abpasividad social\u00bb. El protagonista, un abogado que lleva una tranquila vida laboral y dedica sus ratos libres a solucionar papeleos a los inmigrantes indocumentados, recibe la visita de Gladys, una de esas chicas supuestamente extorsionada por una red de trata de mujeres.<\/p>\n<p>Pese a la pasividad social y policial hacia este fen\u00f3meno, decide comprometerse para ayudarla, poniendo en serio peligro su vida y la de sus familiares. Al final, nada resulta ser lo que parece.<\/p>\n<p>Garc\u00eda Oliva expresa su preocupaci\u00f3n ante estas mafias de tr\u00e1fico de mujeres, y si bien defiende \u00abla presunci\u00f3n de inocencia\u00bb de los futbolistas supuestamente relacionados con ellas, considera que \u00abhay que tener cuidado de \u00abno encumbrarlos\u00bb. En su opini\u00f3n, \u00abhay demasiada indiferencia social\u00bb, y \u00abcondescendencia\u00bb cuando se trata se trata de personas famosas.<\/p>\n<p>\u00abParece que se respeta m\u00e1s a la gente cuando es famosa\u00bb, critica, refiri\u00e9ndose tambi\u00e9n al caso de fraude que afecta a Leo Messi, o a la infanta Cristina, juzgada por el Caso N\u00f3os.<\/p>\n<p>INSPIRACI\u00d3N EN EL TELEDIARIO<\/p>\n<p>Las noticias de sucesos de los telediarios han sido la principal fuente de inspiraci\u00f3n del autor para construir esta novela. \u00abTodos los d\u00edas nos dan informaci\u00f3n sobre este tema\u00bb, se\u00f1ala. \u00abSiempre es igual: cazan a mujeres de otros pa\u00edses y las convencen para ir a trabajar al extranjero. Yo lo recojo, lo novelo y le doy una soluci\u00f3n individual\u00bb, a\u00f1ade.<\/p>\n<p>No obstante, matiza que su intenci\u00f3n era m\u00e1s construir una historia personal que un documento sobre las redes internacionales de prostituci\u00f3n. \u00abQuer\u00eda contar la historia personal de un hombre que tiene una vida tranquila y que por tomar una decisi\u00f3n \u00e9tica se acaba metiendo en un l\u00edo tremendo del que es muy dif\u00edcil salir\u00bb, comenta Garc\u00eda Oliva.<\/p>\n<p>Sit\u00faa la historia dentro del espectro de la novela negra, \u00abm\u00e1s por el ambiente que por los cr\u00edmenes, si bien acaba derivando en una cuesti\u00f3n m\u00e1s personal, de alguien que quiere saber por qu\u00e9 lo enga\u00f1aron y por qu\u00e9 hizo el payaso\u00bb.<\/p>\n<p>&#8216;La vida de siempre&#8217; llega precisamente en una \u00e9poca de &#8216;boom&#8217; de la novela negra a nivel internacional, que sin embargo contrasta con la menor producci\u00f3n en el caso de la lengua asturiana. El autor recuerda que la explosi\u00f3n del g\u00e9nero en la &#8216;llingua&#8217; propia fue en los a\u00f1os 90. \u00abSurgimos un grupo de ocho o diez escritores\u00bb, recuerda, entre los que menciona a Xandru Fern\u00e1ndez, a Dolfu Camilo, a Nel Amaro. \u00abNos pill\u00f3 una \u00e9poca importante de cambio, con la desmantelamiento de Asturias, el cierre de los astilleros y las minas, los problemas en la siderurgia\u00bb.<\/p>\n<p>\u00abY todo coincidi\u00f3 con un cambio generacional porque empez\u00f3 a escribir gente m\u00e1s joven, desencantada con la transici\u00f3n, y con una polic\u00eda y unos jueces que segu\u00edan siendo bastante corruptos\u00bb, se\u00f1ala. En su opini\u00f3n, \u00abeso se presta mucho para la novela negra\u00bb. En cualquier caso, recuerda que sigue habiendo producci\u00f3n. Ejemplifica con &#8216;Sangre na bra\u00f1a&#8217;, de Roberto Gonz\u00e1lez Quevedo, publicada en 2012.<\/p>\n<p>&nbsp;<\/p>\n","protected":false},"excerpt":{"rendered":"<p>El escritor Vicente Garc\u00eda Oliva ha criticado esta semana la \u00abpasividad social y pol\u00edtica\u00bb y la \u00abcondescendencia general\u00bb hacia personas implicadas en presuntos delitos cuando son famosos. \u00abDe Gea, Messi o la Infanta ser\u00edan de los malos seguro en &#8216;La vida de siempre&#8217;\u00bb, ha ironizado, en referencia a su \u00faltima novela. En declaraciones a Europa<\/p>\n","protected":false},"author":1,"featured_media":31179,"comment_status":"closed","ping_status":"closed","sticky":false,"template":"","format":"standard","meta":{"footnotes":""},"categories":[343],"tags":[],"class_list":{"0":"post-31178","1":"post","2":"type-post","3":"status-publish","4":"format-standard","5":"has-post-thumbnail","7":"category-actualidad"},"aioseo_notices":[],"aioseo_head":"\n\t\t<!-- All in One SEO Pro 4.9.6.2 - aioseo.com -->\n\t<meta name=\"description\" content=\"El escritor Vicente Garc\u00eda Oliva ha criticado esta semana la &quot;pasividad social y pol\u00edtica&quot; y la &quot;condescendencia general&quot; hacia personas implicadas en presuntos delitos cuando son famosos. &quot;De Gea, Messi o la Infanta ser\u00edan de los malos seguro en &#039;La vida de siempre&#039;&quot;, ha ironizado, en referencia a su \u00faltima novela. En declaraciones a Europa\" \/>\n\t<meta name=\"robots\" content=\"max-image-preview:large\" \/>\n\t<meta name=\"author\" content=\"Cand\u00e1s 365\"\/>\n\t<meta name=\"google-site-verification\" content=\"UA-32230408-1\" \/>\n\t<meta name=\"msvalidate.01\" content=\"354F3CDFB2DA171B47FBE9ABF1F88D5\" \/>\n\t<meta name=\"keywords\" content=\"actualidad\" \/>\n\t<link rel=\"canonical\" href=\"https:\/\/candas365.es\/noticias\/la-vida-de-siempre-de-vicente-garcia-oliva\/\" \/>\n\t<meta name=\"generator\" content=\"All in One SEO Pro (AIOSEO) 4.9.6.2\" \/>\n\t\t<meta property=\"og:locale\" content=\"es_ES\" \/>\n\t\t<meta property=\"og:site_name\" content=\"Cand\u00e1s 365\" \/>\n\t\t<meta property=\"og:type\" content=\"article\" \/>\n\t\t<meta property=\"og:title\" content=\"\u00abLa vida de siempre\u00bb de Vicente Garc\u00eda Oliva | Cand\u00e1s 365\" \/>\n\t\t<meta property=\"og:description\" content=\"El escritor Vicente Garc\u00eda Oliva ha criticado esta semana la &quot;pasividad social y pol\u00edtica&quot; y la &quot;condescendencia general&quot; hacia personas implicadas en presuntos delitos cuando son famosos. &quot;De Gea, Messi o la Infanta ser\u00edan de los malos seguro en &#039;La vida de siempre&#039;&quot;, ha ironizado, en referencia a su \u00faltima novela. En declaraciones a Europa\" \/>\n\t\t<meta property=\"og:url\" content=\"https:\/\/candas365.es\/noticias\/la-vida-de-siempre-de-vicente-garcia-oliva\/\" \/>\n\t\t<meta property=\"og:image\" content=\"https:\/\/candas365.es\/noticias\/wp-content\/uploads\/2016\/06\/fotonoticia_20160624130130_800.jpg\" \/>\n\t\t<meta property=\"og:image:secure_url\" content=\"https:\/\/candas365.es\/noticias\/wp-content\/uploads\/2016\/06\/fotonoticia_20160624130130_800.jpg\" \/>\n\t\t<meta property=\"og:image:width\" content=\"800\" \/>\n\t\t<meta property=\"og:image:height\" content=\"640\" \/>\n\t\t<meta property=\"article:published_time\" content=\"2016-06-24T22:52:18+00:00\" \/>\n\t\t<meta property=\"article:modified_time\" content=\"2016-06-24T22:52:18+00:00\" \/>\n\t\t<meta property=\"article:publisher\" content=\"https:\/\/www.facebook.com\/Nachofdezber\" \/>\n\t\t<meta property=\"article:author\" content=\"https:\/\/www.facebook.com\/carrenoactualidad\" \/>\n\t\t<meta name=\"twitter:card\" content=\"summary_large_image\" \/>\n\t\t<meta name=\"twitter:site\" content=\"@NabercoDigital\" \/>\n\t\t<meta name=\"twitter:title\" content=\"\u00abLa vida de siempre\u00bb de Vicente Garc\u00eda Oliva | Cand\u00e1s 365\" \/>\n\t\t<meta name=\"twitter:description\" content=\"El escritor Vicente Garc\u00eda Oliva ha criticado esta semana la &quot;pasividad social y pol\u00edtica&quot; y la &quot;condescendencia general&quot; hacia personas implicadas en presuntos delitos cuando son famosos. &quot;De Gea, Messi o la Infanta ser\u00edan de los malos seguro en &#039;La vida de siempre&#039;&quot;, ha ironizado, en referencia a su \u00faltima novela. En declaraciones a Europa\" \/>\n\t\t<meta name=\"twitter:creator\" content=\"@nbasturias\" \/>\n\t\t<meta name=\"twitter:image\" content=\"https:\/\/candas365.es\/noticias\/wp-content\/uploads\/2016\/06\/fotonoticia_20160624130130_800.jpg\" \/>\n\t\t<meta name=\"twitter:label1\" content=\"Escrito por\" \/>\n\t\t<meta name=\"twitter:data1\" content=\"Cand\u00e1s 365\" \/>\n\t\t<meta name=\"twitter:label2\" content=\"Tiempo de lectura estimado\" \/>\n\t\t<meta name=\"twitter:data2\" content=\"3 minutos\" \/>\n\t\t<script type=\"application\/ld+json\" class=\"aioseo-schema\">\n\t\t\t{\"@context\":\"https:\\\/\\\/schema.org\",\"@graph\":[{\"@type\":\"BreadcrumbList\",\"@id\":\"https:\\\/\\\/candas365.es\\\/noticias\\\/la-vida-de-siempre-de-vicente-garcia-oliva\\\/#breadcrumblist\",\"itemListElement\":[{\"@type\":\"ListItem\",\"@id\":\"https:\\\/\\\/candas365.es\\\/noticias#listItem\",\"position\":1,\"name\":\"Home\",\"item\":\"https:\\\/\\\/candas365.es\\\/noticias\",\"nextItem\":{\"@type\":\"ListItem\",\"@id\":\"https:\\\/\\\/candas365.es\\\/noticias\\\/category\\\/actualidad\\\/#listItem\",\"name\":\"Actualidad\"}},{\"@type\":\"ListItem\",\"@id\":\"https:\\\/\\\/candas365.es\\\/noticias\\\/category\\\/actualidad\\\/#listItem\",\"position\":2,\"name\":\"Actualidad\",\"item\":\"https:\\\/\\\/candas365.es\\\/noticias\\\/category\\\/actualidad\\\/\",\"nextItem\":{\"@type\":\"ListItem\",\"@id\":\"https:\\\/\\\/candas365.es\\\/noticias\\\/la-vida-de-siempre-de-vicente-garcia-oliva\\\/#listItem\",\"name\":\"\\u00abLa vida de siempre\\u00bb de Vicente Garc\\u00eda Oliva\"},\"previousItem\":{\"@type\":\"ListItem\",\"@id\":\"https:\\\/\\\/candas365.es\\\/noticias#listItem\",\"name\":\"Home\"}},{\"@type\":\"ListItem\",\"@id\":\"https:\\\/\\\/candas365.es\\\/noticias\\\/la-vida-de-siempre-de-vicente-garcia-oliva\\\/#listItem\",\"position\":3,\"name\":\"\\u00abLa vida de siempre\\u00bb de Vicente Garc\\u00eda Oliva\",\"previousItem\":{\"@type\":\"ListItem\",\"@id\":\"https:\\\/\\\/candas365.es\\\/noticias\\\/category\\\/actualidad\\\/#listItem\",\"name\":\"Actualidad\"}}]},{\"@type\":\"NewsArticle\",\"@id\":\"https:\\\/\\\/candas365.es\\\/noticias\\\/la-vida-de-siempre-de-vicente-garcia-oliva\\\/#newsarticle\",\"name\":\"\\u00abLa vida de siempre\\u00bb de Vicente Garc\\u00eda Oliva | Cand\\u00e1s 365\",\"headline\":\"\\u00abLa vida de siempre\\u00bb de Vicente Garc\\u00eda Oliva\",\"author\":{\"@id\":\"https:\\\/\\\/candas365.es\\\/noticias\\\/author\\\/admin\\\/#author\"},\"publisher\":{\"@id\":\"https:\\\/\\\/candas365.es\\\/noticias\\\/#organization\"},\"image\":{\"@type\":\"ImageObject\",\"url\":\"https:\\\/\\\/candas365.es\\\/noticias\\\/wp-content\\\/uploads\\\/2016\\\/06\\\/fotonoticia_20160624130130_800.jpg\",\"width\":800,\"height\":640},\"datePublished\":\"2016-06-25T00:22:18+02:00\",\"dateModified\":\"2016-06-25T00:22:18+02:00\",\"inLanguage\":\"es-ES\",\"mainEntityOfPage\":{\"@id\":\"https:\\\/\\\/candas365.es\\\/noticias\\\/la-vida-de-siempre-de-vicente-garcia-oliva\\\/#webpage\"},\"isPartOf\":{\"@id\":\"https:\\\/\\\/candas365.es\\\/noticias\\\/la-vida-de-siempre-de-vicente-garcia-oliva\\\/#webpage\"},\"articleSection\":\"Actualidad\",\"dateline\":\"Publicado el junio 25, 2016.\"},{\"@type\":\"Organization\",\"@id\":\"https:\\\/\\\/candas365.es\\\/noticias\\\/#organization\",\"name\":\"Cand\\u00e1s 365\",\"description\":\"Cand\\u00e1s 365 es un diario digital independiente, fundado en 2012, con base en Asturias. Informamos con rigor sobre actualidad, sociedad, cultura y ocio, con una mirada local y global.\",\"url\":\"https:\\\/\\\/candas365.es\\\/noticias\\\/\",\"email\":\"info@candas365.es\",\"telephone\":\"+34652131393\",\"foundingDate\":\"2012-06-10\",\"logo\":{\"@type\":\"ImageObject\",\"url\":\"https:\\\/\\\/candas365.es\\\/noticias\\\/wp-content\\\/uploads\\\/2024\\\/09\\\/Candas-365-Redes.jpg\",\"@id\":\"https:\\\/\\\/candas365.es\\\/noticias\\\/la-vida-de-siempre-de-vicente-garcia-oliva\\\/#organizationLogo\",\"width\":1152,\"height\":864,\"caption\":\"Cand\\u00e1s 365 Redes\"},\"image\":{\"@id\":\"https:\\\/\\\/candas365.es\\\/noticias\\\/la-vida-de-siempre-de-vicente-garcia-oliva\\\/#organizationLogo\"},\"sameAs\":[\"https:\\\/\\\/www.facebook.com\\\/Nachofdezber\",\"https:\\\/\\\/x.com\\\/NabercoDigital\",\"https:\\\/\\\/www.instagram.com\\\/nachofdezber\\\/\",\"https:\\\/\\\/www.youtube.com\\\/channel\\\/UCZP-2wLEB9Rv6erhFmqVnvg\"],\"address\":{\"@id\":\"https:\\\/\\\/candas365.es\\\/noticias\\\/#postaladdress\",\"@type\":\"PostalAddress\",\"streetAddress\":\"san antonio 4, san antonio 4\",\"postalCode\":\"33430\",\"addressLocality\":\"Cand\\u00e1s\",\"addressRegion\":\"Asturias\",\"addressCountry\":\"ES\"}},{\"@type\":\"Person\",\"@id\":\"https:\\\/\\\/candas365.es\\\/noticias\\\/author\\\/admin\\\/#author\",\"url\":\"https:\\\/\\\/candas365.es\\\/noticias\\\/author\\\/admin\\\/\",\"name\":\"Cand\\u00e1s 365\",\"image\":{\"@type\":\"ImageObject\",\"@id\":\"https:\\\/\\\/candas365.es\\\/noticias\\\/la-vida-de-siempre-de-vicente-garcia-oliva\\\/#authorImage\",\"url\":\"https:\\\/\\\/secure.gravatar.com\\\/avatar\\\/496a8e03d0c493ede1718b7934145dbdf8d89be1036b0eec9544e1094c9de390?s=96&d=mm&r=g\",\"width\":96,\"height\":96,\"caption\":\"Cand\\u00e1s 365\"},\"sameAs\":[\"https:\\\/\\\/www.facebook.com\\\/carrenoactualidad\",\"https:\\\/\\\/twitter.com\\\/nbasturias\",\"https:\\\/\\\/www.instagram.com\\\/nachofdezber\\\/\",\"https:\\\/\\\/www.youtube.com\\\/channel\\\/UCZP-2wLEB9Rv6erhFmqVnvg\"]},{\"@type\":\"WebPage\",\"@id\":\"https:\\\/\\\/candas365.es\\\/noticias\\\/la-vida-de-siempre-de-vicente-garcia-oliva\\\/#webpage\",\"url\":\"https:\\\/\\\/candas365.es\\\/noticias\\\/la-vida-de-siempre-de-vicente-garcia-oliva\\\/\",\"name\":\"\\u00abLa vida de siempre\\u00bb de Vicente Garc\\u00eda Oliva | Cand\\u00e1s 365\",\"description\":\"El escritor Vicente Garc\\u00eda Oliva ha criticado esta semana la \\\"pasividad social y pol\\u00edtica\\\" y la \\\"condescendencia general\\\" hacia personas implicadas en presuntos delitos cuando son famosos. \\\"De Gea, Messi o la Infanta ser\\u00edan de los malos seguro en 'La vida de siempre'\\\", ha ironizado, en referencia a su \\u00faltima novela. En declaraciones a Europa\",\"inLanguage\":\"es-ES\",\"isPartOf\":{\"@id\":\"https:\\\/\\\/candas365.es\\\/noticias\\\/#website\"},\"breadcrumb\":{\"@id\":\"https:\\\/\\\/candas365.es\\\/noticias\\\/la-vida-de-siempre-de-vicente-garcia-oliva\\\/#breadcrumblist\"},\"author\":{\"@id\":\"https:\\\/\\\/candas365.es\\\/noticias\\\/author\\\/admin\\\/#author\"},\"creator\":{\"@id\":\"https:\\\/\\\/candas365.es\\\/noticias\\\/author\\\/admin\\\/#author\"},\"image\":{\"@type\":\"ImageObject\",\"url\":\"https:\\\/\\\/candas365.es\\\/noticias\\\/wp-content\\\/uploads\\\/2016\\\/06\\\/fotonoticia_20160624130130_800.jpg\",\"@id\":\"https:\\\/\\\/candas365.es\\\/noticias\\\/la-vida-de-siempre-de-vicente-garcia-oliva\\\/#mainImage\",\"width\":800,\"height\":640},\"primaryImageOfPage\":{\"@id\":\"https:\\\/\\\/candas365.es\\\/noticias\\\/la-vida-de-siempre-de-vicente-garcia-oliva\\\/#mainImage\"},\"datePublished\":\"2016-06-25T00:22:18+02:00\",\"dateModified\":\"2016-06-25T00:22:18+02:00\"},{\"@type\":\"WebSite\",\"@id\":\"https:\\\/\\\/candas365.es\\\/noticias\\\/#website\",\"url\":\"https:\\\/\\\/candas365.es\\\/noticias\\\/\",\"name\":\"Cand\\u00e1s 365\",\"alternateName\":\"Cand\\u00e1s 365 Noticias\",\"description\":\"Actualidad desde Carre\\u00f1o para el mundo\",\"inLanguage\":\"es-ES\",\"publisher\":{\"@id\":\"https:\\\/\\\/candas365.es\\\/noticias\\\/#organization\"}}]}\n\t\t<\/script>\n\t\t<!-- All in One SEO Pro -->\r\n\t\t<title>\u00abLa vida de siempre\u00bb de Vicente Garc\u00eda Oliva | Cand\u00e1s 365<\/title>\n\n","aioseo_head_json":{"title":"\u00abLa vida de siempre\u00bb de Vicente Garc\u00eda Oliva | Cand\u00e1s 365","description":"El escritor Vicente Garc\u00eda Oliva ha criticado esta semana la \"pasividad social y pol\u00edtica\" y la \"condescendencia general\" hacia personas implicadas en presuntos delitos cuando son famosos. \"De Gea, Messi o la Infanta ser\u00edan de los malos seguro en 'La vida de siempre'\", ha ironizado, en referencia a su \u00faltima novela. En declaraciones a Europa","canonical_url":"https:\/\/candas365.es\/noticias\/la-vida-de-siempre-de-vicente-garcia-oliva\/","robots":"max-image-preview:large","keywords":"actualidad","webmasterTools":{"google-site-verification":"UA-32230408-1","msvalidate.01":"354F3CDFB2DA171B47FBE9ABF1F88D5","miscellaneous":""},"schema":{"@context":"https:\/\/schema.org","@graph":[{"@type":"BreadcrumbList","@id":"https:\/\/candas365.es\/noticias\/la-vida-de-siempre-de-vicente-garcia-oliva\/#breadcrumblist","itemListElement":[{"@type":"ListItem","@id":"https:\/\/candas365.es\/noticias#listItem","position":1,"name":"Home","item":"https:\/\/candas365.es\/noticias","nextItem":{"@type":"ListItem","@id":"https:\/\/candas365.es\/noticias\/category\/actualidad\/#listItem","name":"Actualidad"}},{"@type":"ListItem","@id":"https:\/\/candas365.es\/noticias\/category\/actualidad\/#listItem","position":2,"name":"Actualidad","item":"https:\/\/candas365.es\/noticias\/category\/actualidad\/","nextItem":{"@type":"ListItem","@id":"https:\/\/candas365.es\/noticias\/la-vida-de-siempre-de-vicente-garcia-oliva\/#listItem","name":"\u00abLa vida de siempre\u00bb de Vicente Garc\u00eda Oliva"},"previousItem":{"@type":"ListItem","@id":"https:\/\/candas365.es\/noticias#listItem","name":"Home"}},{"@type":"ListItem","@id":"https:\/\/candas365.es\/noticias\/la-vida-de-siempre-de-vicente-garcia-oliva\/#listItem","position":3,"name":"\u00abLa vida de siempre\u00bb de Vicente Garc\u00eda Oliva","previousItem":{"@type":"ListItem","@id":"https:\/\/candas365.es\/noticias\/category\/actualidad\/#listItem","name":"Actualidad"}}]},{"@type":"NewsArticle","@id":"https:\/\/candas365.es\/noticias\/la-vida-de-siempre-de-vicente-garcia-oliva\/#newsarticle","name":"\u00abLa vida de siempre\u00bb de Vicente Garc\u00eda Oliva | Cand\u00e1s 365","headline":"\u00abLa vida de siempre\u00bb de Vicente Garc\u00eda Oliva","author":{"@id":"https:\/\/candas365.es\/noticias\/author\/admin\/#author"},"publisher":{"@id":"https:\/\/candas365.es\/noticias\/#organization"},"image":{"@type":"ImageObject","url":"https:\/\/candas365.es\/noticias\/wp-content\/uploads\/2016\/06\/fotonoticia_20160624130130_800.jpg","width":800,"height":640},"datePublished":"2016-06-25T00:22:18+02:00","dateModified":"2016-06-25T00:22:18+02:00","inLanguage":"es-ES","mainEntityOfPage":{"@id":"https:\/\/candas365.es\/noticias\/la-vida-de-siempre-de-vicente-garcia-oliva\/#webpage"},"isPartOf":{"@id":"https:\/\/candas365.es\/noticias\/la-vida-de-siempre-de-vicente-garcia-oliva\/#webpage"},"articleSection":"Actualidad","dateline":"Publicado el junio 25, 2016."},{"@type":"Organization","@id":"https:\/\/candas365.es\/noticias\/#organization","name":"Cand\u00e1s 365","description":"Cand\u00e1s 365 es un diario digital independiente, fundado en 2012, con base en Asturias. Informamos con rigor sobre actualidad, sociedad, cultura y ocio, con una mirada local y global.","url":"https:\/\/candas365.es\/noticias\/","email":"info@candas365.es","telephone":"+34652131393","foundingDate":"2012-06-10","logo":{"@type":"ImageObject","url":"https:\/\/candas365.es\/noticias\/wp-content\/uploads\/2024\/09\/Candas-365-Redes.jpg","@id":"https:\/\/candas365.es\/noticias\/la-vida-de-siempre-de-vicente-garcia-oliva\/#organizationLogo","width":1152,"height":864,"caption":"Cand\u00e1s 365 Redes"},"image":{"@id":"https:\/\/candas365.es\/noticias\/la-vida-de-siempre-de-vicente-garcia-oliva\/#organizationLogo"},"sameAs":["https:\/\/www.facebook.com\/Nachofdezber","https:\/\/x.com\/NabercoDigital","https:\/\/www.instagram.com\/nachofdezber\/","https:\/\/www.youtube.com\/channel\/UCZP-2wLEB9Rv6erhFmqVnvg"],"address":{"@id":"https:\/\/candas365.es\/noticias\/#postaladdress","@type":"PostalAddress","streetAddress":"san antonio 4, san antonio 4","postalCode":"33430","addressLocality":"Cand\u00e1s","addressRegion":"Asturias","addressCountry":"ES"}},{"@type":"Person","@id":"https:\/\/candas365.es\/noticias\/author\/admin\/#author","url":"https:\/\/candas365.es\/noticias\/author\/admin\/","name":"Cand\u00e1s 365","image":{"@type":"ImageObject","@id":"https:\/\/candas365.es\/noticias\/la-vida-de-siempre-de-vicente-garcia-oliva\/#authorImage","url":"https:\/\/secure.gravatar.com\/avatar\/496a8e03d0c493ede1718b7934145dbdf8d89be1036b0eec9544e1094c9de390?s=96&d=mm&r=g","width":96,"height":96,"caption":"Cand\u00e1s 365"},"sameAs":["https:\/\/www.facebook.com\/carrenoactualidad","https:\/\/twitter.com\/nbasturias","https:\/\/www.instagram.com\/nachofdezber\/","https:\/\/www.youtube.com\/channel\/UCZP-2wLEB9Rv6erhFmqVnvg"]},{"@type":"WebPage","@id":"https:\/\/candas365.es\/noticias\/la-vida-de-siempre-de-vicente-garcia-oliva\/#webpage","url":"https:\/\/candas365.es\/noticias\/la-vida-de-siempre-de-vicente-garcia-oliva\/","name":"\u00abLa vida de siempre\u00bb de Vicente Garc\u00eda Oliva | Cand\u00e1s 365","description":"El escritor Vicente Garc\u00eda Oliva ha criticado esta semana la \"pasividad social y pol\u00edtica\" y la \"condescendencia general\" hacia personas implicadas en presuntos delitos cuando son famosos. \"De Gea, Messi o la Infanta ser\u00edan de los malos seguro en 'La vida de siempre'\", ha ironizado, en referencia a su \u00faltima novela. En declaraciones a Europa","inLanguage":"es-ES","isPartOf":{"@id":"https:\/\/candas365.es\/noticias\/#website"},"breadcrumb":{"@id":"https:\/\/candas365.es\/noticias\/la-vida-de-siempre-de-vicente-garcia-oliva\/#breadcrumblist"},"author":{"@id":"https:\/\/candas365.es\/noticias\/author\/admin\/#author"},"creator":{"@id":"https:\/\/candas365.es\/noticias\/author\/admin\/#author"},"image":{"@type":"ImageObject","url":"https:\/\/candas365.es\/noticias\/wp-content\/uploads\/2016\/06\/fotonoticia_20160624130130_800.jpg","@id":"https:\/\/candas365.es\/noticias\/la-vida-de-siempre-de-vicente-garcia-oliva\/#mainImage","width":800,"height":640},"primaryImageOfPage":{"@id":"https:\/\/candas365.es\/noticias\/la-vida-de-siempre-de-vicente-garcia-oliva\/#mainImage"},"datePublished":"2016-06-25T00:22:18+02:00","dateModified":"2016-06-25T00:22:18+02:00"},{"@type":"WebSite","@id":"https:\/\/candas365.es\/noticias\/#website","url":"https:\/\/candas365.es\/noticias\/","name":"Cand\u00e1s 365","alternateName":"Cand\u00e1s 365 Noticias","description":"Actualidad desde Carre\u00f1o para el mundo","inLanguage":"es-ES","publisher":{"@id":"https:\/\/candas365.es\/noticias\/#organization"}}]},"og:locale":"es_ES","og:site_name":"Cand\u00e1s 365","og:type":"article","og:title":"\u00abLa vida de siempre\u00bb de Vicente Garc\u00eda Oliva | Cand\u00e1s 365","og:description":"El escritor Vicente Garc\u00eda Oliva ha criticado esta semana la &quot;pasividad social y pol\u00edtica&quot; y la &quot;condescendencia general&quot; hacia personas implicadas en presuntos delitos cuando son famosos. &quot;De Gea, Messi o la Infanta ser\u00edan de los malos seguro en 'La vida de siempre'&quot;, ha ironizado, en referencia a su \u00faltima novela. En declaraciones a Europa","og:url":"https:\/\/candas365.es\/noticias\/la-vida-de-siempre-de-vicente-garcia-oliva\/","og:image":"https:\/\/candas365.es\/noticias\/wp-content\/uploads\/2016\/06\/fotonoticia_20160624130130_800.jpg","og:image:secure_url":"https:\/\/candas365.es\/noticias\/wp-content\/uploads\/2016\/06\/fotonoticia_20160624130130_800.jpg","og:image:width":800,"og:image:height":640,"article:published_time":"2016-06-24T22:52:18+00:00","article:modified_time":"2016-06-24T22:52:18+00:00","article:publisher":"https:\/\/www.facebook.com\/Nachofdezber","article:author":"https:\/\/www.facebook.com\/carrenoactualidad","twitter:card":"summary_large_image","twitter:site":"@NabercoDigital","twitter:title":"\u00abLa vida de siempre\u00bb de Vicente Garc\u00eda Oliva | Cand\u00e1s 365","twitter:description":"El escritor Vicente Garc\u00eda Oliva ha criticado esta semana la &quot;pasividad social y pol\u00edtica&quot; y la &quot;condescendencia general&quot; hacia personas implicadas en presuntos delitos cuando son famosos. &quot;De Gea, Messi o la Infanta ser\u00edan de los malos seguro en 'La vida de siempre'&quot;, ha ironizado, en referencia a su \u00faltima novela. En declaraciones a Europa","twitter:creator":"@nbasturias","twitter:image":"https:\/\/candas365.es\/noticias\/wp-content\/uploads\/2016\/06\/fotonoticia_20160624130130_800.jpg","twitter:label1":"Escrito por","twitter:data1":"Cand\u00e1s 365","twitter:label2":"Tiempo de lectura estimado","twitter:data2":"3 minutos"},"aioseo_meta_data":{"post_id":"31178","title":null,"description":null,"keywords":null,"keyphrases":null,"primary_term":null,"canonical_url":null,"og_title":null,"og_description":null,"og_object_type":"default","og_image_type":"default","og_image_url":null,"og_image_width":null,"og_image_height":null,"og_image_custom_url":null,"og_image_custom_fields":null,"og_video":null,"og_custom_url":null,"og_article_section":null,"og_article_tags":null,"twitter_use_og":false,"twitter_card":"default","twitter_image_type":"default","twitter_image_url":null,"twitter_image_custom_url":null,"twitter_image_custom_fields":null,"twitter_title":null,"twitter_description":null,"schema":{"blockGraphs":[],"customGraphs":[],"default":{"data":{"Article":[],"Course":[],"Dataset":[],"FAQPage":[],"Movie":[],"Person":[],"Product":[],"ProductReview":[],"Car":[],"Recipe":[],"Service":[],"SoftwareApplication":[],"WebPage":[]},"graphName":"","isEnabled":true},"graphs":[],"defaultGraph":"","defaultPostTypeGraph":""},"schema_type":null,"schema_type_options":null,"pillar_content":false,"robots_default":true,"robots_noindex":false,"robots_noarchive":false,"robots_nosnippet":false,"robots_nofollow":false,"robots_noimageindex":false,"robots_noodp":false,"robots_notranslate":false,"robots_max_snippet":null,"robots_max_videopreview":null,"robots_max_imagepreview":"large","priority":null,"frequency":null,"location":null,"local_seo":null,"seo_analyzer_scan_date":"2025-08-24 13:32:09","breadcrumb_settings":null,"limit_modified_date":false,"reviewed_by":null,"open_ai":null,"ai":null,"created":"2020-12-21 13:00:18","updated":"2025-08-24 13:32:09"},"aioseo_breadcrumb":"<div class=\"aioseo-breadcrumbs\"><span class=\"aioseo-breadcrumb\">\n\t<a href=\"https:\/\/candas365.es\/noticias\" title=\"Home\">Home<\/a>\n<\/span><span class=\"aioseo-breadcrumb-separator\">&ndash;<\/span><span class=\"aioseo-breadcrumb\">\n\t<a href=\"https:\/\/candas365.es\/noticias\/category\/actualidad\/\" title=\"Actualidad\">Actualidad<\/a>\n<\/span><span class=\"aioseo-breadcrumb-separator\">&ndash;<\/span><span class=\"aioseo-breadcrumb\">\n\t\u00abLa vida de siempre\u00bb de Vicente Garc\u00eda Oliva\n<\/span><\/div>","aioseo_breadcrumb_json":[{"label":"Home","link":"https:\/\/candas365.es\/noticias"},{"label":"Actualidad","link":"https:\/\/candas365.es\/noticias\/category\/actualidad\/"},{"label":"\u00abLa vida de siempre\u00bb de Vicente Garc\u00eda Oliva","link":"https:\/\/candas365.es\/noticias\/la-vida-de-siempre-de-vicente-garcia-oliva\/"}],"_links":{"self":[{"href":"https:\/\/candas365.es\/noticias\/wp-json\/wp\/v2\/posts\/31178","targetHints":{"allow":["GET"]}}],"collection":[{"href":"https:\/\/candas365.es\/noticias\/wp-json\/wp\/v2\/posts"}],"about":[{"href":"https:\/\/candas365.es\/noticias\/wp-json\/wp\/v2\/types\/post"}],"author":[{"embeddable":true,"href":"https:\/\/candas365.es\/noticias\/wp-json\/wp\/v2\/users\/1"}],"replies":[{"embeddable":true,"href":"https:\/\/candas365.es\/noticias\/wp-json\/wp\/v2\/comments?post=31178"}],"version-history":[{"count":0,"href":"https:\/\/candas365.es\/noticias\/wp-json\/wp\/v2\/posts\/31178\/revisions"}],"wp:featuredmedia":[{"embeddable":true,"href":"https:\/\/candas365.es\/noticias\/wp-json\/wp\/v2\/media\/31179"}],"wp:attachment":[{"href":"https:\/\/candas365.es\/noticias\/wp-json\/wp\/v2\/media?parent=31178"}],"wp:term":[{"taxonomy":"category","embeddable":true,"href":"https:\/\/candas365.es\/noticias\/wp-json\/wp\/v2\/categories?post=31178"},{"taxonomy":"post_tag","embeddable":true,"href":"https:\/\/candas365.es\/noticias\/wp-json\/wp\/v2\/tags?post=31178"}],"curies":[{"name":"wp","href":"https:\/\/api.w.org\/{rel}","templated":true}]}}