{"id":31148,"date":"2016-06-24T01:02:23","date_gmt":"2016-06-23T23:32:23","guid":{"rendered":"http:\/\/candas365.es\/noticias\/?p=31148"},"modified":"2016-06-24T01:02:23","modified_gmt":"2016-06-23T23:32:23","slug":"la-marca-giti-llega-a-europa","status":"publish","type":"post","link":"https:\/\/candas365.es\/noticias\/la-marca-giti-llega-a-europa\/","title":{"rendered":"La marca Giti llega a Europa"},"content":{"rendered":"<p><img fetchpriority=\"high\" decoding=\"async\" class=\"alignleft size-medium wp-image-31149\" src=\"https:\/\/candas365.es\/noticias\/wp-content\/uploads\/2016\/06\/1466617005_Giti_sidewall-360x219.jpg\" alt=\"1466617005_Giti_sidewall\" width=\"360\" height=\"219\" srcset=\"https:\/\/candas365.es\/noticias\/wp-content\/uploads\/2016\/06\/1466617005_Giti_sidewall-360x219.jpg 360w, https:\/\/candas365.es\/noticias\/wp-content\/uploads\/2016\/06\/1466617005_Giti_sidewall-650x395.jpg 650w, https:\/\/candas365.es\/noticias\/wp-content\/uploads\/2016\/06\/1466617005_Giti_sidewall-768x466.jpg 768w, https:\/\/candas365.es\/noticias\/wp-content\/uploads\/2016\/06\/1466617005_Giti_sidewall-1536x932.jpg 1536w, https:\/\/candas365.es\/noticias\/wp-content\/uploads\/2016\/06\/1466617005_Giti_sidewall-2048x1243.jpg 2048w, https:\/\/candas365.es\/noticias\/wp-content\/uploads\/2016\/06\/1466617005_Giti_sidewall-150x91.jpg 150w, https:\/\/candas365.es\/noticias\/wp-content\/uploads\/2016\/06\/1466617005_Giti_sidewall-450x273.jpg 450w, https:\/\/candas365.es\/noticias\/wp-content\/uploads\/2016\/06\/1466617005_Giti_sidewall-1200x728.jpg 1200w, https:\/\/candas365.es\/noticias\/wp-content\/uploads\/2016\/06\/1466617005_Giti_sidewall-1920x1165.jpg 1920w, https:\/\/candas365.es\/noticias\/wp-content\/uploads\/2016\/06\/1466617005_Giti_sidewall-655x398.jpg 655w, https:\/\/candas365.es\/noticias\/wp-content\/uploads\/2016\/06\/1466617005_Giti_sidewall-696x422.jpg 696w, https:\/\/candas365.es\/noticias\/wp-content\/uploads\/2016\/06\/1466617005_Giti_sidewall-1068x648.jpg 1068w, https:\/\/candas365.es\/noticias\/wp-content\/uploads\/2016\/06\/1466617005_Giti_sidewall-692x420.jpg 692w\" sizes=\"(max-width: 360px) 100vw, 360px\" \/>La estrategia contempla el reemplazo de GT Radial a trav\u00e9s de la introducci\u00f3n de neum\u00e1ticos nuevos y del reetiquetado de los productos ya existentes. Comenzando de una manera inmediata se espera que el plan est\u00e9 totalmente implementado a finales del 2017.<\/p>\n<p>Giti Tire es actualmente el quinto productor de neum\u00e1ticos TBR en el mundo y opera en m\u00e1s de 130 mercados con contratos OE en todos los continentes; la decisi\u00f3n est\u00e1 dise\u00f1ada para ampliar el uso y el conocimiento de la marca Giti y crear una plataforma global y racional de desarrollo del producto.<\/p>\n<p>La compa\u00f1\u00eda cuenta con una completa combinaci\u00f3n global de neum\u00e1ticos: Combi Road, Larga Distancia, Regional, Servicio Mixto, Urbano y Winter, todos ellos recientemente mostrados en la feria de Reifen en Essen 2016, donde la Compa\u00f1\u00eda ha presentado los neum\u00e1ticos Giti GDR655 para tracci\u00f3n y los neum\u00e1ticos mixtos para direcci\u00f3n y remolque Giti GAM851.<\/p>\n<p>Daria Sala della Cuna, TBR Sales &amp; Marketing Director &#8211; Europa de Giti Tire, dice: \u00abEstamos ante un desarrollo muy emocionante que en \u00faltima instancia beneficiar\u00e1 sustancialmente a los usuarios finales as\u00ed como a los distribuidores del mercado europeo\u00bb.<\/p>\n<p>\u00abEl desarrollo de los neum\u00e1ticos TBR es un proceso largo, del que seremos capaces de racionalizar los esfuerzos en un n\u00famero inferior de marcas, garantizando al mismo tiempo que el producto cumpla con todos los requisitos de la legislaci\u00f3n europea y de otros mercados, lo que demuestra que estamos con las tecnolog\u00edas de \u00faltima generaci\u00f3n y podemos llevarlos al mercado mucho m\u00e1s r\u00e1pido\u00bb.<\/p>\n<p>\u00abAdem\u00e1s, los neum\u00e1ticos Giti est\u00e1n presentes en el equipamiento original de camiones, trailer y autobuses de muchos fabricantes del mundo, y las exportaciones de estos veh\u00edculos contin\u00faan creciendo, por lo que tambi\u00e9n crece nuestro mercado de reposici\u00f3n\u00bb.<\/p>\n<p>En las pr\u00f3ximas semanas y meses, se continuar\u00e1 informando sobre Giti TBR, habr\u00e1 nuevas l\u00edneas de producto, se confirmar\u00e1 el cambio de nombre de los neum\u00e1ticos GT Radial, nuevas medidas y mejora en las certificaciones. Durante este per\u00edodo el desarrollo de producto continuar\u00e1 a un ritmo acelerado. \u00abNo hay fechas establecidas para la introducci\u00f3n de los productos de la marca Giti en el mercado europeo; ser\u00e1n tra\u00eddos en base a las necesidades del mercado y la disponibilidad de fabricaci\u00f3n\u00bb.<\/p>\n<p>\u00abEstamos convencidos que esta decisi\u00f3n va a dar a nuestros usuarios finales unos productos continuamente maximizados para lograr un menor coste por kil\u00f3metro en sus operaciones; y a nuestros distribuidores una nueva e interesante herramienta para trabajar en el mercado europeo\u00bb, afirma Daria Sala. \u00abEsta es una decisi\u00f3n que ha llevado muchos a\u00f1os y creemos que finalmente resultar\u00e1 exitosa para mejorar la calidad de nuestros neum\u00e1ticos, capacidades de I+D, reputaci\u00f3n, servicios de valor a\u00f1adido y todos los aspectos que exigen nuestros clientes &#8211; la marca Giti se convierte as\u00ed en sin\u00f3nimo de calidad\u00bb.<\/p>\n<p><strong>Sobre Giti Tire<\/strong><\/p>\n<p>Giti Tire es uno de los mayores fabricantes de neum\u00e1ticos del mundo en t\u00e9rminos de volumen e ingresos. Con un portfolio de marcas que incluyen Giti, GT Radial, Primewell y Runway, la Compa\u00f1\u00eda ofrece una gama completa de productos para Europa, incluyendo neum\u00e1ticos de turismo, SUV, furgoneta, cami\u00f3n ligero (PCR) cami\u00f3n pesado y neum\u00e1ticos de autob\u00fas (TBR).<\/p>\n<p>Giti Tire se centra en la creaci\u00f3n de alianzas sostenibles con distribuidores, mayoristas, minoristas, flotas de camiones y autobuses, fabricantes de veh\u00edculos y otras empresas l\u00edderes de la industria y organizaciones a los que proporciona productos de alta calidad con un servicio excelente.<\/p>\n<p>Fundada en 1993 y con sede en Singapur, la Compa\u00f1\u00eda cuenta con m\u00e1s de 34.000 empleados a nivel mundial y distribuye a m\u00e1s de 130 pa\u00edses. Giti Tire cuenta con instalaciones, en donde se desarrollan las \u00faltimas tecnolog\u00edas I+D, en Europa en Hannover, Alemania, as\u00ed como el reconocido centro de MIRA en el Reino Unido, en colaboraci\u00f3n con otros centros de investigaci\u00f3n y desarrollo a nivel mundial en China, Indonesia y EE.UU.<\/p>\n<p>Giti Tire est\u00e1 plenamente comprometido a mantener el m\u00e1s alto est\u00e1ndar en los procedimientos de control de calidad y ha obtenido la certificaci\u00f3n ISO \/ TS 16949: 2009 para la totalidad de sus siete plantas de fabricaci\u00f3n. Todas las plantas que suministran a Europa han obtenido la Acreditaci\u00f3n de Sistema de Gesti\u00f3n Ambiental ISO 14001.<\/p>\n","protected":false},"excerpt":{"rendered":"<p>La estrategia contempla el reemplazo de GT Radial a trav\u00e9s de la introducci\u00f3n de neum\u00e1ticos nuevos y del reetiquetado de los productos ya existentes. Comenzando de una manera inmediata se espera que el plan est\u00e9 totalmente implementado a finales del 2017. Giti Tire es actualmente el quinto productor de neum\u00e1ticos TBR en el mundo y<\/p>\n","protected":false},"author":1,"featured_media":31149,"comment_status":"closed","ping_status":"closed","sticky":false,"template":"","format":"standard","meta":{"footnotes":""},"categories":[343],"tags":[],"class_list":{"0":"post-31148","1":"post","2":"type-post","3":"status-publish","4":"format-standard","5":"has-post-thumbnail","7":"category-actualidad"},"aioseo_notices":[],"aioseo_head":"\n\t\t<!-- All in One SEO Pro 4.9.6.2 - aioseo.com -->\n\t<meta name=\"description\" content=\"La estrategia contempla el reemplazo de GT Radial a trav\u00e9s de la introducci\u00f3n de neum\u00e1ticos nuevos y del reetiquetado de los productos ya existentes. Comenzando de una manera inmediata se espera que el plan est\u00e9 totalmente implementado a finales del 2017. Giti Tire es actualmente el quinto productor de neum\u00e1ticos TBR en el mundo y\" \/>\n\t<meta name=\"robots\" content=\"max-image-preview:large\" \/>\n\t<meta name=\"author\" content=\"Cand\u00e1s 365\"\/>\n\t<meta name=\"google-site-verification\" content=\"UA-32230408-1\" \/>\n\t<meta name=\"msvalidate.01\" content=\"354F3CDFB2DA171B47FBE9ABF1F88D5\" \/>\n\t<meta name=\"keywords\" content=\"actualidad\" \/>\n\t<link rel=\"canonical\" href=\"https:\/\/candas365.es\/noticias\/la-marca-giti-llega-a-europa\/\" \/>\n\t<meta name=\"generator\" content=\"All in One SEO Pro (AIOSEO) 4.9.6.2\" \/>\n\t\t<meta property=\"og:locale\" content=\"es_ES\" \/>\n\t\t<meta property=\"og:site_name\" content=\"Cand\u00e1s 365\" \/>\n\t\t<meta property=\"og:type\" content=\"article\" \/>\n\t\t<meta property=\"og:title\" content=\"La marca Giti llega a Europa | Cand\u00e1s 365\" \/>\n\t\t<meta property=\"og:description\" content=\"La estrategia contempla el reemplazo de GT Radial a trav\u00e9s de la introducci\u00f3n de neum\u00e1ticos nuevos y del reetiquetado de los productos ya existentes. Comenzando de una manera inmediata se espera que el plan est\u00e9 totalmente implementado a finales del 2017. Giti Tire es actualmente el quinto productor de neum\u00e1ticos TBR en el mundo y\" \/>\n\t\t<meta property=\"og:url\" content=\"https:\/\/candas365.es\/noticias\/la-marca-giti-llega-a-europa\/\" \/>\n\t\t<meta property=\"og:image\" content=\"https:\/\/candas365.es\/noticias\/wp-content\/uploads\/2016\/06\/1466617005_Giti_sidewall.jpg\" \/>\n\t\t<meta property=\"og:image:secure_url\" content=\"https:\/\/candas365.es\/noticias\/wp-content\/uploads\/2016\/06\/1466617005_Giti_sidewall.jpg\" \/>\n\t\t<meta property=\"og:image:width\" content=\"2252\" \/>\n\t\t<meta property=\"og:image:height\" content=\"1367\" \/>\n\t\t<meta property=\"article:published_time\" content=\"2016-06-23T23:32:23+00:00\" \/>\n\t\t<meta property=\"article:modified_time\" content=\"2016-06-23T23:32:23+00:00\" \/>\n\t\t<meta property=\"article:publisher\" content=\"https:\/\/www.facebook.com\/Nachofdezber\" \/>\n\t\t<meta property=\"article:author\" content=\"https:\/\/www.facebook.com\/carrenoactualidad\" \/>\n\t\t<meta name=\"twitter:card\" content=\"summary_large_image\" \/>\n\t\t<meta name=\"twitter:site\" content=\"@NabercoDigital\" \/>\n\t\t<meta name=\"twitter:title\" content=\"La marca Giti llega a Europa | Cand\u00e1s 365\" \/>\n\t\t<meta name=\"twitter:description\" content=\"La estrategia contempla el reemplazo de GT Radial a trav\u00e9s de la introducci\u00f3n de neum\u00e1ticos nuevos y del reetiquetado de los productos ya existentes. Comenzando de una manera inmediata se espera que el plan est\u00e9 totalmente implementado a finales del 2017. Giti Tire es actualmente el quinto productor de neum\u00e1ticos TBR en el mundo y\" \/>\n\t\t<meta name=\"twitter:creator\" content=\"@nbasturias\" \/>\n\t\t<meta name=\"twitter:image\" content=\"https:\/\/candas365.es\/noticias\/wp-content\/uploads\/2016\/06\/1466617005_Giti_sidewall.jpg\" \/>\n\t\t<meta name=\"twitter:label1\" content=\"Escrito por\" \/>\n\t\t<meta name=\"twitter:data1\" content=\"Cand\u00e1s 365\" \/>\n\t\t<meta name=\"twitter:label2\" content=\"Tiempo de lectura estimado\" \/>\n\t\t<meta name=\"twitter:data2\" content=\"4 minutos\" \/>\n\t\t<script type=\"application\/ld+json\" class=\"aioseo-schema\">\n\t\t\t{\"@context\":\"https:\\\/\\\/schema.org\",\"@graph\":[{\"@type\":\"BreadcrumbList\",\"@id\":\"https:\\\/\\\/candas365.es\\\/noticias\\\/la-marca-giti-llega-a-europa\\\/#breadcrumblist\",\"itemListElement\":[{\"@type\":\"ListItem\",\"@id\":\"https:\\\/\\\/candas365.es\\\/noticias#listItem\",\"position\":1,\"name\":\"Home\",\"item\":\"https:\\\/\\\/candas365.es\\\/noticias\",\"nextItem\":{\"@type\":\"ListItem\",\"@id\":\"https:\\\/\\\/candas365.es\\\/noticias\\\/category\\\/actualidad\\\/#listItem\",\"name\":\"Actualidad\"}},{\"@type\":\"ListItem\",\"@id\":\"https:\\\/\\\/candas365.es\\\/noticias\\\/category\\\/actualidad\\\/#listItem\",\"position\":2,\"name\":\"Actualidad\",\"item\":\"https:\\\/\\\/candas365.es\\\/noticias\\\/category\\\/actualidad\\\/\",\"nextItem\":{\"@type\":\"ListItem\",\"@id\":\"https:\\\/\\\/candas365.es\\\/noticias\\\/la-marca-giti-llega-a-europa\\\/#listItem\",\"name\":\"La marca Giti llega a Europa\"},\"previousItem\":{\"@type\":\"ListItem\",\"@id\":\"https:\\\/\\\/candas365.es\\\/noticias#listItem\",\"name\":\"Home\"}},{\"@type\":\"ListItem\",\"@id\":\"https:\\\/\\\/candas365.es\\\/noticias\\\/la-marca-giti-llega-a-europa\\\/#listItem\",\"position\":3,\"name\":\"La marca Giti llega a Europa\",\"previousItem\":{\"@type\":\"ListItem\",\"@id\":\"https:\\\/\\\/candas365.es\\\/noticias\\\/category\\\/actualidad\\\/#listItem\",\"name\":\"Actualidad\"}}]},{\"@type\":\"NewsArticle\",\"@id\":\"https:\\\/\\\/candas365.es\\\/noticias\\\/la-marca-giti-llega-a-europa\\\/#newsarticle\",\"name\":\"La marca Giti llega a Europa | Cand\\u00e1s 365\",\"headline\":\"La marca Giti llega a Europa\",\"author\":{\"@id\":\"https:\\\/\\\/candas365.es\\\/noticias\\\/author\\\/admin\\\/#author\"},\"publisher\":{\"@id\":\"https:\\\/\\\/candas365.es\\\/noticias\\\/#organization\"},\"image\":{\"@type\":\"ImageObject\",\"url\":\"https:\\\/\\\/candas365.es\\\/noticias\\\/wp-content\\\/uploads\\\/2016\\\/06\\\/1466617005_Giti_sidewall.jpg\",\"width\":2252,\"height\":1367},\"datePublished\":\"2016-06-24T01:02:23+02:00\",\"dateModified\":\"2016-06-24T01:02:23+02:00\",\"inLanguage\":\"es-ES\",\"mainEntityOfPage\":{\"@id\":\"https:\\\/\\\/candas365.es\\\/noticias\\\/la-marca-giti-llega-a-europa\\\/#webpage\"},\"isPartOf\":{\"@id\":\"https:\\\/\\\/candas365.es\\\/noticias\\\/la-marca-giti-llega-a-europa\\\/#webpage\"},\"articleSection\":\"Actualidad\",\"dateline\":\"Publicado el junio 24, 2016.\"},{\"@type\":\"Organization\",\"@id\":\"https:\\\/\\\/candas365.es\\\/noticias\\\/#organization\",\"name\":\"Cand\\u00e1s 365\",\"description\":\"Cand\\u00e1s 365 es un diario digital independiente, fundado en 2012, con base en Asturias. Informamos con rigor sobre actualidad, sociedad, cultura y ocio, con una mirada local y global.\",\"url\":\"https:\\\/\\\/candas365.es\\\/noticias\\\/\",\"email\":\"info@candas365.es\",\"telephone\":\"+34652131393\",\"foundingDate\":\"2012-06-10\",\"logo\":{\"@type\":\"ImageObject\",\"url\":\"https:\\\/\\\/candas365.es\\\/noticias\\\/wp-content\\\/uploads\\\/2024\\\/09\\\/Candas-365-Redes.jpg\",\"@id\":\"https:\\\/\\\/candas365.es\\\/noticias\\\/la-marca-giti-llega-a-europa\\\/#organizationLogo\",\"width\":1152,\"height\":864,\"caption\":\"Cand\\u00e1s 365 Redes\"},\"image\":{\"@id\":\"https:\\\/\\\/candas365.es\\\/noticias\\\/la-marca-giti-llega-a-europa\\\/#organizationLogo\"},\"sameAs\":[\"https:\\\/\\\/www.facebook.com\\\/Nachofdezber\",\"https:\\\/\\\/x.com\\\/NabercoDigital\",\"https:\\\/\\\/www.instagram.com\\\/nachofdezber\\\/\",\"https:\\\/\\\/www.youtube.com\\\/channel\\\/UCZP-2wLEB9Rv6erhFmqVnvg\"],\"address\":{\"@id\":\"https:\\\/\\\/candas365.es\\\/noticias\\\/#postaladdress\",\"@type\":\"PostalAddress\",\"streetAddress\":\"san antonio 4, san antonio 4\",\"postalCode\":\"33430\",\"addressLocality\":\"Cand\\u00e1s\",\"addressRegion\":\"Asturias\",\"addressCountry\":\"ES\"}},{\"@type\":\"Person\",\"@id\":\"https:\\\/\\\/candas365.es\\\/noticias\\\/author\\\/admin\\\/#author\",\"url\":\"https:\\\/\\\/candas365.es\\\/noticias\\\/author\\\/admin\\\/\",\"name\":\"Cand\\u00e1s 365\",\"image\":{\"@type\":\"ImageObject\",\"@id\":\"https:\\\/\\\/candas365.es\\\/noticias\\\/la-marca-giti-llega-a-europa\\\/#authorImage\",\"url\":\"https:\\\/\\\/secure.gravatar.com\\\/avatar\\\/496a8e03d0c493ede1718b7934145dbdf8d89be1036b0eec9544e1094c9de390?s=96&d=mm&r=g\",\"width\":96,\"height\":96,\"caption\":\"Cand\\u00e1s 365\"},\"sameAs\":[\"https:\\\/\\\/www.facebook.com\\\/carrenoactualidad\",\"https:\\\/\\\/twitter.com\\\/nbasturias\",\"https:\\\/\\\/www.instagram.com\\\/nachofdezber\\\/\",\"https:\\\/\\\/www.youtube.com\\\/channel\\\/UCZP-2wLEB9Rv6erhFmqVnvg\"]},{\"@type\":\"WebPage\",\"@id\":\"https:\\\/\\\/candas365.es\\\/noticias\\\/la-marca-giti-llega-a-europa\\\/#webpage\",\"url\":\"https:\\\/\\\/candas365.es\\\/noticias\\\/la-marca-giti-llega-a-europa\\\/\",\"name\":\"La marca Giti llega a Europa | Cand\\u00e1s 365\",\"description\":\"La estrategia contempla el reemplazo de GT Radial a trav\\u00e9s de la introducci\\u00f3n de neum\\u00e1ticos nuevos y del reetiquetado de los productos ya existentes. Comenzando de una manera inmediata se espera que el plan est\\u00e9 totalmente implementado a finales del 2017. Giti Tire es actualmente el quinto productor de neum\\u00e1ticos TBR en el mundo y\",\"inLanguage\":\"es-ES\",\"isPartOf\":{\"@id\":\"https:\\\/\\\/candas365.es\\\/noticias\\\/#website\"},\"breadcrumb\":{\"@id\":\"https:\\\/\\\/candas365.es\\\/noticias\\\/la-marca-giti-llega-a-europa\\\/#breadcrumblist\"},\"author\":{\"@id\":\"https:\\\/\\\/candas365.es\\\/noticias\\\/author\\\/admin\\\/#author\"},\"creator\":{\"@id\":\"https:\\\/\\\/candas365.es\\\/noticias\\\/author\\\/admin\\\/#author\"},\"image\":{\"@type\":\"ImageObject\",\"url\":\"https:\\\/\\\/candas365.es\\\/noticias\\\/wp-content\\\/uploads\\\/2016\\\/06\\\/1466617005_Giti_sidewall.jpg\",\"@id\":\"https:\\\/\\\/candas365.es\\\/noticias\\\/la-marca-giti-llega-a-europa\\\/#mainImage\",\"width\":2252,\"height\":1367},\"primaryImageOfPage\":{\"@id\":\"https:\\\/\\\/candas365.es\\\/noticias\\\/la-marca-giti-llega-a-europa\\\/#mainImage\"},\"datePublished\":\"2016-06-24T01:02:23+02:00\",\"dateModified\":\"2016-06-24T01:02:23+02:00\"},{\"@type\":\"WebSite\",\"@id\":\"https:\\\/\\\/candas365.es\\\/noticias\\\/#website\",\"url\":\"https:\\\/\\\/candas365.es\\\/noticias\\\/\",\"name\":\"Cand\\u00e1s 365\",\"alternateName\":\"Cand\\u00e1s 365 Noticias\",\"description\":\"Actualidad desde Carre\\u00f1o para el mundo\",\"inLanguage\":\"es-ES\",\"publisher\":{\"@id\":\"https:\\\/\\\/candas365.es\\\/noticias\\\/#organization\"}}]}\n\t\t<\/script>\n\t\t<!-- All in One SEO Pro -->\r\n\t\t<title>La marca Giti llega a Europa | Cand\u00e1s 365<\/title>\n\n","aioseo_head_json":{"title":"La marca Giti llega a Europa | Cand\u00e1s 365","description":"La estrategia contempla el reemplazo de GT Radial a trav\u00e9s de la introducci\u00f3n de neum\u00e1ticos nuevos y del reetiquetado de los productos ya existentes. Comenzando de una manera inmediata se espera que el plan est\u00e9 totalmente implementado a finales del 2017. Giti Tire es actualmente el quinto productor de neum\u00e1ticos TBR en el mundo y","canonical_url":"https:\/\/candas365.es\/noticias\/la-marca-giti-llega-a-europa\/","robots":"max-image-preview:large","keywords":"actualidad","webmasterTools":{"google-site-verification":"UA-32230408-1","msvalidate.01":"354F3CDFB2DA171B47FBE9ABF1F88D5","miscellaneous":""},"schema":{"@context":"https:\/\/schema.org","@graph":[{"@type":"BreadcrumbList","@id":"https:\/\/candas365.es\/noticias\/la-marca-giti-llega-a-europa\/#breadcrumblist","itemListElement":[{"@type":"ListItem","@id":"https:\/\/candas365.es\/noticias#listItem","position":1,"name":"Home","item":"https:\/\/candas365.es\/noticias","nextItem":{"@type":"ListItem","@id":"https:\/\/candas365.es\/noticias\/category\/actualidad\/#listItem","name":"Actualidad"}},{"@type":"ListItem","@id":"https:\/\/candas365.es\/noticias\/category\/actualidad\/#listItem","position":2,"name":"Actualidad","item":"https:\/\/candas365.es\/noticias\/category\/actualidad\/","nextItem":{"@type":"ListItem","@id":"https:\/\/candas365.es\/noticias\/la-marca-giti-llega-a-europa\/#listItem","name":"La marca Giti llega a Europa"},"previousItem":{"@type":"ListItem","@id":"https:\/\/candas365.es\/noticias#listItem","name":"Home"}},{"@type":"ListItem","@id":"https:\/\/candas365.es\/noticias\/la-marca-giti-llega-a-europa\/#listItem","position":3,"name":"La marca Giti llega a Europa","previousItem":{"@type":"ListItem","@id":"https:\/\/candas365.es\/noticias\/category\/actualidad\/#listItem","name":"Actualidad"}}]},{"@type":"NewsArticle","@id":"https:\/\/candas365.es\/noticias\/la-marca-giti-llega-a-europa\/#newsarticle","name":"La marca Giti llega a Europa | Cand\u00e1s 365","headline":"La marca Giti llega a Europa","author":{"@id":"https:\/\/candas365.es\/noticias\/author\/admin\/#author"},"publisher":{"@id":"https:\/\/candas365.es\/noticias\/#organization"},"image":{"@type":"ImageObject","url":"https:\/\/candas365.es\/noticias\/wp-content\/uploads\/2016\/06\/1466617005_Giti_sidewall.jpg","width":2252,"height":1367},"datePublished":"2016-06-24T01:02:23+02:00","dateModified":"2016-06-24T01:02:23+02:00","inLanguage":"es-ES","mainEntityOfPage":{"@id":"https:\/\/candas365.es\/noticias\/la-marca-giti-llega-a-europa\/#webpage"},"isPartOf":{"@id":"https:\/\/candas365.es\/noticias\/la-marca-giti-llega-a-europa\/#webpage"},"articleSection":"Actualidad","dateline":"Publicado el junio 24, 2016."},{"@type":"Organization","@id":"https:\/\/candas365.es\/noticias\/#organization","name":"Cand\u00e1s 365","description":"Cand\u00e1s 365 es un diario digital independiente, fundado en 2012, con base en Asturias. Informamos con rigor sobre actualidad, sociedad, cultura y ocio, con una mirada local y global.","url":"https:\/\/candas365.es\/noticias\/","email":"info@candas365.es","telephone":"+34652131393","foundingDate":"2012-06-10","logo":{"@type":"ImageObject","url":"https:\/\/candas365.es\/noticias\/wp-content\/uploads\/2024\/09\/Candas-365-Redes.jpg","@id":"https:\/\/candas365.es\/noticias\/la-marca-giti-llega-a-europa\/#organizationLogo","width":1152,"height":864,"caption":"Cand\u00e1s 365 Redes"},"image":{"@id":"https:\/\/candas365.es\/noticias\/la-marca-giti-llega-a-europa\/#organizationLogo"},"sameAs":["https:\/\/www.facebook.com\/Nachofdezber","https:\/\/x.com\/NabercoDigital","https:\/\/www.instagram.com\/nachofdezber\/","https:\/\/www.youtube.com\/channel\/UCZP-2wLEB9Rv6erhFmqVnvg"],"address":{"@id":"https:\/\/candas365.es\/noticias\/#postaladdress","@type":"PostalAddress","streetAddress":"san antonio 4, san antonio 4","postalCode":"33430","addressLocality":"Cand\u00e1s","addressRegion":"Asturias","addressCountry":"ES"}},{"@type":"Person","@id":"https:\/\/candas365.es\/noticias\/author\/admin\/#author","url":"https:\/\/candas365.es\/noticias\/author\/admin\/","name":"Cand\u00e1s 365","image":{"@type":"ImageObject","@id":"https:\/\/candas365.es\/noticias\/la-marca-giti-llega-a-europa\/#authorImage","url":"https:\/\/secure.gravatar.com\/avatar\/496a8e03d0c493ede1718b7934145dbdf8d89be1036b0eec9544e1094c9de390?s=96&d=mm&r=g","width":96,"height":96,"caption":"Cand\u00e1s 365"},"sameAs":["https:\/\/www.facebook.com\/carrenoactualidad","https:\/\/twitter.com\/nbasturias","https:\/\/www.instagram.com\/nachofdezber\/","https:\/\/www.youtube.com\/channel\/UCZP-2wLEB9Rv6erhFmqVnvg"]},{"@type":"WebPage","@id":"https:\/\/candas365.es\/noticias\/la-marca-giti-llega-a-europa\/#webpage","url":"https:\/\/candas365.es\/noticias\/la-marca-giti-llega-a-europa\/","name":"La marca Giti llega a Europa | Cand\u00e1s 365","description":"La estrategia contempla el reemplazo de GT Radial a trav\u00e9s de la introducci\u00f3n de neum\u00e1ticos nuevos y del reetiquetado de los productos ya existentes. Comenzando de una manera inmediata se espera que el plan est\u00e9 totalmente implementado a finales del 2017. Giti Tire es actualmente el quinto productor de neum\u00e1ticos TBR en el mundo y","inLanguage":"es-ES","isPartOf":{"@id":"https:\/\/candas365.es\/noticias\/#website"},"breadcrumb":{"@id":"https:\/\/candas365.es\/noticias\/la-marca-giti-llega-a-europa\/#breadcrumblist"},"author":{"@id":"https:\/\/candas365.es\/noticias\/author\/admin\/#author"},"creator":{"@id":"https:\/\/candas365.es\/noticias\/author\/admin\/#author"},"image":{"@type":"ImageObject","url":"https:\/\/candas365.es\/noticias\/wp-content\/uploads\/2016\/06\/1466617005_Giti_sidewall.jpg","@id":"https:\/\/candas365.es\/noticias\/la-marca-giti-llega-a-europa\/#mainImage","width":2252,"height":1367},"primaryImageOfPage":{"@id":"https:\/\/candas365.es\/noticias\/la-marca-giti-llega-a-europa\/#mainImage"},"datePublished":"2016-06-24T01:02:23+02:00","dateModified":"2016-06-24T01:02:23+02:00"},{"@type":"WebSite","@id":"https:\/\/candas365.es\/noticias\/#website","url":"https:\/\/candas365.es\/noticias\/","name":"Cand\u00e1s 365","alternateName":"Cand\u00e1s 365 Noticias","description":"Actualidad desde Carre\u00f1o para el mundo","inLanguage":"es-ES","publisher":{"@id":"https:\/\/candas365.es\/noticias\/#organization"}}]},"og:locale":"es_ES","og:site_name":"Cand\u00e1s 365","og:type":"article","og:title":"La marca Giti llega a Europa | Cand\u00e1s 365","og:description":"La estrategia contempla el reemplazo de GT Radial a trav\u00e9s de la introducci\u00f3n de neum\u00e1ticos nuevos y del reetiquetado de los productos ya existentes. Comenzando de una manera inmediata se espera que el plan est\u00e9 totalmente implementado a finales del 2017. Giti Tire es actualmente el quinto productor de neum\u00e1ticos TBR en el mundo y","og:url":"https:\/\/candas365.es\/noticias\/la-marca-giti-llega-a-europa\/","og:image":"https:\/\/candas365.es\/noticias\/wp-content\/uploads\/2016\/06\/1466617005_Giti_sidewall.jpg","og:image:secure_url":"https:\/\/candas365.es\/noticias\/wp-content\/uploads\/2016\/06\/1466617005_Giti_sidewall.jpg","og:image:width":2252,"og:image:height":1367,"article:published_time":"2016-06-23T23:32:23+00:00","article:modified_time":"2016-06-23T23:32:23+00:00","article:publisher":"https:\/\/www.facebook.com\/Nachofdezber","article:author":"https:\/\/www.facebook.com\/carrenoactualidad","twitter:card":"summary_large_image","twitter:site":"@NabercoDigital","twitter:title":"La marca Giti llega a Europa | Cand\u00e1s 365","twitter:description":"La estrategia contempla el reemplazo de GT Radial a trav\u00e9s de la introducci\u00f3n de neum\u00e1ticos nuevos y del reetiquetado de los productos ya existentes. Comenzando de una manera inmediata se espera que el plan est\u00e9 totalmente implementado a finales del 2017. Giti Tire es actualmente el quinto productor de neum\u00e1ticos TBR en el mundo y","twitter:creator":"@nbasturias","twitter:image":"https:\/\/candas365.es\/noticias\/wp-content\/uploads\/2016\/06\/1466617005_Giti_sidewall.jpg","twitter:label1":"Escrito por","twitter:data1":"Cand\u00e1s 365","twitter:label2":"Tiempo de lectura estimado","twitter:data2":"4 minutos"},"aioseo_meta_data":{"post_id":"31148","title":null,"description":null,"keywords":null,"keyphrases":null,"primary_term":null,"canonical_url":null,"og_title":null,"og_description":null,"og_object_type":"default","og_image_type":"default","og_image_url":null,"og_image_width":null,"og_image_height":null,"og_image_custom_url":null,"og_image_custom_fields":null,"og_video":null,"og_custom_url":null,"og_article_section":null,"og_article_tags":null,"twitter_use_og":false,"twitter_card":"default","twitter_image_type":"default","twitter_image_url":null,"twitter_image_custom_url":null,"twitter_image_custom_fields":null,"twitter_title":null,"twitter_description":null,"schema":{"blockGraphs":[],"customGraphs":[],"default":{"data":{"Article":[],"Course":[],"Dataset":[],"FAQPage":[],"Movie":[],"Person":[],"Product":[],"ProductReview":[],"Car":[],"Recipe":[],"Service":[],"SoftwareApplication":[],"WebPage":[]},"graphName":"","isEnabled":true},"graphs":[]},"schema_type":null,"schema_type_options":null,"pillar_content":false,"robots_default":true,"robots_noindex":false,"robots_noarchive":false,"robots_nosnippet":false,"robots_nofollow":false,"robots_noimageindex":false,"robots_noodp":false,"robots_notranslate":false,"robots_max_snippet":null,"robots_max_videopreview":null,"robots_max_imagepreview":"large","priority":null,"frequency":null,"location":null,"local_seo":null,"seo_analyzer_scan_date":"2025-08-24 13:29:11","breadcrumb_settings":null,"limit_modified_date":false,"reviewed_by":null,"open_ai":null,"ai":null,"created":"2020-12-21 13:00:17","updated":"2025-08-24 13:29:11"},"aioseo_breadcrumb":"<div class=\"aioseo-breadcrumbs\"><span class=\"aioseo-breadcrumb\">\n\t<a href=\"https:\/\/candas365.es\/noticias\" title=\"Home\">Home<\/a>\n<\/span><span class=\"aioseo-breadcrumb-separator\">&ndash;<\/span><span class=\"aioseo-breadcrumb\">\n\t<a href=\"https:\/\/candas365.es\/noticias\/category\/actualidad\/\" title=\"Actualidad\">Actualidad<\/a>\n<\/span><span class=\"aioseo-breadcrumb-separator\">&ndash;<\/span><span class=\"aioseo-breadcrumb\">\n\tLa marca Giti llega a Europa\n<\/span><\/div>","aioseo_breadcrumb_json":[{"label":"Home","link":"https:\/\/candas365.es\/noticias"},{"label":"Actualidad","link":"https:\/\/candas365.es\/noticias\/category\/actualidad\/"},{"label":"La marca Giti llega a Europa","link":"https:\/\/candas365.es\/noticias\/la-marca-giti-llega-a-europa\/"}],"_links":{"self":[{"href":"https:\/\/candas365.es\/noticias\/wp-json\/wp\/v2\/posts\/31148","targetHints":{"allow":["GET"]}}],"collection":[{"href":"https:\/\/candas365.es\/noticias\/wp-json\/wp\/v2\/posts"}],"about":[{"href":"https:\/\/candas365.es\/noticias\/wp-json\/wp\/v2\/types\/post"}],"author":[{"embeddable":true,"href":"https:\/\/candas365.es\/noticias\/wp-json\/wp\/v2\/users\/1"}],"replies":[{"embeddable":true,"href":"https:\/\/candas365.es\/noticias\/wp-json\/wp\/v2\/comments?post=31148"}],"version-history":[{"count":0,"href":"https:\/\/candas365.es\/noticias\/wp-json\/wp\/v2\/posts\/31148\/revisions"}],"wp:featuredmedia":[{"embeddable":true,"href":"https:\/\/candas365.es\/noticias\/wp-json\/wp\/v2\/media\/31149"}],"wp:attachment":[{"href":"https:\/\/candas365.es\/noticias\/wp-json\/wp\/v2\/media?parent=31148"}],"wp:term":[{"taxonomy":"category","embeddable":true,"href":"https:\/\/candas365.es\/noticias\/wp-json\/wp\/v2\/categories?post=31148"},{"taxonomy":"post_tag","embeddable":true,"href":"https:\/\/candas365.es\/noticias\/wp-json\/wp\/v2\/tags?post=31148"}],"curies":[{"name":"wp","href":"https:\/\/api.w.org\/{rel}","templated":true}]}}