{"id":31143,"date":"2016-06-24T00:26:32","date_gmt":"2016-06-23T22:56:32","guid":{"rendered":"http:\/\/candas365.es\/noticias\/?p=31143"},"modified":"2016-06-24T00:26:32","modified_gmt":"2016-06-23T22:56:32","slug":"la-policia-alemana-libera-a-los-rehenes-en-viernheim","status":"publish","type":"post","link":"https:\/\/candas365.es\/noticias\/la-policia-alemana-libera-a-los-rehenes-en-viernheim\/","title":{"rendered":"La Polic\u00eda alemana libera a los rehenes en Viernheim"},"content":{"rendered":"<p>Fr\u00e1ncfort, 23 jun (dpa) &#8211; Fuerzas de \u00e9lite de la Polic\u00eda alemana abatieron hoy a un hombre que se atrincher\u00f3 armado en un complejo de cines en el oeste del pa\u00eds y retuvo a varias personas, inform\u00f3 la Polic\u00eda.<\/p>\n<p>Una portavoz indic\u00f3 que todos los rehenes y otras personas que se encontraban en el complejo vecino a un centro comercial fueron liberados y est\u00e1n ilesos, desmintiendo versiones de medios que hablaban de un tiroteo con un saldo de hasta 50 heridos.<\/p>\n<p>El secuestro tuvo lugar en horas de la tarde en Viernheim, una localidad de m\u00e1s de 32.000 habitantes ubicada a unos 74 kil\u00f3metros al sur de Fr\u00e1ncfort. La Polic\u00eda precis\u00f3 que los agentes localizaron al secuestrador dentro del complejo y le dispararon al generarse lo que calificaron como \u00abuna situaci\u00f3n de amenaza\u00bb.<\/p>\n<p>Hasta ahora no se dijo cu\u00e1ntas personas retuvo el secuestrador y cu\u00e1ntas se encontraban en el complejo en el momento del secuestro. Un vocero de la Polic\u00eda de Darmstadt calcul\u00f3 que el cine no debe haber estado muy lleno por el buen tiempo reinante.<\/p>\n<p>El ministro del Interior del estado de Hesse, Peter Beuth, dijo a las 14:45 hora local que la Polic\u00eda hab\u00eda recibido una llamada de emergencia despu\u00e9s de que el hombre entrase en el recinto enmascarado y con un arma de ca\u00f1\u00f3n largo. Beuth coment\u00f3 que a\u00fan no no se sabe si el arma estaba cargada y que el hombre dio la sensaci\u00f3n de sufrir trastornos mentales.<\/p>\n<p>Fuentes de seguridad estimaron en declaraciones a dpa que probablemente no fue un acto terrorista, sino que el secuestro fue obra de un perturbado que actu\u00f3 en solitario. El portavoz policial de Darmstadt reforz\u00f3 esta teor\u00eda al apuntar que no cuentan con indicios que apunten a un acto de motivaci\u00f3n islamista.<\/p>\n<p>El cine fue acordonado en un amplio radio por las fuerzas del orden, mientras que helic\u00f3pteros desplazaron al lugar a las fuerzas de \u00e9lite procedentes de Fr\u00e1ncfort.<\/p>\n<p>&nbsp;<\/p>\n","protected":false},"excerpt":{"rendered":"<p>Fr\u00e1ncfort, 23 jun (dpa) &#8211; Fuerzas de \u00e9lite de la Polic\u00eda alemana abatieron hoy a un hombre que se atrincher\u00f3 armado en un complejo de cines en el oeste del pa\u00eds y retuvo a varias personas, inform\u00f3 la Polic\u00eda. Una portavoz indic\u00f3 que todos los rehenes y otras personas que se encontraban en el complejo<\/p>\n","protected":false},"author":1,"featured_media":16457,"comment_status":"closed","ping_status":"closed","sticky":false,"template":"","format":"standard","meta":{"footnotes":""},"categories":[343],"tags":[],"class_list":{"0":"post-31143","1":"post","2":"type-post","3":"status-publish","4":"format-standard","5":"has-post-thumbnail","7":"category-actualidad"},"aioseo_notices":[],"aioseo_head":"\n\t\t<!-- All in One SEO Pro 4.9.6.2 - aioseo.com -->\n\t<meta name=\"description\" content=\"Fr\u00e1ncfort, 23 jun (dpa) - Fuerzas de \u00e9lite de la Polic\u00eda alemana abatieron hoy a un hombre que se atrincher\u00f3 armado en un complejo de cines en el oeste del pa\u00eds y retuvo a varias personas, inform\u00f3 la Polic\u00eda. Una portavoz indic\u00f3 que todos los rehenes y otras personas que se encontraban en el complejo\" \/>\n\t<meta name=\"robots\" content=\"max-image-preview:large\" \/>\n\t<meta name=\"author\" content=\"Cand\u00e1s 365\"\/>\n\t<meta name=\"google-site-verification\" content=\"UA-32230408-1\" \/>\n\t<meta name=\"msvalidate.01\" content=\"354F3CDFB2DA171B47FBE9ABF1F88D5\" \/>\n\t<meta name=\"keywords\" content=\"actualidad\" \/>\n\t<link rel=\"canonical\" href=\"https:\/\/candas365.es\/noticias\/la-policia-alemana-libera-a-los-rehenes-en-viernheim\/\" \/>\n\t<meta name=\"generator\" content=\"All in One SEO Pro (AIOSEO) 4.9.6.2\" \/>\n\t\t<meta property=\"og:locale\" content=\"es_ES\" \/>\n\t\t<meta property=\"og:site_name\" content=\"Cand\u00e1s 365\" \/>\n\t\t<meta property=\"og:type\" content=\"article\" \/>\n\t\t<meta property=\"og:title\" content=\"La Polic\u00eda alemana libera a los rehenes en Viernheim | Cand\u00e1s 365\" \/>\n\t\t<meta property=\"og:description\" content=\"Fr\u00e1ncfort, 23 jun (dpa) - Fuerzas de \u00e9lite de la Polic\u00eda alemana abatieron hoy a un hombre que se atrincher\u00f3 armado en un complejo de cines en el oeste del pa\u00eds y retuvo a varias personas, inform\u00f3 la Polic\u00eda. Una portavoz indic\u00f3 que todos los rehenes y otras personas que se encontraban en el complejo\" \/>\n\t\t<meta property=\"og:url\" content=\"https:\/\/candas365.es\/noticias\/la-policia-alemana-libera-a-los-rehenes-en-viernheim\/\" \/>\n\t\t<meta property=\"og:image\" content=\"https:\/\/candas365.es\/noticias\/wp-content\/uploads\/2015\/09\/c365noticias.jpg\" \/>\n\t\t<meta property=\"og:image:secure_url\" content=\"https:\/\/candas365.es\/noticias\/wp-content\/uploads\/2015\/09\/c365noticias.jpg\" \/>\n\t\t<meta property=\"og:image:width\" content=\"655\" \/>\n\t\t<meta property=\"og:image:height\" content=\"360\" \/>\n\t\t<meta property=\"article:published_time\" content=\"2016-06-23T22:56:32+00:00\" \/>\n\t\t<meta property=\"article:modified_time\" content=\"2016-06-23T22:56:32+00:00\" \/>\n\t\t<meta property=\"article:publisher\" content=\"https:\/\/www.facebook.com\/Nachofdezber\" \/>\n\t\t<meta property=\"article:author\" content=\"https:\/\/www.facebook.com\/carrenoactualidad\" \/>\n\t\t<meta name=\"twitter:card\" content=\"summary_large_image\" \/>\n\t\t<meta name=\"twitter:site\" content=\"@NabercoDigital\" \/>\n\t\t<meta name=\"twitter:title\" content=\"La Polic\u00eda alemana libera a los rehenes en Viernheim | Cand\u00e1s 365\" \/>\n\t\t<meta name=\"twitter:description\" content=\"Fr\u00e1ncfort, 23 jun (dpa) - Fuerzas de \u00e9lite de la Polic\u00eda alemana abatieron hoy a un hombre que se atrincher\u00f3 armado en un complejo de cines en el oeste del pa\u00eds y retuvo a varias personas, inform\u00f3 la Polic\u00eda. Una portavoz indic\u00f3 que todos los rehenes y otras personas que se encontraban en el complejo\" \/>\n\t\t<meta name=\"twitter:creator\" content=\"@nbasturias\" \/>\n\t\t<meta name=\"twitter:image\" content=\"https:\/\/candas365.es\/noticias\/wp-content\/uploads\/2015\/09\/c365noticias.jpg\" \/>\n\t\t<meta name=\"twitter:label1\" content=\"Escrito por\" \/>\n\t\t<meta name=\"twitter:data1\" content=\"Cand\u00e1s 365\" \/>\n\t\t<meta name=\"twitter:label2\" content=\"Tiempo de lectura estimado\" \/>\n\t\t<meta name=\"twitter:data2\" content=\"2 minutos\" \/>\n\t\t<script type=\"application\/ld+json\" class=\"aioseo-schema\">\n\t\t\t{\"@context\":\"https:\\\/\\\/schema.org\",\"@graph\":[{\"@type\":\"BreadcrumbList\",\"@id\":\"https:\\\/\\\/candas365.es\\\/noticias\\\/la-policia-alemana-libera-a-los-rehenes-en-viernheim\\\/#breadcrumblist\",\"itemListElement\":[{\"@type\":\"ListItem\",\"@id\":\"https:\\\/\\\/candas365.es\\\/noticias#listItem\",\"position\":1,\"name\":\"Home\",\"item\":\"https:\\\/\\\/candas365.es\\\/noticias\",\"nextItem\":{\"@type\":\"ListItem\",\"@id\":\"https:\\\/\\\/candas365.es\\\/noticias\\\/category\\\/actualidad\\\/#listItem\",\"name\":\"Actualidad\"}},{\"@type\":\"ListItem\",\"@id\":\"https:\\\/\\\/candas365.es\\\/noticias\\\/category\\\/actualidad\\\/#listItem\",\"position\":2,\"name\":\"Actualidad\",\"item\":\"https:\\\/\\\/candas365.es\\\/noticias\\\/category\\\/actualidad\\\/\",\"nextItem\":{\"@type\":\"ListItem\",\"@id\":\"https:\\\/\\\/candas365.es\\\/noticias\\\/la-policia-alemana-libera-a-los-rehenes-en-viernheim\\\/#listItem\",\"name\":\"La Polic\\u00eda alemana libera a los rehenes en Viernheim\"},\"previousItem\":{\"@type\":\"ListItem\",\"@id\":\"https:\\\/\\\/candas365.es\\\/noticias#listItem\",\"name\":\"Home\"}},{\"@type\":\"ListItem\",\"@id\":\"https:\\\/\\\/candas365.es\\\/noticias\\\/la-policia-alemana-libera-a-los-rehenes-en-viernheim\\\/#listItem\",\"position\":3,\"name\":\"La Polic\\u00eda alemana libera a los rehenes en Viernheim\",\"previousItem\":{\"@type\":\"ListItem\",\"@id\":\"https:\\\/\\\/candas365.es\\\/noticias\\\/category\\\/actualidad\\\/#listItem\",\"name\":\"Actualidad\"}}]},{\"@type\":\"NewsArticle\",\"@id\":\"https:\\\/\\\/candas365.es\\\/noticias\\\/la-policia-alemana-libera-a-los-rehenes-en-viernheim\\\/#newsarticle\",\"name\":\"La Polic\\u00eda alemana libera a los rehenes en Viernheim | Cand\\u00e1s 365\",\"headline\":\"La Polic\\u00eda alemana libera a los rehenes en Viernheim\",\"author\":{\"@id\":\"https:\\\/\\\/candas365.es\\\/noticias\\\/author\\\/admin\\\/#author\"},\"publisher\":{\"@id\":\"https:\\\/\\\/candas365.es\\\/noticias\\\/#organization\"},\"image\":{\"@type\":\"ImageObject\",\"url\":\"https:\\\/\\\/candas365.es\\\/noticias\\\/wp-content\\\/uploads\\\/2015\\\/09\\\/c365noticias.jpg\",\"width\":655,\"height\":360},\"datePublished\":\"2016-06-24T00:26:32+02:00\",\"dateModified\":\"2016-06-24T00:26:32+02:00\",\"inLanguage\":\"es-ES\",\"mainEntityOfPage\":{\"@id\":\"https:\\\/\\\/candas365.es\\\/noticias\\\/la-policia-alemana-libera-a-los-rehenes-en-viernheim\\\/#webpage\"},\"isPartOf\":{\"@id\":\"https:\\\/\\\/candas365.es\\\/noticias\\\/la-policia-alemana-libera-a-los-rehenes-en-viernheim\\\/#webpage\"},\"articleSection\":\"Actualidad\",\"dateline\":\"Publicado el junio 24, 2016.\"},{\"@type\":\"Organization\",\"@id\":\"https:\\\/\\\/candas365.es\\\/noticias\\\/#organization\",\"name\":\"Cand\\u00e1s 365\",\"description\":\"Cand\\u00e1s 365 es un diario digital independiente, fundado en 2012, con base en Asturias. Informamos con rigor sobre actualidad, sociedad, cultura y ocio, con una mirada local y global.\",\"url\":\"https:\\\/\\\/candas365.es\\\/noticias\\\/\",\"email\":\"info@candas365.es\",\"telephone\":\"+34652131393\",\"foundingDate\":\"2012-06-10\",\"logo\":{\"@type\":\"ImageObject\",\"url\":\"https:\\\/\\\/candas365.es\\\/noticias\\\/wp-content\\\/uploads\\\/2024\\\/09\\\/Candas-365-Redes.jpg\",\"@id\":\"https:\\\/\\\/candas365.es\\\/noticias\\\/la-policia-alemana-libera-a-los-rehenes-en-viernheim\\\/#organizationLogo\",\"width\":1152,\"height\":864,\"caption\":\"Cand\\u00e1s 365 Redes\"},\"image\":{\"@id\":\"https:\\\/\\\/candas365.es\\\/noticias\\\/la-policia-alemana-libera-a-los-rehenes-en-viernheim\\\/#organizationLogo\"},\"sameAs\":[\"https:\\\/\\\/www.facebook.com\\\/Nachofdezber\",\"https:\\\/\\\/x.com\\\/NabercoDigital\",\"https:\\\/\\\/www.instagram.com\\\/nachofdezber\\\/\",\"https:\\\/\\\/www.youtube.com\\\/channel\\\/UCZP-2wLEB9Rv6erhFmqVnvg\"],\"address\":{\"@id\":\"https:\\\/\\\/candas365.es\\\/noticias\\\/#postaladdress\",\"@type\":\"PostalAddress\",\"streetAddress\":\"san antonio 4, san antonio 4\",\"postalCode\":\"33430\",\"addressLocality\":\"Cand\\u00e1s\",\"addressRegion\":\"Asturias\",\"addressCountry\":\"ES\"}},{\"@type\":\"Person\",\"@id\":\"https:\\\/\\\/candas365.es\\\/noticias\\\/author\\\/admin\\\/#author\",\"url\":\"https:\\\/\\\/candas365.es\\\/noticias\\\/author\\\/admin\\\/\",\"name\":\"Cand\\u00e1s 365\",\"image\":{\"@type\":\"ImageObject\",\"@id\":\"https:\\\/\\\/candas365.es\\\/noticias\\\/la-policia-alemana-libera-a-los-rehenes-en-viernheim\\\/#authorImage\",\"url\":\"https:\\\/\\\/secure.gravatar.com\\\/avatar\\\/496a8e03d0c493ede1718b7934145dbdf8d89be1036b0eec9544e1094c9de390?s=96&d=mm&r=g\",\"width\":96,\"height\":96,\"caption\":\"Cand\\u00e1s 365\"},\"sameAs\":[\"https:\\\/\\\/www.facebook.com\\\/carrenoactualidad\",\"https:\\\/\\\/twitter.com\\\/nbasturias\",\"https:\\\/\\\/www.instagram.com\\\/nachofdezber\\\/\",\"https:\\\/\\\/www.youtube.com\\\/channel\\\/UCZP-2wLEB9Rv6erhFmqVnvg\"]},{\"@type\":\"WebPage\",\"@id\":\"https:\\\/\\\/candas365.es\\\/noticias\\\/la-policia-alemana-libera-a-los-rehenes-en-viernheim\\\/#webpage\",\"url\":\"https:\\\/\\\/candas365.es\\\/noticias\\\/la-policia-alemana-libera-a-los-rehenes-en-viernheim\\\/\",\"name\":\"La Polic\\u00eda alemana libera a los rehenes en Viernheim | Cand\\u00e1s 365\",\"description\":\"Fr\\u00e1ncfort, 23 jun (dpa) - Fuerzas de \\u00e9lite de la Polic\\u00eda alemana abatieron hoy a un hombre que se atrincher\\u00f3 armado en un complejo de cines en el oeste del pa\\u00eds y retuvo a varias personas, inform\\u00f3 la Polic\\u00eda. Una portavoz indic\\u00f3 que todos los rehenes y otras personas que se encontraban en el complejo\",\"inLanguage\":\"es-ES\",\"isPartOf\":{\"@id\":\"https:\\\/\\\/candas365.es\\\/noticias\\\/#website\"},\"breadcrumb\":{\"@id\":\"https:\\\/\\\/candas365.es\\\/noticias\\\/la-policia-alemana-libera-a-los-rehenes-en-viernheim\\\/#breadcrumblist\"},\"author\":{\"@id\":\"https:\\\/\\\/candas365.es\\\/noticias\\\/author\\\/admin\\\/#author\"},\"creator\":{\"@id\":\"https:\\\/\\\/candas365.es\\\/noticias\\\/author\\\/admin\\\/#author\"},\"image\":{\"@type\":\"ImageObject\",\"url\":\"https:\\\/\\\/candas365.es\\\/noticias\\\/wp-content\\\/uploads\\\/2015\\\/09\\\/c365noticias.jpg\",\"@id\":\"https:\\\/\\\/candas365.es\\\/noticias\\\/la-policia-alemana-libera-a-los-rehenes-en-viernheim\\\/#mainImage\",\"width\":655,\"height\":360},\"primaryImageOfPage\":{\"@id\":\"https:\\\/\\\/candas365.es\\\/noticias\\\/la-policia-alemana-libera-a-los-rehenes-en-viernheim\\\/#mainImage\"},\"datePublished\":\"2016-06-24T00:26:32+02:00\",\"dateModified\":\"2016-06-24T00:26:32+02:00\"},{\"@type\":\"WebSite\",\"@id\":\"https:\\\/\\\/candas365.es\\\/noticias\\\/#website\",\"url\":\"https:\\\/\\\/candas365.es\\\/noticias\\\/\",\"name\":\"Cand\\u00e1s 365\",\"alternateName\":\"Cand\\u00e1s 365 Noticias\",\"description\":\"Actualidad desde Carre\\u00f1o para el mundo\",\"inLanguage\":\"es-ES\",\"publisher\":{\"@id\":\"https:\\\/\\\/candas365.es\\\/noticias\\\/#organization\"}}]}\n\t\t<\/script>\n\t\t<!-- All in One SEO Pro -->\r\n\t\t<title>La Polic\u00eda alemana libera a los rehenes en Viernheim | Cand\u00e1s 365<\/title>\n\n","aioseo_head_json":{"title":"La Polic\u00eda alemana libera a los rehenes en Viernheim | Cand\u00e1s 365","description":"Fr\u00e1ncfort, 23 jun (dpa) - Fuerzas de \u00e9lite de la Polic\u00eda alemana abatieron hoy a un hombre que se atrincher\u00f3 armado en un complejo de cines en el oeste del pa\u00eds y retuvo a varias personas, inform\u00f3 la Polic\u00eda. Una portavoz indic\u00f3 que todos los rehenes y otras personas que se encontraban en el complejo","canonical_url":"https:\/\/candas365.es\/noticias\/la-policia-alemana-libera-a-los-rehenes-en-viernheim\/","robots":"max-image-preview:large","keywords":"actualidad","webmasterTools":{"google-site-verification":"UA-32230408-1","msvalidate.01":"354F3CDFB2DA171B47FBE9ABF1F88D5","miscellaneous":""},"schema":{"@context":"https:\/\/schema.org","@graph":[{"@type":"BreadcrumbList","@id":"https:\/\/candas365.es\/noticias\/la-policia-alemana-libera-a-los-rehenes-en-viernheim\/#breadcrumblist","itemListElement":[{"@type":"ListItem","@id":"https:\/\/candas365.es\/noticias#listItem","position":1,"name":"Home","item":"https:\/\/candas365.es\/noticias","nextItem":{"@type":"ListItem","@id":"https:\/\/candas365.es\/noticias\/category\/actualidad\/#listItem","name":"Actualidad"}},{"@type":"ListItem","@id":"https:\/\/candas365.es\/noticias\/category\/actualidad\/#listItem","position":2,"name":"Actualidad","item":"https:\/\/candas365.es\/noticias\/category\/actualidad\/","nextItem":{"@type":"ListItem","@id":"https:\/\/candas365.es\/noticias\/la-policia-alemana-libera-a-los-rehenes-en-viernheim\/#listItem","name":"La Polic\u00eda alemana libera a los rehenes en Viernheim"},"previousItem":{"@type":"ListItem","@id":"https:\/\/candas365.es\/noticias#listItem","name":"Home"}},{"@type":"ListItem","@id":"https:\/\/candas365.es\/noticias\/la-policia-alemana-libera-a-los-rehenes-en-viernheim\/#listItem","position":3,"name":"La Polic\u00eda alemana libera a los rehenes en Viernheim","previousItem":{"@type":"ListItem","@id":"https:\/\/candas365.es\/noticias\/category\/actualidad\/#listItem","name":"Actualidad"}}]},{"@type":"NewsArticle","@id":"https:\/\/candas365.es\/noticias\/la-policia-alemana-libera-a-los-rehenes-en-viernheim\/#newsarticle","name":"La Polic\u00eda alemana libera a los rehenes en Viernheim | Cand\u00e1s 365","headline":"La Polic\u00eda alemana libera a los rehenes en Viernheim","author":{"@id":"https:\/\/candas365.es\/noticias\/author\/admin\/#author"},"publisher":{"@id":"https:\/\/candas365.es\/noticias\/#organization"},"image":{"@type":"ImageObject","url":"https:\/\/candas365.es\/noticias\/wp-content\/uploads\/2015\/09\/c365noticias.jpg","width":655,"height":360},"datePublished":"2016-06-24T00:26:32+02:00","dateModified":"2016-06-24T00:26:32+02:00","inLanguage":"es-ES","mainEntityOfPage":{"@id":"https:\/\/candas365.es\/noticias\/la-policia-alemana-libera-a-los-rehenes-en-viernheim\/#webpage"},"isPartOf":{"@id":"https:\/\/candas365.es\/noticias\/la-policia-alemana-libera-a-los-rehenes-en-viernheim\/#webpage"},"articleSection":"Actualidad","dateline":"Publicado el junio 24, 2016."},{"@type":"Organization","@id":"https:\/\/candas365.es\/noticias\/#organization","name":"Cand\u00e1s 365","description":"Cand\u00e1s 365 es un diario digital independiente, fundado en 2012, con base en Asturias. Informamos con rigor sobre actualidad, sociedad, cultura y ocio, con una mirada local y global.","url":"https:\/\/candas365.es\/noticias\/","email":"info@candas365.es","telephone":"+34652131393","foundingDate":"2012-06-10","logo":{"@type":"ImageObject","url":"https:\/\/candas365.es\/noticias\/wp-content\/uploads\/2024\/09\/Candas-365-Redes.jpg","@id":"https:\/\/candas365.es\/noticias\/la-policia-alemana-libera-a-los-rehenes-en-viernheim\/#organizationLogo","width":1152,"height":864,"caption":"Cand\u00e1s 365 Redes"},"image":{"@id":"https:\/\/candas365.es\/noticias\/la-policia-alemana-libera-a-los-rehenes-en-viernheim\/#organizationLogo"},"sameAs":["https:\/\/www.facebook.com\/Nachofdezber","https:\/\/x.com\/NabercoDigital","https:\/\/www.instagram.com\/nachofdezber\/","https:\/\/www.youtube.com\/channel\/UCZP-2wLEB9Rv6erhFmqVnvg"],"address":{"@id":"https:\/\/candas365.es\/noticias\/#postaladdress","@type":"PostalAddress","streetAddress":"san antonio 4, san antonio 4","postalCode":"33430","addressLocality":"Cand\u00e1s","addressRegion":"Asturias","addressCountry":"ES"}},{"@type":"Person","@id":"https:\/\/candas365.es\/noticias\/author\/admin\/#author","url":"https:\/\/candas365.es\/noticias\/author\/admin\/","name":"Cand\u00e1s 365","image":{"@type":"ImageObject","@id":"https:\/\/candas365.es\/noticias\/la-policia-alemana-libera-a-los-rehenes-en-viernheim\/#authorImage","url":"https:\/\/secure.gravatar.com\/avatar\/496a8e03d0c493ede1718b7934145dbdf8d89be1036b0eec9544e1094c9de390?s=96&d=mm&r=g","width":96,"height":96,"caption":"Cand\u00e1s 365"},"sameAs":["https:\/\/www.facebook.com\/carrenoactualidad","https:\/\/twitter.com\/nbasturias","https:\/\/www.instagram.com\/nachofdezber\/","https:\/\/www.youtube.com\/channel\/UCZP-2wLEB9Rv6erhFmqVnvg"]},{"@type":"WebPage","@id":"https:\/\/candas365.es\/noticias\/la-policia-alemana-libera-a-los-rehenes-en-viernheim\/#webpage","url":"https:\/\/candas365.es\/noticias\/la-policia-alemana-libera-a-los-rehenes-en-viernheim\/","name":"La Polic\u00eda alemana libera a los rehenes en Viernheim | Cand\u00e1s 365","description":"Fr\u00e1ncfort, 23 jun (dpa) - Fuerzas de \u00e9lite de la Polic\u00eda alemana abatieron hoy a un hombre que se atrincher\u00f3 armado en un complejo de cines en el oeste del pa\u00eds y retuvo a varias personas, inform\u00f3 la Polic\u00eda. Una portavoz indic\u00f3 que todos los rehenes y otras personas que se encontraban en el complejo","inLanguage":"es-ES","isPartOf":{"@id":"https:\/\/candas365.es\/noticias\/#website"},"breadcrumb":{"@id":"https:\/\/candas365.es\/noticias\/la-policia-alemana-libera-a-los-rehenes-en-viernheim\/#breadcrumblist"},"author":{"@id":"https:\/\/candas365.es\/noticias\/author\/admin\/#author"},"creator":{"@id":"https:\/\/candas365.es\/noticias\/author\/admin\/#author"},"image":{"@type":"ImageObject","url":"https:\/\/candas365.es\/noticias\/wp-content\/uploads\/2015\/09\/c365noticias.jpg","@id":"https:\/\/candas365.es\/noticias\/la-policia-alemana-libera-a-los-rehenes-en-viernheim\/#mainImage","width":655,"height":360},"primaryImageOfPage":{"@id":"https:\/\/candas365.es\/noticias\/la-policia-alemana-libera-a-los-rehenes-en-viernheim\/#mainImage"},"datePublished":"2016-06-24T00:26:32+02:00","dateModified":"2016-06-24T00:26:32+02:00"},{"@type":"WebSite","@id":"https:\/\/candas365.es\/noticias\/#website","url":"https:\/\/candas365.es\/noticias\/","name":"Cand\u00e1s 365","alternateName":"Cand\u00e1s 365 Noticias","description":"Actualidad desde Carre\u00f1o para el mundo","inLanguage":"es-ES","publisher":{"@id":"https:\/\/candas365.es\/noticias\/#organization"}}]},"og:locale":"es_ES","og:site_name":"Cand\u00e1s 365","og:type":"article","og:title":"La Polic\u00eda alemana libera a los rehenes en Viernheim | Cand\u00e1s 365","og:description":"Fr\u00e1ncfort, 23 jun (dpa) - Fuerzas de \u00e9lite de la Polic\u00eda alemana abatieron hoy a un hombre que se atrincher\u00f3 armado en un complejo de cines en el oeste del pa\u00eds y retuvo a varias personas, inform\u00f3 la Polic\u00eda. Una portavoz indic\u00f3 que todos los rehenes y otras personas que se encontraban en el complejo","og:url":"https:\/\/candas365.es\/noticias\/la-policia-alemana-libera-a-los-rehenes-en-viernheim\/","og:image":"https:\/\/candas365.es\/noticias\/wp-content\/uploads\/2015\/09\/c365noticias.jpg","og:image:secure_url":"https:\/\/candas365.es\/noticias\/wp-content\/uploads\/2015\/09\/c365noticias.jpg","og:image:width":655,"og:image:height":360,"article:published_time":"2016-06-23T22:56:32+00:00","article:modified_time":"2016-06-23T22:56:32+00:00","article:publisher":"https:\/\/www.facebook.com\/Nachofdezber","article:author":"https:\/\/www.facebook.com\/carrenoactualidad","twitter:card":"summary_large_image","twitter:site":"@NabercoDigital","twitter:title":"La Polic\u00eda alemana libera a los rehenes en Viernheim | Cand\u00e1s 365","twitter:description":"Fr\u00e1ncfort, 23 jun (dpa) - Fuerzas de \u00e9lite de la Polic\u00eda alemana abatieron hoy a un hombre que se atrincher\u00f3 armado en un complejo de cines en el oeste del pa\u00eds y retuvo a varias personas, inform\u00f3 la Polic\u00eda. Una portavoz indic\u00f3 que todos los rehenes y otras personas que se encontraban en el complejo","twitter:creator":"@nbasturias","twitter:image":"https:\/\/candas365.es\/noticias\/wp-content\/uploads\/2015\/09\/c365noticias.jpg","twitter:label1":"Escrito por","twitter:data1":"Cand\u00e1s 365","twitter:label2":"Tiempo de lectura estimado","twitter:data2":"2 minutos"},"aioseo_meta_data":{"post_id":"31143","title":null,"description":null,"keywords":null,"keyphrases":null,"primary_term":null,"canonical_url":null,"og_title":null,"og_description":null,"og_object_type":"default","og_image_type":"default","og_image_url":null,"og_image_width":null,"og_image_height":null,"og_image_custom_url":null,"og_image_custom_fields":null,"og_video":null,"og_custom_url":null,"og_article_section":null,"og_article_tags":null,"twitter_use_og":false,"twitter_card":"default","twitter_image_type":"default","twitter_image_url":null,"twitter_image_custom_url":null,"twitter_image_custom_fields":null,"twitter_title":null,"twitter_description":null,"schema":{"blockGraphs":[],"customGraphs":[],"default":{"data":{"Article":[],"Course":[],"Dataset":[],"FAQPage":[],"Movie":[],"Person":[],"Product":[],"ProductReview":[],"Car":[],"Recipe":[],"Service":[],"SoftwareApplication":[],"WebPage":[]},"graphName":"","isEnabled":true},"graphs":[]},"schema_type":null,"schema_type_options":null,"pillar_content":false,"robots_default":true,"robots_noindex":false,"robots_noarchive":false,"robots_nosnippet":false,"robots_nofollow":false,"robots_noimageindex":false,"robots_noodp":false,"robots_notranslate":false,"robots_max_snippet":null,"robots_max_videopreview":null,"robots_max_imagepreview":"large","priority":null,"frequency":null,"location":null,"local_seo":null,"seo_analyzer_scan_date":"2025-08-24 13:29:09","breadcrumb_settings":null,"limit_modified_date":false,"reviewed_by":null,"open_ai":null,"ai":null,"created":"2020-12-21 13:00:17","updated":"2025-08-24 13:29:09"},"aioseo_breadcrumb":"<div class=\"aioseo-breadcrumbs\"><span class=\"aioseo-breadcrumb\">\n\t<a href=\"https:\/\/candas365.es\/noticias\" title=\"Home\">Home<\/a>\n<\/span><span class=\"aioseo-breadcrumb-separator\">&ndash;<\/span><span class=\"aioseo-breadcrumb\">\n\t<a href=\"https:\/\/candas365.es\/noticias\/category\/actualidad\/\" title=\"Actualidad\">Actualidad<\/a>\n<\/span><span class=\"aioseo-breadcrumb-separator\">&ndash;<\/span><span class=\"aioseo-breadcrumb\">\n\tLa Polic\u00eda alemana libera a los rehenes en Viernheim\n<\/span><\/div>","aioseo_breadcrumb_json":[{"label":"Home","link":"https:\/\/candas365.es\/noticias"},{"label":"Actualidad","link":"https:\/\/candas365.es\/noticias\/category\/actualidad\/"},{"label":"La Polic\u00eda alemana libera a los rehenes en Viernheim","link":"https:\/\/candas365.es\/noticias\/la-policia-alemana-libera-a-los-rehenes-en-viernheim\/"}],"_links":{"self":[{"href":"https:\/\/candas365.es\/noticias\/wp-json\/wp\/v2\/posts\/31143","targetHints":{"allow":["GET"]}}],"collection":[{"href":"https:\/\/candas365.es\/noticias\/wp-json\/wp\/v2\/posts"}],"about":[{"href":"https:\/\/candas365.es\/noticias\/wp-json\/wp\/v2\/types\/post"}],"author":[{"embeddable":true,"href":"https:\/\/candas365.es\/noticias\/wp-json\/wp\/v2\/users\/1"}],"replies":[{"embeddable":true,"href":"https:\/\/candas365.es\/noticias\/wp-json\/wp\/v2\/comments?post=31143"}],"version-history":[{"count":0,"href":"https:\/\/candas365.es\/noticias\/wp-json\/wp\/v2\/posts\/31143\/revisions"}],"wp:featuredmedia":[{"embeddable":true,"href":"https:\/\/candas365.es\/noticias\/wp-json\/wp\/v2\/media\/16457"}],"wp:attachment":[{"href":"https:\/\/candas365.es\/noticias\/wp-json\/wp\/v2\/media?parent=31143"}],"wp:term":[{"taxonomy":"category","embeddable":true,"href":"https:\/\/candas365.es\/noticias\/wp-json\/wp\/v2\/categories?post=31143"},{"taxonomy":"post_tag","embeddable":true,"href":"https:\/\/candas365.es\/noticias\/wp-json\/wp\/v2\/tags?post=31143"}],"curies":[{"name":"wp","href":"https:\/\/api.w.org\/{rel}","templated":true}]}}