{"id":31077,"date":"2016-06-23T19:31:06","date_gmt":"2016-06-23T18:01:06","guid":{"rendered":"http:\/\/candas365.es\/noticias\/?p=31077"},"modified":"2016-06-23T19:31:06","modified_gmt":"2016-06-23T18:01:06","slug":"boateng-sufre-contractura-de-gemelo-pero-estara-en-octavos","status":"publish","type":"post","link":"https:\/\/candas365.es\/noticias\/boateng-sufre-contractura-de-gemelo-pero-estara-en-octavos\/","title":{"rendered":"Boateng sufre contractura de gemelo pero estar\u00e1 en octavos"},"content":{"rendered":"<p>Par\u00eds, 23 jun (dpa) &#8211; El central alem\u00e1n J\u00e9r\u00f4me Boateng sufre una contractura del gemelo derecho, seg\u00fan revel\u00f3 el mi\u00e9rcoles el resultado de un examen m\u00e9dico al jugador del Bayern M\u00fanich, cuya participaci\u00f3n en los octavos de final de la Eurocopa sin embargo no est\u00e1 en duda.<\/p>\n<p>Boateng hab\u00eda sido reemplazado en el minuto 76 del encuentro que ayer jug\u00f3 Alemania ante Irlanda de Norte por el Grupo C en Francia. Ambos equipos avanzaron a la ronda eliminatoria del torneo continental.<\/p>\n<p>El t\u00e9cnico alem\u00e1n, Joachim L\u00f6w, dijo que lo sac\u00f3 del partido por \u00abprecauci\u00f3n\u00bb. \u00abYo no quer\u00eda correr riesgos\u00bb, dijo el seleccionador alem\u00e1n. \u00abAsumo que podr\u00e1 jugar en la siguiente ronda\u00bb, agreg\u00f3.<\/p>\n","protected":false},"excerpt":{"rendered":"<p>Par\u00eds, 23 jun (dpa) &#8211; El central alem\u00e1n J\u00e9r\u00f4me Boateng sufre una contractura del gemelo derecho, seg\u00fan revel\u00f3 el mi\u00e9rcoles el resultado de un examen m\u00e9dico al jugador del Bayern M\u00fanich, cuya participaci\u00f3n en los octavos de final de la Eurocopa sin embargo no est\u00e1 en duda. Boateng hab\u00eda sido reemplazado en el minuto 76<\/p>\n","protected":false},"author":1,"featured_media":29884,"comment_status":"closed","ping_status":"closed","sticky":false,"template":"","format":"standard","meta":{"footnotes":""},"categories":[343],"tags":[],"class_list":{"0":"post-31077","1":"post","2":"type-post","3":"status-publish","4":"format-standard","5":"has-post-thumbnail","7":"category-actualidad"},"aioseo_notices":[],"aioseo_head":"\n\t\t<!-- All in One SEO Pro 4.9.6.2 - aioseo.com -->\n\t<meta name=\"description\" content=\"Par\u00eds, 23 jun (dpa) - El central alem\u00e1n J\u00e9r\u00f4me Boateng sufre una contractura del gemelo derecho, seg\u00fan revel\u00f3 el mi\u00e9rcoles el resultado de un examen m\u00e9dico al jugador del Bayern M\u00fanich, cuya participaci\u00f3n en los octavos de final de la Eurocopa sin embargo no est\u00e1 en duda. Boateng hab\u00eda sido reemplazado en el minuto 76\" \/>\n\t<meta name=\"robots\" content=\"max-image-preview:large\" \/>\n\t<meta name=\"author\" content=\"Cand\u00e1s 365\"\/>\n\t<meta name=\"google-site-verification\" content=\"UA-32230408-1\" \/>\n\t<meta name=\"msvalidate.01\" content=\"354F3CDFB2DA171B47FBE9ABF1F88D5\" \/>\n\t<meta name=\"keywords\" content=\"actualidad\" \/>\n\t<link rel=\"canonical\" href=\"https:\/\/candas365.es\/noticias\/boateng-sufre-contractura-de-gemelo-pero-estara-en-octavos\/\" \/>\n\t<meta name=\"generator\" content=\"All in One SEO Pro (AIOSEO) 4.9.6.2\" \/>\n\t\t<meta property=\"og:locale\" content=\"es_ES\" \/>\n\t\t<meta property=\"og:site_name\" content=\"Cand\u00e1s 365\" \/>\n\t\t<meta property=\"og:type\" content=\"article\" \/>\n\t\t<meta property=\"og:title\" content=\"Boateng sufre contractura de gemelo pero estar\u00e1 en octavos | Cand\u00e1s 365\" \/>\n\t\t<meta property=\"og:description\" content=\"Par\u00eds, 23 jun (dpa) - El central alem\u00e1n J\u00e9r\u00f4me Boateng sufre una contractura del gemelo derecho, seg\u00fan revel\u00f3 el mi\u00e9rcoles el resultado de un examen m\u00e9dico al jugador del Bayern M\u00fanich, cuya participaci\u00f3n en los octavos de final de la Eurocopa sin embargo no est\u00e1 en duda. Boateng hab\u00eda sido reemplazado en el minuto 76\" \/>\n\t\t<meta property=\"og:url\" content=\"https:\/\/candas365.es\/noticias\/boateng-sufre-contractura-de-gemelo-pero-estara-en-octavos\/\" \/>\n\t\t<meta property=\"og:image\" content=\"https:\/\/candas365.es\/noticias\/wp-content\/uploads\/2016\/06\/euro2016.jpg\" \/>\n\t\t<meta property=\"og:image:secure_url\" content=\"https:\/\/candas365.es\/noticias\/wp-content\/uploads\/2016\/06\/euro2016.jpg\" \/>\n\t\t<meta property=\"og:image:width\" content=\"800\" \/>\n\t\t<meta property=\"og:image:height\" content=\"478\" \/>\n\t\t<meta property=\"article:published_time\" content=\"2016-06-23T18:01:06+00:00\" \/>\n\t\t<meta property=\"article:modified_time\" content=\"2016-06-23T18:01:06+00:00\" \/>\n\t\t<meta property=\"article:publisher\" content=\"https:\/\/www.facebook.com\/Nachofdezber\" \/>\n\t\t<meta property=\"article:author\" content=\"https:\/\/www.facebook.com\/carrenoactualidad\" \/>\n\t\t<meta name=\"twitter:card\" content=\"summary_large_image\" \/>\n\t\t<meta name=\"twitter:site\" content=\"@NabercoDigital\" \/>\n\t\t<meta name=\"twitter:title\" content=\"Boateng sufre contractura de gemelo pero estar\u00e1 en octavos | Cand\u00e1s 365\" \/>\n\t\t<meta name=\"twitter:description\" content=\"Par\u00eds, 23 jun (dpa) - El central alem\u00e1n J\u00e9r\u00f4me Boateng sufre una contractura del gemelo derecho, seg\u00fan revel\u00f3 el mi\u00e9rcoles el resultado de un examen m\u00e9dico al jugador del Bayern M\u00fanich, cuya participaci\u00f3n en los octavos de final de la Eurocopa sin embargo no est\u00e1 en duda. Boateng hab\u00eda sido reemplazado en el minuto 76\" \/>\n\t\t<meta name=\"twitter:creator\" content=\"@nbasturias\" \/>\n\t\t<meta name=\"twitter:image\" content=\"https:\/\/candas365.es\/noticias\/wp-content\/uploads\/2016\/06\/euro2016.jpg\" \/>\n\t\t<meta name=\"twitter:label1\" content=\"Escrito por\" \/>\n\t\t<meta name=\"twitter:data1\" content=\"Cand\u00e1s 365\" \/>\n\t\t<meta name=\"twitter:label2\" content=\"Tiempo de lectura estimado\" \/>\n\t\t<meta name=\"twitter:data2\" content=\"1 minuto\" \/>\n\t\t<script type=\"application\/ld+json\" class=\"aioseo-schema\">\n\t\t\t{\"@context\":\"https:\\\/\\\/schema.org\",\"@graph\":[{\"@type\":\"BreadcrumbList\",\"@id\":\"https:\\\/\\\/candas365.es\\\/noticias\\\/boateng-sufre-contractura-de-gemelo-pero-estara-en-octavos\\\/#breadcrumblist\",\"itemListElement\":[{\"@type\":\"ListItem\",\"@id\":\"https:\\\/\\\/candas365.es\\\/noticias#listItem\",\"position\":1,\"name\":\"Home\",\"item\":\"https:\\\/\\\/candas365.es\\\/noticias\",\"nextItem\":{\"@type\":\"ListItem\",\"@id\":\"https:\\\/\\\/candas365.es\\\/noticias\\\/category\\\/actualidad\\\/#listItem\",\"name\":\"Actualidad\"}},{\"@type\":\"ListItem\",\"@id\":\"https:\\\/\\\/candas365.es\\\/noticias\\\/category\\\/actualidad\\\/#listItem\",\"position\":2,\"name\":\"Actualidad\",\"item\":\"https:\\\/\\\/candas365.es\\\/noticias\\\/category\\\/actualidad\\\/\",\"nextItem\":{\"@type\":\"ListItem\",\"@id\":\"https:\\\/\\\/candas365.es\\\/noticias\\\/boateng-sufre-contractura-de-gemelo-pero-estara-en-octavos\\\/#listItem\",\"name\":\"Boateng sufre contractura de gemelo pero estar\\u00e1 en octavos\"},\"previousItem\":{\"@type\":\"ListItem\",\"@id\":\"https:\\\/\\\/candas365.es\\\/noticias#listItem\",\"name\":\"Home\"}},{\"@type\":\"ListItem\",\"@id\":\"https:\\\/\\\/candas365.es\\\/noticias\\\/boateng-sufre-contractura-de-gemelo-pero-estara-en-octavos\\\/#listItem\",\"position\":3,\"name\":\"Boateng sufre contractura de gemelo pero estar\\u00e1 en octavos\",\"previousItem\":{\"@type\":\"ListItem\",\"@id\":\"https:\\\/\\\/candas365.es\\\/noticias\\\/category\\\/actualidad\\\/#listItem\",\"name\":\"Actualidad\"}}]},{\"@type\":\"NewsArticle\",\"@id\":\"https:\\\/\\\/candas365.es\\\/noticias\\\/boateng-sufre-contractura-de-gemelo-pero-estara-en-octavos\\\/#newsarticle\",\"name\":\"Boateng sufre contractura de gemelo pero estar\\u00e1 en octavos | Cand\\u00e1s 365\",\"headline\":\"Boateng sufre contractura de gemelo pero estar\\u00e1 en octavos\",\"author\":{\"@id\":\"https:\\\/\\\/candas365.es\\\/noticias\\\/author\\\/admin\\\/#author\"},\"publisher\":{\"@id\":\"https:\\\/\\\/candas365.es\\\/noticias\\\/#organization\"},\"image\":{\"@type\":\"ImageObject\",\"url\":\"https:\\\/\\\/candas365.es\\\/noticias\\\/wp-content\\\/uploads\\\/2016\\\/06\\\/euro2016.jpg\",\"width\":800,\"height\":478},\"datePublished\":\"2016-06-23T19:31:06+02:00\",\"dateModified\":\"2016-06-23T19:31:06+02:00\",\"inLanguage\":\"es-ES\",\"mainEntityOfPage\":{\"@id\":\"https:\\\/\\\/candas365.es\\\/noticias\\\/boateng-sufre-contractura-de-gemelo-pero-estara-en-octavos\\\/#webpage\"},\"isPartOf\":{\"@id\":\"https:\\\/\\\/candas365.es\\\/noticias\\\/boateng-sufre-contractura-de-gemelo-pero-estara-en-octavos\\\/#webpage\"},\"articleSection\":\"Actualidad\",\"dateline\":\"Publicado el junio 23, 2016.\"},{\"@type\":\"Organization\",\"@id\":\"https:\\\/\\\/candas365.es\\\/noticias\\\/#organization\",\"name\":\"Cand\\u00e1s 365\",\"description\":\"Cand\\u00e1s 365 es un diario digital independiente, fundado en 2012, con base en Asturias. Informamos con rigor sobre actualidad, sociedad, cultura y ocio, con una mirada local y global.\",\"url\":\"https:\\\/\\\/candas365.es\\\/noticias\\\/\",\"email\":\"info@candas365.es\",\"telephone\":\"+34652131393\",\"foundingDate\":\"2012-06-10\",\"logo\":{\"@type\":\"ImageObject\",\"url\":\"https:\\\/\\\/candas365.es\\\/noticias\\\/wp-content\\\/uploads\\\/2024\\\/09\\\/Candas-365-Redes.jpg\",\"@id\":\"https:\\\/\\\/candas365.es\\\/noticias\\\/boateng-sufre-contractura-de-gemelo-pero-estara-en-octavos\\\/#organizationLogo\",\"width\":1152,\"height\":864,\"caption\":\"Cand\\u00e1s 365 Redes\"},\"image\":{\"@id\":\"https:\\\/\\\/candas365.es\\\/noticias\\\/boateng-sufre-contractura-de-gemelo-pero-estara-en-octavos\\\/#organizationLogo\"},\"sameAs\":[\"https:\\\/\\\/www.facebook.com\\\/Nachofdezber\",\"https:\\\/\\\/x.com\\\/NabercoDigital\",\"https:\\\/\\\/www.instagram.com\\\/nachofdezber\\\/\",\"https:\\\/\\\/www.youtube.com\\\/channel\\\/UCZP-2wLEB9Rv6erhFmqVnvg\"],\"address\":{\"@id\":\"https:\\\/\\\/candas365.es\\\/noticias\\\/#postaladdress\",\"@type\":\"PostalAddress\",\"streetAddress\":\"san antonio 4, san antonio 4\",\"postalCode\":\"33430\",\"addressLocality\":\"Cand\\u00e1s\",\"addressRegion\":\"Asturias\",\"addressCountry\":\"ES\"}},{\"@type\":\"Person\",\"@id\":\"https:\\\/\\\/candas365.es\\\/noticias\\\/author\\\/admin\\\/#author\",\"url\":\"https:\\\/\\\/candas365.es\\\/noticias\\\/author\\\/admin\\\/\",\"name\":\"Cand\\u00e1s 365\",\"image\":{\"@type\":\"ImageObject\",\"@id\":\"https:\\\/\\\/candas365.es\\\/noticias\\\/boateng-sufre-contractura-de-gemelo-pero-estara-en-octavos\\\/#authorImage\",\"url\":\"https:\\\/\\\/secure.gravatar.com\\\/avatar\\\/496a8e03d0c493ede1718b7934145dbdf8d89be1036b0eec9544e1094c9de390?s=96&d=mm&r=g\",\"width\":96,\"height\":96,\"caption\":\"Cand\\u00e1s 365\"},\"sameAs\":[\"https:\\\/\\\/www.facebook.com\\\/carrenoactualidad\",\"https:\\\/\\\/twitter.com\\\/nbasturias\",\"https:\\\/\\\/www.instagram.com\\\/nachofdezber\\\/\",\"https:\\\/\\\/www.youtube.com\\\/channel\\\/UCZP-2wLEB9Rv6erhFmqVnvg\"]},{\"@type\":\"WebPage\",\"@id\":\"https:\\\/\\\/candas365.es\\\/noticias\\\/boateng-sufre-contractura-de-gemelo-pero-estara-en-octavos\\\/#webpage\",\"url\":\"https:\\\/\\\/candas365.es\\\/noticias\\\/boateng-sufre-contractura-de-gemelo-pero-estara-en-octavos\\\/\",\"name\":\"Boateng sufre contractura de gemelo pero estar\\u00e1 en octavos | Cand\\u00e1s 365\",\"description\":\"Par\\u00eds, 23 jun (dpa) - El central alem\\u00e1n J\\u00e9r\\u00f4me Boateng sufre una contractura del gemelo derecho, seg\\u00fan revel\\u00f3 el mi\\u00e9rcoles el resultado de un examen m\\u00e9dico al jugador del Bayern M\\u00fanich, cuya participaci\\u00f3n en los octavos de final de la Eurocopa sin embargo no est\\u00e1 en duda. Boateng hab\\u00eda sido reemplazado en el minuto 76\",\"inLanguage\":\"es-ES\",\"isPartOf\":{\"@id\":\"https:\\\/\\\/candas365.es\\\/noticias\\\/#website\"},\"breadcrumb\":{\"@id\":\"https:\\\/\\\/candas365.es\\\/noticias\\\/boateng-sufre-contractura-de-gemelo-pero-estara-en-octavos\\\/#breadcrumblist\"},\"author\":{\"@id\":\"https:\\\/\\\/candas365.es\\\/noticias\\\/author\\\/admin\\\/#author\"},\"creator\":{\"@id\":\"https:\\\/\\\/candas365.es\\\/noticias\\\/author\\\/admin\\\/#author\"},\"image\":{\"@type\":\"ImageObject\",\"url\":\"https:\\\/\\\/candas365.es\\\/noticias\\\/wp-content\\\/uploads\\\/2016\\\/06\\\/euro2016.jpg\",\"@id\":\"https:\\\/\\\/candas365.es\\\/noticias\\\/boateng-sufre-contractura-de-gemelo-pero-estara-en-octavos\\\/#mainImage\",\"width\":800,\"height\":478},\"primaryImageOfPage\":{\"@id\":\"https:\\\/\\\/candas365.es\\\/noticias\\\/boateng-sufre-contractura-de-gemelo-pero-estara-en-octavos\\\/#mainImage\"},\"datePublished\":\"2016-06-23T19:31:06+02:00\",\"dateModified\":\"2016-06-23T19:31:06+02:00\"},{\"@type\":\"WebSite\",\"@id\":\"https:\\\/\\\/candas365.es\\\/noticias\\\/#website\",\"url\":\"https:\\\/\\\/candas365.es\\\/noticias\\\/\",\"name\":\"Cand\\u00e1s 365\",\"alternateName\":\"Cand\\u00e1s 365 Noticias\",\"description\":\"Actualidad desde Carre\\u00f1o para el mundo\",\"inLanguage\":\"es-ES\",\"publisher\":{\"@id\":\"https:\\\/\\\/candas365.es\\\/noticias\\\/#organization\"}}]}\n\t\t<\/script>\n\t\t<!-- All in One SEO Pro -->\r\n\t\t<title>Boateng sufre contractura de gemelo pero estar\u00e1 en octavos | Cand\u00e1s 365<\/title>\n\n","aioseo_head_json":{"title":"Boateng sufre contractura de gemelo pero estar\u00e1 en octavos | Cand\u00e1s 365","description":"Par\u00eds, 23 jun (dpa) - El central alem\u00e1n J\u00e9r\u00f4me Boateng sufre una contractura del gemelo derecho, seg\u00fan revel\u00f3 el mi\u00e9rcoles el resultado de un examen m\u00e9dico al jugador del Bayern M\u00fanich, cuya participaci\u00f3n en los octavos de final de la Eurocopa sin embargo no est\u00e1 en duda. Boateng hab\u00eda sido reemplazado en el minuto 76","canonical_url":"https:\/\/candas365.es\/noticias\/boateng-sufre-contractura-de-gemelo-pero-estara-en-octavos\/","robots":"max-image-preview:large","keywords":"actualidad","webmasterTools":{"google-site-verification":"UA-32230408-1","msvalidate.01":"354F3CDFB2DA171B47FBE9ABF1F88D5","miscellaneous":""},"schema":{"@context":"https:\/\/schema.org","@graph":[{"@type":"BreadcrumbList","@id":"https:\/\/candas365.es\/noticias\/boateng-sufre-contractura-de-gemelo-pero-estara-en-octavos\/#breadcrumblist","itemListElement":[{"@type":"ListItem","@id":"https:\/\/candas365.es\/noticias#listItem","position":1,"name":"Home","item":"https:\/\/candas365.es\/noticias","nextItem":{"@type":"ListItem","@id":"https:\/\/candas365.es\/noticias\/category\/actualidad\/#listItem","name":"Actualidad"}},{"@type":"ListItem","@id":"https:\/\/candas365.es\/noticias\/category\/actualidad\/#listItem","position":2,"name":"Actualidad","item":"https:\/\/candas365.es\/noticias\/category\/actualidad\/","nextItem":{"@type":"ListItem","@id":"https:\/\/candas365.es\/noticias\/boateng-sufre-contractura-de-gemelo-pero-estara-en-octavos\/#listItem","name":"Boateng sufre contractura de gemelo pero estar\u00e1 en octavos"},"previousItem":{"@type":"ListItem","@id":"https:\/\/candas365.es\/noticias#listItem","name":"Home"}},{"@type":"ListItem","@id":"https:\/\/candas365.es\/noticias\/boateng-sufre-contractura-de-gemelo-pero-estara-en-octavos\/#listItem","position":3,"name":"Boateng sufre contractura de gemelo pero estar\u00e1 en octavos","previousItem":{"@type":"ListItem","@id":"https:\/\/candas365.es\/noticias\/category\/actualidad\/#listItem","name":"Actualidad"}}]},{"@type":"NewsArticle","@id":"https:\/\/candas365.es\/noticias\/boateng-sufre-contractura-de-gemelo-pero-estara-en-octavos\/#newsarticle","name":"Boateng sufre contractura de gemelo pero estar\u00e1 en octavos | Cand\u00e1s 365","headline":"Boateng sufre contractura de gemelo pero estar\u00e1 en octavos","author":{"@id":"https:\/\/candas365.es\/noticias\/author\/admin\/#author"},"publisher":{"@id":"https:\/\/candas365.es\/noticias\/#organization"},"image":{"@type":"ImageObject","url":"https:\/\/candas365.es\/noticias\/wp-content\/uploads\/2016\/06\/euro2016.jpg","width":800,"height":478},"datePublished":"2016-06-23T19:31:06+02:00","dateModified":"2016-06-23T19:31:06+02:00","inLanguage":"es-ES","mainEntityOfPage":{"@id":"https:\/\/candas365.es\/noticias\/boateng-sufre-contractura-de-gemelo-pero-estara-en-octavos\/#webpage"},"isPartOf":{"@id":"https:\/\/candas365.es\/noticias\/boateng-sufre-contractura-de-gemelo-pero-estara-en-octavos\/#webpage"},"articleSection":"Actualidad","dateline":"Publicado el junio 23, 2016."},{"@type":"Organization","@id":"https:\/\/candas365.es\/noticias\/#organization","name":"Cand\u00e1s 365","description":"Cand\u00e1s 365 es un diario digital independiente, fundado en 2012, con base en Asturias. Informamos con rigor sobre actualidad, sociedad, cultura y ocio, con una mirada local y global.","url":"https:\/\/candas365.es\/noticias\/","email":"info@candas365.es","telephone":"+34652131393","foundingDate":"2012-06-10","logo":{"@type":"ImageObject","url":"https:\/\/candas365.es\/noticias\/wp-content\/uploads\/2024\/09\/Candas-365-Redes.jpg","@id":"https:\/\/candas365.es\/noticias\/boateng-sufre-contractura-de-gemelo-pero-estara-en-octavos\/#organizationLogo","width":1152,"height":864,"caption":"Cand\u00e1s 365 Redes"},"image":{"@id":"https:\/\/candas365.es\/noticias\/boateng-sufre-contractura-de-gemelo-pero-estara-en-octavos\/#organizationLogo"},"sameAs":["https:\/\/www.facebook.com\/Nachofdezber","https:\/\/x.com\/NabercoDigital","https:\/\/www.instagram.com\/nachofdezber\/","https:\/\/www.youtube.com\/channel\/UCZP-2wLEB9Rv6erhFmqVnvg"],"address":{"@id":"https:\/\/candas365.es\/noticias\/#postaladdress","@type":"PostalAddress","streetAddress":"san antonio 4, san antonio 4","postalCode":"33430","addressLocality":"Cand\u00e1s","addressRegion":"Asturias","addressCountry":"ES"}},{"@type":"Person","@id":"https:\/\/candas365.es\/noticias\/author\/admin\/#author","url":"https:\/\/candas365.es\/noticias\/author\/admin\/","name":"Cand\u00e1s 365","image":{"@type":"ImageObject","@id":"https:\/\/candas365.es\/noticias\/boateng-sufre-contractura-de-gemelo-pero-estara-en-octavos\/#authorImage","url":"https:\/\/secure.gravatar.com\/avatar\/496a8e03d0c493ede1718b7934145dbdf8d89be1036b0eec9544e1094c9de390?s=96&d=mm&r=g","width":96,"height":96,"caption":"Cand\u00e1s 365"},"sameAs":["https:\/\/www.facebook.com\/carrenoactualidad","https:\/\/twitter.com\/nbasturias","https:\/\/www.instagram.com\/nachofdezber\/","https:\/\/www.youtube.com\/channel\/UCZP-2wLEB9Rv6erhFmqVnvg"]},{"@type":"WebPage","@id":"https:\/\/candas365.es\/noticias\/boateng-sufre-contractura-de-gemelo-pero-estara-en-octavos\/#webpage","url":"https:\/\/candas365.es\/noticias\/boateng-sufre-contractura-de-gemelo-pero-estara-en-octavos\/","name":"Boateng sufre contractura de gemelo pero estar\u00e1 en octavos | Cand\u00e1s 365","description":"Par\u00eds, 23 jun (dpa) - El central alem\u00e1n J\u00e9r\u00f4me Boateng sufre una contractura del gemelo derecho, seg\u00fan revel\u00f3 el mi\u00e9rcoles el resultado de un examen m\u00e9dico al jugador del Bayern M\u00fanich, cuya participaci\u00f3n en los octavos de final de la Eurocopa sin embargo no est\u00e1 en duda. Boateng hab\u00eda sido reemplazado en el minuto 76","inLanguage":"es-ES","isPartOf":{"@id":"https:\/\/candas365.es\/noticias\/#website"},"breadcrumb":{"@id":"https:\/\/candas365.es\/noticias\/boateng-sufre-contractura-de-gemelo-pero-estara-en-octavos\/#breadcrumblist"},"author":{"@id":"https:\/\/candas365.es\/noticias\/author\/admin\/#author"},"creator":{"@id":"https:\/\/candas365.es\/noticias\/author\/admin\/#author"},"image":{"@type":"ImageObject","url":"https:\/\/candas365.es\/noticias\/wp-content\/uploads\/2016\/06\/euro2016.jpg","@id":"https:\/\/candas365.es\/noticias\/boateng-sufre-contractura-de-gemelo-pero-estara-en-octavos\/#mainImage","width":800,"height":478},"primaryImageOfPage":{"@id":"https:\/\/candas365.es\/noticias\/boateng-sufre-contractura-de-gemelo-pero-estara-en-octavos\/#mainImage"},"datePublished":"2016-06-23T19:31:06+02:00","dateModified":"2016-06-23T19:31:06+02:00"},{"@type":"WebSite","@id":"https:\/\/candas365.es\/noticias\/#website","url":"https:\/\/candas365.es\/noticias\/","name":"Cand\u00e1s 365","alternateName":"Cand\u00e1s 365 Noticias","description":"Actualidad desde Carre\u00f1o para el mundo","inLanguage":"es-ES","publisher":{"@id":"https:\/\/candas365.es\/noticias\/#organization"}}]},"og:locale":"es_ES","og:site_name":"Cand\u00e1s 365","og:type":"article","og:title":"Boateng sufre contractura de gemelo pero estar\u00e1 en octavos | Cand\u00e1s 365","og:description":"Par\u00eds, 23 jun (dpa) - El central alem\u00e1n J\u00e9r\u00f4me Boateng sufre una contractura del gemelo derecho, seg\u00fan revel\u00f3 el mi\u00e9rcoles el resultado de un examen m\u00e9dico al jugador del Bayern M\u00fanich, cuya participaci\u00f3n en los octavos de final de la Eurocopa sin embargo no est\u00e1 en duda. Boateng hab\u00eda sido reemplazado en el minuto 76","og:url":"https:\/\/candas365.es\/noticias\/boateng-sufre-contractura-de-gemelo-pero-estara-en-octavos\/","og:image":"https:\/\/candas365.es\/noticias\/wp-content\/uploads\/2016\/06\/euro2016.jpg","og:image:secure_url":"https:\/\/candas365.es\/noticias\/wp-content\/uploads\/2016\/06\/euro2016.jpg","og:image:width":800,"og:image:height":478,"article:published_time":"2016-06-23T18:01:06+00:00","article:modified_time":"2016-06-23T18:01:06+00:00","article:publisher":"https:\/\/www.facebook.com\/Nachofdezber","article:author":"https:\/\/www.facebook.com\/carrenoactualidad","twitter:card":"summary_large_image","twitter:site":"@NabercoDigital","twitter:title":"Boateng sufre contractura de gemelo pero estar\u00e1 en octavos | Cand\u00e1s 365","twitter:description":"Par\u00eds, 23 jun (dpa) - El central alem\u00e1n J\u00e9r\u00f4me Boateng sufre una contractura del gemelo derecho, seg\u00fan revel\u00f3 el mi\u00e9rcoles el resultado de un examen m\u00e9dico al jugador del Bayern M\u00fanich, cuya participaci\u00f3n en los octavos de final de la Eurocopa sin embargo no est\u00e1 en duda. Boateng hab\u00eda sido reemplazado en el minuto 76","twitter:creator":"@nbasturias","twitter:image":"https:\/\/candas365.es\/noticias\/wp-content\/uploads\/2016\/06\/euro2016.jpg","twitter:label1":"Escrito por","twitter:data1":"Cand\u00e1s 365","twitter:label2":"Tiempo de lectura estimado","twitter:data2":"1 minuto"},"aioseo_meta_data":{"post_id":"31077","title":null,"description":null,"keywords":null,"keyphrases":null,"primary_term":null,"canonical_url":null,"og_title":null,"og_description":null,"og_object_type":"default","og_image_type":"default","og_image_url":null,"og_image_width":null,"og_image_height":null,"og_image_custom_url":null,"og_image_custom_fields":null,"og_video":null,"og_custom_url":null,"og_article_section":null,"og_article_tags":null,"twitter_use_og":false,"twitter_card":"default","twitter_image_type":"default","twitter_image_url":null,"twitter_image_custom_url":null,"twitter_image_custom_fields":null,"twitter_title":null,"twitter_description":null,"schema":{"blockGraphs":[],"customGraphs":[],"default":{"data":{"Article":[],"Course":[],"Dataset":[],"FAQPage":[],"Movie":[],"Person":[],"Product":[],"ProductReview":[],"Car":[],"Recipe":[],"Service":[],"SoftwareApplication":[],"WebPage":[]},"graphName":"","isEnabled":true},"graphs":[]},"schema_type":null,"schema_type_options":null,"pillar_content":false,"robots_default":true,"robots_noindex":false,"robots_noarchive":false,"robots_nosnippet":false,"robots_nofollow":false,"robots_noimageindex":false,"robots_noodp":false,"robots_notranslate":false,"robots_max_snippet":null,"robots_max_videopreview":null,"robots_max_imagepreview":"large","priority":null,"frequency":null,"location":null,"local_seo":null,"seo_analyzer_scan_date":"2025-08-24 13:23:21","breadcrumb_settings":null,"limit_modified_date":false,"reviewed_by":null,"open_ai":null,"ai":null,"created":"2020-12-21 13:00:01","updated":"2025-08-24 13:23:21"},"aioseo_breadcrumb":"<div class=\"aioseo-breadcrumbs\"><span class=\"aioseo-breadcrumb\">\n\t<a href=\"https:\/\/candas365.es\/noticias\" title=\"Home\">Home<\/a>\n<\/span><span class=\"aioseo-breadcrumb-separator\">&ndash;<\/span><span class=\"aioseo-breadcrumb\">\n\t<a href=\"https:\/\/candas365.es\/noticias\/category\/actualidad\/\" title=\"Actualidad\">Actualidad<\/a>\n<\/span><span class=\"aioseo-breadcrumb-separator\">&ndash;<\/span><span class=\"aioseo-breadcrumb\">\n\tBoateng sufre contractura de gemelo pero estar\u00e1 en octavos\n<\/span><\/div>","aioseo_breadcrumb_json":[{"label":"Home","link":"https:\/\/candas365.es\/noticias"},{"label":"Actualidad","link":"https:\/\/candas365.es\/noticias\/category\/actualidad\/"},{"label":"Boateng sufre contractura de gemelo pero estar\u00e1 en octavos","link":"https:\/\/candas365.es\/noticias\/boateng-sufre-contractura-de-gemelo-pero-estara-en-octavos\/"}],"_links":{"self":[{"href":"https:\/\/candas365.es\/noticias\/wp-json\/wp\/v2\/posts\/31077","targetHints":{"allow":["GET"]}}],"collection":[{"href":"https:\/\/candas365.es\/noticias\/wp-json\/wp\/v2\/posts"}],"about":[{"href":"https:\/\/candas365.es\/noticias\/wp-json\/wp\/v2\/types\/post"}],"author":[{"embeddable":true,"href":"https:\/\/candas365.es\/noticias\/wp-json\/wp\/v2\/users\/1"}],"replies":[{"embeddable":true,"href":"https:\/\/candas365.es\/noticias\/wp-json\/wp\/v2\/comments?post=31077"}],"version-history":[{"count":0,"href":"https:\/\/candas365.es\/noticias\/wp-json\/wp\/v2\/posts\/31077\/revisions"}],"wp:featuredmedia":[{"embeddable":true,"href":"https:\/\/candas365.es\/noticias\/wp-json\/wp\/v2\/media\/29884"}],"wp:attachment":[{"href":"https:\/\/candas365.es\/noticias\/wp-json\/wp\/v2\/media?parent=31077"}],"wp:term":[{"taxonomy":"category","embeddable":true,"href":"https:\/\/candas365.es\/noticias\/wp-json\/wp\/v2\/categories?post=31077"},{"taxonomy":"post_tag","embeddable":true,"href":"https:\/\/candas365.es\/noticias\/wp-json\/wp\/v2\/tags?post=31077"}],"curies":[{"name":"wp","href":"https:\/\/api.w.org\/{rel}","templated":true}]}}