{"id":31073,"date":"2016-06-23T19:29:29","date_gmt":"2016-06-23T17:59:29","guid":{"rendered":"http:\/\/candas365.es\/noticias\/?p=31073"},"modified":"2016-06-23T19:29:29","modified_gmt":"2016-06-23T17:59:29","slug":"la-mitad-de-islamistas-alemanes-se-encuentra-en-el-extranjero","status":"publish","type":"post","link":"https:\/\/candas365.es\/noticias\/la-mitad-de-islamistas-alemanes-se-encuentra-en-el-extranjero\/","title":{"rendered":"La mitad de islamistas alemanes se encuentra en el extranjero"},"content":{"rendered":"<p>Berl\u00edn, 23 jun (dpa) &#8211; La mitad de los cerca de 500 islamistas considerados capaces de atentar en Alemania se encuentran en estos momentos en el extranjero, dijo a dpa el presidente de la Polic\u00eda criminal alemana (BKA, por sus siglas en alem\u00e1n), Holger M\u00fcnch.<\/p>\n<p>\u00abM\u00e1s de la mitad de los potenciales agresores no est\u00e1 en Alemania. Tenemos que saber lo que hacen, con qui\u00e9n se comunican y si ma\u00f1ana estar\u00e1n de vuelta. Pero es m\u00e1s dif\u00edcil seguirles el rastro\u00bb, dijo M\u00fcnch. Agreg\u00f3 que muchos est\u00e1n en Siria e Irak, pero en otros casos no se conoce con exactitud su paradero. <\/p>\n<p>La cifra de estos yihadistas alemanes asciende a 501 y nunca fue tan alta como ahora, destac\u00f3 el dirigente policial. En Alemania se encuentran en estos momentos 253 islamistas. \u00abY 79 de ellos est\u00e1n en prisi\u00f3n\u00bb. Estos presos tambi\u00e9n son observados para averiguar con qui\u00e9n se comunican y si se radicalizan m\u00e1s.<\/p>\n<p>M\u00fcnch cifr\u00f3 en 820 el n\u00famero de islamistas que viajaron de Alemania a Siria e Irak y precis\u00f3 que la ola de viajes ha mermado debido a los reveses militares sufridos por las milicias terroristas de Estado Isl\u00e1mico y a los controles m\u00e1s estrictos para entrar en Turqu\u00eda.<\/p>\n<p>Adem\u00e1s, algunos Estados europeos han tomado recaudos para evitar m\u00e1s salidas. \u00ab\u00danicamente en Alemania hemos impedido m\u00e1s de cien salidas\u00bb. Las autoridades alemanas cuentan con la posibilidad de retirar el pasaporte y tambi\u00e9n el documento de identidad a sospechosos para evitar que abandonen el pa\u00eds.<\/p>\n<p>\u00abLas medidas est\u00e1n dando sus frutos\u00bb, destac\u00f3 M\u00fcnch, pero matiz\u00f3 que las derrotas militares de Estado Isl\u00e1mico en Siria e Irak podr\u00edan aumentar el peligro de atentados en Europa.<\/p>\n<p>\u00abEl Estado Isl\u00e1mico quiere seguir siendo atractivo y demostrar su capacidad de actuar. Si no lo puede hacer ganando terreno en los combates lo tratar\u00e1 de hacer llamando a sus seguidores a perpetrar atentados. El grupo terrorista reclama para s\u00ed la hegemon\u00eda entre los islamistas\u00bb.<\/p>\n<p>M\u00fcnch advirti\u00f3 que todav\u00eda no ha habido una gran ola de regresos de combatientes de Siria e Irak. \u00abEl retorno de esta gente plantear\u00e1 m\u00e1s desaf\u00edos a las autoridades de seguridad. Est\u00e1n m\u00e1s radicalizados, tienen una mayor experiencia de combate y est\u00e1n mejor conectados, tambi\u00e9n a nivel internacional\u00bb, analiz\u00f3. Seg\u00fan cifras de la BKA, un tercio de los 820 yihadistas que salieron de Alemania ha regresado y unos 140 han muerto en Siria o Irak.<\/p>\n","protected":false},"excerpt":{"rendered":"<p>Berl\u00edn, 23 jun (dpa) &#8211; La mitad de los cerca de 500 islamistas considerados capaces de atentar en Alemania se encuentran en estos momentos en el extranjero, dijo a dpa el presidente de la Polic\u00eda criminal alemana (BKA, por sus siglas en alem\u00e1n), Holger M\u00fcnch. \u00abM\u00e1s de la mitad de los potenciales agresores no est\u00e1<\/p>\n","protected":false},"author":1,"featured_media":16457,"comment_status":"closed","ping_status":"closed","sticky":false,"template":"","format":"standard","meta":{"footnotes":""},"categories":[343],"tags":[],"class_list":{"0":"post-31073","1":"post","2":"type-post","3":"status-publish","4":"format-standard","5":"has-post-thumbnail","7":"category-actualidad"},"aioseo_notices":[],"aioseo_head":"\n\t\t<!-- All in One SEO Pro 4.9.6.2 - aioseo.com -->\n\t<meta name=\"description\" content=\"Berl\u00edn, 23 jun (dpa) - La mitad de los cerca de 500 islamistas considerados capaces de atentar en Alemania se encuentran en estos momentos en el extranjero, dijo a dpa el presidente de la Polic\u00eda criminal alemana (BKA, por sus siglas en alem\u00e1n), Holger M\u00fcnch. &quot;M\u00e1s de la mitad de los potenciales agresores no est\u00e1\" \/>\n\t<meta name=\"robots\" content=\"max-image-preview:large\" \/>\n\t<meta name=\"author\" content=\"Cand\u00e1s 365\"\/>\n\t<meta name=\"google-site-verification\" content=\"UA-32230408-1\" \/>\n\t<meta name=\"msvalidate.01\" content=\"354F3CDFB2DA171B47FBE9ABF1F88D5\" \/>\n\t<meta name=\"keywords\" content=\"actualidad\" \/>\n\t<link rel=\"canonical\" href=\"https:\/\/candas365.es\/noticias\/la-mitad-de-islamistas-alemanes-se-encuentra-en-el-extranjero\/\" \/>\n\t<meta name=\"generator\" content=\"All in One SEO Pro (AIOSEO) 4.9.6.2\" \/>\n\t\t<meta property=\"og:locale\" content=\"es_ES\" \/>\n\t\t<meta property=\"og:site_name\" content=\"Cand\u00e1s 365\" \/>\n\t\t<meta property=\"og:type\" content=\"article\" \/>\n\t\t<meta property=\"og:title\" content=\"La mitad de islamistas alemanes se encuentra en el extranjero | Cand\u00e1s 365\" \/>\n\t\t<meta property=\"og:description\" content=\"Berl\u00edn, 23 jun (dpa) - La mitad de los cerca de 500 islamistas considerados capaces de atentar en Alemania se encuentran en estos momentos en el extranjero, dijo a dpa el presidente de la Polic\u00eda criminal alemana (BKA, por sus siglas en alem\u00e1n), Holger M\u00fcnch. &quot;M\u00e1s de la mitad de los potenciales agresores no est\u00e1\" \/>\n\t\t<meta property=\"og:url\" content=\"https:\/\/candas365.es\/noticias\/la-mitad-de-islamistas-alemanes-se-encuentra-en-el-extranjero\/\" \/>\n\t\t<meta property=\"og:image\" content=\"https:\/\/candas365.es\/noticias\/wp-content\/uploads\/2015\/09\/c365noticias.jpg\" \/>\n\t\t<meta property=\"og:image:secure_url\" content=\"https:\/\/candas365.es\/noticias\/wp-content\/uploads\/2015\/09\/c365noticias.jpg\" \/>\n\t\t<meta property=\"og:image:width\" content=\"655\" \/>\n\t\t<meta property=\"og:image:height\" content=\"360\" \/>\n\t\t<meta property=\"article:published_time\" content=\"2016-06-23T17:59:29+00:00\" \/>\n\t\t<meta property=\"article:modified_time\" content=\"2016-06-23T17:59:29+00:00\" \/>\n\t\t<meta property=\"article:publisher\" content=\"https:\/\/www.facebook.com\/Nachofdezber\" \/>\n\t\t<meta property=\"article:author\" content=\"https:\/\/www.facebook.com\/carrenoactualidad\" \/>\n\t\t<meta name=\"twitter:card\" content=\"summary_large_image\" \/>\n\t\t<meta name=\"twitter:site\" content=\"@NabercoDigital\" \/>\n\t\t<meta name=\"twitter:title\" content=\"La mitad de islamistas alemanes se encuentra en el extranjero | Cand\u00e1s 365\" \/>\n\t\t<meta name=\"twitter:description\" content=\"Berl\u00edn, 23 jun (dpa) - La mitad de los cerca de 500 islamistas considerados capaces de atentar en Alemania se encuentran en estos momentos en el extranjero, dijo a dpa el presidente de la Polic\u00eda criminal alemana (BKA, por sus siglas en alem\u00e1n), Holger M\u00fcnch. &quot;M\u00e1s de la mitad de los potenciales agresores no est\u00e1\" \/>\n\t\t<meta name=\"twitter:creator\" content=\"@nbasturias\" \/>\n\t\t<meta name=\"twitter:image\" content=\"https:\/\/candas365.es\/noticias\/wp-content\/uploads\/2015\/09\/c365noticias.jpg\" \/>\n\t\t<meta name=\"twitter:label1\" content=\"Escrito por\" \/>\n\t\t<meta name=\"twitter:data1\" content=\"Cand\u00e1s 365\" \/>\n\t\t<meta name=\"twitter:label2\" content=\"Tiempo de lectura estimado\" \/>\n\t\t<meta name=\"twitter:data2\" content=\"2 minutos\" \/>\n\t\t<script type=\"application\/ld+json\" class=\"aioseo-schema\">\n\t\t\t{\"@context\":\"https:\\\/\\\/schema.org\",\"@graph\":[{\"@type\":\"BreadcrumbList\",\"@id\":\"https:\\\/\\\/candas365.es\\\/noticias\\\/la-mitad-de-islamistas-alemanes-se-encuentra-en-el-extranjero\\\/#breadcrumblist\",\"itemListElement\":[{\"@type\":\"ListItem\",\"@id\":\"https:\\\/\\\/candas365.es\\\/noticias#listItem\",\"position\":1,\"name\":\"Home\",\"item\":\"https:\\\/\\\/candas365.es\\\/noticias\",\"nextItem\":{\"@type\":\"ListItem\",\"@id\":\"https:\\\/\\\/candas365.es\\\/noticias\\\/category\\\/actualidad\\\/#listItem\",\"name\":\"Actualidad\"}},{\"@type\":\"ListItem\",\"@id\":\"https:\\\/\\\/candas365.es\\\/noticias\\\/category\\\/actualidad\\\/#listItem\",\"position\":2,\"name\":\"Actualidad\",\"item\":\"https:\\\/\\\/candas365.es\\\/noticias\\\/category\\\/actualidad\\\/\",\"nextItem\":{\"@type\":\"ListItem\",\"@id\":\"https:\\\/\\\/candas365.es\\\/noticias\\\/la-mitad-de-islamistas-alemanes-se-encuentra-en-el-extranjero\\\/#listItem\",\"name\":\"La mitad de islamistas alemanes se encuentra en el extranjero\"},\"previousItem\":{\"@type\":\"ListItem\",\"@id\":\"https:\\\/\\\/candas365.es\\\/noticias#listItem\",\"name\":\"Home\"}},{\"@type\":\"ListItem\",\"@id\":\"https:\\\/\\\/candas365.es\\\/noticias\\\/la-mitad-de-islamistas-alemanes-se-encuentra-en-el-extranjero\\\/#listItem\",\"position\":3,\"name\":\"La mitad de islamistas alemanes se encuentra en el extranjero\",\"previousItem\":{\"@type\":\"ListItem\",\"@id\":\"https:\\\/\\\/candas365.es\\\/noticias\\\/category\\\/actualidad\\\/#listItem\",\"name\":\"Actualidad\"}}]},{\"@type\":\"NewsArticle\",\"@id\":\"https:\\\/\\\/candas365.es\\\/noticias\\\/la-mitad-de-islamistas-alemanes-se-encuentra-en-el-extranjero\\\/#newsarticle\",\"name\":\"La mitad de islamistas alemanes se encuentra en el extranjero | Cand\\u00e1s 365\",\"headline\":\"La mitad de islamistas alemanes se encuentra en el extranjero\",\"author\":{\"@id\":\"https:\\\/\\\/candas365.es\\\/noticias\\\/author\\\/admin\\\/#author\"},\"publisher\":{\"@id\":\"https:\\\/\\\/candas365.es\\\/noticias\\\/#organization\"},\"image\":{\"@type\":\"ImageObject\",\"url\":\"https:\\\/\\\/candas365.es\\\/noticias\\\/wp-content\\\/uploads\\\/2015\\\/09\\\/c365noticias.jpg\",\"width\":655,\"height\":360},\"datePublished\":\"2016-06-23T19:29:29+02:00\",\"dateModified\":\"2016-06-23T19:29:29+02:00\",\"inLanguage\":\"es-ES\",\"mainEntityOfPage\":{\"@id\":\"https:\\\/\\\/candas365.es\\\/noticias\\\/la-mitad-de-islamistas-alemanes-se-encuentra-en-el-extranjero\\\/#webpage\"},\"isPartOf\":{\"@id\":\"https:\\\/\\\/candas365.es\\\/noticias\\\/la-mitad-de-islamistas-alemanes-se-encuentra-en-el-extranjero\\\/#webpage\"},\"articleSection\":\"Actualidad\",\"dateline\":\"Publicado el junio 23, 2016.\"},{\"@type\":\"Organization\",\"@id\":\"https:\\\/\\\/candas365.es\\\/noticias\\\/#organization\",\"name\":\"Cand\\u00e1s 365\",\"description\":\"Cand\\u00e1s 365 es un diario digital independiente, fundado en 2012, con base en Asturias. Informamos con rigor sobre actualidad, sociedad, cultura y ocio, con una mirada local y global.\",\"url\":\"https:\\\/\\\/candas365.es\\\/noticias\\\/\",\"email\":\"info@candas365.es\",\"telephone\":\"+34652131393\",\"foundingDate\":\"2012-06-10\",\"logo\":{\"@type\":\"ImageObject\",\"url\":\"https:\\\/\\\/candas365.es\\\/noticias\\\/wp-content\\\/uploads\\\/2024\\\/09\\\/Candas-365-Redes.jpg\",\"@id\":\"https:\\\/\\\/candas365.es\\\/noticias\\\/la-mitad-de-islamistas-alemanes-se-encuentra-en-el-extranjero\\\/#organizationLogo\",\"width\":1152,\"height\":864,\"caption\":\"Cand\\u00e1s 365 Redes\"},\"image\":{\"@id\":\"https:\\\/\\\/candas365.es\\\/noticias\\\/la-mitad-de-islamistas-alemanes-se-encuentra-en-el-extranjero\\\/#organizationLogo\"},\"sameAs\":[\"https:\\\/\\\/www.facebook.com\\\/Nachofdezber\",\"https:\\\/\\\/x.com\\\/NabercoDigital\",\"https:\\\/\\\/www.instagram.com\\\/nachofdezber\\\/\",\"https:\\\/\\\/www.youtube.com\\\/channel\\\/UCZP-2wLEB9Rv6erhFmqVnvg\"],\"address\":{\"@id\":\"https:\\\/\\\/candas365.es\\\/noticias\\\/#postaladdress\",\"@type\":\"PostalAddress\",\"streetAddress\":\"san antonio 4, san antonio 4\",\"postalCode\":\"33430\",\"addressLocality\":\"Cand\\u00e1s\",\"addressRegion\":\"Asturias\",\"addressCountry\":\"ES\"}},{\"@type\":\"Person\",\"@id\":\"https:\\\/\\\/candas365.es\\\/noticias\\\/author\\\/admin\\\/#author\",\"url\":\"https:\\\/\\\/candas365.es\\\/noticias\\\/author\\\/admin\\\/\",\"name\":\"Cand\\u00e1s 365\",\"image\":{\"@type\":\"ImageObject\",\"@id\":\"https:\\\/\\\/candas365.es\\\/noticias\\\/la-mitad-de-islamistas-alemanes-se-encuentra-en-el-extranjero\\\/#authorImage\",\"url\":\"https:\\\/\\\/secure.gravatar.com\\\/avatar\\\/496a8e03d0c493ede1718b7934145dbdf8d89be1036b0eec9544e1094c9de390?s=96&d=mm&r=g\",\"width\":96,\"height\":96,\"caption\":\"Cand\\u00e1s 365\"},\"sameAs\":[\"https:\\\/\\\/www.facebook.com\\\/carrenoactualidad\",\"https:\\\/\\\/twitter.com\\\/nbasturias\",\"https:\\\/\\\/www.instagram.com\\\/nachofdezber\\\/\",\"https:\\\/\\\/www.youtube.com\\\/channel\\\/UCZP-2wLEB9Rv6erhFmqVnvg\"]},{\"@type\":\"WebPage\",\"@id\":\"https:\\\/\\\/candas365.es\\\/noticias\\\/la-mitad-de-islamistas-alemanes-se-encuentra-en-el-extranjero\\\/#webpage\",\"url\":\"https:\\\/\\\/candas365.es\\\/noticias\\\/la-mitad-de-islamistas-alemanes-se-encuentra-en-el-extranjero\\\/\",\"name\":\"La mitad de islamistas alemanes se encuentra en el extranjero | Cand\\u00e1s 365\",\"description\":\"Berl\\u00edn, 23 jun (dpa) - La mitad de los cerca de 500 islamistas considerados capaces de atentar en Alemania se encuentran en estos momentos en el extranjero, dijo a dpa el presidente de la Polic\\u00eda criminal alemana (BKA, por sus siglas en alem\\u00e1n), Holger M\\u00fcnch. \\\"M\\u00e1s de la mitad de los potenciales agresores no est\\u00e1\",\"inLanguage\":\"es-ES\",\"isPartOf\":{\"@id\":\"https:\\\/\\\/candas365.es\\\/noticias\\\/#website\"},\"breadcrumb\":{\"@id\":\"https:\\\/\\\/candas365.es\\\/noticias\\\/la-mitad-de-islamistas-alemanes-se-encuentra-en-el-extranjero\\\/#breadcrumblist\"},\"author\":{\"@id\":\"https:\\\/\\\/candas365.es\\\/noticias\\\/author\\\/admin\\\/#author\"},\"creator\":{\"@id\":\"https:\\\/\\\/candas365.es\\\/noticias\\\/author\\\/admin\\\/#author\"},\"image\":{\"@type\":\"ImageObject\",\"url\":\"https:\\\/\\\/candas365.es\\\/noticias\\\/wp-content\\\/uploads\\\/2015\\\/09\\\/c365noticias.jpg\",\"@id\":\"https:\\\/\\\/candas365.es\\\/noticias\\\/la-mitad-de-islamistas-alemanes-se-encuentra-en-el-extranjero\\\/#mainImage\",\"width\":655,\"height\":360},\"primaryImageOfPage\":{\"@id\":\"https:\\\/\\\/candas365.es\\\/noticias\\\/la-mitad-de-islamistas-alemanes-se-encuentra-en-el-extranjero\\\/#mainImage\"},\"datePublished\":\"2016-06-23T19:29:29+02:00\",\"dateModified\":\"2016-06-23T19:29:29+02:00\"},{\"@type\":\"WebSite\",\"@id\":\"https:\\\/\\\/candas365.es\\\/noticias\\\/#website\",\"url\":\"https:\\\/\\\/candas365.es\\\/noticias\\\/\",\"name\":\"Cand\\u00e1s 365\",\"alternateName\":\"Cand\\u00e1s 365 Noticias\",\"description\":\"Actualidad desde Carre\\u00f1o para el mundo\",\"inLanguage\":\"es-ES\",\"publisher\":{\"@id\":\"https:\\\/\\\/candas365.es\\\/noticias\\\/#organization\"}}]}\n\t\t<\/script>\n\t\t<!-- All in One SEO Pro -->\r\n\t\t<title>La mitad de islamistas alemanes se encuentra en el extranjero | Cand\u00e1s 365<\/title>\n\n","aioseo_head_json":{"title":"La mitad de islamistas alemanes se encuentra en el extranjero | Cand\u00e1s 365","description":"Berl\u00edn, 23 jun (dpa) - La mitad de los cerca de 500 islamistas considerados capaces de atentar en Alemania se encuentran en estos momentos en el extranjero, dijo a dpa el presidente de la Polic\u00eda criminal alemana (BKA, por sus siglas en alem\u00e1n), Holger M\u00fcnch. \"M\u00e1s de la mitad de los potenciales agresores no est\u00e1","canonical_url":"https:\/\/candas365.es\/noticias\/la-mitad-de-islamistas-alemanes-se-encuentra-en-el-extranjero\/","robots":"max-image-preview:large","keywords":"actualidad","webmasterTools":{"google-site-verification":"UA-32230408-1","msvalidate.01":"354F3CDFB2DA171B47FBE9ABF1F88D5","miscellaneous":""},"schema":{"@context":"https:\/\/schema.org","@graph":[{"@type":"BreadcrumbList","@id":"https:\/\/candas365.es\/noticias\/la-mitad-de-islamistas-alemanes-se-encuentra-en-el-extranjero\/#breadcrumblist","itemListElement":[{"@type":"ListItem","@id":"https:\/\/candas365.es\/noticias#listItem","position":1,"name":"Home","item":"https:\/\/candas365.es\/noticias","nextItem":{"@type":"ListItem","@id":"https:\/\/candas365.es\/noticias\/category\/actualidad\/#listItem","name":"Actualidad"}},{"@type":"ListItem","@id":"https:\/\/candas365.es\/noticias\/category\/actualidad\/#listItem","position":2,"name":"Actualidad","item":"https:\/\/candas365.es\/noticias\/category\/actualidad\/","nextItem":{"@type":"ListItem","@id":"https:\/\/candas365.es\/noticias\/la-mitad-de-islamistas-alemanes-se-encuentra-en-el-extranjero\/#listItem","name":"La mitad de islamistas alemanes se encuentra en el extranjero"},"previousItem":{"@type":"ListItem","@id":"https:\/\/candas365.es\/noticias#listItem","name":"Home"}},{"@type":"ListItem","@id":"https:\/\/candas365.es\/noticias\/la-mitad-de-islamistas-alemanes-se-encuentra-en-el-extranjero\/#listItem","position":3,"name":"La mitad de islamistas alemanes se encuentra en el extranjero","previousItem":{"@type":"ListItem","@id":"https:\/\/candas365.es\/noticias\/category\/actualidad\/#listItem","name":"Actualidad"}}]},{"@type":"NewsArticle","@id":"https:\/\/candas365.es\/noticias\/la-mitad-de-islamistas-alemanes-se-encuentra-en-el-extranjero\/#newsarticle","name":"La mitad de islamistas alemanes se encuentra en el extranjero | Cand\u00e1s 365","headline":"La mitad de islamistas alemanes se encuentra en el extranjero","author":{"@id":"https:\/\/candas365.es\/noticias\/author\/admin\/#author"},"publisher":{"@id":"https:\/\/candas365.es\/noticias\/#organization"},"image":{"@type":"ImageObject","url":"https:\/\/candas365.es\/noticias\/wp-content\/uploads\/2015\/09\/c365noticias.jpg","width":655,"height":360},"datePublished":"2016-06-23T19:29:29+02:00","dateModified":"2016-06-23T19:29:29+02:00","inLanguage":"es-ES","mainEntityOfPage":{"@id":"https:\/\/candas365.es\/noticias\/la-mitad-de-islamistas-alemanes-se-encuentra-en-el-extranjero\/#webpage"},"isPartOf":{"@id":"https:\/\/candas365.es\/noticias\/la-mitad-de-islamistas-alemanes-se-encuentra-en-el-extranjero\/#webpage"},"articleSection":"Actualidad","dateline":"Publicado el junio 23, 2016."},{"@type":"Organization","@id":"https:\/\/candas365.es\/noticias\/#organization","name":"Cand\u00e1s 365","description":"Cand\u00e1s 365 es un diario digital independiente, fundado en 2012, con base en Asturias. Informamos con rigor sobre actualidad, sociedad, cultura y ocio, con una mirada local y global.","url":"https:\/\/candas365.es\/noticias\/","email":"info@candas365.es","telephone":"+34652131393","foundingDate":"2012-06-10","logo":{"@type":"ImageObject","url":"https:\/\/candas365.es\/noticias\/wp-content\/uploads\/2024\/09\/Candas-365-Redes.jpg","@id":"https:\/\/candas365.es\/noticias\/la-mitad-de-islamistas-alemanes-se-encuentra-en-el-extranjero\/#organizationLogo","width":1152,"height":864,"caption":"Cand\u00e1s 365 Redes"},"image":{"@id":"https:\/\/candas365.es\/noticias\/la-mitad-de-islamistas-alemanes-se-encuentra-en-el-extranjero\/#organizationLogo"},"sameAs":["https:\/\/www.facebook.com\/Nachofdezber","https:\/\/x.com\/NabercoDigital","https:\/\/www.instagram.com\/nachofdezber\/","https:\/\/www.youtube.com\/channel\/UCZP-2wLEB9Rv6erhFmqVnvg"],"address":{"@id":"https:\/\/candas365.es\/noticias\/#postaladdress","@type":"PostalAddress","streetAddress":"san antonio 4, san antonio 4","postalCode":"33430","addressLocality":"Cand\u00e1s","addressRegion":"Asturias","addressCountry":"ES"}},{"@type":"Person","@id":"https:\/\/candas365.es\/noticias\/author\/admin\/#author","url":"https:\/\/candas365.es\/noticias\/author\/admin\/","name":"Cand\u00e1s 365","image":{"@type":"ImageObject","@id":"https:\/\/candas365.es\/noticias\/la-mitad-de-islamistas-alemanes-se-encuentra-en-el-extranjero\/#authorImage","url":"https:\/\/secure.gravatar.com\/avatar\/496a8e03d0c493ede1718b7934145dbdf8d89be1036b0eec9544e1094c9de390?s=96&d=mm&r=g","width":96,"height":96,"caption":"Cand\u00e1s 365"},"sameAs":["https:\/\/www.facebook.com\/carrenoactualidad","https:\/\/twitter.com\/nbasturias","https:\/\/www.instagram.com\/nachofdezber\/","https:\/\/www.youtube.com\/channel\/UCZP-2wLEB9Rv6erhFmqVnvg"]},{"@type":"WebPage","@id":"https:\/\/candas365.es\/noticias\/la-mitad-de-islamistas-alemanes-se-encuentra-en-el-extranjero\/#webpage","url":"https:\/\/candas365.es\/noticias\/la-mitad-de-islamistas-alemanes-se-encuentra-en-el-extranjero\/","name":"La mitad de islamistas alemanes se encuentra en el extranjero | Cand\u00e1s 365","description":"Berl\u00edn, 23 jun (dpa) - La mitad de los cerca de 500 islamistas considerados capaces de atentar en Alemania se encuentran en estos momentos en el extranjero, dijo a dpa el presidente de la Polic\u00eda criminal alemana (BKA, por sus siglas en alem\u00e1n), Holger M\u00fcnch. \"M\u00e1s de la mitad de los potenciales agresores no est\u00e1","inLanguage":"es-ES","isPartOf":{"@id":"https:\/\/candas365.es\/noticias\/#website"},"breadcrumb":{"@id":"https:\/\/candas365.es\/noticias\/la-mitad-de-islamistas-alemanes-se-encuentra-en-el-extranjero\/#breadcrumblist"},"author":{"@id":"https:\/\/candas365.es\/noticias\/author\/admin\/#author"},"creator":{"@id":"https:\/\/candas365.es\/noticias\/author\/admin\/#author"},"image":{"@type":"ImageObject","url":"https:\/\/candas365.es\/noticias\/wp-content\/uploads\/2015\/09\/c365noticias.jpg","@id":"https:\/\/candas365.es\/noticias\/la-mitad-de-islamistas-alemanes-se-encuentra-en-el-extranjero\/#mainImage","width":655,"height":360},"primaryImageOfPage":{"@id":"https:\/\/candas365.es\/noticias\/la-mitad-de-islamistas-alemanes-se-encuentra-en-el-extranjero\/#mainImage"},"datePublished":"2016-06-23T19:29:29+02:00","dateModified":"2016-06-23T19:29:29+02:00"},{"@type":"WebSite","@id":"https:\/\/candas365.es\/noticias\/#website","url":"https:\/\/candas365.es\/noticias\/","name":"Cand\u00e1s 365","alternateName":"Cand\u00e1s 365 Noticias","description":"Actualidad desde Carre\u00f1o para el mundo","inLanguage":"es-ES","publisher":{"@id":"https:\/\/candas365.es\/noticias\/#organization"}}]},"og:locale":"es_ES","og:site_name":"Cand\u00e1s 365","og:type":"article","og:title":"La mitad de islamistas alemanes se encuentra en el extranjero | Cand\u00e1s 365","og:description":"Berl\u00edn, 23 jun (dpa) - La mitad de los cerca de 500 islamistas considerados capaces de atentar en Alemania se encuentran en estos momentos en el extranjero, dijo a dpa el presidente de la Polic\u00eda criminal alemana (BKA, por sus siglas en alem\u00e1n), Holger M\u00fcnch. &quot;M\u00e1s de la mitad de los potenciales agresores no est\u00e1","og:url":"https:\/\/candas365.es\/noticias\/la-mitad-de-islamistas-alemanes-se-encuentra-en-el-extranjero\/","og:image":"https:\/\/candas365.es\/noticias\/wp-content\/uploads\/2015\/09\/c365noticias.jpg","og:image:secure_url":"https:\/\/candas365.es\/noticias\/wp-content\/uploads\/2015\/09\/c365noticias.jpg","og:image:width":655,"og:image:height":360,"article:published_time":"2016-06-23T17:59:29+00:00","article:modified_time":"2016-06-23T17:59:29+00:00","article:publisher":"https:\/\/www.facebook.com\/Nachofdezber","article:author":"https:\/\/www.facebook.com\/carrenoactualidad","twitter:card":"summary_large_image","twitter:site":"@NabercoDigital","twitter:title":"La mitad de islamistas alemanes se encuentra en el extranjero | Cand\u00e1s 365","twitter:description":"Berl\u00edn, 23 jun (dpa) - La mitad de los cerca de 500 islamistas considerados capaces de atentar en Alemania se encuentran en estos momentos en el extranjero, dijo a dpa el presidente de la Polic\u00eda criminal alemana (BKA, por sus siglas en alem\u00e1n), Holger M\u00fcnch. &quot;M\u00e1s de la mitad de los potenciales agresores no est\u00e1","twitter:creator":"@nbasturias","twitter:image":"https:\/\/candas365.es\/noticias\/wp-content\/uploads\/2015\/09\/c365noticias.jpg","twitter:label1":"Escrito por","twitter:data1":"Cand\u00e1s 365","twitter:label2":"Tiempo de lectura estimado","twitter:data2":"2 minutos"},"aioseo_meta_data":{"post_id":"31073","title":null,"description":null,"keywords":null,"keyphrases":null,"primary_term":null,"canonical_url":null,"og_title":null,"og_description":null,"og_object_type":"default","og_image_type":"default","og_image_url":null,"og_image_width":null,"og_image_height":null,"og_image_custom_url":null,"og_image_custom_fields":null,"og_video":null,"og_custom_url":null,"og_article_section":null,"og_article_tags":null,"twitter_use_og":false,"twitter_card":"default","twitter_image_type":"default","twitter_image_url":null,"twitter_image_custom_url":null,"twitter_image_custom_fields":null,"twitter_title":null,"twitter_description":null,"schema":{"blockGraphs":[],"customGraphs":[],"default":{"data":{"Article":[],"Course":[],"Dataset":[],"FAQPage":[],"Movie":[],"Person":[],"Product":[],"ProductReview":[],"Car":[],"Recipe":[],"Service":[],"SoftwareApplication":[],"WebPage":[]},"graphName":"","isEnabled":true},"graphs":[]},"schema_type":null,"schema_type_options":null,"pillar_content":false,"robots_default":true,"robots_noindex":false,"robots_noarchive":false,"robots_nosnippet":false,"robots_nofollow":false,"robots_noimageindex":false,"robots_noodp":false,"robots_notranslate":false,"robots_max_snippet":null,"robots_max_videopreview":null,"robots_max_imagepreview":"large","priority":null,"frequency":null,"location":null,"local_seo":null,"seo_analyzer_scan_date":"2025-08-24 13:23:19","breadcrumb_settings":null,"limit_modified_date":false,"reviewed_by":null,"open_ai":null,"ai":null,"created":"2020-12-21 13:00:01","updated":"2025-08-24 13:23:19"},"aioseo_breadcrumb":"<div class=\"aioseo-breadcrumbs\"><span class=\"aioseo-breadcrumb\">\n\t<a href=\"https:\/\/candas365.es\/noticias\" title=\"Home\">Home<\/a>\n<\/span><span class=\"aioseo-breadcrumb-separator\">&ndash;<\/span><span class=\"aioseo-breadcrumb\">\n\t<a href=\"https:\/\/candas365.es\/noticias\/category\/actualidad\/\" title=\"Actualidad\">Actualidad<\/a>\n<\/span><span class=\"aioseo-breadcrumb-separator\">&ndash;<\/span><span class=\"aioseo-breadcrumb\">\n\tLa mitad de islamistas alemanes se encuentra en el extranjero\n<\/span><\/div>","aioseo_breadcrumb_json":[{"label":"Home","link":"https:\/\/candas365.es\/noticias"},{"label":"Actualidad","link":"https:\/\/candas365.es\/noticias\/category\/actualidad\/"},{"label":"La mitad de islamistas alemanes se encuentra en el extranjero","link":"https:\/\/candas365.es\/noticias\/la-mitad-de-islamistas-alemanes-se-encuentra-en-el-extranjero\/"}],"_links":{"self":[{"href":"https:\/\/candas365.es\/noticias\/wp-json\/wp\/v2\/posts\/31073","targetHints":{"allow":["GET"]}}],"collection":[{"href":"https:\/\/candas365.es\/noticias\/wp-json\/wp\/v2\/posts"}],"about":[{"href":"https:\/\/candas365.es\/noticias\/wp-json\/wp\/v2\/types\/post"}],"author":[{"embeddable":true,"href":"https:\/\/candas365.es\/noticias\/wp-json\/wp\/v2\/users\/1"}],"replies":[{"embeddable":true,"href":"https:\/\/candas365.es\/noticias\/wp-json\/wp\/v2\/comments?post=31073"}],"version-history":[{"count":0,"href":"https:\/\/candas365.es\/noticias\/wp-json\/wp\/v2\/posts\/31073\/revisions"}],"wp:featuredmedia":[{"embeddable":true,"href":"https:\/\/candas365.es\/noticias\/wp-json\/wp\/v2\/media\/16457"}],"wp:attachment":[{"href":"https:\/\/candas365.es\/noticias\/wp-json\/wp\/v2\/media?parent=31073"}],"wp:term":[{"taxonomy":"category","embeddable":true,"href":"https:\/\/candas365.es\/noticias\/wp-json\/wp\/v2\/categories?post=31073"},{"taxonomy":"post_tag","embeddable":true,"href":"https:\/\/candas365.es\/noticias\/wp-json\/wp\/v2\/tags?post=31073"}],"curies":[{"name":"wp","href":"https:\/\/api.w.org\/{rel}","templated":true}]}}