{"id":31071,"date":"2016-06-23T19:28:53","date_gmt":"2016-06-23T17:58:53","guid":{"rendered":"http:\/\/candas365.es\/noticias\/?p=31071"},"modified":"2016-06-23T19:28:53","modified_gmt":"2016-06-23T17:58:53","slug":"diario-aleman-reconocera-gol-de-wembley-si-britanicos-siguen-en-ue","status":"publish","type":"post","link":"https:\/\/candas365.es\/noticias\/diario-aleman-reconocera-gol-de-wembley-si-britanicos-siguen-en-ue\/","title":{"rendered":"Diario alem\u00e1n reconocer\u00e1 \u00abgol de Wembley\u00bb si brit\u00e1nicos siguen en UE"},"content":{"rendered":"<p>Berl\u00edn, 23 jun (dpa) &#8211; Nada es poco para exhortar a los brit\u00e1nicos a votar hoy a favor de la permanencia en la Uni\u00f3n Europea, se dijo el diario sensacionalista alem\u00e1n \u00abBild\u00bb, que prometi\u00f3 reconocer el gol fantasma con el que Inglaterra le gan\u00f3 la final del Mundial de f\u00fatbol de 1966.<\/p>\n<p>\u00abQueridos brit\u00e1nicos, si se quedan en la UE \u00a1hasta nosotros vamos a dar por v\u00e1lido el gol de Wembley!\u00bb titul\u00f3 hoy en portada a grandes caracteres el diario m\u00e1s le\u00eddo de Alemania.<\/p>\n<p>El rotativo alud\u00eda al gol disparado por Geoff Hurst que se estrell\u00f3 en el travesa\u00f1o y bot\u00f3 sobre la l\u00ednea pero nunca entr\u00f3. El juez de l\u00ednea valid\u00f3 el gol en el partido que acab\u00f3 en 4-2 para los ingleses. El propio Hurst admiti\u00f3 d\u00e9cadas despu\u00e9s que la pelota nunca hab\u00eda cruzado la l\u00ednea. <\/p>\n<p>Pero las ofertas del \u00abBild\u00bb no quedaron ah\u00ed: El rotativo tambi\u00e9n prometi\u00f3 que los alemanes prescindir\u00e1n en la pr\u00f3xima tanda de penales contra Inglaterra de su arquero \u00abpara que haya emoci\u00f3n\u00bb, haciendo referencia a la magra cuota de acierto de penales del seleccionado ingl\u00e9s en los grandes campeonatos.<\/p>\n","protected":false},"excerpt":{"rendered":"<p>Berl\u00edn, 23 jun (dpa) &#8211; Nada es poco para exhortar a los brit\u00e1nicos a votar hoy a favor de la permanencia en la Uni\u00f3n Europea, se dijo el diario sensacionalista alem\u00e1n \u00abBild\u00bb, que prometi\u00f3 reconocer el gol fantasma con el que Inglaterra le gan\u00f3 la final del Mundial de f\u00fatbol de 1966. \u00abQueridos brit\u00e1nicos, si<\/p>\n","protected":false},"author":1,"featured_media":16457,"comment_status":"closed","ping_status":"closed","sticky":false,"template":"","format":"standard","meta":{"footnotes":""},"categories":[343],"tags":[],"class_list":{"0":"post-31071","1":"post","2":"type-post","3":"status-publish","4":"format-standard","5":"has-post-thumbnail","7":"category-actualidad"},"aioseo_notices":[],"aioseo_head":"\n\t\t<!-- All in One SEO Pro 4.9.6.2 - aioseo.com -->\n\t<meta name=\"description\" content=\"Berl\u00edn, 23 jun (dpa) - Nada es poco para exhortar a los brit\u00e1nicos a votar hoy a favor de la permanencia en la Uni\u00f3n Europea, se dijo el diario sensacionalista alem\u00e1n &quot;Bild&quot;, que prometi\u00f3 reconocer el gol fantasma con el que Inglaterra le gan\u00f3 la final del Mundial de f\u00fatbol de 1966. &quot;Queridos brit\u00e1nicos, si\" \/>\n\t<meta name=\"robots\" content=\"max-image-preview:large\" \/>\n\t<meta name=\"author\" content=\"Cand\u00e1s 365\"\/>\n\t<meta name=\"google-site-verification\" content=\"UA-32230408-1\" \/>\n\t<meta name=\"msvalidate.01\" content=\"354F3CDFB2DA171B47FBE9ABF1F88D5\" \/>\n\t<meta name=\"keywords\" content=\"actualidad\" \/>\n\t<link rel=\"canonical\" href=\"https:\/\/candas365.es\/noticias\/diario-aleman-reconocera-gol-de-wembley-si-britanicos-siguen-en-ue\/\" \/>\n\t<meta name=\"generator\" content=\"All in One SEO Pro (AIOSEO) 4.9.6.2\" \/>\n\t\t<meta property=\"og:locale\" content=\"es_ES\" \/>\n\t\t<meta property=\"og:site_name\" content=\"Cand\u00e1s 365\" \/>\n\t\t<meta property=\"og:type\" content=\"article\" \/>\n\t\t<meta property=\"og:title\" content=\"Diario alem\u00e1n reconocer\u00e1 \u00abgol de Wembley\u00bb si brit\u00e1nicos siguen en UE | Cand\u00e1s 365\" \/>\n\t\t<meta property=\"og:description\" content=\"Berl\u00edn, 23 jun (dpa) - Nada es poco para exhortar a los brit\u00e1nicos a votar hoy a favor de la permanencia en la Uni\u00f3n Europea, se dijo el diario sensacionalista alem\u00e1n &quot;Bild&quot;, que prometi\u00f3 reconocer el gol fantasma con el que Inglaterra le gan\u00f3 la final del Mundial de f\u00fatbol de 1966. &quot;Queridos brit\u00e1nicos, si\" \/>\n\t\t<meta property=\"og:url\" content=\"https:\/\/candas365.es\/noticias\/diario-aleman-reconocera-gol-de-wembley-si-britanicos-siguen-en-ue\/\" \/>\n\t\t<meta property=\"og:image\" content=\"https:\/\/candas365.es\/noticias\/wp-content\/uploads\/2015\/09\/c365noticias.jpg\" \/>\n\t\t<meta property=\"og:image:secure_url\" content=\"https:\/\/candas365.es\/noticias\/wp-content\/uploads\/2015\/09\/c365noticias.jpg\" \/>\n\t\t<meta property=\"og:image:width\" content=\"655\" \/>\n\t\t<meta property=\"og:image:height\" content=\"360\" \/>\n\t\t<meta property=\"article:published_time\" content=\"2016-06-23T17:58:53+00:00\" \/>\n\t\t<meta property=\"article:modified_time\" content=\"2016-06-23T17:58:53+00:00\" \/>\n\t\t<meta property=\"article:publisher\" content=\"https:\/\/www.facebook.com\/Nachofdezber\" \/>\n\t\t<meta property=\"article:author\" content=\"https:\/\/www.facebook.com\/carrenoactualidad\" \/>\n\t\t<meta name=\"twitter:card\" content=\"summary_large_image\" \/>\n\t\t<meta name=\"twitter:site\" content=\"@NabercoDigital\" \/>\n\t\t<meta name=\"twitter:title\" content=\"Diario alem\u00e1n reconocer\u00e1 \u00abgol de Wembley\u00bb si brit\u00e1nicos siguen en UE | Cand\u00e1s 365\" \/>\n\t\t<meta name=\"twitter:description\" content=\"Berl\u00edn, 23 jun (dpa) - Nada es poco para exhortar a los brit\u00e1nicos a votar hoy a favor de la permanencia en la Uni\u00f3n Europea, se dijo el diario sensacionalista alem\u00e1n &quot;Bild&quot;, que prometi\u00f3 reconocer el gol fantasma con el que Inglaterra le gan\u00f3 la final del Mundial de f\u00fatbol de 1966. &quot;Queridos brit\u00e1nicos, si\" \/>\n\t\t<meta name=\"twitter:creator\" content=\"@nbasturias\" \/>\n\t\t<meta name=\"twitter:image\" content=\"https:\/\/candas365.es\/noticias\/wp-content\/uploads\/2015\/09\/c365noticias.jpg\" \/>\n\t\t<meta name=\"twitter:label1\" content=\"Escrito por\" \/>\n\t\t<meta name=\"twitter:data1\" content=\"Cand\u00e1s 365\" \/>\n\t\t<meta name=\"twitter:label2\" content=\"Tiempo de lectura estimado\" \/>\n\t\t<meta name=\"twitter:data2\" content=\"1 minuto\" \/>\n\t\t<script type=\"application\/ld+json\" class=\"aioseo-schema\">\n\t\t\t{\"@context\":\"https:\\\/\\\/schema.org\",\"@graph\":[{\"@type\":\"BreadcrumbList\",\"@id\":\"https:\\\/\\\/candas365.es\\\/noticias\\\/diario-aleman-reconocera-gol-de-wembley-si-britanicos-siguen-en-ue\\\/#breadcrumblist\",\"itemListElement\":[{\"@type\":\"ListItem\",\"@id\":\"https:\\\/\\\/candas365.es\\\/noticias#listItem\",\"position\":1,\"name\":\"Home\",\"item\":\"https:\\\/\\\/candas365.es\\\/noticias\",\"nextItem\":{\"@type\":\"ListItem\",\"@id\":\"https:\\\/\\\/candas365.es\\\/noticias\\\/category\\\/actualidad\\\/#listItem\",\"name\":\"Actualidad\"}},{\"@type\":\"ListItem\",\"@id\":\"https:\\\/\\\/candas365.es\\\/noticias\\\/category\\\/actualidad\\\/#listItem\",\"position\":2,\"name\":\"Actualidad\",\"item\":\"https:\\\/\\\/candas365.es\\\/noticias\\\/category\\\/actualidad\\\/\",\"nextItem\":{\"@type\":\"ListItem\",\"@id\":\"https:\\\/\\\/candas365.es\\\/noticias\\\/diario-aleman-reconocera-gol-de-wembley-si-britanicos-siguen-en-ue\\\/#listItem\",\"name\":\"Diario alem\\u00e1n reconocer\\u00e1 \\u00abgol de Wembley\\u00bb si brit\\u00e1nicos siguen en UE\"},\"previousItem\":{\"@type\":\"ListItem\",\"@id\":\"https:\\\/\\\/candas365.es\\\/noticias#listItem\",\"name\":\"Home\"}},{\"@type\":\"ListItem\",\"@id\":\"https:\\\/\\\/candas365.es\\\/noticias\\\/diario-aleman-reconocera-gol-de-wembley-si-britanicos-siguen-en-ue\\\/#listItem\",\"position\":3,\"name\":\"Diario alem\\u00e1n reconocer\\u00e1 \\u00abgol de Wembley\\u00bb si brit\\u00e1nicos siguen en UE\",\"previousItem\":{\"@type\":\"ListItem\",\"@id\":\"https:\\\/\\\/candas365.es\\\/noticias\\\/category\\\/actualidad\\\/#listItem\",\"name\":\"Actualidad\"}}]},{\"@type\":\"NewsArticle\",\"@id\":\"https:\\\/\\\/candas365.es\\\/noticias\\\/diario-aleman-reconocera-gol-de-wembley-si-britanicos-siguen-en-ue\\\/#newsarticle\",\"name\":\"Diario alem\\u00e1n reconocer\\u00e1 \\u00abgol de Wembley\\u00bb si brit\\u00e1nicos siguen en UE | Cand\\u00e1s 365\",\"headline\":\"Diario alem\\u00e1n reconocer\\u00e1 \\u00abgol de Wembley\\u00bb si brit\\u00e1nicos siguen en UE\",\"author\":{\"@id\":\"https:\\\/\\\/candas365.es\\\/noticias\\\/author\\\/admin\\\/#author\"},\"publisher\":{\"@id\":\"https:\\\/\\\/candas365.es\\\/noticias\\\/#organization\"},\"image\":{\"@type\":\"ImageObject\",\"url\":\"https:\\\/\\\/candas365.es\\\/noticias\\\/wp-content\\\/uploads\\\/2015\\\/09\\\/c365noticias.jpg\",\"width\":655,\"height\":360},\"datePublished\":\"2016-06-23T19:28:53+02:00\",\"dateModified\":\"2016-06-23T19:28:53+02:00\",\"inLanguage\":\"es-ES\",\"mainEntityOfPage\":{\"@id\":\"https:\\\/\\\/candas365.es\\\/noticias\\\/diario-aleman-reconocera-gol-de-wembley-si-britanicos-siguen-en-ue\\\/#webpage\"},\"isPartOf\":{\"@id\":\"https:\\\/\\\/candas365.es\\\/noticias\\\/diario-aleman-reconocera-gol-de-wembley-si-britanicos-siguen-en-ue\\\/#webpage\"},\"articleSection\":\"Actualidad\",\"dateline\":\"Publicado el junio 23, 2016.\"},{\"@type\":\"Organization\",\"@id\":\"https:\\\/\\\/candas365.es\\\/noticias\\\/#organization\",\"name\":\"Cand\\u00e1s 365\",\"description\":\"Cand\\u00e1s 365 es un diario digital independiente, fundado en 2012, con base en Asturias. Informamos con rigor sobre actualidad, sociedad, cultura y ocio, con una mirada local y global.\",\"url\":\"https:\\\/\\\/candas365.es\\\/noticias\\\/\",\"email\":\"info@candas365.es\",\"telephone\":\"+34652131393\",\"foundingDate\":\"2012-06-10\",\"logo\":{\"@type\":\"ImageObject\",\"url\":\"https:\\\/\\\/candas365.es\\\/noticias\\\/wp-content\\\/uploads\\\/2024\\\/09\\\/Candas-365-Redes.jpg\",\"@id\":\"https:\\\/\\\/candas365.es\\\/noticias\\\/diario-aleman-reconocera-gol-de-wembley-si-britanicos-siguen-en-ue\\\/#organizationLogo\",\"width\":1152,\"height\":864,\"caption\":\"Cand\\u00e1s 365 Redes\"},\"image\":{\"@id\":\"https:\\\/\\\/candas365.es\\\/noticias\\\/diario-aleman-reconocera-gol-de-wembley-si-britanicos-siguen-en-ue\\\/#organizationLogo\"},\"sameAs\":[\"https:\\\/\\\/www.facebook.com\\\/Nachofdezber\",\"https:\\\/\\\/x.com\\\/NabercoDigital\",\"https:\\\/\\\/www.instagram.com\\\/nachofdezber\\\/\",\"https:\\\/\\\/www.youtube.com\\\/channel\\\/UCZP-2wLEB9Rv6erhFmqVnvg\"],\"address\":{\"@id\":\"https:\\\/\\\/candas365.es\\\/noticias\\\/#postaladdress\",\"@type\":\"PostalAddress\",\"streetAddress\":\"san antonio 4, san antonio 4\",\"postalCode\":\"33430\",\"addressLocality\":\"Cand\\u00e1s\",\"addressRegion\":\"Asturias\",\"addressCountry\":\"ES\"}},{\"@type\":\"Person\",\"@id\":\"https:\\\/\\\/candas365.es\\\/noticias\\\/author\\\/admin\\\/#author\",\"url\":\"https:\\\/\\\/candas365.es\\\/noticias\\\/author\\\/admin\\\/\",\"name\":\"Cand\\u00e1s 365\",\"image\":{\"@type\":\"ImageObject\",\"@id\":\"https:\\\/\\\/candas365.es\\\/noticias\\\/diario-aleman-reconocera-gol-de-wembley-si-britanicos-siguen-en-ue\\\/#authorImage\",\"url\":\"https:\\\/\\\/secure.gravatar.com\\\/avatar\\\/496a8e03d0c493ede1718b7934145dbdf8d89be1036b0eec9544e1094c9de390?s=96&d=mm&r=g\",\"width\":96,\"height\":96,\"caption\":\"Cand\\u00e1s 365\"},\"sameAs\":[\"https:\\\/\\\/www.facebook.com\\\/carrenoactualidad\",\"https:\\\/\\\/twitter.com\\\/nbasturias\",\"https:\\\/\\\/www.instagram.com\\\/nachofdezber\\\/\",\"https:\\\/\\\/www.youtube.com\\\/channel\\\/UCZP-2wLEB9Rv6erhFmqVnvg\"]},{\"@type\":\"WebPage\",\"@id\":\"https:\\\/\\\/candas365.es\\\/noticias\\\/diario-aleman-reconocera-gol-de-wembley-si-britanicos-siguen-en-ue\\\/#webpage\",\"url\":\"https:\\\/\\\/candas365.es\\\/noticias\\\/diario-aleman-reconocera-gol-de-wembley-si-britanicos-siguen-en-ue\\\/\",\"name\":\"Diario alem\\u00e1n reconocer\\u00e1 \\u00abgol de Wembley\\u00bb si brit\\u00e1nicos siguen en UE | Cand\\u00e1s 365\",\"description\":\"Berl\\u00edn, 23 jun (dpa) - Nada es poco para exhortar a los brit\\u00e1nicos a votar hoy a favor de la permanencia en la Uni\\u00f3n Europea, se dijo el diario sensacionalista alem\\u00e1n \\\"Bild\\\", que prometi\\u00f3 reconocer el gol fantasma con el que Inglaterra le gan\\u00f3 la final del Mundial de f\\u00fatbol de 1966. \\\"Queridos brit\\u00e1nicos, si\",\"inLanguage\":\"es-ES\",\"isPartOf\":{\"@id\":\"https:\\\/\\\/candas365.es\\\/noticias\\\/#website\"},\"breadcrumb\":{\"@id\":\"https:\\\/\\\/candas365.es\\\/noticias\\\/diario-aleman-reconocera-gol-de-wembley-si-britanicos-siguen-en-ue\\\/#breadcrumblist\"},\"author\":{\"@id\":\"https:\\\/\\\/candas365.es\\\/noticias\\\/author\\\/admin\\\/#author\"},\"creator\":{\"@id\":\"https:\\\/\\\/candas365.es\\\/noticias\\\/author\\\/admin\\\/#author\"},\"image\":{\"@type\":\"ImageObject\",\"url\":\"https:\\\/\\\/candas365.es\\\/noticias\\\/wp-content\\\/uploads\\\/2015\\\/09\\\/c365noticias.jpg\",\"@id\":\"https:\\\/\\\/candas365.es\\\/noticias\\\/diario-aleman-reconocera-gol-de-wembley-si-britanicos-siguen-en-ue\\\/#mainImage\",\"width\":655,\"height\":360},\"primaryImageOfPage\":{\"@id\":\"https:\\\/\\\/candas365.es\\\/noticias\\\/diario-aleman-reconocera-gol-de-wembley-si-britanicos-siguen-en-ue\\\/#mainImage\"},\"datePublished\":\"2016-06-23T19:28:53+02:00\",\"dateModified\":\"2016-06-23T19:28:53+02:00\"},{\"@type\":\"WebSite\",\"@id\":\"https:\\\/\\\/candas365.es\\\/noticias\\\/#website\",\"url\":\"https:\\\/\\\/candas365.es\\\/noticias\\\/\",\"name\":\"Cand\\u00e1s 365\",\"alternateName\":\"Cand\\u00e1s 365 Noticias\",\"description\":\"Actualidad desde Carre\\u00f1o para el mundo\",\"inLanguage\":\"es-ES\",\"publisher\":{\"@id\":\"https:\\\/\\\/candas365.es\\\/noticias\\\/#organization\"}}]}\n\t\t<\/script>\n\t\t<!-- All in One SEO Pro -->\r\n\t\t<title>Diario alem\u00e1n reconocer\u00e1 \u00abgol de Wembley\u00bb si brit\u00e1nicos siguen en UE | Cand\u00e1s 365<\/title>\n\n","aioseo_head_json":{"title":"Diario alem\u00e1n reconocer\u00e1 \u00abgol de Wembley\u00bb si brit\u00e1nicos siguen en UE | Cand\u00e1s 365","description":"Berl\u00edn, 23 jun (dpa) - Nada es poco para exhortar a los brit\u00e1nicos a votar hoy a favor de la permanencia en la Uni\u00f3n Europea, se dijo el diario sensacionalista alem\u00e1n \"Bild\", que prometi\u00f3 reconocer el gol fantasma con el que Inglaterra le gan\u00f3 la final del Mundial de f\u00fatbol de 1966. \"Queridos brit\u00e1nicos, si","canonical_url":"https:\/\/candas365.es\/noticias\/diario-aleman-reconocera-gol-de-wembley-si-britanicos-siguen-en-ue\/","robots":"max-image-preview:large","keywords":"actualidad","webmasterTools":{"google-site-verification":"UA-32230408-1","msvalidate.01":"354F3CDFB2DA171B47FBE9ABF1F88D5","miscellaneous":""},"schema":{"@context":"https:\/\/schema.org","@graph":[{"@type":"BreadcrumbList","@id":"https:\/\/candas365.es\/noticias\/diario-aleman-reconocera-gol-de-wembley-si-britanicos-siguen-en-ue\/#breadcrumblist","itemListElement":[{"@type":"ListItem","@id":"https:\/\/candas365.es\/noticias#listItem","position":1,"name":"Home","item":"https:\/\/candas365.es\/noticias","nextItem":{"@type":"ListItem","@id":"https:\/\/candas365.es\/noticias\/category\/actualidad\/#listItem","name":"Actualidad"}},{"@type":"ListItem","@id":"https:\/\/candas365.es\/noticias\/category\/actualidad\/#listItem","position":2,"name":"Actualidad","item":"https:\/\/candas365.es\/noticias\/category\/actualidad\/","nextItem":{"@type":"ListItem","@id":"https:\/\/candas365.es\/noticias\/diario-aleman-reconocera-gol-de-wembley-si-britanicos-siguen-en-ue\/#listItem","name":"Diario alem\u00e1n reconocer\u00e1 \u00abgol de Wembley\u00bb si brit\u00e1nicos siguen en UE"},"previousItem":{"@type":"ListItem","@id":"https:\/\/candas365.es\/noticias#listItem","name":"Home"}},{"@type":"ListItem","@id":"https:\/\/candas365.es\/noticias\/diario-aleman-reconocera-gol-de-wembley-si-britanicos-siguen-en-ue\/#listItem","position":3,"name":"Diario alem\u00e1n reconocer\u00e1 \u00abgol de Wembley\u00bb si brit\u00e1nicos siguen en UE","previousItem":{"@type":"ListItem","@id":"https:\/\/candas365.es\/noticias\/category\/actualidad\/#listItem","name":"Actualidad"}}]},{"@type":"NewsArticle","@id":"https:\/\/candas365.es\/noticias\/diario-aleman-reconocera-gol-de-wembley-si-britanicos-siguen-en-ue\/#newsarticle","name":"Diario alem\u00e1n reconocer\u00e1 \u00abgol de Wembley\u00bb si brit\u00e1nicos siguen en UE | Cand\u00e1s 365","headline":"Diario alem\u00e1n reconocer\u00e1 \u00abgol de Wembley\u00bb si brit\u00e1nicos siguen en UE","author":{"@id":"https:\/\/candas365.es\/noticias\/author\/admin\/#author"},"publisher":{"@id":"https:\/\/candas365.es\/noticias\/#organization"},"image":{"@type":"ImageObject","url":"https:\/\/candas365.es\/noticias\/wp-content\/uploads\/2015\/09\/c365noticias.jpg","width":655,"height":360},"datePublished":"2016-06-23T19:28:53+02:00","dateModified":"2016-06-23T19:28:53+02:00","inLanguage":"es-ES","mainEntityOfPage":{"@id":"https:\/\/candas365.es\/noticias\/diario-aleman-reconocera-gol-de-wembley-si-britanicos-siguen-en-ue\/#webpage"},"isPartOf":{"@id":"https:\/\/candas365.es\/noticias\/diario-aleman-reconocera-gol-de-wembley-si-britanicos-siguen-en-ue\/#webpage"},"articleSection":"Actualidad","dateline":"Publicado el junio 23, 2016."},{"@type":"Organization","@id":"https:\/\/candas365.es\/noticias\/#organization","name":"Cand\u00e1s 365","description":"Cand\u00e1s 365 es un diario digital independiente, fundado en 2012, con base en Asturias. Informamos con rigor sobre actualidad, sociedad, cultura y ocio, con una mirada local y global.","url":"https:\/\/candas365.es\/noticias\/","email":"info@candas365.es","telephone":"+34652131393","foundingDate":"2012-06-10","logo":{"@type":"ImageObject","url":"https:\/\/candas365.es\/noticias\/wp-content\/uploads\/2024\/09\/Candas-365-Redes.jpg","@id":"https:\/\/candas365.es\/noticias\/diario-aleman-reconocera-gol-de-wembley-si-britanicos-siguen-en-ue\/#organizationLogo","width":1152,"height":864,"caption":"Cand\u00e1s 365 Redes"},"image":{"@id":"https:\/\/candas365.es\/noticias\/diario-aleman-reconocera-gol-de-wembley-si-britanicos-siguen-en-ue\/#organizationLogo"},"sameAs":["https:\/\/www.facebook.com\/Nachofdezber","https:\/\/x.com\/NabercoDigital","https:\/\/www.instagram.com\/nachofdezber\/","https:\/\/www.youtube.com\/channel\/UCZP-2wLEB9Rv6erhFmqVnvg"],"address":{"@id":"https:\/\/candas365.es\/noticias\/#postaladdress","@type":"PostalAddress","streetAddress":"san antonio 4, san antonio 4","postalCode":"33430","addressLocality":"Cand\u00e1s","addressRegion":"Asturias","addressCountry":"ES"}},{"@type":"Person","@id":"https:\/\/candas365.es\/noticias\/author\/admin\/#author","url":"https:\/\/candas365.es\/noticias\/author\/admin\/","name":"Cand\u00e1s 365","image":{"@type":"ImageObject","@id":"https:\/\/candas365.es\/noticias\/diario-aleman-reconocera-gol-de-wembley-si-britanicos-siguen-en-ue\/#authorImage","url":"https:\/\/secure.gravatar.com\/avatar\/496a8e03d0c493ede1718b7934145dbdf8d89be1036b0eec9544e1094c9de390?s=96&d=mm&r=g","width":96,"height":96,"caption":"Cand\u00e1s 365"},"sameAs":["https:\/\/www.facebook.com\/carrenoactualidad","https:\/\/twitter.com\/nbasturias","https:\/\/www.instagram.com\/nachofdezber\/","https:\/\/www.youtube.com\/channel\/UCZP-2wLEB9Rv6erhFmqVnvg"]},{"@type":"WebPage","@id":"https:\/\/candas365.es\/noticias\/diario-aleman-reconocera-gol-de-wembley-si-britanicos-siguen-en-ue\/#webpage","url":"https:\/\/candas365.es\/noticias\/diario-aleman-reconocera-gol-de-wembley-si-britanicos-siguen-en-ue\/","name":"Diario alem\u00e1n reconocer\u00e1 \u00abgol de Wembley\u00bb si brit\u00e1nicos siguen en UE | Cand\u00e1s 365","description":"Berl\u00edn, 23 jun (dpa) - Nada es poco para exhortar a los brit\u00e1nicos a votar hoy a favor de la permanencia en la Uni\u00f3n Europea, se dijo el diario sensacionalista alem\u00e1n \"Bild\", que prometi\u00f3 reconocer el gol fantasma con el que Inglaterra le gan\u00f3 la final del Mundial de f\u00fatbol de 1966. \"Queridos brit\u00e1nicos, si","inLanguage":"es-ES","isPartOf":{"@id":"https:\/\/candas365.es\/noticias\/#website"},"breadcrumb":{"@id":"https:\/\/candas365.es\/noticias\/diario-aleman-reconocera-gol-de-wembley-si-britanicos-siguen-en-ue\/#breadcrumblist"},"author":{"@id":"https:\/\/candas365.es\/noticias\/author\/admin\/#author"},"creator":{"@id":"https:\/\/candas365.es\/noticias\/author\/admin\/#author"},"image":{"@type":"ImageObject","url":"https:\/\/candas365.es\/noticias\/wp-content\/uploads\/2015\/09\/c365noticias.jpg","@id":"https:\/\/candas365.es\/noticias\/diario-aleman-reconocera-gol-de-wembley-si-britanicos-siguen-en-ue\/#mainImage","width":655,"height":360},"primaryImageOfPage":{"@id":"https:\/\/candas365.es\/noticias\/diario-aleman-reconocera-gol-de-wembley-si-britanicos-siguen-en-ue\/#mainImage"},"datePublished":"2016-06-23T19:28:53+02:00","dateModified":"2016-06-23T19:28:53+02:00"},{"@type":"WebSite","@id":"https:\/\/candas365.es\/noticias\/#website","url":"https:\/\/candas365.es\/noticias\/","name":"Cand\u00e1s 365","alternateName":"Cand\u00e1s 365 Noticias","description":"Actualidad desde Carre\u00f1o para el mundo","inLanguage":"es-ES","publisher":{"@id":"https:\/\/candas365.es\/noticias\/#organization"}}]},"og:locale":"es_ES","og:site_name":"Cand\u00e1s 365","og:type":"article","og:title":"Diario alem\u00e1n reconocer\u00e1 \u00abgol de Wembley\u00bb si brit\u00e1nicos siguen en UE | Cand\u00e1s 365","og:description":"Berl\u00edn, 23 jun (dpa) - Nada es poco para exhortar a los brit\u00e1nicos a votar hoy a favor de la permanencia en la Uni\u00f3n Europea, se dijo el diario sensacionalista alem\u00e1n &quot;Bild&quot;, que prometi\u00f3 reconocer el gol fantasma con el que Inglaterra le gan\u00f3 la final del Mundial de f\u00fatbol de 1966. &quot;Queridos brit\u00e1nicos, si","og:url":"https:\/\/candas365.es\/noticias\/diario-aleman-reconocera-gol-de-wembley-si-britanicos-siguen-en-ue\/","og:image":"https:\/\/candas365.es\/noticias\/wp-content\/uploads\/2015\/09\/c365noticias.jpg","og:image:secure_url":"https:\/\/candas365.es\/noticias\/wp-content\/uploads\/2015\/09\/c365noticias.jpg","og:image:width":655,"og:image:height":360,"article:published_time":"2016-06-23T17:58:53+00:00","article:modified_time":"2016-06-23T17:58:53+00:00","article:publisher":"https:\/\/www.facebook.com\/Nachofdezber","article:author":"https:\/\/www.facebook.com\/carrenoactualidad","twitter:card":"summary_large_image","twitter:site":"@NabercoDigital","twitter:title":"Diario alem\u00e1n reconocer\u00e1 \u00abgol de Wembley\u00bb si brit\u00e1nicos siguen en UE | Cand\u00e1s 365","twitter:description":"Berl\u00edn, 23 jun (dpa) - Nada es poco para exhortar a los brit\u00e1nicos a votar hoy a favor de la permanencia en la Uni\u00f3n Europea, se dijo el diario sensacionalista alem\u00e1n &quot;Bild&quot;, que prometi\u00f3 reconocer el gol fantasma con el que Inglaterra le gan\u00f3 la final del Mundial de f\u00fatbol de 1966. &quot;Queridos brit\u00e1nicos, si","twitter:creator":"@nbasturias","twitter:image":"https:\/\/candas365.es\/noticias\/wp-content\/uploads\/2015\/09\/c365noticias.jpg","twitter:label1":"Escrito por","twitter:data1":"Cand\u00e1s 365","twitter:label2":"Tiempo de lectura estimado","twitter:data2":"1 minuto"},"aioseo_meta_data":{"post_id":"31071","title":null,"description":null,"keywords":null,"keyphrases":null,"primary_term":null,"canonical_url":null,"og_title":null,"og_description":null,"og_object_type":"default","og_image_type":"default","og_image_url":null,"og_image_width":null,"og_image_height":null,"og_image_custom_url":null,"og_image_custom_fields":null,"og_video":null,"og_custom_url":null,"og_article_section":null,"og_article_tags":null,"twitter_use_og":false,"twitter_card":"default","twitter_image_type":"default","twitter_image_url":null,"twitter_image_custom_url":null,"twitter_image_custom_fields":null,"twitter_title":null,"twitter_description":null,"schema":{"blockGraphs":[],"customGraphs":[],"default":{"data":{"Article":[],"Course":[],"Dataset":[],"FAQPage":[],"Movie":[],"Person":[],"Product":[],"ProductReview":[],"Car":[],"Recipe":[],"Service":[],"SoftwareApplication":[],"WebPage":[]},"graphName":"","isEnabled":true},"graphs":[]},"schema_type":null,"schema_type_options":null,"pillar_content":false,"robots_default":true,"robots_noindex":false,"robots_noarchive":false,"robots_nosnippet":false,"robots_nofollow":false,"robots_noimageindex":false,"robots_noodp":false,"robots_notranslate":false,"robots_max_snippet":null,"robots_max_videopreview":null,"robots_max_imagepreview":"large","priority":null,"frequency":null,"location":null,"local_seo":null,"seo_analyzer_scan_date":"2025-08-24 13:23:16","breadcrumb_settings":null,"limit_modified_date":false,"reviewed_by":null,"open_ai":null,"ai":null,"created":"2020-12-21 13:00:01","updated":"2025-08-24 13:23:16"},"aioseo_breadcrumb":"<div class=\"aioseo-breadcrumbs\"><span class=\"aioseo-breadcrumb\">\n\t<a href=\"https:\/\/candas365.es\/noticias\" title=\"Home\">Home<\/a>\n<\/span><span class=\"aioseo-breadcrumb-separator\">&ndash;<\/span><span class=\"aioseo-breadcrumb\">\n\t<a href=\"https:\/\/candas365.es\/noticias\/category\/actualidad\/\" title=\"Actualidad\">Actualidad<\/a>\n<\/span><span class=\"aioseo-breadcrumb-separator\">&ndash;<\/span><span class=\"aioseo-breadcrumb\">\n\tDiario alem\u00e1n reconocer\u00e1 \u00abgol de Wembley\u00bb si brit\u00e1nicos siguen en UE\n<\/span><\/div>","aioseo_breadcrumb_json":[{"label":"Home","link":"https:\/\/candas365.es\/noticias"},{"label":"Actualidad","link":"https:\/\/candas365.es\/noticias\/category\/actualidad\/"},{"label":"Diario alem\u00e1n reconocer\u00e1 \u00abgol de Wembley\u00bb si brit\u00e1nicos siguen en UE","link":"https:\/\/candas365.es\/noticias\/diario-aleman-reconocera-gol-de-wembley-si-britanicos-siguen-en-ue\/"}],"_links":{"self":[{"href":"https:\/\/candas365.es\/noticias\/wp-json\/wp\/v2\/posts\/31071","targetHints":{"allow":["GET"]}}],"collection":[{"href":"https:\/\/candas365.es\/noticias\/wp-json\/wp\/v2\/posts"}],"about":[{"href":"https:\/\/candas365.es\/noticias\/wp-json\/wp\/v2\/types\/post"}],"author":[{"embeddable":true,"href":"https:\/\/candas365.es\/noticias\/wp-json\/wp\/v2\/users\/1"}],"replies":[{"embeddable":true,"href":"https:\/\/candas365.es\/noticias\/wp-json\/wp\/v2\/comments?post=31071"}],"version-history":[{"count":0,"href":"https:\/\/candas365.es\/noticias\/wp-json\/wp\/v2\/posts\/31071\/revisions"}],"wp:featuredmedia":[{"embeddable":true,"href":"https:\/\/candas365.es\/noticias\/wp-json\/wp\/v2\/media\/16457"}],"wp:attachment":[{"href":"https:\/\/candas365.es\/noticias\/wp-json\/wp\/v2\/media?parent=31071"}],"wp:term":[{"taxonomy":"category","embeddable":true,"href":"https:\/\/candas365.es\/noticias\/wp-json\/wp\/v2\/categories?post=31071"},{"taxonomy":"post_tag","embeddable":true,"href":"https:\/\/candas365.es\/noticias\/wp-json\/wp\/v2\/tags?post=31071"}],"curies":[{"name":"wp","href":"https:\/\/api.w.org\/{rel}","templated":true}]}}