{"id":31067,"date":"2016-06-23T19:13:54","date_gmt":"2016-06-23T17:43:54","guid":{"rendered":"http:\/\/candas365.es\/noticias\/?p=31067"},"modified":"2016-06-23T19:13:54","modified_gmt":"2016-06-23T17:43:54","slug":"merkel-quiere-aumentar-masivamente-el-gasto-militar","status":"publish","type":"post","link":"https:\/\/candas365.es\/noticias\/merkel-quiere-aumentar-masivamente-el-gasto-militar\/","title":{"rendered":"Merkel quiere aumentar masivamente el gasto militar"},"content":{"rendered":"<p>Berl\u00edn, 23 jun (dpa) &#8211; La canciller alemana, Angela Merkel, se pronunci\u00f3 el mi\u00e9rcoles claramente a favor de aumentar el gasto militar para alcanzar el objetivo del dos por ciento del producto interior bruto (PIB) propuesto por la alianza militar OTAN.<\/p>\n<p>Este objetivo \u00abno puede quedar solo en el papel en el plazo medio o largo\u00bb en vista de las nuevas amenazas, dijo la jefa de gobierno al t\u00e9rmino de consultas bilaterales entre los Ejecutivos de Alemania y Polonia en Berl\u00edn. En la actualidad, Alemania dedica el 1,2 por ciento del PIB a gastos de defensa.<\/p>\n<p>La OTAN (Organizaci\u00f3n del Tratado del Atl\u00e1ntico Norte) se puso como objetivo en la cumbre de septiembre de 2014 que cada pa\u00eds incremente sus gastos militares al dos por ciento del PIB en el t\u00e9rmino de diez a\u00f1os. Pocos pa\u00edses lo han cumplido, como es el caso de Estados Unidos, que destina el 3,4 por ciento de su PIB a su defensa.<\/p>\n<p>El gobierno alem\u00e1n aspira a incrementar el presupuesto de defensa hasta 2020 de 34.300 a 39.200 millones de euros (38.700 a 44.200 millones de d\u00f3lares). Para llegar al dos por ciento, deber\u00eda gastar m\u00e1s de 60.000 millones de euros al a\u00f1o.<\/p>\n<p>Merkel destac\u00f3 que el objetivo del dos por ciento cuenta con el respaldo de todo su gobierno, es decir, tambi\u00e9n de sus socios del Partido Socialdem\u00f3crata, del que llegaron se\u00f1ales contradictorias.<\/p>\n<p>El ministro alem\u00e1n de Exteriores, el socialdem\u00f3crata Frank-Walter Steinmeier, caus\u00f3 irritaci\u00f3n este fin de semana al llamar a la OTAN a no centrarse demasiado en medidas disuasorias hacia Rusia y buscar m\u00e1s el di\u00e1logo.<\/p>\n<p>\u00abLo que no debi\u00e9ramos hacer ahora es calentar m\u00e1s los \u00e1nimos con fuerte ruido de sables y gritos de guerra. Se equivoca el que crea que se puede generar m\u00e1s seguridad en la frontera oriental de la alianza a trav\u00e9s de desfiles de tanques simb\u00f3licos\u00bb, advirti\u00f3 en declaraciones al dominical \u00abBild am Sonntag\u00bb d\u00edas antes de la cumbre que celebrar\u00e1 la OTAN el 7 y 8 de julio en Varsovia.<\/p>\n<p>La alianza occidental resolvi\u00f3 estacionar de forma permanente soldados en Polonia, Letonia, Estonia y Lituania, rep\u00fablicas fronterizas con Rusia que se sienten amenazadas desde la anexi\u00f3n de la pen\u00ednsula de Crimea hace dos a\u00f1os. <\/p>\n<p>Merkel, por su parte, dijo no ver diferencias con la postura de sus socios socialdem\u00f3cratas. La estrategia de la OTAN apuesta por el di\u00e1logo y el fortalecimiento de los miembros orientales de la alianza y es la que respalda el gobierno alem\u00e1n, asegur\u00f3.<\/p>\n","protected":false},"excerpt":{"rendered":"<p>Berl\u00edn, 23 jun (dpa) &#8211; La canciller alemana, Angela Merkel, se pronunci\u00f3 el mi\u00e9rcoles claramente a favor de aumentar el gasto militar para alcanzar el objetivo del dos por ciento del producto interior bruto (PIB) propuesto por la alianza militar OTAN. Este objetivo \u00abno puede quedar solo en el papel en el plazo medio o<\/p>\n","protected":false},"author":1,"featured_media":14622,"comment_status":"closed","ping_status":"closed","sticky":false,"template":"","format":"standard","meta":{"footnotes":""},"categories":[343],"tags":[],"class_list":{"0":"post-31067","1":"post","2":"type-post","3":"status-publish","4":"format-standard","5":"has-post-thumbnail","7":"category-actualidad"},"aioseo_notices":[],"aioseo_head":"\n\t\t<!-- All in One SEO Pro 4.9.6.2 - aioseo.com -->\n\t<meta name=\"description\" content=\"Berl\u00edn, 23 jun (dpa) - La canciller alemana, Angela Merkel, se pronunci\u00f3 el mi\u00e9rcoles claramente a favor de aumentar el gasto militar para alcanzar el objetivo del dos por ciento del producto interior bruto (PIB) propuesto por la alianza militar OTAN. Este objetivo &quot;no puede quedar solo en el papel en el plazo medio o\" \/>\n\t<meta name=\"robots\" content=\"max-image-preview:large\" \/>\n\t<meta name=\"author\" content=\"Cand\u00e1s 365\"\/>\n\t<meta name=\"google-site-verification\" content=\"UA-32230408-1\" \/>\n\t<meta name=\"msvalidate.01\" content=\"354F3CDFB2DA171B47FBE9ABF1F88D5\" \/>\n\t<meta name=\"keywords\" content=\"actualidad\" \/>\n\t<link rel=\"canonical\" href=\"https:\/\/candas365.es\/noticias\/merkel-quiere-aumentar-masivamente-el-gasto-militar\/\" \/>\n\t<meta name=\"generator\" content=\"All in One SEO Pro (AIOSEO) 4.9.6.2\" \/>\n\t\t<meta property=\"og:locale\" content=\"es_ES\" \/>\n\t\t<meta property=\"og:site_name\" content=\"Cand\u00e1s 365\" \/>\n\t\t<meta property=\"og:type\" content=\"article\" \/>\n\t\t<meta property=\"og:title\" content=\"Merkel quiere aumentar masivamente el gasto militar | Cand\u00e1s 365\" \/>\n\t\t<meta property=\"og:description\" content=\"Berl\u00edn, 23 jun (dpa) - La canciller alemana, Angela Merkel, se pronunci\u00f3 el mi\u00e9rcoles claramente a favor de aumentar el gasto militar para alcanzar el objetivo del dos por ciento del producto interior bruto (PIB) propuesto por la alianza militar OTAN. Este objetivo &quot;no puede quedar solo en el papel en el plazo medio o\" \/>\n\t\t<meta property=\"og:url\" content=\"https:\/\/candas365.es\/noticias\/merkel-quiere-aumentar-masivamente-el-gasto-militar\/\" \/>\n\t\t<meta property=\"og:image\" content=\"https:\/\/candas365.es\/noticias\/wp-content\/uploads\/2015\/08\/merkel.jpg\" \/>\n\t\t<meta property=\"og:image:secure_url\" content=\"https:\/\/candas365.es\/noticias\/wp-content\/uploads\/2015\/08\/merkel.jpg\" \/>\n\t\t<meta property=\"og:image:width\" content=\"655\" \/>\n\t\t<meta property=\"og:image:height\" content=\"360\" \/>\n\t\t<meta property=\"article:published_time\" content=\"2016-06-23T17:43:54+00:00\" \/>\n\t\t<meta property=\"article:modified_time\" content=\"2016-06-23T17:43:54+00:00\" \/>\n\t\t<meta property=\"article:publisher\" content=\"https:\/\/www.facebook.com\/Nachofdezber\" \/>\n\t\t<meta property=\"article:author\" content=\"https:\/\/www.facebook.com\/carrenoactualidad\" \/>\n\t\t<meta name=\"twitter:card\" content=\"summary_large_image\" \/>\n\t\t<meta name=\"twitter:site\" content=\"@NabercoDigital\" \/>\n\t\t<meta name=\"twitter:title\" content=\"Merkel quiere aumentar masivamente el gasto militar | Cand\u00e1s 365\" \/>\n\t\t<meta name=\"twitter:description\" content=\"Berl\u00edn, 23 jun (dpa) - La canciller alemana, Angela Merkel, se pronunci\u00f3 el mi\u00e9rcoles claramente a favor de aumentar el gasto militar para alcanzar el objetivo del dos por ciento del producto interior bruto (PIB) propuesto por la alianza militar OTAN. Este objetivo &quot;no puede quedar solo en el papel en el plazo medio o\" \/>\n\t\t<meta name=\"twitter:creator\" content=\"@nbasturias\" \/>\n\t\t<meta name=\"twitter:image\" content=\"https:\/\/candas365.es\/noticias\/wp-content\/uploads\/2015\/08\/merkel.jpg\" \/>\n\t\t<meta name=\"twitter:label1\" content=\"Escrito por\" \/>\n\t\t<meta name=\"twitter:data1\" content=\"Cand\u00e1s 365\" \/>\n\t\t<meta name=\"twitter:label2\" content=\"Tiempo de lectura estimado\" \/>\n\t\t<meta name=\"twitter:data2\" content=\"2 minutos\" \/>\n\t\t<script type=\"application\/ld+json\" class=\"aioseo-schema\">\n\t\t\t{\"@context\":\"https:\\\/\\\/schema.org\",\"@graph\":[{\"@type\":\"BreadcrumbList\",\"@id\":\"https:\\\/\\\/candas365.es\\\/noticias\\\/merkel-quiere-aumentar-masivamente-el-gasto-militar\\\/#breadcrumblist\",\"itemListElement\":[{\"@type\":\"ListItem\",\"@id\":\"https:\\\/\\\/candas365.es\\\/noticias#listItem\",\"position\":1,\"name\":\"Home\",\"item\":\"https:\\\/\\\/candas365.es\\\/noticias\",\"nextItem\":{\"@type\":\"ListItem\",\"@id\":\"https:\\\/\\\/candas365.es\\\/noticias\\\/category\\\/actualidad\\\/#listItem\",\"name\":\"Actualidad\"}},{\"@type\":\"ListItem\",\"@id\":\"https:\\\/\\\/candas365.es\\\/noticias\\\/category\\\/actualidad\\\/#listItem\",\"position\":2,\"name\":\"Actualidad\",\"item\":\"https:\\\/\\\/candas365.es\\\/noticias\\\/category\\\/actualidad\\\/\",\"nextItem\":{\"@type\":\"ListItem\",\"@id\":\"https:\\\/\\\/candas365.es\\\/noticias\\\/merkel-quiere-aumentar-masivamente-el-gasto-militar\\\/#listItem\",\"name\":\"Merkel quiere aumentar masivamente el gasto militar\"},\"previousItem\":{\"@type\":\"ListItem\",\"@id\":\"https:\\\/\\\/candas365.es\\\/noticias#listItem\",\"name\":\"Home\"}},{\"@type\":\"ListItem\",\"@id\":\"https:\\\/\\\/candas365.es\\\/noticias\\\/merkel-quiere-aumentar-masivamente-el-gasto-militar\\\/#listItem\",\"position\":3,\"name\":\"Merkel quiere aumentar masivamente el gasto militar\",\"previousItem\":{\"@type\":\"ListItem\",\"@id\":\"https:\\\/\\\/candas365.es\\\/noticias\\\/category\\\/actualidad\\\/#listItem\",\"name\":\"Actualidad\"}}]},{\"@type\":\"NewsArticle\",\"@id\":\"https:\\\/\\\/candas365.es\\\/noticias\\\/merkel-quiere-aumentar-masivamente-el-gasto-militar\\\/#newsarticle\",\"name\":\"Merkel quiere aumentar masivamente el gasto militar | Cand\\u00e1s 365\",\"headline\":\"Merkel quiere aumentar masivamente el gasto militar\",\"author\":{\"@id\":\"https:\\\/\\\/candas365.es\\\/noticias\\\/author\\\/admin\\\/#author\"},\"publisher\":{\"@id\":\"https:\\\/\\\/candas365.es\\\/noticias\\\/#organization\"},\"image\":{\"@type\":\"ImageObject\",\"url\":\"https:\\\/\\\/candas365.es\\\/noticias\\\/wp-content\\\/uploads\\\/2015\\\/08\\\/merkel.jpg\",\"width\":655,\"height\":360},\"datePublished\":\"2016-06-23T19:13:54+02:00\",\"dateModified\":\"2016-06-23T19:13:54+02:00\",\"inLanguage\":\"es-ES\",\"mainEntityOfPage\":{\"@id\":\"https:\\\/\\\/candas365.es\\\/noticias\\\/merkel-quiere-aumentar-masivamente-el-gasto-militar\\\/#webpage\"},\"isPartOf\":{\"@id\":\"https:\\\/\\\/candas365.es\\\/noticias\\\/merkel-quiere-aumentar-masivamente-el-gasto-militar\\\/#webpage\"},\"articleSection\":\"Actualidad\",\"dateline\":\"Publicado el junio 23, 2016.\"},{\"@type\":\"Organization\",\"@id\":\"https:\\\/\\\/candas365.es\\\/noticias\\\/#organization\",\"name\":\"Cand\\u00e1s 365\",\"description\":\"Cand\\u00e1s 365 es un diario digital independiente, fundado en 2012, con base en Asturias. Informamos con rigor sobre actualidad, sociedad, cultura y ocio, con una mirada local y global.\",\"url\":\"https:\\\/\\\/candas365.es\\\/noticias\\\/\",\"email\":\"info@candas365.es\",\"telephone\":\"+34652131393\",\"foundingDate\":\"2012-06-10\",\"logo\":{\"@type\":\"ImageObject\",\"url\":\"https:\\\/\\\/candas365.es\\\/noticias\\\/wp-content\\\/uploads\\\/2024\\\/09\\\/Candas-365-Redes.jpg\",\"@id\":\"https:\\\/\\\/candas365.es\\\/noticias\\\/merkel-quiere-aumentar-masivamente-el-gasto-militar\\\/#organizationLogo\",\"width\":1152,\"height\":864,\"caption\":\"Cand\\u00e1s 365 Redes\"},\"image\":{\"@id\":\"https:\\\/\\\/candas365.es\\\/noticias\\\/merkel-quiere-aumentar-masivamente-el-gasto-militar\\\/#organizationLogo\"},\"sameAs\":[\"https:\\\/\\\/www.facebook.com\\\/Nachofdezber\",\"https:\\\/\\\/x.com\\\/NabercoDigital\",\"https:\\\/\\\/www.instagram.com\\\/nachofdezber\\\/\",\"https:\\\/\\\/www.youtube.com\\\/channel\\\/UCZP-2wLEB9Rv6erhFmqVnvg\"],\"address\":{\"@id\":\"https:\\\/\\\/candas365.es\\\/noticias\\\/#postaladdress\",\"@type\":\"PostalAddress\",\"streetAddress\":\"san antonio 4, san antonio 4\",\"postalCode\":\"33430\",\"addressLocality\":\"Cand\\u00e1s\",\"addressRegion\":\"Asturias\",\"addressCountry\":\"ES\"}},{\"@type\":\"Person\",\"@id\":\"https:\\\/\\\/candas365.es\\\/noticias\\\/author\\\/admin\\\/#author\",\"url\":\"https:\\\/\\\/candas365.es\\\/noticias\\\/author\\\/admin\\\/\",\"name\":\"Cand\\u00e1s 365\",\"image\":{\"@type\":\"ImageObject\",\"@id\":\"https:\\\/\\\/candas365.es\\\/noticias\\\/merkel-quiere-aumentar-masivamente-el-gasto-militar\\\/#authorImage\",\"url\":\"https:\\\/\\\/secure.gravatar.com\\\/avatar\\\/496a8e03d0c493ede1718b7934145dbdf8d89be1036b0eec9544e1094c9de390?s=96&d=mm&r=g\",\"width\":96,\"height\":96,\"caption\":\"Cand\\u00e1s 365\"},\"sameAs\":[\"https:\\\/\\\/www.facebook.com\\\/carrenoactualidad\",\"https:\\\/\\\/twitter.com\\\/nbasturias\",\"https:\\\/\\\/www.instagram.com\\\/nachofdezber\\\/\",\"https:\\\/\\\/www.youtube.com\\\/channel\\\/UCZP-2wLEB9Rv6erhFmqVnvg\"]},{\"@type\":\"WebPage\",\"@id\":\"https:\\\/\\\/candas365.es\\\/noticias\\\/merkel-quiere-aumentar-masivamente-el-gasto-militar\\\/#webpage\",\"url\":\"https:\\\/\\\/candas365.es\\\/noticias\\\/merkel-quiere-aumentar-masivamente-el-gasto-militar\\\/\",\"name\":\"Merkel quiere aumentar masivamente el gasto militar | Cand\\u00e1s 365\",\"description\":\"Berl\\u00edn, 23 jun (dpa) - La canciller alemana, Angela Merkel, se pronunci\\u00f3 el mi\\u00e9rcoles claramente a favor de aumentar el gasto militar para alcanzar el objetivo del dos por ciento del producto interior bruto (PIB) propuesto por la alianza militar OTAN. Este objetivo \\\"no puede quedar solo en el papel en el plazo medio o\",\"inLanguage\":\"es-ES\",\"isPartOf\":{\"@id\":\"https:\\\/\\\/candas365.es\\\/noticias\\\/#website\"},\"breadcrumb\":{\"@id\":\"https:\\\/\\\/candas365.es\\\/noticias\\\/merkel-quiere-aumentar-masivamente-el-gasto-militar\\\/#breadcrumblist\"},\"author\":{\"@id\":\"https:\\\/\\\/candas365.es\\\/noticias\\\/author\\\/admin\\\/#author\"},\"creator\":{\"@id\":\"https:\\\/\\\/candas365.es\\\/noticias\\\/author\\\/admin\\\/#author\"},\"image\":{\"@type\":\"ImageObject\",\"url\":\"https:\\\/\\\/candas365.es\\\/noticias\\\/wp-content\\\/uploads\\\/2015\\\/08\\\/merkel.jpg\",\"@id\":\"https:\\\/\\\/candas365.es\\\/noticias\\\/merkel-quiere-aumentar-masivamente-el-gasto-militar\\\/#mainImage\",\"width\":655,\"height\":360},\"primaryImageOfPage\":{\"@id\":\"https:\\\/\\\/candas365.es\\\/noticias\\\/merkel-quiere-aumentar-masivamente-el-gasto-militar\\\/#mainImage\"},\"datePublished\":\"2016-06-23T19:13:54+02:00\",\"dateModified\":\"2016-06-23T19:13:54+02:00\"},{\"@type\":\"WebSite\",\"@id\":\"https:\\\/\\\/candas365.es\\\/noticias\\\/#website\",\"url\":\"https:\\\/\\\/candas365.es\\\/noticias\\\/\",\"name\":\"Cand\\u00e1s 365\",\"alternateName\":\"Cand\\u00e1s 365 Noticias\",\"description\":\"Actualidad desde Carre\\u00f1o para el mundo\",\"inLanguage\":\"es-ES\",\"publisher\":{\"@id\":\"https:\\\/\\\/candas365.es\\\/noticias\\\/#organization\"}}]}\n\t\t<\/script>\n\t\t<!-- All in One SEO Pro -->\r\n\t\t<title>Merkel quiere aumentar masivamente el gasto militar | Cand\u00e1s 365<\/title>\n\n","aioseo_head_json":{"title":"Merkel quiere aumentar masivamente el gasto militar | Cand\u00e1s 365","description":"Berl\u00edn, 23 jun (dpa) - La canciller alemana, Angela Merkel, se pronunci\u00f3 el mi\u00e9rcoles claramente a favor de aumentar el gasto militar para alcanzar el objetivo del dos por ciento del producto interior bruto (PIB) propuesto por la alianza militar OTAN. Este objetivo \"no puede quedar solo en el papel en el plazo medio o","canonical_url":"https:\/\/candas365.es\/noticias\/merkel-quiere-aumentar-masivamente-el-gasto-militar\/","robots":"max-image-preview:large","keywords":"actualidad","webmasterTools":{"google-site-verification":"UA-32230408-1","msvalidate.01":"354F3CDFB2DA171B47FBE9ABF1F88D5","miscellaneous":""},"schema":{"@context":"https:\/\/schema.org","@graph":[{"@type":"BreadcrumbList","@id":"https:\/\/candas365.es\/noticias\/merkel-quiere-aumentar-masivamente-el-gasto-militar\/#breadcrumblist","itemListElement":[{"@type":"ListItem","@id":"https:\/\/candas365.es\/noticias#listItem","position":1,"name":"Home","item":"https:\/\/candas365.es\/noticias","nextItem":{"@type":"ListItem","@id":"https:\/\/candas365.es\/noticias\/category\/actualidad\/#listItem","name":"Actualidad"}},{"@type":"ListItem","@id":"https:\/\/candas365.es\/noticias\/category\/actualidad\/#listItem","position":2,"name":"Actualidad","item":"https:\/\/candas365.es\/noticias\/category\/actualidad\/","nextItem":{"@type":"ListItem","@id":"https:\/\/candas365.es\/noticias\/merkel-quiere-aumentar-masivamente-el-gasto-militar\/#listItem","name":"Merkel quiere aumentar masivamente el gasto militar"},"previousItem":{"@type":"ListItem","@id":"https:\/\/candas365.es\/noticias#listItem","name":"Home"}},{"@type":"ListItem","@id":"https:\/\/candas365.es\/noticias\/merkel-quiere-aumentar-masivamente-el-gasto-militar\/#listItem","position":3,"name":"Merkel quiere aumentar masivamente el gasto militar","previousItem":{"@type":"ListItem","@id":"https:\/\/candas365.es\/noticias\/category\/actualidad\/#listItem","name":"Actualidad"}}]},{"@type":"NewsArticle","@id":"https:\/\/candas365.es\/noticias\/merkel-quiere-aumentar-masivamente-el-gasto-militar\/#newsarticle","name":"Merkel quiere aumentar masivamente el gasto militar | Cand\u00e1s 365","headline":"Merkel quiere aumentar masivamente el gasto militar","author":{"@id":"https:\/\/candas365.es\/noticias\/author\/admin\/#author"},"publisher":{"@id":"https:\/\/candas365.es\/noticias\/#organization"},"image":{"@type":"ImageObject","url":"https:\/\/candas365.es\/noticias\/wp-content\/uploads\/2015\/08\/merkel.jpg","width":655,"height":360},"datePublished":"2016-06-23T19:13:54+02:00","dateModified":"2016-06-23T19:13:54+02:00","inLanguage":"es-ES","mainEntityOfPage":{"@id":"https:\/\/candas365.es\/noticias\/merkel-quiere-aumentar-masivamente-el-gasto-militar\/#webpage"},"isPartOf":{"@id":"https:\/\/candas365.es\/noticias\/merkel-quiere-aumentar-masivamente-el-gasto-militar\/#webpage"},"articleSection":"Actualidad","dateline":"Publicado el junio 23, 2016."},{"@type":"Organization","@id":"https:\/\/candas365.es\/noticias\/#organization","name":"Cand\u00e1s 365","description":"Cand\u00e1s 365 es un diario digital independiente, fundado en 2012, con base en Asturias. Informamos con rigor sobre actualidad, sociedad, cultura y ocio, con una mirada local y global.","url":"https:\/\/candas365.es\/noticias\/","email":"info@candas365.es","telephone":"+34652131393","foundingDate":"2012-06-10","logo":{"@type":"ImageObject","url":"https:\/\/candas365.es\/noticias\/wp-content\/uploads\/2024\/09\/Candas-365-Redes.jpg","@id":"https:\/\/candas365.es\/noticias\/merkel-quiere-aumentar-masivamente-el-gasto-militar\/#organizationLogo","width":1152,"height":864,"caption":"Cand\u00e1s 365 Redes"},"image":{"@id":"https:\/\/candas365.es\/noticias\/merkel-quiere-aumentar-masivamente-el-gasto-militar\/#organizationLogo"},"sameAs":["https:\/\/www.facebook.com\/Nachofdezber","https:\/\/x.com\/NabercoDigital","https:\/\/www.instagram.com\/nachofdezber\/","https:\/\/www.youtube.com\/channel\/UCZP-2wLEB9Rv6erhFmqVnvg"],"address":{"@id":"https:\/\/candas365.es\/noticias\/#postaladdress","@type":"PostalAddress","streetAddress":"san antonio 4, san antonio 4","postalCode":"33430","addressLocality":"Cand\u00e1s","addressRegion":"Asturias","addressCountry":"ES"}},{"@type":"Person","@id":"https:\/\/candas365.es\/noticias\/author\/admin\/#author","url":"https:\/\/candas365.es\/noticias\/author\/admin\/","name":"Cand\u00e1s 365","image":{"@type":"ImageObject","@id":"https:\/\/candas365.es\/noticias\/merkel-quiere-aumentar-masivamente-el-gasto-militar\/#authorImage","url":"https:\/\/secure.gravatar.com\/avatar\/496a8e03d0c493ede1718b7934145dbdf8d89be1036b0eec9544e1094c9de390?s=96&d=mm&r=g","width":96,"height":96,"caption":"Cand\u00e1s 365"},"sameAs":["https:\/\/www.facebook.com\/carrenoactualidad","https:\/\/twitter.com\/nbasturias","https:\/\/www.instagram.com\/nachofdezber\/","https:\/\/www.youtube.com\/channel\/UCZP-2wLEB9Rv6erhFmqVnvg"]},{"@type":"WebPage","@id":"https:\/\/candas365.es\/noticias\/merkel-quiere-aumentar-masivamente-el-gasto-militar\/#webpage","url":"https:\/\/candas365.es\/noticias\/merkel-quiere-aumentar-masivamente-el-gasto-militar\/","name":"Merkel quiere aumentar masivamente el gasto militar | Cand\u00e1s 365","description":"Berl\u00edn, 23 jun (dpa) - La canciller alemana, Angela Merkel, se pronunci\u00f3 el mi\u00e9rcoles claramente a favor de aumentar el gasto militar para alcanzar el objetivo del dos por ciento del producto interior bruto (PIB) propuesto por la alianza militar OTAN. Este objetivo \"no puede quedar solo en el papel en el plazo medio o","inLanguage":"es-ES","isPartOf":{"@id":"https:\/\/candas365.es\/noticias\/#website"},"breadcrumb":{"@id":"https:\/\/candas365.es\/noticias\/merkel-quiere-aumentar-masivamente-el-gasto-militar\/#breadcrumblist"},"author":{"@id":"https:\/\/candas365.es\/noticias\/author\/admin\/#author"},"creator":{"@id":"https:\/\/candas365.es\/noticias\/author\/admin\/#author"},"image":{"@type":"ImageObject","url":"https:\/\/candas365.es\/noticias\/wp-content\/uploads\/2015\/08\/merkel.jpg","@id":"https:\/\/candas365.es\/noticias\/merkel-quiere-aumentar-masivamente-el-gasto-militar\/#mainImage","width":655,"height":360},"primaryImageOfPage":{"@id":"https:\/\/candas365.es\/noticias\/merkel-quiere-aumentar-masivamente-el-gasto-militar\/#mainImage"},"datePublished":"2016-06-23T19:13:54+02:00","dateModified":"2016-06-23T19:13:54+02:00"},{"@type":"WebSite","@id":"https:\/\/candas365.es\/noticias\/#website","url":"https:\/\/candas365.es\/noticias\/","name":"Cand\u00e1s 365","alternateName":"Cand\u00e1s 365 Noticias","description":"Actualidad desde Carre\u00f1o para el mundo","inLanguage":"es-ES","publisher":{"@id":"https:\/\/candas365.es\/noticias\/#organization"}}]},"og:locale":"es_ES","og:site_name":"Cand\u00e1s 365","og:type":"article","og:title":"Merkel quiere aumentar masivamente el gasto militar | Cand\u00e1s 365","og:description":"Berl\u00edn, 23 jun (dpa) - La canciller alemana, Angela Merkel, se pronunci\u00f3 el mi\u00e9rcoles claramente a favor de aumentar el gasto militar para alcanzar el objetivo del dos por ciento del producto interior bruto (PIB) propuesto por la alianza militar OTAN. Este objetivo &quot;no puede quedar solo en el papel en el plazo medio o","og:url":"https:\/\/candas365.es\/noticias\/merkel-quiere-aumentar-masivamente-el-gasto-militar\/","og:image":"https:\/\/candas365.es\/noticias\/wp-content\/uploads\/2015\/08\/merkel.jpg","og:image:secure_url":"https:\/\/candas365.es\/noticias\/wp-content\/uploads\/2015\/08\/merkel.jpg","og:image:width":655,"og:image:height":360,"article:published_time":"2016-06-23T17:43:54+00:00","article:modified_time":"2016-06-23T17:43:54+00:00","article:publisher":"https:\/\/www.facebook.com\/Nachofdezber","article:author":"https:\/\/www.facebook.com\/carrenoactualidad","twitter:card":"summary_large_image","twitter:site":"@NabercoDigital","twitter:title":"Merkel quiere aumentar masivamente el gasto militar | Cand\u00e1s 365","twitter:description":"Berl\u00edn, 23 jun (dpa) - La canciller alemana, Angela Merkel, se pronunci\u00f3 el mi\u00e9rcoles claramente a favor de aumentar el gasto militar para alcanzar el objetivo del dos por ciento del producto interior bruto (PIB) propuesto por la alianza militar OTAN. Este objetivo &quot;no puede quedar solo en el papel en el plazo medio o","twitter:creator":"@nbasturias","twitter:image":"https:\/\/candas365.es\/noticias\/wp-content\/uploads\/2015\/08\/merkel.jpg","twitter:label1":"Escrito por","twitter:data1":"Cand\u00e1s 365","twitter:label2":"Tiempo de lectura estimado","twitter:data2":"2 minutos"},"aioseo_meta_data":{"post_id":"31067","title":null,"description":null,"keywords":null,"keyphrases":null,"primary_term":null,"canonical_url":null,"og_title":null,"og_description":null,"og_object_type":"default","og_image_type":"default","og_image_url":null,"og_image_width":null,"og_image_height":null,"og_image_custom_url":null,"og_image_custom_fields":null,"og_video":null,"og_custom_url":null,"og_article_section":null,"og_article_tags":null,"twitter_use_og":false,"twitter_card":"default","twitter_image_type":"default","twitter_image_url":null,"twitter_image_custom_url":null,"twitter_image_custom_fields":null,"twitter_title":null,"twitter_description":null,"schema":{"blockGraphs":[],"customGraphs":[],"default":{"data":{"Article":[],"Course":[],"Dataset":[],"FAQPage":[],"Movie":[],"Person":[],"Product":[],"ProductReview":[],"Car":[],"Recipe":[],"Service":[],"SoftwareApplication":[],"WebPage":[]},"graphName":"","isEnabled":true},"graphs":[],"defaultGraph":"","defaultPostTypeGraph":""},"schema_type":null,"schema_type_options":null,"pillar_content":false,"robots_default":true,"robots_noindex":false,"robots_noarchive":false,"robots_nosnippet":false,"robots_nofollow":false,"robots_noimageindex":false,"robots_noodp":false,"robots_notranslate":false,"robots_max_snippet":null,"robots_max_videopreview":null,"robots_max_imagepreview":"large","priority":null,"frequency":null,"location":null,"local_seo":null,"seo_analyzer_scan_date":"2025-08-24 13:22:13","breadcrumb_settings":null,"limit_modified_date":false,"reviewed_by":null,"open_ai":null,"ai":null,"created":"2020-12-21 13:00:01","updated":"2025-08-24 13:22:13"},"aioseo_breadcrumb":"<div class=\"aioseo-breadcrumbs\"><span class=\"aioseo-breadcrumb\">\n\t<a href=\"https:\/\/candas365.es\/noticias\" title=\"Home\">Home<\/a>\n<\/span><span class=\"aioseo-breadcrumb-separator\">&ndash;<\/span><span class=\"aioseo-breadcrumb\">\n\t<a href=\"https:\/\/candas365.es\/noticias\/category\/actualidad\/\" title=\"Actualidad\">Actualidad<\/a>\n<\/span><span class=\"aioseo-breadcrumb-separator\">&ndash;<\/span><span class=\"aioseo-breadcrumb\">\n\tMerkel quiere aumentar masivamente el gasto militar\n<\/span><\/div>","aioseo_breadcrumb_json":[{"label":"Home","link":"https:\/\/candas365.es\/noticias"},{"label":"Actualidad","link":"https:\/\/candas365.es\/noticias\/category\/actualidad\/"},{"label":"Merkel quiere aumentar masivamente el gasto militar","link":"https:\/\/candas365.es\/noticias\/merkel-quiere-aumentar-masivamente-el-gasto-militar\/"}],"_links":{"self":[{"href":"https:\/\/candas365.es\/noticias\/wp-json\/wp\/v2\/posts\/31067","targetHints":{"allow":["GET"]}}],"collection":[{"href":"https:\/\/candas365.es\/noticias\/wp-json\/wp\/v2\/posts"}],"about":[{"href":"https:\/\/candas365.es\/noticias\/wp-json\/wp\/v2\/types\/post"}],"author":[{"embeddable":true,"href":"https:\/\/candas365.es\/noticias\/wp-json\/wp\/v2\/users\/1"}],"replies":[{"embeddable":true,"href":"https:\/\/candas365.es\/noticias\/wp-json\/wp\/v2\/comments?post=31067"}],"version-history":[{"count":0,"href":"https:\/\/candas365.es\/noticias\/wp-json\/wp\/v2\/posts\/31067\/revisions"}],"wp:featuredmedia":[{"embeddable":true,"href":"https:\/\/candas365.es\/noticias\/wp-json\/wp\/v2\/media\/14622"}],"wp:attachment":[{"href":"https:\/\/candas365.es\/noticias\/wp-json\/wp\/v2\/media?parent=31067"}],"wp:term":[{"taxonomy":"category","embeddable":true,"href":"https:\/\/candas365.es\/noticias\/wp-json\/wp\/v2\/categories?post=31067"},{"taxonomy":"post_tag","embeddable":true,"href":"https:\/\/candas365.es\/noticias\/wp-json\/wp\/v2\/tags?post=31067"}],"curies":[{"name":"wp","href":"https:\/\/api.w.org\/{rel}","templated":true}]}}