{"id":31048,"date":"2016-06-23T00:43:58","date_gmt":"2016-06-22T23:13:58","guid":{"rendered":"http:\/\/candas365.es\/noticias\/?p=31048"},"modified":"2016-06-23T00:43:58","modified_gmt":"2016-06-22T23:13:58","slug":"detenidos-dos-menores-en-gijon-por-robar-una-bicicleta-en-gijon","status":"publish","type":"post","link":"https:\/\/candas365.es\/noticias\/detenidos-dos-menores-en-gijon-por-robar-una-bicicleta-en-gijon\/","title":{"rendered":"Detenidos dos menores en Gij\u00f3n por robar una bicicleta en Gij\u00f3n"},"content":{"rendered":"<p><img fetchpriority=\"high\" decoding=\"async\" class=\"alignleft size-medium wp-image-1337\" src=\"https:\/\/candas365.es\/noticias\/wp-content\/uploads\/2014\/09\/policia1-360x227.jpg\" alt=\"policia\" width=\"360\" height=\"227\" srcset=\"https:\/\/candas365.es\/noticias\/wp-content\/uploads\/2014\/09\/policia1-360x227.jpg 360w, https:\/\/candas365.es\/noticias\/wp-content\/uploads\/2014\/09\/policia1-650x410.jpg 650w, https:\/\/candas365.es\/noticias\/wp-content\/uploads\/2014\/09\/policia1-768x484.jpg 768w, https:\/\/candas365.es\/noticias\/wp-content\/uploads\/2014\/09\/policia1-150x95.jpg 150w, https:\/\/candas365.es\/noticias\/wp-content\/uploads\/2014\/09\/policia1-450x284.jpg 450w, https:\/\/candas365.es\/noticias\/wp-content\/uploads\/2014\/09\/policia1-655x413.jpg 655w, https:\/\/candas365.es\/noticias\/wp-content\/uploads\/2014\/09\/policia1-696x438.jpg 696w, https:\/\/candas365.es\/noticias\/wp-content\/uploads\/2014\/09\/policia1-667x420.jpg 667w, https:\/\/candas365.es\/noticias\/wp-content\/uploads\/2014\/09\/policia1-269x170.jpg 269w, https:\/\/candas365.es\/noticias\/wp-content\/uploads\/2014\/09\/policia1.jpg 800w\" sizes=\"(max-width: 360px) 100vw, 360px\" \/>Agentes de la Polic\u00eda Nacional han detenido en Gij\u00f3n a dos menores, de 15 y 16 a\u00f1os, que fueron sorprendidos despu\u00e9s de supuestamente sustraer una bicicleta que estaba candada a una farola en el barrio del Llano.<\/p>\n<p>Seg\u00fan una nota de prensa de la Comisar\u00eda gijonesa, los agentes observaron, a las 03.55 horas de este pasado martes, c\u00f3mo los dos adolescentes cog\u00edan la bicicleta y hu\u00edan subidos a ella por la calle Juan Alvargonz\u00e1lez.<\/p>\n<p>Los menores fueron interceptados en la confluencia de esa calle con la avenida del Llano, momento en el que tiraron la bicicleta al suelo y huyeron, separ\u00e1ndose para dificultar, sin \u00e9xito, su detenci\u00f3n. Ambos opusieron mucha resistencia y se mostraron muy violentos con los agentes para intentar escapar. Uno de los arrestados ten\u00eda antecedentes por lesiones.<\/p>\n<p>Por otro lado, fue arrestado tambi\u00e9n un adolescente de 17 a\u00f1os, al que se sorprendi\u00f3 dentro de una sidrer\u00eda cuya entrada hab\u00eda forzado para robar. Una vecina de la zona hab\u00eda escuchado fuertes ruidos provenientes de ese establecimiento y alert\u00f3 a la Polic\u00eda.<\/p>\n<p>El joven fue localizado oculto tras una columna y escond\u00eda entre sus ropas un ordenador port\u00e1til que hab\u00eda sustra\u00eddo del establecimiento. A sus pies fue localizada la tapa de alcantarilla que hab\u00eda utilizado para forzar la puerta, la cual fue colocada por los agentes en esa misma calle para evitar incidentes en la v\u00eda p\u00fablica.<\/p>\n","protected":false},"excerpt":{"rendered":"<p>Agentes de la Polic\u00eda Nacional han detenido en Gij\u00f3n a dos menores, de 15 y 16 a\u00f1os, que fueron sorprendidos despu\u00e9s de supuestamente sustraer una bicicleta que estaba candada a una farola en el barrio del Llano. Seg\u00fan una nota de prensa de la Comisar\u00eda gijonesa, los agentes observaron, a las 03.55 horas de este<\/p>\n","protected":false},"author":1,"featured_media":1337,"comment_status":"closed","ping_status":"closed","sticky":false,"template":"","format":"standard","meta":{"footnotes":""},"categories":[343],"tags":[],"class_list":{"0":"post-31048","1":"post","2":"type-post","3":"status-publish","4":"format-standard","5":"has-post-thumbnail","7":"category-actualidad"},"aioseo_notices":[],"aioseo_head":"\n\t\t<!-- All in One SEO Pro 4.9.6.2 - aioseo.com -->\n\t<meta name=\"description\" content=\"Agentes de la Polic\u00eda Nacional han detenido en Gij\u00f3n a dos menores, de 15 y 16 a\u00f1os, que fueron sorprendidos despu\u00e9s de supuestamente sustraer una bicicleta que estaba candada a una farola en el barrio del Llano. Seg\u00fan una nota de prensa de la Comisar\u00eda gijonesa, los agentes observaron, a las 03.55 horas de este\" \/>\n\t<meta name=\"robots\" content=\"max-image-preview:large\" \/>\n\t<meta name=\"author\" content=\"Cand\u00e1s 365\"\/>\n\t<meta name=\"google-site-verification\" content=\"UA-32230408-1\" \/>\n\t<meta name=\"msvalidate.01\" content=\"354F3CDFB2DA171B47FBE9ABF1F88D5\" \/>\n\t<meta name=\"keywords\" content=\"actualidad\" \/>\n\t<link rel=\"canonical\" href=\"https:\/\/candas365.es\/noticias\/detenidos-dos-menores-en-gijon-por-robar-una-bicicleta-en-gijon\/\" \/>\n\t<meta name=\"generator\" content=\"All in One SEO Pro (AIOSEO) 4.9.6.2\" \/>\n\t\t<meta property=\"og:locale\" content=\"es_ES\" \/>\n\t\t<meta property=\"og:site_name\" content=\"Cand\u00e1s 365\" \/>\n\t\t<meta property=\"og:type\" content=\"article\" \/>\n\t\t<meta property=\"og:title\" content=\"Detenidos dos menores en Gij\u00f3n por robar una bicicleta en Gij\u00f3n | Cand\u00e1s 365\" \/>\n\t\t<meta property=\"og:description\" content=\"Agentes de la Polic\u00eda Nacional han detenido en Gij\u00f3n a dos menores, de 15 y 16 a\u00f1os, que fueron sorprendidos despu\u00e9s de supuestamente sustraer una bicicleta que estaba candada a una farola en el barrio del Llano. Seg\u00fan una nota de prensa de la Comisar\u00eda gijonesa, los agentes observaron, a las 03.55 horas de este\" \/>\n\t\t<meta property=\"og:url\" content=\"https:\/\/candas365.es\/noticias\/detenidos-dos-menores-en-gijon-por-robar-una-bicicleta-en-gijon\/\" \/>\n\t\t<meta property=\"og:image\" content=\"https:\/\/candas365.es\/noticias\/wp-content\/uploads\/2014\/09\/policia1.jpg\" \/>\n\t\t<meta property=\"og:image:secure_url\" content=\"https:\/\/candas365.es\/noticias\/wp-content\/uploads\/2014\/09\/policia1.jpg\" \/>\n\t\t<meta property=\"og:image:width\" content=\"800\" \/>\n\t\t<meta property=\"og:image:height\" content=\"504\" \/>\n\t\t<meta property=\"article:published_time\" content=\"2016-06-22T23:13:58+00:00\" \/>\n\t\t<meta property=\"article:modified_time\" content=\"2016-06-22T23:13:58+00:00\" \/>\n\t\t<meta property=\"article:publisher\" content=\"https:\/\/www.facebook.com\/Nachofdezber\" \/>\n\t\t<meta property=\"article:author\" content=\"https:\/\/www.facebook.com\/carrenoactualidad\" \/>\n\t\t<meta name=\"twitter:card\" content=\"summary_large_image\" \/>\n\t\t<meta name=\"twitter:site\" content=\"@NabercoDigital\" \/>\n\t\t<meta name=\"twitter:title\" content=\"Detenidos dos menores en Gij\u00f3n por robar una bicicleta en Gij\u00f3n | Cand\u00e1s 365\" \/>\n\t\t<meta name=\"twitter:description\" content=\"Agentes de la Polic\u00eda Nacional han detenido en Gij\u00f3n a dos menores, de 15 y 16 a\u00f1os, que fueron sorprendidos despu\u00e9s de supuestamente sustraer una bicicleta que estaba candada a una farola en el barrio del Llano. Seg\u00fan una nota de prensa de la Comisar\u00eda gijonesa, los agentes observaron, a las 03.55 horas de este\" \/>\n\t\t<meta name=\"twitter:creator\" content=\"@nbasturias\" \/>\n\t\t<meta name=\"twitter:image\" content=\"https:\/\/candas365.es\/noticias\/wp-content\/uploads\/2014\/09\/policia1.jpg\" \/>\n\t\t<meta name=\"twitter:label1\" content=\"Escrito por\" \/>\n\t\t<meta name=\"twitter:data1\" content=\"Cand\u00e1s 365\" \/>\n\t\t<meta name=\"twitter:label2\" content=\"Tiempo de lectura estimado\" \/>\n\t\t<meta name=\"twitter:data2\" content=\"1 minuto\" \/>\n\t\t<script type=\"application\/ld+json\" class=\"aioseo-schema\">\n\t\t\t{\"@context\":\"https:\\\/\\\/schema.org\",\"@graph\":[{\"@type\":\"BreadcrumbList\",\"@id\":\"https:\\\/\\\/candas365.es\\\/noticias\\\/detenidos-dos-menores-en-gijon-por-robar-una-bicicleta-en-gijon\\\/#breadcrumblist\",\"itemListElement\":[{\"@type\":\"ListItem\",\"@id\":\"https:\\\/\\\/candas365.es\\\/noticias#listItem\",\"position\":1,\"name\":\"Home\",\"item\":\"https:\\\/\\\/candas365.es\\\/noticias\",\"nextItem\":{\"@type\":\"ListItem\",\"@id\":\"https:\\\/\\\/candas365.es\\\/noticias\\\/category\\\/actualidad\\\/#listItem\",\"name\":\"Actualidad\"}},{\"@type\":\"ListItem\",\"@id\":\"https:\\\/\\\/candas365.es\\\/noticias\\\/category\\\/actualidad\\\/#listItem\",\"position\":2,\"name\":\"Actualidad\",\"item\":\"https:\\\/\\\/candas365.es\\\/noticias\\\/category\\\/actualidad\\\/\",\"nextItem\":{\"@type\":\"ListItem\",\"@id\":\"https:\\\/\\\/candas365.es\\\/noticias\\\/detenidos-dos-menores-en-gijon-por-robar-una-bicicleta-en-gijon\\\/#listItem\",\"name\":\"Detenidos dos menores en Gij\\u00f3n por robar una bicicleta en Gij\\u00f3n\"},\"previousItem\":{\"@type\":\"ListItem\",\"@id\":\"https:\\\/\\\/candas365.es\\\/noticias#listItem\",\"name\":\"Home\"}},{\"@type\":\"ListItem\",\"@id\":\"https:\\\/\\\/candas365.es\\\/noticias\\\/detenidos-dos-menores-en-gijon-por-robar-una-bicicleta-en-gijon\\\/#listItem\",\"position\":3,\"name\":\"Detenidos dos menores en Gij\\u00f3n por robar una bicicleta en Gij\\u00f3n\",\"previousItem\":{\"@type\":\"ListItem\",\"@id\":\"https:\\\/\\\/candas365.es\\\/noticias\\\/category\\\/actualidad\\\/#listItem\",\"name\":\"Actualidad\"}}]},{\"@type\":\"NewsArticle\",\"@id\":\"https:\\\/\\\/candas365.es\\\/noticias\\\/detenidos-dos-menores-en-gijon-por-robar-una-bicicleta-en-gijon\\\/#newsarticle\",\"name\":\"Detenidos dos menores en Gij\\u00f3n por robar una bicicleta en Gij\\u00f3n | Cand\\u00e1s 365\",\"headline\":\"Detenidos dos menores en Gij\\u00f3n por robar una bicicleta en Gij\\u00f3n\",\"author\":{\"@id\":\"https:\\\/\\\/candas365.es\\\/noticias\\\/author\\\/admin\\\/#author\"},\"publisher\":{\"@id\":\"https:\\\/\\\/candas365.es\\\/noticias\\\/#organization\"},\"image\":{\"@type\":\"ImageObject\",\"url\":\"https:\\\/\\\/candas365.es\\\/noticias\\\/wp-content\\\/uploads\\\/2014\\\/09\\\/policia1.jpg\",\"width\":800,\"height\":504},\"datePublished\":\"2016-06-23T00:43:58+02:00\",\"dateModified\":\"2016-06-23T00:43:58+02:00\",\"inLanguage\":\"es-ES\",\"mainEntityOfPage\":{\"@id\":\"https:\\\/\\\/candas365.es\\\/noticias\\\/detenidos-dos-menores-en-gijon-por-robar-una-bicicleta-en-gijon\\\/#webpage\"},\"isPartOf\":{\"@id\":\"https:\\\/\\\/candas365.es\\\/noticias\\\/detenidos-dos-menores-en-gijon-por-robar-una-bicicleta-en-gijon\\\/#webpage\"},\"articleSection\":\"Actualidad\",\"dateline\":\"Publicado el junio 23, 2016.\"},{\"@type\":\"Organization\",\"@id\":\"https:\\\/\\\/candas365.es\\\/noticias\\\/#organization\",\"name\":\"Cand\\u00e1s 365\",\"description\":\"Cand\\u00e1s 365 es un diario digital independiente, fundado en 2012, con base en Asturias. Informamos con rigor sobre actualidad, sociedad, cultura y ocio, con una mirada local y global.\",\"url\":\"https:\\\/\\\/candas365.es\\\/noticias\\\/\",\"email\":\"info@candas365.es\",\"telephone\":\"+34652131393\",\"foundingDate\":\"2012-06-10\",\"logo\":{\"@type\":\"ImageObject\",\"url\":\"https:\\\/\\\/candas365.es\\\/noticias\\\/wp-content\\\/uploads\\\/2024\\\/09\\\/Candas-365-Redes.jpg\",\"@id\":\"https:\\\/\\\/candas365.es\\\/noticias\\\/detenidos-dos-menores-en-gijon-por-robar-una-bicicleta-en-gijon\\\/#organizationLogo\",\"width\":1152,\"height\":864,\"caption\":\"Cand\\u00e1s 365 Redes\"},\"image\":{\"@id\":\"https:\\\/\\\/candas365.es\\\/noticias\\\/detenidos-dos-menores-en-gijon-por-robar-una-bicicleta-en-gijon\\\/#organizationLogo\"},\"sameAs\":[\"https:\\\/\\\/www.facebook.com\\\/Nachofdezber\",\"https:\\\/\\\/x.com\\\/NabercoDigital\",\"https:\\\/\\\/www.instagram.com\\\/nachofdezber\\\/\",\"https:\\\/\\\/www.youtube.com\\\/channel\\\/UCZP-2wLEB9Rv6erhFmqVnvg\"],\"address\":{\"@id\":\"https:\\\/\\\/candas365.es\\\/noticias\\\/#postaladdress\",\"@type\":\"PostalAddress\",\"streetAddress\":\"san antonio 4, san antonio 4\",\"postalCode\":\"33430\",\"addressLocality\":\"Cand\\u00e1s\",\"addressRegion\":\"Asturias\",\"addressCountry\":\"ES\"}},{\"@type\":\"Person\",\"@id\":\"https:\\\/\\\/candas365.es\\\/noticias\\\/author\\\/admin\\\/#author\",\"url\":\"https:\\\/\\\/candas365.es\\\/noticias\\\/author\\\/admin\\\/\",\"name\":\"Cand\\u00e1s 365\",\"image\":{\"@type\":\"ImageObject\",\"@id\":\"https:\\\/\\\/candas365.es\\\/noticias\\\/detenidos-dos-menores-en-gijon-por-robar-una-bicicleta-en-gijon\\\/#authorImage\",\"url\":\"https:\\\/\\\/secure.gravatar.com\\\/avatar\\\/496a8e03d0c493ede1718b7934145dbdf8d89be1036b0eec9544e1094c9de390?s=96&d=mm&r=g\",\"width\":96,\"height\":96,\"caption\":\"Cand\\u00e1s 365\"},\"sameAs\":[\"https:\\\/\\\/www.facebook.com\\\/carrenoactualidad\",\"https:\\\/\\\/twitter.com\\\/nbasturias\",\"https:\\\/\\\/www.instagram.com\\\/nachofdezber\\\/\",\"https:\\\/\\\/www.youtube.com\\\/channel\\\/UCZP-2wLEB9Rv6erhFmqVnvg\"]},{\"@type\":\"WebPage\",\"@id\":\"https:\\\/\\\/candas365.es\\\/noticias\\\/detenidos-dos-menores-en-gijon-por-robar-una-bicicleta-en-gijon\\\/#webpage\",\"url\":\"https:\\\/\\\/candas365.es\\\/noticias\\\/detenidos-dos-menores-en-gijon-por-robar-una-bicicleta-en-gijon\\\/\",\"name\":\"Detenidos dos menores en Gij\\u00f3n por robar una bicicleta en Gij\\u00f3n | Cand\\u00e1s 365\",\"description\":\"Agentes de la Polic\\u00eda Nacional han detenido en Gij\\u00f3n a dos menores, de 15 y 16 a\\u00f1os, que fueron sorprendidos despu\\u00e9s de supuestamente sustraer una bicicleta que estaba candada a una farola en el barrio del Llano. Seg\\u00fan una nota de prensa de la Comisar\\u00eda gijonesa, los agentes observaron, a las 03.55 horas de este\",\"inLanguage\":\"es-ES\",\"isPartOf\":{\"@id\":\"https:\\\/\\\/candas365.es\\\/noticias\\\/#website\"},\"breadcrumb\":{\"@id\":\"https:\\\/\\\/candas365.es\\\/noticias\\\/detenidos-dos-menores-en-gijon-por-robar-una-bicicleta-en-gijon\\\/#breadcrumblist\"},\"author\":{\"@id\":\"https:\\\/\\\/candas365.es\\\/noticias\\\/author\\\/admin\\\/#author\"},\"creator\":{\"@id\":\"https:\\\/\\\/candas365.es\\\/noticias\\\/author\\\/admin\\\/#author\"},\"image\":{\"@type\":\"ImageObject\",\"url\":\"https:\\\/\\\/candas365.es\\\/noticias\\\/wp-content\\\/uploads\\\/2014\\\/09\\\/policia1.jpg\",\"@id\":\"https:\\\/\\\/candas365.es\\\/noticias\\\/detenidos-dos-menores-en-gijon-por-robar-una-bicicleta-en-gijon\\\/#mainImage\",\"width\":800,\"height\":504},\"primaryImageOfPage\":{\"@id\":\"https:\\\/\\\/candas365.es\\\/noticias\\\/detenidos-dos-menores-en-gijon-por-robar-una-bicicleta-en-gijon\\\/#mainImage\"},\"datePublished\":\"2016-06-23T00:43:58+02:00\",\"dateModified\":\"2016-06-23T00:43:58+02:00\"},{\"@type\":\"WebSite\",\"@id\":\"https:\\\/\\\/candas365.es\\\/noticias\\\/#website\",\"url\":\"https:\\\/\\\/candas365.es\\\/noticias\\\/\",\"name\":\"Cand\\u00e1s 365\",\"alternateName\":\"Cand\\u00e1s 365 Noticias\",\"description\":\"Actualidad desde Carre\\u00f1o para el mundo\",\"inLanguage\":\"es-ES\",\"publisher\":{\"@id\":\"https:\\\/\\\/candas365.es\\\/noticias\\\/#organization\"}}]}\n\t\t<\/script>\n\t\t<!-- All in One SEO Pro -->\r\n\t\t<title>Detenidos dos menores en Gij\u00f3n por robar una bicicleta en Gij\u00f3n | Cand\u00e1s 365<\/title>\n\n","aioseo_head_json":{"title":"Detenidos dos menores en Gij\u00f3n por robar una bicicleta en Gij\u00f3n | Cand\u00e1s 365","description":"Agentes de la Polic\u00eda Nacional han detenido en Gij\u00f3n a dos menores, de 15 y 16 a\u00f1os, que fueron sorprendidos despu\u00e9s de supuestamente sustraer una bicicleta que estaba candada a una farola en el barrio del Llano. Seg\u00fan una nota de prensa de la Comisar\u00eda gijonesa, los agentes observaron, a las 03.55 horas de este","canonical_url":"https:\/\/candas365.es\/noticias\/detenidos-dos-menores-en-gijon-por-robar-una-bicicleta-en-gijon\/","robots":"max-image-preview:large","keywords":"actualidad","webmasterTools":{"google-site-verification":"UA-32230408-1","msvalidate.01":"354F3CDFB2DA171B47FBE9ABF1F88D5","miscellaneous":""},"schema":{"@context":"https:\/\/schema.org","@graph":[{"@type":"BreadcrumbList","@id":"https:\/\/candas365.es\/noticias\/detenidos-dos-menores-en-gijon-por-robar-una-bicicleta-en-gijon\/#breadcrumblist","itemListElement":[{"@type":"ListItem","@id":"https:\/\/candas365.es\/noticias#listItem","position":1,"name":"Home","item":"https:\/\/candas365.es\/noticias","nextItem":{"@type":"ListItem","@id":"https:\/\/candas365.es\/noticias\/category\/actualidad\/#listItem","name":"Actualidad"}},{"@type":"ListItem","@id":"https:\/\/candas365.es\/noticias\/category\/actualidad\/#listItem","position":2,"name":"Actualidad","item":"https:\/\/candas365.es\/noticias\/category\/actualidad\/","nextItem":{"@type":"ListItem","@id":"https:\/\/candas365.es\/noticias\/detenidos-dos-menores-en-gijon-por-robar-una-bicicleta-en-gijon\/#listItem","name":"Detenidos dos menores en Gij\u00f3n por robar una bicicleta en Gij\u00f3n"},"previousItem":{"@type":"ListItem","@id":"https:\/\/candas365.es\/noticias#listItem","name":"Home"}},{"@type":"ListItem","@id":"https:\/\/candas365.es\/noticias\/detenidos-dos-menores-en-gijon-por-robar-una-bicicleta-en-gijon\/#listItem","position":3,"name":"Detenidos dos menores en Gij\u00f3n por robar una bicicleta en Gij\u00f3n","previousItem":{"@type":"ListItem","@id":"https:\/\/candas365.es\/noticias\/category\/actualidad\/#listItem","name":"Actualidad"}}]},{"@type":"NewsArticle","@id":"https:\/\/candas365.es\/noticias\/detenidos-dos-menores-en-gijon-por-robar-una-bicicleta-en-gijon\/#newsarticle","name":"Detenidos dos menores en Gij\u00f3n por robar una bicicleta en Gij\u00f3n | Cand\u00e1s 365","headline":"Detenidos dos menores en Gij\u00f3n por robar una bicicleta en Gij\u00f3n","author":{"@id":"https:\/\/candas365.es\/noticias\/author\/admin\/#author"},"publisher":{"@id":"https:\/\/candas365.es\/noticias\/#organization"},"image":{"@type":"ImageObject","url":"https:\/\/candas365.es\/noticias\/wp-content\/uploads\/2014\/09\/policia1.jpg","width":800,"height":504},"datePublished":"2016-06-23T00:43:58+02:00","dateModified":"2016-06-23T00:43:58+02:00","inLanguage":"es-ES","mainEntityOfPage":{"@id":"https:\/\/candas365.es\/noticias\/detenidos-dos-menores-en-gijon-por-robar-una-bicicleta-en-gijon\/#webpage"},"isPartOf":{"@id":"https:\/\/candas365.es\/noticias\/detenidos-dos-menores-en-gijon-por-robar-una-bicicleta-en-gijon\/#webpage"},"articleSection":"Actualidad","dateline":"Publicado el junio 23, 2016."},{"@type":"Organization","@id":"https:\/\/candas365.es\/noticias\/#organization","name":"Cand\u00e1s 365","description":"Cand\u00e1s 365 es un diario digital independiente, fundado en 2012, con base en Asturias. Informamos con rigor sobre actualidad, sociedad, cultura y ocio, con una mirada local y global.","url":"https:\/\/candas365.es\/noticias\/","email":"info@candas365.es","telephone":"+34652131393","foundingDate":"2012-06-10","logo":{"@type":"ImageObject","url":"https:\/\/candas365.es\/noticias\/wp-content\/uploads\/2024\/09\/Candas-365-Redes.jpg","@id":"https:\/\/candas365.es\/noticias\/detenidos-dos-menores-en-gijon-por-robar-una-bicicleta-en-gijon\/#organizationLogo","width":1152,"height":864,"caption":"Cand\u00e1s 365 Redes"},"image":{"@id":"https:\/\/candas365.es\/noticias\/detenidos-dos-menores-en-gijon-por-robar-una-bicicleta-en-gijon\/#organizationLogo"},"sameAs":["https:\/\/www.facebook.com\/Nachofdezber","https:\/\/x.com\/NabercoDigital","https:\/\/www.instagram.com\/nachofdezber\/","https:\/\/www.youtube.com\/channel\/UCZP-2wLEB9Rv6erhFmqVnvg"],"address":{"@id":"https:\/\/candas365.es\/noticias\/#postaladdress","@type":"PostalAddress","streetAddress":"san antonio 4, san antonio 4","postalCode":"33430","addressLocality":"Cand\u00e1s","addressRegion":"Asturias","addressCountry":"ES"}},{"@type":"Person","@id":"https:\/\/candas365.es\/noticias\/author\/admin\/#author","url":"https:\/\/candas365.es\/noticias\/author\/admin\/","name":"Cand\u00e1s 365","image":{"@type":"ImageObject","@id":"https:\/\/candas365.es\/noticias\/detenidos-dos-menores-en-gijon-por-robar-una-bicicleta-en-gijon\/#authorImage","url":"https:\/\/secure.gravatar.com\/avatar\/496a8e03d0c493ede1718b7934145dbdf8d89be1036b0eec9544e1094c9de390?s=96&d=mm&r=g","width":96,"height":96,"caption":"Cand\u00e1s 365"},"sameAs":["https:\/\/www.facebook.com\/carrenoactualidad","https:\/\/twitter.com\/nbasturias","https:\/\/www.instagram.com\/nachofdezber\/","https:\/\/www.youtube.com\/channel\/UCZP-2wLEB9Rv6erhFmqVnvg"]},{"@type":"WebPage","@id":"https:\/\/candas365.es\/noticias\/detenidos-dos-menores-en-gijon-por-robar-una-bicicleta-en-gijon\/#webpage","url":"https:\/\/candas365.es\/noticias\/detenidos-dos-menores-en-gijon-por-robar-una-bicicleta-en-gijon\/","name":"Detenidos dos menores en Gij\u00f3n por robar una bicicleta en Gij\u00f3n | Cand\u00e1s 365","description":"Agentes de la Polic\u00eda Nacional han detenido en Gij\u00f3n a dos menores, de 15 y 16 a\u00f1os, que fueron sorprendidos despu\u00e9s de supuestamente sustraer una bicicleta que estaba candada a una farola en el barrio del Llano. Seg\u00fan una nota de prensa de la Comisar\u00eda gijonesa, los agentes observaron, a las 03.55 horas de este","inLanguage":"es-ES","isPartOf":{"@id":"https:\/\/candas365.es\/noticias\/#website"},"breadcrumb":{"@id":"https:\/\/candas365.es\/noticias\/detenidos-dos-menores-en-gijon-por-robar-una-bicicleta-en-gijon\/#breadcrumblist"},"author":{"@id":"https:\/\/candas365.es\/noticias\/author\/admin\/#author"},"creator":{"@id":"https:\/\/candas365.es\/noticias\/author\/admin\/#author"},"image":{"@type":"ImageObject","url":"https:\/\/candas365.es\/noticias\/wp-content\/uploads\/2014\/09\/policia1.jpg","@id":"https:\/\/candas365.es\/noticias\/detenidos-dos-menores-en-gijon-por-robar-una-bicicleta-en-gijon\/#mainImage","width":800,"height":504},"primaryImageOfPage":{"@id":"https:\/\/candas365.es\/noticias\/detenidos-dos-menores-en-gijon-por-robar-una-bicicleta-en-gijon\/#mainImage"},"datePublished":"2016-06-23T00:43:58+02:00","dateModified":"2016-06-23T00:43:58+02:00"},{"@type":"WebSite","@id":"https:\/\/candas365.es\/noticias\/#website","url":"https:\/\/candas365.es\/noticias\/","name":"Cand\u00e1s 365","alternateName":"Cand\u00e1s 365 Noticias","description":"Actualidad desde Carre\u00f1o para el mundo","inLanguage":"es-ES","publisher":{"@id":"https:\/\/candas365.es\/noticias\/#organization"}}]},"og:locale":"es_ES","og:site_name":"Cand\u00e1s 365","og:type":"article","og:title":"Detenidos dos menores en Gij\u00f3n por robar una bicicleta en Gij\u00f3n | Cand\u00e1s 365","og:description":"Agentes de la Polic\u00eda Nacional han detenido en Gij\u00f3n a dos menores, de 15 y 16 a\u00f1os, que fueron sorprendidos despu\u00e9s de supuestamente sustraer una bicicleta que estaba candada a una farola en el barrio del Llano. Seg\u00fan una nota de prensa de la Comisar\u00eda gijonesa, los agentes observaron, a las 03.55 horas de este","og:url":"https:\/\/candas365.es\/noticias\/detenidos-dos-menores-en-gijon-por-robar-una-bicicleta-en-gijon\/","og:image":"https:\/\/candas365.es\/noticias\/wp-content\/uploads\/2014\/09\/policia1.jpg","og:image:secure_url":"https:\/\/candas365.es\/noticias\/wp-content\/uploads\/2014\/09\/policia1.jpg","og:image:width":800,"og:image:height":504,"article:published_time":"2016-06-22T23:13:58+00:00","article:modified_time":"2016-06-22T23:13:58+00:00","article:publisher":"https:\/\/www.facebook.com\/Nachofdezber","article:author":"https:\/\/www.facebook.com\/carrenoactualidad","twitter:card":"summary_large_image","twitter:site":"@NabercoDigital","twitter:title":"Detenidos dos menores en Gij\u00f3n por robar una bicicleta en Gij\u00f3n | Cand\u00e1s 365","twitter:description":"Agentes de la Polic\u00eda Nacional han detenido en Gij\u00f3n a dos menores, de 15 y 16 a\u00f1os, que fueron sorprendidos despu\u00e9s de supuestamente sustraer una bicicleta que estaba candada a una farola en el barrio del Llano. Seg\u00fan una nota de prensa de la Comisar\u00eda gijonesa, los agentes observaron, a las 03.55 horas de este","twitter:creator":"@nbasturias","twitter:image":"https:\/\/candas365.es\/noticias\/wp-content\/uploads\/2014\/09\/policia1.jpg","twitter:label1":"Escrito por","twitter:data1":"Cand\u00e1s 365","twitter:label2":"Tiempo de lectura estimado","twitter:data2":"1 minuto"},"aioseo_meta_data":{"post_id":"31048","title":null,"description":null,"keywords":null,"keyphrases":null,"primary_term":null,"canonical_url":null,"og_title":null,"og_description":null,"og_object_type":"default","og_image_type":"default","og_image_url":null,"og_image_width":null,"og_image_height":null,"og_image_custom_url":null,"og_image_custom_fields":null,"og_video":null,"og_custom_url":null,"og_article_section":null,"og_article_tags":null,"twitter_use_og":false,"twitter_card":"default","twitter_image_type":"default","twitter_image_url":null,"twitter_image_custom_url":null,"twitter_image_custom_fields":null,"twitter_title":null,"twitter_description":null,"schema":{"blockGraphs":[],"customGraphs":[],"default":{"data":{"Article":[],"Course":[],"Dataset":[],"FAQPage":[],"Movie":[],"Person":[],"Product":[],"ProductReview":[],"Car":[],"Recipe":[],"Service":[],"SoftwareApplication":[],"WebPage":[]},"graphName":"","isEnabled":true},"graphs":[],"defaultGraph":"","defaultPostTypeGraph":""},"schema_type":null,"schema_type_options":null,"pillar_content":false,"robots_default":true,"robots_noindex":false,"robots_noarchive":false,"robots_nosnippet":false,"robots_nofollow":false,"robots_noimageindex":false,"robots_noodp":false,"robots_notranslate":false,"robots_max_snippet":null,"robots_max_videopreview":null,"robots_max_imagepreview":"large","priority":null,"frequency":null,"location":null,"local_seo":null,"seo_analyzer_scan_date":"2025-08-24 13:21:23","breadcrumb_settings":null,"limit_modified_date":false,"reviewed_by":null,"open_ai":null,"ai":null,"created":"2020-12-21 13:00:00","updated":"2025-08-24 13:21:23"},"aioseo_breadcrumb":"<div class=\"aioseo-breadcrumbs\"><span class=\"aioseo-breadcrumb\">\n\t<a href=\"https:\/\/candas365.es\/noticias\" title=\"Home\">Home<\/a>\n<\/span><span class=\"aioseo-breadcrumb-separator\">&ndash;<\/span><span class=\"aioseo-breadcrumb\">\n\t<a href=\"https:\/\/candas365.es\/noticias\/category\/actualidad\/\" title=\"Actualidad\">Actualidad<\/a>\n<\/span><span class=\"aioseo-breadcrumb-separator\">&ndash;<\/span><span class=\"aioseo-breadcrumb\">\n\tDetenidos dos menores en Gij\u00f3n por robar una bicicleta en Gij\u00f3n\n<\/span><\/div>","aioseo_breadcrumb_json":[{"label":"Home","link":"https:\/\/candas365.es\/noticias"},{"label":"Actualidad","link":"https:\/\/candas365.es\/noticias\/category\/actualidad\/"},{"label":"Detenidos dos menores en Gij\u00f3n por robar una bicicleta en Gij\u00f3n","link":"https:\/\/candas365.es\/noticias\/detenidos-dos-menores-en-gijon-por-robar-una-bicicleta-en-gijon\/"}],"_links":{"self":[{"href":"https:\/\/candas365.es\/noticias\/wp-json\/wp\/v2\/posts\/31048","targetHints":{"allow":["GET"]}}],"collection":[{"href":"https:\/\/candas365.es\/noticias\/wp-json\/wp\/v2\/posts"}],"about":[{"href":"https:\/\/candas365.es\/noticias\/wp-json\/wp\/v2\/types\/post"}],"author":[{"embeddable":true,"href":"https:\/\/candas365.es\/noticias\/wp-json\/wp\/v2\/users\/1"}],"replies":[{"embeddable":true,"href":"https:\/\/candas365.es\/noticias\/wp-json\/wp\/v2\/comments?post=31048"}],"version-history":[{"count":0,"href":"https:\/\/candas365.es\/noticias\/wp-json\/wp\/v2\/posts\/31048\/revisions"}],"wp:featuredmedia":[{"embeddable":true,"href":"https:\/\/candas365.es\/noticias\/wp-json\/wp\/v2\/media\/1337"}],"wp:attachment":[{"href":"https:\/\/candas365.es\/noticias\/wp-json\/wp\/v2\/media?parent=31048"}],"wp:term":[{"taxonomy":"category","embeddable":true,"href":"https:\/\/candas365.es\/noticias\/wp-json\/wp\/v2\/categories?post=31048"},{"taxonomy":"post_tag","embeddable":true,"href":"https:\/\/candas365.es\/noticias\/wp-json\/wp\/v2\/tags?post=31048"}],"curies":[{"name":"wp","href":"https:\/\/api.w.org\/{rel}","templated":true}]}}