{"id":31030,"date":"2016-06-23T00:34:07","date_gmt":"2016-06-22T23:04:07","guid":{"rendered":"http:\/\/candas365.es\/noticias\/?p=31030"},"modified":"2016-06-23T00:34:07","modified_gmt":"2016-06-22T23:04:07","slug":"marcelino-marcos-lindez-satisfecho-con-su-declaracion-ante-el-tsja","status":"publish","type":"post","link":"https:\/\/candas365.es\/noticias\/marcelino-marcos-lindez-satisfecho-con-su-declaracion-ante-el-tsja\/","title":{"rendered":"Marcelino Marcos L\u00edndez \u00absatisfecho\u00bb con su declaraci\u00f3n ante el TSJA"},"content":{"rendered":"<p><img fetchpriority=\"high\" decoding=\"async\" class=\"alignleft size-medium wp-image-31031\" src=\"https:\/\/candas365.es\/noticias\/wp-content\/uploads\/2016\/06\/fotonoticia_20160622113829_800-225x300.jpg\" alt=\"fotonoticia_20160622113829_800\" width=\"225\" height=\"300\" srcset=\"https:\/\/candas365.es\/noticias\/wp-content\/uploads\/2016\/06\/fotonoticia_20160622113829_800-225x300.jpg 225w, https:\/\/candas365.es\/noticias\/wp-content\/uploads\/2016\/06\/fotonoticia_20160622113829_800-360x480.jpg 360w, https:\/\/candas365.es\/noticias\/wp-content\/uploads\/2016\/06\/fotonoticia_20160622113829_800-768x1024.jpg 768w, https:\/\/candas365.es\/noticias\/wp-content\/uploads\/2016\/06\/fotonoticia_20160622113829_800-150x200.jpg 150w, https:\/\/candas365.es\/noticias\/wp-content\/uploads\/2016\/06\/fotonoticia_20160622113829_800-450x600.jpg 450w, https:\/\/candas365.es\/noticias\/wp-content\/uploads\/2016\/06\/fotonoticia_20160622113829_800-696x928.jpg 696w, https:\/\/candas365.es\/noticias\/wp-content\/uploads\/2016\/06\/fotonoticia_20160622113829_800-315x420.jpg 315w, https:\/\/candas365.es\/noticias\/wp-content\/uploads\/2016\/06\/fotonoticia_20160622113829_800.jpg 800w\" sizes=\"(max-width: 225px) 100vw, 225px\" \/>El diputado socialista y exalcalde de Tineo, Mercelino Marcos L\u00edndez, ha prestado este mi\u00e9rcoles declaraci\u00f3n como investigado por un presunto delito de prevaricaci\u00f3n administrativa durante su etapa como regidor. A su salida del Tribunal Superior de Justicia de Asturias (TSJA) ha manifestado estar \u00absatisfecho\u00bb de su declaraci\u00f3n con la que adem\u00e1s de clarificar busca defender la honradez \u00abno s\u00f3lo de un alcalde durante nueve a\u00f1os sino del personal del Ayuntamiento de Tineo\u00bb.<\/p>\n<p>El ministerio p\u00fablico considera que el diputado Marcelino Marcos L\u00edndez habr\u00eda infringido \u00abde forma clara y directa la normativa sobre contrataci\u00f3n, al haber prescindido de las normas b\u00e1sicas que rigen el procedimiento de contrataci\u00f3n p\u00fablica, lo cual podr\u00eda ser constitutivo de un delito de prevaricaci\u00f3n\u00bb.<\/p>\n<p>La denuncia presentada fue a consecuencia de la investigaci\u00f3n abierta a ra\u00edz de la comunicaci\u00f3n hecha por un concejal de Somos del Ayuntamiento de Tineo. Adem\u00e1s, la Fiscal\u00eda aprecia irregularidades en varias contrataciones de personal realizadas por \u00c1lvaro Garc\u00eda Rodr\u00edguez, que ocupaba la Concejal\u00eda de Urbanismo en 2008, por la presunta adjudicaci\u00f3n de gratificaciones injustificadas a dos trabajadores.<\/p>\n<p>\u00abEn nueve a\u00f1os por el ayuntamiento de Tineo han pasado muchos habilitados nacionales, digo nacionales porque se pone en cuesti\u00f3n su trabajo que son los que hacen los informes, y en esos nueve a\u00f1os nunca he tenido un reparo de habilitados en contrataci\u00f3n y siempre he tenido la eficacia y el cumplimiento de la legislaci\u00f3n vigente\u00bb, ha dicho tras salir del juzgado.<\/p>\n<p>As\u00ed, en manifestaciones a los medios de comunicaci\u00f3n ha se\u00f1alado que su declaraci\u00f3n ha ido \u00abseg\u00fan lo previsto\u00bb. \u00abDe lo que se trata es de clarificar algunas cuestiones relacionados con informes de la Sindicatura y aportar todas las informaciones que tengo\u00bb, ha dicho el diputado socialista que ha a\u00f1adido que \u00abcree que ha dado todas las explicaciones\u00bb.<\/p>\n<p>Ha insistido en que considera que se han clarificado las cuestiones objeto de la denuncia y su inocencia ha quedado \u00abperfectamente acreditada\u00bb no s\u00f3lo de palabra sino con los propios documentos.<\/p>\n<p>En este sentido ha indicado que se pon\u00eda en cuesti\u00f3n la existencia de expedientes y documentos que una vez revisado todo estaban all\u00ed. No obstante ha insistido en que se trataba de clarificar cuestiones y as\u00ed lo ha hecho.<\/p>\n<p>Respecto a que su declaraci\u00f3n coincida con la campa\u00f1a electoral, Marcos L\u00edndez ha indicado que \u00abpersonalmente le da igual ya que cuanto antes se clarifique este asunto mejor\u00bb, no obstante ha indicado que \u00abno es plato de gusto para nadie porque de todo se hace lectura y de todo se puede aprovechar por parte de otras fuerzas pol\u00edticas\u00bb.<\/p>\n<p>\u00abCreo en la justicia y no creo que haya sido a prop\u00f3sito ni mucho menos, son circunstancias que coinciden\u00bb, ha manifestado el exregidor.<\/p>\n<p>&nbsp;<\/p>\n","protected":false},"excerpt":{"rendered":"<p>El diputado socialista y exalcalde de Tineo, Mercelino Marcos L\u00edndez, ha prestado este mi\u00e9rcoles declaraci\u00f3n como investigado por un presunto delito de prevaricaci\u00f3n administrativa durante su etapa como regidor. A su salida del Tribunal Superior de Justicia de Asturias (TSJA) ha manifestado estar \u00absatisfecho\u00bb de su declaraci\u00f3n con la que adem\u00e1s de clarificar busca defender<\/p>\n","protected":false},"author":1,"featured_media":31031,"comment_status":"closed","ping_status":"closed","sticky":false,"template":"","format":"standard","meta":{"footnotes":""},"categories":[343],"tags":[],"class_list":{"0":"post-31030","1":"post","2":"type-post","3":"status-publish","4":"format-standard","5":"has-post-thumbnail","7":"category-actualidad"},"aioseo_notices":[],"aioseo_head":"\n\t\t<!-- All in One SEO Pro 4.9.6.2 - aioseo.com -->\n\t<meta name=\"description\" content=\"El diputado socialista y exalcalde de Tineo, Mercelino Marcos L\u00edndez, ha prestado este mi\u00e9rcoles declaraci\u00f3n como investigado por un presunto delito de prevaricaci\u00f3n administrativa durante su etapa como regidor. A su salida del Tribunal Superior de Justicia de Asturias (TSJA) ha manifestado estar &quot;satisfecho&quot; de su declaraci\u00f3n con la que adem\u00e1s de clarificar busca defender\" \/>\n\t<meta name=\"robots\" content=\"max-image-preview:large\" \/>\n\t<meta name=\"author\" content=\"Cand\u00e1s 365\"\/>\n\t<meta name=\"google-site-verification\" content=\"UA-32230408-1\" \/>\n\t<meta name=\"msvalidate.01\" content=\"354F3CDFB2DA171B47FBE9ABF1F88D5\" \/>\n\t<meta name=\"keywords\" content=\"actualidad\" \/>\n\t<link rel=\"canonical\" href=\"https:\/\/candas365.es\/noticias\/marcelino-marcos-lindez-satisfecho-con-su-declaracion-ante-el-tsja\/\" \/>\n\t<meta name=\"generator\" content=\"All in One SEO Pro (AIOSEO) 4.9.6.2\" \/>\n\t\t<meta property=\"og:locale\" content=\"es_ES\" \/>\n\t\t<meta property=\"og:site_name\" content=\"Cand\u00e1s 365\" \/>\n\t\t<meta property=\"og:type\" content=\"article\" \/>\n\t\t<meta property=\"og:title\" content=\"Marcelino Marcos L\u00edndez \u00absatisfecho\u00bb con su declaraci\u00f3n ante el TSJA | Cand\u00e1s 365\" \/>\n\t\t<meta property=\"og:description\" content=\"El diputado socialista y exalcalde de Tineo, Mercelino Marcos L\u00edndez, ha prestado este mi\u00e9rcoles declaraci\u00f3n como investigado por un presunto delito de prevaricaci\u00f3n administrativa durante su etapa como regidor. A su salida del Tribunal Superior de Justicia de Asturias (TSJA) ha manifestado estar &quot;satisfecho&quot; de su declaraci\u00f3n con la que adem\u00e1s de clarificar busca defender\" \/>\n\t\t<meta property=\"og:url\" content=\"https:\/\/candas365.es\/noticias\/marcelino-marcos-lindez-satisfecho-con-su-declaracion-ante-el-tsja\/\" \/>\n\t\t<meta property=\"og:image\" content=\"https:\/\/candas365.es\/noticias\/wp-content\/uploads\/2016\/06\/fotonoticia_20160622113829_800.jpg\" \/>\n\t\t<meta property=\"og:image:secure_url\" content=\"https:\/\/candas365.es\/noticias\/wp-content\/uploads\/2016\/06\/fotonoticia_20160622113829_800.jpg\" \/>\n\t\t<meta property=\"og:image:width\" content=\"800\" \/>\n\t\t<meta property=\"og:image:height\" content=\"1067\" \/>\n\t\t<meta property=\"article:published_time\" content=\"2016-06-22T23:04:07+00:00\" \/>\n\t\t<meta property=\"article:modified_time\" content=\"2016-06-22T23:04:07+00:00\" \/>\n\t\t<meta property=\"article:publisher\" content=\"https:\/\/www.facebook.com\/Nachofdezber\" \/>\n\t\t<meta property=\"article:author\" content=\"https:\/\/www.facebook.com\/carrenoactualidad\" \/>\n\t\t<meta name=\"twitter:card\" content=\"summary_large_image\" \/>\n\t\t<meta name=\"twitter:site\" content=\"@NabercoDigital\" \/>\n\t\t<meta name=\"twitter:title\" content=\"Marcelino Marcos L\u00edndez \u00absatisfecho\u00bb con su declaraci\u00f3n ante el TSJA | Cand\u00e1s 365\" \/>\n\t\t<meta name=\"twitter:description\" content=\"El diputado socialista y exalcalde de Tineo, Mercelino Marcos L\u00edndez, ha prestado este mi\u00e9rcoles declaraci\u00f3n como investigado por un presunto delito de prevaricaci\u00f3n administrativa durante su etapa como regidor. A su salida del Tribunal Superior de Justicia de Asturias (TSJA) ha manifestado estar &quot;satisfecho&quot; de su declaraci\u00f3n con la que adem\u00e1s de clarificar busca defender\" \/>\n\t\t<meta name=\"twitter:creator\" content=\"@nbasturias\" \/>\n\t\t<meta name=\"twitter:image\" content=\"https:\/\/candas365.es\/noticias\/wp-content\/uploads\/2016\/06\/fotonoticia_20160622113829_800.jpg\" \/>\n\t\t<meta name=\"twitter:label1\" content=\"Escrito por\" \/>\n\t\t<meta name=\"twitter:data1\" content=\"Cand\u00e1s 365\" \/>\n\t\t<meta name=\"twitter:label2\" content=\"Tiempo de lectura estimado\" \/>\n\t\t<meta name=\"twitter:data2\" content=\"2 minutos\" \/>\n\t\t<script type=\"application\/ld+json\" class=\"aioseo-schema\">\n\t\t\t{\"@context\":\"https:\\\/\\\/schema.org\",\"@graph\":[{\"@type\":\"BreadcrumbList\",\"@id\":\"https:\\\/\\\/candas365.es\\\/noticias\\\/marcelino-marcos-lindez-satisfecho-con-su-declaracion-ante-el-tsja\\\/#breadcrumblist\",\"itemListElement\":[{\"@type\":\"ListItem\",\"@id\":\"https:\\\/\\\/candas365.es\\\/noticias#listItem\",\"position\":1,\"name\":\"Home\",\"item\":\"https:\\\/\\\/candas365.es\\\/noticias\",\"nextItem\":{\"@type\":\"ListItem\",\"@id\":\"https:\\\/\\\/candas365.es\\\/noticias\\\/category\\\/actualidad\\\/#listItem\",\"name\":\"Actualidad\"}},{\"@type\":\"ListItem\",\"@id\":\"https:\\\/\\\/candas365.es\\\/noticias\\\/category\\\/actualidad\\\/#listItem\",\"position\":2,\"name\":\"Actualidad\",\"item\":\"https:\\\/\\\/candas365.es\\\/noticias\\\/category\\\/actualidad\\\/\",\"nextItem\":{\"@type\":\"ListItem\",\"@id\":\"https:\\\/\\\/candas365.es\\\/noticias\\\/marcelino-marcos-lindez-satisfecho-con-su-declaracion-ante-el-tsja\\\/#listItem\",\"name\":\"Marcelino Marcos L\\u00edndez \\u00absatisfecho\\u00bb con su declaraci\\u00f3n ante el TSJA\"},\"previousItem\":{\"@type\":\"ListItem\",\"@id\":\"https:\\\/\\\/candas365.es\\\/noticias#listItem\",\"name\":\"Home\"}},{\"@type\":\"ListItem\",\"@id\":\"https:\\\/\\\/candas365.es\\\/noticias\\\/marcelino-marcos-lindez-satisfecho-con-su-declaracion-ante-el-tsja\\\/#listItem\",\"position\":3,\"name\":\"Marcelino Marcos L\\u00edndez \\u00absatisfecho\\u00bb con su declaraci\\u00f3n ante el TSJA\",\"previousItem\":{\"@type\":\"ListItem\",\"@id\":\"https:\\\/\\\/candas365.es\\\/noticias\\\/category\\\/actualidad\\\/#listItem\",\"name\":\"Actualidad\"}}]},{\"@type\":\"NewsArticle\",\"@id\":\"https:\\\/\\\/candas365.es\\\/noticias\\\/marcelino-marcos-lindez-satisfecho-con-su-declaracion-ante-el-tsja\\\/#newsarticle\",\"name\":\"Marcelino Marcos L\\u00edndez \\u00absatisfecho\\u00bb con su declaraci\\u00f3n ante el TSJA | Cand\\u00e1s 365\",\"headline\":\"Marcelino Marcos L\\u00edndez \\u00absatisfecho\\u00bb con su declaraci\\u00f3n ante el TSJA\",\"author\":{\"@id\":\"https:\\\/\\\/candas365.es\\\/noticias\\\/author\\\/admin\\\/#author\"},\"publisher\":{\"@id\":\"https:\\\/\\\/candas365.es\\\/noticias\\\/#organization\"},\"image\":{\"@type\":\"ImageObject\",\"url\":\"https:\\\/\\\/candas365.es\\\/noticias\\\/wp-content\\\/uploads\\\/2016\\\/06\\\/fotonoticia_20160622113829_800.jpg\",\"width\":800,\"height\":1067},\"datePublished\":\"2016-06-23T00:34:07+02:00\",\"dateModified\":\"2016-06-23T00:34:07+02:00\",\"inLanguage\":\"es-ES\",\"mainEntityOfPage\":{\"@id\":\"https:\\\/\\\/candas365.es\\\/noticias\\\/marcelino-marcos-lindez-satisfecho-con-su-declaracion-ante-el-tsja\\\/#webpage\"},\"isPartOf\":{\"@id\":\"https:\\\/\\\/candas365.es\\\/noticias\\\/marcelino-marcos-lindez-satisfecho-con-su-declaracion-ante-el-tsja\\\/#webpage\"},\"articleSection\":\"Actualidad\",\"dateline\":\"Publicado el junio 23, 2016.\"},{\"@type\":\"Organization\",\"@id\":\"https:\\\/\\\/candas365.es\\\/noticias\\\/#organization\",\"name\":\"Cand\\u00e1s 365\",\"description\":\"Cand\\u00e1s 365 es un diario digital independiente, fundado en 2012, con base en Asturias. Informamos con rigor sobre actualidad, sociedad, cultura y ocio, con una mirada local y global.\",\"url\":\"https:\\\/\\\/candas365.es\\\/noticias\\\/\",\"email\":\"info@candas365.es\",\"telephone\":\"+34652131393\",\"foundingDate\":\"2012-06-10\",\"logo\":{\"@type\":\"ImageObject\",\"url\":\"https:\\\/\\\/candas365.es\\\/noticias\\\/wp-content\\\/uploads\\\/2024\\\/09\\\/Candas-365-Redes.jpg\",\"@id\":\"https:\\\/\\\/candas365.es\\\/noticias\\\/marcelino-marcos-lindez-satisfecho-con-su-declaracion-ante-el-tsja\\\/#organizationLogo\",\"width\":1152,\"height\":864,\"caption\":\"Cand\\u00e1s 365 Redes\"},\"image\":{\"@id\":\"https:\\\/\\\/candas365.es\\\/noticias\\\/marcelino-marcos-lindez-satisfecho-con-su-declaracion-ante-el-tsja\\\/#organizationLogo\"},\"sameAs\":[\"https:\\\/\\\/www.facebook.com\\\/Nachofdezber\",\"https:\\\/\\\/x.com\\\/NabercoDigital\",\"https:\\\/\\\/www.instagram.com\\\/nachofdezber\\\/\",\"https:\\\/\\\/www.youtube.com\\\/channel\\\/UCZP-2wLEB9Rv6erhFmqVnvg\"],\"address\":{\"@id\":\"https:\\\/\\\/candas365.es\\\/noticias\\\/#postaladdress\",\"@type\":\"PostalAddress\",\"streetAddress\":\"san antonio 4, san antonio 4\",\"postalCode\":\"33430\",\"addressLocality\":\"Cand\\u00e1s\",\"addressRegion\":\"Asturias\",\"addressCountry\":\"ES\"}},{\"@type\":\"Person\",\"@id\":\"https:\\\/\\\/candas365.es\\\/noticias\\\/author\\\/admin\\\/#author\",\"url\":\"https:\\\/\\\/candas365.es\\\/noticias\\\/author\\\/admin\\\/\",\"name\":\"Cand\\u00e1s 365\",\"image\":{\"@type\":\"ImageObject\",\"@id\":\"https:\\\/\\\/candas365.es\\\/noticias\\\/marcelino-marcos-lindez-satisfecho-con-su-declaracion-ante-el-tsja\\\/#authorImage\",\"url\":\"https:\\\/\\\/secure.gravatar.com\\\/avatar\\\/496a8e03d0c493ede1718b7934145dbdf8d89be1036b0eec9544e1094c9de390?s=96&d=mm&r=g\",\"width\":96,\"height\":96,\"caption\":\"Cand\\u00e1s 365\"},\"sameAs\":[\"https:\\\/\\\/www.facebook.com\\\/carrenoactualidad\",\"https:\\\/\\\/twitter.com\\\/nbasturias\",\"https:\\\/\\\/www.instagram.com\\\/nachofdezber\\\/\",\"https:\\\/\\\/www.youtube.com\\\/channel\\\/UCZP-2wLEB9Rv6erhFmqVnvg\"]},{\"@type\":\"WebPage\",\"@id\":\"https:\\\/\\\/candas365.es\\\/noticias\\\/marcelino-marcos-lindez-satisfecho-con-su-declaracion-ante-el-tsja\\\/#webpage\",\"url\":\"https:\\\/\\\/candas365.es\\\/noticias\\\/marcelino-marcos-lindez-satisfecho-con-su-declaracion-ante-el-tsja\\\/\",\"name\":\"Marcelino Marcos L\\u00edndez \\u00absatisfecho\\u00bb con su declaraci\\u00f3n ante el TSJA | Cand\\u00e1s 365\",\"description\":\"El diputado socialista y exalcalde de Tineo, Mercelino Marcos L\\u00edndez, ha prestado este mi\\u00e9rcoles declaraci\\u00f3n como investigado por un presunto delito de prevaricaci\\u00f3n administrativa durante su etapa como regidor. A su salida del Tribunal Superior de Justicia de Asturias (TSJA) ha manifestado estar \\\"satisfecho\\\" de su declaraci\\u00f3n con la que adem\\u00e1s de clarificar busca defender\",\"inLanguage\":\"es-ES\",\"isPartOf\":{\"@id\":\"https:\\\/\\\/candas365.es\\\/noticias\\\/#website\"},\"breadcrumb\":{\"@id\":\"https:\\\/\\\/candas365.es\\\/noticias\\\/marcelino-marcos-lindez-satisfecho-con-su-declaracion-ante-el-tsja\\\/#breadcrumblist\"},\"author\":{\"@id\":\"https:\\\/\\\/candas365.es\\\/noticias\\\/author\\\/admin\\\/#author\"},\"creator\":{\"@id\":\"https:\\\/\\\/candas365.es\\\/noticias\\\/author\\\/admin\\\/#author\"},\"image\":{\"@type\":\"ImageObject\",\"url\":\"https:\\\/\\\/candas365.es\\\/noticias\\\/wp-content\\\/uploads\\\/2016\\\/06\\\/fotonoticia_20160622113829_800.jpg\",\"@id\":\"https:\\\/\\\/candas365.es\\\/noticias\\\/marcelino-marcos-lindez-satisfecho-con-su-declaracion-ante-el-tsja\\\/#mainImage\",\"width\":800,\"height\":1067},\"primaryImageOfPage\":{\"@id\":\"https:\\\/\\\/candas365.es\\\/noticias\\\/marcelino-marcos-lindez-satisfecho-con-su-declaracion-ante-el-tsja\\\/#mainImage\"},\"datePublished\":\"2016-06-23T00:34:07+02:00\",\"dateModified\":\"2016-06-23T00:34:07+02:00\"},{\"@type\":\"WebSite\",\"@id\":\"https:\\\/\\\/candas365.es\\\/noticias\\\/#website\",\"url\":\"https:\\\/\\\/candas365.es\\\/noticias\\\/\",\"name\":\"Cand\\u00e1s 365\",\"alternateName\":\"Cand\\u00e1s 365 Noticias\",\"description\":\"Actualidad desde Carre\\u00f1o para el mundo\",\"inLanguage\":\"es-ES\",\"publisher\":{\"@id\":\"https:\\\/\\\/candas365.es\\\/noticias\\\/#organization\"}}]}\n\t\t<\/script>\n\t\t<!-- All in One SEO Pro -->\r\n\t\t<title>Marcelino Marcos L\u00edndez \u00absatisfecho\u00bb con su declaraci\u00f3n ante el TSJA | Cand\u00e1s 365<\/title>\n\n","aioseo_head_json":{"title":"Marcelino Marcos L\u00edndez \u00absatisfecho\u00bb con su declaraci\u00f3n ante el TSJA | Cand\u00e1s 365","description":"El diputado socialista y exalcalde de Tineo, Mercelino Marcos L\u00edndez, ha prestado este mi\u00e9rcoles declaraci\u00f3n como investigado por un presunto delito de prevaricaci\u00f3n administrativa durante su etapa como regidor. A su salida del Tribunal Superior de Justicia de Asturias (TSJA) ha manifestado estar \"satisfecho\" de su declaraci\u00f3n con la que adem\u00e1s de clarificar busca defender","canonical_url":"https:\/\/candas365.es\/noticias\/marcelino-marcos-lindez-satisfecho-con-su-declaracion-ante-el-tsja\/","robots":"max-image-preview:large","keywords":"actualidad","webmasterTools":{"google-site-verification":"UA-32230408-1","msvalidate.01":"354F3CDFB2DA171B47FBE9ABF1F88D5","miscellaneous":""},"schema":{"@context":"https:\/\/schema.org","@graph":[{"@type":"BreadcrumbList","@id":"https:\/\/candas365.es\/noticias\/marcelino-marcos-lindez-satisfecho-con-su-declaracion-ante-el-tsja\/#breadcrumblist","itemListElement":[{"@type":"ListItem","@id":"https:\/\/candas365.es\/noticias#listItem","position":1,"name":"Home","item":"https:\/\/candas365.es\/noticias","nextItem":{"@type":"ListItem","@id":"https:\/\/candas365.es\/noticias\/category\/actualidad\/#listItem","name":"Actualidad"}},{"@type":"ListItem","@id":"https:\/\/candas365.es\/noticias\/category\/actualidad\/#listItem","position":2,"name":"Actualidad","item":"https:\/\/candas365.es\/noticias\/category\/actualidad\/","nextItem":{"@type":"ListItem","@id":"https:\/\/candas365.es\/noticias\/marcelino-marcos-lindez-satisfecho-con-su-declaracion-ante-el-tsja\/#listItem","name":"Marcelino Marcos L\u00edndez \u00absatisfecho\u00bb con su declaraci\u00f3n ante el TSJA"},"previousItem":{"@type":"ListItem","@id":"https:\/\/candas365.es\/noticias#listItem","name":"Home"}},{"@type":"ListItem","@id":"https:\/\/candas365.es\/noticias\/marcelino-marcos-lindez-satisfecho-con-su-declaracion-ante-el-tsja\/#listItem","position":3,"name":"Marcelino Marcos L\u00edndez \u00absatisfecho\u00bb con su declaraci\u00f3n ante el TSJA","previousItem":{"@type":"ListItem","@id":"https:\/\/candas365.es\/noticias\/category\/actualidad\/#listItem","name":"Actualidad"}}]},{"@type":"NewsArticle","@id":"https:\/\/candas365.es\/noticias\/marcelino-marcos-lindez-satisfecho-con-su-declaracion-ante-el-tsja\/#newsarticle","name":"Marcelino Marcos L\u00edndez \u00absatisfecho\u00bb con su declaraci\u00f3n ante el TSJA | Cand\u00e1s 365","headline":"Marcelino Marcos L\u00edndez \u00absatisfecho\u00bb con su declaraci\u00f3n ante el TSJA","author":{"@id":"https:\/\/candas365.es\/noticias\/author\/admin\/#author"},"publisher":{"@id":"https:\/\/candas365.es\/noticias\/#organization"},"image":{"@type":"ImageObject","url":"https:\/\/candas365.es\/noticias\/wp-content\/uploads\/2016\/06\/fotonoticia_20160622113829_800.jpg","width":800,"height":1067},"datePublished":"2016-06-23T00:34:07+02:00","dateModified":"2016-06-23T00:34:07+02:00","inLanguage":"es-ES","mainEntityOfPage":{"@id":"https:\/\/candas365.es\/noticias\/marcelino-marcos-lindez-satisfecho-con-su-declaracion-ante-el-tsja\/#webpage"},"isPartOf":{"@id":"https:\/\/candas365.es\/noticias\/marcelino-marcos-lindez-satisfecho-con-su-declaracion-ante-el-tsja\/#webpage"},"articleSection":"Actualidad","dateline":"Publicado el junio 23, 2016."},{"@type":"Organization","@id":"https:\/\/candas365.es\/noticias\/#organization","name":"Cand\u00e1s 365","description":"Cand\u00e1s 365 es un diario digital independiente, fundado en 2012, con base en Asturias. Informamos con rigor sobre actualidad, sociedad, cultura y ocio, con una mirada local y global.","url":"https:\/\/candas365.es\/noticias\/","email":"info@candas365.es","telephone":"+34652131393","foundingDate":"2012-06-10","logo":{"@type":"ImageObject","url":"https:\/\/candas365.es\/noticias\/wp-content\/uploads\/2024\/09\/Candas-365-Redes.jpg","@id":"https:\/\/candas365.es\/noticias\/marcelino-marcos-lindez-satisfecho-con-su-declaracion-ante-el-tsja\/#organizationLogo","width":1152,"height":864,"caption":"Cand\u00e1s 365 Redes"},"image":{"@id":"https:\/\/candas365.es\/noticias\/marcelino-marcos-lindez-satisfecho-con-su-declaracion-ante-el-tsja\/#organizationLogo"},"sameAs":["https:\/\/www.facebook.com\/Nachofdezber","https:\/\/x.com\/NabercoDigital","https:\/\/www.instagram.com\/nachofdezber\/","https:\/\/www.youtube.com\/channel\/UCZP-2wLEB9Rv6erhFmqVnvg"],"address":{"@id":"https:\/\/candas365.es\/noticias\/#postaladdress","@type":"PostalAddress","streetAddress":"san antonio 4, san antonio 4","postalCode":"33430","addressLocality":"Cand\u00e1s","addressRegion":"Asturias","addressCountry":"ES"}},{"@type":"Person","@id":"https:\/\/candas365.es\/noticias\/author\/admin\/#author","url":"https:\/\/candas365.es\/noticias\/author\/admin\/","name":"Cand\u00e1s 365","image":{"@type":"ImageObject","@id":"https:\/\/candas365.es\/noticias\/marcelino-marcos-lindez-satisfecho-con-su-declaracion-ante-el-tsja\/#authorImage","url":"https:\/\/secure.gravatar.com\/avatar\/496a8e03d0c493ede1718b7934145dbdf8d89be1036b0eec9544e1094c9de390?s=96&d=mm&r=g","width":96,"height":96,"caption":"Cand\u00e1s 365"},"sameAs":["https:\/\/www.facebook.com\/carrenoactualidad","https:\/\/twitter.com\/nbasturias","https:\/\/www.instagram.com\/nachofdezber\/","https:\/\/www.youtube.com\/channel\/UCZP-2wLEB9Rv6erhFmqVnvg"]},{"@type":"WebPage","@id":"https:\/\/candas365.es\/noticias\/marcelino-marcos-lindez-satisfecho-con-su-declaracion-ante-el-tsja\/#webpage","url":"https:\/\/candas365.es\/noticias\/marcelino-marcos-lindez-satisfecho-con-su-declaracion-ante-el-tsja\/","name":"Marcelino Marcos L\u00edndez \u00absatisfecho\u00bb con su declaraci\u00f3n ante el TSJA | Cand\u00e1s 365","description":"El diputado socialista y exalcalde de Tineo, Mercelino Marcos L\u00edndez, ha prestado este mi\u00e9rcoles declaraci\u00f3n como investigado por un presunto delito de prevaricaci\u00f3n administrativa durante su etapa como regidor. A su salida del Tribunal Superior de Justicia de Asturias (TSJA) ha manifestado estar \"satisfecho\" de su declaraci\u00f3n con la que adem\u00e1s de clarificar busca defender","inLanguage":"es-ES","isPartOf":{"@id":"https:\/\/candas365.es\/noticias\/#website"},"breadcrumb":{"@id":"https:\/\/candas365.es\/noticias\/marcelino-marcos-lindez-satisfecho-con-su-declaracion-ante-el-tsja\/#breadcrumblist"},"author":{"@id":"https:\/\/candas365.es\/noticias\/author\/admin\/#author"},"creator":{"@id":"https:\/\/candas365.es\/noticias\/author\/admin\/#author"},"image":{"@type":"ImageObject","url":"https:\/\/candas365.es\/noticias\/wp-content\/uploads\/2016\/06\/fotonoticia_20160622113829_800.jpg","@id":"https:\/\/candas365.es\/noticias\/marcelino-marcos-lindez-satisfecho-con-su-declaracion-ante-el-tsja\/#mainImage","width":800,"height":1067},"primaryImageOfPage":{"@id":"https:\/\/candas365.es\/noticias\/marcelino-marcos-lindez-satisfecho-con-su-declaracion-ante-el-tsja\/#mainImage"},"datePublished":"2016-06-23T00:34:07+02:00","dateModified":"2016-06-23T00:34:07+02:00"},{"@type":"WebSite","@id":"https:\/\/candas365.es\/noticias\/#website","url":"https:\/\/candas365.es\/noticias\/","name":"Cand\u00e1s 365","alternateName":"Cand\u00e1s 365 Noticias","description":"Actualidad desde Carre\u00f1o para el mundo","inLanguage":"es-ES","publisher":{"@id":"https:\/\/candas365.es\/noticias\/#organization"}}]},"og:locale":"es_ES","og:site_name":"Cand\u00e1s 365","og:type":"article","og:title":"Marcelino Marcos L\u00edndez \u00absatisfecho\u00bb con su declaraci\u00f3n ante el TSJA | Cand\u00e1s 365","og:description":"El diputado socialista y exalcalde de Tineo, Mercelino Marcos L\u00edndez, ha prestado este mi\u00e9rcoles declaraci\u00f3n como investigado por un presunto delito de prevaricaci\u00f3n administrativa durante su etapa como regidor. A su salida del Tribunal Superior de Justicia de Asturias (TSJA) ha manifestado estar &quot;satisfecho&quot; de su declaraci\u00f3n con la que adem\u00e1s de clarificar busca defender","og:url":"https:\/\/candas365.es\/noticias\/marcelino-marcos-lindez-satisfecho-con-su-declaracion-ante-el-tsja\/","og:image":"https:\/\/candas365.es\/noticias\/wp-content\/uploads\/2016\/06\/fotonoticia_20160622113829_800.jpg","og:image:secure_url":"https:\/\/candas365.es\/noticias\/wp-content\/uploads\/2016\/06\/fotonoticia_20160622113829_800.jpg","og:image:width":800,"og:image:height":1067,"article:published_time":"2016-06-22T23:04:07+00:00","article:modified_time":"2016-06-22T23:04:07+00:00","article:publisher":"https:\/\/www.facebook.com\/Nachofdezber","article:author":"https:\/\/www.facebook.com\/carrenoactualidad","twitter:card":"summary_large_image","twitter:site":"@NabercoDigital","twitter:title":"Marcelino Marcos L\u00edndez \u00absatisfecho\u00bb con su declaraci\u00f3n ante el TSJA | Cand\u00e1s 365","twitter:description":"El diputado socialista y exalcalde de Tineo, Mercelino Marcos L\u00edndez, ha prestado este mi\u00e9rcoles declaraci\u00f3n como investigado por un presunto delito de prevaricaci\u00f3n administrativa durante su etapa como regidor. A su salida del Tribunal Superior de Justicia de Asturias (TSJA) ha manifestado estar &quot;satisfecho&quot; de su declaraci\u00f3n con la que adem\u00e1s de clarificar busca defender","twitter:creator":"@nbasturias","twitter:image":"https:\/\/candas365.es\/noticias\/wp-content\/uploads\/2016\/06\/fotonoticia_20160622113829_800.jpg","twitter:label1":"Escrito por","twitter:data1":"Cand\u00e1s 365","twitter:label2":"Tiempo de lectura estimado","twitter:data2":"2 minutos"},"aioseo_meta_data":{"post_id":"31030","title":null,"description":null,"keywords":null,"keyphrases":null,"primary_term":null,"canonical_url":null,"og_title":null,"og_description":null,"og_object_type":"default","og_image_type":"default","og_image_url":null,"og_image_width":null,"og_image_height":null,"og_image_custom_url":null,"og_image_custom_fields":null,"og_video":null,"og_custom_url":null,"og_article_section":null,"og_article_tags":null,"twitter_use_og":false,"twitter_card":"default","twitter_image_type":"default","twitter_image_url":null,"twitter_image_custom_url":null,"twitter_image_custom_fields":null,"twitter_title":null,"twitter_description":null,"schema":{"blockGraphs":[],"customGraphs":[],"default":{"data":{"Article":[],"Course":[],"Dataset":[],"FAQPage":[],"Movie":[],"Person":[],"Product":[],"ProductReview":[],"Car":[],"Recipe":[],"Service":[],"SoftwareApplication":[],"WebPage":[]},"graphName":"","isEnabled":true},"graphs":[],"defaultGraph":"","defaultPostTypeGraph":""},"schema_type":null,"schema_type_options":null,"pillar_content":false,"robots_default":true,"robots_noindex":false,"robots_noarchive":false,"robots_nosnippet":false,"robots_nofollow":false,"robots_noimageindex":false,"robots_noodp":false,"robots_notranslate":false,"robots_max_snippet":null,"robots_max_videopreview":null,"robots_max_imagepreview":"large","priority":null,"frequency":null,"location":null,"local_seo":null,"seo_analyzer_scan_date":"2025-08-24 13:19:12","breadcrumb_settings":null,"limit_modified_date":false,"reviewed_by":null,"open_ai":null,"ai":null,"created":"2020-12-21 13:00:00","updated":"2025-08-24 13:19:12"},"aioseo_breadcrumb":"<div class=\"aioseo-breadcrumbs\"><span class=\"aioseo-breadcrumb\">\n\t<a href=\"https:\/\/candas365.es\/noticias\" title=\"Home\">Home<\/a>\n<\/span><span class=\"aioseo-breadcrumb-separator\">&ndash;<\/span><span class=\"aioseo-breadcrumb\">\n\t<a href=\"https:\/\/candas365.es\/noticias\/category\/actualidad\/\" title=\"Actualidad\">Actualidad<\/a>\n<\/span><span class=\"aioseo-breadcrumb-separator\">&ndash;<\/span><span class=\"aioseo-breadcrumb\">\n\tMarcelino Marcos L\u00edndez \u00absatisfecho\u00bb con su declaraci\u00f3n ante el TSJA\n<\/span><\/div>","aioseo_breadcrumb_json":[{"label":"Home","link":"https:\/\/candas365.es\/noticias"},{"label":"Actualidad","link":"https:\/\/candas365.es\/noticias\/category\/actualidad\/"},{"label":"Marcelino Marcos L\u00edndez \u00absatisfecho\u00bb con su declaraci\u00f3n ante el TSJA","link":"https:\/\/candas365.es\/noticias\/marcelino-marcos-lindez-satisfecho-con-su-declaracion-ante-el-tsja\/"}],"_links":{"self":[{"href":"https:\/\/candas365.es\/noticias\/wp-json\/wp\/v2\/posts\/31030","targetHints":{"allow":["GET"]}}],"collection":[{"href":"https:\/\/candas365.es\/noticias\/wp-json\/wp\/v2\/posts"}],"about":[{"href":"https:\/\/candas365.es\/noticias\/wp-json\/wp\/v2\/types\/post"}],"author":[{"embeddable":true,"href":"https:\/\/candas365.es\/noticias\/wp-json\/wp\/v2\/users\/1"}],"replies":[{"embeddable":true,"href":"https:\/\/candas365.es\/noticias\/wp-json\/wp\/v2\/comments?post=31030"}],"version-history":[{"count":0,"href":"https:\/\/candas365.es\/noticias\/wp-json\/wp\/v2\/posts\/31030\/revisions"}],"wp:featuredmedia":[{"embeddable":true,"href":"https:\/\/candas365.es\/noticias\/wp-json\/wp\/v2\/media\/31031"}],"wp:attachment":[{"href":"https:\/\/candas365.es\/noticias\/wp-json\/wp\/v2\/media?parent=31030"}],"wp:term":[{"taxonomy":"category","embeddable":true,"href":"https:\/\/candas365.es\/noticias\/wp-json\/wp\/v2\/categories?post=31030"},{"taxonomy":"post_tag","embeddable":true,"href":"https:\/\/candas365.es\/noticias\/wp-json\/wp\/v2\/tags?post=31030"}],"curies":[{"name":"wp","href":"https:\/\/api.w.org\/{rel}","templated":true}]}}