{"id":31022,"date":"2016-06-23T00:28:01","date_gmt":"2016-06-22T22:58:01","guid":{"rendered":"http:\/\/candas365.es\/noticias\/?p=31022"},"modified":"2016-06-23T00:28:01","modified_gmt":"2016-06-22T22:58:01","slug":"el-papa-alaba-la-renuncia-de-su-predecesor-fue-una-gran-leccion","status":"publish","type":"post","link":"https:\/\/candas365.es\/noticias\/el-papa-alaba-la-renuncia-de-su-predecesor-fue-una-gran-leccion\/","title":{"rendered":"El papa alaba la renuncia de su predecesor: \u00abfue una gran lecci\u00f3n\u00bb"},"content":{"rendered":"<p>Roma, 22 jun (dpa) &#8211; Al renunciar al pontificado, Benedicto XVI dio una \u00abgran lecci\u00f3n\u00bb de humildad y piedad a todos los cat\u00f3licos, alab\u00f3 su sucesor, el papa Francisco, en un breve ensayo publicado hoy por el diario italiano \u00abLa Repubblica\u00bb.<\/p>\n<p>El papa em\u00e9rito, de 89 a\u00f1os, renunci\u00f3 al cargo en febrero de 2013, alegando su avanzada edad, con lo que puso fin a un controvertido papado marcado por la corrupci\u00f3n y esc\u00e1ndalos de pedofilia por parte de sacerdotes cat\u00f3licos. Era una acci\u00f3n sin precedentes para un l\u00edder del Vaticano en casi 600 a\u00f1os.<\/p>\n<p>Desde su retiro y como papa em\u00e9rito, \u00abnos est\u00e1 dando quiz\u00e1 de la forma m\u00e1s clara una de sus grandes lecciones de la &#8216;teolog\u00eda de rodillas'\u00bb, dijo Francisco en una introducci\u00f3n a una antolog\u00eda de las homil\u00edas de Benedicto durante su sacerdocio.<\/p>\n<p>Las declaraciones de Francisco fueron publicadas por \u00abLa Repubblica\u00bb, mientras el libro entero se presentar\u00e1 el martes en una ceremonia en el Vaticano en la v\u00edspera del 65 aniversario del ordenamiento sacerdotal de Benedicto, que se espera comparezca junto con Francisco en una de sus poco usuales apariciones p\u00fablicas.<\/p>\n<p>Francisco se\u00f1al\u00f3 que Benedicto, que ahora vive retirado, est\u00e1 mostrando que lo que es m\u00e1s importante para los \u00abdi\u00e1conos, sacerdotes y obispos\u00bb no es \u00abgestionar los asuntos de cada d\u00eda, sino rezar por otros, sin parar, en cuerpo y alma, exactamente lo que el papa em\u00e9rito est\u00e1 haciendo hoy\u00bb:<\/p>\n<p>Sin embargo, el actual papa ha se\u00f1alado que no tiene planes de seguir los pasos de su predecesor a ese respecto. \u00abNunca pens\u00e9 en retirarme\u00bb, dijo en una audiencia con j\u00f3venes el 29 de marzo. Francisco dijo que lo que le mantiene en marcha es la \u00abpaz interior\u00bb que siente le lleg\u00f3 de Dios desde su elecci\u00f3n, as\u00ed como su naturaleza \u00abtemeraria\u00bb.<\/p>\n","protected":false},"excerpt":{"rendered":"<p>Roma, 22 jun (dpa) &#8211; Al renunciar al pontificado, Benedicto XVI dio una \u00abgran lecci\u00f3n\u00bb de humildad y piedad a todos los cat\u00f3licos, alab\u00f3 su sucesor, el papa Francisco, en un breve ensayo publicado hoy por el diario italiano \u00abLa Repubblica\u00bb. El papa em\u00e9rito, de 89 a\u00f1os, renunci\u00f3 al cargo en febrero de 2013, alegando<\/p>\n","protected":false},"author":1,"featured_media":16457,"comment_status":"closed","ping_status":"closed","sticky":false,"template":"","format":"standard","meta":{"footnotes":""},"categories":[343],"tags":[],"class_list":{"0":"post-31022","1":"post","2":"type-post","3":"status-publish","4":"format-standard","5":"has-post-thumbnail","7":"category-actualidad"},"aioseo_notices":[],"aioseo_head":"\n\t\t<!-- All in One SEO Pro 4.9.6.2 - aioseo.com -->\n\t<meta name=\"description\" content=\"Roma, 22 jun (dpa) - Al renunciar al pontificado, Benedicto XVI dio una &quot;gran lecci\u00f3n&quot; de humildad y piedad a todos los cat\u00f3licos, alab\u00f3 su sucesor, el papa Francisco, en un breve ensayo publicado hoy por el diario italiano &quot;La Repubblica&quot;. El papa em\u00e9rito, de 89 a\u00f1os, renunci\u00f3 al cargo en febrero de 2013, alegando\" \/>\n\t<meta name=\"robots\" content=\"max-image-preview:large\" \/>\n\t<meta name=\"author\" content=\"Cand\u00e1s 365\"\/>\n\t<meta name=\"google-site-verification\" content=\"UA-32230408-1\" \/>\n\t<meta name=\"msvalidate.01\" content=\"354F3CDFB2DA171B47FBE9ABF1F88D5\" \/>\n\t<meta name=\"keywords\" content=\"actualidad\" \/>\n\t<link rel=\"canonical\" href=\"https:\/\/candas365.es\/noticias\/el-papa-alaba-la-renuncia-de-su-predecesor-fue-una-gran-leccion\/\" \/>\n\t<meta name=\"generator\" content=\"All in One SEO Pro (AIOSEO) 4.9.6.2\" \/>\n\t\t<meta property=\"og:locale\" content=\"es_ES\" \/>\n\t\t<meta property=\"og:site_name\" content=\"Cand\u00e1s 365\" \/>\n\t\t<meta property=\"og:type\" content=\"article\" \/>\n\t\t<meta property=\"og:title\" content=\"El papa alaba la renuncia de su predecesor: \u00abfue una gran lecci\u00f3n\u00bb | Cand\u00e1s 365\" \/>\n\t\t<meta property=\"og:description\" content=\"Roma, 22 jun (dpa) - Al renunciar al pontificado, Benedicto XVI dio una &quot;gran lecci\u00f3n&quot; de humildad y piedad a todos los cat\u00f3licos, alab\u00f3 su sucesor, el papa Francisco, en un breve ensayo publicado hoy por el diario italiano &quot;La Repubblica&quot;. El papa em\u00e9rito, de 89 a\u00f1os, renunci\u00f3 al cargo en febrero de 2013, alegando\" \/>\n\t\t<meta property=\"og:url\" content=\"https:\/\/candas365.es\/noticias\/el-papa-alaba-la-renuncia-de-su-predecesor-fue-una-gran-leccion\/\" \/>\n\t\t<meta property=\"og:image\" content=\"https:\/\/candas365.es\/noticias\/wp-content\/uploads\/2015\/09\/c365noticias.jpg\" \/>\n\t\t<meta property=\"og:image:secure_url\" content=\"https:\/\/candas365.es\/noticias\/wp-content\/uploads\/2015\/09\/c365noticias.jpg\" \/>\n\t\t<meta property=\"og:image:width\" content=\"655\" \/>\n\t\t<meta property=\"og:image:height\" content=\"360\" \/>\n\t\t<meta property=\"article:published_time\" content=\"2016-06-22T22:58:01+00:00\" \/>\n\t\t<meta property=\"article:modified_time\" content=\"2016-06-22T22:58:01+00:00\" \/>\n\t\t<meta property=\"article:publisher\" content=\"https:\/\/www.facebook.com\/Nachofdezber\" \/>\n\t\t<meta property=\"article:author\" content=\"https:\/\/www.facebook.com\/carrenoactualidad\" \/>\n\t\t<meta name=\"twitter:card\" content=\"summary_large_image\" \/>\n\t\t<meta name=\"twitter:site\" content=\"@NabercoDigital\" \/>\n\t\t<meta name=\"twitter:title\" content=\"El papa alaba la renuncia de su predecesor: \u00abfue una gran lecci\u00f3n\u00bb | Cand\u00e1s 365\" \/>\n\t\t<meta name=\"twitter:description\" content=\"Roma, 22 jun (dpa) - Al renunciar al pontificado, Benedicto XVI dio una &quot;gran lecci\u00f3n&quot; de humildad y piedad a todos los cat\u00f3licos, alab\u00f3 su sucesor, el papa Francisco, en un breve ensayo publicado hoy por el diario italiano &quot;La Repubblica&quot;. El papa em\u00e9rito, de 89 a\u00f1os, renunci\u00f3 al cargo en febrero de 2013, alegando\" \/>\n\t\t<meta name=\"twitter:creator\" content=\"@nbasturias\" \/>\n\t\t<meta name=\"twitter:image\" content=\"https:\/\/candas365.es\/noticias\/wp-content\/uploads\/2015\/09\/c365noticias.jpg\" \/>\n\t\t<meta name=\"twitter:label1\" content=\"Escrito por\" \/>\n\t\t<meta name=\"twitter:data1\" content=\"Cand\u00e1s 365\" \/>\n\t\t<meta name=\"twitter:label2\" content=\"Tiempo de lectura estimado\" \/>\n\t\t<meta name=\"twitter:data2\" content=\"2 minutos\" \/>\n\t\t<script type=\"application\/ld+json\" class=\"aioseo-schema\">\n\t\t\t{\"@context\":\"https:\\\/\\\/schema.org\",\"@graph\":[{\"@type\":\"BreadcrumbList\",\"@id\":\"https:\\\/\\\/candas365.es\\\/noticias\\\/el-papa-alaba-la-renuncia-de-su-predecesor-fue-una-gran-leccion\\\/#breadcrumblist\",\"itemListElement\":[{\"@type\":\"ListItem\",\"@id\":\"https:\\\/\\\/candas365.es\\\/noticias#listItem\",\"position\":1,\"name\":\"Home\",\"item\":\"https:\\\/\\\/candas365.es\\\/noticias\",\"nextItem\":{\"@type\":\"ListItem\",\"@id\":\"https:\\\/\\\/candas365.es\\\/noticias\\\/category\\\/actualidad\\\/#listItem\",\"name\":\"Actualidad\"}},{\"@type\":\"ListItem\",\"@id\":\"https:\\\/\\\/candas365.es\\\/noticias\\\/category\\\/actualidad\\\/#listItem\",\"position\":2,\"name\":\"Actualidad\",\"item\":\"https:\\\/\\\/candas365.es\\\/noticias\\\/category\\\/actualidad\\\/\",\"nextItem\":{\"@type\":\"ListItem\",\"@id\":\"https:\\\/\\\/candas365.es\\\/noticias\\\/el-papa-alaba-la-renuncia-de-su-predecesor-fue-una-gran-leccion\\\/#listItem\",\"name\":\"El papa alaba la renuncia de su predecesor: \\u00abfue una gran lecci\\u00f3n\\u00bb\"},\"previousItem\":{\"@type\":\"ListItem\",\"@id\":\"https:\\\/\\\/candas365.es\\\/noticias#listItem\",\"name\":\"Home\"}},{\"@type\":\"ListItem\",\"@id\":\"https:\\\/\\\/candas365.es\\\/noticias\\\/el-papa-alaba-la-renuncia-de-su-predecesor-fue-una-gran-leccion\\\/#listItem\",\"position\":3,\"name\":\"El papa alaba la renuncia de su predecesor: \\u00abfue una gran lecci\\u00f3n\\u00bb\",\"previousItem\":{\"@type\":\"ListItem\",\"@id\":\"https:\\\/\\\/candas365.es\\\/noticias\\\/category\\\/actualidad\\\/#listItem\",\"name\":\"Actualidad\"}}]},{\"@type\":\"NewsArticle\",\"@id\":\"https:\\\/\\\/candas365.es\\\/noticias\\\/el-papa-alaba-la-renuncia-de-su-predecesor-fue-una-gran-leccion\\\/#newsarticle\",\"name\":\"El papa alaba la renuncia de su predecesor: \\u00abfue una gran lecci\\u00f3n\\u00bb | Cand\\u00e1s 365\",\"headline\":\"El papa alaba la renuncia de su predecesor: \\u00abfue una gran lecci\\u00f3n\\u00bb\",\"author\":{\"@id\":\"https:\\\/\\\/candas365.es\\\/noticias\\\/author\\\/admin\\\/#author\"},\"publisher\":{\"@id\":\"https:\\\/\\\/candas365.es\\\/noticias\\\/#organization\"},\"image\":{\"@type\":\"ImageObject\",\"url\":\"https:\\\/\\\/candas365.es\\\/noticias\\\/wp-content\\\/uploads\\\/2015\\\/09\\\/c365noticias.jpg\",\"width\":655,\"height\":360},\"datePublished\":\"2016-06-23T00:28:01+02:00\",\"dateModified\":\"2016-06-23T00:28:01+02:00\",\"inLanguage\":\"es-ES\",\"mainEntityOfPage\":{\"@id\":\"https:\\\/\\\/candas365.es\\\/noticias\\\/el-papa-alaba-la-renuncia-de-su-predecesor-fue-una-gran-leccion\\\/#webpage\"},\"isPartOf\":{\"@id\":\"https:\\\/\\\/candas365.es\\\/noticias\\\/el-papa-alaba-la-renuncia-de-su-predecesor-fue-una-gran-leccion\\\/#webpage\"},\"articleSection\":\"Actualidad\",\"dateline\":\"Publicado el junio 23, 2016.\"},{\"@type\":\"Organization\",\"@id\":\"https:\\\/\\\/candas365.es\\\/noticias\\\/#organization\",\"name\":\"Cand\\u00e1s 365\",\"description\":\"Cand\\u00e1s 365 es un diario digital independiente, fundado en 2012, con base en Asturias. Informamos con rigor sobre actualidad, sociedad, cultura y ocio, con una mirada local y global.\",\"url\":\"https:\\\/\\\/candas365.es\\\/noticias\\\/\",\"email\":\"info@candas365.es\",\"telephone\":\"+34652131393\",\"foundingDate\":\"2012-06-10\",\"logo\":{\"@type\":\"ImageObject\",\"url\":\"https:\\\/\\\/candas365.es\\\/noticias\\\/wp-content\\\/uploads\\\/2024\\\/09\\\/Candas-365-Redes.jpg\",\"@id\":\"https:\\\/\\\/candas365.es\\\/noticias\\\/el-papa-alaba-la-renuncia-de-su-predecesor-fue-una-gran-leccion\\\/#organizationLogo\",\"width\":1152,\"height\":864,\"caption\":\"Cand\\u00e1s 365 Redes\"},\"image\":{\"@id\":\"https:\\\/\\\/candas365.es\\\/noticias\\\/el-papa-alaba-la-renuncia-de-su-predecesor-fue-una-gran-leccion\\\/#organizationLogo\"},\"sameAs\":[\"https:\\\/\\\/www.facebook.com\\\/Nachofdezber\",\"https:\\\/\\\/x.com\\\/NabercoDigital\",\"https:\\\/\\\/www.instagram.com\\\/nachofdezber\\\/\",\"https:\\\/\\\/www.youtube.com\\\/channel\\\/UCZP-2wLEB9Rv6erhFmqVnvg\"],\"address\":{\"@id\":\"https:\\\/\\\/candas365.es\\\/noticias\\\/#postaladdress\",\"@type\":\"PostalAddress\",\"streetAddress\":\"san antonio 4, san antonio 4\",\"postalCode\":\"33430\",\"addressLocality\":\"Cand\\u00e1s\",\"addressRegion\":\"Asturias\",\"addressCountry\":\"ES\"}},{\"@type\":\"Person\",\"@id\":\"https:\\\/\\\/candas365.es\\\/noticias\\\/author\\\/admin\\\/#author\",\"url\":\"https:\\\/\\\/candas365.es\\\/noticias\\\/author\\\/admin\\\/\",\"name\":\"Cand\\u00e1s 365\",\"image\":{\"@type\":\"ImageObject\",\"@id\":\"https:\\\/\\\/candas365.es\\\/noticias\\\/el-papa-alaba-la-renuncia-de-su-predecesor-fue-una-gran-leccion\\\/#authorImage\",\"url\":\"https:\\\/\\\/secure.gravatar.com\\\/avatar\\\/496a8e03d0c493ede1718b7934145dbdf8d89be1036b0eec9544e1094c9de390?s=96&d=mm&r=g\",\"width\":96,\"height\":96,\"caption\":\"Cand\\u00e1s 365\"},\"sameAs\":[\"https:\\\/\\\/www.facebook.com\\\/carrenoactualidad\",\"https:\\\/\\\/twitter.com\\\/nbasturias\",\"https:\\\/\\\/www.instagram.com\\\/nachofdezber\\\/\",\"https:\\\/\\\/www.youtube.com\\\/channel\\\/UCZP-2wLEB9Rv6erhFmqVnvg\"]},{\"@type\":\"WebPage\",\"@id\":\"https:\\\/\\\/candas365.es\\\/noticias\\\/el-papa-alaba-la-renuncia-de-su-predecesor-fue-una-gran-leccion\\\/#webpage\",\"url\":\"https:\\\/\\\/candas365.es\\\/noticias\\\/el-papa-alaba-la-renuncia-de-su-predecesor-fue-una-gran-leccion\\\/\",\"name\":\"El papa alaba la renuncia de su predecesor: \\u00abfue una gran lecci\\u00f3n\\u00bb | Cand\\u00e1s 365\",\"description\":\"Roma, 22 jun (dpa) - Al renunciar al pontificado, Benedicto XVI dio una \\\"gran lecci\\u00f3n\\\" de humildad y piedad a todos los cat\\u00f3licos, alab\\u00f3 su sucesor, el papa Francisco, en un breve ensayo publicado hoy por el diario italiano \\\"La Repubblica\\\". El papa em\\u00e9rito, de 89 a\\u00f1os, renunci\\u00f3 al cargo en febrero de 2013, alegando\",\"inLanguage\":\"es-ES\",\"isPartOf\":{\"@id\":\"https:\\\/\\\/candas365.es\\\/noticias\\\/#website\"},\"breadcrumb\":{\"@id\":\"https:\\\/\\\/candas365.es\\\/noticias\\\/el-papa-alaba-la-renuncia-de-su-predecesor-fue-una-gran-leccion\\\/#breadcrumblist\"},\"author\":{\"@id\":\"https:\\\/\\\/candas365.es\\\/noticias\\\/author\\\/admin\\\/#author\"},\"creator\":{\"@id\":\"https:\\\/\\\/candas365.es\\\/noticias\\\/author\\\/admin\\\/#author\"},\"image\":{\"@type\":\"ImageObject\",\"url\":\"https:\\\/\\\/candas365.es\\\/noticias\\\/wp-content\\\/uploads\\\/2015\\\/09\\\/c365noticias.jpg\",\"@id\":\"https:\\\/\\\/candas365.es\\\/noticias\\\/el-papa-alaba-la-renuncia-de-su-predecesor-fue-una-gran-leccion\\\/#mainImage\",\"width\":655,\"height\":360},\"primaryImageOfPage\":{\"@id\":\"https:\\\/\\\/candas365.es\\\/noticias\\\/el-papa-alaba-la-renuncia-de-su-predecesor-fue-una-gran-leccion\\\/#mainImage\"},\"datePublished\":\"2016-06-23T00:28:01+02:00\",\"dateModified\":\"2016-06-23T00:28:01+02:00\"},{\"@type\":\"WebSite\",\"@id\":\"https:\\\/\\\/candas365.es\\\/noticias\\\/#website\",\"url\":\"https:\\\/\\\/candas365.es\\\/noticias\\\/\",\"name\":\"Cand\\u00e1s 365\",\"alternateName\":\"Cand\\u00e1s 365 Noticias\",\"description\":\"Actualidad desde Carre\\u00f1o para el mundo\",\"inLanguage\":\"es-ES\",\"publisher\":{\"@id\":\"https:\\\/\\\/candas365.es\\\/noticias\\\/#organization\"}}]}\n\t\t<\/script>\n\t\t<!-- All in One SEO Pro -->\r\n\t\t<title>El papa alaba la renuncia de su predecesor: \u00abfue una gran lecci\u00f3n\u00bb | Cand\u00e1s 365<\/title>\n\n","aioseo_head_json":{"title":"El papa alaba la renuncia de su predecesor: \u00abfue una gran lecci\u00f3n\u00bb | Cand\u00e1s 365","description":"Roma, 22 jun (dpa) - Al renunciar al pontificado, Benedicto XVI dio una \"gran lecci\u00f3n\" de humildad y piedad a todos los cat\u00f3licos, alab\u00f3 su sucesor, el papa Francisco, en un breve ensayo publicado hoy por el diario italiano \"La Repubblica\". El papa em\u00e9rito, de 89 a\u00f1os, renunci\u00f3 al cargo en febrero de 2013, alegando","canonical_url":"https:\/\/candas365.es\/noticias\/el-papa-alaba-la-renuncia-de-su-predecesor-fue-una-gran-leccion\/","robots":"max-image-preview:large","keywords":"actualidad","webmasterTools":{"google-site-verification":"UA-32230408-1","msvalidate.01":"354F3CDFB2DA171B47FBE9ABF1F88D5","miscellaneous":""},"schema":{"@context":"https:\/\/schema.org","@graph":[{"@type":"BreadcrumbList","@id":"https:\/\/candas365.es\/noticias\/el-papa-alaba-la-renuncia-de-su-predecesor-fue-una-gran-leccion\/#breadcrumblist","itemListElement":[{"@type":"ListItem","@id":"https:\/\/candas365.es\/noticias#listItem","position":1,"name":"Home","item":"https:\/\/candas365.es\/noticias","nextItem":{"@type":"ListItem","@id":"https:\/\/candas365.es\/noticias\/category\/actualidad\/#listItem","name":"Actualidad"}},{"@type":"ListItem","@id":"https:\/\/candas365.es\/noticias\/category\/actualidad\/#listItem","position":2,"name":"Actualidad","item":"https:\/\/candas365.es\/noticias\/category\/actualidad\/","nextItem":{"@type":"ListItem","@id":"https:\/\/candas365.es\/noticias\/el-papa-alaba-la-renuncia-de-su-predecesor-fue-una-gran-leccion\/#listItem","name":"El papa alaba la renuncia de su predecesor: \u00abfue una gran lecci\u00f3n\u00bb"},"previousItem":{"@type":"ListItem","@id":"https:\/\/candas365.es\/noticias#listItem","name":"Home"}},{"@type":"ListItem","@id":"https:\/\/candas365.es\/noticias\/el-papa-alaba-la-renuncia-de-su-predecesor-fue-una-gran-leccion\/#listItem","position":3,"name":"El papa alaba la renuncia de su predecesor: \u00abfue una gran lecci\u00f3n\u00bb","previousItem":{"@type":"ListItem","@id":"https:\/\/candas365.es\/noticias\/category\/actualidad\/#listItem","name":"Actualidad"}}]},{"@type":"NewsArticle","@id":"https:\/\/candas365.es\/noticias\/el-papa-alaba-la-renuncia-de-su-predecesor-fue-una-gran-leccion\/#newsarticle","name":"El papa alaba la renuncia de su predecesor: \u00abfue una gran lecci\u00f3n\u00bb | Cand\u00e1s 365","headline":"El papa alaba la renuncia de su predecesor: \u00abfue una gran lecci\u00f3n\u00bb","author":{"@id":"https:\/\/candas365.es\/noticias\/author\/admin\/#author"},"publisher":{"@id":"https:\/\/candas365.es\/noticias\/#organization"},"image":{"@type":"ImageObject","url":"https:\/\/candas365.es\/noticias\/wp-content\/uploads\/2015\/09\/c365noticias.jpg","width":655,"height":360},"datePublished":"2016-06-23T00:28:01+02:00","dateModified":"2016-06-23T00:28:01+02:00","inLanguage":"es-ES","mainEntityOfPage":{"@id":"https:\/\/candas365.es\/noticias\/el-papa-alaba-la-renuncia-de-su-predecesor-fue-una-gran-leccion\/#webpage"},"isPartOf":{"@id":"https:\/\/candas365.es\/noticias\/el-papa-alaba-la-renuncia-de-su-predecesor-fue-una-gran-leccion\/#webpage"},"articleSection":"Actualidad","dateline":"Publicado el junio 23, 2016."},{"@type":"Organization","@id":"https:\/\/candas365.es\/noticias\/#organization","name":"Cand\u00e1s 365","description":"Cand\u00e1s 365 es un diario digital independiente, fundado en 2012, con base en Asturias. Informamos con rigor sobre actualidad, sociedad, cultura y ocio, con una mirada local y global.","url":"https:\/\/candas365.es\/noticias\/","email":"info@candas365.es","telephone":"+34652131393","foundingDate":"2012-06-10","logo":{"@type":"ImageObject","url":"https:\/\/candas365.es\/noticias\/wp-content\/uploads\/2024\/09\/Candas-365-Redes.jpg","@id":"https:\/\/candas365.es\/noticias\/el-papa-alaba-la-renuncia-de-su-predecesor-fue-una-gran-leccion\/#organizationLogo","width":1152,"height":864,"caption":"Cand\u00e1s 365 Redes"},"image":{"@id":"https:\/\/candas365.es\/noticias\/el-papa-alaba-la-renuncia-de-su-predecesor-fue-una-gran-leccion\/#organizationLogo"},"sameAs":["https:\/\/www.facebook.com\/Nachofdezber","https:\/\/x.com\/NabercoDigital","https:\/\/www.instagram.com\/nachofdezber\/","https:\/\/www.youtube.com\/channel\/UCZP-2wLEB9Rv6erhFmqVnvg"],"address":{"@id":"https:\/\/candas365.es\/noticias\/#postaladdress","@type":"PostalAddress","streetAddress":"san antonio 4, san antonio 4","postalCode":"33430","addressLocality":"Cand\u00e1s","addressRegion":"Asturias","addressCountry":"ES"}},{"@type":"Person","@id":"https:\/\/candas365.es\/noticias\/author\/admin\/#author","url":"https:\/\/candas365.es\/noticias\/author\/admin\/","name":"Cand\u00e1s 365","image":{"@type":"ImageObject","@id":"https:\/\/candas365.es\/noticias\/el-papa-alaba-la-renuncia-de-su-predecesor-fue-una-gran-leccion\/#authorImage","url":"https:\/\/secure.gravatar.com\/avatar\/496a8e03d0c493ede1718b7934145dbdf8d89be1036b0eec9544e1094c9de390?s=96&d=mm&r=g","width":96,"height":96,"caption":"Cand\u00e1s 365"},"sameAs":["https:\/\/www.facebook.com\/carrenoactualidad","https:\/\/twitter.com\/nbasturias","https:\/\/www.instagram.com\/nachofdezber\/","https:\/\/www.youtube.com\/channel\/UCZP-2wLEB9Rv6erhFmqVnvg"]},{"@type":"WebPage","@id":"https:\/\/candas365.es\/noticias\/el-papa-alaba-la-renuncia-de-su-predecesor-fue-una-gran-leccion\/#webpage","url":"https:\/\/candas365.es\/noticias\/el-papa-alaba-la-renuncia-de-su-predecesor-fue-una-gran-leccion\/","name":"El papa alaba la renuncia de su predecesor: \u00abfue una gran lecci\u00f3n\u00bb | Cand\u00e1s 365","description":"Roma, 22 jun (dpa) - Al renunciar al pontificado, Benedicto XVI dio una \"gran lecci\u00f3n\" de humildad y piedad a todos los cat\u00f3licos, alab\u00f3 su sucesor, el papa Francisco, en un breve ensayo publicado hoy por el diario italiano \"La Repubblica\". El papa em\u00e9rito, de 89 a\u00f1os, renunci\u00f3 al cargo en febrero de 2013, alegando","inLanguage":"es-ES","isPartOf":{"@id":"https:\/\/candas365.es\/noticias\/#website"},"breadcrumb":{"@id":"https:\/\/candas365.es\/noticias\/el-papa-alaba-la-renuncia-de-su-predecesor-fue-una-gran-leccion\/#breadcrumblist"},"author":{"@id":"https:\/\/candas365.es\/noticias\/author\/admin\/#author"},"creator":{"@id":"https:\/\/candas365.es\/noticias\/author\/admin\/#author"},"image":{"@type":"ImageObject","url":"https:\/\/candas365.es\/noticias\/wp-content\/uploads\/2015\/09\/c365noticias.jpg","@id":"https:\/\/candas365.es\/noticias\/el-papa-alaba-la-renuncia-de-su-predecesor-fue-una-gran-leccion\/#mainImage","width":655,"height":360},"primaryImageOfPage":{"@id":"https:\/\/candas365.es\/noticias\/el-papa-alaba-la-renuncia-de-su-predecesor-fue-una-gran-leccion\/#mainImage"},"datePublished":"2016-06-23T00:28:01+02:00","dateModified":"2016-06-23T00:28:01+02:00"},{"@type":"WebSite","@id":"https:\/\/candas365.es\/noticias\/#website","url":"https:\/\/candas365.es\/noticias\/","name":"Cand\u00e1s 365","alternateName":"Cand\u00e1s 365 Noticias","description":"Actualidad desde Carre\u00f1o para el mundo","inLanguage":"es-ES","publisher":{"@id":"https:\/\/candas365.es\/noticias\/#organization"}}]},"og:locale":"es_ES","og:site_name":"Cand\u00e1s 365","og:type":"article","og:title":"El papa alaba la renuncia de su predecesor: \u00abfue una gran lecci\u00f3n\u00bb | Cand\u00e1s 365","og:description":"Roma, 22 jun (dpa) - Al renunciar al pontificado, Benedicto XVI dio una &quot;gran lecci\u00f3n&quot; de humildad y piedad a todos los cat\u00f3licos, alab\u00f3 su sucesor, el papa Francisco, en un breve ensayo publicado hoy por el diario italiano &quot;La Repubblica&quot;. El papa em\u00e9rito, de 89 a\u00f1os, renunci\u00f3 al cargo en febrero de 2013, alegando","og:url":"https:\/\/candas365.es\/noticias\/el-papa-alaba-la-renuncia-de-su-predecesor-fue-una-gran-leccion\/","og:image":"https:\/\/candas365.es\/noticias\/wp-content\/uploads\/2015\/09\/c365noticias.jpg","og:image:secure_url":"https:\/\/candas365.es\/noticias\/wp-content\/uploads\/2015\/09\/c365noticias.jpg","og:image:width":655,"og:image:height":360,"article:published_time":"2016-06-22T22:58:01+00:00","article:modified_time":"2016-06-22T22:58:01+00:00","article:publisher":"https:\/\/www.facebook.com\/Nachofdezber","article:author":"https:\/\/www.facebook.com\/carrenoactualidad","twitter:card":"summary_large_image","twitter:site":"@NabercoDigital","twitter:title":"El papa alaba la renuncia de su predecesor: \u00abfue una gran lecci\u00f3n\u00bb | Cand\u00e1s 365","twitter:description":"Roma, 22 jun (dpa) - Al renunciar al pontificado, Benedicto XVI dio una &quot;gran lecci\u00f3n&quot; de humildad y piedad a todos los cat\u00f3licos, alab\u00f3 su sucesor, el papa Francisco, en un breve ensayo publicado hoy por el diario italiano &quot;La Repubblica&quot;. El papa em\u00e9rito, de 89 a\u00f1os, renunci\u00f3 al cargo en febrero de 2013, alegando","twitter:creator":"@nbasturias","twitter:image":"https:\/\/candas365.es\/noticias\/wp-content\/uploads\/2015\/09\/c365noticias.jpg","twitter:label1":"Escrito por","twitter:data1":"Cand\u00e1s 365","twitter:label2":"Tiempo de lectura estimado","twitter:data2":"2 minutos"},"aioseo_meta_data":{"post_id":"31022","title":null,"description":null,"keywords":null,"keyphrases":null,"primary_term":null,"canonical_url":null,"og_title":null,"og_description":null,"og_object_type":"default","og_image_type":"default","og_image_url":null,"og_image_width":null,"og_image_height":null,"og_image_custom_url":null,"og_image_custom_fields":null,"og_video":null,"og_custom_url":null,"og_article_section":null,"og_article_tags":null,"twitter_use_og":false,"twitter_card":"default","twitter_image_type":"default","twitter_image_url":null,"twitter_image_custom_url":null,"twitter_image_custom_fields":null,"twitter_title":null,"twitter_description":null,"schema":{"blockGraphs":[],"customGraphs":[],"default":{"data":{"Article":[],"Course":[],"Dataset":[],"FAQPage":[],"Movie":[],"Person":[],"Product":[],"ProductReview":[],"Car":[],"Recipe":[],"Service":[],"SoftwareApplication":[],"WebPage":[]},"graphName":"","isEnabled":true},"graphs":[],"defaultGraph":"","defaultPostTypeGraph":""},"schema_type":null,"schema_type_options":null,"pillar_content":false,"robots_default":true,"robots_noindex":false,"robots_noarchive":false,"robots_nosnippet":false,"robots_nofollow":false,"robots_noimageindex":false,"robots_noodp":false,"robots_notranslate":false,"robots_max_snippet":null,"robots_max_videopreview":null,"robots_max_imagepreview":"large","priority":null,"frequency":null,"location":null,"local_seo":null,"seo_analyzer_scan_date":"2025-08-24 13:19:09","breadcrumb_settings":null,"limit_modified_date":false,"reviewed_by":null,"open_ai":null,"ai":null,"created":"2020-12-21 12:59:59","updated":"2025-08-24 13:19:09"},"aioseo_breadcrumb":"<div class=\"aioseo-breadcrumbs\"><span class=\"aioseo-breadcrumb\">\n\t<a href=\"https:\/\/candas365.es\/noticias\" title=\"Home\">Home<\/a>\n<\/span><span class=\"aioseo-breadcrumb-separator\">&ndash;<\/span><span class=\"aioseo-breadcrumb\">\n\t<a href=\"https:\/\/candas365.es\/noticias\/category\/actualidad\/\" title=\"Actualidad\">Actualidad<\/a>\n<\/span><span class=\"aioseo-breadcrumb-separator\">&ndash;<\/span><span class=\"aioseo-breadcrumb\">\n\tEl papa alaba la renuncia de su predecesor: \u00abfue una gran lecci\u00f3n\u00bb\n<\/span><\/div>","aioseo_breadcrumb_json":[{"label":"Home","link":"https:\/\/candas365.es\/noticias"},{"label":"Actualidad","link":"https:\/\/candas365.es\/noticias\/category\/actualidad\/"},{"label":"El papa alaba la renuncia de su predecesor: \u00abfue una gran lecci\u00f3n\u00bb","link":"https:\/\/candas365.es\/noticias\/el-papa-alaba-la-renuncia-de-su-predecesor-fue-una-gran-leccion\/"}],"_links":{"self":[{"href":"https:\/\/candas365.es\/noticias\/wp-json\/wp\/v2\/posts\/31022","targetHints":{"allow":["GET"]}}],"collection":[{"href":"https:\/\/candas365.es\/noticias\/wp-json\/wp\/v2\/posts"}],"about":[{"href":"https:\/\/candas365.es\/noticias\/wp-json\/wp\/v2\/types\/post"}],"author":[{"embeddable":true,"href":"https:\/\/candas365.es\/noticias\/wp-json\/wp\/v2\/users\/1"}],"replies":[{"embeddable":true,"href":"https:\/\/candas365.es\/noticias\/wp-json\/wp\/v2\/comments?post=31022"}],"version-history":[{"count":0,"href":"https:\/\/candas365.es\/noticias\/wp-json\/wp\/v2\/posts\/31022\/revisions"}],"wp:featuredmedia":[{"embeddable":true,"href":"https:\/\/candas365.es\/noticias\/wp-json\/wp\/v2\/media\/16457"}],"wp:attachment":[{"href":"https:\/\/candas365.es\/noticias\/wp-json\/wp\/v2\/media?parent=31022"}],"wp:term":[{"taxonomy":"category","embeddable":true,"href":"https:\/\/candas365.es\/noticias\/wp-json\/wp\/v2\/categories?post=31022"},{"taxonomy":"post_tag","embeddable":true,"href":"https:\/\/candas365.es\/noticias\/wp-json\/wp\/v2\/tags?post=31022"}],"curies":[{"name":"wp","href":"https:\/\/api.w.org\/{rel}","templated":true}]}}