{"id":31012,"date":"2016-06-23T00:04:04","date_gmt":"2016-06-22T22:34:04","guid":{"rendered":"http:\/\/candas365.es\/noticias\/?p=31012"},"modified":"2016-06-23T00:04:04","modified_gmt":"2016-06-22T22:34:04","slug":"vw-pide-comprension-a-sus-accionistas-para-dejar-atras-el-escandalo","status":"publish","type":"post","link":"https:\/\/candas365.es\/noticias\/vw-pide-comprension-a-sus-accionistas-para-dejar-atras-el-escandalo\/","title":{"rendered":"VW pide comprensi\u00f3n a sus accionistas para dejar atr\u00e1s el esc\u00e1ndalo"},"content":{"rendered":"<p>Hannover\/Wolfsburgo (Alemania), 22 jun (dpa) &#8211; El gigante automotor alem\u00e1n Volkswagen compareci\u00f3 hoy ante sus accionistas con una mezcla de humildad y deseo de emprender reformas para conseguir su apoyo para dejar atr\u00e1s el esc\u00e1ndalo de la manipulaci\u00f3n de las emisiones de sus motores di\u00e9sel que lo sumi\u00f3 en la peor crisis de su historia. <\/p>\n<p>\u00abVolkswagen es m\u00e1s que esta crisis. Nuestro grupo dispone de cualidades que no se han perdido de la noche a la ma\u00f1ana\u00bb, afirm\u00f3 el director ejecutivo de VW, Matthias M\u00fcller, ante los accionistas en la asamblea general de VW en Hannover, en el norte de Alemania.<\/p>\n<p>La c\u00fapula del mayor grupo automotor de Europa tuvo que hacer frente a duras cr\u00edticas por parte de sus accionistas. Sobre todo el presidente del consejo de supervisi\u00f3n de VW, Hans Dieter P\u00f6tsch, fue duramente atacado antes de la reuni\u00f3n. <\/p>\n<p>Los accionistas criticaron que existe un supuesto conflicto de intereses, ya que en medio de la crisis de los motores di\u00e9sel P\u00f6tsch cambi\u00f3 de jefe de finanzas a jefe del gremio de control. Varios accionistas reclamaron por ello revocarle como jefe de la asamblea general. <\/p>\n<p>M\u00fcller, sucesor de Martin Winterkorn -que se vio obligado a dimitir tras el esc\u00e1ndalo de la manipulaci\u00f3n de los motores di\u00e9sel de unos 11 millones de autos en todo el mundo, de ellos unos 8,5 millones en Europa- nombr\u00f3 como objetivos lograr una sostenibilidad econ\u00f3mica y ecol\u00f3gica. <\/p>\n<p>Tras el terremoto que supuso la manipulaci\u00f3n de los motores di\u00e9sel VW debe trabajar duro para volver a ser en un futuro un \u00abbuen ciudadano empresario\u00bb que contribuya a \u00abfavor del bienestar de la sociedad y de mantener intacto el medio ambiente\u00bb, explic\u00f3 M\u00fcller. <\/p>\n<p>La nueva estrategia con la que VW quiere invertir miles de millones para desarrollar modelos el\u00e9ctricos y la digitalizaci\u00f3n de los veh\u00edculos no es \u00abun continuar como hasta ahora\u00bb, sino un cambio fundamental, indic\u00f3. <\/p>\n<p>\u00abHemos dado el pistoletazo de salida para llevar a cabo el mayor proceso de cambio en la historia de Volkswagen\u00bb, anunci\u00f3 y prometi\u00f3 a los accionistas que saldr\u00e1n \u00abfortalecidos\u00bb de esta situaci\u00f3n. <\/p>\n","protected":false},"excerpt":{"rendered":"<p>Hannover\/Wolfsburgo (Alemania), 22 jun (dpa) &#8211; El gigante automotor alem\u00e1n Volkswagen compareci\u00f3 hoy ante sus accionistas con una mezcla de humildad y deseo de emprender reformas para conseguir su apoyo para dejar atr\u00e1s el esc\u00e1ndalo de la manipulaci\u00f3n de las emisiones de sus motores di\u00e9sel que lo sumi\u00f3 en la peor crisis de su historia.<\/p>\n","protected":false},"author":1,"featured_media":11776,"comment_status":"closed","ping_status":"closed","sticky":false,"template":"","format":"standard","meta":{"footnotes":""},"categories":[343],"tags":[],"class_list":{"0":"post-31012","1":"post","2":"type-post","3":"status-publish","4":"format-standard","5":"has-post-thumbnail","7":"category-actualidad"},"aioseo_notices":[],"aioseo_head":"\n\t\t<!-- All in One SEO Pro 4.9.6.2 - aioseo.com -->\n\t<meta name=\"description\" content=\"Hannover\/Wolfsburgo (Alemania), 22 jun (dpa) - El gigante automotor alem\u00e1n Volkswagen compareci\u00f3 hoy ante sus accionistas con una mezcla de humildad y deseo de emprender reformas para conseguir su apoyo para dejar atr\u00e1s el esc\u00e1ndalo de la manipulaci\u00f3n de las emisiones de sus motores di\u00e9sel que lo sumi\u00f3 en la peor crisis de su historia.\" \/>\n\t<meta name=\"robots\" content=\"max-image-preview:large\" \/>\n\t<meta name=\"author\" content=\"Cand\u00e1s 365\"\/>\n\t<meta name=\"google-site-verification\" content=\"UA-32230408-1\" \/>\n\t<meta name=\"msvalidate.01\" content=\"354F3CDFB2DA171B47FBE9ABF1F88D5\" \/>\n\t<meta name=\"keywords\" content=\"actualidad\" \/>\n\t<link rel=\"canonical\" href=\"https:\/\/candas365.es\/noticias\/vw-pide-comprension-a-sus-accionistas-para-dejar-atras-el-escandalo\/\" \/>\n\t<meta name=\"generator\" content=\"All in One SEO Pro (AIOSEO) 4.9.6.2\" \/>\n\t\t<meta property=\"og:locale\" content=\"es_ES\" \/>\n\t\t<meta property=\"og:site_name\" content=\"Cand\u00e1s 365\" \/>\n\t\t<meta property=\"og:type\" content=\"article\" \/>\n\t\t<meta property=\"og:title\" content=\"VW pide comprensi\u00f3n a sus accionistas para dejar atr\u00e1s el esc\u00e1ndalo | Cand\u00e1s 365\" \/>\n\t\t<meta property=\"og:description\" content=\"Hannover\/Wolfsburgo (Alemania), 22 jun (dpa) - El gigante automotor alem\u00e1n Volkswagen compareci\u00f3 hoy ante sus accionistas con una mezcla de humildad y deseo de emprender reformas para conseguir su apoyo para dejar atr\u00e1s el esc\u00e1ndalo de la manipulaci\u00f3n de las emisiones de sus motores di\u00e9sel que lo sumi\u00f3 en la peor crisis de su historia.\" \/>\n\t\t<meta property=\"og:url\" content=\"https:\/\/candas365.es\/noticias\/vw-pide-comprension-a-sus-accionistas-para-dejar-atras-el-escandalo\/\" \/>\n\t\t<meta property=\"og:image\" content=\"https:\/\/candas365.es\/noticias\/wp-content\/uploads\/2015\/06\/carretera.jpg\" \/>\n\t\t<meta property=\"og:image:secure_url\" content=\"https:\/\/candas365.es\/noticias\/wp-content\/uploads\/2015\/06\/carretera.jpg\" \/>\n\t\t<meta property=\"og:image:width\" content=\"655\" \/>\n\t\t<meta property=\"og:image:height\" content=\"360\" \/>\n\t\t<meta property=\"article:published_time\" content=\"2016-06-22T22:34:04+00:00\" \/>\n\t\t<meta property=\"article:modified_time\" content=\"2016-06-22T22:34:04+00:00\" \/>\n\t\t<meta property=\"article:publisher\" content=\"https:\/\/www.facebook.com\/Nachofdezber\" \/>\n\t\t<meta property=\"article:author\" content=\"https:\/\/www.facebook.com\/carrenoactualidad\" \/>\n\t\t<meta name=\"twitter:card\" content=\"summary_large_image\" \/>\n\t\t<meta name=\"twitter:site\" content=\"@NabercoDigital\" \/>\n\t\t<meta name=\"twitter:title\" content=\"VW pide comprensi\u00f3n a sus accionistas para dejar atr\u00e1s el esc\u00e1ndalo | Cand\u00e1s 365\" \/>\n\t\t<meta name=\"twitter:description\" content=\"Hannover\/Wolfsburgo (Alemania), 22 jun (dpa) - El gigante automotor alem\u00e1n Volkswagen compareci\u00f3 hoy ante sus accionistas con una mezcla de humildad y deseo de emprender reformas para conseguir su apoyo para dejar atr\u00e1s el esc\u00e1ndalo de la manipulaci\u00f3n de las emisiones de sus motores di\u00e9sel que lo sumi\u00f3 en la peor crisis de su historia.\" \/>\n\t\t<meta name=\"twitter:creator\" content=\"@nbasturias\" \/>\n\t\t<meta name=\"twitter:image\" content=\"https:\/\/candas365.es\/noticias\/wp-content\/uploads\/2015\/06\/carretera.jpg\" \/>\n\t\t<meta name=\"twitter:label1\" content=\"Escrito por\" \/>\n\t\t<meta name=\"twitter:data1\" content=\"Cand\u00e1s 365\" \/>\n\t\t<meta name=\"twitter:label2\" content=\"Tiempo de lectura estimado\" \/>\n\t\t<meta name=\"twitter:data2\" content=\"2 minutos\" \/>\n\t\t<script type=\"application\/ld+json\" class=\"aioseo-schema\">\n\t\t\t{\"@context\":\"https:\\\/\\\/schema.org\",\"@graph\":[{\"@type\":\"BreadcrumbList\",\"@id\":\"https:\\\/\\\/candas365.es\\\/noticias\\\/vw-pide-comprension-a-sus-accionistas-para-dejar-atras-el-escandalo\\\/#breadcrumblist\",\"itemListElement\":[{\"@type\":\"ListItem\",\"@id\":\"https:\\\/\\\/candas365.es\\\/noticias#listItem\",\"position\":1,\"name\":\"Home\",\"item\":\"https:\\\/\\\/candas365.es\\\/noticias\",\"nextItem\":{\"@type\":\"ListItem\",\"@id\":\"https:\\\/\\\/candas365.es\\\/noticias\\\/category\\\/actualidad\\\/#listItem\",\"name\":\"Actualidad\"}},{\"@type\":\"ListItem\",\"@id\":\"https:\\\/\\\/candas365.es\\\/noticias\\\/category\\\/actualidad\\\/#listItem\",\"position\":2,\"name\":\"Actualidad\",\"item\":\"https:\\\/\\\/candas365.es\\\/noticias\\\/category\\\/actualidad\\\/\",\"nextItem\":{\"@type\":\"ListItem\",\"@id\":\"https:\\\/\\\/candas365.es\\\/noticias\\\/vw-pide-comprension-a-sus-accionistas-para-dejar-atras-el-escandalo\\\/#listItem\",\"name\":\"VW pide comprensi\\u00f3n a sus accionistas para dejar atr\\u00e1s el esc\\u00e1ndalo\"},\"previousItem\":{\"@type\":\"ListItem\",\"@id\":\"https:\\\/\\\/candas365.es\\\/noticias#listItem\",\"name\":\"Home\"}},{\"@type\":\"ListItem\",\"@id\":\"https:\\\/\\\/candas365.es\\\/noticias\\\/vw-pide-comprension-a-sus-accionistas-para-dejar-atras-el-escandalo\\\/#listItem\",\"position\":3,\"name\":\"VW pide comprensi\\u00f3n a sus accionistas para dejar atr\\u00e1s el esc\\u00e1ndalo\",\"previousItem\":{\"@type\":\"ListItem\",\"@id\":\"https:\\\/\\\/candas365.es\\\/noticias\\\/category\\\/actualidad\\\/#listItem\",\"name\":\"Actualidad\"}}]},{\"@type\":\"NewsArticle\",\"@id\":\"https:\\\/\\\/candas365.es\\\/noticias\\\/vw-pide-comprension-a-sus-accionistas-para-dejar-atras-el-escandalo\\\/#newsarticle\",\"name\":\"VW pide comprensi\\u00f3n a sus accionistas para dejar atr\\u00e1s el esc\\u00e1ndalo | Cand\\u00e1s 365\",\"headline\":\"VW pide comprensi\\u00f3n a sus accionistas para dejar atr\\u00e1s el esc\\u00e1ndalo\",\"author\":{\"@id\":\"https:\\\/\\\/candas365.es\\\/noticias\\\/author\\\/admin\\\/#author\"},\"publisher\":{\"@id\":\"https:\\\/\\\/candas365.es\\\/noticias\\\/#organization\"},\"image\":{\"@type\":\"ImageObject\",\"url\":\"https:\\\/\\\/candas365.es\\\/noticias\\\/wp-content\\\/uploads\\\/2015\\\/06\\\/carretera.jpg\",\"width\":655,\"height\":360},\"datePublished\":\"2016-06-23T00:04:04+02:00\",\"dateModified\":\"2016-06-23T00:04:04+02:00\",\"inLanguage\":\"es-ES\",\"mainEntityOfPage\":{\"@id\":\"https:\\\/\\\/candas365.es\\\/noticias\\\/vw-pide-comprension-a-sus-accionistas-para-dejar-atras-el-escandalo\\\/#webpage\"},\"isPartOf\":{\"@id\":\"https:\\\/\\\/candas365.es\\\/noticias\\\/vw-pide-comprension-a-sus-accionistas-para-dejar-atras-el-escandalo\\\/#webpage\"},\"articleSection\":\"Actualidad\",\"dateline\":\"Publicado el junio 23, 2016.\"},{\"@type\":\"Organization\",\"@id\":\"https:\\\/\\\/candas365.es\\\/noticias\\\/#organization\",\"name\":\"Cand\\u00e1s 365\",\"description\":\"Cand\\u00e1s 365 es un diario digital independiente, fundado en 2012, con base en Asturias. Informamos con rigor sobre actualidad, sociedad, cultura y ocio, con una mirada local y global.\",\"url\":\"https:\\\/\\\/candas365.es\\\/noticias\\\/\",\"email\":\"info@candas365.es\",\"telephone\":\"+34652131393\",\"foundingDate\":\"2012-06-10\",\"logo\":{\"@type\":\"ImageObject\",\"url\":\"https:\\\/\\\/candas365.es\\\/noticias\\\/wp-content\\\/uploads\\\/2024\\\/09\\\/Candas-365-Redes.jpg\",\"@id\":\"https:\\\/\\\/candas365.es\\\/noticias\\\/vw-pide-comprension-a-sus-accionistas-para-dejar-atras-el-escandalo\\\/#organizationLogo\",\"width\":1152,\"height\":864,\"caption\":\"Cand\\u00e1s 365 Redes\"},\"image\":{\"@id\":\"https:\\\/\\\/candas365.es\\\/noticias\\\/vw-pide-comprension-a-sus-accionistas-para-dejar-atras-el-escandalo\\\/#organizationLogo\"},\"sameAs\":[\"https:\\\/\\\/www.facebook.com\\\/Nachofdezber\",\"https:\\\/\\\/x.com\\\/NabercoDigital\",\"https:\\\/\\\/www.instagram.com\\\/nachofdezber\\\/\",\"https:\\\/\\\/www.youtube.com\\\/channel\\\/UCZP-2wLEB9Rv6erhFmqVnvg\"],\"address\":{\"@id\":\"https:\\\/\\\/candas365.es\\\/noticias\\\/#postaladdress\",\"@type\":\"PostalAddress\",\"streetAddress\":\"san antonio 4, san antonio 4\",\"postalCode\":\"33430\",\"addressLocality\":\"Cand\\u00e1s\",\"addressRegion\":\"Asturias\",\"addressCountry\":\"ES\"}},{\"@type\":\"Person\",\"@id\":\"https:\\\/\\\/candas365.es\\\/noticias\\\/author\\\/admin\\\/#author\",\"url\":\"https:\\\/\\\/candas365.es\\\/noticias\\\/author\\\/admin\\\/\",\"name\":\"Cand\\u00e1s 365\",\"image\":{\"@type\":\"ImageObject\",\"@id\":\"https:\\\/\\\/candas365.es\\\/noticias\\\/vw-pide-comprension-a-sus-accionistas-para-dejar-atras-el-escandalo\\\/#authorImage\",\"url\":\"https:\\\/\\\/secure.gravatar.com\\\/avatar\\\/496a8e03d0c493ede1718b7934145dbdf8d89be1036b0eec9544e1094c9de390?s=96&d=mm&r=g\",\"width\":96,\"height\":96,\"caption\":\"Cand\\u00e1s 365\"},\"sameAs\":[\"https:\\\/\\\/www.facebook.com\\\/carrenoactualidad\",\"https:\\\/\\\/twitter.com\\\/nbasturias\",\"https:\\\/\\\/www.instagram.com\\\/nachofdezber\\\/\",\"https:\\\/\\\/www.youtube.com\\\/channel\\\/UCZP-2wLEB9Rv6erhFmqVnvg\"]},{\"@type\":\"WebPage\",\"@id\":\"https:\\\/\\\/candas365.es\\\/noticias\\\/vw-pide-comprension-a-sus-accionistas-para-dejar-atras-el-escandalo\\\/#webpage\",\"url\":\"https:\\\/\\\/candas365.es\\\/noticias\\\/vw-pide-comprension-a-sus-accionistas-para-dejar-atras-el-escandalo\\\/\",\"name\":\"VW pide comprensi\\u00f3n a sus accionistas para dejar atr\\u00e1s el esc\\u00e1ndalo | Cand\\u00e1s 365\",\"description\":\"Hannover\\\/Wolfsburgo (Alemania), 22 jun (dpa) - El gigante automotor alem\\u00e1n Volkswagen compareci\\u00f3 hoy ante sus accionistas con una mezcla de humildad y deseo de emprender reformas para conseguir su apoyo para dejar atr\\u00e1s el esc\\u00e1ndalo de la manipulaci\\u00f3n de las emisiones de sus motores di\\u00e9sel que lo sumi\\u00f3 en la peor crisis de su historia.\",\"inLanguage\":\"es-ES\",\"isPartOf\":{\"@id\":\"https:\\\/\\\/candas365.es\\\/noticias\\\/#website\"},\"breadcrumb\":{\"@id\":\"https:\\\/\\\/candas365.es\\\/noticias\\\/vw-pide-comprension-a-sus-accionistas-para-dejar-atras-el-escandalo\\\/#breadcrumblist\"},\"author\":{\"@id\":\"https:\\\/\\\/candas365.es\\\/noticias\\\/author\\\/admin\\\/#author\"},\"creator\":{\"@id\":\"https:\\\/\\\/candas365.es\\\/noticias\\\/author\\\/admin\\\/#author\"},\"image\":{\"@type\":\"ImageObject\",\"url\":\"https:\\\/\\\/candas365.es\\\/noticias\\\/wp-content\\\/uploads\\\/2015\\\/06\\\/carretera.jpg\",\"@id\":\"https:\\\/\\\/candas365.es\\\/noticias\\\/vw-pide-comprension-a-sus-accionistas-para-dejar-atras-el-escandalo\\\/#mainImage\",\"width\":655,\"height\":360},\"primaryImageOfPage\":{\"@id\":\"https:\\\/\\\/candas365.es\\\/noticias\\\/vw-pide-comprension-a-sus-accionistas-para-dejar-atras-el-escandalo\\\/#mainImage\"},\"datePublished\":\"2016-06-23T00:04:04+02:00\",\"dateModified\":\"2016-06-23T00:04:04+02:00\"},{\"@type\":\"WebSite\",\"@id\":\"https:\\\/\\\/candas365.es\\\/noticias\\\/#website\",\"url\":\"https:\\\/\\\/candas365.es\\\/noticias\\\/\",\"name\":\"Cand\\u00e1s 365\",\"alternateName\":\"Cand\\u00e1s 365 Noticias\",\"description\":\"Actualidad desde Carre\\u00f1o para el mundo\",\"inLanguage\":\"es-ES\",\"publisher\":{\"@id\":\"https:\\\/\\\/candas365.es\\\/noticias\\\/#organization\"}}]}\n\t\t<\/script>\n\t\t<!-- All in One SEO Pro -->\r\n\t\t<title>VW pide comprensi\u00f3n a sus accionistas para dejar atr\u00e1s el esc\u00e1ndalo | Cand\u00e1s 365<\/title>\n\n","aioseo_head_json":{"title":"VW pide comprensi\u00f3n a sus accionistas para dejar atr\u00e1s el esc\u00e1ndalo | Cand\u00e1s 365","description":"Hannover\/Wolfsburgo (Alemania), 22 jun (dpa) - El gigante automotor alem\u00e1n Volkswagen compareci\u00f3 hoy ante sus accionistas con una mezcla de humildad y deseo de emprender reformas para conseguir su apoyo para dejar atr\u00e1s el esc\u00e1ndalo de la manipulaci\u00f3n de las emisiones de sus motores di\u00e9sel que lo sumi\u00f3 en la peor crisis de su historia.","canonical_url":"https:\/\/candas365.es\/noticias\/vw-pide-comprension-a-sus-accionistas-para-dejar-atras-el-escandalo\/","robots":"max-image-preview:large","keywords":"actualidad","webmasterTools":{"google-site-verification":"UA-32230408-1","msvalidate.01":"354F3CDFB2DA171B47FBE9ABF1F88D5","miscellaneous":""},"schema":{"@context":"https:\/\/schema.org","@graph":[{"@type":"BreadcrumbList","@id":"https:\/\/candas365.es\/noticias\/vw-pide-comprension-a-sus-accionistas-para-dejar-atras-el-escandalo\/#breadcrumblist","itemListElement":[{"@type":"ListItem","@id":"https:\/\/candas365.es\/noticias#listItem","position":1,"name":"Home","item":"https:\/\/candas365.es\/noticias","nextItem":{"@type":"ListItem","@id":"https:\/\/candas365.es\/noticias\/category\/actualidad\/#listItem","name":"Actualidad"}},{"@type":"ListItem","@id":"https:\/\/candas365.es\/noticias\/category\/actualidad\/#listItem","position":2,"name":"Actualidad","item":"https:\/\/candas365.es\/noticias\/category\/actualidad\/","nextItem":{"@type":"ListItem","@id":"https:\/\/candas365.es\/noticias\/vw-pide-comprension-a-sus-accionistas-para-dejar-atras-el-escandalo\/#listItem","name":"VW pide comprensi\u00f3n a sus accionistas para dejar atr\u00e1s el esc\u00e1ndalo"},"previousItem":{"@type":"ListItem","@id":"https:\/\/candas365.es\/noticias#listItem","name":"Home"}},{"@type":"ListItem","@id":"https:\/\/candas365.es\/noticias\/vw-pide-comprension-a-sus-accionistas-para-dejar-atras-el-escandalo\/#listItem","position":3,"name":"VW pide comprensi\u00f3n a sus accionistas para dejar atr\u00e1s el esc\u00e1ndalo","previousItem":{"@type":"ListItem","@id":"https:\/\/candas365.es\/noticias\/category\/actualidad\/#listItem","name":"Actualidad"}}]},{"@type":"NewsArticle","@id":"https:\/\/candas365.es\/noticias\/vw-pide-comprension-a-sus-accionistas-para-dejar-atras-el-escandalo\/#newsarticle","name":"VW pide comprensi\u00f3n a sus accionistas para dejar atr\u00e1s el esc\u00e1ndalo | Cand\u00e1s 365","headline":"VW pide comprensi\u00f3n a sus accionistas para dejar atr\u00e1s el esc\u00e1ndalo","author":{"@id":"https:\/\/candas365.es\/noticias\/author\/admin\/#author"},"publisher":{"@id":"https:\/\/candas365.es\/noticias\/#organization"},"image":{"@type":"ImageObject","url":"https:\/\/candas365.es\/noticias\/wp-content\/uploads\/2015\/06\/carretera.jpg","width":655,"height":360},"datePublished":"2016-06-23T00:04:04+02:00","dateModified":"2016-06-23T00:04:04+02:00","inLanguage":"es-ES","mainEntityOfPage":{"@id":"https:\/\/candas365.es\/noticias\/vw-pide-comprension-a-sus-accionistas-para-dejar-atras-el-escandalo\/#webpage"},"isPartOf":{"@id":"https:\/\/candas365.es\/noticias\/vw-pide-comprension-a-sus-accionistas-para-dejar-atras-el-escandalo\/#webpage"},"articleSection":"Actualidad","dateline":"Publicado el junio 23, 2016."},{"@type":"Organization","@id":"https:\/\/candas365.es\/noticias\/#organization","name":"Cand\u00e1s 365","description":"Cand\u00e1s 365 es un diario digital independiente, fundado en 2012, con base en Asturias. Informamos con rigor sobre actualidad, sociedad, cultura y ocio, con una mirada local y global.","url":"https:\/\/candas365.es\/noticias\/","email":"info@candas365.es","telephone":"+34652131393","foundingDate":"2012-06-10","logo":{"@type":"ImageObject","url":"https:\/\/candas365.es\/noticias\/wp-content\/uploads\/2024\/09\/Candas-365-Redes.jpg","@id":"https:\/\/candas365.es\/noticias\/vw-pide-comprension-a-sus-accionistas-para-dejar-atras-el-escandalo\/#organizationLogo","width":1152,"height":864,"caption":"Cand\u00e1s 365 Redes"},"image":{"@id":"https:\/\/candas365.es\/noticias\/vw-pide-comprension-a-sus-accionistas-para-dejar-atras-el-escandalo\/#organizationLogo"},"sameAs":["https:\/\/www.facebook.com\/Nachofdezber","https:\/\/x.com\/NabercoDigital","https:\/\/www.instagram.com\/nachofdezber\/","https:\/\/www.youtube.com\/channel\/UCZP-2wLEB9Rv6erhFmqVnvg"],"address":{"@id":"https:\/\/candas365.es\/noticias\/#postaladdress","@type":"PostalAddress","streetAddress":"san antonio 4, san antonio 4","postalCode":"33430","addressLocality":"Cand\u00e1s","addressRegion":"Asturias","addressCountry":"ES"}},{"@type":"Person","@id":"https:\/\/candas365.es\/noticias\/author\/admin\/#author","url":"https:\/\/candas365.es\/noticias\/author\/admin\/","name":"Cand\u00e1s 365","image":{"@type":"ImageObject","@id":"https:\/\/candas365.es\/noticias\/vw-pide-comprension-a-sus-accionistas-para-dejar-atras-el-escandalo\/#authorImage","url":"https:\/\/secure.gravatar.com\/avatar\/496a8e03d0c493ede1718b7934145dbdf8d89be1036b0eec9544e1094c9de390?s=96&d=mm&r=g","width":96,"height":96,"caption":"Cand\u00e1s 365"},"sameAs":["https:\/\/www.facebook.com\/carrenoactualidad","https:\/\/twitter.com\/nbasturias","https:\/\/www.instagram.com\/nachofdezber\/","https:\/\/www.youtube.com\/channel\/UCZP-2wLEB9Rv6erhFmqVnvg"]},{"@type":"WebPage","@id":"https:\/\/candas365.es\/noticias\/vw-pide-comprension-a-sus-accionistas-para-dejar-atras-el-escandalo\/#webpage","url":"https:\/\/candas365.es\/noticias\/vw-pide-comprension-a-sus-accionistas-para-dejar-atras-el-escandalo\/","name":"VW pide comprensi\u00f3n a sus accionistas para dejar atr\u00e1s el esc\u00e1ndalo | Cand\u00e1s 365","description":"Hannover\/Wolfsburgo (Alemania), 22 jun (dpa) - El gigante automotor alem\u00e1n Volkswagen compareci\u00f3 hoy ante sus accionistas con una mezcla de humildad y deseo de emprender reformas para conseguir su apoyo para dejar atr\u00e1s el esc\u00e1ndalo de la manipulaci\u00f3n de las emisiones de sus motores di\u00e9sel que lo sumi\u00f3 en la peor crisis de su historia.","inLanguage":"es-ES","isPartOf":{"@id":"https:\/\/candas365.es\/noticias\/#website"},"breadcrumb":{"@id":"https:\/\/candas365.es\/noticias\/vw-pide-comprension-a-sus-accionistas-para-dejar-atras-el-escandalo\/#breadcrumblist"},"author":{"@id":"https:\/\/candas365.es\/noticias\/author\/admin\/#author"},"creator":{"@id":"https:\/\/candas365.es\/noticias\/author\/admin\/#author"},"image":{"@type":"ImageObject","url":"https:\/\/candas365.es\/noticias\/wp-content\/uploads\/2015\/06\/carretera.jpg","@id":"https:\/\/candas365.es\/noticias\/vw-pide-comprension-a-sus-accionistas-para-dejar-atras-el-escandalo\/#mainImage","width":655,"height":360},"primaryImageOfPage":{"@id":"https:\/\/candas365.es\/noticias\/vw-pide-comprension-a-sus-accionistas-para-dejar-atras-el-escandalo\/#mainImage"},"datePublished":"2016-06-23T00:04:04+02:00","dateModified":"2016-06-23T00:04:04+02:00"},{"@type":"WebSite","@id":"https:\/\/candas365.es\/noticias\/#website","url":"https:\/\/candas365.es\/noticias\/","name":"Cand\u00e1s 365","alternateName":"Cand\u00e1s 365 Noticias","description":"Actualidad desde Carre\u00f1o para el mundo","inLanguage":"es-ES","publisher":{"@id":"https:\/\/candas365.es\/noticias\/#organization"}}]},"og:locale":"es_ES","og:site_name":"Cand\u00e1s 365","og:type":"article","og:title":"VW pide comprensi\u00f3n a sus accionistas para dejar atr\u00e1s el esc\u00e1ndalo | Cand\u00e1s 365","og:description":"Hannover\/Wolfsburgo (Alemania), 22 jun (dpa) - El gigante automotor alem\u00e1n Volkswagen compareci\u00f3 hoy ante sus accionistas con una mezcla de humildad y deseo de emprender reformas para conseguir su apoyo para dejar atr\u00e1s el esc\u00e1ndalo de la manipulaci\u00f3n de las emisiones de sus motores di\u00e9sel que lo sumi\u00f3 en la peor crisis de su historia.","og:url":"https:\/\/candas365.es\/noticias\/vw-pide-comprension-a-sus-accionistas-para-dejar-atras-el-escandalo\/","og:image":"https:\/\/candas365.es\/noticias\/wp-content\/uploads\/2015\/06\/carretera.jpg","og:image:secure_url":"https:\/\/candas365.es\/noticias\/wp-content\/uploads\/2015\/06\/carretera.jpg","og:image:width":655,"og:image:height":360,"article:published_time":"2016-06-22T22:34:04+00:00","article:modified_time":"2016-06-22T22:34:04+00:00","article:publisher":"https:\/\/www.facebook.com\/Nachofdezber","article:author":"https:\/\/www.facebook.com\/carrenoactualidad","twitter:card":"summary_large_image","twitter:site":"@NabercoDigital","twitter:title":"VW pide comprensi\u00f3n a sus accionistas para dejar atr\u00e1s el esc\u00e1ndalo | Cand\u00e1s 365","twitter:description":"Hannover\/Wolfsburgo (Alemania), 22 jun (dpa) - El gigante automotor alem\u00e1n Volkswagen compareci\u00f3 hoy ante sus accionistas con una mezcla de humildad y deseo de emprender reformas para conseguir su apoyo para dejar atr\u00e1s el esc\u00e1ndalo de la manipulaci\u00f3n de las emisiones de sus motores di\u00e9sel que lo sumi\u00f3 en la peor crisis de su historia.","twitter:creator":"@nbasturias","twitter:image":"https:\/\/candas365.es\/noticias\/wp-content\/uploads\/2015\/06\/carretera.jpg","twitter:label1":"Escrito por","twitter:data1":"Cand\u00e1s 365","twitter:label2":"Tiempo de lectura estimado","twitter:data2":"2 minutos"},"aioseo_meta_data":{"post_id":"31012","title":null,"description":null,"keywords":null,"keyphrases":null,"primary_term":null,"canonical_url":null,"og_title":null,"og_description":null,"og_object_type":"default","og_image_type":"default","og_image_url":null,"og_image_width":null,"og_image_height":null,"og_image_custom_url":null,"og_image_custom_fields":null,"og_video":null,"og_custom_url":null,"og_article_section":null,"og_article_tags":null,"twitter_use_og":false,"twitter_card":"default","twitter_image_type":"default","twitter_image_url":null,"twitter_image_custom_url":null,"twitter_image_custom_fields":null,"twitter_title":null,"twitter_description":null,"schema":{"blockGraphs":[],"customGraphs":[],"default":{"data":{"Article":[],"Course":[],"Dataset":[],"FAQPage":[],"Movie":[],"Person":[],"Product":[],"ProductReview":[],"Car":[],"Recipe":[],"Service":[],"SoftwareApplication":[],"WebPage":[]},"graphName":"","isEnabled":true},"graphs":[],"defaultGraph":"","defaultPostTypeGraph":""},"schema_type":null,"schema_type_options":null,"pillar_content":false,"robots_default":true,"robots_noindex":false,"robots_noarchive":false,"robots_nosnippet":false,"robots_nofollow":false,"robots_noimageindex":false,"robots_noodp":false,"robots_notranslate":false,"robots_max_snippet":null,"robots_max_videopreview":null,"robots_max_imagepreview":"large","priority":null,"frequency":null,"location":null,"local_seo":null,"seo_analyzer_scan_date":"2025-08-24 13:18:10","breadcrumb_settings":null,"limit_modified_date":false,"reviewed_by":null,"open_ai":null,"ai":null,"created":"2020-12-21 12:59:59","updated":"2025-08-24 13:18:10"},"aioseo_breadcrumb":"<div class=\"aioseo-breadcrumbs\"><span class=\"aioseo-breadcrumb\">\n\t<a href=\"https:\/\/candas365.es\/noticias\" title=\"Home\">Home<\/a>\n<\/span><span class=\"aioseo-breadcrumb-separator\">&ndash;<\/span><span class=\"aioseo-breadcrumb\">\n\t<a href=\"https:\/\/candas365.es\/noticias\/category\/actualidad\/\" title=\"Actualidad\">Actualidad<\/a>\n<\/span><span class=\"aioseo-breadcrumb-separator\">&ndash;<\/span><span class=\"aioseo-breadcrumb\">\n\tVW pide comprensi\u00f3n a sus accionistas para dejar atr\u00e1s el esc\u00e1ndalo\n<\/span><\/div>","aioseo_breadcrumb_json":[{"label":"Home","link":"https:\/\/candas365.es\/noticias"},{"label":"Actualidad","link":"https:\/\/candas365.es\/noticias\/category\/actualidad\/"},{"label":"VW pide comprensi\u00f3n a sus accionistas para dejar atr\u00e1s el esc\u00e1ndalo","link":"https:\/\/candas365.es\/noticias\/vw-pide-comprension-a-sus-accionistas-para-dejar-atras-el-escandalo\/"}],"_links":{"self":[{"href":"https:\/\/candas365.es\/noticias\/wp-json\/wp\/v2\/posts\/31012","targetHints":{"allow":["GET"]}}],"collection":[{"href":"https:\/\/candas365.es\/noticias\/wp-json\/wp\/v2\/posts"}],"about":[{"href":"https:\/\/candas365.es\/noticias\/wp-json\/wp\/v2\/types\/post"}],"author":[{"embeddable":true,"href":"https:\/\/candas365.es\/noticias\/wp-json\/wp\/v2\/users\/1"}],"replies":[{"embeddable":true,"href":"https:\/\/candas365.es\/noticias\/wp-json\/wp\/v2\/comments?post=31012"}],"version-history":[{"count":0,"href":"https:\/\/candas365.es\/noticias\/wp-json\/wp\/v2\/posts\/31012\/revisions"}],"wp:featuredmedia":[{"embeddable":true,"href":"https:\/\/candas365.es\/noticias\/wp-json\/wp\/v2\/media\/11776"}],"wp:attachment":[{"href":"https:\/\/candas365.es\/noticias\/wp-json\/wp\/v2\/media?parent=31012"}],"wp:term":[{"taxonomy":"category","embeddable":true,"href":"https:\/\/candas365.es\/noticias\/wp-json\/wp\/v2\/categories?post=31012"},{"taxonomy":"post_tag","embeddable":true,"href":"https:\/\/candas365.es\/noticias\/wp-json\/wp\/v2\/tags?post=31012"}],"curies":[{"name":"wp","href":"https:\/\/api.w.org\/{rel}","templated":true}]}}