{"id":31010,"date":"2016-06-23T00:03:21","date_gmt":"2016-06-22T22:33:21","guid":{"rendered":"http:\/\/candas365.es\/noticias\/?p=31010"},"modified":"2016-06-23T00:03:21","modified_gmt":"2016-06-22T22:33:21","slug":"record-de-recaudacion-para-iglesias-catolica-y-protestante-alemanas","status":"publish","type":"post","link":"https:\/\/candas365.es\/noticias\/record-de-recaudacion-para-iglesias-catolica-y-protestante-alemanas\/","title":{"rendered":"R\u00e9cord de recaudaci\u00f3n para iglesias cat\u00f3lica y protestante alemanas"},"content":{"rendered":"<p>Berl\u00edn, 22 jun (dpa) &#8211; Las Iglesias cat\u00f3lica y protestante de Alemania registraron en 2015 un r\u00e9cord de recaudaci\u00f3n pese a haber perdido feligreses, se\u00f1ala hoy el diario alem\u00e1n \u00abBild\u00bb en base a cifras oficiales.<\/p>\n<p>De acuerdo con esta versi\u00f3n, unos 11.460 millones de euros (12.930 millones de d\u00f3lares) fueron a engrosar el a\u00f1o pasado las arcas de las dos principales Iglesias de Alemania, frente a 10.700 millones de euros de 2014.<\/p>\n<p>La Iglesia cat\u00f3lica ingres\u00f3 unos 6.090 millones de euros, mientras que la evang\u00e9lica reuni\u00f3 unos 5.370 millones de euros. Entre las razones para este fuerte incremento mencion\u00f3 la Oficina Federal de Estad\u00edsticas la buena coyuntura econ\u00f3mica en Alemania y el aumento de los sueldos.<\/p>\n<p>En Alemania, los miembros de las Iglesias cat\u00f3lica y evang\u00e9lica pagan entre ocho y nueve por ciento del impuesto a las rentas, dependiendo del estado federado en el que vivan. El tributo es deducido directamente del salario y transferido por el fisco a las Iglesias. <\/p>\n<p>Las dos grandes Iglesias cristianas de Alemania se financian en m\u00e1s de un 75 por ciento a trav\u00e9s de los impuestos de sus feligreses. De acuerdo con datos de la Conferencia Episcopal de la Iglesia cat\u00f3lica alemana de 2014, unos 23,9 millones de personas pertenecen a esta iglesia en Alemania y unos 23 millones a la Iglesia evang\u00e9lica<\/p>\n","protected":false},"excerpt":{"rendered":"<p>Berl\u00edn, 22 jun (dpa) &#8211; Las Iglesias cat\u00f3lica y protestante de Alemania registraron en 2015 un r\u00e9cord de recaudaci\u00f3n pese a haber perdido feligreses, se\u00f1ala hoy el diario alem\u00e1n \u00abBild\u00bb en base a cifras oficiales. De acuerdo con esta versi\u00f3n, unos 11.460 millones de euros (12.930 millones de d\u00f3lares) fueron a engrosar el a\u00f1o pasado<\/p>\n","protected":false},"author":1,"featured_media":16457,"comment_status":"closed","ping_status":"closed","sticky":false,"template":"","format":"standard","meta":{"footnotes":""},"categories":[343],"tags":[],"class_list":{"0":"post-31010","1":"post","2":"type-post","3":"status-publish","4":"format-standard","5":"has-post-thumbnail","7":"category-actualidad"},"aioseo_notices":[],"aioseo_head":"\n\t\t<!-- All in One SEO Pro 4.9.6.2 - aioseo.com -->\n\t<meta name=\"description\" content=\"Berl\u00edn, 22 jun (dpa) - Las Iglesias cat\u00f3lica y protestante de Alemania registraron en 2015 un r\u00e9cord de recaudaci\u00f3n pese a haber perdido feligreses, se\u00f1ala hoy el diario alem\u00e1n &quot;Bild&quot; en base a cifras oficiales. De acuerdo con esta versi\u00f3n, unos 11.460 millones de euros (12.930 millones de d\u00f3lares) fueron a engrosar el a\u00f1o pasado\" \/>\n\t<meta name=\"robots\" content=\"max-image-preview:large\" \/>\n\t<meta name=\"author\" content=\"Cand\u00e1s 365\"\/>\n\t<meta name=\"google-site-verification\" content=\"UA-32230408-1\" \/>\n\t<meta name=\"msvalidate.01\" content=\"354F3CDFB2DA171B47FBE9ABF1F88D5\" \/>\n\t<meta name=\"keywords\" content=\"actualidad\" \/>\n\t<link rel=\"canonical\" href=\"https:\/\/candas365.es\/noticias\/record-de-recaudacion-para-iglesias-catolica-y-protestante-alemanas\/\" \/>\n\t<meta name=\"generator\" content=\"All in One SEO Pro (AIOSEO) 4.9.6.2\" \/>\n\t\t<meta property=\"og:locale\" content=\"es_ES\" \/>\n\t\t<meta property=\"og:site_name\" content=\"Cand\u00e1s 365\" \/>\n\t\t<meta property=\"og:type\" content=\"article\" \/>\n\t\t<meta property=\"og:title\" content=\"R\u00e9cord de recaudaci\u00f3n para iglesias cat\u00f3lica y protestante alemanas | Cand\u00e1s 365\" \/>\n\t\t<meta property=\"og:description\" content=\"Berl\u00edn, 22 jun (dpa) - Las Iglesias cat\u00f3lica y protestante de Alemania registraron en 2015 un r\u00e9cord de recaudaci\u00f3n pese a haber perdido feligreses, se\u00f1ala hoy el diario alem\u00e1n &quot;Bild&quot; en base a cifras oficiales. De acuerdo con esta versi\u00f3n, unos 11.460 millones de euros (12.930 millones de d\u00f3lares) fueron a engrosar el a\u00f1o pasado\" \/>\n\t\t<meta property=\"og:url\" content=\"https:\/\/candas365.es\/noticias\/record-de-recaudacion-para-iglesias-catolica-y-protestante-alemanas\/\" \/>\n\t\t<meta property=\"og:image\" content=\"https:\/\/candas365.es\/noticias\/wp-content\/uploads\/2015\/09\/c365noticias.jpg\" \/>\n\t\t<meta property=\"og:image:secure_url\" content=\"https:\/\/candas365.es\/noticias\/wp-content\/uploads\/2015\/09\/c365noticias.jpg\" \/>\n\t\t<meta property=\"og:image:width\" content=\"655\" \/>\n\t\t<meta property=\"og:image:height\" content=\"360\" \/>\n\t\t<meta property=\"article:published_time\" content=\"2016-06-22T22:33:21+00:00\" \/>\n\t\t<meta property=\"article:modified_time\" content=\"2016-06-22T22:33:21+00:00\" \/>\n\t\t<meta property=\"article:publisher\" content=\"https:\/\/www.facebook.com\/Nachofdezber\" \/>\n\t\t<meta property=\"article:author\" content=\"https:\/\/www.facebook.com\/carrenoactualidad\" \/>\n\t\t<meta name=\"twitter:card\" content=\"summary_large_image\" \/>\n\t\t<meta name=\"twitter:site\" content=\"@NabercoDigital\" \/>\n\t\t<meta name=\"twitter:title\" content=\"R\u00e9cord de recaudaci\u00f3n para iglesias cat\u00f3lica y protestante alemanas | Cand\u00e1s 365\" \/>\n\t\t<meta name=\"twitter:description\" content=\"Berl\u00edn, 22 jun (dpa) - Las Iglesias cat\u00f3lica y protestante de Alemania registraron en 2015 un r\u00e9cord de recaudaci\u00f3n pese a haber perdido feligreses, se\u00f1ala hoy el diario alem\u00e1n &quot;Bild&quot; en base a cifras oficiales. De acuerdo con esta versi\u00f3n, unos 11.460 millones de euros (12.930 millones de d\u00f3lares) fueron a engrosar el a\u00f1o pasado\" \/>\n\t\t<meta name=\"twitter:creator\" content=\"@nbasturias\" \/>\n\t\t<meta name=\"twitter:image\" content=\"https:\/\/candas365.es\/noticias\/wp-content\/uploads\/2015\/09\/c365noticias.jpg\" \/>\n\t\t<meta name=\"twitter:label1\" content=\"Escrito por\" \/>\n\t\t<meta name=\"twitter:data1\" content=\"Cand\u00e1s 365\" \/>\n\t\t<meta name=\"twitter:label2\" content=\"Tiempo de lectura estimado\" \/>\n\t\t<meta name=\"twitter:data2\" content=\"1 minuto\" \/>\n\t\t<script type=\"application\/ld+json\" class=\"aioseo-schema\">\n\t\t\t{\"@context\":\"https:\\\/\\\/schema.org\",\"@graph\":[{\"@type\":\"BreadcrumbList\",\"@id\":\"https:\\\/\\\/candas365.es\\\/noticias\\\/record-de-recaudacion-para-iglesias-catolica-y-protestante-alemanas\\\/#breadcrumblist\",\"itemListElement\":[{\"@type\":\"ListItem\",\"@id\":\"https:\\\/\\\/candas365.es\\\/noticias#listItem\",\"position\":1,\"name\":\"Home\",\"item\":\"https:\\\/\\\/candas365.es\\\/noticias\",\"nextItem\":{\"@type\":\"ListItem\",\"@id\":\"https:\\\/\\\/candas365.es\\\/noticias\\\/category\\\/actualidad\\\/#listItem\",\"name\":\"Actualidad\"}},{\"@type\":\"ListItem\",\"@id\":\"https:\\\/\\\/candas365.es\\\/noticias\\\/category\\\/actualidad\\\/#listItem\",\"position\":2,\"name\":\"Actualidad\",\"item\":\"https:\\\/\\\/candas365.es\\\/noticias\\\/category\\\/actualidad\\\/\",\"nextItem\":{\"@type\":\"ListItem\",\"@id\":\"https:\\\/\\\/candas365.es\\\/noticias\\\/record-de-recaudacion-para-iglesias-catolica-y-protestante-alemanas\\\/#listItem\",\"name\":\"R\\u00e9cord de recaudaci\\u00f3n para iglesias cat\\u00f3lica y protestante alemanas\"},\"previousItem\":{\"@type\":\"ListItem\",\"@id\":\"https:\\\/\\\/candas365.es\\\/noticias#listItem\",\"name\":\"Home\"}},{\"@type\":\"ListItem\",\"@id\":\"https:\\\/\\\/candas365.es\\\/noticias\\\/record-de-recaudacion-para-iglesias-catolica-y-protestante-alemanas\\\/#listItem\",\"position\":3,\"name\":\"R\\u00e9cord de recaudaci\\u00f3n para iglesias cat\\u00f3lica y protestante alemanas\",\"previousItem\":{\"@type\":\"ListItem\",\"@id\":\"https:\\\/\\\/candas365.es\\\/noticias\\\/category\\\/actualidad\\\/#listItem\",\"name\":\"Actualidad\"}}]},{\"@type\":\"NewsArticle\",\"@id\":\"https:\\\/\\\/candas365.es\\\/noticias\\\/record-de-recaudacion-para-iglesias-catolica-y-protestante-alemanas\\\/#newsarticle\",\"name\":\"R\\u00e9cord de recaudaci\\u00f3n para iglesias cat\\u00f3lica y protestante alemanas | Cand\\u00e1s 365\",\"headline\":\"R\\u00e9cord de recaudaci\\u00f3n para iglesias cat\\u00f3lica y protestante alemanas\",\"author\":{\"@id\":\"https:\\\/\\\/candas365.es\\\/noticias\\\/author\\\/admin\\\/#author\"},\"publisher\":{\"@id\":\"https:\\\/\\\/candas365.es\\\/noticias\\\/#organization\"},\"image\":{\"@type\":\"ImageObject\",\"url\":\"https:\\\/\\\/candas365.es\\\/noticias\\\/wp-content\\\/uploads\\\/2015\\\/09\\\/c365noticias.jpg\",\"width\":655,\"height\":360},\"datePublished\":\"2016-06-23T00:03:21+02:00\",\"dateModified\":\"2016-06-23T00:03:21+02:00\",\"inLanguage\":\"es-ES\",\"mainEntityOfPage\":{\"@id\":\"https:\\\/\\\/candas365.es\\\/noticias\\\/record-de-recaudacion-para-iglesias-catolica-y-protestante-alemanas\\\/#webpage\"},\"isPartOf\":{\"@id\":\"https:\\\/\\\/candas365.es\\\/noticias\\\/record-de-recaudacion-para-iglesias-catolica-y-protestante-alemanas\\\/#webpage\"},\"articleSection\":\"Actualidad\",\"dateline\":\"Publicado el junio 23, 2016.\"},{\"@type\":\"Organization\",\"@id\":\"https:\\\/\\\/candas365.es\\\/noticias\\\/#organization\",\"name\":\"Cand\\u00e1s 365\",\"description\":\"Cand\\u00e1s 365 es un diario digital independiente, fundado en 2012, con base en Asturias. Informamos con rigor sobre actualidad, sociedad, cultura y ocio, con una mirada local y global.\",\"url\":\"https:\\\/\\\/candas365.es\\\/noticias\\\/\",\"email\":\"info@candas365.es\",\"telephone\":\"+34652131393\",\"foundingDate\":\"2012-06-10\",\"logo\":{\"@type\":\"ImageObject\",\"url\":\"https:\\\/\\\/candas365.es\\\/noticias\\\/wp-content\\\/uploads\\\/2024\\\/09\\\/Candas-365-Redes.jpg\",\"@id\":\"https:\\\/\\\/candas365.es\\\/noticias\\\/record-de-recaudacion-para-iglesias-catolica-y-protestante-alemanas\\\/#organizationLogo\",\"width\":1152,\"height\":864,\"caption\":\"Cand\\u00e1s 365 Redes\"},\"image\":{\"@id\":\"https:\\\/\\\/candas365.es\\\/noticias\\\/record-de-recaudacion-para-iglesias-catolica-y-protestante-alemanas\\\/#organizationLogo\"},\"sameAs\":[\"https:\\\/\\\/www.facebook.com\\\/Nachofdezber\",\"https:\\\/\\\/x.com\\\/NabercoDigital\",\"https:\\\/\\\/www.instagram.com\\\/nachofdezber\\\/\",\"https:\\\/\\\/www.youtube.com\\\/channel\\\/UCZP-2wLEB9Rv6erhFmqVnvg\"],\"address\":{\"@id\":\"https:\\\/\\\/candas365.es\\\/noticias\\\/#postaladdress\",\"@type\":\"PostalAddress\",\"streetAddress\":\"san antonio 4, san antonio 4\",\"postalCode\":\"33430\",\"addressLocality\":\"Cand\\u00e1s\",\"addressRegion\":\"Asturias\",\"addressCountry\":\"ES\"}},{\"@type\":\"Person\",\"@id\":\"https:\\\/\\\/candas365.es\\\/noticias\\\/author\\\/admin\\\/#author\",\"url\":\"https:\\\/\\\/candas365.es\\\/noticias\\\/author\\\/admin\\\/\",\"name\":\"Cand\\u00e1s 365\",\"image\":{\"@type\":\"ImageObject\",\"@id\":\"https:\\\/\\\/candas365.es\\\/noticias\\\/record-de-recaudacion-para-iglesias-catolica-y-protestante-alemanas\\\/#authorImage\",\"url\":\"https:\\\/\\\/secure.gravatar.com\\\/avatar\\\/496a8e03d0c493ede1718b7934145dbdf8d89be1036b0eec9544e1094c9de390?s=96&d=mm&r=g\",\"width\":96,\"height\":96,\"caption\":\"Cand\\u00e1s 365\"},\"sameAs\":[\"https:\\\/\\\/www.facebook.com\\\/carrenoactualidad\",\"https:\\\/\\\/twitter.com\\\/nbasturias\",\"https:\\\/\\\/www.instagram.com\\\/nachofdezber\\\/\",\"https:\\\/\\\/www.youtube.com\\\/channel\\\/UCZP-2wLEB9Rv6erhFmqVnvg\"]},{\"@type\":\"WebPage\",\"@id\":\"https:\\\/\\\/candas365.es\\\/noticias\\\/record-de-recaudacion-para-iglesias-catolica-y-protestante-alemanas\\\/#webpage\",\"url\":\"https:\\\/\\\/candas365.es\\\/noticias\\\/record-de-recaudacion-para-iglesias-catolica-y-protestante-alemanas\\\/\",\"name\":\"R\\u00e9cord de recaudaci\\u00f3n para iglesias cat\\u00f3lica y protestante alemanas | Cand\\u00e1s 365\",\"description\":\"Berl\\u00edn, 22 jun (dpa) - Las Iglesias cat\\u00f3lica y protestante de Alemania registraron en 2015 un r\\u00e9cord de recaudaci\\u00f3n pese a haber perdido feligreses, se\\u00f1ala hoy el diario alem\\u00e1n \\\"Bild\\\" en base a cifras oficiales. De acuerdo con esta versi\\u00f3n, unos 11.460 millones de euros (12.930 millones de d\\u00f3lares) fueron a engrosar el a\\u00f1o pasado\",\"inLanguage\":\"es-ES\",\"isPartOf\":{\"@id\":\"https:\\\/\\\/candas365.es\\\/noticias\\\/#website\"},\"breadcrumb\":{\"@id\":\"https:\\\/\\\/candas365.es\\\/noticias\\\/record-de-recaudacion-para-iglesias-catolica-y-protestante-alemanas\\\/#breadcrumblist\"},\"author\":{\"@id\":\"https:\\\/\\\/candas365.es\\\/noticias\\\/author\\\/admin\\\/#author\"},\"creator\":{\"@id\":\"https:\\\/\\\/candas365.es\\\/noticias\\\/author\\\/admin\\\/#author\"},\"image\":{\"@type\":\"ImageObject\",\"url\":\"https:\\\/\\\/candas365.es\\\/noticias\\\/wp-content\\\/uploads\\\/2015\\\/09\\\/c365noticias.jpg\",\"@id\":\"https:\\\/\\\/candas365.es\\\/noticias\\\/record-de-recaudacion-para-iglesias-catolica-y-protestante-alemanas\\\/#mainImage\",\"width\":655,\"height\":360},\"primaryImageOfPage\":{\"@id\":\"https:\\\/\\\/candas365.es\\\/noticias\\\/record-de-recaudacion-para-iglesias-catolica-y-protestante-alemanas\\\/#mainImage\"},\"datePublished\":\"2016-06-23T00:03:21+02:00\",\"dateModified\":\"2016-06-23T00:03:21+02:00\"},{\"@type\":\"WebSite\",\"@id\":\"https:\\\/\\\/candas365.es\\\/noticias\\\/#website\",\"url\":\"https:\\\/\\\/candas365.es\\\/noticias\\\/\",\"name\":\"Cand\\u00e1s 365\",\"alternateName\":\"Cand\\u00e1s 365 Noticias\",\"description\":\"Actualidad desde Carre\\u00f1o para el mundo\",\"inLanguage\":\"es-ES\",\"publisher\":{\"@id\":\"https:\\\/\\\/candas365.es\\\/noticias\\\/#organization\"}}]}\n\t\t<\/script>\n\t\t<!-- All in One SEO Pro -->\r\n\t\t<title>R\u00e9cord de recaudaci\u00f3n para iglesias cat\u00f3lica y protestante alemanas | Cand\u00e1s 365<\/title>\n\n","aioseo_head_json":{"title":"R\u00e9cord de recaudaci\u00f3n para iglesias cat\u00f3lica y protestante alemanas | Cand\u00e1s 365","description":"Berl\u00edn, 22 jun (dpa) - Las Iglesias cat\u00f3lica y protestante de Alemania registraron en 2015 un r\u00e9cord de recaudaci\u00f3n pese a haber perdido feligreses, se\u00f1ala hoy el diario alem\u00e1n \"Bild\" en base a cifras oficiales. De acuerdo con esta versi\u00f3n, unos 11.460 millones de euros (12.930 millones de d\u00f3lares) fueron a engrosar el a\u00f1o pasado","canonical_url":"https:\/\/candas365.es\/noticias\/record-de-recaudacion-para-iglesias-catolica-y-protestante-alemanas\/","robots":"max-image-preview:large","keywords":"actualidad","webmasterTools":{"google-site-verification":"UA-32230408-1","msvalidate.01":"354F3CDFB2DA171B47FBE9ABF1F88D5","miscellaneous":""},"schema":{"@context":"https:\/\/schema.org","@graph":[{"@type":"BreadcrumbList","@id":"https:\/\/candas365.es\/noticias\/record-de-recaudacion-para-iglesias-catolica-y-protestante-alemanas\/#breadcrumblist","itemListElement":[{"@type":"ListItem","@id":"https:\/\/candas365.es\/noticias#listItem","position":1,"name":"Home","item":"https:\/\/candas365.es\/noticias","nextItem":{"@type":"ListItem","@id":"https:\/\/candas365.es\/noticias\/category\/actualidad\/#listItem","name":"Actualidad"}},{"@type":"ListItem","@id":"https:\/\/candas365.es\/noticias\/category\/actualidad\/#listItem","position":2,"name":"Actualidad","item":"https:\/\/candas365.es\/noticias\/category\/actualidad\/","nextItem":{"@type":"ListItem","@id":"https:\/\/candas365.es\/noticias\/record-de-recaudacion-para-iglesias-catolica-y-protestante-alemanas\/#listItem","name":"R\u00e9cord de recaudaci\u00f3n para iglesias cat\u00f3lica y protestante alemanas"},"previousItem":{"@type":"ListItem","@id":"https:\/\/candas365.es\/noticias#listItem","name":"Home"}},{"@type":"ListItem","@id":"https:\/\/candas365.es\/noticias\/record-de-recaudacion-para-iglesias-catolica-y-protestante-alemanas\/#listItem","position":3,"name":"R\u00e9cord de recaudaci\u00f3n para iglesias cat\u00f3lica y protestante alemanas","previousItem":{"@type":"ListItem","@id":"https:\/\/candas365.es\/noticias\/category\/actualidad\/#listItem","name":"Actualidad"}}]},{"@type":"NewsArticle","@id":"https:\/\/candas365.es\/noticias\/record-de-recaudacion-para-iglesias-catolica-y-protestante-alemanas\/#newsarticle","name":"R\u00e9cord de recaudaci\u00f3n para iglesias cat\u00f3lica y protestante alemanas | Cand\u00e1s 365","headline":"R\u00e9cord de recaudaci\u00f3n para iglesias cat\u00f3lica y protestante alemanas","author":{"@id":"https:\/\/candas365.es\/noticias\/author\/admin\/#author"},"publisher":{"@id":"https:\/\/candas365.es\/noticias\/#organization"},"image":{"@type":"ImageObject","url":"https:\/\/candas365.es\/noticias\/wp-content\/uploads\/2015\/09\/c365noticias.jpg","width":655,"height":360},"datePublished":"2016-06-23T00:03:21+02:00","dateModified":"2016-06-23T00:03:21+02:00","inLanguage":"es-ES","mainEntityOfPage":{"@id":"https:\/\/candas365.es\/noticias\/record-de-recaudacion-para-iglesias-catolica-y-protestante-alemanas\/#webpage"},"isPartOf":{"@id":"https:\/\/candas365.es\/noticias\/record-de-recaudacion-para-iglesias-catolica-y-protestante-alemanas\/#webpage"},"articleSection":"Actualidad","dateline":"Publicado el junio 23, 2016."},{"@type":"Organization","@id":"https:\/\/candas365.es\/noticias\/#organization","name":"Cand\u00e1s 365","description":"Cand\u00e1s 365 es un diario digital independiente, fundado en 2012, con base en Asturias. Informamos con rigor sobre actualidad, sociedad, cultura y ocio, con una mirada local y global.","url":"https:\/\/candas365.es\/noticias\/","email":"info@candas365.es","telephone":"+34652131393","foundingDate":"2012-06-10","logo":{"@type":"ImageObject","url":"https:\/\/candas365.es\/noticias\/wp-content\/uploads\/2024\/09\/Candas-365-Redes.jpg","@id":"https:\/\/candas365.es\/noticias\/record-de-recaudacion-para-iglesias-catolica-y-protestante-alemanas\/#organizationLogo","width":1152,"height":864,"caption":"Cand\u00e1s 365 Redes"},"image":{"@id":"https:\/\/candas365.es\/noticias\/record-de-recaudacion-para-iglesias-catolica-y-protestante-alemanas\/#organizationLogo"},"sameAs":["https:\/\/www.facebook.com\/Nachofdezber","https:\/\/x.com\/NabercoDigital","https:\/\/www.instagram.com\/nachofdezber\/","https:\/\/www.youtube.com\/channel\/UCZP-2wLEB9Rv6erhFmqVnvg"],"address":{"@id":"https:\/\/candas365.es\/noticias\/#postaladdress","@type":"PostalAddress","streetAddress":"san antonio 4, san antonio 4","postalCode":"33430","addressLocality":"Cand\u00e1s","addressRegion":"Asturias","addressCountry":"ES"}},{"@type":"Person","@id":"https:\/\/candas365.es\/noticias\/author\/admin\/#author","url":"https:\/\/candas365.es\/noticias\/author\/admin\/","name":"Cand\u00e1s 365","image":{"@type":"ImageObject","@id":"https:\/\/candas365.es\/noticias\/record-de-recaudacion-para-iglesias-catolica-y-protestante-alemanas\/#authorImage","url":"https:\/\/secure.gravatar.com\/avatar\/496a8e03d0c493ede1718b7934145dbdf8d89be1036b0eec9544e1094c9de390?s=96&d=mm&r=g","width":96,"height":96,"caption":"Cand\u00e1s 365"},"sameAs":["https:\/\/www.facebook.com\/carrenoactualidad","https:\/\/twitter.com\/nbasturias","https:\/\/www.instagram.com\/nachofdezber\/","https:\/\/www.youtube.com\/channel\/UCZP-2wLEB9Rv6erhFmqVnvg"]},{"@type":"WebPage","@id":"https:\/\/candas365.es\/noticias\/record-de-recaudacion-para-iglesias-catolica-y-protestante-alemanas\/#webpage","url":"https:\/\/candas365.es\/noticias\/record-de-recaudacion-para-iglesias-catolica-y-protestante-alemanas\/","name":"R\u00e9cord de recaudaci\u00f3n para iglesias cat\u00f3lica y protestante alemanas | Cand\u00e1s 365","description":"Berl\u00edn, 22 jun (dpa) - Las Iglesias cat\u00f3lica y protestante de Alemania registraron en 2015 un r\u00e9cord de recaudaci\u00f3n pese a haber perdido feligreses, se\u00f1ala hoy el diario alem\u00e1n \"Bild\" en base a cifras oficiales. De acuerdo con esta versi\u00f3n, unos 11.460 millones de euros (12.930 millones de d\u00f3lares) fueron a engrosar el a\u00f1o pasado","inLanguage":"es-ES","isPartOf":{"@id":"https:\/\/candas365.es\/noticias\/#website"},"breadcrumb":{"@id":"https:\/\/candas365.es\/noticias\/record-de-recaudacion-para-iglesias-catolica-y-protestante-alemanas\/#breadcrumblist"},"author":{"@id":"https:\/\/candas365.es\/noticias\/author\/admin\/#author"},"creator":{"@id":"https:\/\/candas365.es\/noticias\/author\/admin\/#author"},"image":{"@type":"ImageObject","url":"https:\/\/candas365.es\/noticias\/wp-content\/uploads\/2015\/09\/c365noticias.jpg","@id":"https:\/\/candas365.es\/noticias\/record-de-recaudacion-para-iglesias-catolica-y-protestante-alemanas\/#mainImage","width":655,"height":360},"primaryImageOfPage":{"@id":"https:\/\/candas365.es\/noticias\/record-de-recaudacion-para-iglesias-catolica-y-protestante-alemanas\/#mainImage"},"datePublished":"2016-06-23T00:03:21+02:00","dateModified":"2016-06-23T00:03:21+02:00"},{"@type":"WebSite","@id":"https:\/\/candas365.es\/noticias\/#website","url":"https:\/\/candas365.es\/noticias\/","name":"Cand\u00e1s 365","alternateName":"Cand\u00e1s 365 Noticias","description":"Actualidad desde Carre\u00f1o para el mundo","inLanguage":"es-ES","publisher":{"@id":"https:\/\/candas365.es\/noticias\/#organization"}}]},"og:locale":"es_ES","og:site_name":"Cand\u00e1s 365","og:type":"article","og:title":"R\u00e9cord de recaudaci\u00f3n para iglesias cat\u00f3lica y protestante alemanas | Cand\u00e1s 365","og:description":"Berl\u00edn, 22 jun (dpa) - Las Iglesias cat\u00f3lica y protestante de Alemania registraron en 2015 un r\u00e9cord de recaudaci\u00f3n pese a haber perdido feligreses, se\u00f1ala hoy el diario alem\u00e1n &quot;Bild&quot; en base a cifras oficiales. De acuerdo con esta versi\u00f3n, unos 11.460 millones de euros (12.930 millones de d\u00f3lares) fueron a engrosar el a\u00f1o pasado","og:url":"https:\/\/candas365.es\/noticias\/record-de-recaudacion-para-iglesias-catolica-y-protestante-alemanas\/","og:image":"https:\/\/candas365.es\/noticias\/wp-content\/uploads\/2015\/09\/c365noticias.jpg","og:image:secure_url":"https:\/\/candas365.es\/noticias\/wp-content\/uploads\/2015\/09\/c365noticias.jpg","og:image:width":655,"og:image:height":360,"article:published_time":"2016-06-22T22:33:21+00:00","article:modified_time":"2016-06-22T22:33:21+00:00","article:publisher":"https:\/\/www.facebook.com\/Nachofdezber","article:author":"https:\/\/www.facebook.com\/carrenoactualidad","twitter:card":"summary_large_image","twitter:site":"@NabercoDigital","twitter:title":"R\u00e9cord de recaudaci\u00f3n para iglesias cat\u00f3lica y protestante alemanas | Cand\u00e1s 365","twitter:description":"Berl\u00edn, 22 jun (dpa) - Las Iglesias cat\u00f3lica y protestante de Alemania registraron en 2015 un r\u00e9cord de recaudaci\u00f3n pese a haber perdido feligreses, se\u00f1ala hoy el diario alem\u00e1n &quot;Bild&quot; en base a cifras oficiales. De acuerdo con esta versi\u00f3n, unos 11.460 millones de euros (12.930 millones de d\u00f3lares) fueron a engrosar el a\u00f1o pasado","twitter:creator":"@nbasturias","twitter:image":"https:\/\/candas365.es\/noticias\/wp-content\/uploads\/2015\/09\/c365noticias.jpg","twitter:label1":"Escrito por","twitter:data1":"Cand\u00e1s 365","twitter:label2":"Tiempo de lectura estimado","twitter:data2":"1 minuto"},"aioseo_meta_data":{"post_id":"31010","title":null,"description":null,"keywords":null,"keyphrases":null,"primary_term":null,"canonical_url":null,"og_title":null,"og_description":null,"og_object_type":"default","og_image_type":"default","og_image_url":null,"og_image_width":null,"og_image_height":null,"og_image_custom_url":null,"og_image_custom_fields":null,"og_video":null,"og_custom_url":null,"og_article_section":null,"og_article_tags":null,"twitter_use_og":false,"twitter_card":"default","twitter_image_type":"default","twitter_image_url":null,"twitter_image_custom_url":null,"twitter_image_custom_fields":null,"twitter_title":null,"twitter_description":null,"schema":{"blockGraphs":[],"customGraphs":[],"default":{"data":{"Article":[],"Course":[],"Dataset":[],"FAQPage":[],"Movie":[],"Person":[],"Product":[],"ProductReview":[],"Car":[],"Recipe":[],"Service":[],"SoftwareApplication":[],"WebPage":[]},"graphName":"","isEnabled":true},"graphs":[]},"schema_type":null,"schema_type_options":null,"pillar_content":false,"robots_default":true,"robots_noindex":false,"robots_noarchive":false,"robots_nosnippet":false,"robots_nofollow":false,"robots_noimageindex":false,"robots_noodp":false,"robots_notranslate":false,"robots_max_snippet":null,"robots_max_videopreview":null,"robots_max_imagepreview":"large","priority":null,"frequency":null,"location":null,"local_seo":null,"seo_analyzer_scan_date":"2025-08-24 13:18:09","breadcrumb_settings":null,"limit_modified_date":false,"reviewed_by":null,"open_ai":null,"ai":null,"created":"2020-12-21 12:59:59","updated":"2025-08-24 13:18:09"},"aioseo_breadcrumb":"<div class=\"aioseo-breadcrumbs\"><span class=\"aioseo-breadcrumb\">\n\t<a href=\"https:\/\/candas365.es\/noticias\" title=\"Home\">Home<\/a>\n<\/span><span class=\"aioseo-breadcrumb-separator\">&ndash;<\/span><span class=\"aioseo-breadcrumb\">\n\t<a href=\"https:\/\/candas365.es\/noticias\/category\/actualidad\/\" title=\"Actualidad\">Actualidad<\/a>\n<\/span><span class=\"aioseo-breadcrumb-separator\">&ndash;<\/span><span class=\"aioseo-breadcrumb\">\n\tR\u00e9cord de recaudaci\u00f3n para iglesias cat\u00f3lica y protestante alemanas\n<\/span><\/div>","aioseo_breadcrumb_json":[{"label":"Home","link":"https:\/\/candas365.es\/noticias"},{"label":"Actualidad","link":"https:\/\/candas365.es\/noticias\/category\/actualidad\/"},{"label":"R\u00e9cord de recaudaci\u00f3n para iglesias cat\u00f3lica y protestante alemanas","link":"https:\/\/candas365.es\/noticias\/record-de-recaudacion-para-iglesias-catolica-y-protestante-alemanas\/"}],"_links":{"self":[{"href":"https:\/\/candas365.es\/noticias\/wp-json\/wp\/v2\/posts\/31010","targetHints":{"allow":["GET"]}}],"collection":[{"href":"https:\/\/candas365.es\/noticias\/wp-json\/wp\/v2\/posts"}],"about":[{"href":"https:\/\/candas365.es\/noticias\/wp-json\/wp\/v2\/types\/post"}],"author":[{"embeddable":true,"href":"https:\/\/candas365.es\/noticias\/wp-json\/wp\/v2\/users\/1"}],"replies":[{"embeddable":true,"href":"https:\/\/candas365.es\/noticias\/wp-json\/wp\/v2\/comments?post=31010"}],"version-history":[{"count":0,"href":"https:\/\/candas365.es\/noticias\/wp-json\/wp\/v2\/posts\/31010\/revisions"}],"wp:featuredmedia":[{"embeddable":true,"href":"https:\/\/candas365.es\/noticias\/wp-json\/wp\/v2\/media\/16457"}],"wp:attachment":[{"href":"https:\/\/candas365.es\/noticias\/wp-json\/wp\/v2\/media?parent=31010"}],"wp:term":[{"taxonomy":"category","embeddable":true,"href":"https:\/\/candas365.es\/noticias\/wp-json\/wp\/v2\/categories?post=31010"},{"taxonomy":"post_tag","embeddable":true,"href":"https:\/\/candas365.es\/noticias\/wp-json\/wp\/v2\/tags?post=31010"}],"curies":[{"name":"wp","href":"https:\/\/api.w.org\/{rel}","templated":true}]}}