{"id":31006,"date":"2016-06-23T00:01:40","date_gmt":"2016-06-22T22:31:40","guid":{"rendered":"http:\/\/candas365.es\/noticias\/?p=31006"},"modified":"2016-06-23T00:01:40","modified_gmt":"2016-06-22T22:31:40","slug":"low-esperamos-un-rival-defensivo-en-los-octavos-de-final","status":"publish","type":"post","link":"https:\/\/candas365.es\/noticias\/low-esperamos-un-rival-defensivo-en-los-octavos-de-final\/","title":{"rendered":"L\u00f6w: \u00abEsperamos un rival defensivo en los octavos de final\u00bb"},"content":{"rendered":"<p>Par\u00eds, 22 jun (dpa) &#8211; El seleccionador de Alemania, Joachim L\u00f6w, dijo el martes que seguramente se enfrentar\u00e1n a un \u00abequipo que juegue defensivamente\u00bb en los octavos de final de la Eurocopa de f\u00fatbol tras sellar su pase con una victoria por 1-0 sobre Irlanda del Norte.<\/p>\n<p>\u00abSeguramente el pr\u00f3ximo rival ser\u00e1 m\u00e1s dif\u00edcil y jugar\u00e1 bien defensivamente\u00bb, sostuvo L\u00f6w en la conferencia de prensa posterior al triunfo por la m\u00ednima diferencia en el Parque de los Pr\u00edncipes de Par\u00eds.<\/p>\n<p>Inclusive, el entrenador campe\u00f3n del mundo aventur\u00f3 un posible rival. \u00abSeguramente sea Eslovaquia (tercera del Grupo B), no creo que sea Albania (A)\u00bb, dijo. \u00abJugar\u00e1n con seis defensores as\u00ed que necesitamos jugadores que avancen\u00bb.<\/p>\n<p>Con el triunfo sobre Irlanda del Norte, Alemania se asegur\u00f3 el primer lugar del Grupo C, pero a\u00fan no conoce rival: jugar\u00e1 ante uno de los terceros entre los grupos A, B o F, el s\u00e1bado, en Lille.<\/p>\n<p>\u00abEsperamos lo mismo en octavos de final, pero en alg\u00fan momento van a tener que atacarnos. Tenemos expectativas de c\u00f3mo ser\u00e1 el pr\u00f3ximo partido.\u00bb<\/p>\n<p>L\u00f6w a\u00f1adi\u00f3 que no se march\u00f3 preocupado al s\u00f3lo marcar un gol ante Irlanda del Norte pese a haber generado 26 situaciones de peligro en la victoria 1-0.<\/p>\n<p>\u00abNo me preocupa no marcar, me preocupa no generar ocasiones\u00bb, afirm\u00f3. \u00abCon tantos defensores defendiendo tan bien, me voy satisfecho con el ataque y nuestra velocidad.\u00bb<\/p>\n<p>Adem\u00e1s, analiz\u00f3 la falta de gol del delantero Thomas M\u00fcller, que a\u00fan no marc\u00f3 en el torneo de Francia.<\/p>\n<p>\u00abNo me preocupa. Si no hubi\u00e9semos creado oportunidades s\u00ed me preocupar\u00eda, pero hoy tuvo cuatro claras y no tuvo suerte. Es una se\u00f1al de que las cre\u00f3, eso es bueno. La pr\u00f3xima tendr\u00e1 \u00e9xito\u00bb.<\/p>\n","protected":false},"excerpt":{"rendered":"<p>Par\u00eds, 22 jun (dpa) &#8211; El seleccionador de Alemania, Joachim L\u00f6w, dijo el martes que seguramente se enfrentar\u00e1n a un \u00abequipo que juegue defensivamente\u00bb en los octavos de final de la Eurocopa de f\u00fatbol tras sellar su pase con una victoria por 1-0 sobre Irlanda del Norte. \u00abSeguramente el pr\u00f3ximo rival ser\u00e1 m\u00e1s dif\u00edcil y<\/p>\n","protected":false},"author":1,"featured_media":29884,"comment_status":"closed","ping_status":"closed","sticky":false,"template":"","format":"standard","meta":{"footnotes":""},"categories":[343],"tags":[],"class_list":{"0":"post-31006","1":"post","2":"type-post","3":"status-publish","4":"format-standard","5":"has-post-thumbnail","7":"category-actualidad"},"aioseo_notices":[],"aioseo_head":"\n\t\t<!-- All in One SEO Pro 4.9.6.2 - aioseo.com -->\n\t<meta name=\"description\" content=\"Par\u00eds, 22 jun (dpa) - El seleccionador de Alemania, Joachim L\u00f6w, dijo el martes que seguramente se enfrentar\u00e1n a un &quot;equipo que juegue defensivamente&quot; en los octavos de final de la Eurocopa de f\u00fatbol tras sellar su pase con una victoria por 1-0 sobre Irlanda del Norte. &quot;Seguramente el pr\u00f3ximo rival ser\u00e1 m\u00e1s dif\u00edcil y\" \/>\n\t<meta name=\"robots\" content=\"max-image-preview:large\" \/>\n\t<meta name=\"author\" content=\"Cand\u00e1s 365\"\/>\n\t<meta name=\"google-site-verification\" content=\"UA-32230408-1\" \/>\n\t<meta name=\"msvalidate.01\" content=\"354F3CDFB2DA171B47FBE9ABF1F88D5\" \/>\n\t<meta name=\"keywords\" content=\"actualidad\" \/>\n\t<link rel=\"canonical\" href=\"https:\/\/candas365.es\/noticias\/low-esperamos-un-rival-defensivo-en-los-octavos-de-final\/\" \/>\n\t<meta name=\"generator\" content=\"All in One SEO Pro (AIOSEO) 4.9.6.2\" \/>\n\t\t<meta property=\"og:locale\" content=\"es_ES\" \/>\n\t\t<meta property=\"og:site_name\" content=\"Cand\u00e1s 365\" \/>\n\t\t<meta property=\"og:type\" content=\"article\" \/>\n\t\t<meta property=\"og:title\" content=\"L\u00f6w: \u00abEsperamos un rival defensivo en los octavos de final\u00bb | Cand\u00e1s 365\" \/>\n\t\t<meta property=\"og:description\" content=\"Par\u00eds, 22 jun (dpa) - El seleccionador de Alemania, Joachim L\u00f6w, dijo el martes que seguramente se enfrentar\u00e1n a un &quot;equipo que juegue defensivamente&quot; en los octavos de final de la Eurocopa de f\u00fatbol tras sellar su pase con una victoria por 1-0 sobre Irlanda del Norte. &quot;Seguramente el pr\u00f3ximo rival ser\u00e1 m\u00e1s dif\u00edcil y\" \/>\n\t\t<meta property=\"og:url\" content=\"https:\/\/candas365.es\/noticias\/low-esperamos-un-rival-defensivo-en-los-octavos-de-final\/\" \/>\n\t\t<meta property=\"og:image\" content=\"https:\/\/candas365.es\/noticias\/wp-content\/uploads\/2016\/06\/euro2016.jpg\" \/>\n\t\t<meta property=\"og:image:secure_url\" content=\"https:\/\/candas365.es\/noticias\/wp-content\/uploads\/2016\/06\/euro2016.jpg\" \/>\n\t\t<meta property=\"og:image:width\" content=\"800\" \/>\n\t\t<meta property=\"og:image:height\" content=\"478\" \/>\n\t\t<meta property=\"article:published_time\" content=\"2016-06-22T22:31:40+00:00\" \/>\n\t\t<meta property=\"article:modified_time\" content=\"2016-06-22T22:31:40+00:00\" \/>\n\t\t<meta property=\"article:publisher\" content=\"https:\/\/www.facebook.com\/Nachofdezber\" \/>\n\t\t<meta property=\"article:author\" content=\"https:\/\/www.facebook.com\/carrenoactualidad\" \/>\n\t\t<meta name=\"twitter:card\" content=\"summary_large_image\" \/>\n\t\t<meta name=\"twitter:site\" content=\"@NabercoDigital\" \/>\n\t\t<meta name=\"twitter:title\" content=\"L\u00f6w: \u00abEsperamos un rival defensivo en los octavos de final\u00bb | Cand\u00e1s 365\" \/>\n\t\t<meta name=\"twitter:description\" content=\"Par\u00eds, 22 jun (dpa) - El seleccionador de Alemania, Joachim L\u00f6w, dijo el martes que seguramente se enfrentar\u00e1n a un &quot;equipo que juegue defensivamente&quot; en los octavos de final de la Eurocopa de f\u00fatbol tras sellar su pase con una victoria por 1-0 sobre Irlanda del Norte. &quot;Seguramente el pr\u00f3ximo rival ser\u00e1 m\u00e1s dif\u00edcil y\" \/>\n\t\t<meta name=\"twitter:creator\" content=\"@nbasturias\" \/>\n\t\t<meta name=\"twitter:image\" content=\"https:\/\/candas365.es\/noticias\/wp-content\/uploads\/2016\/06\/euro2016.jpg\" \/>\n\t\t<meta name=\"twitter:label1\" content=\"Escrito por\" \/>\n\t\t<meta name=\"twitter:data1\" content=\"Cand\u00e1s 365\" \/>\n\t\t<meta name=\"twitter:label2\" content=\"Tiempo de lectura estimado\" \/>\n\t\t<meta name=\"twitter:data2\" content=\"2 minutos\" \/>\n\t\t<script type=\"application\/ld+json\" class=\"aioseo-schema\">\n\t\t\t{\"@context\":\"https:\\\/\\\/schema.org\",\"@graph\":[{\"@type\":\"BreadcrumbList\",\"@id\":\"https:\\\/\\\/candas365.es\\\/noticias\\\/low-esperamos-un-rival-defensivo-en-los-octavos-de-final\\\/#breadcrumblist\",\"itemListElement\":[{\"@type\":\"ListItem\",\"@id\":\"https:\\\/\\\/candas365.es\\\/noticias#listItem\",\"position\":1,\"name\":\"Home\",\"item\":\"https:\\\/\\\/candas365.es\\\/noticias\",\"nextItem\":{\"@type\":\"ListItem\",\"@id\":\"https:\\\/\\\/candas365.es\\\/noticias\\\/category\\\/actualidad\\\/#listItem\",\"name\":\"Actualidad\"}},{\"@type\":\"ListItem\",\"@id\":\"https:\\\/\\\/candas365.es\\\/noticias\\\/category\\\/actualidad\\\/#listItem\",\"position\":2,\"name\":\"Actualidad\",\"item\":\"https:\\\/\\\/candas365.es\\\/noticias\\\/category\\\/actualidad\\\/\",\"nextItem\":{\"@type\":\"ListItem\",\"@id\":\"https:\\\/\\\/candas365.es\\\/noticias\\\/low-esperamos-un-rival-defensivo-en-los-octavos-de-final\\\/#listItem\",\"name\":\"L\\u00f6w: \\u00abEsperamos un rival defensivo en los octavos de final\\u00bb\"},\"previousItem\":{\"@type\":\"ListItem\",\"@id\":\"https:\\\/\\\/candas365.es\\\/noticias#listItem\",\"name\":\"Home\"}},{\"@type\":\"ListItem\",\"@id\":\"https:\\\/\\\/candas365.es\\\/noticias\\\/low-esperamos-un-rival-defensivo-en-los-octavos-de-final\\\/#listItem\",\"position\":3,\"name\":\"L\\u00f6w: \\u00abEsperamos un rival defensivo en los octavos de final\\u00bb\",\"previousItem\":{\"@type\":\"ListItem\",\"@id\":\"https:\\\/\\\/candas365.es\\\/noticias\\\/category\\\/actualidad\\\/#listItem\",\"name\":\"Actualidad\"}}]},{\"@type\":\"NewsArticle\",\"@id\":\"https:\\\/\\\/candas365.es\\\/noticias\\\/low-esperamos-un-rival-defensivo-en-los-octavos-de-final\\\/#newsarticle\",\"name\":\"L\\u00f6w: \\u00abEsperamos un rival defensivo en los octavos de final\\u00bb | Cand\\u00e1s 365\",\"headline\":\"L\\u00f6w: \\u00abEsperamos un rival defensivo en los octavos de final\\u00bb\",\"author\":{\"@id\":\"https:\\\/\\\/candas365.es\\\/noticias\\\/author\\\/admin\\\/#author\"},\"publisher\":{\"@id\":\"https:\\\/\\\/candas365.es\\\/noticias\\\/#organization\"},\"image\":{\"@type\":\"ImageObject\",\"url\":\"https:\\\/\\\/candas365.es\\\/noticias\\\/wp-content\\\/uploads\\\/2016\\\/06\\\/euro2016.jpg\",\"width\":800,\"height\":478},\"datePublished\":\"2016-06-23T00:01:40+02:00\",\"dateModified\":\"2016-06-23T00:01:40+02:00\",\"inLanguage\":\"es-ES\",\"mainEntityOfPage\":{\"@id\":\"https:\\\/\\\/candas365.es\\\/noticias\\\/low-esperamos-un-rival-defensivo-en-los-octavos-de-final\\\/#webpage\"},\"isPartOf\":{\"@id\":\"https:\\\/\\\/candas365.es\\\/noticias\\\/low-esperamos-un-rival-defensivo-en-los-octavos-de-final\\\/#webpage\"},\"articleSection\":\"Actualidad\",\"dateline\":\"Publicado el junio 23, 2016.\"},{\"@type\":\"Organization\",\"@id\":\"https:\\\/\\\/candas365.es\\\/noticias\\\/#organization\",\"name\":\"Cand\\u00e1s 365\",\"description\":\"Cand\\u00e1s 365 es un diario digital independiente, fundado en 2012, con base en Asturias. Informamos con rigor sobre actualidad, sociedad, cultura y ocio, con una mirada local y global.\",\"url\":\"https:\\\/\\\/candas365.es\\\/noticias\\\/\",\"email\":\"info@candas365.es\",\"telephone\":\"+34652131393\",\"foundingDate\":\"2012-06-10\",\"logo\":{\"@type\":\"ImageObject\",\"url\":\"https:\\\/\\\/candas365.es\\\/noticias\\\/wp-content\\\/uploads\\\/2024\\\/09\\\/Candas-365-Redes.jpg\",\"@id\":\"https:\\\/\\\/candas365.es\\\/noticias\\\/low-esperamos-un-rival-defensivo-en-los-octavos-de-final\\\/#organizationLogo\",\"width\":1152,\"height\":864,\"caption\":\"Cand\\u00e1s 365 Redes\"},\"image\":{\"@id\":\"https:\\\/\\\/candas365.es\\\/noticias\\\/low-esperamos-un-rival-defensivo-en-los-octavos-de-final\\\/#organizationLogo\"},\"sameAs\":[\"https:\\\/\\\/www.facebook.com\\\/Nachofdezber\",\"https:\\\/\\\/x.com\\\/NabercoDigital\",\"https:\\\/\\\/www.instagram.com\\\/nachofdezber\\\/\",\"https:\\\/\\\/www.youtube.com\\\/channel\\\/UCZP-2wLEB9Rv6erhFmqVnvg\"],\"address\":{\"@id\":\"https:\\\/\\\/candas365.es\\\/noticias\\\/#postaladdress\",\"@type\":\"PostalAddress\",\"streetAddress\":\"san antonio 4, san antonio 4\",\"postalCode\":\"33430\",\"addressLocality\":\"Cand\\u00e1s\",\"addressRegion\":\"Asturias\",\"addressCountry\":\"ES\"}},{\"@type\":\"Person\",\"@id\":\"https:\\\/\\\/candas365.es\\\/noticias\\\/author\\\/admin\\\/#author\",\"url\":\"https:\\\/\\\/candas365.es\\\/noticias\\\/author\\\/admin\\\/\",\"name\":\"Cand\\u00e1s 365\",\"image\":{\"@type\":\"ImageObject\",\"@id\":\"https:\\\/\\\/candas365.es\\\/noticias\\\/low-esperamos-un-rival-defensivo-en-los-octavos-de-final\\\/#authorImage\",\"url\":\"https:\\\/\\\/secure.gravatar.com\\\/avatar\\\/496a8e03d0c493ede1718b7934145dbdf8d89be1036b0eec9544e1094c9de390?s=96&d=mm&r=g\",\"width\":96,\"height\":96,\"caption\":\"Cand\\u00e1s 365\"},\"sameAs\":[\"https:\\\/\\\/www.facebook.com\\\/carrenoactualidad\",\"https:\\\/\\\/twitter.com\\\/nbasturias\",\"https:\\\/\\\/www.instagram.com\\\/nachofdezber\\\/\",\"https:\\\/\\\/www.youtube.com\\\/channel\\\/UCZP-2wLEB9Rv6erhFmqVnvg\"]},{\"@type\":\"WebPage\",\"@id\":\"https:\\\/\\\/candas365.es\\\/noticias\\\/low-esperamos-un-rival-defensivo-en-los-octavos-de-final\\\/#webpage\",\"url\":\"https:\\\/\\\/candas365.es\\\/noticias\\\/low-esperamos-un-rival-defensivo-en-los-octavos-de-final\\\/\",\"name\":\"L\\u00f6w: \\u00abEsperamos un rival defensivo en los octavos de final\\u00bb | Cand\\u00e1s 365\",\"description\":\"Par\\u00eds, 22 jun (dpa) - El seleccionador de Alemania, Joachim L\\u00f6w, dijo el martes que seguramente se enfrentar\\u00e1n a un \\\"equipo que juegue defensivamente\\\" en los octavos de final de la Eurocopa de f\\u00fatbol tras sellar su pase con una victoria por 1-0 sobre Irlanda del Norte. \\\"Seguramente el pr\\u00f3ximo rival ser\\u00e1 m\\u00e1s dif\\u00edcil y\",\"inLanguage\":\"es-ES\",\"isPartOf\":{\"@id\":\"https:\\\/\\\/candas365.es\\\/noticias\\\/#website\"},\"breadcrumb\":{\"@id\":\"https:\\\/\\\/candas365.es\\\/noticias\\\/low-esperamos-un-rival-defensivo-en-los-octavos-de-final\\\/#breadcrumblist\"},\"author\":{\"@id\":\"https:\\\/\\\/candas365.es\\\/noticias\\\/author\\\/admin\\\/#author\"},\"creator\":{\"@id\":\"https:\\\/\\\/candas365.es\\\/noticias\\\/author\\\/admin\\\/#author\"},\"image\":{\"@type\":\"ImageObject\",\"url\":\"https:\\\/\\\/candas365.es\\\/noticias\\\/wp-content\\\/uploads\\\/2016\\\/06\\\/euro2016.jpg\",\"@id\":\"https:\\\/\\\/candas365.es\\\/noticias\\\/low-esperamos-un-rival-defensivo-en-los-octavos-de-final\\\/#mainImage\",\"width\":800,\"height\":478},\"primaryImageOfPage\":{\"@id\":\"https:\\\/\\\/candas365.es\\\/noticias\\\/low-esperamos-un-rival-defensivo-en-los-octavos-de-final\\\/#mainImage\"},\"datePublished\":\"2016-06-23T00:01:40+02:00\",\"dateModified\":\"2016-06-23T00:01:40+02:00\"},{\"@type\":\"WebSite\",\"@id\":\"https:\\\/\\\/candas365.es\\\/noticias\\\/#website\",\"url\":\"https:\\\/\\\/candas365.es\\\/noticias\\\/\",\"name\":\"Cand\\u00e1s 365\",\"alternateName\":\"Cand\\u00e1s 365 Noticias\",\"description\":\"Actualidad desde Carre\\u00f1o para el mundo\",\"inLanguage\":\"es-ES\",\"publisher\":{\"@id\":\"https:\\\/\\\/candas365.es\\\/noticias\\\/#organization\"}}]}\n\t\t<\/script>\n\t\t<!-- All in One SEO Pro -->\r\n\t\t<title>L\u00f6w: \u00abEsperamos un rival defensivo en los octavos de final\u00bb | Cand\u00e1s 365<\/title>\n\n","aioseo_head_json":{"title":"L\u00f6w: \u00abEsperamos un rival defensivo en los octavos de final\u00bb | Cand\u00e1s 365","description":"Par\u00eds, 22 jun (dpa) - El seleccionador de Alemania, Joachim L\u00f6w, dijo el martes que seguramente se enfrentar\u00e1n a un \"equipo que juegue defensivamente\" en los octavos de final de la Eurocopa de f\u00fatbol tras sellar su pase con una victoria por 1-0 sobre Irlanda del Norte. \"Seguramente el pr\u00f3ximo rival ser\u00e1 m\u00e1s dif\u00edcil y","canonical_url":"https:\/\/candas365.es\/noticias\/low-esperamos-un-rival-defensivo-en-los-octavos-de-final\/","robots":"max-image-preview:large","keywords":"actualidad","webmasterTools":{"google-site-verification":"UA-32230408-1","msvalidate.01":"354F3CDFB2DA171B47FBE9ABF1F88D5","miscellaneous":""},"schema":{"@context":"https:\/\/schema.org","@graph":[{"@type":"BreadcrumbList","@id":"https:\/\/candas365.es\/noticias\/low-esperamos-un-rival-defensivo-en-los-octavos-de-final\/#breadcrumblist","itemListElement":[{"@type":"ListItem","@id":"https:\/\/candas365.es\/noticias#listItem","position":1,"name":"Home","item":"https:\/\/candas365.es\/noticias","nextItem":{"@type":"ListItem","@id":"https:\/\/candas365.es\/noticias\/category\/actualidad\/#listItem","name":"Actualidad"}},{"@type":"ListItem","@id":"https:\/\/candas365.es\/noticias\/category\/actualidad\/#listItem","position":2,"name":"Actualidad","item":"https:\/\/candas365.es\/noticias\/category\/actualidad\/","nextItem":{"@type":"ListItem","@id":"https:\/\/candas365.es\/noticias\/low-esperamos-un-rival-defensivo-en-los-octavos-de-final\/#listItem","name":"L\u00f6w: \u00abEsperamos un rival defensivo en los octavos de final\u00bb"},"previousItem":{"@type":"ListItem","@id":"https:\/\/candas365.es\/noticias#listItem","name":"Home"}},{"@type":"ListItem","@id":"https:\/\/candas365.es\/noticias\/low-esperamos-un-rival-defensivo-en-los-octavos-de-final\/#listItem","position":3,"name":"L\u00f6w: \u00abEsperamos un rival defensivo en los octavos de final\u00bb","previousItem":{"@type":"ListItem","@id":"https:\/\/candas365.es\/noticias\/category\/actualidad\/#listItem","name":"Actualidad"}}]},{"@type":"NewsArticle","@id":"https:\/\/candas365.es\/noticias\/low-esperamos-un-rival-defensivo-en-los-octavos-de-final\/#newsarticle","name":"L\u00f6w: \u00abEsperamos un rival defensivo en los octavos de final\u00bb | Cand\u00e1s 365","headline":"L\u00f6w: \u00abEsperamos un rival defensivo en los octavos de final\u00bb","author":{"@id":"https:\/\/candas365.es\/noticias\/author\/admin\/#author"},"publisher":{"@id":"https:\/\/candas365.es\/noticias\/#organization"},"image":{"@type":"ImageObject","url":"https:\/\/candas365.es\/noticias\/wp-content\/uploads\/2016\/06\/euro2016.jpg","width":800,"height":478},"datePublished":"2016-06-23T00:01:40+02:00","dateModified":"2016-06-23T00:01:40+02:00","inLanguage":"es-ES","mainEntityOfPage":{"@id":"https:\/\/candas365.es\/noticias\/low-esperamos-un-rival-defensivo-en-los-octavos-de-final\/#webpage"},"isPartOf":{"@id":"https:\/\/candas365.es\/noticias\/low-esperamos-un-rival-defensivo-en-los-octavos-de-final\/#webpage"},"articleSection":"Actualidad","dateline":"Publicado el junio 23, 2016."},{"@type":"Organization","@id":"https:\/\/candas365.es\/noticias\/#organization","name":"Cand\u00e1s 365","description":"Cand\u00e1s 365 es un diario digital independiente, fundado en 2012, con base en Asturias. Informamos con rigor sobre actualidad, sociedad, cultura y ocio, con una mirada local y global.","url":"https:\/\/candas365.es\/noticias\/","email":"info@candas365.es","telephone":"+34652131393","foundingDate":"2012-06-10","logo":{"@type":"ImageObject","url":"https:\/\/candas365.es\/noticias\/wp-content\/uploads\/2024\/09\/Candas-365-Redes.jpg","@id":"https:\/\/candas365.es\/noticias\/low-esperamos-un-rival-defensivo-en-los-octavos-de-final\/#organizationLogo","width":1152,"height":864,"caption":"Cand\u00e1s 365 Redes"},"image":{"@id":"https:\/\/candas365.es\/noticias\/low-esperamos-un-rival-defensivo-en-los-octavos-de-final\/#organizationLogo"},"sameAs":["https:\/\/www.facebook.com\/Nachofdezber","https:\/\/x.com\/NabercoDigital","https:\/\/www.instagram.com\/nachofdezber\/","https:\/\/www.youtube.com\/channel\/UCZP-2wLEB9Rv6erhFmqVnvg"],"address":{"@id":"https:\/\/candas365.es\/noticias\/#postaladdress","@type":"PostalAddress","streetAddress":"san antonio 4, san antonio 4","postalCode":"33430","addressLocality":"Cand\u00e1s","addressRegion":"Asturias","addressCountry":"ES"}},{"@type":"Person","@id":"https:\/\/candas365.es\/noticias\/author\/admin\/#author","url":"https:\/\/candas365.es\/noticias\/author\/admin\/","name":"Cand\u00e1s 365","image":{"@type":"ImageObject","@id":"https:\/\/candas365.es\/noticias\/low-esperamos-un-rival-defensivo-en-los-octavos-de-final\/#authorImage","url":"https:\/\/secure.gravatar.com\/avatar\/496a8e03d0c493ede1718b7934145dbdf8d89be1036b0eec9544e1094c9de390?s=96&d=mm&r=g","width":96,"height":96,"caption":"Cand\u00e1s 365"},"sameAs":["https:\/\/www.facebook.com\/carrenoactualidad","https:\/\/twitter.com\/nbasturias","https:\/\/www.instagram.com\/nachofdezber\/","https:\/\/www.youtube.com\/channel\/UCZP-2wLEB9Rv6erhFmqVnvg"]},{"@type":"WebPage","@id":"https:\/\/candas365.es\/noticias\/low-esperamos-un-rival-defensivo-en-los-octavos-de-final\/#webpage","url":"https:\/\/candas365.es\/noticias\/low-esperamos-un-rival-defensivo-en-los-octavos-de-final\/","name":"L\u00f6w: \u00abEsperamos un rival defensivo en los octavos de final\u00bb | Cand\u00e1s 365","description":"Par\u00eds, 22 jun (dpa) - El seleccionador de Alemania, Joachim L\u00f6w, dijo el martes que seguramente se enfrentar\u00e1n a un \"equipo que juegue defensivamente\" en los octavos de final de la Eurocopa de f\u00fatbol tras sellar su pase con una victoria por 1-0 sobre Irlanda del Norte. \"Seguramente el pr\u00f3ximo rival ser\u00e1 m\u00e1s dif\u00edcil y","inLanguage":"es-ES","isPartOf":{"@id":"https:\/\/candas365.es\/noticias\/#website"},"breadcrumb":{"@id":"https:\/\/candas365.es\/noticias\/low-esperamos-un-rival-defensivo-en-los-octavos-de-final\/#breadcrumblist"},"author":{"@id":"https:\/\/candas365.es\/noticias\/author\/admin\/#author"},"creator":{"@id":"https:\/\/candas365.es\/noticias\/author\/admin\/#author"},"image":{"@type":"ImageObject","url":"https:\/\/candas365.es\/noticias\/wp-content\/uploads\/2016\/06\/euro2016.jpg","@id":"https:\/\/candas365.es\/noticias\/low-esperamos-un-rival-defensivo-en-los-octavos-de-final\/#mainImage","width":800,"height":478},"primaryImageOfPage":{"@id":"https:\/\/candas365.es\/noticias\/low-esperamos-un-rival-defensivo-en-los-octavos-de-final\/#mainImage"},"datePublished":"2016-06-23T00:01:40+02:00","dateModified":"2016-06-23T00:01:40+02:00"},{"@type":"WebSite","@id":"https:\/\/candas365.es\/noticias\/#website","url":"https:\/\/candas365.es\/noticias\/","name":"Cand\u00e1s 365","alternateName":"Cand\u00e1s 365 Noticias","description":"Actualidad desde Carre\u00f1o para el mundo","inLanguage":"es-ES","publisher":{"@id":"https:\/\/candas365.es\/noticias\/#organization"}}]},"og:locale":"es_ES","og:site_name":"Cand\u00e1s 365","og:type":"article","og:title":"L\u00f6w: \u00abEsperamos un rival defensivo en los octavos de final\u00bb | Cand\u00e1s 365","og:description":"Par\u00eds, 22 jun (dpa) - El seleccionador de Alemania, Joachim L\u00f6w, dijo el martes que seguramente se enfrentar\u00e1n a un &quot;equipo que juegue defensivamente&quot; en los octavos de final de la Eurocopa de f\u00fatbol tras sellar su pase con una victoria por 1-0 sobre Irlanda del Norte. &quot;Seguramente el pr\u00f3ximo rival ser\u00e1 m\u00e1s dif\u00edcil y","og:url":"https:\/\/candas365.es\/noticias\/low-esperamos-un-rival-defensivo-en-los-octavos-de-final\/","og:image":"https:\/\/candas365.es\/noticias\/wp-content\/uploads\/2016\/06\/euro2016.jpg","og:image:secure_url":"https:\/\/candas365.es\/noticias\/wp-content\/uploads\/2016\/06\/euro2016.jpg","og:image:width":800,"og:image:height":478,"article:published_time":"2016-06-22T22:31:40+00:00","article:modified_time":"2016-06-22T22:31:40+00:00","article:publisher":"https:\/\/www.facebook.com\/Nachofdezber","article:author":"https:\/\/www.facebook.com\/carrenoactualidad","twitter:card":"summary_large_image","twitter:site":"@NabercoDigital","twitter:title":"L\u00f6w: \u00abEsperamos un rival defensivo en los octavos de final\u00bb | Cand\u00e1s 365","twitter:description":"Par\u00eds, 22 jun (dpa) - El seleccionador de Alemania, Joachim L\u00f6w, dijo el martes que seguramente se enfrentar\u00e1n a un &quot;equipo que juegue defensivamente&quot; en los octavos de final de la Eurocopa de f\u00fatbol tras sellar su pase con una victoria por 1-0 sobre Irlanda del Norte. &quot;Seguramente el pr\u00f3ximo rival ser\u00e1 m\u00e1s dif\u00edcil y","twitter:creator":"@nbasturias","twitter:image":"https:\/\/candas365.es\/noticias\/wp-content\/uploads\/2016\/06\/euro2016.jpg","twitter:label1":"Escrito por","twitter:data1":"Cand\u00e1s 365","twitter:label2":"Tiempo de lectura estimado","twitter:data2":"2 minutos"},"aioseo_meta_data":{"post_id":"31006","title":null,"description":null,"keywords":null,"keyphrases":null,"primary_term":null,"canonical_url":null,"og_title":null,"og_description":null,"og_object_type":"default","og_image_type":"default","og_image_url":null,"og_image_width":null,"og_image_height":null,"og_image_custom_url":null,"og_image_custom_fields":null,"og_video":null,"og_custom_url":null,"og_article_section":null,"og_article_tags":null,"twitter_use_og":false,"twitter_card":"default","twitter_image_type":"default","twitter_image_url":null,"twitter_image_custom_url":null,"twitter_image_custom_fields":null,"twitter_title":null,"twitter_description":null,"schema":{"blockGraphs":[],"customGraphs":[],"default":{"data":{"Article":[],"Course":[],"Dataset":[],"FAQPage":[],"Movie":[],"Person":[],"Product":[],"ProductReview":[],"Car":[],"Recipe":[],"Service":[],"SoftwareApplication":[],"WebPage":[]},"graphName":"","isEnabled":true},"graphs":[],"defaultGraph":"","defaultPostTypeGraph":""},"schema_type":null,"schema_type_options":null,"pillar_content":false,"robots_default":true,"robots_noindex":false,"robots_noarchive":false,"robots_nosnippet":false,"robots_nofollow":false,"robots_noimageindex":false,"robots_noodp":false,"robots_notranslate":false,"robots_max_snippet":null,"robots_max_videopreview":null,"robots_max_imagepreview":"large","priority":null,"frequency":null,"location":null,"local_seo":null,"seo_analyzer_scan_date":"2025-08-24 13:17:11","breadcrumb_settings":null,"limit_modified_date":false,"reviewed_by":null,"open_ai":null,"ai":null,"created":"2020-12-21 12:59:59","updated":"2025-08-24 13:17:11"},"aioseo_breadcrumb":"<div class=\"aioseo-breadcrumbs\"><span class=\"aioseo-breadcrumb\">\n\t<a href=\"https:\/\/candas365.es\/noticias\" title=\"Home\">Home<\/a>\n<\/span><span class=\"aioseo-breadcrumb-separator\">&ndash;<\/span><span class=\"aioseo-breadcrumb\">\n\t<a href=\"https:\/\/candas365.es\/noticias\/category\/actualidad\/\" title=\"Actualidad\">Actualidad<\/a>\n<\/span><span class=\"aioseo-breadcrumb-separator\">&ndash;<\/span><span class=\"aioseo-breadcrumb\">\n\tL\u00f6w: \u00abEsperamos un rival defensivo en los octavos de final\u00bb\n<\/span><\/div>","aioseo_breadcrumb_json":[{"label":"Home","link":"https:\/\/candas365.es\/noticias"},{"label":"Actualidad","link":"https:\/\/candas365.es\/noticias\/category\/actualidad\/"},{"label":"L\u00f6w: \u00abEsperamos un rival defensivo en los octavos de final\u00bb","link":"https:\/\/candas365.es\/noticias\/low-esperamos-un-rival-defensivo-en-los-octavos-de-final\/"}],"_links":{"self":[{"href":"https:\/\/candas365.es\/noticias\/wp-json\/wp\/v2\/posts\/31006","targetHints":{"allow":["GET"]}}],"collection":[{"href":"https:\/\/candas365.es\/noticias\/wp-json\/wp\/v2\/posts"}],"about":[{"href":"https:\/\/candas365.es\/noticias\/wp-json\/wp\/v2\/types\/post"}],"author":[{"embeddable":true,"href":"https:\/\/candas365.es\/noticias\/wp-json\/wp\/v2\/users\/1"}],"replies":[{"embeddable":true,"href":"https:\/\/candas365.es\/noticias\/wp-json\/wp\/v2\/comments?post=31006"}],"version-history":[{"count":0,"href":"https:\/\/candas365.es\/noticias\/wp-json\/wp\/v2\/posts\/31006\/revisions"}],"wp:featuredmedia":[{"embeddable":true,"href":"https:\/\/candas365.es\/noticias\/wp-json\/wp\/v2\/media\/29884"}],"wp:attachment":[{"href":"https:\/\/candas365.es\/noticias\/wp-json\/wp\/v2\/media?parent=31006"}],"wp:term":[{"taxonomy":"category","embeddable":true,"href":"https:\/\/candas365.es\/noticias\/wp-json\/wp\/v2\/categories?post=31006"},{"taxonomy":"post_tag","embeddable":true,"href":"https:\/\/candas365.es\/noticias\/wp-json\/wp\/v2\/tags?post=31006"}],"curies":[{"name":"wp","href":"https:\/\/api.w.org\/{rel}","templated":true}]}}