{"id":30971,"date":"2016-06-22T01:37:49","date_gmt":"2016-06-22T00:07:49","guid":{"rendered":"http:\/\/candas365.es\/noticias\/?p=30971"},"modified":"2016-06-22T01:37:49","modified_gmt":"2016-06-22T00:07:49","slug":"muestra-rinde-homenaje-al-espiritu-inventivo-en-tiempos-de-la-rda","status":"publish","type":"post","link":"https:\/\/candas365.es\/noticias\/muestra-rinde-homenaje-al-espiritu-inventivo-en-tiempos-de-la-rda\/","title":{"rendered":"Muestra rinde homenaje al esp\u00edritu inventivo en tiempos de la RDA"},"content":{"rendered":"<p>Jena (Alemania), 21 jun (dpa) &#8211; \u00abHazlo t\u00fa mismo\u00bb era una de las premisas caracter\u00edsticas t\u00edpicas de la vida en tiempos del comunismo, donde toda la fabricaci\u00f3n estaba controlada por bur\u00f3cratas &#8211; pero no as\u00ed la demanda del mercado.<\/p>\n<p>De esta manera la gente ten\u00eda que ingeni\u00e1rselas por s\u00ed misma para conseguir lo que las f\u00e1bricas del gobierno no produc\u00edan. Ahora, el museo de la ciudad de Jena rinde homenaje al esp\u00edritu inventivo de la gente corriente de la antigua Rep\u00fablica Democr\u00e1tica Alemana (RDA) con una exposici\u00f3n de objetos creados en esa \u00e9poca.<\/p>\n<p>La exhibici\u00f3n se puede visitar hasta el 16 de octubre en el Stadtmuseum de Jena y lleva por t\u00edtulo \u00abMan muss sich nur zu helfen wissen. Selbstgemacht in der DDR\u00bb (que traducido al espa\u00f1ol ser\u00eda: Hay que saber c\u00f3mo ayudarse a s\u00ed mismo. Objetos caseros de la RDA).<\/p>\n<p>La muestra presenta m\u00e1s de 700 ejemplos de art\u00edculos de uso diario realizados durante las cuatro d\u00e9cadas del \u00abHazlo t\u00fa mismo\u00bb en la antigua Alemania Oriental. El comunismo prevaleci\u00f3 en esta parte de Alemania y todas las naciones de Europa oriental -Rusia incluida- hasta 1989.<\/p>\n<p>Art\u00edculos de moda hechos a mano, joyer\u00eda, muebles, objetos dom\u00e9sticos, herramientas, equipamiento deportivo y maquinaria integran la muestra en el museo de la localidad del este de Alemania, situada a unos 215 kil\u00f3metros al sudeste de Berl\u00edn.<\/p>\n<p>\u00abEl impulso para producir algo que no exist\u00eda desarroll\u00f3 un talento especial para la improvisaci\u00f3n en muchos alemanes orientales\u00bb, dijo la curadora Teresa Thieme.<\/p>\n","protected":false},"excerpt":{"rendered":"<p>Jena (Alemania), 21 jun (dpa) &#8211; \u00abHazlo t\u00fa mismo\u00bb era una de las premisas caracter\u00edsticas t\u00edpicas de la vida en tiempos del comunismo, donde toda la fabricaci\u00f3n estaba controlada por bur\u00f3cratas &#8211; pero no as\u00ed la demanda del mercado. De esta manera la gente ten\u00eda que ingeni\u00e1rselas por s\u00ed misma para conseguir lo que las<\/p>\n","protected":false},"author":1,"featured_media":16457,"comment_status":"closed","ping_status":"closed","sticky":false,"template":"","format":"standard","meta":{"footnotes":""},"categories":[343],"tags":[],"class_list":{"0":"post-30971","1":"post","2":"type-post","3":"status-publish","4":"format-standard","5":"has-post-thumbnail","7":"category-actualidad"},"aioseo_notices":[],"aioseo_head":"\n\t\t<!-- All in One SEO Pro 4.9.6.2 - aioseo.com -->\n\t<meta name=\"description\" content=\"Jena (Alemania), 21 jun (dpa) - &quot;Hazlo t\u00fa mismo&quot; era una de las premisas caracter\u00edsticas t\u00edpicas de la vida en tiempos del comunismo, donde toda la fabricaci\u00f3n estaba controlada por bur\u00f3cratas - pero no as\u00ed la demanda del mercado. De esta manera la gente ten\u00eda que ingeni\u00e1rselas por s\u00ed misma para conseguir lo que las\" \/>\n\t<meta name=\"robots\" content=\"max-image-preview:large\" \/>\n\t<meta name=\"author\" content=\"Cand\u00e1s 365\"\/>\n\t<meta name=\"google-site-verification\" content=\"UA-32230408-1\" \/>\n\t<meta name=\"msvalidate.01\" content=\"354F3CDFB2DA171B47FBE9ABF1F88D5\" \/>\n\t<meta name=\"keywords\" content=\"actualidad\" \/>\n\t<link rel=\"canonical\" href=\"https:\/\/candas365.es\/noticias\/muestra-rinde-homenaje-al-espiritu-inventivo-en-tiempos-de-la-rda\/\" \/>\n\t<meta name=\"generator\" content=\"All in One SEO Pro (AIOSEO) 4.9.6.2\" \/>\n\t\t<meta property=\"og:locale\" content=\"es_ES\" \/>\n\t\t<meta property=\"og:site_name\" content=\"Cand\u00e1s 365\" \/>\n\t\t<meta property=\"og:type\" content=\"article\" \/>\n\t\t<meta property=\"og:title\" content=\"Muestra rinde homenaje al esp\u00edritu inventivo en tiempos de la RDA | Cand\u00e1s 365\" \/>\n\t\t<meta property=\"og:description\" content=\"Jena (Alemania), 21 jun (dpa) - &quot;Hazlo t\u00fa mismo&quot; era una de las premisas caracter\u00edsticas t\u00edpicas de la vida en tiempos del comunismo, donde toda la fabricaci\u00f3n estaba controlada por bur\u00f3cratas - pero no as\u00ed la demanda del mercado. De esta manera la gente ten\u00eda que ingeni\u00e1rselas por s\u00ed misma para conseguir lo que las\" \/>\n\t\t<meta property=\"og:url\" content=\"https:\/\/candas365.es\/noticias\/muestra-rinde-homenaje-al-espiritu-inventivo-en-tiempos-de-la-rda\/\" \/>\n\t\t<meta property=\"og:image\" content=\"https:\/\/candas365.es\/noticias\/wp-content\/uploads\/2015\/09\/c365noticias.jpg\" \/>\n\t\t<meta property=\"og:image:secure_url\" content=\"https:\/\/candas365.es\/noticias\/wp-content\/uploads\/2015\/09\/c365noticias.jpg\" \/>\n\t\t<meta property=\"og:image:width\" content=\"655\" \/>\n\t\t<meta property=\"og:image:height\" content=\"360\" \/>\n\t\t<meta property=\"article:published_time\" content=\"2016-06-22T00:07:49+00:00\" \/>\n\t\t<meta property=\"article:modified_time\" content=\"2016-06-22T00:07:49+00:00\" \/>\n\t\t<meta property=\"article:publisher\" content=\"https:\/\/www.facebook.com\/Nachofdezber\" \/>\n\t\t<meta property=\"article:author\" content=\"https:\/\/www.facebook.com\/carrenoactualidad\" \/>\n\t\t<meta name=\"twitter:card\" content=\"summary_large_image\" \/>\n\t\t<meta name=\"twitter:site\" content=\"@NabercoDigital\" \/>\n\t\t<meta name=\"twitter:title\" content=\"Muestra rinde homenaje al esp\u00edritu inventivo en tiempos de la RDA | Cand\u00e1s 365\" \/>\n\t\t<meta name=\"twitter:description\" content=\"Jena (Alemania), 21 jun (dpa) - &quot;Hazlo t\u00fa mismo&quot; era una de las premisas caracter\u00edsticas t\u00edpicas de la vida en tiempos del comunismo, donde toda la fabricaci\u00f3n estaba controlada por bur\u00f3cratas - pero no as\u00ed la demanda del mercado. De esta manera la gente ten\u00eda que ingeni\u00e1rselas por s\u00ed misma para conseguir lo que las\" \/>\n\t\t<meta name=\"twitter:creator\" content=\"@nbasturias\" \/>\n\t\t<meta name=\"twitter:image\" content=\"https:\/\/candas365.es\/noticias\/wp-content\/uploads\/2015\/09\/c365noticias.jpg\" \/>\n\t\t<meta name=\"twitter:label1\" content=\"Escrito por\" \/>\n\t\t<meta name=\"twitter:data1\" content=\"Cand\u00e1s 365\" \/>\n\t\t<meta name=\"twitter:label2\" content=\"Tiempo de lectura estimado\" \/>\n\t\t<meta name=\"twitter:data2\" content=\"1 minuto\" \/>\n\t\t<script type=\"application\/ld+json\" class=\"aioseo-schema\">\n\t\t\t{\"@context\":\"https:\\\/\\\/schema.org\",\"@graph\":[{\"@type\":\"BreadcrumbList\",\"@id\":\"https:\\\/\\\/candas365.es\\\/noticias\\\/muestra-rinde-homenaje-al-espiritu-inventivo-en-tiempos-de-la-rda\\\/#breadcrumblist\",\"itemListElement\":[{\"@type\":\"ListItem\",\"@id\":\"https:\\\/\\\/candas365.es\\\/noticias#listItem\",\"position\":1,\"name\":\"Home\",\"item\":\"https:\\\/\\\/candas365.es\\\/noticias\",\"nextItem\":{\"@type\":\"ListItem\",\"@id\":\"https:\\\/\\\/candas365.es\\\/noticias\\\/category\\\/actualidad\\\/#listItem\",\"name\":\"Actualidad\"}},{\"@type\":\"ListItem\",\"@id\":\"https:\\\/\\\/candas365.es\\\/noticias\\\/category\\\/actualidad\\\/#listItem\",\"position\":2,\"name\":\"Actualidad\",\"item\":\"https:\\\/\\\/candas365.es\\\/noticias\\\/category\\\/actualidad\\\/\",\"nextItem\":{\"@type\":\"ListItem\",\"@id\":\"https:\\\/\\\/candas365.es\\\/noticias\\\/muestra-rinde-homenaje-al-espiritu-inventivo-en-tiempos-de-la-rda\\\/#listItem\",\"name\":\"Muestra rinde homenaje al esp\\u00edritu inventivo en tiempos de la RDA\"},\"previousItem\":{\"@type\":\"ListItem\",\"@id\":\"https:\\\/\\\/candas365.es\\\/noticias#listItem\",\"name\":\"Home\"}},{\"@type\":\"ListItem\",\"@id\":\"https:\\\/\\\/candas365.es\\\/noticias\\\/muestra-rinde-homenaje-al-espiritu-inventivo-en-tiempos-de-la-rda\\\/#listItem\",\"position\":3,\"name\":\"Muestra rinde homenaje al esp\\u00edritu inventivo en tiempos de la RDA\",\"previousItem\":{\"@type\":\"ListItem\",\"@id\":\"https:\\\/\\\/candas365.es\\\/noticias\\\/category\\\/actualidad\\\/#listItem\",\"name\":\"Actualidad\"}}]},{\"@type\":\"NewsArticle\",\"@id\":\"https:\\\/\\\/candas365.es\\\/noticias\\\/muestra-rinde-homenaje-al-espiritu-inventivo-en-tiempos-de-la-rda\\\/#newsarticle\",\"name\":\"Muestra rinde homenaje al esp\\u00edritu inventivo en tiempos de la RDA | Cand\\u00e1s 365\",\"headline\":\"Muestra rinde homenaje al esp\\u00edritu inventivo en tiempos de la RDA\",\"author\":{\"@id\":\"https:\\\/\\\/candas365.es\\\/noticias\\\/author\\\/admin\\\/#author\"},\"publisher\":{\"@id\":\"https:\\\/\\\/candas365.es\\\/noticias\\\/#organization\"},\"image\":{\"@type\":\"ImageObject\",\"url\":\"https:\\\/\\\/candas365.es\\\/noticias\\\/wp-content\\\/uploads\\\/2015\\\/09\\\/c365noticias.jpg\",\"width\":655,\"height\":360},\"datePublished\":\"2016-06-22T01:37:49+02:00\",\"dateModified\":\"2016-06-22T01:37:49+02:00\",\"inLanguage\":\"es-ES\",\"mainEntityOfPage\":{\"@id\":\"https:\\\/\\\/candas365.es\\\/noticias\\\/muestra-rinde-homenaje-al-espiritu-inventivo-en-tiempos-de-la-rda\\\/#webpage\"},\"isPartOf\":{\"@id\":\"https:\\\/\\\/candas365.es\\\/noticias\\\/muestra-rinde-homenaje-al-espiritu-inventivo-en-tiempos-de-la-rda\\\/#webpage\"},\"articleSection\":\"Actualidad\",\"dateline\":\"Publicado el junio 22, 2016.\"},{\"@type\":\"Organization\",\"@id\":\"https:\\\/\\\/candas365.es\\\/noticias\\\/#organization\",\"name\":\"Cand\\u00e1s 365\",\"description\":\"Cand\\u00e1s 365 es un diario digital independiente, fundado en 2012, con base en Asturias. Informamos con rigor sobre actualidad, sociedad, cultura y ocio, con una mirada local y global.\",\"url\":\"https:\\\/\\\/candas365.es\\\/noticias\\\/\",\"email\":\"info@candas365.es\",\"telephone\":\"+34652131393\",\"foundingDate\":\"2012-06-10\",\"logo\":{\"@type\":\"ImageObject\",\"url\":\"https:\\\/\\\/candas365.es\\\/noticias\\\/wp-content\\\/uploads\\\/2024\\\/09\\\/Candas-365-Redes.jpg\",\"@id\":\"https:\\\/\\\/candas365.es\\\/noticias\\\/muestra-rinde-homenaje-al-espiritu-inventivo-en-tiempos-de-la-rda\\\/#organizationLogo\",\"width\":1152,\"height\":864,\"caption\":\"Cand\\u00e1s 365 Redes\"},\"image\":{\"@id\":\"https:\\\/\\\/candas365.es\\\/noticias\\\/muestra-rinde-homenaje-al-espiritu-inventivo-en-tiempos-de-la-rda\\\/#organizationLogo\"},\"sameAs\":[\"https:\\\/\\\/www.facebook.com\\\/Nachofdezber\",\"https:\\\/\\\/x.com\\\/NabercoDigital\",\"https:\\\/\\\/www.instagram.com\\\/nachofdezber\\\/\",\"https:\\\/\\\/www.youtube.com\\\/channel\\\/UCZP-2wLEB9Rv6erhFmqVnvg\"],\"address\":{\"@id\":\"https:\\\/\\\/candas365.es\\\/noticias\\\/#postaladdress\",\"@type\":\"PostalAddress\",\"streetAddress\":\"san antonio 4, san antonio 4\",\"postalCode\":\"33430\",\"addressLocality\":\"Cand\\u00e1s\",\"addressRegion\":\"Asturias\",\"addressCountry\":\"ES\"}},{\"@type\":\"Person\",\"@id\":\"https:\\\/\\\/candas365.es\\\/noticias\\\/author\\\/admin\\\/#author\",\"url\":\"https:\\\/\\\/candas365.es\\\/noticias\\\/author\\\/admin\\\/\",\"name\":\"Cand\\u00e1s 365\",\"image\":{\"@type\":\"ImageObject\",\"@id\":\"https:\\\/\\\/candas365.es\\\/noticias\\\/muestra-rinde-homenaje-al-espiritu-inventivo-en-tiempos-de-la-rda\\\/#authorImage\",\"url\":\"https:\\\/\\\/secure.gravatar.com\\\/avatar\\\/496a8e03d0c493ede1718b7934145dbdf8d89be1036b0eec9544e1094c9de390?s=96&d=mm&r=g\",\"width\":96,\"height\":96,\"caption\":\"Cand\\u00e1s 365\"},\"sameAs\":[\"https:\\\/\\\/www.facebook.com\\\/carrenoactualidad\",\"https:\\\/\\\/twitter.com\\\/nbasturias\",\"https:\\\/\\\/www.instagram.com\\\/nachofdezber\\\/\",\"https:\\\/\\\/www.youtube.com\\\/channel\\\/UCZP-2wLEB9Rv6erhFmqVnvg\"]},{\"@type\":\"WebPage\",\"@id\":\"https:\\\/\\\/candas365.es\\\/noticias\\\/muestra-rinde-homenaje-al-espiritu-inventivo-en-tiempos-de-la-rda\\\/#webpage\",\"url\":\"https:\\\/\\\/candas365.es\\\/noticias\\\/muestra-rinde-homenaje-al-espiritu-inventivo-en-tiempos-de-la-rda\\\/\",\"name\":\"Muestra rinde homenaje al esp\\u00edritu inventivo en tiempos de la RDA | Cand\\u00e1s 365\",\"description\":\"Jena (Alemania), 21 jun (dpa) - \\\"Hazlo t\\u00fa mismo\\\" era una de las premisas caracter\\u00edsticas t\\u00edpicas de la vida en tiempos del comunismo, donde toda la fabricaci\\u00f3n estaba controlada por bur\\u00f3cratas - pero no as\\u00ed la demanda del mercado. De esta manera la gente ten\\u00eda que ingeni\\u00e1rselas por s\\u00ed misma para conseguir lo que las\",\"inLanguage\":\"es-ES\",\"isPartOf\":{\"@id\":\"https:\\\/\\\/candas365.es\\\/noticias\\\/#website\"},\"breadcrumb\":{\"@id\":\"https:\\\/\\\/candas365.es\\\/noticias\\\/muestra-rinde-homenaje-al-espiritu-inventivo-en-tiempos-de-la-rda\\\/#breadcrumblist\"},\"author\":{\"@id\":\"https:\\\/\\\/candas365.es\\\/noticias\\\/author\\\/admin\\\/#author\"},\"creator\":{\"@id\":\"https:\\\/\\\/candas365.es\\\/noticias\\\/author\\\/admin\\\/#author\"},\"image\":{\"@type\":\"ImageObject\",\"url\":\"https:\\\/\\\/candas365.es\\\/noticias\\\/wp-content\\\/uploads\\\/2015\\\/09\\\/c365noticias.jpg\",\"@id\":\"https:\\\/\\\/candas365.es\\\/noticias\\\/muestra-rinde-homenaje-al-espiritu-inventivo-en-tiempos-de-la-rda\\\/#mainImage\",\"width\":655,\"height\":360},\"primaryImageOfPage\":{\"@id\":\"https:\\\/\\\/candas365.es\\\/noticias\\\/muestra-rinde-homenaje-al-espiritu-inventivo-en-tiempos-de-la-rda\\\/#mainImage\"},\"datePublished\":\"2016-06-22T01:37:49+02:00\",\"dateModified\":\"2016-06-22T01:37:49+02:00\"},{\"@type\":\"WebSite\",\"@id\":\"https:\\\/\\\/candas365.es\\\/noticias\\\/#website\",\"url\":\"https:\\\/\\\/candas365.es\\\/noticias\\\/\",\"name\":\"Cand\\u00e1s 365\",\"alternateName\":\"Cand\\u00e1s 365 Noticias\",\"description\":\"Actualidad desde Carre\\u00f1o para el mundo\",\"inLanguage\":\"es-ES\",\"publisher\":{\"@id\":\"https:\\\/\\\/candas365.es\\\/noticias\\\/#organization\"}}]}\n\t\t<\/script>\n\t\t<!-- All in One SEO Pro -->\r\n\t\t<title>Muestra rinde homenaje al esp\u00edritu inventivo en tiempos de la RDA | Cand\u00e1s 365<\/title>\n\n","aioseo_head_json":{"title":"Muestra rinde homenaje al esp\u00edritu inventivo en tiempos de la RDA | Cand\u00e1s 365","description":"Jena (Alemania), 21 jun (dpa) - \"Hazlo t\u00fa mismo\" era una de las premisas caracter\u00edsticas t\u00edpicas de la vida en tiempos del comunismo, donde toda la fabricaci\u00f3n estaba controlada por bur\u00f3cratas - pero no as\u00ed la demanda del mercado. De esta manera la gente ten\u00eda que ingeni\u00e1rselas por s\u00ed misma para conseguir lo que las","canonical_url":"https:\/\/candas365.es\/noticias\/muestra-rinde-homenaje-al-espiritu-inventivo-en-tiempos-de-la-rda\/","robots":"max-image-preview:large","keywords":"actualidad","webmasterTools":{"google-site-verification":"UA-32230408-1","msvalidate.01":"354F3CDFB2DA171B47FBE9ABF1F88D5","miscellaneous":""},"schema":{"@context":"https:\/\/schema.org","@graph":[{"@type":"BreadcrumbList","@id":"https:\/\/candas365.es\/noticias\/muestra-rinde-homenaje-al-espiritu-inventivo-en-tiempos-de-la-rda\/#breadcrumblist","itemListElement":[{"@type":"ListItem","@id":"https:\/\/candas365.es\/noticias#listItem","position":1,"name":"Home","item":"https:\/\/candas365.es\/noticias","nextItem":{"@type":"ListItem","@id":"https:\/\/candas365.es\/noticias\/category\/actualidad\/#listItem","name":"Actualidad"}},{"@type":"ListItem","@id":"https:\/\/candas365.es\/noticias\/category\/actualidad\/#listItem","position":2,"name":"Actualidad","item":"https:\/\/candas365.es\/noticias\/category\/actualidad\/","nextItem":{"@type":"ListItem","@id":"https:\/\/candas365.es\/noticias\/muestra-rinde-homenaje-al-espiritu-inventivo-en-tiempos-de-la-rda\/#listItem","name":"Muestra rinde homenaje al esp\u00edritu inventivo en tiempos de la RDA"},"previousItem":{"@type":"ListItem","@id":"https:\/\/candas365.es\/noticias#listItem","name":"Home"}},{"@type":"ListItem","@id":"https:\/\/candas365.es\/noticias\/muestra-rinde-homenaje-al-espiritu-inventivo-en-tiempos-de-la-rda\/#listItem","position":3,"name":"Muestra rinde homenaje al esp\u00edritu inventivo en tiempos de la RDA","previousItem":{"@type":"ListItem","@id":"https:\/\/candas365.es\/noticias\/category\/actualidad\/#listItem","name":"Actualidad"}}]},{"@type":"NewsArticle","@id":"https:\/\/candas365.es\/noticias\/muestra-rinde-homenaje-al-espiritu-inventivo-en-tiempos-de-la-rda\/#newsarticle","name":"Muestra rinde homenaje al esp\u00edritu inventivo en tiempos de la RDA | Cand\u00e1s 365","headline":"Muestra rinde homenaje al esp\u00edritu inventivo en tiempos de la RDA","author":{"@id":"https:\/\/candas365.es\/noticias\/author\/admin\/#author"},"publisher":{"@id":"https:\/\/candas365.es\/noticias\/#organization"},"image":{"@type":"ImageObject","url":"https:\/\/candas365.es\/noticias\/wp-content\/uploads\/2015\/09\/c365noticias.jpg","width":655,"height":360},"datePublished":"2016-06-22T01:37:49+02:00","dateModified":"2016-06-22T01:37:49+02:00","inLanguage":"es-ES","mainEntityOfPage":{"@id":"https:\/\/candas365.es\/noticias\/muestra-rinde-homenaje-al-espiritu-inventivo-en-tiempos-de-la-rda\/#webpage"},"isPartOf":{"@id":"https:\/\/candas365.es\/noticias\/muestra-rinde-homenaje-al-espiritu-inventivo-en-tiempos-de-la-rda\/#webpage"},"articleSection":"Actualidad","dateline":"Publicado el junio 22, 2016."},{"@type":"Organization","@id":"https:\/\/candas365.es\/noticias\/#organization","name":"Cand\u00e1s 365","description":"Cand\u00e1s 365 es un diario digital independiente, fundado en 2012, con base en Asturias. Informamos con rigor sobre actualidad, sociedad, cultura y ocio, con una mirada local y global.","url":"https:\/\/candas365.es\/noticias\/","email":"info@candas365.es","telephone":"+34652131393","foundingDate":"2012-06-10","logo":{"@type":"ImageObject","url":"https:\/\/candas365.es\/noticias\/wp-content\/uploads\/2024\/09\/Candas-365-Redes.jpg","@id":"https:\/\/candas365.es\/noticias\/muestra-rinde-homenaje-al-espiritu-inventivo-en-tiempos-de-la-rda\/#organizationLogo","width":1152,"height":864,"caption":"Cand\u00e1s 365 Redes"},"image":{"@id":"https:\/\/candas365.es\/noticias\/muestra-rinde-homenaje-al-espiritu-inventivo-en-tiempos-de-la-rda\/#organizationLogo"},"sameAs":["https:\/\/www.facebook.com\/Nachofdezber","https:\/\/x.com\/NabercoDigital","https:\/\/www.instagram.com\/nachofdezber\/","https:\/\/www.youtube.com\/channel\/UCZP-2wLEB9Rv6erhFmqVnvg"],"address":{"@id":"https:\/\/candas365.es\/noticias\/#postaladdress","@type":"PostalAddress","streetAddress":"san antonio 4, san antonio 4","postalCode":"33430","addressLocality":"Cand\u00e1s","addressRegion":"Asturias","addressCountry":"ES"}},{"@type":"Person","@id":"https:\/\/candas365.es\/noticias\/author\/admin\/#author","url":"https:\/\/candas365.es\/noticias\/author\/admin\/","name":"Cand\u00e1s 365","image":{"@type":"ImageObject","@id":"https:\/\/candas365.es\/noticias\/muestra-rinde-homenaje-al-espiritu-inventivo-en-tiempos-de-la-rda\/#authorImage","url":"https:\/\/secure.gravatar.com\/avatar\/496a8e03d0c493ede1718b7934145dbdf8d89be1036b0eec9544e1094c9de390?s=96&d=mm&r=g","width":96,"height":96,"caption":"Cand\u00e1s 365"},"sameAs":["https:\/\/www.facebook.com\/carrenoactualidad","https:\/\/twitter.com\/nbasturias","https:\/\/www.instagram.com\/nachofdezber\/","https:\/\/www.youtube.com\/channel\/UCZP-2wLEB9Rv6erhFmqVnvg"]},{"@type":"WebPage","@id":"https:\/\/candas365.es\/noticias\/muestra-rinde-homenaje-al-espiritu-inventivo-en-tiempos-de-la-rda\/#webpage","url":"https:\/\/candas365.es\/noticias\/muestra-rinde-homenaje-al-espiritu-inventivo-en-tiempos-de-la-rda\/","name":"Muestra rinde homenaje al esp\u00edritu inventivo en tiempos de la RDA | Cand\u00e1s 365","description":"Jena (Alemania), 21 jun (dpa) - \"Hazlo t\u00fa mismo\" era una de las premisas caracter\u00edsticas t\u00edpicas de la vida en tiempos del comunismo, donde toda la fabricaci\u00f3n estaba controlada por bur\u00f3cratas - pero no as\u00ed la demanda del mercado. De esta manera la gente ten\u00eda que ingeni\u00e1rselas por s\u00ed misma para conseguir lo que las","inLanguage":"es-ES","isPartOf":{"@id":"https:\/\/candas365.es\/noticias\/#website"},"breadcrumb":{"@id":"https:\/\/candas365.es\/noticias\/muestra-rinde-homenaje-al-espiritu-inventivo-en-tiempos-de-la-rda\/#breadcrumblist"},"author":{"@id":"https:\/\/candas365.es\/noticias\/author\/admin\/#author"},"creator":{"@id":"https:\/\/candas365.es\/noticias\/author\/admin\/#author"},"image":{"@type":"ImageObject","url":"https:\/\/candas365.es\/noticias\/wp-content\/uploads\/2015\/09\/c365noticias.jpg","@id":"https:\/\/candas365.es\/noticias\/muestra-rinde-homenaje-al-espiritu-inventivo-en-tiempos-de-la-rda\/#mainImage","width":655,"height":360},"primaryImageOfPage":{"@id":"https:\/\/candas365.es\/noticias\/muestra-rinde-homenaje-al-espiritu-inventivo-en-tiempos-de-la-rda\/#mainImage"},"datePublished":"2016-06-22T01:37:49+02:00","dateModified":"2016-06-22T01:37:49+02:00"},{"@type":"WebSite","@id":"https:\/\/candas365.es\/noticias\/#website","url":"https:\/\/candas365.es\/noticias\/","name":"Cand\u00e1s 365","alternateName":"Cand\u00e1s 365 Noticias","description":"Actualidad desde Carre\u00f1o para el mundo","inLanguage":"es-ES","publisher":{"@id":"https:\/\/candas365.es\/noticias\/#organization"}}]},"og:locale":"es_ES","og:site_name":"Cand\u00e1s 365","og:type":"article","og:title":"Muestra rinde homenaje al esp\u00edritu inventivo en tiempos de la RDA | Cand\u00e1s 365","og:description":"Jena (Alemania), 21 jun (dpa) - &quot;Hazlo t\u00fa mismo&quot; era una de las premisas caracter\u00edsticas t\u00edpicas de la vida en tiempos del comunismo, donde toda la fabricaci\u00f3n estaba controlada por bur\u00f3cratas - pero no as\u00ed la demanda del mercado. De esta manera la gente ten\u00eda que ingeni\u00e1rselas por s\u00ed misma para conseguir lo que las","og:url":"https:\/\/candas365.es\/noticias\/muestra-rinde-homenaje-al-espiritu-inventivo-en-tiempos-de-la-rda\/","og:image":"https:\/\/candas365.es\/noticias\/wp-content\/uploads\/2015\/09\/c365noticias.jpg","og:image:secure_url":"https:\/\/candas365.es\/noticias\/wp-content\/uploads\/2015\/09\/c365noticias.jpg","og:image:width":655,"og:image:height":360,"article:published_time":"2016-06-22T00:07:49+00:00","article:modified_time":"2016-06-22T00:07:49+00:00","article:publisher":"https:\/\/www.facebook.com\/Nachofdezber","article:author":"https:\/\/www.facebook.com\/carrenoactualidad","twitter:card":"summary_large_image","twitter:site":"@NabercoDigital","twitter:title":"Muestra rinde homenaje al esp\u00edritu inventivo en tiempos de la RDA | Cand\u00e1s 365","twitter:description":"Jena (Alemania), 21 jun (dpa) - &quot;Hazlo t\u00fa mismo&quot; era una de las premisas caracter\u00edsticas t\u00edpicas de la vida en tiempos del comunismo, donde toda la fabricaci\u00f3n estaba controlada por bur\u00f3cratas - pero no as\u00ed la demanda del mercado. De esta manera la gente ten\u00eda que ingeni\u00e1rselas por s\u00ed misma para conseguir lo que las","twitter:creator":"@nbasturias","twitter:image":"https:\/\/candas365.es\/noticias\/wp-content\/uploads\/2015\/09\/c365noticias.jpg","twitter:label1":"Escrito por","twitter:data1":"Cand\u00e1s 365","twitter:label2":"Tiempo de lectura estimado","twitter:data2":"1 minuto"},"aioseo_meta_data":{"post_id":"30971","title":null,"description":null,"keywords":null,"keyphrases":null,"primary_term":null,"canonical_url":null,"og_title":null,"og_description":null,"og_object_type":"default","og_image_type":"default","og_image_url":null,"og_image_width":null,"og_image_height":null,"og_image_custom_url":null,"og_image_custom_fields":null,"og_video":null,"og_custom_url":null,"og_article_section":null,"og_article_tags":null,"twitter_use_og":false,"twitter_card":"default","twitter_image_type":"default","twitter_image_url":null,"twitter_image_custom_url":null,"twitter_image_custom_fields":null,"twitter_title":null,"twitter_description":null,"schema":{"blockGraphs":[],"customGraphs":[],"default":{"data":{"Article":[],"Course":[],"Dataset":[],"FAQPage":[],"Movie":[],"Person":[],"Product":[],"ProductReview":[],"Car":[],"Recipe":[],"Service":[],"SoftwareApplication":[],"WebPage":[]},"graphName":"","isEnabled":true},"graphs":[]},"schema_type":null,"schema_type_options":null,"pillar_content":false,"robots_default":true,"robots_noindex":false,"robots_noarchive":false,"robots_nosnippet":false,"robots_nofollow":false,"robots_noimageindex":false,"robots_noodp":false,"robots_notranslate":false,"robots_max_snippet":null,"robots_max_videopreview":null,"robots_max_imagepreview":"large","priority":null,"frequency":null,"location":null,"local_seo":null,"seo_analyzer_scan_date":"2025-08-24 13:14:12","breadcrumb_settings":null,"limit_modified_date":false,"reviewed_by":null,"open_ai":null,"ai":null,"created":"2020-12-21 12:59:47","updated":"2025-08-24 13:14:12"},"aioseo_breadcrumb":"<div class=\"aioseo-breadcrumbs\"><span class=\"aioseo-breadcrumb\">\n\t<a href=\"https:\/\/candas365.es\/noticias\" title=\"Home\">Home<\/a>\n<\/span><span class=\"aioseo-breadcrumb-separator\">&ndash;<\/span><span class=\"aioseo-breadcrumb\">\n\t<a href=\"https:\/\/candas365.es\/noticias\/category\/actualidad\/\" title=\"Actualidad\">Actualidad<\/a>\n<\/span><span class=\"aioseo-breadcrumb-separator\">&ndash;<\/span><span class=\"aioseo-breadcrumb\">\n\tMuestra rinde homenaje al esp\u00edritu inventivo en tiempos de la RDA\n<\/span><\/div>","aioseo_breadcrumb_json":[{"label":"Home","link":"https:\/\/candas365.es\/noticias"},{"label":"Actualidad","link":"https:\/\/candas365.es\/noticias\/category\/actualidad\/"},{"label":"Muestra rinde homenaje al esp\u00edritu inventivo en tiempos de la RDA","link":"https:\/\/candas365.es\/noticias\/muestra-rinde-homenaje-al-espiritu-inventivo-en-tiempos-de-la-rda\/"}],"_links":{"self":[{"href":"https:\/\/candas365.es\/noticias\/wp-json\/wp\/v2\/posts\/30971","targetHints":{"allow":["GET"]}}],"collection":[{"href":"https:\/\/candas365.es\/noticias\/wp-json\/wp\/v2\/posts"}],"about":[{"href":"https:\/\/candas365.es\/noticias\/wp-json\/wp\/v2\/types\/post"}],"author":[{"embeddable":true,"href":"https:\/\/candas365.es\/noticias\/wp-json\/wp\/v2\/users\/1"}],"replies":[{"embeddable":true,"href":"https:\/\/candas365.es\/noticias\/wp-json\/wp\/v2\/comments?post=30971"}],"version-history":[{"count":0,"href":"https:\/\/candas365.es\/noticias\/wp-json\/wp\/v2\/posts\/30971\/revisions"}],"wp:featuredmedia":[{"embeddable":true,"href":"https:\/\/candas365.es\/noticias\/wp-json\/wp\/v2\/media\/16457"}],"wp:attachment":[{"href":"https:\/\/candas365.es\/noticias\/wp-json\/wp\/v2\/media?parent=30971"}],"wp:term":[{"taxonomy":"category","embeddable":true,"href":"https:\/\/candas365.es\/noticias\/wp-json\/wp\/v2\/categories?post=30971"},{"taxonomy":"post_tag","embeddable":true,"href":"https:\/\/candas365.es\/noticias\/wp-json\/wp\/v2\/tags?post=30971"}],"curies":[{"name":"wp","href":"https:\/\/api.w.org\/{rel}","templated":true}]}}