{"id":30969,"date":"2016-06-22T01:36:56","date_gmt":"2016-06-22T00:06:56","guid":{"rendered":"http:\/\/candas365.es\/noticias\/?p=30969"},"modified":"2016-06-22T01:36:56","modified_gmt":"2016-06-22T00:06:56","slug":"clement-sera-la-mano-derecha-de-ancelotti-en-el-bayern-munich","status":"publish","type":"post","link":"https:\/\/candas365.es\/noticias\/clement-sera-la-mano-derecha-de-ancelotti-en-el-bayern-munich\/","title":{"rendered":"Clement ser\u00e1 la mano derecha de Ancelotti en el Bayern M\u00fanich"},"content":{"rendered":"<p>Berl\u00edn, 21 jun (dpa) &#8211; El nuevo entrenador del Bayern M\u00fanich, el italiano Carlo Ancelotti, contar\u00e1 con Paul Clement y Hermann Gerland como asistentes en su nueva etapa en la capital b\u00e1vara, inform\u00f3 hoy el campe\u00f3n del f\u00fatbol alem\u00e1n.<\/p>\n<p>El ingl\u00e9s Clement, quien ya fue segundo entrenador de Ancelotti en el Chelsea, en el Paris St. Germain y en el Real Madrid, tambi\u00e9n ser\u00e1 la mano derecha del t\u00e9cnico italiano en el banquillo del Bayern.<\/p>\n<p>Gerland, por su parte, continuar\u00e1 perteneciendo al cuadro t\u00e9cnico del Bayern y seguir\u00e1 teniendo el mismo papel que tuvo junto a los anteriores entrenadores Louis van Gaal, Jupp Heynckes y Josep Guardiola.<\/p>\n<p>En la preparaci\u00f3n f\u00edsica, Ancelotti, que comenzar\u00e1 la pretemporada en poco m\u00e1s de tres semanas, contar\u00e1 con Giovanni Mauri, as\u00ed como con Davide Ancelotti y Francesco Mauri, hijos del primero y del segundo, respectivamente. <\/p>\n<p>Mientras, Mino Fulco ser\u00e1 el responsable del \u00e1rea de nutrici\u00f3n deportiva de la plantilla del Bayern.<\/p>\n","protected":false},"excerpt":{"rendered":"<p>Berl\u00edn, 21 jun (dpa) &#8211; El nuevo entrenador del Bayern M\u00fanich, el italiano Carlo Ancelotti, contar\u00e1 con Paul Clement y Hermann Gerland como asistentes en su nueva etapa en la capital b\u00e1vara, inform\u00f3 hoy el campe\u00f3n del f\u00fatbol alem\u00e1n. El ingl\u00e9s Clement, quien ya fue segundo entrenador de Ancelotti en el Chelsea, en el Paris<\/p>\n","protected":false},"author":1,"featured_media":21654,"comment_status":"closed","ping_status":"closed","sticky":false,"template":"","format":"standard","meta":{"footnotes":""},"categories":[343],"tags":[],"class_list":{"0":"post-30969","1":"post","2":"type-post","3":"status-publish","4":"format-standard","5":"has-post-thumbnail","7":"category-actualidad"},"aioseo_notices":[],"aioseo_head":"\n\t\t<!-- All in One SEO Pro 4.9.6.2 - aioseo.com -->\n\t<meta name=\"description\" content=\"Berl\u00edn, 21 jun (dpa) - El nuevo entrenador del Bayern M\u00fanich, el italiano Carlo Ancelotti, contar\u00e1 con Paul Clement y Hermann Gerland como asistentes en su nueva etapa en la capital b\u00e1vara, inform\u00f3 hoy el campe\u00f3n del f\u00fatbol alem\u00e1n. El ingl\u00e9s Clement, quien ya fue segundo entrenador de Ancelotti en el Chelsea, en el Paris\" \/>\n\t<meta name=\"robots\" content=\"max-image-preview:large\" \/>\n\t<meta name=\"author\" content=\"Cand\u00e1s 365\"\/>\n\t<meta name=\"google-site-verification\" content=\"UA-32230408-1\" \/>\n\t<meta name=\"msvalidate.01\" content=\"354F3CDFB2DA171B47FBE9ABF1F88D5\" \/>\n\t<meta name=\"keywords\" content=\"actualidad\" \/>\n\t<link rel=\"canonical\" href=\"https:\/\/candas365.es\/noticias\/clement-sera-la-mano-derecha-de-ancelotti-en-el-bayern-munich\/\" \/>\n\t<meta name=\"generator\" content=\"All in One SEO Pro (AIOSEO) 4.9.6.2\" \/>\n\t\t<meta property=\"og:locale\" content=\"es_ES\" \/>\n\t\t<meta property=\"og:site_name\" content=\"Cand\u00e1s 365\" \/>\n\t\t<meta property=\"og:type\" content=\"article\" \/>\n\t\t<meta property=\"og:title\" content=\"Clement ser\u00e1 la mano derecha de Ancelotti en el Bayern M\u00fanich | Cand\u00e1s 365\" \/>\n\t\t<meta property=\"og:description\" content=\"Berl\u00edn, 21 jun (dpa) - El nuevo entrenador del Bayern M\u00fanich, el italiano Carlo Ancelotti, contar\u00e1 con Paul Clement y Hermann Gerland como asistentes en su nueva etapa en la capital b\u00e1vara, inform\u00f3 hoy el campe\u00f3n del f\u00fatbol alem\u00e1n. El ingl\u00e9s Clement, quien ya fue segundo entrenador de Ancelotti en el Chelsea, en el Paris\" \/>\n\t\t<meta property=\"og:url\" content=\"https:\/\/candas365.es\/noticias\/clement-sera-la-mano-derecha-de-ancelotti-en-el-bayern-munich\/\" \/>\n\t\t<meta property=\"og:image\" content=\"https:\/\/candas365.es\/noticias\/wp-content\/uploads\/2015\/12\/bayern.jpg\" \/>\n\t\t<meta property=\"og:image:secure_url\" content=\"https:\/\/candas365.es\/noticias\/wp-content\/uploads\/2015\/12\/bayern.jpg\" \/>\n\t\t<meta property=\"og:image:width\" content=\"655\" \/>\n\t\t<meta property=\"og:image:height\" content=\"360\" \/>\n\t\t<meta property=\"article:published_time\" content=\"2016-06-22T00:06:56+00:00\" \/>\n\t\t<meta property=\"article:modified_time\" content=\"2016-06-22T00:06:56+00:00\" \/>\n\t\t<meta property=\"article:publisher\" content=\"https:\/\/www.facebook.com\/Nachofdezber\" \/>\n\t\t<meta property=\"article:author\" content=\"https:\/\/www.facebook.com\/carrenoactualidad\" \/>\n\t\t<meta name=\"twitter:card\" content=\"summary_large_image\" \/>\n\t\t<meta name=\"twitter:site\" content=\"@NabercoDigital\" \/>\n\t\t<meta name=\"twitter:title\" content=\"Clement ser\u00e1 la mano derecha de Ancelotti en el Bayern M\u00fanich | Cand\u00e1s 365\" \/>\n\t\t<meta name=\"twitter:description\" content=\"Berl\u00edn, 21 jun (dpa) - El nuevo entrenador del Bayern M\u00fanich, el italiano Carlo Ancelotti, contar\u00e1 con Paul Clement y Hermann Gerland como asistentes en su nueva etapa en la capital b\u00e1vara, inform\u00f3 hoy el campe\u00f3n del f\u00fatbol alem\u00e1n. El ingl\u00e9s Clement, quien ya fue segundo entrenador de Ancelotti en el Chelsea, en el Paris\" \/>\n\t\t<meta name=\"twitter:creator\" content=\"@nbasturias\" \/>\n\t\t<meta name=\"twitter:image\" content=\"https:\/\/candas365.es\/noticias\/wp-content\/uploads\/2015\/12\/bayern.jpg\" \/>\n\t\t<meta name=\"twitter:label1\" content=\"Escrito por\" \/>\n\t\t<meta name=\"twitter:data1\" content=\"Cand\u00e1s 365\" \/>\n\t\t<meta name=\"twitter:label2\" content=\"Tiempo de lectura estimado\" \/>\n\t\t<meta name=\"twitter:data2\" content=\"1 minuto\" \/>\n\t\t<script type=\"application\/ld+json\" class=\"aioseo-schema\">\n\t\t\t{\"@context\":\"https:\\\/\\\/schema.org\",\"@graph\":[{\"@type\":\"BreadcrumbList\",\"@id\":\"https:\\\/\\\/candas365.es\\\/noticias\\\/clement-sera-la-mano-derecha-de-ancelotti-en-el-bayern-munich\\\/#breadcrumblist\",\"itemListElement\":[{\"@type\":\"ListItem\",\"@id\":\"https:\\\/\\\/candas365.es\\\/noticias#listItem\",\"position\":1,\"name\":\"Home\",\"item\":\"https:\\\/\\\/candas365.es\\\/noticias\",\"nextItem\":{\"@type\":\"ListItem\",\"@id\":\"https:\\\/\\\/candas365.es\\\/noticias\\\/category\\\/actualidad\\\/#listItem\",\"name\":\"Actualidad\"}},{\"@type\":\"ListItem\",\"@id\":\"https:\\\/\\\/candas365.es\\\/noticias\\\/category\\\/actualidad\\\/#listItem\",\"position\":2,\"name\":\"Actualidad\",\"item\":\"https:\\\/\\\/candas365.es\\\/noticias\\\/category\\\/actualidad\\\/\",\"nextItem\":{\"@type\":\"ListItem\",\"@id\":\"https:\\\/\\\/candas365.es\\\/noticias\\\/clement-sera-la-mano-derecha-de-ancelotti-en-el-bayern-munich\\\/#listItem\",\"name\":\"Clement ser\\u00e1 la mano derecha de Ancelotti en el Bayern M\\u00fanich\"},\"previousItem\":{\"@type\":\"ListItem\",\"@id\":\"https:\\\/\\\/candas365.es\\\/noticias#listItem\",\"name\":\"Home\"}},{\"@type\":\"ListItem\",\"@id\":\"https:\\\/\\\/candas365.es\\\/noticias\\\/clement-sera-la-mano-derecha-de-ancelotti-en-el-bayern-munich\\\/#listItem\",\"position\":3,\"name\":\"Clement ser\\u00e1 la mano derecha de Ancelotti en el Bayern M\\u00fanich\",\"previousItem\":{\"@type\":\"ListItem\",\"@id\":\"https:\\\/\\\/candas365.es\\\/noticias\\\/category\\\/actualidad\\\/#listItem\",\"name\":\"Actualidad\"}}]},{\"@type\":\"NewsArticle\",\"@id\":\"https:\\\/\\\/candas365.es\\\/noticias\\\/clement-sera-la-mano-derecha-de-ancelotti-en-el-bayern-munich\\\/#newsarticle\",\"name\":\"Clement ser\\u00e1 la mano derecha de Ancelotti en el Bayern M\\u00fanich | Cand\\u00e1s 365\",\"headline\":\"Clement ser\\u00e1 la mano derecha de Ancelotti en el Bayern M\\u00fanich\",\"author\":{\"@id\":\"https:\\\/\\\/candas365.es\\\/noticias\\\/author\\\/admin\\\/#author\"},\"publisher\":{\"@id\":\"https:\\\/\\\/candas365.es\\\/noticias\\\/#organization\"},\"image\":{\"@type\":\"ImageObject\",\"url\":\"https:\\\/\\\/candas365.es\\\/noticias\\\/wp-content\\\/uploads\\\/2015\\\/12\\\/bayern.jpg\",\"width\":655,\"height\":360},\"datePublished\":\"2016-06-22T01:36:56+02:00\",\"dateModified\":\"2016-06-22T01:36:56+02:00\",\"inLanguage\":\"es-ES\",\"mainEntityOfPage\":{\"@id\":\"https:\\\/\\\/candas365.es\\\/noticias\\\/clement-sera-la-mano-derecha-de-ancelotti-en-el-bayern-munich\\\/#webpage\"},\"isPartOf\":{\"@id\":\"https:\\\/\\\/candas365.es\\\/noticias\\\/clement-sera-la-mano-derecha-de-ancelotti-en-el-bayern-munich\\\/#webpage\"},\"articleSection\":\"Actualidad\",\"dateline\":\"Publicado el junio 22, 2016.\"},{\"@type\":\"Organization\",\"@id\":\"https:\\\/\\\/candas365.es\\\/noticias\\\/#organization\",\"name\":\"Cand\\u00e1s 365\",\"description\":\"Cand\\u00e1s 365 es un diario digital independiente, fundado en 2012, con base en Asturias. Informamos con rigor sobre actualidad, sociedad, cultura y ocio, con una mirada local y global.\",\"url\":\"https:\\\/\\\/candas365.es\\\/noticias\\\/\",\"email\":\"info@candas365.es\",\"telephone\":\"+34652131393\",\"foundingDate\":\"2012-06-10\",\"logo\":{\"@type\":\"ImageObject\",\"url\":\"https:\\\/\\\/candas365.es\\\/noticias\\\/wp-content\\\/uploads\\\/2024\\\/09\\\/Candas-365-Redes.jpg\",\"@id\":\"https:\\\/\\\/candas365.es\\\/noticias\\\/clement-sera-la-mano-derecha-de-ancelotti-en-el-bayern-munich\\\/#organizationLogo\",\"width\":1152,\"height\":864,\"caption\":\"Cand\\u00e1s 365 Redes\"},\"image\":{\"@id\":\"https:\\\/\\\/candas365.es\\\/noticias\\\/clement-sera-la-mano-derecha-de-ancelotti-en-el-bayern-munich\\\/#organizationLogo\"},\"sameAs\":[\"https:\\\/\\\/www.facebook.com\\\/Nachofdezber\",\"https:\\\/\\\/x.com\\\/NabercoDigital\",\"https:\\\/\\\/www.instagram.com\\\/nachofdezber\\\/\",\"https:\\\/\\\/www.youtube.com\\\/channel\\\/UCZP-2wLEB9Rv6erhFmqVnvg\"],\"address\":{\"@id\":\"https:\\\/\\\/candas365.es\\\/noticias\\\/#postaladdress\",\"@type\":\"PostalAddress\",\"streetAddress\":\"san antonio 4, san antonio 4\",\"postalCode\":\"33430\",\"addressLocality\":\"Cand\\u00e1s\",\"addressRegion\":\"Asturias\",\"addressCountry\":\"ES\"}},{\"@type\":\"Person\",\"@id\":\"https:\\\/\\\/candas365.es\\\/noticias\\\/author\\\/admin\\\/#author\",\"url\":\"https:\\\/\\\/candas365.es\\\/noticias\\\/author\\\/admin\\\/\",\"name\":\"Cand\\u00e1s 365\",\"image\":{\"@type\":\"ImageObject\",\"@id\":\"https:\\\/\\\/candas365.es\\\/noticias\\\/clement-sera-la-mano-derecha-de-ancelotti-en-el-bayern-munich\\\/#authorImage\",\"url\":\"https:\\\/\\\/secure.gravatar.com\\\/avatar\\\/496a8e03d0c493ede1718b7934145dbdf8d89be1036b0eec9544e1094c9de390?s=96&d=mm&r=g\",\"width\":96,\"height\":96,\"caption\":\"Cand\\u00e1s 365\"},\"sameAs\":[\"https:\\\/\\\/www.facebook.com\\\/carrenoactualidad\",\"https:\\\/\\\/twitter.com\\\/nbasturias\",\"https:\\\/\\\/www.instagram.com\\\/nachofdezber\\\/\",\"https:\\\/\\\/www.youtube.com\\\/channel\\\/UCZP-2wLEB9Rv6erhFmqVnvg\"]},{\"@type\":\"WebPage\",\"@id\":\"https:\\\/\\\/candas365.es\\\/noticias\\\/clement-sera-la-mano-derecha-de-ancelotti-en-el-bayern-munich\\\/#webpage\",\"url\":\"https:\\\/\\\/candas365.es\\\/noticias\\\/clement-sera-la-mano-derecha-de-ancelotti-en-el-bayern-munich\\\/\",\"name\":\"Clement ser\\u00e1 la mano derecha de Ancelotti en el Bayern M\\u00fanich | Cand\\u00e1s 365\",\"description\":\"Berl\\u00edn, 21 jun (dpa) - El nuevo entrenador del Bayern M\\u00fanich, el italiano Carlo Ancelotti, contar\\u00e1 con Paul Clement y Hermann Gerland como asistentes en su nueva etapa en la capital b\\u00e1vara, inform\\u00f3 hoy el campe\\u00f3n del f\\u00fatbol alem\\u00e1n. El ingl\\u00e9s Clement, quien ya fue segundo entrenador de Ancelotti en el Chelsea, en el Paris\",\"inLanguage\":\"es-ES\",\"isPartOf\":{\"@id\":\"https:\\\/\\\/candas365.es\\\/noticias\\\/#website\"},\"breadcrumb\":{\"@id\":\"https:\\\/\\\/candas365.es\\\/noticias\\\/clement-sera-la-mano-derecha-de-ancelotti-en-el-bayern-munich\\\/#breadcrumblist\"},\"author\":{\"@id\":\"https:\\\/\\\/candas365.es\\\/noticias\\\/author\\\/admin\\\/#author\"},\"creator\":{\"@id\":\"https:\\\/\\\/candas365.es\\\/noticias\\\/author\\\/admin\\\/#author\"},\"image\":{\"@type\":\"ImageObject\",\"url\":\"https:\\\/\\\/candas365.es\\\/noticias\\\/wp-content\\\/uploads\\\/2015\\\/12\\\/bayern.jpg\",\"@id\":\"https:\\\/\\\/candas365.es\\\/noticias\\\/clement-sera-la-mano-derecha-de-ancelotti-en-el-bayern-munich\\\/#mainImage\",\"width\":655,\"height\":360},\"primaryImageOfPage\":{\"@id\":\"https:\\\/\\\/candas365.es\\\/noticias\\\/clement-sera-la-mano-derecha-de-ancelotti-en-el-bayern-munich\\\/#mainImage\"},\"datePublished\":\"2016-06-22T01:36:56+02:00\",\"dateModified\":\"2016-06-22T01:36:56+02:00\"},{\"@type\":\"WebSite\",\"@id\":\"https:\\\/\\\/candas365.es\\\/noticias\\\/#website\",\"url\":\"https:\\\/\\\/candas365.es\\\/noticias\\\/\",\"name\":\"Cand\\u00e1s 365\",\"alternateName\":\"Cand\\u00e1s 365 Noticias\",\"description\":\"Actualidad desde Carre\\u00f1o para el mundo\",\"inLanguage\":\"es-ES\",\"publisher\":{\"@id\":\"https:\\\/\\\/candas365.es\\\/noticias\\\/#organization\"}}]}\n\t\t<\/script>\n\t\t<!-- All in One SEO Pro -->\r\n\t\t<title>Clement ser\u00e1 la mano derecha de Ancelotti en el Bayern M\u00fanich | Cand\u00e1s 365<\/title>\n\n","aioseo_head_json":{"title":"Clement ser\u00e1 la mano derecha de Ancelotti en el Bayern M\u00fanich | Cand\u00e1s 365","description":"Berl\u00edn, 21 jun (dpa) - El nuevo entrenador del Bayern M\u00fanich, el italiano Carlo Ancelotti, contar\u00e1 con Paul Clement y Hermann Gerland como asistentes en su nueva etapa en la capital b\u00e1vara, inform\u00f3 hoy el campe\u00f3n del f\u00fatbol alem\u00e1n. El ingl\u00e9s Clement, quien ya fue segundo entrenador de Ancelotti en el Chelsea, en el Paris","canonical_url":"https:\/\/candas365.es\/noticias\/clement-sera-la-mano-derecha-de-ancelotti-en-el-bayern-munich\/","robots":"max-image-preview:large","keywords":"actualidad","webmasterTools":{"google-site-verification":"UA-32230408-1","msvalidate.01":"354F3CDFB2DA171B47FBE9ABF1F88D5","miscellaneous":""},"schema":{"@context":"https:\/\/schema.org","@graph":[{"@type":"BreadcrumbList","@id":"https:\/\/candas365.es\/noticias\/clement-sera-la-mano-derecha-de-ancelotti-en-el-bayern-munich\/#breadcrumblist","itemListElement":[{"@type":"ListItem","@id":"https:\/\/candas365.es\/noticias#listItem","position":1,"name":"Home","item":"https:\/\/candas365.es\/noticias","nextItem":{"@type":"ListItem","@id":"https:\/\/candas365.es\/noticias\/category\/actualidad\/#listItem","name":"Actualidad"}},{"@type":"ListItem","@id":"https:\/\/candas365.es\/noticias\/category\/actualidad\/#listItem","position":2,"name":"Actualidad","item":"https:\/\/candas365.es\/noticias\/category\/actualidad\/","nextItem":{"@type":"ListItem","@id":"https:\/\/candas365.es\/noticias\/clement-sera-la-mano-derecha-de-ancelotti-en-el-bayern-munich\/#listItem","name":"Clement ser\u00e1 la mano derecha de Ancelotti en el Bayern M\u00fanich"},"previousItem":{"@type":"ListItem","@id":"https:\/\/candas365.es\/noticias#listItem","name":"Home"}},{"@type":"ListItem","@id":"https:\/\/candas365.es\/noticias\/clement-sera-la-mano-derecha-de-ancelotti-en-el-bayern-munich\/#listItem","position":3,"name":"Clement ser\u00e1 la mano derecha de Ancelotti en el Bayern M\u00fanich","previousItem":{"@type":"ListItem","@id":"https:\/\/candas365.es\/noticias\/category\/actualidad\/#listItem","name":"Actualidad"}}]},{"@type":"NewsArticle","@id":"https:\/\/candas365.es\/noticias\/clement-sera-la-mano-derecha-de-ancelotti-en-el-bayern-munich\/#newsarticle","name":"Clement ser\u00e1 la mano derecha de Ancelotti en el Bayern M\u00fanich | Cand\u00e1s 365","headline":"Clement ser\u00e1 la mano derecha de Ancelotti en el Bayern M\u00fanich","author":{"@id":"https:\/\/candas365.es\/noticias\/author\/admin\/#author"},"publisher":{"@id":"https:\/\/candas365.es\/noticias\/#organization"},"image":{"@type":"ImageObject","url":"https:\/\/candas365.es\/noticias\/wp-content\/uploads\/2015\/12\/bayern.jpg","width":655,"height":360},"datePublished":"2016-06-22T01:36:56+02:00","dateModified":"2016-06-22T01:36:56+02:00","inLanguage":"es-ES","mainEntityOfPage":{"@id":"https:\/\/candas365.es\/noticias\/clement-sera-la-mano-derecha-de-ancelotti-en-el-bayern-munich\/#webpage"},"isPartOf":{"@id":"https:\/\/candas365.es\/noticias\/clement-sera-la-mano-derecha-de-ancelotti-en-el-bayern-munich\/#webpage"},"articleSection":"Actualidad","dateline":"Publicado el junio 22, 2016."},{"@type":"Organization","@id":"https:\/\/candas365.es\/noticias\/#organization","name":"Cand\u00e1s 365","description":"Cand\u00e1s 365 es un diario digital independiente, fundado en 2012, con base en Asturias. Informamos con rigor sobre actualidad, sociedad, cultura y ocio, con una mirada local y global.","url":"https:\/\/candas365.es\/noticias\/","email":"info@candas365.es","telephone":"+34652131393","foundingDate":"2012-06-10","logo":{"@type":"ImageObject","url":"https:\/\/candas365.es\/noticias\/wp-content\/uploads\/2024\/09\/Candas-365-Redes.jpg","@id":"https:\/\/candas365.es\/noticias\/clement-sera-la-mano-derecha-de-ancelotti-en-el-bayern-munich\/#organizationLogo","width":1152,"height":864,"caption":"Cand\u00e1s 365 Redes"},"image":{"@id":"https:\/\/candas365.es\/noticias\/clement-sera-la-mano-derecha-de-ancelotti-en-el-bayern-munich\/#organizationLogo"},"sameAs":["https:\/\/www.facebook.com\/Nachofdezber","https:\/\/x.com\/NabercoDigital","https:\/\/www.instagram.com\/nachofdezber\/","https:\/\/www.youtube.com\/channel\/UCZP-2wLEB9Rv6erhFmqVnvg"],"address":{"@id":"https:\/\/candas365.es\/noticias\/#postaladdress","@type":"PostalAddress","streetAddress":"san antonio 4, san antonio 4","postalCode":"33430","addressLocality":"Cand\u00e1s","addressRegion":"Asturias","addressCountry":"ES"}},{"@type":"Person","@id":"https:\/\/candas365.es\/noticias\/author\/admin\/#author","url":"https:\/\/candas365.es\/noticias\/author\/admin\/","name":"Cand\u00e1s 365","image":{"@type":"ImageObject","@id":"https:\/\/candas365.es\/noticias\/clement-sera-la-mano-derecha-de-ancelotti-en-el-bayern-munich\/#authorImage","url":"https:\/\/secure.gravatar.com\/avatar\/496a8e03d0c493ede1718b7934145dbdf8d89be1036b0eec9544e1094c9de390?s=96&d=mm&r=g","width":96,"height":96,"caption":"Cand\u00e1s 365"},"sameAs":["https:\/\/www.facebook.com\/carrenoactualidad","https:\/\/twitter.com\/nbasturias","https:\/\/www.instagram.com\/nachofdezber\/","https:\/\/www.youtube.com\/channel\/UCZP-2wLEB9Rv6erhFmqVnvg"]},{"@type":"WebPage","@id":"https:\/\/candas365.es\/noticias\/clement-sera-la-mano-derecha-de-ancelotti-en-el-bayern-munich\/#webpage","url":"https:\/\/candas365.es\/noticias\/clement-sera-la-mano-derecha-de-ancelotti-en-el-bayern-munich\/","name":"Clement ser\u00e1 la mano derecha de Ancelotti en el Bayern M\u00fanich | Cand\u00e1s 365","description":"Berl\u00edn, 21 jun (dpa) - El nuevo entrenador del Bayern M\u00fanich, el italiano Carlo Ancelotti, contar\u00e1 con Paul Clement y Hermann Gerland como asistentes en su nueva etapa en la capital b\u00e1vara, inform\u00f3 hoy el campe\u00f3n del f\u00fatbol alem\u00e1n. El ingl\u00e9s Clement, quien ya fue segundo entrenador de Ancelotti en el Chelsea, en el Paris","inLanguage":"es-ES","isPartOf":{"@id":"https:\/\/candas365.es\/noticias\/#website"},"breadcrumb":{"@id":"https:\/\/candas365.es\/noticias\/clement-sera-la-mano-derecha-de-ancelotti-en-el-bayern-munich\/#breadcrumblist"},"author":{"@id":"https:\/\/candas365.es\/noticias\/author\/admin\/#author"},"creator":{"@id":"https:\/\/candas365.es\/noticias\/author\/admin\/#author"},"image":{"@type":"ImageObject","url":"https:\/\/candas365.es\/noticias\/wp-content\/uploads\/2015\/12\/bayern.jpg","@id":"https:\/\/candas365.es\/noticias\/clement-sera-la-mano-derecha-de-ancelotti-en-el-bayern-munich\/#mainImage","width":655,"height":360},"primaryImageOfPage":{"@id":"https:\/\/candas365.es\/noticias\/clement-sera-la-mano-derecha-de-ancelotti-en-el-bayern-munich\/#mainImage"},"datePublished":"2016-06-22T01:36:56+02:00","dateModified":"2016-06-22T01:36:56+02:00"},{"@type":"WebSite","@id":"https:\/\/candas365.es\/noticias\/#website","url":"https:\/\/candas365.es\/noticias\/","name":"Cand\u00e1s 365","alternateName":"Cand\u00e1s 365 Noticias","description":"Actualidad desde Carre\u00f1o para el mundo","inLanguage":"es-ES","publisher":{"@id":"https:\/\/candas365.es\/noticias\/#organization"}}]},"og:locale":"es_ES","og:site_name":"Cand\u00e1s 365","og:type":"article","og:title":"Clement ser\u00e1 la mano derecha de Ancelotti en el Bayern M\u00fanich | Cand\u00e1s 365","og:description":"Berl\u00edn, 21 jun (dpa) - El nuevo entrenador del Bayern M\u00fanich, el italiano Carlo Ancelotti, contar\u00e1 con Paul Clement y Hermann Gerland como asistentes en su nueva etapa en la capital b\u00e1vara, inform\u00f3 hoy el campe\u00f3n del f\u00fatbol alem\u00e1n. El ingl\u00e9s Clement, quien ya fue segundo entrenador de Ancelotti en el Chelsea, en el Paris","og:url":"https:\/\/candas365.es\/noticias\/clement-sera-la-mano-derecha-de-ancelotti-en-el-bayern-munich\/","og:image":"https:\/\/candas365.es\/noticias\/wp-content\/uploads\/2015\/12\/bayern.jpg","og:image:secure_url":"https:\/\/candas365.es\/noticias\/wp-content\/uploads\/2015\/12\/bayern.jpg","og:image:width":655,"og:image:height":360,"article:published_time":"2016-06-22T00:06:56+00:00","article:modified_time":"2016-06-22T00:06:56+00:00","article:publisher":"https:\/\/www.facebook.com\/Nachofdezber","article:author":"https:\/\/www.facebook.com\/carrenoactualidad","twitter:card":"summary_large_image","twitter:site":"@NabercoDigital","twitter:title":"Clement ser\u00e1 la mano derecha de Ancelotti en el Bayern M\u00fanich | Cand\u00e1s 365","twitter:description":"Berl\u00edn, 21 jun (dpa) - El nuevo entrenador del Bayern M\u00fanich, el italiano Carlo Ancelotti, contar\u00e1 con Paul Clement y Hermann Gerland como asistentes en su nueva etapa en la capital b\u00e1vara, inform\u00f3 hoy el campe\u00f3n del f\u00fatbol alem\u00e1n. El ingl\u00e9s Clement, quien ya fue segundo entrenador de Ancelotti en el Chelsea, en el Paris","twitter:creator":"@nbasturias","twitter:image":"https:\/\/candas365.es\/noticias\/wp-content\/uploads\/2015\/12\/bayern.jpg","twitter:label1":"Escrito por","twitter:data1":"Cand\u00e1s 365","twitter:label2":"Tiempo de lectura estimado","twitter:data2":"1 minuto"},"aioseo_meta_data":{"post_id":"30969","title":null,"description":null,"keywords":null,"keyphrases":null,"primary_term":null,"canonical_url":null,"og_title":null,"og_description":null,"og_object_type":"default","og_image_type":"default","og_image_url":null,"og_image_width":null,"og_image_height":null,"og_image_custom_url":null,"og_image_custom_fields":null,"og_video":null,"og_custom_url":null,"og_article_section":null,"og_article_tags":null,"twitter_use_og":false,"twitter_card":"default","twitter_image_type":"default","twitter_image_url":null,"twitter_image_custom_url":null,"twitter_image_custom_fields":null,"twitter_title":null,"twitter_description":null,"schema":{"blockGraphs":[],"customGraphs":[],"default":{"data":{"Article":[],"Course":[],"Dataset":[],"FAQPage":[],"Movie":[],"Person":[],"Product":[],"ProductReview":[],"Car":[],"Recipe":[],"Service":[],"SoftwareApplication":[],"WebPage":[]},"graphName":"","isEnabled":true},"graphs":[]},"schema_type":null,"schema_type_options":null,"pillar_content":false,"robots_default":true,"robots_noindex":false,"robots_noarchive":false,"robots_nosnippet":false,"robots_nofollow":false,"robots_noimageindex":false,"robots_noodp":false,"robots_notranslate":false,"robots_max_snippet":null,"robots_max_videopreview":null,"robots_max_imagepreview":"large","priority":null,"frequency":null,"location":null,"local_seo":null,"seo_analyzer_scan_date":"2025-08-24 13:14:11","breadcrumb_settings":null,"limit_modified_date":false,"reviewed_by":null,"open_ai":null,"ai":null,"created":"2020-12-21 12:59:47","updated":"2025-08-24 13:14:11"},"aioseo_breadcrumb":"<div class=\"aioseo-breadcrumbs\"><span class=\"aioseo-breadcrumb\">\n\t<a href=\"https:\/\/candas365.es\/noticias\" title=\"Home\">Home<\/a>\n<\/span><span class=\"aioseo-breadcrumb-separator\">&ndash;<\/span><span class=\"aioseo-breadcrumb\">\n\t<a href=\"https:\/\/candas365.es\/noticias\/category\/actualidad\/\" title=\"Actualidad\">Actualidad<\/a>\n<\/span><span class=\"aioseo-breadcrumb-separator\">&ndash;<\/span><span class=\"aioseo-breadcrumb\">\n\tClement ser\u00e1 la mano derecha de Ancelotti en el Bayern M\u00fanich\n<\/span><\/div>","aioseo_breadcrumb_json":[{"label":"Home","link":"https:\/\/candas365.es\/noticias"},{"label":"Actualidad","link":"https:\/\/candas365.es\/noticias\/category\/actualidad\/"},{"label":"Clement ser\u00e1 la mano derecha de Ancelotti en el Bayern M\u00fanich","link":"https:\/\/candas365.es\/noticias\/clement-sera-la-mano-derecha-de-ancelotti-en-el-bayern-munich\/"}],"_links":{"self":[{"href":"https:\/\/candas365.es\/noticias\/wp-json\/wp\/v2\/posts\/30969","targetHints":{"allow":["GET"]}}],"collection":[{"href":"https:\/\/candas365.es\/noticias\/wp-json\/wp\/v2\/posts"}],"about":[{"href":"https:\/\/candas365.es\/noticias\/wp-json\/wp\/v2\/types\/post"}],"author":[{"embeddable":true,"href":"https:\/\/candas365.es\/noticias\/wp-json\/wp\/v2\/users\/1"}],"replies":[{"embeddable":true,"href":"https:\/\/candas365.es\/noticias\/wp-json\/wp\/v2\/comments?post=30969"}],"version-history":[{"count":0,"href":"https:\/\/candas365.es\/noticias\/wp-json\/wp\/v2\/posts\/30969\/revisions"}],"wp:featuredmedia":[{"embeddable":true,"href":"https:\/\/candas365.es\/noticias\/wp-json\/wp\/v2\/media\/21654"}],"wp:attachment":[{"href":"https:\/\/candas365.es\/noticias\/wp-json\/wp\/v2\/media?parent=30969"}],"wp:term":[{"taxonomy":"category","embeddable":true,"href":"https:\/\/candas365.es\/noticias\/wp-json\/wp\/v2\/categories?post=30969"},{"taxonomy":"post_tag","embeddable":true,"href":"https:\/\/candas365.es\/noticias\/wp-json\/wp\/v2\/tags?post=30969"}],"curies":[{"name":"wp","href":"https:\/\/api.w.org\/{rel}","templated":true}]}}