{"id":30967,"date":"2016-06-22T01:36:11","date_gmt":"2016-06-22T00:06:11","guid":{"rendered":"http:\/\/candas365.es\/noticias\/?p=30967"},"modified":"2016-06-22T01:36:11","modified_gmt":"2016-06-22T00:06:11","slug":"justicia-alemana-rechaza-demanda-de-erdogan-contra-jefe-de-editorial","status":"publish","type":"post","link":"https:\/\/candas365.es\/noticias\/justicia-alemana-rechaza-demanda-de-erdogan-contra-jefe-de-editorial\/","title":{"rendered":"Justicia alemana rechaza demanda de Erdogan contra jefe de editorial"},"content":{"rendered":"<p>Colonia (Alemania), 21 jun (dpa) &#8211; La Justicia alemana rechaz\u00f3 hoy en segunda instancia la demanda del presidente turco, Recep Tayyip Erdogan, contra el m\u00e1ximo responsable del gigante medi\u00e1tico alem\u00e1n Axel Springer, Mathias D\u00f6pfner, por haber apoyado al humorista alem\u00e1n que critic\u00f3 al l\u00edder turco.<\/p>\n<p>La Audiencia Territorial de Colonia (OLG) ratific\u00f3 as\u00ed la decisi\u00f3n del tribunal de primera instancia, que rechaz\u00f3 un recurso de urgencia contra el jefe del grupo medi\u00e1tico al que pertenece el diario m\u00e1s vendido de Alemania, el \u00abBild\u00bb. <\/p>\n<p>La Justicia alemana se\u00f1al\u00f3 que las declaraciones de D\u00f6pfner en apoyo del c\u00f3mico Jan B\u00f6hmermann se engloban dentro de la libertad de expresi\u00f3n. <\/p>\n<p>D\u00f6pfner tom\u00f3 partido a favor del humorista en una carta abierta. \u00abMe re\u00ed muy fuerte\u00bb, revel\u00f3 el presidente del grupo editorial. \u00abPor las dudas, se\u00f1or B\u00f6hmermann, me quiero unir a todas sus formulaciones y ofensas y asumirlas en toda forma jur\u00eddica\u00bb, precis\u00f3 en una postdata.<\/p>\n<p>B\u00f6hmermann, un conocido humorista de la tv alemana, ley\u00f3 un poema sat\u00edrico a finales de marzo sobre el l\u00edder turco en su programa del canal p\u00fablico ZDF para \u00abexplicarle\u00bb la diferencia entre s\u00e1tira y difamaci\u00f3n.<\/p>\n<p>El humorista aclar\u00f3 varias veces en la emisi\u00f3n que el texto que le\u00eda -y que acusaba a Erdogan de consumir pornograf\u00eda infantil y practicar sexo con animales, entre otros insultos y juegos con clich\u00e9s sobre turcos- no estaba permitido en Alemania.<\/p>\n<p>El comediante, de 35 a\u00f1os, es investigado en virtud de un apartado del c\u00f3digo penal alem\u00e1n que proh\u00edbe insultar a un jefe de Estado extranjero. <\/p>\n<p>La decisi\u00f3n de la canciller Angela Merkel de dar curso a la solicitud de Erdogan de investigar al humorista caus\u00f3 revuelo en el pa\u00eds. Organismos de derechos humanos y diversos medios acusaron a Merkel de estar cediendo ante Erdogan para no torpedear el acuerdo para la devoluci\u00f3n de refugiados de la Uni\u00f3n Europea a Turqu\u00eda.<\/p>\n","protected":false},"excerpt":{"rendered":"<p>Colonia (Alemania), 21 jun (dpa) &#8211; La Justicia alemana rechaz\u00f3 hoy en segunda instancia la demanda del presidente turco, Recep Tayyip Erdogan, contra el m\u00e1ximo responsable del gigante medi\u00e1tico alem\u00e1n Axel Springer, Mathias D\u00f6pfner, por haber apoyado al humorista alem\u00e1n que critic\u00f3 al l\u00edder turco. La Audiencia Territorial de Colonia (OLG) ratific\u00f3 as\u00ed la decisi\u00f3n<\/p>\n","protected":false},"author":1,"featured_media":16457,"comment_status":"closed","ping_status":"closed","sticky":false,"template":"","format":"standard","meta":{"footnotes":""},"categories":[343],"tags":[],"class_list":{"0":"post-30967","1":"post","2":"type-post","3":"status-publish","4":"format-standard","5":"has-post-thumbnail","7":"category-actualidad"},"aioseo_notices":[],"aioseo_head":"\n\t\t<!-- All in One SEO Pro 4.9.6.2 - aioseo.com -->\n\t<meta name=\"description\" content=\"Colonia (Alemania), 21 jun (dpa) - La Justicia alemana rechaz\u00f3 hoy en segunda instancia la demanda del presidente turco, Recep Tayyip Erdogan, contra el m\u00e1ximo responsable del gigante medi\u00e1tico alem\u00e1n Axel Springer, Mathias D\u00f6pfner, por haber apoyado al humorista alem\u00e1n que critic\u00f3 al l\u00edder turco. La Audiencia Territorial de Colonia (OLG) ratific\u00f3 as\u00ed la decisi\u00f3n\" \/>\n\t<meta name=\"robots\" content=\"max-image-preview:large\" \/>\n\t<meta name=\"author\" content=\"Cand\u00e1s 365\"\/>\n\t<meta name=\"google-site-verification\" content=\"UA-32230408-1\" \/>\n\t<meta name=\"msvalidate.01\" content=\"354F3CDFB2DA171B47FBE9ABF1F88D5\" \/>\n\t<meta name=\"keywords\" content=\"actualidad\" \/>\n\t<link rel=\"canonical\" href=\"https:\/\/candas365.es\/noticias\/justicia-alemana-rechaza-demanda-de-erdogan-contra-jefe-de-editorial\/\" \/>\n\t<meta name=\"generator\" content=\"All in One SEO Pro (AIOSEO) 4.9.6.2\" \/>\n\t\t<meta property=\"og:locale\" content=\"es_ES\" \/>\n\t\t<meta property=\"og:site_name\" content=\"Cand\u00e1s 365\" \/>\n\t\t<meta property=\"og:type\" content=\"article\" \/>\n\t\t<meta property=\"og:title\" content=\"Justicia alemana rechaza demanda de Erdogan contra jefe de editorial | Cand\u00e1s 365\" \/>\n\t\t<meta property=\"og:description\" content=\"Colonia (Alemania), 21 jun (dpa) - La Justicia alemana rechaz\u00f3 hoy en segunda instancia la demanda del presidente turco, Recep Tayyip Erdogan, contra el m\u00e1ximo responsable del gigante medi\u00e1tico alem\u00e1n Axel Springer, Mathias D\u00f6pfner, por haber apoyado al humorista alem\u00e1n que critic\u00f3 al l\u00edder turco. La Audiencia Territorial de Colonia (OLG) ratific\u00f3 as\u00ed la decisi\u00f3n\" \/>\n\t\t<meta property=\"og:url\" content=\"https:\/\/candas365.es\/noticias\/justicia-alemana-rechaza-demanda-de-erdogan-contra-jefe-de-editorial\/\" \/>\n\t\t<meta property=\"og:image\" content=\"https:\/\/candas365.es\/noticias\/wp-content\/uploads\/2015\/09\/c365noticias.jpg\" \/>\n\t\t<meta property=\"og:image:secure_url\" content=\"https:\/\/candas365.es\/noticias\/wp-content\/uploads\/2015\/09\/c365noticias.jpg\" \/>\n\t\t<meta property=\"og:image:width\" content=\"655\" \/>\n\t\t<meta property=\"og:image:height\" content=\"360\" \/>\n\t\t<meta property=\"article:published_time\" content=\"2016-06-22T00:06:11+00:00\" \/>\n\t\t<meta property=\"article:modified_time\" content=\"2016-06-22T00:06:11+00:00\" \/>\n\t\t<meta property=\"article:publisher\" content=\"https:\/\/www.facebook.com\/Nachofdezber\" \/>\n\t\t<meta property=\"article:author\" content=\"https:\/\/www.facebook.com\/carrenoactualidad\" \/>\n\t\t<meta name=\"twitter:card\" content=\"summary_large_image\" \/>\n\t\t<meta name=\"twitter:site\" content=\"@NabercoDigital\" \/>\n\t\t<meta name=\"twitter:title\" content=\"Justicia alemana rechaza demanda de Erdogan contra jefe de editorial | Cand\u00e1s 365\" \/>\n\t\t<meta name=\"twitter:description\" content=\"Colonia (Alemania), 21 jun (dpa) - La Justicia alemana rechaz\u00f3 hoy en segunda instancia la demanda del presidente turco, Recep Tayyip Erdogan, contra el m\u00e1ximo responsable del gigante medi\u00e1tico alem\u00e1n Axel Springer, Mathias D\u00f6pfner, por haber apoyado al humorista alem\u00e1n que critic\u00f3 al l\u00edder turco. La Audiencia Territorial de Colonia (OLG) ratific\u00f3 as\u00ed la decisi\u00f3n\" \/>\n\t\t<meta name=\"twitter:creator\" content=\"@nbasturias\" \/>\n\t\t<meta name=\"twitter:image\" content=\"https:\/\/candas365.es\/noticias\/wp-content\/uploads\/2015\/09\/c365noticias.jpg\" \/>\n\t\t<meta name=\"twitter:label1\" content=\"Escrito por\" \/>\n\t\t<meta name=\"twitter:data1\" content=\"Cand\u00e1s 365\" \/>\n\t\t<meta name=\"twitter:label2\" content=\"Tiempo de lectura estimado\" \/>\n\t\t<meta name=\"twitter:data2\" content=\"2 minutos\" \/>\n\t\t<script type=\"application\/ld+json\" class=\"aioseo-schema\">\n\t\t\t{\"@context\":\"https:\\\/\\\/schema.org\",\"@graph\":[{\"@type\":\"BreadcrumbList\",\"@id\":\"https:\\\/\\\/candas365.es\\\/noticias\\\/justicia-alemana-rechaza-demanda-de-erdogan-contra-jefe-de-editorial\\\/#breadcrumblist\",\"itemListElement\":[{\"@type\":\"ListItem\",\"@id\":\"https:\\\/\\\/candas365.es\\\/noticias#listItem\",\"position\":1,\"name\":\"Home\",\"item\":\"https:\\\/\\\/candas365.es\\\/noticias\",\"nextItem\":{\"@type\":\"ListItem\",\"@id\":\"https:\\\/\\\/candas365.es\\\/noticias\\\/category\\\/actualidad\\\/#listItem\",\"name\":\"Actualidad\"}},{\"@type\":\"ListItem\",\"@id\":\"https:\\\/\\\/candas365.es\\\/noticias\\\/category\\\/actualidad\\\/#listItem\",\"position\":2,\"name\":\"Actualidad\",\"item\":\"https:\\\/\\\/candas365.es\\\/noticias\\\/category\\\/actualidad\\\/\",\"nextItem\":{\"@type\":\"ListItem\",\"@id\":\"https:\\\/\\\/candas365.es\\\/noticias\\\/justicia-alemana-rechaza-demanda-de-erdogan-contra-jefe-de-editorial\\\/#listItem\",\"name\":\"Justicia alemana rechaza demanda de Erdogan contra jefe de editorial\"},\"previousItem\":{\"@type\":\"ListItem\",\"@id\":\"https:\\\/\\\/candas365.es\\\/noticias#listItem\",\"name\":\"Home\"}},{\"@type\":\"ListItem\",\"@id\":\"https:\\\/\\\/candas365.es\\\/noticias\\\/justicia-alemana-rechaza-demanda-de-erdogan-contra-jefe-de-editorial\\\/#listItem\",\"position\":3,\"name\":\"Justicia alemana rechaza demanda de Erdogan contra jefe de editorial\",\"previousItem\":{\"@type\":\"ListItem\",\"@id\":\"https:\\\/\\\/candas365.es\\\/noticias\\\/category\\\/actualidad\\\/#listItem\",\"name\":\"Actualidad\"}}]},{\"@type\":\"NewsArticle\",\"@id\":\"https:\\\/\\\/candas365.es\\\/noticias\\\/justicia-alemana-rechaza-demanda-de-erdogan-contra-jefe-de-editorial\\\/#newsarticle\",\"name\":\"Justicia alemana rechaza demanda de Erdogan contra jefe de editorial | Cand\\u00e1s 365\",\"headline\":\"Justicia alemana rechaza demanda de Erdogan contra jefe de editorial\",\"author\":{\"@id\":\"https:\\\/\\\/candas365.es\\\/noticias\\\/author\\\/admin\\\/#author\"},\"publisher\":{\"@id\":\"https:\\\/\\\/candas365.es\\\/noticias\\\/#organization\"},\"image\":{\"@type\":\"ImageObject\",\"url\":\"https:\\\/\\\/candas365.es\\\/noticias\\\/wp-content\\\/uploads\\\/2015\\\/09\\\/c365noticias.jpg\",\"width\":655,\"height\":360},\"datePublished\":\"2016-06-22T01:36:11+02:00\",\"dateModified\":\"2016-06-22T01:36:11+02:00\",\"inLanguage\":\"es-ES\",\"mainEntityOfPage\":{\"@id\":\"https:\\\/\\\/candas365.es\\\/noticias\\\/justicia-alemana-rechaza-demanda-de-erdogan-contra-jefe-de-editorial\\\/#webpage\"},\"isPartOf\":{\"@id\":\"https:\\\/\\\/candas365.es\\\/noticias\\\/justicia-alemana-rechaza-demanda-de-erdogan-contra-jefe-de-editorial\\\/#webpage\"},\"articleSection\":\"Actualidad\",\"dateline\":\"Publicado el junio 22, 2016.\"},{\"@type\":\"Organization\",\"@id\":\"https:\\\/\\\/candas365.es\\\/noticias\\\/#organization\",\"name\":\"Cand\\u00e1s 365\",\"description\":\"Cand\\u00e1s 365 es un diario digital independiente, fundado en 2012, con base en Asturias. Informamos con rigor sobre actualidad, sociedad, cultura y ocio, con una mirada local y global.\",\"url\":\"https:\\\/\\\/candas365.es\\\/noticias\\\/\",\"email\":\"info@candas365.es\",\"telephone\":\"+34652131393\",\"foundingDate\":\"2012-06-10\",\"logo\":{\"@type\":\"ImageObject\",\"url\":\"https:\\\/\\\/candas365.es\\\/noticias\\\/wp-content\\\/uploads\\\/2024\\\/09\\\/Candas-365-Redes.jpg\",\"@id\":\"https:\\\/\\\/candas365.es\\\/noticias\\\/justicia-alemana-rechaza-demanda-de-erdogan-contra-jefe-de-editorial\\\/#organizationLogo\",\"width\":1152,\"height\":864,\"caption\":\"Cand\\u00e1s 365 Redes\"},\"image\":{\"@id\":\"https:\\\/\\\/candas365.es\\\/noticias\\\/justicia-alemana-rechaza-demanda-de-erdogan-contra-jefe-de-editorial\\\/#organizationLogo\"},\"sameAs\":[\"https:\\\/\\\/www.facebook.com\\\/Nachofdezber\",\"https:\\\/\\\/x.com\\\/NabercoDigital\",\"https:\\\/\\\/www.instagram.com\\\/nachofdezber\\\/\",\"https:\\\/\\\/www.youtube.com\\\/channel\\\/UCZP-2wLEB9Rv6erhFmqVnvg\"],\"address\":{\"@id\":\"https:\\\/\\\/candas365.es\\\/noticias\\\/#postaladdress\",\"@type\":\"PostalAddress\",\"streetAddress\":\"san antonio 4, san antonio 4\",\"postalCode\":\"33430\",\"addressLocality\":\"Cand\\u00e1s\",\"addressRegion\":\"Asturias\",\"addressCountry\":\"ES\"}},{\"@type\":\"Person\",\"@id\":\"https:\\\/\\\/candas365.es\\\/noticias\\\/author\\\/admin\\\/#author\",\"url\":\"https:\\\/\\\/candas365.es\\\/noticias\\\/author\\\/admin\\\/\",\"name\":\"Cand\\u00e1s 365\",\"image\":{\"@type\":\"ImageObject\",\"@id\":\"https:\\\/\\\/candas365.es\\\/noticias\\\/justicia-alemana-rechaza-demanda-de-erdogan-contra-jefe-de-editorial\\\/#authorImage\",\"url\":\"https:\\\/\\\/secure.gravatar.com\\\/avatar\\\/496a8e03d0c493ede1718b7934145dbdf8d89be1036b0eec9544e1094c9de390?s=96&d=mm&r=g\",\"width\":96,\"height\":96,\"caption\":\"Cand\\u00e1s 365\"},\"sameAs\":[\"https:\\\/\\\/www.facebook.com\\\/carrenoactualidad\",\"https:\\\/\\\/twitter.com\\\/nbasturias\",\"https:\\\/\\\/www.instagram.com\\\/nachofdezber\\\/\",\"https:\\\/\\\/www.youtube.com\\\/channel\\\/UCZP-2wLEB9Rv6erhFmqVnvg\"]},{\"@type\":\"WebPage\",\"@id\":\"https:\\\/\\\/candas365.es\\\/noticias\\\/justicia-alemana-rechaza-demanda-de-erdogan-contra-jefe-de-editorial\\\/#webpage\",\"url\":\"https:\\\/\\\/candas365.es\\\/noticias\\\/justicia-alemana-rechaza-demanda-de-erdogan-contra-jefe-de-editorial\\\/\",\"name\":\"Justicia alemana rechaza demanda de Erdogan contra jefe de editorial | Cand\\u00e1s 365\",\"description\":\"Colonia (Alemania), 21 jun (dpa) - La Justicia alemana rechaz\\u00f3 hoy en segunda instancia la demanda del presidente turco, Recep Tayyip Erdogan, contra el m\\u00e1ximo responsable del gigante medi\\u00e1tico alem\\u00e1n Axel Springer, Mathias D\\u00f6pfner, por haber apoyado al humorista alem\\u00e1n que critic\\u00f3 al l\\u00edder turco. La Audiencia Territorial de Colonia (OLG) ratific\\u00f3 as\\u00ed la decisi\\u00f3n\",\"inLanguage\":\"es-ES\",\"isPartOf\":{\"@id\":\"https:\\\/\\\/candas365.es\\\/noticias\\\/#website\"},\"breadcrumb\":{\"@id\":\"https:\\\/\\\/candas365.es\\\/noticias\\\/justicia-alemana-rechaza-demanda-de-erdogan-contra-jefe-de-editorial\\\/#breadcrumblist\"},\"author\":{\"@id\":\"https:\\\/\\\/candas365.es\\\/noticias\\\/author\\\/admin\\\/#author\"},\"creator\":{\"@id\":\"https:\\\/\\\/candas365.es\\\/noticias\\\/author\\\/admin\\\/#author\"},\"image\":{\"@type\":\"ImageObject\",\"url\":\"https:\\\/\\\/candas365.es\\\/noticias\\\/wp-content\\\/uploads\\\/2015\\\/09\\\/c365noticias.jpg\",\"@id\":\"https:\\\/\\\/candas365.es\\\/noticias\\\/justicia-alemana-rechaza-demanda-de-erdogan-contra-jefe-de-editorial\\\/#mainImage\",\"width\":655,\"height\":360},\"primaryImageOfPage\":{\"@id\":\"https:\\\/\\\/candas365.es\\\/noticias\\\/justicia-alemana-rechaza-demanda-de-erdogan-contra-jefe-de-editorial\\\/#mainImage\"},\"datePublished\":\"2016-06-22T01:36:11+02:00\",\"dateModified\":\"2016-06-22T01:36:11+02:00\"},{\"@type\":\"WebSite\",\"@id\":\"https:\\\/\\\/candas365.es\\\/noticias\\\/#website\",\"url\":\"https:\\\/\\\/candas365.es\\\/noticias\\\/\",\"name\":\"Cand\\u00e1s 365\",\"alternateName\":\"Cand\\u00e1s 365 Noticias\",\"description\":\"Actualidad desde Carre\\u00f1o para el mundo\",\"inLanguage\":\"es-ES\",\"publisher\":{\"@id\":\"https:\\\/\\\/candas365.es\\\/noticias\\\/#organization\"}}]}\n\t\t<\/script>\n\t\t<!-- All in One SEO Pro -->\r\n\t\t<title>Justicia alemana rechaza demanda de Erdogan contra jefe de editorial | Cand\u00e1s 365<\/title>\n\n","aioseo_head_json":{"title":"Justicia alemana rechaza demanda de Erdogan contra jefe de editorial | Cand\u00e1s 365","description":"Colonia (Alemania), 21 jun (dpa) - La Justicia alemana rechaz\u00f3 hoy en segunda instancia la demanda del presidente turco, Recep Tayyip Erdogan, contra el m\u00e1ximo responsable del gigante medi\u00e1tico alem\u00e1n Axel Springer, Mathias D\u00f6pfner, por haber apoyado al humorista alem\u00e1n que critic\u00f3 al l\u00edder turco. La Audiencia Territorial de Colonia (OLG) ratific\u00f3 as\u00ed la decisi\u00f3n","canonical_url":"https:\/\/candas365.es\/noticias\/justicia-alemana-rechaza-demanda-de-erdogan-contra-jefe-de-editorial\/","robots":"max-image-preview:large","keywords":"actualidad","webmasterTools":{"google-site-verification":"UA-32230408-1","msvalidate.01":"354F3CDFB2DA171B47FBE9ABF1F88D5","miscellaneous":""},"schema":{"@context":"https:\/\/schema.org","@graph":[{"@type":"BreadcrumbList","@id":"https:\/\/candas365.es\/noticias\/justicia-alemana-rechaza-demanda-de-erdogan-contra-jefe-de-editorial\/#breadcrumblist","itemListElement":[{"@type":"ListItem","@id":"https:\/\/candas365.es\/noticias#listItem","position":1,"name":"Home","item":"https:\/\/candas365.es\/noticias","nextItem":{"@type":"ListItem","@id":"https:\/\/candas365.es\/noticias\/category\/actualidad\/#listItem","name":"Actualidad"}},{"@type":"ListItem","@id":"https:\/\/candas365.es\/noticias\/category\/actualidad\/#listItem","position":2,"name":"Actualidad","item":"https:\/\/candas365.es\/noticias\/category\/actualidad\/","nextItem":{"@type":"ListItem","@id":"https:\/\/candas365.es\/noticias\/justicia-alemana-rechaza-demanda-de-erdogan-contra-jefe-de-editorial\/#listItem","name":"Justicia alemana rechaza demanda de Erdogan contra jefe de editorial"},"previousItem":{"@type":"ListItem","@id":"https:\/\/candas365.es\/noticias#listItem","name":"Home"}},{"@type":"ListItem","@id":"https:\/\/candas365.es\/noticias\/justicia-alemana-rechaza-demanda-de-erdogan-contra-jefe-de-editorial\/#listItem","position":3,"name":"Justicia alemana rechaza demanda de Erdogan contra jefe de editorial","previousItem":{"@type":"ListItem","@id":"https:\/\/candas365.es\/noticias\/category\/actualidad\/#listItem","name":"Actualidad"}}]},{"@type":"NewsArticle","@id":"https:\/\/candas365.es\/noticias\/justicia-alemana-rechaza-demanda-de-erdogan-contra-jefe-de-editorial\/#newsarticle","name":"Justicia alemana rechaza demanda de Erdogan contra jefe de editorial | Cand\u00e1s 365","headline":"Justicia alemana rechaza demanda de Erdogan contra jefe de editorial","author":{"@id":"https:\/\/candas365.es\/noticias\/author\/admin\/#author"},"publisher":{"@id":"https:\/\/candas365.es\/noticias\/#organization"},"image":{"@type":"ImageObject","url":"https:\/\/candas365.es\/noticias\/wp-content\/uploads\/2015\/09\/c365noticias.jpg","width":655,"height":360},"datePublished":"2016-06-22T01:36:11+02:00","dateModified":"2016-06-22T01:36:11+02:00","inLanguage":"es-ES","mainEntityOfPage":{"@id":"https:\/\/candas365.es\/noticias\/justicia-alemana-rechaza-demanda-de-erdogan-contra-jefe-de-editorial\/#webpage"},"isPartOf":{"@id":"https:\/\/candas365.es\/noticias\/justicia-alemana-rechaza-demanda-de-erdogan-contra-jefe-de-editorial\/#webpage"},"articleSection":"Actualidad","dateline":"Publicado el junio 22, 2016."},{"@type":"Organization","@id":"https:\/\/candas365.es\/noticias\/#organization","name":"Cand\u00e1s 365","description":"Cand\u00e1s 365 es un diario digital independiente, fundado en 2012, con base en Asturias. Informamos con rigor sobre actualidad, sociedad, cultura y ocio, con una mirada local y global.","url":"https:\/\/candas365.es\/noticias\/","email":"info@candas365.es","telephone":"+34652131393","foundingDate":"2012-06-10","logo":{"@type":"ImageObject","url":"https:\/\/candas365.es\/noticias\/wp-content\/uploads\/2024\/09\/Candas-365-Redes.jpg","@id":"https:\/\/candas365.es\/noticias\/justicia-alemana-rechaza-demanda-de-erdogan-contra-jefe-de-editorial\/#organizationLogo","width":1152,"height":864,"caption":"Cand\u00e1s 365 Redes"},"image":{"@id":"https:\/\/candas365.es\/noticias\/justicia-alemana-rechaza-demanda-de-erdogan-contra-jefe-de-editorial\/#organizationLogo"},"sameAs":["https:\/\/www.facebook.com\/Nachofdezber","https:\/\/x.com\/NabercoDigital","https:\/\/www.instagram.com\/nachofdezber\/","https:\/\/www.youtube.com\/channel\/UCZP-2wLEB9Rv6erhFmqVnvg"],"address":{"@id":"https:\/\/candas365.es\/noticias\/#postaladdress","@type":"PostalAddress","streetAddress":"san antonio 4, san antonio 4","postalCode":"33430","addressLocality":"Cand\u00e1s","addressRegion":"Asturias","addressCountry":"ES"}},{"@type":"Person","@id":"https:\/\/candas365.es\/noticias\/author\/admin\/#author","url":"https:\/\/candas365.es\/noticias\/author\/admin\/","name":"Cand\u00e1s 365","image":{"@type":"ImageObject","@id":"https:\/\/candas365.es\/noticias\/justicia-alemana-rechaza-demanda-de-erdogan-contra-jefe-de-editorial\/#authorImage","url":"https:\/\/secure.gravatar.com\/avatar\/496a8e03d0c493ede1718b7934145dbdf8d89be1036b0eec9544e1094c9de390?s=96&d=mm&r=g","width":96,"height":96,"caption":"Cand\u00e1s 365"},"sameAs":["https:\/\/www.facebook.com\/carrenoactualidad","https:\/\/twitter.com\/nbasturias","https:\/\/www.instagram.com\/nachofdezber\/","https:\/\/www.youtube.com\/channel\/UCZP-2wLEB9Rv6erhFmqVnvg"]},{"@type":"WebPage","@id":"https:\/\/candas365.es\/noticias\/justicia-alemana-rechaza-demanda-de-erdogan-contra-jefe-de-editorial\/#webpage","url":"https:\/\/candas365.es\/noticias\/justicia-alemana-rechaza-demanda-de-erdogan-contra-jefe-de-editorial\/","name":"Justicia alemana rechaza demanda de Erdogan contra jefe de editorial | Cand\u00e1s 365","description":"Colonia (Alemania), 21 jun (dpa) - La Justicia alemana rechaz\u00f3 hoy en segunda instancia la demanda del presidente turco, Recep Tayyip Erdogan, contra el m\u00e1ximo responsable del gigante medi\u00e1tico alem\u00e1n Axel Springer, Mathias D\u00f6pfner, por haber apoyado al humorista alem\u00e1n que critic\u00f3 al l\u00edder turco. La Audiencia Territorial de Colonia (OLG) ratific\u00f3 as\u00ed la decisi\u00f3n","inLanguage":"es-ES","isPartOf":{"@id":"https:\/\/candas365.es\/noticias\/#website"},"breadcrumb":{"@id":"https:\/\/candas365.es\/noticias\/justicia-alemana-rechaza-demanda-de-erdogan-contra-jefe-de-editorial\/#breadcrumblist"},"author":{"@id":"https:\/\/candas365.es\/noticias\/author\/admin\/#author"},"creator":{"@id":"https:\/\/candas365.es\/noticias\/author\/admin\/#author"},"image":{"@type":"ImageObject","url":"https:\/\/candas365.es\/noticias\/wp-content\/uploads\/2015\/09\/c365noticias.jpg","@id":"https:\/\/candas365.es\/noticias\/justicia-alemana-rechaza-demanda-de-erdogan-contra-jefe-de-editorial\/#mainImage","width":655,"height":360},"primaryImageOfPage":{"@id":"https:\/\/candas365.es\/noticias\/justicia-alemana-rechaza-demanda-de-erdogan-contra-jefe-de-editorial\/#mainImage"},"datePublished":"2016-06-22T01:36:11+02:00","dateModified":"2016-06-22T01:36:11+02:00"},{"@type":"WebSite","@id":"https:\/\/candas365.es\/noticias\/#website","url":"https:\/\/candas365.es\/noticias\/","name":"Cand\u00e1s 365","alternateName":"Cand\u00e1s 365 Noticias","description":"Actualidad desde Carre\u00f1o para el mundo","inLanguage":"es-ES","publisher":{"@id":"https:\/\/candas365.es\/noticias\/#organization"}}]},"og:locale":"es_ES","og:site_name":"Cand\u00e1s 365","og:type":"article","og:title":"Justicia alemana rechaza demanda de Erdogan contra jefe de editorial | Cand\u00e1s 365","og:description":"Colonia (Alemania), 21 jun (dpa) - La Justicia alemana rechaz\u00f3 hoy en segunda instancia la demanda del presidente turco, Recep Tayyip Erdogan, contra el m\u00e1ximo responsable del gigante medi\u00e1tico alem\u00e1n Axel Springer, Mathias D\u00f6pfner, por haber apoyado al humorista alem\u00e1n que critic\u00f3 al l\u00edder turco. La Audiencia Territorial de Colonia (OLG) ratific\u00f3 as\u00ed la decisi\u00f3n","og:url":"https:\/\/candas365.es\/noticias\/justicia-alemana-rechaza-demanda-de-erdogan-contra-jefe-de-editorial\/","og:image":"https:\/\/candas365.es\/noticias\/wp-content\/uploads\/2015\/09\/c365noticias.jpg","og:image:secure_url":"https:\/\/candas365.es\/noticias\/wp-content\/uploads\/2015\/09\/c365noticias.jpg","og:image:width":655,"og:image:height":360,"article:published_time":"2016-06-22T00:06:11+00:00","article:modified_time":"2016-06-22T00:06:11+00:00","article:publisher":"https:\/\/www.facebook.com\/Nachofdezber","article:author":"https:\/\/www.facebook.com\/carrenoactualidad","twitter:card":"summary_large_image","twitter:site":"@NabercoDigital","twitter:title":"Justicia alemana rechaza demanda de Erdogan contra jefe de editorial | Cand\u00e1s 365","twitter:description":"Colonia (Alemania), 21 jun (dpa) - La Justicia alemana rechaz\u00f3 hoy en segunda instancia la demanda del presidente turco, Recep Tayyip Erdogan, contra el m\u00e1ximo responsable del gigante medi\u00e1tico alem\u00e1n Axel Springer, Mathias D\u00f6pfner, por haber apoyado al humorista alem\u00e1n que critic\u00f3 al l\u00edder turco. La Audiencia Territorial de Colonia (OLG) ratific\u00f3 as\u00ed la decisi\u00f3n","twitter:creator":"@nbasturias","twitter:image":"https:\/\/candas365.es\/noticias\/wp-content\/uploads\/2015\/09\/c365noticias.jpg","twitter:label1":"Escrito por","twitter:data1":"Cand\u00e1s 365","twitter:label2":"Tiempo de lectura estimado","twitter:data2":"2 minutos"},"aioseo_meta_data":{"post_id":"30967","title":null,"description":null,"keywords":null,"keyphrases":null,"primary_term":null,"canonical_url":null,"og_title":null,"og_description":null,"og_object_type":"default","og_image_type":"default","og_image_url":null,"og_image_width":null,"og_image_height":null,"og_image_custom_url":null,"og_image_custom_fields":null,"og_video":null,"og_custom_url":null,"og_article_section":null,"og_article_tags":null,"twitter_use_og":false,"twitter_card":"default","twitter_image_type":"default","twitter_image_url":null,"twitter_image_custom_url":null,"twitter_image_custom_fields":null,"twitter_title":null,"twitter_description":null,"schema":{"blockGraphs":[],"customGraphs":[],"default":{"data":{"Article":[],"Course":[],"Dataset":[],"FAQPage":[],"Movie":[],"Person":[],"Product":[],"ProductReview":[],"Car":[],"Recipe":[],"Service":[],"SoftwareApplication":[],"WebPage":[]},"graphName":"","isEnabled":true},"graphs":[]},"schema_type":null,"schema_type_options":null,"pillar_content":false,"robots_default":true,"robots_noindex":false,"robots_noarchive":false,"robots_nosnippet":false,"robots_nofollow":false,"robots_noimageindex":false,"robots_noodp":false,"robots_notranslate":false,"robots_max_snippet":null,"robots_max_videopreview":null,"robots_max_imagepreview":"large","priority":null,"frequency":null,"location":null,"local_seo":null,"seo_analyzer_scan_date":"2025-08-24 13:14:10","breadcrumb_settings":null,"limit_modified_date":false,"reviewed_by":null,"open_ai":null,"ai":null,"created":"2020-12-21 12:59:46","updated":"2025-08-24 13:14:10"},"aioseo_breadcrumb":"<div class=\"aioseo-breadcrumbs\"><span class=\"aioseo-breadcrumb\">\n\t<a href=\"https:\/\/candas365.es\/noticias\" title=\"Home\">Home<\/a>\n<\/span><span class=\"aioseo-breadcrumb-separator\">&ndash;<\/span><span class=\"aioseo-breadcrumb\">\n\t<a href=\"https:\/\/candas365.es\/noticias\/category\/actualidad\/\" title=\"Actualidad\">Actualidad<\/a>\n<\/span><span class=\"aioseo-breadcrumb-separator\">&ndash;<\/span><span class=\"aioseo-breadcrumb\">\n\tJusticia alemana rechaza demanda de Erdogan contra jefe de editorial\n<\/span><\/div>","aioseo_breadcrumb_json":[{"label":"Home","link":"https:\/\/candas365.es\/noticias"},{"label":"Actualidad","link":"https:\/\/candas365.es\/noticias\/category\/actualidad\/"},{"label":"Justicia alemana rechaza demanda de Erdogan contra jefe de editorial","link":"https:\/\/candas365.es\/noticias\/justicia-alemana-rechaza-demanda-de-erdogan-contra-jefe-de-editorial\/"}],"_links":{"self":[{"href":"https:\/\/candas365.es\/noticias\/wp-json\/wp\/v2\/posts\/30967","targetHints":{"allow":["GET"]}}],"collection":[{"href":"https:\/\/candas365.es\/noticias\/wp-json\/wp\/v2\/posts"}],"about":[{"href":"https:\/\/candas365.es\/noticias\/wp-json\/wp\/v2\/types\/post"}],"author":[{"embeddable":true,"href":"https:\/\/candas365.es\/noticias\/wp-json\/wp\/v2\/users\/1"}],"replies":[{"embeddable":true,"href":"https:\/\/candas365.es\/noticias\/wp-json\/wp\/v2\/comments?post=30967"}],"version-history":[{"count":0,"href":"https:\/\/candas365.es\/noticias\/wp-json\/wp\/v2\/posts\/30967\/revisions"}],"wp:featuredmedia":[{"embeddable":true,"href":"https:\/\/candas365.es\/noticias\/wp-json\/wp\/v2\/media\/16457"}],"wp:attachment":[{"href":"https:\/\/candas365.es\/noticias\/wp-json\/wp\/v2\/media?parent=30967"}],"wp:term":[{"taxonomy":"category","embeddable":true,"href":"https:\/\/candas365.es\/noticias\/wp-json\/wp\/v2\/categories?post=30967"},{"taxonomy":"post_tag","embeddable":true,"href":"https:\/\/candas365.es\/noticias\/wp-json\/wp\/v2\/tags?post=30967"}],"curies":[{"name":"wp","href":"https:\/\/api.w.org\/{rel}","templated":true}]}}