{"id":30965,"date":"2016-06-22T01:35:31","date_gmt":"2016-06-22T00:05:31","guid":{"rendered":"http:\/\/candas365.es\/noticias\/?p=30965"},"modified":"2016-06-22T01:35:31","modified_gmt":"2016-06-22T00:05:31","slug":"jefe-de-volkswagen-cuestiona-el-futuro-de-los-motores-diesel","status":"publish","type":"post","link":"https:\/\/candas365.es\/noticias\/jefe-de-volkswagen-cuestiona-el-futuro-de-los-motores-diesel\/","title":{"rendered":"Jefe de Volkswagen cuestiona el futuro de los motores di\u00e9sel"},"content":{"rendered":"<p>Wolfsburgo (Alemania), 21 jun (dpa) &#8211; El director ejecutivo del gigante automotor alem\u00e1n Volkswagen (VW), Matthias M\u00fcller, cuestion\u00f3 el futuro de los motores di\u00e9sel, en unas declaraciones publicadas hoy en el diario econ\u00f3mico alem\u00e1n \u00abHandelsblatt\u00bb. <\/p>\n<p>\u00abSe tendr\u00e1 que plantear la pregunta de si a partir de un momento dado debemos seguir invirtiendo mucho dinero a\u00fan para continuar con el desarrollo de los di\u00e9sel\u00bb, explic\u00f3 el sucesor de Martin Winterkorn, quien se vio obligado a dimitir tras el esc\u00e1ndalo de la manipulaci\u00f3n de los motores di\u00e9sel de unos 11 millones de autos en todo el mundo, de ellos unos 8,5 millones en Europa.<\/p>\n<p>El esc\u00e1ndalo fue destapado el pasado a\u00f1o por las autoridades medioambientales de Estados Unidos, que alertaron que la automotriz alemana hab\u00eda manipulado sus motores di\u00e9sel para cumplir con las normativas del pa\u00eds. Ahora no est\u00e1 claro si la empresa seguir\u00e1 ofreciendo veh\u00edculos di\u00e9sel en ese mercado. \u00abEs dif\u00edcil de contestar actualmente\u00bb, reconoci\u00f3 M\u00fcller, un d\u00eda antes de la asamblea general de VW.<\/p>\n<p>La limpieza de los gases de los tubos de escape en los di\u00e9sel ser\u00e1 \u00abenormemente laboriosa y cara\u00bb. Al mismo tiempo, los veh\u00edculos el\u00e9ctricos tendr\u00e1n precios m\u00e1s asequibles. <\/p>\n<p>La semana pasada, M\u00fcller present\u00f3 la nueva estrategia de VW hasta 2025, que estar\u00e1 centrada en los autom\u00f3viles el\u00e9ctricos, de los que desarrollar\u00e1 hasta 30 modelos nuevos. <\/p>\n<p>Sin embargo, de momento los autom\u00f3viles di\u00e9sel siguen siendo una parte elevada de las ventas de la automotriz m\u00e1s grande de Europa. \u00abLos di\u00e9sel siguen siendo muy queridos por los clientes en Alemania y en Europa\u00bb, indic\u00f3. En Alemania, un 46 por ciento de los registros de nuevos veh\u00edculos son di\u00e9sel actualmente. <\/p>\n","protected":false},"excerpt":{"rendered":"<p>Wolfsburgo (Alemania), 21 jun (dpa) &#8211; El director ejecutivo del gigante automotor alem\u00e1n Volkswagen (VW), Matthias M\u00fcller, cuestion\u00f3 el futuro de los motores di\u00e9sel, en unas declaraciones publicadas hoy en el diario econ\u00f3mico alem\u00e1n \u00abHandelsblatt\u00bb. \u00abSe tendr\u00e1 que plantear la pregunta de si a partir de un momento dado debemos seguir invirtiendo mucho dinero a\u00fan<\/p>\n","protected":false},"author":1,"featured_media":11776,"comment_status":"closed","ping_status":"closed","sticky":false,"template":"","format":"standard","meta":{"footnotes":""},"categories":[343],"tags":[],"class_list":{"0":"post-30965","1":"post","2":"type-post","3":"status-publish","4":"format-standard","5":"has-post-thumbnail","7":"category-actualidad"},"aioseo_notices":[],"aioseo_head":"\n\t\t<!-- All in One SEO Pro 4.9.6.2 - aioseo.com -->\n\t<meta name=\"description\" content=\"Wolfsburgo (Alemania), 21 jun (dpa) - El director ejecutivo del gigante automotor alem\u00e1n Volkswagen (VW), Matthias M\u00fcller, cuestion\u00f3 el futuro de los motores di\u00e9sel, en unas declaraciones publicadas hoy en el diario econ\u00f3mico alem\u00e1n &quot;Handelsblatt&quot;. &quot;Se tendr\u00e1 que plantear la pregunta de si a partir de un momento dado debemos seguir invirtiendo mucho dinero a\u00fan\" \/>\n\t<meta name=\"robots\" content=\"max-image-preview:large\" \/>\n\t<meta name=\"author\" content=\"Cand\u00e1s 365\"\/>\n\t<meta name=\"google-site-verification\" content=\"UA-32230408-1\" \/>\n\t<meta name=\"msvalidate.01\" content=\"354F3CDFB2DA171B47FBE9ABF1F88D5\" \/>\n\t<meta name=\"keywords\" content=\"actualidad\" \/>\n\t<link rel=\"canonical\" href=\"https:\/\/candas365.es\/noticias\/jefe-de-volkswagen-cuestiona-el-futuro-de-los-motores-diesel\/\" \/>\n\t<meta name=\"generator\" content=\"All in One SEO Pro (AIOSEO) 4.9.6.2\" \/>\n\t\t<meta property=\"og:locale\" content=\"es_ES\" \/>\n\t\t<meta property=\"og:site_name\" content=\"Cand\u00e1s 365\" \/>\n\t\t<meta property=\"og:type\" content=\"article\" \/>\n\t\t<meta property=\"og:title\" content=\"Jefe de Volkswagen cuestiona el futuro de los motores di\u00e9sel | Cand\u00e1s 365\" \/>\n\t\t<meta property=\"og:description\" content=\"Wolfsburgo (Alemania), 21 jun (dpa) - El director ejecutivo del gigante automotor alem\u00e1n Volkswagen (VW), Matthias M\u00fcller, cuestion\u00f3 el futuro de los motores di\u00e9sel, en unas declaraciones publicadas hoy en el diario econ\u00f3mico alem\u00e1n &quot;Handelsblatt&quot;. &quot;Se tendr\u00e1 que plantear la pregunta de si a partir de un momento dado debemos seguir invirtiendo mucho dinero a\u00fan\" \/>\n\t\t<meta property=\"og:url\" content=\"https:\/\/candas365.es\/noticias\/jefe-de-volkswagen-cuestiona-el-futuro-de-los-motores-diesel\/\" \/>\n\t\t<meta property=\"og:image\" content=\"https:\/\/candas365.es\/noticias\/wp-content\/uploads\/2015\/06\/carretera.jpg\" \/>\n\t\t<meta property=\"og:image:secure_url\" content=\"https:\/\/candas365.es\/noticias\/wp-content\/uploads\/2015\/06\/carretera.jpg\" \/>\n\t\t<meta property=\"og:image:width\" content=\"655\" \/>\n\t\t<meta property=\"og:image:height\" content=\"360\" \/>\n\t\t<meta property=\"article:published_time\" content=\"2016-06-22T00:05:31+00:00\" \/>\n\t\t<meta property=\"article:modified_time\" content=\"2016-06-22T00:05:31+00:00\" \/>\n\t\t<meta property=\"article:publisher\" content=\"https:\/\/www.facebook.com\/Nachofdezber\" \/>\n\t\t<meta property=\"article:author\" content=\"https:\/\/www.facebook.com\/carrenoactualidad\" \/>\n\t\t<meta name=\"twitter:card\" content=\"summary_large_image\" \/>\n\t\t<meta name=\"twitter:site\" content=\"@NabercoDigital\" \/>\n\t\t<meta name=\"twitter:title\" content=\"Jefe de Volkswagen cuestiona el futuro de los motores di\u00e9sel | Cand\u00e1s 365\" \/>\n\t\t<meta name=\"twitter:description\" content=\"Wolfsburgo (Alemania), 21 jun (dpa) - El director ejecutivo del gigante automotor alem\u00e1n Volkswagen (VW), Matthias M\u00fcller, cuestion\u00f3 el futuro de los motores di\u00e9sel, en unas declaraciones publicadas hoy en el diario econ\u00f3mico alem\u00e1n &quot;Handelsblatt&quot;. &quot;Se tendr\u00e1 que plantear la pregunta de si a partir de un momento dado debemos seguir invirtiendo mucho dinero a\u00fan\" \/>\n\t\t<meta name=\"twitter:creator\" content=\"@nbasturias\" \/>\n\t\t<meta name=\"twitter:image\" content=\"https:\/\/candas365.es\/noticias\/wp-content\/uploads\/2015\/06\/carretera.jpg\" \/>\n\t\t<meta name=\"twitter:label1\" content=\"Escrito por\" \/>\n\t\t<meta name=\"twitter:data1\" content=\"Cand\u00e1s 365\" \/>\n\t\t<meta name=\"twitter:label2\" content=\"Tiempo de lectura estimado\" \/>\n\t\t<meta name=\"twitter:data2\" content=\"1 minuto\" \/>\n\t\t<script type=\"application\/ld+json\" class=\"aioseo-schema\">\n\t\t\t{\"@context\":\"https:\\\/\\\/schema.org\",\"@graph\":[{\"@type\":\"BreadcrumbList\",\"@id\":\"https:\\\/\\\/candas365.es\\\/noticias\\\/jefe-de-volkswagen-cuestiona-el-futuro-de-los-motores-diesel\\\/#breadcrumblist\",\"itemListElement\":[{\"@type\":\"ListItem\",\"@id\":\"https:\\\/\\\/candas365.es\\\/noticias#listItem\",\"position\":1,\"name\":\"Home\",\"item\":\"https:\\\/\\\/candas365.es\\\/noticias\",\"nextItem\":{\"@type\":\"ListItem\",\"@id\":\"https:\\\/\\\/candas365.es\\\/noticias\\\/category\\\/actualidad\\\/#listItem\",\"name\":\"Actualidad\"}},{\"@type\":\"ListItem\",\"@id\":\"https:\\\/\\\/candas365.es\\\/noticias\\\/category\\\/actualidad\\\/#listItem\",\"position\":2,\"name\":\"Actualidad\",\"item\":\"https:\\\/\\\/candas365.es\\\/noticias\\\/category\\\/actualidad\\\/\",\"nextItem\":{\"@type\":\"ListItem\",\"@id\":\"https:\\\/\\\/candas365.es\\\/noticias\\\/jefe-de-volkswagen-cuestiona-el-futuro-de-los-motores-diesel\\\/#listItem\",\"name\":\"Jefe de Volkswagen cuestiona el futuro de los motores di\\u00e9sel\"},\"previousItem\":{\"@type\":\"ListItem\",\"@id\":\"https:\\\/\\\/candas365.es\\\/noticias#listItem\",\"name\":\"Home\"}},{\"@type\":\"ListItem\",\"@id\":\"https:\\\/\\\/candas365.es\\\/noticias\\\/jefe-de-volkswagen-cuestiona-el-futuro-de-los-motores-diesel\\\/#listItem\",\"position\":3,\"name\":\"Jefe de Volkswagen cuestiona el futuro de los motores di\\u00e9sel\",\"previousItem\":{\"@type\":\"ListItem\",\"@id\":\"https:\\\/\\\/candas365.es\\\/noticias\\\/category\\\/actualidad\\\/#listItem\",\"name\":\"Actualidad\"}}]},{\"@type\":\"NewsArticle\",\"@id\":\"https:\\\/\\\/candas365.es\\\/noticias\\\/jefe-de-volkswagen-cuestiona-el-futuro-de-los-motores-diesel\\\/#newsarticle\",\"name\":\"Jefe de Volkswagen cuestiona el futuro de los motores di\\u00e9sel | Cand\\u00e1s 365\",\"headline\":\"Jefe de Volkswagen cuestiona el futuro de los motores di\\u00e9sel\",\"author\":{\"@id\":\"https:\\\/\\\/candas365.es\\\/noticias\\\/author\\\/admin\\\/#author\"},\"publisher\":{\"@id\":\"https:\\\/\\\/candas365.es\\\/noticias\\\/#organization\"},\"image\":{\"@type\":\"ImageObject\",\"url\":\"https:\\\/\\\/candas365.es\\\/noticias\\\/wp-content\\\/uploads\\\/2015\\\/06\\\/carretera.jpg\",\"width\":655,\"height\":360},\"datePublished\":\"2016-06-22T01:35:31+02:00\",\"dateModified\":\"2016-06-22T01:35:31+02:00\",\"inLanguage\":\"es-ES\",\"mainEntityOfPage\":{\"@id\":\"https:\\\/\\\/candas365.es\\\/noticias\\\/jefe-de-volkswagen-cuestiona-el-futuro-de-los-motores-diesel\\\/#webpage\"},\"isPartOf\":{\"@id\":\"https:\\\/\\\/candas365.es\\\/noticias\\\/jefe-de-volkswagen-cuestiona-el-futuro-de-los-motores-diesel\\\/#webpage\"},\"articleSection\":\"Actualidad\",\"dateline\":\"Publicado el junio 22, 2016.\"},{\"@type\":\"Organization\",\"@id\":\"https:\\\/\\\/candas365.es\\\/noticias\\\/#organization\",\"name\":\"Cand\\u00e1s 365\",\"description\":\"Cand\\u00e1s 365 es un diario digital independiente, fundado en 2012, con base en Asturias. Informamos con rigor sobre actualidad, sociedad, cultura y ocio, con una mirada local y global.\",\"url\":\"https:\\\/\\\/candas365.es\\\/noticias\\\/\",\"email\":\"info@candas365.es\",\"telephone\":\"+34652131393\",\"foundingDate\":\"2012-06-10\",\"logo\":{\"@type\":\"ImageObject\",\"url\":\"https:\\\/\\\/candas365.es\\\/noticias\\\/wp-content\\\/uploads\\\/2024\\\/09\\\/Candas-365-Redes.jpg\",\"@id\":\"https:\\\/\\\/candas365.es\\\/noticias\\\/jefe-de-volkswagen-cuestiona-el-futuro-de-los-motores-diesel\\\/#organizationLogo\",\"width\":1152,\"height\":864,\"caption\":\"Cand\\u00e1s 365 Redes\"},\"image\":{\"@id\":\"https:\\\/\\\/candas365.es\\\/noticias\\\/jefe-de-volkswagen-cuestiona-el-futuro-de-los-motores-diesel\\\/#organizationLogo\"},\"sameAs\":[\"https:\\\/\\\/www.facebook.com\\\/Nachofdezber\",\"https:\\\/\\\/x.com\\\/NabercoDigital\",\"https:\\\/\\\/www.instagram.com\\\/nachofdezber\\\/\",\"https:\\\/\\\/www.youtube.com\\\/channel\\\/UCZP-2wLEB9Rv6erhFmqVnvg\"],\"address\":{\"@id\":\"https:\\\/\\\/candas365.es\\\/noticias\\\/#postaladdress\",\"@type\":\"PostalAddress\",\"streetAddress\":\"san antonio 4, san antonio 4\",\"postalCode\":\"33430\",\"addressLocality\":\"Cand\\u00e1s\",\"addressRegion\":\"Asturias\",\"addressCountry\":\"ES\"}},{\"@type\":\"Person\",\"@id\":\"https:\\\/\\\/candas365.es\\\/noticias\\\/author\\\/admin\\\/#author\",\"url\":\"https:\\\/\\\/candas365.es\\\/noticias\\\/author\\\/admin\\\/\",\"name\":\"Cand\\u00e1s 365\",\"image\":{\"@type\":\"ImageObject\",\"@id\":\"https:\\\/\\\/candas365.es\\\/noticias\\\/jefe-de-volkswagen-cuestiona-el-futuro-de-los-motores-diesel\\\/#authorImage\",\"url\":\"https:\\\/\\\/secure.gravatar.com\\\/avatar\\\/496a8e03d0c493ede1718b7934145dbdf8d89be1036b0eec9544e1094c9de390?s=96&d=mm&r=g\",\"width\":96,\"height\":96,\"caption\":\"Cand\\u00e1s 365\"},\"sameAs\":[\"https:\\\/\\\/www.facebook.com\\\/carrenoactualidad\",\"https:\\\/\\\/twitter.com\\\/nbasturias\",\"https:\\\/\\\/www.instagram.com\\\/nachofdezber\\\/\",\"https:\\\/\\\/www.youtube.com\\\/channel\\\/UCZP-2wLEB9Rv6erhFmqVnvg\"]},{\"@type\":\"WebPage\",\"@id\":\"https:\\\/\\\/candas365.es\\\/noticias\\\/jefe-de-volkswagen-cuestiona-el-futuro-de-los-motores-diesel\\\/#webpage\",\"url\":\"https:\\\/\\\/candas365.es\\\/noticias\\\/jefe-de-volkswagen-cuestiona-el-futuro-de-los-motores-diesel\\\/\",\"name\":\"Jefe de Volkswagen cuestiona el futuro de los motores di\\u00e9sel | Cand\\u00e1s 365\",\"description\":\"Wolfsburgo (Alemania), 21 jun (dpa) - El director ejecutivo del gigante automotor alem\\u00e1n Volkswagen (VW), Matthias M\\u00fcller, cuestion\\u00f3 el futuro de los motores di\\u00e9sel, en unas declaraciones publicadas hoy en el diario econ\\u00f3mico alem\\u00e1n \\\"Handelsblatt\\\". \\\"Se tendr\\u00e1 que plantear la pregunta de si a partir de un momento dado debemos seguir invirtiendo mucho dinero a\\u00fan\",\"inLanguage\":\"es-ES\",\"isPartOf\":{\"@id\":\"https:\\\/\\\/candas365.es\\\/noticias\\\/#website\"},\"breadcrumb\":{\"@id\":\"https:\\\/\\\/candas365.es\\\/noticias\\\/jefe-de-volkswagen-cuestiona-el-futuro-de-los-motores-diesel\\\/#breadcrumblist\"},\"author\":{\"@id\":\"https:\\\/\\\/candas365.es\\\/noticias\\\/author\\\/admin\\\/#author\"},\"creator\":{\"@id\":\"https:\\\/\\\/candas365.es\\\/noticias\\\/author\\\/admin\\\/#author\"},\"image\":{\"@type\":\"ImageObject\",\"url\":\"https:\\\/\\\/candas365.es\\\/noticias\\\/wp-content\\\/uploads\\\/2015\\\/06\\\/carretera.jpg\",\"@id\":\"https:\\\/\\\/candas365.es\\\/noticias\\\/jefe-de-volkswagen-cuestiona-el-futuro-de-los-motores-diesel\\\/#mainImage\",\"width\":655,\"height\":360},\"primaryImageOfPage\":{\"@id\":\"https:\\\/\\\/candas365.es\\\/noticias\\\/jefe-de-volkswagen-cuestiona-el-futuro-de-los-motores-diesel\\\/#mainImage\"},\"datePublished\":\"2016-06-22T01:35:31+02:00\",\"dateModified\":\"2016-06-22T01:35:31+02:00\"},{\"@type\":\"WebSite\",\"@id\":\"https:\\\/\\\/candas365.es\\\/noticias\\\/#website\",\"url\":\"https:\\\/\\\/candas365.es\\\/noticias\\\/\",\"name\":\"Cand\\u00e1s 365\",\"alternateName\":\"Cand\\u00e1s 365 Noticias\",\"description\":\"Actualidad desde Carre\\u00f1o para el mundo\",\"inLanguage\":\"es-ES\",\"publisher\":{\"@id\":\"https:\\\/\\\/candas365.es\\\/noticias\\\/#organization\"}}]}\n\t\t<\/script>\n\t\t<!-- All in One SEO Pro -->\r\n\t\t<title>Jefe de Volkswagen cuestiona el futuro de los motores di\u00e9sel | Cand\u00e1s 365<\/title>\n\n","aioseo_head_json":{"title":"Jefe de Volkswagen cuestiona el futuro de los motores di\u00e9sel | Cand\u00e1s 365","description":"Wolfsburgo (Alemania), 21 jun (dpa) - El director ejecutivo del gigante automotor alem\u00e1n Volkswagen (VW), Matthias M\u00fcller, cuestion\u00f3 el futuro de los motores di\u00e9sel, en unas declaraciones publicadas hoy en el diario econ\u00f3mico alem\u00e1n \"Handelsblatt\". \"Se tendr\u00e1 que plantear la pregunta de si a partir de un momento dado debemos seguir invirtiendo mucho dinero a\u00fan","canonical_url":"https:\/\/candas365.es\/noticias\/jefe-de-volkswagen-cuestiona-el-futuro-de-los-motores-diesel\/","robots":"max-image-preview:large","keywords":"actualidad","webmasterTools":{"google-site-verification":"UA-32230408-1","msvalidate.01":"354F3CDFB2DA171B47FBE9ABF1F88D5","miscellaneous":""},"schema":{"@context":"https:\/\/schema.org","@graph":[{"@type":"BreadcrumbList","@id":"https:\/\/candas365.es\/noticias\/jefe-de-volkswagen-cuestiona-el-futuro-de-los-motores-diesel\/#breadcrumblist","itemListElement":[{"@type":"ListItem","@id":"https:\/\/candas365.es\/noticias#listItem","position":1,"name":"Home","item":"https:\/\/candas365.es\/noticias","nextItem":{"@type":"ListItem","@id":"https:\/\/candas365.es\/noticias\/category\/actualidad\/#listItem","name":"Actualidad"}},{"@type":"ListItem","@id":"https:\/\/candas365.es\/noticias\/category\/actualidad\/#listItem","position":2,"name":"Actualidad","item":"https:\/\/candas365.es\/noticias\/category\/actualidad\/","nextItem":{"@type":"ListItem","@id":"https:\/\/candas365.es\/noticias\/jefe-de-volkswagen-cuestiona-el-futuro-de-los-motores-diesel\/#listItem","name":"Jefe de Volkswagen cuestiona el futuro de los motores di\u00e9sel"},"previousItem":{"@type":"ListItem","@id":"https:\/\/candas365.es\/noticias#listItem","name":"Home"}},{"@type":"ListItem","@id":"https:\/\/candas365.es\/noticias\/jefe-de-volkswagen-cuestiona-el-futuro-de-los-motores-diesel\/#listItem","position":3,"name":"Jefe de Volkswagen cuestiona el futuro de los motores di\u00e9sel","previousItem":{"@type":"ListItem","@id":"https:\/\/candas365.es\/noticias\/category\/actualidad\/#listItem","name":"Actualidad"}}]},{"@type":"NewsArticle","@id":"https:\/\/candas365.es\/noticias\/jefe-de-volkswagen-cuestiona-el-futuro-de-los-motores-diesel\/#newsarticle","name":"Jefe de Volkswagen cuestiona el futuro de los motores di\u00e9sel | Cand\u00e1s 365","headline":"Jefe de Volkswagen cuestiona el futuro de los motores di\u00e9sel","author":{"@id":"https:\/\/candas365.es\/noticias\/author\/admin\/#author"},"publisher":{"@id":"https:\/\/candas365.es\/noticias\/#organization"},"image":{"@type":"ImageObject","url":"https:\/\/candas365.es\/noticias\/wp-content\/uploads\/2015\/06\/carretera.jpg","width":655,"height":360},"datePublished":"2016-06-22T01:35:31+02:00","dateModified":"2016-06-22T01:35:31+02:00","inLanguage":"es-ES","mainEntityOfPage":{"@id":"https:\/\/candas365.es\/noticias\/jefe-de-volkswagen-cuestiona-el-futuro-de-los-motores-diesel\/#webpage"},"isPartOf":{"@id":"https:\/\/candas365.es\/noticias\/jefe-de-volkswagen-cuestiona-el-futuro-de-los-motores-diesel\/#webpage"},"articleSection":"Actualidad","dateline":"Publicado el junio 22, 2016."},{"@type":"Organization","@id":"https:\/\/candas365.es\/noticias\/#organization","name":"Cand\u00e1s 365","description":"Cand\u00e1s 365 es un diario digital independiente, fundado en 2012, con base en Asturias. Informamos con rigor sobre actualidad, sociedad, cultura y ocio, con una mirada local y global.","url":"https:\/\/candas365.es\/noticias\/","email":"info@candas365.es","telephone":"+34652131393","foundingDate":"2012-06-10","logo":{"@type":"ImageObject","url":"https:\/\/candas365.es\/noticias\/wp-content\/uploads\/2024\/09\/Candas-365-Redes.jpg","@id":"https:\/\/candas365.es\/noticias\/jefe-de-volkswagen-cuestiona-el-futuro-de-los-motores-diesel\/#organizationLogo","width":1152,"height":864,"caption":"Cand\u00e1s 365 Redes"},"image":{"@id":"https:\/\/candas365.es\/noticias\/jefe-de-volkswagen-cuestiona-el-futuro-de-los-motores-diesel\/#organizationLogo"},"sameAs":["https:\/\/www.facebook.com\/Nachofdezber","https:\/\/x.com\/NabercoDigital","https:\/\/www.instagram.com\/nachofdezber\/","https:\/\/www.youtube.com\/channel\/UCZP-2wLEB9Rv6erhFmqVnvg"],"address":{"@id":"https:\/\/candas365.es\/noticias\/#postaladdress","@type":"PostalAddress","streetAddress":"san antonio 4, san antonio 4","postalCode":"33430","addressLocality":"Cand\u00e1s","addressRegion":"Asturias","addressCountry":"ES"}},{"@type":"Person","@id":"https:\/\/candas365.es\/noticias\/author\/admin\/#author","url":"https:\/\/candas365.es\/noticias\/author\/admin\/","name":"Cand\u00e1s 365","image":{"@type":"ImageObject","@id":"https:\/\/candas365.es\/noticias\/jefe-de-volkswagen-cuestiona-el-futuro-de-los-motores-diesel\/#authorImage","url":"https:\/\/secure.gravatar.com\/avatar\/496a8e03d0c493ede1718b7934145dbdf8d89be1036b0eec9544e1094c9de390?s=96&d=mm&r=g","width":96,"height":96,"caption":"Cand\u00e1s 365"},"sameAs":["https:\/\/www.facebook.com\/carrenoactualidad","https:\/\/twitter.com\/nbasturias","https:\/\/www.instagram.com\/nachofdezber\/","https:\/\/www.youtube.com\/channel\/UCZP-2wLEB9Rv6erhFmqVnvg"]},{"@type":"WebPage","@id":"https:\/\/candas365.es\/noticias\/jefe-de-volkswagen-cuestiona-el-futuro-de-los-motores-diesel\/#webpage","url":"https:\/\/candas365.es\/noticias\/jefe-de-volkswagen-cuestiona-el-futuro-de-los-motores-diesel\/","name":"Jefe de Volkswagen cuestiona el futuro de los motores di\u00e9sel | Cand\u00e1s 365","description":"Wolfsburgo (Alemania), 21 jun (dpa) - El director ejecutivo del gigante automotor alem\u00e1n Volkswagen (VW), Matthias M\u00fcller, cuestion\u00f3 el futuro de los motores di\u00e9sel, en unas declaraciones publicadas hoy en el diario econ\u00f3mico alem\u00e1n \"Handelsblatt\". \"Se tendr\u00e1 que plantear la pregunta de si a partir de un momento dado debemos seguir invirtiendo mucho dinero a\u00fan","inLanguage":"es-ES","isPartOf":{"@id":"https:\/\/candas365.es\/noticias\/#website"},"breadcrumb":{"@id":"https:\/\/candas365.es\/noticias\/jefe-de-volkswagen-cuestiona-el-futuro-de-los-motores-diesel\/#breadcrumblist"},"author":{"@id":"https:\/\/candas365.es\/noticias\/author\/admin\/#author"},"creator":{"@id":"https:\/\/candas365.es\/noticias\/author\/admin\/#author"},"image":{"@type":"ImageObject","url":"https:\/\/candas365.es\/noticias\/wp-content\/uploads\/2015\/06\/carretera.jpg","@id":"https:\/\/candas365.es\/noticias\/jefe-de-volkswagen-cuestiona-el-futuro-de-los-motores-diesel\/#mainImage","width":655,"height":360},"primaryImageOfPage":{"@id":"https:\/\/candas365.es\/noticias\/jefe-de-volkswagen-cuestiona-el-futuro-de-los-motores-diesel\/#mainImage"},"datePublished":"2016-06-22T01:35:31+02:00","dateModified":"2016-06-22T01:35:31+02:00"},{"@type":"WebSite","@id":"https:\/\/candas365.es\/noticias\/#website","url":"https:\/\/candas365.es\/noticias\/","name":"Cand\u00e1s 365","alternateName":"Cand\u00e1s 365 Noticias","description":"Actualidad desde Carre\u00f1o para el mundo","inLanguage":"es-ES","publisher":{"@id":"https:\/\/candas365.es\/noticias\/#organization"}}]},"og:locale":"es_ES","og:site_name":"Cand\u00e1s 365","og:type":"article","og:title":"Jefe de Volkswagen cuestiona el futuro de los motores di\u00e9sel | Cand\u00e1s 365","og:description":"Wolfsburgo (Alemania), 21 jun (dpa) - El director ejecutivo del gigante automotor alem\u00e1n Volkswagen (VW), Matthias M\u00fcller, cuestion\u00f3 el futuro de los motores di\u00e9sel, en unas declaraciones publicadas hoy en el diario econ\u00f3mico alem\u00e1n &quot;Handelsblatt&quot;. &quot;Se tendr\u00e1 que plantear la pregunta de si a partir de un momento dado debemos seguir invirtiendo mucho dinero a\u00fan","og:url":"https:\/\/candas365.es\/noticias\/jefe-de-volkswagen-cuestiona-el-futuro-de-los-motores-diesel\/","og:image":"https:\/\/candas365.es\/noticias\/wp-content\/uploads\/2015\/06\/carretera.jpg","og:image:secure_url":"https:\/\/candas365.es\/noticias\/wp-content\/uploads\/2015\/06\/carretera.jpg","og:image:width":655,"og:image:height":360,"article:published_time":"2016-06-22T00:05:31+00:00","article:modified_time":"2016-06-22T00:05:31+00:00","article:publisher":"https:\/\/www.facebook.com\/Nachofdezber","article:author":"https:\/\/www.facebook.com\/carrenoactualidad","twitter:card":"summary_large_image","twitter:site":"@NabercoDigital","twitter:title":"Jefe de Volkswagen cuestiona el futuro de los motores di\u00e9sel | Cand\u00e1s 365","twitter:description":"Wolfsburgo (Alemania), 21 jun (dpa) - El director ejecutivo del gigante automotor alem\u00e1n Volkswagen (VW), Matthias M\u00fcller, cuestion\u00f3 el futuro de los motores di\u00e9sel, en unas declaraciones publicadas hoy en el diario econ\u00f3mico alem\u00e1n &quot;Handelsblatt&quot;. &quot;Se tendr\u00e1 que plantear la pregunta de si a partir de un momento dado debemos seguir invirtiendo mucho dinero a\u00fan","twitter:creator":"@nbasturias","twitter:image":"https:\/\/candas365.es\/noticias\/wp-content\/uploads\/2015\/06\/carretera.jpg","twitter:label1":"Escrito por","twitter:data1":"Cand\u00e1s 365","twitter:label2":"Tiempo de lectura estimado","twitter:data2":"1 minuto"},"aioseo_meta_data":{"post_id":"30965","title":null,"description":null,"keywords":null,"keyphrases":null,"primary_term":null,"canonical_url":null,"og_title":null,"og_description":null,"og_object_type":"default","og_image_type":"default","og_image_url":null,"og_image_width":null,"og_image_height":null,"og_image_custom_url":null,"og_image_custom_fields":null,"og_video":null,"og_custom_url":null,"og_article_section":null,"og_article_tags":null,"twitter_use_og":false,"twitter_card":"default","twitter_image_type":"default","twitter_image_url":null,"twitter_image_custom_url":null,"twitter_image_custom_fields":null,"twitter_title":null,"twitter_description":null,"schema":{"blockGraphs":[],"customGraphs":[],"default":{"data":{"Article":[],"Course":[],"Dataset":[],"FAQPage":[],"Movie":[],"Person":[],"Product":[],"ProductReview":[],"Car":[],"Recipe":[],"Service":[],"SoftwareApplication":[],"WebPage":[]},"graphName":"","isEnabled":true},"graphs":[],"defaultGraph":"","defaultPostTypeGraph":""},"schema_type":null,"schema_type_options":null,"pillar_content":false,"robots_default":true,"robots_noindex":false,"robots_noarchive":false,"robots_nosnippet":false,"robots_nofollow":false,"robots_noimageindex":false,"robots_noodp":false,"robots_notranslate":false,"robots_max_snippet":null,"robots_max_videopreview":null,"robots_max_imagepreview":"large","priority":null,"frequency":null,"location":null,"local_seo":null,"seo_analyzer_scan_date":"2025-08-24 13:13:11","breadcrumb_settings":null,"limit_modified_date":false,"reviewed_by":null,"open_ai":null,"ai":null,"created":"2020-12-21 12:59:46","updated":"2025-08-24 13:13:11"},"aioseo_breadcrumb":"<div class=\"aioseo-breadcrumbs\"><span class=\"aioseo-breadcrumb\">\n\t<a href=\"https:\/\/candas365.es\/noticias\" title=\"Home\">Home<\/a>\n<\/span><span class=\"aioseo-breadcrumb-separator\">&ndash;<\/span><span class=\"aioseo-breadcrumb\">\n\t<a href=\"https:\/\/candas365.es\/noticias\/category\/actualidad\/\" title=\"Actualidad\">Actualidad<\/a>\n<\/span><span class=\"aioseo-breadcrumb-separator\">&ndash;<\/span><span class=\"aioseo-breadcrumb\">\n\tJefe de Volkswagen cuestiona el futuro de los motores di\u00e9sel\n<\/span><\/div>","aioseo_breadcrumb_json":[{"label":"Home","link":"https:\/\/candas365.es\/noticias"},{"label":"Actualidad","link":"https:\/\/candas365.es\/noticias\/category\/actualidad\/"},{"label":"Jefe de Volkswagen cuestiona el futuro de los motores di\u00e9sel","link":"https:\/\/candas365.es\/noticias\/jefe-de-volkswagen-cuestiona-el-futuro-de-los-motores-diesel\/"}],"_links":{"self":[{"href":"https:\/\/candas365.es\/noticias\/wp-json\/wp\/v2\/posts\/30965","targetHints":{"allow":["GET"]}}],"collection":[{"href":"https:\/\/candas365.es\/noticias\/wp-json\/wp\/v2\/posts"}],"about":[{"href":"https:\/\/candas365.es\/noticias\/wp-json\/wp\/v2\/types\/post"}],"author":[{"embeddable":true,"href":"https:\/\/candas365.es\/noticias\/wp-json\/wp\/v2\/users\/1"}],"replies":[{"embeddable":true,"href":"https:\/\/candas365.es\/noticias\/wp-json\/wp\/v2\/comments?post=30965"}],"version-history":[{"count":0,"href":"https:\/\/candas365.es\/noticias\/wp-json\/wp\/v2\/posts\/30965\/revisions"}],"wp:featuredmedia":[{"embeddable":true,"href":"https:\/\/candas365.es\/noticias\/wp-json\/wp\/v2\/media\/11776"}],"wp:attachment":[{"href":"https:\/\/candas365.es\/noticias\/wp-json\/wp\/v2\/media?parent=30965"}],"wp:term":[{"taxonomy":"category","embeddable":true,"href":"https:\/\/candas365.es\/noticias\/wp-json\/wp\/v2\/categories?post=30965"},{"taxonomy":"post_tag","embeddable":true,"href":"https:\/\/candas365.es\/noticias\/wp-json\/wp\/v2\/tags?post=30965"}],"curies":[{"name":"wp","href":"https:\/\/api.w.org\/{rel}","templated":true}]}}