{"id":30959,"date":"2016-06-22T01:33:23","date_gmt":"2016-06-22T00:03:23","guid":{"rendered":"http:\/\/candas365.es\/noticias\/?p=30959"},"modified":"2016-06-22T01:33:23","modified_gmt":"2016-06-22T00:03:23","slug":"constitucional-aleman-avala-la-compra-de-deuda-por-parte-del-bce","status":"publish","type":"post","link":"https:\/\/candas365.es\/noticias\/constitucional-aleman-avala-la-compra-de-deuda-por-parte-del-bce\/","title":{"rendered":"Constitucional alem\u00e1n avala la compra de deuda por parte del BCE"},"content":{"rendered":"<p>Karlsruhe (Alemania), 21 jun (dpa) &#8211; El Banco Central Europeo (BCE) puede, en caso de emergencia, apoyar a los pa\u00edses en crisis de la zona euro a trav\u00e9s de la compra de deuda p\u00fablica, dictamin\u00f3 hoy el Tribunal Constitucional alem\u00e1n.<\/p>\n<p>El m\u00e1ximo \u00f3rgano de la Justicia alemana rechaz\u00f3 las demandas interpuestas contra el BCE por haber excedido supuestamente sus competencias con las llamadas Transacciones Monetarias Directas (OMT, por sus siglas en ingl\u00e9s) y apoy\u00f3 el dictamen emitido por el Tribunal Europeo en 2015.<\/p>\n<p>Si bien el tribunal tiene a\u00fan reparos, se ve ligado a la jurisprudencia de la corte de Luxemburgo, afirm\u00f3 el presidente del Constitucional alem\u00e1n, Andreas Vosskuhle. La comunidad jur\u00eddica europea sali\u00f3 fortalecida de este proceso, agreg\u00f3.<\/p>\n<p>Sin embargo, la Justicia alemana estableci\u00f3 que la compra de deuda solo podr\u00e1 aplicarse bajo ciertas condiciones. La compra de deuda de un pa\u00eds determinado no podr\u00e1 anunciarse previamente, su volumen deber\u00e1 estar limitado anteriormente y entre la emisi\u00f3n de un bono del Estado y su compra a manos del BCE debe fijarse un plazo suficientemente largo para no falsear las condiciones de emisi\u00f3n.<\/p>\n<p>Asimismo, s\u00f3lo se podr\u00e1 comprar deuda de Estados que a\u00fan puedan acceder a los mercados para financiarse y el Bundesbank podr\u00e1 participar en estas operaciones en un futuro s\u00f3lo bajo la observaci\u00f3n del Gobierno alem\u00e1n y del Parlamento germano.<\/p>\n<p>El BCE aprob\u00f3 sus controvertidas OMT en septiembre de 2012, en el punto m\u00e1s \u00e1lgido de la crisis, para poder comprar deuda p\u00fablica de pa\u00edses con problemas para financiarse en los mercados. La condici\u00f3n era que el solicitante se acogiera antes a un rescate europeo y cumpliera con las respectivas condiciones de reformas y ahorro.<\/p>\n<p>El programa, que siempre cont\u00f3 con el rechazo de Alemania, no se aplic\u00f3 nunca hasta ahora. Su anuncio bast\u00f3 para rebajar la presi\u00f3n de los mercados sobre la deuda de pa\u00edses como Espa\u00f1a o Italia.<\/p>\n<p>Diversos pol\u00edticos euroesc\u00e9pticos alemanes, entre los que se encontraban parlamentarios de La Izquierda y el pol\u00edtico cristianosocial Peter Gauweiler, y plataformas ciudadanas recurrieron las OMT ante el Constitucional de Karlsruhe, que en 2014 decidi\u00f3 elevar la causa al Tribunal Europeo para que analizara el caso.<\/p>\n<p>Fue la primera vez en la historia que el Constitucional alem\u00e1n elevaba una cuesti\u00f3n legal a la Corte Europea en Luxemburgo. En junio de 2015, este tribunal dictamin\u00f3 que el BCE tiene atribuciones para llevar adelante el programa de compra de deuda y la causa volvi\u00f3 al Constitucional alem\u00e1n, que reanud\u00f3 el juicio en febrero de este a\u00f1o.<\/p>\n<p>La corte no tiene poder para frenar el programa porque el BCE es independiente de la Justicia alemana. Sin embargo, un dictamen negativo hubiera sido un golpe a la confianza en las pol\u00edticas anticrisis del BCE.<\/p>\n","protected":false},"excerpt":{"rendered":"<p>Karlsruhe (Alemania), 21 jun (dpa) &#8211; El Banco Central Europeo (BCE) puede, en caso de emergencia, apoyar a los pa\u00edses en crisis de la zona euro a trav\u00e9s de la compra de deuda p\u00fablica, dictamin\u00f3 hoy el Tribunal Constitucional alem\u00e1n. El m\u00e1ximo \u00f3rgano de la Justicia alemana rechaz\u00f3 las demandas interpuestas contra el BCE por<\/p>\n","protected":false},"author":1,"featured_media":16457,"comment_status":"closed","ping_status":"closed","sticky":false,"template":"","format":"standard","meta":{"footnotes":""},"categories":[343],"tags":[],"class_list":{"0":"post-30959","1":"post","2":"type-post","3":"status-publish","4":"format-standard","5":"has-post-thumbnail","7":"category-actualidad"},"aioseo_notices":[],"aioseo_head":"\n\t\t<!-- All in One SEO Pro 4.9.6.2 - aioseo.com -->\n\t<meta name=\"description\" content=\"Karlsruhe (Alemania), 21 jun (dpa) - El Banco Central Europeo (BCE) puede, en caso de emergencia, apoyar a los pa\u00edses en crisis de la zona euro a trav\u00e9s de la compra de deuda p\u00fablica, dictamin\u00f3 hoy el Tribunal Constitucional alem\u00e1n. El m\u00e1ximo \u00f3rgano de la Justicia alemana rechaz\u00f3 las demandas interpuestas contra el BCE por\" \/>\n\t<meta name=\"robots\" content=\"max-image-preview:large\" \/>\n\t<meta name=\"author\" content=\"Cand\u00e1s 365\"\/>\n\t<meta name=\"google-site-verification\" content=\"UA-32230408-1\" \/>\n\t<meta name=\"msvalidate.01\" content=\"354F3CDFB2DA171B47FBE9ABF1F88D5\" \/>\n\t<meta name=\"keywords\" content=\"actualidad\" \/>\n\t<link rel=\"canonical\" href=\"https:\/\/candas365.es\/noticias\/constitucional-aleman-avala-la-compra-de-deuda-por-parte-del-bce\/\" \/>\n\t<meta name=\"generator\" content=\"All in One SEO Pro (AIOSEO) 4.9.6.2\" \/>\n\t\t<meta property=\"og:locale\" content=\"es_ES\" \/>\n\t\t<meta property=\"og:site_name\" content=\"Cand\u00e1s 365\" \/>\n\t\t<meta property=\"og:type\" content=\"article\" \/>\n\t\t<meta property=\"og:title\" content=\"Constitucional alem\u00e1n avala la compra de deuda por parte del BCE | Cand\u00e1s 365\" \/>\n\t\t<meta property=\"og:description\" content=\"Karlsruhe (Alemania), 21 jun (dpa) - El Banco Central Europeo (BCE) puede, en caso de emergencia, apoyar a los pa\u00edses en crisis de la zona euro a trav\u00e9s de la compra de deuda p\u00fablica, dictamin\u00f3 hoy el Tribunal Constitucional alem\u00e1n. El m\u00e1ximo \u00f3rgano de la Justicia alemana rechaz\u00f3 las demandas interpuestas contra el BCE por\" \/>\n\t\t<meta property=\"og:url\" content=\"https:\/\/candas365.es\/noticias\/constitucional-aleman-avala-la-compra-de-deuda-por-parte-del-bce\/\" \/>\n\t\t<meta property=\"og:image\" content=\"https:\/\/candas365.es\/noticias\/wp-content\/uploads\/2015\/09\/c365noticias.jpg\" \/>\n\t\t<meta property=\"og:image:secure_url\" content=\"https:\/\/candas365.es\/noticias\/wp-content\/uploads\/2015\/09\/c365noticias.jpg\" \/>\n\t\t<meta property=\"og:image:width\" content=\"655\" \/>\n\t\t<meta property=\"og:image:height\" content=\"360\" \/>\n\t\t<meta property=\"article:published_time\" content=\"2016-06-22T00:03:23+00:00\" \/>\n\t\t<meta property=\"article:modified_time\" content=\"2016-06-22T00:03:23+00:00\" \/>\n\t\t<meta property=\"article:publisher\" content=\"https:\/\/www.facebook.com\/Nachofdezber\" \/>\n\t\t<meta property=\"article:author\" content=\"https:\/\/www.facebook.com\/carrenoactualidad\" \/>\n\t\t<meta name=\"twitter:card\" content=\"summary_large_image\" \/>\n\t\t<meta name=\"twitter:site\" content=\"@NabercoDigital\" \/>\n\t\t<meta name=\"twitter:title\" content=\"Constitucional alem\u00e1n avala la compra de deuda por parte del BCE | Cand\u00e1s 365\" \/>\n\t\t<meta name=\"twitter:description\" content=\"Karlsruhe (Alemania), 21 jun (dpa) - El Banco Central Europeo (BCE) puede, en caso de emergencia, apoyar a los pa\u00edses en crisis de la zona euro a trav\u00e9s de la compra de deuda p\u00fablica, dictamin\u00f3 hoy el Tribunal Constitucional alem\u00e1n. El m\u00e1ximo \u00f3rgano de la Justicia alemana rechaz\u00f3 las demandas interpuestas contra el BCE por\" \/>\n\t\t<meta name=\"twitter:creator\" content=\"@nbasturias\" \/>\n\t\t<meta name=\"twitter:image\" content=\"https:\/\/candas365.es\/noticias\/wp-content\/uploads\/2015\/09\/c365noticias.jpg\" \/>\n\t\t<meta name=\"twitter:label1\" content=\"Escrito por\" \/>\n\t\t<meta name=\"twitter:data1\" content=\"Cand\u00e1s 365\" \/>\n\t\t<meta name=\"twitter:label2\" content=\"Tiempo de lectura estimado\" \/>\n\t\t<meta name=\"twitter:data2\" content=\"2 minutos\" \/>\n\t\t<script type=\"application\/ld+json\" class=\"aioseo-schema\">\n\t\t\t{\"@context\":\"https:\\\/\\\/schema.org\",\"@graph\":[{\"@type\":\"BreadcrumbList\",\"@id\":\"https:\\\/\\\/candas365.es\\\/noticias\\\/constitucional-aleman-avala-la-compra-de-deuda-por-parte-del-bce\\\/#breadcrumblist\",\"itemListElement\":[{\"@type\":\"ListItem\",\"@id\":\"https:\\\/\\\/candas365.es\\\/noticias#listItem\",\"position\":1,\"name\":\"Home\",\"item\":\"https:\\\/\\\/candas365.es\\\/noticias\",\"nextItem\":{\"@type\":\"ListItem\",\"@id\":\"https:\\\/\\\/candas365.es\\\/noticias\\\/category\\\/actualidad\\\/#listItem\",\"name\":\"Actualidad\"}},{\"@type\":\"ListItem\",\"@id\":\"https:\\\/\\\/candas365.es\\\/noticias\\\/category\\\/actualidad\\\/#listItem\",\"position\":2,\"name\":\"Actualidad\",\"item\":\"https:\\\/\\\/candas365.es\\\/noticias\\\/category\\\/actualidad\\\/\",\"nextItem\":{\"@type\":\"ListItem\",\"@id\":\"https:\\\/\\\/candas365.es\\\/noticias\\\/constitucional-aleman-avala-la-compra-de-deuda-por-parte-del-bce\\\/#listItem\",\"name\":\"Constitucional alem\\u00e1n avala la compra de deuda por parte del BCE\"},\"previousItem\":{\"@type\":\"ListItem\",\"@id\":\"https:\\\/\\\/candas365.es\\\/noticias#listItem\",\"name\":\"Home\"}},{\"@type\":\"ListItem\",\"@id\":\"https:\\\/\\\/candas365.es\\\/noticias\\\/constitucional-aleman-avala-la-compra-de-deuda-por-parte-del-bce\\\/#listItem\",\"position\":3,\"name\":\"Constitucional alem\\u00e1n avala la compra de deuda por parte del BCE\",\"previousItem\":{\"@type\":\"ListItem\",\"@id\":\"https:\\\/\\\/candas365.es\\\/noticias\\\/category\\\/actualidad\\\/#listItem\",\"name\":\"Actualidad\"}}]},{\"@type\":\"NewsArticle\",\"@id\":\"https:\\\/\\\/candas365.es\\\/noticias\\\/constitucional-aleman-avala-la-compra-de-deuda-por-parte-del-bce\\\/#newsarticle\",\"name\":\"Constitucional alem\\u00e1n avala la compra de deuda por parte del BCE | Cand\\u00e1s 365\",\"headline\":\"Constitucional alem\\u00e1n avala la compra de deuda por parte del BCE\",\"author\":{\"@id\":\"https:\\\/\\\/candas365.es\\\/noticias\\\/author\\\/admin\\\/#author\"},\"publisher\":{\"@id\":\"https:\\\/\\\/candas365.es\\\/noticias\\\/#organization\"},\"image\":{\"@type\":\"ImageObject\",\"url\":\"https:\\\/\\\/candas365.es\\\/noticias\\\/wp-content\\\/uploads\\\/2015\\\/09\\\/c365noticias.jpg\",\"width\":655,\"height\":360},\"datePublished\":\"2016-06-22T01:33:23+02:00\",\"dateModified\":\"2016-06-22T01:33:23+02:00\",\"inLanguage\":\"es-ES\",\"mainEntityOfPage\":{\"@id\":\"https:\\\/\\\/candas365.es\\\/noticias\\\/constitucional-aleman-avala-la-compra-de-deuda-por-parte-del-bce\\\/#webpage\"},\"isPartOf\":{\"@id\":\"https:\\\/\\\/candas365.es\\\/noticias\\\/constitucional-aleman-avala-la-compra-de-deuda-por-parte-del-bce\\\/#webpage\"},\"articleSection\":\"Actualidad\",\"dateline\":\"Publicado el junio 22, 2016.\"},{\"@type\":\"Organization\",\"@id\":\"https:\\\/\\\/candas365.es\\\/noticias\\\/#organization\",\"name\":\"Cand\\u00e1s 365\",\"description\":\"Cand\\u00e1s 365 es un diario digital independiente, fundado en 2012, con base en Asturias. Informamos con rigor sobre actualidad, sociedad, cultura y ocio, con una mirada local y global.\",\"url\":\"https:\\\/\\\/candas365.es\\\/noticias\\\/\",\"email\":\"info@candas365.es\",\"telephone\":\"+34652131393\",\"foundingDate\":\"2012-06-10\",\"logo\":{\"@type\":\"ImageObject\",\"url\":\"https:\\\/\\\/candas365.es\\\/noticias\\\/wp-content\\\/uploads\\\/2024\\\/09\\\/Candas-365-Redes.jpg\",\"@id\":\"https:\\\/\\\/candas365.es\\\/noticias\\\/constitucional-aleman-avala-la-compra-de-deuda-por-parte-del-bce\\\/#organizationLogo\",\"width\":1152,\"height\":864,\"caption\":\"Cand\\u00e1s 365 Redes\"},\"image\":{\"@id\":\"https:\\\/\\\/candas365.es\\\/noticias\\\/constitucional-aleman-avala-la-compra-de-deuda-por-parte-del-bce\\\/#organizationLogo\"},\"sameAs\":[\"https:\\\/\\\/www.facebook.com\\\/Nachofdezber\",\"https:\\\/\\\/x.com\\\/NabercoDigital\",\"https:\\\/\\\/www.instagram.com\\\/nachofdezber\\\/\",\"https:\\\/\\\/www.youtube.com\\\/channel\\\/UCZP-2wLEB9Rv6erhFmqVnvg\"],\"address\":{\"@id\":\"https:\\\/\\\/candas365.es\\\/noticias\\\/#postaladdress\",\"@type\":\"PostalAddress\",\"streetAddress\":\"san antonio 4, san antonio 4\",\"postalCode\":\"33430\",\"addressLocality\":\"Cand\\u00e1s\",\"addressRegion\":\"Asturias\",\"addressCountry\":\"ES\"}},{\"@type\":\"Person\",\"@id\":\"https:\\\/\\\/candas365.es\\\/noticias\\\/author\\\/admin\\\/#author\",\"url\":\"https:\\\/\\\/candas365.es\\\/noticias\\\/author\\\/admin\\\/\",\"name\":\"Cand\\u00e1s 365\",\"image\":{\"@type\":\"ImageObject\",\"@id\":\"https:\\\/\\\/candas365.es\\\/noticias\\\/constitucional-aleman-avala-la-compra-de-deuda-por-parte-del-bce\\\/#authorImage\",\"url\":\"https:\\\/\\\/secure.gravatar.com\\\/avatar\\\/496a8e03d0c493ede1718b7934145dbdf8d89be1036b0eec9544e1094c9de390?s=96&d=mm&r=g\",\"width\":96,\"height\":96,\"caption\":\"Cand\\u00e1s 365\"},\"sameAs\":[\"https:\\\/\\\/www.facebook.com\\\/carrenoactualidad\",\"https:\\\/\\\/twitter.com\\\/nbasturias\",\"https:\\\/\\\/www.instagram.com\\\/nachofdezber\\\/\",\"https:\\\/\\\/www.youtube.com\\\/channel\\\/UCZP-2wLEB9Rv6erhFmqVnvg\"]},{\"@type\":\"WebPage\",\"@id\":\"https:\\\/\\\/candas365.es\\\/noticias\\\/constitucional-aleman-avala-la-compra-de-deuda-por-parte-del-bce\\\/#webpage\",\"url\":\"https:\\\/\\\/candas365.es\\\/noticias\\\/constitucional-aleman-avala-la-compra-de-deuda-por-parte-del-bce\\\/\",\"name\":\"Constitucional alem\\u00e1n avala la compra de deuda por parte del BCE | Cand\\u00e1s 365\",\"description\":\"Karlsruhe (Alemania), 21 jun (dpa) - El Banco Central Europeo (BCE) puede, en caso de emergencia, apoyar a los pa\\u00edses en crisis de la zona euro a trav\\u00e9s de la compra de deuda p\\u00fablica, dictamin\\u00f3 hoy el Tribunal Constitucional alem\\u00e1n. El m\\u00e1ximo \\u00f3rgano de la Justicia alemana rechaz\\u00f3 las demandas interpuestas contra el BCE por\",\"inLanguage\":\"es-ES\",\"isPartOf\":{\"@id\":\"https:\\\/\\\/candas365.es\\\/noticias\\\/#website\"},\"breadcrumb\":{\"@id\":\"https:\\\/\\\/candas365.es\\\/noticias\\\/constitucional-aleman-avala-la-compra-de-deuda-por-parte-del-bce\\\/#breadcrumblist\"},\"author\":{\"@id\":\"https:\\\/\\\/candas365.es\\\/noticias\\\/author\\\/admin\\\/#author\"},\"creator\":{\"@id\":\"https:\\\/\\\/candas365.es\\\/noticias\\\/author\\\/admin\\\/#author\"},\"image\":{\"@type\":\"ImageObject\",\"url\":\"https:\\\/\\\/candas365.es\\\/noticias\\\/wp-content\\\/uploads\\\/2015\\\/09\\\/c365noticias.jpg\",\"@id\":\"https:\\\/\\\/candas365.es\\\/noticias\\\/constitucional-aleman-avala-la-compra-de-deuda-por-parte-del-bce\\\/#mainImage\",\"width\":655,\"height\":360},\"primaryImageOfPage\":{\"@id\":\"https:\\\/\\\/candas365.es\\\/noticias\\\/constitucional-aleman-avala-la-compra-de-deuda-por-parte-del-bce\\\/#mainImage\"},\"datePublished\":\"2016-06-22T01:33:23+02:00\",\"dateModified\":\"2016-06-22T01:33:23+02:00\"},{\"@type\":\"WebSite\",\"@id\":\"https:\\\/\\\/candas365.es\\\/noticias\\\/#website\",\"url\":\"https:\\\/\\\/candas365.es\\\/noticias\\\/\",\"name\":\"Cand\\u00e1s 365\",\"alternateName\":\"Cand\\u00e1s 365 Noticias\",\"description\":\"Actualidad desde Carre\\u00f1o para el mundo\",\"inLanguage\":\"es-ES\",\"publisher\":{\"@id\":\"https:\\\/\\\/candas365.es\\\/noticias\\\/#organization\"}}]}\n\t\t<\/script>\n\t\t<!-- All in One SEO Pro -->\r\n\t\t<title>Constitucional alem\u00e1n avala la compra de deuda por parte del BCE | Cand\u00e1s 365<\/title>\n\n","aioseo_head_json":{"title":"Constitucional alem\u00e1n avala la compra de deuda por parte del BCE | Cand\u00e1s 365","description":"Karlsruhe (Alemania), 21 jun (dpa) - El Banco Central Europeo (BCE) puede, en caso de emergencia, apoyar a los pa\u00edses en crisis de la zona euro a trav\u00e9s de la compra de deuda p\u00fablica, dictamin\u00f3 hoy el Tribunal Constitucional alem\u00e1n. El m\u00e1ximo \u00f3rgano de la Justicia alemana rechaz\u00f3 las demandas interpuestas contra el BCE por","canonical_url":"https:\/\/candas365.es\/noticias\/constitucional-aleman-avala-la-compra-de-deuda-por-parte-del-bce\/","robots":"max-image-preview:large","keywords":"actualidad","webmasterTools":{"google-site-verification":"UA-32230408-1","msvalidate.01":"354F3CDFB2DA171B47FBE9ABF1F88D5","miscellaneous":""},"schema":{"@context":"https:\/\/schema.org","@graph":[{"@type":"BreadcrumbList","@id":"https:\/\/candas365.es\/noticias\/constitucional-aleman-avala-la-compra-de-deuda-por-parte-del-bce\/#breadcrumblist","itemListElement":[{"@type":"ListItem","@id":"https:\/\/candas365.es\/noticias#listItem","position":1,"name":"Home","item":"https:\/\/candas365.es\/noticias","nextItem":{"@type":"ListItem","@id":"https:\/\/candas365.es\/noticias\/category\/actualidad\/#listItem","name":"Actualidad"}},{"@type":"ListItem","@id":"https:\/\/candas365.es\/noticias\/category\/actualidad\/#listItem","position":2,"name":"Actualidad","item":"https:\/\/candas365.es\/noticias\/category\/actualidad\/","nextItem":{"@type":"ListItem","@id":"https:\/\/candas365.es\/noticias\/constitucional-aleman-avala-la-compra-de-deuda-por-parte-del-bce\/#listItem","name":"Constitucional alem\u00e1n avala la compra de deuda por parte del BCE"},"previousItem":{"@type":"ListItem","@id":"https:\/\/candas365.es\/noticias#listItem","name":"Home"}},{"@type":"ListItem","@id":"https:\/\/candas365.es\/noticias\/constitucional-aleman-avala-la-compra-de-deuda-por-parte-del-bce\/#listItem","position":3,"name":"Constitucional alem\u00e1n avala la compra de deuda por parte del BCE","previousItem":{"@type":"ListItem","@id":"https:\/\/candas365.es\/noticias\/category\/actualidad\/#listItem","name":"Actualidad"}}]},{"@type":"NewsArticle","@id":"https:\/\/candas365.es\/noticias\/constitucional-aleman-avala-la-compra-de-deuda-por-parte-del-bce\/#newsarticle","name":"Constitucional alem\u00e1n avala la compra de deuda por parte del BCE | Cand\u00e1s 365","headline":"Constitucional alem\u00e1n avala la compra de deuda por parte del BCE","author":{"@id":"https:\/\/candas365.es\/noticias\/author\/admin\/#author"},"publisher":{"@id":"https:\/\/candas365.es\/noticias\/#organization"},"image":{"@type":"ImageObject","url":"https:\/\/candas365.es\/noticias\/wp-content\/uploads\/2015\/09\/c365noticias.jpg","width":655,"height":360},"datePublished":"2016-06-22T01:33:23+02:00","dateModified":"2016-06-22T01:33:23+02:00","inLanguage":"es-ES","mainEntityOfPage":{"@id":"https:\/\/candas365.es\/noticias\/constitucional-aleman-avala-la-compra-de-deuda-por-parte-del-bce\/#webpage"},"isPartOf":{"@id":"https:\/\/candas365.es\/noticias\/constitucional-aleman-avala-la-compra-de-deuda-por-parte-del-bce\/#webpage"},"articleSection":"Actualidad","dateline":"Publicado el junio 22, 2016."},{"@type":"Organization","@id":"https:\/\/candas365.es\/noticias\/#organization","name":"Cand\u00e1s 365","description":"Cand\u00e1s 365 es un diario digital independiente, fundado en 2012, con base en Asturias. Informamos con rigor sobre actualidad, sociedad, cultura y ocio, con una mirada local y global.","url":"https:\/\/candas365.es\/noticias\/","email":"info@candas365.es","telephone":"+34652131393","foundingDate":"2012-06-10","logo":{"@type":"ImageObject","url":"https:\/\/candas365.es\/noticias\/wp-content\/uploads\/2024\/09\/Candas-365-Redes.jpg","@id":"https:\/\/candas365.es\/noticias\/constitucional-aleman-avala-la-compra-de-deuda-por-parte-del-bce\/#organizationLogo","width":1152,"height":864,"caption":"Cand\u00e1s 365 Redes"},"image":{"@id":"https:\/\/candas365.es\/noticias\/constitucional-aleman-avala-la-compra-de-deuda-por-parte-del-bce\/#organizationLogo"},"sameAs":["https:\/\/www.facebook.com\/Nachofdezber","https:\/\/x.com\/NabercoDigital","https:\/\/www.instagram.com\/nachofdezber\/","https:\/\/www.youtube.com\/channel\/UCZP-2wLEB9Rv6erhFmqVnvg"],"address":{"@id":"https:\/\/candas365.es\/noticias\/#postaladdress","@type":"PostalAddress","streetAddress":"san antonio 4, san antonio 4","postalCode":"33430","addressLocality":"Cand\u00e1s","addressRegion":"Asturias","addressCountry":"ES"}},{"@type":"Person","@id":"https:\/\/candas365.es\/noticias\/author\/admin\/#author","url":"https:\/\/candas365.es\/noticias\/author\/admin\/","name":"Cand\u00e1s 365","image":{"@type":"ImageObject","@id":"https:\/\/candas365.es\/noticias\/constitucional-aleman-avala-la-compra-de-deuda-por-parte-del-bce\/#authorImage","url":"https:\/\/secure.gravatar.com\/avatar\/496a8e03d0c493ede1718b7934145dbdf8d89be1036b0eec9544e1094c9de390?s=96&d=mm&r=g","width":96,"height":96,"caption":"Cand\u00e1s 365"},"sameAs":["https:\/\/www.facebook.com\/carrenoactualidad","https:\/\/twitter.com\/nbasturias","https:\/\/www.instagram.com\/nachofdezber\/","https:\/\/www.youtube.com\/channel\/UCZP-2wLEB9Rv6erhFmqVnvg"]},{"@type":"WebPage","@id":"https:\/\/candas365.es\/noticias\/constitucional-aleman-avala-la-compra-de-deuda-por-parte-del-bce\/#webpage","url":"https:\/\/candas365.es\/noticias\/constitucional-aleman-avala-la-compra-de-deuda-por-parte-del-bce\/","name":"Constitucional alem\u00e1n avala la compra de deuda por parte del BCE | Cand\u00e1s 365","description":"Karlsruhe (Alemania), 21 jun (dpa) - El Banco Central Europeo (BCE) puede, en caso de emergencia, apoyar a los pa\u00edses en crisis de la zona euro a trav\u00e9s de la compra de deuda p\u00fablica, dictamin\u00f3 hoy el Tribunal Constitucional alem\u00e1n. El m\u00e1ximo \u00f3rgano de la Justicia alemana rechaz\u00f3 las demandas interpuestas contra el BCE por","inLanguage":"es-ES","isPartOf":{"@id":"https:\/\/candas365.es\/noticias\/#website"},"breadcrumb":{"@id":"https:\/\/candas365.es\/noticias\/constitucional-aleman-avala-la-compra-de-deuda-por-parte-del-bce\/#breadcrumblist"},"author":{"@id":"https:\/\/candas365.es\/noticias\/author\/admin\/#author"},"creator":{"@id":"https:\/\/candas365.es\/noticias\/author\/admin\/#author"},"image":{"@type":"ImageObject","url":"https:\/\/candas365.es\/noticias\/wp-content\/uploads\/2015\/09\/c365noticias.jpg","@id":"https:\/\/candas365.es\/noticias\/constitucional-aleman-avala-la-compra-de-deuda-por-parte-del-bce\/#mainImage","width":655,"height":360},"primaryImageOfPage":{"@id":"https:\/\/candas365.es\/noticias\/constitucional-aleman-avala-la-compra-de-deuda-por-parte-del-bce\/#mainImage"},"datePublished":"2016-06-22T01:33:23+02:00","dateModified":"2016-06-22T01:33:23+02:00"},{"@type":"WebSite","@id":"https:\/\/candas365.es\/noticias\/#website","url":"https:\/\/candas365.es\/noticias\/","name":"Cand\u00e1s 365","alternateName":"Cand\u00e1s 365 Noticias","description":"Actualidad desde Carre\u00f1o para el mundo","inLanguage":"es-ES","publisher":{"@id":"https:\/\/candas365.es\/noticias\/#organization"}}]},"og:locale":"es_ES","og:site_name":"Cand\u00e1s 365","og:type":"article","og:title":"Constitucional alem\u00e1n avala la compra de deuda por parte del BCE | Cand\u00e1s 365","og:description":"Karlsruhe (Alemania), 21 jun (dpa) - El Banco Central Europeo (BCE) puede, en caso de emergencia, apoyar a los pa\u00edses en crisis de la zona euro a trav\u00e9s de la compra de deuda p\u00fablica, dictamin\u00f3 hoy el Tribunal Constitucional alem\u00e1n. El m\u00e1ximo \u00f3rgano de la Justicia alemana rechaz\u00f3 las demandas interpuestas contra el BCE por","og:url":"https:\/\/candas365.es\/noticias\/constitucional-aleman-avala-la-compra-de-deuda-por-parte-del-bce\/","og:image":"https:\/\/candas365.es\/noticias\/wp-content\/uploads\/2015\/09\/c365noticias.jpg","og:image:secure_url":"https:\/\/candas365.es\/noticias\/wp-content\/uploads\/2015\/09\/c365noticias.jpg","og:image:width":655,"og:image:height":360,"article:published_time":"2016-06-22T00:03:23+00:00","article:modified_time":"2016-06-22T00:03:23+00:00","article:publisher":"https:\/\/www.facebook.com\/Nachofdezber","article:author":"https:\/\/www.facebook.com\/carrenoactualidad","twitter:card":"summary_large_image","twitter:site":"@NabercoDigital","twitter:title":"Constitucional alem\u00e1n avala la compra de deuda por parte del BCE | Cand\u00e1s 365","twitter:description":"Karlsruhe (Alemania), 21 jun (dpa) - El Banco Central Europeo (BCE) puede, en caso de emergencia, apoyar a los pa\u00edses en crisis de la zona euro a trav\u00e9s de la compra de deuda p\u00fablica, dictamin\u00f3 hoy el Tribunal Constitucional alem\u00e1n. El m\u00e1ximo \u00f3rgano de la Justicia alemana rechaz\u00f3 las demandas interpuestas contra el BCE por","twitter:creator":"@nbasturias","twitter:image":"https:\/\/candas365.es\/noticias\/wp-content\/uploads\/2015\/09\/c365noticias.jpg","twitter:label1":"Escrito por","twitter:data1":"Cand\u00e1s 365","twitter:label2":"Tiempo de lectura estimado","twitter:data2":"2 minutos"},"aioseo_meta_data":{"post_id":"30959","title":null,"description":null,"keywords":null,"keyphrases":null,"primary_term":null,"canonical_url":null,"og_title":null,"og_description":null,"og_object_type":"default","og_image_type":"default","og_image_url":null,"og_image_width":null,"og_image_height":null,"og_image_custom_url":null,"og_image_custom_fields":null,"og_video":null,"og_custom_url":null,"og_article_section":null,"og_article_tags":null,"twitter_use_og":false,"twitter_card":"default","twitter_image_type":"default","twitter_image_url":null,"twitter_image_custom_url":null,"twitter_image_custom_fields":null,"twitter_title":null,"twitter_description":null,"schema":{"blockGraphs":[],"customGraphs":[],"default":{"data":{"Article":[],"Course":[],"Dataset":[],"FAQPage":[],"Movie":[],"Person":[],"Product":[],"ProductReview":[],"Car":[],"Recipe":[],"Service":[],"SoftwareApplication":[],"WebPage":[]},"graphName":"","isEnabled":true},"graphs":[]},"schema_type":null,"schema_type_options":null,"pillar_content":false,"robots_default":true,"robots_noindex":false,"robots_noarchive":false,"robots_nosnippet":false,"robots_nofollow":false,"robots_noimageindex":false,"robots_noodp":false,"robots_notranslate":false,"robots_max_snippet":null,"robots_max_videopreview":null,"robots_max_imagepreview":"large","priority":null,"frequency":null,"location":null,"local_seo":null,"seo_analyzer_scan_date":"2025-08-24 13:13:08","breadcrumb_settings":null,"limit_modified_date":false,"reviewed_by":null,"open_ai":null,"ai":null,"created":"2020-12-21 12:59:46","updated":"2025-08-24 13:13:08"},"aioseo_breadcrumb":"<div class=\"aioseo-breadcrumbs\"><span class=\"aioseo-breadcrumb\">\n\t<a href=\"https:\/\/candas365.es\/noticias\" title=\"Home\">Home<\/a>\n<\/span><span class=\"aioseo-breadcrumb-separator\">&ndash;<\/span><span class=\"aioseo-breadcrumb\">\n\t<a href=\"https:\/\/candas365.es\/noticias\/category\/actualidad\/\" title=\"Actualidad\">Actualidad<\/a>\n<\/span><span class=\"aioseo-breadcrumb-separator\">&ndash;<\/span><span class=\"aioseo-breadcrumb\">\n\tConstitucional alem\u00e1n avala la compra de deuda por parte del BCE\n<\/span><\/div>","aioseo_breadcrumb_json":[{"label":"Home","link":"https:\/\/candas365.es\/noticias"},{"label":"Actualidad","link":"https:\/\/candas365.es\/noticias\/category\/actualidad\/"},{"label":"Constitucional alem\u00e1n avala la compra de deuda por parte del BCE","link":"https:\/\/candas365.es\/noticias\/constitucional-aleman-avala-la-compra-de-deuda-por-parte-del-bce\/"}],"_links":{"self":[{"href":"https:\/\/candas365.es\/noticias\/wp-json\/wp\/v2\/posts\/30959","targetHints":{"allow":["GET"]}}],"collection":[{"href":"https:\/\/candas365.es\/noticias\/wp-json\/wp\/v2\/posts"}],"about":[{"href":"https:\/\/candas365.es\/noticias\/wp-json\/wp\/v2\/types\/post"}],"author":[{"embeddable":true,"href":"https:\/\/candas365.es\/noticias\/wp-json\/wp\/v2\/users\/1"}],"replies":[{"embeddable":true,"href":"https:\/\/candas365.es\/noticias\/wp-json\/wp\/v2\/comments?post=30959"}],"version-history":[{"count":0,"href":"https:\/\/candas365.es\/noticias\/wp-json\/wp\/v2\/posts\/30959\/revisions"}],"wp:featuredmedia":[{"embeddable":true,"href":"https:\/\/candas365.es\/noticias\/wp-json\/wp\/v2\/media\/16457"}],"wp:attachment":[{"href":"https:\/\/candas365.es\/noticias\/wp-json\/wp\/v2\/media?parent=30959"}],"wp:term":[{"taxonomy":"category","embeddable":true,"href":"https:\/\/candas365.es\/noticias\/wp-json\/wp\/v2\/categories?post=30959"},{"taxonomy":"post_tag","embeddable":true,"href":"https:\/\/candas365.es\/noticias\/wp-json\/wp\/v2\/tags?post=30959"}],"curies":[{"name":"wp","href":"https:\/\/api.w.org\/{rel}","templated":true}]}}