{"id":30894,"date":"2016-06-21T07:36:19","date_gmt":"2016-06-21T06:06:19","guid":{"rendered":"http:\/\/candas365.es\/noticias\/?p=30894"},"modified":"2016-06-21T07:36:19","modified_gmt":"2016-06-21T06:06:19","slug":"exito-y-emociones-en-la-gran-noche-de-publifestival","status":"publish","type":"post","link":"https:\/\/candas365.es\/noticias\/exito-y-emociones-en-la-gran-noche-de-publifestival\/","title":{"rendered":"\u00c9xito y emociones en la gran noche de Publifestival"},"content":{"rendered":"<p><img fetchpriority=\"high\" decoding=\"async\" class=\"alignleft size-medium wp-image-30895\" src=\"https:\/\/candas365.es\/noticias\/wp-content\/uploads\/2016\/06\/1466424228_publi3-360x240.jpg\" alt=\"1466424228_publi3\" width=\"360\" height=\"240\" srcset=\"https:\/\/candas365.es\/noticias\/wp-content\/uploads\/2016\/06\/1466424228_publi3-360x240.jpg 360w, https:\/\/candas365.es\/noticias\/wp-content\/uploads\/2016\/06\/1466424228_publi3-650x433.jpg 650w, https:\/\/candas365.es\/noticias\/wp-content\/uploads\/2016\/06\/1466424228_publi3-768x512.jpg 768w, https:\/\/candas365.es\/noticias\/wp-content\/uploads\/2016\/06\/1466424228_publi3-1536x1024.jpg 1536w, https:\/\/candas365.es\/noticias\/wp-content\/uploads\/2016\/06\/1466424228_publi3-150x100.jpg 150w, https:\/\/candas365.es\/noticias\/wp-content\/uploads\/2016\/06\/1466424228_publi3-450x300.jpg 450w, https:\/\/candas365.es\/noticias\/wp-content\/uploads\/2016\/06\/1466424228_publi3-1200x800.jpg 1200w, https:\/\/candas365.es\/noticias\/wp-content\/uploads\/2016\/06\/1466424228_publi3-1920x1280.jpg 1920w, https:\/\/candas365.es\/noticias\/wp-content\/uploads\/2016\/06\/1466424228_publi3-655x437.jpg 655w, https:\/\/candas365.es\/noticias\/wp-content\/uploads\/2016\/06\/1466424228_publi3-696x464.jpg 696w, https:\/\/candas365.es\/noticias\/wp-content\/uploads\/2016\/06\/1466424228_publi3-1068x712.jpg 1068w, https:\/\/candas365.es\/noticias\/wp-content\/uploads\/2016\/06\/1466424228_publi3-630x420.jpg 630w, https:\/\/candas365.es\/noticias\/wp-content\/uploads\/2016\/06\/1466424228_publi3-84x55.jpg 84w, https:\/\/candas365.es\/noticias\/wp-content\/uploads\/2016\/06\/1466424228_publi3.jpg 2000w\" sizes=\"(max-width: 360px) 100vw, 360px\" \/>\u00a1Felicidades, Publifestival!, fue la frase m\u00e1s repetida la pasada noche del 16 de Junio en CaixaForum Barcelona. Y no es para menos, y es que la edici\u00f3n 2016 se presum\u00eda la m\u00e1s especial del Festival Internacional de Publicidad Social y as\u00ed fue, no defraud\u00f3 a nadie. Una gala donde organizaci\u00f3n y premiados se fundieron en una comuni\u00f3n perfecta para brindar a los m\u00e1s de 15.000 espectadores online y 350 presentes un espect\u00e1culo de emociones y sentimientos sin precedentes que lleg\u00f3 a ser tendencia a nivel nacional en Twitter con el hasgtag #Publifestival10.<\/p>\n<p>A las 20:10 comenzaba el gran Jos\u00e9 Mar\u00eda \u00cd\u00f1igo a conducir una gala que por d\u00e9cima vez pretend\u00eda poner en valor a los publicistas, empresarios y anunciantes dedicados con ah\u00ednco a mejorar nuestra sociedad. La primera fila de butacas presentaba un elenco de personalidades congregadas para la ocasi\u00f3n entre las que destacaban M\u00f3nica Naranjo, Luis del Olmo, Irene Villa, Toni Segarra o Alfredo Men\u00e9ndez.<\/p>\n<p>Junto a ellos, el Jurado del festival representado por Richard Wakefield y Sergio Rodr\u00edguez. Tambi\u00e9n Jes\u00fas Verg\u00e9s, quien ofreci\u00f3 una conferencia previa a la gala.Tras ellos, cientos de invitados por parte de las agencias ganadoras para recoger sus premios. La gala comenzaba con las mejores frases que los miembros honor\u00edficos del festival han ido dejando en su trayectoria. Con todos estos ingredientes, s\u00f3lo faltaba la reina de la noche, la publicidad social.<\/p>\n<p>Como preludio se entregaron los Premios Empresa Social, considerados la rama empresarial de Publifestival y que reconocen a las empresas con mejores proyectos en Responsabilidad Social Corporativa. Hasta 9 empresas se repartieron las diferentes categor\u00edas del Palmar\u00e9s de este certamen que tambi\u00e9n estaba de aniversario, cumpli\u00e9ndose 5 ediciones de su celebraci\u00f3n. El Premio de Honor de los Premios Empresa recay\u00f3 para el famoso nadador David Meca, quien por motivos profesionales tuvo que saludar a los presentes a trav\u00e9s de un v\u00eddeo.<\/p>\n<p>Y tras los Premios Empresa Social, lleg\u00f3 el turno de las campa\u00f1as de publicidad m\u00e1s sociales y conmovedoras. Casi 40 agencias de publicidad y anunciantes conforman el palmar\u00e9s de esta edici\u00f3n donde la triunfadora fue la agencia Herederos de Rowan, entidad m\u00e1s premiada del festival con 9 galardones, 6 de ellos para el anunciante m\u00e1s premiado, BBK. En el apartado de j\u00f3venes talentos, la Universidad m\u00e1s Premiada en Publifestival 2016 fue Cesine, entidad que presum\u00eda adem\u00e1s del Joven Talento m\u00e1s premiado, en este caso la joven Irene Pascual con 12 premios.<\/p>\n<p>En la secci\u00f3n honor\u00edfica del festival, todos los premiados resaltaban la importancia y el privilegio de ser premiados por la faceta m\u00e1s social de su trayectoria. As\u00ed, M\u00f3nica Naranjo, Premio Publifestival TV a la cantante m\u00e1s comprometida, resalt\u00f3 que las mejores ideas sociales eran \u201clas que no entraban en la cabeza, pero s\u00ed en el coraz\u00f3n\u201d. El Premio de Honor a la trayectoria social fue para la periodista, escritora y deportista paraol\u00edmpica Irene Villa, que emocionada cont\u00f3 que su deber era devolver a la sociedad tanto cari\u00f1o y solidaridad como hab\u00eda recibido.<\/p>\n<p>Toni Segarra recogi\u00f3 el Premio de Honor a la trayectoria profesional y lo dedic\u00f3, adem\u00e1s de a su madre, a las empresas que, dijo, son las verdaderas promotoras y causantes de la publicidad. Por su parte, Alfredo Men\u00e9ndez recibi\u00f3 el Premio Luis del Olmo de la Academia Espa\u00f1ola de la Radio de manos del propio Luis del Olmo. El cap\u00edtulo de premios especiales se cerr\u00f3 con los Premios Salvador Escamilla de la Academia Catalana de la Radio, el Premio Internacional FIAP y el Premio AdnimalsFree de la Fundaci\u00f3n FAADA, entidad que adem\u00e1s a modo de sorpresa tuvo un emotivo reconocimiento hacia la Fundaci\u00f3n Mundo Ciudad, organizadora del evento.<\/p>\n<p>Precisamente la Fundaci\u00f3n Mundo Ciudad llev\u00f3 a cabo una important\u00edsima acci\u00f3n social dotando a los premiados de m\u00e1s de 200.000\u20ac en becas para estudios especializados en Responsabilidad Social Corporativa a trav\u00e9s de la prestigiosa escuela de negocios Campus Universitario Europeo. Otra de las novedades de la Acci\u00f3n Social fue la donaci\u00f3n de Parcelas en el Sol a todos los ganadores contribuyendo a la causa de su propietaria \u00c1ngeles Dur\u00e1n.<\/p>\n<p>Pueden consultar el palmar\u00e9s completo de la gala en su web www.publifestival.com as\u00ed como fotos, v\u00eddeos y m\u00e1s informaci\u00f3n.<\/p>\n<p>&nbsp;<\/p>\n","protected":false},"excerpt":{"rendered":"<p>\u00a1Felicidades, Publifestival!, fue la frase m\u00e1s repetida la pasada noche del 16 de Junio en CaixaForum Barcelona. Y no es para menos, y es que la edici\u00f3n 2016 se presum\u00eda la m\u00e1s especial del Festival Internacional de Publicidad Social y as\u00ed fue, no defraud\u00f3 a nadie. Una gala donde organizaci\u00f3n y premiados se fundieron en<\/p>\n","protected":false},"author":1,"featured_media":30895,"comment_status":"closed","ping_status":"closed","sticky":false,"template":"","format":"standard","meta":{"footnotes":""},"categories":[343],"tags":[],"class_list":{"0":"post-30894","1":"post","2":"type-post","3":"status-publish","4":"format-standard","5":"has-post-thumbnail","7":"category-actualidad"},"aioseo_notices":[],"aioseo_head":"\n\t\t<!-- All in One SEO Pro 4.9.6.2 - aioseo.com -->\n\t<meta name=\"description\" content=\"\u00a1Felicidades, Publifestival!, fue la frase m\u00e1s repetida la pasada noche del 16 de Junio en CaixaForum Barcelona. Y no es para menos, y es que la edici\u00f3n 2016 se presum\u00eda la m\u00e1s especial del Festival Internacional de Publicidad Social y as\u00ed fue, no defraud\u00f3 a nadie. Una gala donde organizaci\u00f3n y premiados se fundieron en\" \/>\n\t<meta name=\"robots\" content=\"max-image-preview:large\" \/>\n\t<meta name=\"author\" content=\"Cand\u00e1s 365\"\/>\n\t<meta name=\"google-site-verification\" content=\"UA-32230408-1\" \/>\n\t<meta name=\"msvalidate.01\" content=\"354F3CDFB2DA171B47FBE9ABF1F88D5\" \/>\n\t<meta name=\"keywords\" content=\"actualidad\" \/>\n\t<link rel=\"canonical\" href=\"https:\/\/candas365.es\/noticias\/exito-y-emociones-en-la-gran-noche-de-publifestival\/\" \/>\n\t<meta name=\"generator\" content=\"All in One SEO Pro (AIOSEO) 4.9.6.2\" \/>\n\t\t<meta property=\"og:locale\" content=\"es_ES\" \/>\n\t\t<meta property=\"og:site_name\" content=\"Cand\u00e1s 365\" \/>\n\t\t<meta property=\"og:type\" content=\"article\" \/>\n\t\t<meta property=\"og:title\" content=\"\u00c9xito y emociones en la gran noche de Publifestival | Cand\u00e1s 365\" \/>\n\t\t<meta property=\"og:description\" content=\"\u00a1Felicidades, Publifestival!, fue la frase m\u00e1s repetida la pasada noche del 16 de Junio en CaixaForum Barcelona. Y no es para menos, y es que la edici\u00f3n 2016 se presum\u00eda la m\u00e1s especial del Festival Internacional de Publicidad Social y as\u00ed fue, no defraud\u00f3 a nadie. Una gala donde organizaci\u00f3n y premiados se fundieron en\" \/>\n\t\t<meta property=\"og:url\" content=\"https:\/\/candas365.es\/noticias\/exito-y-emociones-en-la-gran-noche-de-publifestival\/\" \/>\n\t\t<meta property=\"og:image\" content=\"https:\/\/candas365.es\/noticias\/wp-content\/uploads\/2016\/06\/1466424228_publi3.jpg\" \/>\n\t\t<meta property=\"og:image:secure_url\" content=\"https:\/\/candas365.es\/noticias\/wp-content\/uploads\/2016\/06\/1466424228_publi3.jpg\" \/>\n\t\t<meta property=\"og:image:width\" content=\"2000\" \/>\n\t\t<meta property=\"og:image:height\" content=\"1333\" \/>\n\t\t<meta property=\"article:published_time\" content=\"2016-06-21T06:06:19+00:00\" \/>\n\t\t<meta property=\"article:modified_time\" content=\"2016-06-21T06:06:19+00:00\" \/>\n\t\t<meta property=\"article:publisher\" content=\"https:\/\/www.facebook.com\/Nachofdezber\" \/>\n\t\t<meta property=\"article:author\" content=\"https:\/\/www.facebook.com\/carrenoactualidad\" \/>\n\t\t<meta name=\"twitter:card\" content=\"summary_large_image\" \/>\n\t\t<meta name=\"twitter:site\" content=\"@NabercoDigital\" \/>\n\t\t<meta name=\"twitter:title\" content=\"\u00c9xito y emociones en la gran noche de Publifestival | Cand\u00e1s 365\" \/>\n\t\t<meta name=\"twitter:description\" content=\"\u00a1Felicidades, Publifestival!, fue la frase m\u00e1s repetida la pasada noche del 16 de Junio en CaixaForum Barcelona. Y no es para menos, y es que la edici\u00f3n 2016 se presum\u00eda la m\u00e1s especial del Festival Internacional de Publicidad Social y as\u00ed fue, no defraud\u00f3 a nadie. Una gala donde organizaci\u00f3n y premiados se fundieron en\" \/>\n\t\t<meta name=\"twitter:creator\" content=\"@nbasturias\" \/>\n\t\t<meta name=\"twitter:image\" content=\"https:\/\/candas365.es\/noticias\/wp-content\/uploads\/2016\/06\/1466424228_publi3.jpg\" \/>\n\t\t<meta name=\"twitter:label1\" content=\"Escrito por\" \/>\n\t\t<meta name=\"twitter:data1\" content=\"Cand\u00e1s 365\" \/>\n\t\t<meta name=\"twitter:label2\" content=\"Tiempo de lectura estimado\" \/>\n\t\t<meta name=\"twitter:data2\" content=\"4 minutos\" \/>\n\t\t<script type=\"application\/ld+json\" class=\"aioseo-schema\">\n\t\t\t{\"@context\":\"https:\\\/\\\/schema.org\",\"@graph\":[{\"@type\":\"BreadcrumbList\",\"@id\":\"https:\\\/\\\/candas365.es\\\/noticias\\\/exito-y-emociones-en-la-gran-noche-de-publifestival\\\/#breadcrumblist\",\"itemListElement\":[{\"@type\":\"ListItem\",\"@id\":\"https:\\\/\\\/candas365.es\\\/noticias#listItem\",\"position\":1,\"name\":\"Home\",\"item\":\"https:\\\/\\\/candas365.es\\\/noticias\",\"nextItem\":{\"@type\":\"ListItem\",\"@id\":\"https:\\\/\\\/candas365.es\\\/noticias\\\/category\\\/actualidad\\\/#listItem\",\"name\":\"Actualidad\"}},{\"@type\":\"ListItem\",\"@id\":\"https:\\\/\\\/candas365.es\\\/noticias\\\/category\\\/actualidad\\\/#listItem\",\"position\":2,\"name\":\"Actualidad\",\"item\":\"https:\\\/\\\/candas365.es\\\/noticias\\\/category\\\/actualidad\\\/\",\"nextItem\":{\"@type\":\"ListItem\",\"@id\":\"https:\\\/\\\/candas365.es\\\/noticias\\\/exito-y-emociones-en-la-gran-noche-de-publifestival\\\/#listItem\",\"name\":\"\\u00c9xito y emociones en la gran noche de Publifestival\"},\"previousItem\":{\"@type\":\"ListItem\",\"@id\":\"https:\\\/\\\/candas365.es\\\/noticias#listItem\",\"name\":\"Home\"}},{\"@type\":\"ListItem\",\"@id\":\"https:\\\/\\\/candas365.es\\\/noticias\\\/exito-y-emociones-en-la-gran-noche-de-publifestival\\\/#listItem\",\"position\":3,\"name\":\"\\u00c9xito y emociones en la gran noche de Publifestival\",\"previousItem\":{\"@type\":\"ListItem\",\"@id\":\"https:\\\/\\\/candas365.es\\\/noticias\\\/category\\\/actualidad\\\/#listItem\",\"name\":\"Actualidad\"}}]},{\"@type\":\"NewsArticle\",\"@id\":\"https:\\\/\\\/candas365.es\\\/noticias\\\/exito-y-emociones-en-la-gran-noche-de-publifestival\\\/#newsarticle\",\"name\":\"\\u00c9xito y emociones en la gran noche de Publifestival | Cand\\u00e1s 365\",\"headline\":\"\\u00c9xito y emociones en la gran noche de Publifestival\",\"author\":{\"@id\":\"https:\\\/\\\/candas365.es\\\/noticias\\\/author\\\/admin\\\/#author\"},\"publisher\":{\"@id\":\"https:\\\/\\\/candas365.es\\\/noticias\\\/#organization\"},\"image\":{\"@type\":\"ImageObject\",\"url\":\"https:\\\/\\\/candas365.es\\\/noticias\\\/wp-content\\\/uploads\\\/2016\\\/06\\\/1466424228_publi3.jpg\",\"width\":2000,\"height\":1333},\"datePublished\":\"2016-06-21T07:36:19+02:00\",\"dateModified\":\"2016-06-21T07:36:19+02:00\",\"inLanguage\":\"es-ES\",\"mainEntityOfPage\":{\"@id\":\"https:\\\/\\\/candas365.es\\\/noticias\\\/exito-y-emociones-en-la-gran-noche-de-publifestival\\\/#webpage\"},\"isPartOf\":{\"@id\":\"https:\\\/\\\/candas365.es\\\/noticias\\\/exito-y-emociones-en-la-gran-noche-de-publifestival\\\/#webpage\"},\"articleSection\":\"Actualidad\",\"dateline\":\"Publicado el junio 21, 2016.\"},{\"@type\":\"Organization\",\"@id\":\"https:\\\/\\\/candas365.es\\\/noticias\\\/#organization\",\"name\":\"Cand\\u00e1s 365\",\"description\":\"Cand\\u00e1s 365 es un diario digital independiente, fundado en 2012, con base en Asturias. Informamos con rigor sobre actualidad, sociedad, cultura y ocio, con una mirada local y global.\",\"url\":\"https:\\\/\\\/candas365.es\\\/noticias\\\/\",\"email\":\"info@candas365.es\",\"telephone\":\"+34652131393\",\"foundingDate\":\"2012-06-10\",\"logo\":{\"@type\":\"ImageObject\",\"url\":\"https:\\\/\\\/candas365.es\\\/noticias\\\/wp-content\\\/uploads\\\/2024\\\/09\\\/Candas-365-Redes.jpg\",\"@id\":\"https:\\\/\\\/candas365.es\\\/noticias\\\/exito-y-emociones-en-la-gran-noche-de-publifestival\\\/#organizationLogo\",\"width\":1152,\"height\":864,\"caption\":\"Cand\\u00e1s 365 Redes\"},\"image\":{\"@id\":\"https:\\\/\\\/candas365.es\\\/noticias\\\/exito-y-emociones-en-la-gran-noche-de-publifestival\\\/#organizationLogo\"},\"sameAs\":[\"https:\\\/\\\/www.facebook.com\\\/Nachofdezber\",\"https:\\\/\\\/x.com\\\/NabercoDigital\",\"https:\\\/\\\/www.instagram.com\\\/nachofdezber\\\/\",\"https:\\\/\\\/www.youtube.com\\\/channel\\\/UCZP-2wLEB9Rv6erhFmqVnvg\"],\"address\":{\"@id\":\"https:\\\/\\\/candas365.es\\\/noticias\\\/#postaladdress\",\"@type\":\"PostalAddress\",\"streetAddress\":\"san antonio 4, san antonio 4\",\"postalCode\":\"33430\",\"addressLocality\":\"Cand\\u00e1s\",\"addressRegion\":\"Asturias\",\"addressCountry\":\"ES\"}},{\"@type\":\"Person\",\"@id\":\"https:\\\/\\\/candas365.es\\\/noticias\\\/author\\\/admin\\\/#author\",\"url\":\"https:\\\/\\\/candas365.es\\\/noticias\\\/author\\\/admin\\\/\",\"name\":\"Cand\\u00e1s 365\",\"image\":{\"@type\":\"ImageObject\",\"@id\":\"https:\\\/\\\/candas365.es\\\/noticias\\\/exito-y-emociones-en-la-gran-noche-de-publifestival\\\/#authorImage\",\"url\":\"https:\\\/\\\/secure.gravatar.com\\\/avatar\\\/496a8e03d0c493ede1718b7934145dbdf8d89be1036b0eec9544e1094c9de390?s=96&d=mm&r=g\",\"width\":96,\"height\":96,\"caption\":\"Cand\\u00e1s 365\"},\"sameAs\":[\"https:\\\/\\\/www.facebook.com\\\/carrenoactualidad\",\"https:\\\/\\\/twitter.com\\\/nbasturias\",\"https:\\\/\\\/www.instagram.com\\\/nachofdezber\\\/\",\"https:\\\/\\\/www.youtube.com\\\/channel\\\/UCZP-2wLEB9Rv6erhFmqVnvg\"]},{\"@type\":\"WebPage\",\"@id\":\"https:\\\/\\\/candas365.es\\\/noticias\\\/exito-y-emociones-en-la-gran-noche-de-publifestival\\\/#webpage\",\"url\":\"https:\\\/\\\/candas365.es\\\/noticias\\\/exito-y-emociones-en-la-gran-noche-de-publifestival\\\/\",\"name\":\"\\u00c9xito y emociones en la gran noche de Publifestival | Cand\\u00e1s 365\",\"description\":\"\\u00a1Felicidades, Publifestival!, fue la frase m\\u00e1s repetida la pasada noche del 16 de Junio en CaixaForum Barcelona. Y no es para menos, y es que la edici\\u00f3n 2016 se presum\\u00eda la m\\u00e1s especial del Festival Internacional de Publicidad Social y as\\u00ed fue, no defraud\\u00f3 a nadie. Una gala donde organizaci\\u00f3n y premiados se fundieron en\",\"inLanguage\":\"es-ES\",\"isPartOf\":{\"@id\":\"https:\\\/\\\/candas365.es\\\/noticias\\\/#website\"},\"breadcrumb\":{\"@id\":\"https:\\\/\\\/candas365.es\\\/noticias\\\/exito-y-emociones-en-la-gran-noche-de-publifestival\\\/#breadcrumblist\"},\"author\":{\"@id\":\"https:\\\/\\\/candas365.es\\\/noticias\\\/author\\\/admin\\\/#author\"},\"creator\":{\"@id\":\"https:\\\/\\\/candas365.es\\\/noticias\\\/author\\\/admin\\\/#author\"},\"image\":{\"@type\":\"ImageObject\",\"url\":\"https:\\\/\\\/candas365.es\\\/noticias\\\/wp-content\\\/uploads\\\/2016\\\/06\\\/1466424228_publi3.jpg\",\"@id\":\"https:\\\/\\\/candas365.es\\\/noticias\\\/exito-y-emociones-en-la-gran-noche-de-publifestival\\\/#mainImage\",\"width\":2000,\"height\":1333},\"primaryImageOfPage\":{\"@id\":\"https:\\\/\\\/candas365.es\\\/noticias\\\/exito-y-emociones-en-la-gran-noche-de-publifestival\\\/#mainImage\"},\"datePublished\":\"2016-06-21T07:36:19+02:00\",\"dateModified\":\"2016-06-21T07:36:19+02:00\"},{\"@type\":\"WebSite\",\"@id\":\"https:\\\/\\\/candas365.es\\\/noticias\\\/#website\",\"url\":\"https:\\\/\\\/candas365.es\\\/noticias\\\/\",\"name\":\"Cand\\u00e1s 365\",\"alternateName\":\"Cand\\u00e1s 365 Noticias\",\"description\":\"Actualidad desde Carre\\u00f1o para el mundo\",\"inLanguage\":\"es-ES\",\"publisher\":{\"@id\":\"https:\\\/\\\/candas365.es\\\/noticias\\\/#organization\"}}]}\n\t\t<\/script>\n\t\t<!-- All in One SEO Pro -->\r\n\t\t<title>\u00c9xito y emociones en la gran noche de Publifestival | Cand\u00e1s 365<\/title>\n\n","aioseo_head_json":{"title":"\u00c9xito y emociones en la gran noche de Publifestival | Cand\u00e1s 365","description":"\u00a1Felicidades, Publifestival!, fue la frase m\u00e1s repetida la pasada noche del 16 de Junio en CaixaForum Barcelona. Y no es para menos, y es que la edici\u00f3n 2016 se presum\u00eda la m\u00e1s especial del Festival Internacional de Publicidad Social y as\u00ed fue, no defraud\u00f3 a nadie. Una gala donde organizaci\u00f3n y premiados se fundieron en","canonical_url":"https:\/\/candas365.es\/noticias\/exito-y-emociones-en-la-gran-noche-de-publifestival\/","robots":"max-image-preview:large","keywords":"actualidad","webmasterTools":{"google-site-verification":"UA-32230408-1","msvalidate.01":"354F3CDFB2DA171B47FBE9ABF1F88D5","miscellaneous":""},"schema":{"@context":"https:\/\/schema.org","@graph":[{"@type":"BreadcrumbList","@id":"https:\/\/candas365.es\/noticias\/exito-y-emociones-en-la-gran-noche-de-publifestival\/#breadcrumblist","itemListElement":[{"@type":"ListItem","@id":"https:\/\/candas365.es\/noticias#listItem","position":1,"name":"Home","item":"https:\/\/candas365.es\/noticias","nextItem":{"@type":"ListItem","@id":"https:\/\/candas365.es\/noticias\/category\/actualidad\/#listItem","name":"Actualidad"}},{"@type":"ListItem","@id":"https:\/\/candas365.es\/noticias\/category\/actualidad\/#listItem","position":2,"name":"Actualidad","item":"https:\/\/candas365.es\/noticias\/category\/actualidad\/","nextItem":{"@type":"ListItem","@id":"https:\/\/candas365.es\/noticias\/exito-y-emociones-en-la-gran-noche-de-publifestival\/#listItem","name":"\u00c9xito y emociones en la gran noche de Publifestival"},"previousItem":{"@type":"ListItem","@id":"https:\/\/candas365.es\/noticias#listItem","name":"Home"}},{"@type":"ListItem","@id":"https:\/\/candas365.es\/noticias\/exito-y-emociones-en-la-gran-noche-de-publifestival\/#listItem","position":3,"name":"\u00c9xito y emociones en la gran noche de Publifestival","previousItem":{"@type":"ListItem","@id":"https:\/\/candas365.es\/noticias\/category\/actualidad\/#listItem","name":"Actualidad"}}]},{"@type":"NewsArticle","@id":"https:\/\/candas365.es\/noticias\/exito-y-emociones-en-la-gran-noche-de-publifestival\/#newsarticle","name":"\u00c9xito y emociones en la gran noche de Publifestival | Cand\u00e1s 365","headline":"\u00c9xito y emociones en la gran noche de Publifestival","author":{"@id":"https:\/\/candas365.es\/noticias\/author\/admin\/#author"},"publisher":{"@id":"https:\/\/candas365.es\/noticias\/#organization"},"image":{"@type":"ImageObject","url":"https:\/\/candas365.es\/noticias\/wp-content\/uploads\/2016\/06\/1466424228_publi3.jpg","width":2000,"height":1333},"datePublished":"2016-06-21T07:36:19+02:00","dateModified":"2016-06-21T07:36:19+02:00","inLanguage":"es-ES","mainEntityOfPage":{"@id":"https:\/\/candas365.es\/noticias\/exito-y-emociones-en-la-gran-noche-de-publifestival\/#webpage"},"isPartOf":{"@id":"https:\/\/candas365.es\/noticias\/exito-y-emociones-en-la-gran-noche-de-publifestival\/#webpage"},"articleSection":"Actualidad","dateline":"Publicado el junio 21, 2016."},{"@type":"Organization","@id":"https:\/\/candas365.es\/noticias\/#organization","name":"Cand\u00e1s 365","description":"Cand\u00e1s 365 es un diario digital independiente, fundado en 2012, con base en Asturias. Informamos con rigor sobre actualidad, sociedad, cultura y ocio, con una mirada local y global.","url":"https:\/\/candas365.es\/noticias\/","email":"info@candas365.es","telephone":"+34652131393","foundingDate":"2012-06-10","logo":{"@type":"ImageObject","url":"https:\/\/candas365.es\/noticias\/wp-content\/uploads\/2024\/09\/Candas-365-Redes.jpg","@id":"https:\/\/candas365.es\/noticias\/exito-y-emociones-en-la-gran-noche-de-publifestival\/#organizationLogo","width":1152,"height":864,"caption":"Cand\u00e1s 365 Redes"},"image":{"@id":"https:\/\/candas365.es\/noticias\/exito-y-emociones-en-la-gran-noche-de-publifestival\/#organizationLogo"},"sameAs":["https:\/\/www.facebook.com\/Nachofdezber","https:\/\/x.com\/NabercoDigital","https:\/\/www.instagram.com\/nachofdezber\/","https:\/\/www.youtube.com\/channel\/UCZP-2wLEB9Rv6erhFmqVnvg"],"address":{"@id":"https:\/\/candas365.es\/noticias\/#postaladdress","@type":"PostalAddress","streetAddress":"san antonio 4, san antonio 4","postalCode":"33430","addressLocality":"Cand\u00e1s","addressRegion":"Asturias","addressCountry":"ES"}},{"@type":"Person","@id":"https:\/\/candas365.es\/noticias\/author\/admin\/#author","url":"https:\/\/candas365.es\/noticias\/author\/admin\/","name":"Cand\u00e1s 365","image":{"@type":"ImageObject","@id":"https:\/\/candas365.es\/noticias\/exito-y-emociones-en-la-gran-noche-de-publifestival\/#authorImage","url":"https:\/\/secure.gravatar.com\/avatar\/496a8e03d0c493ede1718b7934145dbdf8d89be1036b0eec9544e1094c9de390?s=96&d=mm&r=g","width":96,"height":96,"caption":"Cand\u00e1s 365"},"sameAs":["https:\/\/www.facebook.com\/carrenoactualidad","https:\/\/twitter.com\/nbasturias","https:\/\/www.instagram.com\/nachofdezber\/","https:\/\/www.youtube.com\/channel\/UCZP-2wLEB9Rv6erhFmqVnvg"]},{"@type":"WebPage","@id":"https:\/\/candas365.es\/noticias\/exito-y-emociones-en-la-gran-noche-de-publifestival\/#webpage","url":"https:\/\/candas365.es\/noticias\/exito-y-emociones-en-la-gran-noche-de-publifestival\/","name":"\u00c9xito y emociones en la gran noche de Publifestival | Cand\u00e1s 365","description":"\u00a1Felicidades, Publifestival!, fue la frase m\u00e1s repetida la pasada noche del 16 de Junio en CaixaForum Barcelona. Y no es para menos, y es que la edici\u00f3n 2016 se presum\u00eda la m\u00e1s especial del Festival Internacional de Publicidad Social y as\u00ed fue, no defraud\u00f3 a nadie. Una gala donde organizaci\u00f3n y premiados se fundieron en","inLanguage":"es-ES","isPartOf":{"@id":"https:\/\/candas365.es\/noticias\/#website"},"breadcrumb":{"@id":"https:\/\/candas365.es\/noticias\/exito-y-emociones-en-la-gran-noche-de-publifestival\/#breadcrumblist"},"author":{"@id":"https:\/\/candas365.es\/noticias\/author\/admin\/#author"},"creator":{"@id":"https:\/\/candas365.es\/noticias\/author\/admin\/#author"},"image":{"@type":"ImageObject","url":"https:\/\/candas365.es\/noticias\/wp-content\/uploads\/2016\/06\/1466424228_publi3.jpg","@id":"https:\/\/candas365.es\/noticias\/exito-y-emociones-en-la-gran-noche-de-publifestival\/#mainImage","width":2000,"height":1333},"primaryImageOfPage":{"@id":"https:\/\/candas365.es\/noticias\/exito-y-emociones-en-la-gran-noche-de-publifestival\/#mainImage"},"datePublished":"2016-06-21T07:36:19+02:00","dateModified":"2016-06-21T07:36:19+02:00"},{"@type":"WebSite","@id":"https:\/\/candas365.es\/noticias\/#website","url":"https:\/\/candas365.es\/noticias\/","name":"Cand\u00e1s 365","alternateName":"Cand\u00e1s 365 Noticias","description":"Actualidad desde Carre\u00f1o para el mundo","inLanguage":"es-ES","publisher":{"@id":"https:\/\/candas365.es\/noticias\/#organization"}}]},"og:locale":"es_ES","og:site_name":"Cand\u00e1s 365","og:type":"article","og:title":"\u00c9xito y emociones en la gran noche de Publifestival | Cand\u00e1s 365","og:description":"\u00a1Felicidades, Publifestival!, fue la frase m\u00e1s repetida la pasada noche del 16 de Junio en CaixaForum Barcelona. Y no es para menos, y es que la edici\u00f3n 2016 se presum\u00eda la m\u00e1s especial del Festival Internacional de Publicidad Social y as\u00ed fue, no defraud\u00f3 a nadie. Una gala donde organizaci\u00f3n y premiados se fundieron en","og:url":"https:\/\/candas365.es\/noticias\/exito-y-emociones-en-la-gran-noche-de-publifestival\/","og:image":"https:\/\/candas365.es\/noticias\/wp-content\/uploads\/2016\/06\/1466424228_publi3.jpg","og:image:secure_url":"https:\/\/candas365.es\/noticias\/wp-content\/uploads\/2016\/06\/1466424228_publi3.jpg","og:image:width":2000,"og:image:height":1333,"article:published_time":"2016-06-21T06:06:19+00:00","article:modified_time":"2016-06-21T06:06:19+00:00","article:publisher":"https:\/\/www.facebook.com\/Nachofdezber","article:author":"https:\/\/www.facebook.com\/carrenoactualidad","twitter:card":"summary_large_image","twitter:site":"@NabercoDigital","twitter:title":"\u00c9xito y emociones en la gran noche de Publifestival | Cand\u00e1s 365","twitter:description":"\u00a1Felicidades, Publifestival!, fue la frase m\u00e1s repetida la pasada noche del 16 de Junio en CaixaForum Barcelona. Y no es para menos, y es que la edici\u00f3n 2016 se presum\u00eda la m\u00e1s especial del Festival Internacional de Publicidad Social y as\u00ed fue, no defraud\u00f3 a nadie. Una gala donde organizaci\u00f3n y premiados se fundieron en","twitter:creator":"@nbasturias","twitter:image":"https:\/\/candas365.es\/noticias\/wp-content\/uploads\/2016\/06\/1466424228_publi3.jpg","twitter:label1":"Escrito por","twitter:data1":"Cand\u00e1s 365","twitter:label2":"Tiempo de lectura estimado","twitter:data2":"4 minutos"},"aioseo_meta_data":{"post_id":"30894","title":null,"description":null,"keywords":null,"keyphrases":null,"primary_term":null,"canonical_url":null,"og_title":null,"og_description":null,"og_object_type":"default","og_image_type":"default","og_image_url":null,"og_image_width":null,"og_image_height":null,"og_image_custom_url":null,"og_image_custom_fields":null,"og_video":null,"og_custom_url":null,"og_article_section":null,"og_article_tags":null,"twitter_use_og":false,"twitter_card":"default","twitter_image_type":"default","twitter_image_url":null,"twitter_image_custom_url":null,"twitter_image_custom_fields":null,"twitter_title":null,"twitter_description":null,"schema":{"blockGraphs":[],"customGraphs":[],"default":{"data":{"Article":[],"Course":[],"Dataset":[],"FAQPage":[],"Movie":[],"Person":[],"Product":[],"ProductReview":[],"Car":[],"Recipe":[],"Service":[],"SoftwareApplication":[],"WebPage":[]},"graphName":"","isEnabled":true},"graphs":[],"defaultGraph":"","defaultPostTypeGraph":""},"schema_type":null,"schema_type_options":null,"pillar_content":false,"robots_default":true,"robots_noindex":false,"robots_noarchive":false,"robots_nosnippet":false,"robots_nofollow":false,"robots_noimageindex":false,"robots_noodp":false,"robots_notranslate":false,"robots_max_snippet":null,"robots_max_videopreview":null,"robots_max_imagepreview":"large","priority":null,"frequency":null,"location":null,"local_seo":null,"seo_analyzer_scan_date":"2025-08-24 13:07:16","breadcrumb_settings":null,"limit_modified_date":false,"reviewed_by":null,"open_ai":null,"ai":null,"created":"2020-12-21 12:59:45","updated":"2025-08-24 13:07:16"},"aioseo_breadcrumb":"<div class=\"aioseo-breadcrumbs\"><span class=\"aioseo-breadcrumb\">\n\t<a href=\"https:\/\/candas365.es\/noticias\" title=\"Home\">Home<\/a>\n<\/span><span class=\"aioseo-breadcrumb-separator\">&ndash;<\/span><span class=\"aioseo-breadcrumb\">\n\t<a href=\"https:\/\/candas365.es\/noticias\/category\/actualidad\/\" title=\"Actualidad\">Actualidad<\/a>\n<\/span><span class=\"aioseo-breadcrumb-separator\">&ndash;<\/span><span class=\"aioseo-breadcrumb\">\n\t\u00c9xito y emociones en la gran noche de Publifestival\n<\/span><\/div>","aioseo_breadcrumb_json":[{"label":"Home","link":"https:\/\/candas365.es\/noticias"},{"label":"Actualidad","link":"https:\/\/candas365.es\/noticias\/category\/actualidad\/"},{"label":"\u00c9xito y emociones en la gran noche de Publifestival","link":"https:\/\/candas365.es\/noticias\/exito-y-emociones-en-la-gran-noche-de-publifestival\/"}],"_links":{"self":[{"href":"https:\/\/candas365.es\/noticias\/wp-json\/wp\/v2\/posts\/30894","targetHints":{"allow":["GET"]}}],"collection":[{"href":"https:\/\/candas365.es\/noticias\/wp-json\/wp\/v2\/posts"}],"about":[{"href":"https:\/\/candas365.es\/noticias\/wp-json\/wp\/v2\/types\/post"}],"author":[{"embeddable":true,"href":"https:\/\/candas365.es\/noticias\/wp-json\/wp\/v2\/users\/1"}],"replies":[{"embeddable":true,"href":"https:\/\/candas365.es\/noticias\/wp-json\/wp\/v2\/comments?post=30894"}],"version-history":[{"count":0,"href":"https:\/\/candas365.es\/noticias\/wp-json\/wp\/v2\/posts\/30894\/revisions"}],"wp:featuredmedia":[{"embeddable":true,"href":"https:\/\/candas365.es\/noticias\/wp-json\/wp\/v2\/media\/30895"}],"wp:attachment":[{"href":"https:\/\/candas365.es\/noticias\/wp-json\/wp\/v2\/media?parent=30894"}],"wp:term":[{"taxonomy":"category","embeddable":true,"href":"https:\/\/candas365.es\/noticias\/wp-json\/wp\/v2\/categories?post=30894"},{"taxonomy":"post_tag","embeddable":true,"href":"https:\/\/candas365.es\/noticias\/wp-json\/wp\/v2\/tags?post=30894"}],"curies":[{"name":"wp","href":"https:\/\/api.w.org\/{rel}","templated":true}]}}