{"id":30884,"date":"2016-06-21T07:25:35","date_gmt":"2016-06-21T05:55:35","guid":{"rendered":"http:\/\/candas365.es\/noticias\/?p=30884"},"modified":"2016-06-21T07:25:35","modified_gmt":"2016-06-21T05:55:35","slug":"fiscalia-alemana-investiga-a-ex-jefe-vw-por-manipulacion-del-mercado","status":"publish","type":"post","link":"https:\/\/candas365.es\/noticias\/fiscalia-alemana-investiga-a-ex-jefe-vw-por-manipulacion-del-mercado\/","title":{"rendered":"Fiscal\u00eda alemana investiga a ex jefe VW por manipulaci\u00f3n del mercado"},"content":{"rendered":"<p>Wolfsburgo\/Braunschweig (Alemania), 20 jun (dpa) &#8211; La Fiscal\u00eda de Braunschweig abri\u00f3 una investigaci\u00f3n contra el ex director ejecutivo del gigante automotor alem\u00e1n Volkswagen Martin Winterkorn por manipulaci\u00f3n del mercado dentro del esc\u00e1ndalo de los motores di\u00e9sel, informaron hoy las autoridades alemanas.<\/p>\n<p>La Fiscal\u00eda indic\u00f3 que se trata de averiguar si Volkswagen (VW) inform\u00f3 quiz\u00e1s demasiado tarde al mundo financiero sobre el esc\u00e1ndalo de la manipulaci\u00f3n de las emisiones de sus motores di\u00e9sel.<\/p>\n<p>Esta sospecha se cierne tambi\u00e9n sobre otro miembro de la junta directiva de la empresa, explic\u00f3 el fiscal superior Klaus Ziehe, que no quiso especificar si se trata de un directivo a\u00fan en el cargo remiti\u00e9ndose al derecho personal. Sin embargo, el nombre de Winterkorn s\u00ed se puede citar al ser una persona de la historia contempor\u00e1nea.<\/p>\n<p>De acuerdo con el comunicado, no se tratar\u00eda del actual presidente del consejo de supervisi\u00f3n de VW, Hans Dieter P\u00f6tsch, entonces director financiero y hombre de confianza de Winterkorn cuando estall\u00f3 el esc\u00e1ndalo.<\/p>\n<p>Seg\u00fan pudo saber dpa en base a varias fuentes independientes, el segundo acusado ser\u00eda el jefe de marcas de VW, Herbert Diess. Sin embargo, un portavoz de la empresa no quiso comentar nada al respecto.<\/p>\n<p>Ziehe inform\u00f3 que no se han llevado hasta el momento registros en relaci\u00f3n con las nuevas acusaciones e indic\u00f3 que a\u00fan no puede prever cu\u00e1nto tiempo durar\u00e1 la investigaci\u00f3n. \u00abAhora debemos naturalmente escuchar a los implicados y o\u00edr a m\u00e1s testigos\u00bb, declar\u00f3.<\/p>\n<p>\u00abSi la llamada sospecha inicial aumenta o se anula depender\u00e1 del resultado de las necesarias investigaciones. Aqu\u00ed se trata, como sucede tambi\u00e9n en otras investigaciones hasta que se encuentra una prueba v\u00e1lida de lo contrario, de la presunci\u00f3n de inocencia de todos los acusados\u00bb, agreg\u00f3 la Fiscal\u00eda.<\/p>\n<p>Volkswagen qued\u00f3 sumida en la peor crisis de su historia cuando las autoridades medioambientales estadounidenses descubrieron el a\u00f1o pasado que el fabricante hab\u00eda instalado un software en sus coches di\u00e9sel para simular menores emisiones de gases contaminantes.<\/p>\n<p>Winterkorn se vio obligado a dimitir en octubre de 2015 despu\u00e9s de que VW admitiera la manipulaci\u00f3n de las emisiones de los motores di\u00e9sel de unos 11 millones de autos en todo el mundo, de ellos unos 8,5 millones en Europa.<\/p>\n","protected":false},"excerpt":{"rendered":"<p>Wolfsburgo\/Braunschweig (Alemania), 20 jun (dpa) &#8211; La Fiscal\u00eda de Braunschweig abri\u00f3 una investigaci\u00f3n contra el ex director ejecutivo del gigante automotor alem\u00e1n Volkswagen Martin Winterkorn por manipulaci\u00f3n del mercado dentro del esc\u00e1ndalo de los motores di\u00e9sel, informaron hoy las autoridades alemanas. La Fiscal\u00eda indic\u00f3 que se trata de averiguar si Volkswagen (VW) inform\u00f3 quiz\u00e1s demasiado<\/p>\n","protected":false},"author":1,"featured_media":11776,"comment_status":"closed","ping_status":"closed","sticky":false,"template":"","format":"standard","meta":{"footnotes":""},"categories":[343],"tags":[],"class_list":{"0":"post-30884","1":"post","2":"type-post","3":"status-publish","4":"format-standard","5":"has-post-thumbnail","7":"category-actualidad"},"aioseo_notices":[],"aioseo_head":"\n\t\t<!-- All in One SEO Pro 4.9.6.2 - aioseo.com -->\n\t<meta name=\"description\" content=\"Wolfsburgo\/Braunschweig (Alemania), 20 jun (dpa) - La Fiscal\u00eda de Braunschweig abri\u00f3 una investigaci\u00f3n contra el ex director ejecutivo del gigante automotor alem\u00e1n Volkswagen Martin Winterkorn por manipulaci\u00f3n del mercado dentro del esc\u00e1ndalo de los motores di\u00e9sel, informaron hoy las autoridades alemanas. La Fiscal\u00eda indic\u00f3 que se trata de averiguar si Volkswagen (VW) inform\u00f3 quiz\u00e1s demasiado\" \/>\n\t<meta name=\"robots\" content=\"max-image-preview:large\" \/>\n\t<meta name=\"author\" content=\"Cand\u00e1s 365\"\/>\n\t<meta name=\"google-site-verification\" content=\"UA-32230408-1\" \/>\n\t<meta name=\"msvalidate.01\" content=\"354F3CDFB2DA171B47FBE9ABF1F88D5\" \/>\n\t<meta name=\"keywords\" content=\"actualidad\" \/>\n\t<link rel=\"canonical\" href=\"https:\/\/candas365.es\/noticias\/fiscalia-alemana-investiga-a-ex-jefe-vw-por-manipulacion-del-mercado\/\" \/>\n\t<meta name=\"generator\" content=\"All in One SEO Pro (AIOSEO) 4.9.6.2\" \/>\n\t\t<meta property=\"og:locale\" content=\"es_ES\" \/>\n\t\t<meta property=\"og:site_name\" content=\"Cand\u00e1s 365\" \/>\n\t\t<meta property=\"og:type\" content=\"article\" \/>\n\t\t<meta property=\"og:title\" content=\"Fiscal\u00eda alemana investiga a ex jefe VW por manipulaci\u00f3n del mercado | Cand\u00e1s 365\" \/>\n\t\t<meta property=\"og:description\" content=\"Wolfsburgo\/Braunschweig (Alemania), 20 jun (dpa) - La Fiscal\u00eda de Braunschweig abri\u00f3 una investigaci\u00f3n contra el ex director ejecutivo del gigante automotor alem\u00e1n Volkswagen Martin Winterkorn por manipulaci\u00f3n del mercado dentro del esc\u00e1ndalo de los motores di\u00e9sel, informaron hoy las autoridades alemanas. La Fiscal\u00eda indic\u00f3 que se trata de averiguar si Volkswagen (VW) inform\u00f3 quiz\u00e1s demasiado\" \/>\n\t\t<meta property=\"og:url\" content=\"https:\/\/candas365.es\/noticias\/fiscalia-alemana-investiga-a-ex-jefe-vw-por-manipulacion-del-mercado\/\" \/>\n\t\t<meta property=\"og:image\" content=\"https:\/\/candas365.es\/noticias\/wp-content\/uploads\/2015\/06\/carretera.jpg\" \/>\n\t\t<meta property=\"og:image:secure_url\" content=\"https:\/\/candas365.es\/noticias\/wp-content\/uploads\/2015\/06\/carretera.jpg\" \/>\n\t\t<meta property=\"og:image:width\" content=\"655\" \/>\n\t\t<meta property=\"og:image:height\" content=\"360\" \/>\n\t\t<meta property=\"article:published_time\" content=\"2016-06-21T05:55:35+00:00\" \/>\n\t\t<meta property=\"article:modified_time\" content=\"2016-06-21T05:55:35+00:00\" \/>\n\t\t<meta property=\"article:publisher\" content=\"https:\/\/www.facebook.com\/Nachofdezber\" \/>\n\t\t<meta property=\"article:author\" content=\"https:\/\/www.facebook.com\/carrenoactualidad\" \/>\n\t\t<meta name=\"twitter:card\" content=\"summary_large_image\" \/>\n\t\t<meta name=\"twitter:site\" content=\"@NabercoDigital\" \/>\n\t\t<meta name=\"twitter:title\" content=\"Fiscal\u00eda alemana investiga a ex jefe VW por manipulaci\u00f3n del mercado | Cand\u00e1s 365\" \/>\n\t\t<meta name=\"twitter:description\" content=\"Wolfsburgo\/Braunschweig (Alemania), 20 jun (dpa) - La Fiscal\u00eda de Braunschweig abri\u00f3 una investigaci\u00f3n contra el ex director ejecutivo del gigante automotor alem\u00e1n Volkswagen Martin Winterkorn por manipulaci\u00f3n del mercado dentro del esc\u00e1ndalo de los motores di\u00e9sel, informaron hoy las autoridades alemanas. La Fiscal\u00eda indic\u00f3 que se trata de averiguar si Volkswagen (VW) inform\u00f3 quiz\u00e1s demasiado\" \/>\n\t\t<meta name=\"twitter:creator\" content=\"@nbasturias\" \/>\n\t\t<meta name=\"twitter:image\" content=\"https:\/\/candas365.es\/noticias\/wp-content\/uploads\/2015\/06\/carretera.jpg\" \/>\n\t\t<meta name=\"twitter:label1\" content=\"Escrito por\" \/>\n\t\t<meta name=\"twitter:data1\" content=\"Cand\u00e1s 365\" \/>\n\t\t<meta name=\"twitter:label2\" content=\"Tiempo de lectura estimado\" \/>\n\t\t<meta name=\"twitter:data2\" content=\"2 minutos\" \/>\n\t\t<script type=\"application\/ld+json\" class=\"aioseo-schema\">\n\t\t\t{\"@context\":\"https:\\\/\\\/schema.org\",\"@graph\":[{\"@type\":\"BreadcrumbList\",\"@id\":\"https:\\\/\\\/candas365.es\\\/noticias\\\/fiscalia-alemana-investiga-a-ex-jefe-vw-por-manipulacion-del-mercado\\\/#breadcrumblist\",\"itemListElement\":[{\"@type\":\"ListItem\",\"@id\":\"https:\\\/\\\/candas365.es\\\/noticias#listItem\",\"position\":1,\"name\":\"Home\",\"item\":\"https:\\\/\\\/candas365.es\\\/noticias\",\"nextItem\":{\"@type\":\"ListItem\",\"@id\":\"https:\\\/\\\/candas365.es\\\/noticias\\\/category\\\/actualidad\\\/#listItem\",\"name\":\"Actualidad\"}},{\"@type\":\"ListItem\",\"@id\":\"https:\\\/\\\/candas365.es\\\/noticias\\\/category\\\/actualidad\\\/#listItem\",\"position\":2,\"name\":\"Actualidad\",\"item\":\"https:\\\/\\\/candas365.es\\\/noticias\\\/category\\\/actualidad\\\/\",\"nextItem\":{\"@type\":\"ListItem\",\"@id\":\"https:\\\/\\\/candas365.es\\\/noticias\\\/fiscalia-alemana-investiga-a-ex-jefe-vw-por-manipulacion-del-mercado\\\/#listItem\",\"name\":\"Fiscal\\u00eda alemana investiga a ex jefe VW por manipulaci\\u00f3n del mercado\"},\"previousItem\":{\"@type\":\"ListItem\",\"@id\":\"https:\\\/\\\/candas365.es\\\/noticias#listItem\",\"name\":\"Home\"}},{\"@type\":\"ListItem\",\"@id\":\"https:\\\/\\\/candas365.es\\\/noticias\\\/fiscalia-alemana-investiga-a-ex-jefe-vw-por-manipulacion-del-mercado\\\/#listItem\",\"position\":3,\"name\":\"Fiscal\\u00eda alemana investiga a ex jefe VW por manipulaci\\u00f3n del mercado\",\"previousItem\":{\"@type\":\"ListItem\",\"@id\":\"https:\\\/\\\/candas365.es\\\/noticias\\\/category\\\/actualidad\\\/#listItem\",\"name\":\"Actualidad\"}}]},{\"@type\":\"NewsArticle\",\"@id\":\"https:\\\/\\\/candas365.es\\\/noticias\\\/fiscalia-alemana-investiga-a-ex-jefe-vw-por-manipulacion-del-mercado\\\/#newsarticle\",\"name\":\"Fiscal\\u00eda alemana investiga a ex jefe VW por manipulaci\\u00f3n del mercado | Cand\\u00e1s 365\",\"headline\":\"Fiscal\\u00eda alemana investiga a ex jefe VW por manipulaci\\u00f3n del mercado\",\"author\":{\"@id\":\"https:\\\/\\\/candas365.es\\\/noticias\\\/author\\\/admin\\\/#author\"},\"publisher\":{\"@id\":\"https:\\\/\\\/candas365.es\\\/noticias\\\/#organization\"},\"image\":{\"@type\":\"ImageObject\",\"url\":\"https:\\\/\\\/candas365.es\\\/noticias\\\/wp-content\\\/uploads\\\/2015\\\/06\\\/carretera.jpg\",\"width\":655,\"height\":360},\"datePublished\":\"2016-06-21T07:25:35+02:00\",\"dateModified\":\"2016-06-21T07:25:35+02:00\",\"inLanguage\":\"es-ES\",\"mainEntityOfPage\":{\"@id\":\"https:\\\/\\\/candas365.es\\\/noticias\\\/fiscalia-alemana-investiga-a-ex-jefe-vw-por-manipulacion-del-mercado\\\/#webpage\"},\"isPartOf\":{\"@id\":\"https:\\\/\\\/candas365.es\\\/noticias\\\/fiscalia-alemana-investiga-a-ex-jefe-vw-por-manipulacion-del-mercado\\\/#webpage\"},\"articleSection\":\"Actualidad\",\"dateline\":\"Publicado el junio 21, 2016.\"},{\"@type\":\"Organization\",\"@id\":\"https:\\\/\\\/candas365.es\\\/noticias\\\/#organization\",\"name\":\"Cand\\u00e1s 365\",\"description\":\"Cand\\u00e1s 365 es un diario digital independiente, fundado en 2012, con base en Asturias. Informamos con rigor sobre actualidad, sociedad, cultura y ocio, con una mirada local y global.\",\"url\":\"https:\\\/\\\/candas365.es\\\/noticias\\\/\",\"email\":\"info@candas365.es\",\"telephone\":\"+34652131393\",\"foundingDate\":\"2012-06-10\",\"logo\":{\"@type\":\"ImageObject\",\"url\":\"https:\\\/\\\/candas365.es\\\/noticias\\\/wp-content\\\/uploads\\\/2024\\\/09\\\/Candas-365-Redes.jpg\",\"@id\":\"https:\\\/\\\/candas365.es\\\/noticias\\\/fiscalia-alemana-investiga-a-ex-jefe-vw-por-manipulacion-del-mercado\\\/#organizationLogo\",\"width\":1152,\"height\":864,\"caption\":\"Cand\\u00e1s 365 Redes\"},\"image\":{\"@id\":\"https:\\\/\\\/candas365.es\\\/noticias\\\/fiscalia-alemana-investiga-a-ex-jefe-vw-por-manipulacion-del-mercado\\\/#organizationLogo\"},\"sameAs\":[\"https:\\\/\\\/www.facebook.com\\\/Nachofdezber\",\"https:\\\/\\\/x.com\\\/NabercoDigital\",\"https:\\\/\\\/www.instagram.com\\\/nachofdezber\\\/\",\"https:\\\/\\\/www.youtube.com\\\/channel\\\/UCZP-2wLEB9Rv6erhFmqVnvg\"],\"address\":{\"@id\":\"https:\\\/\\\/candas365.es\\\/noticias\\\/#postaladdress\",\"@type\":\"PostalAddress\",\"streetAddress\":\"san antonio 4, san antonio 4\",\"postalCode\":\"33430\",\"addressLocality\":\"Cand\\u00e1s\",\"addressRegion\":\"Asturias\",\"addressCountry\":\"ES\"}},{\"@type\":\"Person\",\"@id\":\"https:\\\/\\\/candas365.es\\\/noticias\\\/author\\\/admin\\\/#author\",\"url\":\"https:\\\/\\\/candas365.es\\\/noticias\\\/author\\\/admin\\\/\",\"name\":\"Cand\\u00e1s 365\",\"image\":{\"@type\":\"ImageObject\",\"@id\":\"https:\\\/\\\/candas365.es\\\/noticias\\\/fiscalia-alemana-investiga-a-ex-jefe-vw-por-manipulacion-del-mercado\\\/#authorImage\",\"url\":\"https:\\\/\\\/secure.gravatar.com\\\/avatar\\\/496a8e03d0c493ede1718b7934145dbdf8d89be1036b0eec9544e1094c9de390?s=96&d=mm&r=g\",\"width\":96,\"height\":96,\"caption\":\"Cand\\u00e1s 365\"},\"sameAs\":[\"https:\\\/\\\/www.facebook.com\\\/carrenoactualidad\",\"https:\\\/\\\/twitter.com\\\/nbasturias\",\"https:\\\/\\\/www.instagram.com\\\/nachofdezber\\\/\",\"https:\\\/\\\/www.youtube.com\\\/channel\\\/UCZP-2wLEB9Rv6erhFmqVnvg\"]},{\"@type\":\"WebPage\",\"@id\":\"https:\\\/\\\/candas365.es\\\/noticias\\\/fiscalia-alemana-investiga-a-ex-jefe-vw-por-manipulacion-del-mercado\\\/#webpage\",\"url\":\"https:\\\/\\\/candas365.es\\\/noticias\\\/fiscalia-alemana-investiga-a-ex-jefe-vw-por-manipulacion-del-mercado\\\/\",\"name\":\"Fiscal\\u00eda alemana investiga a ex jefe VW por manipulaci\\u00f3n del mercado | Cand\\u00e1s 365\",\"description\":\"Wolfsburgo\\\/Braunschweig (Alemania), 20 jun (dpa) - La Fiscal\\u00eda de Braunschweig abri\\u00f3 una investigaci\\u00f3n contra el ex director ejecutivo del gigante automotor alem\\u00e1n Volkswagen Martin Winterkorn por manipulaci\\u00f3n del mercado dentro del esc\\u00e1ndalo de los motores di\\u00e9sel, informaron hoy las autoridades alemanas. La Fiscal\\u00eda indic\\u00f3 que se trata de averiguar si Volkswagen (VW) inform\\u00f3 quiz\\u00e1s demasiado\",\"inLanguage\":\"es-ES\",\"isPartOf\":{\"@id\":\"https:\\\/\\\/candas365.es\\\/noticias\\\/#website\"},\"breadcrumb\":{\"@id\":\"https:\\\/\\\/candas365.es\\\/noticias\\\/fiscalia-alemana-investiga-a-ex-jefe-vw-por-manipulacion-del-mercado\\\/#breadcrumblist\"},\"author\":{\"@id\":\"https:\\\/\\\/candas365.es\\\/noticias\\\/author\\\/admin\\\/#author\"},\"creator\":{\"@id\":\"https:\\\/\\\/candas365.es\\\/noticias\\\/author\\\/admin\\\/#author\"},\"image\":{\"@type\":\"ImageObject\",\"url\":\"https:\\\/\\\/candas365.es\\\/noticias\\\/wp-content\\\/uploads\\\/2015\\\/06\\\/carretera.jpg\",\"@id\":\"https:\\\/\\\/candas365.es\\\/noticias\\\/fiscalia-alemana-investiga-a-ex-jefe-vw-por-manipulacion-del-mercado\\\/#mainImage\",\"width\":655,\"height\":360},\"primaryImageOfPage\":{\"@id\":\"https:\\\/\\\/candas365.es\\\/noticias\\\/fiscalia-alemana-investiga-a-ex-jefe-vw-por-manipulacion-del-mercado\\\/#mainImage\"},\"datePublished\":\"2016-06-21T07:25:35+02:00\",\"dateModified\":\"2016-06-21T07:25:35+02:00\"},{\"@type\":\"WebSite\",\"@id\":\"https:\\\/\\\/candas365.es\\\/noticias\\\/#website\",\"url\":\"https:\\\/\\\/candas365.es\\\/noticias\\\/\",\"name\":\"Cand\\u00e1s 365\",\"alternateName\":\"Cand\\u00e1s 365 Noticias\",\"description\":\"Actualidad desde Carre\\u00f1o para el mundo\",\"inLanguage\":\"es-ES\",\"publisher\":{\"@id\":\"https:\\\/\\\/candas365.es\\\/noticias\\\/#organization\"}}]}\n\t\t<\/script>\n\t\t<!-- All in One SEO Pro -->\r\n\t\t<title>Fiscal\u00eda alemana investiga a ex jefe VW por manipulaci\u00f3n del mercado | Cand\u00e1s 365<\/title>\n\n","aioseo_head_json":{"title":"Fiscal\u00eda alemana investiga a ex jefe VW por manipulaci\u00f3n del mercado | Cand\u00e1s 365","description":"Wolfsburgo\/Braunschweig (Alemania), 20 jun (dpa) - La Fiscal\u00eda de Braunschweig abri\u00f3 una investigaci\u00f3n contra el ex director ejecutivo del gigante automotor alem\u00e1n Volkswagen Martin Winterkorn por manipulaci\u00f3n del mercado dentro del esc\u00e1ndalo de los motores di\u00e9sel, informaron hoy las autoridades alemanas. La Fiscal\u00eda indic\u00f3 que se trata de averiguar si Volkswagen (VW) inform\u00f3 quiz\u00e1s demasiado","canonical_url":"https:\/\/candas365.es\/noticias\/fiscalia-alemana-investiga-a-ex-jefe-vw-por-manipulacion-del-mercado\/","robots":"max-image-preview:large","keywords":"actualidad","webmasterTools":{"google-site-verification":"UA-32230408-1","msvalidate.01":"354F3CDFB2DA171B47FBE9ABF1F88D5","miscellaneous":""},"schema":{"@context":"https:\/\/schema.org","@graph":[{"@type":"BreadcrumbList","@id":"https:\/\/candas365.es\/noticias\/fiscalia-alemana-investiga-a-ex-jefe-vw-por-manipulacion-del-mercado\/#breadcrumblist","itemListElement":[{"@type":"ListItem","@id":"https:\/\/candas365.es\/noticias#listItem","position":1,"name":"Home","item":"https:\/\/candas365.es\/noticias","nextItem":{"@type":"ListItem","@id":"https:\/\/candas365.es\/noticias\/category\/actualidad\/#listItem","name":"Actualidad"}},{"@type":"ListItem","@id":"https:\/\/candas365.es\/noticias\/category\/actualidad\/#listItem","position":2,"name":"Actualidad","item":"https:\/\/candas365.es\/noticias\/category\/actualidad\/","nextItem":{"@type":"ListItem","@id":"https:\/\/candas365.es\/noticias\/fiscalia-alemana-investiga-a-ex-jefe-vw-por-manipulacion-del-mercado\/#listItem","name":"Fiscal\u00eda alemana investiga a ex jefe VW por manipulaci\u00f3n del mercado"},"previousItem":{"@type":"ListItem","@id":"https:\/\/candas365.es\/noticias#listItem","name":"Home"}},{"@type":"ListItem","@id":"https:\/\/candas365.es\/noticias\/fiscalia-alemana-investiga-a-ex-jefe-vw-por-manipulacion-del-mercado\/#listItem","position":3,"name":"Fiscal\u00eda alemana investiga a ex jefe VW por manipulaci\u00f3n del mercado","previousItem":{"@type":"ListItem","@id":"https:\/\/candas365.es\/noticias\/category\/actualidad\/#listItem","name":"Actualidad"}}]},{"@type":"NewsArticle","@id":"https:\/\/candas365.es\/noticias\/fiscalia-alemana-investiga-a-ex-jefe-vw-por-manipulacion-del-mercado\/#newsarticle","name":"Fiscal\u00eda alemana investiga a ex jefe VW por manipulaci\u00f3n del mercado | Cand\u00e1s 365","headline":"Fiscal\u00eda alemana investiga a ex jefe VW por manipulaci\u00f3n del mercado","author":{"@id":"https:\/\/candas365.es\/noticias\/author\/admin\/#author"},"publisher":{"@id":"https:\/\/candas365.es\/noticias\/#organization"},"image":{"@type":"ImageObject","url":"https:\/\/candas365.es\/noticias\/wp-content\/uploads\/2015\/06\/carretera.jpg","width":655,"height":360},"datePublished":"2016-06-21T07:25:35+02:00","dateModified":"2016-06-21T07:25:35+02:00","inLanguage":"es-ES","mainEntityOfPage":{"@id":"https:\/\/candas365.es\/noticias\/fiscalia-alemana-investiga-a-ex-jefe-vw-por-manipulacion-del-mercado\/#webpage"},"isPartOf":{"@id":"https:\/\/candas365.es\/noticias\/fiscalia-alemana-investiga-a-ex-jefe-vw-por-manipulacion-del-mercado\/#webpage"},"articleSection":"Actualidad","dateline":"Publicado el junio 21, 2016."},{"@type":"Organization","@id":"https:\/\/candas365.es\/noticias\/#organization","name":"Cand\u00e1s 365","description":"Cand\u00e1s 365 es un diario digital independiente, fundado en 2012, con base en Asturias. Informamos con rigor sobre actualidad, sociedad, cultura y ocio, con una mirada local y global.","url":"https:\/\/candas365.es\/noticias\/","email":"info@candas365.es","telephone":"+34652131393","foundingDate":"2012-06-10","logo":{"@type":"ImageObject","url":"https:\/\/candas365.es\/noticias\/wp-content\/uploads\/2024\/09\/Candas-365-Redes.jpg","@id":"https:\/\/candas365.es\/noticias\/fiscalia-alemana-investiga-a-ex-jefe-vw-por-manipulacion-del-mercado\/#organizationLogo","width":1152,"height":864,"caption":"Cand\u00e1s 365 Redes"},"image":{"@id":"https:\/\/candas365.es\/noticias\/fiscalia-alemana-investiga-a-ex-jefe-vw-por-manipulacion-del-mercado\/#organizationLogo"},"sameAs":["https:\/\/www.facebook.com\/Nachofdezber","https:\/\/x.com\/NabercoDigital","https:\/\/www.instagram.com\/nachofdezber\/","https:\/\/www.youtube.com\/channel\/UCZP-2wLEB9Rv6erhFmqVnvg"],"address":{"@id":"https:\/\/candas365.es\/noticias\/#postaladdress","@type":"PostalAddress","streetAddress":"san antonio 4, san antonio 4","postalCode":"33430","addressLocality":"Cand\u00e1s","addressRegion":"Asturias","addressCountry":"ES"}},{"@type":"Person","@id":"https:\/\/candas365.es\/noticias\/author\/admin\/#author","url":"https:\/\/candas365.es\/noticias\/author\/admin\/","name":"Cand\u00e1s 365","image":{"@type":"ImageObject","@id":"https:\/\/candas365.es\/noticias\/fiscalia-alemana-investiga-a-ex-jefe-vw-por-manipulacion-del-mercado\/#authorImage","url":"https:\/\/secure.gravatar.com\/avatar\/496a8e03d0c493ede1718b7934145dbdf8d89be1036b0eec9544e1094c9de390?s=96&d=mm&r=g","width":96,"height":96,"caption":"Cand\u00e1s 365"},"sameAs":["https:\/\/www.facebook.com\/carrenoactualidad","https:\/\/twitter.com\/nbasturias","https:\/\/www.instagram.com\/nachofdezber\/","https:\/\/www.youtube.com\/channel\/UCZP-2wLEB9Rv6erhFmqVnvg"]},{"@type":"WebPage","@id":"https:\/\/candas365.es\/noticias\/fiscalia-alemana-investiga-a-ex-jefe-vw-por-manipulacion-del-mercado\/#webpage","url":"https:\/\/candas365.es\/noticias\/fiscalia-alemana-investiga-a-ex-jefe-vw-por-manipulacion-del-mercado\/","name":"Fiscal\u00eda alemana investiga a ex jefe VW por manipulaci\u00f3n del mercado | Cand\u00e1s 365","description":"Wolfsburgo\/Braunschweig (Alemania), 20 jun (dpa) - La Fiscal\u00eda de Braunschweig abri\u00f3 una investigaci\u00f3n contra el ex director ejecutivo del gigante automotor alem\u00e1n Volkswagen Martin Winterkorn por manipulaci\u00f3n del mercado dentro del esc\u00e1ndalo de los motores di\u00e9sel, informaron hoy las autoridades alemanas. La Fiscal\u00eda indic\u00f3 que se trata de averiguar si Volkswagen (VW) inform\u00f3 quiz\u00e1s demasiado","inLanguage":"es-ES","isPartOf":{"@id":"https:\/\/candas365.es\/noticias\/#website"},"breadcrumb":{"@id":"https:\/\/candas365.es\/noticias\/fiscalia-alemana-investiga-a-ex-jefe-vw-por-manipulacion-del-mercado\/#breadcrumblist"},"author":{"@id":"https:\/\/candas365.es\/noticias\/author\/admin\/#author"},"creator":{"@id":"https:\/\/candas365.es\/noticias\/author\/admin\/#author"},"image":{"@type":"ImageObject","url":"https:\/\/candas365.es\/noticias\/wp-content\/uploads\/2015\/06\/carretera.jpg","@id":"https:\/\/candas365.es\/noticias\/fiscalia-alemana-investiga-a-ex-jefe-vw-por-manipulacion-del-mercado\/#mainImage","width":655,"height":360},"primaryImageOfPage":{"@id":"https:\/\/candas365.es\/noticias\/fiscalia-alemana-investiga-a-ex-jefe-vw-por-manipulacion-del-mercado\/#mainImage"},"datePublished":"2016-06-21T07:25:35+02:00","dateModified":"2016-06-21T07:25:35+02:00"},{"@type":"WebSite","@id":"https:\/\/candas365.es\/noticias\/#website","url":"https:\/\/candas365.es\/noticias\/","name":"Cand\u00e1s 365","alternateName":"Cand\u00e1s 365 Noticias","description":"Actualidad desde Carre\u00f1o para el mundo","inLanguage":"es-ES","publisher":{"@id":"https:\/\/candas365.es\/noticias\/#organization"}}]},"og:locale":"es_ES","og:site_name":"Cand\u00e1s 365","og:type":"article","og:title":"Fiscal\u00eda alemana investiga a ex jefe VW por manipulaci\u00f3n del mercado | Cand\u00e1s 365","og:description":"Wolfsburgo\/Braunschweig (Alemania), 20 jun (dpa) - La Fiscal\u00eda de Braunschweig abri\u00f3 una investigaci\u00f3n contra el ex director ejecutivo del gigante automotor alem\u00e1n Volkswagen Martin Winterkorn por manipulaci\u00f3n del mercado dentro del esc\u00e1ndalo de los motores di\u00e9sel, informaron hoy las autoridades alemanas. La Fiscal\u00eda indic\u00f3 que se trata de averiguar si Volkswagen (VW) inform\u00f3 quiz\u00e1s demasiado","og:url":"https:\/\/candas365.es\/noticias\/fiscalia-alemana-investiga-a-ex-jefe-vw-por-manipulacion-del-mercado\/","og:image":"https:\/\/candas365.es\/noticias\/wp-content\/uploads\/2015\/06\/carretera.jpg","og:image:secure_url":"https:\/\/candas365.es\/noticias\/wp-content\/uploads\/2015\/06\/carretera.jpg","og:image:width":655,"og:image:height":360,"article:published_time":"2016-06-21T05:55:35+00:00","article:modified_time":"2016-06-21T05:55:35+00:00","article:publisher":"https:\/\/www.facebook.com\/Nachofdezber","article:author":"https:\/\/www.facebook.com\/carrenoactualidad","twitter:card":"summary_large_image","twitter:site":"@NabercoDigital","twitter:title":"Fiscal\u00eda alemana investiga a ex jefe VW por manipulaci\u00f3n del mercado | Cand\u00e1s 365","twitter:description":"Wolfsburgo\/Braunschweig (Alemania), 20 jun (dpa) - La Fiscal\u00eda de Braunschweig abri\u00f3 una investigaci\u00f3n contra el ex director ejecutivo del gigante automotor alem\u00e1n Volkswagen Martin Winterkorn por manipulaci\u00f3n del mercado dentro del esc\u00e1ndalo de los motores di\u00e9sel, informaron hoy las autoridades alemanas. La Fiscal\u00eda indic\u00f3 que se trata de averiguar si Volkswagen (VW) inform\u00f3 quiz\u00e1s demasiado","twitter:creator":"@nbasturias","twitter:image":"https:\/\/candas365.es\/noticias\/wp-content\/uploads\/2015\/06\/carretera.jpg","twitter:label1":"Escrito por","twitter:data1":"Cand\u00e1s 365","twitter:label2":"Tiempo de lectura estimado","twitter:data2":"2 minutos"},"aioseo_meta_data":{"post_id":"30884","title":null,"description":null,"keywords":null,"keyphrases":null,"primary_term":null,"canonical_url":null,"og_title":null,"og_description":null,"og_object_type":"default","og_image_type":"default","og_image_url":null,"og_image_width":null,"og_image_height":null,"og_image_custom_url":null,"og_image_custom_fields":null,"og_video":null,"og_custom_url":null,"og_article_section":null,"og_article_tags":null,"twitter_use_og":false,"twitter_card":"default","twitter_image_type":"default","twitter_image_url":null,"twitter_image_custom_url":null,"twitter_image_custom_fields":null,"twitter_title":null,"twitter_description":null,"schema":{"blockGraphs":[],"customGraphs":[],"default":{"data":{"Article":[],"Course":[],"Dataset":[],"FAQPage":[],"Movie":[],"Person":[],"Product":[],"ProductReview":[],"Car":[],"Recipe":[],"Service":[],"SoftwareApplication":[],"WebPage":[]},"graphName":"","isEnabled":true},"graphs":[],"defaultGraph":"","defaultPostTypeGraph":""},"schema_type":null,"schema_type_options":null,"pillar_content":false,"robots_default":true,"robots_noindex":false,"robots_noarchive":false,"robots_nosnippet":false,"robots_nofollow":false,"robots_noimageindex":false,"robots_noodp":false,"robots_notranslate":false,"robots_max_snippet":null,"robots_max_videopreview":null,"robots_max_imagepreview":"large","priority":null,"frequency":null,"location":null,"local_seo":null,"seo_analyzer_scan_date":"2025-08-24 13:07:12","breadcrumb_settings":null,"limit_modified_date":false,"reviewed_by":null,"open_ai":null,"ai":null,"created":"2020-12-21 12:59:45","updated":"2025-08-24 13:07:12"},"aioseo_breadcrumb":"<div class=\"aioseo-breadcrumbs\"><span class=\"aioseo-breadcrumb\">\n\t<a href=\"https:\/\/candas365.es\/noticias\" title=\"Home\">Home<\/a>\n<\/span><span class=\"aioseo-breadcrumb-separator\">&ndash;<\/span><span class=\"aioseo-breadcrumb\">\n\t<a href=\"https:\/\/candas365.es\/noticias\/category\/actualidad\/\" title=\"Actualidad\">Actualidad<\/a>\n<\/span><span class=\"aioseo-breadcrumb-separator\">&ndash;<\/span><span class=\"aioseo-breadcrumb\">\n\tFiscal\u00eda alemana investiga a ex jefe VW por manipulaci\u00f3n del mercado\n<\/span><\/div>","aioseo_breadcrumb_json":[{"label":"Home","link":"https:\/\/candas365.es\/noticias"},{"label":"Actualidad","link":"https:\/\/candas365.es\/noticias\/category\/actualidad\/"},{"label":"Fiscal\u00eda alemana investiga a ex jefe VW por manipulaci\u00f3n del mercado","link":"https:\/\/candas365.es\/noticias\/fiscalia-alemana-investiga-a-ex-jefe-vw-por-manipulacion-del-mercado\/"}],"_links":{"self":[{"href":"https:\/\/candas365.es\/noticias\/wp-json\/wp\/v2\/posts\/30884","targetHints":{"allow":["GET"]}}],"collection":[{"href":"https:\/\/candas365.es\/noticias\/wp-json\/wp\/v2\/posts"}],"about":[{"href":"https:\/\/candas365.es\/noticias\/wp-json\/wp\/v2\/types\/post"}],"author":[{"embeddable":true,"href":"https:\/\/candas365.es\/noticias\/wp-json\/wp\/v2\/users\/1"}],"replies":[{"embeddable":true,"href":"https:\/\/candas365.es\/noticias\/wp-json\/wp\/v2\/comments?post=30884"}],"version-history":[{"count":0,"href":"https:\/\/candas365.es\/noticias\/wp-json\/wp\/v2\/posts\/30884\/revisions"}],"wp:featuredmedia":[{"embeddable":true,"href":"https:\/\/candas365.es\/noticias\/wp-json\/wp\/v2\/media\/11776"}],"wp:attachment":[{"href":"https:\/\/candas365.es\/noticias\/wp-json\/wp\/v2\/media?parent=30884"}],"wp:term":[{"taxonomy":"category","embeddable":true,"href":"https:\/\/candas365.es\/noticias\/wp-json\/wp\/v2\/categories?post=30884"},{"taxonomy":"post_tag","embeddable":true,"href":"https:\/\/candas365.es\/noticias\/wp-json\/wp\/v2\/tags?post=30884"}],"curies":[{"name":"wp","href":"https:\/\/api.w.org\/{rel}","templated":true}]}}