{"id":30873,"date":"2016-06-20T22:50:08","date_gmt":"2016-06-20T21:20:08","guid":{"rendered":"http:\/\/candas365.es\/noticias\/?p=30873"},"modified":"2016-06-20T22:50:08","modified_gmt":"2016-06-20T21:20:08","slug":"vargas-llosa-brexit-seria-una-catastrofe-para-europa-y-reino-unido","status":"publish","type":"post","link":"https:\/\/candas365.es\/noticias\/vargas-llosa-brexit-seria-una-catastrofe-para-europa-y-reino-unido\/","title":{"rendered":"Vargas Llosa: \u00abBrexit\u00bb ser\u00eda una cat\u00e1strofe para Europa y Reino Unido"},"content":{"rendered":"<p>Heidelberg, 20 jun (dpa) &#8211; El premio Nobel de literatura Mario Vargas Llosa alert\u00f3 de los riesgos que conllevar\u00eda una salida de Reino Unido de la Uni\u00f3n Europea (UE) en declaraciones publicadas hoy en la prensa alemana.<\/p>\n<p>\u00abSer\u00eda una cat\u00e1strofe para Europa y tambi\u00e9n para Reino Unido\u00bb, afirm\u00f3 el escritor peruano, que vivi\u00f3 y trabaj\u00f3 largo tiempo en Londres, al diario alem\u00e1n \u00abRhein-Neckar-Zeitung\u00bb en el marco de una conferencia impartida en la Universidad de Heidelberg, en el sur de Alemania.<\/p>\n<p>\u00abReino Unido dejar\u00eda probablemente de existir como se conoce hoy en d\u00eda\u00bb, asegur\u00f3, ya que \u00abprobablemente los escoceses, los norirlandeses y quiz\u00e1 incluso los galeses dejar\u00edan Reino Unido porque les gustar\u00eda seguir siendo miembros de la UE\u00bb, indic\u00f3 sobre el refer\u00e9ndum del 23 de junio.<\/p>\n<p>Llosa teme \u00abun gran vac\u00edo\u00bb si los habitantes de Reino Unido deciden votar a favor de su salida de la UE ya que Reino Unido est\u00e1 a favor de muchos ideales de Europa, record\u00f3.<\/p>\n<p>\u00abVolveremos a caer todos presumiblemente en una especie de cultura de tribus de la que siempre alert\u00f3 el fil\u00f3sofo Karl Popper. Eso significar\u00eda un periodo de transici\u00f3n para todos nosotros en Europa\u00bb, agreg\u00f3.<\/p>\n","protected":false},"excerpt":{"rendered":"<p>Heidelberg, 20 jun (dpa) &#8211; El premio Nobel de literatura Mario Vargas Llosa alert\u00f3 de los riesgos que conllevar\u00eda una salida de Reino Unido de la Uni\u00f3n Europea (UE) en declaraciones publicadas hoy en la prensa alemana. \u00abSer\u00eda una cat\u00e1strofe para Europa y tambi\u00e9n para Reino Unido\u00bb, afirm\u00f3 el escritor peruano, que vivi\u00f3 y trabaj\u00f3<\/p>\n","protected":false},"author":1,"featured_media":16457,"comment_status":"closed","ping_status":"closed","sticky":false,"template":"","format":"standard","meta":{"footnotes":""},"categories":[343],"tags":[],"class_list":{"0":"post-30873","1":"post","2":"type-post","3":"status-publish","4":"format-standard","5":"has-post-thumbnail","7":"category-actualidad"},"aioseo_notices":[],"aioseo_head":"\n\t\t<!-- All in One SEO Pro 4.9.6.2 - aioseo.com -->\n\t<meta name=\"description\" content=\"Heidelberg, 20 jun (dpa) - El premio Nobel de literatura Mario Vargas Llosa alert\u00f3 de los riesgos que conllevar\u00eda una salida de Reino Unido de la Uni\u00f3n Europea (UE) en declaraciones publicadas hoy en la prensa alemana. &quot;Ser\u00eda una cat\u00e1strofe para Europa y tambi\u00e9n para Reino Unido&quot;, afirm\u00f3 el escritor peruano, que vivi\u00f3 y trabaj\u00f3\" \/>\n\t<meta name=\"robots\" content=\"max-image-preview:large\" \/>\n\t<meta name=\"author\" content=\"Cand\u00e1s 365\"\/>\n\t<meta name=\"google-site-verification\" content=\"UA-32230408-1\" \/>\n\t<meta name=\"msvalidate.01\" content=\"354F3CDFB2DA171B47FBE9ABF1F88D5\" \/>\n\t<meta name=\"keywords\" content=\"actualidad\" \/>\n\t<link rel=\"canonical\" href=\"https:\/\/candas365.es\/noticias\/vargas-llosa-brexit-seria-una-catastrofe-para-europa-y-reino-unido\/\" \/>\n\t<meta name=\"generator\" content=\"All in One SEO Pro (AIOSEO) 4.9.6.2\" \/>\n\t\t<meta property=\"og:locale\" content=\"es_ES\" \/>\n\t\t<meta property=\"og:site_name\" content=\"Cand\u00e1s 365\" \/>\n\t\t<meta property=\"og:type\" content=\"article\" \/>\n\t\t<meta property=\"og:title\" content=\"Vargas Llosa: \u00abBrexit\u00bb ser\u00eda una cat\u00e1strofe para Europa y Reino Unido | Cand\u00e1s 365\" \/>\n\t\t<meta property=\"og:description\" content=\"Heidelberg, 20 jun (dpa) - El premio Nobel de literatura Mario Vargas Llosa alert\u00f3 de los riesgos que conllevar\u00eda una salida de Reino Unido de la Uni\u00f3n Europea (UE) en declaraciones publicadas hoy en la prensa alemana. &quot;Ser\u00eda una cat\u00e1strofe para Europa y tambi\u00e9n para Reino Unido&quot;, afirm\u00f3 el escritor peruano, que vivi\u00f3 y trabaj\u00f3\" \/>\n\t\t<meta property=\"og:url\" content=\"https:\/\/candas365.es\/noticias\/vargas-llosa-brexit-seria-una-catastrofe-para-europa-y-reino-unido\/\" \/>\n\t\t<meta property=\"og:image\" content=\"https:\/\/candas365.es\/noticias\/wp-content\/uploads\/2015\/09\/c365noticias.jpg\" \/>\n\t\t<meta property=\"og:image:secure_url\" content=\"https:\/\/candas365.es\/noticias\/wp-content\/uploads\/2015\/09\/c365noticias.jpg\" \/>\n\t\t<meta property=\"og:image:width\" content=\"655\" \/>\n\t\t<meta property=\"og:image:height\" content=\"360\" \/>\n\t\t<meta property=\"article:published_time\" content=\"2016-06-20T21:20:08+00:00\" \/>\n\t\t<meta property=\"article:modified_time\" content=\"2016-06-20T21:20:08+00:00\" \/>\n\t\t<meta property=\"article:publisher\" content=\"https:\/\/www.facebook.com\/Nachofdezber\" \/>\n\t\t<meta property=\"article:author\" content=\"https:\/\/www.facebook.com\/carrenoactualidad\" \/>\n\t\t<meta name=\"twitter:card\" content=\"summary_large_image\" \/>\n\t\t<meta name=\"twitter:site\" content=\"@NabercoDigital\" \/>\n\t\t<meta name=\"twitter:title\" content=\"Vargas Llosa: \u00abBrexit\u00bb ser\u00eda una cat\u00e1strofe para Europa y Reino Unido | Cand\u00e1s 365\" \/>\n\t\t<meta name=\"twitter:description\" content=\"Heidelberg, 20 jun (dpa) - El premio Nobel de literatura Mario Vargas Llosa alert\u00f3 de los riesgos que conllevar\u00eda una salida de Reino Unido de la Uni\u00f3n Europea (UE) en declaraciones publicadas hoy en la prensa alemana. &quot;Ser\u00eda una cat\u00e1strofe para Europa y tambi\u00e9n para Reino Unido&quot;, afirm\u00f3 el escritor peruano, que vivi\u00f3 y trabaj\u00f3\" \/>\n\t\t<meta name=\"twitter:creator\" content=\"@nbasturias\" \/>\n\t\t<meta name=\"twitter:image\" content=\"https:\/\/candas365.es\/noticias\/wp-content\/uploads\/2015\/09\/c365noticias.jpg\" \/>\n\t\t<meta name=\"twitter:label1\" content=\"Escrito por\" \/>\n\t\t<meta name=\"twitter:data1\" content=\"Cand\u00e1s 365\" \/>\n\t\t<meta name=\"twitter:label2\" content=\"Tiempo de lectura estimado\" \/>\n\t\t<meta name=\"twitter:data2\" content=\"1 minuto\" \/>\n\t\t<script type=\"application\/ld+json\" class=\"aioseo-schema\">\n\t\t\t{\"@context\":\"https:\\\/\\\/schema.org\",\"@graph\":[{\"@type\":\"BreadcrumbList\",\"@id\":\"https:\\\/\\\/candas365.es\\\/noticias\\\/vargas-llosa-brexit-seria-una-catastrofe-para-europa-y-reino-unido\\\/#breadcrumblist\",\"itemListElement\":[{\"@type\":\"ListItem\",\"@id\":\"https:\\\/\\\/candas365.es\\\/noticias#listItem\",\"position\":1,\"name\":\"Home\",\"item\":\"https:\\\/\\\/candas365.es\\\/noticias\",\"nextItem\":{\"@type\":\"ListItem\",\"@id\":\"https:\\\/\\\/candas365.es\\\/noticias\\\/category\\\/actualidad\\\/#listItem\",\"name\":\"Actualidad\"}},{\"@type\":\"ListItem\",\"@id\":\"https:\\\/\\\/candas365.es\\\/noticias\\\/category\\\/actualidad\\\/#listItem\",\"position\":2,\"name\":\"Actualidad\",\"item\":\"https:\\\/\\\/candas365.es\\\/noticias\\\/category\\\/actualidad\\\/\",\"nextItem\":{\"@type\":\"ListItem\",\"@id\":\"https:\\\/\\\/candas365.es\\\/noticias\\\/vargas-llosa-brexit-seria-una-catastrofe-para-europa-y-reino-unido\\\/#listItem\",\"name\":\"Vargas Llosa: \\u00abBrexit\\u00bb ser\\u00eda una cat\\u00e1strofe para Europa y Reino Unido\"},\"previousItem\":{\"@type\":\"ListItem\",\"@id\":\"https:\\\/\\\/candas365.es\\\/noticias#listItem\",\"name\":\"Home\"}},{\"@type\":\"ListItem\",\"@id\":\"https:\\\/\\\/candas365.es\\\/noticias\\\/vargas-llosa-brexit-seria-una-catastrofe-para-europa-y-reino-unido\\\/#listItem\",\"position\":3,\"name\":\"Vargas Llosa: \\u00abBrexit\\u00bb ser\\u00eda una cat\\u00e1strofe para Europa y Reino Unido\",\"previousItem\":{\"@type\":\"ListItem\",\"@id\":\"https:\\\/\\\/candas365.es\\\/noticias\\\/category\\\/actualidad\\\/#listItem\",\"name\":\"Actualidad\"}}]},{\"@type\":\"NewsArticle\",\"@id\":\"https:\\\/\\\/candas365.es\\\/noticias\\\/vargas-llosa-brexit-seria-una-catastrofe-para-europa-y-reino-unido\\\/#newsarticle\",\"name\":\"Vargas Llosa: \\u00abBrexit\\u00bb ser\\u00eda una cat\\u00e1strofe para Europa y Reino Unido | Cand\\u00e1s 365\",\"headline\":\"Vargas Llosa: \\u00abBrexit\\u00bb ser\\u00eda una cat\\u00e1strofe para Europa y Reino Unido\",\"author\":{\"@id\":\"https:\\\/\\\/candas365.es\\\/noticias\\\/author\\\/admin\\\/#author\"},\"publisher\":{\"@id\":\"https:\\\/\\\/candas365.es\\\/noticias\\\/#organization\"},\"image\":{\"@type\":\"ImageObject\",\"url\":\"https:\\\/\\\/candas365.es\\\/noticias\\\/wp-content\\\/uploads\\\/2015\\\/09\\\/c365noticias.jpg\",\"width\":655,\"height\":360},\"datePublished\":\"2016-06-20T22:50:08+02:00\",\"dateModified\":\"2016-06-20T22:50:08+02:00\",\"inLanguage\":\"es-ES\",\"mainEntityOfPage\":{\"@id\":\"https:\\\/\\\/candas365.es\\\/noticias\\\/vargas-llosa-brexit-seria-una-catastrofe-para-europa-y-reino-unido\\\/#webpage\"},\"isPartOf\":{\"@id\":\"https:\\\/\\\/candas365.es\\\/noticias\\\/vargas-llosa-brexit-seria-una-catastrofe-para-europa-y-reino-unido\\\/#webpage\"},\"articleSection\":\"Actualidad\",\"dateline\":\"Publicado el junio 20, 2016.\"},{\"@type\":\"Organization\",\"@id\":\"https:\\\/\\\/candas365.es\\\/noticias\\\/#organization\",\"name\":\"Cand\\u00e1s 365\",\"description\":\"Cand\\u00e1s 365 es un diario digital independiente, fundado en 2012, con base en Asturias. Informamos con rigor sobre actualidad, sociedad, cultura y ocio, con una mirada local y global.\",\"url\":\"https:\\\/\\\/candas365.es\\\/noticias\\\/\",\"email\":\"info@candas365.es\",\"telephone\":\"+34652131393\",\"foundingDate\":\"2012-06-10\",\"logo\":{\"@type\":\"ImageObject\",\"url\":\"https:\\\/\\\/candas365.es\\\/noticias\\\/wp-content\\\/uploads\\\/2024\\\/09\\\/Candas-365-Redes.jpg\",\"@id\":\"https:\\\/\\\/candas365.es\\\/noticias\\\/vargas-llosa-brexit-seria-una-catastrofe-para-europa-y-reino-unido\\\/#organizationLogo\",\"width\":1152,\"height\":864,\"caption\":\"Cand\\u00e1s 365 Redes\"},\"image\":{\"@id\":\"https:\\\/\\\/candas365.es\\\/noticias\\\/vargas-llosa-brexit-seria-una-catastrofe-para-europa-y-reino-unido\\\/#organizationLogo\"},\"sameAs\":[\"https:\\\/\\\/www.facebook.com\\\/Nachofdezber\",\"https:\\\/\\\/x.com\\\/NabercoDigital\",\"https:\\\/\\\/www.instagram.com\\\/nachofdezber\\\/\",\"https:\\\/\\\/www.youtube.com\\\/channel\\\/UCZP-2wLEB9Rv6erhFmqVnvg\"],\"address\":{\"@id\":\"https:\\\/\\\/candas365.es\\\/noticias\\\/#postaladdress\",\"@type\":\"PostalAddress\",\"streetAddress\":\"san antonio 4, san antonio 4\",\"postalCode\":\"33430\",\"addressLocality\":\"Cand\\u00e1s\",\"addressRegion\":\"Asturias\",\"addressCountry\":\"ES\"}},{\"@type\":\"Person\",\"@id\":\"https:\\\/\\\/candas365.es\\\/noticias\\\/author\\\/admin\\\/#author\",\"url\":\"https:\\\/\\\/candas365.es\\\/noticias\\\/author\\\/admin\\\/\",\"name\":\"Cand\\u00e1s 365\",\"image\":{\"@type\":\"ImageObject\",\"@id\":\"https:\\\/\\\/candas365.es\\\/noticias\\\/vargas-llosa-brexit-seria-una-catastrofe-para-europa-y-reino-unido\\\/#authorImage\",\"url\":\"https:\\\/\\\/secure.gravatar.com\\\/avatar\\\/496a8e03d0c493ede1718b7934145dbdf8d89be1036b0eec9544e1094c9de390?s=96&d=mm&r=g\",\"width\":96,\"height\":96,\"caption\":\"Cand\\u00e1s 365\"},\"sameAs\":[\"https:\\\/\\\/www.facebook.com\\\/carrenoactualidad\",\"https:\\\/\\\/twitter.com\\\/nbasturias\",\"https:\\\/\\\/www.instagram.com\\\/nachofdezber\\\/\",\"https:\\\/\\\/www.youtube.com\\\/channel\\\/UCZP-2wLEB9Rv6erhFmqVnvg\"]},{\"@type\":\"WebPage\",\"@id\":\"https:\\\/\\\/candas365.es\\\/noticias\\\/vargas-llosa-brexit-seria-una-catastrofe-para-europa-y-reino-unido\\\/#webpage\",\"url\":\"https:\\\/\\\/candas365.es\\\/noticias\\\/vargas-llosa-brexit-seria-una-catastrofe-para-europa-y-reino-unido\\\/\",\"name\":\"Vargas Llosa: \\u00abBrexit\\u00bb ser\\u00eda una cat\\u00e1strofe para Europa y Reino Unido | Cand\\u00e1s 365\",\"description\":\"Heidelberg, 20 jun (dpa) - El premio Nobel de literatura Mario Vargas Llosa alert\\u00f3 de los riesgos que conllevar\\u00eda una salida de Reino Unido de la Uni\\u00f3n Europea (UE) en declaraciones publicadas hoy en la prensa alemana. \\\"Ser\\u00eda una cat\\u00e1strofe para Europa y tambi\\u00e9n para Reino Unido\\\", afirm\\u00f3 el escritor peruano, que vivi\\u00f3 y trabaj\\u00f3\",\"inLanguage\":\"es-ES\",\"isPartOf\":{\"@id\":\"https:\\\/\\\/candas365.es\\\/noticias\\\/#website\"},\"breadcrumb\":{\"@id\":\"https:\\\/\\\/candas365.es\\\/noticias\\\/vargas-llosa-brexit-seria-una-catastrofe-para-europa-y-reino-unido\\\/#breadcrumblist\"},\"author\":{\"@id\":\"https:\\\/\\\/candas365.es\\\/noticias\\\/author\\\/admin\\\/#author\"},\"creator\":{\"@id\":\"https:\\\/\\\/candas365.es\\\/noticias\\\/author\\\/admin\\\/#author\"},\"image\":{\"@type\":\"ImageObject\",\"url\":\"https:\\\/\\\/candas365.es\\\/noticias\\\/wp-content\\\/uploads\\\/2015\\\/09\\\/c365noticias.jpg\",\"@id\":\"https:\\\/\\\/candas365.es\\\/noticias\\\/vargas-llosa-brexit-seria-una-catastrofe-para-europa-y-reino-unido\\\/#mainImage\",\"width\":655,\"height\":360},\"primaryImageOfPage\":{\"@id\":\"https:\\\/\\\/candas365.es\\\/noticias\\\/vargas-llosa-brexit-seria-una-catastrofe-para-europa-y-reino-unido\\\/#mainImage\"},\"datePublished\":\"2016-06-20T22:50:08+02:00\",\"dateModified\":\"2016-06-20T22:50:08+02:00\"},{\"@type\":\"WebSite\",\"@id\":\"https:\\\/\\\/candas365.es\\\/noticias\\\/#website\",\"url\":\"https:\\\/\\\/candas365.es\\\/noticias\\\/\",\"name\":\"Cand\\u00e1s 365\",\"alternateName\":\"Cand\\u00e1s 365 Noticias\",\"description\":\"Actualidad desde Carre\\u00f1o para el mundo\",\"inLanguage\":\"es-ES\",\"publisher\":{\"@id\":\"https:\\\/\\\/candas365.es\\\/noticias\\\/#organization\"}}]}\n\t\t<\/script>\n\t\t<!-- All in One SEO Pro -->\r\n\t\t<title>Vargas Llosa: \u00abBrexit\u00bb ser\u00eda una cat\u00e1strofe para Europa y Reino Unido | Cand\u00e1s 365<\/title>\n\n","aioseo_head_json":{"title":"Vargas Llosa: \u00abBrexit\u00bb ser\u00eda una cat\u00e1strofe para Europa y Reino Unido | Cand\u00e1s 365","description":"Heidelberg, 20 jun (dpa) - El premio Nobel de literatura Mario Vargas Llosa alert\u00f3 de los riesgos que conllevar\u00eda una salida de Reino Unido de la Uni\u00f3n Europea (UE) en declaraciones publicadas hoy en la prensa alemana. \"Ser\u00eda una cat\u00e1strofe para Europa y tambi\u00e9n para Reino Unido\", afirm\u00f3 el escritor peruano, que vivi\u00f3 y trabaj\u00f3","canonical_url":"https:\/\/candas365.es\/noticias\/vargas-llosa-brexit-seria-una-catastrofe-para-europa-y-reino-unido\/","robots":"max-image-preview:large","keywords":"actualidad","webmasterTools":{"google-site-verification":"UA-32230408-1","msvalidate.01":"354F3CDFB2DA171B47FBE9ABF1F88D5","miscellaneous":""},"schema":{"@context":"https:\/\/schema.org","@graph":[{"@type":"BreadcrumbList","@id":"https:\/\/candas365.es\/noticias\/vargas-llosa-brexit-seria-una-catastrofe-para-europa-y-reino-unido\/#breadcrumblist","itemListElement":[{"@type":"ListItem","@id":"https:\/\/candas365.es\/noticias#listItem","position":1,"name":"Home","item":"https:\/\/candas365.es\/noticias","nextItem":{"@type":"ListItem","@id":"https:\/\/candas365.es\/noticias\/category\/actualidad\/#listItem","name":"Actualidad"}},{"@type":"ListItem","@id":"https:\/\/candas365.es\/noticias\/category\/actualidad\/#listItem","position":2,"name":"Actualidad","item":"https:\/\/candas365.es\/noticias\/category\/actualidad\/","nextItem":{"@type":"ListItem","@id":"https:\/\/candas365.es\/noticias\/vargas-llosa-brexit-seria-una-catastrofe-para-europa-y-reino-unido\/#listItem","name":"Vargas Llosa: \u00abBrexit\u00bb ser\u00eda una cat\u00e1strofe para Europa y Reino Unido"},"previousItem":{"@type":"ListItem","@id":"https:\/\/candas365.es\/noticias#listItem","name":"Home"}},{"@type":"ListItem","@id":"https:\/\/candas365.es\/noticias\/vargas-llosa-brexit-seria-una-catastrofe-para-europa-y-reino-unido\/#listItem","position":3,"name":"Vargas Llosa: \u00abBrexit\u00bb ser\u00eda una cat\u00e1strofe para Europa y Reino Unido","previousItem":{"@type":"ListItem","@id":"https:\/\/candas365.es\/noticias\/category\/actualidad\/#listItem","name":"Actualidad"}}]},{"@type":"NewsArticle","@id":"https:\/\/candas365.es\/noticias\/vargas-llosa-brexit-seria-una-catastrofe-para-europa-y-reino-unido\/#newsarticle","name":"Vargas Llosa: \u00abBrexit\u00bb ser\u00eda una cat\u00e1strofe para Europa y Reino Unido | Cand\u00e1s 365","headline":"Vargas Llosa: \u00abBrexit\u00bb ser\u00eda una cat\u00e1strofe para Europa y Reino Unido","author":{"@id":"https:\/\/candas365.es\/noticias\/author\/admin\/#author"},"publisher":{"@id":"https:\/\/candas365.es\/noticias\/#organization"},"image":{"@type":"ImageObject","url":"https:\/\/candas365.es\/noticias\/wp-content\/uploads\/2015\/09\/c365noticias.jpg","width":655,"height":360},"datePublished":"2016-06-20T22:50:08+02:00","dateModified":"2016-06-20T22:50:08+02:00","inLanguage":"es-ES","mainEntityOfPage":{"@id":"https:\/\/candas365.es\/noticias\/vargas-llosa-brexit-seria-una-catastrofe-para-europa-y-reino-unido\/#webpage"},"isPartOf":{"@id":"https:\/\/candas365.es\/noticias\/vargas-llosa-brexit-seria-una-catastrofe-para-europa-y-reino-unido\/#webpage"},"articleSection":"Actualidad","dateline":"Publicado el junio 20, 2016."},{"@type":"Organization","@id":"https:\/\/candas365.es\/noticias\/#organization","name":"Cand\u00e1s 365","description":"Cand\u00e1s 365 es un diario digital independiente, fundado en 2012, con base en Asturias. Informamos con rigor sobre actualidad, sociedad, cultura y ocio, con una mirada local y global.","url":"https:\/\/candas365.es\/noticias\/","email":"info@candas365.es","telephone":"+34652131393","foundingDate":"2012-06-10","logo":{"@type":"ImageObject","url":"https:\/\/candas365.es\/noticias\/wp-content\/uploads\/2024\/09\/Candas-365-Redes.jpg","@id":"https:\/\/candas365.es\/noticias\/vargas-llosa-brexit-seria-una-catastrofe-para-europa-y-reino-unido\/#organizationLogo","width":1152,"height":864,"caption":"Cand\u00e1s 365 Redes"},"image":{"@id":"https:\/\/candas365.es\/noticias\/vargas-llosa-brexit-seria-una-catastrofe-para-europa-y-reino-unido\/#organizationLogo"},"sameAs":["https:\/\/www.facebook.com\/Nachofdezber","https:\/\/x.com\/NabercoDigital","https:\/\/www.instagram.com\/nachofdezber\/","https:\/\/www.youtube.com\/channel\/UCZP-2wLEB9Rv6erhFmqVnvg"],"address":{"@id":"https:\/\/candas365.es\/noticias\/#postaladdress","@type":"PostalAddress","streetAddress":"san antonio 4, san antonio 4","postalCode":"33430","addressLocality":"Cand\u00e1s","addressRegion":"Asturias","addressCountry":"ES"}},{"@type":"Person","@id":"https:\/\/candas365.es\/noticias\/author\/admin\/#author","url":"https:\/\/candas365.es\/noticias\/author\/admin\/","name":"Cand\u00e1s 365","image":{"@type":"ImageObject","@id":"https:\/\/candas365.es\/noticias\/vargas-llosa-brexit-seria-una-catastrofe-para-europa-y-reino-unido\/#authorImage","url":"https:\/\/secure.gravatar.com\/avatar\/496a8e03d0c493ede1718b7934145dbdf8d89be1036b0eec9544e1094c9de390?s=96&d=mm&r=g","width":96,"height":96,"caption":"Cand\u00e1s 365"},"sameAs":["https:\/\/www.facebook.com\/carrenoactualidad","https:\/\/twitter.com\/nbasturias","https:\/\/www.instagram.com\/nachofdezber\/","https:\/\/www.youtube.com\/channel\/UCZP-2wLEB9Rv6erhFmqVnvg"]},{"@type":"WebPage","@id":"https:\/\/candas365.es\/noticias\/vargas-llosa-brexit-seria-una-catastrofe-para-europa-y-reino-unido\/#webpage","url":"https:\/\/candas365.es\/noticias\/vargas-llosa-brexit-seria-una-catastrofe-para-europa-y-reino-unido\/","name":"Vargas Llosa: \u00abBrexit\u00bb ser\u00eda una cat\u00e1strofe para Europa y Reino Unido | Cand\u00e1s 365","description":"Heidelberg, 20 jun (dpa) - El premio Nobel de literatura Mario Vargas Llosa alert\u00f3 de los riesgos que conllevar\u00eda una salida de Reino Unido de la Uni\u00f3n Europea (UE) en declaraciones publicadas hoy en la prensa alemana. \"Ser\u00eda una cat\u00e1strofe para Europa y tambi\u00e9n para Reino Unido\", afirm\u00f3 el escritor peruano, que vivi\u00f3 y trabaj\u00f3","inLanguage":"es-ES","isPartOf":{"@id":"https:\/\/candas365.es\/noticias\/#website"},"breadcrumb":{"@id":"https:\/\/candas365.es\/noticias\/vargas-llosa-brexit-seria-una-catastrofe-para-europa-y-reino-unido\/#breadcrumblist"},"author":{"@id":"https:\/\/candas365.es\/noticias\/author\/admin\/#author"},"creator":{"@id":"https:\/\/candas365.es\/noticias\/author\/admin\/#author"},"image":{"@type":"ImageObject","url":"https:\/\/candas365.es\/noticias\/wp-content\/uploads\/2015\/09\/c365noticias.jpg","@id":"https:\/\/candas365.es\/noticias\/vargas-llosa-brexit-seria-una-catastrofe-para-europa-y-reino-unido\/#mainImage","width":655,"height":360},"primaryImageOfPage":{"@id":"https:\/\/candas365.es\/noticias\/vargas-llosa-brexit-seria-una-catastrofe-para-europa-y-reino-unido\/#mainImage"},"datePublished":"2016-06-20T22:50:08+02:00","dateModified":"2016-06-20T22:50:08+02:00"},{"@type":"WebSite","@id":"https:\/\/candas365.es\/noticias\/#website","url":"https:\/\/candas365.es\/noticias\/","name":"Cand\u00e1s 365","alternateName":"Cand\u00e1s 365 Noticias","description":"Actualidad desde Carre\u00f1o para el mundo","inLanguage":"es-ES","publisher":{"@id":"https:\/\/candas365.es\/noticias\/#organization"}}]},"og:locale":"es_ES","og:site_name":"Cand\u00e1s 365","og:type":"article","og:title":"Vargas Llosa: \u00abBrexit\u00bb ser\u00eda una cat\u00e1strofe para Europa y Reino Unido | Cand\u00e1s 365","og:description":"Heidelberg, 20 jun (dpa) - El premio Nobel de literatura Mario Vargas Llosa alert\u00f3 de los riesgos que conllevar\u00eda una salida de Reino Unido de la Uni\u00f3n Europea (UE) en declaraciones publicadas hoy en la prensa alemana. &quot;Ser\u00eda una cat\u00e1strofe para Europa y tambi\u00e9n para Reino Unido&quot;, afirm\u00f3 el escritor peruano, que vivi\u00f3 y trabaj\u00f3","og:url":"https:\/\/candas365.es\/noticias\/vargas-llosa-brexit-seria-una-catastrofe-para-europa-y-reino-unido\/","og:image":"https:\/\/candas365.es\/noticias\/wp-content\/uploads\/2015\/09\/c365noticias.jpg","og:image:secure_url":"https:\/\/candas365.es\/noticias\/wp-content\/uploads\/2015\/09\/c365noticias.jpg","og:image:width":655,"og:image:height":360,"article:published_time":"2016-06-20T21:20:08+00:00","article:modified_time":"2016-06-20T21:20:08+00:00","article:publisher":"https:\/\/www.facebook.com\/Nachofdezber","article:author":"https:\/\/www.facebook.com\/carrenoactualidad","twitter:card":"summary_large_image","twitter:site":"@NabercoDigital","twitter:title":"Vargas Llosa: \u00abBrexit\u00bb ser\u00eda una cat\u00e1strofe para Europa y Reino Unido | Cand\u00e1s 365","twitter:description":"Heidelberg, 20 jun (dpa) - El premio Nobel de literatura Mario Vargas Llosa alert\u00f3 de los riesgos que conllevar\u00eda una salida de Reino Unido de la Uni\u00f3n Europea (UE) en declaraciones publicadas hoy en la prensa alemana. &quot;Ser\u00eda una cat\u00e1strofe para Europa y tambi\u00e9n para Reino Unido&quot;, afirm\u00f3 el escritor peruano, que vivi\u00f3 y trabaj\u00f3","twitter:creator":"@nbasturias","twitter:image":"https:\/\/candas365.es\/noticias\/wp-content\/uploads\/2015\/09\/c365noticias.jpg","twitter:label1":"Escrito por","twitter:data1":"Cand\u00e1s 365","twitter:label2":"Tiempo de lectura estimado","twitter:data2":"1 minuto"},"aioseo_meta_data":{"post_id":"30873","title":null,"description":null,"keywords":null,"keyphrases":null,"primary_term":null,"canonical_url":null,"og_title":null,"og_description":null,"og_object_type":"default","og_image_type":"default","og_image_url":null,"og_image_width":null,"og_image_height":null,"og_image_custom_url":null,"og_image_custom_fields":null,"og_video":null,"og_custom_url":null,"og_article_section":null,"og_article_tags":null,"twitter_use_og":false,"twitter_card":"default","twitter_image_type":"default","twitter_image_url":null,"twitter_image_custom_url":null,"twitter_image_custom_fields":null,"twitter_title":null,"twitter_description":null,"schema":{"blockGraphs":[],"customGraphs":[],"default":{"data":{"Article":[],"Course":[],"Dataset":[],"FAQPage":[],"Movie":[],"Person":[],"Product":[],"ProductReview":[],"Car":[],"Recipe":[],"Service":[],"SoftwareApplication":[],"WebPage":[]},"graphName":"","isEnabled":true},"graphs":[],"defaultGraph":"","defaultPostTypeGraph":""},"schema_type":null,"schema_type_options":null,"pillar_content":false,"robots_default":true,"robots_noindex":false,"robots_noarchive":false,"robots_nosnippet":false,"robots_nofollow":false,"robots_noimageindex":false,"robots_noodp":false,"robots_notranslate":false,"robots_max_snippet":null,"robots_max_videopreview":null,"robots_max_imagepreview":"large","priority":null,"frequency":null,"location":null,"local_seo":null,"seo_analyzer_scan_date":"2025-08-24 13:06:11","breadcrumb_settings":null,"limit_modified_date":false,"reviewed_by":null,"open_ai":null,"ai":null,"created":"2020-12-21 12:59:45","updated":"2025-08-24 13:06:11"},"aioseo_breadcrumb":"<div class=\"aioseo-breadcrumbs\"><span class=\"aioseo-breadcrumb\">\n\t<a href=\"https:\/\/candas365.es\/noticias\" title=\"Home\">Home<\/a>\n<\/span><span class=\"aioseo-breadcrumb-separator\">&ndash;<\/span><span class=\"aioseo-breadcrumb\">\n\t<a href=\"https:\/\/candas365.es\/noticias\/category\/actualidad\/\" title=\"Actualidad\">Actualidad<\/a>\n<\/span><span class=\"aioseo-breadcrumb-separator\">&ndash;<\/span><span class=\"aioseo-breadcrumb\">\n\tVargas Llosa: \u00abBrexit\u00bb ser\u00eda una cat\u00e1strofe para Europa y Reino Unido\n<\/span><\/div>","aioseo_breadcrumb_json":[{"label":"Home","link":"https:\/\/candas365.es\/noticias"},{"label":"Actualidad","link":"https:\/\/candas365.es\/noticias\/category\/actualidad\/"},{"label":"Vargas Llosa: \u00abBrexit\u00bb ser\u00eda una cat\u00e1strofe para Europa y Reino Unido","link":"https:\/\/candas365.es\/noticias\/vargas-llosa-brexit-seria-una-catastrofe-para-europa-y-reino-unido\/"}],"_links":{"self":[{"href":"https:\/\/candas365.es\/noticias\/wp-json\/wp\/v2\/posts\/30873","targetHints":{"allow":["GET"]}}],"collection":[{"href":"https:\/\/candas365.es\/noticias\/wp-json\/wp\/v2\/posts"}],"about":[{"href":"https:\/\/candas365.es\/noticias\/wp-json\/wp\/v2\/types\/post"}],"author":[{"embeddable":true,"href":"https:\/\/candas365.es\/noticias\/wp-json\/wp\/v2\/users\/1"}],"replies":[{"embeddable":true,"href":"https:\/\/candas365.es\/noticias\/wp-json\/wp\/v2\/comments?post=30873"}],"version-history":[{"count":0,"href":"https:\/\/candas365.es\/noticias\/wp-json\/wp\/v2\/posts\/30873\/revisions"}],"wp:featuredmedia":[{"embeddable":true,"href":"https:\/\/candas365.es\/noticias\/wp-json\/wp\/v2\/media\/16457"}],"wp:attachment":[{"href":"https:\/\/candas365.es\/noticias\/wp-json\/wp\/v2\/media?parent=30873"}],"wp:term":[{"taxonomy":"category","embeddable":true,"href":"https:\/\/candas365.es\/noticias\/wp-json\/wp\/v2\/categories?post=30873"},{"taxonomy":"post_tag","embeddable":true,"href":"https:\/\/candas365.es\/noticias\/wp-json\/wp\/v2\/tags?post=30873"}],"curies":[{"name":"wp","href":"https:\/\/api.w.org\/{rel}","templated":true}]}}