{"id":30867,"date":"2016-06-20T22:25:28","date_gmt":"2016-06-20T20:55:28","guid":{"rendered":"http:\/\/candas365.es\/noticias\/?p=30867"},"modified":"2016-06-20T22:25:28","modified_gmt":"2016-06-20T20:55:28","slug":"el-bundesbank-espera-una-notable-desaceleracion-del-crecimiento-de-la-economia-alemana","status":"publish","type":"post","link":"https:\/\/candas365.es\/noticias\/el-bundesbank-espera-una-notable-desaceleracion-del-crecimiento-de-la-economia-alemana\/","title":{"rendered":"El Bundesbank espera una notable desaceleraci\u00f3n del crecimiento de la econom\u00eda alemana"},"content":{"rendered":"<p><img fetchpriority=\"high\" decoding=\"async\" class=\"alignleft size-medium wp-image-19556\" src=\"https:\/\/candas365.es\/noticias\/wp-content\/uploads\/2015\/11\/euros-360x198.jpg\" alt=\"euros\" width=\"360\" height=\"198\" srcset=\"https:\/\/candas365.es\/noticias\/wp-content\/uploads\/2015\/11\/euros-360x198.jpg 360w, https:\/\/candas365.es\/noticias\/wp-content\/uploads\/2015\/11\/euros-650x357.jpg 650w, https:\/\/candas365.es\/noticias\/wp-content\/uploads\/2015\/11\/euros-150x82.jpg 150w, https:\/\/candas365.es\/noticias\/wp-content\/uploads\/2015\/11\/euros-450x247.jpg 450w, https:\/\/candas365.es\/noticias\/wp-content\/uploads\/2015\/11\/euros.jpg 655w\" sizes=\"(max-width: 360px) 100vw, 360px\" \/>Fr\u00e1ncfort, 20 jun (dpa) &#8211; El Bundesbank espera una notable desaceleraci\u00f3n del crecimiento de la econom\u00eda alemana en el segundo trimestre tras el fuerte comienzo del a\u00f1o, seg\u00fan su informe mensual publicado hoy.<\/p>\n<p>\u00abLas favorables influencias del tiempo del semestre de invierno (boreal) ya han pasado, por lo que se suprimir\u00e1, sobre todo, el impulso procedente del sector de la construcci\u00f3n\u00bb, escribieron los expertos del banco central alem\u00e1n.<\/p>\n<p>Asimismo, la producci\u00f3n industrial deber\u00eda tener un respiro tras el fuerte incremento registrado en el primer trimestre del a\u00f1o. Por \u00faltimo, los pedidos en la industria se han reducido, agregaron.<\/p>\n<p>De enero a marzo la econom\u00eda alemana creci\u00f3 un 0,7 por ciento en comparaci\u00f3n con el trimestre anterior. Gracias al invierno suave registrado en el pa\u00eds se incrementaron notablemente las inversiones en construcci\u00f3n. La coyuntura econ\u00f3mica se benefici\u00f3 del consumo interno y del gasto del Estado para acoger a los cientos de miles de refugiados en el pa\u00eds, indicaron.<\/p>\n<p>No obstante, en conjunto, el Bundesbank espera una \u00abtendencia verdaderamente fuerte de la coyuntura econ\u00f3mica\u00bb. En vistas del buen ambiente entre consumidores y empresarios, el crecimiento de la econom\u00eda deber\u00eda ganar de nuevo velocidad en el segundo semestre, pronosticaron.<\/p>\n<p>Para el a\u00f1o en curso, el Bundesbank espera un crecimiento del producto interno bruto (PIB) del 1,7 por ciento, como ya informaron a principios de junio. En 2017 espera un crecimiento de un 1,4 por ciento y en 2018 de un 1,6 por ciento.<\/p>\n<p>&nbsp;<\/p>\n","protected":false},"excerpt":{"rendered":"<p>Fr\u00e1ncfort, 20 jun (dpa) &#8211; El Bundesbank espera una notable desaceleraci\u00f3n del crecimiento de la econom\u00eda alemana en el segundo trimestre tras el fuerte comienzo del a\u00f1o, seg\u00fan su informe mensual publicado hoy. \u00abLas favorables influencias del tiempo del semestre de invierno (boreal) ya han pasado, por lo que se suprimir\u00e1, sobre todo, el impulso<\/p>\n","protected":false},"author":1,"featured_media":19556,"comment_status":"closed","ping_status":"closed","sticky":false,"template":"","format":"standard","meta":{"footnotes":""},"categories":[343],"tags":[],"class_list":{"0":"post-30867","1":"post","2":"type-post","3":"status-publish","4":"format-standard","5":"has-post-thumbnail","7":"category-actualidad"},"aioseo_notices":[],"aioseo_head":"\n\t\t<!-- All in One SEO Pro 4.9.6.2 - aioseo.com -->\n\t<meta name=\"description\" content=\"Fr\u00e1ncfort, 20 jun (dpa) - El Bundesbank espera una notable desaceleraci\u00f3n del crecimiento de la econom\u00eda alemana en el segundo trimestre tras el fuerte comienzo del a\u00f1o, seg\u00fan su informe mensual publicado hoy. &quot;Las favorables influencias del tiempo del semestre de invierno (boreal) ya han pasado, por lo que se suprimir\u00e1, sobre todo, el impulso\" \/>\n\t<meta name=\"robots\" content=\"max-image-preview:large\" \/>\n\t<meta name=\"author\" content=\"Cand\u00e1s 365\"\/>\n\t<meta name=\"google-site-verification\" content=\"UA-32230408-1\" \/>\n\t<meta name=\"msvalidate.01\" content=\"354F3CDFB2DA171B47FBE9ABF1F88D5\" \/>\n\t<meta name=\"keywords\" content=\"actualidad\" \/>\n\t<link rel=\"canonical\" href=\"https:\/\/candas365.es\/noticias\/el-bundesbank-espera-una-notable-desaceleracion-del-crecimiento-de-la-economia-alemana\/\" \/>\n\t<meta name=\"generator\" content=\"All in One SEO Pro (AIOSEO) 4.9.6.2\" \/>\n\t\t<meta property=\"og:locale\" content=\"es_ES\" \/>\n\t\t<meta property=\"og:site_name\" content=\"Cand\u00e1s 365\" \/>\n\t\t<meta property=\"og:type\" content=\"article\" \/>\n\t\t<meta property=\"og:title\" content=\"El Bundesbank espera una notable desaceleraci\u00f3n del crecimiento de la econom\u00eda alemana | Cand\u00e1s 365\" \/>\n\t\t<meta property=\"og:description\" content=\"Fr\u00e1ncfort, 20 jun (dpa) - El Bundesbank espera una notable desaceleraci\u00f3n del crecimiento de la econom\u00eda alemana en el segundo trimestre tras el fuerte comienzo del a\u00f1o, seg\u00fan su informe mensual publicado hoy. &quot;Las favorables influencias del tiempo del semestre de invierno (boreal) ya han pasado, por lo que se suprimir\u00e1, sobre todo, el impulso\" \/>\n\t\t<meta property=\"og:url\" content=\"https:\/\/candas365.es\/noticias\/el-bundesbank-espera-una-notable-desaceleracion-del-crecimiento-de-la-economia-alemana\/\" \/>\n\t\t<meta property=\"og:image\" content=\"https:\/\/candas365.es\/noticias\/wp-content\/uploads\/2015\/11\/euros.jpg\" \/>\n\t\t<meta property=\"og:image:secure_url\" content=\"https:\/\/candas365.es\/noticias\/wp-content\/uploads\/2015\/11\/euros.jpg\" \/>\n\t\t<meta property=\"og:image:width\" content=\"655\" \/>\n\t\t<meta property=\"og:image:height\" content=\"360\" \/>\n\t\t<meta property=\"article:published_time\" content=\"2016-06-20T20:55:28+00:00\" \/>\n\t\t<meta property=\"article:modified_time\" content=\"2016-06-20T20:55:28+00:00\" \/>\n\t\t<meta property=\"article:publisher\" content=\"https:\/\/www.facebook.com\/Nachofdezber\" \/>\n\t\t<meta property=\"article:author\" content=\"https:\/\/www.facebook.com\/carrenoactualidad\" \/>\n\t\t<meta name=\"twitter:card\" content=\"summary_large_image\" \/>\n\t\t<meta name=\"twitter:site\" content=\"@NabercoDigital\" \/>\n\t\t<meta name=\"twitter:title\" content=\"El Bundesbank espera una notable desaceleraci\u00f3n del crecimiento de la econom\u00eda alemana | Cand\u00e1s 365\" \/>\n\t\t<meta name=\"twitter:description\" content=\"Fr\u00e1ncfort, 20 jun (dpa) - El Bundesbank espera una notable desaceleraci\u00f3n del crecimiento de la econom\u00eda alemana en el segundo trimestre tras el fuerte comienzo del a\u00f1o, seg\u00fan su informe mensual publicado hoy. &quot;Las favorables influencias del tiempo del semestre de invierno (boreal) ya han pasado, por lo que se suprimir\u00e1, sobre todo, el impulso\" \/>\n\t\t<meta name=\"twitter:creator\" content=\"@nbasturias\" \/>\n\t\t<meta name=\"twitter:image\" content=\"https:\/\/candas365.es\/noticias\/wp-content\/uploads\/2015\/11\/euros.jpg\" \/>\n\t\t<meta name=\"twitter:label1\" content=\"Escrito por\" \/>\n\t\t<meta name=\"twitter:data1\" content=\"Cand\u00e1s 365\" \/>\n\t\t<meta name=\"twitter:label2\" content=\"Tiempo de lectura estimado\" \/>\n\t\t<meta name=\"twitter:data2\" content=\"1 minuto\" \/>\n\t\t<script type=\"application\/ld+json\" class=\"aioseo-schema\">\n\t\t\t{\"@context\":\"https:\\\/\\\/schema.org\",\"@graph\":[{\"@type\":\"BreadcrumbList\",\"@id\":\"https:\\\/\\\/candas365.es\\\/noticias\\\/el-bundesbank-espera-una-notable-desaceleracion-del-crecimiento-de-la-economia-alemana\\\/#breadcrumblist\",\"itemListElement\":[{\"@type\":\"ListItem\",\"@id\":\"https:\\\/\\\/candas365.es\\\/noticias#listItem\",\"position\":1,\"name\":\"Home\",\"item\":\"https:\\\/\\\/candas365.es\\\/noticias\",\"nextItem\":{\"@type\":\"ListItem\",\"@id\":\"https:\\\/\\\/candas365.es\\\/noticias\\\/category\\\/actualidad\\\/#listItem\",\"name\":\"Actualidad\"}},{\"@type\":\"ListItem\",\"@id\":\"https:\\\/\\\/candas365.es\\\/noticias\\\/category\\\/actualidad\\\/#listItem\",\"position\":2,\"name\":\"Actualidad\",\"item\":\"https:\\\/\\\/candas365.es\\\/noticias\\\/category\\\/actualidad\\\/\",\"nextItem\":{\"@type\":\"ListItem\",\"@id\":\"https:\\\/\\\/candas365.es\\\/noticias\\\/el-bundesbank-espera-una-notable-desaceleracion-del-crecimiento-de-la-economia-alemana\\\/#listItem\",\"name\":\"El Bundesbank espera una notable desaceleraci\\u00f3n del crecimiento de la econom\\u00eda alemana\"},\"previousItem\":{\"@type\":\"ListItem\",\"@id\":\"https:\\\/\\\/candas365.es\\\/noticias#listItem\",\"name\":\"Home\"}},{\"@type\":\"ListItem\",\"@id\":\"https:\\\/\\\/candas365.es\\\/noticias\\\/el-bundesbank-espera-una-notable-desaceleracion-del-crecimiento-de-la-economia-alemana\\\/#listItem\",\"position\":3,\"name\":\"El Bundesbank espera una notable desaceleraci\\u00f3n del crecimiento de la econom\\u00eda alemana\",\"previousItem\":{\"@type\":\"ListItem\",\"@id\":\"https:\\\/\\\/candas365.es\\\/noticias\\\/category\\\/actualidad\\\/#listItem\",\"name\":\"Actualidad\"}}]},{\"@type\":\"NewsArticle\",\"@id\":\"https:\\\/\\\/candas365.es\\\/noticias\\\/el-bundesbank-espera-una-notable-desaceleracion-del-crecimiento-de-la-economia-alemana\\\/#newsarticle\",\"name\":\"El Bundesbank espera una notable desaceleraci\\u00f3n del crecimiento de la econom\\u00eda alemana | Cand\\u00e1s 365\",\"headline\":\"El Bundesbank espera una notable desaceleraci\\u00f3n del crecimiento de la econom\\u00eda alemana\",\"author\":{\"@id\":\"https:\\\/\\\/candas365.es\\\/noticias\\\/author\\\/admin\\\/#author\"},\"publisher\":{\"@id\":\"https:\\\/\\\/candas365.es\\\/noticias\\\/#organization\"},\"image\":{\"@type\":\"ImageObject\",\"url\":\"https:\\\/\\\/candas365.es\\\/noticias\\\/wp-content\\\/uploads\\\/2015\\\/11\\\/euros.jpg\",\"width\":655,\"height\":360},\"datePublished\":\"2016-06-20T22:25:28+02:00\",\"dateModified\":\"2016-06-20T22:25:28+02:00\",\"inLanguage\":\"es-ES\",\"mainEntityOfPage\":{\"@id\":\"https:\\\/\\\/candas365.es\\\/noticias\\\/el-bundesbank-espera-una-notable-desaceleracion-del-crecimiento-de-la-economia-alemana\\\/#webpage\"},\"isPartOf\":{\"@id\":\"https:\\\/\\\/candas365.es\\\/noticias\\\/el-bundesbank-espera-una-notable-desaceleracion-del-crecimiento-de-la-economia-alemana\\\/#webpage\"},\"articleSection\":\"Actualidad\",\"dateline\":\"Publicado el junio 20, 2016.\"},{\"@type\":\"Organization\",\"@id\":\"https:\\\/\\\/candas365.es\\\/noticias\\\/#organization\",\"name\":\"Cand\\u00e1s 365\",\"description\":\"Cand\\u00e1s 365 es un diario digital independiente, fundado en 2012, con base en Asturias. Informamos con rigor sobre actualidad, sociedad, cultura y ocio, con una mirada local y global.\",\"url\":\"https:\\\/\\\/candas365.es\\\/noticias\\\/\",\"email\":\"info@candas365.es\",\"telephone\":\"+34652131393\",\"foundingDate\":\"2012-06-10\",\"logo\":{\"@type\":\"ImageObject\",\"url\":\"https:\\\/\\\/candas365.es\\\/noticias\\\/wp-content\\\/uploads\\\/2024\\\/09\\\/Candas-365-Redes.jpg\",\"@id\":\"https:\\\/\\\/candas365.es\\\/noticias\\\/el-bundesbank-espera-una-notable-desaceleracion-del-crecimiento-de-la-economia-alemana\\\/#organizationLogo\",\"width\":1152,\"height\":864,\"caption\":\"Cand\\u00e1s 365 Redes\"},\"image\":{\"@id\":\"https:\\\/\\\/candas365.es\\\/noticias\\\/el-bundesbank-espera-una-notable-desaceleracion-del-crecimiento-de-la-economia-alemana\\\/#organizationLogo\"},\"sameAs\":[\"https:\\\/\\\/www.facebook.com\\\/Nachofdezber\",\"https:\\\/\\\/x.com\\\/NabercoDigital\",\"https:\\\/\\\/www.instagram.com\\\/nachofdezber\\\/\",\"https:\\\/\\\/www.youtube.com\\\/channel\\\/UCZP-2wLEB9Rv6erhFmqVnvg\"],\"address\":{\"@id\":\"https:\\\/\\\/candas365.es\\\/noticias\\\/#postaladdress\",\"@type\":\"PostalAddress\",\"streetAddress\":\"san antonio 4, san antonio 4\",\"postalCode\":\"33430\",\"addressLocality\":\"Cand\\u00e1s\",\"addressRegion\":\"Asturias\",\"addressCountry\":\"ES\"}},{\"@type\":\"Person\",\"@id\":\"https:\\\/\\\/candas365.es\\\/noticias\\\/author\\\/admin\\\/#author\",\"url\":\"https:\\\/\\\/candas365.es\\\/noticias\\\/author\\\/admin\\\/\",\"name\":\"Cand\\u00e1s 365\",\"image\":{\"@type\":\"ImageObject\",\"@id\":\"https:\\\/\\\/candas365.es\\\/noticias\\\/el-bundesbank-espera-una-notable-desaceleracion-del-crecimiento-de-la-economia-alemana\\\/#authorImage\",\"url\":\"https:\\\/\\\/secure.gravatar.com\\\/avatar\\\/496a8e03d0c493ede1718b7934145dbdf8d89be1036b0eec9544e1094c9de390?s=96&d=mm&r=g\",\"width\":96,\"height\":96,\"caption\":\"Cand\\u00e1s 365\"},\"sameAs\":[\"https:\\\/\\\/www.facebook.com\\\/carrenoactualidad\",\"https:\\\/\\\/twitter.com\\\/nbasturias\",\"https:\\\/\\\/www.instagram.com\\\/nachofdezber\\\/\",\"https:\\\/\\\/www.youtube.com\\\/channel\\\/UCZP-2wLEB9Rv6erhFmqVnvg\"]},{\"@type\":\"WebPage\",\"@id\":\"https:\\\/\\\/candas365.es\\\/noticias\\\/el-bundesbank-espera-una-notable-desaceleracion-del-crecimiento-de-la-economia-alemana\\\/#webpage\",\"url\":\"https:\\\/\\\/candas365.es\\\/noticias\\\/el-bundesbank-espera-una-notable-desaceleracion-del-crecimiento-de-la-economia-alemana\\\/\",\"name\":\"El Bundesbank espera una notable desaceleraci\\u00f3n del crecimiento de la econom\\u00eda alemana | Cand\\u00e1s 365\",\"description\":\"Fr\\u00e1ncfort, 20 jun (dpa) - El Bundesbank espera una notable desaceleraci\\u00f3n del crecimiento de la econom\\u00eda alemana en el segundo trimestre tras el fuerte comienzo del a\\u00f1o, seg\\u00fan su informe mensual publicado hoy. \\\"Las favorables influencias del tiempo del semestre de invierno (boreal) ya han pasado, por lo que se suprimir\\u00e1, sobre todo, el impulso\",\"inLanguage\":\"es-ES\",\"isPartOf\":{\"@id\":\"https:\\\/\\\/candas365.es\\\/noticias\\\/#website\"},\"breadcrumb\":{\"@id\":\"https:\\\/\\\/candas365.es\\\/noticias\\\/el-bundesbank-espera-una-notable-desaceleracion-del-crecimiento-de-la-economia-alemana\\\/#breadcrumblist\"},\"author\":{\"@id\":\"https:\\\/\\\/candas365.es\\\/noticias\\\/author\\\/admin\\\/#author\"},\"creator\":{\"@id\":\"https:\\\/\\\/candas365.es\\\/noticias\\\/author\\\/admin\\\/#author\"},\"image\":{\"@type\":\"ImageObject\",\"url\":\"https:\\\/\\\/candas365.es\\\/noticias\\\/wp-content\\\/uploads\\\/2015\\\/11\\\/euros.jpg\",\"@id\":\"https:\\\/\\\/candas365.es\\\/noticias\\\/el-bundesbank-espera-una-notable-desaceleracion-del-crecimiento-de-la-economia-alemana\\\/#mainImage\",\"width\":655,\"height\":360},\"primaryImageOfPage\":{\"@id\":\"https:\\\/\\\/candas365.es\\\/noticias\\\/el-bundesbank-espera-una-notable-desaceleracion-del-crecimiento-de-la-economia-alemana\\\/#mainImage\"},\"datePublished\":\"2016-06-20T22:25:28+02:00\",\"dateModified\":\"2016-06-20T22:25:28+02:00\"},{\"@type\":\"WebSite\",\"@id\":\"https:\\\/\\\/candas365.es\\\/noticias\\\/#website\",\"url\":\"https:\\\/\\\/candas365.es\\\/noticias\\\/\",\"name\":\"Cand\\u00e1s 365\",\"alternateName\":\"Cand\\u00e1s 365 Noticias\",\"description\":\"Actualidad desde Carre\\u00f1o para el mundo\",\"inLanguage\":\"es-ES\",\"publisher\":{\"@id\":\"https:\\\/\\\/candas365.es\\\/noticias\\\/#organization\"}}]}\n\t\t<\/script>\n\t\t<!-- All in One SEO Pro -->\r\n\t\t<title>El Bundesbank espera una notable desaceleraci\u00f3n del crecimiento de la econom\u00eda alemana | Cand\u00e1s 365<\/title>\n\n","aioseo_head_json":{"title":"El Bundesbank espera una notable desaceleraci\u00f3n del crecimiento de la econom\u00eda alemana | Cand\u00e1s 365","description":"Fr\u00e1ncfort, 20 jun (dpa) - El Bundesbank espera una notable desaceleraci\u00f3n del crecimiento de la econom\u00eda alemana en el segundo trimestre tras el fuerte comienzo del a\u00f1o, seg\u00fan su informe mensual publicado hoy. \"Las favorables influencias del tiempo del semestre de invierno (boreal) ya han pasado, por lo que se suprimir\u00e1, sobre todo, el impulso","canonical_url":"https:\/\/candas365.es\/noticias\/el-bundesbank-espera-una-notable-desaceleracion-del-crecimiento-de-la-economia-alemana\/","robots":"max-image-preview:large","keywords":"actualidad","webmasterTools":{"google-site-verification":"UA-32230408-1","msvalidate.01":"354F3CDFB2DA171B47FBE9ABF1F88D5","miscellaneous":""},"schema":{"@context":"https:\/\/schema.org","@graph":[{"@type":"BreadcrumbList","@id":"https:\/\/candas365.es\/noticias\/el-bundesbank-espera-una-notable-desaceleracion-del-crecimiento-de-la-economia-alemana\/#breadcrumblist","itemListElement":[{"@type":"ListItem","@id":"https:\/\/candas365.es\/noticias#listItem","position":1,"name":"Home","item":"https:\/\/candas365.es\/noticias","nextItem":{"@type":"ListItem","@id":"https:\/\/candas365.es\/noticias\/category\/actualidad\/#listItem","name":"Actualidad"}},{"@type":"ListItem","@id":"https:\/\/candas365.es\/noticias\/category\/actualidad\/#listItem","position":2,"name":"Actualidad","item":"https:\/\/candas365.es\/noticias\/category\/actualidad\/","nextItem":{"@type":"ListItem","@id":"https:\/\/candas365.es\/noticias\/el-bundesbank-espera-una-notable-desaceleracion-del-crecimiento-de-la-economia-alemana\/#listItem","name":"El Bundesbank espera una notable desaceleraci\u00f3n del crecimiento de la econom\u00eda alemana"},"previousItem":{"@type":"ListItem","@id":"https:\/\/candas365.es\/noticias#listItem","name":"Home"}},{"@type":"ListItem","@id":"https:\/\/candas365.es\/noticias\/el-bundesbank-espera-una-notable-desaceleracion-del-crecimiento-de-la-economia-alemana\/#listItem","position":3,"name":"El Bundesbank espera una notable desaceleraci\u00f3n del crecimiento de la econom\u00eda alemana","previousItem":{"@type":"ListItem","@id":"https:\/\/candas365.es\/noticias\/category\/actualidad\/#listItem","name":"Actualidad"}}]},{"@type":"NewsArticle","@id":"https:\/\/candas365.es\/noticias\/el-bundesbank-espera-una-notable-desaceleracion-del-crecimiento-de-la-economia-alemana\/#newsarticle","name":"El Bundesbank espera una notable desaceleraci\u00f3n del crecimiento de la econom\u00eda alemana | Cand\u00e1s 365","headline":"El Bundesbank espera una notable desaceleraci\u00f3n del crecimiento de la econom\u00eda alemana","author":{"@id":"https:\/\/candas365.es\/noticias\/author\/admin\/#author"},"publisher":{"@id":"https:\/\/candas365.es\/noticias\/#organization"},"image":{"@type":"ImageObject","url":"https:\/\/candas365.es\/noticias\/wp-content\/uploads\/2015\/11\/euros.jpg","width":655,"height":360},"datePublished":"2016-06-20T22:25:28+02:00","dateModified":"2016-06-20T22:25:28+02:00","inLanguage":"es-ES","mainEntityOfPage":{"@id":"https:\/\/candas365.es\/noticias\/el-bundesbank-espera-una-notable-desaceleracion-del-crecimiento-de-la-economia-alemana\/#webpage"},"isPartOf":{"@id":"https:\/\/candas365.es\/noticias\/el-bundesbank-espera-una-notable-desaceleracion-del-crecimiento-de-la-economia-alemana\/#webpage"},"articleSection":"Actualidad","dateline":"Publicado el junio 20, 2016."},{"@type":"Organization","@id":"https:\/\/candas365.es\/noticias\/#organization","name":"Cand\u00e1s 365","description":"Cand\u00e1s 365 es un diario digital independiente, fundado en 2012, con base en Asturias. Informamos con rigor sobre actualidad, sociedad, cultura y ocio, con una mirada local y global.","url":"https:\/\/candas365.es\/noticias\/","email":"info@candas365.es","telephone":"+34652131393","foundingDate":"2012-06-10","logo":{"@type":"ImageObject","url":"https:\/\/candas365.es\/noticias\/wp-content\/uploads\/2024\/09\/Candas-365-Redes.jpg","@id":"https:\/\/candas365.es\/noticias\/el-bundesbank-espera-una-notable-desaceleracion-del-crecimiento-de-la-economia-alemana\/#organizationLogo","width":1152,"height":864,"caption":"Cand\u00e1s 365 Redes"},"image":{"@id":"https:\/\/candas365.es\/noticias\/el-bundesbank-espera-una-notable-desaceleracion-del-crecimiento-de-la-economia-alemana\/#organizationLogo"},"sameAs":["https:\/\/www.facebook.com\/Nachofdezber","https:\/\/x.com\/NabercoDigital","https:\/\/www.instagram.com\/nachofdezber\/","https:\/\/www.youtube.com\/channel\/UCZP-2wLEB9Rv6erhFmqVnvg"],"address":{"@id":"https:\/\/candas365.es\/noticias\/#postaladdress","@type":"PostalAddress","streetAddress":"san antonio 4, san antonio 4","postalCode":"33430","addressLocality":"Cand\u00e1s","addressRegion":"Asturias","addressCountry":"ES"}},{"@type":"Person","@id":"https:\/\/candas365.es\/noticias\/author\/admin\/#author","url":"https:\/\/candas365.es\/noticias\/author\/admin\/","name":"Cand\u00e1s 365","image":{"@type":"ImageObject","@id":"https:\/\/candas365.es\/noticias\/el-bundesbank-espera-una-notable-desaceleracion-del-crecimiento-de-la-economia-alemana\/#authorImage","url":"https:\/\/secure.gravatar.com\/avatar\/496a8e03d0c493ede1718b7934145dbdf8d89be1036b0eec9544e1094c9de390?s=96&d=mm&r=g","width":96,"height":96,"caption":"Cand\u00e1s 365"},"sameAs":["https:\/\/www.facebook.com\/carrenoactualidad","https:\/\/twitter.com\/nbasturias","https:\/\/www.instagram.com\/nachofdezber\/","https:\/\/www.youtube.com\/channel\/UCZP-2wLEB9Rv6erhFmqVnvg"]},{"@type":"WebPage","@id":"https:\/\/candas365.es\/noticias\/el-bundesbank-espera-una-notable-desaceleracion-del-crecimiento-de-la-economia-alemana\/#webpage","url":"https:\/\/candas365.es\/noticias\/el-bundesbank-espera-una-notable-desaceleracion-del-crecimiento-de-la-economia-alemana\/","name":"El Bundesbank espera una notable desaceleraci\u00f3n del crecimiento de la econom\u00eda alemana | Cand\u00e1s 365","description":"Fr\u00e1ncfort, 20 jun (dpa) - El Bundesbank espera una notable desaceleraci\u00f3n del crecimiento de la econom\u00eda alemana en el segundo trimestre tras el fuerte comienzo del a\u00f1o, seg\u00fan su informe mensual publicado hoy. \"Las favorables influencias del tiempo del semestre de invierno (boreal) ya han pasado, por lo que se suprimir\u00e1, sobre todo, el impulso","inLanguage":"es-ES","isPartOf":{"@id":"https:\/\/candas365.es\/noticias\/#website"},"breadcrumb":{"@id":"https:\/\/candas365.es\/noticias\/el-bundesbank-espera-una-notable-desaceleracion-del-crecimiento-de-la-economia-alemana\/#breadcrumblist"},"author":{"@id":"https:\/\/candas365.es\/noticias\/author\/admin\/#author"},"creator":{"@id":"https:\/\/candas365.es\/noticias\/author\/admin\/#author"},"image":{"@type":"ImageObject","url":"https:\/\/candas365.es\/noticias\/wp-content\/uploads\/2015\/11\/euros.jpg","@id":"https:\/\/candas365.es\/noticias\/el-bundesbank-espera-una-notable-desaceleracion-del-crecimiento-de-la-economia-alemana\/#mainImage","width":655,"height":360},"primaryImageOfPage":{"@id":"https:\/\/candas365.es\/noticias\/el-bundesbank-espera-una-notable-desaceleracion-del-crecimiento-de-la-economia-alemana\/#mainImage"},"datePublished":"2016-06-20T22:25:28+02:00","dateModified":"2016-06-20T22:25:28+02:00"},{"@type":"WebSite","@id":"https:\/\/candas365.es\/noticias\/#website","url":"https:\/\/candas365.es\/noticias\/","name":"Cand\u00e1s 365","alternateName":"Cand\u00e1s 365 Noticias","description":"Actualidad desde Carre\u00f1o para el mundo","inLanguage":"es-ES","publisher":{"@id":"https:\/\/candas365.es\/noticias\/#organization"}}]},"og:locale":"es_ES","og:site_name":"Cand\u00e1s 365","og:type":"article","og:title":"El Bundesbank espera una notable desaceleraci\u00f3n del crecimiento de la econom\u00eda alemana | Cand\u00e1s 365","og:description":"Fr\u00e1ncfort, 20 jun (dpa) - El Bundesbank espera una notable desaceleraci\u00f3n del crecimiento de la econom\u00eda alemana en el segundo trimestre tras el fuerte comienzo del a\u00f1o, seg\u00fan su informe mensual publicado hoy. &quot;Las favorables influencias del tiempo del semestre de invierno (boreal) ya han pasado, por lo que se suprimir\u00e1, sobre todo, el impulso","og:url":"https:\/\/candas365.es\/noticias\/el-bundesbank-espera-una-notable-desaceleracion-del-crecimiento-de-la-economia-alemana\/","og:image":"https:\/\/candas365.es\/noticias\/wp-content\/uploads\/2015\/11\/euros.jpg","og:image:secure_url":"https:\/\/candas365.es\/noticias\/wp-content\/uploads\/2015\/11\/euros.jpg","og:image:width":655,"og:image:height":360,"article:published_time":"2016-06-20T20:55:28+00:00","article:modified_time":"2016-06-20T20:55:28+00:00","article:publisher":"https:\/\/www.facebook.com\/Nachofdezber","article:author":"https:\/\/www.facebook.com\/carrenoactualidad","twitter:card":"summary_large_image","twitter:site":"@NabercoDigital","twitter:title":"El Bundesbank espera una notable desaceleraci\u00f3n del crecimiento de la econom\u00eda alemana | Cand\u00e1s 365","twitter:description":"Fr\u00e1ncfort, 20 jun (dpa) - El Bundesbank espera una notable desaceleraci\u00f3n del crecimiento de la econom\u00eda alemana en el segundo trimestre tras el fuerte comienzo del a\u00f1o, seg\u00fan su informe mensual publicado hoy. &quot;Las favorables influencias del tiempo del semestre de invierno (boreal) ya han pasado, por lo que se suprimir\u00e1, sobre todo, el impulso","twitter:creator":"@nbasturias","twitter:image":"https:\/\/candas365.es\/noticias\/wp-content\/uploads\/2015\/11\/euros.jpg","twitter:label1":"Escrito por","twitter:data1":"Cand\u00e1s 365","twitter:label2":"Tiempo de lectura estimado","twitter:data2":"1 minuto"},"aioseo_meta_data":{"post_id":"30867","title":null,"description":null,"keywords":null,"keyphrases":null,"primary_term":null,"canonical_url":null,"og_title":null,"og_description":null,"og_object_type":"default","og_image_type":"default","og_image_url":null,"og_image_width":null,"og_image_height":null,"og_image_custom_url":null,"og_image_custom_fields":null,"og_video":null,"og_custom_url":null,"og_article_section":null,"og_article_tags":null,"twitter_use_og":false,"twitter_card":"default","twitter_image_type":"default","twitter_image_url":null,"twitter_image_custom_url":null,"twitter_image_custom_fields":null,"twitter_title":null,"twitter_description":null,"schema":{"blockGraphs":[],"customGraphs":[],"default":{"data":{"Article":[],"Course":[],"Dataset":[],"FAQPage":[],"Movie":[],"Person":[],"Product":[],"ProductReview":[],"Car":[],"Recipe":[],"Service":[],"SoftwareApplication":[],"WebPage":[]},"graphName":"","isEnabled":true},"graphs":[],"defaultGraph":"","defaultPostTypeGraph":""},"schema_type":null,"schema_type_options":null,"pillar_content":false,"robots_default":true,"robots_noindex":false,"robots_noarchive":false,"robots_nosnippet":false,"robots_nofollow":false,"robots_noimageindex":false,"robots_noodp":false,"robots_notranslate":false,"robots_max_snippet":null,"robots_max_videopreview":null,"robots_max_imagepreview":"large","priority":null,"frequency":null,"location":null,"local_seo":null,"seo_analyzer_scan_date":"2025-08-24 13:05:31","breadcrumb_settings":null,"limit_modified_date":false,"reviewed_by":null,"open_ai":null,"ai":null,"created":"2020-12-21 12:59:44","updated":"2025-08-24 13:05:31"},"aioseo_breadcrumb":"<div class=\"aioseo-breadcrumbs\"><span class=\"aioseo-breadcrumb\">\n\t<a href=\"https:\/\/candas365.es\/noticias\" title=\"Home\">Home<\/a>\n<\/span><span class=\"aioseo-breadcrumb-separator\">&ndash;<\/span><span class=\"aioseo-breadcrumb\">\n\t<a href=\"https:\/\/candas365.es\/noticias\/category\/actualidad\/\" title=\"Actualidad\">Actualidad<\/a>\n<\/span><span class=\"aioseo-breadcrumb-separator\">&ndash;<\/span><span class=\"aioseo-breadcrumb\">\n\tEl Bundesbank espera una notable desaceleraci\u00f3n del crecimiento de la econom\u00eda alemana\n<\/span><\/div>","aioseo_breadcrumb_json":[{"label":"Home","link":"https:\/\/candas365.es\/noticias"},{"label":"Actualidad","link":"https:\/\/candas365.es\/noticias\/category\/actualidad\/"},{"label":"El Bundesbank espera una notable desaceleraci\u00f3n del crecimiento de la econom\u00eda alemana","link":"https:\/\/candas365.es\/noticias\/el-bundesbank-espera-una-notable-desaceleracion-del-crecimiento-de-la-economia-alemana\/"}],"_links":{"self":[{"href":"https:\/\/candas365.es\/noticias\/wp-json\/wp\/v2\/posts\/30867","targetHints":{"allow":["GET"]}}],"collection":[{"href":"https:\/\/candas365.es\/noticias\/wp-json\/wp\/v2\/posts"}],"about":[{"href":"https:\/\/candas365.es\/noticias\/wp-json\/wp\/v2\/types\/post"}],"author":[{"embeddable":true,"href":"https:\/\/candas365.es\/noticias\/wp-json\/wp\/v2\/users\/1"}],"replies":[{"embeddable":true,"href":"https:\/\/candas365.es\/noticias\/wp-json\/wp\/v2\/comments?post=30867"}],"version-history":[{"count":0,"href":"https:\/\/candas365.es\/noticias\/wp-json\/wp\/v2\/posts\/30867\/revisions"}],"wp:featuredmedia":[{"embeddable":true,"href":"https:\/\/candas365.es\/noticias\/wp-json\/wp\/v2\/media\/19556"}],"wp:attachment":[{"href":"https:\/\/candas365.es\/noticias\/wp-json\/wp\/v2\/media?parent=30867"}],"wp:term":[{"taxonomy":"category","embeddable":true,"href":"https:\/\/candas365.es\/noticias\/wp-json\/wp\/v2\/categories?post=30867"},{"taxonomy":"post_tag","embeddable":true,"href":"https:\/\/candas365.es\/noticias\/wp-json\/wp\/v2\/tags?post=30867"}],"curies":[{"name":"wp","href":"https:\/\/api.w.org\/{rel}","templated":true}]}}