{"id":30865,"date":"2016-06-20T22:24:19","date_gmt":"2016-06-20T20:54:19","guid":{"rendered":"http:\/\/candas365.es\/noticias\/?p=30865"},"modified":"2016-06-20T22:24:19","modified_gmt":"2016-06-20T20:54:19","slug":"khedira-considera-comico-el-debate-sobre-liderazgo-en-alemania","status":"publish","type":"post","link":"https:\/\/candas365.es\/noticias\/khedira-considera-comico-el-debate-sobre-liderazgo-en-alemania\/","title":{"rendered":"Khedira considera \u00abc\u00f3mico\u00bb el debate sobre liderazgo en Alemania"},"content":{"rendered":"<p>\u00c9vian-les Bains (Francia), 20 jun (dpa) &#8211; El veterano centrocampista Sami Khedira considera \u00abc\u00f3mico\u00bb el debate sobre la falta de liderazgo en la selecci\u00f3n alemana de f\u00fatbol, dada la personalidad de los jugadores que la componen.<\/p>\n<p>\u00abQue con tantos jugadores con personalidad, que quieren y pueden liderar, empiece un debate sobre un jugador l\u00edder es c\u00f3mico\u00bb, dijo el futbolista de la Juventus de Tur\u00edn, campe\u00f3n del mundo con Alemania en 2014, a la edici\u00f3n de hoy de la revista \u00abKicker\u00bb.<\/p>\n<p>\u00abManuel Neuer es el mejor arquero del mundo; J\u00e9r\u00f4me Boateng, uno de los mejores defensas; Thomas M\u00fcller habla siempre sin rodeos; la voz de Mats Hummels tiene peso; nuestro capit\u00e1n, Bastian Schweinsteiger, est\u00e1 reconocido en todo el mundo. Y luego est\u00e1 mi modesta persona, que tambi\u00e9n ha conseguido alguna cosa\u00bb, a\u00f1adi\u00f3 el mediocentro, 62 veces internacional.<\/p>\n<p>En su opini\u00f3n, la selecci\u00f3n alemana \u00abnunca estuvo tan bien dotada\u00bb en ese sentido como actualmente.<\/p>\n<p>Adem\u00e1s, Khedira pidi\u00f3 que se haga un an\u00e1lisis realista del rendimiento mostrado hasta ahora por el equipo en la Eurocopa de Francia.<\/p>\n<p>El jugador de 29 a\u00f1os considera \u00abjuicios baratos\u00bb los que estiman que la campeona mundial perdi\u00f3 brillo en su juego.<\/p>\n<p>\u00abNo se puede esperar que encendamos fuegos artificiales ante equipos armados tan defensivamente como Ucrania o Polonia\u00bb, advirti\u00f3.<\/p>\n","protected":false},"excerpt":{"rendered":"<p>\u00c9vian-les Bains (Francia), 20 jun (dpa) &#8211; El veterano centrocampista Sami Khedira considera \u00abc\u00f3mico\u00bb el debate sobre la falta de liderazgo en la selecci\u00f3n alemana de f\u00fatbol, dada la personalidad de los jugadores que la componen. \u00abQue con tantos jugadores con personalidad, que quieren y pueden liderar, empiece un debate sobre un jugador l\u00edder es<\/p>\n","protected":false},"author":1,"featured_media":29884,"comment_status":"closed","ping_status":"closed","sticky":false,"template":"","format":"standard","meta":{"footnotes":""},"categories":[343],"tags":[],"class_list":{"0":"post-30865","1":"post","2":"type-post","3":"status-publish","4":"format-standard","5":"has-post-thumbnail","7":"category-actualidad"},"aioseo_notices":[],"aioseo_head":"\n\t\t<!-- All in One SEO Pro 4.9.6.2 - aioseo.com -->\n\t<meta name=\"description\" content=\"\u00c9vian-les Bains (Francia), 20 jun (dpa) - El veterano centrocampista Sami Khedira considera &quot;c\u00f3mico&quot; el debate sobre la falta de liderazgo en la selecci\u00f3n alemana de f\u00fatbol, dada la personalidad de los jugadores que la componen. &quot;Que con tantos jugadores con personalidad, que quieren y pueden liderar, empiece un debate sobre un jugador l\u00edder es\" \/>\n\t<meta name=\"robots\" content=\"max-image-preview:large\" \/>\n\t<meta name=\"author\" content=\"Cand\u00e1s 365\"\/>\n\t<meta name=\"google-site-verification\" content=\"UA-32230408-1\" \/>\n\t<meta name=\"msvalidate.01\" content=\"354F3CDFB2DA171B47FBE9ABF1F88D5\" \/>\n\t<meta name=\"keywords\" content=\"actualidad\" \/>\n\t<link rel=\"canonical\" href=\"https:\/\/candas365.es\/noticias\/khedira-considera-comico-el-debate-sobre-liderazgo-en-alemania\/\" \/>\n\t<meta name=\"generator\" content=\"All in One SEO Pro (AIOSEO) 4.9.6.2\" \/>\n\t\t<meta property=\"og:locale\" content=\"es_ES\" \/>\n\t\t<meta property=\"og:site_name\" content=\"Cand\u00e1s 365\" \/>\n\t\t<meta property=\"og:type\" content=\"article\" \/>\n\t\t<meta property=\"og:title\" content=\"Khedira considera \u00abc\u00f3mico\u00bb el debate sobre liderazgo en Alemania | Cand\u00e1s 365\" \/>\n\t\t<meta property=\"og:description\" content=\"\u00c9vian-les Bains (Francia), 20 jun (dpa) - El veterano centrocampista Sami Khedira considera &quot;c\u00f3mico&quot; el debate sobre la falta de liderazgo en la selecci\u00f3n alemana de f\u00fatbol, dada la personalidad de los jugadores que la componen. &quot;Que con tantos jugadores con personalidad, que quieren y pueden liderar, empiece un debate sobre un jugador l\u00edder es\" \/>\n\t\t<meta property=\"og:url\" content=\"https:\/\/candas365.es\/noticias\/khedira-considera-comico-el-debate-sobre-liderazgo-en-alemania\/\" \/>\n\t\t<meta property=\"og:image\" content=\"https:\/\/candas365.es\/noticias\/wp-content\/uploads\/2016\/06\/euro2016.jpg\" \/>\n\t\t<meta property=\"og:image:secure_url\" content=\"https:\/\/candas365.es\/noticias\/wp-content\/uploads\/2016\/06\/euro2016.jpg\" \/>\n\t\t<meta property=\"og:image:width\" content=\"800\" \/>\n\t\t<meta property=\"og:image:height\" content=\"478\" \/>\n\t\t<meta property=\"article:published_time\" content=\"2016-06-20T20:54:19+00:00\" \/>\n\t\t<meta property=\"article:modified_time\" content=\"2016-06-20T20:54:19+00:00\" \/>\n\t\t<meta property=\"article:publisher\" content=\"https:\/\/www.facebook.com\/Nachofdezber\" \/>\n\t\t<meta property=\"article:author\" content=\"https:\/\/www.facebook.com\/carrenoactualidad\" \/>\n\t\t<meta name=\"twitter:card\" content=\"summary_large_image\" \/>\n\t\t<meta name=\"twitter:site\" content=\"@NabercoDigital\" \/>\n\t\t<meta name=\"twitter:title\" content=\"Khedira considera \u00abc\u00f3mico\u00bb el debate sobre liderazgo en Alemania | Cand\u00e1s 365\" \/>\n\t\t<meta name=\"twitter:description\" content=\"\u00c9vian-les Bains (Francia), 20 jun (dpa) - El veterano centrocampista Sami Khedira considera &quot;c\u00f3mico&quot; el debate sobre la falta de liderazgo en la selecci\u00f3n alemana de f\u00fatbol, dada la personalidad de los jugadores que la componen. &quot;Que con tantos jugadores con personalidad, que quieren y pueden liderar, empiece un debate sobre un jugador l\u00edder es\" \/>\n\t\t<meta name=\"twitter:creator\" content=\"@nbasturias\" \/>\n\t\t<meta name=\"twitter:image\" content=\"https:\/\/candas365.es\/noticias\/wp-content\/uploads\/2016\/06\/euro2016.jpg\" \/>\n\t\t<meta name=\"twitter:label1\" content=\"Escrito por\" \/>\n\t\t<meta name=\"twitter:data1\" content=\"Cand\u00e1s 365\" \/>\n\t\t<meta name=\"twitter:label2\" content=\"Tiempo de lectura estimado\" \/>\n\t\t<meta name=\"twitter:data2\" content=\"1 minuto\" \/>\n\t\t<script type=\"application\/ld+json\" class=\"aioseo-schema\">\n\t\t\t{\"@context\":\"https:\\\/\\\/schema.org\",\"@graph\":[{\"@type\":\"BreadcrumbList\",\"@id\":\"https:\\\/\\\/candas365.es\\\/noticias\\\/khedira-considera-comico-el-debate-sobre-liderazgo-en-alemania\\\/#breadcrumblist\",\"itemListElement\":[{\"@type\":\"ListItem\",\"@id\":\"https:\\\/\\\/candas365.es\\\/noticias#listItem\",\"position\":1,\"name\":\"Home\",\"item\":\"https:\\\/\\\/candas365.es\\\/noticias\",\"nextItem\":{\"@type\":\"ListItem\",\"@id\":\"https:\\\/\\\/candas365.es\\\/noticias\\\/category\\\/actualidad\\\/#listItem\",\"name\":\"Actualidad\"}},{\"@type\":\"ListItem\",\"@id\":\"https:\\\/\\\/candas365.es\\\/noticias\\\/category\\\/actualidad\\\/#listItem\",\"position\":2,\"name\":\"Actualidad\",\"item\":\"https:\\\/\\\/candas365.es\\\/noticias\\\/category\\\/actualidad\\\/\",\"nextItem\":{\"@type\":\"ListItem\",\"@id\":\"https:\\\/\\\/candas365.es\\\/noticias\\\/khedira-considera-comico-el-debate-sobre-liderazgo-en-alemania\\\/#listItem\",\"name\":\"Khedira considera \\u00abc\\u00f3mico\\u00bb el debate sobre liderazgo en Alemania\"},\"previousItem\":{\"@type\":\"ListItem\",\"@id\":\"https:\\\/\\\/candas365.es\\\/noticias#listItem\",\"name\":\"Home\"}},{\"@type\":\"ListItem\",\"@id\":\"https:\\\/\\\/candas365.es\\\/noticias\\\/khedira-considera-comico-el-debate-sobre-liderazgo-en-alemania\\\/#listItem\",\"position\":3,\"name\":\"Khedira considera \\u00abc\\u00f3mico\\u00bb el debate sobre liderazgo en Alemania\",\"previousItem\":{\"@type\":\"ListItem\",\"@id\":\"https:\\\/\\\/candas365.es\\\/noticias\\\/category\\\/actualidad\\\/#listItem\",\"name\":\"Actualidad\"}}]},{\"@type\":\"NewsArticle\",\"@id\":\"https:\\\/\\\/candas365.es\\\/noticias\\\/khedira-considera-comico-el-debate-sobre-liderazgo-en-alemania\\\/#newsarticle\",\"name\":\"Khedira considera \\u00abc\\u00f3mico\\u00bb el debate sobre liderazgo en Alemania | Cand\\u00e1s 365\",\"headline\":\"Khedira considera \\u00abc\\u00f3mico\\u00bb el debate sobre liderazgo en Alemania\",\"author\":{\"@id\":\"https:\\\/\\\/candas365.es\\\/noticias\\\/author\\\/admin\\\/#author\"},\"publisher\":{\"@id\":\"https:\\\/\\\/candas365.es\\\/noticias\\\/#organization\"},\"image\":{\"@type\":\"ImageObject\",\"url\":\"https:\\\/\\\/candas365.es\\\/noticias\\\/wp-content\\\/uploads\\\/2016\\\/06\\\/euro2016.jpg\",\"width\":800,\"height\":478},\"datePublished\":\"2016-06-20T22:24:19+02:00\",\"dateModified\":\"2016-06-20T22:24:19+02:00\",\"inLanguage\":\"es-ES\",\"mainEntityOfPage\":{\"@id\":\"https:\\\/\\\/candas365.es\\\/noticias\\\/khedira-considera-comico-el-debate-sobre-liderazgo-en-alemania\\\/#webpage\"},\"isPartOf\":{\"@id\":\"https:\\\/\\\/candas365.es\\\/noticias\\\/khedira-considera-comico-el-debate-sobre-liderazgo-en-alemania\\\/#webpage\"},\"articleSection\":\"Actualidad\",\"dateline\":\"Publicado el junio 20, 2016.\"},{\"@type\":\"Organization\",\"@id\":\"https:\\\/\\\/candas365.es\\\/noticias\\\/#organization\",\"name\":\"Cand\\u00e1s 365\",\"description\":\"Cand\\u00e1s 365 es un diario digital independiente, fundado en 2012, con base en Asturias. Informamos con rigor sobre actualidad, sociedad, cultura y ocio, con una mirada local y global.\",\"url\":\"https:\\\/\\\/candas365.es\\\/noticias\\\/\",\"email\":\"info@candas365.es\",\"telephone\":\"+34652131393\",\"foundingDate\":\"2012-06-10\",\"logo\":{\"@type\":\"ImageObject\",\"url\":\"https:\\\/\\\/candas365.es\\\/noticias\\\/wp-content\\\/uploads\\\/2024\\\/09\\\/Candas-365-Redes.jpg\",\"@id\":\"https:\\\/\\\/candas365.es\\\/noticias\\\/khedira-considera-comico-el-debate-sobre-liderazgo-en-alemania\\\/#organizationLogo\",\"width\":1152,\"height\":864,\"caption\":\"Cand\\u00e1s 365 Redes\"},\"image\":{\"@id\":\"https:\\\/\\\/candas365.es\\\/noticias\\\/khedira-considera-comico-el-debate-sobre-liderazgo-en-alemania\\\/#organizationLogo\"},\"sameAs\":[\"https:\\\/\\\/www.facebook.com\\\/Nachofdezber\",\"https:\\\/\\\/x.com\\\/NabercoDigital\",\"https:\\\/\\\/www.instagram.com\\\/nachofdezber\\\/\",\"https:\\\/\\\/www.youtube.com\\\/channel\\\/UCZP-2wLEB9Rv6erhFmqVnvg\"],\"address\":{\"@id\":\"https:\\\/\\\/candas365.es\\\/noticias\\\/#postaladdress\",\"@type\":\"PostalAddress\",\"streetAddress\":\"san antonio 4, san antonio 4\",\"postalCode\":\"33430\",\"addressLocality\":\"Cand\\u00e1s\",\"addressRegion\":\"Asturias\",\"addressCountry\":\"ES\"}},{\"@type\":\"Person\",\"@id\":\"https:\\\/\\\/candas365.es\\\/noticias\\\/author\\\/admin\\\/#author\",\"url\":\"https:\\\/\\\/candas365.es\\\/noticias\\\/author\\\/admin\\\/\",\"name\":\"Cand\\u00e1s 365\",\"image\":{\"@type\":\"ImageObject\",\"@id\":\"https:\\\/\\\/candas365.es\\\/noticias\\\/khedira-considera-comico-el-debate-sobre-liderazgo-en-alemania\\\/#authorImage\",\"url\":\"https:\\\/\\\/secure.gravatar.com\\\/avatar\\\/496a8e03d0c493ede1718b7934145dbdf8d89be1036b0eec9544e1094c9de390?s=96&d=mm&r=g\",\"width\":96,\"height\":96,\"caption\":\"Cand\\u00e1s 365\"},\"sameAs\":[\"https:\\\/\\\/www.facebook.com\\\/carrenoactualidad\",\"https:\\\/\\\/twitter.com\\\/nbasturias\",\"https:\\\/\\\/www.instagram.com\\\/nachofdezber\\\/\",\"https:\\\/\\\/www.youtube.com\\\/channel\\\/UCZP-2wLEB9Rv6erhFmqVnvg\"]},{\"@type\":\"WebPage\",\"@id\":\"https:\\\/\\\/candas365.es\\\/noticias\\\/khedira-considera-comico-el-debate-sobre-liderazgo-en-alemania\\\/#webpage\",\"url\":\"https:\\\/\\\/candas365.es\\\/noticias\\\/khedira-considera-comico-el-debate-sobre-liderazgo-en-alemania\\\/\",\"name\":\"Khedira considera \\u00abc\\u00f3mico\\u00bb el debate sobre liderazgo en Alemania | Cand\\u00e1s 365\",\"description\":\"\\u00c9vian-les Bains (Francia), 20 jun (dpa) - El veterano centrocampista Sami Khedira considera \\\"c\\u00f3mico\\\" el debate sobre la falta de liderazgo en la selecci\\u00f3n alemana de f\\u00fatbol, dada la personalidad de los jugadores que la componen. \\\"Que con tantos jugadores con personalidad, que quieren y pueden liderar, empiece un debate sobre un jugador l\\u00edder es\",\"inLanguage\":\"es-ES\",\"isPartOf\":{\"@id\":\"https:\\\/\\\/candas365.es\\\/noticias\\\/#website\"},\"breadcrumb\":{\"@id\":\"https:\\\/\\\/candas365.es\\\/noticias\\\/khedira-considera-comico-el-debate-sobre-liderazgo-en-alemania\\\/#breadcrumblist\"},\"author\":{\"@id\":\"https:\\\/\\\/candas365.es\\\/noticias\\\/author\\\/admin\\\/#author\"},\"creator\":{\"@id\":\"https:\\\/\\\/candas365.es\\\/noticias\\\/author\\\/admin\\\/#author\"},\"image\":{\"@type\":\"ImageObject\",\"url\":\"https:\\\/\\\/candas365.es\\\/noticias\\\/wp-content\\\/uploads\\\/2016\\\/06\\\/euro2016.jpg\",\"@id\":\"https:\\\/\\\/candas365.es\\\/noticias\\\/khedira-considera-comico-el-debate-sobre-liderazgo-en-alemania\\\/#mainImage\",\"width\":800,\"height\":478},\"primaryImageOfPage\":{\"@id\":\"https:\\\/\\\/candas365.es\\\/noticias\\\/khedira-considera-comico-el-debate-sobre-liderazgo-en-alemania\\\/#mainImage\"},\"datePublished\":\"2016-06-20T22:24:19+02:00\",\"dateModified\":\"2016-06-20T22:24:19+02:00\"},{\"@type\":\"WebSite\",\"@id\":\"https:\\\/\\\/candas365.es\\\/noticias\\\/#website\",\"url\":\"https:\\\/\\\/candas365.es\\\/noticias\\\/\",\"name\":\"Cand\\u00e1s 365\",\"alternateName\":\"Cand\\u00e1s 365 Noticias\",\"description\":\"Actualidad desde Carre\\u00f1o para el mundo\",\"inLanguage\":\"es-ES\",\"publisher\":{\"@id\":\"https:\\\/\\\/candas365.es\\\/noticias\\\/#organization\"}}]}\n\t\t<\/script>\n\t\t<!-- All in One SEO Pro -->\r\n\t\t<title>Khedira considera \u00abc\u00f3mico\u00bb el debate sobre liderazgo en Alemania | Cand\u00e1s 365<\/title>\n\n","aioseo_head_json":{"title":"Khedira considera \u00abc\u00f3mico\u00bb el debate sobre liderazgo en Alemania | Cand\u00e1s 365","description":"\u00c9vian-les Bains (Francia), 20 jun (dpa) - El veterano centrocampista Sami Khedira considera \"c\u00f3mico\" el debate sobre la falta de liderazgo en la selecci\u00f3n alemana de f\u00fatbol, dada la personalidad de los jugadores que la componen. \"Que con tantos jugadores con personalidad, que quieren y pueden liderar, empiece un debate sobre un jugador l\u00edder es","canonical_url":"https:\/\/candas365.es\/noticias\/khedira-considera-comico-el-debate-sobre-liderazgo-en-alemania\/","robots":"max-image-preview:large","keywords":"actualidad","webmasterTools":{"google-site-verification":"UA-32230408-1","msvalidate.01":"354F3CDFB2DA171B47FBE9ABF1F88D5","miscellaneous":""},"schema":{"@context":"https:\/\/schema.org","@graph":[{"@type":"BreadcrumbList","@id":"https:\/\/candas365.es\/noticias\/khedira-considera-comico-el-debate-sobre-liderazgo-en-alemania\/#breadcrumblist","itemListElement":[{"@type":"ListItem","@id":"https:\/\/candas365.es\/noticias#listItem","position":1,"name":"Home","item":"https:\/\/candas365.es\/noticias","nextItem":{"@type":"ListItem","@id":"https:\/\/candas365.es\/noticias\/category\/actualidad\/#listItem","name":"Actualidad"}},{"@type":"ListItem","@id":"https:\/\/candas365.es\/noticias\/category\/actualidad\/#listItem","position":2,"name":"Actualidad","item":"https:\/\/candas365.es\/noticias\/category\/actualidad\/","nextItem":{"@type":"ListItem","@id":"https:\/\/candas365.es\/noticias\/khedira-considera-comico-el-debate-sobre-liderazgo-en-alemania\/#listItem","name":"Khedira considera \u00abc\u00f3mico\u00bb el debate sobre liderazgo en Alemania"},"previousItem":{"@type":"ListItem","@id":"https:\/\/candas365.es\/noticias#listItem","name":"Home"}},{"@type":"ListItem","@id":"https:\/\/candas365.es\/noticias\/khedira-considera-comico-el-debate-sobre-liderazgo-en-alemania\/#listItem","position":3,"name":"Khedira considera \u00abc\u00f3mico\u00bb el debate sobre liderazgo en Alemania","previousItem":{"@type":"ListItem","@id":"https:\/\/candas365.es\/noticias\/category\/actualidad\/#listItem","name":"Actualidad"}}]},{"@type":"NewsArticle","@id":"https:\/\/candas365.es\/noticias\/khedira-considera-comico-el-debate-sobre-liderazgo-en-alemania\/#newsarticle","name":"Khedira considera \u00abc\u00f3mico\u00bb el debate sobre liderazgo en Alemania | Cand\u00e1s 365","headline":"Khedira considera \u00abc\u00f3mico\u00bb el debate sobre liderazgo en Alemania","author":{"@id":"https:\/\/candas365.es\/noticias\/author\/admin\/#author"},"publisher":{"@id":"https:\/\/candas365.es\/noticias\/#organization"},"image":{"@type":"ImageObject","url":"https:\/\/candas365.es\/noticias\/wp-content\/uploads\/2016\/06\/euro2016.jpg","width":800,"height":478},"datePublished":"2016-06-20T22:24:19+02:00","dateModified":"2016-06-20T22:24:19+02:00","inLanguage":"es-ES","mainEntityOfPage":{"@id":"https:\/\/candas365.es\/noticias\/khedira-considera-comico-el-debate-sobre-liderazgo-en-alemania\/#webpage"},"isPartOf":{"@id":"https:\/\/candas365.es\/noticias\/khedira-considera-comico-el-debate-sobre-liderazgo-en-alemania\/#webpage"},"articleSection":"Actualidad","dateline":"Publicado el junio 20, 2016."},{"@type":"Organization","@id":"https:\/\/candas365.es\/noticias\/#organization","name":"Cand\u00e1s 365","description":"Cand\u00e1s 365 es un diario digital independiente, fundado en 2012, con base en Asturias. Informamos con rigor sobre actualidad, sociedad, cultura y ocio, con una mirada local y global.","url":"https:\/\/candas365.es\/noticias\/","email":"info@candas365.es","telephone":"+34652131393","foundingDate":"2012-06-10","logo":{"@type":"ImageObject","url":"https:\/\/candas365.es\/noticias\/wp-content\/uploads\/2024\/09\/Candas-365-Redes.jpg","@id":"https:\/\/candas365.es\/noticias\/khedira-considera-comico-el-debate-sobre-liderazgo-en-alemania\/#organizationLogo","width":1152,"height":864,"caption":"Cand\u00e1s 365 Redes"},"image":{"@id":"https:\/\/candas365.es\/noticias\/khedira-considera-comico-el-debate-sobre-liderazgo-en-alemania\/#organizationLogo"},"sameAs":["https:\/\/www.facebook.com\/Nachofdezber","https:\/\/x.com\/NabercoDigital","https:\/\/www.instagram.com\/nachofdezber\/","https:\/\/www.youtube.com\/channel\/UCZP-2wLEB9Rv6erhFmqVnvg"],"address":{"@id":"https:\/\/candas365.es\/noticias\/#postaladdress","@type":"PostalAddress","streetAddress":"san antonio 4, san antonio 4","postalCode":"33430","addressLocality":"Cand\u00e1s","addressRegion":"Asturias","addressCountry":"ES"}},{"@type":"Person","@id":"https:\/\/candas365.es\/noticias\/author\/admin\/#author","url":"https:\/\/candas365.es\/noticias\/author\/admin\/","name":"Cand\u00e1s 365","image":{"@type":"ImageObject","@id":"https:\/\/candas365.es\/noticias\/khedira-considera-comico-el-debate-sobre-liderazgo-en-alemania\/#authorImage","url":"https:\/\/secure.gravatar.com\/avatar\/496a8e03d0c493ede1718b7934145dbdf8d89be1036b0eec9544e1094c9de390?s=96&d=mm&r=g","width":96,"height":96,"caption":"Cand\u00e1s 365"},"sameAs":["https:\/\/www.facebook.com\/carrenoactualidad","https:\/\/twitter.com\/nbasturias","https:\/\/www.instagram.com\/nachofdezber\/","https:\/\/www.youtube.com\/channel\/UCZP-2wLEB9Rv6erhFmqVnvg"]},{"@type":"WebPage","@id":"https:\/\/candas365.es\/noticias\/khedira-considera-comico-el-debate-sobre-liderazgo-en-alemania\/#webpage","url":"https:\/\/candas365.es\/noticias\/khedira-considera-comico-el-debate-sobre-liderazgo-en-alemania\/","name":"Khedira considera \u00abc\u00f3mico\u00bb el debate sobre liderazgo en Alemania | Cand\u00e1s 365","description":"\u00c9vian-les Bains (Francia), 20 jun (dpa) - El veterano centrocampista Sami Khedira considera \"c\u00f3mico\" el debate sobre la falta de liderazgo en la selecci\u00f3n alemana de f\u00fatbol, dada la personalidad de los jugadores que la componen. \"Que con tantos jugadores con personalidad, que quieren y pueden liderar, empiece un debate sobre un jugador l\u00edder es","inLanguage":"es-ES","isPartOf":{"@id":"https:\/\/candas365.es\/noticias\/#website"},"breadcrumb":{"@id":"https:\/\/candas365.es\/noticias\/khedira-considera-comico-el-debate-sobre-liderazgo-en-alemania\/#breadcrumblist"},"author":{"@id":"https:\/\/candas365.es\/noticias\/author\/admin\/#author"},"creator":{"@id":"https:\/\/candas365.es\/noticias\/author\/admin\/#author"},"image":{"@type":"ImageObject","url":"https:\/\/candas365.es\/noticias\/wp-content\/uploads\/2016\/06\/euro2016.jpg","@id":"https:\/\/candas365.es\/noticias\/khedira-considera-comico-el-debate-sobre-liderazgo-en-alemania\/#mainImage","width":800,"height":478},"primaryImageOfPage":{"@id":"https:\/\/candas365.es\/noticias\/khedira-considera-comico-el-debate-sobre-liderazgo-en-alemania\/#mainImage"},"datePublished":"2016-06-20T22:24:19+02:00","dateModified":"2016-06-20T22:24:19+02:00"},{"@type":"WebSite","@id":"https:\/\/candas365.es\/noticias\/#website","url":"https:\/\/candas365.es\/noticias\/","name":"Cand\u00e1s 365","alternateName":"Cand\u00e1s 365 Noticias","description":"Actualidad desde Carre\u00f1o para el mundo","inLanguage":"es-ES","publisher":{"@id":"https:\/\/candas365.es\/noticias\/#organization"}}]},"og:locale":"es_ES","og:site_name":"Cand\u00e1s 365","og:type":"article","og:title":"Khedira considera \u00abc\u00f3mico\u00bb el debate sobre liderazgo en Alemania | Cand\u00e1s 365","og:description":"\u00c9vian-les Bains (Francia), 20 jun (dpa) - El veterano centrocampista Sami Khedira considera &quot;c\u00f3mico&quot; el debate sobre la falta de liderazgo en la selecci\u00f3n alemana de f\u00fatbol, dada la personalidad de los jugadores que la componen. &quot;Que con tantos jugadores con personalidad, que quieren y pueden liderar, empiece un debate sobre un jugador l\u00edder es","og:url":"https:\/\/candas365.es\/noticias\/khedira-considera-comico-el-debate-sobre-liderazgo-en-alemania\/","og:image":"https:\/\/candas365.es\/noticias\/wp-content\/uploads\/2016\/06\/euro2016.jpg","og:image:secure_url":"https:\/\/candas365.es\/noticias\/wp-content\/uploads\/2016\/06\/euro2016.jpg","og:image:width":800,"og:image:height":478,"article:published_time":"2016-06-20T20:54:19+00:00","article:modified_time":"2016-06-20T20:54:19+00:00","article:publisher":"https:\/\/www.facebook.com\/Nachofdezber","article:author":"https:\/\/www.facebook.com\/carrenoactualidad","twitter:card":"summary_large_image","twitter:site":"@NabercoDigital","twitter:title":"Khedira considera \u00abc\u00f3mico\u00bb el debate sobre liderazgo en Alemania | Cand\u00e1s 365","twitter:description":"\u00c9vian-les Bains (Francia), 20 jun (dpa) - El veterano centrocampista Sami Khedira considera &quot;c\u00f3mico&quot; el debate sobre la falta de liderazgo en la selecci\u00f3n alemana de f\u00fatbol, dada la personalidad de los jugadores que la componen. &quot;Que con tantos jugadores con personalidad, que quieren y pueden liderar, empiece un debate sobre un jugador l\u00edder es","twitter:creator":"@nbasturias","twitter:image":"https:\/\/candas365.es\/noticias\/wp-content\/uploads\/2016\/06\/euro2016.jpg","twitter:label1":"Escrito por","twitter:data1":"Cand\u00e1s 365","twitter:label2":"Tiempo de lectura estimado","twitter:data2":"1 minuto"},"aioseo_meta_data":{"post_id":"30865","title":null,"description":null,"keywords":null,"keyphrases":null,"primary_term":null,"canonical_url":null,"og_title":null,"og_description":null,"og_object_type":"default","og_image_type":"default","og_image_url":null,"og_image_width":null,"og_image_height":null,"og_image_custom_url":null,"og_image_custom_fields":null,"og_video":null,"og_custom_url":null,"og_article_section":null,"og_article_tags":null,"twitter_use_og":false,"twitter_card":"default","twitter_image_type":"default","twitter_image_url":null,"twitter_image_custom_url":null,"twitter_image_custom_fields":null,"twitter_title":null,"twitter_description":null,"schema":{"blockGraphs":[],"customGraphs":[],"default":{"data":{"Article":[],"Course":[],"Dataset":[],"FAQPage":[],"Movie":[],"Person":[],"Product":[],"ProductReview":[],"Car":[],"Recipe":[],"Service":[],"SoftwareApplication":[],"WebPage":[]},"graphName":"","isEnabled":true},"graphs":[],"defaultGraph":"","defaultPostTypeGraph":""},"schema_type":null,"schema_type_options":null,"pillar_content":false,"robots_default":true,"robots_noindex":false,"robots_noarchive":false,"robots_nosnippet":false,"robots_nofollow":false,"robots_noimageindex":false,"robots_noodp":false,"robots_notranslate":false,"robots_max_snippet":null,"robots_max_videopreview":null,"robots_max_imagepreview":"large","priority":null,"frequency":null,"location":null,"local_seo":null,"seo_analyzer_scan_date":"2025-08-24 13:05:30","breadcrumb_settings":null,"limit_modified_date":false,"reviewed_by":null,"open_ai":null,"ai":null,"created":"2020-12-21 12:59:44","updated":"2025-08-24 13:05:30"},"aioseo_breadcrumb":"<div class=\"aioseo-breadcrumbs\"><span class=\"aioseo-breadcrumb\">\n\t<a href=\"https:\/\/candas365.es\/noticias\" title=\"Home\">Home<\/a>\n<\/span><span class=\"aioseo-breadcrumb-separator\">&ndash;<\/span><span class=\"aioseo-breadcrumb\">\n\t<a href=\"https:\/\/candas365.es\/noticias\/category\/actualidad\/\" title=\"Actualidad\">Actualidad<\/a>\n<\/span><span class=\"aioseo-breadcrumb-separator\">&ndash;<\/span><span class=\"aioseo-breadcrumb\">\n\tKhedira considera \u00abc\u00f3mico\u00bb el debate sobre liderazgo en Alemania\n<\/span><\/div>","aioseo_breadcrumb_json":[{"label":"Home","link":"https:\/\/candas365.es\/noticias"},{"label":"Actualidad","link":"https:\/\/candas365.es\/noticias\/category\/actualidad\/"},{"label":"Khedira considera \u00abc\u00f3mico\u00bb el debate sobre liderazgo en Alemania","link":"https:\/\/candas365.es\/noticias\/khedira-considera-comico-el-debate-sobre-liderazgo-en-alemania\/"}],"_links":{"self":[{"href":"https:\/\/candas365.es\/noticias\/wp-json\/wp\/v2\/posts\/30865","targetHints":{"allow":["GET"]}}],"collection":[{"href":"https:\/\/candas365.es\/noticias\/wp-json\/wp\/v2\/posts"}],"about":[{"href":"https:\/\/candas365.es\/noticias\/wp-json\/wp\/v2\/types\/post"}],"author":[{"embeddable":true,"href":"https:\/\/candas365.es\/noticias\/wp-json\/wp\/v2\/users\/1"}],"replies":[{"embeddable":true,"href":"https:\/\/candas365.es\/noticias\/wp-json\/wp\/v2\/comments?post=30865"}],"version-history":[{"count":0,"href":"https:\/\/candas365.es\/noticias\/wp-json\/wp\/v2\/posts\/30865\/revisions"}],"wp:featuredmedia":[{"embeddable":true,"href":"https:\/\/candas365.es\/noticias\/wp-json\/wp\/v2\/media\/29884"}],"wp:attachment":[{"href":"https:\/\/candas365.es\/noticias\/wp-json\/wp\/v2\/media?parent=30865"}],"wp:term":[{"taxonomy":"category","embeddable":true,"href":"https:\/\/candas365.es\/noticias\/wp-json\/wp\/v2\/categories?post=30865"},{"taxonomy":"post_tag","embeddable":true,"href":"https:\/\/candas365.es\/noticias\/wp-json\/wp\/v2\/tags?post=30865"}],"curies":[{"name":"wp","href":"https:\/\/api.w.org\/{rel}","templated":true}]}}