{"id":30857,"date":"2016-06-20T22:19:11","date_gmt":"2016-06-20T20:49:11","guid":{"rendered":"http:\/\/candas365.es\/noticias\/?p=30857"},"modified":"2016-06-20T22:19:11","modified_gmt":"2016-06-20T20:49:11","slug":"un-detenido-en-gijon-por-intentar-vender-una-bici-robada-en-una-chatarreria","status":"publish","type":"post","link":"https:\/\/candas365.es\/noticias\/un-detenido-en-gijon-por-intentar-vender-una-bici-robada-en-una-chatarreria\/","title":{"rendered":"Un detenido en Gij\u00f3n por intentar vender una bici robada en una chatarrer\u00eda"},"content":{"rendered":"<p><img fetchpriority=\"high\" decoding=\"async\" class=\"alignleft size-medium wp-image-1337\" src=\"https:\/\/candas365.es\/noticias\/wp-content\/uploads\/2014\/09\/policia1-360x227.jpg\" alt=\"policia\" width=\"360\" height=\"227\" srcset=\"https:\/\/candas365.es\/noticias\/wp-content\/uploads\/2014\/09\/policia1-360x227.jpg 360w, https:\/\/candas365.es\/noticias\/wp-content\/uploads\/2014\/09\/policia1-650x410.jpg 650w, https:\/\/candas365.es\/noticias\/wp-content\/uploads\/2014\/09\/policia1-768x484.jpg 768w, https:\/\/candas365.es\/noticias\/wp-content\/uploads\/2014\/09\/policia1-150x95.jpg 150w, https:\/\/candas365.es\/noticias\/wp-content\/uploads\/2014\/09\/policia1-450x284.jpg 450w, https:\/\/candas365.es\/noticias\/wp-content\/uploads\/2014\/09\/policia1-655x413.jpg 655w, https:\/\/candas365.es\/noticias\/wp-content\/uploads\/2014\/09\/policia1-696x438.jpg 696w, https:\/\/candas365.es\/noticias\/wp-content\/uploads\/2014\/09\/policia1-667x420.jpg 667w, https:\/\/candas365.es\/noticias\/wp-content\/uploads\/2014\/09\/policia1-269x170.jpg 269w, https:\/\/candas365.es\/noticias\/wp-content\/uploads\/2014\/09\/policia1.jpg 800w\" sizes=\"(max-width: 360px) 100vw, 360px\" \/>Agentes de la Polic\u00eda Nacional han detenido en Gij\u00f3n a un hombre de 44 a\u00f1os cuando supuestamente trataba de vender una bicicleta robada en una chatarrer\u00eda, seg\u00fan una nota de prensa de la Comisar\u00eda gijonesa.<\/p>\n<p>Los hechos tuvieron lugar la ma\u00f1ana del pasado viernes, cuando dos hombres fueron a una chatarrer\u00eda, en la que hab\u00eda dos efectivos de la Guardia Civil de servicio de paisano, con la intenci\u00f3n de vender una bicicleta.<\/p>\n<p>Ante la actitud sospechosa de los dos hombres, los guardias civiles dieron aviso a la Polic\u00eda Nacional, al estar la chatarrer\u00eda en su demarcaci\u00f3n territorial. Los agentes comprobaron que efectivamente la bicicleta hab\u00eda sido denunciada como sustra\u00edda del interior de una furgoneta cuando estaba estacionada en el barrio de La Calzada.<\/p>\n<p>Uno de los dos hombres logr\u00f3 darse a la fuga antes de la llegada de la Polic\u00eda Nacional mientras el otro fue detenido. El arrestado ten\u00eda numerosos antecedentes policiales. La investigaci\u00f3n contin\u00faa abierta para localizar al individuo que huy\u00f3 del lugar de los hechos.<\/p>\n<p>Tambi\u00e9n se detuvo a cuatro j\u00f3venes, de nacionalidad rumana y con edades entre los 26 a 23 a\u00f1os, acusados de hurtar m\u00f3viles en establecimientos de ocio de Gij\u00f3n. Los j\u00f3venes simulaban estar ebrios y se aproximaban mucho al bolso que una mujer llevaba colgado al hombro, del que supuestamente sustrajeron su tel\u00e9fono m\u00f3vil. Los cuatro fueron detenidas cuando quer\u00edan abandonar la ciudad a bordo de un veh\u00edculo despu\u00e9s de haber actuado en tres locales de Gij\u00f3n.<\/p>\n<p>En el interior del autom\u00f3vil, entre el respaldo y los asientos traseros, se localizaron tres tel\u00e9fonos m\u00f3viles que pudieron ser devueltos a sus propietarias. Los arrestados, vecinos de Oviedo, ten\u00edan antecedentes por hurtos y robos con violencia. Uno de ellos ten\u00eda vigente una averiguaci\u00f3n de domicilio y paradero de un Juzgado de Instrucci\u00f3n de los de Oviedo por no haberse personado cuando fue citado como autor de hurto cometido en la citada ciudad.<\/p>\n<p>Por otro lado, se arrest\u00f3 la madrugada del pasado s\u00e1bado a un vecino de Gij\u00f3n de 49 a\u00f1os de edad que ten\u00eda una reclamaci\u00f3n del Juzgado de Vigilancia Penitenciaria por no haberse reintegrado a la prisi\u00f3n despu\u00e9s de disfrutar de un permiso. Fue trasladado a Villabona para hacer efectiva la orden judicial de reingreso al centro penitenciario.<\/p>\n<p>&nbsp;<\/p>\n","protected":false},"excerpt":{"rendered":"<p>Agentes de la Polic\u00eda Nacional han detenido en Gij\u00f3n a un hombre de 44 a\u00f1os cuando supuestamente trataba de vender una bicicleta robada en una chatarrer\u00eda, seg\u00fan una nota de prensa de la Comisar\u00eda gijonesa. Los hechos tuvieron lugar la ma\u00f1ana del pasado viernes, cuando dos hombres fueron a una chatarrer\u00eda, en la que hab\u00eda<\/p>\n","protected":false},"author":1,"featured_media":1337,"comment_status":"closed","ping_status":"closed","sticky":false,"template":"","format":"standard","meta":{"footnotes":""},"categories":[343],"tags":[],"class_list":{"0":"post-30857","1":"post","2":"type-post","3":"status-publish","4":"format-standard","5":"has-post-thumbnail","7":"category-actualidad"},"aioseo_notices":[],"aioseo_head":"\n\t\t<!-- All in One SEO Pro 4.9.6.2 - aioseo.com -->\n\t<meta name=\"description\" content=\"Agentes de la Polic\u00eda Nacional han detenido en Gij\u00f3n a un hombre de 44 a\u00f1os cuando supuestamente trataba de vender una bicicleta robada en una chatarrer\u00eda, seg\u00fan una nota de prensa de la Comisar\u00eda gijonesa. Los hechos tuvieron lugar la ma\u00f1ana del pasado viernes, cuando dos hombres fueron a una chatarrer\u00eda, en la que hab\u00eda\" \/>\n\t<meta name=\"robots\" content=\"max-image-preview:large\" \/>\n\t<meta name=\"author\" content=\"Cand\u00e1s 365\"\/>\n\t<meta name=\"google-site-verification\" content=\"UA-32230408-1\" \/>\n\t<meta name=\"msvalidate.01\" content=\"354F3CDFB2DA171B47FBE9ABF1F88D5\" \/>\n\t<meta name=\"keywords\" content=\"actualidad\" \/>\n\t<link rel=\"canonical\" href=\"https:\/\/candas365.es\/noticias\/un-detenido-en-gijon-por-intentar-vender-una-bici-robada-en-una-chatarreria\/\" \/>\n\t<meta name=\"generator\" content=\"All in One SEO Pro (AIOSEO) 4.9.6.2\" \/>\n\t\t<meta property=\"og:locale\" content=\"es_ES\" \/>\n\t\t<meta property=\"og:site_name\" content=\"Cand\u00e1s 365\" \/>\n\t\t<meta property=\"og:type\" content=\"article\" \/>\n\t\t<meta property=\"og:title\" content=\"Un detenido en Gij\u00f3n por intentar vender una bici robada en una chatarrer\u00eda | Cand\u00e1s 365\" \/>\n\t\t<meta property=\"og:description\" content=\"Agentes de la Polic\u00eda Nacional han detenido en Gij\u00f3n a un hombre de 44 a\u00f1os cuando supuestamente trataba de vender una bicicleta robada en una chatarrer\u00eda, seg\u00fan una nota de prensa de la Comisar\u00eda gijonesa. Los hechos tuvieron lugar la ma\u00f1ana del pasado viernes, cuando dos hombres fueron a una chatarrer\u00eda, en la que hab\u00eda\" \/>\n\t\t<meta property=\"og:url\" content=\"https:\/\/candas365.es\/noticias\/un-detenido-en-gijon-por-intentar-vender-una-bici-robada-en-una-chatarreria\/\" \/>\n\t\t<meta property=\"og:image\" content=\"https:\/\/candas365.es\/noticias\/wp-content\/uploads\/2014\/09\/policia1.jpg\" \/>\n\t\t<meta property=\"og:image:secure_url\" content=\"https:\/\/candas365.es\/noticias\/wp-content\/uploads\/2014\/09\/policia1.jpg\" \/>\n\t\t<meta property=\"og:image:width\" content=\"800\" \/>\n\t\t<meta property=\"og:image:height\" content=\"504\" \/>\n\t\t<meta property=\"article:published_time\" content=\"2016-06-20T20:49:11+00:00\" \/>\n\t\t<meta property=\"article:modified_time\" content=\"2016-06-20T20:49:11+00:00\" \/>\n\t\t<meta property=\"article:publisher\" content=\"https:\/\/www.facebook.com\/Nachofdezber\" \/>\n\t\t<meta property=\"article:author\" content=\"https:\/\/www.facebook.com\/carrenoactualidad\" \/>\n\t\t<meta name=\"twitter:card\" content=\"summary_large_image\" \/>\n\t\t<meta name=\"twitter:site\" content=\"@NabercoDigital\" \/>\n\t\t<meta name=\"twitter:title\" content=\"Un detenido en Gij\u00f3n por intentar vender una bici robada en una chatarrer\u00eda | Cand\u00e1s 365\" \/>\n\t\t<meta name=\"twitter:description\" content=\"Agentes de la Polic\u00eda Nacional han detenido en Gij\u00f3n a un hombre de 44 a\u00f1os cuando supuestamente trataba de vender una bicicleta robada en una chatarrer\u00eda, seg\u00fan una nota de prensa de la Comisar\u00eda gijonesa. Los hechos tuvieron lugar la ma\u00f1ana del pasado viernes, cuando dos hombres fueron a una chatarrer\u00eda, en la que hab\u00eda\" \/>\n\t\t<meta name=\"twitter:creator\" content=\"@nbasturias\" \/>\n\t\t<meta name=\"twitter:image\" content=\"https:\/\/candas365.es\/noticias\/wp-content\/uploads\/2014\/09\/policia1.jpg\" \/>\n\t\t<meta name=\"twitter:label1\" content=\"Escrito por\" \/>\n\t\t<meta name=\"twitter:data1\" content=\"Cand\u00e1s 365\" \/>\n\t\t<meta name=\"twitter:label2\" content=\"Tiempo de lectura estimado\" \/>\n\t\t<meta name=\"twitter:data2\" content=\"2 minutos\" \/>\n\t\t<script type=\"application\/ld+json\" class=\"aioseo-schema\">\n\t\t\t{\"@context\":\"https:\\\/\\\/schema.org\",\"@graph\":[{\"@type\":\"BreadcrumbList\",\"@id\":\"https:\\\/\\\/candas365.es\\\/noticias\\\/un-detenido-en-gijon-por-intentar-vender-una-bici-robada-en-una-chatarreria\\\/#breadcrumblist\",\"itemListElement\":[{\"@type\":\"ListItem\",\"@id\":\"https:\\\/\\\/candas365.es\\\/noticias#listItem\",\"position\":1,\"name\":\"Home\",\"item\":\"https:\\\/\\\/candas365.es\\\/noticias\",\"nextItem\":{\"@type\":\"ListItem\",\"@id\":\"https:\\\/\\\/candas365.es\\\/noticias\\\/category\\\/actualidad\\\/#listItem\",\"name\":\"Actualidad\"}},{\"@type\":\"ListItem\",\"@id\":\"https:\\\/\\\/candas365.es\\\/noticias\\\/category\\\/actualidad\\\/#listItem\",\"position\":2,\"name\":\"Actualidad\",\"item\":\"https:\\\/\\\/candas365.es\\\/noticias\\\/category\\\/actualidad\\\/\",\"nextItem\":{\"@type\":\"ListItem\",\"@id\":\"https:\\\/\\\/candas365.es\\\/noticias\\\/un-detenido-en-gijon-por-intentar-vender-una-bici-robada-en-una-chatarreria\\\/#listItem\",\"name\":\"Un detenido en Gij\\u00f3n por intentar vender una bici robada en una chatarrer\\u00eda\"},\"previousItem\":{\"@type\":\"ListItem\",\"@id\":\"https:\\\/\\\/candas365.es\\\/noticias#listItem\",\"name\":\"Home\"}},{\"@type\":\"ListItem\",\"@id\":\"https:\\\/\\\/candas365.es\\\/noticias\\\/un-detenido-en-gijon-por-intentar-vender-una-bici-robada-en-una-chatarreria\\\/#listItem\",\"position\":3,\"name\":\"Un detenido en Gij\\u00f3n por intentar vender una bici robada en una chatarrer\\u00eda\",\"previousItem\":{\"@type\":\"ListItem\",\"@id\":\"https:\\\/\\\/candas365.es\\\/noticias\\\/category\\\/actualidad\\\/#listItem\",\"name\":\"Actualidad\"}}]},{\"@type\":\"NewsArticle\",\"@id\":\"https:\\\/\\\/candas365.es\\\/noticias\\\/un-detenido-en-gijon-por-intentar-vender-una-bici-robada-en-una-chatarreria\\\/#newsarticle\",\"name\":\"Un detenido en Gij\\u00f3n por intentar vender una bici robada en una chatarrer\\u00eda | Cand\\u00e1s 365\",\"headline\":\"Un detenido en Gij\\u00f3n por intentar vender una bici robada en una chatarrer\\u00eda\",\"author\":{\"@id\":\"https:\\\/\\\/candas365.es\\\/noticias\\\/author\\\/admin\\\/#author\"},\"publisher\":{\"@id\":\"https:\\\/\\\/candas365.es\\\/noticias\\\/#organization\"},\"image\":{\"@type\":\"ImageObject\",\"url\":\"https:\\\/\\\/candas365.es\\\/noticias\\\/wp-content\\\/uploads\\\/2014\\\/09\\\/policia1.jpg\",\"width\":800,\"height\":504},\"datePublished\":\"2016-06-20T22:19:11+02:00\",\"dateModified\":\"2016-06-20T22:19:11+02:00\",\"inLanguage\":\"es-ES\",\"mainEntityOfPage\":{\"@id\":\"https:\\\/\\\/candas365.es\\\/noticias\\\/un-detenido-en-gijon-por-intentar-vender-una-bici-robada-en-una-chatarreria\\\/#webpage\"},\"isPartOf\":{\"@id\":\"https:\\\/\\\/candas365.es\\\/noticias\\\/un-detenido-en-gijon-por-intentar-vender-una-bici-robada-en-una-chatarreria\\\/#webpage\"},\"articleSection\":\"Actualidad\",\"dateline\":\"Publicado el junio 20, 2016.\"},{\"@type\":\"Organization\",\"@id\":\"https:\\\/\\\/candas365.es\\\/noticias\\\/#organization\",\"name\":\"Cand\\u00e1s 365\",\"description\":\"Cand\\u00e1s 365 es un diario digital independiente, fundado en 2012, con base en Asturias. Informamos con rigor sobre actualidad, sociedad, cultura y ocio, con una mirada local y global.\",\"url\":\"https:\\\/\\\/candas365.es\\\/noticias\\\/\",\"email\":\"info@candas365.es\",\"telephone\":\"+34652131393\",\"foundingDate\":\"2012-06-10\",\"logo\":{\"@type\":\"ImageObject\",\"url\":\"https:\\\/\\\/candas365.es\\\/noticias\\\/wp-content\\\/uploads\\\/2024\\\/09\\\/Candas-365-Redes.jpg\",\"@id\":\"https:\\\/\\\/candas365.es\\\/noticias\\\/un-detenido-en-gijon-por-intentar-vender-una-bici-robada-en-una-chatarreria\\\/#organizationLogo\",\"width\":1152,\"height\":864,\"caption\":\"Cand\\u00e1s 365 Redes\"},\"image\":{\"@id\":\"https:\\\/\\\/candas365.es\\\/noticias\\\/un-detenido-en-gijon-por-intentar-vender-una-bici-robada-en-una-chatarreria\\\/#organizationLogo\"},\"sameAs\":[\"https:\\\/\\\/www.facebook.com\\\/Nachofdezber\",\"https:\\\/\\\/x.com\\\/NabercoDigital\",\"https:\\\/\\\/www.instagram.com\\\/nachofdezber\\\/\",\"https:\\\/\\\/www.youtube.com\\\/channel\\\/UCZP-2wLEB9Rv6erhFmqVnvg\"],\"address\":{\"@id\":\"https:\\\/\\\/candas365.es\\\/noticias\\\/#postaladdress\",\"@type\":\"PostalAddress\",\"streetAddress\":\"san antonio 4, san antonio 4\",\"postalCode\":\"33430\",\"addressLocality\":\"Cand\\u00e1s\",\"addressRegion\":\"Asturias\",\"addressCountry\":\"ES\"}},{\"@type\":\"Person\",\"@id\":\"https:\\\/\\\/candas365.es\\\/noticias\\\/author\\\/admin\\\/#author\",\"url\":\"https:\\\/\\\/candas365.es\\\/noticias\\\/author\\\/admin\\\/\",\"name\":\"Cand\\u00e1s 365\",\"image\":{\"@type\":\"ImageObject\",\"@id\":\"https:\\\/\\\/candas365.es\\\/noticias\\\/un-detenido-en-gijon-por-intentar-vender-una-bici-robada-en-una-chatarreria\\\/#authorImage\",\"url\":\"https:\\\/\\\/secure.gravatar.com\\\/avatar\\\/496a8e03d0c493ede1718b7934145dbdf8d89be1036b0eec9544e1094c9de390?s=96&d=mm&r=g\",\"width\":96,\"height\":96,\"caption\":\"Cand\\u00e1s 365\"},\"sameAs\":[\"https:\\\/\\\/www.facebook.com\\\/carrenoactualidad\",\"https:\\\/\\\/twitter.com\\\/nbasturias\",\"https:\\\/\\\/www.instagram.com\\\/nachofdezber\\\/\",\"https:\\\/\\\/www.youtube.com\\\/channel\\\/UCZP-2wLEB9Rv6erhFmqVnvg\"]},{\"@type\":\"WebPage\",\"@id\":\"https:\\\/\\\/candas365.es\\\/noticias\\\/un-detenido-en-gijon-por-intentar-vender-una-bici-robada-en-una-chatarreria\\\/#webpage\",\"url\":\"https:\\\/\\\/candas365.es\\\/noticias\\\/un-detenido-en-gijon-por-intentar-vender-una-bici-robada-en-una-chatarreria\\\/\",\"name\":\"Un detenido en Gij\\u00f3n por intentar vender una bici robada en una chatarrer\\u00eda | Cand\\u00e1s 365\",\"description\":\"Agentes de la Polic\\u00eda Nacional han detenido en Gij\\u00f3n a un hombre de 44 a\\u00f1os cuando supuestamente trataba de vender una bicicleta robada en una chatarrer\\u00eda, seg\\u00fan una nota de prensa de la Comisar\\u00eda gijonesa. Los hechos tuvieron lugar la ma\\u00f1ana del pasado viernes, cuando dos hombres fueron a una chatarrer\\u00eda, en la que hab\\u00eda\",\"inLanguage\":\"es-ES\",\"isPartOf\":{\"@id\":\"https:\\\/\\\/candas365.es\\\/noticias\\\/#website\"},\"breadcrumb\":{\"@id\":\"https:\\\/\\\/candas365.es\\\/noticias\\\/un-detenido-en-gijon-por-intentar-vender-una-bici-robada-en-una-chatarreria\\\/#breadcrumblist\"},\"author\":{\"@id\":\"https:\\\/\\\/candas365.es\\\/noticias\\\/author\\\/admin\\\/#author\"},\"creator\":{\"@id\":\"https:\\\/\\\/candas365.es\\\/noticias\\\/author\\\/admin\\\/#author\"},\"image\":{\"@type\":\"ImageObject\",\"url\":\"https:\\\/\\\/candas365.es\\\/noticias\\\/wp-content\\\/uploads\\\/2014\\\/09\\\/policia1.jpg\",\"@id\":\"https:\\\/\\\/candas365.es\\\/noticias\\\/un-detenido-en-gijon-por-intentar-vender-una-bici-robada-en-una-chatarreria\\\/#mainImage\",\"width\":800,\"height\":504},\"primaryImageOfPage\":{\"@id\":\"https:\\\/\\\/candas365.es\\\/noticias\\\/un-detenido-en-gijon-por-intentar-vender-una-bici-robada-en-una-chatarreria\\\/#mainImage\"},\"datePublished\":\"2016-06-20T22:19:11+02:00\",\"dateModified\":\"2016-06-20T22:19:11+02:00\"},{\"@type\":\"WebSite\",\"@id\":\"https:\\\/\\\/candas365.es\\\/noticias\\\/#website\",\"url\":\"https:\\\/\\\/candas365.es\\\/noticias\\\/\",\"name\":\"Cand\\u00e1s 365\",\"alternateName\":\"Cand\\u00e1s 365 Noticias\",\"description\":\"Actualidad desde Carre\\u00f1o para el mundo\",\"inLanguage\":\"es-ES\",\"publisher\":{\"@id\":\"https:\\\/\\\/candas365.es\\\/noticias\\\/#organization\"}}]}\n\t\t<\/script>\n\t\t<!-- All in One SEO Pro -->\r\n\t\t<title>Un detenido en Gij\u00f3n por intentar vender una bici robada en una chatarrer\u00eda | Cand\u00e1s 365<\/title>\n\n","aioseo_head_json":{"title":"Un detenido en Gij\u00f3n por intentar vender una bici robada en una chatarrer\u00eda | Cand\u00e1s 365","description":"Agentes de la Polic\u00eda Nacional han detenido en Gij\u00f3n a un hombre de 44 a\u00f1os cuando supuestamente trataba de vender una bicicleta robada en una chatarrer\u00eda, seg\u00fan una nota de prensa de la Comisar\u00eda gijonesa. Los hechos tuvieron lugar la ma\u00f1ana del pasado viernes, cuando dos hombres fueron a una chatarrer\u00eda, en la que hab\u00eda","canonical_url":"https:\/\/candas365.es\/noticias\/un-detenido-en-gijon-por-intentar-vender-una-bici-robada-en-una-chatarreria\/","robots":"max-image-preview:large","keywords":"actualidad","webmasterTools":{"google-site-verification":"UA-32230408-1","msvalidate.01":"354F3CDFB2DA171B47FBE9ABF1F88D5","miscellaneous":""},"schema":{"@context":"https:\/\/schema.org","@graph":[{"@type":"BreadcrumbList","@id":"https:\/\/candas365.es\/noticias\/un-detenido-en-gijon-por-intentar-vender-una-bici-robada-en-una-chatarreria\/#breadcrumblist","itemListElement":[{"@type":"ListItem","@id":"https:\/\/candas365.es\/noticias#listItem","position":1,"name":"Home","item":"https:\/\/candas365.es\/noticias","nextItem":{"@type":"ListItem","@id":"https:\/\/candas365.es\/noticias\/category\/actualidad\/#listItem","name":"Actualidad"}},{"@type":"ListItem","@id":"https:\/\/candas365.es\/noticias\/category\/actualidad\/#listItem","position":2,"name":"Actualidad","item":"https:\/\/candas365.es\/noticias\/category\/actualidad\/","nextItem":{"@type":"ListItem","@id":"https:\/\/candas365.es\/noticias\/un-detenido-en-gijon-por-intentar-vender-una-bici-robada-en-una-chatarreria\/#listItem","name":"Un detenido en Gij\u00f3n por intentar vender una bici robada en una chatarrer\u00eda"},"previousItem":{"@type":"ListItem","@id":"https:\/\/candas365.es\/noticias#listItem","name":"Home"}},{"@type":"ListItem","@id":"https:\/\/candas365.es\/noticias\/un-detenido-en-gijon-por-intentar-vender-una-bici-robada-en-una-chatarreria\/#listItem","position":3,"name":"Un detenido en Gij\u00f3n por intentar vender una bici robada en una chatarrer\u00eda","previousItem":{"@type":"ListItem","@id":"https:\/\/candas365.es\/noticias\/category\/actualidad\/#listItem","name":"Actualidad"}}]},{"@type":"NewsArticle","@id":"https:\/\/candas365.es\/noticias\/un-detenido-en-gijon-por-intentar-vender-una-bici-robada-en-una-chatarreria\/#newsarticle","name":"Un detenido en Gij\u00f3n por intentar vender una bici robada en una chatarrer\u00eda | Cand\u00e1s 365","headline":"Un detenido en Gij\u00f3n por intentar vender una bici robada en una chatarrer\u00eda","author":{"@id":"https:\/\/candas365.es\/noticias\/author\/admin\/#author"},"publisher":{"@id":"https:\/\/candas365.es\/noticias\/#organization"},"image":{"@type":"ImageObject","url":"https:\/\/candas365.es\/noticias\/wp-content\/uploads\/2014\/09\/policia1.jpg","width":800,"height":504},"datePublished":"2016-06-20T22:19:11+02:00","dateModified":"2016-06-20T22:19:11+02:00","inLanguage":"es-ES","mainEntityOfPage":{"@id":"https:\/\/candas365.es\/noticias\/un-detenido-en-gijon-por-intentar-vender-una-bici-robada-en-una-chatarreria\/#webpage"},"isPartOf":{"@id":"https:\/\/candas365.es\/noticias\/un-detenido-en-gijon-por-intentar-vender-una-bici-robada-en-una-chatarreria\/#webpage"},"articleSection":"Actualidad","dateline":"Publicado el junio 20, 2016."},{"@type":"Organization","@id":"https:\/\/candas365.es\/noticias\/#organization","name":"Cand\u00e1s 365","description":"Cand\u00e1s 365 es un diario digital independiente, fundado en 2012, con base en Asturias. Informamos con rigor sobre actualidad, sociedad, cultura y ocio, con una mirada local y global.","url":"https:\/\/candas365.es\/noticias\/","email":"info@candas365.es","telephone":"+34652131393","foundingDate":"2012-06-10","logo":{"@type":"ImageObject","url":"https:\/\/candas365.es\/noticias\/wp-content\/uploads\/2024\/09\/Candas-365-Redes.jpg","@id":"https:\/\/candas365.es\/noticias\/un-detenido-en-gijon-por-intentar-vender-una-bici-robada-en-una-chatarreria\/#organizationLogo","width":1152,"height":864,"caption":"Cand\u00e1s 365 Redes"},"image":{"@id":"https:\/\/candas365.es\/noticias\/un-detenido-en-gijon-por-intentar-vender-una-bici-robada-en-una-chatarreria\/#organizationLogo"},"sameAs":["https:\/\/www.facebook.com\/Nachofdezber","https:\/\/x.com\/NabercoDigital","https:\/\/www.instagram.com\/nachofdezber\/","https:\/\/www.youtube.com\/channel\/UCZP-2wLEB9Rv6erhFmqVnvg"],"address":{"@id":"https:\/\/candas365.es\/noticias\/#postaladdress","@type":"PostalAddress","streetAddress":"san antonio 4, san antonio 4","postalCode":"33430","addressLocality":"Cand\u00e1s","addressRegion":"Asturias","addressCountry":"ES"}},{"@type":"Person","@id":"https:\/\/candas365.es\/noticias\/author\/admin\/#author","url":"https:\/\/candas365.es\/noticias\/author\/admin\/","name":"Cand\u00e1s 365","image":{"@type":"ImageObject","@id":"https:\/\/candas365.es\/noticias\/un-detenido-en-gijon-por-intentar-vender-una-bici-robada-en-una-chatarreria\/#authorImage","url":"https:\/\/secure.gravatar.com\/avatar\/496a8e03d0c493ede1718b7934145dbdf8d89be1036b0eec9544e1094c9de390?s=96&d=mm&r=g","width":96,"height":96,"caption":"Cand\u00e1s 365"},"sameAs":["https:\/\/www.facebook.com\/carrenoactualidad","https:\/\/twitter.com\/nbasturias","https:\/\/www.instagram.com\/nachofdezber\/","https:\/\/www.youtube.com\/channel\/UCZP-2wLEB9Rv6erhFmqVnvg"]},{"@type":"WebPage","@id":"https:\/\/candas365.es\/noticias\/un-detenido-en-gijon-por-intentar-vender-una-bici-robada-en-una-chatarreria\/#webpage","url":"https:\/\/candas365.es\/noticias\/un-detenido-en-gijon-por-intentar-vender-una-bici-robada-en-una-chatarreria\/","name":"Un detenido en Gij\u00f3n por intentar vender una bici robada en una chatarrer\u00eda | Cand\u00e1s 365","description":"Agentes de la Polic\u00eda Nacional han detenido en Gij\u00f3n a un hombre de 44 a\u00f1os cuando supuestamente trataba de vender una bicicleta robada en una chatarrer\u00eda, seg\u00fan una nota de prensa de la Comisar\u00eda gijonesa. Los hechos tuvieron lugar la ma\u00f1ana del pasado viernes, cuando dos hombres fueron a una chatarrer\u00eda, en la que hab\u00eda","inLanguage":"es-ES","isPartOf":{"@id":"https:\/\/candas365.es\/noticias\/#website"},"breadcrumb":{"@id":"https:\/\/candas365.es\/noticias\/un-detenido-en-gijon-por-intentar-vender-una-bici-robada-en-una-chatarreria\/#breadcrumblist"},"author":{"@id":"https:\/\/candas365.es\/noticias\/author\/admin\/#author"},"creator":{"@id":"https:\/\/candas365.es\/noticias\/author\/admin\/#author"},"image":{"@type":"ImageObject","url":"https:\/\/candas365.es\/noticias\/wp-content\/uploads\/2014\/09\/policia1.jpg","@id":"https:\/\/candas365.es\/noticias\/un-detenido-en-gijon-por-intentar-vender-una-bici-robada-en-una-chatarreria\/#mainImage","width":800,"height":504},"primaryImageOfPage":{"@id":"https:\/\/candas365.es\/noticias\/un-detenido-en-gijon-por-intentar-vender-una-bici-robada-en-una-chatarreria\/#mainImage"},"datePublished":"2016-06-20T22:19:11+02:00","dateModified":"2016-06-20T22:19:11+02:00"},{"@type":"WebSite","@id":"https:\/\/candas365.es\/noticias\/#website","url":"https:\/\/candas365.es\/noticias\/","name":"Cand\u00e1s 365","alternateName":"Cand\u00e1s 365 Noticias","description":"Actualidad desde Carre\u00f1o para el mundo","inLanguage":"es-ES","publisher":{"@id":"https:\/\/candas365.es\/noticias\/#organization"}}]},"og:locale":"es_ES","og:site_name":"Cand\u00e1s 365","og:type":"article","og:title":"Un detenido en Gij\u00f3n por intentar vender una bici robada en una chatarrer\u00eda | Cand\u00e1s 365","og:description":"Agentes de la Polic\u00eda Nacional han detenido en Gij\u00f3n a un hombre de 44 a\u00f1os cuando supuestamente trataba de vender una bicicleta robada en una chatarrer\u00eda, seg\u00fan una nota de prensa de la Comisar\u00eda gijonesa. Los hechos tuvieron lugar la ma\u00f1ana del pasado viernes, cuando dos hombres fueron a una chatarrer\u00eda, en la que hab\u00eda","og:url":"https:\/\/candas365.es\/noticias\/un-detenido-en-gijon-por-intentar-vender-una-bici-robada-en-una-chatarreria\/","og:image":"https:\/\/candas365.es\/noticias\/wp-content\/uploads\/2014\/09\/policia1.jpg","og:image:secure_url":"https:\/\/candas365.es\/noticias\/wp-content\/uploads\/2014\/09\/policia1.jpg","og:image:width":800,"og:image:height":504,"article:published_time":"2016-06-20T20:49:11+00:00","article:modified_time":"2016-06-20T20:49:11+00:00","article:publisher":"https:\/\/www.facebook.com\/Nachofdezber","article:author":"https:\/\/www.facebook.com\/carrenoactualidad","twitter:card":"summary_large_image","twitter:site":"@NabercoDigital","twitter:title":"Un detenido en Gij\u00f3n por intentar vender una bici robada en una chatarrer\u00eda | Cand\u00e1s 365","twitter:description":"Agentes de la Polic\u00eda Nacional han detenido en Gij\u00f3n a un hombre de 44 a\u00f1os cuando supuestamente trataba de vender una bicicleta robada en una chatarrer\u00eda, seg\u00fan una nota de prensa de la Comisar\u00eda gijonesa. Los hechos tuvieron lugar la ma\u00f1ana del pasado viernes, cuando dos hombres fueron a una chatarrer\u00eda, en la que hab\u00eda","twitter:creator":"@nbasturias","twitter:image":"https:\/\/candas365.es\/noticias\/wp-content\/uploads\/2014\/09\/policia1.jpg","twitter:label1":"Escrito por","twitter:data1":"Cand\u00e1s 365","twitter:label2":"Tiempo de lectura estimado","twitter:data2":"2 minutos"},"aioseo_meta_data":{"post_id":"30857","title":null,"description":null,"keywords":null,"keyphrases":null,"primary_term":null,"canonical_url":null,"og_title":null,"og_description":null,"og_object_type":"default","og_image_type":"default","og_image_url":null,"og_image_width":null,"og_image_height":null,"og_image_custom_url":null,"og_image_custom_fields":null,"og_video":null,"og_custom_url":null,"og_article_section":null,"og_article_tags":null,"twitter_use_og":false,"twitter_card":"default","twitter_image_type":"default","twitter_image_url":null,"twitter_image_custom_url":null,"twitter_image_custom_fields":null,"twitter_title":null,"twitter_description":null,"schema":{"blockGraphs":[],"customGraphs":[],"default":{"data":{"Article":[],"Course":[],"Dataset":[],"FAQPage":[],"Movie":[],"Person":[],"Product":[],"ProductReview":[],"Car":[],"Recipe":[],"Service":[],"SoftwareApplication":[],"WebPage":[]},"graphName":"","isEnabled":true},"graphs":[],"defaultGraph":"","defaultPostTypeGraph":""},"schema_type":null,"schema_type_options":null,"pillar_content":false,"robots_default":true,"robots_noindex":false,"robots_noarchive":false,"robots_nosnippet":false,"robots_nofollow":false,"robots_noimageindex":false,"robots_noodp":false,"robots_notranslate":false,"robots_max_snippet":null,"robots_max_videopreview":null,"robots_max_imagepreview":"large","priority":null,"frequency":null,"location":null,"local_seo":null,"seo_analyzer_scan_date":"2025-08-24 13:05:22","breadcrumb_settings":null,"limit_modified_date":false,"reviewed_by":null,"open_ai":null,"ai":null,"created":"2020-12-21 12:59:31","updated":"2025-08-24 13:05:22"},"aioseo_breadcrumb":"<div class=\"aioseo-breadcrumbs\"><span class=\"aioseo-breadcrumb\">\n\t<a href=\"https:\/\/candas365.es\/noticias\" title=\"Home\">Home<\/a>\n<\/span><span class=\"aioseo-breadcrumb-separator\">&ndash;<\/span><span class=\"aioseo-breadcrumb\">\n\t<a href=\"https:\/\/candas365.es\/noticias\/category\/actualidad\/\" title=\"Actualidad\">Actualidad<\/a>\n<\/span><span class=\"aioseo-breadcrumb-separator\">&ndash;<\/span><span class=\"aioseo-breadcrumb\">\n\tUn detenido en Gij\u00f3n por intentar vender una bici robada en una chatarrer\u00eda\n<\/span><\/div>","aioseo_breadcrumb_json":[{"label":"Home","link":"https:\/\/candas365.es\/noticias"},{"label":"Actualidad","link":"https:\/\/candas365.es\/noticias\/category\/actualidad\/"},{"label":"Un detenido en Gij\u00f3n por intentar vender una bici robada en una chatarrer\u00eda","link":"https:\/\/candas365.es\/noticias\/un-detenido-en-gijon-por-intentar-vender-una-bici-robada-en-una-chatarreria\/"}],"_links":{"self":[{"href":"https:\/\/candas365.es\/noticias\/wp-json\/wp\/v2\/posts\/30857","targetHints":{"allow":["GET"]}}],"collection":[{"href":"https:\/\/candas365.es\/noticias\/wp-json\/wp\/v2\/posts"}],"about":[{"href":"https:\/\/candas365.es\/noticias\/wp-json\/wp\/v2\/types\/post"}],"author":[{"embeddable":true,"href":"https:\/\/candas365.es\/noticias\/wp-json\/wp\/v2\/users\/1"}],"replies":[{"embeddable":true,"href":"https:\/\/candas365.es\/noticias\/wp-json\/wp\/v2\/comments?post=30857"}],"version-history":[{"count":0,"href":"https:\/\/candas365.es\/noticias\/wp-json\/wp\/v2\/posts\/30857\/revisions"}],"wp:featuredmedia":[{"embeddable":true,"href":"https:\/\/candas365.es\/noticias\/wp-json\/wp\/v2\/media\/1337"}],"wp:attachment":[{"href":"https:\/\/candas365.es\/noticias\/wp-json\/wp\/v2\/media?parent=30857"}],"wp:term":[{"taxonomy":"category","embeddable":true,"href":"https:\/\/candas365.es\/noticias\/wp-json\/wp\/v2\/categories?post=30857"},{"taxonomy":"post_tag","embeddable":true,"href":"https:\/\/candas365.es\/noticias\/wp-json\/wp\/v2\/tags?post=30857"}],"curies":[{"name":"wp","href":"https:\/\/api.w.org\/{rel}","templated":true}]}}