{"id":30855,"date":"2016-06-20T22:11:23","date_gmt":"2016-06-20T20:41:23","guid":{"rendered":"http:\/\/candas365.es\/noticias\/?p=30855"},"modified":"2016-06-20T22:16:24","modified_gmt":"2016-06-20T20:46:24","slug":"hace-25-anos-alemania-decidia-trasladar-su-gobierno-de-bonn-a-berlin","status":"publish","type":"post","link":"https:\/\/candas365.es\/noticias\/hace-25-anos-alemania-decidia-trasladar-su-gobierno-de-bonn-a-berlin\/","title":{"rendered":"Hace 25 a\u00f1os, Alemania decid\u00eda trasladar su gobierno de Bonn a Berl\u00edn"},"content":{"rendered":"<p>Berl\u00edn\/Bonn, 20 jun (dpa) &#8211; S\u00f3lo 18 votos marcaron la diferencia. A las 21:48, tras m\u00e1s de diez horas de debate y un centenar de discursos se tom\u00f3 la decisi\u00f3n: el Parlamento y el gobierno alem\u00e1n se mudar\u00edan de Bonn a Berl\u00edn.<\/p>\n<p>El entonces canciller alem\u00e1n, Helmut Kohl, se mostr\u00f3 sumamente satisfecho aquel 20 de junio de 1991 y m\u00e1s a\u00fan su ministro del Interior, Wolfgang Sch\u00e4uble, cuya alocuci\u00f3n result\u00f3 decisiva. La gente de Bonn, por el contrario, qued\u00f3 consternada.<\/p>\n<p>\u00abHoy no se trata de Bonn o Berl\u00edn, sino de el futuro de todos nosotros, del futuro de nuestra Alemania unificada\u00bb, advirti\u00f3 Sch\u00e4uble a los diputados.<\/p>\n<p>Poco antes de su discurso, una ajustada mayor\u00eda de los diputados de la Uni\u00f3n Dem\u00f3crata Cristiana (CDU) y del Partido Socialdem\u00f3crata (SPD) estaba a favor de mantener a Bonn como sede de Gobierno y del Parlamento.<\/p>\n<p>La ciudad hab\u00eda sido elegida en noviembre de 1949, cuatro a\u00f1os despu\u00e9s de la Segunda Guerra Mundial, como sede provisional hasta que cambiase la situaci\u00f3n en la Alemania ocupada por los aliados y Berl\u00edn pudiese volver a ser capital.<\/p>\n<p>La ciudad a orillas del Rin se impuso entonces a Fr\u00e1ncfort a instancias de los democristianos del primer canciller de Rep\u00fablica Federal de Alemania, Konrad Adenauer. Pero m\u00e1s de un a\u00f1o despu\u00e9s de la ca\u00edda del Muro de Berl\u00edn, el estado de cosas ya no era el mismo.<\/p>\n<p>Los defensores de mantener a Bonn como capital alegaban que la ciudad era s\u00edmbolo del renacer democr\u00e1tico alem\u00e1n tras la guerra, mientras Berl\u00edn representaba el pasado fascista y prusiano.<\/p>\n<p>Dijeron que los miles de millones podr\u00edan ser invertidos en ayudar a levantar el antiguo este comunista y que unos 100.000 puestos de trabajo en Bonn estaban en juego.<\/p>\n<p>Los defensores del traslado, por su parte, recordaron la promesa hecha en 1949 de devolver el estatus de capital a Berl\u00edn y argumentaron que ser\u00eda una se\u00f1al de esperanza para la gente en el este del pa\u00eds.<\/p>\n<p>Lo que no dec\u00edan los diputados pero que mucha gente pensaba era que Bonn era un micromundo en el que todos se conoc\u00edan y en el que mediaba muy poca distancia entre los periodistas y los pol\u00edticos. Berl\u00edn, por el contrario, implicaba cambiar de aire y abrirse al mundo.<\/p>\n<p>Berl\u00edn gan\u00f3. De premio de consolaci\u00f3n y como seguro de vida le lleg\u00f3 a Bonn la llamada \u00abley Bonn-Berl\u00edn\u00bb de 1994 que estipulaba que la mayor parte de los puestos de trabajo de los ministerios permanecer\u00edan en la ciudad federal de Bonn.<\/p>\n<p>Las cosas cambiaron un poco a partir de 2008, nueve a\u00f1os despu\u00e9s de la mudanza, que tuvo su punto culminante con la reapertura del edificio del Reichstag como sede del Parlamento en 1999.<\/p>\n<p>A trav\u00e9s de una nueva ley, el porcentaje de los puestos de trabajo en Bonn fue mermando en favor de Berl\u00edn. A modo de compensaci\u00f3n, el Gobierno consigui\u00f3 que muchas organizaciones internacionales se instalaran en la llamada \u00abciudad federal\u00bb, incluidas 18 dependencias de la ONU, entre ellas la Secretar\u00eda del Cambio Clim\u00e1tico (UNFCCC, por sus siglas en ingl\u00e9s).<\/p>\n<p>\u00abEn realidad se trata del futuro de Alemania\u00bb, dijo Sch\u00e4uble en 1991, no de puestos de trabajo, costes de mudanza o vi\u00e1ticos. Lo que entonces sonaba muy bien, hoy es una realidad que demanda gastos y causa pol\u00e9micas.<\/p>\n<p>Especialmente cuando se vuelve a publicar un informe oficial al respecto. El m\u00e1s reciente fue presentado en marzo y se\u00f1ala que la doble sede de gobierno le costar\u00e1 este a\u00f1o a Alemania unos 7,5 millones de euros (8,4 millones de d\u00f3lares).<\/p>\n<p>El Partido La Izquierda demand\u00f3 poner fin a la de la doble sede de gobierno. La principal agrupaci\u00f3n opositora afirma que no los costes no est\u00e1n justificados y que los numerosos viajes da\u00f1an el medio ambiente, y propuso que los ministerios se trasladen por completo a Berl\u00edn hasta 2020.<\/p>\n<p>Tambi\u00e9n la Asociaci\u00f3n de Contribuyentes Alemanas exige el tralado completo del gobierno desde hace a\u00f1os.<\/p>\n<p>El Gobierno, por su parte, reconoce y es consciente de la situaci\u00f3n. \u00abLas cosas no quedar\u00e1n como est\u00e1n\u00bb, admiti\u00f3 la ministra de Medio Ambiente y Construcci\u00f3n, Barbara Hendricks, quien presentar\u00e1 un informe antes de fin de a\u00f1o con todos los datos actualizados.<\/p>\n<p>Pero Hendricks no tiene v\u00eda libre porque se debe atener al acuerdo de coalici\u00f3n firmado por democristianos y socialdem\u00f3cratas para formar el actual gobierno de la canciller Angela Merkel, que dice: \u00abRespaldamos la ley Bonn-Berl\u00edn. Bonn continuar\u00e1 siendo el segundo centro de la pol\u00edtica federal\u00bb. El acuerdo tiene a\u00fan vigencia, por lo menos hasta las pr\u00f3ximas elecciones generales en septiembre de 2017.<\/p>\n<p><span class=\" readonly\" title=\"\"><em><strong>Por Teresa Dapp<\/strong> <\/em><\/span><\/p>\n<p>&nbsp;<\/p>\n","protected":false},"excerpt":{"rendered":"<p>Berl\u00edn\/Bonn, 20 jun (dpa) &#8211; S\u00f3lo 18 votos marcaron la diferencia. A las 21:48, tras m\u00e1s de diez horas de debate y un centenar de discursos se tom\u00f3 la decisi\u00f3n: el Parlamento y el gobierno alem\u00e1n se mudar\u00edan de Bonn a Berl\u00edn. El entonces canciller alem\u00e1n, Helmut Kohl, se mostr\u00f3 sumamente satisfecho aquel 20 de<\/p>\n","protected":false},"author":1,"featured_media":16457,"comment_status":"closed","ping_status":"closed","sticky":false,"template":"","format":"standard","meta":{"footnotes":""},"categories":[343],"tags":[],"class_list":{"0":"post-30855","1":"post","2":"type-post","3":"status-publish","4":"format-standard","5":"has-post-thumbnail","7":"category-actualidad"},"aioseo_notices":[],"aioseo_head":"\n\t\t<!-- All in One SEO Pro 4.9.6.2 - aioseo.com -->\n\t<meta name=\"description\" content=\"Berl\u00edn\/Bonn, 20 jun (dpa) - S\u00f3lo 18 votos marcaron la diferencia. A las 21:48, tras m\u00e1s de diez horas de debate y un centenar de discursos se tom\u00f3 la decisi\u00f3n: el Parlamento y el gobierno alem\u00e1n se mudar\u00edan de Bonn a Berl\u00edn. El entonces canciller alem\u00e1n, Helmut Kohl, se mostr\u00f3 sumamente satisfecho aquel 20 de\" \/>\n\t<meta name=\"robots\" content=\"max-image-preview:large\" \/>\n\t<meta name=\"author\" content=\"Cand\u00e1s 365\"\/>\n\t<meta name=\"google-site-verification\" content=\"UA-32230408-1\" \/>\n\t<meta name=\"msvalidate.01\" content=\"354F3CDFB2DA171B47FBE9ABF1F88D5\" \/>\n\t<meta name=\"keywords\" content=\"actualidad\" \/>\n\t<link rel=\"canonical\" href=\"https:\/\/candas365.es\/noticias\/hace-25-anos-alemania-decidia-trasladar-su-gobierno-de-bonn-a-berlin\/\" \/>\n\t<meta name=\"generator\" content=\"All in One SEO Pro (AIOSEO) 4.9.6.2\" \/>\n\t\t<meta property=\"og:locale\" content=\"es_ES\" \/>\n\t\t<meta property=\"og:site_name\" content=\"Cand\u00e1s 365\" \/>\n\t\t<meta property=\"og:type\" content=\"article\" \/>\n\t\t<meta property=\"og:title\" content=\"Hace 25 a\u00f1os, Alemania decid\u00eda trasladar su gobierno de Bonn a Berl\u00edn | Cand\u00e1s 365\" \/>\n\t\t<meta property=\"og:description\" content=\"Berl\u00edn\/Bonn, 20 jun (dpa) - S\u00f3lo 18 votos marcaron la diferencia. A las 21:48, tras m\u00e1s de diez horas de debate y un centenar de discursos se tom\u00f3 la decisi\u00f3n: el Parlamento y el gobierno alem\u00e1n se mudar\u00edan de Bonn a Berl\u00edn. El entonces canciller alem\u00e1n, Helmut Kohl, se mostr\u00f3 sumamente satisfecho aquel 20 de\" \/>\n\t\t<meta property=\"og:url\" content=\"https:\/\/candas365.es\/noticias\/hace-25-anos-alemania-decidia-trasladar-su-gobierno-de-bonn-a-berlin\/\" \/>\n\t\t<meta property=\"og:image\" content=\"https:\/\/candas365.es\/noticias\/wp-content\/uploads\/2015\/09\/c365noticias.jpg\" \/>\n\t\t<meta property=\"og:image:secure_url\" content=\"https:\/\/candas365.es\/noticias\/wp-content\/uploads\/2015\/09\/c365noticias.jpg\" \/>\n\t\t<meta property=\"og:image:width\" content=\"655\" \/>\n\t\t<meta property=\"og:image:height\" content=\"360\" \/>\n\t\t<meta property=\"article:published_time\" content=\"2016-06-20T20:41:23+00:00\" \/>\n\t\t<meta property=\"article:modified_time\" content=\"2016-06-20T20:46:24+00:00\" \/>\n\t\t<meta property=\"article:publisher\" content=\"https:\/\/www.facebook.com\/Nachofdezber\" \/>\n\t\t<meta property=\"article:author\" content=\"https:\/\/www.facebook.com\/carrenoactualidad\" \/>\n\t\t<meta name=\"twitter:card\" content=\"summary_large_image\" \/>\n\t\t<meta name=\"twitter:site\" content=\"@NabercoDigital\" \/>\n\t\t<meta name=\"twitter:title\" content=\"Hace 25 a\u00f1os, Alemania decid\u00eda trasladar su gobierno de Bonn a Berl\u00edn | Cand\u00e1s 365\" \/>\n\t\t<meta name=\"twitter:description\" content=\"Berl\u00edn\/Bonn, 20 jun (dpa) - S\u00f3lo 18 votos marcaron la diferencia. A las 21:48, tras m\u00e1s de diez horas de debate y un centenar de discursos se tom\u00f3 la decisi\u00f3n: el Parlamento y el gobierno alem\u00e1n se mudar\u00edan de Bonn a Berl\u00edn. El entonces canciller alem\u00e1n, Helmut Kohl, se mostr\u00f3 sumamente satisfecho aquel 20 de\" \/>\n\t\t<meta name=\"twitter:creator\" content=\"@nbasturias\" \/>\n\t\t<meta name=\"twitter:image\" content=\"https:\/\/candas365.es\/noticias\/wp-content\/uploads\/2015\/09\/c365noticias.jpg\" \/>\n\t\t<meta name=\"twitter:label1\" content=\"Escrito por\" \/>\n\t\t<meta name=\"twitter:data1\" content=\"Cand\u00e1s 365\" \/>\n\t\t<meta name=\"twitter:label2\" content=\"Tiempo de lectura estimado\" \/>\n\t\t<meta name=\"twitter:data2\" content=\"4 minutos\" \/>\n\t\t<script type=\"application\/ld+json\" class=\"aioseo-schema\">\n\t\t\t{\"@context\":\"https:\\\/\\\/schema.org\",\"@graph\":[{\"@type\":\"BreadcrumbList\",\"@id\":\"https:\\\/\\\/candas365.es\\\/noticias\\\/hace-25-anos-alemania-decidia-trasladar-su-gobierno-de-bonn-a-berlin\\\/#breadcrumblist\",\"itemListElement\":[{\"@type\":\"ListItem\",\"@id\":\"https:\\\/\\\/candas365.es\\\/noticias#listItem\",\"position\":1,\"name\":\"Home\",\"item\":\"https:\\\/\\\/candas365.es\\\/noticias\",\"nextItem\":{\"@type\":\"ListItem\",\"@id\":\"https:\\\/\\\/candas365.es\\\/noticias\\\/category\\\/actualidad\\\/#listItem\",\"name\":\"Actualidad\"}},{\"@type\":\"ListItem\",\"@id\":\"https:\\\/\\\/candas365.es\\\/noticias\\\/category\\\/actualidad\\\/#listItem\",\"position\":2,\"name\":\"Actualidad\",\"item\":\"https:\\\/\\\/candas365.es\\\/noticias\\\/category\\\/actualidad\\\/\",\"nextItem\":{\"@type\":\"ListItem\",\"@id\":\"https:\\\/\\\/candas365.es\\\/noticias\\\/hace-25-anos-alemania-decidia-trasladar-su-gobierno-de-bonn-a-berlin\\\/#listItem\",\"name\":\"Hace 25 a\\u00f1os, Alemania decid\\u00eda trasladar su gobierno de Bonn a Berl\\u00edn\"},\"previousItem\":{\"@type\":\"ListItem\",\"@id\":\"https:\\\/\\\/candas365.es\\\/noticias#listItem\",\"name\":\"Home\"}},{\"@type\":\"ListItem\",\"@id\":\"https:\\\/\\\/candas365.es\\\/noticias\\\/hace-25-anos-alemania-decidia-trasladar-su-gobierno-de-bonn-a-berlin\\\/#listItem\",\"position\":3,\"name\":\"Hace 25 a\\u00f1os, Alemania decid\\u00eda trasladar su gobierno de Bonn a Berl\\u00edn\",\"previousItem\":{\"@type\":\"ListItem\",\"@id\":\"https:\\\/\\\/candas365.es\\\/noticias\\\/category\\\/actualidad\\\/#listItem\",\"name\":\"Actualidad\"}}]},{\"@type\":\"NewsArticle\",\"@id\":\"https:\\\/\\\/candas365.es\\\/noticias\\\/hace-25-anos-alemania-decidia-trasladar-su-gobierno-de-bonn-a-berlin\\\/#newsarticle\",\"name\":\"Hace 25 a\\u00f1os, Alemania decid\\u00eda trasladar su gobierno de Bonn a Berl\\u00edn | Cand\\u00e1s 365\",\"headline\":\"Hace 25 a\\u00f1os, Alemania decid\\u00eda trasladar su gobierno de Bonn a Berl\\u00edn\",\"author\":{\"@id\":\"https:\\\/\\\/candas365.es\\\/noticias\\\/author\\\/admin\\\/#author\"},\"publisher\":{\"@id\":\"https:\\\/\\\/candas365.es\\\/noticias\\\/#organization\"},\"image\":{\"@type\":\"ImageObject\",\"url\":\"https:\\\/\\\/candas365.es\\\/noticias\\\/wp-content\\\/uploads\\\/2015\\\/09\\\/c365noticias.jpg\",\"width\":655,\"height\":360},\"datePublished\":\"2016-06-20T22:11:23+02:00\",\"dateModified\":\"2016-06-20T22:16:24+02:00\",\"inLanguage\":\"es-ES\",\"mainEntityOfPage\":{\"@id\":\"https:\\\/\\\/candas365.es\\\/noticias\\\/hace-25-anos-alemania-decidia-trasladar-su-gobierno-de-bonn-a-berlin\\\/#webpage\"},\"isPartOf\":{\"@id\":\"https:\\\/\\\/candas365.es\\\/noticias\\\/hace-25-anos-alemania-decidia-trasladar-su-gobierno-de-bonn-a-berlin\\\/#webpage\"},\"articleSection\":\"Actualidad\",\"dateline\":\"Publicado el junio 20, 2016.\"},{\"@type\":\"Organization\",\"@id\":\"https:\\\/\\\/candas365.es\\\/noticias\\\/#organization\",\"name\":\"Cand\\u00e1s 365\",\"description\":\"Cand\\u00e1s 365 es un diario digital independiente, fundado en 2012, con base en Asturias. Informamos con rigor sobre actualidad, sociedad, cultura y ocio, con una mirada local y global.\",\"url\":\"https:\\\/\\\/candas365.es\\\/noticias\\\/\",\"email\":\"info@candas365.es\",\"telephone\":\"+34652131393\",\"foundingDate\":\"2012-06-10\",\"logo\":{\"@type\":\"ImageObject\",\"url\":\"https:\\\/\\\/candas365.es\\\/noticias\\\/wp-content\\\/uploads\\\/2024\\\/09\\\/Candas-365-Redes.jpg\",\"@id\":\"https:\\\/\\\/candas365.es\\\/noticias\\\/hace-25-anos-alemania-decidia-trasladar-su-gobierno-de-bonn-a-berlin\\\/#organizationLogo\",\"width\":1152,\"height\":864,\"caption\":\"Cand\\u00e1s 365 Redes\"},\"image\":{\"@id\":\"https:\\\/\\\/candas365.es\\\/noticias\\\/hace-25-anos-alemania-decidia-trasladar-su-gobierno-de-bonn-a-berlin\\\/#organizationLogo\"},\"sameAs\":[\"https:\\\/\\\/www.facebook.com\\\/Nachofdezber\",\"https:\\\/\\\/x.com\\\/NabercoDigital\",\"https:\\\/\\\/www.instagram.com\\\/nachofdezber\\\/\",\"https:\\\/\\\/www.youtube.com\\\/channel\\\/UCZP-2wLEB9Rv6erhFmqVnvg\"],\"address\":{\"@id\":\"https:\\\/\\\/candas365.es\\\/noticias\\\/#postaladdress\",\"@type\":\"PostalAddress\",\"streetAddress\":\"san antonio 4, san antonio 4\",\"postalCode\":\"33430\",\"addressLocality\":\"Cand\\u00e1s\",\"addressRegion\":\"Asturias\",\"addressCountry\":\"ES\"}},{\"@type\":\"Person\",\"@id\":\"https:\\\/\\\/candas365.es\\\/noticias\\\/author\\\/admin\\\/#author\",\"url\":\"https:\\\/\\\/candas365.es\\\/noticias\\\/author\\\/admin\\\/\",\"name\":\"Cand\\u00e1s 365\",\"image\":{\"@type\":\"ImageObject\",\"@id\":\"https:\\\/\\\/candas365.es\\\/noticias\\\/hace-25-anos-alemania-decidia-trasladar-su-gobierno-de-bonn-a-berlin\\\/#authorImage\",\"url\":\"https:\\\/\\\/secure.gravatar.com\\\/avatar\\\/496a8e03d0c493ede1718b7934145dbdf8d89be1036b0eec9544e1094c9de390?s=96&d=mm&r=g\",\"width\":96,\"height\":96,\"caption\":\"Cand\\u00e1s 365\"},\"sameAs\":[\"https:\\\/\\\/www.facebook.com\\\/carrenoactualidad\",\"https:\\\/\\\/twitter.com\\\/nbasturias\",\"https:\\\/\\\/www.instagram.com\\\/nachofdezber\\\/\",\"https:\\\/\\\/www.youtube.com\\\/channel\\\/UCZP-2wLEB9Rv6erhFmqVnvg\"]},{\"@type\":\"WebPage\",\"@id\":\"https:\\\/\\\/candas365.es\\\/noticias\\\/hace-25-anos-alemania-decidia-trasladar-su-gobierno-de-bonn-a-berlin\\\/#webpage\",\"url\":\"https:\\\/\\\/candas365.es\\\/noticias\\\/hace-25-anos-alemania-decidia-trasladar-su-gobierno-de-bonn-a-berlin\\\/\",\"name\":\"Hace 25 a\\u00f1os, Alemania decid\\u00eda trasladar su gobierno de Bonn a Berl\\u00edn | Cand\\u00e1s 365\",\"description\":\"Berl\\u00edn\\\/Bonn, 20 jun (dpa) - S\\u00f3lo 18 votos marcaron la diferencia. A las 21:48, tras m\\u00e1s de diez horas de debate y un centenar de discursos se tom\\u00f3 la decisi\\u00f3n: el Parlamento y el gobierno alem\\u00e1n se mudar\\u00edan de Bonn a Berl\\u00edn. El entonces canciller alem\\u00e1n, Helmut Kohl, se mostr\\u00f3 sumamente satisfecho aquel 20 de\",\"inLanguage\":\"es-ES\",\"isPartOf\":{\"@id\":\"https:\\\/\\\/candas365.es\\\/noticias\\\/#website\"},\"breadcrumb\":{\"@id\":\"https:\\\/\\\/candas365.es\\\/noticias\\\/hace-25-anos-alemania-decidia-trasladar-su-gobierno-de-bonn-a-berlin\\\/#breadcrumblist\"},\"author\":{\"@id\":\"https:\\\/\\\/candas365.es\\\/noticias\\\/author\\\/admin\\\/#author\"},\"creator\":{\"@id\":\"https:\\\/\\\/candas365.es\\\/noticias\\\/author\\\/admin\\\/#author\"},\"image\":{\"@type\":\"ImageObject\",\"url\":\"https:\\\/\\\/candas365.es\\\/noticias\\\/wp-content\\\/uploads\\\/2015\\\/09\\\/c365noticias.jpg\",\"@id\":\"https:\\\/\\\/candas365.es\\\/noticias\\\/hace-25-anos-alemania-decidia-trasladar-su-gobierno-de-bonn-a-berlin\\\/#mainImage\",\"width\":655,\"height\":360},\"primaryImageOfPage\":{\"@id\":\"https:\\\/\\\/candas365.es\\\/noticias\\\/hace-25-anos-alemania-decidia-trasladar-su-gobierno-de-bonn-a-berlin\\\/#mainImage\"},\"datePublished\":\"2016-06-20T22:11:23+02:00\",\"dateModified\":\"2016-06-20T22:16:24+02:00\"},{\"@type\":\"WebSite\",\"@id\":\"https:\\\/\\\/candas365.es\\\/noticias\\\/#website\",\"url\":\"https:\\\/\\\/candas365.es\\\/noticias\\\/\",\"name\":\"Cand\\u00e1s 365\",\"alternateName\":\"Cand\\u00e1s 365 Noticias\",\"description\":\"Actualidad desde Carre\\u00f1o para el mundo\",\"inLanguage\":\"es-ES\",\"publisher\":{\"@id\":\"https:\\\/\\\/candas365.es\\\/noticias\\\/#organization\"}}]}\n\t\t<\/script>\n\t\t<!-- All in One SEO Pro -->\r\n\t\t<title>Hace 25 a\u00f1os, Alemania decid\u00eda trasladar su gobierno de Bonn a Berl\u00edn | Cand\u00e1s 365<\/title>\n\n","aioseo_head_json":{"title":"Hace 25 a\u00f1os, Alemania decid\u00eda trasladar su gobierno de Bonn a Berl\u00edn | Cand\u00e1s 365","description":"Berl\u00edn\/Bonn, 20 jun (dpa) - S\u00f3lo 18 votos marcaron la diferencia. A las 21:48, tras m\u00e1s de diez horas de debate y un centenar de discursos se tom\u00f3 la decisi\u00f3n: el Parlamento y el gobierno alem\u00e1n se mudar\u00edan de Bonn a Berl\u00edn. El entonces canciller alem\u00e1n, Helmut Kohl, se mostr\u00f3 sumamente satisfecho aquel 20 de","canonical_url":"https:\/\/candas365.es\/noticias\/hace-25-anos-alemania-decidia-trasladar-su-gobierno-de-bonn-a-berlin\/","robots":"max-image-preview:large","keywords":"actualidad","webmasterTools":{"google-site-verification":"UA-32230408-1","msvalidate.01":"354F3CDFB2DA171B47FBE9ABF1F88D5","miscellaneous":""},"schema":{"@context":"https:\/\/schema.org","@graph":[{"@type":"BreadcrumbList","@id":"https:\/\/candas365.es\/noticias\/hace-25-anos-alemania-decidia-trasladar-su-gobierno-de-bonn-a-berlin\/#breadcrumblist","itemListElement":[{"@type":"ListItem","@id":"https:\/\/candas365.es\/noticias#listItem","position":1,"name":"Home","item":"https:\/\/candas365.es\/noticias","nextItem":{"@type":"ListItem","@id":"https:\/\/candas365.es\/noticias\/category\/actualidad\/#listItem","name":"Actualidad"}},{"@type":"ListItem","@id":"https:\/\/candas365.es\/noticias\/category\/actualidad\/#listItem","position":2,"name":"Actualidad","item":"https:\/\/candas365.es\/noticias\/category\/actualidad\/","nextItem":{"@type":"ListItem","@id":"https:\/\/candas365.es\/noticias\/hace-25-anos-alemania-decidia-trasladar-su-gobierno-de-bonn-a-berlin\/#listItem","name":"Hace 25 a\u00f1os, Alemania decid\u00eda trasladar su gobierno de Bonn a Berl\u00edn"},"previousItem":{"@type":"ListItem","@id":"https:\/\/candas365.es\/noticias#listItem","name":"Home"}},{"@type":"ListItem","@id":"https:\/\/candas365.es\/noticias\/hace-25-anos-alemania-decidia-trasladar-su-gobierno-de-bonn-a-berlin\/#listItem","position":3,"name":"Hace 25 a\u00f1os, Alemania decid\u00eda trasladar su gobierno de Bonn a Berl\u00edn","previousItem":{"@type":"ListItem","@id":"https:\/\/candas365.es\/noticias\/category\/actualidad\/#listItem","name":"Actualidad"}}]},{"@type":"NewsArticle","@id":"https:\/\/candas365.es\/noticias\/hace-25-anos-alemania-decidia-trasladar-su-gobierno-de-bonn-a-berlin\/#newsarticle","name":"Hace 25 a\u00f1os, Alemania decid\u00eda trasladar su gobierno de Bonn a Berl\u00edn | Cand\u00e1s 365","headline":"Hace 25 a\u00f1os, Alemania decid\u00eda trasladar su gobierno de Bonn a Berl\u00edn","author":{"@id":"https:\/\/candas365.es\/noticias\/author\/admin\/#author"},"publisher":{"@id":"https:\/\/candas365.es\/noticias\/#organization"},"image":{"@type":"ImageObject","url":"https:\/\/candas365.es\/noticias\/wp-content\/uploads\/2015\/09\/c365noticias.jpg","width":655,"height":360},"datePublished":"2016-06-20T22:11:23+02:00","dateModified":"2016-06-20T22:16:24+02:00","inLanguage":"es-ES","mainEntityOfPage":{"@id":"https:\/\/candas365.es\/noticias\/hace-25-anos-alemania-decidia-trasladar-su-gobierno-de-bonn-a-berlin\/#webpage"},"isPartOf":{"@id":"https:\/\/candas365.es\/noticias\/hace-25-anos-alemania-decidia-trasladar-su-gobierno-de-bonn-a-berlin\/#webpage"},"articleSection":"Actualidad","dateline":"Publicado el junio 20, 2016."},{"@type":"Organization","@id":"https:\/\/candas365.es\/noticias\/#organization","name":"Cand\u00e1s 365","description":"Cand\u00e1s 365 es un diario digital independiente, fundado en 2012, con base en Asturias. Informamos con rigor sobre actualidad, sociedad, cultura y ocio, con una mirada local y global.","url":"https:\/\/candas365.es\/noticias\/","email":"info@candas365.es","telephone":"+34652131393","foundingDate":"2012-06-10","logo":{"@type":"ImageObject","url":"https:\/\/candas365.es\/noticias\/wp-content\/uploads\/2024\/09\/Candas-365-Redes.jpg","@id":"https:\/\/candas365.es\/noticias\/hace-25-anos-alemania-decidia-trasladar-su-gobierno-de-bonn-a-berlin\/#organizationLogo","width":1152,"height":864,"caption":"Cand\u00e1s 365 Redes"},"image":{"@id":"https:\/\/candas365.es\/noticias\/hace-25-anos-alemania-decidia-trasladar-su-gobierno-de-bonn-a-berlin\/#organizationLogo"},"sameAs":["https:\/\/www.facebook.com\/Nachofdezber","https:\/\/x.com\/NabercoDigital","https:\/\/www.instagram.com\/nachofdezber\/","https:\/\/www.youtube.com\/channel\/UCZP-2wLEB9Rv6erhFmqVnvg"],"address":{"@id":"https:\/\/candas365.es\/noticias\/#postaladdress","@type":"PostalAddress","streetAddress":"san antonio 4, san antonio 4","postalCode":"33430","addressLocality":"Cand\u00e1s","addressRegion":"Asturias","addressCountry":"ES"}},{"@type":"Person","@id":"https:\/\/candas365.es\/noticias\/author\/admin\/#author","url":"https:\/\/candas365.es\/noticias\/author\/admin\/","name":"Cand\u00e1s 365","image":{"@type":"ImageObject","@id":"https:\/\/candas365.es\/noticias\/hace-25-anos-alemania-decidia-trasladar-su-gobierno-de-bonn-a-berlin\/#authorImage","url":"https:\/\/secure.gravatar.com\/avatar\/496a8e03d0c493ede1718b7934145dbdf8d89be1036b0eec9544e1094c9de390?s=96&d=mm&r=g","width":96,"height":96,"caption":"Cand\u00e1s 365"},"sameAs":["https:\/\/www.facebook.com\/carrenoactualidad","https:\/\/twitter.com\/nbasturias","https:\/\/www.instagram.com\/nachofdezber\/","https:\/\/www.youtube.com\/channel\/UCZP-2wLEB9Rv6erhFmqVnvg"]},{"@type":"WebPage","@id":"https:\/\/candas365.es\/noticias\/hace-25-anos-alemania-decidia-trasladar-su-gobierno-de-bonn-a-berlin\/#webpage","url":"https:\/\/candas365.es\/noticias\/hace-25-anos-alemania-decidia-trasladar-su-gobierno-de-bonn-a-berlin\/","name":"Hace 25 a\u00f1os, Alemania decid\u00eda trasladar su gobierno de Bonn a Berl\u00edn | Cand\u00e1s 365","description":"Berl\u00edn\/Bonn, 20 jun (dpa) - S\u00f3lo 18 votos marcaron la diferencia. A las 21:48, tras m\u00e1s de diez horas de debate y un centenar de discursos se tom\u00f3 la decisi\u00f3n: el Parlamento y el gobierno alem\u00e1n se mudar\u00edan de Bonn a Berl\u00edn. El entonces canciller alem\u00e1n, Helmut Kohl, se mostr\u00f3 sumamente satisfecho aquel 20 de","inLanguage":"es-ES","isPartOf":{"@id":"https:\/\/candas365.es\/noticias\/#website"},"breadcrumb":{"@id":"https:\/\/candas365.es\/noticias\/hace-25-anos-alemania-decidia-trasladar-su-gobierno-de-bonn-a-berlin\/#breadcrumblist"},"author":{"@id":"https:\/\/candas365.es\/noticias\/author\/admin\/#author"},"creator":{"@id":"https:\/\/candas365.es\/noticias\/author\/admin\/#author"},"image":{"@type":"ImageObject","url":"https:\/\/candas365.es\/noticias\/wp-content\/uploads\/2015\/09\/c365noticias.jpg","@id":"https:\/\/candas365.es\/noticias\/hace-25-anos-alemania-decidia-trasladar-su-gobierno-de-bonn-a-berlin\/#mainImage","width":655,"height":360},"primaryImageOfPage":{"@id":"https:\/\/candas365.es\/noticias\/hace-25-anos-alemania-decidia-trasladar-su-gobierno-de-bonn-a-berlin\/#mainImage"},"datePublished":"2016-06-20T22:11:23+02:00","dateModified":"2016-06-20T22:16:24+02:00"},{"@type":"WebSite","@id":"https:\/\/candas365.es\/noticias\/#website","url":"https:\/\/candas365.es\/noticias\/","name":"Cand\u00e1s 365","alternateName":"Cand\u00e1s 365 Noticias","description":"Actualidad desde Carre\u00f1o para el mundo","inLanguage":"es-ES","publisher":{"@id":"https:\/\/candas365.es\/noticias\/#organization"}}]},"og:locale":"es_ES","og:site_name":"Cand\u00e1s 365","og:type":"article","og:title":"Hace 25 a\u00f1os, Alemania decid\u00eda trasladar su gobierno de Bonn a Berl\u00edn | Cand\u00e1s 365","og:description":"Berl\u00edn\/Bonn, 20 jun (dpa) - S\u00f3lo 18 votos marcaron la diferencia. A las 21:48, tras m\u00e1s de diez horas de debate y un centenar de discursos se tom\u00f3 la decisi\u00f3n: el Parlamento y el gobierno alem\u00e1n se mudar\u00edan de Bonn a Berl\u00edn. El entonces canciller alem\u00e1n, Helmut Kohl, se mostr\u00f3 sumamente satisfecho aquel 20 de","og:url":"https:\/\/candas365.es\/noticias\/hace-25-anos-alemania-decidia-trasladar-su-gobierno-de-bonn-a-berlin\/","og:image":"https:\/\/candas365.es\/noticias\/wp-content\/uploads\/2015\/09\/c365noticias.jpg","og:image:secure_url":"https:\/\/candas365.es\/noticias\/wp-content\/uploads\/2015\/09\/c365noticias.jpg","og:image:width":655,"og:image:height":360,"article:published_time":"2016-06-20T20:41:23+00:00","article:modified_time":"2016-06-20T20:46:24+00:00","article:publisher":"https:\/\/www.facebook.com\/Nachofdezber","article:author":"https:\/\/www.facebook.com\/carrenoactualidad","twitter:card":"summary_large_image","twitter:site":"@NabercoDigital","twitter:title":"Hace 25 a\u00f1os, Alemania decid\u00eda trasladar su gobierno de Bonn a Berl\u00edn | Cand\u00e1s 365","twitter:description":"Berl\u00edn\/Bonn, 20 jun (dpa) - S\u00f3lo 18 votos marcaron la diferencia. A las 21:48, tras m\u00e1s de diez horas de debate y un centenar de discursos se tom\u00f3 la decisi\u00f3n: el Parlamento y el gobierno alem\u00e1n se mudar\u00edan de Bonn a Berl\u00edn. El entonces canciller alem\u00e1n, Helmut Kohl, se mostr\u00f3 sumamente satisfecho aquel 20 de","twitter:creator":"@nbasturias","twitter:image":"https:\/\/candas365.es\/noticias\/wp-content\/uploads\/2015\/09\/c365noticias.jpg","twitter:label1":"Escrito por","twitter:data1":"Cand\u00e1s 365","twitter:label2":"Tiempo de lectura estimado","twitter:data2":"4 minutos"},"aioseo_meta_data":{"post_id":"30855","title":null,"description":null,"keywords":null,"keyphrases":null,"primary_term":null,"canonical_url":null,"og_title":null,"og_description":null,"og_object_type":"default","og_image_type":"default","og_image_url":null,"og_image_width":null,"og_image_height":null,"og_image_custom_url":null,"og_image_custom_fields":null,"og_video":null,"og_custom_url":null,"og_article_section":null,"og_article_tags":null,"twitter_use_og":false,"twitter_card":"default","twitter_image_type":"default","twitter_image_url":null,"twitter_image_custom_url":null,"twitter_image_custom_fields":null,"twitter_title":null,"twitter_description":null,"schema":{"blockGraphs":[],"customGraphs":[],"default":{"data":{"Article":[],"Course":[],"Dataset":[],"FAQPage":[],"Movie":[],"Person":[],"Product":[],"ProductReview":[],"Car":[],"Recipe":[],"Service":[],"SoftwareApplication":[],"WebPage":[]},"graphName":"","isEnabled":true},"graphs":[],"defaultGraph":"","defaultPostTypeGraph":""},"schema_type":null,"schema_type_options":null,"pillar_content":false,"robots_default":true,"robots_noindex":false,"robots_noarchive":false,"robots_nosnippet":false,"robots_nofollow":false,"robots_noimageindex":false,"robots_noodp":false,"robots_notranslate":false,"robots_max_snippet":null,"robots_max_videopreview":null,"robots_max_imagepreview":"large","priority":null,"frequency":null,"location":null,"local_seo":null,"seo_analyzer_scan_date":"2025-08-24 13:03:22","breadcrumb_settings":null,"limit_modified_date":false,"reviewed_by":null,"open_ai":null,"ai":null,"created":"2020-12-21 12:59:31","updated":"2025-08-24 13:03:22"},"aioseo_breadcrumb":"<div class=\"aioseo-breadcrumbs\"><span class=\"aioseo-breadcrumb\">\n\t<a href=\"https:\/\/candas365.es\/noticias\" title=\"Home\">Home<\/a>\n<\/span><span class=\"aioseo-breadcrumb-separator\">&ndash;<\/span><span class=\"aioseo-breadcrumb\">\n\t<a href=\"https:\/\/candas365.es\/noticias\/category\/actualidad\/\" title=\"Actualidad\">Actualidad<\/a>\n<\/span><span class=\"aioseo-breadcrumb-separator\">&ndash;<\/span><span class=\"aioseo-breadcrumb\">\n\tHace 25 a\u00f1os, Alemania decid\u00eda trasladar su gobierno de Bonn a Berl\u00edn\n<\/span><\/div>","aioseo_breadcrumb_json":[{"label":"Home","link":"https:\/\/candas365.es\/noticias"},{"label":"Actualidad","link":"https:\/\/candas365.es\/noticias\/category\/actualidad\/"},{"label":"Hace 25 a\u00f1os, Alemania decid\u00eda trasladar su gobierno de Bonn a Berl\u00edn","link":"https:\/\/candas365.es\/noticias\/hace-25-anos-alemania-decidia-trasladar-su-gobierno-de-bonn-a-berlin\/"}],"_links":{"self":[{"href":"https:\/\/candas365.es\/noticias\/wp-json\/wp\/v2\/posts\/30855","targetHints":{"allow":["GET"]}}],"collection":[{"href":"https:\/\/candas365.es\/noticias\/wp-json\/wp\/v2\/posts"}],"about":[{"href":"https:\/\/candas365.es\/noticias\/wp-json\/wp\/v2\/types\/post"}],"author":[{"embeddable":true,"href":"https:\/\/candas365.es\/noticias\/wp-json\/wp\/v2\/users\/1"}],"replies":[{"embeddable":true,"href":"https:\/\/candas365.es\/noticias\/wp-json\/wp\/v2\/comments?post=30855"}],"version-history":[{"count":0,"href":"https:\/\/candas365.es\/noticias\/wp-json\/wp\/v2\/posts\/30855\/revisions"}],"wp:featuredmedia":[{"embeddable":true,"href":"https:\/\/candas365.es\/noticias\/wp-json\/wp\/v2\/media\/16457"}],"wp:attachment":[{"href":"https:\/\/candas365.es\/noticias\/wp-json\/wp\/v2\/media?parent=30855"}],"wp:term":[{"taxonomy":"category","embeddable":true,"href":"https:\/\/candas365.es\/noticias\/wp-json\/wp\/v2\/categories?post=30855"},{"taxonomy":"post_tag","embeddable":true,"href":"https:\/\/candas365.es\/noticias\/wp-json\/wp\/v2\/tags?post=30855"}],"curies":[{"name":"wp","href":"https:\/\/api.w.org\/{rel}","templated":true}]}}