{"id":30801,"date":"2016-06-20T19:17:54","date_gmt":"2016-06-20T17:47:54","guid":{"rendered":"http:\/\/candas365.es\/noticias\/?p=30801"},"modified":"2016-06-20T19:17:54","modified_gmt":"2016-06-20T17:47:54","slug":"fallece-un-motorista-en-uno-de-los-39-accidentes-registrados-el-fin-de-semana","status":"publish","type":"post","link":"https:\/\/candas365.es\/noticias\/fallece-un-motorista-en-uno-de-los-39-accidentes-registrados-el-fin-de-semana\/","title":{"rendered":"Fallece un motorista en uno de los 39 accidentes registrados el fin de semana"},"content":{"rendered":"<p><img fetchpriority=\"high\" decoding=\"async\" class=\"alignleft size-medium wp-image-30802\" src=\"https:\/\/candas365.es\/noticias\/wp-content\/uploads\/2016\/06\/fotonoticia_20160620094847_800-360x203.jpg\" alt=\"fotonoticia_20160620094847_800\" width=\"360\" height=\"203\" srcset=\"https:\/\/candas365.es\/noticias\/wp-content\/uploads\/2016\/06\/fotonoticia_20160620094847_800-360x203.jpg 360w, https:\/\/candas365.es\/noticias\/wp-content\/uploads\/2016\/06\/fotonoticia_20160620094847_800-650x366.jpg 650w, https:\/\/candas365.es\/noticias\/wp-content\/uploads\/2016\/06\/fotonoticia_20160620094847_800-768x432.jpg 768w, https:\/\/candas365.es\/noticias\/wp-content\/uploads\/2016\/06\/fotonoticia_20160620094847_800-150x84.jpg 150w, https:\/\/candas365.es\/noticias\/wp-content\/uploads\/2016\/06\/fotonoticia_20160620094847_800-450x253.jpg 450w, https:\/\/candas365.es\/noticias\/wp-content\/uploads\/2016\/06\/fotonoticia_20160620094847_800-655x368.jpg 655w, https:\/\/candas365.es\/noticias\/wp-content\/uploads\/2016\/06\/fotonoticia_20160620094847_800-696x392.jpg 696w, https:\/\/candas365.es\/noticias\/wp-content\/uploads\/2016\/06\/fotonoticia_20160620094847_800-747x420.jpg 747w, https:\/\/candas365.es\/noticias\/wp-content\/uploads\/2016\/06\/fotonoticia_20160620094847_800-499x280.jpg 499w, https:\/\/candas365.es\/noticias\/wp-content\/uploads\/2016\/06\/fotonoticia_20160620094847_800.jpg 800w\" sizes=\"(max-width: 360px) 100vw, 360px\" \/>Un motorista fallecido, dos heridos graves y otras 20 personas heridas leves es el balance de los 39 accidentes registrados en las carreteras asturianas durante este fin de semana, seg\u00fan han informado fuentes de la Guardia Civil de Tr\u00e1fico a Europa Press.<\/p>\n<p>El viernes 17 fueron 16 los accidentes registrados en los que ocho personas resultaron heridas de car\u00e1cter leve. El s\u00e1bado fueron 14 los siniestros registrados en los que una persona result\u00f3 herida grave y otras doce leves.<\/p>\n<p>El peor d\u00eda fue la jornada del domingo, d\u00eda en el que hubo que lamentar un fallecido. Se trata de un motorista que perdi\u00f3 la vida tras salirse de la v\u00eda, en la AS-213, en el concejo de Dega\u00f1a.<\/p>\n<p>Adem\u00e1s en la jornada del domingo se registraron ocho siniestros m\u00e1s con el resultado de una persona herida de gravedad, seg\u00fan las mismas fuentes.<\/p>\n<p>&nbsp;<\/p>\n","protected":false},"excerpt":{"rendered":"<p>Un motorista fallecido, dos heridos graves y otras 20 personas heridas leves es el balance de los 39 accidentes registrados en las carreteras asturianas durante este fin de semana, seg\u00fan han informado fuentes de la Guardia Civil de Tr\u00e1fico a Europa Press. El viernes 17 fueron 16 los accidentes registrados en los que ocho personas<\/p>\n","protected":false},"author":1,"featured_media":30802,"comment_status":"closed","ping_status":"closed","sticky":false,"template":"","format":"standard","meta":{"footnotes":""},"categories":[343],"tags":[],"class_list":{"0":"post-30801","1":"post","2":"type-post","3":"status-publish","4":"format-standard","5":"has-post-thumbnail","7":"category-actualidad"},"aioseo_notices":[],"aioseo_head":"\n\t\t<!-- All in One SEO Pro 4.9.6.2 - aioseo.com -->\n\t<meta name=\"description\" content=\"Un motorista fallecido, dos heridos graves y otras 20 personas heridas leves es el balance de los 39 accidentes registrados en las carreteras asturianas durante este fin de semana, seg\u00fan han informado fuentes de la Guardia Civil de Tr\u00e1fico a Europa Press. El viernes 17 fueron 16 los accidentes registrados en los que ocho personas\" \/>\n\t<meta name=\"robots\" content=\"max-image-preview:large\" \/>\n\t<meta name=\"author\" content=\"Cand\u00e1s 365\"\/>\n\t<meta name=\"google-site-verification\" content=\"UA-32230408-1\" \/>\n\t<meta name=\"msvalidate.01\" content=\"354F3CDFB2DA171B47FBE9ABF1F88D5\" \/>\n\t<meta name=\"keywords\" content=\"actualidad\" \/>\n\t<link rel=\"canonical\" href=\"https:\/\/candas365.es\/noticias\/fallece-un-motorista-en-uno-de-los-39-accidentes-registrados-el-fin-de-semana\/\" \/>\n\t<meta name=\"generator\" content=\"All in One SEO Pro (AIOSEO) 4.9.6.2\" \/>\n\t\t<meta property=\"og:locale\" content=\"es_ES\" \/>\n\t\t<meta property=\"og:site_name\" content=\"Cand\u00e1s 365\" \/>\n\t\t<meta property=\"og:type\" content=\"article\" \/>\n\t\t<meta property=\"og:title\" content=\"Fallece un motorista en uno de los 39 accidentes registrados el fin de semana | Cand\u00e1s 365\" \/>\n\t\t<meta property=\"og:description\" content=\"Un motorista fallecido, dos heridos graves y otras 20 personas heridas leves es el balance de los 39 accidentes registrados en las carreteras asturianas durante este fin de semana, seg\u00fan han informado fuentes de la Guardia Civil de Tr\u00e1fico a Europa Press. El viernes 17 fueron 16 los accidentes registrados en los que ocho personas\" \/>\n\t\t<meta property=\"og:url\" content=\"https:\/\/candas365.es\/noticias\/fallece-un-motorista-en-uno-de-los-39-accidentes-registrados-el-fin-de-semana\/\" \/>\n\t\t<meta property=\"og:image\" content=\"https:\/\/candas365.es\/noticias\/wp-content\/uploads\/2016\/06\/fotonoticia_20160620094847_800.jpg\" \/>\n\t\t<meta property=\"og:image:secure_url\" content=\"https:\/\/candas365.es\/noticias\/wp-content\/uploads\/2016\/06\/fotonoticia_20160620094847_800.jpg\" \/>\n\t\t<meta property=\"og:image:width\" content=\"800\" \/>\n\t\t<meta property=\"og:image:height\" content=\"450\" \/>\n\t\t<meta property=\"article:published_time\" content=\"2016-06-20T17:47:54+00:00\" \/>\n\t\t<meta property=\"article:modified_time\" content=\"2016-06-20T17:47:54+00:00\" \/>\n\t\t<meta property=\"article:publisher\" content=\"https:\/\/www.facebook.com\/Nachofdezber\" \/>\n\t\t<meta property=\"article:author\" content=\"https:\/\/www.facebook.com\/carrenoactualidad\" \/>\n\t\t<meta name=\"twitter:card\" content=\"summary_large_image\" \/>\n\t\t<meta name=\"twitter:site\" content=\"@NabercoDigital\" \/>\n\t\t<meta name=\"twitter:title\" content=\"Fallece un motorista en uno de los 39 accidentes registrados el fin de semana | Cand\u00e1s 365\" \/>\n\t\t<meta name=\"twitter:description\" content=\"Un motorista fallecido, dos heridos graves y otras 20 personas heridas leves es el balance de los 39 accidentes registrados en las carreteras asturianas durante este fin de semana, seg\u00fan han informado fuentes de la Guardia Civil de Tr\u00e1fico a Europa Press. El viernes 17 fueron 16 los accidentes registrados en los que ocho personas\" \/>\n\t\t<meta name=\"twitter:creator\" content=\"@nbasturias\" \/>\n\t\t<meta name=\"twitter:image\" content=\"https:\/\/candas365.es\/noticias\/wp-content\/uploads\/2016\/06\/fotonoticia_20160620094847_800.jpg\" \/>\n\t\t<meta name=\"twitter:label1\" content=\"Escrito por\" \/>\n\t\t<meta name=\"twitter:data1\" content=\"Cand\u00e1s 365\" \/>\n\t\t<meta name=\"twitter:label2\" content=\"Tiempo de lectura estimado\" \/>\n\t\t<meta name=\"twitter:data2\" content=\"1 minuto\" \/>\n\t\t<script type=\"application\/ld+json\" class=\"aioseo-schema\">\n\t\t\t{\"@context\":\"https:\\\/\\\/schema.org\",\"@graph\":[{\"@type\":\"BreadcrumbList\",\"@id\":\"https:\\\/\\\/candas365.es\\\/noticias\\\/fallece-un-motorista-en-uno-de-los-39-accidentes-registrados-el-fin-de-semana\\\/#breadcrumblist\",\"itemListElement\":[{\"@type\":\"ListItem\",\"@id\":\"https:\\\/\\\/candas365.es\\\/noticias#listItem\",\"position\":1,\"name\":\"Home\",\"item\":\"https:\\\/\\\/candas365.es\\\/noticias\",\"nextItem\":{\"@type\":\"ListItem\",\"@id\":\"https:\\\/\\\/candas365.es\\\/noticias\\\/category\\\/actualidad\\\/#listItem\",\"name\":\"Actualidad\"}},{\"@type\":\"ListItem\",\"@id\":\"https:\\\/\\\/candas365.es\\\/noticias\\\/category\\\/actualidad\\\/#listItem\",\"position\":2,\"name\":\"Actualidad\",\"item\":\"https:\\\/\\\/candas365.es\\\/noticias\\\/category\\\/actualidad\\\/\",\"nextItem\":{\"@type\":\"ListItem\",\"@id\":\"https:\\\/\\\/candas365.es\\\/noticias\\\/fallece-un-motorista-en-uno-de-los-39-accidentes-registrados-el-fin-de-semana\\\/#listItem\",\"name\":\"Fallece un motorista en uno de los 39 accidentes registrados el fin de semana\"},\"previousItem\":{\"@type\":\"ListItem\",\"@id\":\"https:\\\/\\\/candas365.es\\\/noticias#listItem\",\"name\":\"Home\"}},{\"@type\":\"ListItem\",\"@id\":\"https:\\\/\\\/candas365.es\\\/noticias\\\/fallece-un-motorista-en-uno-de-los-39-accidentes-registrados-el-fin-de-semana\\\/#listItem\",\"position\":3,\"name\":\"Fallece un motorista en uno de los 39 accidentes registrados el fin de semana\",\"previousItem\":{\"@type\":\"ListItem\",\"@id\":\"https:\\\/\\\/candas365.es\\\/noticias\\\/category\\\/actualidad\\\/#listItem\",\"name\":\"Actualidad\"}}]},{\"@type\":\"NewsArticle\",\"@id\":\"https:\\\/\\\/candas365.es\\\/noticias\\\/fallece-un-motorista-en-uno-de-los-39-accidentes-registrados-el-fin-de-semana\\\/#newsarticle\",\"name\":\"Fallece un motorista en uno de los 39 accidentes registrados el fin de semana | Cand\\u00e1s 365\",\"headline\":\"Fallece un motorista en uno de los 39 accidentes registrados el fin de semana\",\"author\":{\"@id\":\"https:\\\/\\\/candas365.es\\\/noticias\\\/author\\\/admin\\\/#author\"},\"publisher\":{\"@id\":\"https:\\\/\\\/candas365.es\\\/noticias\\\/#organization\"},\"image\":{\"@type\":\"ImageObject\",\"url\":\"https:\\\/\\\/candas365.es\\\/noticias\\\/wp-content\\\/uploads\\\/2016\\\/06\\\/fotonoticia_20160620094847_800.jpg\",\"width\":800,\"height\":450},\"datePublished\":\"2016-06-20T19:17:54+02:00\",\"dateModified\":\"2016-06-20T19:17:54+02:00\",\"inLanguage\":\"es-ES\",\"mainEntityOfPage\":{\"@id\":\"https:\\\/\\\/candas365.es\\\/noticias\\\/fallece-un-motorista-en-uno-de-los-39-accidentes-registrados-el-fin-de-semana\\\/#webpage\"},\"isPartOf\":{\"@id\":\"https:\\\/\\\/candas365.es\\\/noticias\\\/fallece-un-motorista-en-uno-de-los-39-accidentes-registrados-el-fin-de-semana\\\/#webpage\"},\"articleSection\":\"Actualidad\",\"dateline\":\"Publicado el junio 20, 2016.\"},{\"@type\":\"Organization\",\"@id\":\"https:\\\/\\\/candas365.es\\\/noticias\\\/#organization\",\"name\":\"Cand\\u00e1s 365\",\"description\":\"Cand\\u00e1s 365 es un diario digital independiente, fundado en 2012, con base en Asturias. Informamos con rigor sobre actualidad, sociedad, cultura y ocio, con una mirada local y global.\",\"url\":\"https:\\\/\\\/candas365.es\\\/noticias\\\/\",\"email\":\"info@candas365.es\",\"telephone\":\"+34652131393\",\"foundingDate\":\"2012-06-10\",\"logo\":{\"@type\":\"ImageObject\",\"url\":\"https:\\\/\\\/candas365.es\\\/noticias\\\/wp-content\\\/uploads\\\/2024\\\/09\\\/Candas-365-Redes.jpg\",\"@id\":\"https:\\\/\\\/candas365.es\\\/noticias\\\/fallece-un-motorista-en-uno-de-los-39-accidentes-registrados-el-fin-de-semana\\\/#organizationLogo\",\"width\":1152,\"height\":864,\"caption\":\"Cand\\u00e1s 365 Redes\"},\"image\":{\"@id\":\"https:\\\/\\\/candas365.es\\\/noticias\\\/fallece-un-motorista-en-uno-de-los-39-accidentes-registrados-el-fin-de-semana\\\/#organizationLogo\"},\"sameAs\":[\"https:\\\/\\\/www.facebook.com\\\/Nachofdezber\",\"https:\\\/\\\/x.com\\\/NabercoDigital\",\"https:\\\/\\\/www.instagram.com\\\/nachofdezber\\\/\",\"https:\\\/\\\/www.youtube.com\\\/channel\\\/UCZP-2wLEB9Rv6erhFmqVnvg\"],\"address\":{\"@id\":\"https:\\\/\\\/candas365.es\\\/noticias\\\/#postaladdress\",\"@type\":\"PostalAddress\",\"streetAddress\":\"san antonio 4, san antonio 4\",\"postalCode\":\"33430\",\"addressLocality\":\"Cand\\u00e1s\",\"addressRegion\":\"Asturias\",\"addressCountry\":\"ES\"}},{\"@type\":\"Person\",\"@id\":\"https:\\\/\\\/candas365.es\\\/noticias\\\/author\\\/admin\\\/#author\",\"url\":\"https:\\\/\\\/candas365.es\\\/noticias\\\/author\\\/admin\\\/\",\"name\":\"Cand\\u00e1s 365\",\"image\":{\"@type\":\"ImageObject\",\"@id\":\"https:\\\/\\\/candas365.es\\\/noticias\\\/fallece-un-motorista-en-uno-de-los-39-accidentes-registrados-el-fin-de-semana\\\/#authorImage\",\"url\":\"https:\\\/\\\/secure.gravatar.com\\\/avatar\\\/496a8e03d0c493ede1718b7934145dbdf8d89be1036b0eec9544e1094c9de390?s=96&d=mm&r=g\",\"width\":96,\"height\":96,\"caption\":\"Cand\\u00e1s 365\"},\"sameAs\":[\"https:\\\/\\\/www.facebook.com\\\/carrenoactualidad\",\"https:\\\/\\\/twitter.com\\\/nbasturias\",\"https:\\\/\\\/www.instagram.com\\\/nachofdezber\\\/\",\"https:\\\/\\\/www.youtube.com\\\/channel\\\/UCZP-2wLEB9Rv6erhFmqVnvg\"]},{\"@type\":\"WebPage\",\"@id\":\"https:\\\/\\\/candas365.es\\\/noticias\\\/fallece-un-motorista-en-uno-de-los-39-accidentes-registrados-el-fin-de-semana\\\/#webpage\",\"url\":\"https:\\\/\\\/candas365.es\\\/noticias\\\/fallece-un-motorista-en-uno-de-los-39-accidentes-registrados-el-fin-de-semana\\\/\",\"name\":\"Fallece un motorista en uno de los 39 accidentes registrados el fin de semana | Cand\\u00e1s 365\",\"description\":\"Un motorista fallecido, dos heridos graves y otras 20 personas heridas leves es el balance de los 39 accidentes registrados en las carreteras asturianas durante este fin de semana, seg\\u00fan han informado fuentes de la Guardia Civil de Tr\\u00e1fico a Europa Press. El viernes 17 fueron 16 los accidentes registrados en los que ocho personas\",\"inLanguage\":\"es-ES\",\"isPartOf\":{\"@id\":\"https:\\\/\\\/candas365.es\\\/noticias\\\/#website\"},\"breadcrumb\":{\"@id\":\"https:\\\/\\\/candas365.es\\\/noticias\\\/fallece-un-motorista-en-uno-de-los-39-accidentes-registrados-el-fin-de-semana\\\/#breadcrumblist\"},\"author\":{\"@id\":\"https:\\\/\\\/candas365.es\\\/noticias\\\/author\\\/admin\\\/#author\"},\"creator\":{\"@id\":\"https:\\\/\\\/candas365.es\\\/noticias\\\/author\\\/admin\\\/#author\"},\"image\":{\"@type\":\"ImageObject\",\"url\":\"https:\\\/\\\/candas365.es\\\/noticias\\\/wp-content\\\/uploads\\\/2016\\\/06\\\/fotonoticia_20160620094847_800.jpg\",\"@id\":\"https:\\\/\\\/candas365.es\\\/noticias\\\/fallece-un-motorista-en-uno-de-los-39-accidentes-registrados-el-fin-de-semana\\\/#mainImage\",\"width\":800,\"height\":450},\"primaryImageOfPage\":{\"@id\":\"https:\\\/\\\/candas365.es\\\/noticias\\\/fallece-un-motorista-en-uno-de-los-39-accidentes-registrados-el-fin-de-semana\\\/#mainImage\"},\"datePublished\":\"2016-06-20T19:17:54+02:00\",\"dateModified\":\"2016-06-20T19:17:54+02:00\"},{\"@type\":\"WebSite\",\"@id\":\"https:\\\/\\\/candas365.es\\\/noticias\\\/#website\",\"url\":\"https:\\\/\\\/candas365.es\\\/noticias\\\/\",\"name\":\"Cand\\u00e1s 365\",\"alternateName\":\"Cand\\u00e1s 365 Noticias\",\"description\":\"Actualidad desde Carre\\u00f1o para el mundo\",\"inLanguage\":\"es-ES\",\"publisher\":{\"@id\":\"https:\\\/\\\/candas365.es\\\/noticias\\\/#organization\"}}]}\n\t\t<\/script>\n\t\t<!-- All in One SEO Pro -->\r\n\t\t<title>Fallece un motorista en uno de los 39 accidentes registrados el fin de semana | Cand\u00e1s 365<\/title>\n\n","aioseo_head_json":{"title":"Fallece un motorista en uno de los 39 accidentes registrados el fin de semana | Cand\u00e1s 365","description":"Un motorista fallecido, dos heridos graves y otras 20 personas heridas leves es el balance de los 39 accidentes registrados en las carreteras asturianas durante este fin de semana, seg\u00fan han informado fuentes de la Guardia Civil de Tr\u00e1fico a Europa Press. El viernes 17 fueron 16 los accidentes registrados en los que ocho personas","canonical_url":"https:\/\/candas365.es\/noticias\/fallece-un-motorista-en-uno-de-los-39-accidentes-registrados-el-fin-de-semana\/","robots":"max-image-preview:large","keywords":"actualidad","webmasterTools":{"google-site-verification":"UA-32230408-1","msvalidate.01":"354F3CDFB2DA171B47FBE9ABF1F88D5","miscellaneous":""},"schema":{"@context":"https:\/\/schema.org","@graph":[{"@type":"BreadcrumbList","@id":"https:\/\/candas365.es\/noticias\/fallece-un-motorista-en-uno-de-los-39-accidentes-registrados-el-fin-de-semana\/#breadcrumblist","itemListElement":[{"@type":"ListItem","@id":"https:\/\/candas365.es\/noticias#listItem","position":1,"name":"Home","item":"https:\/\/candas365.es\/noticias","nextItem":{"@type":"ListItem","@id":"https:\/\/candas365.es\/noticias\/category\/actualidad\/#listItem","name":"Actualidad"}},{"@type":"ListItem","@id":"https:\/\/candas365.es\/noticias\/category\/actualidad\/#listItem","position":2,"name":"Actualidad","item":"https:\/\/candas365.es\/noticias\/category\/actualidad\/","nextItem":{"@type":"ListItem","@id":"https:\/\/candas365.es\/noticias\/fallece-un-motorista-en-uno-de-los-39-accidentes-registrados-el-fin-de-semana\/#listItem","name":"Fallece un motorista en uno de los 39 accidentes registrados el fin de semana"},"previousItem":{"@type":"ListItem","@id":"https:\/\/candas365.es\/noticias#listItem","name":"Home"}},{"@type":"ListItem","@id":"https:\/\/candas365.es\/noticias\/fallece-un-motorista-en-uno-de-los-39-accidentes-registrados-el-fin-de-semana\/#listItem","position":3,"name":"Fallece un motorista en uno de los 39 accidentes registrados el fin de semana","previousItem":{"@type":"ListItem","@id":"https:\/\/candas365.es\/noticias\/category\/actualidad\/#listItem","name":"Actualidad"}}]},{"@type":"NewsArticle","@id":"https:\/\/candas365.es\/noticias\/fallece-un-motorista-en-uno-de-los-39-accidentes-registrados-el-fin-de-semana\/#newsarticle","name":"Fallece un motorista en uno de los 39 accidentes registrados el fin de semana | Cand\u00e1s 365","headline":"Fallece un motorista en uno de los 39 accidentes registrados el fin de semana","author":{"@id":"https:\/\/candas365.es\/noticias\/author\/admin\/#author"},"publisher":{"@id":"https:\/\/candas365.es\/noticias\/#organization"},"image":{"@type":"ImageObject","url":"https:\/\/candas365.es\/noticias\/wp-content\/uploads\/2016\/06\/fotonoticia_20160620094847_800.jpg","width":800,"height":450},"datePublished":"2016-06-20T19:17:54+02:00","dateModified":"2016-06-20T19:17:54+02:00","inLanguage":"es-ES","mainEntityOfPage":{"@id":"https:\/\/candas365.es\/noticias\/fallece-un-motorista-en-uno-de-los-39-accidentes-registrados-el-fin-de-semana\/#webpage"},"isPartOf":{"@id":"https:\/\/candas365.es\/noticias\/fallece-un-motorista-en-uno-de-los-39-accidentes-registrados-el-fin-de-semana\/#webpage"},"articleSection":"Actualidad","dateline":"Publicado el junio 20, 2016."},{"@type":"Organization","@id":"https:\/\/candas365.es\/noticias\/#organization","name":"Cand\u00e1s 365","description":"Cand\u00e1s 365 es un diario digital independiente, fundado en 2012, con base en Asturias. Informamos con rigor sobre actualidad, sociedad, cultura y ocio, con una mirada local y global.","url":"https:\/\/candas365.es\/noticias\/","email":"info@candas365.es","telephone":"+34652131393","foundingDate":"2012-06-10","logo":{"@type":"ImageObject","url":"https:\/\/candas365.es\/noticias\/wp-content\/uploads\/2024\/09\/Candas-365-Redes.jpg","@id":"https:\/\/candas365.es\/noticias\/fallece-un-motorista-en-uno-de-los-39-accidentes-registrados-el-fin-de-semana\/#organizationLogo","width":1152,"height":864,"caption":"Cand\u00e1s 365 Redes"},"image":{"@id":"https:\/\/candas365.es\/noticias\/fallece-un-motorista-en-uno-de-los-39-accidentes-registrados-el-fin-de-semana\/#organizationLogo"},"sameAs":["https:\/\/www.facebook.com\/Nachofdezber","https:\/\/x.com\/NabercoDigital","https:\/\/www.instagram.com\/nachofdezber\/","https:\/\/www.youtube.com\/channel\/UCZP-2wLEB9Rv6erhFmqVnvg"],"address":{"@id":"https:\/\/candas365.es\/noticias\/#postaladdress","@type":"PostalAddress","streetAddress":"san antonio 4, san antonio 4","postalCode":"33430","addressLocality":"Cand\u00e1s","addressRegion":"Asturias","addressCountry":"ES"}},{"@type":"Person","@id":"https:\/\/candas365.es\/noticias\/author\/admin\/#author","url":"https:\/\/candas365.es\/noticias\/author\/admin\/","name":"Cand\u00e1s 365","image":{"@type":"ImageObject","@id":"https:\/\/candas365.es\/noticias\/fallece-un-motorista-en-uno-de-los-39-accidentes-registrados-el-fin-de-semana\/#authorImage","url":"https:\/\/secure.gravatar.com\/avatar\/496a8e03d0c493ede1718b7934145dbdf8d89be1036b0eec9544e1094c9de390?s=96&d=mm&r=g","width":96,"height":96,"caption":"Cand\u00e1s 365"},"sameAs":["https:\/\/www.facebook.com\/carrenoactualidad","https:\/\/twitter.com\/nbasturias","https:\/\/www.instagram.com\/nachofdezber\/","https:\/\/www.youtube.com\/channel\/UCZP-2wLEB9Rv6erhFmqVnvg"]},{"@type":"WebPage","@id":"https:\/\/candas365.es\/noticias\/fallece-un-motorista-en-uno-de-los-39-accidentes-registrados-el-fin-de-semana\/#webpage","url":"https:\/\/candas365.es\/noticias\/fallece-un-motorista-en-uno-de-los-39-accidentes-registrados-el-fin-de-semana\/","name":"Fallece un motorista en uno de los 39 accidentes registrados el fin de semana | Cand\u00e1s 365","description":"Un motorista fallecido, dos heridos graves y otras 20 personas heridas leves es el balance de los 39 accidentes registrados en las carreteras asturianas durante este fin de semana, seg\u00fan han informado fuentes de la Guardia Civil de Tr\u00e1fico a Europa Press. El viernes 17 fueron 16 los accidentes registrados en los que ocho personas","inLanguage":"es-ES","isPartOf":{"@id":"https:\/\/candas365.es\/noticias\/#website"},"breadcrumb":{"@id":"https:\/\/candas365.es\/noticias\/fallece-un-motorista-en-uno-de-los-39-accidentes-registrados-el-fin-de-semana\/#breadcrumblist"},"author":{"@id":"https:\/\/candas365.es\/noticias\/author\/admin\/#author"},"creator":{"@id":"https:\/\/candas365.es\/noticias\/author\/admin\/#author"},"image":{"@type":"ImageObject","url":"https:\/\/candas365.es\/noticias\/wp-content\/uploads\/2016\/06\/fotonoticia_20160620094847_800.jpg","@id":"https:\/\/candas365.es\/noticias\/fallece-un-motorista-en-uno-de-los-39-accidentes-registrados-el-fin-de-semana\/#mainImage","width":800,"height":450},"primaryImageOfPage":{"@id":"https:\/\/candas365.es\/noticias\/fallece-un-motorista-en-uno-de-los-39-accidentes-registrados-el-fin-de-semana\/#mainImage"},"datePublished":"2016-06-20T19:17:54+02:00","dateModified":"2016-06-20T19:17:54+02:00"},{"@type":"WebSite","@id":"https:\/\/candas365.es\/noticias\/#website","url":"https:\/\/candas365.es\/noticias\/","name":"Cand\u00e1s 365","alternateName":"Cand\u00e1s 365 Noticias","description":"Actualidad desde Carre\u00f1o para el mundo","inLanguage":"es-ES","publisher":{"@id":"https:\/\/candas365.es\/noticias\/#organization"}}]},"og:locale":"es_ES","og:site_name":"Cand\u00e1s 365","og:type":"article","og:title":"Fallece un motorista en uno de los 39 accidentes registrados el fin de semana | Cand\u00e1s 365","og:description":"Un motorista fallecido, dos heridos graves y otras 20 personas heridas leves es el balance de los 39 accidentes registrados en las carreteras asturianas durante este fin de semana, seg\u00fan han informado fuentes de la Guardia Civil de Tr\u00e1fico a Europa Press. El viernes 17 fueron 16 los accidentes registrados en los que ocho personas","og:url":"https:\/\/candas365.es\/noticias\/fallece-un-motorista-en-uno-de-los-39-accidentes-registrados-el-fin-de-semana\/","og:image":"https:\/\/candas365.es\/noticias\/wp-content\/uploads\/2016\/06\/fotonoticia_20160620094847_800.jpg","og:image:secure_url":"https:\/\/candas365.es\/noticias\/wp-content\/uploads\/2016\/06\/fotonoticia_20160620094847_800.jpg","og:image:width":800,"og:image:height":450,"article:published_time":"2016-06-20T17:47:54+00:00","article:modified_time":"2016-06-20T17:47:54+00:00","article:publisher":"https:\/\/www.facebook.com\/Nachofdezber","article:author":"https:\/\/www.facebook.com\/carrenoactualidad","twitter:card":"summary_large_image","twitter:site":"@NabercoDigital","twitter:title":"Fallece un motorista en uno de los 39 accidentes registrados el fin de semana | Cand\u00e1s 365","twitter:description":"Un motorista fallecido, dos heridos graves y otras 20 personas heridas leves es el balance de los 39 accidentes registrados en las carreteras asturianas durante este fin de semana, seg\u00fan han informado fuentes de la Guardia Civil de Tr\u00e1fico a Europa Press. El viernes 17 fueron 16 los accidentes registrados en los que ocho personas","twitter:creator":"@nbasturias","twitter:image":"https:\/\/candas365.es\/noticias\/wp-content\/uploads\/2016\/06\/fotonoticia_20160620094847_800.jpg","twitter:label1":"Escrito por","twitter:data1":"Cand\u00e1s 365","twitter:label2":"Tiempo de lectura estimado","twitter:data2":"1 minuto"},"aioseo_meta_data":{"post_id":"30801","title":null,"description":null,"keywords":null,"keyphrases":null,"primary_term":null,"canonical_url":null,"og_title":null,"og_description":null,"og_object_type":"default","og_image_type":"default","og_image_url":null,"og_image_width":null,"og_image_height":null,"og_image_custom_url":null,"og_image_custom_fields":null,"og_video":null,"og_custom_url":null,"og_article_section":null,"og_article_tags":null,"twitter_use_og":false,"twitter_card":"default","twitter_image_type":"default","twitter_image_url":null,"twitter_image_custom_url":null,"twitter_image_custom_fields":null,"twitter_title":null,"twitter_description":null,"schema":{"blockGraphs":[],"customGraphs":[],"default":{"data":{"Article":[],"Course":[],"Dataset":[],"FAQPage":[],"Movie":[],"Person":[],"Product":[],"ProductReview":[],"Car":[],"Recipe":[],"Service":[],"SoftwareApplication":[],"WebPage":[]},"graphName":"","isEnabled":true},"graphs":[],"defaultGraph":"","defaultPostTypeGraph":""},"schema_type":null,"schema_type_options":null,"pillar_content":false,"robots_default":true,"robots_noindex":false,"robots_noarchive":false,"robots_nosnippet":false,"robots_nofollow":false,"robots_noimageindex":false,"robots_noodp":false,"robots_notranslate":false,"robots_max_snippet":null,"robots_max_videopreview":null,"robots_max_imagepreview":"large","priority":null,"frequency":null,"location":null,"local_seo":null,"seo_analyzer_scan_date":"2025-08-24 13:00:13","breadcrumb_settings":null,"limit_modified_date":false,"reviewed_by":null,"open_ai":null,"ai":null,"created":"2020-12-21 12:59:30","updated":"2025-08-24 13:00:13"},"aioseo_breadcrumb":"<div class=\"aioseo-breadcrumbs\"><span class=\"aioseo-breadcrumb\">\n\t<a href=\"https:\/\/candas365.es\/noticias\" title=\"Home\">Home<\/a>\n<\/span><span class=\"aioseo-breadcrumb-separator\">&ndash;<\/span><span class=\"aioseo-breadcrumb\">\n\t<a href=\"https:\/\/candas365.es\/noticias\/category\/actualidad\/\" title=\"Actualidad\">Actualidad<\/a>\n<\/span><span class=\"aioseo-breadcrumb-separator\">&ndash;<\/span><span class=\"aioseo-breadcrumb\">\n\tFallece un motorista en uno de los 39 accidentes registrados el fin de semana\n<\/span><\/div>","aioseo_breadcrumb_json":[{"label":"Home","link":"https:\/\/candas365.es\/noticias"},{"label":"Actualidad","link":"https:\/\/candas365.es\/noticias\/category\/actualidad\/"},{"label":"Fallece un motorista en uno de los 39 accidentes registrados el fin de semana","link":"https:\/\/candas365.es\/noticias\/fallece-un-motorista-en-uno-de-los-39-accidentes-registrados-el-fin-de-semana\/"}],"_links":{"self":[{"href":"https:\/\/candas365.es\/noticias\/wp-json\/wp\/v2\/posts\/30801","targetHints":{"allow":["GET"]}}],"collection":[{"href":"https:\/\/candas365.es\/noticias\/wp-json\/wp\/v2\/posts"}],"about":[{"href":"https:\/\/candas365.es\/noticias\/wp-json\/wp\/v2\/types\/post"}],"author":[{"embeddable":true,"href":"https:\/\/candas365.es\/noticias\/wp-json\/wp\/v2\/users\/1"}],"replies":[{"embeddable":true,"href":"https:\/\/candas365.es\/noticias\/wp-json\/wp\/v2\/comments?post=30801"}],"version-history":[{"count":0,"href":"https:\/\/candas365.es\/noticias\/wp-json\/wp\/v2\/posts\/30801\/revisions"}],"wp:featuredmedia":[{"embeddable":true,"href":"https:\/\/candas365.es\/noticias\/wp-json\/wp\/v2\/media\/30802"}],"wp:attachment":[{"href":"https:\/\/candas365.es\/noticias\/wp-json\/wp\/v2\/media?parent=30801"}],"wp:term":[{"taxonomy":"category","embeddable":true,"href":"https:\/\/candas365.es\/noticias\/wp-json\/wp\/v2\/categories?post=30801"},{"taxonomy":"post_tag","embeddable":true,"href":"https:\/\/candas365.es\/noticias\/wp-json\/wp\/v2\/tags?post=30801"}],"curies":[{"name":"wp","href":"https:\/\/api.w.org\/{rel}","templated":true}]}}