{"id":30780,"date":"2016-06-19T19:56:37","date_gmt":"2016-06-19T18:26:37","guid":{"rendered":"http:\/\/candas365.es\/noticias\/?p=30780"},"modified":"2016-06-19T19:56:37","modified_gmt":"2016-06-19T18:26:37","slug":"perder-las-llaves-en-verano-un-problema-bastante-habitual","status":"publish","type":"post","link":"https:\/\/candas365.es\/noticias\/perder-las-llaves-en-verano-un-problema-bastante-habitual\/","title":{"rendered":"Perder las llaves en verano un problema bastante habitual"},"content":{"rendered":"<p><img fetchpriority=\"high\" decoding=\"async\" class=\"alignleft size-medium wp-image-30781\" src=\"https:\/\/candas365.es\/noticias\/wp-content\/uploads\/2016\/06\/1466034656_perder_llaves_cerrajero_seguro-360x270.jpg\" alt=\"1466034656_perder_llaves_cerrajero_seguro\" width=\"360\" height=\"270\" srcset=\"https:\/\/candas365.es\/noticias\/wp-content\/uploads\/2016\/06\/1466034656_perder_llaves_cerrajero_seguro-360x270.jpg 360w, https:\/\/candas365.es\/noticias\/wp-content\/uploads\/2016\/06\/1466034656_perder_llaves_cerrajero_seguro-150x113.jpg 150w, https:\/\/candas365.es\/noticias\/wp-content\/uploads\/2016\/06\/1466034656_perder_llaves_cerrajero_seguro-450x338.jpg 450w, https:\/\/candas365.es\/noticias\/wp-content\/uploads\/2016\/06\/1466034656_perder_llaves_cerrajero_seguro-80x60.jpg 80w, https:\/\/candas365.es\/noticias\/wp-content\/uploads\/2016\/06\/1466034656_perder_llaves_cerrajero_seguro-265x198.jpg 265w, https:\/\/candas365.es\/noticias\/wp-content\/uploads\/2016\/06\/1466034656_perder_llaves_cerrajero_seguro-90x67.jpg 90w, https:\/\/candas365.es\/noticias\/wp-content\/uploads\/2016\/06\/1466034656_perder_llaves_cerrajero_seguro.jpg 500w\" sizes=\"(max-width: 360px) 100vw, 360px\" \/>Para que no te vuelvas loco intentando solucionar este problema, te dejamos con lo que tienes que hacer.<\/p>\n<p>\u00bfC\u00f3mo actuar al perder las llaves?<\/p>\n<p>Lo m\u00e1s recomendable es que volvamos sobre nuestros pasos. Aunque mucha gente lleva muchos llaveros para que sus llaves hagan ruido, lo cierto es que puede habernos pasado desapercibido. En el 70% de los casos, seg\u00fan una encuesta de Rastreator.com, la mayor\u00eda de los extrav\u00edos de llave se quedan en un simple susto.<\/p>\n<p>Si esto no funciona y, por supuesto, nos vemos capacitados, podemos intentar abrir la puerta con una tarjeta de cr\u00e9dito, una radiograf\u00eda o, incluso, el DNI. Aunque, si el cerrojo est\u00e1 echado, el intento ser\u00e1 fallido. Por \u00faltimo y lo m\u00e1s recomendable, es llamar a un cerrajero que nos atienda. Es posible que, aunque no lo sep\u00e1is, vuestra cl\u00e1usula de hogar contenga alguna referencia a la cobertura en el caso de perder las llaves.<\/p>\n<p>\u00bfC\u00f3mo debo actuar cuando perdemos las llaves?<\/p>\n<p>Para contactar con un cerrajero 24h, lo m\u00e1s recomendable es que no perd\u00e1is los nervios ya que estos os llevar\u00e1n a llamar inmediatamente. Es importante contactar con nuestro seguro y asegurarnos de que el Seguro de Hogar cuenta con una cl\u00e1usula especial que haga referencia a la cobertura de cerrajeros en el caso de perder las llaves. Si en tu p\u00f3liza no hubiese referencia alguna, prueba a contactar con el seguro de la comunidad de vecinos pues este tipo de seguros, suele llevar una cl\u00e1usula sobre este tema \u2013casi siempre-.<\/p>\n<p>\u00bfCu\u00e1ndo podemos reclamar la cobertura por perder las llaves en verano?<br \/>\nLos supuestos que generalmente se contemplan en los seguros son la p\u00e9rdida, el robo de las llaves y en el caso de que la cerradura est\u00e9 forzada por un intento de robo. En el caso de habernos dejado las llaves puestas en casa tambi\u00e9n nos garantizar\u00eda la apertura de la misma.<\/p>\n<p>\u00bfY si pierdo las llaves de mi coche tambi\u00e9n me lo cubre el seguro?<\/p>\n<p>Por lo general, aunque depende de la compa\u00f1\u00eda, si se tratase de otra causa tambi\u00e9n se contempla este tipo de problemas en el Seguro de Hogar. Por ello, al perder las llaves queda garantizada la cobertura del desplazamiento y 3 horas de mano de obra.<\/p>\n<p>\u00bfHay l\u00edmite de cobertura al perder las llaves y recurrir a un cerrajero?<\/p>\n<p>En el caso de que est\u00e9 contemplada la cobertura de un cerrajero en tu p\u00f3liza de seguros, lo m\u00e1s normal es que tu seguro cubra el desplazamiento del profesional y la mano de obra. El m\u00e1ximo por el cambio de la cerradura puede estar entre los 300\u20ac y 600\u20ac.<\/p>\n<p>Recuerda que, contactar con los mejores profesionales en el caso de perder las llaves para que te ayuden a abrir la puerta de casa es lo mejor que puedes hacer. Siempre mant\u00e9n la calma y no te estreses.<\/p>\n<p>&nbsp;<\/p>\n<p>&nbsp;<\/p>\n","protected":false},"excerpt":{"rendered":"<p>Para que no te vuelvas loco intentando solucionar este problema, te dejamos con lo que tienes que hacer. \u00bfC\u00f3mo actuar al perder las llaves? Lo m\u00e1s recomendable es que volvamos sobre nuestros pasos. Aunque mucha gente lleva muchos llaveros para que sus llaves hagan ruido, lo cierto es que puede habernos pasado desapercibido. En el<\/p>\n","protected":false},"author":1,"featured_media":30781,"comment_status":"closed","ping_status":"closed","sticky":false,"template":"","format":"standard","meta":{"footnotes":""},"categories":[343],"tags":[],"class_list":{"0":"post-30780","1":"post","2":"type-post","3":"status-publish","4":"format-standard","5":"has-post-thumbnail","7":"category-actualidad"},"aioseo_notices":[],"aioseo_head":"\n\t\t<!-- All in One SEO Pro 4.9.6.2 - aioseo.com -->\n\t<meta name=\"description\" content=\"Para que no te vuelvas loco intentando solucionar este problema, te dejamos con lo que tienes que hacer. \u00bfC\u00f3mo actuar al perder las llaves? Lo m\u00e1s recomendable es que volvamos sobre nuestros pasos. Aunque mucha gente lleva muchos llaveros para que sus llaves hagan ruido, lo cierto es que puede habernos pasado desapercibido. En el\" \/>\n\t<meta name=\"robots\" content=\"max-image-preview:large\" \/>\n\t<meta name=\"author\" content=\"Cand\u00e1s 365\"\/>\n\t<meta name=\"google-site-verification\" content=\"UA-32230408-1\" \/>\n\t<meta name=\"msvalidate.01\" content=\"354F3CDFB2DA171B47FBE9ABF1F88D5\" \/>\n\t<meta name=\"keywords\" content=\"actualidad\" \/>\n\t<link rel=\"canonical\" href=\"https:\/\/candas365.es\/noticias\/perder-las-llaves-en-verano-un-problema-bastante-habitual\/\" \/>\n\t<meta name=\"generator\" content=\"All in One SEO Pro (AIOSEO) 4.9.6.2\" \/>\n\t\t<meta property=\"og:locale\" content=\"es_ES\" \/>\n\t\t<meta property=\"og:site_name\" content=\"Cand\u00e1s 365\" \/>\n\t\t<meta property=\"og:type\" content=\"article\" \/>\n\t\t<meta property=\"og:title\" content=\"Perder las llaves en verano un problema bastante habitual | Cand\u00e1s 365\" \/>\n\t\t<meta property=\"og:description\" content=\"Para que no te vuelvas loco intentando solucionar este problema, te dejamos con lo que tienes que hacer. \u00bfC\u00f3mo actuar al perder las llaves? Lo m\u00e1s recomendable es que volvamos sobre nuestros pasos. Aunque mucha gente lleva muchos llaveros para que sus llaves hagan ruido, lo cierto es que puede habernos pasado desapercibido. En el\" \/>\n\t\t<meta property=\"og:url\" content=\"https:\/\/candas365.es\/noticias\/perder-las-llaves-en-verano-un-problema-bastante-habitual\/\" \/>\n\t\t<meta property=\"og:image\" content=\"https:\/\/candas365.es\/noticias\/wp-content\/uploads\/2016\/06\/1466034656_perder_llaves_cerrajero_seguro.jpg\" \/>\n\t\t<meta property=\"og:image:secure_url\" content=\"https:\/\/candas365.es\/noticias\/wp-content\/uploads\/2016\/06\/1466034656_perder_llaves_cerrajero_seguro.jpg\" \/>\n\t\t<meta property=\"og:image:width\" content=\"500\" \/>\n\t\t<meta property=\"og:image:height\" content=\"375\" \/>\n\t\t<meta property=\"article:published_time\" content=\"2016-06-19T18:26:37+00:00\" \/>\n\t\t<meta property=\"article:modified_time\" content=\"2016-06-19T18:26:37+00:00\" \/>\n\t\t<meta property=\"article:publisher\" content=\"https:\/\/www.facebook.com\/Nachofdezber\" \/>\n\t\t<meta property=\"article:author\" content=\"https:\/\/www.facebook.com\/carrenoactualidad\" \/>\n\t\t<meta name=\"twitter:card\" content=\"summary_large_image\" \/>\n\t\t<meta name=\"twitter:site\" content=\"@NabercoDigital\" \/>\n\t\t<meta name=\"twitter:title\" content=\"Perder las llaves en verano un problema bastante habitual | Cand\u00e1s 365\" \/>\n\t\t<meta name=\"twitter:description\" content=\"Para que no te vuelvas loco intentando solucionar este problema, te dejamos con lo que tienes que hacer. \u00bfC\u00f3mo actuar al perder las llaves? Lo m\u00e1s recomendable es que volvamos sobre nuestros pasos. Aunque mucha gente lleva muchos llaveros para que sus llaves hagan ruido, lo cierto es que puede habernos pasado desapercibido. En el\" \/>\n\t\t<meta name=\"twitter:creator\" content=\"@nbasturias\" \/>\n\t\t<meta name=\"twitter:image\" content=\"https:\/\/candas365.es\/noticias\/wp-content\/uploads\/2016\/06\/1466034656_perder_llaves_cerrajero_seguro.jpg\" \/>\n\t\t<meta name=\"twitter:label1\" content=\"Escrito por\" \/>\n\t\t<meta name=\"twitter:data1\" content=\"Cand\u00e1s 365\" \/>\n\t\t<meta name=\"twitter:label2\" content=\"Tiempo de lectura estimado\" \/>\n\t\t<meta name=\"twitter:data2\" content=\"2 minutos\" \/>\n\t\t<script type=\"application\/ld+json\" class=\"aioseo-schema\">\n\t\t\t{\"@context\":\"https:\\\/\\\/schema.org\",\"@graph\":[{\"@type\":\"BreadcrumbList\",\"@id\":\"https:\\\/\\\/candas365.es\\\/noticias\\\/perder-las-llaves-en-verano-un-problema-bastante-habitual\\\/#breadcrumblist\",\"itemListElement\":[{\"@type\":\"ListItem\",\"@id\":\"https:\\\/\\\/candas365.es\\\/noticias#listItem\",\"position\":1,\"name\":\"Home\",\"item\":\"https:\\\/\\\/candas365.es\\\/noticias\",\"nextItem\":{\"@type\":\"ListItem\",\"@id\":\"https:\\\/\\\/candas365.es\\\/noticias\\\/category\\\/actualidad\\\/#listItem\",\"name\":\"Actualidad\"}},{\"@type\":\"ListItem\",\"@id\":\"https:\\\/\\\/candas365.es\\\/noticias\\\/category\\\/actualidad\\\/#listItem\",\"position\":2,\"name\":\"Actualidad\",\"item\":\"https:\\\/\\\/candas365.es\\\/noticias\\\/category\\\/actualidad\\\/\",\"nextItem\":{\"@type\":\"ListItem\",\"@id\":\"https:\\\/\\\/candas365.es\\\/noticias\\\/perder-las-llaves-en-verano-un-problema-bastante-habitual\\\/#listItem\",\"name\":\"Perder las llaves en verano un problema bastante habitual\"},\"previousItem\":{\"@type\":\"ListItem\",\"@id\":\"https:\\\/\\\/candas365.es\\\/noticias#listItem\",\"name\":\"Home\"}},{\"@type\":\"ListItem\",\"@id\":\"https:\\\/\\\/candas365.es\\\/noticias\\\/perder-las-llaves-en-verano-un-problema-bastante-habitual\\\/#listItem\",\"position\":3,\"name\":\"Perder las llaves en verano un problema bastante habitual\",\"previousItem\":{\"@type\":\"ListItem\",\"@id\":\"https:\\\/\\\/candas365.es\\\/noticias\\\/category\\\/actualidad\\\/#listItem\",\"name\":\"Actualidad\"}}]},{\"@type\":\"NewsArticle\",\"@id\":\"https:\\\/\\\/candas365.es\\\/noticias\\\/perder-las-llaves-en-verano-un-problema-bastante-habitual\\\/#newsarticle\",\"name\":\"Perder las llaves en verano un problema bastante habitual | Cand\\u00e1s 365\",\"headline\":\"Perder las llaves en verano un problema bastante habitual\",\"author\":{\"@id\":\"https:\\\/\\\/candas365.es\\\/noticias\\\/author\\\/admin\\\/#author\"},\"publisher\":{\"@id\":\"https:\\\/\\\/candas365.es\\\/noticias\\\/#organization\"},\"image\":{\"@type\":\"ImageObject\",\"url\":\"https:\\\/\\\/candas365.es\\\/noticias\\\/wp-content\\\/uploads\\\/2016\\\/06\\\/1466034656_perder_llaves_cerrajero_seguro.jpg\",\"width\":500,\"height\":375},\"datePublished\":\"2016-06-19T19:56:37+02:00\",\"dateModified\":\"2016-06-19T19:56:37+02:00\",\"inLanguage\":\"es-ES\",\"mainEntityOfPage\":{\"@id\":\"https:\\\/\\\/candas365.es\\\/noticias\\\/perder-las-llaves-en-verano-un-problema-bastante-habitual\\\/#webpage\"},\"isPartOf\":{\"@id\":\"https:\\\/\\\/candas365.es\\\/noticias\\\/perder-las-llaves-en-verano-un-problema-bastante-habitual\\\/#webpage\"},\"articleSection\":\"Actualidad\",\"dateline\":\"Publicado el junio 19, 2016.\"},{\"@type\":\"Organization\",\"@id\":\"https:\\\/\\\/candas365.es\\\/noticias\\\/#organization\",\"name\":\"Cand\\u00e1s 365\",\"description\":\"Cand\\u00e1s 365 es un diario digital independiente, fundado en 2012, con base en Asturias. Informamos con rigor sobre actualidad, sociedad, cultura y ocio, con una mirada local y global.\",\"url\":\"https:\\\/\\\/candas365.es\\\/noticias\\\/\",\"email\":\"info@candas365.es\",\"telephone\":\"+34652131393\",\"foundingDate\":\"2012-06-10\",\"logo\":{\"@type\":\"ImageObject\",\"url\":\"https:\\\/\\\/candas365.es\\\/noticias\\\/wp-content\\\/uploads\\\/2024\\\/09\\\/Candas-365-Redes.jpg\",\"@id\":\"https:\\\/\\\/candas365.es\\\/noticias\\\/perder-las-llaves-en-verano-un-problema-bastante-habitual\\\/#organizationLogo\",\"width\":1152,\"height\":864,\"caption\":\"Cand\\u00e1s 365 Redes\"},\"image\":{\"@id\":\"https:\\\/\\\/candas365.es\\\/noticias\\\/perder-las-llaves-en-verano-un-problema-bastante-habitual\\\/#organizationLogo\"},\"sameAs\":[\"https:\\\/\\\/www.facebook.com\\\/Nachofdezber\",\"https:\\\/\\\/x.com\\\/NabercoDigital\",\"https:\\\/\\\/www.instagram.com\\\/nachofdezber\\\/\",\"https:\\\/\\\/www.youtube.com\\\/channel\\\/UCZP-2wLEB9Rv6erhFmqVnvg\"],\"address\":{\"@id\":\"https:\\\/\\\/candas365.es\\\/noticias\\\/#postaladdress\",\"@type\":\"PostalAddress\",\"streetAddress\":\"san antonio 4, san antonio 4\",\"postalCode\":\"33430\",\"addressLocality\":\"Cand\\u00e1s\",\"addressRegion\":\"Asturias\",\"addressCountry\":\"ES\"}},{\"@type\":\"Person\",\"@id\":\"https:\\\/\\\/candas365.es\\\/noticias\\\/author\\\/admin\\\/#author\",\"url\":\"https:\\\/\\\/candas365.es\\\/noticias\\\/author\\\/admin\\\/\",\"name\":\"Cand\\u00e1s 365\",\"image\":{\"@type\":\"ImageObject\",\"@id\":\"https:\\\/\\\/candas365.es\\\/noticias\\\/perder-las-llaves-en-verano-un-problema-bastante-habitual\\\/#authorImage\",\"url\":\"https:\\\/\\\/secure.gravatar.com\\\/avatar\\\/496a8e03d0c493ede1718b7934145dbdf8d89be1036b0eec9544e1094c9de390?s=96&d=mm&r=g\",\"width\":96,\"height\":96,\"caption\":\"Cand\\u00e1s 365\"},\"sameAs\":[\"https:\\\/\\\/www.facebook.com\\\/carrenoactualidad\",\"https:\\\/\\\/twitter.com\\\/nbasturias\",\"https:\\\/\\\/www.instagram.com\\\/nachofdezber\\\/\",\"https:\\\/\\\/www.youtube.com\\\/channel\\\/UCZP-2wLEB9Rv6erhFmqVnvg\"]},{\"@type\":\"WebPage\",\"@id\":\"https:\\\/\\\/candas365.es\\\/noticias\\\/perder-las-llaves-en-verano-un-problema-bastante-habitual\\\/#webpage\",\"url\":\"https:\\\/\\\/candas365.es\\\/noticias\\\/perder-las-llaves-en-verano-un-problema-bastante-habitual\\\/\",\"name\":\"Perder las llaves en verano un problema bastante habitual | Cand\\u00e1s 365\",\"description\":\"Para que no te vuelvas loco intentando solucionar este problema, te dejamos con lo que tienes que hacer. \\u00bfC\\u00f3mo actuar al perder las llaves? Lo m\\u00e1s recomendable es que volvamos sobre nuestros pasos. Aunque mucha gente lleva muchos llaveros para que sus llaves hagan ruido, lo cierto es que puede habernos pasado desapercibido. En el\",\"inLanguage\":\"es-ES\",\"isPartOf\":{\"@id\":\"https:\\\/\\\/candas365.es\\\/noticias\\\/#website\"},\"breadcrumb\":{\"@id\":\"https:\\\/\\\/candas365.es\\\/noticias\\\/perder-las-llaves-en-verano-un-problema-bastante-habitual\\\/#breadcrumblist\"},\"author\":{\"@id\":\"https:\\\/\\\/candas365.es\\\/noticias\\\/author\\\/admin\\\/#author\"},\"creator\":{\"@id\":\"https:\\\/\\\/candas365.es\\\/noticias\\\/author\\\/admin\\\/#author\"},\"image\":{\"@type\":\"ImageObject\",\"url\":\"https:\\\/\\\/candas365.es\\\/noticias\\\/wp-content\\\/uploads\\\/2016\\\/06\\\/1466034656_perder_llaves_cerrajero_seguro.jpg\",\"@id\":\"https:\\\/\\\/candas365.es\\\/noticias\\\/perder-las-llaves-en-verano-un-problema-bastante-habitual\\\/#mainImage\",\"width\":500,\"height\":375},\"primaryImageOfPage\":{\"@id\":\"https:\\\/\\\/candas365.es\\\/noticias\\\/perder-las-llaves-en-verano-un-problema-bastante-habitual\\\/#mainImage\"},\"datePublished\":\"2016-06-19T19:56:37+02:00\",\"dateModified\":\"2016-06-19T19:56:37+02:00\"},{\"@type\":\"WebSite\",\"@id\":\"https:\\\/\\\/candas365.es\\\/noticias\\\/#website\",\"url\":\"https:\\\/\\\/candas365.es\\\/noticias\\\/\",\"name\":\"Cand\\u00e1s 365\",\"alternateName\":\"Cand\\u00e1s 365 Noticias\",\"description\":\"Actualidad desde Carre\\u00f1o para el mundo\",\"inLanguage\":\"es-ES\",\"publisher\":{\"@id\":\"https:\\\/\\\/candas365.es\\\/noticias\\\/#organization\"}}]}\n\t\t<\/script>\n\t\t<!-- All in One SEO Pro -->\r\n\t\t<title>Perder las llaves en verano un problema bastante habitual | Cand\u00e1s 365<\/title>\n\n","aioseo_head_json":{"title":"Perder las llaves en verano un problema bastante habitual | Cand\u00e1s 365","description":"Para que no te vuelvas loco intentando solucionar este problema, te dejamos con lo que tienes que hacer. \u00bfC\u00f3mo actuar al perder las llaves? Lo m\u00e1s recomendable es que volvamos sobre nuestros pasos. Aunque mucha gente lleva muchos llaveros para que sus llaves hagan ruido, lo cierto es que puede habernos pasado desapercibido. En el","canonical_url":"https:\/\/candas365.es\/noticias\/perder-las-llaves-en-verano-un-problema-bastante-habitual\/","robots":"max-image-preview:large","keywords":"actualidad","webmasterTools":{"google-site-verification":"UA-32230408-1","msvalidate.01":"354F3CDFB2DA171B47FBE9ABF1F88D5","miscellaneous":""},"schema":{"@context":"https:\/\/schema.org","@graph":[{"@type":"BreadcrumbList","@id":"https:\/\/candas365.es\/noticias\/perder-las-llaves-en-verano-un-problema-bastante-habitual\/#breadcrumblist","itemListElement":[{"@type":"ListItem","@id":"https:\/\/candas365.es\/noticias#listItem","position":1,"name":"Home","item":"https:\/\/candas365.es\/noticias","nextItem":{"@type":"ListItem","@id":"https:\/\/candas365.es\/noticias\/category\/actualidad\/#listItem","name":"Actualidad"}},{"@type":"ListItem","@id":"https:\/\/candas365.es\/noticias\/category\/actualidad\/#listItem","position":2,"name":"Actualidad","item":"https:\/\/candas365.es\/noticias\/category\/actualidad\/","nextItem":{"@type":"ListItem","@id":"https:\/\/candas365.es\/noticias\/perder-las-llaves-en-verano-un-problema-bastante-habitual\/#listItem","name":"Perder las llaves en verano un problema bastante habitual"},"previousItem":{"@type":"ListItem","@id":"https:\/\/candas365.es\/noticias#listItem","name":"Home"}},{"@type":"ListItem","@id":"https:\/\/candas365.es\/noticias\/perder-las-llaves-en-verano-un-problema-bastante-habitual\/#listItem","position":3,"name":"Perder las llaves en verano un problema bastante habitual","previousItem":{"@type":"ListItem","@id":"https:\/\/candas365.es\/noticias\/category\/actualidad\/#listItem","name":"Actualidad"}}]},{"@type":"NewsArticle","@id":"https:\/\/candas365.es\/noticias\/perder-las-llaves-en-verano-un-problema-bastante-habitual\/#newsarticle","name":"Perder las llaves en verano un problema bastante habitual | Cand\u00e1s 365","headline":"Perder las llaves en verano un problema bastante habitual","author":{"@id":"https:\/\/candas365.es\/noticias\/author\/admin\/#author"},"publisher":{"@id":"https:\/\/candas365.es\/noticias\/#organization"},"image":{"@type":"ImageObject","url":"https:\/\/candas365.es\/noticias\/wp-content\/uploads\/2016\/06\/1466034656_perder_llaves_cerrajero_seguro.jpg","width":500,"height":375},"datePublished":"2016-06-19T19:56:37+02:00","dateModified":"2016-06-19T19:56:37+02:00","inLanguage":"es-ES","mainEntityOfPage":{"@id":"https:\/\/candas365.es\/noticias\/perder-las-llaves-en-verano-un-problema-bastante-habitual\/#webpage"},"isPartOf":{"@id":"https:\/\/candas365.es\/noticias\/perder-las-llaves-en-verano-un-problema-bastante-habitual\/#webpage"},"articleSection":"Actualidad","dateline":"Publicado el junio 19, 2016."},{"@type":"Organization","@id":"https:\/\/candas365.es\/noticias\/#organization","name":"Cand\u00e1s 365","description":"Cand\u00e1s 365 es un diario digital independiente, fundado en 2012, con base en Asturias. Informamos con rigor sobre actualidad, sociedad, cultura y ocio, con una mirada local y global.","url":"https:\/\/candas365.es\/noticias\/","email":"info@candas365.es","telephone":"+34652131393","foundingDate":"2012-06-10","logo":{"@type":"ImageObject","url":"https:\/\/candas365.es\/noticias\/wp-content\/uploads\/2024\/09\/Candas-365-Redes.jpg","@id":"https:\/\/candas365.es\/noticias\/perder-las-llaves-en-verano-un-problema-bastante-habitual\/#organizationLogo","width":1152,"height":864,"caption":"Cand\u00e1s 365 Redes"},"image":{"@id":"https:\/\/candas365.es\/noticias\/perder-las-llaves-en-verano-un-problema-bastante-habitual\/#organizationLogo"},"sameAs":["https:\/\/www.facebook.com\/Nachofdezber","https:\/\/x.com\/NabercoDigital","https:\/\/www.instagram.com\/nachofdezber\/","https:\/\/www.youtube.com\/channel\/UCZP-2wLEB9Rv6erhFmqVnvg"],"address":{"@id":"https:\/\/candas365.es\/noticias\/#postaladdress","@type":"PostalAddress","streetAddress":"san antonio 4, san antonio 4","postalCode":"33430","addressLocality":"Cand\u00e1s","addressRegion":"Asturias","addressCountry":"ES"}},{"@type":"Person","@id":"https:\/\/candas365.es\/noticias\/author\/admin\/#author","url":"https:\/\/candas365.es\/noticias\/author\/admin\/","name":"Cand\u00e1s 365","image":{"@type":"ImageObject","@id":"https:\/\/candas365.es\/noticias\/perder-las-llaves-en-verano-un-problema-bastante-habitual\/#authorImage","url":"https:\/\/secure.gravatar.com\/avatar\/496a8e03d0c493ede1718b7934145dbdf8d89be1036b0eec9544e1094c9de390?s=96&d=mm&r=g","width":96,"height":96,"caption":"Cand\u00e1s 365"},"sameAs":["https:\/\/www.facebook.com\/carrenoactualidad","https:\/\/twitter.com\/nbasturias","https:\/\/www.instagram.com\/nachofdezber\/","https:\/\/www.youtube.com\/channel\/UCZP-2wLEB9Rv6erhFmqVnvg"]},{"@type":"WebPage","@id":"https:\/\/candas365.es\/noticias\/perder-las-llaves-en-verano-un-problema-bastante-habitual\/#webpage","url":"https:\/\/candas365.es\/noticias\/perder-las-llaves-en-verano-un-problema-bastante-habitual\/","name":"Perder las llaves en verano un problema bastante habitual | Cand\u00e1s 365","description":"Para que no te vuelvas loco intentando solucionar este problema, te dejamos con lo que tienes que hacer. \u00bfC\u00f3mo actuar al perder las llaves? Lo m\u00e1s recomendable es que volvamos sobre nuestros pasos. Aunque mucha gente lleva muchos llaveros para que sus llaves hagan ruido, lo cierto es que puede habernos pasado desapercibido. En el","inLanguage":"es-ES","isPartOf":{"@id":"https:\/\/candas365.es\/noticias\/#website"},"breadcrumb":{"@id":"https:\/\/candas365.es\/noticias\/perder-las-llaves-en-verano-un-problema-bastante-habitual\/#breadcrumblist"},"author":{"@id":"https:\/\/candas365.es\/noticias\/author\/admin\/#author"},"creator":{"@id":"https:\/\/candas365.es\/noticias\/author\/admin\/#author"},"image":{"@type":"ImageObject","url":"https:\/\/candas365.es\/noticias\/wp-content\/uploads\/2016\/06\/1466034656_perder_llaves_cerrajero_seguro.jpg","@id":"https:\/\/candas365.es\/noticias\/perder-las-llaves-en-verano-un-problema-bastante-habitual\/#mainImage","width":500,"height":375},"primaryImageOfPage":{"@id":"https:\/\/candas365.es\/noticias\/perder-las-llaves-en-verano-un-problema-bastante-habitual\/#mainImage"},"datePublished":"2016-06-19T19:56:37+02:00","dateModified":"2016-06-19T19:56:37+02:00"},{"@type":"WebSite","@id":"https:\/\/candas365.es\/noticias\/#website","url":"https:\/\/candas365.es\/noticias\/","name":"Cand\u00e1s 365","alternateName":"Cand\u00e1s 365 Noticias","description":"Actualidad desde Carre\u00f1o para el mundo","inLanguage":"es-ES","publisher":{"@id":"https:\/\/candas365.es\/noticias\/#organization"}}]},"og:locale":"es_ES","og:site_name":"Cand\u00e1s 365","og:type":"article","og:title":"Perder las llaves en verano un problema bastante habitual | Cand\u00e1s 365","og:description":"Para que no te vuelvas loco intentando solucionar este problema, te dejamos con lo que tienes que hacer. \u00bfC\u00f3mo actuar al perder las llaves? Lo m\u00e1s recomendable es que volvamos sobre nuestros pasos. Aunque mucha gente lleva muchos llaveros para que sus llaves hagan ruido, lo cierto es que puede habernos pasado desapercibido. En el","og:url":"https:\/\/candas365.es\/noticias\/perder-las-llaves-en-verano-un-problema-bastante-habitual\/","og:image":"https:\/\/candas365.es\/noticias\/wp-content\/uploads\/2016\/06\/1466034656_perder_llaves_cerrajero_seguro.jpg","og:image:secure_url":"https:\/\/candas365.es\/noticias\/wp-content\/uploads\/2016\/06\/1466034656_perder_llaves_cerrajero_seguro.jpg","og:image:width":500,"og:image:height":375,"article:published_time":"2016-06-19T18:26:37+00:00","article:modified_time":"2016-06-19T18:26:37+00:00","article:publisher":"https:\/\/www.facebook.com\/Nachofdezber","article:author":"https:\/\/www.facebook.com\/carrenoactualidad","twitter:card":"summary_large_image","twitter:site":"@NabercoDigital","twitter:title":"Perder las llaves en verano un problema bastante habitual | Cand\u00e1s 365","twitter:description":"Para que no te vuelvas loco intentando solucionar este problema, te dejamos con lo que tienes que hacer. \u00bfC\u00f3mo actuar al perder las llaves? Lo m\u00e1s recomendable es que volvamos sobre nuestros pasos. Aunque mucha gente lleva muchos llaveros para que sus llaves hagan ruido, lo cierto es que puede habernos pasado desapercibido. En el","twitter:creator":"@nbasturias","twitter:image":"https:\/\/candas365.es\/noticias\/wp-content\/uploads\/2016\/06\/1466034656_perder_llaves_cerrajero_seguro.jpg","twitter:label1":"Escrito por","twitter:data1":"Cand\u00e1s 365","twitter:label2":"Tiempo de lectura estimado","twitter:data2":"2 minutos"},"aioseo_meta_data":{"post_id":"30780","title":null,"description":null,"keywords":null,"keyphrases":null,"primary_term":null,"canonical_url":null,"og_title":null,"og_description":null,"og_object_type":"default","og_image_type":"default","og_image_url":null,"og_image_width":null,"og_image_height":null,"og_image_custom_url":null,"og_image_custom_fields":null,"og_video":null,"og_custom_url":null,"og_article_section":null,"og_article_tags":null,"twitter_use_og":false,"twitter_card":"default","twitter_image_type":"default","twitter_image_url":null,"twitter_image_custom_url":null,"twitter_image_custom_fields":null,"twitter_title":null,"twitter_description":null,"schema":{"blockGraphs":[],"customGraphs":[],"default":{"data":{"Article":[],"Course":[],"Dataset":[],"FAQPage":[],"Movie":[],"Person":[],"Product":[],"ProductReview":[],"Car":[],"Recipe":[],"Service":[],"SoftwareApplication":[],"WebPage":[]},"graphName":"","isEnabled":true},"graphs":[]},"schema_type":null,"schema_type_options":null,"pillar_content":false,"robots_default":true,"robots_noindex":false,"robots_noarchive":false,"robots_nosnippet":false,"robots_nofollow":false,"robots_noimageindex":false,"robots_noodp":false,"robots_notranslate":false,"robots_max_snippet":null,"robots_max_videopreview":null,"robots_max_imagepreview":"large","priority":null,"frequency":null,"location":null,"local_seo":null,"seo_analyzer_scan_date":"2025-08-24 12:59:13","breadcrumb_settings":null,"limit_modified_date":false,"reviewed_by":null,"open_ai":null,"ai":null,"created":"2020-12-21 12:59:29","updated":"2025-08-24 12:59:13"},"aioseo_breadcrumb":"<div class=\"aioseo-breadcrumbs\"><span class=\"aioseo-breadcrumb\">\n\t<a href=\"https:\/\/candas365.es\/noticias\" title=\"Home\">Home<\/a>\n<\/span><span class=\"aioseo-breadcrumb-separator\">&ndash;<\/span><span class=\"aioseo-breadcrumb\">\n\t<a href=\"https:\/\/candas365.es\/noticias\/category\/actualidad\/\" title=\"Actualidad\">Actualidad<\/a>\n<\/span><span class=\"aioseo-breadcrumb-separator\">&ndash;<\/span><span class=\"aioseo-breadcrumb\">\n\tPerder las llaves en verano un problema bastante habitual\n<\/span><\/div>","aioseo_breadcrumb_json":[{"label":"Home","link":"https:\/\/candas365.es\/noticias"},{"label":"Actualidad","link":"https:\/\/candas365.es\/noticias\/category\/actualidad\/"},{"label":"Perder las llaves en verano un problema bastante habitual","link":"https:\/\/candas365.es\/noticias\/perder-las-llaves-en-verano-un-problema-bastante-habitual\/"}],"_links":{"self":[{"href":"https:\/\/candas365.es\/noticias\/wp-json\/wp\/v2\/posts\/30780","targetHints":{"allow":["GET"]}}],"collection":[{"href":"https:\/\/candas365.es\/noticias\/wp-json\/wp\/v2\/posts"}],"about":[{"href":"https:\/\/candas365.es\/noticias\/wp-json\/wp\/v2\/types\/post"}],"author":[{"embeddable":true,"href":"https:\/\/candas365.es\/noticias\/wp-json\/wp\/v2\/users\/1"}],"replies":[{"embeddable":true,"href":"https:\/\/candas365.es\/noticias\/wp-json\/wp\/v2\/comments?post=30780"}],"version-history":[{"count":0,"href":"https:\/\/candas365.es\/noticias\/wp-json\/wp\/v2\/posts\/30780\/revisions"}],"wp:featuredmedia":[{"embeddable":true,"href":"https:\/\/candas365.es\/noticias\/wp-json\/wp\/v2\/media\/30781"}],"wp:attachment":[{"href":"https:\/\/candas365.es\/noticias\/wp-json\/wp\/v2\/media?parent=30780"}],"wp:term":[{"taxonomy":"category","embeddable":true,"href":"https:\/\/candas365.es\/noticias\/wp-json\/wp\/v2\/categories?post=30780"},{"taxonomy":"post_tag","embeddable":true,"href":"https:\/\/candas365.es\/noticias\/wp-json\/wp\/v2\/tags?post=30780"}],"curies":[{"name":"wp","href":"https:\/\/api.w.org\/{rel}","templated":true}]}}