{"id":30702,"date":"2016-06-19T00:12:36","date_gmt":"2016-06-18T22:42:36","guid":{"rendered":"http:\/\/candas365.es\/noticias\/?p=30702"},"modified":"2016-06-19T00:12:36","modified_gmt":"2016-06-18T22:42:36","slug":"primera-edicion-de-villaviciosa-sobre-ruedas","status":"publish","type":"post","link":"https:\/\/candas365.es\/noticias\/primera-edicion-de-villaviciosa-sobre-ruedas\/","title":{"rendered":"Primera edici\u00f3n de &#8216;Villaviciosa sobre ruedas&#8217;"},"content":{"rendered":"<p><img fetchpriority=\"high\" decoding=\"async\" class=\"alignleft size-medium wp-image-30703\" src=\"https:\/\/candas365.es\/noticias\/wp-content\/uploads\/2016\/06\/fotonoticia_20160618193932_800-360x240.jpg\" alt=\"fotonoticia_20160618193932_800\" width=\"360\" height=\"240\" srcset=\"https:\/\/candas365.es\/noticias\/wp-content\/uploads\/2016\/06\/fotonoticia_20160618193932_800-360x240.jpg 360w, https:\/\/candas365.es\/noticias\/wp-content\/uploads\/2016\/06\/fotonoticia_20160618193932_800-650x433.jpg 650w, https:\/\/candas365.es\/noticias\/wp-content\/uploads\/2016\/06\/fotonoticia_20160618193932_800-768x512.jpg 768w, https:\/\/candas365.es\/noticias\/wp-content\/uploads\/2016\/06\/fotonoticia_20160618193932_800-150x100.jpg 150w, https:\/\/candas365.es\/noticias\/wp-content\/uploads\/2016\/06\/fotonoticia_20160618193932_800-450x300.jpg 450w, https:\/\/candas365.es\/noticias\/wp-content\/uploads\/2016\/06\/fotonoticia_20160618193932_800-655x436.jpg 655w, https:\/\/candas365.es\/noticias\/wp-content\/uploads\/2016\/06\/fotonoticia_20160618193932_800-696x464.jpg 696w, https:\/\/candas365.es\/noticias\/wp-content\/uploads\/2016\/06\/fotonoticia_20160618193932_800-630x420.jpg 630w, https:\/\/candas365.es\/noticias\/wp-content\/uploads\/2016\/06\/fotonoticia_20160618193932_800-84x55.jpg 84w, https:\/\/candas365.es\/noticias\/wp-content\/uploads\/2016\/06\/fotonoticia_20160618193932_800.jpg 800w\" sizes=\"(max-width: 360px) 100vw, 360px\" \/>La Villa ha acogido este s\u00e1bado la inauguraci\u00f3n de la primera edici\u00f3n de &#8216;Villaviciosa sobre ruedas&#8217;, feria organizada por la Asociaci\u00f3n de Aut\u00f3nomos, Comerciantes y de Servicios (ACOSEVI), de veh\u00edculos de transporte.<\/p>\n<p>Al acto realizado en el recinto ferial habilitado en el Parque de El Pelambre, asisti\u00f3 el Alcalde de Villaviciosa, Alejandro Vega Riego, varios concejales de la Corporaci\u00f3n y la presidenta de ACOSEVI, Sandra Medio.<\/p>\n<p>En el recinto se exponen veh\u00edculos de ocasi\u00f3n y km0 de las marcas y modelos m\u00e1s demandados. Este domingo tendr\u00e1 lugar la concentraci\u00f3n de motos Harley Davidson a las 12.00 horas.<\/p>\n<p>Entre los expositores de autom\u00f3viles se encontrar\u00e1n Talleres Jos\u00e9 Ram\u00f3n Villar, concesionario Renault; concesionario Toyota; y Talleres Luis Alonso Garc\u00eda, concesionario Peugeot, todos de Villaviciosa.<\/p>\n<p>Los expositores de motos ser\u00e1n Motos Rendueles de Villaviciosa, con motos nuevas y accesorios para pilotos. Y el espacio para b\u00edcis ser\u00e1 para Cuetos&#8217; Bike de Villaviciosa, con exposici\u00f3n y venta de bicis infantiles, de adultos y bicicletas el\u00e9ctricas, as\u00ed como todo tipo de accesorios para las bicicletas<\/p>\n","protected":false},"excerpt":{"rendered":"<p>La Villa ha acogido este s\u00e1bado la inauguraci\u00f3n de la primera edici\u00f3n de &#8216;Villaviciosa sobre ruedas&#8217;, feria organizada por la Asociaci\u00f3n de Aut\u00f3nomos, Comerciantes y de Servicios (ACOSEVI), de veh\u00edculos de transporte. Al acto realizado en el recinto ferial habilitado en el Parque de El Pelambre, asisti\u00f3 el Alcalde de Villaviciosa, Alejandro Vega Riego, varios<\/p>\n","protected":false},"author":1,"featured_media":30703,"comment_status":"closed","ping_status":"closed","sticky":false,"template":"","format":"standard","meta":{"footnotes":""},"categories":[343],"tags":[],"class_list":{"0":"post-30702","1":"post","2":"type-post","3":"status-publish","4":"format-standard","5":"has-post-thumbnail","7":"category-actualidad"},"aioseo_notices":[],"aioseo_head":"\n\t\t<!-- All in One SEO Pro 4.9.6.2 - aioseo.com -->\n\t<meta name=\"description\" content=\"La Villa ha acogido este s\u00e1bado la inauguraci\u00f3n de la primera edici\u00f3n de &#039;Villaviciosa sobre ruedas&#039;, feria organizada por la Asociaci\u00f3n de Aut\u00f3nomos, Comerciantes y de Servicios (ACOSEVI), de veh\u00edculos de transporte. Al acto realizado en el recinto ferial habilitado en el Parque de El Pelambre, asisti\u00f3 el Alcalde de Villaviciosa, Alejandro Vega Riego, varios\" \/>\n\t<meta name=\"robots\" content=\"max-image-preview:large\" \/>\n\t<meta name=\"author\" content=\"Cand\u00e1s 365\"\/>\n\t<meta name=\"google-site-verification\" content=\"UA-32230408-1\" \/>\n\t<meta name=\"msvalidate.01\" content=\"354F3CDFB2DA171B47FBE9ABF1F88D5\" \/>\n\t<meta name=\"keywords\" content=\"actualidad\" \/>\n\t<link rel=\"canonical\" href=\"https:\/\/candas365.es\/noticias\/primera-edicion-de-villaviciosa-sobre-ruedas\/\" \/>\n\t<meta name=\"generator\" content=\"All in One SEO Pro (AIOSEO) 4.9.6.2\" \/>\n\t\t<meta property=\"og:locale\" content=\"es_ES\" \/>\n\t\t<meta property=\"og:site_name\" content=\"Cand\u00e1s 365\" \/>\n\t\t<meta property=\"og:type\" content=\"article\" \/>\n\t\t<meta property=\"og:title\" content=\"Primera edici\u00f3n de \u2018Villaviciosa sobre ruedas\u2019 | Cand\u00e1s 365\" \/>\n\t\t<meta property=\"og:description\" content=\"La Villa ha acogido este s\u00e1bado la inauguraci\u00f3n de la primera edici\u00f3n de &#039;Villaviciosa sobre ruedas&#039;, feria organizada por la Asociaci\u00f3n de Aut\u00f3nomos, Comerciantes y de Servicios (ACOSEVI), de veh\u00edculos de transporte. Al acto realizado en el recinto ferial habilitado en el Parque de El Pelambre, asisti\u00f3 el Alcalde de Villaviciosa, Alejandro Vega Riego, varios\" \/>\n\t\t<meta property=\"og:url\" content=\"https:\/\/candas365.es\/noticias\/primera-edicion-de-villaviciosa-sobre-ruedas\/\" \/>\n\t\t<meta property=\"og:image\" content=\"https:\/\/candas365.es\/noticias\/wp-content\/uploads\/2016\/06\/fotonoticia_20160618193932_800.jpg\" \/>\n\t\t<meta property=\"og:image:secure_url\" content=\"https:\/\/candas365.es\/noticias\/wp-content\/uploads\/2016\/06\/fotonoticia_20160618193932_800.jpg\" \/>\n\t\t<meta property=\"og:image:width\" content=\"800\" \/>\n\t\t<meta property=\"og:image:height\" content=\"533\" \/>\n\t\t<meta property=\"article:published_time\" content=\"2016-06-18T22:42:36+00:00\" \/>\n\t\t<meta property=\"article:modified_time\" content=\"2016-06-18T22:42:36+00:00\" \/>\n\t\t<meta property=\"article:publisher\" content=\"https:\/\/www.facebook.com\/Nachofdezber\" \/>\n\t\t<meta property=\"article:author\" content=\"https:\/\/www.facebook.com\/carrenoactualidad\" \/>\n\t\t<meta name=\"twitter:card\" content=\"summary_large_image\" \/>\n\t\t<meta name=\"twitter:site\" content=\"@NabercoDigital\" \/>\n\t\t<meta name=\"twitter:title\" content=\"Primera edici\u00f3n de \u2018Villaviciosa sobre ruedas\u2019 | Cand\u00e1s 365\" \/>\n\t\t<meta name=\"twitter:description\" content=\"La Villa ha acogido este s\u00e1bado la inauguraci\u00f3n de la primera edici\u00f3n de &#039;Villaviciosa sobre ruedas&#039;, feria organizada por la Asociaci\u00f3n de Aut\u00f3nomos, Comerciantes y de Servicios (ACOSEVI), de veh\u00edculos de transporte. Al acto realizado en el recinto ferial habilitado en el Parque de El Pelambre, asisti\u00f3 el Alcalde de Villaviciosa, Alejandro Vega Riego, varios\" \/>\n\t\t<meta name=\"twitter:creator\" content=\"@nbasturias\" \/>\n\t\t<meta name=\"twitter:image\" content=\"https:\/\/candas365.es\/noticias\/wp-content\/uploads\/2016\/06\/fotonoticia_20160618193932_800.jpg\" \/>\n\t\t<meta name=\"twitter:label1\" content=\"Escrito por\" \/>\n\t\t<meta name=\"twitter:data1\" content=\"Cand\u00e1s 365\" \/>\n\t\t<meta name=\"twitter:label2\" content=\"Tiempo de lectura estimado\" \/>\n\t\t<meta name=\"twitter:data2\" content=\"1 minuto\" \/>\n\t\t<script type=\"application\/ld+json\" class=\"aioseo-schema\">\n\t\t\t{\"@context\":\"https:\\\/\\\/schema.org\",\"@graph\":[{\"@type\":\"BreadcrumbList\",\"@id\":\"https:\\\/\\\/candas365.es\\\/noticias\\\/primera-edicion-de-villaviciosa-sobre-ruedas\\\/#breadcrumblist\",\"itemListElement\":[{\"@type\":\"ListItem\",\"@id\":\"https:\\\/\\\/candas365.es\\\/noticias#listItem\",\"position\":1,\"name\":\"Home\",\"item\":\"https:\\\/\\\/candas365.es\\\/noticias\",\"nextItem\":{\"@type\":\"ListItem\",\"@id\":\"https:\\\/\\\/candas365.es\\\/noticias\\\/category\\\/actualidad\\\/#listItem\",\"name\":\"Actualidad\"}},{\"@type\":\"ListItem\",\"@id\":\"https:\\\/\\\/candas365.es\\\/noticias\\\/category\\\/actualidad\\\/#listItem\",\"position\":2,\"name\":\"Actualidad\",\"item\":\"https:\\\/\\\/candas365.es\\\/noticias\\\/category\\\/actualidad\\\/\",\"nextItem\":{\"@type\":\"ListItem\",\"@id\":\"https:\\\/\\\/candas365.es\\\/noticias\\\/primera-edicion-de-villaviciosa-sobre-ruedas\\\/#listItem\",\"name\":\"Primera edici\\u00f3n de &#8216;Villaviciosa sobre ruedas&#8217;\"},\"previousItem\":{\"@type\":\"ListItem\",\"@id\":\"https:\\\/\\\/candas365.es\\\/noticias#listItem\",\"name\":\"Home\"}},{\"@type\":\"ListItem\",\"@id\":\"https:\\\/\\\/candas365.es\\\/noticias\\\/primera-edicion-de-villaviciosa-sobre-ruedas\\\/#listItem\",\"position\":3,\"name\":\"Primera edici\\u00f3n de &#8216;Villaviciosa sobre ruedas&#8217;\",\"previousItem\":{\"@type\":\"ListItem\",\"@id\":\"https:\\\/\\\/candas365.es\\\/noticias\\\/category\\\/actualidad\\\/#listItem\",\"name\":\"Actualidad\"}}]},{\"@type\":\"NewsArticle\",\"@id\":\"https:\\\/\\\/candas365.es\\\/noticias\\\/primera-edicion-de-villaviciosa-sobre-ruedas\\\/#newsarticle\",\"name\":\"Primera edici\\u00f3n de \\u2018Villaviciosa sobre ruedas\\u2019 | Cand\\u00e1s 365\",\"headline\":\"Primera edici\\u00f3n de &#8216;Villaviciosa sobre ruedas&#8217;\",\"author\":{\"@id\":\"https:\\\/\\\/candas365.es\\\/noticias\\\/author\\\/admin\\\/#author\"},\"publisher\":{\"@id\":\"https:\\\/\\\/candas365.es\\\/noticias\\\/#organization\"},\"image\":{\"@type\":\"ImageObject\",\"url\":\"https:\\\/\\\/candas365.es\\\/noticias\\\/wp-content\\\/uploads\\\/2016\\\/06\\\/fotonoticia_20160618193932_800.jpg\",\"width\":800,\"height\":533},\"datePublished\":\"2016-06-19T00:12:36+02:00\",\"dateModified\":\"2016-06-19T00:12:36+02:00\",\"inLanguage\":\"es-ES\",\"mainEntityOfPage\":{\"@id\":\"https:\\\/\\\/candas365.es\\\/noticias\\\/primera-edicion-de-villaviciosa-sobre-ruedas\\\/#webpage\"},\"isPartOf\":{\"@id\":\"https:\\\/\\\/candas365.es\\\/noticias\\\/primera-edicion-de-villaviciosa-sobre-ruedas\\\/#webpage\"},\"articleSection\":\"Actualidad\",\"dateline\":\"Publicado el junio 19, 2016.\"},{\"@type\":\"Organization\",\"@id\":\"https:\\\/\\\/candas365.es\\\/noticias\\\/#organization\",\"name\":\"Cand\\u00e1s 365\",\"description\":\"Cand\\u00e1s 365 es un diario digital independiente, fundado en 2012, con base en Asturias. Informamos con rigor sobre actualidad, sociedad, cultura y ocio, con una mirada local y global.\",\"url\":\"https:\\\/\\\/candas365.es\\\/noticias\\\/\",\"email\":\"info@candas365.es\",\"telephone\":\"+34652131393\",\"foundingDate\":\"2012-06-10\",\"logo\":{\"@type\":\"ImageObject\",\"url\":\"https:\\\/\\\/candas365.es\\\/noticias\\\/wp-content\\\/uploads\\\/2024\\\/09\\\/Candas-365-Redes.jpg\",\"@id\":\"https:\\\/\\\/candas365.es\\\/noticias\\\/primera-edicion-de-villaviciosa-sobre-ruedas\\\/#organizationLogo\",\"width\":1152,\"height\":864,\"caption\":\"Cand\\u00e1s 365 Redes\"},\"image\":{\"@id\":\"https:\\\/\\\/candas365.es\\\/noticias\\\/primera-edicion-de-villaviciosa-sobre-ruedas\\\/#organizationLogo\"},\"sameAs\":[\"https:\\\/\\\/www.facebook.com\\\/Nachofdezber\",\"https:\\\/\\\/x.com\\\/NabercoDigital\",\"https:\\\/\\\/www.instagram.com\\\/nachofdezber\\\/\",\"https:\\\/\\\/www.youtube.com\\\/channel\\\/UCZP-2wLEB9Rv6erhFmqVnvg\"],\"address\":{\"@id\":\"https:\\\/\\\/candas365.es\\\/noticias\\\/#postaladdress\",\"@type\":\"PostalAddress\",\"streetAddress\":\"san antonio 4, san antonio 4\",\"postalCode\":\"33430\",\"addressLocality\":\"Cand\\u00e1s\",\"addressRegion\":\"Asturias\",\"addressCountry\":\"ES\"}},{\"@type\":\"Person\",\"@id\":\"https:\\\/\\\/candas365.es\\\/noticias\\\/author\\\/admin\\\/#author\",\"url\":\"https:\\\/\\\/candas365.es\\\/noticias\\\/author\\\/admin\\\/\",\"name\":\"Cand\\u00e1s 365\",\"image\":{\"@type\":\"ImageObject\",\"@id\":\"https:\\\/\\\/candas365.es\\\/noticias\\\/primera-edicion-de-villaviciosa-sobre-ruedas\\\/#authorImage\",\"url\":\"https:\\\/\\\/secure.gravatar.com\\\/avatar\\\/496a8e03d0c493ede1718b7934145dbdf8d89be1036b0eec9544e1094c9de390?s=96&d=mm&r=g\",\"width\":96,\"height\":96,\"caption\":\"Cand\\u00e1s 365\"},\"sameAs\":[\"https:\\\/\\\/www.facebook.com\\\/carrenoactualidad\",\"https:\\\/\\\/twitter.com\\\/nbasturias\",\"https:\\\/\\\/www.instagram.com\\\/nachofdezber\\\/\",\"https:\\\/\\\/www.youtube.com\\\/channel\\\/UCZP-2wLEB9Rv6erhFmqVnvg\"]},{\"@type\":\"WebPage\",\"@id\":\"https:\\\/\\\/candas365.es\\\/noticias\\\/primera-edicion-de-villaviciosa-sobre-ruedas\\\/#webpage\",\"url\":\"https:\\\/\\\/candas365.es\\\/noticias\\\/primera-edicion-de-villaviciosa-sobre-ruedas\\\/\",\"name\":\"Primera edici\\u00f3n de \\u2018Villaviciosa sobre ruedas\\u2019 | Cand\\u00e1s 365\",\"description\":\"La Villa ha acogido este s\\u00e1bado la inauguraci\\u00f3n de la primera edici\\u00f3n de 'Villaviciosa sobre ruedas', feria organizada por la Asociaci\\u00f3n de Aut\\u00f3nomos, Comerciantes y de Servicios (ACOSEVI), de veh\\u00edculos de transporte. Al acto realizado en el recinto ferial habilitado en el Parque de El Pelambre, asisti\\u00f3 el Alcalde de Villaviciosa, Alejandro Vega Riego, varios\",\"inLanguage\":\"es-ES\",\"isPartOf\":{\"@id\":\"https:\\\/\\\/candas365.es\\\/noticias\\\/#website\"},\"breadcrumb\":{\"@id\":\"https:\\\/\\\/candas365.es\\\/noticias\\\/primera-edicion-de-villaviciosa-sobre-ruedas\\\/#breadcrumblist\"},\"author\":{\"@id\":\"https:\\\/\\\/candas365.es\\\/noticias\\\/author\\\/admin\\\/#author\"},\"creator\":{\"@id\":\"https:\\\/\\\/candas365.es\\\/noticias\\\/author\\\/admin\\\/#author\"},\"image\":{\"@type\":\"ImageObject\",\"url\":\"https:\\\/\\\/candas365.es\\\/noticias\\\/wp-content\\\/uploads\\\/2016\\\/06\\\/fotonoticia_20160618193932_800.jpg\",\"@id\":\"https:\\\/\\\/candas365.es\\\/noticias\\\/primera-edicion-de-villaviciosa-sobre-ruedas\\\/#mainImage\",\"width\":800,\"height\":533},\"primaryImageOfPage\":{\"@id\":\"https:\\\/\\\/candas365.es\\\/noticias\\\/primera-edicion-de-villaviciosa-sobre-ruedas\\\/#mainImage\"},\"datePublished\":\"2016-06-19T00:12:36+02:00\",\"dateModified\":\"2016-06-19T00:12:36+02:00\"},{\"@type\":\"WebSite\",\"@id\":\"https:\\\/\\\/candas365.es\\\/noticias\\\/#website\",\"url\":\"https:\\\/\\\/candas365.es\\\/noticias\\\/\",\"name\":\"Cand\\u00e1s 365\",\"alternateName\":\"Cand\\u00e1s 365 Noticias\",\"description\":\"Actualidad desde Carre\\u00f1o para el mundo\",\"inLanguage\":\"es-ES\",\"publisher\":{\"@id\":\"https:\\\/\\\/candas365.es\\\/noticias\\\/#organization\"}}]}\n\t\t<\/script>\n\t\t<!-- All in One SEO Pro -->\r\n\t\t<title>Primera edici\u00f3n de \u2018Villaviciosa sobre ruedas\u2019 | Cand\u00e1s 365<\/title>\n\n","aioseo_head_json":{"title":"Primera edici\u00f3n de \u2018Villaviciosa sobre ruedas\u2019 | Cand\u00e1s 365","description":"La Villa ha acogido este s\u00e1bado la inauguraci\u00f3n de la primera edici\u00f3n de 'Villaviciosa sobre ruedas', feria organizada por la Asociaci\u00f3n de Aut\u00f3nomos, Comerciantes y de Servicios (ACOSEVI), de veh\u00edculos de transporte. Al acto realizado en el recinto ferial habilitado en el Parque de El Pelambre, asisti\u00f3 el Alcalde de Villaviciosa, Alejandro Vega Riego, varios","canonical_url":"https:\/\/candas365.es\/noticias\/primera-edicion-de-villaviciosa-sobre-ruedas\/","robots":"max-image-preview:large","keywords":"actualidad","webmasterTools":{"google-site-verification":"UA-32230408-1","msvalidate.01":"354F3CDFB2DA171B47FBE9ABF1F88D5","miscellaneous":""},"schema":{"@context":"https:\/\/schema.org","@graph":[{"@type":"BreadcrumbList","@id":"https:\/\/candas365.es\/noticias\/primera-edicion-de-villaviciosa-sobre-ruedas\/#breadcrumblist","itemListElement":[{"@type":"ListItem","@id":"https:\/\/candas365.es\/noticias#listItem","position":1,"name":"Home","item":"https:\/\/candas365.es\/noticias","nextItem":{"@type":"ListItem","@id":"https:\/\/candas365.es\/noticias\/category\/actualidad\/#listItem","name":"Actualidad"}},{"@type":"ListItem","@id":"https:\/\/candas365.es\/noticias\/category\/actualidad\/#listItem","position":2,"name":"Actualidad","item":"https:\/\/candas365.es\/noticias\/category\/actualidad\/","nextItem":{"@type":"ListItem","@id":"https:\/\/candas365.es\/noticias\/primera-edicion-de-villaviciosa-sobre-ruedas\/#listItem","name":"Primera edici\u00f3n de &#8216;Villaviciosa sobre ruedas&#8217;"},"previousItem":{"@type":"ListItem","@id":"https:\/\/candas365.es\/noticias#listItem","name":"Home"}},{"@type":"ListItem","@id":"https:\/\/candas365.es\/noticias\/primera-edicion-de-villaviciosa-sobre-ruedas\/#listItem","position":3,"name":"Primera edici\u00f3n de &#8216;Villaviciosa sobre ruedas&#8217;","previousItem":{"@type":"ListItem","@id":"https:\/\/candas365.es\/noticias\/category\/actualidad\/#listItem","name":"Actualidad"}}]},{"@type":"NewsArticle","@id":"https:\/\/candas365.es\/noticias\/primera-edicion-de-villaviciosa-sobre-ruedas\/#newsarticle","name":"Primera edici\u00f3n de \u2018Villaviciosa sobre ruedas\u2019 | Cand\u00e1s 365","headline":"Primera edici\u00f3n de &#8216;Villaviciosa sobre ruedas&#8217;","author":{"@id":"https:\/\/candas365.es\/noticias\/author\/admin\/#author"},"publisher":{"@id":"https:\/\/candas365.es\/noticias\/#organization"},"image":{"@type":"ImageObject","url":"https:\/\/candas365.es\/noticias\/wp-content\/uploads\/2016\/06\/fotonoticia_20160618193932_800.jpg","width":800,"height":533},"datePublished":"2016-06-19T00:12:36+02:00","dateModified":"2016-06-19T00:12:36+02:00","inLanguage":"es-ES","mainEntityOfPage":{"@id":"https:\/\/candas365.es\/noticias\/primera-edicion-de-villaviciosa-sobre-ruedas\/#webpage"},"isPartOf":{"@id":"https:\/\/candas365.es\/noticias\/primera-edicion-de-villaviciosa-sobre-ruedas\/#webpage"},"articleSection":"Actualidad","dateline":"Publicado el junio 19, 2016."},{"@type":"Organization","@id":"https:\/\/candas365.es\/noticias\/#organization","name":"Cand\u00e1s 365","description":"Cand\u00e1s 365 es un diario digital independiente, fundado en 2012, con base en Asturias. Informamos con rigor sobre actualidad, sociedad, cultura y ocio, con una mirada local y global.","url":"https:\/\/candas365.es\/noticias\/","email":"info@candas365.es","telephone":"+34652131393","foundingDate":"2012-06-10","logo":{"@type":"ImageObject","url":"https:\/\/candas365.es\/noticias\/wp-content\/uploads\/2024\/09\/Candas-365-Redes.jpg","@id":"https:\/\/candas365.es\/noticias\/primera-edicion-de-villaviciosa-sobre-ruedas\/#organizationLogo","width":1152,"height":864,"caption":"Cand\u00e1s 365 Redes"},"image":{"@id":"https:\/\/candas365.es\/noticias\/primera-edicion-de-villaviciosa-sobre-ruedas\/#organizationLogo"},"sameAs":["https:\/\/www.facebook.com\/Nachofdezber","https:\/\/x.com\/NabercoDigital","https:\/\/www.instagram.com\/nachofdezber\/","https:\/\/www.youtube.com\/channel\/UCZP-2wLEB9Rv6erhFmqVnvg"],"address":{"@id":"https:\/\/candas365.es\/noticias\/#postaladdress","@type":"PostalAddress","streetAddress":"san antonio 4, san antonio 4","postalCode":"33430","addressLocality":"Cand\u00e1s","addressRegion":"Asturias","addressCountry":"ES"}},{"@type":"Person","@id":"https:\/\/candas365.es\/noticias\/author\/admin\/#author","url":"https:\/\/candas365.es\/noticias\/author\/admin\/","name":"Cand\u00e1s 365","image":{"@type":"ImageObject","@id":"https:\/\/candas365.es\/noticias\/primera-edicion-de-villaviciosa-sobre-ruedas\/#authorImage","url":"https:\/\/secure.gravatar.com\/avatar\/496a8e03d0c493ede1718b7934145dbdf8d89be1036b0eec9544e1094c9de390?s=96&d=mm&r=g","width":96,"height":96,"caption":"Cand\u00e1s 365"},"sameAs":["https:\/\/www.facebook.com\/carrenoactualidad","https:\/\/twitter.com\/nbasturias","https:\/\/www.instagram.com\/nachofdezber\/","https:\/\/www.youtube.com\/channel\/UCZP-2wLEB9Rv6erhFmqVnvg"]},{"@type":"WebPage","@id":"https:\/\/candas365.es\/noticias\/primera-edicion-de-villaviciosa-sobre-ruedas\/#webpage","url":"https:\/\/candas365.es\/noticias\/primera-edicion-de-villaviciosa-sobre-ruedas\/","name":"Primera edici\u00f3n de \u2018Villaviciosa sobre ruedas\u2019 | Cand\u00e1s 365","description":"La Villa ha acogido este s\u00e1bado la inauguraci\u00f3n de la primera edici\u00f3n de 'Villaviciosa sobre ruedas', feria organizada por la Asociaci\u00f3n de Aut\u00f3nomos, Comerciantes y de Servicios (ACOSEVI), de veh\u00edculos de transporte. Al acto realizado en el recinto ferial habilitado en el Parque de El Pelambre, asisti\u00f3 el Alcalde de Villaviciosa, Alejandro Vega Riego, varios","inLanguage":"es-ES","isPartOf":{"@id":"https:\/\/candas365.es\/noticias\/#website"},"breadcrumb":{"@id":"https:\/\/candas365.es\/noticias\/primera-edicion-de-villaviciosa-sobre-ruedas\/#breadcrumblist"},"author":{"@id":"https:\/\/candas365.es\/noticias\/author\/admin\/#author"},"creator":{"@id":"https:\/\/candas365.es\/noticias\/author\/admin\/#author"},"image":{"@type":"ImageObject","url":"https:\/\/candas365.es\/noticias\/wp-content\/uploads\/2016\/06\/fotonoticia_20160618193932_800.jpg","@id":"https:\/\/candas365.es\/noticias\/primera-edicion-de-villaviciosa-sobre-ruedas\/#mainImage","width":800,"height":533},"primaryImageOfPage":{"@id":"https:\/\/candas365.es\/noticias\/primera-edicion-de-villaviciosa-sobre-ruedas\/#mainImage"},"datePublished":"2016-06-19T00:12:36+02:00","dateModified":"2016-06-19T00:12:36+02:00"},{"@type":"WebSite","@id":"https:\/\/candas365.es\/noticias\/#website","url":"https:\/\/candas365.es\/noticias\/","name":"Cand\u00e1s 365","alternateName":"Cand\u00e1s 365 Noticias","description":"Actualidad desde Carre\u00f1o para el mundo","inLanguage":"es-ES","publisher":{"@id":"https:\/\/candas365.es\/noticias\/#organization"}}]},"og:locale":"es_ES","og:site_name":"Cand\u00e1s 365","og:type":"article","og:title":"Primera edici\u00f3n de \u2018Villaviciosa sobre ruedas\u2019 | Cand\u00e1s 365","og:description":"La Villa ha acogido este s\u00e1bado la inauguraci\u00f3n de la primera edici\u00f3n de 'Villaviciosa sobre ruedas', feria organizada por la Asociaci\u00f3n de Aut\u00f3nomos, Comerciantes y de Servicios (ACOSEVI), de veh\u00edculos de transporte. Al acto realizado en el recinto ferial habilitado en el Parque de El Pelambre, asisti\u00f3 el Alcalde de Villaviciosa, Alejandro Vega Riego, varios","og:url":"https:\/\/candas365.es\/noticias\/primera-edicion-de-villaviciosa-sobre-ruedas\/","og:image":"https:\/\/candas365.es\/noticias\/wp-content\/uploads\/2016\/06\/fotonoticia_20160618193932_800.jpg","og:image:secure_url":"https:\/\/candas365.es\/noticias\/wp-content\/uploads\/2016\/06\/fotonoticia_20160618193932_800.jpg","og:image:width":800,"og:image:height":533,"article:published_time":"2016-06-18T22:42:36+00:00","article:modified_time":"2016-06-18T22:42:36+00:00","article:publisher":"https:\/\/www.facebook.com\/Nachofdezber","article:author":"https:\/\/www.facebook.com\/carrenoactualidad","twitter:card":"summary_large_image","twitter:site":"@NabercoDigital","twitter:title":"Primera edici\u00f3n de \u2018Villaviciosa sobre ruedas\u2019 | Cand\u00e1s 365","twitter:description":"La Villa ha acogido este s\u00e1bado la inauguraci\u00f3n de la primera edici\u00f3n de 'Villaviciosa sobre ruedas', feria organizada por la Asociaci\u00f3n de Aut\u00f3nomos, Comerciantes y de Servicios (ACOSEVI), de veh\u00edculos de transporte. Al acto realizado en el recinto ferial habilitado en el Parque de El Pelambre, asisti\u00f3 el Alcalde de Villaviciosa, Alejandro Vega Riego, varios","twitter:creator":"@nbasturias","twitter:image":"https:\/\/candas365.es\/noticias\/wp-content\/uploads\/2016\/06\/fotonoticia_20160618193932_800.jpg","twitter:label1":"Escrito por","twitter:data1":"Cand\u00e1s 365","twitter:label2":"Tiempo de lectura estimado","twitter:data2":"1 minuto"},"aioseo_meta_data":{"post_id":"30702","title":null,"description":null,"keywords":null,"keyphrases":null,"primary_term":null,"canonical_url":null,"og_title":null,"og_description":null,"og_object_type":"default","og_image_type":"default","og_image_url":null,"og_image_width":null,"og_image_height":null,"og_image_custom_url":null,"og_image_custom_fields":null,"og_video":null,"og_custom_url":null,"og_article_section":null,"og_article_tags":null,"twitter_use_og":false,"twitter_card":"default","twitter_image_type":"default","twitter_image_url":null,"twitter_image_custom_url":null,"twitter_image_custom_fields":null,"twitter_title":null,"twitter_description":null,"schema":{"blockGraphs":[],"customGraphs":[],"default":{"data":{"Article":[],"Course":[],"Dataset":[],"FAQPage":[],"Movie":[],"Person":[],"Product":[],"ProductReview":[],"Car":[],"Recipe":[],"Service":[],"SoftwareApplication":[],"WebPage":[]},"graphName":"","isEnabled":true},"graphs":[],"defaultGraph":"","defaultPostTypeGraph":""},"schema_type":null,"schema_type_options":null,"pillar_content":false,"robots_default":true,"robots_noindex":false,"robots_noarchive":false,"robots_nosnippet":false,"robots_nofollow":false,"robots_noimageindex":false,"robots_noodp":false,"robots_notranslate":false,"robots_max_snippet":null,"robots_max_videopreview":null,"robots_max_imagepreview":"large","priority":null,"frequency":null,"location":null,"local_seo":null,"seo_analyzer_scan_date":"2025-08-24 12:51:23","breadcrumb_settings":null,"limit_modified_date":false,"reviewed_by":null,"open_ai":null,"ai":null,"created":"2020-12-21 12:59:14","updated":"2025-08-24 12:51:23"},"aioseo_breadcrumb":"<div class=\"aioseo-breadcrumbs\"><span class=\"aioseo-breadcrumb\">\n\t<a href=\"https:\/\/candas365.es\/noticias\" title=\"Home\">Home<\/a>\n<\/span><span class=\"aioseo-breadcrumb-separator\">&ndash;<\/span><span class=\"aioseo-breadcrumb\">\n\t<a href=\"https:\/\/candas365.es\/noticias\/category\/actualidad\/\" title=\"Actualidad\">Actualidad<\/a>\n<\/span><span class=\"aioseo-breadcrumb-separator\">&ndash;<\/span><span class=\"aioseo-breadcrumb\">\n\tPrimera edici\u00f3n de \u2018Villaviciosa sobre ruedas\u2019\n<\/span><\/div>","aioseo_breadcrumb_json":[{"label":"Home","link":"https:\/\/candas365.es\/noticias"},{"label":"Actualidad","link":"https:\/\/candas365.es\/noticias\/category\/actualidad\/"},{"label":"Primera edici\u00f3n de &#8216;Villaviciosa sobre ruedas&#8217;","link":"https:\/\/candas365.es\/noticias\/primera-edicion-de-villaviciosa-sobre-ruedas\/"}],"_links":{"self":[{"href":"https:\/\/candas365.es\/noticias\/wp-json\/wp\/v2\/posts\/30702","targetHints":{"allow":["GET"]}}],"collection":[{"href":"https:\/\/candas365.es\/noticias\/wp-json\/wp\/v2\/posts"}],"about":[{"href":"https:\/\/candas365.es\/noticias\/wp-json\/wp\/v2\/types\/post"}],"author":[{"embeddable":true,"href":"https:\/\/candas365.es\/noticias\/wp-json\/wp\/v2\/users\/1"}],"replies":[{"embeddable":true,"href":"https:\/\/candas365.es\/noticias\/wp-json\/wp\/v2\/comments?post=30702"}],"version-history":[{"count":0,"href":"https:\/\/candas365.es\/noticias\/wp-json\/wp\/v2\/posts\/30702\/revisions"}],"wp:featuredmedia":[{"embeddable":true,"href":"https:\/\/candas365.es\/noticias\/wp-json\/wp\/v2\/media\/30703"}],"wp:attachment":[{"href":"https:\/\/candas365.es\/noticias\/wp-json\/wp\/v2\/media?parent=30702"}],"wp:term":[{"taxonomy":"category","embeddable":true,"href":"https:\/\/candas365.es\/noticias\/wp-json\/wp\/v2\/categories?post=30702"},{"taxonomy":"post_tag","embeddable":true,"href":"https:\/\/candas365.es\/noticias\/wp-json\/wp\/v2\/tags?post=30702"}],"curies":[{"name":"wp","href":"https:\/\/api.w.org\/{rel}","templated":true}]}}