{"id":30688,"date":"2016-06-18T22:26:48","date_gmt":"2016-06-18T20:56:48","guid":{"rendered":"http:\/\/candas365.es\/noticias\/?p=30688"},"modified":"2016-06-18T22:26:48","modified_gmt":"2016-06-18T20:56:48","slug":"7-500-corredores-participaran-en-la-xii-carrera-de-la-mujer-central-lechera-asturiana-de-gijon","status":"publish","type":"post","link":"https:\/\/candas365.es\/noticias\/7-500-corredores-participaran-en-la-xii-carrera-de-la-mujer-central-lechera-asturiana-de-gijon\/","title":{"rendered":"7.500 corredores participar\u00e1n en la XII Carrera de la Mujer Central Lechera Asturiana de Gij\u00f3n"},"content":{"rendered":"<p><img fetchpriority=\"high\" decoding=\"async\" class=\"alignleft size-medium wp-image-30689\" src=\"https:\/\/candas365.es\/noticias\/wp-content\/uploads\/2016\/06\/fotonoticia_20160618190435_800-360x240.jpg\" alt=\"fotonoticia_20160618190435_800\" width=\"360\" height=\"240\" srcset=\"https:\/\/candas365.es\/noticias\/wp-content\/uploads\/2016\/06\/fotonoticia_20160618190435_800-360x240.jpg 360w, https:\/\/candas365.es\/noticias\/wp-content\/uploads\/2016\/06\/fotonoticia_20160618190435_800-650x433.jpg 650w, https:\/\/candas365.es\/noticias\/wp-content\/uploads\/2016\/06\/fotonoticia_20160618190435_800-768x512.jpg 768w, https:\/\/candas365.es\/noticias\/wp-content\/uploads\/2016\/06\/fotonoticia_20160618190435_800-150x100.jpg 150w, https:\/\/candas365.es\/noticias\/wp-content\/uploads\/2016\/06\/fotonoticia_20160618190435_800-450x300.jpg 450w, https:\/\/candas365.es\/noticias\/wp-content\/uploads\/2016\/06\/fotonoticia_20160618190435_800-655x436.jpg 655w, https:\/\/candas365.es\/noticias\/wp-content\/uploads\/2016\/06\/fotonoticia_20160618190435_800-696x464.jpg 696w, https:\/\/candas365.es\/noticias\/wp-content\/uploads\/2016\/06\/fotonoticia_20160618190435_800-630x420.jpg 630w, https:\/\/candas365.es\/noticias\/wp-content\/uploads\/2016\/06\/fotonoticia_20160618190435_800-84x55.jpg 84w, https:\/\/candas365.es\/noticias\/wp-content\/uploads\/2016\/06\/fotonoticia_20160618190435_800.jpg 800w\" sizes=\"(max-width: 360px) 100vw, 360px\" \/>Gij\u00f3n acoger\u00e1 este domingo la XII Carrera de la Mujer Central Lechera Asturiana de Gij\u00f3n, para la que se han repartido un total de 7.500 dorsales. La prueba cuenta con la alpinista asturiana Rosa Fern\u00e1ndez, que super\u00f3 un c\u00e1ncer, como madrina, aunque esta no podr\u00e1 estar presente en la misma.<\/p>\n<p>La carrera busca sensibilizar sobre la lucha contra el c\u00e1ncer de mama, al tiempo que se recaudan fondos para diversas ONG de diversa \u00edndole. En esta ocasi\u00f3n, se suman tres nuevas ONG: Clara Campoamor, que combate la violencia de g\u00e9nero; Geicam, que dedican todo el dinero recaudado a la investigaci\u00f3n del c\u00e1ncer de mama; y Mundo Cooperante, contra la ablaci\u00f3n del cl\u00edtoris en ni\u00f1as y mujeres de \u00c1frica.<\/p>\n<p>Adem\u00e1s, recibir\u00e1n tambi\u00e9n aportaci\u00f3n la Asociaci\u00f3n Espa\u00f1ola Contra el C\u00e1ncer y ASAMA, en Vitoria. Todas ellas podr\u00e1n disponer tambi\u00e9n de un espacio en la feria que se organiza paralela a la prueba, donde podr\u00e1n recibir donaciones, vender productos para recaudar fondos y hacer campa\u00f1a sobre las causas que defienden.<\/p>\n<p>La carrera partir\u00e1 de Albert Einstein, a las 10.00 horas, con meta en el Hip\u00f3dromo de Las Mestas, y tendr\u00e1 5,5 kil\u00f3metros de recorrido. No faltar\u00e1n las actividades paralelas, como el aer\u00f3bic, y la feria, que durar\u00e1 dos d\u00edas en horario de 10 a 14.00 horas. La prueba est\u00e1 organizada por la revista Sport Life y el club Gij\u00f3n Atletismo.<\/p>\n<p><strong>CORTES AL TR\u00c1FICO<\/strong><\/p>\n<p>Debido a la carrera, se prohibir\u00e1 el estacionamiento de veh\u00edculos en la avenida de Albert Einstein, lugar de salida de la prueba, y en la calle de Jes\u00fas Revuelta, final del recorrido.<\/p>\n<p>Por este motivo, sobre las 07:00 horas se cortar\u00e1 al tr\u00e1fico la avenida Albert Einstein para el montaje de la infraestructura de salida. El recorrido se cortar\u00e1 al tr\u00e1fico minutos antes de que comience la prueba deportiva y se ir\u00e1 abriendo sucesivamente tan pronto como sea posible.<\/p>\n<p>La duraci\u00f3n ser\u00e1 de una hora y quince minutos aproximadamente. La zona de m\u00e1s incidencia para el tr\u00e1fico ser\u00e1 el Muro, Avda. Justo del Castillo y Mestas.<\/p>\n<p>Durante la prueba, asimismo, se establecer\u00e1n desv\u00edos de tr\u00e1fico en la zona, as\u00ed los veh\u00edculos que circulen por Pablo Iglesias hacia La Gu\u00eda ser\u00e1n desviados por la calle Anselmo Solar en direcci\u00f3n a la Ronda Sur.<\/p>\n<p>Por su lado, los veh\u00edculos que procedan de la Providencia, Infanz\u00f3n y Somi\u00f3 en direcci\u00f3n al Muro ser\u00e1n desviados por las calles Dionisio Cifuentes y P\u00e9rez Pimentel. El tr\u00e1fico de entrada a Gij\u00f3n en direcci\u00f3n a la Gu\u00eda ser\u00e1 desviado hacia la calle Anselmo Solar y Carretera de Castiello.<\/p>\n","protected":false},"excerpt":{"rendered":"<p>Gij\u00f3n acoger\u00e1 este domingo la XII Carrera de la Mujer Central Lechera Asturiana de Gij\u00f3n, para la que se han repartido un total de 7.500 dorsales. La prueba cuenta con la alpinista asturiana Rosa Fern\u00e1ndez, que super\u00f3 un c\u00e1ncer, como madrina, aunque esta no podr\u00e1 estar presente en la misma. La carrera busca sensibilizar sobre<\/p>\n","protected":false},"author":1,"featured_media":30689,"comment_status":"closed","ping_status":"closed","sticky":false,"template":"","format":"standard","meta":{"footnotes":""},"categories":[343],"tags":[],"class_list":{"0":"post-30688","1":"post","2":"type-post","3":"status-publish","4":"format-standard","5":"has-post-thumbnail","7":"category-actualidad"},"aioseo_notices":[],"aioseo_head":"\n\t\t<!-- All in One SEO Pro 4.9.6.2 - aioseo.com -->\n\t<meta name=\"description\" content=\"Gij\u00f3n acoger\u00e1 este domingo la XII Carrera de la Mujer Central Lechera Asturiana de Gij\u00f3n, para la que se han repartido un total de 7.500 dorsales. La prueba cuenta con la alpinista asturiana Rosa Fern\u00e1ndez, que super\u00f3 un c\u00e1ncer, como madrina, aunque esta no podr\u00e1 estar presente en la misma. La carrera busca sensibilizar sobre\" \/>\n\t<meta name=\"robots\" content=\"max-image-preview:large\" \/>\n\t<meta name=\"author\" content=\"Cand\u00e1s 365\"\/>\n\t<meta name=\"google-site-verification\" content=\"UA-32230408-1\" \/>\n\t<meta name=\"msvalidate.01\" content=\"354F3CDFB2DA171B47FBE9ABF1F88D5\" \/>\n\t<meta name=\"keywords\" content=\"actualidad\" \/>\n\t<link rel=\"canonical\" href=\"https:\/\/candas365.es\/noticias\/7-500-corredores-participaran-en-la-xii-carrera-de-la-mujer-central-lechera-asturiana-de-gijon\/\" \/>\n\t<meta name=\"generator\" content=\"All in One SEO Pro (AIOSEO) 4.9.6.2\" \/>\n\t\t<meta property=\"og:locale\" content=\"es_ES\" \/>\n\t\t<meta property=\"og:site_name\" content=\"Cand\u00e1s 365\" \/>\n\t\t<meta property=\"og:type\" content=\"article\" \/>\n\t\t<meta property=\"og:title\" content=\"7.500 corredores participar\u00e1n en la XII Carrera de la Mujer Central Lechera Asturiana de Gij\u00f3n | Cand\u00e1s 365\" \/>\n\t\t<meta property=\"og:description\" content=\"Gij\u00f3n acoger\u00e1 este domingo la XII Carrera de la Mujer Central Lechera Asturiana de Gij\u00f3n, para la que se han repartido un total de 7.500 dorsales. La prueba cuenta con la alpinista asturiana Rosa Fern\u00e1ndez, que super\u00f3 un c\u00e1ncer, como madrina, aunque esta no podr\u00e1 estar presente en la misma. La carrera busca sensibilizar sobre\" \/>\n\t\t<meta property=\"og:url\" content=\"https:\/\/candas365.es\/noticias\/7-500-corredores-participaran-en-la-xii-carrera-de-la-mujer-central-lechera-asturiana-de-gijon\/\" \/>\n\t\t<meta property=\"og:image\" content=\"https:\/\/candas365.es\/noticias\/wp-content\/uploads\/2016\/06\/fotonoticia_20160618190435_800.jpg\" \/>\n\t\t<meta property=\"og:image:secure_url\" content=\"https:\/\/candas365.es\/noticias\/wp-content\/uploads\/2016\/06\/fotonoticia_20160618190435_800.jpg\" \/>\n\t\t<meta property=\"og:image:width\" content=\"800\" \/>\n\t\t<meta property=\"og:image:height\" content=\"533\" \/>\n\t\t<meta property=\"article:published_time\" content=\"2016-06-18T20:56:48+00:00\" \/>\n\t\t<meta property=\"article:modified_time\" content=\"2016-06-18T20:56:48+00:00\" \/>\n\t\t<meta property=\"article:publisher\" content=\"https:\/\/www.facebook.com\/Nachofdezber\" \/>\n\t\t<meta property=\"article:author\" content=\"https:\/\/www.facebook.com\/carrenoactualidad\" \/>\n\t\t<meta name=\"twitter:card\" content=\"summary_large_image\" \/>\n\t\t<meta name=\"twitter:site\" content=\"@NabercoDigital\" \/>\n\t\t<meta name=\"twitter:title\" content=\"7.500 corredores participar\u00e1n en la XII Carrera de la Mujer Central Lechera Asturiana de Gij\u00f3n | Cand\u00e1s 365\" \/>\n\t\t<meta name=\"twitter:description\" content=\"Gij\u00f3n acoger\u00e1 este domingo la XII Carrera de la Mujer Central Lechera Asturiana de Gij\u00f3n, para la que se han repartido un total de 7.500 dorsales. La prueba cuenta con la alpinista asturiana Rosa Fern\u00e1ndez, que super\u00f3 un c\u00e1ncer, como madrina, aunque esta no podr\u00e1 estar presente en la misma. La carrera busca sensibilizar sobre\" \/>\n\t\t<meta name=\"twitter:creator\" content=\"@nbasturias\" \/>\n\t\t<meta name=\"twitter:image\" content=\"https:\/\/candas365.es\/noticias\/wp-content\/uploads\/2016\/06\/fotonoticia_20160618190435_800.jpg\" \/>\n\t\t<meta name=\"twitter:label1\" content=\"Escrito por\" \/>\n\t\t<meta name=\"twitter:data1\" content=\"Cand\u00e1s 365\" \/>\n\t\t<meta name=\"twitter:label2\" content=\"Tiempo de lectura estimado\" \/>\n\t\t<meta name=\"twitter:data2\" content=\"2 minutos\" \/>\n\t\t<script type=\"application\/ld+json\" class=\"aioseo-schema\">\n\t\t\t{\"@context\":\"https:\\\/\\\/schema.org\",\"@graph\":[{\"@type\":\"BreadcrumbList\",\"@id\":\"https:\\\/\\\/candas365.es\\\/noticias\\\/7-500-corredores-participaran-en-la-xii-carrera-de-la-mujer-central-lechera-asturiana-de-gijon\\\/#breadcrumblist\",\"itemListElement\":[{\"@type\":\"ListItem\",\"@id\":\"https:\\\/\\\/candas365.es\\\/noticias#listItem\",\"position\":1,\"name\":\"Home\",\"item\":\"https:\\\/\\\/candas365.es\\\/noticias\",\"nextItem\":{\"@type\":\"ListItem\",\"@id\":\"https:\\\/\\\/candas365.es\\\/noticias\\\/category\\\/actualidad\\\/#listItem\",\"name\":\"Actualidad\"}},{\"@type\":\"ListItem\",\"@id\":\"https:\\\/\\\/candas365.es\\\/noticias\\\/category\\\/actualidad\\\/#listItem\",\"position\":2,\"name\":\"Actualidad\",\"item\":\"https:\\\/\\\/candas365.es\\\/noticias\\\/category\\\/actualidad\\\/\",\"nextItem\":{\"@type\":\"ListItem\",\"@id\":\"https:\\\/\\\/candas365.es\\\/noticias\\\/7-500-corredores-participaran-en-la-xii-carrera-de-la-mujer-central-lechera-asturiana-de-gijon\\\/#listItem\",\"name\":\"7.500 corredores participar\\u00e1n en la XII Carrera de la Mujer Central Lechera Asturiana de Gij\\u00f3n\"},\"previousItem\":{\"@type\":\"ListItem\",\"@id\":\"https:\\\/\\\/candas365.es\\\/noticias#listItem\",\"name\":\"Home\"}},{\"@type\":\"ListItem\",\"@id\":\"https:\\\/\\\/candas365.es\\\/noticias\\\/7-500-corredores-participaran-en-la-xii-carrera-de-la-mujer-central-lechera-asturiana-de-gijon\\\/#listItem\",\"position\":3,\"name\":\"7.500 corredores participar\\u00e1n en la XII Carrera de la Mujer Central Lechera Asturiana de Gij\\u00f3n\",\"previousItem\":{\"@type\":\"ListItem\",\"@id\":\"https:\\\/\\\/candas365.es\\\/noticias\\\/category\\\/actualidad\\\/#listItem\",\"name\":\"Actualidad\"}}]},{\"@type\":\"NewsArticle\",\"@id\":\"https:\\\/\\\/candas365.es\\\/noticias\\\/7-500-corredores-participaran-en-la-xii-carrera-de-la-mujer-central-lechera-asturiana-de-gijon\\\/#newsarticle\",\"name\":\"7.500 corredores participar\\u00e1n en la XII Carrera de la Mujer Central Lechera Asturiana de Gij\\u00f3n | Cand\\u00e1s 365\",\"headline\":\"7.500 corredores participar\\u00e1n en la XII Carrera de la Mujer Central Lechera Asturiana de Gij\\u00f3n\",\"author\":{\"@id\":\"https:\\\/\\\/candas365.es\\\/noticias\\\/author\\\/admin\\\/#author\"},\"publisher\":{\"@id\":\"https:\\\/\\\/candas365.es\\\/noticias\\\/#organization\"},\"image\":{\"@type\":\"ImageObject\",\"url\":\"https:\\\/\\\/candas365.es\\\/noticias\\\/wp-content\\\/uploads\\\/2016\\\/06\\\/fotonoticia_20160618190435_800.jpg\",\"width\":800,\"height\":533},\"datePublished\":\"2016-06-18T22:26:48+02:00\",\"dateModified\":\"2016-06-18T22:26:48+02:00\",\"inLanguage\":\"es-ES\",\"mainEntityOfPage\":{\"@id\":\"https:\\\/\\\/candas365.es\\\/noticias\\\/7-500-corredores-participaran-en-la-xii-carrera-de-la-mujer-central-lechera-asturiana-de-gijon\\\/#webpage\"},\"isPartOf\":{\"@id\":\"https:\\\/\\\/candas365.es\\\/noticias\\\/7-500-corredores-participaran-en-la-xii-carrera-de-la-mujer-central-lechera-asturiana-de-gijon\\\/#webpage\"},\"articleSection\":\"Actualidad\",\"dateline\":\"Publicado el junio 18, 2016.\"},{\"@type\":\"Organization\",\"@id\":\"https:\\\/\\\/candas365.es\\\/noticias\\\/#organization\",\"name\":\"Cand\\u00e1s 365\",\"description\":\"Cand\\u00e1s 365 es un diario digital independiente, fundado en 2012, con base en Asturias. Informamos con rigor sobre actualidad, sociedad, cultura y ocio, con una mirada local y global.\",\"url\":\"https:\\\/\\\/candas365.es\\\/noticias\\\/\",\"email\":\"info@candas365.es\",\"telephone\":\"+34652131393\",\"foundingDate\":\"2012-06-10\",\"logo\":{\"@type\":\"ImageObject\",\"url\":\"https:\\\/\\\/candas365.es\\\/noticias\\\/wp-content\\\/uploads\\\/2024\\\/09\\\/Candas-365-Redes.jpg\",\"@id\":\"https:\\\/\\\/candas365.es\\\/noticias\\\/7-500-corredores-participaran-en-la-xii-carrera-de-la-mujer-central-lechera-asturiana-de-gijon\\\/#organizationLogo\",\"width\":1152,\"height\":864,\"caption\":\"Cand\\u00e1s 365 Redes\"},\"image\":{\"@id\":\"https:\\\/\\\/candas365.es\\\/noticias\\\/7-500-corredores-participaran-en-la-xii-carrera-de-la-mujer-central-lechera-asturiana-de-gijon\\\/#organizationLogo\"},\"sameAs\":[\"https:\\\/\\\/www.facebook.com\\\/Nachofdezber\",\"https:\\\/\\\/x.com\\\/NabercoDigital\",\"https:\\\/\\\/www.instagram.com\\\/nachofdezber\\\/\",\"https:\\\/\\\/www.youtube.com\\\/channel\\\/UCZP-2wLEB9Rv6erhFmqVnvg\"],\"address\":{\"@id\":\"https:\\\/\\\/candas365.es\\\/noticias\\\/#postaladdress\",\"@type\":\"PostalAddress\",\"streetAddress\":\"san antonio 4, san antonio 4\",\"postalCode\":\"33430\",\"addressLocality\":\"Cand\\u00e1s\",\"addressRegion\":\"Asturias\",\"addressCountry\":\"ES\"}},{\"@type\":\"Person\",\"@id\":\"https:\\\/\\\/candas365.es\\\/noticias\\\/author\\\/admin\\\/#author\",\"url\":\"https:\\\/\\\/candas365.es\\\/noticias\\\/author\\\/admin\\\/\",\"name\":\"Cand\\u00e1s 365\",\"image\":{\"@type\":\"ImageObject\",\"@id\":\"https:\\\/\\\/candas365.es\\\/noticias\\\/7-500-corredores-participaran-en-la-xii-carrera-de-la-mujer-central-lechera-asturiana-de-gijon\\\/#authorImage\",\"url\":\"https:\\\/\\\/secure.gravatar.com\\\/avatar\\\/496a8e03d0c493ede1718b7934145dbdf8d89be1036b0eec9544e1094c9de390?s=96&d=mm&r=g\",\"width\":96,\"height\":96,\"caption\":\"Cand\\u00e1s 365\"},\"sameAs\":[\"https:\\\/\\\/www.facebook.com\\\/carrenoactualidad\",\"https:\\\/\\\/twitter.com\\\/nbasturias\",\"https:\\\/\\\/www.instagram.com\\\/nachofdezber\\\/\",\"https:\\\/\\\/www.youtube.com\\\/channel\\\/UCZP-2wLEB9Rv6erhFmqVnvg\"]},{\"@type\":\"WebPage\",\"@id\":\"https:\\\/\\\/candas365.es\\\/noticias\\\/7-500-corredores-participaran-en-la-xii-carrera-de-la-mujer-central-lechera-asturiana-de-gijon\\\/#webpage\",\"url\":\"https:\\\/\\\/candas365.es\\\/noticias\\\/7-500-corredores-participaran-en-la-xii-carrera-de-la-mujer-central-lechera-asturiana-de-gijon\\\/\",\"name\":\"7.500 corredores participar\\u00e1n en la XII Carrera de la Mujer Central Lechera Asturiana de Gij\\u00f3n | Cand\\u00e1s 365\",\"description\":\"Gij\\u00f3n acoger\\u00e1 este domingo la XII Carrera de la Mujer Central Lechera Asturiana de Gij\\u00f3n, para la que se han repartido un total de 7.500 dorsales. La prueba cuenta con la alpinista asturiana Rosa Fern\\u00e1ndez, que super\\u00f3 un c\\u00e1ncer, como madrina, aunque esta no podr\\u00e1 estar presente en la misma. La carrera busca sensibilizar sobre\",\"inLanguage\":\"es-ES\",\"isPartOf\":{\"@id\":\"https:\\\/\\\/candas365.es\\\/noticias\\\/#website\"},\"breadcrumb\":{\"@id\":\"https:\\\/\\\/candas365.es\\\/noticias\\\/7-500-corredores-participaran-en-la-xii-carrera-de-la-mujer-central-lechera-asturiana-de-gijon\\\/#breadcrumblist\"},\"author\":{\"@id\":\"https:\\\/\\\/candas365.es\\\/noticias\\\/author\\\/admin\\\/#author\"},\"creator\":{\"@id\":\"https:\\\/\\\/candas365.es\\\/noticias\\\/author\\\/admin\\\/#author\"},\"image\":{\"@type\":\"ImageObject\",\"url\":\"https:\\\/\\\/candas365.es\\\/noticias\\\/wp-content\\\/uploads\\\/2016\\\/06\\\/fotonoticia_20160618190435_800.jpg\",\"@id\":\"https:\\\/\\\/candas365.es\\\/noticias\\\/7-500-corredores-participaran-en-la-xii-carrera-de-la-mujer-central-lechera-asturiana-de-gijon\\\/#mainImage\",\"width\":800,\"height\":533},\"primaryImageOfPage\":{\"@id\":\"https:\\\/\\\/candas365.es\\\/noticias\\\/7-500-corredores-participaran-en-la-xii-carrera-de-la-mujer-central-lechera-asturiana-de-gijon\\\/#mainImage\"},\"datePublished\":\"2016-06-18T22:26:48+02:00\",\"dateModified\":\"2016-06-18T22:26:48+02:00\"},{\"@type\":\"WebSite\",\"@id\":\"https:\\\/\\\/candas365.es\\\/noticias\\\/#website\",\"url\":\"https:\\\/\\\/candas365.es\\\/noticias\\\/\",\"name\":\"Cand\\u00e1s 365\",\"alternateName\":\"Cand\\u00e1s 365 Noticias\",\"description\":\"Actualidad desde Carre\\u00f1o para el mundo\",\"inLanguage\":\"es-ES\",\"publisher\":{\"@id\":\"https:\\\/\\\/candas365.es\\\/noticias\\\/#organization\"}}]}\n\t\t<\/script>\n\t\t<!-- All in One SEO Pro -->\r\n\t\t<title>7.500 corredores participar\u00e1n en la XII Carrera de la Mujer Central Lechera Asturiana de Gij\u00f3n | Cand\u00e1s 365<\/title>\n\n","aioseo_head_json":{"title":"7.500 corredores participar\u00e1n en la XII Carrera de la Mujer Central Lechera Asturiana de Gij\u00f3n | Cand\u00e1s 365","description":"Gij\u00f3n acoger\u00e1 este domingo la XII Carrera de la Mujer Central Lechera Asturiana de Gij\u00f3n, para la que se han repartido un total de 7.500 dorsales. La prueba cuenta con la alpinista asturiana Rosa Fern\u00e1ndez, que super\u00f3 un c\u00e1ncer, como madrina, aunque esta no podr\u00e1 estar presente en la misma. La carrera busca sensibilizar sobre","canonical_url":"https:\/\/candas365.es\/noticias\/7-500-corredores-participaran-en-la-xii-carrera-de-la-mujer-central-lechera-asturiana-de-gijon\/","robots":"max-image-preview:large","keywords":"actualidad","webmasterTools":{"google-site-verification":"UA-32230408-1","msvalidate.01":"354F3CDFB2DA171B47FBE9ABF1F88D5","miscellaneous":""},"schema":{"@context":"https:\/\/schema.org","@graph":[{"@type":"BreadcrumbList","@id":"https:\/\/candas365.es\/noticias\/7-500-corredores-participaran-en-la-xii-carrera-de-la-mujer-central-lechera-asturiana-de-gijon\/#breadcrumblist","itemListElement":[{"@type":"ListItem","@id":"https:\/\/candas365.es\/noticias#listItem","position":1,"name":"Home","item":"https:\/\/candas365.es\/noticias","nextItem":{"@type":"ListItem","@id":"https:\/\/candas365.es\/noticias\/category\/actualidad\/#listItem","name":"Actualidad"}},{"@type":"ListItem","@id":"https:\/\/candas365.es\/noticias\/category\/actualidad\/#listItem","position":2,"name":"Actualidad","item":"https:\/\/candas365.es\/noticias\/category\/actualidad\/","nextItem":{"@type":"ListItem","@id":"https:\/\/candas365.es\/noticias\/7-500-corredores-participaran-en-la-xii-carrera-de-la-mujer-central-lechera-asturiana-de-gijon\/#listItem","name":"7.500 corredores participar\u00e1n en la XII Carrera de la Mujer Central Lechera Asturiana de Gij\u00f3n"},"previousItem":{"@type":"ListItem","@id":"https:\/\/candas365.es\/noticias#listItem","name":"Home"}},{"@type":"ListItem","@id":"https:\/\/candas365.es\/noticias\/7-500-corredores-participaran-en-la-xii-carrera-de-la-mujer-central-lechera-asturiana-de-gijon\/#listItem","position":3,"name":"7.500 corredores participar\u00e1n en la XII Carrera de la Mujer Central Lechera Asturiana de Gij\u00f3n","previousItem":{"@type":"ListItem","@id":"https:\/\/candas365.es\/noticias\/category\/actualidad\/#listItem","name":"Actualidad"}}]},{"@type":"NewsArticle","@id":"https:\/\/candas365.es\/noticias\/7-500-corredores-participaran-en-la-xii-carrera-de-la-mujer-central-lechera-asturiana-de-gijon\/#newsarticle","name":"7.500 corredores participar\u00e1n en la XII Carrera de la Mujer Central Lechera Asturiana de Gij\u00f3n | Cand\u00e1s 365","headline":"7.500 corredores participar\u00e1n en la XII Carrera de la Mujer Central Lechera Asturiana de Gij\u00f3n","author":{"@id":"https:\/\/candas365.es\/noticias\/author\/admin\/#author"},"publisher":{"@id":"https:\/\/candas365.es\/noticias\/#organization"},"image":{"@type":"ImageObject","url":"https:\/\/candas365.es\/noticias\/wp-content\/uploads\/2016\/06\/fotonoticia_20160618190435_800.jpg","width":800,"height":533},"datePublished":"2016-06-18T22:26:48+02:00","dateModified":"2016-06-18T22:26:48+02:00","inLanguage":"es-ES","mainEntityOfPage":{"@id":"https:\/\/candas365.es\/noticias\/7-500-corredores-participaran-en-la-xii-carrera-de-la-mujer-central-lechera-asturiana-de-gijon\/#webpage"},"isPartOf":{"@id":"https:\/\/candas365.es\/noticias\/7-500-corredores-participaran-en-la-xii-carrera-de-la-mujer-central-lechera-asturiana-de-gijon\/#webpage"},"articleSection":"Actualidad","dateline":"Publicado el junio 18, 2016."},{"@type":"Organization","@id":"https:\/\/candas365.es\/noticias\/#organization","name":"Cand\u00e1s 365","description":"Cand\u00e1s 365 es un diario digital independiente, fundado en 2012, con base en Asturias. Informamos con rigor sobre actualidad, sociedad, cultura y ocio, con una mirada local y global.","url":"https:\/\/candas365.es\/noticias\/","email":"info@candas365.es","telephone":"+34652131393","foundingDate":"2012-06-10","logo":{"@type":"ImageObject","url":"https:\/\/candas365.es\/noticias\/wp-content\/uploads\/2024\/09\/Candas-365-Redes.jpg","@id":"https:\/\/candas365.es\/noticias\/7-500-corredores-participaran-en-la-xii-carrera-de-la-mujer-central-lechera-asturiana-de-gijon\/#organizationLogo","width":1152,"height":864,"caption":"Cand\u00e1s 365 Redes"},"image":{"@id":"https:\/\/candas365.es\/noticias\/7-500-corredores-participaran-en-la-xii-carrera-de-la-mujer-central-lechera-asturiana-de-gijon\/#organizationLogo"},"sameAs":["https:\/\/www.facebook.com\/Nachofdezber","https:\/\/x.com\/NabercoDigital","https:\/\/www.instagram.com\/nachofdezber\/","https:\/\/www.youtube.com\/channel\/UCZP-2wLEB9Rv6erhFmqVnvg"],"address":{"@id":"https:\/\/candas365.es\/noticias\/#postaladdress","@type":"PostalAddress","streetAddress":"san antonio 4, san antonio 4","postalCode":"33430","addressLocality":"Cand\u00e1s","addressRegion":"Asturias","addressCountry":"ES"}},{"@type":"Person","@id":"https:\/\/candas365.es\/noticias\/author\/admin\/#author","url":"https:\/\/candas365.es\/noticias\/author\/admin\/","name":"Cand\u00e1s 365","image":{"@type":"ImageObject","@id":"https:\/\/candas365.es\/noticias\/7-500-corredores-participaran-en-la-xii-carrera-de-la-mujer-central-lechera-asturiana-de-gijon\/#authorImage","url":"https:\/\/secure.gravatar.com\/avatar\/496a8e03d0c493ede1718b7934145dbdf8d89be1036b0eec9544e1094c9de390?s=96&d=mm&r=g","width":96,"height":96,"caption":"Cand\u00e1s 365"},"sameAs":["https:\/\/www.facebook.com\/carrenoactualidad","https:\/\/twitter.com\/nbasturias","https:\/\/www.instagram.com\/nachofdezber\/","https:\/\/www.youtube.com\/channel\/UCZP-2wLEB9Rv6erhFmqVnvg"]},{"@type":"WebPage","@id":"https:\/\/candas365.es\/noticias\/7-500-corredores-participaran-en-la-xii-carrera-de-la-mujer-central-lechera-asturiana-de-gijon\/#webpage","url":"https:\/\/candas365.es\/noticias\/7-500-corredores-participaran-en-la-xii-carrera-de-la-mujer-central-lechera-asturiana-de-gijon\/","name":"7.500 corredores participar\u00e1n en la XII Carrera de la Mujer Central Lechera Asturiana de Gij\u00f3n | Cand\u00e1s 365","description":"Gij\u00f3n acoger\u00e1 este domingo la XII Carrera de la Mujer Central Lechera Asturiana de Gij\u00f3n, para la que se han repartido un total de 7.500 dorsales. La prueba cuenta con la alpinista asturiana Rosa Fern\u00e1ndez, que super\u00f3 un c\u00e1ncer, como madrina, aunque esta no podr\u00e1 estar presente en la misma. La carrera busca sensibilizar sobre","inLanguage":"es-ES","isPartOf":{"@id":"https:\/\/candas365.es\/noticias\/#website"},"breadcrumb":{"@id":"https:\/\/candas365.es\/noticias\/7-500-corredores-participaran-en-la-xii-carrera-de-la-mujer-central-lechera-asturiana-de-gijon\/#breadcrumblist"},"author":{"@id":"https:\/\/candas365.es\/noticias\/author\/admin\/#author"},"creator":{"@id":"https:\/\/candas365.es\/noticias\/author\/admin\/#author"},"image":{"@type":"ImageObject","url":"https:\/\/candas365.es\/noticias\/wp-content\/uploads\/2016\/06\/fotonoticia_20160618190435_800.jpg","@id":"https:\/\/candas365.es\/noticias\/7-500-corredores-participaran-en-la-xii-carrera-de-la-mujer-central-lechera-asturiana-de-gijon\/#mainImage","width":800,"height":533},"primaryImageOfPage":{"@id":"https:\/\/candas365.es\/noticias\/7-500-corredores-participaran-en-la-xii-carrera-de-la-mujer-central-lechera-asturiana-de-gijon\/#mainImage"},"datePublished":"2016-06-18T22:26:48+02:00","dateModified":"2016-06-18T22:26:48+02:00"},{"@type":"WebSite","@id":"https:\/\/candas365.es\/noticias\/#website","url":"https:\/\/candas365.es\/noticias\/","name":"Cand\u00e1s 365","alternateName":"Cand\u00e1s 365 Noticias","description":"Actualidad desde Carre\u00f1o para el mundo","inLanguage":"es-ES","publisher":{"@id":"https:\/\/candas365.es\/noticias\/#organization"}}]},"og:locale":"es_ES","og:site_name":"Cand\u00e1s 365","og:type":"article","og:title":"7.500 corredores participar\u00e1n en la XII Carrera de la Mujer Central Lechera Asturiana de Gij\u00f3n | Cand\u00e1s 365","og:description":"Gij\u00f3n acoger\u00e1 este domingo la XII Carrera de la Mujer Central Lechera Asturiana de Gij\u00f3n, para la que se han repartido un total de 7.500 dorsales. La prueba cuenta con la alpinista asturiana Rosa Fern\u00e1ndez, que super\u00f3 un c\u00e1ncer, como madrina, aunque esta no podr\u00e1 estar presente en la misma. La carrera busca sensibilizar sobre","og:url":"https:\/\/candas365.es\/noticias\/7-500-corredores-participaran-en-la-xii-carrera-de-la-mujer-central-lechera-asturiana-de-gijon\/","og:image":"https:\/\/candas365.es\/noticias\/wp-content\/uploads\/2016\/06\/fotonoticia_20160618190435_800.jpg","og:image:secure_url":"https:\/\/candas365.es\/noticias\/wp-content\/uploads\/2016\/06\/fotonoticia_20160618190435_800.jpg","og:image:width":800,"og:image:height":533,"article:published_time":"2016-06-18T20:56:48+00:00","article:modified_time":"2016-06-18T20:56:48+00:00","article:publisher":"https:\/\/www.facebook.com\/Nachofdezber","article:author":"https:\/\/www.facebook.com\/carrenoactualidad","twitter:card":"summary_large_image","twitter:site":"@NabercoDigital","twitter:title":"7.500 corredores participar\u00e1n en la XII Carrera de la Mujer Central Lechera Asturiana de Gij\u00f3n | Cand\u00e1s 365","twitter:description":"Gij\u00f3n acoger\u00e1 este domingo la XII Carrera de la Mujer Central Lechera Asturiana de Gij\u00f3n, para la que se han repartido un total de 7.500 dorsales. La prueba cuenta con la alpinista asturiana Rosa Fern\u00e1ndez, que super\u00f3 un c\u00e1ncer, como madrina, aunque esta no podr\u00e1 estar presente en la misma. La carrera busca sensibilizar sobre","twitter:creator":"@nbasturias","twitter:image":"https:\/\/candas365.es\/noticias\/wp-content\/uploads\/2016\/06\/fotonoticia_20160618190435_800.jpg","twitter:label1":"Escrito por","twitter:data1":"Cand\u00e1s 365","twitter:label2":"Tiempo de lectura estimado","twitter:data2":"2 minutos"},"aioseo_meta_data":{"post_id":"30688","title":null,"description":null,"keywords":null,"keyphrases":null,"primary_term":null,"canonical_url":null,"og_title":null,"og_description":null,"og_object_type":"default","og_image_type":"default","og_image_url":null,"og_image_width":null,"og_image_height":null,"og_image_custom_url":null,"og_image_custom_fields":null,"og_video":null,"og_custom_url":null,"og_article_section":null,"og_article_tags":null,"twitter_use_og":false,"twitter_card":"default","twitter_image_type":"default","twitter_image_url":null,"twitter_image_custom_url":null,"twitter_image_custom_fields":null,"twitter_title":null,"twitter_description":null,"schema":{"blockGraphs":[],"customGraphs":[],"default":{"data":{"Article":[],"Course":[],"Dataset":[],"FAQPage":[],"Movie":[],"Person":[],"Product":[],"ProductReview":[],"Car":[],"Recipe":[],"Service":[],"SoftwareApplication":[],"WebPage":[]},"graphName":"","isEnabled":true},"graphs":[],"defaultGraph":"","defaultPostTypeGraph":""},"schema_type":null,"schema_type_options":null,"pillar_content":false,"robots_default":true,"robots_noindex":false,"robots_noarchive":false,"robots_nosnippet":false,"robots_nofollow":false,"robots_noimageindex":false,"robots_noodp":false,"robots_notranslate":false,"robots_max_snippet":null,"robots_max_videopreview":null,"robots_max_imagepreview":"large","priority":null,"frequency":null,"location":null,"local_seo":null,"seo_analyzer_scan_date":"2025-08-24 12:51:18","breadcrumb_settings":null,"limit_modified_date":false,"reviewed_by":null,"open_ai":null,"ai":null,"created":"2020-12-21 12:59:13","updated":"2025-08-24 12:51:18"},"aioseo_breadcrumb":"<div class=\"aioseo-breadcrumbs\"><span class=\"aioseo-breadcrumb\">\n\t<a href=\"https:\/\/candas365.es\/noticias\" title=\"Home\">Home<\/a>\n<\/span><span class=\"aioseo-breadcrumb-separator\">&ndash;<\/span><span class=\"aioseo-breadcrumb\">\n\t<a href=\"https:\/\/candas365.es\/noticias\/category\/actualidad\/\" title=\"Actualidad\">Actualidad<\/a>\n<\/span><span class=\"aioseo-breadcrumb-separator\">&ndash;<\/span><span class=\"aioseo-breadcrumb\">\n\t7.500 corredores participar\u00e1n en la XII Carrera de la Mujer Central Lechera Asturiana de Gij\u00f3n\n<\/span><\/div>","aioseo_breadcrumb_json":[{"label":"Home","link":"https:\/\/candas365.es\/noticias"},{"label":"Actualidad","link":"https:\/\/candas365.es\/noticias\/category\/actualidad\/"},{"label":"7.500 corredores participar\u00e1n en la XII Carrera de la Mujer Central Lechera Asturiana de Gij\u00f3n","link":"https:\/\/candas365.es\/noticias\/7-500-corredores-participaran-en-la-xii-carrera-de-la-mujer-central-lechera-asturiana-de-gijon\/"}],"_links":{"self":[{"href":"https:\/\/candas365.es\/noticias\/wp-json\/wp\/v2\/posts\/30688","targetHints":{"allow":["GET"]}}],"collection":[{"href":"https:\/\/candas365.es\/noticias\/wp-json\/wp\/v2\/posts"}],"about":[{"href":"https:\/\/candas365.es\/noticias\/wp-json\/wp\/v2\/types\/post"}],"author":[{"embeddable":true,"href":"https:\/\/candas365.es\/noticias\/wp-json\/wp\/v2\/users\/1"}],"replies":[{"embeddable":true,"href":"https:\/\/candas365.es\/noticias\/wp-json\/wp\/v2\/comments?post=30688"}],"version-history":[{"count":0,"href":"https:\/\/candas365.es\/noticias\/wp-json\/wp\/v2\/posts\/30688\/revisions"}],"wp:featuredmedia":[{"embeddable":true,"href":"https:\/\/candas365.es\/noticias\/wp-json\/wp\/v2\/media\/30689"}],"wp:attachment":[{"href":"https:\/\/candas365.es\/noticias\/wp-json\/wp\/v2\/media?parent=30688"}],"wp:term":[{"taxonomy":"category","embeddable":true,"href":"https:\/\/candas365.es\/noticias\/wp-json\/wp\/v2\/categories?post=30688"},{"taxonomy":"post_tag","embeddable":true,"href":"https:\/\/candas365.es\/noticias\/wp-json\/wp\/v2\/tags?post=30688"}],"curies":[{"name":"wp","href":"https:\/\/api.w.org\/{rel}","templated":true}]}}