{"id":30680,"date":"2016-06-18T21:59:46","date_gmt":"2016-06-18T20:29:46","guid":{"rendered":"http:\/\/candas365.es\/noticias\/?p=30680"},"modified":"2016-06-18T21:59:46","modified_gmt":"2016-06-18T20:29:46","slug":"el-1-de-julio-comienza-la-operacion-verano-2016","status":"publish","type":"post","link":"https:\/\/candas365.es\/noticias\/el-1-de-julio-comienza-la-operacion-verano-2016\/","title":{"rendered":"El 1 de julio comienza la &#8216;Operaci\u00f3n Verano 2016&#8217;"},"content":{"rendered":"<p><img fetchpriority=\"high\" decoding=\"async\" class=\"alignleft size-medium wp-image-4950\" src=\"https:\/\/candas365.es\/noticias\/wp-content\/uploads\/2014\/11\/Playa-San-Lorenzo-360x270.jpg\" alt=\"Playa San Lorenzo\" width=\"360\" height=\"270\" srcset=\"https:\/\/candas365.es\/noticias\/wp-content\/uploads\/2014\/11\/Playa-San-Lorenzo-360x270.jpg 360w, https:\/\/candas365.es\/noticias\/wp-content\/uploads\/2014\/11\/Playa-San-Lorenzo-640x480.jpg 640w, https:\/\/candas365.es\/noticias\/wp-content\/uploads\/2014\/11\/Playa-San-Lorenzo-768x576.jpg 768w, https:\/\/candas365.es\/noticias\/wp-content\/uploads\/2014\/11\/Playa-San-Lorenzo-1536x1152.jpg 1536w, https:\/\/candas365.es\/noticias\/wp-content\/uploads\/2014\/11\/Playa-San-Lorenzo-150x113.jpg 150w, https:\/\/candas365.es\/noticias\/wp-content\/uploads\/2014\/11\/Playa-San-Lorenzo-450x338.jpg 450w, https:\/\/candas365.es\/noticias\/wp-content\/uploads\/2014\/11\/Playa-San-Lorenzo-1200x900.jpg 1200w, https:\/\/candas365.es\/noticias\/wp-content\/uploads\/2014\/11\/Playa-San-Lorenzo-1920x1440.jpg 1920w, https:\/\/candas365.es\/noticias\/wp-content\/uploads\/2014\/11\/Playa-San-Lorenzo-80x60.jpg 80w, https:\/\/candas365.es\/noticias\/wp-content\/uploads\/2014\/11\/Playa-San-Lorenzo-265x198.jpg 265w, https:\/\/candas365.es\/noticias\/wp-content\/uploads\/2014\/11\/Playa-San-Lorenzo-696x522.jpg 696w, https:\/\/candas365.es\/noticias\/wp-content\/uploads\/2014\/11\/Playa-San-Lorenzo-1068x801.jpg 1068w, https:\/\/candas365.es\/noticias\/wp-content\/uploads\/2014\/11\/Playa-San-Lorenzo-560x420.jpg 560w, https:\/\/candas365.es\/noticias\/wp-content\/uploads\/2014\/11\/Playa-San-Lorenzo-90x67.jpg 90w, https:\/\/candas365.es\/noticias\/wp-content\/uploads\/2014\/11\/Playa-San-Lorenzo.jpg 2048w\" sizes=\"(max-width: 360px) 100vw, 360px\" \/>La Secretar\u00eda de Estado de Seguridad del Ministerio del Interior ha activado el Plan Turismo Seguro 2016 con el fin de proporcionar al turista un entorno m\u00e1s seguro, mediante la &#8216;Operaci\u00f3n Verano 2016&#8217; que dar\u00e1 comienzo el 1 de julio.<\/p>\n<p>El Ministerio del Interior ha reforzado la plantilla en 1.227 agentes hasta alcanzar los 42.607 efectivos, un 14,35% m\u00e1s que en 2015, procedentes de la Polic\u00eda Nacional y de la Guardia Civil que garantizar\u00e1n la seguridad de las zonas tur\u00edsticas.<\/p>\n<p>El Plan Turismo Seguro 2016 tambi\u00e9n supondr\u00e1 una mayor atenci\u00f3n al turista extranjero contando con una red de 24 oficinas de Servicio de Atenci\u00f3n al Turista Extranjero, en las que se atiende a los turistas en su propio idioma. Este servicio ya funciona en Alicante, M\u00e1laga, Madrid, Granada, Sevilla, Valencia y en las Islas Baleares.<\/p>\n<p>El plan tambi\u00e9n cuenta con la aplicaci\u00f3n &#8216;Alertcops&#8217;, que permite enviar una alerta geolocalizada a los cuerpos policiales. Gracias a Alertcops, se han procesado alrededor de 50.000 alertas, de las que m\u00e1s de 6.400 corresponden a posibles situaciones de riesgo.<\/p>\n<p>MEDIDAS OPERATIVAS DE LA &#8216;OPERACI\u00d3N VERANO 2016&#8217;<\/p>\n<p>Se aumentar\u00e1 la vigilancia en v\u00edas de comunicaci\u00f3n, estaciones, puertos, aeropuertos, hoteles, campings y playas, y se reforzar\u00e1n las medidas de seguridad en espect\u00e1culos y acontecimientos que supongan grandes concentraciones de personas.<\/p>\n<p>Adem\u00e1s se potenciar\u00e1n las actuaciones para obtener informaci\u00f3n en prevenci\u00f3n antiterrorista y labores de investigaci\u00f3n de la Polic\u00eda Judicial.<\/p>\n<p>La &#8216;Operaci\u00f3n Verano 2016&#8217; se desarrollar\u00e1 en las comunidades aut\u00f3nomas de Andaluc\u00eda, Asturias, Canarias, Cantabria, Comunidad Valenciana, Galicia, Islas Baleares, Madrid y Murcia. El dispositivo concluir\u00e1 el 31 de agosto en todas ellas salvo en Islas Baleares, donde finalizar\u00e1 el 30 de septiembre.<\/p>\n<p>Para lograr la m\u00e1xima eficacia policial e incrementar la seguridad, se potenciar\u00e1 la coordinaci\u00f3n de las Fuerzas y Cuerpos de Seguridad del Estado con las Polic\u00eda Auton\u00f3micas y Locales a trav\u00e9s de las Juntas de Seguridad, y la colaboraci\u00f3n del Cuerpo Nacional de Polic\u00eda y de la Guardia Civil con las instituciones p\u00fablicas y privadas que componen el sector tur\u00edstico.<\/p>\n<p>Por su parte, corresponder\u00e1 a las Delegaciones y Subdelegaciones del Gobierno asegurar y supervisar la puesta en marcha y el posterior desarrollo de la Operaci\u00f3n en cada territorio, as\u00ed como promover y preparar con las autoridades locales la puesta en marcha de los dispositivos operativos conjuntos o complementarios con la Polic\u00eda Local y otras entidades.<\/p>\n<p>&nbsp;<\/p>\n","protected":false},"excerpt":{"rendered":"<p>La Secretar\u00eda de Estado de Seguridad del Ministerio del Interior ha activado el Plan Turismo Seguro 2016 con el fin de proporcionar al turista un entorno m\u00e1s seguro, mediante la &#8216;Operaci\u00f3n Verano 2016&#8217; que dar\u00e1 comienzo el 1 de julio. El Ministerio del Interior ha reforzado la plantilla en 1.227 agentes hasta alcanzar los 42.607<\/p>\n","protected":false},"author":1,"featured_media":4950,"comment_status":"closed","ping_status":"closed","sticky":false,"template":"","format":"standard","meta":{"footnotes":""},"categories":[343],"tags":[],"class_list":{"0":"post-30680","1":"post","2":"type-post","3":"status-publish","4":"format-standard","5":"has-post-thumbnail","7":"category-actualidad"},"aioseo_notices":[],"aioseo_head":"\n\t\t<!-- All in One SEO Pro 4.9.6.2 - aioseo.com -->\n\t<meta name=\"description\" content=\"La Secretar\u00eda de Estado de Seguridad del Ministerio del Interior ha activado el Plan Turismo Seguro 2016 con el fin de proporcionar al turista un entorno m\u00e1s seguro, mediante la &#039;Operaci\u00f3n Verano 2016&#039; que dar\u00e1 comienzo el 1 de julio. El Ministerio del Interior ha reforzado la plantilla en 1.227 agentes hasta alcanzar los 42.607\" \/>\n\t<meta name=\"robots\" content=\"max-image-preview:large\" \/>\n\t<meta name=\"author\" content=\"Cand\u00e1s 365\"\/>\n\t<meta name=\"google-site-verification\" content=\"UA-32230408-1\" \/>\n\t<meta name=\"msvalidate.01\" content=\"354F3CDFB2DA171B47FBE9ABF1F88D5\" \/>\n\t<meta name=\"keywords\" content=\"actualidad\" \/>\n\t<link rel=\"canonical\" href=\"https:\/\/candas365.es\/noticias\/el-1-de-julio-comienza-la-operacion-verano-2016\/\" \/>\n\t<meta name=\"generator\" content=\"All in One SEO Pro (AIOSEO) 4.9.6.2\" \/>\n\t\t<meta property=\"og:locale\" content=\"es_ES\" \/>\n\t\t<meta property=\"og:site_name\" content=\"Cand\u00e1s 365\" \/>\n\t\t<meta property=\"og:type\" content=\"article\" \/>\n\t\t<meta property=\"og:title\" content=\"El 1 de julio comienza la \u2018Operaci\u00f3n Verano 2016\u2019 | Cand\u00e1s 365\" \/>\n\t\t<meta property=\"og:description\" content=\"La Secretar\u00eda de Estado de Seguridad del Ministerio del Interior ha activado el Plan Turismo Seguro 2016 con el fin de proporcionar al turista un entorno m\u00e1s seguro, mediante la &#039;Operaci\u00f3n Verano 2016&#039; que dar\u00e1 comienzo el 1 de julio. El Ministerio del Interior ha reforzado la plantilla en 1.227 agentes hasta alcanzar los 42.607\" \/>\n\t\t<meta property=\"og:url\" content=\"https:\/\/candas365.es\/noticias\/el-1-de-julio-comienza-la-operacion-verano-2016\/\" \/>\n\t\t<meta property=\"og:image\" content=\"https:\/\/candas365.es\/noticias\/wp-content\/uploads\/2014\/11\/Playa-San-Lorenzo.jpg\" \/>\n\t\t<meta property=\"og:image:secure_url\" content=\"https:\/\/candas365.es\/noticias\/wp-content\/uploads\/2014\/11\/Playa-San-Lorenzo.jpg\" \/>\n\t\t<meta property=\"og:image:width\" content=\"2048\" \/>\n\t\t<meta property=\"og:image:height\" content=\"1536\" \/>\n\t\t<meta property=\"article:published_time\" content=\"2016-06-18T20:29:46+00:00\" \/>\n\t\t<meta property=\"article:modified_time\" content=\"2016-06-18T20:29:46+00:00\" \/>\n\t\t<meta property=\"article:publisher\" content=\"https:\/\/www.facebook.com\/Nachofdezber\" \/>\n\t\t<meta property=\"article:author\" content=\"https:\/\/www.facebook.com\/carrenoactualidad\" \/>\n\t\t<meta name=\"twitter:card\" content=\"summary_large_image\" \/>\n\t\t<meta name=\"twitter:site\" content=\"@NabercoDigital\" \/>\n\t\t<meta name=\"twitter:title\" content=\"El 1 de julio comienza la \u2018Operaci\u00f3n Verano 2016\u2019 | Cand\u00e1s 365\" \/>\n\t\t<meta name=\"twitter:description\" content=\"La Secretar\u00eda de Estado de Seguridad del Ministerio del Interior ha activado el Plan Turismo Seguro 2016 con el fin de proporcionar al turista un entorno m\u00e1s seguro, mediante la &#039;Operaci\u00f3n Verano 2016&#039; que dar\u00e1 comienzo el 1 de julio. El Ministerio del Interior ha reforzado la plantilla en 1.227 agentes hasta alcanzar los 42.607\" \/>\n\t\t<meta name=\"twitter:creator\" content=\"@nbasturias\" \/>\n\t\t<meta name=\"twitter:image\" content=\"https:\/\/candas365.es\/noticias\/wp-content\/uploads\/2014\/11\/Playa-San-Lorenzo.jpg\" \/>\n\t\t<meta name=\"twitter:label1\" content=\"Escrito por\" \/>\n\t\t<meta name=\"twitter:data1\" content=\"Cand\u00e1s 365\" \/>\n\t\t<meta name=\"twitter:label2\" content=\"Tiempo de lectura estimado\" \/>\n\t\t<meta name=\"twitter:data2\" content=\"2 minutos\" \/>\n\t\t<script type=\"application\/ld+json\" class=\"aioseo-schema\">\n\t\t\t{\"@context\":\"https:\\\/\\\/schema.org\",\"@graph\":[{\"@type\":\"BreadcrumbList\",\"@id\":\"https:\\\/\\\/candas365.es\\\/noticias\\\/el-1-de-julio-comienza-la-operacion-verano-2016\\\/#breadcrumblist\",\"itemListElement\":[{\"@type\":\"ListItem\",\"@id\":\"https:\\\/\\\/candas365.es\\\/noticias#listItem\",\"position\":1,\"name\":\"Home\",\"item\":\"https:\\\/\\\/candas365.es\\\/noticias\",\"nextItem\":{\"@type\":\"ListItem\",\"@id\":\"https:\\\/\\\/candas365.es\\\/noticias\\\/category\\\/actualidad\\\/#listItem\",\"name\":\"Actualidad\"}},{\"@type\":\"ListItem\",\"@id\":\"https:\\\/\\\/candas365.es\\\/noticias\\\/category\\\/actualidad\\\/#listItem\",\"position\":2,\"name\":\"Actualidad\",\"item\":\"https:\\\/\\\/candas365.es\\\/noticias\\\/category\\\/actualidad\\\/\",\"nextItem\":{\"@type\":\"ListItem\",\"@id\":\"https:\\\/\\\/candas365.es\\\/noticias\\\/el-1-de-julio-comienza-la-operacion-verano-2016\\\/#listItem\",\"name\":\"El 1 de julio comienza la &#8216;Operaci\\u00f3n Verano 2016&#8217;\"},\"previousItem\":{\"@type\":\"ListItem\",\"@id\":\"https:\\\/\\\/candas365.es\\\/noticias#listItem\",\"name\":\"Home\"}},{\"@type\":\"ListItem\",\"@id\":\"https:\\\/\\\/candas365.es\\\/noticias\\\/el-1-de-julio-comienza-la-operacion-verano-2016\\\/#listItem\",\"position\":3,\"name\":\"El 1 de julio comienza la &#8216;Operaci\\u00f3n Verano 2016&#8217;\",\"previousItem\":{\"@type\":\"ListItem\",\"@id\":\"https:\\\/\\\/candas365.es\\\/noticias\\\/category\\\/actualidad\\\/#listItem\",\"name\":\"Actualidad\"}}]},{\"@type\":\"NewsArticle\",\"@id\":\"https:\\\/\\\/candas365.es\\\/noticias\\\/el-1-de-julio-comienza-la-operacion-verano-2016\\\/#newsarticle\",\"name\":\"El 1 de julio comienza la \\u2018Operaci\\u00f3n Verano 2016\\u2019 | Cand\\u00e1s 365\",\"headline\":\"El 1 de julio comienza la &#8216;Operaci\\u00f3n Verano 2016&#8217;\",\"author\":{\"@id\":\"https:\\\/\\\/candas365.es\\\/noticias\\\/author\\\/admin\\\/#author\"},\"publisher\":{\"@id\":\"https:\\\/\\\/candas365.es\\\/noticias\\\/#organization\"},\"image\":{\"@type\":\"ImageObject\",\"url\":\"https:\\\/\\\/candas365.es\\\/noticias\\\/wp-content\\\/uploads\\\/2014\\\/11\\\/Playa-San-Lorenzo.jpg\",\"width\":2048,\"height\":1536},\"datePublished\":\"2016-06-18T21:59:46+02:00\",\"dateModified\":\"2016-06-18T21:59:46+02:00\",\"inLanguage\":\"es-ES\",\"mainEntityOfPage\":{\"@id\":\"https:\\\/\\\/candas365.es\\\/noticias\\\/el-1-de-julio-comienza-la-operacion-verano-2016\\\/#webpage\"},\"isPartOf\":{\"@id\":\"https:\\\/\\\/candas365.es\\\/noticias\\\/el-1-de-julio-comienza-la-operacion-verano-2016\\\/#webpage\"},\"articleSection\":\"Actualidad\",\"dateline\":\"Publicado el junio 18, 2016.\"},{\"@type\":\"Organization\",\"@id\":\"https:\\\/\\\/candas365.es\\\/noticias\\\/#organization\",\"name\":\"Cand\\u00e1s 365\",\"description\":\"Cand\\u00e1s 365 es un diario digital independiente, fundado en 2012, con base en Asturias. Informamos con rigor sobre actualidad, sociedad, cultura y ocio, con una mirada local y global.\",\"url\":\"https:\\\/\\\/candas365.es\\\/noticias\\\/\",\"email\":\"info@candas365.es\",\"telephone\":\"+34652131393\",\"foundingDate\":\"2012-06-10\",\"logo\":{\"@type\":\"ImageObject\",\"url\":\"https:\\\/\\\/candas365.es\\\/noticias\\\/wp-content\\\/uploads\\\/2024\\\/09\\\/Candas-365-Redes.jpg\",\"@id\":\"https:\\\/\\\/candas365.es\\\/noticias\\\/el-1-de-julio-comienza-la-operacion-verano-2016\\\/#organizationLogo\",\"width\":1152,\"height\":864,\"caption\":\"Cand\\u00e1s 365 Redes\"},\"image\":{\"@id\":\"https:\\\/\\\/candas365.es\\\/noticias\\\/el-1-de-julio-comienza-la-operacion-verano-2016\\\/#organizationLogo\"},\"sameAs\":[\"https:\\\/\\\/www.facebook.com\\\/Nachofdezber\",\"https:\\\/\\\/x.com\\\/NabercoDigital\",\"https:\\\/\\\/www.instagram.com\\\/nachofdezber\\\/\",\"https:\\\/\\\/www.youtube.com\\\/channel\\\/UCZP-2wLEB9Rv6erhFmqVnvg\"],\"address\":{\"@id\":\"https:\\\/\\\/candas365.es\\\/noticias\\\/#postaladdress\",\"@type\":\"PostalAddress\",\"streetAddress\":\"san antonio 4, san antonio 4\",\"postalCode\":\"33430\",\"addressLocality\":\"Cand\\u00e1s\",\"addressRegion\":\"Asturias\",\"addressCountry\":\"ES\"}},{\"@type\":\"Person\",\"@id\":\"https:\\\/\\\/candas365.es\\\/noticias\\\/author\\\/admin\\\/#author\",\"url\":\"https:\\\/\\\/candas365.es\\\/noticias\\\/author\\\/admin\\\/\",\"name\":\"Cand\\u00e1s 365\",\"image\":{\"@type\":\"ImageObject\",\"@id\":\"https:\\\/\\\/candas365.es\\\/noticias\\\/el-1-de-julio-comienza-la-operacion-verano-2016\\\/#authorImage\",\"url\":\"https:\\\/\\\/secure.gravatar.com\\\/avatar\\\/496a8e03d0c493ede1718b7934145dbdf8d89be1036b0eec9544e1094c9de390?s=96&d=mm&r=g\",\"width\":96,\"height\":96,\"caption\":\"Cand\\u00e1s 365\"},\"sameAs\":[\"https:\\\/\\\/www.facebook.com\\\/carrenoactualidad\",\"https:\\\/\\\/twitter.com\\\/nbasturias\",\"https:\\\/\\\/www.instagram.com\\\/nachofdezber\\\/\",\"https:\\\/\\\/www.youtube.com\\\/channel\\\/UCZP-2wLEB9Rv6erhFmqVnvg\"]},{\"@type\":\"WebPage\",\"@id\":\"https:\\\/\\\/candas365.es\\\/noticias\\\/el-1-de-julio-comienza-la-operacion-verano-2016\\\/#webpage\",\"url\":\"https:\\\/\\\/candas365.es\\\/noticias\\\/el-1-de-julio-comienza-la-operacion-verano-2016\\\/\",\"name\":\"El 1 de julio comienza la \\u2018Operaci\\u00f3n Verano 2016\\u2019 | Cand\\u00e1s 365\",\"description\":\"La Secretar\\u00eda de Estado de Seguridad del Ministerio del Interior ha activado el Plan Turismo Seguro 2016 con el fin de proporcionar al turista un entorno m\\u00e1s seguro, mediante la 'Operaci\\u00f3n Verano 2016' que dar\\u00e1 comienzo el 1 de julio. El Ministerio del Interior ha reforzado la plantilla en 1.227 agentes hasta alcanzar los 42.607\",\"inLanguage\":\"es-ES\",\"isPartOf\":{\"@id\":\"https:\\\/\\\/candas365.es\\\/noticias\\\/#website\"},\"breadcrumb\":{\"@id\":\"https:\\\/\\\/candas365.es\\\/noticias\\\/el-1-de-julio-comienza-la-operacion-verano-2016\\\/#breadcrumblist\"},\"author\":{\"@id\":\"https:\\\/\\\/candas365.es\\\/noticias\\\/author\\\/admin\\\/#author\"},\"creator\":{\"@id\":\"https:\\\/\\\/candas365.es\\\/noticias\\\/author\\\/admin\\\/#author\"},\"image\":{\"@type\":\"ImageObject\",\"url\":\"https:\\\/\\\/candas365.es\\\/noticias\\\/wp-content\\\/uploads\\\/2014\\\/11\\\/Playa-San-Lorenzo.jpg\",\"@id\":\"https:\\\/\\\/candas365.es\\\/noticias\\\/el-1-de-julio-comienza-la-operacion-verano-2016\\\/#mainImage\",\"width\":2048,\"height\":1536},\"primaryImageOfPage\":{\"@id\":\"https:\\\/\\\/candas365.es\\\/noticias\\\/el-1-de-julio-comienza-la-operacion-verano-2016\\\/#mainImage\"},\"datePublished\":\"2016-06-18T21:59:46+02:00\",\"dateModified\":\"2016-06-18T21:59:46+02:00\"},{\"@type\":\"WebSite\",\"@id\":\"https:\\\/\\\/candas365.es\\\/noticias\\\/#website\",\"url\":\"https:\\\/\\\/candas365.es\\\/noticias\\\/\",\"name\":\"Cand\\u00e1s 365\",\"alternateName\":\"Cand\\u00e1s 365 Noticias\",\"description\":\"Actualidad desde Carre\\u00f1o para el mundo\",\"inLanguage\":\"es-ES\",\"publisher\":{\"@id\":\"https:\\\/\\\/candas365.es\\\/noticias\\\/#organization\"}}]}\n\t\t<\/script>\n\t\t<!-- All in One SEO Pro -->\r\n\t\t<title>El 1 de julio comienza la \u2018Operaci\u00f3n Verano 2016\u2019 | Cand\u00e1s 365<\/title>\n\n","aioseo_head_json":{"title":"El 1 de julio comienza la \u2018Operaci\u00f3n Verano 2016\u2019 | Cand\u00e1s 365","description":"La Secretar\u00eda de Estado de Seguridad del Ministerio del Interior ha activado el Plan Turismo Seguro 2016 con el fin de proporcionar al turista un entorno m\u00e1s seguro, mediante la 'Operaci\u00f3n Verano 2016' que dar\u00e1 comienzo el 1 de julio. El Ministerio del Interior ha reforzado la plantilla en 1.227 agentes hasta alcanzar los 42.607","canonical_url":"https:\/\/candas365.es\/noticias\/el-1-de-julio-comienza-la-operacion-verano-2016\/","robots":"max-image-preview:large","keywords":"actualidad","webmasterTools":{"google-site-verification":"UA-32230408-1","msvalidate.01":"354F3CDFB2DA171B47FBE9ABF1F88D5","miscellaneous":""},"schema":{"@context":"https:\/\/schema.org","@graph":[{"@type":"BreadcrumbList","@id":"https:\/\/candas365.es\/noticias\/el-1-de-julio-comienza-la-operacion-verano-2016\/#breadcrumblist","itemListElement":[{"@type":"ListItem","@id":"https:\/\/candas365.es\/noticias#listItem","position":1,"name":"Home","item":"https:\/\/candas365.es\/noticias","nextItem":{"@type":"ListItem","@id":"https:\/\/candas365.es\/noticias\/category\/actualidad\/#listItem","name":"Actualidad"}},{"@type":"ListItem","@id":"https:\/\/candas365.es\/noticias\/category\/actualidad\/#listItem","position":2,"name":"Actualidad","item":"https:\/\/candas365.es\/noticias\/category\/actualidad\/","nextItem":{"@type":"ListItem","@id":"https:\/\/candas365.es\/noticias\/el-1-de-julio-comienza-la-operacion-verano-2016\/#listItem","name":"El 1 de julio comienza la &#8216;Operaci\u00f3n Verano 2016&#8217;"},"previousItem":{"@type":"ListItem","@id":"https:\/\/candas365.es\/noticias#listItem","name":"Home"}},{"@type":"ListItem","@id":"https:\/\/candas365.es\/noticias\/el-1-de-julio-comienza-la-operacion-verano-2016\/#listItem","position":3,"name":"El 1 de julio comienza la &#8216;Operaci\u00f3n Verano 2016&#8217;","previousItem":{"@type":"ListItem","@id":"https:\/\/candas365.es\/noticias\/category\/actualidad\/#listItem","name":"Actualidad"}}]},{"@type":"NewsArticle","@id":"https:\/\/candas365.es\/noticias\/el-1-de-julio-comienza-la-operacion-verano-2016\/#newsarticle","name":"El 1 de julio comienza la \u2018Operaci\u00f3n Verano 2016\u2019 | Cand\u00e1s 365","headline":"El 1 de julio comienza la &#8216;Operaci\u00f3n Verano 2016&#8217;","author":{"@id":"https:\/\/candas365.es\/noticias\/author\/admin\/#author"},"publisher":{"@id":"https:\/\/candas365.es\/noticias\/#organization"},"image":{"@type":"ImageObject","url":"https:\/\/candas365.es\/noticias\/wp-content\/uploads\/2014\/11\/Playa-San-Lorenzo.jpg","width":2048,"height":1536},"datePublished":"2016-06-18T21:59:46+02:00","dateModified":"2016-06-18T21:59:46+02:00","inLanguage":"es-ES","mainEntityOfPage":{"@id":"https:\/\/candas365.es\/noticias\/el-1-de-julio-comienza-la-operacion-verano-2016\/#webpage"},"isPartOf":{"@id":"https:\/\/candas365.es\/noticias\/el-1-de-julio-comienza-la-operacion-verano-2016\/#webpage"},"articleSection":"Actualidad","dateline":"Publicado el junio 18, 2016."},{"@type":"Organization","@id":"https:\/\/candas365.es\/noticias\/#organization","name":"Cand\u00e1s 365","description":"Cand\u00e1s 365 es un diario digital independiente, fundado en 2012, con base en Asturias. Informamos con rigor sobre actualidad, sociedad, cultura y ocio, con una mirada local y global.","url":"https:\/\/candas365.es\/noticias\/","email":"info@candas365.es","telephone":"+34652131393","foundingDate":"2012-06-10","logo":{"@type":"ImageObject","url":"https:\/\/candas365.es\/noticias\/wp-content\/uploads\/2024\/09\/Candas-365-Redes.jpg","@id":"https:\/\/candas365.es\/noticias\/el-1-de-julio-comienza-la-operacion-verano-2016\/#organizationLogo","width":1152,"height":864,"caption":"Cand\u00e1s 365 Redes"},"image":{"@id":"https:\/\/candas365.es\/noticias\/el-1-de-julio-comienza-la-operacion-verano-2016\/#organizationLogo"},"sameAs":["https:\/\/www.facebook.com\/Nachofdezber","https:\/\/x.com\/NabercoDigital","https:\/\/www.instagram.com\/nachofdezber\/","https:\/\/www.youtube.com\/channel\/UCZP-2wLEB9Rv6erhFmqVnvg"],"address":{"@id":"https:\/\/candas365.es\/noticias\/#postaladdress","@type":"PostalAddress","streetAddress":"san antonio 4, san antonio 4","postalCode":"33430","addressLocality":"Cand\u00e1s","addressRegion":"Asturias","addressCountry":"ES"}},{"@type":"Person","@id":"https:\/\/candas365.es\/noticias\/author\/admin\/#author","url":"https:\/\/candas365.es\/noticias\/author\/admin\/","name":"Cand\u00e1s 365","image":{"@type":"ImageObject","@id":"https:\/\/candas365.es\/noticias\/el-1-de-julio-comienza-la-operacion-verano-2016\/#authorImage","url":"https:\/\/secure.gravatar.com\/avatar\/496a8e03d0c493ede1718b7934145dbdf8d89be1036b0eec9544e1094c9de390?s=96&d=mm&r=g","width":96,"height":96,"caption":"Cand\u00e1s 365"},"sameAs":["https:\/\/www.facebook.com\/carrenoactualidad","https:\/\/twitter.com\/nbasturias","https:\/\/www.instagram.com\/nachofdezber\/","https:\/\/www.youtube.com\/channel\/UCZP-2wLEB9Rv6erhFmqVnvg"]},{"@type":"WebPage","@id":"https:\/\/candas365.es\/noticias\/el-1-de-julio-comienza-la-operacion-verano-2016\/#webpage","url":"https:\/\/candas365.es\/noticias\/el-1-de-julio-comienza-la-operacion-verano-2016\/","name":"El 1 de julio comienza la \u2018Operaci\u00f3n Verano 2016\u2019 | Cand\u00e1s 365","description":"La Secretar\u00eda de Estado de Seguridad del Ministerio del Interior ha activado el Plan Turismo Seguro 2016 con el fin de proporcionar al turista un entorno m\u00e1s seguro, mediante la 'Operaci\u00f3n Verano 2016' que dar\u00e1 comienzo el 1 de julio. El Ministerio del Interior ha reforzado la plantilla en 1.227 agentes hasta alcanzar los 42.607","inLanguage":"es-ES","isPartOf":{"@id":"https:\/\/candas365.es\/noticias\/#website"},"breadcrumb":{"@id":"https:\/\/candas365.es\/noticias\/el-1-de-julio-comienza-la-operacion-verano-2016\/#breadcrumblist"},"author":{"@id":"https:\/\/candas365.es\/noticias\/author\/admin\/#author"},"creator":{"@id":"https:\/\/candas365.es\/noticias\/author\/admin\/#author"},"image":{"@type":"ImageObject","url":"https:\/\/candas365.es\/noticias\/wp-content\/uploads\/2014\/11\/Playa-San-Lorenzo.jpg","@id":"https:\/\/candas365.es\/noticias\/el-1-de-julio-comienza-la-operacion-verano-2016\/#mainImage","width":2048,"height":1536},"primaryImageOfPage":{"@id":"https:\/\/candas365.es\/noticias\/el-1-de-julio-comienza-la-operacion-verano-2016\/#mainImage"},"datePublished":"2016-06-18T21:59:46+02:00","dateModified":"2016-06-18T21:59:46+02:00"},{"@type":"WebSite","@id":"https:\/\/candas365.es\/noticias\/#website","url":"https:\/\/candas365.es\/noticias\/","name":"Cand\u00e1s 365","alternateName":"Cand\u00e1s 365 Noticias","description":"Actualidad desde Carre\u00f1o para el mundo","inLanguage":"es-ES","publisher":{"@id":"https:\/\/candas365.es\/noticias\/#organization"}}]},"og:locale":"es_ES","og:site_name":"Cand\u00e1s 365","og:type":"article","og:title":"El 1 de julio comienza la \u2018Operaci\u00f3n Verano 2016\u2019 | Cand\u00e1s 365","og:description":"La Secretar\u00eda de Estado de Seguridad del Ministerio del Interior ha activado el Plan Turismo Seguro 2016 con el fin de proporcionar al turista un entorno m\u00e1s seguro, mediante la 'Operaci\u00f3n Verano 2016' que dar\u00e1 comienzo el 1 de julio. El Ministerio del Interior ha reforzado la plantilla en 1.227 agentes hasta alcanzar los 42.607","og:url":"https:\/\/candas365.es\/noticias\/el-1-de-julio-comienza-la-operacion-verano-2016\/","og:image":"https:\/\/candas365.es\/noticias\/wp-content\/uploads\/2014\/11\/Playa-San-Lorenzo.jpg","og:image:secure_url":"https:\/\/candas365.es\/noticias\/wp-content\/uploads\/2014\/11\/Playa-San-Lorenzo.jpg","og:image:width":2048,"og:image:height":1536,"article:published_time":"2016-06-18T20:29:46+00:00","article:modified_time":"2016-06-18T20:29:46+00:00","article:publisher":"https:\/\/www.facebook.com\/Nachofdezber","article:author":"https:\/\/www.facebook.com\/carrenoactualidad","twitter:card":"summary_large_image","twitter:site":"@NabercoDigital","twitter:title":"El 1 de julio comienza la \u2018Operaci\u00f3n Verano 2016\u2019 | Cand\u00e1s 365","twitter:description":"La Secretar\u00eda de Estado de Seguridad del Ministerio del Interior ha activado el Plan Turismo Seguro 2016 con el fin de proporcionar al turista un entorno m\u00e1s seguro, mediante la 'Operaci\u00f3n Verano 2016' que dar\u00e1 comienzo el 1 de julio. El Ministerio del Interior ha reforzado la plantilla en 1.227 agentes hasta alcanzar los 42.607","twitter:creator":"@nbasturias","twitter:image":"https:\/\/candas365.es\/noticias\/wp-content\/uploads\/2014\/11\/Playa-San-Lorenzo.jpg","twitter:label1":"Escrito por","twitter:data1":"Cand\u00e1s 365","twitter:label2":"Tiempo de lectura estimado","twitter:data2":"2 minutos"},"aioseo_meta_data":{"post_id":"30680","title":null,"description":null,"keywords":null,"keyphrases":null,"primary_term":null,"canonical_url":null,"og_title":null,"og_description":null,"og_object_type":"default","og_image_type":"default","og_image_url":null,"og_image_width":null,"og_image_height":null,"og_image_custom_url":null,"og_image_custom_fields":null,"og_video":null,"og_custom_url":null,"og_article_section":null,"og_article_tags":null,"twitter_use_og":false,"twitter_card":"default","twitter_image_type":"default","twitter_image_url":null,"twitter_image_custom_url":null,"twitter_image_custom_fields":null,"twitter_title":null,"twitter_description":null,"schema":{"blockGraphs":[],"customGraphs":[],"default":{"data":{"Article":[],"Course":[],"Dataset":[],"FAQPage":[],"Movie":[],"Person":[],"Product":[],"ProductReview":[],"Car":[],"Recipe":[],"Service":[],"SoftwareApplication":[],"WebPage":[]},"graphName":"","isEnabled":true},"graphs":[],"defaultGraph":"","defaultPostTypeGraph":""},"schema_type":null,"schema_type_options":null,"pillar_content":false,"robots_default":true,"robots_noindex":false,"robots_noarchive":false,"robots_nosnippet":false,"robots_nofollow":false,"robots_noimageindex":false,"robots_noodp":false,"robots_notranslate":false,"robots_max_snippet":null,"robots_max_videopreview":null,"robots_max_imagepreview":"large","priority":null,"frequency":null,"location":null,"local_seo":null,"seo_analyzer_scan_date":"2025-08-24 12:50:19","breadcrumb_settings":null,"limit_modified_date":false,"reviewed_by":null,"open_ai":null,"ai":null,"created":"2020-12-21 12:59:13","updated":"2025-08-24 12:50:19"},"aioseo_breadcrumb":"<div class=\"aioseo-breadcrumbs\"><span class=\"aioseo-breadcrumb\">\n\t<a href=\"https:\/\/candas365.es\/noticias\" title=\"Home\">Home<\/a>\n<\/span><span class=\"aioseo-breadcrumb-separator\">&ndash;<\/span><span class=\"aioseo-breadcrumb\">\n\t<a href=\"https:\/\/candas365.es\/noticias\/category\/actualidad\/\" title=\"Actualidad\">Actualidad<\/a>\n<\/span><span class=\"aioseo-breadcrumb-separator\">&ndash;<\/span><span class=\"aioseo-breadcrumb\">\n\tEl 1 de julio comienza la \u2018Operaci\u00f3n Verano 2016\u2019\n<\/span><\/div>","aioseo_breadcrumb_json":[{"label":"Home","link":"https:\/\/candas365.es\/noticias"},{"label":"Actualidad","link":"https:\/\/candas365.es\/noticias\/category\/actualidad\/"},{"label":"El 1 de julio comienza la &#8216;Operaci\u00f3n Verano 2016&#8217;","link":"https:\/\/candas365.es\/noticias\/el-1-de-julio-comienza-la-operacion-verano-2016\/"}],"_links":{"self":[{"href":"https:\/\/candas365.es\/noticias\/wp-json\/wp\/v2\/posts\/30680","targetHints":{"allow":["GET"]}}],"collection":[{"href":"https:\/\/candas365.es\/noticias\/wp-json\/wp\/v2\/posts"}],"about":[{"href":"https:\/\/candas365.es\/noticias\/wp-json\/wp\/v2\/types\/post"}],"author":[{"embeddable":true,"href":"https:\/\/candas365.es\/noticias\/wp-json\/wp\/v2\/users\/1"}],"replies":[{"embeddable":true,"href":"https:\/\/candas365.es\/noticias\/wp-json\/wp\/v2\/comments?post=30680"}],"version-history":[{"count":0,"href":"https:\/\/candas365.es\/noticias\/wp-json\/wp\/v2\/posts\/30680\/revisions"}],"wp:featuredmedia":[{"embeddable":true,"href":"https:\/\/candas365.es\/noticias\/wp-json\/wp\/v2\/media\/4950"}],"wp:attachment":[{"href":"https:\/\/candas365.es\/noticias\/wp-json\/wp\/v2\/media?parent=30680"}],"wp:term":[{"taxonomy":"category","embeddable":true,"href":"https:\/\/candas365.es\/noticias\/wp-json\/wp\/v2\/categories?post=30680"},{"taxonomy":"post_tag","embeddable":true,"href":"https:\/\/candas365.es\/noticias\/wp-json\/wp\/v2\/tags?post=30680"}],"curies":[{"name":"wp","href":"https:\/\/api.w.org\/{rel}","templated":true}]}}