{"id":30670,"date":"2016-06-18T21:51:00","date_gmt":"2016-06-18T20:21:00","guid":{"rendered":"http:\/\/candas365.es\/noticias\/?p=30670"},"modified":"2016-06-18T21:51:39","modified_gmt":"2016-06-18T20:21:39","slug":"exodo-de-bailarines-en-munich-ante-la-llegada-de-un-nuevo-director","status":"publish","type":"post","link":"https:\/\/candas365.es\/noticias\/exodo-de-bailarines-en-munich-ante-la-llegada-de-un-nuevo-director\/","title":{"rendered":"\u00c9xodo de bailarines en M\u00fanich ante la llegada de un nuevo director"},"content":{"rendered":"<p>M\u00fanich, 18 jun (dpa) &#8211; Casi la mitad del actual elenco de bailarines del Ballet Estatal de Baviera, entre ellos los solistas Luc\u00eda Lacarra y Marlon Dino, abandonar\u00e1 la compa\u00f1\u00eda debido al inminente desembarco del nuevo director Igor Selensky.<\/p>\n<p>Se espera que 29 de los 66 integrantes dejen el ballet muniqu\u00e9s al no encajar en el proyecto de la nueva direcci\u00f3n. Los planes de Selensky tambi\u00e9n dejan fuera de juego a uno de los principales patrocinadores de la compa\u00f1\u00eda alemana, que dejar\u00e1 de apoyar econ\u00f3micamente al ballet.<\/p>\n<p>\u00abEl se\u00f1or Selensky tiene seguramente su propio criterio y sus planes, lo que es leg\u00edtimo seg\u00fan mi punto de vista, pero me hubiese gustado que el actual ballet estatal no se rompiese en pedazos incluso antes de su desembarco oficial\u00bb, dijo en declaraciones a dpa la empresaria Ir\u00e8ne Lejeune, una de las patrocinadoras m\u00e1s importantes del Ballet de M\u00fanich.<\/p>\n<p>Despu\u00e9s de donar durante los \u00faltimos ocho a\u00f1os 1,3 millones de euros (1,5 millones de d\u00f3lares), Lejeune confirm\u00f3 que su decisi\u00f3n de dejar de apoyar econ\u00f3micamente a la compa\u00f1\u00eda es \u00abdefinitiva\u00bb.<\/p>\n<p>Igor Selensky, ruso de 46 a\u00f1os, es un reconocido y experimentado director de ballet. En su juventud fue primer bailar\u00edn del Teatro Mariinski de San Peterburgo y en la actualidad dirige el ballet de Novosibirsk y el ballet Stanislavski de Mosc\u00fa. Este \u00faltimo trabajo pretende seguir compagin\u00e1ndolo con su nuevo cargo en M\u00fanich.<\/p>\n<p>Por el momento, el futuro director del Ballet Estatal de Baviera se defendi\u00f3 de las cr\u00edticas asegurando que su nueva tarea como director del ballet estatal consiste en mantener la evoluci\u00f3n de la compa\u00f1\u00eda y lograr que siga creciendo.<\/p>\n<p>\u00abEn los \u00faltimos meses he trabajado para traer al ballet de M\u00fanich a bailarines de gran talento. Estoy seguro de que el p\u00fablico va a recibir con entusiasmo a estos nuevos miembros de la compa\u00f1\u00eda y se encari\u00f1ar\u00e1n r\u00e1pidamente con ellos\u00bb, se\u00f1al\u00f3.<\/p>\n<p>Las voces m\u00e1s cr\u00edticas con Selensky temen que tantos cambios echen por tierra el legado de su antecesor, Ivan Liska. En este sentido, el sector comprende que todo nuevo director tiene el derecho de impulsar un proyecto propio en uno de los ballets con m\u00e1s renombre de Alemania pero considera que los cambios acometidos exceden a lo que suele ser habitual.<\/p>\n<p>Hasta ahora no ha trascendido cu\u00e1l ser\u00e1 el programa ni la apuesta est\u00e9tica por la que se inclinar\u00e1 el director ruso, aunque se cree que en su primera temporada al frente del ballet muniqu\u00e9s mantendr\u00e1 el esp\u00edritu de la compa\u00f1\u00eda que habitualmente presenta al p\u00fablico un repertorio reconocido de obras cl\u00e1sicas y modernas.<\/p>\n<p>Su antecesor en el cargo, Ivan Liska, no quiso entrar en la pol\u00e9mica que en las \u00faltimas horas ha sacudido al mundo cultural muniqu\u00e9s, evitando pronunciarse sobre una posible destrucci\u00f3n de su legado.<\/p>\n<p>\u00abEspero que el Ballet Estatal de Baviera siga siendo un referente como en los \u00faltimos 25 a\u00f1os y que yo pueda decir que mi sucesor lo hace mejor que yo\u00bb, agreg\u00f3 Liska.<\/p>\n<p>Por Georg Etscheit <\/p>\n","protected":false},"excerpt":{"rendered":"<p>M\u00fanich, 18 jun (dpa) &#8211; Casi la mitad del actual elenco de bailarines del Ballet Estatal de Baviera, entre ellos los solistas Luc\u00eda Lacarra y Marlon Dino, abandonar\u00e1 la compa\u00f1\u00eda debido al inminente desembarco del nuevo director Igor Selensky. Se espera que 29 de los 66 integrantes dejen el ballet muniqu\u00e9s al no encajar en<\/p>\n","protected":false},"author":1,"featured_media":16457,"comment_status":"closed","ping_status":"closed","sticky":false,"template":"","format":"standard","meta":{"footnotes":""},"categories":[343],"tags":[],"class_list":{"0":"post-30670","1":"post","2":"type-post","3":"status-publish","4":"format-standard","5":"has-post-thumbnail","7":"category-actualidad"},"aioseo_notices":[],"aioseo_head":"\n\t\t<!-- All in One SEO Pro 4.9.6.2 - aioseo.com -->\n\t<meta name=\"description\" content=\"M\u00fanich, 18 jun (dpa) - Casi la mitad del actual elenco de bailarines del Ballet Estatal de Baviera, entre ellos los solistas Luc\u00eda Lacarra y Marlon Dino, abandonar\u00e1 la compa\u00f1\u00eda debido al inminente desembarco del nuevo director Igor Selensky. Se espera que 29 de los 66 integrantes dejen el ballet muniqu\u00e9s al no encajar en\" \/>\n\t<meta name=\"robots\" content=\"max-image-preview:large\" \/>\n\t<meta name=\"author\" content=\"Cand\u00e1s 365\"\/>\n\t<meta name=\"google-site-verification\" content=\"UA-32230408-1\" \/>\n\t<meta name=\"msvalidate.01\" content=\"354F3CDFB2DA171B47FBE9ABF1F88D5\" \/>\n\t<meta name=\"keywords\" content=\"actualidad\" \/>\n\t<link rel=\"canonical\" href=\"https:\/\/candas365.es\/noticias\/exodo-de-bailarines-en-munich-ante-la-llegada-de-un-nuevo-director\/\" \/>\n\t<meta name=\"generator\" content=\"All in One SEO Pro (AIOSEO) 4.9.6.2\" \/>\n\t\t<meta property=\"og:locale\" content=\"es_ES\" \/>\n\t\t<meta property=\"og:site_name\" content=\"Cand\u00e1s 365\" \/>\n\t\t<meta property=\"og:type\" content=\"article\" \/>\n\t\t<meta property=\"og:title\" content=\"\u00c9xodo de bailarines en M\u00fanich ante la llegada de un nuevo director | Cand\u00e1s 365\" \/>\n\t\t<meta property=\"og:description\" content=\"M\u00fanich, 18 jun (dpa) - Casi la mitad del actual elenco de bailarines del Ballet Estatal de Baviera, entre ellos los solistas Luc\u00eda Lacarra y Marlon Dino, abandonar\u00e1 la compa\u00f1\u00eda debido al inminente desembarco del nuevo director Igor Selensky. Se espera que 29 de los 66 integrantes dejen el ballet muniqu\u00e9s al no encajar en\" \/>\n\t\t<meta property=\"og:url\" content=\"https:\/\/candas365.es\/noticias\/exodo-de-bailarines-en-munich-ante-la-llegada-de-un-nuevo-director\/\" \/>\n\t\t<meta property=\"og:image\" content=\"https:\/\/candas365.es\/noticias\/wp-content\/uploads\/2015\/09\/c365noticias.jpg\" \/>\n\t\t<meta property=\"og:image:secure_url\" content=\"https:\/\/candas365.es\/noticias\/wp-content\/uploads\/2015\/09\/c365noticias.jpg\" \/>\n\t\t<meta property=\"og:image:width\" content=\"655\" \/>\n\t\t<meta property=\"og:image:height\" content=\"360\" \/>\n\t\t<meta property=\"article:published_time\" content=\"2016-06-18T20:21:00+00:00\" \/>\n\t\t<meta property=\"article:modified_time\" content=\"2016-06-18T20:21:39+00:00\" \/>\n\t\t<meta property=\"article:publisher\" content=\"https:\/\/www.facebook.com\/Nachofdezber\" \/>\n\t\t<meta property=\"article:author\" content=\"https:\/\/www.facebook.com\/carrenoactualidad\" \/>\n\t\t<meta name=\"twitter:card\" content=\"summary_large_image\" \/>\n\t\t<meta name=\"twitter:site\" content=\"@NabercoDigital\" \/>\n\t\t<meta name=\"twitter:title\" content=\"\u00c9xodo de bailarines en M\u00fanich ante la llegada de un nuevo director | Cand\u00e1s 365\" \/>\n\t\t<meta name=\"twitter:description\" content=\"M\u00fanich, 18 jun (dpa) - Casi la mitad del actual elenco de bailarines del Ballet Estatal de Baviera, entre ellos los solistas Luc\u00eda Lacarra y Marlon Dino, abandonar\u00e1 la compa\u00f1\u00eda debido al inminente desembarco del nuevo director Igor Selensky. Se espera que 29 de los 66 integrantes dejen el ballet muniqu\u00e9s al no encajar en\" \/>\n\t\t<meta name=\"twitter:creator\" content=\"@nbasturias\" \/>\n\t\t<meta name=\"twitter:image\" content=\"https:\/\/candas365.es\/noticias\/wp-content\/uploads\/2015\/09\/c365noticias.jpg\" \/>\n\t\t<meta name=\"twitter:label1\" content=\"Escrito por\" \/>\n\t\t<meta name=\"twitter:data1\" content=\"Cand\u00e1s 365\" \/>\n\t\t<meta name=\"twitter:label2\" content=\"Tiempo de lectura estimado\" \/>\n\t\t<meta name=\"twitter:data2\" content=\"3 minutos\" \/>\n\t\t<script type=\"application\/ld+json\" class=\"aioseo-schema\">\n\t\t\t{\"@context\":\"https:\\\/\\\/schema.org\",\"@graph\":[{\"@type\":\"BreadcrumbList\",\"@id\":\"https:\\\/\\\/candas365.es\\\/noticias\\\/exodo-de-bailarines-en-munich-ante-la-llegada-de-un-nuevo-director\\\/#breadcrumblist\",\"itemListElement\":[{\"@type\":\"ListItem\",\"@id\":\"https:\\\/\\\/candas365.es\\\/noticias#listItem\",\"position\":1,\"name\":\"Home\",\"item\":\"https:\\\/\\\/candas365.es\\\/noticias\",\"nextItem\":{\"@type\":\"ListItem\",\"@id\":\"https:\\\/\\\/candas365.es\\\/noticias\\\/category\\\/actualidad\\\/#listItem\",\"name\":\"Actualidad\"}},{\"@type\":\"ListItem\",\"@id\":\"https:\\\/\\\/candas365.es\\\/noticias\\\/category\\\/actualidad\\\/#listItem\",\"position\":2,\"name\":\"Actualidad\",\"item\":\"https:\\\/\\\/candas365.es\\\/noticias\\\/category\\\/actualidad\\\/\",\"nextItem\":{\"@type\":\"ListItem\",\"@id\":\"https:\\\/\\\/candas365.es\\\/noticias\\\/exodo-de-bailarines-en-munich-ante-la-llegada-de-un-nuevo-director\\\/#listItem\",\"name\":\"\\u00c9xodo de bailarines en M\\u00fanich ante la llegada de un nuevo director\"},\"previousItem\":{\"@type\":\"ListItem\",\"@id\":\"https:\\\/\\\/candas365.es\\\/noticias#listItem\",\"name\":\"Home\"}},{\"@type\":\"ListItem\",\"@id\":\"https:\\\/\\\/candas365.es\\\/noticias\\\/exodo-de-bailarines-en-munich-ante-la-llegada-de-un-nuevo-director\\\/#listItem\",\"position\":3,\"name\":\"\\u00c9xodo de bailarines en M\\u00fanich ante la llegada de un nuevo director\",\"previousItem\":{\"@type\":\"ListItem\",\"@id\":\"https:\\\/\\\/candas365.es\\\/noticias\\\/category\\\/actualidad\\\/#listItem\",\"name\":\"Actualidad\"}}]},{\"@type\":\"NewsArticle\",\"@id\":\"https:\\\/\\\/candas365.es\\\/noticias\\\/exodo-de-bailarines-en-munich-ante-la-llegada-de-un-nuevo-director\\\/#newsarticle\",\"name\":\"\\u00c9xodo de bailarines en M\\u00fanich ante la llegada de un nuevo director | Cand\\u00e1s 365\",\"headline\":\"\\u00c9xodo de bailarines en M\\u00fanich ante la llegada de un nuevo director\",\"author\":{\"@id\":\"https:\\\/\\\/candas365.es\\\/noticias\\\/author\\\/admin\\\/#author\"},\"publisher\":{\"@id\":\"https:\\\/\\\/candas365.es\\\/noticias\\\/#organization\"},\"image\":{\"@type\":\"ImageObject\",\"url\":\"https:\\\/\\\/candas365.es\\\/noticias\\\/wp-content\\\/uploads\\\/2015\\\/09\\\/c365noticias.jpg\",\"width\":655,\"height\":360},\"datePublished\":\"2016-06-18T21:51:00+02:00\",\"dateModified\":\"2016-06-18T21:51:39+02:00\",\"inLanguage\":\"es-ES\",\"mainEntityOfPage\":{\"@id\":\"https:\\\/\\\/candas365.es\\\/noticias\\\/exodo-de-bailarines-en-munich-ante-la-llegada-de-un-nuevo-director\\\/#webpage\"},\"isPartOf\":{\"@id\":\"https:\\\/\\\/candas365.es\\\/noticias\\\/exodo-de-bailarines-en-munich-ante-la-llegada-de-un-nuevo-director\\\/#webpage\"},\"articleSection\":\"Actualidad\",\"dateline\":\"Publicado el junio 18, 2016.\"},{\"@type\":\"Organization\",\"@id\":\"https:\\\/\\\/candas365.es\\\/noticias\\\/#organization\",\"name\":\"Cand\\u00e1s 365\",\"description\":\"Cand\\u00e1s 365 es un diario digital independiente, fundado en 2012, con base en Asturias. Informamos con rigor sobre actualidad, sociedad, cultura y ocio, con una mirada local y global.\",\"url\":\"https:\\\/\\\/candas365.es\\\/noticias\\\/\",\"email\":\"info@candas365.es\",\"telephone\":\"+34652131393\",\"foundingDate\":\"2012-06-10\",\"logo\":{\"@type\":\"ImageObject\",\"url\":\"https:\\\/\\\/candas365.es\\\/noticias\\\/wp-content\\\/uploads\\\/2024\\\/09\\\/Candas-365-Redes.jpg\",\"@id\":\"https:\\\/\\\/candas365.es\\\/noticias\\\/exodo-de-bailarines-en-munich-ante-la-llegada-de-un-nuevo-director\\\/#organizationLogo\",\"width\":1152,\"height\":864,\"caption\":\"Cand\\u00e1s 365 Redes\"},\"image\":{\"@id\":\"https:\\\/\\\/candas365.es\\\/noticias\\\/exodo-de-bailarines-en-munich-ante-la-llegada-de-un-nuevo-director\\\/#organizationLogo\"},\"sameAs\":[\"https:\\\/\\\/www.facebook.com\\\/Nachofdezber\",\"https:\\\/\\\/x.com\\\/NabercoDigital\",\"https:\\\/\\\/www.instagram.com\\\/nachofdezber\\\/\",\"https:\\\/\\\/www.youtube.com\\\/channel\\\/UCZP-2wLEB9Rv6erhFmqVnvg\"],\"address\":{\"@id\":\"https:\\\/\\\/candas365.es\\\/noticias\\\/#postaladdress\",\"@type\":\"PostalAddress\",\"streetAddress\":\"san antonio 4, san antonio 4\",\"postalCode\":\"33430\",\"addressLocality\":\"Cand\\u00e1s\",\"addressRegion\":\"Asturias\",\"addressCountry\":\"ES\"}},{\"@type\":\"Person\",\"@id\":\"https:\\\/\\\/candas365.es\\\/noticias\\\/author\\\/admin\\\/#author\",\"url\":\"https:\\\/\\\/candas365.es\\\/noticias\\\/author\\\/admin\\\/\",\"name\":\"Cand\\u00e1s 365\",\"image\":{\"@type\":\"ImageObject\",\"@id\":\"https:\\\/\\\/candas365.es\\\/noticias\\\/exodo-de-bailarines-en-munich-ante-la-llegada-de-un-nuevo-director\\\/#authorImage\",\"url\":\"https:\\\/\\\/secure.gravatar.com\\\/avatar\\\/496a8e03d0c493ede1718b7934145dbdf8d89be1036b0eec9544e1094c9de390?s=96&d=mm&r=g\",\"width\":96,\"height\":96,\"caption\":\"Cand\\u00e1s 365\"},\"sameAs\":[\"https:\\\/\\\/www.facebook.com\\\/carrenoactualidad\",\"https:\\\/\\\/twitter.com\\\/nbasturias\",\"https:\\\/\\\/www.instagram.com\\\/nachofdezber\\\/\",\"https:\\\/\\\/www.youtube.com\\\/channel\\\/UCZP-2wLEB9Rv6erhFmqVnvg\"]},{\"@type\":\"WebPage\",\"@id\":\"https:\\\/\\\/candas365.es\\\/noticias\\\/exodo-de-bailarines-en-munich-ante-la-llegada-de-un-nuevo-director\\\/#webpage\",\"url\":\"https:\\\/\\\/candas365.es\\\/noticias\\\/exodo-de-bailarines-en-munich-ante-la-llegada-de-un-nuevo-director\\\/\",\"name\":\"\\u00c9xodo de bailarines en M\\u00fanich ante la llegada de un nuevo director | Cand\\u00e1s 365\",\"description\":\"M\\u00fanich, 18 jun (dpa) - Casi la mitad del actual elenco de bailarines del Ballet Estatal de Baviera, entre ellos los solistas Luc\\u00eda Lacarra y Marlon Dino, abandonar\\u00e1 la compa\\u00f1\\u00eda debido al inminente desembarco del nuevo director Igor Selensky. Se espera que 29 de los 66 integrantes dejen el ballet muniqu\\u00e9s al no encajar en\",\"inLanguage\":\"es-ES\",\"isPartOf\":{\"@id\":\"https:\\\/\\\/candas365.es\\\/noticias\\\/#website\"},\"breadcrumb\":{\"@id\":\"https:\\\/\\\/candas365.es\\\/noticias\\\/exodo-de-bailarines-en-munich-ante-la-llegada-de-un-nuevo-director\\\/#breadcrumblist\"},\"author\":{\"@id\":\"https:\\\/\\\/candas365.es\\\/noticias\\\/author\\\/admin\\\/#author\"},\"creator\":{\"@id\":\"https:\\\/\\\/candas365.es\\\/noticias\\\/author\\\/admin\\\/#author\"},\"image\":{\"@type\":\"ImageObject\",\"url\":\"https:\\\/\\\/candas365.es\\\/noticias\\\/wp-content\\\/uploads\\\/2015\\\/09\\\/c365noticias.jpg\",\"@id\":\"https:\\\/\\\/candas365.es\\\/noticias\\\/exodo-de-bailarines-en-munich-ante-la-llegada-de-un-nuevo-director\\\/#mainImage\",\"width\":655,\"height\":360},\"primaryImageOfPage\":{\"@id\":\"https:\\\/\\\/candas365.es\\\/noticias\\\/exodo-de-bailarines-en-munich-ante-la-llegada-de-un-nuevo-director\\\/#mainImage\"},\"datePublished\":\"2016-06-18T21:51:00+02:00\",\"dateModified\":\"2016-06-18T21:51:39+02:00\"},{\"@type\":\"WebSite\",\"@id\":\"https:\\\/\\\/candas365.es\\\/noticias\\\/#website\",\"url\":\"https:\\\/\\\/candas365.es\\\/noticias\\\/\",\"name\":\"Cand\\u00e1s 365\",\"alternateName\":\"Cand\\u00e1s 365 Noticias\",\"description\":\"Actualidad desde Carre\\u00f1o para el mundo\",\"inLanguage\":\"es-ES\",\"publisher\":{\"@id\":\"https:\\\/\\\/candas365.es\\\/noticias\\\/#organization\"}}]}\n\t\t<\/script>\n\t\t<!-- All in One SEO Pro -->\r\n\t\t<title>\u00c9xodo de bailarines en M\u00fanich ante la llegada de un nuevo director | Cand\u00e1s 365<\/title>\n\n","aioseo_head_json":{"title":"\u00c9xodo de bailarines en M\u00fanich ante la llegada de un nuevo director | Cand\u00e1s 365","description":"M\u00fanich, 18 jun (dpa) - Casi la mitad del actual elenco de bailarines del Ballet Estatal de Baviera, entre ellos los solistas Luc\u00eda Lacarra y Marlon Dino, abandonar\u00e1 la compa\u00f1\u00eda debido al inminente desembarco del nuevo director Igor Selensky. Se espera que 29 de los 66 integrantes dejen el ballet muniqu\u00e9s al no encajar en","canonical_url":"https:\/\/candas365.es\/noticias\/exodo-de-bailarines-en-munich-ante-la-llegada-de-un-nuevo-director\/","robots":"max-image-preview:large","keywords":"actualidad","webmasterTools":{"google-site-verification":"UA-32230408-1","msvalidate.01":"354F3CDFB2DA171B47FBE9ABF1F88D5","miscellaneous":""},"schema":{"@context":"https:\/\/schema.org","@graph":[{"@type":"BreadcrumbList","@id":"https:\/\/candas365.es\/noticias\/exodo-de-bailarines-en-munich-ante-la-llegada-de-un-nuevo-director\/#breadcrumblist","itemListElement":[{"@type":"ListItem","@id":"https:\/\/candas365.es\/noticias#listItem","position":1,"name":"Home","item":"https:\/\/candas365.es\/noticias","nextItem":{"@type":"ListItem","@id":"https:\/\/candas365.es\/noticias\/category\/actualidad\/#listItem","name":"Actualidad"}},{"@type":"ListItem","@id":"https:\/\/candas365.es\/noticias\/category\/actualidad\/#listItem","position":2,"name":"Actualidad","item":"https:\/\/candas365.es\/noticias\/category\/actualidad\/","nextItem":{"@type":"ListItem","@id":"https:\/\/candas365.es\/noticias\/exodo-de-bailarines-en-munich-ante-la-llegada-de-un-nuevo-director\/#listItem","name":"\u00c9xodo de bailarines en M\u00fanich ante la llegada de un nuevo director"},"previousItem":{"@type":"ListItem","@id":"https:\/\/candas365.es\/noticias#listItem","name":"Home"}},{"@type":"ListItem","@id":"https:\/\/candas365.es\/noticias\/exodo-de-bailarines-en-munich-ante-la-llegada-de-un-nuevo-director\/#listItem","position":3,"name":"\u00c9xodo de bailarines en M\u00fanich ante la llegada de un nuevo director","previousItem":{"@type":"ListItem","@id":"https:\/\/candas365.es\/noticias\/category\/actualidad\/#listItem","name":"Actualidad"}}]},{"@type":"NewsArticle","@id":"https:\/\/candas365.es\/noticias\/exodo-de-bailarines-en-munich-ante-la-llegada-de-un-nuevo-director\/#newsarticle","name":"\u00c9xodo de bailarines en M\u00fanich ante la llegada de un nuevo director | Cand\u00e1s 365","headline":"\u00c9xodo de bailarines en M\u00fanich ante la llegada de un nuevo director","author":{"@id":"https:\/\/candas365.es\/noticias\/author\/admin\/#author"},"publisher":{"@id":"https:\/\/candas365.es\/noticias\/#organization"},"image":{"@type":"ImageObject","url":"https:\/\/candas365.es\/noticias\/wp-content\/uploads\/2015\/09\/c365noticias.jpg","width":655,"height":360},"datePublished":"2016-06-18T21:51:00+02:00","dateModified":"2016-06-18T21:51:39+02:00","inLanguage":"es-ES","mainEntityOfPage":{"@id":"https:\/\/candas365.es\/noticias\/exodo-de-bailarines-en-munich-ante-la-llegada-de-un-nuevo-director\/#webpage"},"isPartOf":{"@id":"https:\/\/candas365.es\/noticias\/exodo-de-bailarines-en-munich-ante-la-llegada-de-un-nuevo-director\/#webpage"},"articleSection":"Actualidad","dateline":"Publicado el junio 18, 2016."},{"@type":"Organization","@id":"https:\/\/candas365.es\/noticias\/#organization","name":"Cand\u00e1s 365","description":"Cand\u00e1s 365 es un diario digital independiente, fundado en 2012, con base en Asturias. Informamos con rigor sobre actualidad, sociedad, cultura y ocio, con una mirada local y global.","url":"https:\/\/candas365.es\/noticias\/","email":"info@candas365.es","telephone":"+34652131393","foundingDate":"2012-06-10","logo":{"@type":"ImageObject","url":"https:\/\/candas365.es\/noticias\/wp-content\/uploads\/2024\/09\/Candas-365-Redes.jpg","@id":"https:\/\/candas365.es\/noticias\/exodo-de-bailarines-en-munich-ante-la-llegada-de-un-nuevo-director\/#organizationLogo","width":1152,"height":864,"caption":"Cand\u00e1s 365 Redes"},"image":{"@id":"https:\/\/candas365.es\/noticias\/exodo-de-bailarines-en-munich-ante-la-llegada-de-un-nuevo-director\/#organizationLogo"},"sameAs":["https:\/\/www.facebook.com\/Nachofdezber","https:\/\/x.com\/NabercoDigital","https:\/\/www.instagram.com\/nachofdezber\/","https:\/\/www.youtube.com\/channel\/UCZP-2wLEB9Rv6erhFmqVnvg"],"address":{"@id":"https:\/\/candas365.es\/noticias\/#postaladdress","@type":"PostalAddress","streetAddress":"san antonio 4, san antonio 4","postalCode":"33430","addressLocality":"Cand\u00e1s","addressRegion":"Asturias","addressCountry":"ES"}},{"@type":"Person","@id":"https:\/\/candas365.es\/noticias\/author\/admin\/#author","url":"https:\/\/candas365.es\/noticias\/author\/admin\/","name":"Cand\u00e1s 365","image":{"@type":"ImageObject","@id":"https:\/\/candas365.es\/noticias\/exodo-de-bailarines-en-munich-ante-la-llegada-de-un-nuevo-director\/#authorImage","url":"https:\/\/secure.gravatar.com\/avatar\/496a8e03d0c493ede1718b7934145dbdf8d89be1036b0eec9544e1094c9de390?s=96&d=mm&r=g","width":96,"height":96,"caption":"Cand\u00e1s 365"},"sameAs":["https:\/\/www.facebook.com\/carrenoactualidad","https:\/\/twitter.com\/nbasturias","https:\/\/www.instagram.com\/nachofdezber\/","https:\/\/www.youtube.com\/channel\/UCZP-2wLEB9Rv6erhFmqVnvg"]},{"@type":"WebPage","@id":"https:\/\/candas365.es\/noticias\/exodo-de-bailarines-en-munich-ante-la-llegada-de-un-nuevo-director\/#webpage","url":"https:\/\/candas365.es\/noticias\/exodo-de-bailarines-en-munich-ante-la-llegada-de-un-nuevo-director\/","name":"\u00c9xodo de bailarines en M\u00fanich ante la llegada de un nuevo director | Cand\u00e1s 365","description":"M\u00fanich, 18 jun (dpa) - Casi la mitad del actual elenco de bailarines del Ballet Estatal de Baviera, entre ellos los solistas Luc\u00eda Lacarra y Marlon Dino, abandonar\u00e1 la compa\u00f1\u00eda debido al inminente desembarco del nuevo director Igor Selensky. Se espera que 29 de los 66 integrantes dejen el ballet muniqu\u00e9s al no encajar en","inLanguage":"es-ES","isPartOf":{"@id":"https:\/\/candas365.es\/noticias\/#website"},"breadcrumb":{"@id":"https:\/\/candas365.es\/noticias\/exodo-de-bailarines-en-munich-ante-la-llegada-de-un-nuevo-director\/#breadcrumblist"},"author":{"@id":"https:\/\/candas365.es\/noticias\/author\/admin\/#author"},"creator":{"@id":"https:\/\/candas365.es\/noticias\/author\/admin\/#author"},"image":{"@type":"ImageObject","url":"https:\/\/candas365.es\/noticias\/wp-content\/uploads\/2015\/09\/c365noticias.jpg","@id":"https:\/\/candas365.es\/noticias\/exodo-de-bailarines-en-munich-ante-la-llegada-de-un-nuevo-director\/#mainImage","width":655,"height":360},"primaryImageOfPage":{"@id":"https:\/\/candas365.es\/noticias\/exodo-de-bailarines-en-munich-ante-la-llegada-de-un-nuevo-director\/#mainImage"},"datePublished":"2016-06-18T21:51:00+02:00","dateModified":"2016-06-18T21:51:39+02:00"},{"@type":"WebSite","@id":"https:\/\/candas365.es\/noticias\/#website","url":"https:\/\/candas365.es\/noticias\/","name":"Cand\u00e1s 365","alternateName":"Cand\u00e1s 365 Noticias","description":"Actualidad desde Carre\u00f1o para el mundo","inLanguage":"es-ES","publisher":{"@id":"https:\/\/candas365.es\/noticias\/#organization"}}]},"og:locale":"es_ES","og:site_name":"Cand\u00e1s 365","og:type":"article","og:title":"\u00c9xodo de bailarines en M\u00fanich ante la llegada de un nuevo director | Cand\u00e1s 365","og:description":"M\u00fanich, 18 jun (dpa) - Casi la mitad del actual elenco de bailarines del Ballet Estatal de Baviera, entre ellos los solistas Luc\u00eda Lacarra y Marlon Dino, abandonar\u00e1 la compa\u00f1\u00eda debido al inminente desembarco del nuevo director Igor Selensky. Se espera que 29 de los 66 integrantes dejen el ballet muniqu\u00e9s al no encajar en","og:url":"https:\/\/candas365.es\/noticias\/exodo-de-bailarines-en-munich-ante-la-llegada-de-un-nuevo-director\/","og:image":"https:\/\/candas365.es\/noticias\/wp-content\/uploads\/2015\/09\/c365noticias.jpg","og:image:secure_url":"https:\/\/candas365.es\/noticias\/wp-content\/uploads\/2015\/09\/c365noticias.jpg","og:image:width":655,"og:image:height":360,"article:published_time":"2016-06-18T20:21:00+00:00","article:modified_time":"2016-06-18T20:21:39+00:00","article:publisher":"https:\/\/www.facebook.com\/Nachofdezber","article:author":"https:\/\/www.facebook.com\/carrenoactualidad","twitter:card":"summary_large_image","twitter:site":"@NabercoDigital","twitter:title":"\u00c9xodo de bailarines en M\u00fanich ante la llegada de un nuevo director | Cand\u00e1s 365","twitter:description":"M\u00fanich, 18 jun (dpa) - Casi la mitad del actual elenco de bailarines del Ballet Estatal de Baviera, entre ellos los solistas Luc\u00eda Lacarra y Marlon Dino, abandonar\u00e1 la compa\u00f1\u00eda debido al inminente desembarco del nuevo director Igor Selensky. Se espera que 29 de los 66 integrantes dejen el ballet muniqu\u00e9s al no encajar en","twitter:creator":"@nbasturias","twitter:image":"https:\/\/candas365.es\/noticias\/wp-content\/uploads\/2015\/09\/c365noticias.jpg","twitter:label1":"Escrito por","twitter:data1":"Cand\u00e1s 365","twitter:label2":"Tiempo de lectura estimado","twitter:data2":"3 minutos"},"aioseo_meta_data":{"post_id":"30670","title":null,"description":null,"keywords":null,"keyphrases":null,"primary_term":null,"canonical_url":null,"og_title":null,"og_description":null,"og_object_type":"default","og_image_type":"default","og_image_url":null,"og_image_width":null,"og_image_height":null,"og_image_custom_url":null,"og_image_custom_fields":null,"og_video":null,"og_custom_url":null,"og_article_section":null,"og_article_tags":null,"twitter_use_og":false,"twitter_card":"default","twitter_image_type":"default","twitter_image_url":null,"twitter_image_custom_url":null,"twitter_image_custom_fields":null,"twitter_title":null,"twitter_description":null,"schema":{"blockGraphs":[],"customGraphs":[],"default":{"data":{"Article":[],"Course":[],"Dataset":[],"FAQPage":[],"Movie":[],"Person":[],"Product":[],"ProductReview":[],"Car":[],"Recipe":[],"Service":[],"SoftwareApplication":[],"WebPage":[]},"graphName":"","isEnabled":true},"graphs":[],"defaultGraph":"","defaultPostTypeGraph":""},"schema_type":null,"schema_type_options":null,"pillar_content":false,"robots_default":true,"robots_noindex":false,"robots_noarchive":false,"robots_nosnippet":false,"robots_nofollow":false,"robots_noimageindex":false,"robots_noodp":false,"robots_notranslate":false,"robots_max_snippet":null,"robots_max_videopreview":null,"robots_max_imagepreview":"large","priority":null,"frequency":null,"location":null,"local_seo":null,"seo_analyzer_scan_date":"2025-08-24 12:50:15","breadcrumb_settings":null,"limit_modified_date":false,"reviewed_by":null,"open_ai":null,"ai":null,"created":"2020-12-21 12:59:13","updated":"2025-08-24 12:50:15"},"aioseo_breadcrumb":"<div class=\"aioseo-breadcrumbs\"><span class=\"aioseo-breadcrumb\">\n\t<a href=\"https:\/\/candas365.es\/noticias\" title=\"Home\">Home<\/a>\n<\/span><span class=\"aioseo-breadcrumb-separator\">&ndash;<\/span><span class=\"aioseo-breadcrumb\">\n\t<a href=\"https:\/\/candas365.es\/noticias\/category\/actualidad\/\" title=\"Actualidad\">Actualidad<\/a>\n<\/span><span class=\"aioseo-breadcrumb-separator\">&ndash;<\/span><span class=\"aioseo-breadcrumb\">\n\t\u00c9xodo de bailarines en M\u00fanich ante la llegada de un nuevo director\n<\/span><\/div>","aioseo_breadcrumb_json":[{"label":"Home","link":"https:\/\/candas365.es\/noticias"},{"label":"Actualidad","link":"https:\/\/candas365.es\/noticias\/category\/actualidad\/"},{"label":"\u00c9xodo de bailarines en M\u00fanich ante la llegada de un nuevo director","link":"https:\/\/candas365.es\/noticias\/exodo-de-bailarines-en-munich-ante-la-llegada-de-un-nuevo-director\/"}],"_links":{"self":[{"href":"https:\/\/candas365.es\/noticias\/wp-json\/wp\/v2\/posts\/30670","targetHints":{"allow":["GET"]}}],"collection":[{"href":"https:\/\/candas365.es\/noticias\/wp-json\/wp\/v2\/posts"}],"about":[{"href":"https:\/\/candas365.es\/noticias\/wp-json\/wp\/v2\/types\/post"}],"author":[{"embeddable":true,"href":"https:\/\/candas365.es\/noticias\/wp-json\/wp\/v2\/users\/1"}],"replies":[{"embeddable":true,"href":"https:\/\/candas365.es\/noticias\/wp-json\/wp\/v2\/comments?post=30670"}],"version-history":[{"count":0,"href":"https:\/\/candas365.es\/noticias\/wp-json\/wp\/v2\/posts\/30670\/revisions"}],"wp:featuredmedia":[{"embeddable":true,"href":"https:\/\/candas365.es\/noticias\/wp-json\/wp\/v2\/media\/16457"}],"wp:attachment":[{"href":"https:\/\/candas365.es\/noticias\/wp-json\/wp\/v2\/media?parent=30670"}],"wp:term":[{"taxonomy":"category","embeddable":true,"href":"https:\/\/candas365.es\/noticias\/wp-json\/wp\/v2\/categories?post=30670"},{"taxonomy":"post_tag","embeddable":true,"href":"https:\/\/candas365.es\/noticias\/wp-json\/wp\/v2\/tags?post=30670"}],"curies":[{"name":"wp","href":"https:\/\/api.w.org\/{rel}","templated":true}]}}