{"id":30662,"date":"2016-06-18T21:41:31","date_gmt":"2016-06-18T20:11:31","guid":{"rendered":"http:\/\/candas365.es\/noticias\/?p=30662"},"modified":"2016-06-18T21:41:31","modified_gmt":"2016-06-18T20:11:31","slug":"prision-preventiva-para-ultras-rusos-por-ataque-a-espanoles","status":"publish","type":"post","link":"https:\/\/candas365.es\/noticias\/prision-preventiva-para-ultras-rusos-por-ataque-a-espanoles\/","title":{"rendered":"Prisi\u00f3n preventiva para ultras rusos por ataque a espa\u00f1oles"},"content":{"rendered":"<p>Colonia (Alemania), 18 jun (dpa) &#8211; La justicia alemana libr\u00f3 orden de prisi\u00f3n preventiva para cinco presuntos ultras rusos que atacaron con sa\u00f1a a tres turistas espa\u00f1oles en la ciudad de Colonia, seg\u00fan se supo hoy.<\/p>\n<p>Un juez dict\u00f3 en la noche del viernes la orden por cargo de lesi\u00f3n corporal grave. Un sexto hombre, que fue detenido posteriormente en el aeropuerto de Colonia\/Bonn, fue dejado en libertad al no poder probarse las sospechas en su contra.<\/p>\n<p>Los cinco encarcelados, de edades comprendidas entre los 26 y 30 a\u00f1os, fueron arrestados inmediatamente despu\u00e9s del ataque producido en la tarde del jueves.<\/p>\n<p>Se cree que los rusos podr\u00edan simpatizar con la extrema derecha. La Polic\u00eda constat\u00f3 que los ultras volaron el 10 de junio desde Mosc\u00fa a Marsella.<\/p>\n<p>Las autoridades investigan a\u00fan si los hombres participaron tambi\u00e9n en los altercados vividos el pasado fin de semana entre los hooligans rusos e ingleses con motivo del partido que enfrent\u00f3 a sus selecciones en la Eurocopa de Francia en Marsella y que se sald\u00f3 con 35 heridos.<\/p>\n<p>Por lo que se sabe hasta el momento los ultras rusos hab\u00edan viajado de Bruselas a Colonia e iban a regresar luego por avi\u00f3n a su pa\u00eds.<\/p>\n<p>La Polic\u00eda se\u00f1al\u00f3 que los sospechosos llevaban ropa para ocultar su rostro. Tambi\u00e9n se encontraron entradas para los partidos de la Eurocopa entre Inglaterra-Rusia y Rusia-Eslovaquia.<\/p>\n<p>Los dos espa\u00f1oles y la mujer que los acompa\u00f1aba fueron golpeados y pisoteados cuando repart\u00edan pegatinas de un movimiento izquierdista frente a la catedral de Colonia. Uno de los espa\u00f1oles sufri\u00f3 una fractura del tabique nasal y el otro present\u00f3 heridas leves. Se inform\u00f3 que ya fueron dados de alta en el hospital.<\/p>\n<p>Poco antes de la agresi\u00f3n, los hooligans llamaron la atenci\u00f3n de un polic\u00eda de civil al proferir gritos en la estaci\u00f3n ferroviaria de Colonia. El agente demand\u00f3 refuerzo y justo antes de que arribasen sus colegas, los rusos arremetieron contra el grupo de espa\u00f1oles.<\/p>\n","protected":false},"excerpt":{"rendered":"<p>Colonia (Alemania), 18 jun (dpa) &#8211; La justicia alemana libr\u00f3 orden de prisi\u00f3n preventiva para cinco presuntos ultras rusos que atacaron con sa\u00f1a a tres turistas espa\u00f1oles en la ciudad de Colonia, seg\u00fan se supo hoy. Un juez dict\u00f3 en la noche del viernes la orden por cargo de lesi\u00f3n corporal grave. Un sexto hombre,<\/p>\n","protected":false},"author":1,"featured_media":16457,"comment_status":"closed","ping_status":"closed","sticky":false,"template":"","format":"standard","meta":{"footnotes":""},"categories":[343],"tags":[],"class_list":{"0":"post-30662","1":"post","2":"type-post","3":"status-publish","4":"format-standard","5":"has-post-thumbnail","7":"category-actualidad"},"aioseo_notices":[],"aioseo_head":"\n\t\t<!-- All in One SEO Pro 4.9.6.2 - aioseo.com -->\n\t<meta name=\"description\" content=\"Colonia (Alemania), 18 jun (dpa) - La justicia alemana libr\u00f3 orden de prisi\u00f3n preventiva para cinco presuntos ultras rusos que atacaron con sa\u00f1a a tres turistas espa\u00f1oles en la ciudad de Colonia, seg\u00fan se supo hoy. Un juez dict\u00f3 en la noche del viernes la orden por cargo de lesi\u00f3n corporal grave. Un sexto hombre,\" \/>\n\t<meta name=\"robots\" content=\"max-image-preview:large\" \/>\n\t<meta name=\"author\" content=\"Cand\u00e1s 365\"\/>\n\t<meta name=\"google-site-verification\" content=\"UA-32230408-1\" \/>\n\t<meta name=\"msvalidate.01\" content=\"354F3CDFB2DA171B47FBE9ABF1F88D5\" \/>\n\t<meta name=\"keywords\" content=\"actualidad\" \/>\n\t<link rel=\"canonical\" href=\"https:\/\/candas365.es\/noticias\/prision-preventiva-para-ultras-rusos-por-ataque-a-espanoles\/\" \/>\n\t<meta name=\"generator\" content=\"All in One SEO Pro (AIOSEO) 4.9.6.2\" \/>\n\t\t<meta property=\"og:locale\" content=\"es_ES\" \/>\n\t\t<meta property=\"og:site_name\" content=\"Cand\u00e1s 365\" \/>\n\t\t<meta property=\"og:type\" content=\"article\" \/>\n\t\t<meta property=\"og:title\" content=\"Prisi\u00f3n preventiva para ultras rusos por ataque a espa\u00f1oles | Cand\u00e1s 365\" \/>\n\t\t<meta property=\"og:description\" content=\"Colonia (Alemania), 18 jun (dpa) - La justicia alemana libr\u00f3 orden de prisi\u00f3n preventiva para cinco presuntos ultras rusos que atacaron con sa\u00f1a a tres turistas espa\u00f1oles en la ciudad de Colonia, seg\u00fan se supo hoy. Un juez dict\u00f3 en la noche del viernes la orden por cargo de lesi\u00f3n corporal grave. Un sexto hombre,\" \/>\n\t\t<meta property=\"og:url\" content=\"https:\/\/candas365.es\/noticias\/prision-preventiva-para-ultras-rusos-por-ataque-a-espanoles\/\" \/>\n\t\t<meta property=\"og:image\" content=\"https:\/\/candas365.es\/noticias\/wp-content\/uploads\/2015\/09\/c365noticias.jpg\" \/>\n\t\t<meta property=\"og:image:secure_url\" content=\"https:\/\/candas365.es\/noticias\/wp-content\/uploads\/2015\/09\/c365noticias.jpg\" \/>\n\t\t<meta property=\"og:image:width\" content=\"655\" \/>\n\t\t<meta property=\"og:image:height\" content=\"360\" \/>\n\t\t<meta property=\"article:published_time\" content=\"2016-06-18T20:11:31+00:00\" \/>\n\t\t<meta property=\"article:modified_time\" content=\"2016-06-18T20:11:31+00:00\" \/>\n\t\t<meta property=\"article:publisher\" content=\"https:\/\/www.facebook.com\/Nachofdezber\" \/>\n\t\t<meta property=\"article:author\" content=\"https:\/\/www.facebook.com\/carrenoactualidad\" \/>\n\t\t<meta name=\"twitter:card\" content=\"summary_large_image\" \/>\n\t\t<meta name=\"twitter:site\" content=\"@NabercoDigital\" \/>\n\t\t<meta name=\"twitter:title\" content=\"Prisi\u00f3n preventiva para ultras rusos por ataque a espa\u00f1oles | Cand\u00e1s 365\" \/>\n\t\t<meta name=\"twitter:description\" content=\"Colonia (Alemania), 18 jun (dpa) - La justicia alemana libr\u00f3 orden de prisi\u00f3n preventiva para cinco presuntos ultras rusos que atacaron con sa\u00f1a a tres turistas espa\u00f1oles en la ciudad de Colonia, seg\u00fan se supo hoy. Un juez dict\u00f3 en la noche del viernes la orden por cargo de lesi\u00f3n corporal grave. Un sexto hombre,\" \/>\n\t\t<meta name=\"twitter:creator\" content=\"@nbasturias\" \/>\n\t\t<meta name=\"twitter:image\" content=\"https:\/\/candas365.es\/noticias\/wp-content\/uploads\/2015\/09\/c365noticias.jpg\" \/>\n\t\t<meta name=\"twitter:label1\" content=\"Escrito por\" \/>\n\t\t<meta name=\"twitter:data1\" content=\"Cand\u00e1s 365\" \/>\n\t\t<meta name=\"twitter:label2\" content=\"Tiempo de lectura estimado\" \/>\n\t\t<meta name=\"twitter:data2\" content=\"2 minutos\" \/>\n\t\t<script type=\"application\/ld+json\" class=\"aioseo-schema\">\n\t\t\t{\"@context\":\"https:\\\/\\\/schema.org\",\"@graph\":[{\"@type\":\"BreadcrumbList\",\"@id\":\"https:\\\/\\\/candas365.es\\\/noticias\\\/prision-preventiva-para-ultras-rusos-por-ataque-a-espanoles\\\/#breadcrumblist\",\"itemListElement\":[{\"@type\":\"ListItem\",\"@id\":\"https:\\\/\\\/candas365.es\\\/noticias#listItem\",\"position\":1,\"name\":\"Home\",\"item\":\"https:\\\/\\\/candas365.es\\\/noticias\",\"nextItem\":{\"@type\":\"ListItem\",\"@id\":\"https:\\\/\\\/candas365.es\\\/noticias\\\/category\\\/actualidad\\\/#listItem\",\"name\":\"Actualidad\"}},{\"@type\":\"ListItem\",\"@id\":\"https:\\\/\\\/candas365.es\\\/noticias\\\/category\\\/actualidad\\\/#listItem\",\"position\":2,\"name\":\"Actualidad\",\"item\":\"https:\\\/\\\/candas365.es\\\/noticias\\\/category\\\/actualidad\\\/\",\"nextItem\":{\"@type\":\"ListItem\",\"@id\":\"https:\\\/\\\/candas365.es\\\/noticias\\\/prision-preventiva-para-ultras-rusos-por-ataque-a-espanoles\\\/#listItem\",\"name\":\"Prisi\\u00f3n preventiva para ultras rusos por ataque a espa\\u00f1oles\"},\"previousItem\":{\"@type\":\"ListItem\",\"@id\":\"https:\\\/\\\/candas365.es\\\/noticias#listItem\",\"name\":\"Home\"}},{\"@type\":\"ListItem\",\"@id\":\"https:\\\/\\\/candas365.es\\\/noticias\\\/prision-preventiva-para-ultras-rusos-por-ataque-a-espanoles\\\/#listItem\",\"position\":3,\"name\":\"Prisi\\u00f3n preventiva para ultras rusos por ataque a espa\\u00f1oles\",\"previousItem\":{\"@type\":\"ListItem\",\"@id\":\"https:\\\/\\\/candas365.es\\\/noticias\\\/category\\\/actualidad\\\/#listItem\",\"name\":\"Actualidad\"}}]},{\"@type\":\"NewsArticle\",\"@id\":\"https:\\\/\\\/candas365.es\\\/noticias\\\/prision-preventiva-para-ultras-rusos-por-ataque-a-espanoles\\\/#newsarticle\",\"name\":\"Prisi\\u00f3n preventiva para ultras rusos por ataque a espa\\u00f1oles | Cand\\u00e1s 365\",\"headline\":\"Prisi\\u00f3n preventiva para ultras rusos por ataque a espa\\u00f1oles\",\"author\":{\"@id\":\"https:\\\/\\\/candas365.es\\\/noticias\\\/author\\\/admin\\\/#author\"},\"publisher\":{\"@id\":\"https:\\\/\\\/candas365.es\\\/noticias\\\/#organization\"},\"image\":{\"@type\":\"ImageObject\",\"url\":\"https:\\\/\\\/candas365.es\\\/noticias\\\/wp-content\\\/uploads\\\/2015\\\/09\\\/c365noticias.jpg\",\"width\":655,\"height\":360},\"datePublished\":\"2016-06-18T21:41:31+02:00\",\"dateModified\":\"2016-06-18T21:41:31+02:00\",\"inLanguage\":\"es-ES\",\"mainEntityOfPage\":{\"@id\":\"https:\\\/\\\/candas365.es\\\/noticias\\\/prision-preventiva-para-ultras-rusos-por-ataque-a-espanoles\\\/#webpage\"},\"isPartOf\":{\"@id\":\"https:\\\/\\\/candas365.es\\\/noticias\\\/prision-preventiva-para-ultras-rusos-por-ataque-a-espanoles\\\/#webpage\"},\"articleSection\":\"Actualidad\",\"dateline\":\"Publicado el junio 18, 2016.\"},{\"@type\":\"Organization\",\"@id\":\"https:\\\/\\\/candas365.es\\\/noticias\\\/#organization\",\"name\":\"Cand\\u00e1s 365\",\"description\":\"Cand\\u00e1s 365 es un diario digital independiente, fundado en 2012, con base en Asturias. Informamos con rigor sobre actualidad, sociedad, cultura y ocio, con una mirada local y global.\",\"url\":\"https:\\\/\\\/candas365.es\\\/noticias\\\/\",\"email\":\"info@candas365.es\",\"telephone\":\"+34652131393\",\"foundingDate\":\"2012-06-10\",\"logo\":{\"@type\":\"ImageObject\",\"url\":\"https:\\\/\\\/candas365.es\\\/noticias\\\/wp-content\\\/uploads\\\/2024\\\/09\\\/Candas-365-Redes.jpg\",\"@id\":\"https:\\\/\\\/candas365.es\\\/noticias\\\/prision-preventiva-para-ultras-rusos-por-ataque-a-espanoles\\\/#organizationLogo\",\"width\":1152,\"height\":864,\"caption\":\"Cand\\u00e1s 365 Redes\"},\"image\":{\"@id\":\"https:\\\/\\\/candas365.es\\\/noticias\\\/prision-preventiva-para-ultras-rusos-por-ataque-a-espanoles\\\/#organizationLogo\"},\"sameAs\":[\"https:\\\/\\\/www.facebook.com\\\/Nachofdezber\",\"https:\\\/\\\/x.com\\\/NabercoDigital\",\"https:\\\/\\\/www.instagram.com\\\/nachofdezber\\\/\",\"https:\\\/\\\/www.youtube.com\\\/channel\\\/UCZP-2wLEB9Rv6erhFmqVnvg\"],\"address\":{\"@id\":\"https:\\\/\\\/candas365.es\\\/noticias\\\/#postaladdress\",\"@type\":\"PostalAddress\",\"streetAddress\":\"san antonio 4, san antonio 4\",\"postalCode\":\"33430\",\"addressLocality\":\"Cand\\u00e1s\",\"addressRegion\":\"Asturias\",\"addressCountry\":\"ES\"}},{\"@type\":\"Person\",\"@id\":\"https:\\\/\\\/candas365.es\\\/noticias\\\/author\\\/admin\\\/#author\",\"url\":\"https:\\\/\\\/candas365.es\\\/noticias\\\/author\\\/admin\\\/\",\"name\":\"Cand\\u00e1s 365\",\"image\":{\"@type\":\"ImageObject\",\"@id\":\"https:\\\/\\\/candas365.es\\\/noticias\\\/prision-preventiva-para-ultras-rusos-por-ataque-a-espanoles\\\/#authorImage\",\"url\":\"https:\\\/\\\/secure.gravatar.com\\\/avatar\\\/496a8e03d0c493ede1718b7934145dbdf8d89be1036b0eec9544e1094c9de390?s=96&d=mm&r=g\",\"width\":96,\"height\":96,\"caption\":\"Cand\\u00e1s 365\"},\"sameAs\":[\"https:\\\/\\\/www.facebook.com\\\/carrenoactualidad\",\"https:\\\/\\\/twitter.com\\\/nbasturias\",\"https:\\\/\\\/www.instagram.com\\\/nachofdezber\\\/\",\"https:\\\/\\\/www.youtube.com\\\/channel\\\/UCZP-2wLEB9Rv6erhFmqVnvg\"]},{\"@type\":\"WebPage\",\"@id\":\"https:\\\/\\\/candas365.es\\\/noticias\\\/prision-preventiva-para-ultras-rusos-por-ataque-a-espanoles\\\/#webpage\",\"url\":\"https:\\\/\\\/candas365.es\\\/noticias\\\/prision-preventiva-para-ultras-rusos-por-ataque-a-espanoles\\\/\",\"name\":\"Prisi\\u00f3n preventiva para ultras rusos por ataque a espa\\u00f1oles | Cand\\u00e1s 365\",\"description\":\"Colonia (Alemania), 18 jun (dpa) - La justicia alemana libr\\u00f3 orden de prisi\\u00f3n preventiva para cinco presuntos ultras rusos que atacaron con sa\\u00f1a a tres turistas espa\\u00f1oles en la ciudad de Colonia, seg\\u00fan se supo hoy. Un juez dict\\u00f3 en la noche del viernes la orden por cargo de lesi\\u00f3n corporal grave. Un sexto hombre,\",\"inLanguage\":\"es-ES\",\"isPartOf\":{\"@id\":\"https:\\\/\\\/candas365.es\\\/noticias\\\/#website\"},\"breadcrumb\":{\"@id\":\"https:\\\/\\\/candas365.es\\\/noticias\\\/prision-preventiva-para-ultras-rusos-por-ataque-a-espanoles\\\/#breadcrumblist\"},\"author\":{\"@id\":\"https:\\\/\\\/candas365.es\\\/noticias\\\/author\\\/admin\\\/#author\"},\"creator\":{\"@id\":\"https:\\\/\\\/candas365.es\\\/noticias\\\/author\\\/admin\\\/#author\"},\"image\":{\"@type\":\"ImageObject\",\"url\":\"https:\\\/\\\/candas365.es\\\/noticias\\\/wp-content\\\/uploads\\\/2015\\\/09\\\/c365noticias.jpg\",\"@id\":\"https:\\\/\\\/candas365.es\\\/noticias\\\/prision-preventiva-para-ultras-rusos-por-ataque-a-espanoles\\\/#mainImage\",\"width\":655,\"height\":360},\"primaryImageOfPage\":{\"@id\":\"https:\\\/\\\/candas365.es\\\/noticias\\\/prision-preventiva-para-ultras-rusos-por-ataque-a-espanoles\\\/#mainImage\"},\"datePublished\":\"2016-06-18T21:41:31+02:00\",\"dateModified\":\"2016-06-18T21:41:31+02:00\"},{\"@type\":\"WebSite\",\"@id\":\"https:\\\/\\\/candas365.es\\\/noticias\\\/#website\",\"url\":\"https:\\\/\\\/candas365.es\\\/noticias\\\/\",\"name\":\"Cand\\u00e1s 365\",\"alternateName\":\"Cand\\u00e1s 365 Noticias\",\"description\":\"Actualidad desde Carre\\u00f1o para el mundo\",\"inLanguage\":\"es-ES\",\"publisher\":{\"@id\":\"https:\\\/\\\/candas365.es\\\/noticias\\\/#organization\"}}]}\n\t\t<\/script>\n\t\t<!-- All in One SEO Pro -->\r\n\t\t<title>Prisi\u00f3n preventiva para ultras rusos por ataque a espa\u00f1oles | Cand\u00e1s 365<\/title>\n\n","aioseo_head_json":{"title":"Prisi\u00f3n preventiva para ultras rusos por ataque a espa\u00f1oles | Cand\u00e1s 365","description":"Colonia (Alemania), 18 jun (dpa) - La justicia alemana libr\u00f3 orden de prisi\u00f3n preventiva para cinco presuntos ultras rusos que atacaron con sa\u00f1a a tres turistas espa\u00f1oles en la ciudad de Colonia, seg\u00fan se supo hoy. Un juez dict\u00f3 en la noche del viernes la orden por cargo de lesi\u00f3n corporal grave. Un sexto hombre,","canonical_url":"https:\/\/candas365.es\/noticias\/prision-preventiva-para-ultras-rusos-por-ataque-a-espanoles\/","robots":"max-image-preview:large","keywords":"actualidad","webmasterTools":{"google-site-verification":"UA-32230408-1","msvalidate.01":"354F3CDFB2DA171B47FBE9ABF1F88D5","miscellaneous":""},"schema":{"@context":"https:\/\/schema.org","@graph":[{"@type":"BreadcrumbList","@id":"https:\/\/candas365.es\/noticias\/prision-preventiva-para-ultras-rusos-por-ataque-a-espanoles\/#breadcrumblist","itemListElement":[{"@type":"ListItem","@id":"https:\/\/candas365.es\/noticias#listItem","position":1,"name":"Home","item":"https:\/\/candas365.es\/noticias","nextItem":{"@type":"ListItem","@id":"https:\/\/candas365.es\/noticias\/category\/actualidad\/#listItem","name":"Actualidad"}},{"@type":"ListItem","@id":"https:\/\/candas365.es\/noticias\/category\/actualidad\/#listItem","position":2,"name":"Actualidad","item":"https:\/\/candas365.es\/noticias\/category\/actualidad\/","nextItem":{"@type":"ListItem","@id":"https:\/\/candas365.es\/noticias\/prision-preventiva-para-ultras-rusos-por-ataque-a-espanoles\/#listItem","name":"Prisi\u00f3n preventiva para ultras rusos por ataque a espa\u00f1oles"},"previousItem":{"@type":"ListItem","@id":"https:\/\/candas365.es\/noticias#listItem","name":"Home"}},{"@type":"ListItem","@id":"https:\/\/candas365.es\/noticias\/prision-preventiva-para-ultras-rusos-por-ataque-a-espanoles\/#listItem","position":3,"name":"Prisi\u00f3n preventiva para ultras rusos por ataque a espa\u00f1oles","previousItem":{"@type":"ListItem","@id":"https:\/\/candas365.es\/noticias\/category\/actualidad\/#listItem","name":"Actualidad"}}]},{"@type":"NewsArticle","@id":"https:\/\/candas365.es\/noticias\/prision-preventiva-para-ultras-rusos-por-ataque-a-espanoles\/#newsarticle","name":"Prisi\u00f3n preventiva para ultras rusos por ataque a espa\u00f1oles | Cand\u00e1s 365","headline":"Prisi\u00f3n preventiva para ultras rusos por ataque a espa\u00f1oles","author":{"@id":"https:\/\/candas365.es\/noticias\/author\/admin\/#author"},"publisher":{"@id":"https:\/\/candas365.es\/noticias\/#organization"},"image":{"@type":"ImageObject","url":"https:\/\/candas365.es\/noticias\/wp-content\/uploads\/2015\/09\/c365noticias.jpg","width":655,"height":360},"datePublished":"2016-06-18T21:41:31+02:00","dateModified":"2016-06-18T21:41:31+02:00","inLanguage":"es-ES","mainEntityOfPage":{"@id":"https:\/\/candas365.es\/noticias\/prision-preventiva-para-ultras-rusos-por-ataque-a-espanoles\/#webpage"},"isPartOf":{"@id":"https:\/\/candas365.es\/noticias\/prision-preventiva-para-ultras-rusos-por-ataque-a-espanoles\/#webpage"},"articleSection":"Actualidad","dateline":"Publicado el junio 18, 2016."},{"@type":"Organization","@id":"https:\/\/candas365.es\/noticias\/#organization","name":"Cand\u00e1s 365","description":"Cand\u00e1s 365 es un diario digital independiente, fundado en 2012, con base en Asturias. Informamos con rigor sobre actualidad, sociedad, cultura y ocio, con una mirada local y global.","url":"https:\/\/candas365.es\/noticias\/","email":"info@candas365.es","telephone":"+34652131393","foundingDate":"2012-06-10","logo":{"@type":"ImageObject","url":"https:\/\/candas365.es\/noticias\/wp-content\/uploads\/2024\/09\/Candas-365-Redes.jpg","@id":"https:\/\/candas365.es\/noticias\/prision-preventiva-para-ultras-rusos-por-ataque-a-espanoles\/#organizationLogo","width":1152,"height":864,"caption":"Cand\u00e1s 365 Redes"},"image":{"@id":"https:\/\/candas365.es\/noticias\/prision-preventiva-para-ultras-rusos-por-ataque-a-espanoles\/#organizationLogo"},"sameAs":["https:\/\/www.facebook.com\/Nachofdezber","https:\/\/x.com\/NabercoDigital","https:\/\/www.instagram.com\/nachofdezber\/","https:\/\/www.youtube.com\/channel\/UCZP-2wLEB9Rv6erhFmqVnvg"],"address":{"@id":"https:\/\/candas365.es\/noticias\/#postaladdress","@type":"PostalAddress","streetAddress":"san antonio 4, san antonio 4","postalCode":"33430","addressLocality":"Cand\u00e1s","addressRegion":"Asturias","addressCountry":"ES"}},{"@type":"Person","@id":"https:\/\/candas365.es\/noticias\/author\/admin\/#author","url":"https:\/\/candas365.es\/noticias\/author\/admin\/","name":"Cand\u00e1s 365","image":{"@type":"ImageObject","@id":"https:\/\/candas365.es\/noticias\/prision-preventiva-para-ultras-rusos-por-ataque-a-espanoles\/#authorImage","url":"https:\/\/secure.gravatar.com\/avatar\/496a8e03d0c493ede1718b7934145dbdf8d89be1036b0eec9544e1094c9de390?s=96&d=mm&r=g","width":96,"height":96,"caption":"Cand\u00e1s 365"},"sameAs":["https:\/\/www.facebook.com\/carrenoactualidad","https:\/\/twitter.com\/nbasturias","https:\/\/www.instagram.com\/nachofdezber\/","https:\/\/www.youtube.com\/channel\/UCZP-2wLEB9Rv6erhFmqVnvg"]},{"@type":"WebPage","@id":"https:\/\/candas365.es\/noticias\/prision-preventiva-para-ultras-rusos-por-ataque-a-espanoles\/#webpage","url":"https:\/\/candas365.es\/noticias\/prision-preventiva-para-ultras-rusos-por-ataque-a-espanoles\/","name":"Prisi\u00f3n preventiva para ultras rusos por ataque a espa\u00f1oles | Cand\u00e1s 365","description":"Colonia (Alemania), 18 jun (dpa) - La justicia alemana libr\u00f3 orden de prisi\u00f3n preventiva para cinco presuntos ultras rusos que atacaron con sa\u00f1a a tres turistas espa\u00f1oles en la ciudad de Colonia, seg\u00fan se supo hoy. Un juez dict\u00f3 en la noche del viernes la orden por cargo de lesi\u00f3n corporal grave. Un sexto hombre,","inLanguage":"es-ES","isPartOf":{"@id":"https:\/\/candas365.es\/noticias\/#website"},"breadcrumb":{"@id":"https:\/\/candas365.es\/noticias\/prision-preventiva-para-ultras-rusos-por-ataque-a-espanoles\/#breadcrumblist"},"author":{"@id":"https:\/\/candas365.es\/noticias\/author\/admin\/#author"},"creator":{"@id":"https:\/\/candas365.es\/noticias\/author\/admin\/#author"},"image":{"@type":"ImageObject","url":"https:\/\/candas365.es\/noticias\/wp-content\/uploads\/2015\/09\/c365noticias.jpg","@id":"https:\/\/candas365.es\/noticias\/prision-preventiva-para-ultras-rusos-por-ataque-a-espanoles\/#mainImage","width":655,"height":360},"primaryImageOfPage":{"@id":"https:\/\/candas365.es\/noticias\/prision-preventiva-para-ultras-rusos-por-ataque-a-espanoles\/#mainImage"},"datePublished":"2016-06-18T21:41:31+02:00","dateModified":"2016-06-18T21:41:31+02:00"},{"@type":"WebSite","@id":"https:\/\/candas365.es\/noticias\/#website","url":"https:\/\/candas365.es\/noticias\/","name":"Cand\u00e1s 365","alternateName":"Cand\u00e1s 365 Noticias","description":"Actualidad desde Carre\u00f1o para el mundo","inLanguage":"es-ES","publisher":{"@id":"https:\/\/candas365.es\/noticias\/#organization"}}]},"og:locale":"es_ES","og:site_name":"Cand\u00e1s 365","og:type":"article","og:title":"Prisi\u00f3n preventiva para ultras rusos por ataque a espa\u00f1oles | Cand\u00e1s 365","og:description":"Colonia (Alemania), 18 jun (dpa) - La justicia alemana libr\u00f3 orden de prisi\u00f3n preventiva para cinco presuntos ultras rusos que atacaron con sa\u00f1a a tres turistas espa\u00f1oles en la ciudad de Colonia, seg\u00fan se supo hoy. Un juez dict\u00f3 en la noche del viernes la orden por cargo de lesi\u00f3n corporal grave. Un sexto hombre,","og:url":"https:\/\/candas365.es\/noticias\/prision-preventiva-para-ultras-rusos-por-ataque-a-espanoles\/","og:image":"https:\/\/candas365.es\/noticias\/wp-content\/uploads\/2015\/09\/c365noticias.jpg","og:image:secure_url":"https:\/\/candas365.es\/noticias\/wp-content\/uploads\/2015\/09\/c365noticias.jpg","og:image:width":655,"og:image:height":360,"article:published_time":"2016-06-18T20:11:31+00:00","article:modified_time":"2016-06-18T20:11:31+00:00","article:publisher":"https:\/\/www.facebook.com\/Nachofdezber","article:author":"https:\/\/www.facebook.com\/carrenoactualidad","twitter:card":"summary_large_image","twitter:site":"@NabercoDigital","twitter:title":"Prisi\u00f3n preventiva para ultras rusos por ataque a espa\u00f1oles | Cand\u00e1s 365","twitter:description":"Colonia (Alemania), 18 jun (dpa) - La justicia alemana libr\u00f3 orden de prisi\u00f3n preventiva para cinco presuntos ultras rusos que atacaron con sa\u00f1a a tres turistas espa\u00f1oles en la ciudad de Colonia, seg\u00fan se supo hoy. Un juez dict\u00f3 en la noche del viernes la orden por cargo de lesi\u00f3n corporal grave. Un sexto hombre,","twitter:creator":"@nbasturias","twitter:image":"https:\/\/candas365.es\/noticias\/wp-content\/uploads\/2015\/09\/c365noticias.jpg","twitter:label1":"Escrito por","twitter:data1":"Cand\u00e1s 365","twitter:label2":"Tiempo de lectura estimado","twitter:data2":"2 minutos"},"aioseo_meta_data":{"post_id":"30662","title":null,"description":null,"keywords":null,"keyphrases":null,"primary_term":null,"canonical_url":null,"og_title":null,"og_description":null,"og_object_type":"default","og_image_type":"default","og_image_url":null,"og_image_width":null,"og_image_height":null,"og_image_custom_url":null,"og_image_custom_fields":null,"og_video":null,"og_custom_url":null,"og_article_section":null,"og_article_tags":null,"twitter_use_og":false,"twitter_card":"default","twitter_image_type":"default","twitter_image_url":null,"twitter_image_custom_url":null,"twitter_image_custom_fields":null,"twitter_title":null,"twitter_description":null,"schema":{"blockGraphs":[],"customGraphs":[],"default":{"data":{"Article":[],"Course":[],"Dataset":[],"FAQPage":[],"Movie":[],"Person":[],"Product":[],"ProductReview":[],"Car":[],"Recipe":[],"Service":[],"SoftwareApplication":[],"WebPage":[]},"graphName":"","isEnabled":true},"graphs":[],"defaultGraph":"","defaultPostTypeGraph":""},"schema_type":null,"schema_type_options":null,"pillar_content":false,"robots_default":true,"robots_noindex":false,"robots_noarchive":false,"robots_nosnippet":false,"robots_nofollow":false,"robots_noimageindex":false,"robots_noodp":false,"robots_notranslate":false,"robots_max_snippet":null,"robots_max_videopreview":null,"robots_max_imagepreview":"large","priority":null,"frequency":null,"location":null,"local_seo":null,"seo_analyzer_scan_date":"2025-08-24 12:50:11","breadcrumb_settings":null,"limit_modified_date":false,"reviewed_by":null,"open_ai":null,"ai":null,"created":"2020-12-21 12:59:13","updated":"2025-08-24 12:50:11"},"aioseo_breadcrumb":"<div class=\"aioseo-breadcrumbs\"><span class=\"aioseo-breadcrumb\">\n\t<a href=\"https:\/\/candas365.es\/noticias\" title=\"Home\">Home<\/a>\n<\/span><span class=\"aioseo-breadcrumb-separator\">&ndash;<\/span><span class=\"aioseo-breadcrumb\">\n\t<a href=\"https:\/\/candas365.es\/noticias\/category\/actualidad\/\" title=\"Actualidad\">Actualidad<\/a>\n<\/span><span class=\"aioseo-breadcrumb-separator\">&ndash;<\/span><span class=\"aioseo-breadcrumb\">\n\tPrisi\u00f3n preventiva para ultras rusos por ataque a espa\u00f1oles\n<\/span><\/div>","aioseo_breadcrumb_json":[{"label":"Home","link":"https:\/\/candas365.es\/noticias"},{"label":"Actualidad","link":"https:\/\/candas365.es\/noticias\/category\/actualidad\/"},{"label":"Prisi\u00f3n preventiva para ultras rusos por ataque a espa\u00f1oles","link":"https:\/\/candas365.es\/noticias\/prision-preventiva-para-ultras-rusos-por-ataque-a-espanoles\/"}],"_links":{"self":[{"href":"https:\/\/candas365.es\/noticias\/wp-json\/wp\/v2\/posts\/30662","targetHints":{"allow":["GET"]}}],"collection":[{"href":"https:\/\/candas365.es\/noticias\/wp-json\/wp\/v2\/posts"}],"about":[{"href":"https:\/\/candas365.es\/noticias\/wp-json\/wp\/v2\/types\/post"}],"author":[{"embeddable":true,"href":"https:\/\/candas365.es\/noticias\/wp-json\/wp\/v2\/users\/1"}],"replies":[{"embeddable":true,"href":"https:\/\/candas365.es\/noticias\/wp-json\/wp\/v2\/comments?post=30662"}],"version-history":[{"count":0,"href":"https:\/\/candas365.es\/noticias\/wp-json\/wp\/v2\/posts\/30662\/revisions"}],"wp:featuredmedia":[{"embeddable":true,"href":"https:\/\/candas365.es\/noticias\/wp-json\/wp\/v2\/media\/16457"}],"wp:attachment":[{"href":"https:\/\/candas365.es\/noticias\/wp-json\/wp\/v2\/media?parent=30662"}],"wp:term":[{"taxonomy":"category","embeddable":true,"href":"https:\/\/candas365.es\/noticias\/wp-json\/wp\/v2\/categories?post=30662"},{"taxonomy":"post_tag","embeddable":true,"href":"https:\/\/candas365.es\/noticias\/wp-json\/wp\/v2\/tags?post=30662"}],"curies":[{"name":"wp","href":"https:\/\/api.w.org\/{rel}","templated":true}]}}