{"id":30660,"date":"2016-06-18T21:39:53","date_gmt":"2016-06-18T20:09:53","guid":{"rendered":"http:\/\/candas365.es\/noticias\/?p=30660"},"modified":"2016-06-18T21:39:53","modified_gmt":"2016-06-18T20:09:53","slug":"steinmeier-pide-mas-dialogo-con-rusia-y-menos-medidas-disuasorias","status":"publish","type":"post","link":"https:\/\/candas365.es\/noticias\/steinmeier-pide-mas-dialogo-con-rusia-y-menos-medidas-disuasorias\/","title":{"rendered":"Steinmeier pide m\u00e1s di\u00e1logo con Rusia y menos medidas disuasorias"},"content":{"rendered":"<p>Berl\u00edn, 18 jun (dpa) &#8211; El ministro alem\u00e1n de Relaciones Exteriores, Frank-Walter Steinmeier, pidi\u00f3 a los socios de la alianza militar OTAN a no centrarse demasiado en medidas disuasorias hacia Rusia y buscar m\u00e1s el di\u00e1logo.<\/p>\n<p>\u00abLo que no debi\u00e9ramos hacer ahora es calentar m\u00e1s los \u00e1nimos con fuerte ruido de sables y gritos de guerra. Se equivoca el que crea que se puede generar m\u00e1s seguridad en la frontera oriental de la alianza a trav\u00e9s de desfiles de tanques simb\u00f3licos\u00bb, advirti\u00f3 Steinmeier en declaraciones que adelant\u00f3 hoy el dominical alem\u00e1n \u00abBild am Sonntag\u00bb.<\/p>\n<p>Ser\u00eda \u00abfatal limitar el enfoque a lo puramente militar y buscar la soluci\u00f3n en la pol\u00edtica de disuasi\u00f3n\u00bb, sostuvo el titular de la diplomacia alemana.<\/p>\n<p>La historia ense\u00f1a que adem\u00e1s de la voluntad de querer defenderse mutuamente tiene que haber una disposici\u00f3n al di\u00e1logo y ofertas de cooperaci\u00f3n, insisti\u00f3.<\/p>\n<p>La alianza militar OTAN resolvi\u00f3 el martes pasado estacionar de forma permanente soldados en Polonia, Letonia, Estonia y Lituania, rep\u00fablicas fronterizas con Rusia que se sienten amenazadas desde la anexi\u00f3n de la pen\u00ednsula de Crimea hace dos a\u00f1os. Alemania tambi\u00e9n participar\u00e1 con tropas.<\/p>\n<p>La OTAN tiene previsto tomar m\u00e1s medidas en su reuni\u00f3n del 8 y 9 de julio en Polonia. La cita est\u00e1 precedida por varias maniobras militares en la regi\u00f3n este de la alianza.<\/p>\n<p>&nbsp;<\/p>\n","protected":false},"excerpt":{"rendered":"<p>Berl\u00edn, 18 jun (dpa) &#8211; El ministro alem\u00e1n de Relaciones Exteriores, Frank-Walter Steinmeier, pidi\u00f3 a los socios de la alianza militar OTAN a no centrarse demasiado en medidas disuasorias hacia Rusia y buscar m\u00e1s el di\u00e1logo. \u00abLo que no debi\u00e9ramos hacer ahora es calentar m\u00e1s los \u00e1nimos con fuerte ruido de sables y gritos de<\/p>\n","protected":false},"author":1,"featured_media":16457,"comment_status":"closed","ping_status":"closed","sticky":false,"template":"","format":"standard","meta":{"footnotes":""},"categories":[343],"tags":[],"class_list":{"0":"post-30660","1":"post","2":"type-post","3":"status-publish","4":"format-standard","5":"has-post-thumbnail","7":"category-actualidad"},"aioseo_notices":[],"aioseo_head":"\n\t\t<!-- All in One SEO Pro 4.9.6.2 - aioseo.com -->\n\t<meta name=\"description\" content=\"Berl\u00edn, 18 jun (dpa) - El ministro alem\u00e1n de Relaciones Exteriores, Frank-Walter Steinmeier, pidi\u00f3 a los socios de la alianza militar OTAN a no centrarse demasiado en medidas disuasorias hacia Rusia y buscar m\u00e1s el di\u00e1logo. &quot;Lo que no debi\u00e9ramos hacer ahora es calentar m\u00e1s los \u00e1nimos con fuerte ruido de sables y gritos de\" \/>\n\t<meta name=\"robots\" content=\"max-image-preview:large\" \/>\n\t<meta name=\"author\" content=\"Cand\u00e1s 365\"\/>\n\t<meta name=\"google-site-verification\" content=\"UA-32230408-1\" \/>\n\t<meta name=\"msvalidate.01\" content=\"354F3CDFB2DA171B47FBE9ABF1F88D5\" \/>\n\t<meta name=\"keywords\" content=\"actualidad\" \/>\n\t<link rel=\"canonical\" href=\"https:\/\/candas365.es\/noticias\/steinmeier-pide-mas-dialogo-con-rusia-y-menos-medidas-disuasorias\/\" \/>\n\t<meta name=\"generator\" content=\"All in One SEO Pro (AIOSEO) 4.9.6.2\" \/>\n\t\t<meta property=\"og:locale\" content=\"es_ES\" \/>\n\t\t<meta property=\"og:site_name\" content=\"Cand\u00e1s 365\" \/>\n\t\t<meta property=\"og:type\" content=\"article\" \/>\n\t\t<meta property=\"og:title\" content=\"Steinmeier pide m\u00e1s di\u00e1logo con Rusia y menos medidas disuasorias | Cand\u00e1s 365\" \/>\n\t\t<meta property=\"og:description\" content=\"Berl\u00edn, 18 jun (dpa) - El ministro alem\u00e1n de Relaciones Exteriores, Frank-Walter Steinmeier, pidi\u00f3 a los socios de la alianza militar OTAN a no centrarse demasiado en medidas disuasorias hacia Rusia y buscar m\u00e1s el di\u00e1logo. &quot;Lo que no debi\u00e9ramos hacer ahora es calentar m\u00e1s los \u00e1nimos con fuerte ruido de sables y gritos de\" \/>\n\t\t<meta property=\"og:url\" content=\"https:\/\/candas365.es\/noticias\/steinmeier-pide-mas-dialogo-con-rusia-y-menos-medidas-disuasorias\/\" \/>\n\t\t<meta property=\"og:image\" content=\"https:\/\/candas365.es\/noticias\/wp-content\/uploads\/2015\/09\/c365noticias.jpg\" \/>\n\t\t<meta property=\"og:image:secure_url\" content=\"https:\/\/candas365.es\/noticias\/wp-content\/uploads\/2015\/09\/c365noticias.jpg\" \/>\n\t\t<meta property=\"og:image:width\" content=\"655\" \/>\n\t\t<meta property=\"og:image:height\" content=\"360\" \/>\n\t\t<meta property=\"article:published_time\" content=\"2016-06-18T20:09:53+00:00\" \/>\n\t\t<meta property=\"article:modified_time\" content=\"2016-06-18T20:09:53+00:00\" \/>\n\t\t<meta property=\"article:publisher\" content=\"https:\/\/www.facebook.com\/Nachofdezber\" \/>\n\t\t<meta property=\"article:author\" content=\"https:\/\/www.facebook.com\/carrenoactualidad\" \/>\n\t\t<meta name=\"twitter:card\" content=\"summary_large_image\" \/>\n\t\t<meta name=\"twitter:site\" content=\"@NabercoDigital\" \/>\n\t\t<meta name=\"twitter:title\" content=\"Steinmeier pide m\u00e1s di\u00e1logo con Rusia y menos medidas disuasorias | Cand\u00e1s 365\" \/>\n\t\t<meta name=\"twitter:description\" content=\"Berl\u00edn, 18 jun (dpa) - El ministro alem\u00e1n de Relaciones Exteriores, Frank-Walter Steinmeier, pidi\u00f3 a los socios de la alianza militar OTAN a no centrarse demasiado en medidas disuasorias hacia Rusia y buscar m\u00e1s el di\u00e1logo. &quot;Lo que no debi\u00e9ramos hacer ahora es calentar m\u00e1s los \u00e1nimos con fuerte ruido de sables y gritos de\" \/>\n\t\t<meta name=\"twitter:creator\" content=\"@nbasturias\" \/>\n\t\t<meta name=\"twitter:image\" content=\"https:\/\/candas365.es\/noticias\/wp-content\/uploads\/2015\/09\/c365noticias.jpg\" \/>\n\t\t<meta name=\"twitter:label1\" content=\"Escrito por\" \/>\n\t\t<meta name=\"twitter:data1\" content=\"Cand\u00e1s 365\" \/>\n\t\t<meta name=\"twitter:label2\" content=\"Tiempo de lectura estimado\" \/>\n\t\t<meta name=\"twitter:data2\" content=\"1 minuto\" \/>\n\t\t<script type=\"application\/ld+json\" class=\"aioseo-schema\">\n\t\t\t{\"@context\":\"https:\\\/\\\/schema.org\",\"@graph\":[{\"@type\":\"BreadcrumbList\",\"@id\":\"https:\\\/\\\/candas365.es\\\/noticias\\\/steinmeier-pide-mas-dialogo-con-rusia-y-menos-medidas-disuasorias\\\/#breadcrumblist\",\"itemListElement\":[{\"@type\":\"ListItem\",\"@id\":\"https:\\\/\\\/candas365.es\\\/noticias#listItem\",\"position\":1,\"name\":\"Home\",\"item\":\"https:\\\/\\\/candas365.es\\\/noticias\",\"nextItem\":{\"@type\":\"ListItem\",\"@id\":\"https:\\\/\\\/candas365.es\\\/noticias\\\/category\\\/actualidad\\\/#listItem\",\"name\":\"Actualidad\"}},{\"@type\":\"ListItem\",\"@id\":\"https:\\\/\\\/candas365.es\\\/noticias\\\/category\\\/actualidad\\\/#listItem\",\"position\":2,\"name\":\"Actualidad\",\"item\":\"https:\\\/\\\/candas365.es\\\/noticias\\\/category\\\/actualidad\\\/\",\"nextItem\":{\"@type\":\"ListItem\",\"@id\":\"https:\\\/\\\/candas365.es\\\/noticias\\\/steinmeier-pide-mas-dialogo-con-rusia-y-menos-medidas-disuasorias\\\/#listItem\",\"name\":\"Steinmeier pide m\\u00e1s di\\u00e1logo con Rusia y menos medidas disuasorias\"},\"previousItem\":{\"@type\":\"ListItem\",\"@id\":\"https:\\\/\\\/candas365.es\\\/noticias#listItem\",\"name\":\"Home\"}},{\"@type\":\"ListItem\",\"@id\":\"https:\\\/\\\/candas365.es\\\/noticias\\\/steinmeier-pide-mas-dialogo-con-rusia-y-menos-medidas-disuasorias\\\/#listItem\",\"position\":3,\"name\":\"Steinmeier pide m\\u00e1s di\\u00e1logo con Rusia y menos medidas disuasorias\",\"previousItem\":{\"@type\":\"ListItem\",\"@id\":\"https:\\\/\\\/candas365.es\\\/noticias\\\/category\\\/actualidad\\\/#listItem\",\"name\":\"Actualidad\"}}]},{\"@type\":\"NewsArticle\",\"@id\":\"https:\\\/\\\/candas365.es\\\/noticias\\\/steinmeier-pide-mas-dialogo-con-rusia-y-menos-medidas-disuasorias\\\/#newsarticle\",\"name\":\"Steinmeier pide m\\u00e1s di\\u00e1logo con Rusia y menos medidas disuasorias | Cand\\u00e1s 365\",\"headline\":\"Steinmeier pide m\\u00e1s di\\u00e1logo con Rusia y menos medidas disuasorias\",\"author\":{\"@id\":\"https:\\\/\\\/candas365.es\\\/noticias\\\/author\\\/admin\\\/#author\"},\"publisher\":{\"@id\":\"https:\\\/\\\/candas365.es\\\/noticias\\\/#organization\"},\"image\":{\"@type\":\"ImageObject\",\"url\":\"https:\\\/\\\/candas365.es\\\/noticias\\\/wp-content\\\/uploads\\\/2015\\\/09\\\/c365noticias.jpg\",\"width\":655,\"height\":360},\"datePublished\":\"2016-06-18T21:39:53+02:00\",\"dateModified\":\"2016-06-18T21:39:53+02:00\",\"inLanguage\":\"es-ES\",\"mainEntityOfPage\":{\"@id\":\"https:\\\/\\\/candas365.es\\\/noticias\\\/steinmeier-pide-mas-dialogo-con-rusia-y-menos-medidas-disuasorias\\\/#webpage\"},\"isPartOf\":{\"@id\":\"https:\\\/\\\/candas365.es\\\/noticias\\\/steinmeier-pide-mas-dialogo-con-rusia-y-menos-medidas-disuasorias\\\/#webpage\"},\"articleSection\":\"Actualidad\",\"dateline\":\"Publicado el junio 18, 2016.\"},{\"@type\":\"Organization\",\"@id\":\"https:\\\/\\\/candas365.es\\\/noticias\\\/#organization\",\"name\":\"Cand\\u00e1s 365\",\"description\":\"Cand\\u00e1s 365 es un diario digital independiente, fundado en 2012, con base en Asturias. Informamos con rigor sobre actualidad, sociedad, cultura y ocio, con una mirada local y global.\",\"url\":\"https:\\\/\\\/candas365.es\\\/noticias\\\/\",\"email\":\"info@candas365.es\",\"telephone\":\"+34652131393\",\"foundingDate\":\"2012-06-10\",\"logo\":{\"@type\":\"ImageObject\",\"url\":\"https:\\\/\\\/candas365.es\\\/noticias\\\/wp-content\\\/uploads\\\/2024\\\/09\\\/Candas-365-Redes.jpg\",\"@id\":\"https:\\\/\\\/candas365.es\\\/noticias\\\/steinmeier-pide-mas-dialogo-con-rusia-y-menos-medidas-disuasorias\\\/#organizationLogo\",\"width\":1152,\"height\":864,\"caption\":\"Cand\\u00e1s 365 Redes\"},\"image\":{\"@id\":\"https:\\\/\\\/candas365.es\\\/noticias\\\/steinmeier-pide-mas-dialogo-con-rusia-y-menos-medidas-disuasorias\\\/#organizationLogo\"},\"sameAs\":[\"https:\\\/\\\/www.facebook.com\\\/Nachofdezber\",\"https:\\\/\\\/x.com\\\/NabercoDigital\",\"https:\\\/\\\/www.instagram.com\\\/nachofdezber\\\/\",\"https:\\\/\\\/www.youtube.com\\\/channel\\\/UCZP-2wLEB9Rv6erhFmqVnvg\"],\"address\":{\"@id\":\"https:\\\/\\\/candas365.es\\\/noticias\\\/#postaladdress\",\"@type\":\"PostalAddress\",\"streetAddress\":\"san antonio 4, san antonio 4\",\"postalCode\":\"33430\",\"addressLocality\":\"Cand\\u00e1s\",\"addressRegion\":\"Asturias\",\"addressCountry\":\"ES\"}},{\"@type\":\"Person\",\"@id\":\"https:\\\/\\\/candas365.es\\\/noticias\\\/author\\\/admin\\\/#author\",\"url\":\"https:\\\/\\\/candas365.es\\\/noticias\\\/author\\\/admin\\\/\",\"name\":\"Cand\\u00e1s 365\",\"image\":{\"@type\":\"ImageObject\",\"@id\":\"https:\\\/\\\/candas365.es\\\/noticias\\\/steinmeier-pide-mas-dialogo-con-rusia-y-menos-medidas-disuasorias\\\/#authorImage\",\"url\":\"https:\\\/\\\/secure.gravatar.com\\\/avatar\\\/496a8e03d0c493ede1718b7934145dbdf8d89be1036b0eec9544e1094c9de390?s=96&d=mm&r=g\",\"width\":96,\"height\":96,\"caption\":\"Cand\\u00e1s 365\"},\"sameAs\":[\"https:\\\/\\\/www.facebook.com\\\/carrenoactualidad\",\"https:\\\/\\\/twitter.com\\\/nbasturias\",\"https:\\\/\\\/www.instagram.com\\\/nachofdezber\\\/\",\"https:\\\/\\\/www.youtube.com\\\/channel\\\/UCZP-2wLEB9Rv6erhFmqVnvg\"]},{\"@type\":\"WebPage\",\"@id\":\"https:\\\/\\\/candas365.es\\\/noticias\\\/steinmeier-pide-mas-dialogo-con-rusia-y-menos-medidas-disuasorias\\\/#webpage\",\"url\":\"https:\\\/\\\/candas365.es\\\/noticias\\\/steinmeier-pide-mas-dialogo-con-rusia-y-menos-medidas-disuasorias\\\/\",\"name\":\"Steinmeier pide m\\u00e1s di\\u00e1logo con Rusia y menos medidas disuasorias | Cand\\u00e1s 365\",\"description\":\"Berl\\u00edn, 18 jun (dpa) - El ministro alem\\u00e1n de Relaciones Exteriores, Frank-Walter Steinmeier, pidi\\u00f3 a los socios de la alianza militar OTAN a no centrarse demasiado en medidas disuasorias hacia Rusia y buscar m\\u00e1s el di\\u00e1logo. \\\"Lo que no debi\\u00e9ramos hacer ahora es calentar m\\u00e1s los \\u00e1nimos con fuerte ruido de sables y gritos de\",\"inLanguage\":\"es-ES\",\"isPartOf\":{\"@id\":\"https:\\\/\\\/candas365.es\\\/noticias\\\/#website\"},\"breadcrumb\":{\"@id\":\"https:\\\/\\\/candas365.es\\\/noticias\\\/steinmeier-pide-mas-dialogo-con-rusia-y-menos-medidas-disuasorias\\\/#breadcrumblist\"},\"author\":{\"@id\":\"https:\\\/\\\/candas365.es\\\/noticias\\\/author\\\/admin\\\/#author\"},\"creator\":{\"@id\":\"https:\\\/\\\/candas365.es\\\/noticias\\\/author\\\/admin\\\/#author\"},\"image\":{\"@type\":\"ImageObject\",\"url\":\"https:\\\/\\\/candas365.es\\\/noticias\\\/wp-content\\\/uploads\\\/2015\\\/09\\\/c365noticias.jpg\",\"@id\":\"https:\\\/\\\/candas365.es\\\/noticias\\\/steinmeier-pide-mas-dialogo-con-rusia-y-menos-medidas-disuasorias\\\/#mainImage\",\"width\":655,\"height\":360},\"primaryImageOfPage\":{\"@id\":\"https:\\\/\\\/candas365.es\\\/noticias\\\/steinmeier-pide-mas-dialogo-con-rusia-y-menos-medidas-disuasorias\\\/#mainImage\"},\"datePublished\":\"2016-06-18T21:39:53+02:00\",\"dateModified\":\"2016-06-18T21:39:53+02:00\"},{\"@type\":\"WebSite\",\"@id\":\"https:\\\/\\\/candas365.es\\\/noticias\\\/#website\",\"url\":\"https:\\\/\\\/candas365.es\\\/noticias\\\/\",\"name\":\"Cand\\u00e1s 365\",\"alternateName\":\"Cand\\u00e1s 365 Noticias\",\"description\":\"Actualidad desde Carre\\u00f1o para el mundo\",\"inLanguage\":\"es-ES\",\"publisher\":{\"@id\":\"https:\\\/\\\/candas365.es\\\/noticias\\\/#organization\"}}]}\n\t\t<\/script>\n\t\t<!-- All in One SEO Pro -->\r\n\t\t<title>Steinmeier pide m\u00e1s di\u00e1logo con Rusia y menos medidas disuasorias | Cand\u00e1s 365<\/title>\n\n","aioseo_head_json":{"title":"Steinmeier pide m\u00e1s di\u00e1logo con Rusia y menos medidas disuasorias | Cand\u00e1s 365","description":"Berl\u00edn, 18 jun (dpa) - El ministro alem\u00e1n de Relaciones Exteriores, Frank-Walter Steinmeier, pidi\u00f3 a los socios de la alianza militar OTAN a no centrarse demasiado en medidas disuasorias hacia Rusia y buscar m\u00e1s el di\u00e1logo. \"Lo que no debi\u00e9ramos hacer ahora es calentar m\u00e1s los \u00e1nimos con fuerte ruido de sables y gritos de","canonical_url":"https:\/\/candas365.es\/noticias\/steinmeier-pide-mas-dialogo-con-rusia-y-menos-medidas-disuasorias\/","robots":"max-image-preview:large","keywords":"actualidad","webmasterTools":{"google-site-verification":"UA-32230408-1","msvalidate.01":"354F3CDFB2DA171B47FBE9ABF1F88D5","miscellaneous":""},"schema":{"@context":"https:\/\/schema.org","@graph":[{"@type":"BreadcrumbList","@id":"https:\/\/candas365.es\/noticias\/steinmeier-pide-mas-dialogo-con-rusia-y-menos-medidas-disuasorias\/#breadcrumblist","itemListElement":[{"@type":"ListItem","@id":"https:\/\/candas365.es\/noticias#listItem","position":1,"name":"Home","item":"https:\/\/candas365.es\/noticias","nextItem":{"@type":"ListItem","@id":"https:\/\/candas365.es\/noticias\/category\/actualidad\/#listItem","name":"Actualidad"}},{"@type":"ListItem","@id":"https:\/\/candas365.es\/noticias\/category\/actualidad\/#listItem","position":2,"name":"Actualidad","item":"https:\/\/candas365.es\/noticias\/category\/actualidad\/","nextItem":{"@type":"ListItem","@id":"https:\/\/candas365.es\/noticias\/steinmeier-pide-mas-dialogo-con-rusia-y-menos-medidas-disuasorias\/#listItem","name":"Steinmeier pide m\u00e1s di\u00e1logo con Rusia y menos medidas disuasorias"},"previousItem":{"@type":"ListItem","@id":"https:\/\/candas365.es\/noticias#listItem","name":"Home"}},{"@type":"ListItem","@id":"https:\/\/candas365.es\/noticias\/steinmeier-pide-mas-dialogo-con-rusia-y-menos-medidas-disuasorias\/#listItem","position":3,"name":"Steinmeier pide m\u00e1s di\u00e1logo con Rusia y menos medidas disuasorias","previousItem":{"@type":"ListItem","@id":"https:\/\/candas365.es\/noticias\/category\/actualidad\/#listItem","name":"Actualidad"}}]},{"@type":"NewsArticle","@id":"https:\/\/candas365.es\/noticias\/steinmeier-pide-mas-dialogo-con-rusia-y-menos-medidas-disuasorias\/#newsarticle","name":"Steinmeier pide m\u00e1s di\u00e1logo con Rusia y menos medidas disuasorias | Cand\u00e1s 365","headline":"Steinmeier pide m\u00e1s di\u00e1logo con Rusia y menos medidas disuasorias","author":{"@id":"https:\/\/candas365.es\/noticias\/author\/admin\/#author"},"publisher":{"@id":"https:\/\/candas365.es\/noticias\/#organization"},"image":{"@type":"ImageObject","url":"https:\/\/candas365.es\/noticias\/wp-content\/uploads\/2015\/09\/c365noticias.jpg","width":655,"height":360},"datePublished":"2016-06-18T21:39:53+02:00","dateModified":"2016-06-18T21:39:53+02:00","inLanguage":"es-ES","mainEntityOfPage":{"@id":"https:\/\/candas365.es\/noticias\/steinmeier-pide-mas-dialogo-con-rusia-y-menos-medidas-disuasorias\/#webpage"},"isPartOf":{"@id":"https:\/\/candas365.es\/noticias\/steinmeier-pide-mas-dialogo-con-rusia-y-menos-medidas-disuasorias\/#webpage"},"articleSection":"Actualidad","dateline":"Publicado el junio 18, 2016."},{"@type":"Organization","@id":"https:\/\/candas365.es\/noticias\/#organization","name":"Cand\u00e1s 365","description":"Cand\u00e1s 365 es un diario digital independiente, fundado en 2012, con base en Asturias. Informamos con rigor sobre actualidad, sociedad, cultura y ocio, con una mirada local y global.","url":"https:\/\/candas365.es\/noticias\/","email":"info@candas365.es","telephone":"+34652131393","foundingDate":"2012-06-10","logo":{"@type":"ImageObject","url":"https:\/\/candas365.es\/noticias\/wp-content\/uploads\/2024\/09\/Candas-365-Redes.jpg","@id":"https:\/\/candas365.es\/noticias\/steinmeier-pide-mas-dialogo-con-rusia-y-menos-medidas-disuasorias\/#organizationLogo","width":1152,"height":864,"caption":"Cand\u00e1s 365 Redes"},"image":{"@id":"https:\/\/candas365.es\/noticias\/steinmeier-pide-mas-dialogo-con-rusia-y-menos-medidas-disuasorias\/#organizationLogo"},"sameAs":["https:\/\/www.facebook.com\/Nachofdezber","https:\/\/x.com\/NabercoDigital","https:\/\/www.instagram.com\/nachofdezber\/","https:\/\/www.youtube.com\/channel\/UCZP-2wLEB9Rv6erhFmqVnvg"],"address":{"@id":"https:\/\/candas365.es\/noticias\/#postaladdress","@type":"PostalAddress","streetAddress":"san antonio 4, san antonio 4","postalCode":"33430","addressLocality":"Cand\u00e1s","addressRegion":"Asturias","addressCountry":"ES"}},{"@type":"Person","@id":"https:\/\/candas365.es\/noticias\/author\/admin\/#author","url":"https:\/\/candas365.es\/noticias\/author\/admin\/","name":"Cand\u00e1s 365","image":{"@type":"ImageObject","@id":"https:\/\/candas365.es\/noticias\/steinmeier-pide-mas-dialogo-con-rusia-y-menos-medidas-disuasorias\/#authorImage","url":"https:\/\/secure.gravatar.com\/avatar\/496a8e03d0c493ede1718b7934145dbdf8d89be1036b0eec9544e1094c9de390?s=96&d=mm&r=g","width":96,"height":96,"caption":"Cand\u00e1s 365"},"sameAs":["https:\/\/www.facebook.com\/carrenoactualidad","https:\/\/twitter.com\/nbasturias","https:\/\/www.instagram.com\/nachofdezber\/","https:\/\/www.youtube.com\/channel\/UCZP-2wLEB9Rv6erhFmqVnvg"]},{"@type":"WebPage","@id":"https:\/\/candas365.es\/noticias\/steinmeier-pide-mas-dialogo-con-rusia-y-menos-medidas-disuasorias\/#webpage","url":"https:\/\/candas365.es\/noticias\/steinmeier-pide-mas-dialogo-con-rusia-y-menos-medidas-disuasorias\/","name":"Steinmeier pide m\u00e1s di\u00e1logo con Rusia y menos medidas disuasorias | Cand\u00e1s 365","description":"Berl\u00edn, 18 jun (dpa) - El ministro alem\u00e1n de Relaciones Exteriores, Frank-Walter Steinmeier, pidi\u00f3 a los socios de la alianza militar OTAN a no centrarse demasiado en medidas disuasorias hacia Rusia y buscar m\u00e1s el di\u00e1logo. \"Lo que no debi\u00e9ramos hacer ahora es calentar m\u00e1s los \u00e1nimos con fuerte ruido de sables y gritos de","inLanguage":"es-ES","isPartOf":{"@id":"https:\/\/candas365.es\/noticias\/#website"},"breadcrumb":{"@id":"https:\/\/candas365.es\/noticias\/steinmeier-pide-mas-dialogo-con-rusia-y-menos-medidas-disuasorias\/#breadcrumblist"},"author":{"@id":"https:\/\/candas365.es\/noticias\/author\/admin\/#author"},"creator":{"@id":"https:\/\/candas365.es\/noticias\/author\/admin\/#author"},"image":{"@type":"ImageObject","url":"https:\/\/candas365.es\/noticias\/wp-content\/uploads\/2015\/09\/c365noticias.jpg","@id":"https:\/\/candas365.es\/noticias\/steinmeier-pide-mas-dialogo-con-rusia-y-menos-medidas-disuasorias\/#mainImage","width":655,"height":360},"primaryImageOfPage":{"@id":"https:\/\/candas365.es\/noticias\/steinmeier-pide-mas-dialogo-con-rusia-y-menos-medidas-disuasorias\/#mainImage"},"datePublished":"2016-06-18T21:39:53+02:00","dateModified":"2016-06-18T21:39:53+02:00"},{"@type":"WebSite","@id":"https:\/\/candas365.es\/noticias\/#website","url":"https:\/\/candas365.es\/noticias\/","name":"Cand\u00e1s 365","alternateName":"Cand\u00e1s 365 Noticias","description":"Actualidad desde Carre\u00f1o para el mundo","inLanguage":"es-ES","publisher":{"@id":"https:\/\/candas365.es\/noticias\/#organization"}}]},"og:locale":"es_ES","og:site_name":"Cand\u00e1s 365","og:type":"article","og:title":"Steinmeier pide m\u00e1s di\u00e1logo con Rusia y menos medidas disuasorias | Cand\u00e1s 365","og:description":"Berl\u00edn, 18 jun (dpa) - El ministro alem\u00e1n de Relaciones Exteriores, Frank-Walter Steinmeier, pidi\u00f3 a los socios de la alianza militar OTAN a no centrarse demasiado en medidas disuasorias hacia Rusia y buscar m\u00e1s el di\u00e1logo. &quot;Lo que no debi\u00e9ramos hacer ahora es calentar m\u00e1s los \u00e1nimos con fuerte ruido de sables y gritos de","og:url":"https:\/\/candas365.es\/noticias\/steinmeier-pide-mas-dialogo-con-rusia-y-menos-medidas-disuasorias\/","og:image":"https:\/\/candas365.es\/noticias\/wp-content\/uploads\/2015\/09\/c365noticias.jpg","og:image:secure_url":"https:\/\/candas365.es\/noticias\/wp-content\/uploads\/2015\/09\/c365noticias.jpg","og:image:width":655,"og:image:height":360,"article:published_time":"2016-06-18T20:09:53+00:00","article:modified_time":"2016-06-18T20:09:53+00:00","article:publisher":"https:\/\/www.facebook.com\/Nachofdezber","article:author":"https:\/\/www.facebook.com\/carrenoactualidad","twitter:card":"summary_large_image","twitter:site":"@NabercoDigital","twitter:title":"Steinmeier pide m\u00e1s di\u00e1logo con Rusia y menos medidas disuasorias | Cand\u00e1s 365","twitter:description":"Berl\u00edn, 18 jun (dpa) - El ministro alem\u00e1n de Relaciones Exteriores, Frank-Walter Steinmeier, pidi\u00f3 a los socios de la alianza militar OTAN a no centrarse demasiado en medidas disuasorias hacia Rusia y buscar m\u00e1s el di\u00e1logo. &quot;Lo que no debi\u00e9ramos hacer ahora es calentar m\u00e1s los \u00e1nimos con fuerte ruido de sables y gritos de","twitter:creator":"@nbasturias","twitter:image":"https:\/\/candas365.es\/noticias\/wp-content\/uploads\/2015\/09\/c365noticias.jpg","twitter:label1":"Escrito por","twitter:data1":"Cand\u00e1s 365","twitter:label2":"Tiempo de lectura estimado","twitter:data2":"1 minuto"},"aioseo_meta_data":{"post_id":"30660","title":null,"description":null,"keywords":null,"keyphrases":null,"primary_term":null,"canonical_url":null,"og_title":null,"og_description":null,"og_object_type":"default","og_image_type":"default","og_image_url":null,"og_image_width":null,"og_image_height":null,"og_image_custom_url":null,"og_image_custom_fields":null,"og_video":null,"og_custom_url":null,"og_article_section":null,"og_article_tags":null,"twitter_use_og":false,"twitter_card":"default","twitter_image_type":"default","twitter_image_url":null,"twitter_image_custom_url":null,"twitter_image_custom_fields":null,"twitter_title":null,"twitter_description":null,"schema":{"blockGraphs":[],"customGraphs":[],"default":{"data":{"Article":[],"Course":[],"Dataset":[],"FAQPage":[],"Movie":[],"Person":[],"Product":[],"ProductReview":[],"Car":[],"Recipe":[],"Service":[],"SoftwareApplication":[],"WebPage":[]},"graphName":"","isEnabled":true},"graphs":[],"defaultGraph":"","defaultPostTypeGraph":""},"schema_type":null,"schema_type_options":null,"pillar_content":false,"robots_default":true,"robots_noindex":false,"robots_noarchive":false,"robots_nosnippet":false,"robots_nofollow":false,"robots_noimageindex":false,"robots_noodp":false,"robots_notranslate":false,"robots_max_snippet":null,"robots_max_videopreview":null,"robots_max_imagepreview":"large","priority":null,"frequency":null,"location":null,"local_seo":null,"seo_analyzer_scan_date":"2025-08-24 12:50:10","breadcrumb_settings":null,"limit_modified_date":false,"reviewed_by":null,"open_ai":null,"ai":null,"created":"2020-12-21 12:59:13","updated":"2025-08-24 12:50:10"},"aioseo_breadcrumb":"<div class=\"aioseo-breadcrumbs\"><span class=\"aioseo-breadcrumb\">\n\t<a href=\"https:\/\/candas365.es\/noticias\" title=\"Home\">Home<\/a>\n<\/span><span class=\"aioseo-breadcrumb-separator\">&ndash;<\/span><span class=\"aioseo-breadcrumb\">\n\t<a href=\"https:\/\/candas365.es\/noticias\/category\/actualidad\/\" title=\"Actualidad\">Actualidad<\/a>\n<\/span><span class=\"aioseo-breadcrumb-separator\">&ndash;<\/span><span class=\"aioseo-breadcrumb\">\n\tSteinmeier pide m\u00e1s di\u00e1logo con Rusia y menos medidas disuasorias\n<\/span><\/div>","aioseo_breadcrumb_json":[{"label":"Home","link":"https:\/\/candas365.es\/noticias"},{"label":"Actualidad","link":"https:\/\/candas365.es\/noticias\/category\/actualidad\/"},{"label":"Steinmeier pide m\u00e1s di\u00e1logo con Rusia y menos medidas disuasorias","link":"https:\/\/candas365.es\/noticias\/steinmeier-pide-mas-dialogo-con-rusia-y-menos-medidas-disuasorias\/"}],"_links":{"self":[{"href":"https:\/\/candas365.es\/noticias\/wp-json\/wp\/v2\/posts\/30660","targetHints":{"allow":["GET"]}}],"collection":[{"href":"https:\/\/candas365.es\/noticias\/wp-json\/wp\/v2\/posts"}],"about":[{"href":"https:\/\/candas365.es\/noticias\/wp-json\/wp\/v2\/types\/post"}],"author":[{"embeddable":true,"href":"https:\/\/candas365.es\/noticias\/wp-json\/wp\/v2\/users\/1"}],"replies":[{"embeddable":true,"href":"https:\/\/candas365.es\/noticias\/wp-json\/wp\/v2\/comments?post=30660"}],"version-history":[{"count":0,"href":"https:\/\/candas365.es\/noticias\/wp-json\/wp\/v2\/posts\/30660\/revisions"}],"wp:featuredmedia":[{"embeddable":true,"href":"https:\/\/candas365.es\/noticias\/wp-json\/wp\/v2\/media\/16457"}],"wp:attachment":[{"href":"https:\/\/candas365.es\/noticias\/wp-json\/wp\/v2\/media?parent=30660"}],"wp:term":[{"taxonomy":"category","embeddable":true,"href":"https:\/\/candas365.es\/noticias\/wp-json\/wp\/v2\/categories?post=30660"},{"taxonomy":"post_tag","embeddable":true,"href":"https:\/\/candas365.es\/noticias\/wp-json\/wp\/v2\/tags?post=30660"}],"curies":[{"name":"wp","href":"https:\/\/api.w.org\/{rel}","templated":true}]}}