{"id":30656,"date":"2016-06-18T21:37:05","date_gmt":"2016-06-18T20:07:05","guid":{"rendered":"http:\/\/candas365.es\/noticias\/?p=30656"},"modified":"2016-06-18T21:37:05","modified_gmt":"2016-06-18T20:07:05","slug":"revuelo-en-alemania-por-la-subasta-de-objetos-personales-de-hitler","status":"publish","type":"post","link":"https:\/\/candas365.es\/noticias\/revuelo-en-alemania-por-la-subasta-de-objetos-personales-de-hitler\/","title":{"rendered":"Revuelo en Alemania por la subasta de objetos personales de Hitler"},"content":{"rendered":"<p>M\u00fanich, 18 jun (dpa) &#8211; La subasta de objetos personales del dictador Adolf Hitler prevista para este s\u00e1bado en M\u00fanich caus\u00f3 un gran revuelo esta semana en Alemania y fue calificada como \u00abrepugnante\u00bb por el colectivo jud\u00edo.<\/p>\n<p>El evento atrajo los \u00faltimos d\u00edas una gran expectaci\u00f3n medi\u00e1tica, despu\u00e9s de que la casa de remates Hermann Historica anunciara que pondr\u00e1 disposici\u00f3n de los compradores enseres personales de l\u00edderes del nazismo.<\/p>\n<p>A pesar del gran inter\u00e9s, la subasta se celebrar\u00e1 lejos de los focos medi\u00e1ticos, ya que la entidad organizadora decidi\u00f3 prohibir el acceso de los periodistas a la sala.<\/p>\n<p>\u00abLos d\u00edas 17 y 18 de junio no vamos a permitir que la prensa est\u00e9 presente en la subasta\u00bb, se\u00f1alaron en un correo electr\u00f3nico desde la casa de remates Herman Historica.<\/p>\n<p>Asimismo, tampoco se dar\u00e1n a conocer los resultados de la subasta, es decir, que, en principio, no trascender\u00e1 ni el precio por el que han sido adquiridos los objetos ni las identidades de sus nuevos due\u00f1os.<\/p>\n<p>Este s\u00e1bado se sacar\u00e1n a subasta objetos que forman parte de la historia reciente, tales como radiograf\u00edas del dictador Adolf Hitler o ropa interior y el recipiente de lat\u00f3n para \u00e1cido cianh\u00eddrico con el que Hermann G\u00f6ring se suicid\u00f3 poco antes de su prevista ejecuci\u00f3n en N\u00farenberg, en el sur de Alemania.<\/p>\n<p>La colecci\u00f3n tambi\u00e9n engloba el informe de la investigaci\u00f3n realizada tras el atentado que sufri\u00f3 Hitler el 20 de julio de 1944 organizado por el coronel Claus von Stauffenberg.<\/p>\n<p>\u00abEn los juicios de N\u00farenberg participaron tantas personas, personal de seguridad, m\u00e9dicos, psic\u00f3logos, que pudo ser que alguien se llevara algo\u00bb, se\u00f1al\u00f3 el historiador Andreas Mix del Memorial de los Juicios de N\u00farenberg.<\/p>\n<p>La casa de subastas Hermann Historica indic\u00f3 que los art\u00edculos provienen de una colecci\u00f3n del m\u00e9dico estadounidense John K. Lattimer, responsable de la asistencia m\u00e9dica a los acusados durante los procesos que tuvieron lugar tras la Segunda Guerra Mundial.<\/p>\n<p>Wolfgang Hermann, copropietario de Hermann Historica, explic\u00f3 al diario alem\u00e1n \u00abFrankfurter Allgemeine Zeitung\u00bb, que obtuvo la colecci\u00f3n a trav\u00e9s de la hija de Lattimer.<\/p>\n<p>En los \u00faltimos d\u00edas, la subasta cosech\u00f3 numerosas cr\u00edticas en Alemania e incluso algunas voces cuestionaron su legalidad.<\/p>\n<p>Desde el Consejo Central de los Jud\u00edos calificaron la venta de objetos personales de l\u00edderes nazis como \u00abrepugnante\u00bb, mientras que el alcalde socialdem\u00f3crata de M\u00fanich, Dieter Reiter, solicit\u00f3 a la casa de remates que reconsiderase la celebraci\u00f3n de la subasta.<\/p>\n<p>La Justicia, sin embargo, no vio motivos para cancelar dicha subasta. En este sentido, una portavoz de la fiscal\u00eda de M\u00fanich precis\u00f3 a mediados de esta semana que la venta al mejor postor de objetos personales de l\u00edderes nazis no era constitutiva de delito y aclar\u00f3 que por el momento no se hab\u00edan registrado denuncias que solicitasen la cancelaci\u00f3n de la subasta.<\/p>\n<p>&nbsp;<\/p>\n","protected":false},"excerpt":{"rendered":"<p>M\u00fanich, 18 jun (dpa) &#8211; La subasta de objetos personales del dictador Adolf Hitler prevista para este s\u00e1bado en M\u00fanich caus\u00f3 un gran revuelo esta semana en Alemania y fue calificada como \u00abrepugnante\u00bb por el colectivo jud\u00edo. El evento atrajo los \u00faltimos d\u00edas una gran expectaci\u00f3n medi\u00e1tica, despu\u00e9s de que la casa de remates Hermann<\/p>\n","protected":false},"author":1,"featured_media":16457,"comment_status":"closed","ping_status":"closed","sticky":false,"template":"","format":"standard","meta":{"footnotes":""},"categories":[343],"tags":[],"class_list":{"0":"post-30656","1":"post","2":"type-post","3":"status-publish","4":"format-standard","5":"has-post-thumbnail","7":"category-actualidad"},"aioseo_notices":[],"aioseo_head":"\n\t\t<!-- All in One SEO Pro 4.9.6.2 - aioseo.com -->\n\t<meta name=\"description\" content=\"M\u00fanich, 18 jun (dpa) - La subasta de objetos personales del dictador Adolf Hitler prevista para este s\u00e1bado en M\u00fanich caus\u00f3 un gran revuelo esta semana en Alemania y fue calificada como &quot;repugnante&quot; por el colectivo jud\u00edo. El evento atrajo los \u00faltimos d\u00edas una gran expectaci\u00f3n medi\u00e1tica, despu\u00e9s de que la casa de remates Hermann\" \/>\n\t<meta name=\"robots\" content=\"max-image-preview:large\" \/>\n\t<meta name=\"author\" content=\"Cand\u00e1s 365\"\/>\n\t<meta name=\"google-site-verification\" content=\"UA-32230408-1\" \/>\n\t<meta name=\"msvalidate.01\" content=\"354F3CDFB2DA171B47FBE9ABF1F88D5\" \/>\n\t<meta name=\"keywords\" content=\"actualidad\" \/>\n\t<link rel=\"canonical\" href=\"https:\/\/candas365.es\/noticias\/revuelo-en-alemania-por-la-subasta-de-objetos-personales-de-hitler\/\" \/>\n\t<meta name=\"generator\" content=\"All in One SEO Pro (AIOSEO) 4.9.6.2\" \/>\n\t\t<meta property=\"og:locale\" content=\"es_ES\" \/>\n\t\t<meta property=\"og:site_name\" content=\"Cand\u00e1s 365\" \/>\n\t\t<meta property=\"og:type\" content=\"article\" \/>\n\t\t<meta property=\"og:title\" content=\"Revuelo en Alemania por la subasta de objetos personales de Hitler | Cand\u00e1s 365\" \/>\n\t\t<meta property=\"og:description\" content=\"M\u00fanich, 18 jun (dpa) - La subasta de objetos personales del dictador Adolf Hitler prevista para este s\u00e1bado en M\u00fanich caus\u00f3 un gran revuelo esta semana en Alemania y fue calificada como &quot;repugnante&quot; por el colectivo jud\u00edo. El evento atrajo los \u00faltimos d\u00edas una gran expectaci\u00f3n medi\u00e1tica, despu\u00e9s de que la casa de remates Hermann\" \/>\n\t\t<meta property=\"og:url\" content=\"https:\/\/candas365.es\/noticias\/revuelo-en-alemania-por-la-subasta-de-objetos-personales-de-hitler\/\" \/>\n\t\t<meta property=\"og:image\" content=\"https:\/\/candas365.es\/noticias\/wp-content\/uploads\/2015\/09\/c365noticias.jpg\" \/>\n\t\t<meta property=\"og:image:secure_url\" content=\"https:\/\/candas365.es\/noticias\/wp-content\/uploads\/2015\/09\/c365noticias.jpg\" \/>\n\t\t<meta property=\"og:image:width\" content=\"655\" \/>\n\t\t<meta property=\"og:image:height\" content=\"360\" \/>\n\t\t<meta property=\"article:published_time\" content=\"2016-06-18T20:07:05+00:00\" \/>\n\t\t<meta property=\"article:modified_time\" content=\"2016-06-18T20:07:05+00:00\" \/>\n\t\t<meta property=\"article:publisher\" content=\"https:\/\/www.facebook.com\/Nachofdezber\" \/>\n\t\t<meta property=\"article:author\" content=\"https:\/\/www.facebook.com\/carrenoactualidad\" \/>\n\t\t<meta name=\"twitter:card\" content=\"summary_large_image\" \/>\n\t\t<meta name=\"twitter:site\" content=\"@NabercoDigital\" \/>\n\t\t<meta name=\"twitter:title\" content=\"Revuelo en Alemania por la subasta de objetos personales de Hitler | Cand\u00e1s 365\" \/>\n\t\t<meta name=\"twitter:description\" content=\"M\u00fanich, 18 jun (dpa) - La subasta de objetos personales del dictador Adolf Hitler prevista para este s\u00e1bado en M\u00fanich caus\u00f3 un gran revuelo esta semana en Alemania y fue calificada como &quot;repugnante&quot; por el colectivo jud\u00edo. El evento atrajo los \u00faltimos d\u00edas una gran expectaci\u00f3n medi\u00e1tica, despu\u00e9s de que la casa de remates Hermann\" \/>\n\t\t<meta name=\"twitter:creator\" content=\"@nbasturias\" \/>\n\t\t<meta name=\"twitter:image\" content=\"https:\/\/candas365.es\/noticias\/wp-content\/uploads\/2015\/09\/c365noticias.jpg\" \/>\n\t\t<meta name=\"twitter:label1\" content=\"Escrito por\" \/>\n\t\t<meta name=\"twitter:data1\" content=\"Cand\u00e1s 365\" \/>\n\t\t<meta name=\"twitter:label2\" content=\"Tiempo de lectura estimado\" \/>\n\t\t<meta name=\"twitter:data2\" content=\"3 minutos\" \/>\n\t\t<script type=\"application\/ld+json\" class=\"aioseo-schema\">\n\t\t\t{\"@context\":\"https:\\\/\\\/schema.org\",\"@graph\":[{\"@type\":\"BreadcrumbList\",\"@id\":\"https:\\\/\\\/candas365.es\\\/noticias\\\/revuelo-en-alemania-por-la-subasta-de-objetos-personales-de-hitler\\\/#breadcrumblist\",\"itemListElement\":[{\"@type\":\"ListItem\",\"@id\":\"https:\\\/\\\/candas365.es\\\/noticias#listItem\",\"position\":1,\"name\":\"Home\",\"item\":\"https:\\\/\\\/candas365.es\\\/noticias\",\"nextItem\":{\"@type\":\"ListItem\",\"@id\":\"https:\\\/\\\/candas365.es\\\/noticias\\\/category\\\/actualidad\\\/#listItem\",\"name\":\"Actualidad\"}},{\"@type\":\"ListItem\",\"@id\":\"https:\\\/\\\/candas365.es\\\/noticias\\\/category\\\/actualidad\\\/#listItem\",\"position\":2,\"name\":\"Actualidad\",\"item\":\"https:\\\/\\\/candas365.es\\\/noticias\\\/category\\\/actualidad\\\/\",\"nextItem\":{\"@type\":\"ListItem\",\"@id\":\"https:\\\/\\\/candas365.es\\\/noticias\\\/revuelo-en-alemania-por-la-subasta-de-objetos-personales-de-hitler\\\/#listItem\",\"name\":\"Revuelo en Alemania por la subasta de objetos personales de Hitler\"},\"previousItem\":{\"@type\":\"ListItem\",\"@id\":\"https:\\\/\\\/candas365.es\\\/noticias#listItem\",\"name\":\"Home\"}},{\"@type\":\"ListItem\",\"@id\":\"https:\\\/\\\/candas365.es\\\/noticias\\\/revuelo-en-alemania-por-la-subasta-de-objetos-personales-de-hitler\\\/#listItem\",\"position\":3,\"name\":\"Revuelo en Alemania por la subasta de objetos personales de Hitler\",\"previousItem\":{\"@type\":\"ListItem\",\"@id\":\"https:\\\/\\\/candas365.es\\\/noticias\\\/category\\\/actualidad\\\/#listItem\",\"name\":\"Actualidad\"}}]},{\"@type\":\"NewsArticle\",\"@id\":\"https:\\\/\\\/candas365.es\\\/noticias\\\/revuelo-en-alemania-por-la-subasta-de-objetos-personales-de-hitler\\\/#newsarticle\",\"name\":\"Revuelo en Alemania por la subasta de objetos personales de Hitler | Cand\\u00e1s 365\",\"headline\":\"Revuelo en Alemania por la subasta de objetos personales de Hitler\",\"author\":{\"@id\":\"https:\\\/\\\/candas365.es\\\/noticias\\\/author\\\/admin\\\/#author\"},\"publisher\":{\"@id\":\"https:\\\/\\\/candas365.es\\\/noticias\\\/#organization\"},\"image\":{\"@type\":\"ImageObject\",\"url\":\"https:\\\/\\\/candas365.es\\\/noticias\\\/wp-content\\\/uploads\\\/2015\\\/09\\\/c365noticias.jpg\",\"width\":655,\"height\":360},\"datePublished\":\"2016-06-18T21:37:05+02:00\",\"dateModified\":\"2016-06-18T21:37:05+02:00\",\"inLanguage\":\"es-ES\",\"mainEntityOfPage\":{\"@id\":\"https:\\\/\\\/candas365.es\\\/noticias\\\/revuelo-en-alemania-por-la-subasta-de-objetos-personales-de-hitler\\\/#webpage\"},\"isPartOf\":{\"@id\":\"https:\\\/\\\/candas365.es\\\/noticias\\\/revuelo-en-alemania-por-la-subasta-de-objetos-personales-de-hitler\\\/#webpage\"},\"articleSection\":\"Actualidad\",\"dateline\":\"Publicado el junio 18, 2016.\"},{\"@type\":\"Organization\",\"@id\":\"https:\\\/\\\/candas365.es\\\/noticias\\\/#organization\",\"name\":\"Cand\\u00e1s 365\",\"description\":\"Cand\\u00e1s 365 es un diario digital independiente, fundado en 2012, con base en Asturias. Informamos con rigor sobre actualidad, sociedad, cultura y ocio, con una mirada local y global.\",\"url\":\"https:\\\/\\\/candas365.es\\\/noticias\\\/\",\"email\":\"info@candas365.es\",\"telephone\":\"+34652131393\",\"foundingDate\":\"2012-06-10\",\"logo\":{\"@type\":\"ImageObject\",\"url\":\"https:\\\/\\\/candas365.es\\\/noticias\\\/wp-content\\\/uploads\\\/2024\\\/09\\\/Candas-365-Redes.jpg\",\"@id\":\"https:\\\/\\\/candas365.es\\\/noticias\\\/revuelo-en-alemania-por-la-subasta-de-objetos-personales-de-hitler\\\/#organizationLogo\",\"width\":1152,\"height\":864,\"caption\":\"Cand\\u00e1s 365 Redes\"},\"image\":{\"@id\":\"https:\\\/\\\/candas365.es\\\/noticias\\\/revuelo-en-alemania-por-la-subasta-de-objetos-personales-de-hitler\\\/#organizationLogo\"},\"sameAs\":[\"https:\\\/\\\/www.facebook.com\\\/Nachofdezber\",\"https:\\\/\\\/x.com\\\/NabercoDigital\",\"https:\\\/\\\/www.instagram.com\\\/nachofdezber\\\/\",\"https:\\\/\\\/www.youtube.com\\\/channel\\\/UCZP-2wLEB9Rv6erhFmqVnvg\"],\"address\":{\"@id\":\"https:\\\/\\\/candas365.es\\\/noticias\\\/#postaladdress\",\"@type\":\"PostalAddress\",\"streetAddress\":\"san antonio 4, san antonio 4\",\"postalCode\":\"33430\",\"addressLocality\":\"Cand\\u00e1s\",\"addressRegion\":\"Asturias\",\"addressCountry\":\"ES\"}},{\"@type\":\"Person\",\"@id\":\"https:\\\/\\\/candas365.es\\\/noticias\\\/author\\\/admin\\\/#author\",\"url\":\"https:\\\/\\\/candas365.es\\\/noticias\\\/author\\\/admin\\\/\",\"name\":\"Cand\\u00e1s 365\",\"image\":{\"@type\":\"ImageObject\",\"@id\":\"https:\\\/\\\/candas365.es\\\/noticias\\\/revuelo-en-alemania-por-la-subasta-de-objetos-personales-de-hitler\\\/#authorImage\",\"url\":\"https:\\\/\\\/secure.gravatar.com\\\/avatar\\\/496a8e03d0c493ede1718b7934145dbdf8d89be1036b0eec9544e1094c9de390?s=96&d=mm&r=g\",\"width\":96,\"height\":96,\"caption\":\"Cand\\u00e1s 365\"},\"sameAs\":[\"https:\\\/\\\/www.facebook.com\\\/carrenoactualidad\",\"https:\\\/\\\/twitter.com\\\/nbasturias\",\"https:\\\/\\\/www.instagram.com\\\/nachofdezber\\\/\",\"https:\\\/\\\/www.youtube.com\\\/channel\\\/UCZP-2wLEB9Rv6erhFmqVnvg\"]},{\"@type\":\"WebPage\",\"@id\":\"https:\\\/\\\/candas365.es\\\/noticias\\\/revuelo-en-alemania-por-la-subasta-de-objetos-personales-de-hitler\\\/#webpage\",\"url\":\"https:\\\/\\\/candas365.es\\\/noticias\\\/revuelo-en-alemania-por-la-subasta-de-objetos-personales-de-hitler\\\/\",\"name\":\"Revuelo en Alemania por la subasta de objetos personales de Hitler | Cand\\u00e1s 365\",\"description\":\"M\\u00fanich, 18 jun (dpa) - La subasta de objetos personales del dictador Adolf Hitler prevista para este s\\u00e1bado en M\\u00fanich caus\\u00f3 un gran revuelo esta semana en Alemania y fue calificada como \\\"repugnante\\\" por el colectivo jud\\u00edo. El evento atrajo los \\u00faltimos d\\u00edas una gran expectaci\\u00f3n medi\\u00e1tica, despu\\u00e9s de que la casa de remates Hermann\",\"inLanguage\":\"es-ES\",\"isPartOf\":{\"@id\":\"https:\\\/\\\/candas365.es\\\/noticias\\\/#website\"},\"breadcrumb\":{\"@id\":\"https:\\\/\\\/candas365.es\\\/noticias\\\/revuelo-en-alemania-por-la-subasta-de-objetos-personales-de-hitler\\\/#breadcrumblist\"},\"author\":{\"@id\":\"https:\\\/\\\/candas365.es\\\/noticias\\\/author\\\/admin\\\/#author\"},\"creator\":{\"@id\":\"https:\\\/\\\/candas365.es\\\/noticias\\\/author\\\/admin\\\/#author\"},\"image\":{\"@type\":\"ImageObject\",\"url\":\"https:\\\/\\\/candas365.es\\\/noticias\\\/wp-content\\\/uploads\\\/2015\\\/09\\\/c365noticias.jpg\",\"@id\":\"https:\\\/\\\/candas365.es\\\/noticias\\\/revuelo-en-alemania-por-la-subasta-de-objetos-personales-de-hitler\\\/#mainImage\",\"width\":655,\"height\":360},\"primaryImageOfPage\":{\"@id\":\"https:\\\/\\\/candas365.es\\\/noticias\\\/revuelo-en-alemania-por-la-subasta-de-objetos-personales-de-hitler\\\/#mainImage\"},\"datePublished\":\"2016-06-18T21:37:05+02:00\",\"dateModified\":\"2016-06-18T21:37:05+02:00\"},{\"@type\":\"WebSite\",\"@id\":\"https:\\\/\\\/candas365.es\\\/noticias\\\/#website\",\"url\":\"https:\\\/\\\/candas365.es\\\/noticias\\\/\",\"name\":\"Cand\\u00e1s 365\",\"alternateName\":\"Cand\\u00e1s 365 Noticias\",\"description\":\"Actualidad desde Carre\\u00f1o para el mundo\",\"inLanguage\":\"es-ES\",\"publisher\":{\"@id\":\"https:\\\/\\\/candas365.es\\\/noticias\\\/#organization\"}}]}\n\t\t<\/script>\n\t\t<!-- All in One SEO Pro -->\r\n\t\t<title>Revuelo en Alemania por la subasta de objetos personales de Hitler | Cand\u00e1s 365<\/title>\n\n","aioseo_head_json":{"title":"Revuelo en Alemania por la subasta de objetos personales de Hitler | Cand\u00e1s 365","description":"M\u00fanich, 18 jun (dpa) - La subasta de objetos personales del dictador Adolf Hitler prevista para este s\u00e1bado en M\u00fanich caus\u00f3 un gran revuelo esta semana en Alemania y fue calificada como \"repugnante\" por el colectivo jud\u00edo. El evento atrajo los \u00faltimos d\u00edas una gran expectaci\u00f3n medi\u00e1tica, despu\u00e9s de que la casa de remates Hermann","canonical_url":"https:\/\/candas365.es\/noticias\/revuelo-en-alemania-por-la-subasta-de-objetos-personales-de-hitler\/","robots":"max-image-preview:large","keywords":"actualidad","webmasterTools":{"google-site-verification":"UA-32230408-1","msvalidate.01":"354F3CDFB2DA171B47FBE9ABF1F88D5","miscellaneous":""},"schema":{"@context":"https:\/\/schema.org","@graph":[{"@type":"BreadcrumbList","@id":"https:\/\/candas365.es\/noticias\/revuelo-en-alemania-por-la-subasta-de-objetos-personales-de-hitler\/#breadcrumblist","itemListElement":[{"@type":"ListItem","@id":"https:\/\/candas365.es\/noticias#listItem","position":1,"name":"Home","item":"https:\/\/candas365.es\/noticias","nextItem":{"@type":"ListItem","@id":"https:\/\/candas365.es\/noticias\/category\/actualidad\/#listItem","name":"Actualidad"}},{"@type":"ListItem","@id":"https:\/\/candas365.es\/noticias\/category\/actualidad\/#listItem","position":2,"name":"Actualidad","item":"https:\/\/candas365.es\/noticias\/category\/actualidad\/","nextItem":{"@type":"ListItem","@id":"https:\/\/candas365.es\/noticias\/revuelo-en-alemania-por-la-subasta-de-objetos-personales-de-hitler\/#listItem","name":"Revuelo en Alemania por la subasta de objetos personales de Hitler"},"previousItem":{"@type":"ListItem","@id":"https:\/\/candas365.es\/noticias#listItem","name":"Home"}},{"@type":"ListItem","@id":"https:\/\/candas365.es\/noticias\/revuelo-en-alemania-por-la-subasta-de-objetos-personales-de-hitler\/#listItem","position":3,"name":"Revuelo en Alemania por la subasta de objetos personales de Hitler","previousItem":{"@type":"ListItem","@id":"https:\/\/candas365.es\/noticias\/category\/actualidad\/#listItem","name":"Actualidad"}}]},{"@type":"NewsArticle","@id":"https:\/\/candas365.es\/noticias\/revuelo-en-alemania-por-la-subasta-de-objetos-personales-de-hitler\/#newsarticle","name":"Revuelo en Alemania por la subasta de objetos personales de Hitler | Cand\u00e1s 365","headline":"Revuelo en Alemania por la subasta de objetos personales de Hitler","author":{"@id":"https:\/\/candas365.es\/noticias\/author\/admin\/#author"},"publisher":{"@id":"https:\/\/candas365.es\/noticias\/#organization"},"image":{"@type":"ImageObject","url":"https:\/\/candas365.es\/noticias\/wp-content\/uploads\/2015\/09\/c365noticias.jpg","width":655,"height":360},"datePublished":"2016-06-18T21:37:05+02:00","dateModified":"2016-06-18T21:37:05+02:00","inLanguage":"es-ES","mainEntityOfPage":{"@id":"https:\/\/candas365.es\/noticias\/revuelo-en-alemania-por-la-subasta-de-objetos-personales-de-hitler\/#webpage"},"isPartOf":{"@id":"https:\/\/candas365.es\/noticias\/revuelo-en-alemania-por-la-subasta-de-objetos-personales-de-hitler\/#webpage"},"articleSection":"Actualidad","dateline":"Publicado el junio 18, 2016."},{"@type":"Organization","@id":"https:\/\/candas365.es\/noticias\/#organization","name":"Cand\u00e1s 365","description":"Cand\u00e1s 365 es un diario digital independiente, fundado en 2012, con base en Asturias. Informamos con rigor sobre actualidad, sociedad, cultura y ocio, con una mirada local y global.","url":"https:\/\/candas365.es\/noticias\/","email":"info@candas365.es","telephone":"+34652131393","foundingDate":"2012-06-10","logo":{"@type":"ImageObject","url":"https:\/\/candas365.es\/noticias\/wp-content\/uploads\/2024\/09\/Candas-365-Redes.jpg","@id":"https:\/\/candas365.es\/noticias\/revuelo-en-alemania-por-la-subasta-de-objetos-personales-de-hitler\/#organizationLogo","width":1152,"height":864,"caption":"Cand\u00e1s 365 Redes"},"image":{"@id":"https:\/\/candas365.es\/noticias\/revuelo-en-alemania-por-la-subasta-de-objetos-personales-de-hitler\/#organizationLogo"},"sameAs":["https:\/\/www.facebook.com\/Nachofdezber","https:\/\/x.com\/NabercoDigital","https:\/\/www.instagram.com\/nachofdezber\/","https:\/\/www.youtube.com\/channel\/UCZP-2wLEB9Rv6erhFmqVnvg"],"address":{"@id":"https:\/\/candas365.es\/noticias\/#postaladdress","@type":"PostalAddress","streetAddress":"san antonio 4, san antonio 4","postalCode":"33430","addressLocality":"Cand\u00e1s","addressRegion":"Asturias","addressCountry":"ES"}},{"@type":"Person","@id":"https:\/\/candas365.es\/noticias\/author\/admin\/#author","url":"https:\/\/candas365.es\/noticias\/author\/admin\/","name":"Cand\u00e1s 365","image":{"@type":"ImageObject","@id":"https:\/\/candas365.es\/noticias\/revuelo-en-alemania-por-la-subasta-de-objetos-personales-de-hitler\/#authorImage","url":"https:\/\/secure.gravatar.com\/avatar\/496a8e03d0c493ede1718b7934145dbdf8d89be1036b0eec9544e1094c9de390?s=96&d=mm&r=g","width":96,"height":96,"caption":"Cand\u00e1s 365"},"sameAs":["https:\/\/www.facebook.com\/carrenoactualidad","https:\/\/twitter.com\/nbasturias","https:\/\/www.instagram.com\/nachofdezber\/","https:\/\/www.youtube.com\/channel\/UCZP-2wLEB9Rv6erhFmqVnvg"]},{"@type":"WebPage","@id":"https:\/\/candas365.es\/noticias\/revuelo-en-alemania-por-la-subasta-de-objetos-personales-de-hitler\/#webpage","url":"https:\/\/candas365.es\/noticias\/revuelo-en-alemania-por-la-subasta-de-objetos-personales-de-hitler\/","name":"Revuelo en Alemania por la subasta de objetos personales de Hitler | Cand\u00e1s 365","description":"M\u00fanich, 18 jun (dpa) - La subasta de objetos personales del dictador Adolf Hitler prevista para este s\u00e1bado en M\u00fanich caus\u00f3 un gran revuelo esta semana en Alemania y fue calificada como \"repugnante\" por el colectivo jud\u00edo. El evento atrajo los \u00faltimos d\u00edas una gran expectaci\u00f3n medi\u00e1tica, despu\u00e9s de que la casa de remates Hermann","inLanguage":"es-ES","isPartOf":{"@id":"https:\/\/candas365.es\/noticias\/#website"},"breadcrumb":{"@id":"https:\/\/candas365.es\/noticias\/revuelo-en-alemania-por-la-subasta-de-objetos-personales-de-hitler\/#breadcrumblist"},"author":{"@id":"https:\/\/candas365.es\/noticias\/author\/admin\/#author"},"creator":{"@id":"https:\/\/candas365.es\/noticias\/author\/admin\/#author"},"image":{"@type":"ImageObject","url":"https:\/\/candas365.es\/noticias\/wp-content\/uploads\/2015\/09\/c365noticias.jpg","@id":"https:\/\/candas365.es\/noticias\/revuelo-en-alemania-por-la-subasta-de-objetos-personales-de-hitler\/#mainImage","width":655,"height":360},"primaryImageOfPage":{"@id":"https:\/\/candas365.es\/noticias\/revuelo-en-alemania-por-la-subasta-de-objetos-personales-de-hitler\/#mainImage"},"datePublished":"2016-06-18T21:37:05+02:00","dateModified":"2016-06-18T21:37:05+02:00"},{"@type":"WebSite","@id":"https:\/\/candas365.es\/noticias\/#website","url":"https:\/\/candas365.es\/noticias\/","name":"Cand\u00e1s 365","alternateName":"Cand\u00e1s 365 Noticias","description":"Actualidad desde Carre\u00f1o para el mundo","inLanguage":"es-ES","publisher":{"@id":"https:\/\/candas365.es\/noticias\/#organization"}}]},"og:locale":"es_ES","og:site_name":"Cand\u00e1s 365","og:type":"article","og:title":"Revuelo en Alemania por la subasta de objetos personales de Hitler | Cand\u00e1s 365","og:description":"M\u00fanich, 18 jun (dpa) - La subasta de objetos personales del dictador Adolf Hitler prevista para este s\u00e1bado en M\u00fanich caus\u00f3 un gran revuelo esta semana en Alemania y fue calificada como &quot;repugnante&quot; por el colectivo jud\u00edo. El evento atrajo los \u00faltimos d\u00edas una gran expectaci\u00f3n medi\u00e1tica, despu\u00e9s de que la casa de remates Hermann","og:url":"https:\/\/candas365.es\/noticias\/revuelo-en-alemania-por-la-subasta-de-objetos-personales-de-hitler\/","og:image":"https:\/\/candas365.es\/noticias\/wp-content\/uploads\/2015\/09\/c365noticias.jpg","og:image:secure_url":"https:\/\/candas365.es\/noticias\/wp-content\/uploads\/2015\/09\/c365noticias.jpg","og:image:width":655,"og:image:height":360,"article:published_time":"2016-06-18T20:07:05+00:00","article:modified_time":"2016-06-18T20:07:05+00:00","article:publisher":"https:\/\/www.facebook.com\/Nachofdezber","article:author":"https:\/\/www.facebook.com\/carrenoactualidad","twitter:card":"summary_large_image","twitter:site":"@NabercoDigital","twitter:title":"Revuelo en Alemania por la subasta de objetos personales de Hitler | Cand\u00e1s 365","twitter:description":"M\u00fanich, 18 jun (dpa) - La subasta de objetos personales del dictador Adolf Hitler prevista para este s\u00e1bado en M\u00fanich caus\u00f3 un gran revuelo esta semana en Alemania y fue calificada como &quot;repugnante&quot; por el colectivo jud\u00edo. El evento atrajo los \u00faltimos d\u00edas una gran expectaci\u00f3n medi\u00e1tica, despu\u00e9s de que la casa de remates Hermann","twitter:creator":"@nbasturias","twitter:image":"https:\/\/candas365.es\/noticias\/wp-content\/uploads\/2015\/09\/c365noticias.jpg","twitter:label1":"Escrito por","twitter:data1":"Cand\u00e1s 365","twitter:label2":"Tiempo de lectura estimado","twitter:data2":"3 minutos"},"aioseo_meta_data":{"post_id":"30656","title":null,"description":null,"keywords":null,"keyphrases":null,"primary_term":null,"canonical_url":null,"og_title":null,"og_description":null,"og_object_type":"default","og_image_type":"default","og_image_url":null,"og_image_width":null,"og_image_height":null,"og_image_custom_url":null,"og_image_custom_fields":null,"og_video":null,"og_custom_url":null,"og_article_section":null,"og_article_tags":null,"twitter_use_og":false,"twitter_card":"default","twitter_image_type":"default","twitter_image_url":null,"twitter_image_custom_url":null,"twitter_image_custom_fields":null,"twitter_title":null,"twitter_description":null,"schema":{"blockGraphs":[],"customGraphs":[],"default":{"data":{"Article":[],"Course":[],"Dataset":[],"FAQPage":[],"Movie":[],"Person":[],"Product":[],"ProductReview":[],"Car":[],"Recipe":[],"Service":[],"SoftwareApplication":[],"WebPage":[]},"graphName":"","isEnabled":true},"graphs":[],"defaultGraph":"","defaultPostTypeGraph":""},"schema_type":null,"schema_type_options":null,"pillar_content":false,"robots_default":true,"robots_noindex":false,"robots_noarchive":false,"robots_nosnippet":false,"robots_nofollow":false,"robots_noimageindex":false,"robots_noodp":false,"robots_notranslate":false,"robots_max_snippet":null,"robots_max_videopreview":null,"robots_max_imagepreview":"large","priority":null,"frequency":null,"location":null,"local_seo":null,"seo_analyzer_scan_date":"2025-08-24 12:49:12","breadcrumb_settings":null,"limit_modified_date":false,"reviewed_by":null,"open_ai":null,"ai":null,"created":"2020-12-21 12:59:13","updated":"2025-08-24 12:49:12"},"aioseo_breadcrumb":"<div class=\"aioseo-breadcrumbs\"><span class=\"aioseo-breadcrumb\">\n\t<a href=\"https:\/\/candas365.es\/noticias\" title=\"Home\">Home<\/a>\n<\/span><span class=\"aioseo-breadcrumb-separator\">&ndash;<\/span><span class=\"aioseo-breadcrumb\">\n\t<a href=\"https:\/\/candas365.es\/noticias\/category\/actualidad\/\" title=\"Actualidad\">Actualidad<\/a>\n<\/span><span class=\"aioseo-breadcrumb-separator\">&ndash;<\/span><span class=\"aioseo-breadcrumb\">\n\tRevuelo en Alemania por la subasta de objetos personales de Hitler\n<\/span><\/div>","aioseo_breadcrumb_json":[{"label":"Home","link":"https:\/\/candas365.es\/noticias"},{"label":"Actualidad","link":"https:\/\/candas365.es\/noticias\/category\/actualidad\/"},{"label":"Revuelo en Alemania por la subasta de objetos personales de Hitler","link":"https:\/\/candas365.es\/noticias\/revuelo-en-alemania-por-la-subasta-de-objetos-personales-de-hitler\/"}],"_links":{"self":[{"href":"https:\/\/candas365.es\/noticias\/wp-json\/wp\/v2\/posts\/30656","targetHints":{"allow":["GET"]}}],"collection":[{"href":"https:\/\/candas365.es\/noticias\/wp-json\/wp\/v2\/posts"}],"about":[{"href":"https:\/\/candas365.es\/noticias\/wp-json\/wp\/v2\/types\/post"}],"author":[{"embeddable":true,"href":"https:\/\/candas365.es\/noticias\/wp-json\/wp\/v2\/users\/1"}],"replies":[{"embeddable":true,"href":"https:\/\/candas365.es\/noticias\/wp-json\/wp\/v2\/comments?post=30656"}],"version-history":[{"count":0,"href":"https:\/\/candas365.es\/noticias\/wp-json\/wp\/v2\/posts\/30656\/revisions"}],"wp:featuredmedia":[{"embeddable":true,"href":"https:\/\/candas365.es\/noticias\/wp-json\/wp\/v2\/media\/16457"}],"wp:attachment":[{"href":"https:\/\/candas365.es\/noticias\/wp-json\/wp\/v2\/media?parent=30656"}],"wp:term":[{"taxonomy":"category","embeddable":true,"href":"https:\/\/candas365.es\/noticias\/wp-json\/wp\/v2\/categories?post=30656"},{"taxonomy":"post_tag","embeddable":true,"href":"https:\/\/candas365.es\/noticias\/wp-json\/wp\/v2\/tags?post=30656"}],"curies":[{"name":"wp","href":"https:\/\/api.w.org\/{rel}","templated":true}]}}