{"id":30650,"date":"2016-06-18T20:57:40","date_gmt":"2016-06-18T19:27:40","guid":{"rendered":"http:\/\/candas365.es\/noticias\/?p=30650"},"modified":"2016-06-18T20:57:52","modified_gmt":"2016-06-18T19:27:52","slug":"valgrande-pajares-ofrece-carreras-de-montana-y-rutas-de-bicicleta-en-verano","status":"publish","type":"post","link":"https:\/\/candas365.es\/noticias\/valgrande-pajares-ofrece-carreras-de-montana-y-rutas-de-bicicleta-en-verano\/","title":{"rendered":"Valgrande-Pajares ofrece carreras de monta\u00f1a y rutas de bicicleta en verano"},"content":{"rendered":"<p><img fetchpriority=\"high\" decoding=\"async\" class=\"alignleft size-medium wp-image-30651\" src=\"https:\/\/candas365.es\/noticias\/wp-content\/uploads\/2016\/06\/fotonoticia_20160618124436_800-360x187.jpg\" alt=\"fotonoticia_20160618124436_800\" width=\"360\" height=\"187\" srcset=\"https:\/\/candas365.es\/noticias\/wp-content\/uploads\/2016\/06\/fotonoticia_20160618124436_800-360x187.jpg 360w, https:\/\/candas365.es\/noticias\/wp-content\/uploads\/2016\/06\/fotonoticia_20160618124436_800-650x338.jpg 650w, https:\/\/candas365.es\/noticias\/wp-content\/uploads\/2016\/06\/fotonoticia_20160618124436_800-768x399.jpg 768w, https:\/\/candas365.es\/noticias\/wp-content\/uploads\/2016\/06\/fotonoticia_20160618124436_800-150x78.jpg 150w, https:\/\/candas365.es\/noticias\/wp-content\/uploads\/2016\/06\/fotonoticia_20160618124436_800-450x234.jpg 450w, https:\/\/candas365.es\/noticias\/wp-content\/uploads\/2016\/06\/fotonoticia_20160618124436_800-655x341.jpg 655w, https:\/\/candas365.es\/noticias\/wp-content\/uploads\/2016\/06\/fotonoticia_20160618124436_800-696x362.jpg 696w, https:\/\/candas365.es\/noticias\/wp-content\/uploads\/2016\/06\/fotonoticia_20160618124436_800.jpg 800w\" sizes=\"(max-width: 360px) 100vw, 360px\" \/>La estaci\u00f3n de invierno asturiana de Valgrande-Pajares mantendr\u00e1 durante el verano su actividad, mediante la organizaci\u00f3n de carreras de monta\u00f1a y rutas de bicicleta en junio y agosto. Seg\u00fan informaci\u00f3n de su p\u00e1gina web consultada por Europa Press, los pr\u00f3ximos d\u00edas 25 y 26 de junio tendr\u00e1 lugar el Campeonato de Asturias de descenso BTT, y el 21 de agosto se celebrar\u00e1 el VII Trail Valgrande Pajares &#8216;Copa de Asturies en L\u00ednea&#8217;.<\/p>\n<p>Valgrande-Pajares se suma as\u00ed a la mayor\u00eda de las 33 estaciones que forman parte de la Asociaci\u00f3n Tur\u00edstica de Estaciones de Esqu\u00ed y Monta\u00f1a (ATUDEM). La estaci\u00f3n asturiana tiene todo preparado, al igual que las otras 17, para mantener su oferta activa durante la temporada veraniega con distintas actividades que van desde parques l\u00fadicos, bike parks, toboganes e itinerarios de BTT, carreras de trail, BTT, hasta marchas senderistas, seg\u00fan informa la compa\u00f1\u00eda en un comunicado.<\/p>\n<p>Sierra Nevada abrir\u00e1 del 25 de junio al 4 de septiembre. Los nuevos circuitos de &#8216;running&#8217; se unen esta temporada estival a los del Sierra Nevada Bike Park y a los senderos de la fusi\u00f3n de la nieve y de altas cumbres.<\/p>\n<p>La estaci\u00f3n de Baqueira Beret pone en funcionamiento el Telesilla Blanhiblar del 23 de julio al 28 de agosto, a trav\u00e9s del cual es posible llegar a cuatro rutas a pie y una en bicicleta, junto a otras actividades deportivas, como la iniciaci\u00f3n a la escalada, al tiro con arco, juegos tradicionales y de orientaci\u00f3n.<\/p>\n<p>Los ni\u00f1os tambi\u00e9n pueden realizar un gran abanico de actividades como juegos deportivos, excursiones, gymkanas, piscina y talleres de manualidades.<\/p>\n<p>Las estaciones de FGC tambi\u00e9n abrir\u00e1n. Port Ain\u00e9 y Espot disponen de actividades que se llevan a cabo dentro del espacio del Parque Natural del Alto Pirineo. La Molina ampl\u00eda su Bike Park, La Vall de N\u00faria ampl\u00eda su parque l\u00fadico. Espot y Vallter 2000 por su parte fomentar\u00e1n el senderismo.<\/p>\n<p>En verano La Pinilla, que cambia los esqu\u00edes por las bicicletas, abri\u00f3 sus puertas el pasado 14 de mayo en la que promete ser la temporada de verano m\u00e1s larga desde que se estren\u00f3 el Bike park en sus instalaciones. La estaci\u00f3n ha realizado una gran inversi\u00f3n para mejorar sus pistas, el Wood Park, con se\u00f1alizaci\u00f3n interna y la construcci\u00f3n de un nuevo circuito de 2,1 km que cuenta con 18 pistas que suman m\u00e1s de 14 itinerarios.<\/p>\n<p>MADRID SNOWZONE, NIEVE TODO EL A\u00d1O<\/p>\n<p>En la estaci\u00f3n de Madrid Snowzone el verano no supone el final de la temporada invernal, ya que el centro con nieve todo el a\u00f1o, organiza cursos y actividades para toda la familia y ofertas para esquiar en verano.<\/p>\n<p>Las estaciones de Aram\u00f3n, Cerler y Formigal-Panticosa, destacan por su parte por el &#8216;running&#8217;, el ciclismo de monta\u00f1a y el Campeonato de Espa\u00f1a de parapente acrob\u00e1tico.<\/p>\n<p>Tambi\u00e9n tendr\u00e1n actividades disponibles para el verano las estaciones de Asturias (Valgrande-Pajares), Arag\u00f3n (Ast\u00fan), Cantabria (Alto Campoo), Catalu\u00f1a (Masella, Tavasc\u00e1n, Bo\u00ed Ta\u00fcll) y Madrid (Madrid SnowZone).<\/p>\n","protected":false},"excerpt":{"rendered":"<p>La estaci\u00f3n de invierno asturiana de Valgrande-Pajares mantendr\u00e1 durante el verano su actividad, mediante la organizaci\u00f3n de carreras de monta\u00f1a y rutas de bicicleta en junio y agosto. Seg\u00fan informaci\u00f3n de su p\u00e1gina web consultada por Europa Press, los pr\u00f3ximos d\u00edas 25 y 26 de junio tendr\u00e1 lugar el Campeonato de Asturias de descenso BTT,<\/p>\n","protected":false},"author":1,"featured_media":30651,"comment_status":"closed","ping_status":"closed","sticky":false,"template":"","format":"standard","meta":{"footnotes":""},"categories":[343],"tags":[],"class_list":{"0":"post-30650","1":"post","2":"type-post","3":"status-publish","4":"format-standard","5":"has-post-thumbnail","7":"category-actualidad"},"aioseo_notices":[],"aioseo_head":"\n\t\t<!-- All in One SEO Pro 4.9.6.2 - aioseo.com -->\n\t<meta name=\"description\" content=\"La estaci\u00f3n de invierno asturiana de Valgrande-Pajares mantendr\u00e1 durante el verano su actividad, mediante la organizaci\u00f3n de carreras de monta\u00f1a y rutas de bicicleta en junio y agosto. Seg\u00fan informaci\u00f3n de su p\u00e1gina web consultada por Europa Press, los pr\u00f3ximos d\u00edas 25 y 26 de junio tendr\u00e1 lugar el Campeonato de Asturias de descenso BTT,\" \/>\n\t<meta name=\"robots\" content=\"max-image-preview:large\" \/>\n\t<meta name=\"author\" content=\"Cand\u00e1s 365\"\/>\n\t<meta name=\"google-site-verification\" content=\"UA-32230408-1\" \/>\n\t<meta name=\"msvalidate.01\" content=\"354F3CDFB2DA171B47FBE9ABF1F88D5\" \/>\n\t<meta name=\"keywords\" content=\"actualidad\" \/>\n\t<link rel=\"canonical\" href=\"https:\/\/candas365.es\/noticias\/valgrande-pajares-ofrece-carreras-de-montana-y-rutas-de-bicicleta-en-verano\/\" \/>\n\t<meta name=\"generator\" content=\"All in One SEO Pro (AIOSEO) 4.9.6.2\" \/>\n\t\t<meta property=\"og:locale\" content=\"es_ES\" \/>\n\t\t<meta property=\"og:site_name\" content=\"Cand\u00e1s 365\" \/>\n\t\t<meta property=\"og:type\" content=\"article\" \/>\n\t\t<meta property=\"og:title\" content=\"Valgrande-Pajares ofrece carreras de monta\u00f1a y rutas de bicicleta en verano | Cand\u00e1s 365\" \/>\n\t\t<meta property=\"og:description\" content=\"La estaci\u00f3n de invierno asturiana de Valgrande-Pajares mantendr\u00e1 durante el verano su actividad, mediante la organizaci\u00f3n de carreras de monta\u00f1a y rutas de bicicleta en junio y agosto. Seg\u00fan informaci\u00f3n de su p\u00e1gina web consultada por Europa Press, los pr\u00f3ximos d\u00edas 25 y 26 de junio tendr\u00e1 lugar el Campeonato de Asturias de descenso BTT,\" \/>\n\t\t<meta property=\"og:url\" content=\"https:\/\/candas365.es\/noticias\/valgrande-pajares-ofrece-carreras-de-montana-y-rutas-de-bicicleta-en-verano\/\" \/>\n\t\t<meta property=\"og:image\" content=\"https:\/\/candas365.es\/noticias\/wp-content\/uploads\/2016\/06\/fotonoticia_20160618124436_800.jpg\" \/>\n\t\t<meta property=\"og:image:secure_url\" content=\"https:\/\/candas365.es\/noticias\/wp-content\/uploads\/2016\/06\/fotonoticia_20160618124436_800.jpg\" \/>\n\t\t<meta property=\"og:image:width\" content=\"800\" \/>\n\t\t<meta property=\"og:image:height\" content=\"416\" \/>\n\t\t<meta property=\"article:published_time\" content=\"2016-06-18T19:27:40+00:00\" \/>\n\t\t<meta property=\"article:modified_time\" content=\"2016-06-18T19:27:52+00:00\" \/>\n\t\t<meta property=\"article:publisher\" content=\"https:\/\/www.facebook.com\/Nachofdezber\" \/>\n\t\t<meta property=\"article:author\" content=\"https:\/\/www.facebook.com\/carrenoactualidad\" \/>\n\t\t<meta name=\"twitter:card\" content=\"summary_large_image\" \/>\n\t\t<meta name=\"twitter:site\" content=\"@NabercoDigital\" \/>\n\t\t<meta name=\"twitter:title\" content=\"Valgrande-Pajares ofrece carreras de monta\u00f1a y rutas de bicicleta en verano | Cand\u00e1s 365\" \/>\n\t\t<meta name=\"twitter:description\" content=\"La estaci\u00f3n de invierno asturiana de Valgrande-Pajares mantendr\u00e1 durante el verano su actividad, mediante la organizaci\u00f3n de carreras de monta\u00f1a y rutas de bicicleta en junio y agosto. Seg\u00fan informaci\u00f3n de su p\u00e1gina web consultada por Europa Press, los pr\u00f3ximos d\u00edas 25 y 26 de junio tendr\u00e1 lugar el Campeonato de Asturias de descenso BTT,\" \/>\n\t\t<meta name=\"twitter:creator\" content=\"@nbasturias\" \/>\n\t\t<meta name=\"twitter:image\" content=\"https:\/\/candas365.es\/noticias\/wp-content\/uploads\/2016\/06\/fotonoticia_20160618124436_800.jpg\" \/>\n\t\t<meta name=\"twitter:label1\" content=\"Escrito por\" \/>\n\t\t<meta name=\"twitter:data1\" content=\"Cand\u00e1s 365\" \/>\n\t\t<meta name=\"twitter:label2\" content=\"Tiempo de lectura estimado\" \/>\n\t\t<meta name=\"twitter:data2\" content=\"3 minutos\" \/>\n\t\t<script type=\"application\/ld+json\" class=\"aioseo-schema\">\n\t\t\t{\"@context\":\"https:\\\/\\\/schema.org\",\"@graph\":[{\"@type\":\"BreadcrumbList\",\"@id\":\"https:\\\/\\\/candas365.es\\\/noticias\\\/valgrande-pajares-ofrece-carreras-de-montana-y-rutas-de-bicicleta-en-verano\\\/#breadcrumblist\",\"itemListElement\":[{\"@type\":\"ListItem\",\"@id\":\"https:\\\/\\\/candas365.es\\\/noticias#listItem\",\"position\":1,\"name\":\"Home\",\"item\":\"https:\\\/\\\/candas365.es\\\/noticias\",\"nextItem\":{\"@type\":\"ListItem\",\"@id\":\"https:\\\/\\\/candas365.es\\\/noticias\\\/category\\\/actualidad\\\/#listItem\",\"name\":\"Actualidad\"}},{\"@type\":\"ListItem\",\"@id\":\"https:\\\/\\\/candas365.es\\\/noticias\\\/category\\\/actualidad\\\/#listItem\",\"position\":2,\"name\":\"Actualidad\",\"item\":\"https:\\\/\\\/candas365.es\\\/noticias\\\/category\\\/actualidad\\\/\",\"nextItem\":{\"@type\":\"ListItem\",\"@id\":\"https:\\\/\\\/candas365.es\\\/noticias\\\/valgrande-pajares-ofrece-carreras-de-montana-y-rutas-de-bicicleta-en-verano\\\/#listItem\",\"name\":\"Valgrande-Pajares ofrece carreras de monta\\u00f1a y rutas de bicicleta en verano\"},\"previousItem\":{\"@type\":\"ListItem\",\"@id\":\"https:\\\/\\\/candas365.es\\\/noticias#listItem\",\"name\":\"Home\"}},{\"@type\":\"ListItem\",\"@id\":\"https:\\\/\\\/candas365.es\\\/noticias\\\/valgrande-pajares-ofrece-carreras-de-montana-y-rutas-de-bicicleta-en-verano\\\/#listItem\",\"position\":3,\"name\":\"Valgrande-Pajares ofrece carreras de monta\\u00f1a y rutas de bicicleta en verano\",\"previousItem\":{\"@type\":\"ListItem\",\"@id\":\"https:\\\/\\\/candas365.es\\\/noticias\\\/category\\\/actualidad\\\/#listItem\",\"name\":\"Actualidad\"}}]},{\"@type\":\"NewsArticle\",\"@id\":\"https:\\\/\\\/candas365.es\\\/noticias\\\/valgrande-pajares-ofrece-carreras-de-montana-y-rutas-de-bicicleta-en-verano\\\/#newsarticle\",\"name\":\"Valgrande-Pajares ofrece carreras de monta\\u00f1a y rutas de bicicleta en verano | Cand\\u00e1s 365\",\"headline\":\"Valgrande-Pajares ofrece carreras de monta\\u00f1a y rutas de bicicleta en verano\",\"author\":{\"@id\":\"https:\\\/\\\/candas365.es\\\/noticias\\\/author\\\/admin\\\/#author\"},\"publisher\":{\"@id\":\"https:\\\/\\\/candas365.es\\\/noticias\\\/#organization\"},\"image\":{\"@type\":\"ImageObject\",\"url\":\"https:\\\/\\\/candas365.es\\\/noticias\\\/wp-content\\\/uploads\\\/2016\\\/06\\\/fotonoticia_20160618124436_800.jpg\",\"width\":800,\"height\":416},\"datePublished\":\"2016-06-18T20:57:40+02:00\",\"dateModified\":\"2016-06-18T20:57:52+02:00\",\"inLanguage\":\"es-ES\",\"mainEntityOfPage\":{\"@id\":\"https:\\\/\\\/candas365.es\\\/noticias\\\/valgrande-pajares-ofrece-carreras-de-montana-y-rutas-de-bicicleta-en-verano\\\/#webpage\"},\"isPartOf\":{\"@id\":\"https:\\\/\\\/candas365.es\\\/noticias\\\/valgrande-pajares-ofrece-carreras-de-montana-y-rutas-de-bicicleta-en-verano\\\/#webpage\"},\"articleSection\":\"Actualidad\",\"dateline\":\"Publicado el junio 18, 2016.\"},{\"@type\":\"Organization\",\"@id\":\"https:\\\/\\\/candas365.es\\\/noticias\\\/#organization\",\"name\":\"Cand\\u00e1s 365\",\"description\":\"Cand\\u00e1s 365 es un diario digital independiente, fundado en 2012, con base en Asturias. Informamos con rigor sobre actualidad, sociedad, cultura y ocio, con una mirada local y global.\",\"url\":\"https:\\\/\\\/candas365.es\\\/noticias\\\/\",\"email\":\"info@candas365.es\",\"telephone\":\"+34652131393\",\"foundingDate\":\"2012-06-10\",\"logo\":{\"@type\":\"ImageObject\",\"url\":\"https:\\\/\\\/candas365.es\\\/noticias\\\/wp-content\\\/uploads\\\/2024\\\/09\\\/Candas-365-Redes.jpg\",\"@id\":\"https:\\\/\\\/candas365.es\\\/noticias\\\/valgrande-pajares-ofrece-carreras-de-montana-y-rutas-de-bicicleta-en-verano\\\/#organizationLogo\",\"width\":1152,\"height\":864,\"caption\":\"Cand\\u00e1s 365 Redes\"},\"image\":{\"@id\":\"https:\\\/\\\/candas365.es\\\/noticias\\\/valgrande-pajares-ofrece-carreras-de-montana-y-rutas-de-bicicleta-en-verano\\\/#organizationLogo\"},\"sameAs\":[\"https:\\\/\\\/www.facebook.com\\\/Nachofdezber\",\"https:\\\/\\\/x.com\\\/NabercoDigital\",\"https:\\\/\\\/www.instagram.com\\\/nachofdezber\\\/\",\"https:\\\/\\\/www.youtube.com\\\/channel\\\/UCZP-2wLEB9Rv6erhFmqVnvg\"],\"address\":{\"@id\":\"https:\\\/\\\/candas365.es\\\/noticias\\\/#postaladdress\",\"@type\":\"PostalAddress\",\"streetAddress\":\"san antonio 4, san antonio 4\",\"postalCode\":\"33430\",\"addressLocality\":\"Cand\\u00e1s\",\"addressRegion\":\"Asturias\",\"addressCountry\":\"ES\"}},{\"@type\":\"Person\",\"@id\":\"https:\\\/\\\/candas365.es\\\/noticias\\\/author\\\/admin\\\/#author\",\"url\":\"https:\\\/\\\/candas365.es\\\/noticias\\\/author\\\/admin\\\/\",\"name\":\"Cand\\u00e1s 365\",\"image\":{\"@type\":\"ImageObject\",\"@id\":\"https:\\\/\\\/candas365.es\\\/noticias\\\/valgrande-pajares-ofrece-carreras-de-montana-y-rutas-de-bicicleta-en-verano\\\/#authorImage\",\"url\":\"https:\\\/\\\/secure.gravatar.com\\\/avatar\\\/496a8e03d0c493ede1718b7934145dbdf8d89be1036b0eec9544e1094c9de390?s=96&d=mm&r=g\",\"width\":96,\"height\":96,\"caption\":\"Cand\\u00e1s 365\"},\"sameAs\":[\"https:\\\/\\\/www.facebook.com\\\/carrenoactualidad\",\"https:\\\/\\\/twitter.com\\\/nbasturias\",\"https:\\\/\\\/www.instagram.com\\\/nachofdezber\\\/\",\"https:\\\/\\\/www.youtube.com\\\/channel\\\/UCZP-2wLEB9Rv6erhFmqVnvg\"]},{\"@type\":\"WebPage\",\"@id\":\"https:\\\/\\\/candas365.es\\\/noticias\\\/valgrande-pajares-ofrece-carreras-de-montana-y-rutas-de-bicicleta-en-verano\\\/#webpage\",\"url\":\"https:\\\/\\\/candas365.es\\\/noticias\\\/valgrande-pajares-ofrece-carreras-de-montana-y-rutas-de-bicicleta-en-verano\\\/\",\"name\":\"Valgrande-Pajares ofrece carreras de monta\\u00f1a y rutas de bicicleta en verano | Cand\\u00e1s 365\",\"description\":\"La estaci\\u00f3n de invierno asturiana de Valgrande-Pajares mantendr\\u00e1 durante el verano su actividad, mediante la organizaci\\u00f3n de carreras de monta\\u00f1a y rutas de bicicleta en junio y agosto. Seg\\u00fan informaci\\u00f3n de su p\\u00e1gina web consultada por Europa Press, los pr\\u00f3ximos d\\u00edas 25 y 26 de junio tendr\\u00e1 lugar el Campeonato de Asturias de descenso BTT,\",\"inLanguage\":\"es-ES\",\"isPartOf\":{\"@id\":\"https:\\\/\\\/candas365.es\\\/noticias\\\/#website\"},\"breadcrumb\":{\"@id\":\"https:\\\/\\\/candas365.es\\\/noticias\\\/valgrande-pajares-ofrece-carreras-de-montana-y-rutas-de-bicicleta-en-verano\\\/#breadcrumblist\"},\"author\":{\"@id\":\"https:\\\/\\\/candas365.es\\\/noticias\\\/author\\\/admin\\\/#author\"},\"creator\":{\"@id\":\"https:\\\/\\\/candas365.es\\\/noticias\\\/author\\\/admin\\\/#author\"},\"image\":{\"@type\":\"ImageObject\",\"url\":\"https:\\\/\\\/candas365.es\\\/noticias\\\/wp-content\\\/uploads\\\/2016\\\/06\\\/fotonoticia_20160618124436_800.jpg\",\"@id\":\"https:\\\/\\\/candas365.es\\\/noticias\\\/valgrande-pajares-ofrece-carreras-de-montana-y-rutas-de-bicicleta-en-verano\\\/#mainImage\",\"width\":800,\"height\":416},\"primaryImageOfPage\":{\"@id\":\"https:\\\/\\\/candas365.es\\\/noticias\\\/valgrande-pajares-ofrece-carreras-de-montana-y-rutas-de-bicicleta-en-verano\\\/#mainImage\"},\"datePublished\":\"2016-06-18T20:57:40+02:00\",\"dateModified\":\"2016-06-18T20:57:52+02:00\"},{\"@type\":\"WebSite\",\"@id\":\"https:\\\/\\\/candas365.es\\\/noticias\\\/#website\",\"url\":\"https:\\\/\\\/candas365.es\\\/noticias\\\/\",\"name\":\"Cand\\u00e1s 365\",\"alternateName\":\"Cand\\u00e1s 365 Noticias\",\"description\":\"Actualidad desde Carre\\u00f1o para el mundo\",\"inLanguage\":\"es-ES\",\"publisher\":{\"@id\":\"https:\\\/\\\/candas365.es\\\/noticias\\\/#organization\"}}]}\n\t\t<\/script>\n\t\t<!-- All in One SEO Pro -->\r\n\t\t<title>Valgrande-Pajares ofrece carreras de monta\u00f1a y rutas de bicicleta en verano | Cand\u00e1s 365<\/title>\n\n","aioseo_head_json":{"title":"Valgrande-Pajares ofrece carreras de monta\u00f1a y rutas de bicicleta en verano | Cand\u00e1s 365","description":"La estaci\u00f3n de invierno asturiana de Valgrande-Pajares mantendr\u00e1 durante el verano su actividad, mediante la organizaci\u00f3n de carreras de monta\u00f1a y rutas de bicicleta en junio y agosto. Seg\u00fan informaci\u00f3n de su p\u00e1gina web consultada por Europa Press, los pr\u00f3ximos d\u00edas 25 y 26 de junio tendr\u00e1 lugar el Campeonato de Asturias de descenso BTT,","canonical_url":"https:\/\/candas365.es\/noticias\/valgrande-pajares-ofrece-carreras-de-montana-y-rutas-de-bicicleta-en-verano\/","robots":"max-image-preview:large","keywords":"actualidad","webmasterTools":{"google-site-verification":"UA-32230408-1","msvalidate.01":"354F3CDFB2DA171B47FBE9ABF1F88D5","miscellaneous":""},"schema":{"@context":"https:\/\/schema.org","@graph":[{"@type":"BreadcrumbList","@id":"https:\/\/candas365.es\/noticias\/valgrande-pajares-ofrece-carreras-de-montana-y-rutas-de-bicicleta-en-verano\/#breadcrumblist","itemListElement":[{"@type":"ListItem","@id":"https:\/\/candas365.es\/noticias#listItem","position":1,"name":"Home","item":"https:\/\/candas365.es\/noticias","nextItem":{"@type":"ListItem","@id":"https:\/\/candas365.es\/noticias\/category\/actualidad\/#listItem","name":"Actualidad"}},{"@type":"ListItem","@id":"https:\/\/candas365.es\/noticias\/category\/actualidad\/#listItem","position":2,"name":"Actualidad","item":"https:\/\/candas365.es\/noticias\/category\/actualidad\/","nextItem":{"@type":"ListItem","@id":"https:\/\/candas365.es\/noticias\/valgrande-pajares-ofrece-carreras-de-montana-y-rutas-de-bicicleta-en-verano\/#listItem","name":"Valgrande-Pajares ofrece carreras de monta\u00f1a y rutas de bicicleta en verano"},"previousItem":{"@type":"ListItem","@id":"https:\/\/candas365.es\/noticias#listItem","name":"Home"}},{"@type":"ListItem","@id":"https:\/\/candas365.es\/noticias\/valgrande-pajares-ofrece-carreras-de-montana-y-rutas-de-bicicleta-en-verano\/#listItem","position":3,"name":"Valgrande-Pajares ofrece carreras de monta\u00f1a y rutas de bicicleta en verano","previousItem":{"@type":"ListItem","@id":"https:\/\/candas365.es\/noticias\/category\/actualidad\/#listItem","name":"Actualidad"}}]},{"@type":"NewsArticle","@id":"https:\/\/candas365.es\/noticias\/valgrande-pajares-ofrece-carreras-de-montana-y-rutas-de-bicicleta-en-verano\/#newsarticle","name":"Valgrande-Pajares ofrece carreras de monta\u00f1a y rutas de bicicleta en verano | Cand\u00e1s 365","headline":"Valgrande-Pajares ofrece carreras de monta\u00f1a y rutas de bicicleta en verano","author":{"@id":"https:\/\/candas365.es\/noticias\/author\/admin\/#author"},"publisher":{"@id":"https:\/\/candas365.es\/noticias\/#organization"},"image":{"@type":"ImageObject","url":"https:\/\/candas365.es\/noticias\/wp-content\/uploads\/2016\/06\/fotonoticia_20160618124436_800.jpg","width":800,"height":416},"datePublished":"2016-06-18T20:57:40+02:00","dateModified":"2016-06-18T20:57:52+02:00","inLanguage":"es-ES","mainEntityOfPage":{"@id":"https:\/\/candas365.es\/noticias\/valgrande-pajares-ofrece-carreras-de-montana-y-rutas-de-bicicleta-en-verano\/#webpage"},"isPartOf":{"@id":"https:\/\/candas365.es\/noticias\/valgrande-pajares-ofrece-carreras-de-montana-y-rutas-de-bicicleta-en-verano\/#webpage"},"articleSection":"Actualidad","dateline":"Publicado el junio 18, 2016."},{"@type":"Organization","@id":"https:\/\/candas365.es\/noticias\/#organization","name":"Cand\u00e1s 365","description":"Cand\u00e1s 365 es un diario digital independiente, fundado en 2012, con base en Asturias. Informamos con rigor sobre actualidad, sociedad, cultura y ocio, con una mirada local y global.","url":"https:\/\/candas365.es\/noticias\/","email":"info@candas365.es","telephone":"+34652131393","foundingDate":"2012-06-10","logo":{"@type":"ImageObject","url":"https:\/\/candas365.es\/noticias\/wp-content\/uploads\/2024\/09\/Candas-365-Redes.jpg","@id":"https:\/\/candas365.es\/noticias\/valgrande-pajares-ofrece-carreras-de-montana-y-rutas-de-bicicleta-en-verano\/#organizationLogo","width":1152,"height":864,"caption":"Cand\u00e1s 365 Redes"},"image":{"@id":"https:\/\/candas365.es\/noticias\/valgrande-pajares-ofrece-carreras-de-montana-y-rutas-de-bicicleta-en-verano\/#organizationLogo"},"sameAs":["https:\/\/www.facebook.com\/Nachofdezber","https:\/\/x.com\/NabercoDigital","https:\/\/www.instagram.com\/nachofdezber\/","https:\/\/www.youtube.com\/channel\/UCZP-2wLEB9Rv6erhFmqVnvg"],"address":{"@id":"https:\/\/candas365.es\/noticias\/#postaladdress","@type":"PostalAddress","streetAddress":"san antonio 4, san antonio 4","postalCode":"33430","addressLocality":"Cand\u00e1s","addressRegion":"Asturias","addressCountry":"ES"}},{"@type":"Person","@id":"https:\/\/candas365.es\/noticias\/author\/admin\/#author","url":"https:\/\/candas365.es\/noticias\/author\/admin\/","name":"Cand\u00e1s 365","image":{"@type":"ImageObject","@id":"https:\/\/candas365.es\/noticias\/valgrande-pajares-ofrece-carreras-de-montana-y-rutas-de-bicicleta-en-verano\/#authorImage","url":"https:\/\/secure.gravatar.com\/avatar\/496a8e03d0c493ede1718b7934145dbdf8d89be1036b0eec9544e1094c9de390?s=96&d=mm&r=g","width":96,"height":96,"caption":"Cand\u00e1s 365"},"sameAs":["https:\/\/www.facebook.com\/carrenoactualidad","https:\/\/twitter.com\/nbasturias","https:\/\/www.instagram.com\/nachofdezber\/","https:\/\/www.youtube.com\/channel\/UCZP-2wLEB9Rv6erhFmqVnvg"]},{"@type":"WebPage","@id":"https:\/\/candas365.es\/noticias\/valgrande-pajares-ofrece-carreras-de-montana-y-rutas-de-bicicleta-en-verano\/#webpage","url":"https:\/\/candas365.es\/noticias\/valgrande-pajares-ofrece-carreras-de-montana-y-rutas-de-bicicleta-en-verano\/","name":"Valgrande-Pajares ofrece carreras de monta\u00f1a y rutas de bicicleta en verano | Cand\u00e1s 365","description":"La estaci\u00f3n de invierno asturiana de Valgrande-Pajares mantendr\u00e1 durante el verano su actividad, mediante la organizaci\u00f3n de carreras de monta\u00f1a y rutas de bicicleta en junio y agosto. Seg\u00fan informaci\u00f3n de su p\u00e1gina web consultada por Europa Press, los pr\u00f3ximos d\u00edas 25 y 26 de junio tendr\u00e1 lugar el Campeonato de Asturias de descenso BTT,","inLanguage":"es-ES","isPartOf":{"@id":"https:\/\/candas365.es\/noticias\/#website"},"breadcrumb":{"@id":"https:\/\/candas365.es\/noticias\/valgrande-pajares-ofrece-carreras-de-montana-y-rutas-de-bicicleta-en-verano\/#breadcrumblist"},"author":{"@id":"https:\/\/candas365.es\/noticias\/author\/admin\/#author"},"creator":{"@id":"https:\/\/candas365.es\/noticias\/author\/admin\/#author"},"image":{"@type":"ImageObject","url":"https:\/\/candas365.es\/noticias\/wp-content\/uploads\/2016\/06\/fotonoticia_20160618124436_800.jpg","@id":"https:\/\/candas365.es\/noticias\/valgrande-pajares-ofrece-carreras-de-montana-y-rutas-de-bicicleta-en-verano\/#mainImage","width":800,"height":416},"primaryImageOfPage":{"@id":"https:\/\/candas365.es\/noticias\/valgrande-pajares-ofrece-carreras-de-montana-y-rutas-de-bicicleta-en-verano\/#mainImage"},"datePublished":"2016-06-18T20:57:40+02:00","dateModified":"2016-06-18T20:57:52+02:00"},{"@type":"WebSite","@id":"https:\/\/candas365.es\/noticias\/#website","url":"https:\/\/candas365.es\/noticias\/","name":"Cand\u00e1s 365","alternateName":"Cand\u00e1s 365 Noticias","description":"Actualidad desde Carre\u00f1o para el mundo","inLanguage":"es-ES","publisher":{"@id":"https:\/\/candas365.es\/noticias\/#organization"}}]},"og:locale":"es_ES","og:site_name":"Cand\u00e1s 365","og:type":"article","og:title":"Valgrande-Pajares ofrece carreras de monta\u00f1a y rutas de bicicleta en verano | Cand\u00e1s 365","og:description":"La estaci\u00f3n de invierno asturiana de Valgrande-Pajares mantendr\u00e1 durante el verano su actividad, mediante la organizaci\u00f3n de carreras de monta\u00f1a y rutas de bicicleta en junio y agosto. Seg\u00fan informaci\u00f3n de su p\u00e1gina web consultada por Europa Press, los pr\u00f3ximos d\u00edas 25 y 26 de junio tendr\u00e1 lugar el Campeonato de Asturias de descenso BTT,","og:url":"https:\/\/candas365.es\/noticias\/valgrande-pajares-ofrece-carreras-de-montana-y-rutas-de-bicicleta-en-verano\/","og:image":"https:\/\/candas365.es\/noticias\/wp-content\/uploads\/2016\/06\/fotonoticia_20160618124436_800.jpg","og:image:secure_url":"https:\/\/candas365.es\/noticias\/wp-content\/uploads\/2016\/06\/fotonoticia_20160618124436_800.jpg","og:image:width":800,"og:image:height":416,"article:published_time":"2016-06-18T19:27:40+00:00","article:modified_time":"2016-06-18T19:27:52+00:00","article:publisher":"https:\/\/www.facebook.com\/Nachofdezber","article:author":"https:\/\/www.facebook.com\/carrenoactualidad","twitter:card":"summary_large_image","twitter:site":"@NabercoDigital","twitter:title":"Valgrande-Pajares ofrece carreras de monta\u00f1a y rutas de bicicleta en verano | Cand\u00e1s 365","twitter:description":"La estaci\u00f3n de invierno asturiana de Valgrande-Pajares mantendr\u00e1 durante el verano su actividad, mediante la organizaci\u00f3n de carreras de monta\u00f1a y rutas de bicicleta en junio y agosto. Seg\u00fan informaci\u00f3n de su p\u00e1gina web consultada por Europa Press, los pr\u00f3ximos d\u00edas 25 y 26 de junio tendr\u00e1 lugar el Campeonato de Asturias de descenso BTT,","twitter:creator":"@nbasturias","twitter:image":"https:\/\/candas365.es\/noticias\/wp-content\/uploads\/2016\/06\/fotonoticia_20160618124436_800.jpg","twitter:label1":"Escrito por","twitter:data1":"Cand\u00e1s 365","twitter:label2":"Tiempo de lectura estimado","twitter:data2":"3 minutos"},"aioseo_meta_data":{"post_id":"30650","title":null,"description":null,"keywords":null,"keyphrases":null,"primary_term":null,"canonical_url":null,"og_title":null,"og_description":null,"og_object_type":"default","og_image_type":"default","og_image_url":null,"og_image_width":null,"og_image_height":null,"og_image_custom_url":null,"og_image_custom_fields":null,"og_video":null,"og_custom_url":null,"og_article_section":null,"og_article_tags":null,"twitter_use_og":false,"twitter_card":"default","twitter_image_type":"default","twitter_image_url":null,"twitter_image_custom_url":null,"twitter_image_custom_fields":null,"twitter_title":null,"twitter_description":null,"schema":{"blockGraphs":[],"customGraphs":[],"default":{"data":{"Article":[],"Course":[],"Dataset":[],"FAQPage":[],"Movie":[],"Person":[],"Product":[],"ProductReview":[],"Car":[],"Recipe":[],"Service":[],"SoftwareApplication":[],"WebPage":[]},"graphName":"","isEnabled":true},"graphs":[],"defaultGraph":"","defaultPostTypeGraph":""},"schema_type":null,"schema_type_options":null,"pillar_content":false,"robots_default":true,"robots_noindex":false,"robots_noarchive":false,"robots_nosnippet":false,"robots_nofollow":false,"robots_noimageindex":false,"robots_noodp":false,"robots_notranslate":false,"robots_max_snippet":null,"robots_max_videopreview":null,"robots_max_imagepreview":"large","priority":null,"frequency":null,"location":null,"local_seo":null,"seo_analyzer_scan_date":"2025-08-24 12:49:11","breadcrumb_settings":null,"limit_modified_date":false,"reviewed_by":null,"open_ai":null,"ai":null,"created":"2020-12-21 12:59:12","updated":"2025-08-24 12:49:11"},"aioseo_breadcrumb":"<div class=\"aioseo-breadcrumbs\"><span class=\"aioseo-breadcrumb\">\n\t<a href=\"https:\/\/candas365.es\/noticias\" title=\"Home\">Home<\/a>\n<\/span><span class=\"aioseo-breadcrumb-separator\">&ndash;<\/span><span class=\"aioseo-breadcrumb\">\n\t<a href=\"https:\/\/candas365.es\/noticias\/category\/actualidad\/\" title=\"Actualidad\">Actualidad<\/a>\n<\/span><span class=\"aioseo-breadcrumb-separator\">&ndash;<\/span><span class=\"aioseo-breadcrumb\">\n\tValgrande-Pajares ofrece carreras de monta\u00f1a y rutas de bicicleta en verano\n<\/span><\/div>","aioseo_breadcrumb_json":[{"label":"Home","link":"https:\/\/candas365.es\/noticias"},{"label":"Actualidad","link":"https:\/\/candas365.es\/noticias\/category\/actualidad\/"},{"label":"Valgrande-Pajares ofrece carreras de monta\u00f1a y rutas de bicicleta en verano","link":"https:\/\/candas365.es\/noticias\/valgrande-pajares-ofrece-carreras-de-montana-y-rutas-de-bicicleta-en-verano\/"}],"_links":{"self":[{"href":"https:\/\/candas365.es\/noticias\/wp-json\/wp\/v2\/posts\/30650","targetHints":{"allow":["GET"]}}],"collection":[{"href":"https:\/\/candas365.es\/noticias\/wp-json\/wp\/v2\/posts"}],"about":[{"href":"https:\/\/candas365.es\/noticias\/wp-json\/wp\/v2\/types\/post"}],"author":[{"embeddable":true,"href":"https:\/\/candas365.es\/noticias\/wp-json\/wp\/v2\/users\/1"}],"replies":[{"embeddable":true,"href":"https:\/\/candas365.es\/noticias\/wp-json\/wp\/v2\/comments?post=30650"}],"version-history":[{"count":0,"href":"https:\/\/candas365.es\/noticias\/wp-json\/wp\/v2\/posts\/30650\/revisions"}],"wp:featuredmedia":[{"embeddable":true,"href":"https:\/\/candas365.es\/noticias\/wp-json\/wp\/v2\/media\/30651"}],"wp:attachment":[{"href":"https:\/\/candas365.es\/noticias\/wp-json\/wp\/v2\/media?parent=30650"}],"wp:term":[{"taxonomy":"category","embeddable":true,"href":"https:\/\/candas365.es\/noticias\/wp-json\/wp\/v2\/categories?post=30650"},{"taxonomy":"post_tag","embeddable":true,"href":"https:\/\/candas365.es\/noticias\/wp-json\/wp\/v2\/tags?post=30650"}],"curies":[{"name":"wp","href":"https:\/\/api.w.org\/{rel}","templated":true}]}}