{"id":30642,"date":"2016-06-18T20:53:40","date_gmt":"2016-06-18T19:23:40","guid":{"rendered":"http:\/\/candas365.es\/noticias\/?p=30642"},"modified":"2016-06-18T20:53:49","modified_gmt":"2016-06-18T19:23:49","slug":"iii-jornadas-de-la-ternera-asturiana-del-cebadero-de-las-ubinas-valles-del-oso","status":"publish","type":"post","link":"https:\/\/candas365.es\/noticias\/iii-jornadas-de-la-ternera-asturiana-del-cebadero-de-las-ubinas-valles-del-oso\/","title":{"rendered":"III Jornadas de la Ternera Asturiana del Cebadero de las Ubi\u00f1as-Valles del Oso"},"content":{"rendered":"<p><img fetchpriority=\"high\" decoding=\"async\" class=\"alignleft size-medium wp-image-30643\" src=\"https:\/\/candas365.es\/noticias\/wp-content\/uploads\/2016\/06\/fotonoticia_20160618100338_800-360x194.jpg\" alt=\"fotonoticia_20160618100338_800\" width=\"360\" height=\"194\" srcset=\"https:\/\/candas365.es\/noticias\/wp-content\/uploads\/2016\/06\/fotonoticia_20160618100338_800-360x194.jpg 360w, https:\/\/candas365.es\/noticias\/wp-content\/uploads\/2016\/06\/fotonoticia_20160618100338_800-650x349.jpg 650w, https:\/\/candas365.es\/noticias\/wp-content\/uploads\/2016\/06\/fotonoticia_20160618100338_800-768x413.jpg 768w, https:\/\/candas365.es\/noticias\/wp-content\/uploads\/2016\/06\/fotonoticia_20160618100338_800-150x81.jpg 150w, https:\/\/candas365.es\/noticias\/wp-content\/uploads\/2016\/06\/fotonoticia_20160618100338_800-450x242.jpg 450w, https:\/\/candas365.es\/noticias\/wp-content\/uploads\/2016\/06\/fotonoticia_20160618100338_800-655x352.jpg 655w, https:\/\/candas365.es\/noticias\/wp-content\/uploads\/2016\/06\/fotonoticia_20160618100338_800-696x374.jpg 696w, https:\/\/candas365.es\/noticias\/wp-content\/uploads\/2016\/06\/fotonoticia_20160618100338_800-781x420.jpg 781w, https:\/\/candas365.es\/noticias\/wp-content\/uploads\/2016\/06\/fotonoticia_20160618100338_800-420x225.jpg 420w, https:\/\/candas365.es\/noticias\/wp-content\/uploads\/2016\/06\/fotonoticia_20160618100338_800.jpg 800w\" sizes=\"(max-width: 360px) 100vw, 360px\" \/>Gastronom\u00eda, cultura y naturaleza se dar\u00e1n cita este fin de semana, al igual que el pasado, con motivo de las III Jornadas de la Ternera Asturiana organizadas por el Cebadero de las Ubi\u00f1as-Valles del Oso, en colaboraci\u00f3n con los Ayuntamientos de Lena, Quir\u00f3s, Proaza, Teverga y Santo Adriano y el Consejo Regulador de la I.G.P. Ternera Asturiana.<\/p>\n<p>El Cebadero de las Ubi\u00f1as-Valles del Oso es una instalaci\u00f3n con capacidad para 600 terneros por a\u00f1o, construido por iniciativa del ayuntamiento quirosano y m\u00e1s de 30 ganader\u00edas locales. Al proyecto, que arranc\u00f3 en 2012, se unieron tambi\u00e9n los ayuntamientos lim\u00edtrofes y ha ido consolid\u00e1ndose a lo largo de estos a\u00f1os por la ventajas que ofrece para los ganaderos de la importante caba\u00f1a local de la raza Asturiana de los Valles.<\/p>\n<p>Como explica su Presidente, el ganadero y vicepresidente de la I.G.P. Rub\u00e9n Fern\u00e1ndez, el cebadero sirve para \u00abquitarle trabajo al ganadero durante la \u00e9poca de cebo, ahorrar costes y asegurarse ante los imprevistos. Adem\u00e1s estamos favoreciendo que los terneros se &#8216;terminen&#8217; en Asturias y no tengan que salir a otras comunidades\u00bb.<\/p>\n<p>Para dar a conocer su labor y la calidad de la carne resultante, avalada por el sello de la I.G.P., se celebran cada a\u00f1o las Jornadas de la Ternera Asturiana, que en su tercera edici\u00f3n vienen cargadas de actividades y con una variada y suculenta oferta gastron\u00f3mica.<\/p>\n<p>Una veintena de restaurantes de los concejos de Santo Adriano, Proaza, Quir\u00f3s, Teverga y Lena ofrecer\u00e1n men\u00fas a 20 euros, en los que la Ternera Asturiana ser\u00e1 la protagonista. La m\u00e1s amplia oferta, que va desde guisos tradicionales como el rabo estofado, la ternera asada o las cebollas rellenas de carne, a solomillos, entrecots o chuletas cocinadas al gusto del cliente que prefiera \u00abatacar una pieza\u00bb.<\/p>\n<p>&nbsp;<\/p>\n","protected":false},"excerpt":{"rendered":"<p>Gastronom\u00eda, cultura y naturaleza se dar\u00e1n cita este fin de semana, al igual que el pasado, con motivo de las III Jornadas de la Ternera Asturiana organizadas por el Cebadero de las Ubi\u00f1as-Valles del Oso, en colaboraci\u00f3n con los Ayuntamientos de Lena, Quir\u00f3s, Proaza, Teverga y Santo Adriano y el Consejo Regulador de la I.G.P.<\/p>\n","protected":false},"author":1,"featured_media":30643,"comment_status":"closed","ping_status":"closed","sticky":false,"template":"","format":"standard","meta":{"footnotes":""},"categories":[343],"tags":[],"class_list":{"0":"post-30642","1":"post","2":"type-post","3":"status-publish","4":"format-standard","5":"has-post-thumbnail","7":"category-actualidad"},"aioseo_notices":[],"aioseo_head":"\n\t\t<!-- All in One SEO Pro 4.9.6.2 - aioseo.com -->\n\t<meta name=\"description\" content=\"Gastronom\u00eda, cultura y naturaleza se dar\u00e1n cita este fin de semana, al igual que el pasado, con motivo de las III Jornadas de la Ternera Asturiana organizadas por el Cebadero de las Ubi\u00f1as-Valles del Oso, en colaboraci\u00f3n con los Ayuntamientos de Lena, Quir\u00f3s, Proaza, Teverga y Santo Adriano y el Consejo Regulador de la I.G.P.\" \/>\n\t<meta name=\"robots\" content=\"max-image-preview:large\" \/>\n\t<meta name=\"author\" content=\"Cand\u00e1s 365\"\/>\n\t<meta name=\"google-site-verification\" content=\"UA-32230408-1\" \/>\n\t<meta name=\"msvalidate.01\" content=\"354F3CDFB2DA171B47FBE9ABF1F88D5\" \/>\n\t<meta name=\"keywords\" content=\"actualidad\" \/>\n\t<link rel=\"canonical\" href=\"https:\/\/candas365.es\/noticias\/iii-jornadas-de-la-ternera-asturiana-del-cebadero-de-las-ubinas-valles-del-oso\/\" \/>\n\t<meta name=\"generator\" content=\"All in One SEO Pro (AIOSEO) 4.9.6.2\" \/>\n\t\t<meta property=\"og:locale\" content=\"es_ES\" \/>\n\t\t<meta property=\"og:site_name\" content=\"Cand\u00e1s 365\" \/>\n\t\t<meta property=\"og:type\" content=\"article\" \/>\n\t\t<meta property=\"og:title\" content=\"III Jornadas de la Ternera Asturiana del Cebadero de las Ubi\u00f1as-Valles del Oso | Cand\u00e1s 365\" \/>\n\t\t<meta property=\"og:description\" content=\"Gastronom\u00eda, cultura y naturaleza se dar\u00e1n cita este fin de semana, al igual que el pasado, con motivo de las III Jornadas de la Ternera Asturiana organizadas por el Cebadero de las Ubi\u00f1as-Valles del Oso, en colaboraci\u00f3n con los Ayuntamientos de Lena, Quir\u00f3s, Proaza, Teverga y Santo Adriano y el Consejo Regulador de la I.G.P.\" \/>\n\t\t<meta property=\"og:url\" content=\"https:\/\/candas365.es\/noticias\/iii-jornadas-de-la-ternera-asturiana-del-cebadero-de-las-ubinas-valles-del-oso\/\" \/>\n\t\t<meta property=\"og:image\" content=\"https:\/\/candas365.es\/noticias\/wp-content\/uploads\/2016\/06\/fotonoticia_20160618100338_800.jpg\" \/>\n\t\t<meta property=\"og:image:secure_url\" content=\"https:\/\/candas365.es\/noticias\/wp-content\/uploads\/2016\/06\/fotonoticia_20160618100338_800.jpg\" \/>\n\t\t<meta property=\"og:image:width\" content=\"800\" \/>\n\t\t<meta property=\"og:image:height\" content=\"430\" \/>\n\t\t<meta property=\"article:published_time\" content=\"2016-06-18T19:23:40+00:00\" \/>\n\t\t<meta property=\"article:modified_time\" content=\"2016-06-18T19:23:49+00:00\" \/>\n\t\t<meta property=\"article:publisher\" content=\"https:\/\/www.facebook.com\/Nachofdezber\" \/>\n\t\t<meta property=\"article:author\" content=\"https:\/\/www.facebook.com\/carrenoactualidad\" \/>\n\t\t<meta name=\"twitter:card\" content=\"summary_large_image\" \/>\n\t\t<meta name=\"twitter:site\" content=\"@NabercoDigital\" \/>\n\t\t<meta name=\"twitter:title\" content=\"III Jornadas de la Ternera Asturiana del Cebadero de las Ubi\u00f1as-Valles del Oso | Cand\u00e1s 365\" \/>\n\t\t<meta name=\"twitter:description\" content=\"Gastronom\u00eda, cultura y naturaleza se dar\u00e1n cita este fin de semana, al igual que el pasado, con motivo de las III Jornadas de la Ternera Asturiana organizadas por el Cebadero de las Ubi\u00f1as-Valles del Oso, en colaboraci\u00f3n con los Ayuntamientos de Lena, Quir\u00f3s, Proaza, Teverga y Santo Adriano y el Consejo Regulador de la I.G.P.\" \/>\n\t\t<meta name=\"twitter:creator\" content=\"@nbasturias\" \/>\n\t\t<meta name=\"twitter:image\" content=\"https:\/\/candas365.es\/noticias\/wp-content\/uploads\/2016\/06\/fotonoticia_20160618100338_800.jpg\" \/>\n\t\t<meta name=\"twitter:label1\" content=\"Escrito por\" \/>\n\t\t<meta name=\"twitter:data1\" content=\"Cand\u00e1s 365\" \/>\n\t\t<meta name=\"twitter:label2\" content=\"Tiempo de lectura estimado\" \/>\n\t\t<meta name=\"twitter:data2\" content=\"2 minutos\" \/>\n\t\t<script type=\"application\/ld+json\" class=\"aioseo-schema\">\n\t\t\t{\"@context\":\"https:\\\/\\\/schema.org\",\"@graph\":[{\"@type\":\"BreadcrumbList\",\"@id\":\"https:\\\/\\\/candas365.es\\\/noticias\\\/iii-jornadas-de-la-ternera-asturiana-del-cebadero-de-las-ubinas-valles-del-oso\\\/#breadcrumblist\",\"itemListElement\":[{\"@type\":\"ListItem\",\"@id\":\"https:\\\/\\\/candas365.es\\\/noticias#listItem\",\"position\":1,\"name\":\"Home\",\"item\":\"https:\\\/\\\/candas365.es\\\/noticias\",\"nextItem\":{\"@type\":\"ListItem\",\"@id\":\"https:\\\/\\\/candas365.es\\\/noticias\\\/category\\\/actualidad\\\/#listItem\",\"name\":\"Actualidad\"}},{\"@type\":\"ListItem\",\"@id\":\"https:\\\/\\\/candas365.es\\\/noticias\\\/category\\\/actualidad\\\/#listItem\",\"position\":2,\"name\":\"Actualidad\",\"item\":\"https:\\\/\\\/candas365.es\\\/noticias\\\/category\\\/actualidad\\\/\",\"nextItem\":{\"@type\":\"ListItem\",\"@id\":\"https:\\\/\\\/candas365.es\\\/noticias\\\/iii-jornadas-de-la-ternera-asturiana-del-cebadero-de-las-ubinas-valles-del-oso\\\/#listItem\",\"name\":\"III Jornadas de la Ternera Asturiana del Cebadero de las Ubi\\u00f1as-Valles del Oso\"},\"previousItem\":{\"@type\":\"ListItem\",\"@id\":\"https:\\\/\\\/candas365.es\\\/noticias#listItem\",\"name\":\"Home\"}},{\"@type\":\"ListItem\",\"@id\":\"https:\\\/\\\/candas365.es\\\/noticias\\\/iii-jornadas-de-la-ternera-asturiana-del-cebadero-de-las-ubinas-valles-del-oso\\\/#listItem\",\"position\":3,\"name\":\"III Jornadas de la Ternera Asturiana del Cebadero de las Ubi\\u00f1as-Valles del Oso\",\"previousItem\":{\"@type\":\"ListItem\",\"@id\":\"https:\\\/\\\/candas365.es\\\/noticias\\\/category\\\/actualidad\\\/#listItem\",\"name\":\"Actualidad\"}}]},{\"@type\":\"NewsArticle\",\"@id\":\"https:\\\/\\\/candas365.es\\\/noticias\\\/iii-jornadas-de-la-ternera-asturiana-del-cebadero-de-las-ubinas-valles-del-oso\\\/#newsarticle\",\"name\":\"III Jornadas de la Ternera Asturiana del Cebadero de las Ubi\\u00f1as-Valles del Oso | Cand\\u00e1s 365\",\"headline\":\"III Jornadas de la Ternera Asturiana del Cebadero de las Ubi\\u00f1as-Valles del Oso\",\"author\":{\"@id\":\"https:\\\/\\\/candas365.es\\\/noticias\\\/author\\\/admin\\\/#author\"},\"publisher\":{\"@id\":\"https:\\\/\\\/candas365.es\\\/noticias\\\/#organization\"},\"image\":{\"@type\":\"ImageObject\",\"url\":\"https:\\\/\\\/candas365.es\\\/noticias\\\/wp-content\\\/uploads\\\/2016\\\/06\\\/fotonoticia_20160618100338_800.jpg\",\"width\":800,\"height\":430},\"datePublished\":\"2016-06-18T20:53:40+02:00\",\"dateModified\":\"2016-06-18T20:53:49+02:00\",\"inLanguage\":\"es-ES\",\"mainEntityOfPage\":{\"@id\":\"https:\\\/\\\/candas365.es\\\/noticias\\\/iii-jornadas-de-la-ternera-asturiana-del-cebadero-de-las-ubinas-valles-del-oso\\\/#webpage\"},\"isPartOf\":{\"@id\":\"https:\\\/\\\/candas365.es\\\/noticias\\\/iii-jornadas-de-la-ternera-asturiana-del-cebadero-de-las-ubinas-valles-del-oso\\\/#webpage\"},\"articleSection\":\"Actualidad\",\"dateline\":\"Publicado el junio 18, 2016.\"},{\"@type\":\"Organization\",\"@id\":\"https:\\\/\\\/candas365.es\\\/noticias\\\/#organization\",\"name\":\"Cand\\u00e1s 365\",\"description\":\"Cand\\u00e1s 365 es un diario digital independiente, fundado en 2012, con base en Asturias. Informamos con rigor sobre actualidad, sociedad, cultura y ocio, con una mirada local y global.\",\"url\":\"https:\\\/\\\/candas365.es\\\/noticias\\\/\",\"email\":\"info@candas365.es\",\"telephone\":\"+34652131393\",\"foundingDate\":\"2012-06-10\",\"logo\":{\"@type\":\"ImageObject\",\"url\":\"https:\\\/\\\/candas365.es\\\/noticias\\\/wp-content\\\/uploads\\\/2024\\\/09\\\/Candas-365-Redes.jpg\",\"@id\":\"https:\\\/\\\/candas365.es\\\/noticias\\\/iii-jornadas-de-la-ternera-asturiana-del-cebadero-de-las-ubinas-valles-del-oso\\\/#organizationLogo\",\"width\":1152,\"height\":864,\"caption\":\"Cand\\u00e1s 365 Redes\"},\"image\":{\"@id\":\"https:\\\/\\\/candas365.es\\\/noticias\\\/iii-jornadas-de-la-ternera-asturiana-del-cebadero-de-las-ubinas-valles-del-oso\\\/#organizationLogo\"},\"sameAs\":[\"https:\\\/\\\/www.facebook.com\\\/Nachofdezber\",\"https:\\\/\\\/x.com\\\/NabercoDigital\",\"https:\\\/\\\/www.instagram.com\\\/nachofdezber\\\/\",\"https:\\\/\\\/www.youtube.com\\\/channel\\\/UCZP-2wLEB9Rv6erhFmqVnvg\"],\"address\":{\"@id\":\"https:\\\/\\\/candas365.es\\\/noticias\\\/#postaladdress\",\"@type\":\"PostalAddress\",\"streetAddress\":\"san antonio 4, san antonio 4\",\"postalCode\":\"33430\",\"addressLocality\":\"Cand\\u00e1s\",\"addressRegion\":\"Asturias\",\"addressCountry\":\"ES\"}},{\"@type\":\"Person\",\"@id\":\"https:\\\/\\\/candas365.es\\\/noticias\\\/author\\\/admin\\\/#author\",\"url\":\"https:\\\/\\\/candas365.es\\\/noticias\\\/author\\\/admin\\\/\",\"name\":\"Cand\\u00e1s 365\",\"image\":{\"@type\":\"ImageObject\",\"@id\":\"https:\\\/\\\/candas365.es\\\/noticias\\\/iii-jornadas-de-la-ternera-asturiana-del-cebadero-de-las-ubinas-valles-del-oso\\\/#authorImage\",\"url\":\"https:\\\/\\\/secure.gravatar.com\\\/avatar\\\/496a8e03d0c493ede1718b7934145dbdf8d89be1036b0eec9544e1094c9de390?s=96&d=mm&r=g\",\"width\":96,\"height\":96,\"caption\":\"Cand\\u00e1s 365\"},\"sameAs\":[\"https:\\\/\\\/www.facebook.com\\\/carrenoactualidad\",\"https:\\\/\\\/twitter.com\\\/nbasturias\",\"https:\\\/\\\/www.instagram.com\\\/nachofdezber\\\/\",\"https:\\\/\\\/www.youtube.com\\\/channel\\\/UCZP-2wLEB9Rv6erhFmqVnvg\"]},{\"@type\":\"WebPage\",\"@id\":\"https:\\\/\\\/candas365.es\\\/noticias\\\/iii-jornadas-de-la-ternera-asturiana-del-cebadero-de-las-ubinas-valles-del-oso\\\/#webpage\",\"url\":\"https:\\\/\\\/candas365.es\\\/noticias\\\/iii-jornadas-de-la-ternera-asturiana-del-cebadero-de-las-ubinas-valles-del-oso\\\/\",\"name\":\"III Jornadas de la Ternera Asturiana del Cebadero de las Ubi\\u00f1as-Valles del Oso | Cand\\u00e1s 365\",\"description\":\"Gastronom\\u00eda, cultura y naturaleza se dar\\u00e1n cita este fin de semana, al igual que el pasado, con motivo de las III Jornadas de la Ternera Asturiana organizadas por el Cebadero de las Ubi\\u00f1as-Valles del Oso, en colaboraci\\u00f3n con los Ayuntamientos de Lena, Quir\\u00f3s, Proaza, Teverga y Santo Adriano y el Consejo Regulador de la I.G.P.\",\"inLanguage\":\"es-ES\",\"isPartOf\":{\"@id\":\"https:\\\/\\\/candas365.es\\\/noticias\\\/#website\"},\"breadcrumb\":{\"@id\":\"https:\\\/\\\/candas365.es\\\/noticias\\\/iii-jornadas-de-la-ternera-asturiana-del-cebadero-de-las-ubinas-valles-del-oso\\\/#breadcrumblist\"},\"author\":{\"@id\":\"https:\\\/\\\/candas365.es\\\/noticias\\\/author\\\/admin\\\/#author\"},\"creator\":{\"@id\":\"https:\\\/\\\/candas365.es\\\/noticias\\\/author\\\/admin\\\/#author\"},\"image\":{\"@type\":\"ImageObject\",\"url\":\"https:\\\/\\\/candas365.es\\\/noticias\\\/wp-content\\\/uploads\\\/2016\\\/06\\\/fotonoticia_20160618100338_800.jpg\",\"@id\":\"https:\\\/\\\/candas365.es\\\/noticias\\\/iii-jornadas-de-la-ternera-asturiana-del-cebadero-de-las-ubinas-valles-del-oso\\\/#mainImage\",\"width\":800,\"height\":430},\"primaryImageOfPage\":{\"@id\":\"https:\\\/\\\/candas365.es\\\/noticias\\\/iii-jornadas-de-la-ternera-asturiana-del-cebadero-de-las-ubinas-valles-del-oso\\\/#mainImage\"},\"datePublished\":\"2016-06-18T20:53:40+02:00\",\"dateModified\":\"2016-06-18T20:53:49+02:00\"},{\"@type\":\"WebSite\",\"@id\":\"https:\\\/\\\/candas365.es\\\/noticias\\\/#website\",\"url\":\"https:\\\/\\\/candas365.es\\\/noticias\\\/\",\"name\":\"Cand\\u00e1s 365\",\"alternateName\":\"Cand\\u00e1s 365 Noticias\",\"description\":\"Actualidad desde Carre\\u00f1o para el mundo\",\"inLanguage\":\"es-ES\",\"publisher\":{\"@id\":\"https:\\\/\\\/candas365.es\\\/noticias\\\/#organization\"}}]}\n\t\t<\/script>\n\t\t<!-- All in One SEO Pro -->\r\n\t\t<title>III Jornadas de la Ternera Asturiana del Cebadero de las Ubi\u00f1as-Valles del Oso | Cand\u00e1s 365<\/title>\n\n","aioseo_head_json":{"title":"III Jornadas de la Ternera Asturiana del Cebadero de las Ubi\u00f1as-Valles del Oso | Cand\u00e1s 365","description":"Gastronom\u00eda, cultura y naturaleza se dar\u00e1n cita este fin de semana, al igual que el pasado, con motivo de las III Jornadas de la Ternera Asturiana organizadas por el Cebadero de las Ubi\u00f1as-Valles del Oso, en colaboraci\u00f3n con los Ayuntamientos de Lena, Quir\u00f3s, Proaza, Teverga y Santo Adriano y el Consejo Regulador de la I.G.P.","canonical_url":"https:\/\/candas365.es\/noticias\/iii-jornadas-de-la-ternera-asturiana-del-cebadero-de-las-ubinas-valles-del-oso\/","robots":"max-image-preview:large","keywords":"actualidad","webmasterTools":{"google-site-verification":"UA-32230408-1","msvalidate.01":"354F3CDFB2DA171B47FBE9ABF1F88D5","miscellaneous":""},"schema":{"@context":"https:\/\/schema.org","@graph":[{"@type":"BreadcrumbList","@id":"https:\/\/candas365.es\/noticias\/iii-jornadas-de-la-ternera-asturiana-del-cebadero-de-las-ubinas-valles-del-oso\/#breadcrumblist","itemListElement":[{"@type":"ListItem","@id":"https:\/\/candas365.es\/noticias#listItem","position":1,"name":"Home","item":"https:\/\/candas365.es\/noticias","nextItem":{"@type":"ListItem","@id":"https:\/\/candas365.es\/noticias\/category\/actualidad\/#listItem","name":"Actualidad"}},{"@type":"ListItem","@id":"https:\/\/candas365.es\/noticias\/category\/actualidad\/#listItem","position":2,"name":"Actualidad","item":"https:\/\/candas365.es\/noticias\/category\/actualidad\/","nextItem":{"@type":"ListItem","@id":"https:\/\/candas365.es\/noticias\/iii-jornadas-de-la-ternera-asturiana-del-cebadero-de-las-ubinas-valles-del-oso\/#listItem","name":"III Jornadas de la Ternera Asturiana del Cebadero de las Ubi\u00f1as-Valles del Oso"},"previousItem":{"@type":"ListItem","@id":"https:\/\/candas365.es\/noticias#listItem","name":"Home"}},{"@type":"ListItem","@id":"https:\/\/candas365.es\/noticias\/iii-jornadas-de-la-ternera-asturiana-del-cebadero-de-las-ubinas-valles-del-oso\/#listItem","position":3,"name":"III Jornadas de la Ternera Asturiana del Cebadero de las Ubi\u00f1as-Valles del Oso","previousItem":{"@type":"ListItem","@id":"https:\/\/candas365.es\/noticias\/category\/actualidad\/#listItem","name":"Actualidad"}}]},{"@type":"NewsArticle","@id":"https:\/\/candas365.es\/noticias\/iii-jornadas-de-la-ternera-asturiana-del-cebadero-de-las-ubinas-valles-del-oso\/#newsarticle","name":"III Jornadas de la Ternera Asturiana del Cebadero de las Ubi\u00f1as-Valles del Oso | Cand\u00e1s 365","headline":"III Jornadas de la Ternera Asturiana del Cebadero de las Ubi\u00f1as-Valles del Oso","author":{"@id":"https:\/\/candas365.es\/noticias\/author\/admin\/#author"},"publisher":{"@id":"https:\/\/candas365.es\/noticias\/#organization"},"image":{"@type":"ImageObject","url":"https:\/\/candas365.es\/noticias\/wp-content\/uploads\/2016\/06\/fotonoticia_20160618100338_800.jpg","width":800,"height":430},"datePublished":"2016-06-18T20:53:40+02:00","dateModified":"2016-06-18T20:53:49+02:00","inLanguage":"es-ES","mainEntityOfPage":{"@id":"https:\/\/candas365.es\/noticias\/iii-jornadas-de-la-ternera-asturiana-del-cebadero-de-las-ubinas-valles-del-oso\/#webpage"},"isPartOf":{"@id":"https:\/\/candas365.es\/noticias\/iii-jornadas-de-la-ternera-asturiana-del-cebadero-de-las-ubinas-valles-del-oso\/#webpage"},"articleSection":"Actualidad","dateline":"Publicado el junio 18, 2016."},{"@type":"Organization","@id":"https:\/\/candas365.es\/noticias\/#organization","name":"Cand\u00e1s 365","description":"Cand\u00e1s 365 es un diario digital independiente, fundado en 2012, con base en Asturias. Informamos con rigor sobre actualidad, sociedad, cultura y ocio, con una mirada local y global.","url":"https:\/\/candas365.es\/noticias\/","email":"info@candas365.es","telephone":"+34652131393","foundingDate":"2012-06-10","logo":{"@type":"ImageObject","url":"https:\/\/candas365.es\/noticias\/wp-content\/uploads\/2024\/09\/Candas-365-Redes.jpg","@id":"https:\/\/candas365.es\/noticias\/iii-jornadas-de-la-ternera-asturiana-del-cebadero-de-las-ubinas-valles-del-oso\/#organizationLogo","width":1152,"height":864,"caption":"Cand\u00e1s 365 Redes"},"image":{"@id":"https:\/\/candas365.es\/noticias\/iii-jornadas-de-la-ternera-asturiana-del-cebadero-de-las-ubinas-valles-del-oso\/#organizationLogo"},"sameAs":["https:\/\/www.facebook.com\/Nachofdezber","https:\/\/x.com\/NabercoDigital","https:\/\/www.instagram.com\/nachofdezber\/","https:\/\/www.youtube.com\/channel\/UCZP-2wLEB9Rv6erhFmqVnvg"],"address":{"@id":"https:\/\/candas365.es\/noticias\/#postaladdress","@type":"PostalAddress","streetAddress":"san antonio 4, san antonio 4","postalCode":"33430","addressLocality":"Cand\u00e1s","addressRegion":"Asturias","addressCountry":"ES"}},{"@type":"Person","@id":"https:\/\/candas365.es\/noticias\/author\/admin\/#author","url":"https:\/\/candas365.es\/noticias\/author\/admin\/","name":"Cand\u00e1s 365","image":{"@type":"ImageObject","@id":"https:\/\/candas365.es\/noticias\/iii-jornadas-de-la-ternera-asturiana-del-cebadero-de-las-ubinas-valles-del-oso\/#authorImage","url":"https:\/\/secure.gravatar.com\/avatar\/496a8e03d0c493ede1718b7934145dbdf8d89be1036b0eec9544e1094c9de390?s=96&d=mm&r=g","width":96,"height":96,"caption":"Cand\u00e1s 365"},"sameAs":["https:\/\/www.facebook.com\/carrenoactualidad","https:\/\/twitter.com\/nbasturias","https:\/\/www.instagram.com\/nachofdezber\/","https:\/\/www.youtube.com\/channel\/UCZP-2wLEB9Rv6erhFmqVnvg"]},{"@type":"WebPage","@id":"https:\/\/candas365.es\/noticias\/iii-jornadas-de-la-ternera-asturiana-del-cebadero-de-las-ubinas-valles-del-oso\/#webpage","url":"https:\/\/candas365.es\/noticias\/iii-jornadas-de-la-ternera-asturiana-del-cebadero-de-las-ubinas-valles-del-oso\/","name":"III Jornadas de la Ternera Asturiana del Cebadero de las Ubi\u00f1as-Valles del Oso | Cand\u00e1s 365","description":"Gastronom\u00eda, cultura y naturaleza se dar\u00e1n cita este fin de semana, al igual que el pasado, con motivo de las III Jornadas de la Ternera Asturiana organizadas por el Cebadero de las Ubi\u00f1as-Valles del Oso, en colaboraci\u00f3n con los Ayuntamientos de Lena, Quir\u00f3s, Proaza, Teverga y Santo Adriano y el Consejo Regulador de la I.G.P.","inLanguage":"es-ES","isPartOf":{"@id":"https:\/\/candas365.es\/noticias\/#website"},"breadcrumb":{"@id":"https:\/\/candas365.es\/noticias\/iii-jornadas-de-la-ternera-asturiana-del-cebadero-de-las-ubinas-valles-del-oso\/#breadcrumblist"},"author":{"@id":"https:\/\/candas365.es\/noticias\/author\/admin\/#author"},"creator":{"@id":"https:\/\/candas365.es\/noticias\/author\/admin\/#author"},"image":{"@type":"ImageObject","url":"https:\/\/candas365.es\/noticias\/wp-content\/uploads\/2016\/06\/fotonoticia_20160618100338_800.jpg","@id":"https:\/\/candas365.es\/noticias\/iii-jornadas-de-la-ternera-asturiana-del-cebadero-de-las-ubinas-valles-del-oso\/#mainImage","width":800,"height":430},"primaryImageOfPage":{"@id":"https:\/\/candas365.es\/noticias\/iii-jornadas-de-la-ternera-asturiana-del-cebadero-de-las-ubinas-valles-del-oso\/#mainImage"},"datePublished":"2016-06-18T20:53:40+02:00","dateModified":"2016-06-18T20:53:49+02:00"},{"@type":"WebSite","@id":"https:\/\/candas365.es\/noticias\/#website","url":"https:\/\/candas365.es\/noticias\/","name":"Cand\u00e1s 365","alternateName":"Cand\u00e1s 365 Noticias","description":"Actualidad desde Carre\u00f1o para el mundo","inLanguage":"es-ES","publisher":{"@id":"https:\/\/candas365.es\/noticias\/#organization"}}]},"og:locale":"es_ES","og:site_name":"Cand\u00e1s 365","og:type":"article","og:title":"III Jornadas de la Ternera Asturiana del Cebadero de las Ubi\u00f1as-Valles del Oso | Cand\u00e1s 365","og:description":"Gastronom\u00eda, cultura y naturaleza se dar\u00e1n cita este fin de semana, al igual que el pasado, con motivo de las III Jornadas de la Ternera Asturiana organizadas por el Cebadero de las Ubi\u00f1as-Valles del Oso, en colaboraci\u00f3n con los Ayuntamientos de Lena, Quir\u00f3s, Proaza, Teverga y Santo Adriano y el Consejo Regulador de la I.G.P.","og:url":"https:\/\/candas365.es\/noticias\/iii-jornadas-de-la-ternera-asturiana-del-cebadero-de-las-ubinas-valles-del-oso\/","og:image":"https:\/\/candas365.es\/noticias\/wp-content\/uploads\/2016\/06\/fotonoticia_20160618100338_800.jpg","og:image:secure_url":"https:\/\/candas365.es\/noticias\/wp-content\/uploads\/2016\/06\/fotonoticia_20160618100338_800.jpg","og:image:width":800,"og:image:height":430,"article:published_time":"2016-06-18T19:23:40+00:00","article:modified_time":"2016-06-18T19:23:49+00:00","article:publisher":"https:\/\/www.facebook.com\/Nachofdezber","article:author":"https:\/\/www.facebook.com\/carrenoactualidad","twitter:card":"summary_large_image","twitter:site":"@NabercoDigital","twitter:title":"III Jornadas de la Ternera Asturiana del Cebadero de las Ubi\u00f1as-Valles del Oso | Cand\u00e1s 365","twitter:description":"Gastronom\u00eda, cultura y naturaleza se dar\u00e1n cita este fin de semana, al igual que el pasado, con motivo de las III Jornadas de la Ternera Asturiana organizadas por el Cebadero de las Ubi\u00f1as-Valles del Oso, en colaboraci\u00f3n con los Ayuntamientos de Lena, Quir\u00f3s, Proaza, Teverga y Santo Adriano y el Consejo Regulador de la I.G.P.","twitter:creator":"@nbasturias","twitter:image":"https:\/\/candas365.es\/noticias\/wp-content\/uploads\/2016\/06\/fotonoticia_20160618100338_800.jpg","twitter:label1":"Escrito por","twitter:data1":"Cand\u00e1s 365","twitter:label2":"Tiempo de lectura estimado","twitter:data2":"2 minutos"},"aioseo_meta_data":{"post_id":"30642","title":null,"description":null,"keywords":null,"keyphrases":null,"primary_term":null,"canonical_url":null,"og_title":null,"og_description":null,"og_object_type":"default","og_image_type":"default","og_image_url":null,"og_image_width":null,"og_image_height":null,"og_image_custom_url":null,"og_image_custom_fields":null,"og_video":null,"og_custom_url":null,"og_article_section":null,"og_article_tags":null,"twitter_use_og":false,"twitter_card":"default","twitter_image_type":"default","twitter_image_url":null,"twitter_image_custom_url":null,"twitter_image_custom_fields":null,"twitter_title":null,"twitter_description":null,"schema":{"blockGraphs":[],"customGraphs":[],"default":{"data":{"Article":[],"Course":[],"Dataset":[],"FAQPage":[],"Movie":[],"Person":[],"Product":[],"ProductReview":[],"Car":[],"Recipe":[],"Service":[],"SoftwareApplication":[],"WebPage":[]},"graphName":"","isEnabled":true},"graphs":[],"defaultGraph":"","defaultPostTypeGraph":""},"schema_type":null,"schema_type_options":null,"pillar_content":false,"robots_default":true,"robots_noindex":false,"robots_noarchive":false,"robots_nosnippet":false,"robots_nofollow":false,"robots_noimageindex":false,"robots_noodp":false,"robots_notranslate":false,"robots_max_snippet":null,"robots_max_videopreview":null,"robots_max_imagepreview":"large","priority":null,"frequency":null,"location":null,"local_seo":null,"seo_analyzer_scan_date":"2025-08-24 12:48:23","breadcrumb_settings":null,"limit_modified_date":false,"reviewed_by":null,"open_ai":null,"ai":null,"created":"2020-12-21 12:59:12","updated":"2025-08-24 12:48:23"},"aioseo_breadcrumb":"<div class=\"aioseo-breadcrumbs\"><span class=\"aioseo-breadcrumb\">\n\t<a href=\"https:\/\/candas365.es\/noticias\" title=\"Home\">Home<\/a>\n<\/span><span class=\"aioseo-breadcrumb-separator\">&ndash;<\/span><span class=\"aioseo-breadcrumb\">\n\t<a href=\"https:\/\/candas365.es\/noticias\/category\/actualidad\/\" title=\"Actualidad\">Actualidad<\/a>\n<\/span><span class=\"aioseo-breadcrumb-separator\">&ndash;<\/span><span class=\"aioseo-breadcrumb\">\n\tIII Jornadas de la Ternera Asturiana del Cebadero de las Ubi\u00f1as-Valles del Oso\n<\/span><\/div>","aioseo_breadcrumb_json":[{"label":"Home","link":"https:\/\/candas365.es\/noticias"},{"label":"Actualidad","link":"https:\/\/candas365.es\/noticias\/category\/actualidad\/"},{"label":"III Jornadas de la Ternera Asturiana del Cebadero de las Ubi\u00f1as-Valles del Oso","link":"https:\/\/candas365.es\/noticias\/iii-jornadas-de-la-ternera-asturiana-del-cebadero-de-las-ubinas-valles-del-oso\/"}],"_links":{"self":[{"href":"https:\/\/candas365.es\/noticias\/wp-json\/wp\/v2\/posts\/30642","targetHints":{"allow":["GET"]}}],"collection":[{"href":"https:\/\/candas365.es\/noticias\/wp-json\/wp\/v2\/posts"}],"about":[{"href":"https:\/\/candas365.es\/noticias\/wp-json\/wp\/v2\/types\/post"}],"author":[{"embeddable":true,"href":"https:\/\/candas365.es\/noticias\/wp-json\/wp\/v2\/users\/1"}],"replies":[{"embeddable":true,"href":"https:\/\/candas365.es\/noticias\/wp-json\/wp\/v2\/comments?post=30642"}],"version-history":[{"count":0,"href":"https:\/\/candas365.es\/noticias\/wp-json\/wp\/v2\/posts\/30642\/revisions"}],"wp:featuredmedia":[{"embeddable":true,"href":"https:\/\/candas365.es\/noticias\/wp-json\/wp\/v2\/media\/30643"}],"wp:attachment":[{"href":"https:\/\/candas365.es\/noticias\/wp-json\/wp\/v2\/media?parent=30642"}],"wp:term":[{"taxonomy":"category","embeddable":true,"href":"https:\/\/candas365.es\/noticias\/wp-json\/wp\/v2\/categories?post=30642"},{"taxonomy":"post_tag","embeddable":true,"href":"https:\/\/candas365.es\/noticias\/wp-json\/wp\/v2\/tags?post=30642"}],"curies":[{"name":"wp","href":"https:\/\/api.w.org\/{rel}","templated":true}]}}