{"id":30595,"date":"2016-06-17T22:36:52","date_gmt":"2016-06-17T21:06:52","guid":{"rendered":"http:\/\/candas365.es\/noticias\/?p=30595"},"modified":"2016-06-17T22:36:52","modified_gmt":"2016-06-17T21:06:52","slug":"arriba-falta-algo-alemania-suspira-por-sus-delanteros","status":"publish","type":"post","link":"https:\/\/candas365.es\/noticias\/arriba-falta-algo-alemania-suspira-por-sus-delanteros\/","title":{"rendered":"\u00abArriba falta algo\u00bb: Alemania suspira por sus delanteros"},"content":{"rendered":"<p>\u00c9vian-les Bains (Francia), 17 jun (dpa) &#8211; Ning\u00fan gol y muy poco peligro: la delantera de la selecci\u00f3n alemana de f\u00fatbol qued\u00f3 hoy en el punto de mira de la cr\u00edtica despu\u00e9s del empate sin goles ante Polonia en la Eurocopa de Francia.<\/p>\n<p>\u00abNo pusimos en aprietos al rival, no fuimos peligrosos. No ganamos ninguna situaci\u00f3n de uno contra uno en el ataque\u00bb, analiz\u00f3 con altas dosis de autocr\u00edtica el defensor alem\u00e1n Jerome Boateng tras el 0-0 en el Stade de France.<\/p>\n<p>La l\u00ednea ofensiva dise\u00f1ada por Joachim L\u00f6w para doblegar la defensa polaca estuvo formada por Mario G\u00f6tze, Thomas M\u00fcller, Mesut \u00d6zil y Julian Draxler.<\/p>\n<p>Fue la misma que ya tuvo problemas ante Ucrania, a la que venci\u00f3 2-0 con tantos de Shkodran Mustafi, central, y de Bastian Schweinsteiger, centrocampista. El segundo gol, el de la tranquilidad, lleg\u00f3 adem\u00e1s en el \u00faltimo suspiro.<\/p>\n<p>\u00abEn la l\u00ednea de arriba nos falta algo\u00bb, asegur\u00f3 el centrocampista Toni Kroos tras el segundo partido de Alemania en la Eurocopa.<\/p>\n<p>Es la primera vez desde la Eurocopa de Portugal 2004, cuando Alemania se estrell\u00f3 en la fase de grupos, que ning\u00fan delantero germano ve puerta en las dos primeras jornadas de una Eurocopa. Una se\u00f1al de alarma para los actuales campeones del mundo.<\/p>\n<p>Ante Ucrania los goles no llegaron por jugadas trenzadas y masticadas. Mustafi marc\u00f3 de cabeza al lanzamiento de una falta y Schweinsteiger culmin\u00f3 un r\u00e1pido contragolpe tras un centro de \u00d6zil desde la banda izquierda.<\/p>\n<p>\u00abNo me preocupa el hecho de que a\u00fan no haya marcado un gol en la Eurocopa. Me preocupa mucho m\u00e1s que en dos partidos no haya generado con el equipo ninguna oportunidad buena. Eso es lo que nos deber\u00eda angustiar\u00bb, analiz\u00f3 M\u00fcller en las catacumbas de Saint-Denis.<\/p>\n<p>El delantero del Bayern marc\u00f3 cinco goles en el Mundial de Sud\u00e1frica 2010 y otros cinco tantos en Brasil 2014. Hace seis a\u00f1os anot\u00f3 en su debut ante Australia (4-0) y cuatro a\u00f1os m\u00e1s tarde inici\u00f3 el Mundial brasile\u00f1o con un \u00abhat-trick\u00bb ante Portugal (4-0). En Francia, sin embargo, M\u00fcller arranc\u00f3 con la p\u00f3lvora mojada, algo que ya le ocurri\u00f3 en la Eurocopa de 2012.<\/p>\n<p>Ante Polonia, los alemanes apenas disfrutaron de dos ocasiones claras de gol, una de Kroos y otra de \u00d6zil. \u00abJugaron con 20 futbolistas atr\u00e1s\u00bb, se quej\u00f3 Kroos, mediocampista del Real Madrid.<\/p>\n<p>A \u00d6zil le falt\u00f3 la genialidad que casi siempre destila, a M\u00fcller mordiente, a G\u00f6tze encarar a porter\u00eda y a Draxler oportunismo de delantero.<\/p>\n<p>L\u00f6w defendi\u00f3 su decisi\u00f3n de apostar por los \u00abbajitos\u00bb y dejar a Mario G\u00f3mez en el banquillo de inicio. \u00abDesde el punto de vista de la estrategia estaba claro que jugaba Mario G\u00f6tze. Contra un equipo como Polonia tienes que tener la pelota sobre el c\u00e9sped, no puedes jugar con balones a\u00e9reos\u00bb, dijo L\u00f6w para justificar su elecci\u00f3n del \u00abfalso nueve\u00bb. La entrada de G\u00f3mez en la segunda parte no cambio nada el panorama.<\/p>\n<p>El debate de los \u00abMario\u00bb seguramente crezca seg\u00fan se acerque el \u00faltimo partido de la fase de grupos, el martes ante Irlanda del Norte en el Parque de los Pr\u00edncipes de Par\u00eds.<\/p>\n<p>\u00abDejemos que L\u00f6w haga su trabajo, har\u00e1 lo correcto\u00bb, opin\u00f3 G\u00f3mez, aunque indic\u00f3 el camino a seguir para marcar: \u00abTenemos que atacar con m\u00e1s firmeza y morder m\u00e1s en la delantera\u00bb.<\/p>\n<p><span class=\" readonly\" title=\"\"><em>Por Klaus Bergmann y Christian Kunz <\/em><\/span><\/p>\n<p>&nbsp;<\/p>\n","protected":false},"excerpt":{"rendered":"<p>\u00c9vian-les Bains (Francia), 17 jun (dpa) &#8211; Ning\u00fan gol y muy poco peligro: la delantera de la selecci\u00f3n alemana de f\u00fatbol qued\u00f3 hoy en el punto de mira de la cr\u00edtica despu\u00e9s del empate sin goles ante Polonia en la Eurocopa de Francia. \u00abNo pusimos en aprietos al rival, no fuimos peligrosos. No ganamos ninguna<\/p>\n","protected":false},"author":1,"featured_media":29884,"comment_status":"closed","ping_status":"closed","sticky":false,"template":"","format":"standard","meta":{"footnotes":""},"categories":[343],"tags":[],"class_list":{"0":"post-30595","1":"post","2":"type-post","3":"status-publish","4":"format-standard","5":"has-post-thumbnail","7":"category-actualidad"},"aioseo_notices":[],"aioseo_head":"\n\t\t<!-- All in One SEO Pro 4.9.6.2 - aioseo.com -->\n\t<meta name=\"description\" content=\"\u00c9vian-les Bains (Francia), 17 jun (dpa) - Ning\u00fan gol y muy poco peligro: la delantera de la selecci\u00f3n alemana de f\u00fatbol qued\u00f3 hoy en el punto de mira de la cr\u00edtica despu\u00e9s del empate sin goles ante Polonia en la Eurocopa de Francia. &quot;No pusimos en aprietos al rival, no fuimos peligrosos. No ganamos ninguna\" \/>\n\t<meta name=\"robots\" content=\"max-image-preview:large\" \/>\n\t<meta name=\"author\" content=\"Cand\u00e1s 365\"\/>\n\t<meta name=\"google-site-verification\" content=\"UA-32230408-1\" \/>\n\t<meta name=\"msvalidate.01\" content=\"354F3CDFB2DA171B47FBE9ABF1F88D5\" \/>\n\t<meta name=\"keywords\" content=\"actualidad\" \/>\n\t<link rel=\"canonical\" href=\"https:\/\/candas365.es\/noticias\/arriba-falta-algo-alemania-suspira-por-sus-delanteros\/\" \/>\n\t<meta name=\"generator\" content=\"All in One SEO Pro (AIOSEO) 4.9.6.2\" \/>\n\t\t<meta property=\"og:locale\" content=\"es_ES\" \/>\n\t\t<meta property=\"og:site_name\" content=\"Cand\u00e1s 365\" \/>\n\t\t<meta property=\"og:type\" content=\"article\" \/>\n\t\t<meta property=\"og:title\" content=\"\u00abArriba falta algo\u00bb: Alemania suspira por sus delanteros | Cand\u00e1s 365\" \/>\n\t\t<meta property=\"og:description\" content=\"\u00c9vian-les Bains (Francia), 17 jun (dpa) - Ning\u00fan gol y muy poco peligro: la delantera de la selecci\u00f3n alemana de f\u00fatbol qued\u00f3 hoy en el punto de mira de la cr\u00edtica despu\u00e9s del empate sin goles ante Polonia en la Eurocopa de Francia. &quot;No pusimos en aprietos al rival, no fuimos peligrosos. No ganamos ninguna\" \/>\n\t\t<meta property=\"og:url\" content=\"https:\/\/candas365.es\/noticias\/arriba-falta-algo-alemania-suspira-por-sus-delanteros\/\" \/>\n\t\t<meta property=\"og:image\" content=\"https:\/\/candas365.es\/noticias\/wp-content\/uploads\/2016\/06\/euro2016.jpg\" \/>\n\t\t<meta property=\"og:image:secure_url\" content=\"https:\/\/candas365.es\/noticias\/wp-content\/uploads\/2016\/06\/euro2016.jpg\" \/>\n\t\t<meta property=\"og:image:width\" content=\"800\" \/>\n\t\t<meta property=\"og:image:height\" content=\"478\" \/>\n\t\t<meta property=\"article:published_time\" content=\"2016-06-17T21:06:52+00:00\" \/>\n\t\t<meta property=\"article:modified_time\" content=\"2016-06-17T21:06:52+00:00\" \/>\n\t\t<meta property=\"article:publisher\" content=\"https:\/\/www.facebook.com\/Nachofdezber\" \/>\n\t\t<meta property=\"article:author\" content=\"https:\/\/www.facebook.com\/carrenoactualidad\" \/>\n\t\t<meta name=\"twitter:card\" content=\"summary_large_image\" \/>\n\t\t<meta name=\"twitter:site\" content=\"@NabercoDigital\" \/>\n\t\t<meta name=\"twitter:title\" content=\"\u00abArriba falta algo\u00bb: Alemania suspira por sus delanteros | Cand\u00e1s 365\" \/>\n\t\t<meta name=\"twitter:description\" content=\"\u00c9vian-les Bains (Francia), 17 jun (dpa) - Ning\u00fan gol y muy poco peligro: la delantera de la selecci\u00f3n alemana de f\u00fatbol qued\u00f3 hoy en el punto de mira de la cr\u00edtica despu\u00e9s del empate sin goles ante Polonia en la Eurocopa de Francia. &quot;No pusimos en aprietos al rival, no fuimos peligrosos. No ganamos ninguna\" \/>\n\t\t<meta name=\"twitter:creator\" content=\"@nbasturias\" \/>\n\t\t<meta name=\"twitter:image\" content=\"https:\/\/candas365.es\/noticias\/wp-content\/uploads\/2016\/06\/euro2016.jpg\" \/>\n\t\t<meta name=\"twitter:label1\" content=\"Escrito por\" \/>\n\t\t<meta name=\"twitter:data1\" content=\"Cand\u00e1s 365\" \/>\n\t\t<meta name=\"twitter:label2\" content=\"Tiempo de lectura estimado\" \/>\n\t\t<meta name=\"twitter:data2\" content=\"3 minutos\" \/>\n\t\t<script type=\"application\/ld+json\" class=\"aioseo-schema\">\n\t\t\t{\"@context\":\"https:\\\/\\\/schema.org\",\"@graph\":[{\"@type\":\"BreadcrumbList\",\"@id\":\"https:\\\/\\\/candas365.es\\\/noticias\\\/arriba-falta-algo-alemania-suspira-por-sus-delanteros\\\/#breadcrumblist\",\"itemListElement\":[{\"@type\":\"ListItem\",\"@id\":\"https:\\\/\\\/candas365.es\\\/noticias#listItem\",\"position\":1,\"name\":\"Home\",\"item\":\"https:\\\/\\\/candas365.es\\\/noticias\",\"nextItem\":{\"@type\":\"ListItem\",\"@id\":\"https:\\\/\\\/candas365.es\\\/noticias\\\/category\\\/actualidad\\\/#listItem\",\"name\":\"Actualidad\"}},{\"@type\":\"ListItem\",\"@id\":\"https:\\\/\\\/candas365.es\\\/noticias\\\/category\\\/actualidad\\\/#listItem\",\"position\":2,\"name\":\"Actualidad\",\"item\":\"https:\\\/\\\/candas365.es\\\/noticias\\\/category\\\/actualidad\\\/\",\"nextItem\":{\"@type\":\"ListItem\",\"@id\":\"https:\\\/\\\/candas365.es\\\/noticias\\\/arriba-falta-algo-alemania-suspira-por-sus-delanteros\\\/#listItem\",\"name\":\"\\u00abArriba falta algo\\u00bb: Alemania suspira por sus delanteros\"},\"previousItem\":{\"@type\":\"ListItem\",\"@id\":\"https:\\\/\\\/candas365.es\\\/noticias#listItem\",\"name\":\"Home\"}},{\"@type\":\"ListItem\",\"@id\":\"https:\\\/\\\/candas365.es\\\/noticias\\\/arriba-falta-algo-alemania-suspira-por-sus-delanteros\\\/#listItem\",\"position\":3,\"name\":\"\\u00abArriba falta algo\\u00bb: Alemania suspira por sus delanteros\",\"previousItem\":{\"@type\":\"ListItem\",\"@id\":\"https:\\\/\\\/candas365.es\\\/noticias\\\/category\\\/actualidad\\\/#listItem\",\"name\":\"Actualidad\"}}]},{\"@type\":\"NewsArticle\",\"@id\":\"https:\\\/\\\/candas365.es\\\/noticias\\\/arriba-falta-algo-alemania-suspira-por-sus-delanteros\\\/#newsarticle\",\"name\":\"\\u00abArriba falta algo\\u00bb: Alemania suspira por sus delanteros | Cand\\u00e1s 365\",\"headline\":\"\\u00abArriba falta algo\\u00bb: Alemania suspira por sus delanteros\",\"author\":{\"@id\":\"https:\\\/\\\/candas365.es\\\/noticias\\\/author\\\/admin\\\/#author\"},\"publisher\":{\"@id\":\"https:\\\/\\\/candas365.es\\\/noticias\\\/#organization\"},\"image\":{\"@type\":\"ImageObject\",\"url\":\"https:\\\/\\\/candas365.es\\\/noticias\\\/wp-content\\\/uploads\\\/2016\\\/06\\\/euro2016.jpg\",\"width\":800,\"height\":478},\"datePublished\":\"2016-06-17T22:36:52+02:00\",\"dateModified\":\"2016-06-17T22:36:52+02:00\",\"inLanguage\":\"es-ES\",\"mainEntityOfPage\":{\"@id\":\"https:\\\/\\\/candas365.es\\\/noticias\\\/arriba-falta-algo-alemania-suspira-por-sus-delanteros\\\/#webpage\"},\"isPartOf\":{\"@id\":\"https:\\\/\\\/candas365.es\\\/noticias\\\/arriba-falta-algo-alemania-suspira-por-sus-delanteros\\\/#webpage\"},\"articleSection\":\"Actualidad\",\"dateline\":\"Publicado el junio 17, 2016.\"},{\"@type\":\"Organization\",\"@id\":\"https:\\\/\\\/candas365.es\\\/noticias\\\/#organization\",\"name\":\"Cand\\u00e1s 365\",\"description\":\"Cand\\u00e1s 365 es un diario digital independiente, fundado en 2012, con base en Asturias. Informamos con rigor sobre actualidad, sociedad, cultura y ocio, con una mirada local y global.\",\"url\":\"https:\\\/\\\/candas365.es\\\/noticias\\\/\",\"email\":\"info@candas365.es\",\"telephone\":\"+34652131393\",\"foundingDate\":\"2012-06-10\",\"logo\":{\"@type\":\"ImageObject\",\"url\":\"https:\\\/\\\/candas365.es\\\/noticias\\\/wp-content\\\/uploads\\\/2024\\\/09\\\/Candas-365-Redes.jpg\",\"@id\":\"https:\\\/\\\/candas365.es\\\/noticias\\\/arriba-falta-algo-alemania-suspira-por-sus-delanteros\\\/#organizationLogo\",\"width\":1152,\"height\":864,\"caption\":\"Cand\\u00e1s 365 Redes\"},\"image\":{\"@id\":\"https:\\\/\\\/candas365.es\\\/noticias\\\/arriba-falta-algo-alemania-suspira-por-sus-delanteros\\\/#organizationLogo\"},\"sameAs\":[\"https:\\\/\\\/www.facebook.com\\\/Nachofdezber\",\"https:\\\/\\\/x.com\\\/NabercoDigital\",\"https:\\\/\\\/www.instagram.com\\\/nachofdezber\\\/\",\"https:\\\/\\\/www.youtube.com\\\/channel\\\/UCZP-2wLEB9Rv6erhFmqVnvg\"],\"address\":{\"@id\":\"https:\\\/\\\/candas365.es\\\/noticias\\\/#postaladdress\",\"@type\":\"PostalAddress\",\"streetAddress\":\"san antonio 4, san antonio 4\",\"postalCode\":\"33430\",\"addressLocality\":\"Cand\\u00e1s\",\"addressRegion\":\"Asturias\",\"addressCountry\":\"ES\"}},{\"@type\":\"Person\",\"@id\":\"https:\\\/\\\/candas365.es\\\/noticias\\\/author\\\/admin\\\/#author\",\"url\":\"https:\\\/\\\/candas365.es\\\/noticias\\\/author\\\/admin\\\/\",\"name\":\"Cand\\u00e1s 365\",\"image\":{\"@type\":\"ImageObject\",\"@id\":\"https:\\\/\\\/candas365.es\\\/noticias\\\/arriba-falta-algo-alemania-suspira-por-sus-delanteros\\\/#authorImage\",\"url\":\"https:\\\/\\\/secure.gravatar.com\\\/avatar\\\/496a8e03d0c493ede1718b7934145dbdf8d89be1036b0eec9544e1094c9de390?s=96&d=mm&r=g\",\"width\":96,\"height\":96,\"caption\":\"Cand\\u00e1s 365\"},\"sameAs\":[\"https:\\\/\\\/www.facebook.com\\\/carrenoactualidad\",\"https:\\\/\\\/twitter.com\\\/nbasturias\",\"https:\\\/\\\/www.instagram.com\\\/nachofdezber\\\/\",\"https:\\\/\\\/www.youtube.com\\\/channel\\\/UCZP-2wLEB9Rv6erhFmqVnvg\"]},{\"@type\":\"WebPage\",\"@id\":\"https:\\\/\\\/candas365.es\\\/noticias\\\/arriba-falta-algo-alemania-suspira-por-sus-delanteros\\\/#webpage\",\"url\":\"https:\\\/\\\/candas365.es\\\/noticias\\\/arriba-falta-algo-alemania-suspira-por-sus-delanteros\\\/\",\"name\":\"\\u00abArriba falta algo\\u00bb: Alemania suspira por sus delanteros | Cand\\u00e1s 365\",\"description\":\"\\u00c9vian-les Bains (Francia), 17 jun (dpa) - Ning\\u00fan gol y muy poco peligro: la delantera de la selecci\\u00f3n alemana de f\\u00fatbol qued\\u00f3 hoy en el punto de mira de la cr\\u00edtica despu\\u00e9s del empate sin goles ante Polonia en la Eurocopa de Francia. \\\"No pusimos en aprietos al rival, no fuimos peligrosos. No ganamos ninguna\",\"inLanguage\":\"es-ES\",\"isPartOf\":{\"@id\":\"https:\\\/\\\/candas365.es\\\/noticias\\\/#website\"},\"breadcrumb\":{\"@id\":\"https:\\\/\\\/candas365.es\\\/noticias\\\/arriba-falta-algo-alemania-suspira-por-sus-delanteros\\\/#breadcrumblist\"},\"author\":{\"@id\":\"https:\\\/\\\/candas365.es\\\/noticias\\\/author\\\/admin\\\/#author\"},\"creator\":{\"@id\":\"https:\\\/\\\/candas365.es\\\/noticias\\\/author\\\/admin\\\/#author\"},\"image\":{\"@type\":\"ImageObject\",\"url\":\"https:\\\/\\\/candas365.es\\\/noticias\\\/wp-content\\\/uploads\\\/2016\\\/06\\\/euro2016.jpg\",\"@id\":\"https:\\\/\\\/candas365.es\\\/noticias\\\/arriba-falta-algo-alemania-suspira-por-sus-delanteros\\\/#mainImage\",\"width\":800,\"height\":478},\"primaryImageOfPage\":{\"@id\":\"https:\\\/\\\/candas365.es\\\/noticias\\\/arriba-falta-algo-alemania-suspira-por-sus-delanteros\\\/#mainImage\"},\"datePublished\":\"2016-06-17T22:36:52+02:00\",\"dateModified\":\"2016-06-17T22:36:52+02:00\"},{\"@type\":\"WebSite\",\"@id\":\"https:\\\/\\\/candas365.es\\\/noticias\\\/#website\",\"url\":\"https:\\\/\\\/candas365.es\\\/noticias\\\/\",\"name\":\"Cand\\u00e1s 365\",\"alternateName\":\"Cand\\u00e1s 365 Noticias\",\"description\":\"Actualidad desde Carre\\u00f1o para el mundo\",\"inLanguage\":\"es-ES\",\"publisher\":{\"@id\":\"https:\\\/\\\/candas365.es\\\/noticias\\\/#organization\"}}]}\n\t\t<\/script>\n\t\t<!-- All in One SEO Pro -->\r\n\t\t<title>\u00abArriba falta algo\u00bb: Alemania suspira por sus delanteros | Cand\u00e1s 365<\/title>\n\n","aioseo_head_json":{"title":"\u00abArriba falta algo\u00bb: Alemania suspira por sus delanteros | Cand\u00e1s 365","description":"\u00c9vian-les Bains (Francia), 17 jun (dpa) - Ning\u00fan gol y muy poco peligro: la delantera de la selecci\u00f3n alemana de f\u00fatbol qued\u00f3 hoy en el punto de mira de la cr\u00edtica despu\u00e9s del empate sin goles ante Polonia en la Eurocopa de Francia. \"No pusimos en aprietos al rival, no fuimos peligrosos. No ganamos ninguna","canonical_url":"https:\/\/candas365.es\/noticias\/arriba-falta-algo-alemania-suspira-por-sus-delanteros\/","robots":"max-image-preview:large","keywords":"actualidad","webmasterTools":{"google-site-verification":"UA-32230408-1","msvalidate.01":"354F3CDFB2DA171B47FBE9ABF1F88D5","miscellaneous":""},"schema":{"@context":"https:\/\/schema.org","@graph":[{"@type":"BreadcrumbList","@id":"https:\/\/candas365.es\/noticias\/arriba-falta-algo-alemania-suspira-por-sus-delanteros\/#breadcrumblist","itemListElement":[{"@type":"ListItem","@id":"https:\/\/candas365.es\/noticias#listItem","position":1,"name":"Home","item":"https:\/\/candas365.es\/noticias","nextItem":{"@type":"ListItem","@id":"https:\/\/candas365.es\/noticias\/category\/actualidad\/#listItem","name":"Actualidad"}},{"@type":"ListItem","@id":"https:\/\/candas365.es\/noticias\/category\/actualidad\/#listItem","position":2,"name":"Actualidad","item":"https:\/\/candas365.es\/noticias\/category\/actualidad\/","nextItem":{"@type":"ListItem","@id":"https:\/\/candas365.es\/noticias\/arriba-falta-algo-alemania-suspira-por-sus-delanteros\/#listItem","name":"\u00abArriba falta algo\u00bb: Alemania suspira por sus delanteros"},"previousItem":{"@type":"ListItem","@id":"https:\/\/candas365.es\/noticias#listItem","name":"Home"}},{"@type":"ListItem","@id":"https:\/\/candas365.es\/noticias\/arriba-falta-algo-alemania-suspira-por-sus-delanteros\/#listItem","position":3,"name":"\u00abArriba falta algo\u00bb: Alemania suspira por sus delanteros","previousItem":{"@type":"ListItem","@id":"https:\/\/candas365.es\/noticias\/category\/actualidad\/#listItem","name":"Actualidad"}}]},{"@type":"NewsArticle","@id":"https:\/\/candas365.es\/noticias\/arriba-falta-algo-alemania-suspira-por-sus-delanteros\/#newsarticle","name":"\u00abArriba falta algo\u00bb: Alemania suspira por sus delanteros | Cand\u00e1s 365","headline":"\u00abArriba falta algo\u00bb: Alemania suspira por sus delanteros","author":{"@id":"https:\/\/candas365.es\/noticias\/author\/admin\/#author"},"publisher":{"@id":"https:\/\/candas365.es\/noticias\/#organization"},"image":{"@type":"ImageObject","url":"https:\/\/candas365.es\/noticias\/wp-content\/uploads\/2016\/06\/euro2016.jpg","width":800,"height":478},"datePublished":"2016-06-17T22:36:52+02:00","dateModified":"2016-06-17T22:36:52+02:00","inLanguage":"es-ES","mainEntityOfPage":{"@id":"https:\/\/candas365.es\/noticias\/arriba-falta-algo-alemania-suspira-por-sus-delanteros\/#webpage"},"isPartOf":{"@id":"https:\/\/candas365.es\/noticias\/arriba-falta-algo-alemania-suspira-por-sus-delanteros\/#webpage"},"articleSection":"Actualidad","dateline":"Publicado el junio 17, 2016."},{"@type":"Organization","@id":"https:\/\/candas365.es\/noticias\/#organization","name":"Cand\u00e1s 365","description":"Cand\u00e1s 365 es un diario digital independiente, fundado en 2012, con base en Asturias. Informamos con rigor sobre actualidad, sociedad, cultura y ocio, con una mirada local y global.","url":"https:\/\/candas365.es\/noticias\/","email":"info@candas365.es","telephone":"+34652131393","foundingDate":"2012-06-10","logo":{"@type":"ImageObject","url":"https:\/\/candas365.es\/noticias\/wp-content\/uploads\/2024\/09\/Candas-365-Redes.jpg","@id":"https:\/\/candas365.es\/noticias\/arriba-falta-algo-alemania-suspira-por-sus-delanteros\/#organizationLogo","width":1152,"height":864,"caption":"Cand\u00e1s 365 Redes"},"image":{"@id":"https:\/\/candas365.es\/noticias\/arriba-falta-algo-alemania-suspira-por-sus-delanteros\/#organizationLogo"},"sameAs":["https:\/\/www.facebook.com\/Nachofdezber","https:\/\/x.com\/NabercoDigital","https:\/\/www.instagram.com\/nachofdezber\/","https:\/\/www.youtube.com\/channel\/UCZP-2wLEB9Rv6erhFmqVnvg"],"address":{"@id":"https:\/\/candas365.es\/noticias\/#postaladdress","@type":"PostalAddress","streetAddress":"san antonio 4, san antonio 4","postalCode":"33430","addressLocality":"Cand\u00e1s","addressRegion":"Asturias","addressCountry":"ES"}},{"@type":"Person","@id":"https:\/\/candas365.es\/noticias\/author\/admin\/#author","url":"https:\/\/candas365.es\/noticias\/author\/admin\/","name":"Cand\u00e1s 365","image":{"@type":"ImageObject","@id":"https:\/\/candas365.es\/noticias\/arriba-falta-algo-alemania-suspira-por-sus-delanteros\/#authorImage","url":"https:\/\/secure.gravatar.com\/avatar\/496a8e03d0c493ede1718b7934145dbdf8d89be1036b0eec9544e1094c9de390?s=96&d=mm&r=g","width":96,"height":96,"caption":"Cand\u00e1s 365"},"sameAs":["https:\/\/www.facebook.com\/carrenoactualidad","https:\/\/twitter.com\/nbasturias","https:\/\/www.instagram.com\/nachofdezber\/","https:\/\/www.youtube.com\/channel\/UCZP-2wLEB9Rv6erhFmqVnvg"]},{"@type":"WebPage","@id":"https:\/\/candas365.es\/noticias\/arriba-falta-algo-alemania-suspira-por-sus-delanteros\/#webpage","url":"https:\/\/candas365.es\/noticias\/arriba-falta-algo-alemania-suspira-por-sus-delanteros\/","name":"\u00abArriba falta algo\u00bb: Alemania suspira por sus delanteros | Cand\u00e1s 365","description":"\u00c9vian-les Bains (Francia), 17 jun (dpa) - Ning\u00fan gol y muy poco peligro: la delantera de la selecci\u00f3n alemana de f\u00fatbol qued\u00f3 hoy en el punto de mira de la cr\u00edtica despu\u00e9s del empate sin goles ante Polonia en la Eurocopa de Francia. \"No pusimos en aprietos al rival, no fuimos peligrosos. No ganamos ninguna","inLanguage":"es-ES","isPartOf":{"@id":"https:\/\/candas365.es\/noticias\/#website"},"breadcrumb":{"@id":"https:\/\/candas365.es\/noticias\/arriba-falta-algo-alemania-suspira-por-sus-delanteros\/#breadcrumblist"},"author":{"@id":"https:\/\/candas365.es\/noticias\/author\/admin\/#author"},"creator":{"@id":"https:\/\/candas365.es\/noticias\/author\/admin\/#author"},"image":{"@type":"ImageObject","url":"https:\/\/candas365.es\/noticias\/wp-content\/uploads\/2016\/06\/euro2016.jpg","@id":"https:\/\/candas365.es\/noticias\/arriba-falta-algo-alemania-suspira-por-sus-delanteros\/#mainImage","width":800,"height":478},"primaryImageOfPage":{"@id":"https:\/\/candas365.es\/noticias\/arriba-falta-algo-alemania-suspira-por-sus-delanteros\/#mainImage"},"datePublished":"2016-06-17T22:36:52+02:00","dateModified":"2016-06-17T22:36:52+02:00"},{"@type":"WebSite","@id":"https:\/\/candas365.es\/noticias\/#website","url":"https:\/\/candas365.es\/noticias\/","name":"Cand\u00e1s 365","alternateName":"Cand\u00e1s 365 Noticias","description":"Actualidad desde Carre\u00f1o para el mundo","inLanguage":"es-ES","publisher":{"@id":"https:\/\/candas365.es\/noticias\/#organization"}}]},"og:locale":"es_ES","og:site_name":"Cand\u00e1s 365","og:type":"article","og:title":"\u00abArriba falta algo\u00bb: Alemania suspira por sus delanteros | Cand\u00e1s 365","og:description":"\u00c9vian-les Bains (Francia), 17 jun (dpa) - Ning\u00fan gol y muy poco peligro: la delantera de la selecci\u00f3n alemana de f\u00fatbol qued\u00f3 hoy en el punto de mira de la cr\u00edtica despu\u00e9s del empate sin goles ante Polonia en la Eurocopa de Francia. &quot;No pusimos en aprietos al rival, no fuimos peligrosos. No ganamos ninguna","og:url":"https:\/\/candas365.es\/noticias\/arriba-falta-algo-alemania-suspira-por-sus-delanteros\/","og:image":"https:\/\/candas365.es\/noticias\/wp-content\/uploads\/2016\/06\/euro2016.jpg","og:image:secure_url":"https:\/\/candas365.es\/noticias\/wp-content\/uploads\/2016\/06\/euro2016.jpg","og:image:width":800,"og:image:height":478,"article:published_time":"2016-06-17T21:06:52+00:00","article:modified_time":"2016-06-17T21:06:52+00:00","article:publisher":"https:\/\/www.facebook.com\/Nachofdezber","article:author":"https:\/\/www.facebook.com\/carrenoactualidad","twitter:card":"summary_large_image","twitter:site":"@NabercoDigital","twitter:title":"\u00abArriba falta algo\u00bb: Alemania suspira por sus delanteros | Cand\u00e1s 365","twitter:description":"\u00c9vian-les Bains (Francia), 17 jun (dpa) - Ning\u00fan gol y muy poco peligro: la delantera de la selecci\u00f3n alemana de f\u00fatbol qued\u00f3 hoy en el punto de mira de la cr\u00edtica despu\u00e9s del empate sin goles ante Polonia en la Eurocopa de Francia. &quot;No pusimos en aprietos al rival, no fuimos peligrosos. No ganamos ninguna","twitter:creator":"@nbasturias","twitter:image":"https:\/\/candas365.es\/noticias\/wp-content\/uploads\/2016\/06\/euro2016.jpg","twitter:label1":"Escrito por","twitter:data1":"Cand\u00e1s 365","twitter:label2":"Tiempo de lectura estimado","twitter:data2":"3 minutos"},"aioseo_meta_data":{"post_id":"30595","title":null,"description":null,"keywords":null,"keyphrases":null,"primary_term":null,"canonical_url":null,"og_title":null,"og_description":null,"og_object_type":"default","og_image_type":"default","og_image_url":null,"og_image_width":null,"og_image_height":null,"og_image_custom_url":null,"og_image_custom_fields":null,"og_video":null,"og_custom_url":null,"og_article_section":null,"og_article_tags":null,"twitter_use_og":false,"twitter_card":"default","twitter_image_type":"default","twitter_image_url":null,"twitter_image_custom_url":null,"twitter_image_custom_fields":null,"twitter_title":null,"twitter_description":null,"schema":{"blockGraphs":[],"customGraphs":[],"default":{"data":{"Article":[],"Course":[],"Dataset":[],"FAQPage":[],"Movie":[],"Person":[],"Product":[],"ProductReview":[],"Car":[],"Recipe":[],"Service":[],"SoftwareApplication":[],"WebPage":[]},"graphName":"","isEnabled":true},"graphs":[]},"schema_type":null,"schema_type_options":null,"pillar_content":false,"robots_default":true,"robots_noindex":false,"robots_noarchive":false,"robots_nosnippet":false,"robots_nofollow":false,"robots_noimageindex":false,"robots_noodp":false,"robots_notranslate":false,"robots_max_snippet":null,"robots_max_videopreview":null,"robots_max_imagepreview":"large","priority":null,"frequency":null,"location":null,"local_seo":null,"seo_analyzer_scan_date":"2025-08-24 12:44:15","breadcrumb_settings":null,"limit_modified_date":false,"reviewed_by":null,"open_ai":null,"ai":null,"created":"2020-12-21 12:58:50","updated":"2025-08-24 12:44:15"},"aioseo_breadcrumb":"<div class=\"aioseo-breadcrumbs\"><span class=\"aioseo-breadcrumb\">\n\t<a href=\"https:\/\/candas365.es\/noticias\" title=\"Home\">Home<\/a>\n<\/span><span class=\"aioseo-breadcrumb-separator\">&ndash;<\/span><span class=\"aioseo-breadcrumb\">\n\t<a href=\"https:\/\/candas365.es\/noticias\/category\/actualidad\/\" title=\"Actualidad\">Actualidad<\/a>\n<\/span><span class=\"aioseo-breadcrumb-separator\">&ndash;<\/span><span class=\"aioseo-breadcrumb\">\n\t\u00abArriba falta algo\u00bb: Alemania suspira por sus delanteros\n<\/span><\/div>","aioseo_breadcrumb_json":[{"label":"Home","link":"https:\/\/candas365.es\/noticias"},{"label":"Actualidad","link":"https:\/\/candas365.es\/noticias\/category\/actualidad\/"},{"label":"\u00abArriba falta algo\u00bb: Alemania suspira por sus delanteros","link":"https:\/\/candas365.es\/noticias\/arriba-falta-algo-alemania-suspira-por-sus-delanteros\/"}],"_links":{"self":[{"href":"https:\/\/candas365.es\/noticias\/wp-json\/wp\/v2\/posts\/30595","targetHints":{"allow":["GET"]}}],"collection":[{"href":"https:\/\/candas365.es\/noticias\/wp-json\/wp\/v2\/posts"}],"about":[{"href":"https:\/\/candas365.es\/noticias\/wp-json\/wp\/v2\/types\/post"}],"author":[{"embeddable":true,"href":"https:\/\/candas365.es\/noticias\/wp-json\/wp\/v2\/users\/1"}],"replies":[{"embeddable":true,"href":"https:\/\/candas365.es\/noticias\/wp-json\/wp\/v2\/comments?post=30595"}],"version-history":[{"count":0,"href":"https:\/\/candas365.es\/noticias\/wp-json\/wp\/v2\/posts\/30595\/revisions"}],"wp:featuredmedia":[{"embeddable":true,"href":"https:\/\/candas365.es\/noticias\/wp-json\/wp\/v2\/media\/29884"}],"wp:attachment":[{"href":"https:\/\/candas365.es\/noticias\/wp-json\/wp\/v2\/media?parent=30595"}],"wp:term":[{"taxonomy":"category","embeddable":true,"href":"https:\/\/candas365.es\/noticias\/wp-json\/wp\/v2\/categories?post=30595"},{"taxonomy":"post_tag","embeddable":true,"href":"https:\/\/candas365.es\/noticias\/wp-json\/wp\/v2\/tags?post=30595"}],"curies":[{"name":"wp","href":"https:\/\/api.w.org\/{rel}","templated":true}]}}