{"id":30593,"date":"2016-06-17T22:35:48","date_gmt":"2016-06-17T21:05:48","guid":{"rendered":"http:\/\/candas365.es\/noticias\/?p=30593"},"modified":"2016-06-17T22:35:48","modified_gmt":"2016-06-17T21:05:48","slug":"sentencias-contra-los-nazis-mas-buscados-por-la-justicia-alemana","status":"publish","type":"post","link":"https:\/\/candas365.es\/noticias\/sentencias-contra-los-nazis-mas-buscados-por-la-justicia-alemana\/","title":{"rendered":"Sentencias contra los nazis m\u00e1s buscados por la justicia alemana"},"content":{"rendered":"<p>Berl\u00edn, 17 jun (dpa) &#8211; M\u00e1s de setenta a\u00f1os despu\u00e9s del final de la Segunda Guerra Mundial, el paso del tiempo se convierte en el mayor enemigo de la justicia alemana a la hora de juzgar a los \u00faltimos c\u00f3mplices de la maquinaria de exterminio impulsada por el dictador Adolf Hitler.<\/p>\n<p>En los \u00faltimos a\u00f1os, Alemania no ha escatimado esfuerzos para dar caza a los colaboradores del nazismo que todav\u00eda permanecen vivos y sentarlos ante la justicia para rendir cuentas de su participaci\u00f3n en el holocausto.<\/p>\n<p>La \u00faltima condena a un colaborador del nazismo se dio a conocer hoy, cuando la justicia alemana anunci\u00f3 una pena de cinco a\u00f1os de c\u00e1rcel para el ex guardia del campo de exterminio de Auschwitz Reinhold Hanning, de 94 a\u00f1os, por participar en la muerte de al menos 170.000 personas.<\/p>\n<p>A continuaci\u00f3n, una lista de los juicios a colaboradores del Tercer Reich m\u00e1s destacados de la \u00faltima d\u00e9cada:<\/p>\n<p>OSKAR GROENING: Conocido como el \u00abcontable de Auschwitz\u00bb, fue condenado el pasado a\u00f1o a cuatro a\u00f1os de c\u00e1rcel tras ser acusado de colaborar en la muerte de 300.000 prisioneros del campo de exterminio. Su juicio abri\u00f3 un amplio debate en Alemania sobre los l\u00edmites de la responsabilidad en la participaci\u00f3n de la maquinaria de exterminio nazi.<\/p>\n<p>JOHN DEMJANJUK: El ex guardia del campo de concentraci\u00f3n de Sobibor, situado en la Polonia ocupada, fue considerado culpable en 2011 de haber colaborado en la muerte de m\u00e1s de 28.000 jud\u00edos. Su condena sent\u00f3 un precedente legal que marc\u00f3 un punto de inflexi\u00f3n en la justicia alemana al determinar que fue responsable de los miles de asesinatos a\u00fan cuando no particip\u00f3 directamente en ellos.<\/p>\n<p>HANS LIPSCHIS: El anciano de 94 a\u00f1os, de nacionalidad lituana, se libr\u00f3 en 2014 de responder ante la justicia debido a que sufr\u00eda una demencia senil. Estaba acusado de colaborar en la muerte de 10.500 prisioneros en el campo de exterminio de Auschwitz en los \u00faltimos a\u00f1os de la Segunda Guerra Mundial.<\/p>\n<p>SAMUEL KUNZ: Este ex guardia de seguridad del campo de exterminio de Belzec, situado en Polonia, falleci\u00f3 en 2010 antes de responder ante la justicia por ser el autor de la muerte de 10 jud\u00edos y participar en el asesinato de otros 430.000. Estaba considerado el tercer nazi m\u00e1s buscado a nivel mundial.<\/p>\n<p>HEINRICH BOERE: El ex miembro del comando exterminador \u00abFeldmeijer\u00bb fue condenado a cadena perpetua en el a\u00f1o 2010 por tres asesinatos de civiles holandeses que \u00e9l mismo reconoci\u00f3 haber cometido. Falleci\u00f3 ese mismo a\u00f1o en el hospital de la prisi\u00f3n en la que cumpl\u00eda la pena.<\/p>\n<p>&nbsp;<\/p>\n","protected":false},"excerpt":{"rendered":"<p>Berl\u00edn, 17 jun (dpa) &#8211; M\u00e1s de setenta a\u00f1os despu\u00e9s del final de la Segunda Guerra Mundial, el paso del tiempo se convierte en el mayor enemigo de la justicia alemana a la hora de juzgar a los \u00faltimos c\u00f3mplices de la maquinaria de exterminio impulsada por el dictador Adolf Hitler. En los \u00faltimos a\u00f1os,<\/p>\n","protected":false},"author":1,"featured_media":16457,"comment_status":"closed","ping_status":"closed","sticky":false,"template":"","format":"standard","meta":{"footnotes":""},"categories":[343],"tags":[],"class_list":{"0":"post-30593","1":"post","2":"type-post","3":"status-publish","4":"format-standard","5":"has-post-thumbnail","7":"category-actualidad"},"aioseo_notices":[],"aioseo_head":"\n\t\t<!-- All in One SEO Pro 4.9.6.2 - aioseo.com -->\n\t<meta name=\"description\" content=\"Berl\u00edn, 17 jun (dpa) - M\u00e1s de setenta a\u00f1os despu\u00e9s del final de la Segunda Guerra Mundial, el paso del tiempo se convierte en el mayor enemigo de la justicia alemana a la hora de juzgar a los \u00faltimos c\u00f3mplices de la maquinaria de exterminio impulsada por el dictador Adolf Hitler. En los \u00faltimos a\u00f1os,\" \/>\n\t<meta name=\"robots\" content=\"max-image-preview:large\" \/>\n\t<meta name=\"author\" content=\"Cand\u00e1s 365\"\/>\n\t<meta name=\"google-site-verification\" content=\"UA-32230408-1\" \/>\n\t<meta name=\"msvalidate.01\" content=\"354F3CDFB2DA171B47FBE9ABF1F88D5\" \/>\n\t<meta name=\"keywords\" content=\"actualidad\" \/>\n\t<link rel=\"canonical\" href=\"https:\/\/candas365.es\/noticias\/sentencias-contra-los-nazis-mas-buscados-por-la-justicia-alemana\/\" \/>\n\t<meta name=\"generator\" content=\"All in One SEO Pro (AIOSEO) 4.9.6.2\" \/>\n\t\t<meta property=\"og:locale\" content=\"es_ES\" \/>\n\t\t<meta property=\"og:site_name\" content=\"Cand\u00e1s 365\" \/>\n\t\t<meta property=\"og:type\" content=\"article\" \/>\n\t\t<meta property=\"og:title\" content=\"Sentencias contra los nazis m\u00e1s buscados por la justicia alemana | Cand\u00e1s 365\" \/>\n\t\t<meta property=\"og:description\" content=\"Berl\u00edn, 17 jun (dpa) - M\u00e1s de setenta a\u00f1os despu\u00e9s del final de la Segunda Guerra Mundial, el paso del tiempo se convierte en el mayor enemigo de la justicia alemana a la hora de juzgar a los \u00faltimos c\u00f3mplices de la maquinaria de exterminio impulsada por el dictador Adolf Hitler. En los \u00faltimos a\u00f1os,\" \/>\n\t\t<meta property=\"og:url\" content=\"https:\/\/candas365.es\/noticias\/sentencias-contra-los-nazis-mas-buscados-por-la-justicia-alemana\/\" \/>\n\t\t<meta property=\"og:image\" content=\"https:\/\/candas365.es\/noticias\/wp-content\/uploads\/2015\/09\/c365noticias.jpg\" \/>\n\t\t<meta property=\"og:image:secure_url\" content=\"https:\/\/candas365.es\/noticias\/wp-content\/uploads\/2015\/09\/c365noticias.jpg\" \/>\n\t\t<meta property=\"og:image:width\" content=\"655\" \/>\n\t\t<meta property=\"og:image:height\" content=\"360\" \/>\n\t\t<meta property=\"article:published_time\" content=\"2016-06-17T21:05:48+00:00\" \/>\n\t\t<meta property=\"article:modified_time\" content=\"2016-06-17T21:05:48+00:00\" \/>\n\t\t<meta property=\"article:publisher\" content=\"https:\/\/www.facebook.com\/Nachofdezber\" \/>\n\t\t<meta property=\"article:author\" content=\"https:\/\/www.facebook.com\/carrenoactualidad\" \/>\n\t\t<meta name=\"twitter:card\" content=\"summary_large_image\" \/>\n\t\t<meta name=\"twitter:site\" content=\"@NabercoDigital\" \/>\n\t\t<meta name=\"twitter:title\" content=\"Sentencias contra los nazis m\u00e1s buscados por la justicia alemana | Cand\u00e1s 365\" \/>\n\t\t<meta name=\"twitter:description\" content=\"Berl\u00edn, 17 jun (dpa) - M\u00e1s de setenta a\u00f1os despu\u00e9s del final de la Segunda Guerra Mundial, el paso del tiempo se convierte en el mayor enemigo de la justicia alemana a la hora de juzgar a los \u00faltimos c\u00f3mplices de la maquinaria de exterminio impulsada por el dictador Adolf Hitler. En los \u00faltimos a\u00f1os,\" \/>\n\t\t<meta name=\"twitter:creator\" content=\"@nbasturias\" \/>\n\t\t<meta name=\"twitter:image\" content=\"https:\/\/candas365.es\/noticias\/wp-content\/uploads\/2015\/09\/c365noticias.jpg\" \/>\n\t\t<meta name=\"twitter:label1\" content=\"Escrito por\" \/>\n\t\t<meta name=\"twitter:data1\" content=\"Cand\u00e1s 365\" \/>\n\t\t<meta name=\"twitter:label2\" content=\"Tiempo de lectura estimado\" \/>\n\t\t<meta name=\"twitter:data2\" content=\"2 minutos\" \/>\n\t\t<script type=\"application\/ld+json\" class=\"aioseo-schema\">\n\t\t\t{\"@context\":\"https:\\\/\\\/schema.org\",\"@graph\":[{\"@type\":\"BreadcrumbList\",\"@id\":\"https:\\\/\\\/candas365.es\\\/noticias\\\/sentencias-contra-los-nazis-mas-buscados-por-la-justicia-alemana\\\/#breadcrumblist\",\"itemListElement\":[{\"@type\":\"ListItem\",\"@id\":\"https:\\\/\\\/candas365.es\\\/noticias#listItem\",\"position\":1,\"name\":\"Home\",\"item\":\"https:\\\/\\\/candas365.es\\\/noticias\",\"nextItem\":{\"@type\":\"ListItem\",\"@id\":\"https:\\\/\\\/candas365.es\\\/noticias\\\/category\\\/actualidad\\\/#listItem\",\"name\":\"Actualidad\"}},{\"@type\":\"ListItem\",\"@id\":\"https:\\\/\\\/candas365.es\\\/noticias\\\/category\\\/actualidad\\\/#listItem\",\"position\":2,\"name\":\"Actualidad\",\"item\":\"https:\\\/\\\/candas365.es\\\/noticias\\\/category\\\/actualidad\\\/\",\"nextItem\":{\"@type\":\"ListItem\",\"@id\":\"https:\\\/\\\/candas365.es\\\/noticias\\\/sentencias-contra-los-nazis-mas-buscados-por-la-justicia-alemana\\\/#listItem\",\"name\":\"Sentencias contra los nazis m\\u00e1s buscados por la justicia alemana\"},\"previousItem\":{\"@type\":\"ListItem\",\"@id\":\"https:\\\/\\\/candas365.es\\\/noticias#listItem\",\"name\":\"Home\"}},{\"@type\":\"ListItem\",\"@id\":\"https:\\\/\\\/candas365.es\\\/noticias\\\/sentencias-contra-los-nazis-mas-buscados-por-la-justicia-alemana\\\/#listItem\",\"position\":3,\"name\":\"Sentencias contra los nazis m\\u00e1s buscados por la justicia alemana\",\"previousItem\":{\"@type\":\"ListItem\",\"@id\":\"https:\\\/\\\/candas365.es\\\/noticias\\\/category\\\/actualidad\\\/#listItem\",\"name\":\"Actualidad\"}}]},{\"@type\":\"NewsArticle\",\"@id\":\"https:\\\/\\\/candas365.es\\\/noticias\\\/sentencias-contra-los-nazis-mas-buscados-por-la-justicia-alemana\\\/#newsarticle\",\"name\":\"Sentencias contra los nazis m\\u00e1s buscados por la justicia alemana | Cand\\u00e1s 365\",\"headline\":\"Sentencias contra los nazis m\\u00e1s buscados por la justicia alemana\",\"author\":{\"@id\":\"https:\\\/\\\/candas365.es\\\/noticias\\\/author\\\/admin\\\/#author\"},\"publisher\":{\"@id\":\"https:\\\/\\\/candas365.es\\\/noticias\\\/#organization\"},\"image\":{\"@type\":\"ImageObject\",\"url\":\"https:\\\/\\\/candas365.es\\\/noticias\\\/wp-content\\\/uploads\\\/2015\\\/09\\\/c365noticias.jpg\",\"width\":655,\"height\":360},\"datePublished\":\"2016-06-17T22:35:48+02:00\",\"dateModified\":\"2016-06-17T22:35:48+02:00\",\"inLanguage\":\"es-ES\",\"mainEntityOfPage\":{\"@id\":\"https:\\\/\\\/candas365.es\\\/noticias\\\/sentencias-contra-los-nazis-mas-buscados-por-la-justicia-alemana\\\/#webpage\"},\"isPartOf\":{\"@id\":\"https:\\\/\\\/candas365.es\\\/noticias\\\/sentencias-contra-los-nazis-mas-buscados-por-la-justicia-alemana\\\/#webpage\"},\"articleSection\":\"Actualidad\",\"dateline\":\"Publicado el junio 17, 2016.\"},{\"@type\":\"Organization\",\"@id\":\"https:\\\/\\\/candas365.es\\\/noticias\\\/#organization\",\"name\":\"Cand\\u00e1s 365\",\"description\":\"Cand\\u00e1s 365 es un diario digital independiente, fundado en 2012, con base en Asturias. Informamos con rigor sobre actualidad, sociedad, cultura y ocio, con una mirada local y global.\",\"url\":\"https:\\\/\\\/candas365.es\\\/noticias\\\/\",\"email\":\"info@candas365.es\",\"telephone\":\"+34652131393\",\"foundingDate\":\"2012-06-10\",\"logo\":{\"@type\":\"ImageObject\",\"url\":\"https:\\\/\\\/candas365.es\\\/noticias\\\/wp-content\\\/uploads\\\/2024\\\/09\\\/Candas-365-Redes.jpg\",\"@id\":\"https:\\\/\\\/candas365.es\\\/noticias\\\/sentencias-contra-los-nazis-mas-buscados-por-la-justicia-alemana\\\/#organizationLogo\",\"width\":1152,\"height\":864,\"caption\":\"Cand\\u00e1s 365 Redes\"},\"image\":{\"@id\":\"https:\\\/\\\/candas365.es\\\/noticias\\\/sentencias-contra-los-nazis-mas-buscados-por-la-justicia-alemana\\\/#organizationLogo\"},\"sameAs\":[\"https:\\\/\\\/www.facebook.com\\\/Nachofdezber\",\"https:\\\/\\\/x.com\\\/NabercoDigital\",\"https:\\\/\\\/www.instagram.com\\\/nachofdezber\\\/\",\"https:\\\/\\\/www.youtube.com\\\/channel\\\/UCZP-2wLEB9Rv6erhFmqVnvg\"],\"address\":{\"@id\":\"https:\\\/\\\/candas365.es\\\/noticias\\\/#postaladdress\",\"@type\":\"PostalAddress\",\"streetAddress\":\"san antonio 4, san antonio 4\",\"postalCode\":\"33430\",\"addressLocality\":\"Cand\\u00e1s\",\"addressRegion\":\"Asturias\",\"addressCountry\":\"ES\"}},{\"@type\":\"Person\",\"@id\":\"https:\\\/\\\/candas365.es\\\/noticias\\\/author\\\/admin\\\/#author\",\"url\":\"https:\\\/\\\/candas365.es\\\/noticias\\\/author\\\/admin\\\/\",\"name\":\"Cand\\u00e1s 365\",\"image\":{\"@type\":\"ImageObject\",\"@id\":\"https:\\\/\\\/candas365.es\\\/noticias\\\/sentencias-contra-los-nazis-mas-buscados-por-la-justicia-alemana\\\/#authorImage\",\"url\":\"https:\\\/\\\/secure.gravatar.com\\\/avatar\\\/496a8e03d0c493ede1718b7934145dbdf8d89be1036b0eec9544e1094c9de390?s=96&d=mm&r=g\",\"width\":96,\"height\":96,\"caption\":\"Cand\\u00e1s 365\"},\"sameAs\":[\"https:\\\/\\\/www.facebook.com\\\/carrenoactualidad\",\"https:\\\/\\\/twitter.com\\\/nbasturias\",\"https:\\\/\\\/www.instagram.com\\\/nachofdezber\\\/\",\"https:\\\/\\\/www.youtube.com\\\/channel\\\/UCZP-2wLEB9Rv6erhFmqVnvg\"]},{\"@type\":\"WebPage\",\"@id\":\"https:\\\/\\\/candas365.es\\\/noticias\\\/sentencias-contra-los-nazis-mas-buscados-por-la-justicia-alemana\\\/#webpage\",\"url\":\"https:\\\/\\\/candas365.es\\\/noticias\\\/sentencias-contra-los-nazis-mas-buscados-por-la-justicia-alemana\\\/\",\"name\":\"Sentencias contra los nazis m\\u00e1s buscados por la justicia alemana | Cand\\u00e1s 365\",\"description\":\"Berl\\u00edn, 17 jun (dpa) - M\\u00e1s de setenta a\\u00f1os despu\\u00e9s del final de la Segunda Guerra Mundial, el paso del tiempo se convierte en el mayor enemigo de la justicia alemana a la hora de juzgar a los \\u00faltimos c\\u00f3mplices de la maquinaria de exterminio impulsada por el dictador Adolf Hitler. En los \\u00faltimos a\\u00f1os,\",\"inLanguage\":\"es-ES\",\"isPartOf\":{\"@id\":\"https:\\\/\\\/candas365.es\\\/noticias\\\/#website\"},\"breadcrumb\":{\"@id\":\"https:\\\/\\\/candas365.es\\\/noticias\\\/sentencias-contra-los-nazis-mas-buscados-por-la-justicia-alemana\\\/#breadcrumblist\"},\"author\":{\"@id\":\"https:\\\/\\\/candas365.es\\\/noticias\\\/author\\\/admin\\\/#author\"},\"creator\":{\"@id\":\"https:\\\/\\\/candas365.es\\\/noticias\\\/author\\\/admin\\\/#author\"},\"image\":{\"@type\":\"ImageObject\",\"url\":\"https:\\\/\\\/candas365.es\\\/noticias\\\/wp-content\\\/uploads\\\/2015\\\/09\\\/c365noticias.jpg\",\"@id\":\"https:\\\/\\\/candas365.es\\\/noticias\\\/sentencias-contra-los-nazis-mas-buscados-por-la-justicia-alemana\\\/#mainImage\",\"width\":655,\"height\":360},\"primaryImageOfPage\":{\"@id\":\"https:\\\/\\\/candas365.es\\\/noticias\\\/sentencias-contra-los-nazis-mas-buscados-por-la-justicia-alemana\\\/#mainImage\"},\"datePublished\":\"2016-06-17T22:35:48+02:00\",\"dateModified\":\"2016-06-17T22:35:48+02:00\"},{\"@type\":\"WebSite\",\"@id\":\"https:\\\/\\\/candas365.es\\\/noticias\\\/#website\",\"url\":\"https:\\\/\\\/candas365.es\\\/noticias\\\/\",\"name\":\"Cand\\u00e1s 365\",\"alternateName\":\"Cand\\u00e1s 365 Noticias\",\"description\":\"Actualidad desde Carre\\u00f1o para el mundo\",\"inLanguage\":\"es-ES\",\"publisher\":{\"@id\":\"https:\\\/\\\/candas365.es\\\/noticias\\\/#organization\"}}]}\n\t\t<\/script>\n\t\t<!-- All in One SEO Pro -->\r\n\t\t<title>Sentencias contra los nazis m\u00e1s buscados por la justicia alemana | Cand\u00e1s 365<\/title>\n\n","aioseo_head_json":{"title":"Sentencias contra los nazis m\u00e1s buscados por la justicia alemana | Cand\u00e1s 365","description":"Berl\u00edn, 17 jun (dpa) - M\u00e1s de setenta a\u00f1os despu\u00e9s del final de la Segunda Guerra Mundial, el paso del tiempo se convierte en el mayor enemigo de la justicia alemana a la hora de juzgar a los \u00faltimos c\u00f3mplices de la maquinaria de exterminio impulsada por el dictador Adolf Hitler. En los \u00faltimos a\u00f1os,","canonical_url":"https:\/\/candas365.es\/noticias\/sentencias-contra-los-nazis-mas-buscados-por-la-justicia-alemana\/","robots":"max-image-preview:large","keywords":"actualidad","webmasterTools":{"google-site-verification":"UA-32230408-1","msvalidate.01":"354F3CDFB2DA171B47FBE9ABF1F88D5","miscellaneous":""},"schema":{"@context":"https:\/\/schema.org","@graph":[{"@type":"BreadcrumbList","@id":"https:\/\/candas365.es\/noticias\/sentencias-contra-los-nazis-mas-buscados-por-la-justicia-alemana\/#breadcrumblist","itemListElement":[{"@type":"ListItem","@id":"https:\/\/candas365.es\/noticias#listItem","position":1,"name":"Home","item":"https:\/\/candas365.es\/noticias","nextItem":{"@type":"ListItem","@id":"https:\/\/candas365.es\/noticias\/category\/actualidad\/#listItem","name":"Actualidad"}},{"@type":"ListItem","@id":"https:\/\/candas365.es\/noticias\/category\/actualidad\/#listItem","position":2,"name":"Actualidad","item":"https:\/\/candas365.es\/noticias\/category\/actualidad\/","nextItem":{"@type":"ListItem","@id":"https:\/\/candas365.es\/noticias\/sentencias-contra-los-nazis-mas-buscados-por-la-justicia-alemana\/#listItem","name":"Sentencias contra los nazis m\u00e1s buscados por la justicia alemana"},"previousItem":{"@type":"ListItem","@id":"https:\/\/candas365.es\/noticias#listItem","name":"Home"}},{"@type":"ListItem","@id":"https:\/\/candas365.es\/noticias\/sentencias-contra-los-nazis-mas-buscados-por-la-justicia-alemana\/#listItem","position":3,"name":"Sentencias contra los nazis m\u00e1s buscados por la justicia alemana","previousItem":{"@type":"ListItem","@id":"https:\/\/candas365.es\/noticias\/category\/actualidad\/#listItem","name":"Actualidad"}}]},{"@type":"NewsArticle","@id":"https:\/\/candas365.es\/noticias\/sentencias-contra-los-nazis-mas-buscados-por-la-justicia-alemana\/#newsarticle","name":"Sentencias contra los nazis m\u00e1s buscados por la justicia alemana | Cand\u00e1s 365","headline":"Sentencias contra los nazis m\u00e1s buscados por la justicia alemana","author":{"@id":"https:\/\/candas365.es\/noticias\/author\/admin\/#author"},"publisher":{"@id":"https:\/\/candas365.es\/noticias\/#organization"},"image":{"@type":"ImageObject","url":"https:\/\/candas365.es\/noticias\/wp-content\/uploads\/2015\/09\/c365noticias.jpg","width":655,"height":360},"datePublished":"2016-06-17T22:35:48+02:00","dateModified":"2016-06-17T22:35:48+02:00","inLanguage":"es-ES","mainEntityOfPage":{"@id":"https:\/\/candas365.es\/noticias\/sentencias-contra-los-nazis-mas-buscados-por-la-justicia-alemana\/#webpage"},"isPartOf":{"@id":"https:\/\/candas365.es\/noticias\/sentencias-contra-los-nazis-mas-buscados-por-la-justicia-alemana\/#webpage"},"articleSection":"Actualidad","dateline":"Publicado el junio 17, 2016."},{"@type":"Organization","@id":"https:\/\/candas365.es\/noticias\/#organization","name":"Cand\u00e1s 365","description":"Cand\u00e1s 365 es un diario digital independiente, fundado en 2012, con base en Asturias. Informamos con rigor sobre actualidad, sociedad, cultura y ocio, con una mirada local y global.","url":"https:\/\/candas365.es\/noticias\/","email":"info@candas365.es","telephone":"+34652131393","foundingDate":"2012-06-10","logo":{"@type":"ImageObject","url":"https:\/\/candas365.es\/noticias\/wp-content\/uploads\/2024\/09\/Candas-365-Redes.jpg","@id":"https:\/\/candas365.es\/noticias\/sentencias-contra-los-nazis-mas-buscados-por-la-justicia-alemana\/#organizationLogo","width":1152,"height":864,"caption":"Cand\u00e1s 365 Redes"},"image":{"@id":"https:\/\/candas365.es\/noticias\/sentencias-contra-los-nazis-mas-buscados-por-la-justicia-alemana\/#organizationLogo"},"sameAs":["https:\/\/www.facebook.com\/Nachofdezber","https:\/\/x.com\/NabercoDigital","https:\/\/www.instagram.com\/nachofdezber\/","https:\/\/www.youtube.com\/channel\/UCZP-2wLEB9Rv6erhFmqVnvg"],"address":{"@id":"https:\/\/candas365.es\/noticias\/#postaladdress","@type":"PostalAddress","streetAddress":"san antonio 4, san antonio 4","postalCode":"33430","addressLocality":"Cand\u00e1s","addressRegion":"Asturias","addressCountry":"ES"}},{"@type":"Person","@id":"https:\/\/candas365.es\/noticias\/author\/admin\/#author","url":"https:\/\/candas365.es\/noticias\/author\/admin\/","name":"Cand\u00e1s 365","image":{"@type":"ImageObject","@id":"https:\/\/candas365.es\/noticias\/sentencias-contra-los-nazis-mas-buscados-por-la-justicia-alemana\/#authorImage","url":"https:\/\/secure.gravatar.com\/avatar\/496a8e03d0c493ede1718b7934145dbdf8d89be1036b0eec9544e1094c9de390?s=96&d=mm&r=g","width":96,"height":96,"caption":"Cand\u00e1s 365"},"sameAs":["https:\/\/www.facebook.com\/carrenoactualidad","https:\/\/twitter.com\/nbasturias","https:\/\/www.instagram.com\/nachofdezber\/","https:\/\/www.youtube.com\/channel\/UCZP-2wLEB9Rv6erhFmqVnvg"]},{"@type":"WebPage","@id":"https:\/\/candas365.es\/noticias\/sentencias-contra-los-nazis-mas-buscados-por-la-justicia-alemana\/#webpage","url":"https:\/\/candas365.es\/noticias\/sentencias-contra-los-nazis-mas-buscados-por-la-justicia-alemana\/","name":"Sentencias contra los nazis m\u00e1s buscados por la justicia alemana | Cand\u00e1s 365","description":"Berl\u00edn, 17 jun (dpa) - M\u00e1s de setenta a\u00f1os despu\u00e9s del final de la Segunda Guerra Mundial, el paso del tiempo se convierte en el mayor enemigo de la justicia alemana a la hora de juzgar a los \u00faltimos c\u00f3mplices de la maquinaria de exterminio impulsada por el dictador Adolf Hitler. En los \u00faltimos a\u00f1os,","inLanguage":"es-ES","isPartOf":{"@id":"https:\/\/candas365.es\/noticias\/#website"},"breadcrumb":{"@id":"https:\/\/candas365.es\/noticias\/sentencias-contra-los-nazis-mas-buscados-por-la-justicia-alemana\/#breadcrumblist"},"author":{"@id":"https:\/\/candas365.es\/noticias\/author\/admin\/#author"},"creator":{"@id":"https:\/\/candas365.es\/noticias\/author\/admin\/#author"},"image":{"@type":"ImageObject","url":"https:\/\/candas365.es\/noticias\/wp-content\/uploads\/2015\/09\/c365noticias.jpg","@id":"https:\/\/candas365.es\/noticias\/sentencias-contra-los-nazis-mas-buscados-por-la-justicia-alemana\/#mainImage","width":655,"height":360},"primaryImageOfPage":{"@id":"https:\/\/candas365.es\/noticias\/sentencias-contra-los-nazis-mas-buscados-por-la-justicia-alemana\/#mainImage"},"datePublished":"2016-06-17T22:35:48+02:00","dateModified":"2016-06-17T22:35:48+02:00"},{"@type":"WebSite","@id":"https:\/\/candas365.es\/noticias\/#website","url":"https:\/\/candas365.es\/noticias\/","name":"Cand\u00e1s 365","alternateName":"Cand\u00e1s 365 Noticias","description":"Actualidad desde Carre\u00f1o para el mundo","inLanguage":"es-ES","publisher":{"@id":"https:\/\/candas365.es\/noticias\/#organization"}}]},"og:locale":"es_ES","og:site_name":"Cand\u00e1s 365","og:type":"article","og:title":"Sentencias contra los nazis m\u00e1s buscados por la justicia alemana | Cand\u00e1s 365","og:description":"Berl\u00edn, 17 jun (dpa) - M\u00e1s de setenta a\u00f1os despu\u00e9s del final de la Segunda Guerra Mundial, el paso del tiempo se convierte en el mayor enemigo de la justicia alemana a la hora de juzgar a los \u00faltimos c\u00f3mplices de la maquinaria de exterminio impulsada por el dictador Adolf Hitler. En los \u00faltimos a\u00f1os,","og:url":"https:\/\/candas365.es\/noticias\/sentencias-contra-los-nazis-mas-buscados-por-la-justicia-alemana\/","og:image":"https:\/\/candas365.es\/noticias\/wp-content\/uploads\/2015\/09\/c365noticias.jpg","og:image:secure_url":"https:\/\/candas365.es\/noticias\/wp-content\/uploads\/2015\/09\/c365noticias.jpg","og:image:width":655,"og:image:height":360,"article:published_time":"2016-06-17T21:05:48+00:00","article:modified_time":"2016-06-17T21:05:48+00:00","article:publisher":"https:\/\/www.facebook.com\/Nachofdezber","article:author":"https:\/\/www.facebook.com\/carrenoactualidad","twitter:card":"summary_large_image","twitter:site":"@NabercoDigital","twitter:title":"Sentencias contra los nazis m\u00e1s buscados por la justicia alemana | Cand\u00e1s 365","twitter:description":"Berl\u00edn, 17 jun (dpa) - M\u00e1s de setenta a\u00f1os despu\u00e9s del final de la Segunda Guerra Mundial, el paso del tiempo se convierte en el mayor enemigo de la justicia alemana a la hora de juzgar a los \u00faltimos c\u00f3mplices de la maquinaria de exterminio impulsada por el dictador Adolf Hitler. En los \u00faltimos a\u00f1os,","twitter:creator":"@nbasturias","twitter:image":"https:\/\/candas365.es\/noticias\/wp-content\/uploads\/2015\/09\/c365noticias.jpg","twitter:label1":"Escrito por","twitter:data1":"Cand\u00e1s 365","twitter:label2":"Tiempo de lectura estimado","twitter:data2":"2 minutos"},"aioseo_meta_data":{"post_id":"30593","title":null,"description":null,"keywords":null,"keyphrases":null,"primary_term":null,"canonical_url":null,"og_title":null,"og_description":null,"og_object_type":"default","og_image_type":"default","og_image_url":null,"og_image_width":null,"og_image_height":null,"og_image_custom_url":null,"og_image_custom_fields":null,"og_video":null,"og_custom_url":null,"og_article_section":null,"og_article_tags":null,"twitter_use_og":false,"twitter_card":"default","twitter_image_type":"default","twitter_image_url":null,"twitter_image_custom_url":null,"twitter_image_custom_fields":null,"twitter_title":null,"twitter_description":null,"schema":{"blockGraphs":[],"customGraphs":[],"default":{"data":{"Article":[],"Course":[],"Dataset":[],"FAQPage":[],"Movie":[],"Person":[],"Product":[],"ProductReview":[],"Car":[],"Recipe":[],"Service":[],"SoftwareApplication":[],"WebPage":[]},"graphName":"","isEnabled":true},"graphs":[],"defaultGraph":"","defaultPostTypeGraph":""},"schema_type":null,"schema_type_options":null,"pillar_content":false,"robots_default":true,"robots_noindex":false,"robots_noarchive":false,"robots_nosnippet":false,"robots_nofollow":false,"robots_noimageindex":false,"robots_noodp":false,"robots_notranslate":false,"robots_max_snippet":null,"robots_max_videopreview":null,"robots_max_imagepreview":"large","priority":null,"frequency":null,"location":null,"local_seo":null,"seo_analyzer_scan_date":"2025-08-24 12:44:14","breadcrumb_settings":null,"limit_modified_date":false,"reviewed_by":null,"open_ai":null,"ai":null,"created":"2020-12-21 12:58:50","updated":"2025-08-24 12:44:14"},"aioseo_breadcrumb":"<div class=\"aioseo-breadcrumbs\"><span class=\"aioseo-breadcrumb\">\n\t<a href=\"https:\/\/candas365.es\/noticias\" title=\"Home\">Home<\/a>\n<\/span><span class=\"aioseo-breadcrumb-separator\">&ndash;<\/span><span class=\"aioseo-breadcrumb\">\n\t<a href=\"https:\/\/candas365.es\/noticias\/category\/actualidad\/\" title=\"Actualidad\">Actualidad<\/a>\n<\/span><span class=\"aioseo-breadcrumb-separator\">&ndash;<\/span><span class=\"aioseo-breadcrumb\">\n\tSentencias contra los nazis m\u00e1s buscados por la justicia alemana\n<\/span><\/div>","aioseo_breadcrumb_json":[{"label":"Home","link":"https:\/\/candas365.es\/noticias"},{"label":"Actualidad","link":"https:\/\/candas365.es\/noticias\/category\/actualidad\/"},{"label":"Sentencias contra los nazis m\u00e1s buscados por la justicia alemana","link":"https:\/\/candas365.es\/noticias\/sentencias-contra-los-nazis-mas-buscados-por-la-justicia-alemana\/"}],"_links":{"self":[{"href":"https:\/\/candas365.es\/noticias\/wp-json\/wp\/v2\/posts\/30593","targetHints":{"allow":["GET"]}}],"collection":[{"href":"https:\/\/candas365.es\/noticias\/wp-json\/wp\/v2\/posts"}],"about":[{"href":"https:\/\/candas365.es\/noticias\/wp-json\/wp\/v2\/types\/post"}],"author":[{"embeddable":true,"href":"https:\/\/candas365.es\/noticias\/wp-json\/wp\/v2\/users\/1"}],"replies":[{"embeddable":true,"href":"https:\/\/candas365.es\/noticias\/wp-json\/wp\/v2\/comments?post=30593"}],"version-history":[{"count":0,"href":"https:\/\/candas365.es\/noticias\/wp-json\/wp\/v2\/posts\/30593\/revisions"}],"wp:featuredmedia":[{"embeddable":true,"href":"https:\/\/candas365.es\/noticias\/wp-json\/wp\/v2\/media\/16457"}],"wp:attachment":[{"href":"https:\/\/candas365.es\/noticias\/wp-json\/wp\/v2\/media?parent=30593"}],"wp:term":[{"taxonomy":"category","embeddable":true,"href":"https:\/\/candas365.es\/noticias\/wp-json\/wp\/v2\/categories?post=30593"},{"taxonomy":"post_tag","embeddable":true,"href":"https:\/\/candas365.es\/noticias\/wp-json\/wp\/v2\/tags?post=30593"}],"curies":[{"name":"wp","href":"https:\/\/api.w.org\/{rel}","templated":true}]}}