{"id":30591,"date":"2016-06-17T22:34:59","date_gmt":"2016-06-17T21:04:59","guid":{"rendered":"http:\/\/candas365.es\/noticias\/?p=30591"},"modified":"2016-06-17T22:34:59","modified_gmt":"2016-06-17T21:04:59","slug":"condenan-a-ex-guardia-de-auschwitz-a-cinco-anos-de-carcel","status":"publish","type":"post","link":"https:\/\/candas365.es\/noticias\/condenan-a-ex-guardia-de-auschwitz-a-cinco-anos-de-carcel\/","title":{"rendered":"Condenan a ex guardia de Auschwitz a cinco a\u00f1os de c\u00e1rcel"},"content":{"rendered":"<p>Detmold (Alemania), 17 jun (dpa) &#8211; El ex guardia del campo de exterminio nazi de Auschwitz Reinhold Hanning, de 94 a\u00f1os, fue condenado hoy a cinco a\u00f1os de c\u00e1rcel por la Justicia alemana por su relaci\u00f3n con la muerte de al menos 170.000 personas.<\/p>\n<p>\u00abEstuvo poco menos de dos a\u00f1os y medio en Auschwitz y contribuy\u00f3 con ello al asesinato en masa\u00bb, afirm\u00f3 la juez Anke Grudda del tribunal regional de Detmold, en el oeste de Alemania, al dar a conocer el veredicto<\/p>\n<p>Durante el juicio, el acusado admiti\u00f3 haber sido miembro de las temidas SS del dictador Adolf Hitler y haber tenido conocimiento de los asesinatos. Asimismo, qued\u00f3 probado que era consciente de que el sistema de exterminio nazi s\u00f3lo pod\u00eda funcionar si las v\u00edctimas eran vigiladas por personas como \u00e9l.<\/p>\n<p>La defensa hab\u00eda pedido la libre absoluci\u00f3n en base a la ausencia de indicios de la participaci\u00f3n directa del acusado en hechos concretos. Mientras, la Fiscal\u00eda hab\u00eda solicitado seis a\u00f1os de c\u00e1rcel.<\/p>\n<p>El tribunal vio probado que Hanning, originario del distrito de Lippe (en Detmold), ayud\u00f3 entre los a\u00f1os 1943 y 1944 al asesinato de al menos 170.000 personas, sobre todo jud\u00edos procedentes de Hungr\u00eda.<\/p>\n<p>Hanning estuvo presente en el campo en la llamada \u00abOperaci\u00f3n Hungr\u00eda\u00bb, durante la cual vio la deportaci\u00f3n de 425.000 jud\u00edos h\u00fangaros a Auschwitz durante un periodo de tres meses en 1944. La mayor\u00eda de ellos fueron asesinados en la c\u00e1mara de gas a su llegada al campo.<\/p>\n<p>En el periodo en el que Hanning estuvo en el campo de exterminio nazi llegaron 92 convoyes ferroviarios con v\u00edctimas jud\u00edas de las deportaciones. Quienes no estaban en condiciones de trabajar eran llevados directamente a las c\u00e1maras de gas. Tambi\u00e9n hubo ejecuciones masivas y muchos murieron por las condiciones inhumanas en el campo.<\/p>\n<p>En total, durante la Segunda Guerra Mundial fueron asesinadas m\u00e1s de un mill\u00f3n de personas en Auschwitz.<\/p>\n<p>El caso es resultado de una serie de recientes pesquisas contra ex miembros de las tropas parapoliciales SS y reflejo del cambio de enfoque de la Justicia alemana, que se afana por esclarecer los cr\u00edmenes nazis revisando antiguos casos, en una carrera contrarreloj debido a la avanzada edad de los sospechosos.<\/p>\n<p>Este cambio de enfoque vino propiciado por la condena de John Demjanjuk a cinco a\u00f1os de prisi\u00f3n en 2011 por complicidad en m\u00e1s de 28.000 asesinatos en el campo de exterminio de Sobibor.<\/p>\n<p>Hasta entonces las Fiscal\u00edas alemanas s\u00f3lo presentaban demandas contra aquellos sobre los que pod\u00edan demostrar una participaci\u00f3n directa en los delitos, debido a una sentencia de 1969 de la Corte Suprema de Alemania que sosten\u00eda que no todo aquel que estuvo involucrado en la maquinaria asesina de los campos de concentraci\u00f3n pod\u00eda ser responsabilizado por todo lo que ocurri\u00f3 dentro.<\/p>\n","protected":false},"excerpt":{"rendered":"<p>Detmold (Alemania), 17 jun (dpa) &#8211; El ex guardia del campo de exterminio nazi de Auschwitz Reinhold Hanning, de 94 a\u00f1os, fue condenado hoy a cinco a\u00f1os de c\u00e1rcel por la Justicia alemana por su relaci\u00f3n con la muerte de al menos 170.000 personas. \u00abEstuvo poco menos de dos a\u00f1os y medio en Auschwitz y<\/p>\n","protected":false},"author":1,"featured_media":16457,"comment_status":"closed","ping_status":"closed","sticky":false,"template":"","format":"standard","meta":{"footnotes":""},"categories":[343],"tags":[],"class_list":{"0":"post-30591","1":"post","2":"type-post","3":"status-publish","4":"format-standard","5":"has-post-thumbnail","7":"category-actualidad"},"aioseo_notices":[],"aioseo_head":"\n\t\t<!-- All in One SEO Pro 4.9.6.2 - aioseo.com -->\n\t<meta name=\"description\" content=\"Detmold (Alemania), 17 jun (dpa) - El ex guardia del campo de exterminio nazi de Auschwitz Reinhold Hanning, de 94 a\u00f1os, fue condenado hoy a cinco a\u00f1os de c\u00e1rcel por la Justicia alemana por su relaci\u00f3n con la muerte de al menos 170.000 personas. &quot;Estuvo poco menos de dos a\u00f1os y medio en Auschwitz y\" \/>\n\t<meta name=\"robots\" content=\"max-image-preview:large\" \/>\n\t<meta name=\"author\" content=\"Cand\u00e1s 365\"\/>\n\t<meta name=\"google-site-verification\" content=\"UA-32230408-1\" \/>\n\t<meta name=\"msvalidate.01\" content=\"354F3CDFB2DA171B47FBE9ABF1F88D5\" \/>\n\t<meta name=\"keywords\" content=\"actualidad\" \/>\n\t<link rel=\"canonical\" href=\"https:\/\/candas365.es\/noticias\/condenan-a-ex-guardia-de-auschwitz-a-cinco-anos-de-carcel\/\" \/>\n\t<meta name=\"generator\" content=\"All in One SEO Pro (AIOSEO) 4.9.6.2\" \/>\n\t\t<meta property=\"og:locale\" content=\"es_ES\" \/>\n\t\t<meta property=\"og:site_name\" content=\"Cand\u00e1s 365\" \/>\n\t\t<meta property=\"og:type\" content=\"article\" \/>\n\t\t<meta property=\"og:title\" content=\"Condenan a ex guardia de Auschwitz a cinco a\u00f1os de c\u00e1rcel | Cand\u00e1s 365\" \/>\n\t\t<meta property=\"og:description\" content=\"Detmold (Alemania), 17 jun (dpa) - El ex guardia del campo de exterminio nazi de Auschwitz Reinhold Hanning, de 94 a\u00f1os, fue condenado hoy a cinco a\u00f1os de c\u00e1rcel por la Justicia alemana por su relaci\u00f3n con la muerte de al menos 170.000 personas. &quot;Estuvo poco menos de dos a\u00f1os y medio en Auschwitz y\" \/>\n\t\t<meta property=\"og:url\" content=\"https:\/\/candas365.es\/noticias\/condenan-a-ex-guardia-de-auschwitz-a-cinco-anos-de-carcel\/\" \/>\n\t\t<meta property=\"og:image\" content=\"https:\/\/candas365.es\/noticias\/wp-content\/uploads\/2015\/09\/c365noticias.jpg\" \/>\n\t\t<meta property=\"og:image:secure_url\" content=\"https:\/\/candas365.es\/noticias\/wp-content\/uploads\/2015\/09\/c365noticias.jpg\" \/>\n\t\t<meta property=\"og:image:width\" content=\"655\" \/>\n\t\t<meta property=\"og:image:height\" content=\"360\" \/>\n\t\t<meta property=\"article:published_time\" content=\"2016-06-17T21:04:59+00:00\" \/>\n\t\t<meta property=\"article:modified_time\" content=\"2016-06-17T21:04:59+00:00\" \/>\n\t\t<meta property=\"article:publisher\" content=\"https:\/\/www.facebook.com\/Nachofdezber\" \/>\n\t\t<meta property=\"article:author\" content=\"https:\/\/www.facebook.com\/carrenoactualidad\" \/>\n\t\t<meta name=\"twitter:card\" content=\"summary_large_image\" \/>\n\t\t<meta name=\"twitter:site\" content=\"@NabercoDigital\" \/>\n\t\t<meta name=\"twitter:title\" content=\"Condenan a ex guardia de Auschwitz a cinco a\u00f1os de c\u00e1rcel | Cand\u00e1s 365\" \/>\n\t\t<meta name=\"twitter:description\" content=\"Detmold (Alemania), 17 jun (dpa) - El ex guardia del campo de exterminio nazi de Auschwitz Reinhold Hanning, de 94 a\u00f1os, fue condenado hoy a cinco a\u00f1os de c\u00e1rcel por la Justicia alemana por su relaci\u00f3n con la muerte de al menos 170.000 personas. &quot;Estuvo poco menos de dos a\u00f1os y medio en Auschwitz y\" \/>\n\t\t<meta name=\"twitter:creator\" content=\"@nbasturias\" \/>\n\t\t<meta name=\"twitter:image\" content=\"https:\/\/candas365.es\/noticias\/wp-content\/uploads\/2015\/09\/c365noticias.jpg\" \/>\n\t\t<meta name=\"twitter:label1\" content=\"Escrito por\" \/>\n\t\t<meta name=\"twitter:data1\" content=\"Cand\u00e1s 365\" \/>\n\t\t<meta name=\"twitter:label2\" content=\"Tiempo de lectura estimado\" \/>\n\t\t<meta name=\"twitter:data2\" content=\"2 minutos\" \/>\n\t\t<script type=\"application\/ld+json\" class=\"aioseo-schema\">\n\t\t\t{\"@context\":\"https:\\\/\\\/schema.org\",\"@graph\":[{\"@type\":\"BreadcrumbList\",\"@id\":\"https:\\\/\\\/candas365.es\\\/noticias\\\/condenan-a-ex-guardia-de-auschwitz-a-cinco-anos-de-carcel\\\/#breadcrumblist\",\"itemListElement\":[{\"@type\":\"ListItem\",\"@id\":\"https:\\\/\\\/candas365.es\\\/noticias#listItem\",\"position\":1,\"name\":\"Home\",\"item\":\"https:\\\/\\\/candas365.es\\\/noticias\",\"nextItem\":{\"@type\":\"ListItem\",\"@id\":\"https:\\\/\\\/candas365.es\\\/noticias\\\/category\\\/actualidad\\\/#listItem\",\"name\":\"Actualidad\"}},{\"@type\":\"ListItem\",\"@id\":\"https:\\\/\\\/candas365.es\\\/noticias\\\/category\\\/actualidad\\\/#listItem\",\"position\":2,\"name\":\"Actualidad\",\"item\":\"https:\\\/\\\/candas365.es\\\/noticias\\\/category\\\/actualidad\\\/\",\"nextItem\":{\"@type\":\"ListItem\",\"@id\":\"https:\\\/\\\/candas365.es\\\/noticias\\\/condenan-a-ex-guardia-de-auschwitz-a-cinco-anos-de-carcel\\\/#listItem\",\"name\":\"Condenan a ex guardia de Auschwitz a cinco a\\u00f1os de c\\u00e1rcel\"},\"previousItem\":{\"@type\":\"ListItem\",\"@id\":\"https:\\\/\\\/candas365.es\\\/noticias#listItem\",\"name\":\"Home\"}},{\"@type\":\"ListItem\",\"@id\":\"https:\\\/\\\/candas365.es\\\/noticias\\\/condenan-a-ex-guardia-de-auschwitz-a-cinco-anos-de-carcel\\\/#listItem\",\"position\":3,\"name\":\"Condenan a ex guardia de Auschwitz a cinco a\\u00f1os de c\\u00e1rcel\",\"previousItem\":{\"@type\":\"ListItem\",\"@id\":\"https:\\\/\\\/candas365.es\\\/noticias\\\/category\\\/actualidad\\\/#listItem\",\"name\":\"Actualidad\"}}]},{\"@type\":\"NewsArticle\",\"@id\":\"https:\\\/\\\/candas365.es\\\/noticias\\\/condenan-a-ex-guardia-de-auschwitz-a-cinco-anos-de-carcel\\\/#newsarticle\",\"name\":\"Condenan a ex guardia de Auschwitz a cinco a\\u00f1os de c\\u00e1rcel | Cand\\u00e1s 365\",\"headline\":\"Condenan a ex guardia de Auschwitz a cinco a\\u00f1os de c\\u00e1rcel\",\"author\":{\"@id\":\"https:\\\/\\\/candas365.es\\\/noticias\\\/author\\\/admin\\\/#author\"},\"publisher\":{\"@id\":\"https:\\\/\\\/candas365.es\\\/noticias\\\/#organization\"},\"image\":{\"@type\":\"ImageObject\",\"url\":\"https:\\\/\\\/candas365.es\\\/noticias\\\/wp-content\\\/uploads\\\/2015\\\/09\\\/c365noticias.jpg\",\"width\":655,\"height\":360},\"datePublished\":\"2016-06-17T22:34:59+02:00\",\"dateModified\":\"2016-06-17T22:34:59+02:00\",\"inLanguage\":\"es-ES\",\"mainEntityOfPage\":{\"@id\":\"https:\\\/\\\/candas365.es\\\/noticias\\\/condenan-a-ex-guardia-de-auschwitz-a-cinco-anos-de-carcel\\\/#webpage\"},\"isPartOf\":{\"@id\":\"https:\\\/\\\/candas365.es\\\/noticias\\\/condenan-a-ex-guardia-de-auschwitz-a-cinco-anos-de-carcel\\\/#webpage\"},\"articleSection\":\"Actualidad\",\"dateline\":\"Publicado el junio 17, 2016.\"},{\"@type\":\"Organization\",\"@id\":\"https:\\\/\\\/candas365.es\\\/noticias\\\/#organization\",\"name\":\"Cand\\u00e1s 365\",\"description\":\"Cand\\u00e1s 365 es un diario digital independiente, fundado en 2012, con base en Asturias. Informamos con rigor sobre actualidad, sociedad, cultura y ocio, con una mirada local y global.\",\"url\":\"https:\\\/\\\/candas365.es\\\/noticias\\\/\",\"email\":\"info@candas365.es\",\"telephone\":\"+34652131393\",\"foundingDate\":\"2012-06-10\",\"logo\":{\"@type\":\"ImageObject\",\"url\":\"https:\\\/\\\/candas365.es\\\/noticias\\\/wp-content\\\/uploads\\\/2024\\\/09\\\/Candas-365-Redes.jpg\",\"@id\":\"https:\\\/\\\/candas365.es\\\/noticias\\\/condenan-a-ex-guardia-de-auschwitz-a-cinco-anos-de-carcel\\\/#organizationLogo\",\"width\":1152,\"height\":864,\"caption\":\"Cand\\u00e1s 365 Redes\"},\"image\":{\"@id\":\"https:\\\/\\\/candas365.es\\\/noticias\\\/condenan-a-ex-guardia-de-auschwitz-a-cinco-anos-de-carcel\\\/#organizationLogo\"},\"sameAs\":[\"https:\\\/\\\/www.facebook.com\\\/Nachofdezber\",\"https:\\\/\\\/x.com\\\/NabercoDigital\",\"https:\\\/\\\/www.instagram.com\\\/nachofdezber\\\/\",\"https:\\\/\\\/www.youtube.com\\\/channel\\\/UCZP-2wLEB9Rv6erhFmqVnvg\"],\"address\":{\"@id\":\"https:\\\/\\\/candas365.es\\\/noticias\\\/#postaladdress\",\"@type\":\"PostalAddress\",\"streetAddress\":\"san antonio 4, san antonio 4\",\"postalCode\":\"33430\",\"addressLocality\":\"Cand\\u00e1s\",\"addressRegion\":\"Asturias\",\"addressCountry\":\"ES\"}},{\"@type\":\"Person\",\"@id\":\"https:\\\/\\\/candas365.es\\\/noticias\\\/author\\\/admin\\\/#author\",\"url\":\"https:\\\/\\\/candas365.es\\\/noticias\\\/author\\\/admin\\\/\",\"name\":\"Cand\\u00e1s 365\",\"image\":{\"@type\":\"ImageObject\",\"@id\":\"https:\\\/\\\/candas365.es\\\/noticias\\\/condenan-a-ex-guardia-de-auschwitz-a-cinco-anos-de-carcel\\\/#authorImage\",\"url\":\"https:\\\/\\\/secure.gravatar.com\\\/avatar\\\/496a8e03d0c493ede1718b7934145dbdf8d89be1036b0eec9544e1094c9de390?s=96&d=mm&r=g\",\"width\":96,\"height\":96,\"caption\":\"Cand\\u00e1s 365\"},\"sameAs\":[\"https:\\\/\\\/www.facebook.com\\\/carrenoactualidad\",\"https:\\\/\\\/twitter.com\\\/nbasturias\",\"https:\\\/\\\/www.instagram.com\\\/nachofdezber\\\/\",\"https:\\\/\\\/www.youtube.com\\\/channel\\\/UCZP-2wLEB9Rv6erhFmqVnvg\"]},{\"@type\":\"WebPage\",\"@id\":\"https:\\\/\\\/candas365.es\\\/noticias\\\/condenan-a-ex-guardia-de-auschwitz-a-cinco-anos-de-carcel\\\/#webpage\",\"url\":\"https:\\\/\\\/candas365.es\\\/noticias\\\/condenan-a-ex-guardia-de-auschwitz-a-cinco-anos-de-carcel\\\/\",\"name\":\"Condenan a ex guardia de Auschwitz a cinco a\\u00f1os de c\\u00e1rcel | Cand\\u00e1s 365\",\"description\":\"Detmold (Alemania), 17 jun (dpa) - El ex guardia del campo de exterminio nazi de Auschwitz Reinhold Hanning, de 94 a\\u00f1os, fue condenado hoy a cinco a\\u00f1os de c\\u00e1rcel por la Justicia alemana por su relaci\\u00f3n con la muerte de al menos 170.000 personas. \\\"Estuvo poco menos de dos a\\u00f1os y medio en Auschwitz y\",\"inLanguage\":\"es-ES\",\"isPartOf\":{\"@id\":\"https:\\\/\\\/candas365.es\\\/noticias\\\/#website\"},\"breadcrumb\":{\"@id\":\"https:\\\/\\\/candas365.es\\\/noticias\\\/condenan-a-ex-guardia-de-auschwitz-a-cinco-anos-de-carcel\\\/#breadcrumblist\"},\"author\":{\"@id\":\"https:\\\/\\\/candas365.es\\\/noticias\\\/author\\\/admin\\\/#author\"},\"creator\":{\"@id\":\"https:\\\/\\\/candas365.es\\\/noticias\\\/author\\\/admin\\\/#author\"},\"image\":{\"@type\":\"ImageObject\",\"url\":\"https:\\\/\\\/candas365.es\\\/noticias\\\/wp-content\\\/uploads\\\/2015\\\/09\\\/c365noticias.jpg\",\"@id\":\"https:\\\/\\\/candas365.es\\\/noticias\\\/condenan-a-ex-guardia-de-auschwitz-a-cinco-anos-de-carcel\\\/#mainImage\",\"width\":655,\"height\":360},\"primaryImageOfPage\":{\"@id\":\"https:\\\/\\\/candas365.es\\\/noticias\\\/condenan-a-ex-guardia-de-auschwitz-a-cinco-anos-de-carcel\\\/#mainImage\"},\"datePublished\":\"2016-06-17T22:34:59+02:00\",\"dateModified\":\"2016-06-17T22:34:59+02:00\"},{\"@type\":\"WebSite\",\"@id\":\"https:\\\/\\\/candas365.es\\\/noticias\\\/#website\",\"url\":\"https:\\\/\\\/candas365.es\\\/noticias\\\/\",\"name\":\"Cand\\u00e1s 365\",\"alternateName\":\"Cand\\u00e1s 365 Noticias\",\"description\":\"Actualidad desde Carre\\u00f1o para el mundo\",\"inLanguage\":\"es-ES\",\"publisher\":{\"@id\":\"https:\\\/\\\/candas365.es\\\/noticias\\\/#organization\"}}]}\n\t\t<\/script>\n\t\t<!-- All in One SEO Pro -->\r\n\t\t<title>Condenan a ex guardia de Auschwitz a cinco a\u00f1os de c\u00e1rcel | Cand\u00e1s 365<\/title>\n\n","aioseo_head_json":{"title":"Condenan a ex guardia de Auschwitz a cinco a\u00f1os de c\u00e1rcel | Cand\u00e1s 365","description":"Detmold (Alemania), 17 jun (dpa) - El ex guardia del campo de exterminio nazi de Auschwitz Reinhold Hanning, de 94 a\u00f1os, fue condenado hoy a cinco a\u00f1os de c\u00e1rcel por la Justicia alemana por su relaci\u00f3n con la muerte de al menos 170.000 personas. \"Estuvo poco menos de dos a\u00f1os y medio en Auschwitz y","canonical_url":"https:\/\/candas365.es\/noticias\/condenan-a-ex-guardia-de-auschwitz-a-cinco-anos-de-carcel\/","robots":"max-image-preview:large","keywords":"actualidad","webmasterTools":{"google-site-verification":"UA-32230408-1","msvalidate.01":"354F3CDFB2DA171B47FBE9ABF1F88D5","miscellaneous":""},"schema":{"@context":"https:\/\/schema.org","@graph":[{"@type":"BreadcrumbList","@id":"https:\/\/candas365.es\/noticias\/condenan-a-ex-guardia-de-auschwitz-a-cinco-anos-de-carcel\/#breadcrumblist","itemListElement":[{"@type":"ListItem","@id":"https:\/\/candas365.es\/noticias#listItem","position":1,"name":"Home","item":"https:\/\/candas365.es\/noticias","nextItem":{"@type":"ListItem","@id":"https:\/\/candas365.es\/noticias\/category\/actualidad\/#listItem","name":"Actualidad"}},{"@type":"ListItem","@id":"https:\/\/candas365.es\/noticias\/category\/actualidad\/#listItem","position":2,"name":"Actualidad","item":"https:\/\/candas365.es\/noticias\/category\/actualidad\/","nextItem":{"@type":"ListItem","@id":"https:\/\/candas365.es\/noticias\/condenan-a-ex-guardia-de-auschwitz-a-cinco-anos-de-carcel\/#listItem","name":"Condenan a ex guardia de Auschwitz a cinco a\u00f1os de c\u00e1rcel"},"previousItem":{"@type":"ListItem","@id":"https:\/\/candas365.es\/noticias#listItem","name":"Home"}},{"@type":"ListItem","@id":"https:\/\/candas365.es\/noticias\/condenan-a-ex-guardia-de-auschwitz-a-cinco-anos-de-carcel\/#listItem","position":3,"name":"Condenan a ex guardia de Auschwitz a cinco a\u00f1os de c\u00e1rcel","previousItem":{"@type":"ListItem","@id":"https:\/\/candas365.es\/noticias\/category\/actualidad\/#listItem","name":"Actualidad"}}]},{"@type":"NewsArticle","@id":"https:\/\/candas365.es\/noticias\/condenan-a-ex-guardia-de-auschwitz-a-cinco-anos-de-carcel\/#newsarticle","name":"Condenan a ex guardia de Auschwitz a cinco a\u00f1os de c\u00e1rcel | Cand\u00e1s 365","headline":"Condenan a ex guardia de Auschwitz a cinco a\u00f1os de c\u00e1rcel","author":{"@id":"https:\/\/candas365.es\/noticias\/author\/admin\/#author"},"publisher":{"@id":"https:\/\/candas365.es\/noticias\/#organization"},"image":{"@type":"ImageObject","url":"https:\/\/candas365.es\/noticias\/wp-content\/uploads\/2015\/09\/c365noticias.jpg","width":655,"height":360},"datePublished":"2016-06-17T22:34:59+02:00","dateModified":"2016-06-17T22:34:59+02:00","inLanguage":"es-ES","mainEntityOfPage":{"@id":"https:\/\/candas365.es\/noticias\/condenan-a-ex-guardia-de-auschwitz-a-cinco-anos-de-carcel\/#webpage"},"isPartOf":{"@id":"https:\/\/candas365.es\/noticias\/condenan-a-ex-guardia-de-auschwitz-a-cinco-anos-de-carcel\/#webpage"},"articleSection":"Actualidad","dateline":"Publicado el junio 17, 2016."},{"@type":"Organization","@id":"https:\/\/candas365.es\/noticias\/#organization","name":"Cand\u00e1s 365","description":"Cand\u00e1s 365 es un diario digital independiente, fundado en 2012, con base en Asturias. Informamos con rigor sobre actualidad, sociedad, cultura y ocio, con una mirada local y global.","url":"https:\/\/candas365.es\/noticias\/","email":"info@candas365.es","telephone":"+34652131393","foundingDate":"2012-06-10","logo":{"@type":"ImageObject","url":"https:\/\/candas365.es\/noticias\/wp-content\/uploads\/2024\/09\/Candas-365-Redes.jpg","@id":"https:\/\/candas365.es\/noticias\/condenan-a-ex-guardia-de-auschwitz-a-cinco-anos-de-carcel\/#organizationLogo","width":1152,"height":864,"caption":"Cand\u00e1s 365 Redes"},"image":{"@id":"https:\/\/candas365.es\/noticias\/condenan-a-ex-guardia-de-auschwitz-a-cinco-anos-de-carcel\/#organizationLogo"},"sameAs":["https:\/\/www.facebook.com\/Nachofdezber","https:\/\/x.com\/NabercoDigital","https:\/\/www.instagram.com\/nachofdezber\/","https:\/\/www.youtube.com\/channel\/UCZP-2wLEB9Rv6erhFmqVnvg"],"address":{"@id":"https:\/\/candas365.es\/noticias\/#postaladdress","@type":"PostalAddress","streetAddress":"san antonio 4, san antonio 4","postalCode":"33430","addressLocality":"Cand\u00e1s","addressRegion":"Asturias","addressCountry":"ES"}},{"@type":"Person","@id":"https:\/\/candas365.es\/noticias\/author\/admin\/#author","url":"https:\/\/candas365.es\/noticias\/author\/admin\/","name":"Cand\u00e1s 365","image":{"@type":"ImageObject","@id":"https:\/\/candas365.es\/noticias\/condenan-a-ex-guardia-de-auschwitz-a-cinco-anos-de-carcel\/#authorImage","url":"https:\/\/secure.gravatar.com\/avatar\/496a8e03d0c493ede1718b7934145dbdf8d89be1036b0eec9544e1094c9de390?s=96&d=mm&r=g","width":96,"height":96,"caption":"Cand\u00e1s 365"},"sameAs":["https:\/\/www.facebook.com\/carrenoactualidad","https:\/\/twitter.com\/nbasturias","https:\/\/www.instagram.com\/nachofdezber\/","https:\/\/www.youtube.com\/channel\/UCZP-2wLEB9Rv6erhFmqVnvg"]},{"@type":"WebPage","@id":"https:\/\/candas365.es\/noticias\/condenan-a-ex-guardia-de-auschwitz-a-cinco-anos-de-carcel\/#webpage","url":"https:\/\/candas365.es\/noticias\/condenan-a-ex-guardia-de-auschwitz-a-cinco-anos-de-carcel\/","name":"Condenan a ex guardia de Auschwitz a cinco a\u00f1os de c\u00e1rcel | Cand\u00e1s 365","description":"Detmold (Alemania), 17 jun (dpa) - El ex guardia del campo de exterminio nazi de Auschwitz Reinhold Hanning, de 94 a\u00f1os, fue condenado hoy a cinco a\u00f1os de c\u00e1rcel por la Justicia alemana por su relaci\u00f3n con la muerte de al menos 170.000 personas. \"Estuvo poco menos de dos a\u00f1os y medio en Auschwitz y","inLanguage":"es-ES","isPartOf":{"@id":"https:\/\/candas365.es\/noticias\/#website"},"breadcrumb":{"@id":"https:\/\/candas365.es\/noticias\/condenan-a-ex-guardia-de-auschwitz-a-cinco-anos-de-carcel\/#breadcrumblist"},"author":{"@id":"https:\/\/candas365.es\/noticias\/author\/admin\/#author"},"creator":{"@id":"https:\/\/candas365.es\/noticias\/author\/admin\/#author"},"image":{"@type":"ImageObject","url":"https:\/\/candas365.es\/noticias\/wp-content\/uploads\/2015\/09\/c365noticias.jpg","@id":"https:\/\/candas365.es\/noticias\/condenan-a-ex-guardia-de-auschwitz-a-cinco-anos-de-carcel\/#mainImage","width":655,"height":360},"primaryImageOfPage":{"@id":"https:\/\/candas365.es\/noticias\/condenan-a-ex-guardia-de-auschwitz-a-cinco-anos-de-carcel\/#mainImage"},"datePublished":"2016-06-17T22:34:59+02:00","dateModified":"2016-06-17T22:34:59+02:00"},{"@type":"WebSite","@id":"https:\/\/candas365.es\/noticias\/#website","url":"https:\/\/candas365.es\/noticias\/","name":"Cand\u00e1s 365","alternateName":"Cand\u00e1s 365 Noticias","description":"Actualidad desde Carre\u00f1o para el mundo","inLanguage":"es-ES","publisher":{"@id":"https:\/\/candas365.es\/noticias\/#organization"}}]},"og:locale":"es_ES","og:site_name":"Cand\u00e1s 365","og:type":"article","og:title":"Condenan a ex guardia de Auschwitz a cinco a\u00f1os de c\u00e1rcel | Cand\u00e1s 365","og:description":"Detmold (Alemania), 17 jun (dpa) - El ex guardia del campo de exterminio nazi de Auschwitz Reinhold Hanning, de 94 a\u00f1os, fue condenado hoy a cinco a\u00f1os de c\u00e1rcel por la Justicia alemana por su relaci\u00f3n con la muerte de al menos 170.000 personas. &quot;Estuvo poco menos de dos a\u00f1os y medio en Auschwitz y","og:url":"https:\/\/candas365.es\/noticias\/condenan-a-ex-guardia-de-auschwitz-a-cinco-anos-de-carcel\/","og:image":"https:\/\/candas365.es\/noticias\/wp-content\/uploads\/2015\/09\/c365noticias.jpg","og:image:secure_url":"https:\/\/candas365.es\/noticias\/wp-content\/uploads\/2015\/09\/c365noticias.jpg","og:image:width":655,"og:image:height":360,"article:published_time":"2016-06-17T21:04:59+00:00","article:modified_time":"2016-06-17T21:04:59+00:00","article:publisher":"https:\/\/www.facebook.com\/Nachofdezber","article:author":"https:\/\/www.facebook.com\/carrenoactualidad","twitter:card":"summary_large_image","twitter:site":"@NabercoDigital","twitter:title":"Condenan a ex guardia de Auschwitz a cinco a\u00f1os de c\u00e1rcel | Cand\u00e1s 365","twitter:description":"Detmold (Alemania), 17 jun (dpa) - El ex guardia del campo de exterminio nazi de Auschwitz Reinhold Hanning, de 94 a\u00f1os, fue condenado hoy a cinco a\u00f1os de c\u00e1rcel por la Justicia alemana por su relaci\u00f3n con la muerte de al menos 170.000 personas. &quot;Estuvo poco menos de dos a\u00f1os y medio en Auschwitz y","twitter:creator":"@nbasturias","twitter:image":"https:\/\/candas365.es\/noticias\/wp-content\/uploads\/2015\/09\/c365noticias.jpg","twitter:label1":"Escrito por","twitter:data1":"Cand\u00e1s 365","twitter:label2":"Tiempo de lectura estimado","twitter:data2":"2 minutos"},"aioseo_meta_data":{"post_id":"30591","title":null,"description":null,"keywords":null,"keyphrases":null,"primary_term":null,"canonical_url":null,"og_title":null,"og_description":null,"og_object_type":"default","og_image_type":"default","og_image_url":null,"og_image_width":null,"og_image_height":null,"og_image_custom_url":null,"og_image_custom_fields":null,"og_video":null,"og_custom_url":null,"og_article_section":null,"og_article_tags":null,"twitter_use_og":false,"twitter_card":"default","twitter_image_type":"default","twitter_image_url":null,"twitter_image_custom_url":null,"twitter_image_custom_fields":null,"twitter_title":null,"twitter_description":null,"schema":{"blockGraphs":[],"customGraphs":[],"default":{"data":{"Article":[],"Course":[],"Dataset":[],"FAQPage":[],"Movie":[],"Person":[],"Product":[],"ProductReview":[],"Car":[],"Recipe":[],"Service":[],"SoftwareApplication":[],"WebPage":[]},"graphName":"","isEnabled":true},"graphs":[]},"schema_type":null,"schema_type_options":null,"pillar_content":false,"robots_default":true,"robots_noindex":false,"robots_noarchive":false,"robots_nosnippet":false,"robots_nofollow":false,"robots_noimageindex":false,"robots_noodp":false,"robots_notranslate":false,"robots_max_snippet":null,"robots_max_videopreview":null,"robots_max_imagepreview":"large","priority":null,"frequency":null,"location":null,"local_seo":null,"seo_analyzer_scan_date":"2025-08-24 12:44:13","breadcrumb_settings":null,"limit_modified_date":false,"reviewed_by":null,"open_ai":null,"ai":null,"created":"2020-12-21 12:58:50","updated":"2025-08-24 12:44:13"},"aioseo_breadcrumb":"<div class=\"aioseo-breadcrumbs\"><span class=\"aioseo-breadcrumb\">\n\t<a href=\"https:\/\/candas365.es\/noticias\" title=\"Home\">Home<\/a>\n<\/span><span class=\"aioseo-breadcrumb-separator\">&ndash;<\/span><span class=\"aioseo-breadcrumb\">\n\t<a href=\"https:\/\/candas365.es\/noticias\/category\/actualidad\/\" title=\"Actualidad\">Actualidad<\/a>\n<\/span><span class=\"aioseo-breadcrumb-separator\">&ndash;<\/span><span class=\"aioseo-breadcrumb\">\n\tCondenan a ex guardia de Auschwitz a cinco a\u00f1os de c\u00e1rcel\n<\/span><\/div>","aioseo_breadcrumb_json":[{"label":"Home","link":"https:\/\/candas365.es\/noticias"},{"label":"Actualidad","link":"https:\/\/candas365.es\/noticias\/category\/actualidad\/"},{"label":"Condenan a ex guardia de Auschwitz a cinco a\u00f1os de c\u00e1rcel","link":"https:\/\/candas365.es\/noticias\/condenan-a-ex-guardia-de-auschwitz-a-cinco-anos-de-carcel\/"}],"_links":{"self":[{"href":"https:\/\/candas365.es\/noticias\/wp-json\/wp\/v2\/posts\/30591","targetHints":{"allow":["GET"]}}],"collection":[{"href":"https:\/\/candas365.es\/noticias\/wp-json\/wp\/v2\/posts"}],"about":[{"href":"https:\/\/candas365.es\/noticias\/wp-json\/wp\/v2\/types\/post"}],"author":[{"embeddable":true,"href":"https:\/\/candas365.es\/noticias\/wp-json\/wp\/v2\/users\/1"}],"replies":[{"embeddable":true,"href":"https:\/\/candas365.es\/noticias\/wp-json\/wp\/v2\/comments?post=30591"}],"version-history":[{"count":0,"href":"https:\/\/candas365.es\/noticias\/wp-json\/wp\/v2\/posts\/30591\/revisions"}],"wp:featuredmedia":[{"embeddable":true,"href":"https:\/\/candas365.es\/noticias\/wp-json\/wp\/v2\/media\/16457"}],"wp:attachment":[{"href":"https:\/\/candas365.es\/noticias\/wp-json\/wp\/v2\/media?parent=30591"}],"wp:term":[{"taxonomy":"category","embeddable":true,"href":"https:\/\/candas365.es\/noticias\/wp-json\/wp\/v2\/categories?post=30591"},{"taxonomy":"post_tag","embeddable":true,"href":"https:\/\/candas365.es\/noticias\/wp-json\/wp\/v2\/tags?post=30591"}],"curies":[{"name":"wp","href":"https:\/\/api.w.org\/{rel}","templated":true}]}}