{"id":30589,"date":"2016-06-17T22:33:43","date_gmt":"2016-06-17T21:03:43","guid":{"rendered":"http:\/\/candas365.es\/noticias\/?p=30589"},"modified":"2016-06-17T22:33:43","modified_gmt":"2016-06-17T21:03:43","slug":"baku-debuta-en-la-formula-1-entre-criticas","status":"publish","type":"post","link":"https:\/\/candas365.es\/noticias\/baku-debuta-en-la-formula-1-entre-criticas\/","title":{"rendered":"Bak\u00fa debuta en la F\u00f3rmula 1 entre cr\u00edticas"},"content":{"rendered":"<p>Bak\u00fa, 17 jun (dpa) &#8211; El Gran Premio de Europa, que se correr\u00e1 por primera vez este domingo en el circuito de Bak\u00fa, no solo pondr\u00e1 el foco en la pelea entre los pilotos Lewis Hamilton y Nico Rosberg, sino tambi\u00e9n en la situaci\u00f3n de los derechos humanos en Azerbaiy\u00e1n.<\/p>\n<p>\u00ab\u00bfSi solo debemos ir a pa\u00edses en los que no hay corrupci\u00f3n, cu\u00e1ntos pa\u00edses quedan?\u00bb, se defendi\u00f3 ayer el jefe de la F\u00f3rmula 1, Bernie Ecclestone.<\/p>\n<p>\u00abSi alguien me puede decir con exactitud lo que incluye el t\u00e9rmino derechos humanos, lo analizaremos\u00bb, se\u00f1al\u00f3 poco antes de la octava de las 21 carreras de la temporada de la m\u00e1xima categor\u00eda del automovilismo, donde el brit\u00e1nico Hamilton intentar\u00e1 seguir acortando a su compa\u00f1ero alem\u00e1n de Mercedes.<\/p>\n<p>La situaci\u00f3n en Azerbaiy\u00e1n no parece descolocar a ambos pilotos, que tienen puestas todas sus energ\u00edas en la pr\u00f3xima carrera. Tras celebrar el domingo en Canad\u00e1 su segunda victoria consecutiva en el campeonato, Hamilton suma 107 puntos, frente a los 116 del l\u00edder Rosberg.<\/p>\n<p>\u00abTras las primeras cinco carreras nunca hubiese pensado que iba a competir otra vez tan r\u00e1pido por el t\u00edtulo\u00bb, dijo Hamilton. \u00abPero nuestros fines de semana funcionan cada vez mejor y mostramos una verdadera unidad\u00bb, asegur\u00f3 el vigente campe\u00f3n, quien adem\u00e1s asegur\u00f3 que \u00abnunca dud\u00f3 de sus habilidades\u00bb.<\/p>\n<p>Pero tambi\u00e9n Rosberg se pronunci\u00f3 y volvi\u00f3 a manifestar su intenci\u00f3n de ir por el campeonato pese a las debacles de las pasadas dos carreras.<\/p>\n<p>\u00abQuiero ganar el t\u00edtulo mundial, no s\u00f3lo acabar segundo\u00bb, anunci\u00f3 el alem\u00e1n. Tras Canad\u00e1, sin embargo, el l\u00edder del campeonato est\u00e1 bajo presi\u00f3n. El jefe del consejo de vigilancia del equipo, el ex piloto Niki Lauda, lo dijo claramente: \u00abNo hay ninguna duda. Ahora Nico tiene que ganar en Bak\u00fa\u00bb.<\/p>\n<p>Pero tambi\u00e9n el alem\u00e1n Sebastian Vettel est\u00e1 nuevamente en carrera. Con 78 puntos, el piloto de Ferrari y cuatro veces campe\u00f3n mundial, ya escal\u00f3 a la tercera plaza. Adem\u00e1s completan los primeros puestos el australiano Daniel Ricciardo (Red Bull), con 72 unidades, y el finland\u00e9s Kimi Raikkonen (Ferrari) con 69.<\/p>\n<p>Ecclestone, de 85 a\u00f1os, quien debi\u00f3 responder ayer a cuestionamientos de organismos internacionales sobre la violaci\u00f3n sistem\u00e1tica de los derechos humanos en Azerbaiy\u00e1n, elogi\u00f3 la organizaci\u00f3n de la carrera durante un encuentro con el jefe de Estado, Ilham Aliyev.<\/p>\n<p>Bak\u00fa es \u00abuna buena ciudad\u00bb para la F\u00f3rmula 1, asegur\u00f3 Ecclestone, que resalt\u00f3 el circuito urbano completamente nuevo, con una serie de curvas lentas y rectas largas, donde los pilotos llegan a alcanzar una velocidad de hasta 340 kil\u00f3metros por hora.<\/p>\n<p>Seg\u00fan el contrato, el pa\u00eds isl\u00e1mico en el mar Caspio albergar\u00e1 el Gran Premio de F\u00f3rmula 1 por diez a\u00f1os. Para el Gobierno autoritario de Aliyev es la primera cita de una serie de eventos para promocionar el pa\u00eds.<\/p>\n<p>El pr\u00f3ximo acontecimiento deportivo ser\u00e1 el 26 de marzo de 2017 cuando Ayerbaiy\u00e1n se mida contra Alemania por la clasificaci\u00f3n para el Mundial de f\u00fatbol de Rusia 2018. Adem\u00e1s Bak\u00fa a\u00fan sue\u00f1a con albergar unos Juegos Ol\u00edmpicos.<\/p>\n<p>\u00abQueremos mostrar la belleza de Bak\u00fa y el desarrollo de nuestro pa\u00eds\u00bb, afirm\u00f3 el mandatario y agreg\u00f3 que el Gran Premio de Europa es una buena posibilidad de incrementar el turismo.<\/p>\n<p>Por su parte, muchos residentes de Bak\u00fa critican los obst\u00e1culos y las extremas medidas de seguridad para la carrera, ya que el Gran Premio se llevar\u00e1 a cabo en un circuito urbano. El Gobierno dispuso de unos 3.000 agentes de seguridad.<\/p>\n<p>Organismos como Amnist\u00eda Internacional (AI) o Human Rights Watch (HRW) instaron a los organizadores del Gran Premio a hablar con el presidente Aliyev sobre el tema de los derechos humanos en el pa\u00eds.<\/p>\n<p>Seg\u00fan la organizaci\u00f3n Reporteros sin Fronteras el pa\u00eds figura en el listado de libertad de prensa en el puesto 163 de 180 pa\u00edses.<\/p>\n<p>Los opositores al r\u00e9gimen denuncian una restricci\u00f3n cada vez mayor de los derechos democr\u00e1ticos, algo que sin embrago rechaza el Gobierno en Bak\u00fa.<\/p>\n<p>Recientemente, una delegaci\u00f3n de la Asamblea Parlamentaria del Consejo Europeo record\u00f3 a Aliyev que su pa\u00eds, como miembro de la instituci\u00f3n, debe comprometerse con los derechos humanos en el pa\u00eds y expusieron los casos de los activistas Leyla y Arif Yunus, as\u00ed como tambi\u00e9n de la periodista Khadija Ismayilova.<\/p>\n<p>Los tres fueron condenados a largas penas de prisi\u00f3n tras procesos muy pol\u00e9micos y liberados luego tras una fuerte presi\u00f3n internacional.<\/p>\n<p>Los expertos temen que despu\u00e9s del Gran Premio de Europa aumente nuevamente la represi\u00f3n.<\/p>\n<p><span class=\" readonly\" title=\"\"><em>Wolfgang Jung y Claas Hennig <\/em><\/span><\/p>\n<p>&nbsp;<\/p>\n","protected":false},"excerpt":{"rendered":"<p>Bak\u00fa, 17 jun (dpa) &#8211; El Gran Premio de Europa, que se correr\u00e1 por primera vez este domingo en el circuito de Bak\u00fa, no solo pondr\u00e1 el foco en la pelea entre los pilotos Lewis Hamilton y Nico Rosberg, sino tambi\u00e9n en la situaci\u00f3n de los derechos humanos en Azerbaiy\u00e1n. \u00ab\u00bfSi solo debemos ir a<\/p>\n","protected":false},"author":1,"featured_media":8054,"comment_status":"closed","ping_status":"closed","sticky":false,"template":"","format":"standard","meta":{"footnotes":""},"categories":[343],"tags":[],"class_list":{"0":"post-30589","1":"post","2":"type-post","3":"status-publish","4":"format-standard","5":"has-post-thumbnail","7":"category-actualidad"},"aioseo_notices":[],"aioseo_head":"\n\t\t<!-- All in One SEO Pro 4.9.6.2 - aioseo.com -->\n\t<meta name=\"description\" content=\"Bak\u00fa, 17 jun (dpa) - El Gran Premio de Europa, que se correr\u00e1 por primera vez este domingo en el circuito de Bak\u00fa, no solo pondr\u00e1 el foco en la pelea entre los pilotos Lewis Hamilton y Nico Rosberg, sino tambi\u00e9n en la situaci\u00f3n de los derechos humanos en Azerbaiy\u00e1n. &quot;\u00bfSi solo debemos ir a\" \/>\n\t<meta name=\"robots\" content=\"max-image-preview:large\" \/>\n\t<meta name=\"author\" content=\"Cand\u00e1s 365\"\/>\n\t<meta name=\"google-site-verification\" content=\"UA-32230408-1\" \/>\n\t<meta name=\"msvalidate.01\" content=\"354F3CDFB2DA171B47FBE9ABF1F88D5\" \/>\n\t<meta name=\"keywords\" content=\"actualidad\" \/>\n\t<link rel=\"canonical\" href=\"https:\/\/candas365.es\/noticias\/baku-debuta-en-la-formula-1-entre-criticas\/\" \/>\n\t<meta name=\"generator\" content=\"All in One SEO Pro (AIOSEO) 4.9.6.2\" \/>\n\t\t<meta property=\"og:locale\" content=\"es_ES\" \/>\n\t\t<meta property=\"og:site_name\" content=\"Cand\u00e1s 365\" \/>\n\t\t<meta property=\"og:type\" content=\"article\" \/>\n\t\t<meta property=\"og:title\" content=\"Bak\u00fa debuta en la F\u00f3rmula 1 entre cr\u00edticas | Cand\u00e1s 365\" \/>\n\t\t<meta property=\"og:description\" content=\"Bak\u00fa, 17 jun (dpa) - El Gran Premio de Europa, que se correr\u00e1 por primera vez este domingo en el circuito de Bak\u00fa, no solo pondr\u00e1 el foco en la pelea entre los pilotos Lewis Hamilton y Nico Rosberg, sino tambi\u00e9n en la situaci\u00f3n de los derechos humanos en Azerbaiy\u00e1n. &quot;\u00bfSi solo debemos ir a\" \/>\n\t\t<meta property=\"og:url\" content=\"https:\/\/candas365.es\/noticias\/baku-debuta-en-la-formula-1-entre-criticas\/\" \/>\n\t\t<meta property=\"og:image\" content=\"https:\/\/candas365.es\/noticias\/wp-content\/uploads\/2015\/03\/alonso.jpg\" \/>\n\t\t<meta property=\"og:image:secure_url\" content=\"https:\/\/candas365.es\/noticias\/wp-content\/uploads\/2015\/03\/alonso.jpg\" \/>\n\t\t<meta property=\"og:image:width\" content=\"360\" \/>\n\t\t<meta property=\"og:image:height\" content=\"245\" \/>\n\t\t<meta property=\"article:published_time\" content=\"2016-06-17T21:03:43+00:00\" \/>\n\t\t<meta property=\"article:modified_time\" content=\"2016-06-17T21:03:43+00:00\" \/>\n\t\t<meta property=\"article:publisher\" content=\"https:\/\/www.facebook.com\/Nachofdezber\" \/>\n\t\t<meta property=\"article:author\" content=\"https:\/\/www.facebook.com\/carrenoactualidad\" \/>\n\t\t<meta name=\"twitter:card\" content=\"summary_large_image\" \/>\n\t\t<meta name=\"twitter:site\" content=\"@NabercoDigital\" \/>\n\t\t<meta name=\"twitter:title\" content=\"Bak\u00fa debuta en la F\u00f3rmula 1 entre cr\u00edticas | Cand\u00e1s 365\" \/>\n\t\t<meta name=\"twitter:description\" content=\"Bak\u00fa, 17 jun (dpa) - El Gran Premio de Europa, que se correr\u00e1 por primera vez este domingo en el circuito de Bak\u00fa, no solo pondr\u00e1 el foco en la pelea entre los pilotos Lewis Hamilton y Nico Rosberg, sino tambi\u00e9n en la situaci\u00f3n de los derechos humanos en Azerbaiy\u00e1n. &quot;\u00bfSi solo debemos ir a\" \/>\n\t\t<meta name=\"twitter:creator\" content=\"@nbasturias\" \/>\n\t\t<meta name=\"twitter:image\" content=\"https:\/\/candas365.es\/noticias\/wp-content\/uploads\/2015\/03\/alonso.jpg\" \/>\n\t\t<meta name=\"twitter:label1\" content=\"Escrito por\" \/>\n\t\t<meta name=\"twitter:data1\" content=\"Cand\u00e1s 365\" \/>\n\t\t<meta name=\"twitter:label2\" content=\"Tiempo de lectura estimado\" \/>\n\t\t<meta name=\"twitter:data2\" content=\"4 minutos\" \/>\n\t\t<script type=\"application\/ld+json\" class=\"aioseo-schema\">\n\t\t\t{\"@context\":\"https:\\\/\\\/schema.org\",\"@graph\":[{\"@type\":\"BreadcrumbList\",\"@id\":\"https:\\\/\\\/candas365.es\\\/noticias\\\/baku-debuta-en-la-formula-1-entre-criticas\\\/#breadcrumblist\",\"itemListElement\":[{\"@type\":\"ListItem\",\"@id\":\"https:\\\/\\\/candas365.es\\\/noticias#listItem\",\"position\":1,\"name\":\"Home\",\"item\":\"https:\\\/\\\/candas365.es\\\/noticias\",\"nextItem\":{\"@type\":\"ListItem\",\"@id\":\"https:\\\/\\\/candas365.es\\\/noticias\\\/category\\\/actualidad\\\/#listItem\",\"name\":\"Actualidad\"}},{\"@type\":\"ListItem\",\"@id\":\"https:\\\/\\\/candas365.es\\\/noticias\\\/category\\\/actualidad\\\/#listItem\",\"position\":2,\"name\":\"Actualidad\",\"item\":\"https:\\\/\\\/candas365.es\\\/noticias\\\/category\\\/actualidad\\\/\",\"nextItem\":{\"@type\":\"ListItem\",\"@id\":\"https:\\\/\\\/candas365.es\\\/noticias\\\/baku-debuta-en-la-formula-1-entre-criticas\\\/#listItem\",\"name\":\"Bak\\u00fa debuta en la F\\u00f3rmula 1 entre cr\\u00edticas\"},\"previousItem\":{\"@type\":\"ListItem\",\"@id\":\"https:\\\/\\\/candas365.es\\\/noticias#listItem\",\"name\":\"Home\"}},{\"@type\":\"ListItem\",\"@id\":\"https:\\\/\\\/candas365.es\\\/noticias\\\/baku-debuta-en-la-formula-1-entre-criticas\\\/#listItem\",\"position\":3,\"name\":\"Bak\\u00fa debuta en la F\\u00f3rmula 1 entre cr\\u00edticas\",\"previousItem\":{\"@type\":\"ListItem\",\"@id\":\"https:\\\/\\\/candas365.es\\\/noticias\\\/category\\\/actualidad\\\/#listItem\",\"name\":\"Actualidad\"}}]},{\"@type\":\"NewsArticle\",\"@id\":\"https:\\\/\\\/candas365.es\\\/noticias\\\/baku-debuta-en-la-formula-1-entre-criticas\\\/#newsarticle\",\"name\":\"Bak\\u00fa debuta en la F\\u00f3rmula 1 entre cr\\u00edticas | Cand\\u00e1s 365\",\"headline\":\"Bak\\u00fa debuta en la F\\u00f3rmula 1 entre cr\\u00edticas\",\"author\":{\"@id\":\"https:\\\/\\\/candas365.es\\\/noticias\\\/author\\\/admin\\\/#author\"},\"publisher\":{\"@id\":\"https:\\\/\\\/candas365.es\\\/noticias\\\/#organization\"},\"image\":{\"@type\":\"ImageObject\",\"url\":\"https:\\\/\\\/candas365.es\\\/noticias\\\/wp-content\\\/uploads\\\/2015\\\/03\\\/alonso.jpg\",\"width\":360,\"height\":245},\"datePublished\":\"2016-06-17T22:33:43+02:00\",\"dateModified\":\"2016-06-17T22:33:43+02:00\",\"inLanguage\":\"es-ES\",\"mainEntityOfPage\":{\"@id\":\"https:\\\/\\\/candas365.es\\\/noticias\\\/baku-debuta-en-la-formula-1-entre-criticas\\\/#webpage\"},\"isPartOf\":{\"@id\":\"https:\\\/\\\/candas365.es\\\/noticias\\\/baku-debuta-en-la-formula-1-entre-criticas\\\/#webpage\"},\"articleSection\":\"Actualidad\",\"dateline\":\"Publicado el junio 17, 2016.\"},{\"@type\":\"Organization\",\"@id\":\"https:\\\/\\\/candas365.es\\\/noticias\\\/#organization\",\"name\":\"Cand\\u00e1s 365\",\"description\":\"Cand\\u00e1s 365 es un diario digital independiente, fundado en 2012, con base en Asturias. Informamos con rigor sobre actualidad, sociedad, cultura y ocio, con una mirada local y global.\",\"url\":\"https:\\\/\\\/candas365.es\\\/noticias\\\/\",\"email\":\"info@candas365.es\",\"telephone\":\"+34652131393\",\"foundingDate\":\"2012-06-10\",\"logo\":{\"@type\":\"ImageObject\",\"url\":\"https:\\\/\\\/candas365.es\\\/noticias\\\/wp-content\\\/uploads\\\/2024\\\/09\\\/Candas-365-Redes.jpg\",\"@id\":\"https:\\\/\\\/candas365.es\\\/noticias\\\/baku-debuta-en-la-formula-1-entre-criticas\\\/#organizationLogo\",\"width\":1152,\"height\":864,\"caption\":\"Cand\\u00e1s 365 Redes\"},\"image\":{\"@id\":\"https:\\\/\\\/candas365.es\\\/noticias\\\/baku-debuta-en-la-formula-1-entre-criticas\\\/#organizationLogo\"},\"sameAs\":[\"https:\\\/\\\/www.facebook.com\\\/Nachofdezber\",\"https:\\\/\\\/x.com\\\/NabercoDigital\",\"https:\\\/\\\/www.instagram.com\\\/nachofdezber\\\/\",\"https:\\\/\\\/www.youtube.com\\\/channel\\\/UCZP-2wLEB9Rv6erhFmqVnvg\"],\"address\":{\"@id\":\"https:\\\/\\\/candas365.es\\\/noticias\\\/#postaladdress\",\"@type\":\"PostalAddress\",\"streetAddress\":\"san antonio 4, san antonio 4\",\"postalCode\":\"33430\",\"addressLocality\":\"Cand\\u00e1s\",\"addressRegion\":\"Asturias\",\"addressCountry\":\"ES\"}},{\"@type\":\"Person\",\"@id\":\"https:\\\/\\\/candas365.es\\\/noticias\\\/author\\\/admin\\\/#author\",\"url\":\"https:\\\/\\\/candas365.es\\\/noticias\\\/author\\\/admin\\\/\",\"name\":\"Cand\\u00e1s 365\",\"image\":{\"@type\":\"ImageObject\",\"@id\":\"https:\\\/\\\/candas365.es\\\/noticias\\\/baku-debuta-en-la-formula-1-entre-criticas\\\/#authorImage\",\"url\":\"https:\\\/\\\/secure.gravatar.com\\\/avatar\\\/496a8e03d0c493ede1718b7934145dbdf8d89be1036b0eec9544e1094c9de390?s=96&d=mm&r=g\",\"width\":96,\"height\":96,\"caption\":\"Cand\\u00e1s 365\"},\"sameAs\":[\"https:\\\/\\\/www.facebook.com\\\/carrenoactualidad\",\"https:\\\/\\\/twitter.com\\\/nbasturias\",\"https:\\\/\\\/www.instagram.com\\\/nachofdezber\\\/\",\"https:\\\/\\\/www.youtube.com\\\/channel\\\/UCZP-2wLEB9Rv6erhFmqVnvg\"]},{\"@type\":\"WebPage\",\"@id\":\"https:\\\/\\\/candas365.es\\\/noticias\\\/baku-debuta-en-la-formula-1-entre-criticas\\\/#webpage\",\"url\":\"https:\\\/\\\/candas365.es\\\/noticias\\\/baku-debuta-en-la-formula-1-entre-criticas\\\/\",\"name\":\"Bak\\u00fa debuta en la F\\u00f3rmula 1 entre cr\\u00edticas | Cand\\u00e1s 365\",\"description\":\"Bak\\u00fa, 17 jun (dpa) - El Gran Premio de Europa, que se correr\\u00e1 por primera vez este domingo en el circuito de Bak\\u00fa, no solo pondr\\u00e1 el foco en la pelea entre los pilotos Lewis Hamilton y Nico Rosberg, sino tambi\\u00e9n en la situaci\\u00f3n de los derechos humanos en Azerbaiy\\u00e1n. \\\"\\u00bfSi solo debemos ir a\",\"inLanguage\":\"es-ES\",\"isPartOf\":{\"@id\":\"https:\\\/\\\/candas365.es\\\/noticias\\\/#website\"},\"breadcrumb\":{\"@id\":\"https:\\\/\\\/candas365.es\\\/noticias\\\/baku-debuta-en-la-formula-1-entre-criticas\\\/#breadcrumblist\"},\"author\":{\"@id\":\"https:\\\/\\\/candas365.es\\\/noticias\\\/author\\\/admin\\\/#author\"},\"creator\":{\"@id\":\"https:\\\/\\\/candas365.es\\\/noticias\\\/author\\\/admin\\\/#author\"},\"image\":{\"@type\":\"ImageObject\",\"url\":\"https:\\\/\\\/candas365.es\\\/noticias\\\/wp-content\\\/uploads\\\/2015\\\/03\\\/alonso.jpg\",\"@id\":\"https:\\\/\\\/candas365.es\\\/noticias\\\/baku-debuta-en-la-formula-1-entre-criticas\\\/#mainImage\",\"width\":360,\"height\":245},\"primaryImageOfPage\":{\"@id\":\"https:\\\/\\\/candas365.es\\\/noticias\\\/baku-debuta-en-la-formula-1-entre-criticas\\\/#mainImage\"},\"datePublished\":\"2016-06-17T22:33:43+02:00\",\"dateModified\":\"2016-06-17T22:33:43+02:00\"},{\"@type\":\"WebSite\",\"@id\":\"https:\\\/\\\/candas365.es\\\/noticias\\\/#website\",\"url\":\"https:\\\/\\\/candas365.es\\\/noticias\\\/\",\"name\":\"Cand\\u00e1s 365\",\"alternateName\":\"Cand\\u00e1s 365 Noticias\",\"description\":\"Actualidad desde Carre\\u00f1o para el mundo\",\"inLanguage\":\"es-ES\",\"publisher\":{\"@id\":\"https:\\\/\\\/candas365.es\\\/noticias\\\/#organization\"}}]}\n\t\t<\/script>\n\t\t<!-- All in One SEO Pro -->\r\n\t\t<title>Bak\u00fa debuta en la F\u00f3rmula 1 entre cr\u00edticas | Cand\u00e1s 365<\/title>\n\n","aioseo_head_json":{"title":"Bak\u00fa debuta en la F\u00f3rmula 1 entre cr\u00edticas | Cand\u00e1s 365","description":"Bak\u00fa, 17 jun (dpa) - El Gran Premio de Europa, que se correr\u00e1 por primera vez este domingo en el circuito de Bak\u00fa, no solo pondr\u00e1 el foco en la pelea entre los pilotos Lewis Hamilton y Nico Rosberg, sino tambi\u00e9n en la situaci\u00f3n de los derechos humanos en Azerbaiy\u00e1n. \"\u00bfSi solo debemos ir a","canonical_url":"https:\/\/candas365.es\/noticias\/baku-debuta-en-la-formula-1-entre-criticas\/","robots":"max-image-preview:large","keywords":"actualidad","webmasterTools":{"google-site-verification":"UA-32230408-1","msvalidate.01":"354F3CDFB2DA171B47FBE9ABF1F88D5","miscellaneous":""},"schema":{"@context":"https:\/\/schema.org","@graph":[{"@type":"BreadcrumbList","@id":"https:\/\/candas365.es\/noticias\/baku-debuta-en-la-formula-1-entre-criticas\/#breadcrumblist","itemListElement":[{"@type":"ListItem","@id":"https:\/\/candas365.es\/noticias#listItem","position":1,"name":"Home","item":"https:\/\/candas365.es\/noticias","nextItem":{"@type":"ListItem","@id":"https:\/\/candas365.es\/noticias\/category\/actualidad\/#listItem","name":"Actualidad"}},{"@type":"ListItem","@id":"https:\/\/candas365.es\/noticias\/category\/actualidad\/#listItem","position":2,"name":"Actualidad","item":"https:\/\/candas365.es\/noticias\/category\/actualidad\/","nextItem":{"@type":"ListItem","@id":"https:\/\/candas365.es\/noticias\/baku-debuta-en-la-formula-1-entre-criticas\/#listItem","name":"Bak\u00fa debuta en la F\u00f3rmula 1 entre cr\u00edticas"},"previousItem":{"@type":"ListItem","@id":"https:\/\/candas365.es\/noticias#listItem","name":"Home"}},{"@type":"ListItem","@id":"https:\/\/candas365.es\/noticias\/baku-debuta-en-la-formula-1-entre-criticas\/#listItem","position":3,"name":"Bak\u00fa debuta en la F\u00f3rmula 1 entre cr\u00edticas","previousItem":{"@type":"ListItem","@id":"https:\/\/candas365.es\/noticias\/category\/actualidad\/#listItem","name":"Actualidad"}}]},{"@type":"NewsArticle","@id":"https:\/\/candas365.es\/noticias\/baku-debuta-en-la-formula-1-entre-criticas\/#newsarticle","name":"Bak\u00fa debuta en la F\u00f3rmula 1 entre cr\u00edticas | Cand\u00e1s 365","headline":"Bak\u00fa debuta en la F\u00f3rmula 1 entre cr\u00edticas","author":{"@id":"https:\/\/candas365.es\/noticias\/author\/admin\/#author"},"publisher":{"@id":"https:\/\/candas365.es\/noticias\/#organization"},"image":{"@type":"ImageObject","url":"https:\/\/candas365.es\/noticias\/wp-content\/uploads\/2015\/03\/alonso.jpg","width":360,"height":245},"datePublished":"2016-06-17T22:33:43+02:00","dateModified":"2016-06-17T22:33:43+02:00","inLanguage":"es-ES","mainEntityOfPage":{"@id":"https:\/\/candas365.es\/noticias\/baku-debuta-en-la-formula-1-entre-criticas\/#webpage"},"isPartOf":{"@id":"https:\/\/candas365.es\/noticias\/baku-debuta-en-la-formula-1-entre-criticas\/#webpage"},"articleSection":"Actualidad","dateline":"Publicado el junio 17, 2016."},{"@type":"Organization","@id":"https:\/\/candas365.es\/noticias\/#organization","name":"Cand\u00e1s 365","description":"Cand\u00e1s 365 es un diario digital independiente, fundado en 2012, con base en Asturias. Informamos con rigor sobre actualidad, sociedad, cultura y ocio, con una mirada local y global.","url":"https:\/\/candas365.es\/noticias\/","email":"info@candas365.es","telephone":"+34652131393","foundingDate":"2012-06-10","logo":{"@type":"ImageObject","url":"https:\/\/candas365.es\/noticias\/wp-content\/uploads\/2024\/09\/Candas-365-Redes.jpg","@id":"https:\/\/candas365.es\/noticias\/baku-debuta-en-la-formula-1-entre-criticas\/#organizationLogo","width":1152,"height":864,"caption":"Cand\u00e1s 365 Redes"},"image":{"@id":"https:\/\/candas365.es\/noticias\/baku-debuta-en-la-formula-1-entre-criticas\/#organizationLogo"},"sameAs":["https:\/\/www.facebook.com\/Nachofdezber","https:\/\/x.com\/NabercoDigital","https:\/\/www.instagram.com\/nachofdezber\/","https:\/\/www.youtube.com\/channel\/UCZP-2wLEB9Rv6erhFmqVnvg"],"address":{"@id":"https:\/\/candas365.es\/noticias\/#postaladdress","@type":"PostalAddress","streetAddress":"san antonio 4, san antonio 4","postalCode":"33430","addressLocality":"Cand\u00e1s","addressRegion":"Asturias","addressCountry":"ES"}},{"@type":"Person","@id":"https:\/\/candas365.es\/noticias\/author\/admin\/#author","url":"https:\/\/candas365.es\/noticias\/author\/admin\/","name":"Cand\u00e1s 365","image":{"@type":"ImageObject","@id":"https:\/\/candas365.es\/noticias\/baku-debuta-en-la-formula-1-entre-criticas\/#authorImage","url":"https:\/\/secure.gravatar.com\/avatar\/496a8e03d0c493ede1718b7934145dbdf8d89be1036b0eec9544e1094c9de390?s=96&d=mm&r=g","width":96,"height":96,"caption":"Cand\u00e1s 365"},"sameAs":["https:\/\/www.facebook.com\/carrenoactualidad","https:\/\/twitter.com\/nbasturias","https:\/\/www.instagram.com\/nachofdezber\/","https:\/\/www.youtube.com\/channel\/UCZP-2wLEB9Rv6erhFmqVnvg"]},{"@type":"WebPage","@id":"https:\/\/candas365.es\/noticias\/baku-debuta-en-la-formula-1-entre-criticas\/#webpage","url":"https:\/\/candas365.es\/noticias\/baku-debuta-en-la-formula-1-entre-criticas\/","name":"Bak\u00fa debuta en la F\u00f3rmula 1 entre cr\u00edticas | Cand\u00e1s 365","description":"Bak\u00fa, 17 jun (dpa) - El Gran Premio de Europa, que se correr\u00e1 por primera vez este domingo en el circuito de Bak\u00fa, no solo pondr\u00e1 el foco en la pelea entre los pilotos Lewis Hamilton y Nico Rosberg, sino tambi\u00e9n en la situaci\u00f3n de los derechos humanos en Azerbaiy\u00e1n. \"\u00bfSi solo debemos ir a","inLanguage":"es-ES","isPartOf":{"@id":"https:\/\/candas365.es\/noticias\/#website"},"breadcrumb":{"@id":"https:\/\/candas365.es\/noticias\/baku-debuta-en-la-formula-1-entre-criticas\/#breadcrumblist"},"author":{"@id":"https:\/\/candas365.es\/noticias\/author\/admin\/#author"},"creator":{"@id":"https:\/\/candas365.es\/noticias\/author\/admin\/#author"},"image":{"@type":"ImageObject","url":"https:\/\/candas365.es\/noticias\/wp-content\/uploads\/2015\/03\/alonso.jpg","@id":"https:\/\/candas365.es\/noticias\/baku-debuta-en-la-formula-1-entre-criticas\/#mainImage","width":360,"height":245},"primaryImageOfPage":{"@id":"https:\/\/candas365.es\/noticias\/baku-debuta-en-la-formula-1-entre-criticas\/#mainImage"},"datePublished":"2016-06-17T22:33:43+02:00","dateModified":"2016-06-17T22:33:43+02:00"},{"@type":"WebSite","@id":"https:\/\/candas365.es\/noticias\/#website","url":"https:\/\/candas365.es\/noticias\/","name":"Cand\u00e1s 365","alternateName":"Cand\u00e1s 365 Noticias","description":"Actualidad desde Carre\u00f1o para el mundo","inLanguage":"es-ES","publisher":{"@id":"https:\/\/candas365.es\/noticias\/#organization"}}]},"og:locale":"es_ES","og:site_name":"Cand\u00e1s 365","og:type":"article","og:title":"Bak\u00fa debuta en la F\u00f3rmula 1 entre cr\u00edticas | Cand\u00e1s 365","og:description":"Bak\u00fa, 17 jun (dpa) - El Gran Premio de Europa, que se correr\u00e1 por primera vez este domingo en el circuito de Bak\u00fa, no solo pondr\u00e1 el foco en la pelea entre los pilotos Lewis Hamilton y Nico Rosberg, sino tambi\u00e9n en la situaci\u00f3n de los derechos humanos en Azerbaiy\u00e1n. &quot;\u00bfSi solo debemos ir a","og:url":"https:\/\/candas365.es\/noticias\/baku-debuta-en-la-formula-1-entre-criticas\/","og:image":"https:\/\/candas365.es\/noticias\/wp-content\/uploads\/2015\/03\/alonso.jpg","og:image:secure_url":"https:\/\/candas365.es\/noticias\/wp-content\/uploads\/2015\/03\/alonso.jpg","og:image:width":360,"og:image:height":245,"article:published_time":"2016-06-17T21:03:43+00:00","article:modified_time":"2016-06-17T21:03:43+00:00","article:publisher":"https:\/\/www.facebook.com\/Nachofdezber","article:author":"https:\/\/www.facebook.com\/carrenoactualidad","twitter:card":"summary_large_image","twitter:site":"@NabercoDigital","twitter:title":"Bak\u00fa debuta en la F\u00f3rmula 1 entre cr\u00edticas | Cand\u00e1s 365","twitter:description":"Bak\u00fa, 17 jun (dpa) - El Gran Premio de Europa, que se correr\u00e1 por primera vez este domingo en el circuito de Bak\u00fa, no solo pondr\u00e1 el foco en la pelea entre los pilotos Lewis Hamilton y Nico Rosberg, sino tambi\u00e9n en la situaci\u00f3n de los derechos humanos en Azerbaiy\u00e1n. &quot;\u00bfSi solo debemos ir a","twitter:creator":"@nbasturias","twitter:image":"https:\/\/candas365.es\/noticias\/wp-content\/uploads\/2015\/03\/alonso.jpg","twitter:label1":"Escrito por","twitter:data1":"Cand\u00e1s 365","twitter:label2":"Tiempo de lectura estimado","twitter:data2":"4 minutos"},"aioseo_meta_data":{"post_id":"30589","title":null,"description":null,"keywords":null,"keyphrases":null,"primary_term":null,"canonical_url":null,"og_title":null,"og_description":null,"og_object_type":"default","og_image_type":"default","og_image_url":null,"og_image_width":null,"og_image_height":null,"og_image_custom_url":null,"og_image_custom_fields":null,"og_video":null,"og_custom_url":null,"og_article_section":null,"og_article_tags":null,"twitter_use_og":false,"twitter_card":"default","twitter_image_type":"default","twitter_image_url":null,"twitter_image_custom_url":null,"twitter_image_custom_fields":null,"twitter_title":null,"twitter_description":null,"schema":{"blockGraphs":[],"customGraphs":[],"default":{"data":{"Article":[],"Course":[],"Dataset":[],"FAQPage":[],"Movie":[],"Person":[],"Product":[],"ProductReview":[],"Car":[],"Recipe":[],"Service":[],"SoftwareApplication":[],"WebPage":[]},"graphName":"","isEnabled":true},"graphs":[]},"schema_type":null,"schema_type_options":null,"pillar_content":false,"robots_default":true,"robots_noindex":false,"robots_noarchive":false,"robots_nosnippet":false,"robots_nofollow":false,"robots_noimageindex":false,"robots_noodp":false,"robots_notranslate":false,"robots_max_snippet":null,"robots_max_videopreview":null,"robots_max_imagepreview":"large","priority":null,"frequency":null,"location":null,"local_seo":null,"seo_analyzer_scan_date":"2025-08-24 12:44:12","breadcrumb_settings":null,"limit_modified_date":false,"reviewed_by":null,"open_ai":null,"ai":null,"created":"2020-12-21 12:58:50","updated":"2025-08-24 12:44:12"},"aioseo_breadcrumb":"<div class=\"aioseo-breadcrumbs\"><span class=\"aioseo-breadcrumb\">\n\t<a href=\"https:\/\/candas365.es\/noticias\" title=\"Home\">Home<\/a>\n<\/span><span class=\"aioseo-breadcrumb-separator\">&ndash;<\/span><span class=\"aioseo-breadcrumb\">\n\t<a href=\"https:\/\/candas365.es\/noticias\/category\/actualidad\/\" title=\"Actualidad\">Actualidad<\/a>\n<\/span><span class=\"aioseo-breadcrumb-separator\">&ndash;<\/span><span class=\"aioseo-breadcrumb\">\n\tBak\u00fa debuta en la F\u00f3rmula 1 entre cr\u00edticas\n<\/span><\/div>","aioseo_breadcrumb_json":[{"label":"Home","link":"https:\/\/candas365.es\/noticias"},{"label":"Actualidad","link":"https:\/\/candas365.es\/noticias\/category\/actualidad\/"},{"label":"Bak\u00fa debuta en la F\u00f3rmula 1 entre cr\u00edticas","link":"https:\/\/candas365.es\/noticias\/baku-debuta-en-la-formula-1-entre-criticas\/"}],"_links":{"self":[{"href":"https:\/\/candas365.es\/noticias\/wp-json\/wp\/v2\/posts\/30589","targetHints":{"allow":["GET"]}}],"collection":[{"href":"https:\/\/candas365.es\/noticias\/wp-json\/wp\/v2\/posts"}],"about":[{"href":"https:\/\/candas365.es\/noticias\/wp-json\/wp\/v2\/types\/post"}],"author":[{"embeddable":true,"href":"https:\/\/candas365.es\/noticias\/wp-json\/wp\/v2\/users\/1"}],"replies":[{"embeddable":true,"href":"https:\/\/candas365.es\/noticias\/wp-json\/wp\/v2\/comments?post=30589"}],"version-history":[{"count":0,"href":"https:\/\/candas365.es\/noticias\/wp-json\/wp\/v2\/posts\/30589\/revisions"}],"wp:featuredmedia":[{"embeddable":true,"href":"https:\/\/candas365.es\/noticias\/wp-json\/wp\/v2\/media\/8054"}],"wp:attachment":[{"href":"https:\/\/candas365.es\/noticias\/wp-json\/wp\/v2\/media?parent=30589"}],"wp:term":[{"taxonomy":"category","embeddable":true,"href":"https:\/\/candas365.es\/noticias\/wp-json\/wp\/v2\/categories?post=30589"},{"taxonomy":"post_tag","embeddable":true,"href":"https:\/\/candas365.es\/noticias\/wp-json\/wp\/v2\/tags?post=30589"}],"curies":[{"name":"wp","href":"https:\/\/api.w.org\/{rel}","templated":true}]}}