{"id":30587,"date":"2016-06-17T22:32:26","date_gmt":"2016-06-17T21:02:26","guid":{"rendered":"http:\/\/candas365.es\/noticias\/?p=30587"},"modified":"2016-06-17T22:32:26","modified_gmt":"2016-06-17T21:02:26","slug":"refugiados-como-comida-activistas-presionan-al-gobierno-aleman","status":"publish","type":"post","link":"https:\/\/candas365.es\/noticias\/refugiados-como-comida-activistas-presionan-al-gobierno-aleman\/","title":{"rendered":"\u00abRefugiados como comida\u00bb: Activistas presionan al Gobierno alem\u00e1n"},"content":{"rendered":"<p>Berl\u00edn, 17 jun (dpa) &#8211; Un grupo de artistas alemanes amenaz\u00f3 con buscar a un refugiado que se sacrifique y sea comido por tigres en Berl\u00edn si el Gobierno alem\u00e1n no les permite fletar un avi\u00f3n con 100 refugiados desde Turqu\u00eda.<\/p>\n<p>\u00abRefugiados como comida\u00bb es la campa\u00f1a que este grupo de artistas ha iniciado buscando donaciones para traer en avi\u00f3n a 100 sirios de Turqu\u00eda a Alemania. Los activistas alertaron al Gobierno alem\u00e1n de que si se opone o no se pronuncia al respecto buscar\u00e1 a un refugiado que permita ser comido por tigres en el centro de Berl\u00edn.<\/p>\n<p>El grupo art\u00edstico Centro para la Belleza Pol\u00edtica (ZPS, por sus siglas en alem\u00e1n) busca poner as\u00ed bajo presi\u00f3n al Gobierno de la canciller Angela Merkel.<\/p>\n<p>El grupo, conocido por otras acciones provocadoras, planea traer a Alemania el 28 de junio a 100 sirios procedentes de Turqu\u00eda para que puedan reunirse con sus familiares en el pa\u00eds. Para ello present\u00f3 ayer una campa\u00f1a de recaudaci\u00f3n de donativos con ayuda de un video con el que llama a \u00abacabar con el negocio de los traficantes de personas\u00bb.<\/p>\n<p>\u00ab\u00bfPor qu\u00e9 los refugiados no pueden sencillamente venir en avi\u00f3n?\u00bb, se preguntan los artistas. Si el Gobierno alem\u00e1n se opone a la acci\u00f3n o calla, el colectivo buscar\u00e1 un refugiado que se ofrezca como voluntario para ser devorado por un tigre en la arena habilitada ante el teatro berlin\u00e9s Maxim Gorki.<\/p>\n<p>Como en la antigua Roma: \u00abNecesidad y Juegos\u00bb, subtitularon los artistas su acci\u00f3n para la que cuentan con cuatro tigres procedentes del estado federado alem\u00e1n de Sarria.<\/p>\n<p>\u00bfLa amenaza es real? \u00abQuien nos conoce y conoce nuestro trabajo, sabe que cumplimos con lo que prometemos\u00bb, afirm\u00f3 el artista Philipp Ruch a dpa.<\/p>\n<p>\u00abEl verano de la muerte 2016 ya se ha inaugurado\u00bb, explic\u00f3 la activista Theresia Braus durante la presentaci\u00f3n en la capital alemana. Muchas personas mueren ahogadas en el Mediterr\u00e1neo camino hacia Europa ya que no se les permite subir a un avi\u00f3n sin papeles, agreg\u00f3. El grupo lucha contra ello, contra las leyes y la \u00abbarbarie\u00bb, agreg\u00f3.<\/p>\n<p>El ZPS es conocido por sus acciones provocativas en espacios p\u00fablicos. En una de sus iniciativas en protesta contra la pol\u00edtica de refugiados de Alemania y la Uni\u00f3n Europea el grupo enterr\u00f3 en Berl\u00edn el cad\u00e1ver de una mujer siria al parecer ahogada en el mar Mediterr\u00e1neo cuando intentaba llegar a Europa.<\/p>\n","protected":false},"excerpt":{"rendered":"<p>Berl\u00edn, 17 jun (dpa) &#8211; Un grupo de artistas alemanes amenaz\u00f3 con buscar a un refugiado que se sacrifique y sea comido por tigres en Berl\u00edn si el Gobierno alem\u00e1n no les permite fletar un avi\u00f3n con 100 refugiados desde Turqu\u00eda. \u00abRefugiados como comida\u00bb es la campa\u00f1a que este grupo de artistas ha iniciado buscando<\/p>\n","protected":false},"author":1,"featured_media":16457,"comment_status":"closed","ping_status":"closed","sticky":false,"template":"","format":"standard","meta":{"footnotes":""},"categories":[343],"tags":[],"class_list":{"0":"post-30587","1":"post","2":"type-post","3":"status-publish","4":"format-standard","5":"has-post-thumbnail","7":"category-actualidad"},"aioseo_notices":[],"aioseo_head":"\n\t\t<!-- All in One SEO Pro 4.9.6.2 - aioseo.com -->\n\t<meta name=\"description\" content=\"Berl\u00edn, 17 jun (dpa) - Un grupo de artistas alemanes amenaz\u00f3 con buscar a un refugiado que se sacrifique y sea comido por tigres en Berl\u00edn si el Gobierno alem\u00e1n no les permite fletar un avi\u00f3n con 100 refugiados desde Turqu\u00eda. &quot;Refugiados como comida&quot; es la campa\u00f1a que este grupo de artistas ha iniciado buscando\" \/>\n\t<meta name=\"robots\" content=\"max-image-preview:large\" \/>\n\t<meta name=\"author\" content=\"Cand\u00e1s 365\"\/>\n\t<meta name=\"google-site-verification\" content=\"UA-32230408-1\" \/>\n\t<meta name=\"msvalidate.01\" content=\"354F3CDFB2DA171B47FBE9ABF1F88D5\" \/>\n\t<meta name=\"keywords\" content=\"actualidad\" \/>\n\t<link rel=\"canonical\" href=\"https:\/\/candas365.es\/noticias\/refugiados-como-comida-activistas-presionan-al-gobierno-aleman\/\" \/>\n\t<meta name=\"generator\" content=\"All in One SEO Pro (AIOSEO) 4.9.6.2\" \/>\n\t\t<meta property=\"og:locale\" content=\"es_ES\" \/>\n\t\t<meta property=\"og:site_name\" content=\"Cand\u00e1s 365\" \/>\n\t\t<meta property=\"og:type\" content=\"article\" \/>\n\t\t<meta property=\"og:title\" content=\"\u00abRefugiados como comida\u00bb: Activistas presionan al Gobierno alem\u00e1n | Cand\u00e1s 365\" \/>\n\t\t<meta property=\"og:description\" content=\"Berl\u00edn, 17 jun (dpa) - Un grupo de artistas alemanes amenaz\u00f3 con buscar a un refugiado que se sacrifique y sea comido por tigres en Berl\u00edn si el Gobierno alem\u00e1n no les permite fletar un avi\u00f3n con 100 refugiados desde Turqu\u00eda. &quot;Refugiados como comida&quot; es la campa\u00f1a que este grupo de artistas ha iniciado buscando\" \/>\n\t\t<meta property=\"og:url\" content=\"https:\/\/candas365.es\/noticias\/refugiados-como-comida-activistas-presionan-al-gobierno-aleman\/\" \/>\n\t\t<meta property=\"og:image\" content=\"https:\/\/candas365.es\/noticias\/wp-content\/uploads\/2015\/09\/c365noticias.jpg\" \/>\n\t\t<meta property=\"og:image:secure_url\" content=\"https:\/\/candas365.es\/noticias\/wp-content\/uploads\/2015\/09\/c365noticias.jpg\" \/>\n\t\t<meta property=\"og:image:width\" content=\"655\" \/>\n\t\t<meta property=\"og:image:height\" content=\"360\" \/>\n\t\t<meta property=\"article:published_time\" content=\"2016-06-17T21:02:26+00:00\" \/>\n\t\t<meta property=\"article:modified_time\" content=\"2016-06-17T21:02:26+00:00\" \/>\n\t\t<meta property=\"article:publisher\" content=\"https:\/\/www.facebook.com\/Nachofdezber\" \/>\n\t\t<meta property=\"article:author\" content=\"https:\/\/www.facebook.com\/carrenoactualidad\" \/>\n\t\t<meta name=\"twitter:card\" content=\"summary_large_image\" \/>\n\t\t<meta name=\"twitter:site\" content=\"@NabercoDigital\" \/>\n\t\t<meta name=\"twitter:title\" content=\"\u00abRefugiados como comida\u00bb: Activistas presionan al Gobierno alem\u00e1n | Cand\u00e1s 365\" \/>\n\t\t<meta name=\"twitter:description\" content=\"Berl\u00edn, 17 jun (dpa) - Un grupo de artistas alemanes amenaz\u00f3 con buscar a un refugiado que se sacrifique y sea comido por tigres en Berl\u00edn si el Gobierno alem\u00e1n no les permite fletar un avi\u00f3n con 100 refugiados desde Turqu\u00eda. &quot;Refugiados como comida&quot; es la campa\u00f1a que este grupo de artistas ha iniciado buscando\" \/>\n\t\t<meta name=\"twitter:creator\" content=\"@nbasturias\" \/>\n\t\t<meta name=\"twitter:image\" content=\"https:\/\/candas365.es\/noticias\/wp-content\/uploads\/2015\/09\/c365noticias.jpg\" \/>\n\t\t<meta name=\"twitter:label1\" content=\"Escrito por\" \/>\n\t\t<meta name=\"twitter:data1\" content=\"Cand\u00e1s 365\" \/>\n\t\t<meta name=\"twitter:label2\" content=\"Tiempo de lectura estimado\" \/>\n\t\t<meta name=\"twitter:data2\" content=\"2 minutos\" \/>\n\t\t<script type=\"application\/ld+json\" class=\"aioseo-schema\">\n\t\t\t{\"@context\":\"https:\\\/\\\/schema.org\",\"@graph\":[{\"@type\":\"BreadcrumbList\",\"@id\":\"https:\\\/\\\/candas365.es\\\/noticias\\\/refugiados-como-comida-activistas-presionan-al-gobierno-aleman\\\/#breadcrumblist\",\"itemListElement\":[{\"@type\":\"ListItem\",\"@id\":\"https:\\\/\\\/candas365.es\\\/noticias#listItem\",\"position\":1,\"name\":\"Home\",\"item\":\"https:\\\/\\\/candas365.es\\\/noticias\",\"nextItem\":{\"@type\":\"ListItem\",\"@id\":\"https:\\\/\\\/candas365.es\\\/noticias\\\/category\\\/actualidad\\\/#listItem\",\"name\":\"Actualidad\"}},{\"@type\":\"ListItem\",\"@id\":\"https:\\\/\\\/candas365.es\\\/noticias\\\/category\\\/actualidad\\\/#listItem\",\"position\":2,\"name\":\"Actualidad\",\"item\":\"https:\\\/\\\/candas365.es\\\/noticias\\\/category\\\/actualidad\\\/\",\"nextItem\":{\"@type\":\"ListItem\",\"@id\":\"https:\\\/\\\/candas365.es\\\/noticias\\\/refugiados-como-comida-activistas-presionan-al-gobierno-aleman\\\/#listItem\",\"name\":\"\\u00abRefugiados como comida\\u00bb: Activistas presionan al Gobierno alem\\u00e1n\"},\"previousItem\":{\"@type\":\"ListItem\",\"@id\":\"https:\\\/\\\/candas365.es\\\/noticias#listItem\",\"name\":\"Home\"}},{\"@type\":\"ListItem\",\"@id\":\"https:\\\/\\\/candas365.es\\\/noticias\\\/refugiados-como-comida-activistas-presionan-al-gobierno-aleman\\\/#listItem\",\"position\":3,\"name\":\"\\u00abRefugiados como comida\\u00bb: Activistas presionan al Gobierno alem\\u00e1n\",\"previousItem\":{\"@type\":\"ListItem\",\"@id\":\"https:\\\/\\\/candas365.es\\\/noticias\\\/category\\\/actualidad\\\/#listItem\",\"name\":\"Actualidad\"}}]},{\"@type\":\"NewsArticle\",\"@id\":\"https:\\\/\\\/candas365.es\\\/noticias\\\/refugiados-como-comida-activistas-presionan-al-gobierno-aleman\\\/#newsarticle\",\"name\":\"\\u00abRefugiados como comida\\u00bb: Activistas presionan al Gobierno alem\\u00e1n | Cand\\u00e1s 365\",\"headline\":\"\\u00abRefugiados como comida\\u00bb: Activistas presionan al Gobierno alem\\u00e1n\",\"author\":{\"@id\":\"https:\\\/\\\/candas365.es\\\/noticias\\\/author\\\/admin\\\/#author\"},\"publisher\":{\"@id\":\"https:\\\/\\\/candas365.es\\\/noticias\\\/#organization\"},\"image\":{\"@type\":\"ImageObject\",\"url\":\"https:\\\/\\\/candas365.es\\\/noticias\\\/wp-content\\\/uploads\\\/2015\\\/09\\\/c365noticias.jpg\",\"width\":655,\"height\":360},\"datePublished\":\"2016-06-17T22:32:26+02:00\",\"dateModified\":\"2016-06-17T22:32:26+02:00\",\"inLanguage\":\"es-ES\",\"mainEntityOfPage\":{\"@id\":\"https:\\\/\\\/candas365.es\\\/noticias\\\/refugiados-como-comida-activistas-presionan-al-gobierno-aleman\\\/#webpage\"},\"isPartOf\":{\"@id\":\"https:\\\/\\\/candas365.es\\\/noticias\\\/refugiados-como-comida-activistas-presionan-al-gobierno-aleman\\\/#webpage\"},\"articleSection\":\"Actualidad\",\"dateline\":\"Publicado el junio 17, 2016.\"},{\"@type\":\"Organization\",\"@id\":\"https:\\\/\\\/candas365.es\\\/noticias\\\/#organization\",\"name\":\"Cand\\u00e1s 365\",\"description\":\"Cand\\u00e1s 365 es un diario digital independiente, fundado en 2012, con base en Asturias. Informamos con rigor sobre actualidad, sociedad, cultura y ocio, con una mirada local y global.\",\"url\":\"https:\\\/\\\/candas365.es\\\/noticias\\\/\",\"email\":\"info@candas365.es\",\"telephone\":\"+34652131393\",\"foundingDate\":\"2012-06-10\",\"logo\":{\"@type\":\"ImageObject\",\"url\":\"https:\\\/\\\/candas365.es\\\/noticias\\\/wp-content\\\/uploads\\\/2024\\\/09\\\/Candas-365-Redes.jpg\",\"@id\":\"https:\\\/\\\/candas365.es\\\/noticias\\\/refugiados-como-comida-activistas-presionan-al-gobierno-aleman\\\/#organizationLogo\",\"width\":1152,\"height\":864,\"caption\":\"Cand\\u00e1s 365 Redes\"},\"image\":{\"@id\":\"https:\\\/\\\/candas365.es\\\/noticias\\\/refugiados-como-comida-activistas-presionan-al-gobierno-aleman\\\/#organizationLogo\"},\"sameAs\":[\"https:\\\/\\\/www.facebook.com\\\/Nachofdezber\",\"https:\\\/\\\/x.com\\\/NabercoDigital\",\"https:\\\/\\\/www.instagram.com\\\/nachofdezber\\\/\",\"https:\\\/\\\/www.youtube.com\\\/channel\\\/UCZP-2wLEB9Rv6erhFmqVnvg\"],\"address\":{\"@id\":\"https:\\\/\\\/candas365.es\\\/noticias\\\/#postaladdress\",\"@type\":\"PostalAddress\",\"streetAddress\":\"san antonio 4, san antonio 4\",\"postalCode\":\"33430\",\"addressLocality\":\"Cand\\u00e1s\",\"addressRegion\":\"Asturias\",\"addressCountry\":\"ES\"}},{\"@type\":\"Person\",\"@id\":\"https:\\\/\\\/candas365.es\\\/noticias\\\/author\\\/admin\\\/#author\",\"url\":\"https:\\\/\\\/candas365.es\\\/noticias\\\/author\\\/admin\\\/\",\"name\":\"Cand\\u00e1s 365\",\"image\":{\"@type\":\"ImageObject\",\"@id\":\"https:\\\/\\\/candas365.es\\\/noticias\\\/refugiados-como-comida-activistas-presionan-al-gobierno-aleman\\\/#authorImage\",\"url\":\"https:\\\/\\\/secure.gravatar.com\\\/avatar\\\/496a8e03d0c493ede1718b7934145dbdf8d89be1036b0eec9544e1094c9de390?s=96&d=mm&r=g\",\"width\":96,\"height\":96,\"caption\":\"Cand\\u00e1s 365\"},\"sameAs\":[\"https:\\\/\\\/www.facebook.com\\\/carrenoactualidad\",\"https:\\\/\\\/twitter.com\\\/nbasturias\",\"https:\\\/\\\/www.instagram.com\\\/nachofdezber\\\/\",\"https:\\\/\\\/www.youtube.com\\\/channel\\\/UCZP-2wLEB9Rv6erhFmqVnvg\"]},{\"@type\":\"WebPage\",\"@id\":\"https:\\\/\\\/candas365.es\\\/noticias\\\/refugiados-como-comida-activistas-presionan-al-gobierno-aleman\\\/#webpage\",\"url\":\"https:\\\/\\\/candas365.es\\\/noticias\\\/refugiados-como-comida-activistas-presionan-al-gobierno-aleman\\\/\",\"name\":\"\\u00abRefugiados como comida\\u00bb: Activistas presionan al Gobierno alem\\u00e1n | Cand\\u00e1s 365\",\"description\":\"Berl\\u00edn, 17 jun (dpa) - Un grupo de artistas alemanes amenaz\\u00f3 con buscar a un refugiado que se sacrifique y sea comido por tigres en Berl\\u00edn si el Gobierno alem\\u00e1n no les permite fletar un avi\\u00f3n con 100 refugiados desde Turqu\\u00eda. \\\"Refugiados como comida\\\" es la campa\\u00f1a que este grupo de artistas ha iniciado buscando\",\"inLanguage\":\"es-ES\",\"isPartOf\":{\"@id\":\"https:\\\/\\\/candas365.es\\\/noticias\\\/#website\"},\"breadcrumb\":{\"@id\":\"https:\\\/\\\/candas365.es\\\/noticias\\\/refugiados-como-comida-activistas-presionan-al-gobierno-aleman\\\/#breadcrumblist\"},\"author\":{\"@id\":\"https:\\\/\\\/candas365.es\\\/noticias\\\/author\\\/admin\\\/#author\"},\"creator\":{\"@id\":\"https:\\\/\\\/candas365.es\\\/noticias\\\/author\\\/admin\\\/#author\"},\"image\":{\"@type\":\"ImageObject\",\"url\":\"https:\\\/\\\/candas365.es\\\/noticias\\\/wp-content\\\/uploads\\\/2015\\\/09\\\/c365noticias.jpg\",\"@id\":\"https:\\\/\\\/candas365.es\\\/noticias\\\/refugiados-como-comida-activistas-presionan-al-gobierno-aleman\\\/#mainImage\",\"width\":655,\"height\":360},\"primaryImageOfPage\":{\"@id\":\"https:\\\/\\\/candas365.es\\\/noticias\\\/refugiados-como-comida-activistas-presionan-al-gobierno-aleman\\\/#mainImage\"},\"datePublished\":\"2016-06-17T22:32:26+02:00\",\"dateModified\":\"2016-06-17T22:32:26+02:00\"},{\"@type\":\"WebSite\",\"@id\":\"https:\\\/\\\/candas365.es\\\/noticias\\\/#website\",\"url\":\"https:\\\/\\\/candas365.es\\\/noticias\\\/\",\"name\":\"Cand\\u00e1s 365\",\"alternateName\":\"Cand\\u00e1s 365 Noticias\",\"description\":\"Actualidad desde Carre\\u00f1o para el mundo\",\"inLanguage\":\"es-ES\",\"publisher\":{\"@id\":\"https:\\\/\\\/candas365.es\\\/noticias\\\/#organization\"}}]}\n\t\t<\/script>\n\t\t<!-- All in One SEO Pro -->\r\n\t\t<title>\u00abRefugiados como comida\u00bb: Activistas presionan al Gobierno alem\u00e1n | Cand\u00e1s 365<\/title>\n\n","aioseo_head_json":{"title":"\u00abRefugiados como comida\u00bb: Activistas presionan al Gobierno alem\u00e1n | Cand\u00e1s 365","description":"Berl\u00edn, 17 jun (dpa) - Un grupo de artistas alemanes amenaz\u00f3 con buscar a un refugiado que se sacrifique y sea comido por tigres en Berl\u00edn si el Gobierno alem\u00e1n no les permite fletar un avi\u00f3n con 100 refugiados desde Turqu\u00eda. \"Refugiados como comida\" es la campa\u00f1a que este grupo de artistas ha iniciado buscando","canonical_url":"https:\/\/candas365.es\/noticias\/refugiados-como-comida-activistas-presionan-al-gobierno-aleman\/","robots":"max-image-preview:large","keywords":"actualidad","webmasterTools":{"google-site-verification":"UA-32230408-1","msvalidate.01":"354F3CDFB2DA171B47FBE9ABF1F88D5","miscellaneous":""},"schema":{"@context":"https:\/\/schema.org","@graph":[{"@type":"BreadcrumbList","@id":"https:\/\/candas365.es\/noticias\/refugiados-como-comida-activistas-presionan-al-gobierno-aleman\/#breadcrumblist","itemListElement":[{"@type":"ListItem","@id":"https:\/\/candas365.es\/noticias#listItem","position":1,"name":"Home","item":"https:\/\/candas365.es\/noticias","nextItem":{"@type":"ListItem","@id":"https:\/\/candas365.es\/noticias\/category\/actualidad\/#listItem","name":"Actualidad"}},{"@type":"ListItem","@id":"https:\/\/candas365.es\/noticias\/category\/actualidad\/#listItem","position":2,"name":"Actualidad","item":"https:\/\/candas365.es\/noticias\/category\/actualidad\/","nextItem":{"@type":"ListItem","@id":"https:\/\/candas365.es\/noticias\/refugiados-como-comida-activistas-presionan-al-gobierno-aleman\/#listItem","name":"\u00abRefugiados como comida\u00bb: Activistas presionan al Gobierno alem\u00e1n"},"previousItem":{"@type":"ListItem","@id":"https:\/\/candas365.es\/noticias#listItem","name":"Home"}},{"@type":"ListItem","@id":"https:\/\/candas365.es\/noticias\/refugiados-como-comida-activistas-presionan-al-gobierno-aleman\/#listItem","position":3,"name":"\u00abRefugiados como comida\u00bb: Activistas presionan al Gobierno alem\u00e1n","previousItem":{"@type":"ListItem","@id":"https:\/\/candas365.es\/noticias\/category\/actualidad\/#listItem","name":"Actualidad"}}]},{"@type":"NewsArticle","@id":"https:\/\/candas365.es\/noticias\/refugiados-como-comida-activistas-presionan-al-gobierno-aleman\/#newsarticle","name":"\u00abRefugiados como comida\u00bb: Activistas presionan al Gobierno alem\u00e1n | Cand\u00e1s 365","headline":"\u00abRefugiados como comida\u00bb: Activistas presionan al Gobierno alem\u00e1n","author":{"@id":"https:\/\/candas365.es\/noticias\/author\/admin\/#author"},"publisher":{"@id":"https:\/\/candas365.es\/noticias\/#organization"},"image":{"@type":"ImageObject","url":"https:\/\/candas365.es\/noticias\/wp-content\/uploads\/2015\/09\/c365noticias.jpg","width":655,"height":360},"datePublished":"2016-06-17T22:32:26+02:00","dateModified":"2016-06-17T22:32:26+02:00","inLanguage":"es-ES","mainEntityOfPage":{"@id":"https:\/\/candas365.es\/noticias\/refugiados-como-comida-activistas-presionan-al-gobierno-aleman\/#webpage"},"isPartOf":{"@id":"https:\/\/candas365.es\/noticias\/refugiados-como-comida-activistas-presionan-al-gobierno-aleman\/#webpage"},"articleSection":"Actualidad","dateline":"Publicado el junio 17, 2016."},{"@type":"Organization","@id":"https:\/\/candas365.es\/noticias\/#organization","name":"Cand\u00e1s 365","description":"Cand\u00e1s 365 es un diario digital independiente, fundado en 2012, con base en Asturias. Informamos con rigor sobre actualidad, sociedad, cultura y ocio, con una mirada local y global.","url":"https:\/\/candas365.es\/noticias\/","email":"info@candas365.es","telephone":"+34652131393","foundingDate":"2012-06-10","logo":{"@type":"ImageObject","url":"https:\/\/candas365.es\/noticias\/wp-content\/uploads\/2024\/09\/Candas-365-Redes.jpg","@id":"https:\/\/candas365.es\/noticias\/refugiados-como-comida-activistas-presionan-al-gobierno-aleman\/#organizationLogo","width":1152,"height":864,"caption":"Cand\u00e1s 365 Redes"},"image":{"@id":"https:\/\/candas365.es\/noticias\/refugiados-como-comida-activistas-presionan-al-gobierno-aleman\/#organizationLogo"},"sameAs":["https:\/\/www.facebook.com\/Nachofdezber","https:\/\/x.com\/NabercoDigital","https:\/\/www.instagram.com\/nachofdezber\/","https:\/\/www.youtube.com\/channel\/UCZP-2wLEB9Rv6erhFmqVnvg"],"address":{"@id":"https:\/\/candas365.es\/noticias\/#postaladdress","@type":"PostalAddress","streetAddress":"san antonio 4, san antonio 4","postalCode":"33430","addressLocality":"Cand\u00e1s","addressRegion":"Asturias","addressCountry":"ES"}},{"@type":"Person","@id":"https:\/\/candas365.es\/noticias\/author\/admin\/#author","url":"https:\/\/candas365.es\/noticias\/author\/admin\/","name":"Cand\u00e1s 365","image":{"@type":"ImageObject","@id":"https:\/\/candas365.es\/noticias\/refugiados-como-comida-activistas-presionan-al-gobierno-aleman\/#authorImage","url":"https:\/\/secure.gravatar.com\/avatar\/496a8e03d0c493ede1718b7934145dbdf8d89be1036b0eec9544e1094c9de390?s=96&d=mm&r=g","width":96,"height":96,"caption":"Cand\u00e1s 365"},"sameAs":["https:\/\/www.facebook.com\/carrenoactualidad","https:\/\/twitter.com\/nbasturias","https:\/\/www.instagram.com\/nachofdezber\/","https:\/\/www.youtube.com\/channel\/UCZP-2wLEB9Rv6erhFmqVnvg"]},{"@type":"WebPage","@id":"https:\/\/candas365.es\/noticias\/refugiados-como-comida-activistas-presionan-al-gobierno-aleman\/#webpage","url":"https:\/\/candas365.es\/noticias\/refugiados-como-comida-activistas-presionan-al-gobierno-aleman\/","name":"\u00abRefugiados como comida\u00bb: Activistas presionan al Gobierno alem\u00e1n | Cand\u00e1s 365","description":"Berl\u00edn, 17 jun (dpa) - Un grupo de artistas alemanes amenaz\u00f3 con buscar a un refugiado que se sacrifique y sea comido por tigres en Berl\u00edn si el Gobierno alem\u00e1n no les permite fletar un avi\u00f3n con 100 refugiados desde Turqu\u00eda. \"Refugiados como comida\" es la campa\u00f1a que este grupo de artistas ha iniciado buscando","inLanguage":"es-ES","isPartOf":{"@id":"https:\/\/candas365.es\/noticias\/#website"},"breadcrumb":{"@id":"https:\/\/candas365.es\/noticias\/refugiados-como-comida-activistas-presionan-al-gobierno-aleman\/#breadcrumblist"},"author":{"@id":"https:\/\/candas365.es\/noticias\/author\/admin\/#author"},"creator":{"@id":"https:\/\/candas365.es\/noticias\/author\/admin\/#author"},"image":{"@type":"ImageObject","url":"https:\/\/candas365.es\/noticias\/wp-content\/uploads\/2015\/09\/c365noticias.jpg","@id":"https:\/\/candas365.es\/noticias\/refugiados-como-comida-activistas-presionan-al-gobierno-aleman\/#mainImage","width":655,"height":360},"primaryImageOfPage":{"@id":"https:\/\/candas365.es\/noticias\/refugiados-como-comida-activistas-presionan-al-gobierno-aleman\/#mainImage"},"datePublished":"2016-06-17T22:32:26+02:00","dateModified":"2016-06-17T22:32:26+02:00"},{"@type":"WebSite","@id":"https:\/\/candas365.es\/noticias\/#website","url":"https:\/\/candas365.es\/noticias\/","name":"Cand\u00e1s 365","alternateName":"Cand\u00e1s 365 Noticias","description":"Actualidad desde Carre\u00f1o para el mundo","inLanguage":"es-ES","publisher":{"@id":"https:\/\/candas365.es\/noticias\/#organization"}}]},"og:locale":"es_ES","og:site_name":"Cand\u00e1s 365","og:type":"article","og:title":"\u00abRefugiados como comida\u00bb: Activistas presionan al Gobierno alem\u00e1n | Cand\u00e1s 365","og:description":"Berl\u00edn, 17 jun (dpa) - Un grupo de artistas alemanes amenaz\u00f3 con buscar a un refugiado que se sacrifique y sea comido por tigres en Berl\u00edn si el Gobierno alem\u00e1n no les permite fletar un avi\u00f3n con 100 refugiados desde Turqu\u00eda. &quot;Refugiados como comida&quot; es la campa\u00f1a que este grupo de artistas ha iniciado buscando","og:url":"https:\/\/candas365.es\/noticias\/refugiados-como-comida-activistas-presionan-al-gobierno-aleman\/","og:image":"https:\/\/candas365.es\/noticias\/wp-content\/uploads\/2015\/09\/c365noticias.jpg","og:image:secure_url":"https:\/\/candas365.es\/noticias\/wp-content\/uploads\/2015\/09\/c365noticias.jpg","og:image:width":655,"og:image:height":360,"article:published_time":"2016-06-17T21:02:26+00:00","article:modified_time":"2016-06-17T21:02:26+00:00","article:publisher":"https:\/\/www.facebook.com\/Nachofdezber","article:author":"https:\/\/www.facebook.com\/carrenoactualidad","twitter:card":"summary_large_image","twitter:site":"@NabercoDigital","twitter:title":"\u00abRefugiados como comida\u00bb: Activistas presionan al Gobierno alem\u00e1n | Cand\u00e1s 365","twitter:description":"Berl\u00edn, 17 jun (dpa) - Un grupo de artistas alemanes amenaz\u00f3 con buscar a un refugiado que se sacrifique y sea comido por tigres en Berl\u00edn si el Gobierno alem\u00e1n no les permite fletar un avi\u00f3n con 100 refugiados desde Turqu\u00eda. &quot;Refugiados como comida&quot; es la campa\u00f1a que este grupo de artistas ha iniciado buscando","twitter:creator":"@nbasturias","twitter:image":"https:\/\/candas365.es\/noticias\/wp-content\/uploads\/2015\/09\/c365noticias.jpg","twitter:label1":"Escrito por","twitter:data1":"Cand\u00e1s 365","twitter:label2":"Tiempo de lectura estimado","twitter:data2":"2 minutos"},"aioseo_meta_data":{"post_id":"30587","title":null,"description":null,"keywords":null,"keyphrases":null,"primary_term":null,"canonical_url":null,"og_title":null,"og_description":null,"og_object_type":"default","og_image_type":"default","og_image_url":null,"og_image_width":null,"og_image_height":null,"og_image_custom_url":null,"og_image_custom_fields":null,"og_video":null,"og_custom_url":null,"og_article_section":null,"og_article_tags":null,"twitter_use_og":false,"twitter_card":"default","twitter_image_type":"default","twitter_image_url":null,"twitter_image_custom_url":null,"twitter_image_custom_fields":null,"twitter_title":null,"twitter_description":null,"schema":{"blockGraphs":[],"customGraphs":[],"default":{"data":{"Article":[],"Course":[],"Dataset":[],"FAQPage":[],"Movie":[],"Person":[],"Product":[],"ProductReview":[],"Car":[],"Recipe":[],"Service":[],"SoftwareApplication":[],"WebPage":[]},"graphName":"","isEnabled":true},"graphs":[],"defaultGraph":"","defaultPostTypeGraph":""},"schema_type":null,"schema_type_options":null,"pillar_content":false,"robots_default":true,"robots_noindex":false,"robots_noarchive":false,"robots_nosnippet":false,"robots_nofollow":false,"robots_noimageindex":false,"robots_noodp":false,"robots_notranslate":false,"robots_max_snippet":null,"robots_max_videopreview":null,"robots_max_imagepreview":"large","priority":null,"frequency":null,"location":null,"local_seo":null,"seo_analyzer_scan_date":"2025-08-24 12:43:14","breadcrumb_settings":null,"limit_modified_date":false,"reviewed_by":null,"open_ai":null,"ai":null,"created":"2020-12-21 12:58:50","updated":"2025-08-24 12:43:14"},"aioseo_breadcrumb":"<div class=\"aioseo-breadcrumbs\"><span class=\"aioseo-breadcrumb\">\n\t<a href=\"https:\/\/candas365.es\/noticias\" title=\"Home\">Home<\/a>\n<\/span><span class=\"aioseo-breadcrumb-separator\">&ndash;<\/span><span class=\"aioseo-breadcrumb\">\n\t<a href=\"https:\/\/candas365.es\/noticias\/category\/actualidad\/\" title=\"Actualidad\">Actualidad<\/a>\n<\/span><span class=\"aioseo-breadcrumb-separator\">&ndash;<\/span><span class=\"aioseo-breadcrumb\">\n\t\u00abRefugiados como comida\u00bb: Activistas presionan al Gobierno alem\u00e1n\n<\/span><\/div>","aioseo_breadcrumb_json":[{"label":"Home","link":"https:\/\/candas365.es\/noticias"},{"label":"Actualidad","link":"https:\/\/candas365.es\/noticias\/category\/actualidad\/"},{"label":"\u00abRefugiados como comida\u00bb: Activistas presionan al Gobierno alem\u00e1n","link":"https:\/\/candas365.es\/noticias\/refugiados-como-comida-activistas-presionan-al-gobierno-aleman\/"}],"_links":{"self":[{"href":"https:\/\/candas365.es\/noticias\/wp-json\/wp\/v2\/posts\/30587","targetHints":{"allow":["GET"]}}],"collection":[{"href":"https:\/\/candas365.es\/noticias\/wp-json\/wp\/v2\/posts"}],"about":[{"href":"https:\/\/candas365.es\/noticias\/wp-json\/wp\/v2\/types\/post"}],"author":[{"embeddable":true,"href":"https:\/\/candas365.es\/noticias\/wp-json\/wp\/v2\/users\/1"}],"replies":[{"embeddable":true,"href":"https:\/\/candas365.es\/noticias\/wp-json\/wp\/v2\/comments?post=30587"}],"version-history":[{"count":0,"href":"https:\/\/candas365.es\/noticias\/wp-json\/wp\/v2\/posts\/30587\/revisions"}],"wp:featuredmedia":[{"embeddable":true,"href":"https:\/\/candas365.es\/noticias\/wp-json\/wp\/v2\/media\/16457"}],"wp:attachment":[{"href":"https:\/\/candas365.es\/noticias\/wp-json\/wp\/v2\/media?parent=30587"}],"wp:term":[{"taxonomy":"category","embeddable":true,"href":"https:\/\/candas365.es\/noticias\/wp-json\/wp\/v2\/categories?post=30587"},{"taxonomy":"post_tag","embeddable":true,"href":"https:\/\/candas365.es\/noticias\/wp-json\/wp\/v2\/tags?post=30587"}],"curies":[{"name":"wp","href":"https:\/\/api.w.org\/{rel}","templated":true}]}}