{"id":30585,"date":"2016-06-17T22:30:30","date_gmt":"2016-06-17T21:00:30","guid":{"rendered":"http:\/\/candas365.es\/noticias\/?p=30585"},"modified":"2016-06-17T22:30:30","modified_gmt":"2016-06-17T21:00:30","slug":"familias-porsche-y-piech-respaldan-nueva-estrategia-de-vw","status":"publish","type":"post","link":"https:\/\/candas365.es\/noticias\/familias-porsche-y-piech-respaldan-nueva-estrategia-de-vw\/","title":{"rendered":"Familias Porsche y Pi\u00ebch respaldan nueva estrategia de VW"},"content":{"rendered":"<p>Wolfsburgo (Alemania), 17 jun (dpa) &#8211; Las familias Porsche y Pi\u00ebch, grandes accionistas de la automotriz alemana Volkswagen, respaldaron la estrategia presentada el jueves por su director ejecutivo, Matthias M\u00fcller, centrada en los autom\u00f3viles el\u00e9ctricos, en una entrevista publicada hoy en el diario alem\u00e1n \u00abBild\u00bb.<\/p>\n<p>Sin embargo, al mismo tiempo reclamaron mejoras dentro del mayor fabricante automotor de Europa para salir de la peor crisis de su historia, a la que se vio abocado al salir a la luz el pasado a\u00f1o el esc\u00e1ndalo de la manipulaci\u00f3n de las emisiones de los motores di\u00e9sel de unos 11 millones de autos en todo el mundo, de ellos unos 8,5 millones en Europa.<\/p>\n<p>\u00abVolkswagen debe volver a la senda del \u00e9xito para seguir siendo competitivo y volver a ser lucrativo\u00bb, asegur\u00f3 el miembro del consejo de supervisi\u00f3n de VW Wolfgang Porsche en una entrevista conjunta con su primo Hans Michel Pi\u00ebch, que tambi\u00e9n ocupa una plaza en el \u00f3rgano de control.<\/p>\n<p>VW planea fabricar 30 nuevos modelos de autom\u00f3viles el\u00e9ctricos hasta 2025 y espera que ese a\u00f1o las ventas de coches el\u00e9ctricos supongan cerca de entre un 20 y un 25 por ciento de las ventas totales. Asimismo, quiere volver a convertir la marca en un negocio lucrativo.<\/p>\n<p>\u00abNo podemos cerrar los ojos ante los problemas de VW y los cambios en el negocio automotor\u00bb, indic\u00f3 Porsche. Se trata de no convertir en tab\u00fa reformas necesarias, agreg\u00f3.<\/p>\n<p>&nbsp;<\/p>\n","protected":false},"excerpt":{"rendered":"<p>Wolfsburgo (Alemania), 17 jun (dpa) &#8211; Las familias Porsche y Pi\u00ebch, grandes accionistas de la automotriz alemana Volkswagen, respaldaron la estrategia presentada el jueves por su director ejecutivo, Matthias M\u00fcller, centrada en los autom\u00f3viles el\u00e9ctricos, en una entrevista publicada hoy en el diario alem\u00e1n \u00abBild\u00bb. Sin embargo, al mismo tiempo reclamaron mejoras dentro del mayor<\/p>\n","protected":false},"author":1,"featured_media":11776,"comment_status":"closed","ping_status":"closed","sticky":false,"template":"","format":"standard","meta":{"footnotes":""},"categories":[343],"tags":[],"class_list":{"0":"post-30585","1":"post","2":"type-post","3":"status-publish","4":"format-standard","5":"has-post-thumbnail","7":"category-actualidad"},"aioseo_notices":[],"aioseo_head":"\n\t\t<!-- All in One SEO Pro 4.9.6.2 - aioseo.com -->\n\t<meta name=\"description\" content=\"Wolfsburgo (Alemania), 17 jun (dpa) - Las familias Porsche y Pi\u00ebch, grandes accionistas de la automotriz alemana Volkswagen, respaldaron la estrategia presentada el jueves por su director ejecutivo, Matthias M\u00fcller, centrada en los autom\u00f3viles el\u00e9ctricos, en una entrevista publicada hoy en el diario alem\u00e1n &quot;Bild&quot;. Sin embargo, al mismo tiempo reclamaron mejoras dentro del mayor\" \/>\n\t<meta name=\"robots\" content=\"max-image-preview:large\" \/>\n\t<meta name=\"author\" content=\"Cand\u00e1s 365\"\/>\n\t<meta name=\"google-site-verification\" content=\"UA-32230408-1\" \/>\n\t<meta name=\"msvalidate.01\" content=\"354F3CDFB2DA171B47FBE9ABF1F88D5\" \/>\n\t<meta name=\"keywords\" content=\"actualidad\" \/>\n\t<link rel=\"canonical\" href=\"https:\/\/candas365.es\/noticias\/familias-porsche-y-piech-respaldan-nueva-estrategia-de-vw\/\" \/>\n\t<meta name=\"generator\" content=\"All in One SEO Pro (AIOSEO) 4.9.6.2\" \/>\n\t\t<meta property=\"og:locale\" content=\"es_ES\" \/>\n\t\t<meta property=\"og:site_name\" content=\"Cand\u00e1s 365\" \/>\n\t\t<meta property=\"og:type\" content=\"article\" \/>\n\t\t<meta property=\"og:title\" content=\"Familias Porsche y Pi\u00ebch respaldan nueva estrategia de VW | Cand\u00e1s 365\" \/>\n\t\t<meta property=\"og:description\" content=\"Wolfsburgo (Alemania), 17 jun (dpa) - Las familias Porsche y Pi\u00ebch, grandes accionistas de la automotriz alemana Volkswagen, respaldaron la estrategia presentada el jueves por su director ejecutivo, Matthias M\u00fcller, centrada en los autom\u00f3viles el\u00e9ctricos, en una entrevista publicada hoy en el diario alem\u00e1n &quot;Bild&quot;. Sin embargo, al mismo tiempo reclamaron mejoras dentro del mayor\" \/>\n\t\t<meta property=\"og:url\" content=\"https:\/\/candas365.es\/noticias\/familias-porsche-y-piech-respaldan-nueva-estrategia-de-vw\/\" \/>\n\t\t<meta property=\"og:image\" content=\"https:\/\/candas365.es\/noticias\/wp-content\/uploads\/2015\/06\/carretera.jpg\" \/>\n\t\t<meta property=\"og:image:secure_url\" content=\"https:\/\/candas365.es\/noticias\/wp-content\/uploads\/2015\/06\/carretera.jpg\" \/>\n\t\t<meta property=\"og:image:width\" content=\"655\" \/>\n\t\t<meta property=\"og:image:height\" content=\"360\" \/>\n\t\t<meta property=\"article:published_time\" content=\"2016-06-17T21:00:30+00:00\" \/>\n\t\t<meta property=\"article:modified_time\" content=\"2016-06-17T21:00:30+00:00\" \/>\n\t\t<meta property=\"article:publisher\" content=\"https:\/\/www.facebook.com\/Nachofdezber\" \/>\n\t\t<meta property=\"article:author\" content=\"https:\/\/www.facebook.com\/carrenoactualidad\" \/>\n\t\t<meta name=\"twitter:card\" content=\"summary_large_image\" \/>\n\t\t<meta name=\"twitter:site\" content=\"@NabercoDigital\" \/>\n\t\t<meta name=\"twitter:title\" content=\"Familias Porsche y Pi\u00ebch respaldan nueva estrategia de VW | Cand\u00e1s 365\" \/>\n\t\t<meta name=\"twitter:description\" content=\"Wolfsburgo (Alemania), 17 jun (dpa) - Las familias Porsche y Pi\u00ebch, grandes accionistas de la automotriz alemana Volkswagen, respaldaron la estrategia presentada el jueves por su director ejecutivo, Matthias M\u00fcller, centrada en los autom\u00f3viles el\u00e9ctricos, en una entrevista publicada hoy en el diario alem\u00e1n &quot;Bild&quot;. Sin embargo, al mismo tiempo reclamaron mejoras dentro del mayor\" \/>\n\t\t<meta name=\"twitter:creator\" content=\"@nbasturias\" \/>\n\t\t<meta name=\"twitter:image\" content=\"https:\/\/candas365.es\/noticias\/wp-content\/uploads\/2015\/06\/carretera.jpg\" \/>\n\t\t<meta name=\"twitter:label1\" content=\"Escrito por\" \/>\n\t\t<meta name=\"twitter:data1\" content=\"Cand\u00e1s 365\" \/>\n\t\t<meta name=\"twitter:label2\" content=\"Tiempo de lectura estimado\" \/>\n\t\t<meta name=\"twitter:data2\" content=\"1 minuto\" \/>\n\t\t<script type=\"application\/ld+json\" class=\"aioseo-schema\">\n\t\t\t{\"@context\":\"https:\\\/\\\/schema.org\",\"@graph\":[{\"@type\":\"BreadcrumbList\",\"@id\":\"https:\\\/\\\/candas365.es\\\/noticias\\\/familias-porsche-y-piech-respaldan-nueva-estrategia-de-vw\\\/#breadcrumblist\",\"itemListElement\":[{\"@type\":\"ListItem\",\"@id\":\"https:\\\/\\\/candas365.es\\\/noticias#listItem\",\"position\":1,\"name\":\"Home\",\"item\":\"https:\\\/\\\/candas365.es\\\/noticias\",\"nextItem\":{\"@type\":\"ListItem\",\"@id\":\"https:\\\/\\\/candas365.es\\\/noticias\\\/category\\\/actualidad\\\/#listItem\",\"name\":\"Actualidad\"}},{\"@type\":\"ListItem\",\"@id\":\"https:\\\/\\\/candas365.es\\\/noticias\\\/category\\\/actualidad\\\/#listItem\",\"position\":2,\"name\":\"Actualidad\",\"item\":\"https:\\\/\\\/candas365.es\\\/noticias\\\/category\\\/actualidad\\\/\",\"nextItem\":{\"@type\":\"ListItem\",\"@id\":\"https:\\\/\\\/candas365.es\\\/noticias\\\/familias-porsche-y-piech-respaldan-nueva-estrategia-de-vw\\\/#listItem\",\"name\":\"Familias Porsche y Pi\\u00ebch respaldan nueva estrategia de VW\"},\"previousItem\":{\"@type\":\"ListItem\",\"@id\":\"https:\\\/\\\/candas365.es\\\/noticias#listItem\",\"name\":\"Home\"}},{\"@type\":\"ListItem\",\"@id\":\"https:\\\/\\\/candas365.es\\\/noticias\\\/familias-porsche-y-piech-respaldan-nueva-estrategia-de-vw\\\/#listItem\",\"position\":3,\"name\":\"Familias Porsche y Pi\\u00ebch respaldan nueva estrategia de VW\",\"previousItem\":{\"@type\":\"ListItem\",\"@id\":\"https:\\\/\\\/candas365.es\\\/noticias\\\/category\\\/actualidad\\\/#listItem\",\"name\":\"Actualidad\"}}]},{\"@type\":\"NewsArticle\",\"@id\":\"https:\\\/\\\/candas365.es\\\/noticias\\\/familias-porsche-y-piech-respaldan-nueva-estrategia-de-vw\\\/#newsarticle\",\"name\":\"Familias Porsche y Pi\\u00ebch respaldan nueva estrategia de VW | Cand\\u00e1s 365\",\"headline\":\"Familias Porsche y Pi\\u00ebch respaldan nueva estrategia de VW\",\"author\":{\"@id\":\"https:\\\/\\\/candas365.es\\\/noticias\\\/author\\\/admin\\\/#author\"},\"publisher\":{\"@id\":\"https:\\\/\\\/candas365.es\\\/noticias\\\/#organization\"},\"image\":{\"@type\":\"ImageObject\",\"url\":\"https:\\\/\\\/candas365.es\\\/noticias\\\/wp-content\\\/uploads\\\/2015\\\/06\\\/carretera.jpg\",\"width\":655,\"height\":360},\"datePublished\":\"2016-06-17T22:30:30+02:00\",\"dateModified\":\"2016-06-17T22:30:30+02:00\",\"inLanguage\":\"es-ES\",\"mainEntityOfPage\":{\"@id\":\"https:\\\/\\\/candas365.es\\\/noticias\\\/familias-porsche-y-piech-respaldan-nueva-estrategia-de-vw\\\/#webpage\"},\"isPartOf\":{\"@id\":\"https:\\\/\\\/candas365.es\\\/noticias\\\/familias-porsche-y-piech-respaldan-nueva-estrategia-de-vw\\\/#webpage\"},\"articleSection\":\"Actualidad\",\"dateline\":\"Publicado el junio 17, 2016.\"},{\"@type\":\"Organization\",\"@id\":\"https:\\\/\\\/candas365.es\\\/noticias\\\/#organization\",\"name\":\"Cand\\u00e1s 365\",\"description\":\"Cand\\u00e1s 365 es un diario digital independiente, fundado en 2012, con base en Asturias. Informamos con rigor sobre actualidad, sociedad, cultura y ocio, con una mirada local y global.\",\"url\":\"https:\\\/\\\/candas365.es\\\/noticias\\\/\",\"email\":\"info@candas365.es\",\"telephone\":\"+34652131393\",\"foundingDate\":\"2012-06-10\",\"logo\":{\"@type\":\"ImageObject\",\"url\":\"https:\\\/\\\/candas365.es\\\/noticias\\\/wp-content\\\/uploads\\\/2024\\\/09\\\/Candas-365-Redes.jpg\",\"@id\":\"https:\\\/\\\/candas365.es\\\/noticias\\\/familias-porsche-y-piech-respaldan-nueva-estrategia-de-vw\\\/#organizationLogo\",\"width\":1152,\"height\":864,\"caption\":\"Cand\\u00e1s 365 Redes\"},\"image\":{\"@id\":\"https:\\\/\\\/candas365.es\\\/noticias\\\/familias-porsche-y-piech-respaldan-nueva-estrategia-de-vw\\\/#organizationLogo\"},\"sameAs\":[\"https:\\\/\\\/www.facebook.com\\\/Nachofdezber\",\"https:\\\/\\\/x.com\\\/NabercoDigital\",\"https:\\\/\\\/www.instagram.com\\\/nachofdezber\\\/\",\"https:\\\/\\\/www.youtube.com\\\/channel\\\/UCZP-2wLEB9Rv6erhFmqVnvg\"],\"address\":{\"@id\":\"https:\\\/\\\/candas365.es\\\/noticias\\\/#postaladdress\",\"@type\":\"PostalAddress\",\"streetAddress\":\"san antonio 4, san antonio 4\",\"postalCode\":\"33430\",\"addressLocality\":\"Cand\\u00e1s\",\"addressRegion\":\"Asturias\",\"addressCountry\":\"ES\"}},{\"@type\":\"Person\",\"@id\":\"https:\\\/\\\/candas365.es\\\/noticias\\\/author\\\/admin\\\/#author\",\"url\":\"https:\\\/\\\/candas365.es\\\/noticias\\\/author\\\/admin\\\/\",\"name\":\"Cand\\u00e1s 365\",\"image\":{\"@type\":\"ImageObject\",\"@id\":\"https:\\\/\\\/candas365.es\\\/noticias\\\/familias-porsche-y-piech-respaldan-nueva-estrategia-de-vw\\\/#authorImage\",\"url\":\"https:\\\/\\\/secure.gravatar.com\\\/avatar\\\/496a8e03d0c493ede1718b7934145dbdf8d89be1036b0eec9544e1094c9de390?s=96&d=mm&r=g\",\"width\":96,\"height\":96,\"caption\":\"Cand\\u00e1s 365\"},\"sameAs\":[\"https:\\\/\\\/www.facebook.com\\\/carrenoactualidad\",\"https:\\\/\\\/twitter.com\\\/nbasturias\",\"https:\\\/\\\/www.instagram.com\\\/nachofdezber\\\/\",\"https:\\\/\\\/www.youtube.com\\\/channel\\\/UCZP-2wLEB9Rv6erhFmqVnvg\"]},{\"@type\":\"WebPage\",\"@id\":\"https:\\\/\\\/candas365.es\\\/noticias\\\/familias-porsche-y-piech-respaldan-nueva-estrategia-de-vw\\\/#webpage\",\"url\":\"https:\\\/\\\/candas365.es\\\/noticias\\\/familias-porsche-y-piech-respaldan-nueva-estrategia-de-vw\\\/\",\"name\":\"Familias Porsche y Pi\\u00ebch respaldan nueva estrategia de VW | Cand\\u00e1s 365\",\"description\":\"Wolfsburgo (Alemania), 17 jun (dpa) - Las familias Porsche y Pi\\u00ebch, grandes accionistas de la automotriz alemana Volkswagen, respaldaron la estrategia presentada el jueves por su director ejecutivo, Matthias M\\u00fcller, centrada en los autom\\u00f3viles el\\u00e9ctricos, en una entrevista publicada hoy en el diario alem\\u00e1n \\\"Bild\\\". Sin embargo, al mismo tiempo reclamaron mejoras dentro del mayor\",\"inLanguage\":\"es-ES\",\"isPartOf\":{\"@id\":\"https:\\\/\\\/candas365.es\\\/noticias\\\/#website\"},\"breadcrumb\":{\"@id\":\"https:\\\/\\\/candas365.es\\\/noticias\\\/familias-porsche-y-piech-respaldan-nueva-estrategia-de-vw\\\/#breadcrumblist\"},\"author\":{\"@id\":\"https:\\\/\\\/candas365.es\\\/noticias\\\/author\\\/admin\\\/#author\"},\"creator\":{\"@id\":\"https:\\\/\\\/candas365.es\\\/noticias\\\/author\\\/admin\\\/#author\"},\"image\":{\"@type\":\"ImageObject\",\"url\":\"https:\\\/\\\/candas365.es\\\/noticias\\\/wp-content\\\/uploads\\\/2015\\\/06\\\/carretera.jpg\",\"@id\":\"https:\\\/\\\/candas365.es\\\/noticias\\\/familias-porsche-y-piech-respaldan-nueva-estrategia-de-vw\\\/#mainImage\",\"width\":655,\"height\":360},\"primaryImageOfPage\":{\"@id\":\"https:\\\/\\\/candas365.es\\\/noticias\\\/familias-porsche-y-piech-respaldan-nueva-estrategia-de-vw\\\/#mainImage\"},\"datePublished\":\"2016-06-17T22:30:30+02:00\",\"dateModified\":\"2016-06-17T22:30:30+02:00\"},{\"@type\":\"WebSite\",\"@id\":\"https:\\\/\\\/candas365.es\\\/noticias\\\/#website\",\"url\":\"https:\\\/\\\/candas365.es\\\/noticias\\\/\",\"name\":\"Cand\\u00e1s 365\",\"alternateName\":\"Cand\\u00e1s 365 Noticias\",\"description\":\"Actualidad desde Carre\\u00f1o para el mundo\",\"inLanguage\":\"es-ES\",\"publisher\":{\"@id\":\"https:\\\/\\\/candas365.es\\\/noticias\\\/#organization\"}}]}\n\t\t<\/script>\n\t\t<!-- All in One SEO Pro -->\r\n\t\t<title>Familias Porsche y Pi\u00ebch respaldan nueva estrategia de VW | Cand\u00e1s 365<\/title>\n\n","aioseo_head_json":{"title":"Familias Porsche y Pi\u00ebch respaldan nueva estrategia de VW | Cand\u00e1s 365","description":"Wolfsburgo (Alemania), 17 jun (dpa) - Las familias Porsche y Pi\u00ebch, grandes accionistas de la automotriz alemana Volkswagen, respaldaron la estrategia presentada el jueves por su director ejecutivo, Matthias M\u00fcller, centrada en los autom\u00f3viles el\u00e9ctricos, en una entrevista publicada hoy en el diario alem\u00e1n \"Bild\". Sin embargo, al mismo tiempo reclamaron mejoras dentro del mayor","canonical_url":"https:\/\/candas365.es\/noticias\/familias-porsche-y-piech-respaldan-nueva-estrategia-de-vw\/","robots":"max-image-preview:large","keywords":"actualidad","webmasterTools":{"google-site-verification":"UA-32230408-1","msvalidate.01":"354F3CDFB2DA171B47FBE9ABF1F88D5","miscellaneous":""},"schema":{"@context":"https:\/\/schema.org","@graph":[{"@type":"BreadcrumbList","@id":"https:\/\/candas365.es\/noticias\/familias-porsche-y-piech-respaldan-nueva-estrategia-de-vw\/#breadcrumblist","itemListElement":[{"@type":"ListItem","@id":"https:\/\/candas365.es\/noticias#listItem","position":1,"name":"Home","item":"https:\/\/candas365.es\/noticias","nextItem":{"@type":"ListItem","@id":"https:\/\/candas365.es\/noticias\/category\/actualidad\/#listItem","name":"Actualidad"}},{"@type":"ListItem","@id":"https:\/\/candas365.es\/noticias\/category\/actualidad\/#listItem","position":2,"name":"Actualidad","item":"https:\/\/candas365.es\/noticias\/category\/actualidad\/","nextItem":{"@type":"ListItem","@id":"https:\/\/candas365.es\/noticias\/familias-porsche-y-piech-respaldan-nueva-estrategia-de-vw\/#listItem","name":"Familias Porsche y Pi\u00ebch respaldan nueva estrategia de VW"},"previousItem":{"@type":"ListItem","@id":"https:\/\/candas365.es\/noticias#listItem","name":"Home"}},{"@type":"ListItem","@id":"https:\/\/candas365.es\/noticias\/familias-porsche-y-piech-respaldan-nueva-estrategia-de-vw\/#listItem","position":3,"name":"Familias Porsche y Pi\u00ebch respaldan nueva estrategia de VW","previousItem":{"@type":"ListItem","@id":"https:\/\/candas365.es\/noticias\/category\/actualidad\/#listItem","name":"Actualidad"}}]},{"@type":"NewsArticle","@id":"https:\/\/candas365.es\/noticias\/familias-porsche-y-piech-respaldan-nueva-estrategia-de-vw\/#newsarticle","name":"Familias Porsche y Pi\u00ebch respaldan nueva estrategia de VW | Cand\u00e1s 365","headline":"Familias Porsche y Pi\u00ebch respaldan nueva estrategia de VW","author":{"@id":"https:\/\/candas365.es\/noticias\/author\/admin\/#author"},"publisher":{"@id":"https:\/\/candas365.es\/noticias\/#organization"},"image":{"@type":"ImageObject","url":"https:\/\/candas365.es\/noticias\/wp-content\/uploads\/2015\/06\/carretera.jpg","width":655,"height":360},"datePublished":"2016-06-17T22:30:30+02:00","dateModified":"2016-06-17T22:30:30+02:00","inLanguage":"es-ES","mainEntityOfPage":{"@id":"https:\/\/candas365.es\/noticias\/familias-porsche-y-piech-respaldan-nueva-estrategia-de-vw\/#webpage"},"isPartOf":{"@id":"https:\/\/candas365.es\/noticias\/familias-porsche-y-piech-respaldan-nueva-estrategia-de-vw\/#webpage"},"articleSection":"Actualidad","dateline":"Publicado el junio 17, 2016."},{"@type":"Organization","@id":"https:\/\/candas365.es\/noticias\/#organization","name":"Cand\u00e1s 365","description":"Cand\u00e1s 365 es un diario digital independiente, fundado en 2012, con base en Asturias. Informamos con rigor sobre actualidad, sociedad, cultura y ocio, con una mirada local y global.","url":"https:\/\/candas365.es\/noticias\/","email":"info@candas365.es","telephone":"+34652131393","foundingDate":"2012-06-10","logo":{"@type":"ImageObject","url":"https:\/\/candas365.es\/noticias\/wp-content\/uploads\/2024\/09\/Candas-365-Redes.jpg","@id":"https:\/\/candas365.es\/noticias\/familias-porsche-y-piech-respaldan-nueva-estrategia-de-vw\/#organizationLogo","width":1152,"height":864,"caption":"Cand\u00e1s 365 Redes"},"image":{"@id":"https:\/\/candas365.es\/noticias\/familias-porsche-y-piech-respaldan-nueva-estrategia-de-vw\/#organizationLogo"},"sameAs":["https:\/\/www.facebook.com\/Nachofdezber","https:\/\/x.com\/NabercoDigital","https:\/\/www.instagram.com\/nachofdezber\/","https:\/\/www.youtube.com\/channel\/UCZP-2wLEB9Rv6erhFmqVnvg"],"address":{"@id":"https:\/\/candas365.es\/noticias\/#postaladdress","@type":"PostalAddress","streetAddress":"san antonio 4, san antonio 4","postalCode":"33430","addressLocality":"Cand\u00e1s","addressRegion":"Asturias","addressCountry":"ES"}},{"@type":"Person","@id":"https:\/\/candas365.es\/noticias\/author\/admin\/#author","url":"https:\/\/candas365.es\/noticias\/author\/admin\/","name":"Cand\u00e1s 365","image":{"@type":"ImageObject","@id":"https:\/\/candas365.es\/noticias\/familias-porsche-y-piech-respaldan-nueva-estrategia-de-vw\/#authorImage","url":"https:\/\/secure.gravatar.com\/avatar\/496a8e03d0c493ede1718b7934145dbdf8d89be1036b0eec9544e1094c9de390?s=96&d=mm&r=g","width":96,"height":96,"caption":"Cand\u00e1s 365"},"sameAs":["https:\/\/www.facebook.com\/carrenoactualidad","https:\/\/twitter.com\/nbasturias","https:\/\/www.instagram.com\/nachofdezber\/","https:\/\/www.youtube.com\/channel\/UCZP-2wLEB9Rv6erhFmqVnvg"]},{"@type":"WebPage","@id":"https:\/\/candas365.es\/noticias\/familias-porsche-y-piech-respaldan-nueva-estrategia-de-vw\/#webpage","url":"https:\/\/candas365.es\/noticias\/familias-porsche-y-piech-respaldan-nueva-estrategia-de-vw\/","name":"Familias Porsche y Pi\u00ebch respaldan nueva estrategia de VW | Cand\u00e1s 365","description":"Wolfsburgo (Alemania), 17 jun (dpa) - Las familias Porsche y Pi\u00ebch, grandes accionistas de la automotriz alemana Volkswagen, respaldaron la estrategia presentada el jueves por su director ejecutivo, Matthias M\u00fcller, centrada en los autom\u00f3viles el\u00e9ctricos, en una entrevista publicada hoy en el diario alem\u00e1n \"Bild\". Sin embargo, al mismo tiempo reclamaron mejoras dentro del mayor","inLanguage":"es-ES","isPartOf":{"@id":"https:\/\/candas365.es\/noticias\/#website"},"breadcrumb":{"@id":"https:\/\/candas365.es\/noticias\/familias-porsche-y-piech-respaldan-nueva-estrategia-de-vw\/#breadcrumblist"},"author":{"@id":"https:\/\/candas365.es\/noticias\/author\/admin\/#author"},"creator":{"@id":"https:\/\/candas365.es\/noticias\/author\/admin\/#author"},"image":{"@type":"ImageObject","url":"https:\/\/candas365.es\/noticias\/wp-content\/uploads\/2015\/06\/carretera.jpg","@id":"https:\/\/candas365.es\/noticias\/familias-porsche-y-piech-respaldan-nueva-estrategia-de-vw\/#mainImage","width":655,"height":360},"primaryImageOfPage":{"@id":"https:\/\/candas365.es\/noticias\/familias-porsche-y-piech-respaldan-nueva-estrategia-de-vw\/#mainImage"},"datePublished":"2016-06-17T22:30:30+02:00","dateModified":"2016-06-17T22:30:30+02:00"},{"@type":"WebSite","@id":"https:\/\/candas365.es\/noticias\/#website","url":"https:\/\/candas365.es\/noticias\/","name":"Cand\u00e1s 365","alternateName":"Cand\u00e1s 365 Noticias","description":"Actualidad desde Carre\u00f1o para el mundo","inLanguage":"es-ES","publisher":{"@id":"https:\/\/candas365.es\/noticias\/#organization"}}]},"og:locale":"es_ES","og:site_name":"Cand\u00e1s 365","og:type":"article","og:title":"Familias Porsche y Pi\u00ebch respaldan nueva estrategia de VW | Cand\u00e1s 365","og:description":"Wolfsburgo (Alemania), 17 jun (dpa) - Las familias Porsche y Pi\u00ebch, grandes accionistas de la automotriz alemana Volkswagen, respaldaron la estrategia presentada el jueves por su director ejecutivo, Matthias M\u00fcller, centrada en los autom\u00f3viles el\u00e9ctricos, en una entrevista publicada hoy en el diario alem\u00e1n &quot;Bild&quot;. Sin embargo, al mismo tiempo reclamaron mejoras dentro del mayor","og:url":"https:\/\/candas365.es\/noticias\/familias-porsche-y-piech-respaldan-nueva-estrategia-de-vw\/","og:image":"https:\/\/candas365.es\/noticias\/wp-content\/uploads\/2015\/06\/carretera.jpg","og:image:secure_url":"https:\/\/candas365.es\/noticias\/wp-content\/uploads\/2015\/06\/carretera.jpg","og:image:width":655,"og:image:height":360,"article:published_time":"2016-06-17T21:00:30+00:00","article:modified_time":"2016-06-17T21:00:30+00:00","article:publisher":"https:\/\/www.facebook.com\/Nachofdezber","article:author":"https:\/\/www.facebook.com\/carrenoactualidad","twitter:card":"summary_large_image","twitter:site":"@NabercoDigital","twitter:title":"Familias Porsche y Pi\u00ebch respaldan nueva estrategia de VW | Cand\u00e1s 365","twitter:description":"Wolfsburgo (Alemania), 17 jun (dpa) - Las familias Porsche y Pi\u00ebch, grandes accionistas de la automotriz alemana Volkswagen, respaldaron la estrategia presentada el jueves por su director ejecutivo, Matthias M\u00fcller, centrada en los autom\u00f3viles el\u00e9ctricos, en una entrevista publicada hoy en el diario alem\u00e1n &quot;Bild&quot;. Sin embargo, al mismo tiempo reclamaron mejoras dentro del mayor","twitter:creator":"@nbasturias","twitter:image":"https:\/\/candas365.es\/noticias\/wp-content\/uploads\/2015\/06\/carretera.jpg","twitter:label1":"Escrito por","twitter:data1":"Cand\u00e1s 365","twitter:label2":"Tiempo de lectura estimado","twitter:data2":"1 minuto"},"aioseo_meta_data":{"post_id":"30585","title":null,"description":null,"keywords":null,"keyphrases":null,"primary_term":null,"canonical_url":null,"og_title":null,"og_description":null,"og_object_type":"default","og_image_type":"default","og_image_url":null,"og_image_width":null,"og_image_height":null,"og_image_custom_url":null,"og_image_custom_fields":null,"og_video":null,"og_custom_url":null,"og_article_section":null,"og_article_tags":null,"twitter_use_og":false,"twitter_card":"default","twitter_image_type":"default","twitter_image_url":null,"twitter_image_custom_url":null,"twitter_image_custom_fields":null,"twitter_title":null,"twitter_description":null,"schema":{"blockGraphs":[],"customGraphs":[],"default":{"data":{"Article":[],"Course":[],"Dataset":[],"FAQPage":[],"Movie":[],"Person":[],"Product":[],"ProductReview":[],"Car":[],"Recipe":[],"Service":[],"SoftwareApplication":[],"WebPage":[]},"graphName":"","isEnabled":true},"graphs":[],"defaultGraph":"","defaultPostTypeGraph":""},"schema_type":null,"schema_type_options":null,"pillar_content":false,"robots_default":true,"robots_noindex":false,"robots_noarchive":false,"robots_nosnippet":false,"robots_nofollow":false,"robots_noimageindex":false,"robots_noodp":false,"robots_notranslate":false,"robots_max_snippet":null,"robots_max_videopreview":null,"robots_max_imagepreview":"large","priority":null,"frequency":null,"location":null,"local_seo":null,"seo_analyzer_scan_date":"2025-08-24 12:43:13","breadcrumb_settings":null,"limit_modified_date":false,"reviewed_by":null,"open_ai":null,"ai":null,"created":"2020-12-21 12:58:50","updated":"2025-08-24 12:43:13"},"aioseo_breadcrumb":"<div class=\"aioseo-breadcrumbs\"><span class=\"aioseo-breadcrumb\">\n\t<a href=\"https:\/\/candas365.es\/noticias\" title=\"Home\">Home<\/a>\n<\/span><span class=\"aioseo-breadcrumb-separator\">&ndash;<\/span><span class=\"aioseo-breadcrumb\">\n\t<a href=\"https:\/\/candas365.es\/noticias\/category\/actualidad\/\" title=\"Actualidad\">Actualidad<\/a>\n<\/span><span class=\"aioseo-breadcrumb-separator\">&ndash;<\/span><span class=\"aioseo-breadcrumb\">\n\tFamilias Porsche y Pi\u00ebch respaldan nueva estrategia de VW\n<\/span><\/div>","aioseo_breadcrumb_json":[{"label":"Home","link":"https:\/\/candas365.es\/noticias"},{"label":"Actualidad","link":"https:\/\/candas365.es\/noticias\/category\/actualidad\/"},{"label":"Familias Porsche y Pi\u00ebch respaldan nueva estrategia de VW","link":"https:\/\/candas365.es\/noticias\/familias-porsche-y-piech-respaldan-nueva-estrategia-de-vw\/"}],"_links":{"self":[{"href":"https:\/\/candas365.es\/noticias\/wp-json\/wp\/v2\/posts\/30585","targetHints":{"allow":["GET"]}}],"collection":[{"href":"https:\/\/candas365.es\/noticias\/wp-json\/wp\/v2\/posts"}],"about":[{"href":"https:\/\/candas365.es\/noticias\/wp-json\/wp\/v2\/types\/post"}],"author":[{"embeddable":true,"href":"https:\/\/candas365.es\/noticias\/wp-json\/wp\/v2\/users\/1"}],"replies":[{"embeddable":true,"href":"https:\/\/candas365.es\/noticias\/wp-json\/wp\/v2\/comments?post=30585"}],"version-history":[{"count":0,"href":"https:\/\/candas365.es\/noticias\/wp-json\/wp\/v2\/posts\/30585\/revisions"}],"wp:featuredmedia":[{"embeddable":true,"href":"https:\/\/candas365.es\/noticias\/wp-json\/wp\/v2\/media\/11776"}],"wp:attachment":[{"href":"https:\/\/candas365.es\/noticias\/wp-json\/wp\/v2\/media?parent=30585"}],"wp:term":[{"taxonomy":"category","embeddable":true,"href":"https:\/\/candas365.es\/noticias\/wp-json\/wp\/v2\/categories?post=30585"},{"taxonomy":"post_tag","embeddable":true,"href":"https:\/\/candas365.es\/noticias\/wp-json\/wp\/v2\/tags?post=30585"}],"curies":[{"name":"wp","href":"https:\/\/api.w.org\/{rel}","templated":true}]}}