{"id":30577,"date":"2016-06-17T22:23:12","date_gmt":"2016-06-17T20:53:12","guid":{"rendered":"http:\/\/candas365.es\/noticias\/?p=30577"},"modified":"2016-06-17T22:23:12","modified_gmt":"2016-06-17T20:53:12","slug":"otto-dix-primera-gran-retrospectiva-en-mexico-del-realista-aleman","status":"publish","type":"post","link":"https:\/\/candas365.es\/noticias\/otto-dix-primera-gran-retrospectiva-en-mexico-del-realista-aleman\/","title":{"rendered":"Otto Dix: Primera gran retrospectiva en M\u00e9xico del realista alem\u00e1n"},"content":{"rendered":"<p>Monterrey (M\u00e9xico), 17 jun (dpa) &#8211; El realismo, el sarcasmo, los horrores de la guerra y los retratos de la sociedad alemana del siglo pasado que Otto Dix plasm\u00f3 en su obra se exhiben en la primera gran retrospectiva del artista en M\u00e9xico, titulada \u00abOtto Dix. Violencia y pasi\u00f3n\u00bb, en el Museo de Arte Contempor\u00e1neo de Monterrey (Marco).<\/p>\n<p>Dix (1891-1969), uno de los artistas alemanes m\u00e1s importantes del siglo XX, vivi\u00f3 las dos guerras mundiales, la censura nazi y la divisi\u00f3n de Alemania. Su obra retrata los contrastes sociales, la batalla, el burdel, la ciudad, la miseria y la doble moral.<\/p>\n<p>\u00abRealista, expresionista, dada\u00edsta o veterano maestro, pintor comprometido y ecl\u00e9ctico, fan\u00e1tico de la realidad y visionario, moralista o c\u00ednico: todo esto y m\u00e1s era Otto Dix\u00bb, dijo ayer la curadora de la exhibici\u00f3n, Ulrike Lorenz, en una ponencia previa a la inauguraci\u00f3n por la noche en Monterrey, unos 900 kil\u00f3metros al norte de Ciudad de M\u00e9xico.<\/p>\n<p>Despu\u00e9s, en un recorrido para la prensa, Lorenz, una de las mayores expertas en el gran realista alem\u00e1n, detall\u00f3 las etapas, los simbolismos y mensajes de la profusa producci\u00f3n pl\u00e1stica del pintor que no cre\u00eda que el arte fuera para el pueblo ni en su poder educativo. \u00abEl arte es s\u00f3lo para los artistas\u00bb, dec\u00eda.<\/p>\n<p>La muestra consta de 164 piezas, como gouaches, acuarelas, dibujos, tintas y \u00f3leos. Fueron hechas entre 1913 y 1969. Entre ellas figuran dos de sus obras m\u00e1s emblem\u00e1ticas: una reproducci\u00f3n del tr\u00edptico \u00abMetr\u00f3polis\u00bb, un icono de los dorados a\u00f1os 20 y sus abismos, y los originales de la serie de 50 aguatintas \u00abLa guerra\u00bb.<\/p>\n<p>Provienen de unas 20 instituciones y colecciones privadas de Europa y Am\u00e9rica, por ejemplo la Nueva Galer\u00eda de Nueva York, el Instituto para las Relaciones Internacionales (IFA, por sus siglas en alem\u00e1n), el Museo Ludwig de Colonia, la Fundaci\u00f3n Otto Dix y la Galer\u00eda Nacional de Canad\u00e1.<\/p>\n<p>Dix, hijo de un obrero, estudi\u00f3 Artes Decorativas, las cuales abandon\u00f3 al darse cuenta de que no era lo suyo. Luego se enrol\u00f3 en el ej\u00e9rcito que combati\u00f3 en las trincheras de la Primera Guerra Mundial, cuya crudeza transmut\u00f3 en arte. Al volver, se form\u00f3 en la Academia de Bellas Artes de Dresde.<\/p>\n<p>Lorenz dijo que los nazis catalogaron a Dix como artista \u00abdegenerado\u00bb, lo destituyeron como profesor de la Academia de Bellas Artes y le acusaron de participar en un atentado contra Adolf Hitler de 1939. Por ello, se retir\u00f3 de la mirada p\u00fablica junto al Lago de Constanza, donde residi\u00f3 hasta morir en 1969, ya con gran reconocimiento.<\/p>\n<p>\u00abDespu\u00e9s de la Segunda Guerra Mundial, la divisi\u00f3n de Europa y de Alemania fueron para \u00e9l una carga personal, pero tambi\u00e9n un impulso hacia una existencia alemana singular como artista\u00bb, agreg\u00f3 la curadora, directora de la sala de arte de Mannheim, donde Dix particip\u00f3 en 1925 en una muestra titulada \u00abNueva objetividad\u00bb.<\/p>\n<p>La muestra \u00abOtto Dix. Violencia y pasi\u00f3n\u00bb estar\u00e1 abierta hasta el 18 de septiembre en Monterrey para luego trasladarse al Museo Nacional de Arte (Munal) de la capital mexicana, donde se exhibir\u00e1 a partir de octubre.<\/p>\n<p>La exposici\u00f3n es parte de las actividades del A\u00f1o Dual Alemania-M\u00e9xico 2016-2017 y est\u00e1 organizada por el Instituto Goethe de M\u00e9xico, el Marco y el Munal. En su apertura estuvieron Leander Dix, nieto del artista e hijo de su tercer v\u00e1stago Jan Dix, y Viktor Elbling, embajador de Alemania en M\u00e9xico.<\/p>\n<p><span class=\" readonly\" title=\"\"><em>Por Itzel Z\u00fa\u00f1iga <\/em><\/span><\/p>\n","protected":false},"excerpt":{"rendered":"<p>Monterrey (M\u00e9xico), 17 jun (dpa) &#8211; El realismo, el sarcasmo, los horrores de la guerra y los retratos de la sociedad alemana del siglo pasado que Otto Dix plasm\u00f3 en su obra se exhiben en la primera gran retrospectiva del artista en M\u00e9xico, titulada \u00abOtto Dix. Violencia y pasi\u00f3n\u00bb, en el Museo de Arte Contempor\u00e1neo<\/p>\n","protected":false},"author":1,"featured_media":16457,"comment_status":"closed","ping_status":"closed","sticky":false,"template":"","format":"standard","meta":{"footnotes":""},"categories":[343],"tags":[],"class_list":{"0":"post-30577","1":"post","2":"type-post","3":"status-publish","4":"format-standard","5":"has-post-thumbnail","7":"category-actualidad"},"aioseo_notices":[],"aioseo_head":"\n\t\t<!-- All in One SEO Pro 4.9.6.2 - aioseo.com -->\n\t<meta name=\"description\" content=\"Monterrey (M\u00e9xico), 17 jun (dpa) - El realismo, el sarcasmo, los horrores de la guerra y los retratos de la sociedad alemana del siglo pasado que Otto Dix plasm\u00f3 en su obra se exhiben en la primera gran retrospectiva del artista en M\u00e9xico, titulada &quot;Otto Dix. Violencia y pasi\u00f3n&quot;, en el Museo de Arte Contempor\u00e1neo\" \/>\n\t<meta name=\"robots\" content=\"max-image-preview:large\" \/>\n\t<meta name=\"author\" content=\"Cand\u00e1s 365\"\/>\n\t<meta name=\"google-site-verification\" content=\"UA-32230408-1\" \/>\n\t<meta name=\"msvalidate.01\" content=\"354F3CDFB2DA171B47FBE9ABF1F88D5\" \/>\n\t<meta name=\"keywords\" content=\"actualidad\" \/>\n\t<link rel=\"canonical\" href=\"https:\/\/candas365.es\/noticias\/otto-dix-primera-gran-retrospectiva-en-mexico-del-realista-aleman\/\" \/>\n\t<meta name=\"generator\" content=\"All in One SEO Pro (AIOSEO) 4.9.6.2\" \/>\n\t\t<meta property=\"og:locale\" content=\"es_ES\" \/>\n\t\t<meta property=\"og:site_name\" content=\"Cand\u00e1s 365\" \/>\n\t\t<meta property=\"og:type\" content=\"article\" \/>\n\t\t<meta property=\"og:title\" content=\"Otto Dix: Primera gran retrospectiva en M\u00e9xico del realista alem\u00e1n | Cand\u00e1s 365\" \/>\n\t\t<meta property=\"og:description\" content=\"Monterrey (M\u00e9xico), 17 jun (dpa) - El realismo, el sarcasmo, los horrores de la guerra y los retratos de la sociedad alemana del siglo pasado que Otto Dix plasm\u00f3 en su obra se exhiben en la primera gran retrospectiva del artista en M\u00e9xico, titulada &quot;Otto Dix. Violencia y pasi\u00f3n&quot;, en el Museo de Arte Contempor\u00e1neo\" \/>\n\t\t<meta property=\"og:url\" content=\"https:\/\/candas365.es\/noticias\/otto-dix-primera-gran-retrospectiva-en-mexico-del-realista-aleman\/\" \/>\n\t\t<meta property=\"og:image\" content=\"https:\/\/candas365.es\/noticias\/wp-content\/uploads\/2015\/09\/c365noticias.jpg\" \/>\n\t\t<meta property=\"og:image:secure_url\" content=\"https:\/\/candas365.es\/noticias\/wp-content\/uploads\/2015\/09\/c365noticias.jpg\" \/>\n\t\t<meta property=\"og:image:width\" content=\"655\" \/>\n\t\t<meta property=\"og:image:height\" content=\"360\" \/>\n\t\t<meta property=\"article:published_time\" content=\"2016-06-17T20:53:12+00:00\" \/>\n\t\t<meta property=\"article:modified_time\" content=\"2016-06-17T20:53:12+00:00\" \/>\n\t\t<meta property=\"article:publisher\" content=\"https:\/\/www.facebook.com\/Nachofdezber\" \/>\n\t\t<meta property=\"article:author\" content=\"https:\/\/www.facebook.com\/carrenoactualidad\" \/>\n\t\t<meta name=\"twitter:card\" content=\"summary_large_image\" \/>\n\t\t<meta name=\"twitter:site\" content=\"@NabercoDigital\" \/>\n\t\t<meta name=\"twitter:title\" content=\"Otto Dix: Primera gran retrospectiva en M\u00e9xico del realista alem\u00e1n | Cand\u00e1s 365\" \/>\n\t\t<meta name=\"twitter:description\" content=\"Monterrey (M\u00e9xico), 17 jun (dpa) - El realismo, el sarcasmo, los horrores de la guerra y los retratos de la sociedad alemana del siglo pasado que Otto Dix plasm\u00f3 en su obra se exhiben en la primera gran retrospectiva del artista en M\u00e9xico, titulada &quot;Otto Dix. Violencia y pasi\u00f3n&quot;, en el Museo de Arte Contempor\u00e1neo\" \/>\n\t\t<meta name=\"twitter:creator\" content=\"@nbasturias\" \/>\n\t\t<meta name=\"twitter:image\" content=\"https:\/\/candas365.es\/noticias\/wp-content\/uploads\/2015\/09\/c365noticias.jpg\" \/>\n\t\t<meta name=\"twitter:label1\" content=\"Escrito por\" \/>\n\t\t<meta name=\"twitter:data1\" content=\"Cand\u00e1s 365\" \/>\n\t\t<meta name=\"twitter:label2\" content=\"Tiempo de lectura estimado\" \/>\n\t\t<meta name=\"twitter:data2\" content=\"3 minutos\" \/>\n\t\t<script type=\"application\/ld+json\" class=\"aioseo-schema\">\n\t\t\t{\"@context\":\"https:\\\/\\\/schema.org\",\"@graph\":[{\"@type\":\"BreadcrumbList\",\"@id\":\"https:\\\/\\\/candas365.es\\\/noticias\\\/otto-dix-primera-gran-retrospectiva-en-mexico-del-realista-aleman\\\/#breadcrumblist\",\"itemListElement\":[{\"@type\":\"ListItem\",\"@id\":\"https:\\\/\\\/candas365.es\\\/noticias#listItem\",\"position\":1,\"name\":\"Home\",\"item\":\"https:\\\/\\\/candas365.es\\\/noticias\",\"nextItem\":{\"@type\":\"ListItem\",\"@id\":\"https:\\\/\\\/candas365.es\\\/noticias\\\/category\\\/actualidad\\\/#listItem\",\"name\":\"Actualidad\"}},{\"@type\":\"ListItem\",\"@id\":\"https:\\\/\\\/candas365.es\\\/noticias\\\/category\\\/actualidad\\\/#listItem\",\"position\":2,\"name\":\"Actualidad\",\"item\":\"https:\\\/\\\/candas365.es\\\/noticias\\\/category\\\/actualidad\\\/\",\"nextItem\":{\"@type\":\"ListItem\",\"@id\":\"https:\\\/\\\/candas365.es\\\/noticias\\\/otto-dix-primera-gran-retrospectiva-en-mexico-del-realista-aleman\\\/#listItem\",\"name\":\"Otto Dix: Primera gran retrospectiva en M\\u00e9xico del realista alem\\u00e1n\"},\"previousItem\":{\"@type\":\"ListItem\",\"@id\":\"https:\\\/\\\/candas365.es\\\/noticias#listItem\",\"name\":\"Home\"}},{\"@type\":\"ListItem\",\"@id\":\"https:\\\/\\\/candas365.es\\\/noticias\\\/otto-dix-primera-gran-retrospectiva-en-mexico-del-realista-aleman\\\/#listItem\",\"position\":3,\"name\":\"Otto Dix: Primera gran retrospectiva en M\\u00e9xico del realista alem\\u00e1n\",\"previousItem\":{\"@type\":\"ListItem\",\"@id\":\"https:\\\/\\\/candas365.es\\\/noticias\\\/category\\\/actualidad\\\/#listItem\",\"name\":\"Actualidad\"}}]},{\"@type\":\"NewsArticle\",\"@id\":\"https:\\\/\\\/candas365.es\\\/noticias\\\/otto-dix-primera-gran-retrospectiva-en-mexico-del-realista-aleman\\\/#newsarticle\",\"name\":\"Otto Dix: Primera gran retrospectiva en M\\u00e9xico del realista alem\\u00e1n | Cand\\u00e1s 365\",\"headline\":\"Otto Dix: Primera gran retrospectiva en M\\u00e9xico del realista alem\\u00e1n\",\"author\":{\"@id\":\"https:\\\/\\\/candas365.es\\\/noticias\\\/author\\\/admin\\\/#author\"},\"publisher\":{\"@id\":\"https:\\\/\\\/candas365.es\\\/noticias\\\/#organization\"},\"image\":{\"@type\":\"ImageObject\",\"url\":\"https:\\\/\\\/candas365.es\\\/noticias\\\/wp-content\\\/uploads\\\/2015\\\/09\\\/c365noticias.jpg\",\"width\":655,\"height\":360},\"datePublished\":\"2016-06-17T22:23:12+02:00\",\"dateModified\":\"2016-06-17T22:23:12+02:00\",\"inLanguage\":\"es-ES\",\"mainEntityOfPage\":{\"@id\":\"https:\\\/\\\/candas365.es\\\/noticias\\\/otto-dix-primera-gran-retrospectiva-en-mexico-del-realista-aleman\\\/#webpage\"},\"isPartOf\":{\"@id\":\"https:\\\/\\\/candas365.es\\\/noticias\\\/otto-dix-primera-gran-retrospectiva-en-mexico-del-realista-aleman\\\/#webpage\"},\"articleSection\":\"Actualidad\",\"dateline\":\"Publicado el junio 17, 2016.\"},{\"@type\":\"Organization\",\"@id\":\"https:\\\/\\\/candas365.es\\\/noticias\\\/#organization\",\"name\":\"Cand\\u00e1s 365\",\"description\":\"Cand\\u00e1s 365 es un diario digital independiente, fundado en 2012, con base en Asturias. Informamos con rigor sobre actualidad, sociedad, cultura y ocio, con una mirada local y global.\",\"url\":\"https:\\\/\\\/candas365.es\\\/noticias\\\/\",\"email\":\"info@candas365.es\",\"telephone\":\"+34652131393\",\"foundingDate\":\"2012-06-10\",\"logo\":{\"@type\":\"ImageObject\",\"url\":\"https:\\\/\\\/candas365.es\\\/noticias\\\/wp-content\\\/uploads\\\/2024\\\/09\\\/Candas-365-Redes.jpg\",\"@id\":\"https:\\\/\\\/candas365.es\\\/noticias\\\/otto-dix-primera-gran-retrospectiva-en-mexico-del-realista-aleman\\\/#organizationLogo\",\"width\":1152,\"height\":864,\"caption\":\"Cand\\u00e1s 365 Redes\"},\"image\":{\"@id\":\"https:\\\/\\\/candas365.es\\\/noticias\\\/otto-dix-primera-gran-retrospectiva-en-mexico-del-realista-aleman\\\/#organizationLogo\"},\"sameAs\":[\"https:\\\/\\\/www.facebook.com\\\/Nachofdezber\",\"https:\\\/\\\/x.com\\\/NabercoDigital\",\"https:\\\/\\\/www.instagram.com\\\/nachofdezber\\\/\",\"https:\\\/\\\/www.youtube.com\\\/channel\\\/UCZP-2wLEB9Rv6erhFmqVnvg\"],\"address\":{\"@id\":\"https:\\\/\\\/candas365.es\\\/noticias\\\/#postaladdress\",\"@type\":\"PostalAddress\",\"streetAddress\":\"san antonio 4, san antonio 4\",\"postalCode\":\"33430\",\"addressLocality\":\"Cand\\u00e1s\",\"addressRegion\":\"Asturias\",\"addressCountry\":\"ES\"}},{\"@type\":\"Person\",\"@id\":\"https:\\\/\\\/candas365.es\\\/noticias\\\/author\\\/admin\\\/#author\",\"url\":\"https:\\\/\\\/candas365.es\\\/noticias\\\/author\\\/admin\\\/\",\"name\":\"Cand\\u00e1s 365\",\"image\":{\"@type\":\"ImageObject\",\"@id\":\"https:\\\/\\\/candas365.es\\\/noticias\\\/otto-dix-primera-gran-retrospectiva-en-mexico-del-realista-aleman\\\/#authorImage\",\"url\":\"https:\\\/\\\/secure.gravatar.com\\\/avatar\\\/496a8e03d0c493ede1718b7934145dbdf8d89be1036b0eec9544e1094c9de390?s=96&d=mm&r=g\",\"width\":96,\"height\":96,\"caption\":\"Cand\\u00e1s 365\"},\"sameAs\":[\"https:\\\/\\\/www.facebook.com\\\/carrenoactualidad\",\"https:\\\/\\\/twitter.com\\\/nbasturias\",\"https:\\\/\\\/www.instagram.com\\\/nachofdezber\\\/\",\"https:\\\/\\\/www.youtube.com\\\/channel\\\/UCZP-2wLEB9Rv6erhFmqVnvg\"]},{\"@type\":\"WebPage\",\"@id\":\"https:\\\/\\\/candas365.es\\\/noticias\\\/otto-dix-primera-gran-retrospectiva-en-mexico-del-realista-aleman\\\/#webpage\",\"url\":\"https:\\\/\\\/candas365.es\\\/noticias\\\/otto-dix-primera-gran-retrospectiva-en-mexico-del-realista-aleman\\\/\",\"name\":\"Otto Dix: Primera gran retrospectiva en M\\u00e9xico del realista alem\\u00e1n | Cand\\u00e1s 365\",\"description\":\"Monterrey (M\\u00e9xico), 17 jun (dpa) - El realismo, el sarcasmo, los horrores de la guerra y los retratos de la sociedad alemana del siglo pasado que Otto Dix plasm\\u00f3 en su obra se exhiben en la primera gran retrospectiva del artista en M\\u00e9xico, titulada \\\"Otto Dix. Violencia y pasi\\u00f3n\\\", en el Museo de Arte Contempor\\u00e1neo\",\"inLanguage\":\"es-ES\",\"isPartOf\":{\"@id\":\"https:\\\/\\\/candas365.es\\\/noticias\\\/#website\"},\"breadcrumb\":{\"@id\":\"https:\\\/\\\/candas365.es\\\/noticias\\\/otto-dix-primera-gran-retrospectiva-en-mexico-del-realista-aleman\\\/#breadcrumblist\"},\"author\":{\"@id\":\"https:\\\/\\\/candas365.es\\\/noticias\\\/author\\\/admin\\\/#author\"},\"creator\":{\"@id\":\"https:\\\/\\\/candas365.es\\\/noticias\\\/author\\\/admin\\\/#author\"},\"image\":{\"@type\":\"ImageObject\",\"url\":\"https:\\\/\\\/candas365.es\\\/noticias\\\/wp-content\\\/uploads\\\/2015\\\/09\\\/c365noticias.jpg\",\"@id\":\"https:\\\/\\\/candas365.es\\\/noticias\\\/otto-dix-primera-gran-retrospectiva-en-mexico-del-realista-aleman\\\/#mainImage\",\"width\":655,\"height\":360},\"primaryImageOfPage\":{\"@id\":\"https:\\\/\\\/candas365.es\\\/noticias\\\/otto-dix-primera-gran-retrospectiva-en-mexico-del-realista-aleman\\\/#mainImage\"},\"datePublished\":\"2016-06-17T22:23:12+02:00\",\"dateModified\":\"2016-06-17T22:23:12+02:00\"},{\"@type\":\"WebSite\",\"@id\":\"https:\\\/\\\/candas365.es\\\/noticias\\\/#website\",\"url\":\"https:\\\/\\\/candas365.es\\\/noticias\\\/\",\"name\":\"Cand\\u00e1s 365\",\"alternateName\":\"Cand\\u00e1s 365 Noticias\",\"description\":\"Actualidad desde Carre\\u00f1o para el mundo\",\"inLanguage\":\"es-ES\",\"publisher\":{\"@id\":\"https:\\\/\\\/candas365.es\\\/noticias\\\/#organization\"}}]}\n\t\t<\/script>\n\t\t<!-- All in One SEO Pro -->\r\n\t\t<title>Otto Dix: Primera gran retrospectiva en M\u00e9xico del realista alem\u00e1n | Cand\u00e1s 365<\/title>\n\n","aioseo_head_json":{"title":"Otto Dix: Primera gran retrospectiva en M\u00e9xico del realista alem\u00e1n | Cand\u00e1s 365","description":"Monterrey (M\u00e9xico), 17 jun (dpa) - El realismo, el sarcasmo, los horrores de la guerra y los retratos de la sociedad alemana del siglo pasado que Otto Dix plasm\u00f3 en su obra se exhiben en la primera gran retrospectiva del artista en M\u00e9xico, titulada \"Otto Dix. Violencia y pasi\u00f3n\", en el Museo de Arte Contempor\u00e1neo","canonical_url":"https:\/\/candas365.es\/noticias\/otto-dix-primera-gran-retrospectiva-en-mexico-del-realista-aleman\/","robots":"max-image-preview:large","keywords":"actualidad","webmasterTools":{"google-site-verification":"UA-32230408-1","msvalidate.01":"354F3CDFB2DA171B47FBE9ABF1F88D5","miscellaneous":""},"schema":{"@context":"https:\/\/schema.org","@graph":[{"@type":"BreadcrumbList","@id":"https:\/\/candas365.es\/noticias\/otto-dix-primera-gran-retrospectiva-en-mexico-del-realista-aleman\/#breadcrumblist","itemListElement":[{"@type":"ListItem","@id":"https:\/\/candas365.es\/noticias#listItem","position":1,"name":"Home","item":"https:\/\/candas365.es\/noticias","nextItem":{"@type":"ListItem","@id":"https:\/\/candas365.es\/noticias\/category\/actualidad\/#listItem","name":"Actualidad"}},{"@type":"ListItem","@id":"https:\/\/candas365.es\/noticias\/category\/actualidad\/#listItem","position":2,"name":"Actualidad","item":"https:\/\/candas365.es\/noticias\/category\/actualidad\/","nextItem":{"@type":"ListItem","@id":"https:\/\/candas365.es\/noticias\/otto-dix-primera-gran-retrospectiva-en-mexico-del-realista-aleman\/#listItem","name":"Otto Dix: Primera gran retrospectiva en M\u00e9xico del realista alem\u00e1n"},"previousItem":{"@type":"ListItem","@id":"https:\/\/candas365.es\/noticias#listItem","name":"Home"}},{"@type":"ListItem","@id":"https:\/\/candas365.es\/noticias\/otto-dix-primera-gran-retrospectiva-en-mexico-del-realista-aleman\/#listItem","position":3,"name":"Otto Dix: Primera gran retrospectiva en M\u00e9xico del realista alem\u00e1n","previousItem":{"@type":"ListItem","@id":"https:\/\/candas365.es\/noticias\/category\/actualidad\/#listItem","name":"Actualidad"}}]},{"@type":"NewsArticle","@id":"https:\/\/candas365.es\/noticias\/otto-dix-primera-gran-retrospectiva-en-mexico-del-realista-aleman\/#newsarticle","name":"Otto Dix: Primera gran retrospectiva en M\u00e9xico del realista alem\u00e1n | Cand\u00e1s 365","headline":"Otto Dix: Primera gran retrospectiva en M\u00e9xico del realista alem\u00e1n","author":{"@id":"https:\/\/candas365.es\/noticias\/author\/admin\/#author"},"publisher":{"@id":"https:\/\/candas365.es\/noticias\/#organization"},"image":{"@type":"ImageObject","url":"https:\/\/candas365.es\/noticias\/wp-content\/uploads\/2015\/09\/c365noticias.jpg","width":655,"height":360},"datePublished":"2016-06-17T22:23:12+02:00","dateModified":"2016-06-17T22:23:12+02:00","inLanguage":"es-ES","mainEntityOfPage":{"@id":"https:\/\/candas365.es\/noticias\/otto-dix-primera-gran-retrospectiva-en-mexico-del-realista-aleman\/#webpage"},"isPartOf":{"@id":"https:\/\/candas365.es\/noticias\/otto-dix-primera-gran-retrospectiva-en-mexico-del-realista-aleman\/#webpage"},"articleSection":"Actualidad","dateline":"Publicado el junio 17, 2016."},{"@type":"Organization","@id":"https:\/\/candas365.es\/noticias\/#organization","name":"Cand\u00e1s 365","description":"Cand\u00e1s 365 es un diario digital independiente, fundado en 2012, con base en Asturias. Informamos con rigor sobre actualidad, sociedad, cultura y ocio, con una mirada local y global.","url":"https:\/\/candas365.es\/noticias\/","email":"info@candas365.es","telephone":"+34652131393","foundingDate":"2012-06-10","logo":{"@type":"ImageObject","url":"https:\/\/candas365.es\/noticias\/wp-content\/uploads\/2024\/09\/Candas-365-Redes.jpg","@id":"https:\/\/candas365.es\/noticias\/otto-dix-primera-gran-retrospectiva-en-mexico-del-realista-aleman\/#organizationLogo","width":1152,"height":864,"caption":"Cand\u00e1s 365 Redes"},"image":{"@id":"https:\/\/candas365.es\/noticias\/otto-dix-primera-gran-retrospectiva-en-mexico-del-realista-aleman\/#organizationLogo"},"sameAs":["https:\/\/www.facebook.com\/Nachofdezber","https:\/\/x.com\/NabercoDigital","https:\/\/www.instagram.com\/nachofdezber\/","https:\/\/www.youtube.com\/channel\/UCZP-2wLEB9Rv6erhFmqVnvg"],"address":{"@id":"https:\/\/candas365.es\/noticias\/#postaladdress","@type":"PostalAddress","streetAddress":"san antonio 4, san antonio 4","postalCode":"33430","addressLocality":"Cand\u00e1s","addressRegion":"Asturias","addressCountry":"ES"}},{"@type":"Person","@id":"https:\/\/candas365.es\/noticias\/author\/admin\/#author","url":"https:\/\/candas365.es\/noticias\/author\/admin\/","name":"Cand\u00e1s 365","image":{"@type":"ImageObject","@id":"https:\/\/candas365.es\/noticias\/otto-dix-primera-gran-retrospectiva-en-mexico-del-realista-aleman\/#authorImage","url":"https:\/\/secure.gravatar.com\/avatar\/496a8e03d0c493ede1718b7934145dbdf8d89be1036b0eec9544e1094c9de390?s=96&d=mm&r=g","width":96,"height":96,"caption":"Cand\u00e1s 365"},"sameAs":["https:\/\/www.facebook.com\/carrenoactualidad","https:\/\/twitter.com\/nbasturias","https:\/\/www.instagram.com\/nachofdezber\/","https:\/\/www.youtube.com\/channel\/UCZP-2wLEB9Rv6erhFmqVnvg"]},{"@type":"WebPage","@id":"https:\/\/candas365.es\/noticias\/otto-dix-primera-gran-retrospectiva-en-mexico-del-realista-aleman\/#webpage","url":"https:\/\/candas365.es\/noticias\/otto-dix-primera-gran-retrospectiva-en-mexico-del-realista-aleman\/","name":"Otto Dix: Primera gran retrospectiva en M\u00e9xico del realista alem\u00e1n | Cand\u00e1s 365","description":"Monterrey (M\u00e9xico), 17 jun (dpa) - El realismo, el sarcasmo, los horrores de la guerra y los retratos de la sociedad alemana del siglo pasado que Otto Dix plasm\u00f3 en su obra se exhiben en la primera gran retrospectiva del artista en M\u00e9xico, titulada \"Otto Dix. Violencia y pasi\u00f3n\", en el Museo de Arte Contempor\u00e1neo","inLanguage":"es-ES","isPartOf":{"@id":"https:\/\/candas365.es\/noticias\/#website"},"breadcrumb":{"@id":"https:\/\/candas365.es\/noticias\/otto-dix-primera-gran-retrospectiva-en-mexico-del-realista-aleman\/#breadcrumblist"},"author":{"@id":"https:\/\/candas365.es\/noticias\/author\/admin\/#author"},"creator":{"@id":"https:\/\/candas365.es\/noticias\/author\/admin\/#author"},"image":{"@type":"ImageObject","url":"https:\/\/candas365.es\/noticias\/wp-content\/uploads\/2015\/09\/c365noticias.jpg","@id":"https:\/\/candas365.es\/noticias\/otto-dix-primera-gran-retrospectiva-en-mexico-del-realista-aleman\/#mainImage","width":655,"height":360},"primaryImageOfPage":{"@id":"https:\/\/candas365.es\/noticias\/otto-dix-primera-gran-retrospectiva-en-mexico-del-realista-aleman\/#mainImage"},"datePublished":"2016-06-17T22:23:12+02:00","dateModified":"2016-06-17T22:23:12+02:00"},{"@type":"WebSite","@id":"https:\/\/candas365.es\/noticias\/#website","url":"https:\/\/candas365.es\/noticias\/","name":"Cand\u00e1s 365","alternateName":"Cand\u00e1s 365 Noticias","description":"Actualidad desde Carre\u00f1o para el mundo","inLanguage":"es-ES","publisher":{"@id":"https:\/\/candas365.es\/noticias\/#organization"}}]},"og:locale":"es_ES","og:site_name":"Cand\u00e1s 365","og:type":"article","og:title":"Otto Dix: Primera gran retrospectiva en M\u00e9xico del realista alem\u00e1n | Cand\u00e1s 365","og:description":"Monterrey (M\u00e9xico), 17 jun (dpa) - El realismo, el sarcasmo, los horrores de la guerra y los retratos de la sociedad alemana del siglo pasado que Otto Dix plasm\u00f3 en su obra se exhiben en la primera gran retrospectiva del artista en M\u00e9xico, titulada &quot;Otto Dix. Violencia y pasi\u00f3n&quot;, en el Museo de Arte Contempor\u00e1neo","og:url":"https:\/\/candas365.es\/noticias\/otto-dix-primera-gran-retrospectiva-en-mexico-del-realista-aleman\/","og:image":"https:\/\/candas365.es\/noticias\/wp-content\/uploads\/2015\/09\/c365noticias.jpg","og:image:secure_url":"https:\/\/candas365.es\/noticias\/wp-content\/uploads\/2015\/09\/c365noticias.jpg","og:image:width":655,"og:image:height":360,"article:published_time":"2016-06-17T20:53:12+00:00","article:modified_time":"2016-06-17T20:53:12+00:00","article:publisher":"https:\/\/www.facebook.com\/Nachofdezber","article:author":"https:\/\/www.facebook.com\/carrenoactualidad","twitter:card":"summary_large_image","twitter:site":"@NabercoDigital","twitter:title":"Otto Dix: Primera gran retrospectiva en M\u00e9xico del realista alem\u00e1n | Cand\u00e1s 365","twitter:description":"Monterrey (M\u00e9xico), 17 jun (dpa) - El realismo, el sarcasmo, los horrores de la guerra y los retratos de la sociedad alemana del siglo pasado que Otto Dix plasm\u00f3 en su obra se exhiben en la primera gran retrospectiva del artista en M\u00e9xico, titulada &quot;Otto Dix. Violencia y pasi\u00f3n&quot;, en el Museo de Arte Contempor\u00e1neo","twitter:creator":"@nbasturias","twitter:image":"https:\/\/candas365.es\/noticias\/wp-content\/uploads\/2015\/09\/c365noticias.jpg","twitter:label1":"Escrito por","twitter:data1":"Cand\u00e1s 365","twitter:label2":"Tiempo de lectura estimado","twitter:data2":"3 minutos"},"aioseo_meta_data":{"post_id":"30577","title":null,"description":null,"keywords":null,"keyphrases":null,"primary_term":null,"canonical_url":null,"og_title":null,"og_description":null,"og_object_type":"default","og_image_type":"default","og_image_url":null,"og_image_width":null,"og_image_height":null,"og_image_custom_url":null,"og_image_custom_fields":null,"og_video":null,"og_custom_url":null,"og_article_section":null,"og_article_tags":null,"twitter_use_og":false,"twitter_card":"default","twitter_image_type":"default","twitter_image_url":null,"twitter_image_custom_url":null,"twitter_image_custom_fields":null,"twitter_title":null,"twitter_description":null,"schema":{"blockGraphs":[],"customGraphs":[],"default":{"data":{"Article":[],"Course":[],"Dataset":[],"FAQPage":[],"Movie":[],"Person":[],"Product":[],"ProductReview":[],"Car":[],"Recipe":[],"Service":[],"SoftwareApplication":[],"WebPage":[]},"graphName":"","isEnabled":true},"graphs":[],"defaultGraph":"","defaultPostTypeGraph":""},"schema_type":null,"schema_type_options":null,"pillar_content":false,"robots_default":true,"robots_noindex":false,"robots_noarchive":false,"robots_nosnippet":false,"robots_nofollow":false,"robots_noimageindex":false,"robots_noodp":false,"robots_notranslate":false,"robots_max_snippet":null,"robots_max_videopreview":null,"robots_max_imagepreview":"large","priority":null,"frequency":null,"location":null,"local_seo":null,"seo_analyzer_scan_date":"2025-08-24 12:42:21","breadcrumb_settings":null,"limit_modified_date":false,"reviewed_by":null,"open_ai":null,"ai":null,"created":"2020-12-21 12:58:50","updated":"2025-08-24 12:42:21"},"aioseo_breadcrumb":"<div class=\"aioseo-breadcrumbs\"><span class=\"aioseo-breadcrumb\">\n\t<a href=\"https:\/\/candas365.es\/noticias\" title=\"Home\">Home<\/a>\n<\/span><span class=\"aioseo-breadcrumb-separator\">&ndash;<\/span><span class=\"aioseo-breadcrumb\">\n\t<a href=\"https:\/\/candas365.es\/noticias\/category\/actualidad\/\" title=\"Actualidad\">Actualidad<\/a>\n<\/span><span class=\"aioseo-breadcrumb-separator\">&ndash;<\/span><span class=\"aioseo-breadcrumb\">\n\tOtto Dix: Primera gran retrospectiva en M\u00e9xico del realista alem\u00e1n\n<\/span><\/div>","aioseo_breadcrumb_json":[{"label":"Home","link":"https:\/\/candas365.es\/noticias"},{"label":"Actualidad","link":"https:\/\/candas365.es\/noticias\/category\/actualidad\/"},{"label":"Otto Dix: Primera gran retrospectiva en M\u00e9xico del realista alem\u00e1n","link":"https:\/\/candas365.es\/noticias\/otto-dix-primera-gran-retrospectiva-en-mexico-del-realista-aleman\/"}],"_links":{"self":[{"href":"https:\/\/candas365.es\/noticias\/wp-json\/wp\/v2\/posts\/30577","targetHints":{"allow":["GET"]}}],"collection":[{"href":"https:\/\/candas365.es\/noticias\/wp-json\/wp\/v2\/posts"}],"about":[{"href":"https:\/\/candas365.es\/noticias\/wp-json\/wp\/v2\/types\/post"}],"author":[{"embeddable":true,"href":"https:\/\/candas365.es\/noticias\/wp-json\/wp\/v2\/users\/1"}],"replies":[{"embeddable":true,"href":"https:\/\/candas365.es\/noticias\/wp-json\/wp\/v2\/comments?post=30577"}],"version-history":[{"count":0,"href":"https:\/\/candas365.es\/noticias\/wp-json\/wp\/v2\/posts\/30577\/revisions"}],"wp:featuredmedia":[{"embeddable":true,"href":"https:\/\/candas365.es\/noticias\/wp-json\/wp\/v2\/media\/16457"}],"wp:attachment":[{"href":"https:\/\/candas365.es\/noticias\/wp-json\/wp\/v2\/media?parent=30577"}],"wp:term":[{"taxonomy":"category","embeddable":true,"href":"https:\/\/candas365.es\/noticias\/wp-json\/wp\/v2\/categories?post=30577"},{"taxonomy":"post_tag","embeddable":true,"href":"https:\/\/candas365.es\/noticias\/wp-json\/wp\/v2\/tags?post=30577"}],"curies":[{"name":"wp","href":"https:\/\/api.w.org\/{rel}","templated":true}]}}