{"id":30570,"date":"2016-06-17T22:06:24","date_gmt":"2016-06-17T20:36:24","guid":{"rendered":"http:\/\/candas365.es\/noticias\/?p=30570"},"modified":"2016-06-17T22:06:24","modified_gmt":"2016-06-17T20:36:24","slug":"detenido-un-joven-en-asturias-en-la-operacion-kata","status":"publish","type":"post","link":"https:\/\/candas365.es\/noticias\/detenido-un-joven-en-asturias-en-la-operacion-kata\/","title":{"rendered":"Detenido un joven en Asturias en la Operaci\u00f3n \u00abKATA\u00bb"},"content":{"rendered":"<p><img fetchpriority=\"high\" decoding=\"async\" class=\"alignleft size-medium wp-image-30571\" src=\"https:\/\/candas365.es\/noticias\/wp-content\/uploads\/2016\/06\/fotonoticia_20160617140237_800-248x300.jpg\" alt=\"fotonoticia_20160617140237_800\" width=\"248\" height=\"300\" srcset=\"https:\/\/candas365.es\/noticias\/wp-content\/uploads\/2016\/06\/fotonoticia_20160617140237_800-248x300.jpg 248w, https:\/\/candas365.es\/noticias\/wp-content\/uploads\/2016\/06\/fotonoticia_20160617140237_800-397x480.jpg 397w, https:\/\/candas365.es\/noticias\/wp-content\/uploads\/2016\/06\/fotonoticia_20160617140237_800-768x928.jpg 768w, https:\/\/candas365.es\/noticias\/wp-content\/uploads\/2016\/06\/fotonoticia_20160617140237_800-150x181.jpg 150w, https:\/\/candas365.es\/noticias\/wp-content\/uploads\/2016\/06\/fotonoticia_20160617140237_800-450x544.jpg 450w, https:\/\/candas365.es\/noticias\/wp-content\/uploads\/2016\/06\/fotonoticia_20160617140237_800-696x841.jpg 696w, https:\/\/candas365.es\/noticias\/wp-content\/uploads\/2016\/06\/fotonoticia_20160617140237_800-347x420.jpg 347w, https:\/\/candas365.es\/noticias\/wp-content\/uploads\/2016\/06\/fotonoticia_20160617140237_800.jpg 800w\" sizes=\"(max-width: 248px) 100vw, 248px\" \/>La Polic\u00eda Nacional de la Jefatura Superior de Polic\u00eda de Asturias, dentro de la Operaci\u00f3n \u00abKATA\u00bb ha procedido a la detenci\u00f3n de un joven de 27 a\u00f1os de edad con iniciales M.D.S.P. por un delito de tr\u00e1fico de sustancias estupefacientes.<\/p>\n<p>Seg\u00fan ha informado la Polic\u00eda, la operaci\u00f3n se ha iniciado al tener conocimiento de que un grupo de personas estar\u00edan dedic\u00e1ndose al tr\u00e1fico de sustancias estupefacientes en todo el centro del Principado. Iniciadas las investigaciones oportunas, se ha podido constatar que el detenido se dedicaba a la distribuci\u00f3n de hach\u00eds y coca\u00edna.<\/p>\n<p>Una vez practicada la detenci\u00f3n de M.D.S.P., se ha procedido al registro de su domicilio con la oportuna autorizaci\u00f3n judicial, dando como resultado la incautaci\u00f3n en el mismo de 59 tabletas de hach\u00eds con un peso aproximado de seis kilogramos, 105 gramos de coca\u00edna, 16.970 euros en met\u00e1lico, tres tel\u00e9fonos m\u00f3viles, una televisi\u00f3n y diverso material inform\u00e1tico.<\/p>\n<p>Las investigaciones han sido llevadas a cabo por agentes del Grupo de Estupefacientes de la UDYCO de la Brigada Provincial de Polic\u00eda Judicial con la colaboraci\u00f3n del Grupo de Gu\u00edas Caninos de la Jefatura Superior de Polic\u00eda.<\/p>\n<p>La investigaci\u00f3n continua abierta, no descart\u00e1ndose nuevas detenciones.<\/p>\n","protected":false},"excerpt":{"rendered":"<p>La Polic\u00eda Nacional de la Jefatura Superior de Polic\u00eda de Asturias, dentro de la Operaci\u00f3n \u00abKATA\u00bb ha procedido a la detenci\u00f3n de un joven de 27 a\u00f1os de edad con iniciales M.D.S.P. por un delito de tr\u00e1fico de sustancias estupefacientes. Seg\u00fan ha informado la Polic\u00eda, la operaci\u00f3n se ha iniciado al tener conocimiento de que<\/p>\n","protected":false},"author":1,"featured_media":30571,"comment_status":"closed","ping_status":"closed","sticky":false,"template":"","format":"standard","meta":{"footnotes":""},"categories":[343],"tags":[],"class_list":{"0":"post-30570","1":"post","2":"type-post","3":"status-publish","4":"format-standard","5":"has-post-thumbnail","7":"category-actualidad"},"aioseo_notices":[],"aioseo_head":"\n\t\t<!-- All in One SEO Pro 4.9.6.2 - aioseo.com -->\n\t<meta name=\"description\" content=\"La Polic\u00eda Nacional de la Jefatura Superior de Polic\u00eda de Asturias, dentro de la Operaci\u00f3n &quot;KATA&quot; ha procedido a la detenci\u00f3n de un joven de 27 a\u00f1os de edad con iniciales M.D.S.P. por un delito de tr\u00e1fico de sustancias estupefacientes. Seg\u00fan ha informado la Polic\u00eda, la operaci\u00f3n se ha iniciado al tener conocimiento de que\" \/>\n\t<meta name=\"robots\" content=\"max-image-preview:large\" \/>\n\t<meta name=\"author\" content=\"Cand\u00e1s 365\"\/>\n\t<meta name=\"google-site-verification\" content=\"UA-32230408-1\" \/>\n\t<meta name=\"msvalidate.01\" content=\"354F3CDFB2DA171B47FBE9ABF1F88D5\" \/>\n\t<meta name=\"keywords\" content=\"actualidad\" \/>\n\t<link rel=\"canonical\" href=\"https:\/\/candas365.es\/noticias\/detenido-un-joven-en-asturias-en-la-operacion-kata\/\" \/>\n\t<meta name=\"generator\" content=\"All in One SEO Pro (AIOSEO) 4.9.6.2\" \/>\n\t\t<meta property=\"og:locale\" content=\"es_ES\" \/>\n\t\t<meta property=\"og:site_name\" content=\"Cand\u00e1s 365\" \/>\n\t\t<meta property=\"og:type\" content=\"article\" \/>\n\t\t<meta property=\"og:title\" content=\"Detenido un joven en Asturias en la Operaci\u00f3n \u00abKATA\u00bb | Cand\u00e1s 365\" \/>\n\t\t<meta property=\"og:description\" content=\"La Polic\u00eda Nacional de la Jefatura Superior de Polic\u00eda de Asturias, dentro de la Operaci\u00f3n &quot;KATA&quot; ha procedido a la detenci\u00f3n de un joven de 27 a\u00f1os de edad con iniciales M.D.S.P. por un delito de tr\u00e1fico de sustancias estupefacientes. Seg\u00fan ha informado la Polic\u00eda, la operaci\u00f3n se ha iniciado al tener conocimiento de que\" \/>\n\t\t<meta property=\"og:url\" content=\"https:\/\/candas365.es\/noticias\/detenido-un-joven-en-asturias-en-la-operacion-kata\/\" \/>\n\t\t<meta property=\"og:image\" content=\"https:\/\/candas365.es\/noticias\/wp-content\/uploads\/2016\/06\/fotonoticia_20160617140237_800.jpg\" \/>\n\t\t<meta property=\"og:image:secure_url\" content=\"https:\/\/candas365.es\/noticias\/wp-content\/uploads\/2016\/06\/fotonoticia_20160617140237_800.jpg\" \/>\n\t\t<meta property=\"og:image:width\" content=\"800\" \/>\n\t\t<meta property=\"og:image:height\" content=\"967\" \/>\n\t\t<meta property=\"article:published_time\" content=\"2016-06-17T20:36:24+00:00\" \/>\n\t\t<meta property=\"article:modified_time\" content=\"2016-06-17T20:36:24+00:00\" \/>\n\t\t<meta property=\"article:publisher\" content=\"https:\/\/www.facebook.com\/Nachofdezber\" \/>\n\t\t<meta property=\"article:author\" content=\"https:\/\/www.facebook.com\/carrenoactualidad\" \/>\n\t\t<meta name=\"twitter:card\" content=\"summary_large_image\" \/>\n\t\t<meta name=\"twitter:site\" content=\"@NabercoDigital\" \/>\n\t\t<meta name=\"twitter:title\" content=\"Detenido un joven en Asturias en la Operaci\u00f3n \u00abKATA\u00bb | Cand\u00e1s 365\" \/>\n\t\t<meta name=\"twitter:description\" content=\"La Polic\u00eda Nacional de la Jefatura Superior de Polic\u00eda de Asturias, dentro de la Operaci\u00f3n &quot;KATA&quot; ha procedido a la detenci\u00f3n de un joven de 27 a\u00f1os de edad con iniciales M.D.S.P. por un delito de tr\u00e1fico de sustancias estupefacientes. Seg\u00fan ha informado la Polic\u00eda, la operaci\u00f3n se ha iniciado al tener conocimiento de que\" \/>\n\t\t<meta name=\"twitter:creator\" content=\"@nbasturias\" \/>\n\t\t<meta name=\"twitter:image\" content=\"https:\/\/candas365.es\/noticias\/wp-content\/uploads\/2016\/06\/fotonoticia_20160617140237_800.jpg\" \/>\n\t\t<meta name=\"twitter:label1\" content=\"Escrito por\" \/>\n\t\t<meta name=\"twitter:data1\" content=\"Cand\u00e1s 365\" \/>\n\t\t<meta name=\"twitter:label2\" content=\"Tiempo de lectura estimado\" \/>\n\t\t<meta name=\"twitter:data2\" content=\"1 minuto\" \/>\n\t\t<script type=\"application\/ld+json\" class=\"aioseo-schema\">\n\t\t\t{\"@context\":\"https:\\\/\\\/schema.org\",\"@graph\":[{\"@type\":\"BreadcrumbList\",\"@id\":\"https:\\\/\\\/candas365.es\\\/noticias\\\/detenido-un-joven-en-asturias-en-la-operacion-kata\\\/#breadcrumblist\",\"itemListElement\":[{\"@type\":\"ListItem\",\"@id\":\"https:\\\/\\\/candas365.es\\\/noticias#listItem\",\"position\":1,\"name\":\"Home\",\"item\":\"https:\\\/\\\/candas365.es\\\/noticias\",\"nextItem\":{\"@type\":\"ListItem\",\"@id\":\"https:\\\/\\\/candas365.es\\\/noticias\\\/category\\\/actualidad\\\/#listItem\",\"name\":\"Actualidad\"}},{\"@type\":\"ListItem\",\"@id\":\"https:\\\/\\\/candas365.es\\\/noticias\\\/category\\\/actualidad\\\/#listItem\",\"position\":2,\"name\":\"Actualidad\",\"item\":\"https:\\\/\\\/candas365.es\\\/noticias\\\/category\\\/actualidad\\\/\",\"nextItem\":{\"@type\":\"ListItem\",\"@id\":\"https:\\\/\\\/candas365.es\\\/noticias\\\/detenido-un-joven-en-asturias-en-la-operacion-kata\\\/#listItem\",\"name\":\"Detenido un joven en Asturias en la Operaci\\u00f3n \\u00abKATA\\u00bb\"},\"previousItem\":{\"@type\":\"ListItem\",\"@id\":\"https:\\\/\\\/candas365.es\\\/noticias#listItem\",\"name\":\"Home\"}},{\"@type\":\"ListItem\",\"@id\":\"https:\\\/\\\/candas365.es\\\/noticias\\\/detenido-un-joven-en-asturias-en-la-operacion-kata\\\/#listItem\",\"position\":3,\"name\":\"Detenido un joven en Asturias en la Operaci\\u00f3n \\u00abKATA\\u00bb\",\"previousItem\":{\"@type\":\"ListItem\",\"@id\":\"https:\\\/\\\/candas365.es\\\/noticias\\\/category\\\/actualidad\\\/#listItem\",\"name\":\"Actualidad\"}}]},{\"@type\":\"NewsArticle\",\"@id\":\"https:\\\/\\\/candas365.es\\\/noticias\\\/detenido-un-joven-en-asturias-en-la-operacion-kata\\\/#newsarticle\",\"name\":\"Detenido un joven en Asturias en la Operaci\\u00f3n \\u00abKATA\\u00bb | Cand\\u00e1s 365\",\"headline\":\"Detenido un joven en Asturias en la Operaci\\u00f3n \\u00abKATA\\u00bb\",\"author\":{\"@id\":\"https:\\\/\\\/candas365.es\\\/noticias\\\/author\\\/admin\\\/#author\"},\"publisher\":{\"@id\":\"https:\\\/\\\/candas365.es\\\/noticias\\\/#organization\"},\"image\":{\"@type\":\"ImageObject\",\"url\":\"https:\\\/\\\/candas365.es\\\/noticias\\\/wp-content\\\/uploads\\\/2016\\\/06\\\/fotonoticia_20160617140237_800.jpg\",\"width\":800,\"height\":967},\"datePublished\":\"2016-06-17T22:06:24+02:00\",\"dateModified\":\"2016-06-17T22:06:24+02:00\",\"inLanguage\":\"es-ES\",\"mainEntityOfPage\":{\"@id\":\"https:\\\/\\\/candas365.es\\\/noticias\\\/detenido-un-joven-en-asturias-en-la-operacion-kata\\\/#webpage\"},\"isPartOf\":{\"@id\":\"https:\\\/\\\/candas365.es\\\/noticias\\\/detenido-un-joven-en-asturias-en-la-operacion-kata\\\/#webpage\"},\"articleSection\":\"Actualidad\",\"dateline\":\"Publicado el junio 17, 2016.\"},{\"@type\":\"Organization\",\"@id\":\"https:\\\/\\\/candas365.es\\\/noticias\\\/#organization\",\"name\":\"Cand\\u00e1s 365\",\"description\":\"Cand\\u00e1s 365 es un diario digital independiente, fundado en 2012, con base en Asturias. Informamos con rigor sobre actualidad, sociedad, cultura y ocio, con una mirada local y global.\",\"url\":\"https:\\\/\\\/candas365.es\\\/noticias\\\/\",\"email\":\"info@candas365.es\",\"telephone\":\"+34652131393\",\"foundingDate\":\"2012-06-10\",\"logo\":{\"@type\":\"ImageObject\",\"url\":\"https:\\\/\\\/candas365.es\\\/noticias\\\/wp-content\\\/uploads\\\/2024\\\/09\\\/Candas-365-Redes.jpg\",\"@id\":\"https:\\\/\\\/candas365.es\\\/noticias\\\/detenido-un-joven-en-asturias-en-la-operacion-kata\\\/#organizationLogo\",\"width\":1152,\"height\":864,\"caption\":\"Cand\\u00e1s 365 Redes\"},\"image\":{\"@id\":\"https:\\\/\\\/candas365.es\\\/noticias\\\/detenido-un-joven-en-asturias-en-la-operacion-kata\\\/#organizationLogo\"},\"sameAs\":[\"https:\\\/\\\/www.facebook.com\\\/Nachofdezber\",\"https:\\\/\\\/x.com\\\/NabercoDigital\",\"https:\\\/\\\/www.instagram.com\\\/nachofdezber\\\/\",\"https:\\\/\\\/www.youtube.com\\\/channel\\\/UCZP-2wLEB9Rv6erhFmqVnvg\"],\"address\":{\"@id\":\"https:\\\/\\\/candas365.es\\\/noticias\\\/#postaladdress\",\"@type\":\"PostalAddress\",\"streetAddress\":\"san antonio 4, san antonio 4\",\"postalCode\":\"33430\",\"addressLocality\":\"Cand\\u00e1s\",\"addressRegion\":\"Asturias\",\"addressCountry\":\"ES\"}},{\"@type\":\"Person\",\"@id\":\"https:\\\/\\\/candas365.es\\\/noticias\\\/author\\\/admin\\\/#author\",\"url\":\"https:\\\/\\\/candas365.es\\\/noticias\\\/author\\\/admin\\\/\",\"name\":\"Cand\\u00e1s 365\",\"image\":{\"@type\":\"ImageObject\",\"@id\":\"https:\\\/\\\/candas365.es\\\/noticias\\\/detenido-un-joven-en-asturias-en-la-operacion-kata\\\/#authorImage\",\"url\":\"https:\\\/\\\/secure.gravatar.com\\\/avatar\\\/496a8e03d0c493ede1718b7934145dbdf8d89be1036b0eec9544e1094c9de390?s=96&d=mm&r=g\",\"width\":96,\"height\":96,\"caption\":\"Cand\\u00e1s 365\"},\"sameAs\":[\"https:\\\/\\\/www.facebook.com\\\/carrenoactualidad\",\"https:\\\/\\\/twitter.com\\\/nbasturias\",\"https:\\\/\\\/www.instagram.com\\\/nachofdezber\\\/\",\"https:\\\/\\\/www.youtube.com\\\/channel\\\/UCZP-2wLEB9Rv6erhFmqVnvg\"]},{\"@type\":\"WebPage\",\"@id\":\"https:\\\/\\\/candas365.es\\\/noticias\\\/detenido-un-joven-en-asturias-en-la-operacion-kata\\\/#webpage\",\"url\":\"https:\\\/\\\/candas365.es\\\/noticias\\\/detenido-un-joven-en-asturias-en-la-operacion-kata\\\/\",\"name\":\"Detenido un joven en Asturias en la Operaci\\u00f3n \\u00abKATA\\u00bb | Cand\\u00e1s 365\",\"description\":\"La Polic\\u00eda Nacional de la Jefatura Superior de Polic\\u00eda de Asturias, dentro de la Operaci\\u00f3n \\\"KATA\\\" ha procedido a la detenci\\u00f3n de un joven de 27 a\\u00f1os de edad con iniciales M.D.S.P. por un delito de tr\\u00e1fico de sustancias estupefacientes. Seg\\u00fan ha informado la Polic\\u00eda, la operaci\\u00f3n se ha iniciado al tener conocimiento de que\",\"inLanguage\":\"es-ES\",\"isPartOf\":{\"@id\":\"https:\\\/\\\/candas365.es\\\/noticias\\\/#website\"},\"breadcrumb\":{\"@id\":\"https:\\\/\\\/candas365.es\\\/noticias\\\/detenido-un-joven-en-asturias-en-la-operacion-kata\\\/#breadcrumblist\"},\"author\":{\"@id\":\"https:\\\/\\\/candas365.es\\\/noticias\\\/author\\\/admin\\\/#author\"},\"creator\":{\"@id\":\"https:\\\/\\\/candas365.es\\\/noticias\\\/author\\\/admin\\\/#author\"},\"image\":{\"@type\":\"ImageObject\",\"url\":\"https:\\\/\\\/candas365.es\\\/noticias\\\/wp-content\\\/uploads\\\/2016\\\/06\\\/fotonoticia_20160617140237_800.jpg\",\"@id\":\"https:\\\/\\\/candas365.es\\\/noticias\\\/detenido-un-joven-en-asturias-en-la-operacion-kata\\\/#mainImage\",\"width\":800,\"height\":967},\"primaryImageOfPage\":{\"@id\":\"https:\\\/\\\/candas365.es\\\/noticias\\\/detenido-un-joven-en-asturias-en-la-operacion-kata\\\/#mainImage\"},\"datePublished\":\"2016-06-17T22:06:24+02:00\",\"dateModified\":\"2016-06-17T22:06:24+02:00\"},{\"@type\":\"WebSite\",\"@id\":\"https:\\\/\\\/candas365.es\\\/noticias\\\/#website\",\"url\":\"https:\\\/\\\/candas365.es\\\/noticias\\\/\",\"name\":\"Cand\\u00e1s 365\",\"alternateName\":\"Cand\\u00e1s 365 Noticias\",\"description\":\"Actualidad desde Carre\\u00f1o para el mundo\",\"inLanguage\":\"es-ES\",\"publisher\":{\"@id\":\"https:\\\/\\\/candas365.es\\\/noticias\\\/#organization\"}}]}\n\t\t<\/script>\n\t\t<!-- All in One SEO Pro -->\r\n\t\t<title>Detenido un joven en Asturias en la Operaci\u00f3n \u00abKATA\u00bb | Cand\u00e1s 365<\/title>\n\n","aioseo_head_json":{"title":"Detenido un joven en Asturias en la Operaci\u00f3n \u00abKATA\u00bb | Cand\u00e1s 365","description":"La Polic\u00eda Nacional de la Jefatura Superior de Polic\u00eda de Asturias, dentro de la Operaci\u00f3n \"KATA\" ha procedido a la detenci\u00f3n de un joven de 27 a\u00f1os de edad con iniciales M.D.S.P. por un delito de tr\u00e1fico de sustancias estupefacientes. Seg\u00fan ha informado la Polic\u00eda, la operaci\u00f3n se ha iniciado al tener conocimiento de que","canonical_url":"https:\/\/candas365.es\/noticias\/detenido-un-joven-en-asturias-en-la-operacion-kata\/","robots":"max-image-preview:large","keywords":"actualidad","webmasterTools":{"google-site-verification":"UA-32230408-1","msvalidate.01":"354F3CDFB2DA171B47FBE9ABF1F88D5","miscellaneous":""},"schema":{"@context":"https:\/\/schema.org","@graph":[{"@type":"BreadcrumbList","@id":"https:\/\/candas365.es\/noticias\/detenido-un-joven-en-asturias-en-la-operacion-kata\/#breadcrumblist","itemListElement":[{"@type":"ListItem","@id":"https:\/\/candas365.es\/noticias#listItem","position":1,"name":"Home","item":"https:\/\/candas365.es\/noticias","nextItem":{"@type":"ListItem","@id":"https:\/\/candas365.es\/noticias\/category\/actualidad\/#listItem","name":"Actualidad"}},{"@type":"ListItem","@id":"https:\/\/candas365.es\/noticias\/category\/actualidad\/#listItem","position":2,"name":"Actualidad","item":"https:\/\/candas365.es\/noticias\/category\/actualidad\/","nextItem":{"@type":"ListItem","@id":"https:\/\/candas365.es\/noticias\/detenido-un-joven-en-asturias-en-la-operacion-kata\/#listItem","name":"Detenido un joven en Asturias en la Operaci\u00f3n \u00abKATA\u00bb"},"previousItem":{"@type":"ListItem","@id":"https:\/\/candas365.es\/noticias#listItem","name":"Home"}},{"@type":"ListItem","@id":"https:\/\/candas365.es\/noticias\/detenido-un-joven-en-asturias-en-la-operacion-kata\/#listItem","position":3,"name":"Detenido un joven en Asturias en la Operaci\u00f3n \u00abKATA\u00bb","previousItem":{"@type":"ListItem","@id":"https:\/\/candas365.es\/noticias\/category\/actualidad\/#listItem","name":"Actualidad"}}]},{"@type":"NewsArticle","@id":"https:\/\/candas365.es\/noticias\/detenido-un-joven-en-asturias-en-la-operacion-kata\/#newsarticle","name":"Detenido un joven en Asturias en la Operaci\u00f3n \u00abKATA\u00bb | Cand\u00e1s 365","headline":"Detenido un joven en Asturias en la Operaci\u00f3n \u00abKATA\u00bb","author":{"@id":"https:\/\/candas365.es\/noticias\/author\/admin\/#author"},"publisher":{"@id":"https:\/\/candas365.es\/noticias\/#organization"},"image":{"@type":"ImageObject","url":"https:\/\/candas365.es\/noticias\/wp-content\/uploads\/2016\/06\/fotonoticia_20160617140237_800.jpg","width":800,"height":967},"datePublished":"2016-06-17T22:06:24+02:00","dateModified":"2016-06-17T22:06:24+02:00","inLanguage":"es-ES","mainEntityOfPage":{"@id":"https:\/\/candas365.es\/noticias\/detenido-un-joven-en-asturias-en-la-operacion-kata\/#webpage"},"isPartOf":{"@id":"https:\/\/candas365.es\/noticias\/detenido-un-joven-en-asturias-en-la-operacion-kata\/#webpage"},"articleSection":"Actualidad","dateline":"Publicado el junio 17, 2016."},{"@type":"Organization","@id":"https:\/\/candas365.es\/noticias\/#organization","name":"Cand\u00e1s 365","description":"Cand\u00e1s 365 es un diario digital independiente, fundado en 2012, con base en Asturias. Informamos con rigor sobre actualidad, sociedad, cultura y ocio, con una mirada local y global.","url":"https:\/\/candas365.es\/noticias\/","email":"info@candas365.es","telephone":"+34652131393","foundingDate":"2012-06-10","logo":{"@type":"ImageObject","url":"https:\/\/candas365.es\/noticias\/wp-content\/uploads\/2024\/09\/Candas-365-Redes.jpg","@id":"https:\/\/candas365.es\/noticias\/detenido-un-joven-en-asturias-en-la-operacion-kata\/#organizationLogo","width":1152,"height":864,"caption":"Cand\u00e1s 365 Redes"},"image":{"@id":"https:\/\/candas365.es\/noticias\/detenido-un-joven-en-asturias-en-la-operacion-kata\/#organizationLogo"},"sameAs":["https:\/\/www.facebook.com\/Nachofdezber","https:\/\/x.com\/NabercoDigital","https:\/\/www.instagram.com\/nachofdezber\/","https:\/\/www.youtube.com\/channel\/UCZP-2wLEB9Rv6erhFmqVnvg"],"address":{"@id":"https:\/\/candas365.es\/noticias\/#postaladdress","@type":"PostalAddress","streetAddress":"san antonio 4, san antonio 4","postalCode":"33430","addressLocality":"Cand\u00e1s","addressRegion":"Asturias","addressCountry":"ES"}},{"@type":"Person","@id":"https:\/\/candas365.es\/noticias\/author\/admin\/#author","url":"https:\/\/candas365.es\/noticias\/author\/admin\/","name":"Cand\u00e1s 365","image":{"@type":"ImageObject","@id":"https:\/\/candas365.es\/noticias\/detenido-un-joven-en-asturias-en-la-operacion-kata\/#authorImage","url":"https:\/\/secure.gravatar.com\/avatar\/496a8e03d0c493ede1718b7934145dbdf8d89be1036b0eec9544e1094c9de390?s=96&d=mm&r=g","width":96,"height":96,"caption":"Cand\u00e1s 365"},"sameAs":["https:\/\/www.facebook.com\/carrenoactualidad","https:\/\/twitter.com\/nbasturias","https:\/\/www.instagram.com\/nachofdezber\/","https:\/\/www.youtube.com\/channel\/UCZP-2wLEB9Rv6erhFmqVnvg"]},{"@type":"WebPage","@id":"https:\/\/candas365.es\/noticias\/detenido-un-joven-en-asturias-en-la-operacion-kata\/#webpage","url":"https:\/\/candas365.es\/noticias\/detenido-un-joven-en-asturias-en-la-operacion-kata\/","name":"Detenido un joven en Asturias en la Operaci\u00f3n \u00abKATA\u00bb | Cand\u00e1s 365","description":"La Polic\u00eda Nacional de la Jefatura Superior de Polic\u00eda de Asturias, dentro de la Operaci\u00f3n \"KATA\" ha procedido a la detenci\u00f3n de un joven de 27 a\u00f1os de edad con iniciales M.D.S.P. por un delito de tr\u00e1fico de sustancias estupefacientes. Seg\u00fan ha informado la Polic\u00eda, la operaci\u00f3n se ha iniciado al tener conocimiento de que","inLanguage":"es-ES","isPartOf":{"@id":"https:\/\/candas365.es\/noticias\/#website"},"breadcrumb":{"@id":"https:\/\/candas365.es\/noticias\/detenido-un-joven-en-asturias-en-la-operacion-kata\/#breadcrumblist"},"author":{"@id":"https:\/\/candas365.es\/noticias\/author\/admin\/#author"},"creator":{"@id":"https:\/\/candas365.es\/noticias\/author\/admin\/#author"},"image":{"@type":"ImageObject","url":"https:\/\/candas365.es\/noticias\/wp-content\/uploads\/2016\/06\/fotonoticia_20160617140237_800.jpg","@id":"https:\/\/candas365.es\/noticias\/detenido-un-joven-en-asturias-en-la-operacion-kata\/#mainImage","width":800,"height":967},"primaryImageOfPage":{"@id":"https:\/\/candas365.es\/noticias\/detenido-un-joven-en-asturias-en-la-operacion-kata\/#mainImage"},"datePublished":"2016-06-17T22:06:24+02:00","dateModified":"2016-06-17T22:06:24+02:00"},{"@type":"WebSite","@id":"https:\/\/candas365.es\/noticias\/#website","url":"https:\/\/candas365.es\/noticias\/","name":"Cand\u00e1s 365","alternateName":"Cand\u00e1s 365 Noticias","description":"Actualidad desde Carre\u00f1o para el mundo","inLanguage":"es-ES","publisher":{"@id":"https:\/\/candas365.es\/noticias\/#organization"}}]},"og:locale":"es_ES","og:site_name":"Cand\u00e1s 365","og:type":"article","og:title":"Detenido un joven en Asturias en la Operaci\u00f3n \u00abKATA\u00bb | Cand\u00e1s 365","og:description":"La Polic\u00eda Nacional de la Jefatura Superior de Polic\u00eda de Asturias, dentro de la Operaci\u00f3n &quot;KATA&quot; ha procedido a la detenci\u00f3n de un joven de 27 a\u00f1os de edad con iniciales M.D.S.P. por un delito de tr\u00e1fico de sustancias estupefacientes. Seg\u00fan ha informado la Polic\u00eda, la operaci\u00f3n se ha iniciado al tener conocimiento de que","og:url":"https:\/\/candas365.es\/noticias\/detenido-un-joven-en-asturias-en-la-operacion-kata\/","og:image":"https:\/\/candas365.es\/noticias\/wp-content\/uploads\/2016\/06\/fotonoticia_20160617140237_800.jpg","og:image:secure_url":"https:\/\/candas365.es\/noticias\/wp-content\/uploads\/2016\/06\/fotonoticia_20160617140237_800.jpg","og:image:width":800,"og:image:height":967,"article:published_time":"2016-06-17T20:36:24+00:00","article:modified_time":"2016-06-17T20:36:24+00:00","article:publisher":"https:\/\/www.facebook.com\/Nachofdezber","article:author":"https:\/\/www.facebook.com\/carrenoactualidad","twitter:card":"summary_large_image","twitter:site":"@NabercoDigital","twitter:title":"Detenido un joven en Asturias en la Operaci\u00f3n \u00abKATA\u00bb | Cand\u00e1s 365","twitter:description":"La Polic\u00eda Nacional de la Jefatura Superior de Polic\u00eda de Asturias, dentro de la Operaci\u00f3n &quot;KATA&quot; ha procedido a la detenci\u00f3n de un joven de 27 a\u00f1os de edad con iniciales M.D.S.P. por un delito de tr\u00e1fico de sustancias estupefacientes. Seg\u00fan ha informado la Polic\u00eda, la operaci\u00f3n se ha iniciado al tener conocimiento de que","twitter:creator":"@nbasturias","twitter:image":"https:\/\/candas365.es\/noticias\/wp-content\/uploads\/2016\/06\/fotonoticia_20160617140237_800.jpg","twitter:label1":"Escrito por","twitter:data1":"Cand\u00e1s 365","twitter:label2":"Tiempo de lectura estimado","twitter:data2":"1 minuto"},"aioseo_meta_data":{"post_id":"30570","title":null,"description":null,"keywords":null,"keyphrases":null,"primary_term":null,"canonical_url":null,"og_title":null,"og_description":null,"og_object_type":"default","og_image_type":"default","og_image_url":null,"og_image_width":null,"og_image_height":null,"og_image_custom_url":null,"og_image_custom_fields":null,"og_video":null,"og_custom_url":null,"og_article_section":null,"og_article_tags":null,"twitter_use_og":false,"twitter_card":"default","twitter_image_type":"default","twitter_image_url":null,"twitter_image_custom_url":null,"twitter_image_custom_fields":null,"twitter_title":null,"twitter_description":null,"schema":{"blockGraphs":[],"customGraphs":[],"default":{"data":{"Article":[],"Course":[],"Dataset":[],"FAQPage":[],"Movie":[],"Person":[],"Product":[],"ProductReview":[],"Car":[],"Recipe":[],"Service":[],"SoftwareApplication":[],"WebPage":[]},"graphName":"","isEnabled":true},"graphs":[],"defaultGraph":"","defaultPostTypeGraph":""},"schema_type":null,"schema_type_options":null,"pillar_content":false,"robots_default":true,"robots_noindex":false,"robots_noarchive":false,"robots_nosnippet":false,"robots_nofollow":false,"robots_noimageindex":false,"robots_noodp":false,"robots_notranslate":false,"robots_max_snippet":null,"robots_max_videopreview":null,"robots_max_imagepreview":"large","priority":null,"frequency":null,"location":null,"local_seo":null,"seo_analyzer_scan_date":"2025-08-24 12:42:17","breadcrumb_settings":null,"limit_modified_date":false,"reviewed_by":null,"open_ai":null,"ai":null,"created":"2020-12-21 12:58:50","updated":"2025-08-24 12:42:17"},"aioseo_breadcrumb":"<div class=\"aioseo-breadcrumbs\"><span class=\"aioseo-breadcrumb\">\n\t<a href=\"https:\/\/candas365.es\/noticias\" title=\"Home\">Home<\/a>\n<\/span><span class=\"aioseo-breadcrumb-separator\">&ndash;<\/span><span class=\"aioseo-breadcrumb\">\n\t<a href=\"https:\/\/candas365.es\/noticias\/category\/actualidad\/\" title=\"Actualidad\">Actualidad<\/a>\n<\/span><span class=\"aioseo-breadcrumb-separator\">&ndash;<\/span><span class=\"aioseo-breadcrumb\">\n\tDetenido un joven en Asturias en la Operaci\u00f3n \u00abKATA\u00bb\n<\/span><\/div>","aioseo_breadcrumb_json":[{"label":"Home","link":"https:\/\/candas365.es\/noticias"},{"label":"Actualidad","link":"https:\/\/candas365.es\/noticias\/category\/actualidad\/"},{"label":"Detenido un joven en Asturias en la Operaci\u00f3n \u00abKATA\u00bb","link":"https:\/\/candas365.es\/noticias\/detenido-un-joven-en-asturias-en-la-operacion-kata\/"}],"_links":{"self":[{"href":"https:\/\/candas365.es\/noticias\/wp-json\/wp\/v2\/posts\/30570","targetHints":{"allow":["GET"]}}],"collection":[{"href":"https:\/\/candas365.es\/noticias\/wp-json\/wp\/v2\/posts"}],"about":[{"href":"https:\/\/candas365.es\/noticias\/wp-json\/wp\/v2\/types\/post"}],"author":[{"embeddable":true,"href":"https:\/\/candas365.es\/noticias\/wp-json\/wp\/v2\/users\/1"}],"replies":[{"embeddable":true,"href":"https:\/\/candas365.es\/noticias\/wp-json\/wp\/v2\/comments?post=30570"}],"version-history":[{"count":0,"href":"https:\/\/candas365.es\/noticias\/wp-json\/wp\/v2\/posts\/30570\/revisions"}],"wp:featuredmedia":[{"embeddable":true,"href":"https:\/\/candas365.es\/noticias\/wp-json\/wp\/v2\/media\/30571"}],"wp:attachment":[{"href":"https:\/\/candas365.es\/noticias\/wp-json\/wp\/v2\/media?parent=30570"}],"wp:term":[{"taxonomy":"category","embeddable":true,"href":"https:\/\/candas365.es\/noticias\/wp-json\/wp\/v2\/categories?post=30570"},{"taxonomy":"post_tag","embeddable":true,"href":"https:\/\/candas365.es\/noticias\/wp-json\/wp\/v2\/tags?post=30570"}],"curies":[{"name":"wp","href":"https:\/\/api.w.org\/{rel}","templated":true}]}}