{"id":30564,"date":"2016-06-17T22:01:46","date_gmt":"2016-06-17T20:31:46","guid":{"rendered":"http:\/\/candas365.es\/noticias\/?p=30564"},"modified":"2016-06-17T22:01:46","modified_gmt":"2016-06-17T20:31:46","slug":"piden-5-anos-de-prision-para-una-mujer-por-abandonar-a-tres-hijas","status":"publish","type":"post","link":"https:\/\/candas365.es\/noticias\/piden-5-anos-de-prision-para-una-mujer-por-abandonar-a-tres-hijas\/","title":{"rendered":"Piden 5 a\u00f1os de prisi\u00f3n para una mujer por abandonar a tres hijas"},"content":{"rendered":"<p><img fetchpriority=\"high\" decoding=\"async\" class=\"alignleft size-medium wp-image-19531\" src=\"https:\/\/candas365.es\/noticias\/wp-content\/uploads\/2015\/11\/juzgados-360x198.jpg\" alt=\"juzgados\" width=\"360\" height=\"198\" srcset=\"https:\/\/candas365.es\/noticias\/wp-content\/uploads\/2015\/11\/juzgados-360x198.jpg 360w, https:\/\/candas365.es\/noticias\/wp-content\/uploads\/2015\/11\/juzgados-650x357.jpg 650w, https:\/\/candas365.es\/noticias\/wp-content\/uploads\/2015\/11\/juzgados-150x82.jpg 150w, https:\/\/candas365.es\/noticias\/wp-content\/uploads\/2015\/11\/juzgados-450x247.jpg 450w, https:\/\/candas365.es\/noticias\/wp-content\/uploads\/2015\/11\/juzgados.jpg 655w\" sizes=\"(max-width: 360px) 100vw, 360px\" \/>La Fiscal\u00eda del Principado de Asturias solicita 5 a\u00f1os de prisi\u00f3n y un a\u00f1o y siete meses de inhabilitaci\u00f3n para el ejercicio de la patria potestad para una acusada por negarse a revelar el paradero de su hijo, nacido en 2009, y por abandonar a sus tres ni\u00f1as en su casa de Oviedo en diciembre del a\u00f1o 2014.<\/p>\n<p>Las causas se juzgar\u00e1n por separado. El juicio por el abandono de las menores se celebrar\u00e1 el 7 de julio de 2016, en el Juzgado de lo Penal n\u00famero 4 de Oviedo, a las 10.00 horas. El asunto del menor desaparecido todav\u00eda no tiene fecha de juicio.<\/p>\n<p>La Fiscal\u00eda del Principado de Asturias solicita una condena de 3 a\u00f1os de prisi\u00f3n e inhabilitaci\u00f3n especial para el ejercicio de la patria potestad y de los derechos de guarda de cualquier menor o persona con discapacidad, y especialmente de sus tres hijas, durante diez a\u00f1os para la mujer acusada de abandonar a sus tres ni\u00f1as en su casa de Oviedo en diciembre del a\u00f1o 2014.<\/p>\n<p>La acusada es la madre de A (nacida el abril de 2012), B (nacida en mayo de 2013) y C (nacida en noviembre de 2014), con quienes conviv\u00eda en Oviedo y de quienes ostentaba la patria potestad en exclusiva al no tener las menores padre reconocido.<\/p>\n<p>La Fiscal\u00eda sostiene que, sobre las 22.00 horas del 18 de diciembre de 2014, la acusada abandon\u00f3 la vivienda, dejando en ella solas a las tres ni\u00f1as: a C la dej\u00f3 vestida \u00fanicamente con un pa\u00f1al en una cama matrimonial y sin cubrir por cobertor alguno. Y a A y B las dej\u00f3 solo con un pa\u00f1al y una camiseta, descalzas, en el sal\u00f3n de la casa. El piso carece de calefacci\u00f3n y est\u00e1 en deficiente estado de conservaci\u00f3n, sucio y desordenado, con fuerte olor a excrementos y orines.<\/p>\n<p>Al o\u00edr el llanto del beb\u00e9 durante horas sin que nadie le calmara, una de las vecinas del inmueble llam\u00f3 a la polic\u00eda a las 4.40 horas del ya d\u00eda 19. Los agentes se personaron en el domicilio de la acusada y, tras llamar al timbre y no abrir nadie, entraron en la vivienda a trav\u00e9s de la puerta de la cocina, que se encontraba abierta y comunicaba por un patio con otro piso, cuya propietaria les facilit\u00f3 el paso.<\/p>\n<p>Una vez en el interior, los agentes cubrieron a C con una manta para darle calor y la tranquilizaron. Seguidamente entraron en el sal\u00f3n, donde A y B estaban sentadas cada una en un sill\u00f3n, despiertas, sucias, descalzas y apenas vestidas. B ten\u00eda adem\u00e1s una lata de cerveza en sus manos. Las menores se encontraban solas en el domicilio, al menos, desde seis horas antes.<\/p>\n<p>Las ni\u00f1as estaban deficientemente atendidas por la acusada desde mucho tiempo atr\u00e1s. As\u00ed, A era extremadamente delgada, hasta el punto de que se percib\u00eda en todo su cuerpo el esqueleto \u00f3seo y las articulaciones, ten\u00eda mirada ausente y huidiza, realizaba balanceos corporales en todas las posiciones, se tiraba del pelo, que presentaba extensas \u00e1reas de alopecia y eritemas, y ten\u00eda cicatrices en el \u00e1rea del pa\u00f1al y cara interior de los muslos por escaso cambio del mismo.<\/p>\n<p>Asimismo se le diagnostic\u00f3 de anorexia reactiva por el estr\u00e9s sufrido durante la convivencia con su madre. B tambi\u00e9n mostraba eritemas y cicatrices en el \u00e1rea del pa\u00f1al y cara interna de los muslos, rechazaba el contacto f\u00edsico y la proximidad, manteni\u00e9ndose aislada, balance\u00e1ndose y mes\u00e1ndose el cabello. Por su parte, C presentaba escasa ganancia de peso.<\/p>\n<p><strong>NI\u00d1O DE 7 A\u00d1OS EN PARADERO DESCONOCIDO<\/strong><\/p>\n<p>Por otro lado, el 3 de diciembre de 2009 la acusada dio a luz en el Hospital Universitario Central de Asturias (HUCA), en Oviedo, a un ni\u00f1o, sobre el que asumi\u00f3 la guarda y custodia. Se desconoce la filiaci\u00f3n paterna. El ni\u00f1o fue inscrito en el Registro Civil de Oviedo.<\/p>\n<p>A ra\u00edz de la instrucci\u00f3n de otras diligencias penales, seguidas en el Juzgado de Instrucci\u00f3n n\u00famero 2 de Oviedo contra la acusada por abandono de menores, referidas a tres hijas de la acusada (el juicio por esta causa se celebrar\u00e1 el pr\u00f3ximo 7 de julio en el Juzgado de lo Penal n\u00famero 4 de Oviedo), se le pregunt\u00f3 por el paradero del menor, neg\u00e1ndose a manifestar d\u00f3nde se encontraba y alegando \u00fanicamente que se hallaba en Portugal con su padre.<\/p>\n<p>Tras las correspondientes gestiones realizadas por la Brigada de Polic\u00eda Judicial (SAF), tanto en Espa\u00f1a como en Portugal, se contin\u00faa sin tener conocimiento del paradero del menor, al que no consta que se le haya expedido DNI o pasaporte. Por otro lado, el Centro de Cooperaci\u00f3n Policial Aduanero (CCPA) ha confirmado que el ni\u00f1o no es residente legal de Portugal, y que no constan datos sobre el mismo. Tampoco figura escolarizado en ning\u00fan centro escolar del Principado de Asturias.<\/p>\n<p>Al menor se le asign\u00f3 el Centro de Salud de Pumar\u00edn, aunque nunca fue atendido all\u00ed. En el a\u00f1o 2014 la madre comunic\u00f3 que el ni\u00f1o no viv\u00eda en Espa\u00f1a y le dio de baja en el mismo.<\/p>\n<p>Las \u00faltimas referencias con las que se cuenta se remontan al a\u00f1o 2011, fecha en la que su abuela materna manifest\u00f3 que el ni\u00f1o se hab\u00eda ido con su madre de vacaciones a Portugal, y que desde entonces no hab\u00eda vuelto a verlo ni a tener noticias de \u00e9l.<\/p>\n<p>La acusada estuvo en prisi\u00f3n provisional por esta causa desde el 15 de septiembre de 2015 hasta el 3 de diciembre de ese mismo a\u00f1o. Tras ser puesta en libertad provisional, el Juzgado de Instrucci\u00f3n n\u00famero 1 de Oviedo le impuso la obligaci\u00f3n de comparecer en el Juzgado los d\u00edas 1 y 15 de cada mes, y siempre que se le requiera, y de comunicar cualquier cambio de domicilio.<\/p>\n<p>&nbsp;<\/p>\n","protected":false},"excerpt":{"rendered":"<p>La Fiscal\u00eda del Principado de Asturias solicita 5 a\u00f1os de prisi\u00f3n y un a\u00f1o y siete meses de inhabilitaci\u00f3n para el ejercicio de la patria potestad para una acusada por negarse a revelar el paradero de su hijo, nacido en 2009, y por abandonar a sus tres ni\u00f1as en su casa de Oviedo en diciembre<\/p>\n","protected":false},"author":1,"featured_media":19531,"comment_status":"closed","ping_status":"closed","sticky":false,"template":"","format":"standard","meta":{"footnotes":""},"categories":[343],"tags":[],"class_list":{"0":"post-30564","1":"post","2":"type-post","3":"status-publish","4":"format-standard","5":"has-post-thumbnail","7":"category-actualidad"},"aioseo_notices":[],"aioseo_head":"\n\t\t<!-- All in One SEO Pro 4.9.6.2 - aioseo.com -->\n\t<meta name=\"description\" content=\"La Fiscal\u00eda del Principado de Asturias solicita 5 a\u00f1os de prisi\u00f3n y un a\u00f1o y siete meses de inhabilitaci\u00f3n para el ejercicio de la patria potestad para una acusada por negarse a revelar el paradero de su hijo, nacido en 2009, y por abandonar a sus tres ni\u00f1as en su casa de Oviedo en diciembre\" \/>\n\t<meta name=\"robots\" content=\"max-image-preview:large\" \/>\n\t<meta name=\"author\" content=\"Cand\u00e1s 365\"\/>\n\t<meta name=\"google-site-verification\" content=\"UA-32230408-1\" \/>\n\t<meta name=\"msvalidate.01\" content=\"354F3CDFB2DA171B47FBE9ABF1F88D5\" \/>\n\t<meta name=\"keywords\" content=\"actualidad\" \/>\n\t<link rel=\"canonical\" href=\"https:\/\/candas365.es\/noticias\/piden-5-anos-de-prision-para-una-mujer-por-abandonar-a-tres-hijas\/\" \/>\n\t<meta name=\"generator\" content=\"All in One SEO Pro (AIOSEO) 4.9.6.2\" \/>\n\t\t<meta property=\"og:locale\" content=\"es_ES\" \/>\n\t\t<meta property=\"og:site_name\" content=\"Cand\u00e1s 365\" \/>\n\t\t<meta property=\"og:type\" content=\"article\" \/>\n\t\t<meta property=\"og:title\" content=\"Piden 5 a\u00f1os de prisi\u00f3n para una mujer por abandonar a tres hijas | Cand\u00e1s 365\" \/>\n\t\t<meta property=\"og:description\" content=\"La Fiscal\u00eda del Principado de Asturias solicita 5 a\u00f1os de prisi\u00f3n y un a\u00f1o y siete meses de inhabilitaci\u00f3n para el ejercicio de la patria potestad para una acusada por negarse a revelar el paradero de su hijo, nacido en 2009, y por abandonar a sus tres ni\u00f1as en su casa de Oviedo en diciembre\" \/>\n\t\t<meta property=\"og:url\" content=\"https:\/\/candas365.es\/noticias\/piden-5-anos-de-prision-para-una-mujer-por-abandonar-a-tres-hijas\/\" \/>\n\t\t<meta property=\"og:image\" content=\"https:\/\/candas365.es\/noticias\/wp-content\/uploads\/2015\/11\/juzgados.jpg\" \/>\n\t\t<meta property=\"og:image:secure_url\" content=\"https:\/\/candas365.es\/noticias\/wp-content\/uploads\/2015\/11\/juzgados.jpg\" \/>\n\t\t<meta property=\"og:image:width\" content=\"655\" \/>\n\t\t<meta property=\"og:image:height\" content=\"360\" \/>\n\t\t<meta property=\"article:published_time\" content=\"2016-06-17T20:31:46+00:00\" \/>\n\t\t<meta property=\"article:modified_time\" content=\"2016-06-17T20:31:46+00:00\" \/>\n\t\t<meta property=\"article:publisher\" content=\"https:\/\/www.facebook.com\/Nachofdezber\" \/>\n\t\t<meta property=\"article:author\" content=\"https:\/\/www.facebook.com\/carrenoactualidad\" \/>\n\t\t<meta name=\"twitter:card\" content=\"summary_large_image\" \/>\n\t\t<meta name=\"twitter:site\" content=\"@NabercoDigital\" \/>\n\t\t<meta name=\"twitter:title\" content=\"Piden 5 a\u00f1os de prisi\u00f3n para una mujer por abandonar a tres hijas | Cand\u00e1s 365\" \/>\n\t\t<meta name=\"twitter:description\" content=\"La Fiscal\u00eda del Principado de Asturias solicita 5 a\u00f1os de prisi\u00f3n y un a\u00f1o y siete meses de inhabilitaci\u00f3n para el ejercicio de la patria potestad para una acusada por negarse a revelar el paradero de su hijo, nacido en 2009, y por abandonar a sus tres ni\u00f1as en su casa de Oviedo en diciembre\" \/>\n\t\t<meta name=\"twitter:creator\" content=\"@nbasturias\" \/>\n\t\t<meta name=\"twitter:image\" content=\"https:\/\/candas365.es\/noticias\/wp-content\/uploads\/2015\/11\/juzgados.jpg\" \/>\n\t\t<meta name=\"twitter:label1\" content=\"Escrito por\" \/>\n\t\t<meta name=\"twitter:data1\" content=\"Cand\u00e1s 365\" \/>\n\t\t<meta name=\"twitter:label2\" content=\"Tiempo de lectura estimado\" \/>\n\t\t<meta name=\"twitter:data2\" content=\"5 minutos\" \/>\n\t\t<script type=\"application\/ld+json\" class=\"aioseo-schema\">\n\t\t\t{\"@context\":\"https:\\\/\\\/schema.org\",\"@graph\":[{\"@type\":\"BreadcrumbList\",\"@id\":\"https:\\\/\\\/candas365.es\\\/noticias\\\/piden-5-anos-de-prision-para-una-mujer-por-abandonar-a-tres-hijas\\\/#breadcrumblist\",\"itemListElement\":[{\"@type\":\"ListItem\",\"@id\":\"https:\\\/\\\/candas365.es\\\/noticias#listItem\",\"position\":1,\"name\":\"Home\",\"item\":\"https:\\\/\\\/candas365.es\\\/noticias\",\"nextItem\":{\"@type\":\"ListItem\",\"@id\":\"https:\\\/\\\/candas365.es\\\/noticias\\\/category\\\/actualidad\\\/#listItem\",\"name\":\"Actualidad\"}},{\"@type\":\"ListItem\",\"@id\":\"https:\\\/\\\/candas365.es\\\/noticias\\\/category\\\/actualidad\\\/#listItem\",\"position\":2,\"name\":\"Actualidad\",\"item\":\"https:\\\/\\\/candas365.es\\\/noticias\\\/category\\\/actualidad\\\/\",\"nextItem\":{\"@type\":\"ListItem\",\"@id\":\"https:\\\/\\\/candas365.es\\\/noticias\\\/piden-5-anos-de-prision-para-una-mujer-por-abandonar-a-tres-hijas\\\/#listItem\",\"name\":\"Piden 5 a\\u00f1os de prisi\\u00f3n para una mujer por abandonar a tres hijas\"},\"previousItem\":{\"@type\":\"ListItem\",\"@id\":\"https:\\\/\\\/candas365.es\\\/noticias#listItem\",\"name\":\"Home\"}},{\"@type\":\"ListItem\",\"@id\":\"https:\\\/\\\/candas365.es\\\/noticias\\\/piden-5-anos-de-prision-para-una-mujer-por-abandonar-a-tres-hijas\\\/#listItem\",\"position\":3,\"name\":\"Piden 5 a\\u00f1os de prisi\\u00f3n para una mujer por abandonar a tres hijas\",\"previousItem\":{\"@type\":\"ListItem\",\"@id\":\"https:\\\/\\\/candas365.es\\\/noticias\\\/category\\\/actualidad\\\/#listItem\",\"name\":\"Actualidad\"}}]},{\"@type\":\"NewsArticle\",\"@id\":\"https:\\\/\\\/candas365.es\\\/noticias\\\/piden-5-anos-de-prision-para-una-mujer-por-abandonar-a-tres-hijas\\\/#newsarticle\",\"name\":\"Piden 5 a\\u00f1os de prisi\\u00f3n para una mujer por abandonar a tres hijas | Cand\\u00e1s 365\",\"headline\":\"Piden 5 a\\u00f1os de prisi\\u00f3n para una mujer por abandonar a tres hijas\",\"author\":{\"@id\":\"https:\\\/\\\/candas365.es\\\/noticias\\\/author\\\/admin\\\/#author\"},\"publisher\":{\"@id\":\"https:\\\/\\\/candas365.es\\\/noticias\\\/#organization\"},\"image\":{\"@type\":\"ImageObject\",\"url\":\"https:\\\/\\\/candas365.es\\\/noticias\\\/wp-content\\\/uploads\\\/2015\\\/11\\\/juzgados.jpg\",\"width\":655,\"height\":360},\"datePublished\":\"2016-06-17T22:01:46+02:00\",\"dateModified\":\"2016-06-17T22:01:46+02:00\",\"inLanguage\":\"es-ES\",\"mainEntityOfPage\":{\"@id\":\"https:\\\/\\\/candas365.es\\\/noticias\\\/piden-5-anos-de-prision-para-una-mujer-por-abandonar-a-tres-hijas\\\/#webpage\"},\"isPartOf\":{\"@id\":\"https:\\\/\\\/candas365.es\\\/noticias\\\/piden-5-anos-de-prision-para-una-mujer-por-abandonar-a-tres-hijas\\\/#webpage\"},\"articleSection\":\"Actualidad\",\"dateline\":\"Publicado el junio 17, 2016.\"},{\"@type\":\"Organization\",\"@id\":\"https:\\\/\\\/candas365.es\\\/noticias\\\/#organization\",\"name\":\"Cand\\u00e1s 365\",\"description\":\"Cand\\u00e1s 365 es un diario digital independiente, fundado en 2012, con base en Asturias. Informamos con rigor sobre actualidad, sociedad, cultura y ocio, con una mirada local y global.\",\"url\":\"https:\\\/\\\/candas365.es\\\/noticias\\\/\",\"email\":\"info@candas365.es\",\"telephone\":\"+34652131393\",\"foundingDate\":\"2012-06-10\",\"logo\":{\"@type\":\"ImageObject\",\"url\":\"https:\\\/\\\/candas365.es\\\/noticias\\\/wp-content\\\/uploads\\\/2024\\\/09\\\/Candas-365-Redes.jpg\",\"@id\":\"https:\\\/\\\/candas365.es\\\/noticias\\\/piden-5-anos-de-prision-para-una-mujer-por-abandonar-a-tres-hijas\\\/#organizationLogo\",\"width\":1152,\"height\":864,\"caption\":\"Cand\\u00e1s 365 Redes\"},\"image\":{\"@id\":\"https:\\\/\\\/candas365.es\\\/noticias\\\/piden-5-anos-de-prision-para-una-mujer-por-abandonar-a-tres-hijas\\\/#organizationLogo\"},\"sameAs\":[\"https:\\\/\\\/www.facebook.com\\\/Nachofdezber\",\"https:\\\/\\\/x.com\\\/NabercoDigital\",\"https:\\\/\\\/www.instagram.com\\\/nachofdezber\\\/\",\"https:\\\/\\\/www.youtube.com\\\/channel\\\/UCZP-2wLEB9Rv6erhFmqVnvg\"],\"address\":{\"@id\":\"https:\\\/\\\/candas365.es\\\/noticias\\\/#postaladdress\",\"@type\":\"PostalAddress\",\"streetAddress\":\"san antonio 4, san antonio 4\",\"postalCode\":\"33430\",\"addressLocality\":\"Cand\\u00e1s\",\"addressRegion\":\"Asturias\",\"addressCountry\":\"ES\"}},{\"@type\":\"Person\",\"@id\":\"https:\\\/\\\/candas365.es\\\/noticias\\\/author\\\/admin\\\/#author\",\"url\":\"https:\\\/\\\/candas365.es\\\/noticias\\\/author\\\/admin\\\/\",\"name\":\"Cand\\u00e1s 365\",\"image\":{\"@type\":\"ImageObject\",\"@id\":\"https:\\\/\\\/candas365.es\\\/noticias\\\/piden-5-anos-de-prision-para-una-mujer-por-abandonar-a-tres-hijas\\\/#authorImage\",\"url\":\"https:\\\/\\\/secure.gravatar.com\\\/avatar\\\/496a8e03d0c493ede1718b7934145dbdf8d89be1036b0eec9544e1094c9de390?s=96&d=mm&r=g\",\"width\":96,\"height\":96,\"caption\":\"Cand\\u00e1s 365\"},\"sameAs\":[\"https:\\\/\\\/www.facebook.com\\\/carrenoactualidad\",\"https:\\\/\\\/twitter.com\\\/nbasturias\",\"https:\\\/\\\/www.instagram.com\\\/nachofdezber\\\/\",\"https:\\\/\\\/www.youtube.com\\\/channel\\\/UCZP-2wLEB9Rv6erhFmqVnvg\"]},{\"@type\":\"WebPage\",\"@id\":\"https:\\\/\\\/candas365.es\\\/noticias\\\/piden-5-anos-de-prision-para-una-mujer-por-abandonar-a-tres-hijas\\\/#webpage\",\"url\":\"https:\\\/\\\/candas365.es\\\/noticias\\\/piden-5-anos-de-prision-para-una-mujer-por-abandonar-a-tres-hijas\\\/\",\"name\":\"Piden 5 a\\u00f1os de prisi\\u00f3n para una mujer por abandonar a tres hijas | Cand\\u00e1s 365\",\"description\":\"La Fiscal\\u00eda del Principado de Asturias solicita 5 a\\u00f1os de prisi\\u00f3n y un a\\u00f1o y siete meses de inhabilitaci\\u00f3n para el ejercicio de la patria potestad para una acusada por negarse a revelar el paradero de su hijo, nacido en 2009, y por abandonar a sus tres ni\\u00f1as en su casa de Oviedo en diciembre\",\"inLanguage\":\"es-ES\",\"isPartOf\":{\"@id\":\"https:\\\/\\\/candas365.es\\\/noticias\\\/#website\"},\"breadcrumb\":{\"@id\":\"https:\\\/\\\/candas365.es\\\/noticias\\\/piden-5-anos-de-prision-para-una-mujer-por-abandonar-a-tres-hijas\\\/#breadcrumblist\"},\"author\":{\"@id\":\"https:\\\/\\\/candas365.es\\\/noticias\\\/author\\\/admin\\\/#author\"},\"creator\":{\"@id\":\"https:\\\/\\\/candas365.es\\\/noticias\\\/author\\\/admin\\\/#author\"},\"image\":{\"@type\":\"ImageObject\",\"url\":\"https:\\\/\\\/candas365.es\\\/noticias\\\/wp-content\\\/uploads\\\/2015\\\/11\\\/juzgados.jpg\",\"@id\":\"https:\\\/\\\/candas365.es\\\/noticias\\\/piden-5-anos-de-prision-para-una-mujer-por-abandonar-a-tres-hijas\\\/#mainImage\",\"width\":655,\"height\":360},\"primaryImageOfPage\":{\"@id\":\"https:\\\/\\\/candas365.es\\\/noticias\\\/piden-5-anos-de-prision-para-una-mujer-por-abandonar-a-tres-hijas\\\/#mainImage\"},\"datePublished\":\"2016-06-17T22:01:46+02:00\",\"dateModified\":\"2016-06-17T22:01:46+02:00\"},{\"@type\":\"WebSite\",\"@id\":\"https:\\\/\\\/candas365.es\\\/noticias\\\/#website\",\"url\":\"https:\\\/\\\/candas365.es\\\/noticias\\\/\",\"name\":\"Cand\\u00e1s 365\",\"alternateName\":\"Cand\\u00e1s 365 Noticias\",\"description\":\"Actualidad desde Carre\\u00f1o para el mundo\",\"inLanguage\":\"es-ES\",\"publisher\":{\"@id\":\"https:\\\/\\\/candas365.es\\\/noticias\\\/#organization\"}}]}\n\t\t<\/script>\n\t\t<!-- All in One SEO Pro -->\r\n\t\t<title>Piden 5 a\u00f1os de prisi\u00f3n para una mujer por abandonar a tres hijas | Cand\u00e1s 365<\/title>\n\n","aioseo_head_json":{"title":"Piden 5 a\u00f1os de prisi\u00f3n para una mujer por abandonar a tres hijas | Cand\u00e1s 365","description":"La Fiscal\u00eda del Principado de Asturias solicita 5 a\u00f1os de prisi\u00f3n y un a\u00f1o y siete meses de inhabilitaci\u00f3n para el ejercicio de la patria potestad para una acusada por negarse a revelar el paradero de su hijo, nacido en 2009, y por abandonar a sus tres ni\u00f1as en su casa de Oviedo en diciembre","canonical_url":"https:\/\/candas365.es\/noticias\/piden-5-anos-de-prision-para-una-mujer-por-abandonar-a-tres-hijas\/","robots":"max-image-preview:large","keywords":"actualidad","webmasterTools":{"google-site-verification":"UA-32230408-1","msvalidate.01":"354F3CDFB2DA171B47FBE9ABF1F88D5","miscellaneous":""},"schema":{"@context":"https:\/\/schema.org","@graph":[{"@type":"BreadcrumbList","@id":"https:\/\/candas365.es\/noticias\/piden-5-anos-de-prision-para-una-mujer-por-abandonar-a-tres-hijas\/#breadcrumblist","itemListElement":[{"@type":"ListItem","@id":"https:\/\/candas365.es\/noticias#listItem","position":1,"name":"Home","item":"https:\/\/candas365.es\/noticias","nextItem":{"@type":"ListItem","@id":"https:\/\/candas365.es\/noticias\/category\/actualidad\/#listItem","name":"Actualidad"}},{"@type":"ListItem","@id":"https:\/\/candas365.es\/noticias\/category\/actualidad\/#listItem","position":2,"name":"Actualidad","item":"https:\/\/candas365.es\/noticias\/category\/actualidad\/","nextItem":{"@type":"ListItem","@id":"https:\/\/candas365.es\/noticias\/piden-5-anos-de-prision-para-una-mujer-por-abandonar-a-tres-hijas\/#listItem","name":"Piden 5 a\u00f1os de prisi\u00f3n para una mujer por abandonar a tres hijas"},"previousItem":{"@type":"ListItem","@id":"https:\/\/candas365.es\/noticias#listItem","name":"Home"}},{"@type":"ListItem","@id":"https:\/\/candas365.es\/noticias\/piden-5-anos-de-prision-para-una-mujer-por-abandonar-a-tres-hijas\/#listItem","position":3,"name":"Piden 5 a\u00f1os de prisi\u00f3n para una mujer por abandonar a tres hijas","previousItem":{"@type":"ListItem","@id":"https:\/\/candas365.es\/noticias\/category\/actualidad\/#listItem","name":"Actualidad"}}]},{"@type":"NewsArticle","@id":"https:\/\/candas365.es\/noticias\/piden-5-anos-de-prision-para-una-mujer-por-abandonar-a-tres-hijas\/#newsarticle","name":"Piden 5 a\u00f1os de prisi\u00f3n para una mujer por abandonar a tres hijas | Cand\u00e1s 365","headline":"Piden 5 a\u00f1os de prisi\u00f3n para una mujer por abandonar a tres hijas","author":{"@id":"https:\/\/candas365.es\/noticias\/author\/admin\/#author"},"publisher":{"@id":"https:\/\/candas365.es\/noticias\/#organization"},"image":{"@type":"ImageObject","url":"https:\/\/candas365.es\/noticias\/wp-content\/uploads\/2015\/11\/juzgados.jpg","width":655,"height":360},"datePublished":"2016-06-17T22:01:46+02:00","dateModified":"2016-06-17T22:01:46+02:00","inLanguage":"es-ES","mainEntityOfPage":{"@id":"https:\/\/candas365.es\/noticias\/piden-5-anos-de-prision-para-una-mujer-por-abandonar-a-tres-hijas\/#webpage"},"isPartOf":{"@id":"https:\/\/candas365.es\/noticias\/piden-5-anos-de-prision-para-una-mujer-por-abandonar-a-tres-hijas\/#webpage"},"articleSection":"Actualidad","dateline":"Publicado el junio 17, 2016."},{"@type":"Organization","@id":"https:\/\/candas365.es\/noticias\/#organization","name":"Cand\u00e1s 365","description":"Cand\u00e1s 365 es un diario digital independiente, fundado en 2012, con base en Asturias. Informamos con rigor sobre actualidad, sociedad, cultura y ocio, con una mirada local y global.","url":"https:\/\/candas365.es\/noticias\/","email":"info@candas365.es","telephone":"+34652131393","foundingDate":"2012-06-10","logo":{"@type":"ImageObject","url":"https:\/\/candas365.es\/noticias\/wp-content\/uploads\/2024\/09\/Candas-365-Redes.jpg","@id":"https:\/\/candas365.es\/noticias\/piden-5-anos-de-prision-para-una-mujer-por-abandonar-a-tres-hijas\/#organizationLogo","width":1152,"height":864,"caption":"Cand\u00e1s 365 Redes"},"image":{"@id":"https:\/\/candas365.es\/noticias\/piden-5-anos-de-prision-para-una-mujer-por-abandonar-a-tres-hijas\/#organizationLogo"},"sameAs":["https:\/\/www.facebook.com\/Nachofdezber","https:\/\/x.com\/NabercoDigital","https:\/\/www.instagram.com\/nachofdezber\/","https:\/\/www.youtube.com\/channel\/UCZP-2wLEB9Rv6erhFmqVnvg"],"address":{"@id":"https:\/\/candas365.es\/noticias\/#postaladdress","@type":"PostalAddress","streetAddress":"san antonio 4, san antonio 4","postalCode":"33430","addressLocality":"Cand\u00e1s","addressRegion":"Asturias","addressCountry":"ES"}},{"@type":"Person","@id":"https:\/\/candas365.es\/noticias\/author\/admin\/#author","url":"https:\/\/candas365.es\/noticias\/author\/admin\/","name":"Cand\u00e1s 365","image":{"@type":"ImageObject","@id":"https:\/\/candas365.es\/noticias\/piden-5-anos-de-prision-para-una-mujer-por-abandonar-a-tres-hijas\/#authorImage","url":"https:\/\/secure.gravatar.com\/avatar\/496a8e03d0c493ede1718b7934145dbdf8d89be1036b0eec9544e1094c9de390?s=96&d=mm&r=g","width":96,"height":96,"caption":"Cand\u00e1s 365"},"sameAs":["https:\/\/www.facebook.com\/carrenoactualidad","https:\/\/twitter.com\/nbasturias","https:\/\/www.instagram.com\/nachofdezber\/","https:\/\/www.youtube.com\/channel\/UCZP-2wLEB9Rv6erhFmqVnvg"]},{"@type":"WebPage","@id":"https:\/\/candas365.es\/noticias\/piden-5-anos-de-prision-para-una-mujer-por-abandonar-a-tres-hijas\/#webpage","url":"https:\/\/candas365.es\/noticias\/piden-5-anos-de-prision-para-una-mujer-por-abandonar-a-tres-hijas\/","name":"Piden 5 a\u00f1os de prisi\u00f3n para una mujer por abandonar a tres hijas | Cand\u00e1s 365","description":"La Fiscal\u00eda del Principado de Asturias solicita 5 a\u00f1os de prisi\u00f3n y un a\u00f1o y siete meses de inhabilitaci\u00f3n para el ejercicio de la patria potestad para una acusada por negarse a revelar el paradero de su hijo, nacido en 2009, y por abandonar a sus tres ni\u00f1as en su casa de Oviedo en diciembre","inLanguage":"es-ES","isPartOf":{"@id":"https:\/\/candas365.es\/noticias\/#website"},"breadcrumb":{"@id":"https:\/\/candas365.es\/noticias\/piden-5-anos-de-prision-para-una-mujer-por-abandonar-a-tres-hijas\/#breadcrumblist"},"author":{"@id":"https:\/\/candas365.es\/noticias\/author\/admin\/#author"},"creator":{"@id":"https:\/\/candas365.es\/noticias\/author\/admin\/#author"},"image":{"@type":"ImageObject","url":"https:\/\/candas365.es\/noticias\/wp-content\/uploads\/2015\/11\/juzgados.jpg","@id":"https:\/\/candas365.es\/noticias\/piden-5-anos-de-prision-para-una-mujer-por-abandonar-a-tres-hijas\/#mainImage","width":655,"height":360},"primaryImageOfPage":{"@id":"https:\/\/candas365.es\/noticias\/piden-5-anos-de-prision-para-una-mujer-por-abandonar-a-tres-hijas\/#mainImage"},"datePublished":"2016-06-17T22:01:46+02:00","dateModified":"2016-06-17T22:01:46+02:00"},{"@type":"WebSite","@id":"https:\/\/candas365.es\/noticias\/#website","url":"https:\/\/candas365.es\/noticias\/","name":"Cand\u00e1s 365","alternateName":"Cand\u00e1s 365 Noticias","description":"Actualidad desde Carre\u00f1o para el mundo","inLanguage":"es-ES","publisher":{"@id":"https:\/\/candas365.es\/noticias\/#organization"}}]},"og:locale":"es_ES","og:site_name":"Cand\u00e1s 365","og:type":"article","og:title":"Piden 5 a\u00f1os de prisi\u00f3n para una mujer por abandonar a tres hijas | Cand\u00e1s 365","og:description":"La Fiscal\u00eda del Principado de Asturias solicita 5 a\u00f1os de prisi\u00f3n y un a\u00f1o y siete meses de inhabilitaci\u00f3n para el ejercicio de la patria potestad para una acusada por negarse a revelar el paradero de su hijo, nacido en 2009, y por abandonar a sus tres ni\u00f1as en su casa de Oviedo en diciembre","og:url":"https:\/\/candas365.es\/noticias\/piden-5-anos-de-prision-para-una-mujer-por-abandonar-a-tres-hijas\/","og:image":"https:\/\/candas365.es\/noticias\/wp-content\/uploads\/2015\/11\/juzgados.jpg","og:image:secure_url":"https:\/\/candas365.es\/noticias\/wp-content\/uploads\/2015\/11\/juzgados.jpg","og:image:width":655,"og:image:height":360,"article:published_time":"2016-06-17T20:31:46+00:00","article:modified_time":"2016-06-17T20:31:46+00:00","article:publisher":"https:\/\/www.facebook.com\/Nachofdezber","article:author":"https:\/\/www.facebook.com\/carrenoactualidad","twitter:card":"summary_large_image","twitter:site":"@NabercoDigital","twitter:title":"Piden 5 a\u00f1os de prisi\u00f3n para una mujer por abandonar a tres hijas | Cand\u00e1s 365","twitter:description":"La Fiscal\u00eda del Principado de Asturias solicita 5 a\u00f1os de prisi\u00f3n y un a\u00f1o y siete meses de inhabilitaci\u00f3n para el ejercicio de la patria potestad para una acusada por negarse a revelar el paradero de su hijo, nacido en 2009, y por abandonar a sus tres ni\u00f1as en su casa de Oviedo en diciembre","twitter:creator":"@nbasturias","twitter:image":"https:\/\/candas365.es\/noticias\/wp-content\/uploads\/2015\/11\/juzgados.jpg","twitter:label1":"Escrito por","twitter:data1":"Cand\u00e1s 365","twitter:label2":"Tiempo de lectura estimado","twitter:data2":"5 minutos"},"aioseo_meta_data":{"post_id":"30564","title":null,"description":null,"keywords":null,"keyphrases":null,"primary_term":null,"canonical_url":null,"og_title":null,"og_description":null,"og_object_type":"default","og_image_type":"default","og_image_url":null,"og_image_width":null,"og_image_height":null,"og_image_custom_url":null,"og_image_custom_fields":null,"og_video":null,"og_custom_url":null,"og_article_section":null,"og_article_tags":null,"twitter_use_og":false,"twitter_card":"default","twitter_image_type":"default","twitter_image_url":null,"twitter_image_custom_url":null,"twitter_image_custom_fields":null,"twitter_title":null,"twitter_description":null,"schema":{"blockGraphs":[],"customGraphs":[],"default":{"data":{"Article":[],"Course":[],"Dataset":[],"FAQPage":[],"Movie":[],"Person":[],"Product":[],"ProductReview":[],"Car":[],"Recipe":[],"Service":[],"SoftwareApplication":[],"WebPage":[]},"graphName":"","isEnabled":true},"graphs":[],"defaultGraph":"","defaultPostTypeGraph":""},"schema_type":null,"schema_type_options":null,"pillar_content":false,"robots_default":true,"robots_noindex":false,"robots_noarchive":false,"robots_nosnippet":false,"robots_nofollow":false,"robots_noimageindex":false,"robots_noodp":false,"robots_notranslate":false,"robots_max_snippet":null,"robots_max_videopreview":null,"robots_max_imagepreview":"large","priority":null,"frequency":null,"location":null,"local_seo":null,"seo_analyzer_scan_date":"2025-08-24 12:40:29","breadcrumb_settings":null,"limit_modified_date":false,"reviewed_by":null,"open_ai":null,"ai":null,"created":"2020-12-21 12:58:50","updated":"2025-08-24 12:40:29"},"aioseo_breadcrumb":"<div class=\"aioseo-breadcrumbs\"><span class=\"aioseo-breadcrumb\">\n\t<a href=\"https:\/\/candas365.es\/noticias\" title=\"Home\">Home<\/a>\n<\/span><span class=\"aioseo-breadcrumb-separator\">&ndash;<\/span><span class=\"aioseo-breadcrumb\">\n\t<a href=\"https:\/\/candas365.es\/noticias\/category\/actualidad\/\" title=\"Actualidad\">Actualidad<\/a>\n<\/span><span class=\"aioseo-breadcrumb-separator\">&ndash;<\/span><span class=\"aioseo-breadcrumb\">\n\tPiden 5 a\u00f1os de prisi\u00f3n para una mujer por abandonar a tres hijas\n<\/span><\/div>","aioseo_breadcrumb_json":[{"label":"Home","link":"https:\/\/candas365.es\/noticias"},{"label":"Actualidad","link":"https:\/\/candas365.es\/noticias\/category\/actualidad\/"},{"label":"Piden 5 a\u00f1os de prisi\u00f3n para una mujer por abandonar a tres hijas","link":"https:\/\/candas365.es\/noticias\/piden-5-anos-de-prision-para-una-mujer-por-abandonar-a-tres-hijas\/"}],"_links":{"self":[{"href":"https:\/\/candas365.es\/noticias\/wp-json\/wp\/v2\/posts\/30564","targetHints":{"allow":["GET"]}}],"collection":[{"href":"https:\/\/candas365.es\/noticias\/wp-json\/wp\/v2\/posts"}],"about":[{"href":"https:\/\/candas365.es\/noticias\/wp-json\/wp\/v2\/types\/post"}],"author":[{"embeddable":true,"href":"https:\/\/candas365.es\/noticias\/wp-json\/wp\/v2\/users\/1"}],"replies":[{"embeddable":true,"href":"https:\/\/candas365.es\/noticias\/wp-json\/wp\/v2\/comments?post=30564"}],"version-history":[{"count":0,"href":"https:\/\/candas365.es\/noticias\/wp-json\/wp\/v2\/posts\/30564\/revisions"}],"wp:featuredmedia":[{"embeddable":true,"href":"https:\/\/candas365.es\/noticias\/wp-json\/wp\/v2\/media\/19531"}],"wp:attachment":[{"href":"https:\/\/candas365.es\/noticias\/wp-json\/wp\/v2\/media?parent=30564"}],"wp:term":[{"taxonomy":"category","embeddable":true,"href":"https:\/\/candas365.es\/noticias\/wp-json\/wp\/v2\/categories?post=30564"},{"taxonomy":"post_tag","embeddable":true,"href":"https:\/\/candas365.es\/noticias\/wp-json\/wp\/v2\/tags?post=30564"}],"curies":[{"name":"wp","href":"https:\/\/api.w.org\/{rel}","templated":true}]}}