{"id":30495,"date":"2016-06-16T23:21:05","date_gmt":"2016-06-16T21:51:05","guid":{"rendered":"http:\/\/candas365.es\/noticias\/?p=30495"},"modified":"2016-06-16T23:21:05","modified_gmt":"2016-06-16T21:51:05","slug":"los-profesionales-mas-requeridos-por-las-companias-son-los-analistas-y-disenadores","status":"publish","type":"post","link":"https:\/\/candas365.es\/noticias\/los-profesionales-mas-requeridos-por-las-companias-son-los-analistas-y-disenadores\/","title":{"rendered":"Los profesionales m\u00e1s requeridos por las compa\u00f1\u00edas son los analistas y dise\u00f1adores"},"content":{"rendered":"<p><img fetchpriority=\"high\" decoding=\"async\" class=\"alignleft size-medium wp-image-30496\" src=\"https:\/\/candas365.es\/noticias\/wp-content\/uploads\/2016\/06\/1465813814_EXES_AULA_1-360x239.jpg\" alt=\"1465813814_EXES_AULA_1\" width=\"360\" height=\"239\" srcset=\"https:\/\/candas365.es\/noticias\/wp-content\/uploads\/2016\/06\/1465813814_EXES_AULA_1-360x239.jpg 360w, https:\/\/candas365.es\/noticias\/wp-content\/uploads\/2016\/06\/1465813814_EXES_AULA_1-650x432.jpg 650w, https:\/\/candas365.es\/noticias\/wp-content\/uploads\/2016\/06\/1465813814_EXES_AULA_1-768x510.jpg 768w, https:\/\/candas365.es\/noticias\/wp-content\/uploads\/2016\/06\/1465813814_EXES_AULA_1-1536x1020.jpg 1536w, https:\/\/candas365.es\/noticias\/wp-content\/uploads\/2016\/06\/1465813814_EXES_AULA_1-2048x1360.jpg 2048w, https:\/\/candas365.es\/noticias\/wp-content\/uploads\/2016\/06\/1465813814_EXES_AULA_1-150x100.jpg 150w, https:\/\/candas365.es\/noticias\/wp-content\/uploads\/2016\/06\/1465813814_EXES_AULA_1-450x299.jpg 450w, https:\/\/candas365.es\/noticias\/wp-content\/uploads\/2016\/06\/1465813814_EXES_AULA_1-1200x797.jpg 1200w, https:\/\/candas365.es\/noticias\/wp-content\/uploads\/2016\/06\/1465813814_EXES_AULA_1-1920x1275.jpg 1920w, https:\/\/candas365.es\/noticias\/wp-content\/uploads\/2016\/06\/1465813814_EXES_AULA_1-655x435.jpg 655w, https:\/\/candas365.es\/noticias\/wp-content\/uploads\/2016\/06\/1465813814_EXES_AULA_1-696x462.jpg 696w, https:\/\/candas365.es\/noticias\/wp-content\/uploads\/2016\/06\/1465813814_EXES_AULA_1-1068x709.jpg 1068w, https:\/\/candas365.es\/noticias\/wp-content\/uploads\/2016\/06\/1465813814_EXES_AULA_1-632x420.jpg 632w, https:\/\/candas365.es\/noticias\/wp-content\/uploads\/2016\/06\/1465813814_EXES_AULA_1-84x55.jpg 84w\" sizes=\"(max-width: 360px) 100vw, 360px\" \/>EXES, compa\u00f1\u00eda espa\u00f1ola especializada en las Tecnolog\u00edas de la Informaci\u00f3n e Industriales, ha realizado un informe sobre las profesiones m\u00e1s demandadas para desarrollar su pr\u00f3xima convocatoria de cursos que dar\u00e1n comienzo el pr\u00f3ximo 27 de junio.<\/p>\n<p>Esta empresa de formaci\u00f3n ha recabado informaci\u00f3n bas\u00e1ndose en su experiencia de los \u00faltimos 5 a\u00f1os, tanto a nivel formativo como de demanda de empresas que les solicitan bolsa de trabajo. Entre los profesionales m\u00e1s solicitados por las compa\u00f1\u00edas se encuentran los analistas y dise\u00f1adores de software, junto con los programadores y dise\u00f1adores web y los administradores de sistemas y redes. \u201cHemos notado tambi\u00e9n en los \u00faltimos a\u00f1os una demanda de profesionales enfocados a la Rob\u00f3tica y Drones, expertos en seguridad y datos de la informaci\u00f3n y desarrolladores de aplicaciones m\u00f3viles y de e-commerce\u201d, explica Jos\u00e9 Antonio \u00c1lvarez, director general de EXES.<\/p>\n<p>Pero la realidad es que existiendo una demanda real, con una buena remuneraci\u00f3n (por encima de 30.000 euros anuales brutos el primer a\u00f1o), las empresas no encuentran gente suficientemente preparada. La propia Uni\u00f3n Europea ya ha expuesto que 850.000 empleos en el sector no van a poder cubrirse el pr\u00f3ximo a\u00f1o por falta de trabajadores suficientemente preparados. \u201cNosotros llevamos 18 a\u00f1os formando profesionales a trav\u00e9s de certificaciones especiales, cursos t\u00e9cnicos o postgrados para que este tipo de perfiles consigan un mejor conocimiento de su campo de trabajo y una mayor especializaci\u00f3n\u201d, afirma el director general de EXES.<\/p>\n<p>Tanto los M\u00e1sters como los Cursos que imparte EXES se pueden cursar presencialmente o con una metodolog\u00eda de formaci\u00f3n online, en sus cursos Semipresenciales, Blended-Learning y A distancia\/Online \u00fanica en el mundo de la formaci\u00f3n e-learning en Tecnolog\u00edas de la Informaci\u00f3n e Industrial. Adem\u00e1s, EXES cuenta con una nutrida Bolsa de Empleo a disposici\u00f3n de todos los alumnos de los Cursos, M\u00e1ster y Monogr\u00e1ficos, que tienen derecho a participar en sus programas de Pr\u00e1cticas en Empresas y Bolsa de Empleo de Compa\u00f1\u00edas de primer nivel, en Espa\u00f1a y en el Extranjero. \u201cEs una profesi\u00f3n sin desempleo donde en nuestra bolsa de trabajo todas las semanas se ponen en contacto empresas de tecnolog\u00eda solicitando personal. El 85% de los alumnos de nuestros cursos salen al mercado laboral ya con un empleo\u201d, finaliza \u00c1lvarez<\/p>\n<p>EXES es una compa\u00f1\u00eda espa\u00f1ola de formaci\u00f3n, que se fund\u00f3 a comienzos de 1998, especializada en Tecnolog\u00edas de la Informaci\u00f3n e Industriales. Imparten M\u00e1sters, Monogr\u00e1ficos y Cursos a alumnos en Espa\u00f1a y en Latinoam\u00e9rica en varias modalidades (Presencial, Semipresencial y a Distancia\/Online). Cuentan adem\u00e1s con un acuerdo con la UDIMA (Universidad a Distancia de Madrid) para impartir cursos de Inform\u00e1tica y est\u00e1n acreditados por la Comunidad de Madrid y el SEPE para impartir m\u00e1s de 100 especialidades<\/p>\n<p>&nbsp;<\/p>\n","protected":false},"excerpt":{"rendered":"<p>EXES, compa\u00f1\u00eda espa\u00f1ola especializada en las Tecnolog\u00edas de la Informaci\u00f3n e Industriales, ha realizado un informe sobre las profesiones m\u00e1s demandadas para desarrollar su pr\u00f3xima convocatoria de cursos que dar\u00e1n comienzo el pr\u00f3ximo 27 de junio. Esta empresa de formaci\u00f3n ha recabado informaci\u00f3n bas\u00e1ndose en su experiencia de los \u00faltimos 5 a\u00f1os, tanto a nivel<\/p>\n","protected":false},"author":1,"featured_media":30496,"comment_status":"closed","ping_status":"closed","sticky":false,"template":"","format":"standard","meta":{"footnotes":""},"categories":[343],"tags":[],"class_list":{"0":"post-30495","1":"post","2":"type-post","3":"status-publish","4":"format-standard","5":"has-post-thumbnail","7":"category-actualidad"},"aioseo_notices":[],"aioseo_head":"\n\t\t<!-- All in One SEO Pro 4.9.6.2 - aioseo.com -->\n\t<meta name=\"description\" content=\"EXES, compa\u00f1\u00eda espa\u00f1ola especializada en las Tecnolog\u00edas de la Informaci\u00f3n e Industriales, ha realizado un informe sobre las profesiones m\u00e1s demandadas para desarrollar su pr\u00f3xima convocatoria de cursos que dar\u00e1n comienzo el pr\u00f3ximo 27 de junio. Esta empresa de formaci\u00f3n ha recabado informaci\u00f3n bas\u00e1ndose en su experiencia de los \u00faltimos 5 a\u00f1os, tanto a nivel\" \/>\n\t<meta name=\"robots\" content=\"max-image-preview:large\" \/>\n\t<meta name=\"author\" content=\"Cand\u00e1s 365\"\/>\n\t<meta name=\"google-site-verification\" content=\"UA-32230408-1\" \/>\n\t<meta name=\"msvalidate.01\" content=\"354F3CDFB2DA171B47FBE9ABF1F88D5\" \/>\n\t<meta name=\"keywords\" content=\"actualidad\" \/>\n\t<link rel=\"canonical\" href=\"https:\/\/candas365.es\/noticias\/los-profesionales-mas-requeridos-por-las-companias-son-los-analistas-y-disenadores\/\" \/>\n\t<meta name=\"generator\" content=\"All in One SEO Pro (AIOSEO) 4.9.6.2\" \/>\n\t\t<meta property=\"og:locale\" content=\"es_ES\" \/>\n\t\t<meta property=\"og:site_name\" content=\"Cand\u00e1s 365\" \/>\n\t\t<meta property=\"og:type\" content=\"article\" \/>\n\t\t<meta property=\"og:title\" content=\"Los profesionales m\u00e1s requeridos por las compa\u00f1\u00edas son los analistas y dise\u00f1adores | Cand\u00e1s 365\" \/>\n\t\t<meta property=\"og:description\" content=\"EXES, compa\u00f1\u00eda espa\u00f1ola especializada en las Tecnolog\u00edas de la Informaci\u00f3n e Industriales, ha realizado un informe sobre las profesiones m\u00e1s demandadas para desarrollar su pr\u00f3xima convocatoria de cursos que dar\u00e1n comienzo el pr\u00f3ximo 27 de junio. Esta empresa de formaci\u00f3n ha recabado informaci\u00f3n bas\u00e1ndose en su experiencia de los \u00faltimos 5 a\u00f1os, tanto a nivel\" \/>\n\t\t<meta property=\"og:url\" content=\"https:\/\/candas365.es\/noticias\/los-profesionales-mas-requeridos-por-las-companias-son-los-analistas-y-disenadores\/\" \/>\n\t\t<meta property=\"og:image\" content=\"https:\/\/candas365.es\/noticias\/wp-content\/uploads\/2016\/06\/1465813814_EXES_AULA_1-scaled.jpg\" \/>\n\t\t<meta property=\"og:image:secure_url\" content=\"https:\/\/candas365.es\/noticias\/wp-content\/uploads\/2016\/06\/1465813814_EXES_AULA_1-scaled.jpg\" \/>\n\t\t<meta property=\"og:image:width\" content=\"2560\" \/>\n\t\t<meta property=\"og:image:height\" content=\"1700\" \/>\n\t\t<meta property=\"article:published_time\" content=\"2016-06-16T21:51:05+00:00\" \/>\n\t\t<meta property=\"article:modified_time\" content=\"2016-06-16T21:51:05+00:00\" \/>\n\t\t<meta property=\"article:publisher\" content=\"https:\/\/www.facebook.com\/Nachofdezber\" \/>\n\t\t<meta property=\"article:author\" content=\"https:\/\/www.facebook.com\/carrenoactualidad\" \/>\n\t\t<meta name=\"twitter:card\" content=\"summary_large_image\" \/>\n\t\t<meta name=\"twitter:site\" content=\"@NabercoDigital\" \/>\n\t\t<meta name=\"twitter:title\" content=\"Los profesionales m\u00e1s requeridos por las compa\u00f1\u00edas son los analistas y dise\u00f1adores | Cand\u00e1s 365\" \/>\n\t\t<meta name=\"twitter:description\" content=\"EXES, compa\u00f1\u00eda espa\u00f1ola especializada en las Tecnolog\u00edas de la Informaci\u00f3n e Industriales, ha realizado un informe sobre las profesiones m\u00e1s demandadas para desarrollar su pr\u00f3xima convocatoria de cursos que dar\u00e1n comienzo el pr\u00f3ximo 27 de junio. Esta empresa de formaci\u00f3n ha recabado informaci\u00f3n bas\u00e1ndose en su experiencia de los \u00faltimos 5 a\u00f1os, tanto a nivel\" \/>\n\t\t<meta name=\"twitter:creator\" content=\"@nbasturias\" \/>\n\t\t<meta name=\"twitter:image\" content=\"https:\/\/candas365.es\/noticias\/wp-content\/uploads\/2016\/06\/1465813814_EXES_AULA_1-scaled.jpg\" \/>\n\t\t<meta name=\"twitter:label1\" content=\"Escrito por\" \/>\n\t\t<meta name=\"twitter:data1\" content=\"Cand\u00e1s 365\" \/>\n\t\t<meta name=\"twitter:label2\" content=\"Tiempo de lectura estimado\" \/>\n\t\t<meta name=\"twitter:data2\" content=\"2 minutos\" \/>\n\t\t<script type=\"application\/ld+json\" class=\"aioseo-schema\">\n\t\t\t{\"@context\":\"https:\\\/\\\/schema.org\",\"@graph\":[{\"@type\":\"BreadcrumbList\",\"@id\":\"https:\\\/\\\/candas365.es\\\/noticias\\\/los-profesionales-mas-requeridos-por-las-companias-son-los-analistas-y-disenadores\\\/#breadcrumblist\",\"itemListElement\":[{\"@type\":\"ListItem\",\"@id\":\"https:\\\/\\\/candas365.es\\\/noticias#listItem\",\"position\":1,\"name\":\"Home\",\"item\":\"https:\\\/\\\/candas365.es\\\/noticias\",\"nextItem\":{\"@type\":\"ListItem\",\"@id\":\"https:\\\/\\\/candas365.es\\\/noticias\\\/category\\\/actualidad\\\/#listItem\",\"name\":\"Actualidad\"}},{\"@type\":\"ListItem\",\"@id\":\"https:\\\/\\\/candas365.es\\\/noticias\\\/category\\\/actualidad\\\/#listItem\",\"position\":2,\"name\":\"Actualidad\",\"item\":\"https:\\\/\\\/candas365.es\\\/noticias\\\/category\\\/actualidad\\\/\",\"nextItem\":{\"@type\":\"ListItem\",\"@id\":\"https:\\\/\\\/candas365.es\\\/noticias\\\/los-profesionales-mas-requeridos-por-las-companias-son-los-analistas-y-disenadores\\\/#listItem\",\"name\":\"Los profesionales m\\u00e1s requeridos por las compa\\u00f1\\u00edas son los analistas y dise\\u00f1adores\"},\"previousItem\":{\"@type\":\"ListItem\",\"@id\":\"https:\\\/\\\/candas365.es\\\/noticias#listItem\",\"name\":\"Home\"}},{\"@type\":\"ListItem\",\"@id\":\"https:\\\/\\\/candas365.es\\\/noticias\\\/los-profesionales-mas-requeridos-por-las-companias-son-los-analistas-y-disenadores\\\/#listItem\",\"position\":3,\"name\":\"Los profesionales m\\u00e1s requeridos por las compa\\u00f1\\u00edas son los analistas y dise\\u00f1adores\",\"previousItem\":{\"@type\":\"ListItem\",\"@id\":\"https:\\\/\\\/candas365.es\\\/noticias\\\/category\\\/actualidad\\\/#listItem\",\"name\":\"Actualidad\"}}]},{\"@type\":\"NewsArticle\",\"@id\":\"https:\\\/\\\/candas365.es\\\/noticias\\\/los-profesionales-mas-requeridos-por-las-companias-son-los-analistas-y-disenadores\\\/#newsarticle\",\"name\":\"Los profesionales m\\u00e1s requeridos por las compa\\u00f1\\u00edas son los analistas y dise\\u00f1adores | Cand\\u00e1s 365\",\"headline\":\"Los profesionales m\\u00e1s requeridos por las compa\\u00f1\\u00edas son los analistas y dise\\u00f1adores\",\"author\":{\"@id\":\"https:\\\/\\\/candas365.es\\\/noticias\\\/author\\\/admin\\\/#author\"},\"publisher\":{\"@id\":\"https:\\\/\\\/candas365.es\\\/noticias\\\/#organization\"},\"image\":{\"@type\":\"ImageObject\",\"url\":\"https:\\\/\\\/candas365.es\\\/noticias\\\/wp-content\\\/uploads\\\/2016\\\/06\\\/1465813814_EXES_AULA_1-scaled.jpg\",\"width\":2560,\"height\":1700},\"datePublished\":\"2016-06-16T23:21:05+02:00\",\"dateModified\":\"2016-06-16T23:21:05+02:00\",\"inLanguage\":\"es-ES\",\"mainEntityOfPage\":{\"@id\":\"https:\\\/\\\/candas365.es\\\/noticias\\\/los-profesionales-mas-requeridos-por-las-companias-son-los-analistas-y-disenadores\\\/#webpage\"},\"isPartOf\":{\"@id\":\"https:\\\/\\\/candas365.es\\\/noticias\\\/los-profesionales-mas-requeridos-por-las-companias-son-los-analistas-y-disenadores\\\/#webpage\"},\"articleSection\":\"Actualidad\",\"dateline\":\"Publicado el junio 16, 2016.\"},{\"@type\":\"Organization\",\"@id\":\"https:\\\/\\\/candas365.es\\\/noticias\\\/#organization\",\"name\":\"Cand\\u00e1s 365\",\"description\":\"Cand\\u00e1s 365 es un diario digital independiente, fundado en 2012, con base en Asturias. Informamos con rigor sobre actualidad, sociedad, cultura y ocio, con una mirada local y global.\",\"url\":\"https:\\\/\\\/candas365.es\\\/noticias\\\/\",\"email\":\"info@candas365.es\",\"telephone\":\"+34652131393\",\"foundingDate\":\"2012-06-10\",\"logo\":{\"@type\":\"ImageObject\",\"url\":\"https:\\\/\\\/candas365.es\\\/noticias\\\/wp-content\\\/uploads\\\/2024\\\/09\\\/Candas-365-Redes.jpg\",\"@id\":\"https:\\\/\\\/candas365.es\\\/noticias\\\/los-profesionales-mas-requeridos-por-las-companias-son-los-analistas-y-disenadores\\\/#organizationLogo\",\"width\":1152,\"height\":864,\"caption\":\"Cand\\u00e1s 365 Redes\"},\"image\":{\"@id\":\"https:\\\/\\\/candas365.es\\\/noticias\\\/los-profesionales-mas-requeridos-por-las-companias-son-los-analistas-y-disenadores\\\/#organizationLogo\"},\"sameAs\":[\"https:\\\/\\\/www.facebook.com\\\/Nachofdezber\",\"https:\\\/\\\/x.com\\\/NabercoDigital\",\"https:\\\/\\\/www.instagram.com\\\/nachofdezber\\\/\",\"https:\\\/\\\/www.youtube.com\\\/channel\\\/UCZP-2wLEB9Rv6erhFmqVnvg\"],\"address\":{\"@id\":\"https:\\\/\\\/candas365.es\\\/noticias\\\/#postaladdress\",\"@type\":\"PostalAddress\",\"streetAddress\":\"san antonio 4, san antonio 4\",\"postalCode\":\"33430\",\"addressLocality\":\"Cand\\u00e1s\",\"addressRegion\":\"Asturias\",\"addressCountry\":\"ES\"}},{\"@type\":\"Person\",\"@id\":\"https:\\\/\\\/candas365.es\\\/noticias\\\/author\\\/admin\\\/#author\",\"url\":\"https:\\\/\\\/candas365.es\\\/noticias\\\/author\\\/admin\\\/\",\"name\":\"Cand\\u00e1s 365\",\"image\":{\"@type\":\"ImageObject\",\"@id\":\"https:\\\/\\\/candas365.es\\\/noticias\\\/los-profesionales-mas-requeridos-por-las-companias-son-los-analistas-y-disenadores\\\/#authorImage\",\"url\":\"https:\\\/\\\/secure.gravatar.com\\\/avatar\\\/496a8e03d0c493ede1718b7934145dbdf8d89be1036b0eec9544e1094c9de390?s=96&d=mm&r=g\",\"width\":96,\"height\":96,\"caption\":\"Cand\\u00e1s 365\"},\"sameAs\":[\"https:\\\/\\\/www.facebook.com\\\/carrenoactualidad\",\"https:\\\/\\\/twitter.com\\\/nbasturias\",\"https:\\\/\\\/www.instagram.com\\\/nachofdezber\\\/\",\"https:\\\/\\\/www.youtube.com\\\/channel\\\/UCZP-2wLEB9Rv6erhFmqVnvg\"]},{\"@type\":\"WebPage\",\"@id\":\"https:\\\/\\\/candas365.es\\\/noticias\\\/los-profesionales-mas-requeridos-por-las-companias-son-los-analistas-y-disenadores\\\/#webpage\",\"url\":\"https:\\\/\\\/candas365.es\\\/noticias\\\/los-profesionales-mas-requeridos-por-las-companias-son-los-analistas-y-disenadores\\\/\",\"name\":\"Los profesionales m\\u00e1s requeridos por las compa\\u00f1\\u00edas son los analistas y dise\\u00f1adores | Cand\\u00e1s 365\",\"description\":\"EXES, compa\\u00f1\\u00eda espa\\u00f1ola especializada en las Tecnolog\\u00edas de la Informaci\\u00f3n e Industriales, ha realizado un informe sobre las profesiones m\\u00e1s demandadas para desarrollar su pr\\u00f3xima convocatoria de cursos que dar\\u00e1n comienzo el pr\\u00f3ximo 27 de junio. Esta empresa de formaci\\u00f3n ha recabado informaci\\u00f3n bas\\u00e1ndose en su experiencia de los \\u00faltimos 5 a\\u00f1os, tanto a nivel\",\"inLanguage\":\"es-ES\",\"isPartOf\":{\"@id\":\"https:\\\/\\\/candas365.es\\\/noticias\\\/#website\"},\"breadcrumb\":{\"@id\":\"https:\\\/\\\/candas365.es\\\/noticias\\\/los-profesionales-mas-requeridos-por-las-companias-son-los-analistas-y-disenadores\\\/#breadcrumblist\"},\"author\":{\"@id\":\"https:\\\/\\\/candas365.es\\\/noticias\\\/author\\\/admin\\\/#author\"},\"creator\":{\"@id\":\"https:\\\/\\\/candas365.es\\\/noticias\\\/author\\\/admin\\\/#author\"},\"image\":{\"@type\":\"ImageObject\",\"url\":\"https:\\\/\\\/candas365.es\\\/noticias\\\/wp-content\\\/uploads\\\/2016\\\/06\\\/1465813814_EXES_AULA_1-scaled.jpg\",\"@id\":\"https:\\\/\\\/candas365.es\\\/noticias\\\/los-profesionales-mas-requeridos-por-las-companias-son-los-analistas-y-disenadores\\\/#mainImage\",\"width\":2560,\"height\":1700},\"primaryImageOfPage\":{\"@id\":\"https:\\\/\\\/candas365.es\\\/noticias\\\/los-profesionales-mas-requeridos-por-las-companias-son-los-analistas-y-disenadores\\\/#mainImage\"},\"datePublished\":\"2016-06-16T23:21:05+02:00\",\"dateModified\":\"2016-06-16T23:21:05+02:00\"},{\"@type\":\"WebSite\",\"@id\":\"https:\\\/\\\/candas365.es\\\/noticias\\\/#website\",\"url\":\"https:\\\/\\\/candas365.es\\\/noticias\\\/\",\"name\":\"Cand\\u00e1s 365\",\"alternateName\":\"Cand\\u00e1s 365 Noticias\",\"description\":\"Actualidad desde Carre\\u00f1o para el mundo\",\"inLanguage\":\"es-ES\",\"publisher\":{\"@id\":\"https:\\\/\\\/candas365.es\\\/noticias\\\/#organization\"}}]}\n\t\t<\/script>\n\t\t<!-- All in One SEO Pro -->\r\n\t\t<title>Los profesionales m\u00e1s requeridos por las compa\u00f1\u00edas son los analistas y dise\u00f1adores | Cand\u00e1s 365<\/title>\n\n","aioseo_head_json":{"title":"Los profesionales m\u00e1s requeridos por las compa\u00f1\u00edas son los analistas y dise\u00f1adores | Cand\u00e1s 365","description":"EXES, compa\u00f1\u00eda espa\u00f1ola especializada en las Tecnolog\u00edas de la Informaci\u00f3n e Industriales, ha realizado un informe sobre las profesiones m\u00e1s demandadas para desarrollar su pr\u00f3xima convocatoria de cursos que dar\u00e1n comienzo el pr\u00f3ximo 27 de junio. Esta empresa de formaci\u00f3n ha recabado informaci\u00f3n bas\u00e1ndose en su experiencia de los \u00faltimos 5 a\u00f1os, tanto a nivel","canonical_url":"https:\/\/candas365.es\/noticias\/los-profesionales-mas-requeridos-por-las-companias-son-los-analistas-y-disenadores\/","robots":"max-image-preview:large","keywords":"actualidad","webmasterTools":{"google-site-verification":"UA-32230408-1","msvalidate.01":"354F3CDFB2DA171B47FBE9ABF1F88D5","miscellaneous":""},"schema":{"@context":"https:\/\/schema.org","@graph":[{"@type":"BreadcrumbList","@id":"https:\/\/candas365.es\/noticias\/los-profesionales-mas-requeridos-por-las-companias-son-los-analistas-y-disenadores\/#breadcrumblist","itemListElement":[{"@type":"ListItem","@id":"https:\/\/candas365.es\/noticias#listItem","position":1,"name":"Home","item":"https:\/\/candas365.es\/noticias","nextItem":{"@type":"ListItem","@id":"https:\/\/candas365.es\/noticias\/category\/actualidad\/#listItem","name":"Actualidad"}},{"@type":"ListItem","@id":"https:\/\/candas365.es\/noticias\/category\/actualidad\/#listItem","position":2,"name":"Actualidad","item":"https:\/\/candas365.es\/noticias\/category\/actualidad\/","nextItem":{"@type":"ListItem","@id":"https:\/\/candas365.es\/noticias\/los-profesionales-mas-requeridos-por-las-companias-son-los-analistas-y-disenadores\/#listItem","name":"Los profesionales m\u00e1s requeridos por las compa\u00f1\u00edas son los analistas y dise\u00f1adores"},"previousItem":{"@type":"ListItem","@id":"https:\/\/candas365.es\/noticias#listItem","name":"Home"}},{"@type":"ListItem","@id":"https:\/\/candas365.es\/noticias\/los-profesionales-mas-requeridos-por-las-companias-son-los-analistas-y-disenadores\/#listItem","position":3,"name":"Los profesionales m\u00e1s requeridos por las compa\u00f1\u00edas son los analistas y dise\u00f1adores","previousItem":{"@type":"ListItem","@id":"https:\/\/candas365.es\/noticias\/category\/actualidad\/#listItem","name":"Actualidad"}}]},{"@type":"NewsArticle","@id":"https:\/\/candas365.es\/noticias\/los-profesionales-mas-requeridos-por-las-companias-son-los-analistas-y-disenadores\/#newsarticle","name":"Los profesionales m\u00e1s requeridos por las compa\u00f1\u00edas son los analistas y dise\u00f1adores | Cand\u00e1s 365","headline":"Los profesionales m\u00e1s requeridos por las compa\u00f1\u00edas son los analistas y dise\u00f1adores","author":{"@id":"https:\/\/candas365.es\/noticias\/author\/admin\/#author"},"publisher":{"@id":"https:\/\/candas365.es\/noticias\/#organization"},"image":{"@type":"ImageObject","url":"https:\/\/candas365.es\/noticias\/wp-content\/uploads\/2016\/06\/1465813814_EXES_AULA_1-scaled.jpg","width":2560,"height":1700},"datePublished":"2016-06-16T23:21:05+02:00","dateModified":"2016-06-16T23:21:05+02:00","inLanguage":"es-ES","mainEntityOfPage":{"@id":"https:\/\/candas365.es\/noticias\/los-profesionales-mas-requeridos-por-las-companias-son-los-analistas-y-disenadores\/#webpage"},"isPartOf":{"@id":"https:\/\/candas365.es\/noticias\/los-profesionales-mas-requeridos-por-las-companias-son-los-analistas-y-disenadores\/#webpage"},"articleSection":"Actualidad","dateline":"Publicado el junio 16, 2016."},{"@type":"Organization","@id":"https:\/\/candas365.es\/noticias\/#organization","name":"Cand\u00e1s 365","description":"Cand\u00e1s 365 es un diario digital independiente, fundado en 2012, con base en Asturias. Informamos con rigor sobre actualidad, sociedad, cultura y ocio, con una mirada local y global.","url":"https:\/\/candas365.es\/noticias\/","email":"info@candas365.es","telephone":"+34652131393","foundingDate":"2012-06-10","logo":{"@type":"ImageObject","url":"https:\/\/candas365.es\/noticias\/wp-content\/uploads\/2024\/09\/Candas-365-Redes.jpg","@id":"https:\/\/candas365.es\/noticias\/los-profesionales-mas-requeridos-por-las-companias-son-los-analistas-y-disenadores\/#organizationLogo","width":1152,"height":864,"caption":"Cand\u00e1s 365 Redes"},"image":{"@id":"https:\/\/candas365.es\/noticias\/los-profesionales-mas-requeridos-por-las-companias-son-los-analistas-y-disenadores\/#organizationLogo"},"sameAs":["https:\/\/www.facebook.com\/Nachofdezber","https:\/\/x.com\/NabercoDigital","https:\/\/www.instagram.com\/nachofdezber\/","https:\/\/www.youtube.com\/channel\/UCZP-2wLEB9Rv6erhFmqVnvg"],"address":{"@id":"https:\/\/candas365.es\/noticias\/#postaladdress","@type":"PostalAddress","streetAddress":"san antonio 4, san antonio 4","postalCode":"33430","addressLocality":"Cand\u00e1s","addressRegion":"Asturias","addressCountry":"ES"}},{"@type":"Person","@id":"https:\/\/candas365.es\/noticias\/author\/admin\/#author","url":"https:\/\/candas365.es\/noticias\/author\/admin\/","name":"Cand\u00e1s 365","image":{"@type":"ImageObject","@id":"https:\/\/candas365.es\/noticias\/los-profesionales-mas-requeridos-por-las-companias-son-los-analistas-y-disenadores\/#authorImage","url":"https:\/\/secure.gravatar.com\/avatar\/496a8e03d0c493ede1718b7934145dbdf8d89be1036b0eec9544e1094c9de390?s=96&d=mm&r=g","width":96,"height":96,"caption":"Cand\u00e1s 365"},"sameAs":["https:\/\/www.facebook.com\/carrenoactualidad","https:\/\/twitter.com\/nbasturias","https:\/\/www.instagram.com\/nachofdezber\/","https:\/\/www.youtube.com\/channel\/UCZP-2wLEB9Rv6erhFmqVnvg"]},{"@type":"WebPage","@id":"https:\/\/candas365.es\/noticias\/los-profesionales-mas-requeridos-por-las-companias-son-los-analistas-y-disenadores\/#webpage","url":"https:\/\/candas365.es\/noticias\/los-profesionales-mas-requeridos-por-las-companias-son-los-analistas-y-disenadores\/","name":"Los profesionales m\u00e1s requeridos por las compa\u00f1\u00edas son los analistas y dise\u00f1adores | Cand\u00e1s 365","description":"EXES, compa\u00f1\u00eda espa\u00f1ola especializada en las Tecnolog\u00edas de la Informaci\u00f3n e Industriales, ha realizado un informe sobre las profesiones m\u00e1s demandadas para desarrollar su pr\u00f3xima convocatoria de cursos que dar\u00e1n comienzo el pr\u00f3ximo 27 de junio. Esta empresa de formaci\u00f3n ha recabado informaci\u00f3n bas\u00e1ndose en su experiencia de los \u00faltimos 5 a\u00f1os, tanto a nivel","inLanguage":"es-ES","isPartOf":{"@id":"https:\/\/candas365.es\/noticias\/#website"},"breadcrumb":{"@id":"https:\/\/candas365.es\/noticias\/los-profesionales-mas-requeridos-por-las-companias-son-los-analistas-y-disenadores\/#breadcrumblist"},"author":{"@id":"https:\/\/candas365.es\/noticias\/author\/admin\/#author"},"creator":{"@id":"https:\/\/candas365.es\/noticias\/author\/admin\/#author"},"image":{"@type":"ImageObject","url":"https:\/\/candas365.es\/noticias\/wp-content\/uploads\/2016\/06\/1465813814_EXES_AULA_1-scaled.jpg","@id":"https:\/\/candas365.es\/noticias\/los-profesionales-mas-requeridos-por-las-companias-son-los-analistas-y-disenadores\/#mainImage","width":2560,"height":1700},"primaryImageOfPage":{"@id":"https:\/\/candas365.es\/noticias\/los-profesionales-mas-requeridos-por-las-companias-son-los-analistas-y-disenadores\/#mainImage"},"datePublished":"2016-06-16T23:21:05+02:00","dateModified":"2016-06-16T23:21:05+02:00"},{"@type":"WebSite","@id":"https:\/\/candas365.es\/noticias\/#website","url":"https:\/\/candas365.es\/noticias\/","name":"Cand\u00e1s 365","alternateName":"Cand\u00e1s 365 Noticias","description":"Actualidad desde Carre\u00f1o para el mundo","inLanguage":"es-ES","publisher":{"@id":"https:\/\/candas365.es\/noticias\/#organization"}}]},"og:locale":"es_ES","og:site_name":"Cand\u00e1s 365","og:type":"article","og:title":"Los profesionales m\u00e1s requeridos por las compa\u00f1\u00edas son los analistas y dise\u00f1adores | Cand\u00e1s 365","og:description":"EXES, compa\u00f1\u00eda espa\u00f1ola especializada en las Tecnolog\u00edas de la Informaci\u00f3n e Industriales, ha realizado un informe sobre las profesiones m\u00e1s demandadas para desarrollar su pr\u00f3xima convocatoria de cursos que dar\u00e1n comienzo el pr\u00f3ximo 27 de junio. Esta empresa de formaci\u00f3n ha recabado informaci\u00f3n bas\u00e1ndose en su experiencia de los \u00faltimos 5 a\u00f1os, tanto a nivel","og:url":"https:\/\/candas365.es\/noticias\/los-profesionales-mas-requeridos-por-las-companias-son-los-analistas-y-disenadores\/","og:image":"https:\/\/candas365.es\/noticias\/wp-content\/uploads\/2016\/06\/1465813814_EXES_AULA_1-scaled.jpg","og:image:secure_url":"https:\/\/candas365.es\/noticias\/wp-content\/uploads\/2016\/06\/1465813814_EXES_AULA_1-scaled.jpg","og:image:width":2560,"og:image:height":1700,"article:published_time":"2016-06-16T21:51:05+00:00","article:modified_time":"2016-06-16T21:51:05+00:00","article:publisher":"https:\/\/www.facebook.com\/Nachofdezber","article:author":"https:\/\/www.facebook.com\/carrenoactualidad","twitter:card":"summary_large_image","twitter:site":"@NabercoDigital","twitter:title":"Los profesionales m\u00e1s requeridos por las compa\u00f1\u00edas son los analistas y dise\u00f1adores | Cand\u00e1s 365","twitter:description":"EXES, compa\u00f1\u00eda espa\u00f1ola especializada en las Tecnolog\u00edas de la Informaci\u00f3n e Industriales, ha realizado un informe sobre las profesiones m\u00e1s demandadas para desarrollar su pr\u00f3xima convocatoria de cursos que dar\u00e1n comienzo el pr\u00f3ximo 27 de junio. Esta empresa de formaci\u00f3n ha recabado informaci\u00f3n bas\u00e1ndose en su experiencia de los \u00faltimos 5 a\u00f1os, tanto a nivel","twitter:creator":"@nbasturias","twitter:image":"https:\/\/candas365.es\/noticias\/wp-content\/uploads\/2016\/06\/1465813814_EXES_AULA_1-scaled.jpg","twitter:label1":"Escrito por","twitter:data1":"Cand\u00e1s 365","twitter:label2":"Tiempo de lectura estimado","twitter:data2":"2 minutos"},"aioseo_meta_data":{"post_id":"30495","title":null,"description":null,"keywords":null,"keyphrases":null,"primary_term":null,"canonical_url":null,"og_title":null,"og_description":null,"og_object_type":"default","og_image_type":"default","og_image_url":null,"og_image_width":null,"og_image_height":null,"og_image_custom_url":null,"og_image_custom_fields":null,"og_video":null,"og_custom_url":null,"og_article_section":null,"og_article_tags":null,"twitter_use_og":false,"twitter_card":"default","twitter_image_type":"default","twitter_image_url":null,"twitter_image_custom_url":null,"twitter_image_custom_fields":null,"twitter_title":null,"twitter_description":null,"schema":{"blockGraphs":[],"customGraphs":[],"default":{"data":{"Article":[],"Course":[],"Dataset":[],"FAQPage":[],"Movie":[],"Person":[],"Product":[],"ProductReview":[],"Car":[],"Recipe":[],"Service":[],"SoftwareApplication":[],"WebPage":[]},"graphName":"","isEnabled":true},"graphs":[],"defaultGraph":"","defaultPostTypeGraph":""},"schema_type":null,"schema_type_options":null,"pillar_content":false,"robots_default":true,"robots_noindex":false,"robots_noarchive":false,"robots_nosnippet":false,"robots_nofollow":false,"robots_noimageindex":false,"robots_noodp":false,"robots_notranslate":false,"robots_max_snippet":null,"robots_max_videopreview":null,"robots_max_imagepreview":"large","priority":null,"frequency":null,"location":null,"local_seo":null,"seo_analyzer_scan_date":"2025-08-24 12:36:13","breadcrumb_settings":null,"limit_modified_date":false,"reviewed_by":null,"open_ai":null,"ai":null,"created":"2020-12-21 12:58:48","updated":"2025-08-24 12:36:13"},"aioseo_breadcrumb":"<div class=\"aioseo-breadcrumbs\"><span class=\"aioseo-breadcrumb\">\n\t<a href=\"https:\/\/candas365.es\/noticias\" title=\"Home\">Home<\/a>\n<\/span><span class=\"aioseo-breadcrumb-separator\">&ndash;<\/span><span class=\"aioseo-breadcrumb\">\n\t<a href=\"https:\/\/candas365.es\/noticias\/category\/actualidad\/\" title=\"Actualidad\">Actualidad<\/a>\n<\/span><span class=\"aioseo-breadcrumb-separator\">&ndash;<\/span><span class=\"aioseo-breadcrumb\">\n\tLos profesionales m\u00e1s requeridos por las compa\u00f1\u00edas son los analistas y dise\u00f1adores\n<\/span><\/div>","aioseo_breadcrumb_json":[{"label":"Home","link":"https:\/\/candas365.es\/noticias"},{"label":"Actualidad","link":"https:\/\/candas365.es\/noticias\/category\/actualidad\/"},{"label":"Los profesionales m\u00e1s requeridos por las compa\u00f1\u00edas son los analistas y dise\u00f1adores","link":"https:\/\/candas365.es\/noticias\/los-profesionales-mas-requeridos-por-las-companias-son-los-analistas-y-disenadores\/"}],"_links":{"self":[{"href":"https:\/\/candas365.es\/noticias\/wp-json\/wp\/v2\/posts\/30495","targetHints":{"allow":["GET"]}}],"collection":[{"href":"https:\/\/candas365.es\/noticias\/wp-json\/wp\/v2\/posts"}],"about":[{"href":"https:\/\/candas365.es\/noticias\/wp-json\/wp\/v2\/types\/post"}],"author":[{"embeddable":true,"href":"https:\/\/candas365.es\/noticias\/wp-json\/wp\/v2\/users\/1"}],"replies":[{"embeddable":true,"href":"https:\/\/candas365.es\/noticias\/wp-json\/wp\/v2\/comments?post=30495"}],"version-history":[{"count":0,"href":"https:\/\/candas365.es\/noticias\/wp-json\/wp\/v2\/posts\/30495\/revisions"}],"wp:featuredmedia":[{"embeddable":true,"href":"https:\/\/candas365.es\/noticias\/wp-json\/wp\/v2\/media\/30496"}],"wp:attachment":[{"href":"https:\/\/candas365.es\/noticias\/wp-json\/wp\/v2\/media?parent=30495"}],"wp:term":[{"taxonomy":"category","embeddable":true,"href":"https:\/\/candas365.es\/noticias\/wp-json\/wp\/v2\/categories?post=30495"},{"taxonomy":"post_tag","embeddable":true,"href":"https:\/\/candas365.es\/noticias\/wp-json\/wp\/v2\/tags?post=30495"}],"curies":[{"name":"wp","href":"https:\/\/api.w.org\/{rel}","templated":true}]}}