{"id":30480,"date":"2016-06-16T23:04:27","date_gmt":"2016-06-16T21:34:27","guid":{"rendered":"http:\/\/candas365.es\/noticias\/?p=30480"},"modified":"2016-06-16T23:04:27","modified_gmt":"2016-06-16T21:34:27","slug":"el-borussia-dortmund-ficha-al-internacional-portugues-guerreiro","status":"publish","type":"post","link":"https:\/\/candas365.es\/noticias\/el-borussia-dortmund-ficha-al-internacional-portugues-guerreiro\/","title":{"rendered":"El Borussia Dortmund ficha al internacional portugu\u00e9s Guerreiro"},"content":{"rendered":"<p>Dortmund (Alemania), 16 jun (dpa) &#8211; El Borussia Dortmund fich\u00f3 al internacional portugu\u00e9s Rapha\u00ebl Guerreiro por cuatro temporadas, inform\u00f3 hoy el club de f\u00fatbol alem\u00e1n. <\/p>\n<p>El defensa de 22 a\u00f1os, que disputa actualmente la Eurocopa de Francia con su selecci\u00f3n, firm\u00f3 un contrato hasta el 30 de junio de 2020 con el subcampe\u00f3n germano. <\/p>\n<p>\u00abRapha\u00ebl Guerreiro es un jugador dotado t\u00e9cnicamente, que se siente como en casa en varias posiciones. Estamos muy contentos de que se haya decidido por el Borussia Dortmund\u00bb, coment\u00f3 el director deportivo del club alem\u00e1n, Michael Zorc. <\/p>\n<p>La compra de Guerreiro, que llega del equipo franc\u00e9s Lorient, est\u00e1 valorada en 12 millones de euros (13,4 millones de d\u00f3lares).<\/p>\n<p>El portugu\u00e9s se suma as\u00ed a los nuevos fichajes de Marc Bartra, Emre Mor, Sebastian Rode, Ousmane Demb\u00e9l\u00e9 y Mikel Merino por los que el club alem\u00e1n ha invertido hasta el momento cerca de 62 millones de euros. <\/p>\n<p>Guerreiro puede jugar en la banda izquierda tanto en defensa como en ataque. En la temporada 2015\/2016 disput\u00f3 34 partidos con Lorient. En total jug\u00f3 con el club franc\u00e9s 102 encuentros y anot\u00f3 diez goles. <\/p>\n","protected":false},"excerpt":{"rendered":"<p>Dortmund (Alemania), 16 jun (dpa) &#8211; El Borussia Dortmund fich\u00f3 al internacional portugu\u00e9s Rapha\u00ebl Guerreiro por cuatro temporadas, inform\u00f3 hoy el club de f\u00fatbol alem\u00e1n. El defensa de 22 a\u00f1os, que disputa actualmente la Eurocopa de Francia con su selecci\u00f3n, firm\u00f3 un contrato hasta el 30 de junio de 2020 con el subcampe\u00f3n germano. \u00abRapha\u00ebl<\/p>\n","protected":false},"author":1,"featured_media":16457,"comment_status":"closed","ping_status":"closed","sticky":false,"template":"","format":"standard","meta":{"footnotes":""},"categories":[343],"tags":[],"class_list":{"0":"post-30480","1":"post","2":"type-post","3":"status-publish","4":"format-standard","5":"has-post-thumbnail","7":"category-actualidad"},"aioseo_notices":[],"aioseo_head":"\n\t\t<!-- All in One SEO Pro 4.9.6.2 - aioseo.com -->\n\t<meta name=\"description\" content=\"Dortmund (Alemania), 16 jun (dpa) - El Borussia Dortmund fich\u00f3 al internacional portugu\u00e9s Rapha\u00ebl Guerreiro por cuatro temporadas, inform\u00f3 hoy el club de f\u00fatbol alem\u00e1n. El defensa de 22 a\u00f1os, que disputa actualmente la Eurocopa de Francia con su selecci\u00f3n, firm\u00f3 un contrato hasta el 30 de junio de 2020 con el subcampe\u00f3n germano. &quot;Rapha\u00ebl\" \/>\n\t<meta name=\"robots\" content=\"max-image-preview:large\" \/>\n\t<meta name=\"author\" content=\"Cand\u00e1s 365\"\/>\n\t<meta name=\"google-site-verification\" content=\"UA-32230408-1\" \/>\n\t<meta name=\"msvalidate.01\" content=\"354F3CDFB2DA171B47FBE9ABF1F88D5\" \/>\n\t<meta name=\"keywords\" content=\"actualidad\" \/>\n\t<link rel=\"canonical\" href=\"https:\/\/candas365.es\/noticias\/el-borussia-dortmund-ficha-al-internacional-portugues-guerreiro\/\" \/>\n\t<meta name=\"generator\" content=\"All in One SEO Pro (AIOSEO) 4.9.6.2\" \/>\n\t\t<meta property=\"og:locale\" content=\"es_ES\" \/>\n\t\t<meta property=\"og:site_name\" content=\"Cand\u00e1s 365\" \/>\n\t\t<meta property=\"og:type\" content=\"article\" \/>\n\t\t<meta property=\"og:title\" content=\"El Borussia Dortmund ficha al internacional portugu\u00e9s Guerreiro | Cand\u00e1s 365\" \/>\n\t\t<meta property=\"og:description\" content=\"Dortmund (Alemania), 16 jun (dpa) - El Borussia Dortmund fich\u00f3 al internacional portugu\u00e9s Rapha\u00ebl Guerreiro por cuatro temporadas, inform\u00f3 hoy el club de f\u00fatbol alem\u00e1n. El defensa de 22 a\u00f1os, que disputa actualmente la Eurocopa de Francia con su selecci\u00f3n, firm\u00f3 un contrato hasta el 30 de junio de 2020 con el subcampe\u00f3n germano. &quot;Rapha\u00ebl\" \/>\n\t\t<meta property=\"og:url\" content=\"https:\/\/candas365.es\/noticias\/el-borussia-dortmund-ficha-al-internacional-portugues-guerreiro\/\" \/>\n\t\t<meta property=\"og:image\" content=\"https:\/\/candas365.es\/noticias\/wp-content\/uploads\/2015\/09\/c365noticias.jpg\" \/>\n\t\t<meta property=\"og:image:secure_url\" content=\"https:\/\/candas365.es\/noticias\/wp-content\/uploads\/2015\/09\/c365noticias.jpg\" \/>\n\t\t<meta property=\"og:image:width\" content=\"655\" \/>\n\t\t<meta property=\"og:image:height\" content=\"360\" \/>\n\t\t<meta property=\"article:published_time\" content=\"2016-06-16T21:34:27+00:00\" \/>\n\t\t<meta property=\"article:modified_time\" content=\"2016-06-16T21:34:27+00:00\" \/>\n\t\t<meta property=\"article:publisher\" content=\"https:\/\/www.facebook.com\/Nachofdezber\" \/>\n\t\t<meta property=\"article:author\" content=\"https:\/\/www.facebook.com\/carrenoactualidad\" \/>\n\t\t<meta name=\"twitter:card\" content=\"summary_large_image\" \/>\n\t\t<meta name=\"twitter:site\" content=\"@NabercoDigital\" \/>\n\t\t<meta name=\"twitter:title\" content=\"El Borussia Dortmund ficha al internacional portugu\u00e9s Guerreiro | Cand\u00e1s 365\" \/>\n\t\t<meta name=\"twitter:description\" content=\"Dortmund (Alemania), 16 jun (dpa) - El Borussia Dortmund fich\u00f3 al internacional portugu\u00e9s Rapha\u00ebl Guerreiro por cuatro temporadas, inform\u00f3 hoy el club de f\u00fatbol alem\u00e1n. El defensa de 22 a\u00f1os, que disputa actualmente la Eurocopa de Francia con su selecci\u00f3n, firm\u00f3 un contrato hasta el 30 de junio de 2020 con el subcampe\u00f3n germano. &quot;Rapha\u00ebl\" \/>\n\t\t<meta name=\"twitter:creator\" content=\"@nbasturias\" \/>\n\t\t<meta name=\"twitter:image\" content=\"https:\/\/candas365.es\/noticias\/wp-content\/uploads\/2015\/09\/c365noticias.jpg\" \/>\n\t\t<meta name=\"twitter:label1\" content=\"Escrito por\" \/>\n\t\t<meta name=\"twitter:data1\" content=\"Cand\u00e1s 365\" \/>\n\t\t<meta name=\"twitter:label2\" content=\"Tiempo de lectura estimado\" \/>\n\t\t<meta name=\"twitter:data2\" content=\"1 minuto\" \/>\n\t\t<script type=\"application\/ld+json\" class=\"aioseo-schema\">\n\t\t\t{\"@context\":\"https:\\\/\\\/schema.org\",\"@graph\":[{\"@type\":\"BreadcrumbList\",\"@id\":\"https:\\\/\\\/candas365.es\\\/noticias\\\/el-borussia-dortmund-ficha-al-internacional-portugues-guerreiro\\\/#breadcrumblist\",\"itemListElement\":[{\"@type\":\"ListItem\",\"@id\":\"https:\\\/\\\/candas365.es\\\/noticias#listItem\",\"position\":1,\"name\":\"Home\",\"item\":\"https:\\\/\\\/candas365.es\\\/noticias\",\"nextItem\":{\"@type\":\"ListItem\",\"@id\":\"https:\\\/\\\/candas365.es\\\/noticias\\\/category\\\/actualidad\\\/#listItem\",\"name\":\"Actualidad\"}},{\"@type\":\"ListItem\",\"@id\":\"https:\\\/\\\/candas365.es\\\/noticias\\\/category\\\/actualidad\\\/#listItem\",\"position\":2,\"name\":\"Actualidad\",\"item\":\"https:\\\/\\\/candas365.es\\\/noticias\\\/category\\\/actualidad\\\/\",\"nextItem\":{\"@type\":\"ListItem\",\"@id\":\"https:\\\/\\\/candas365.es\\\/noticias\\\/el-borussia-dortmund-ficha-al-internacional-portugues-guerreiro\\\/#listItem\",\"name\":\"El Borussia Dortmund ficha al internacional portugu\\u00e9s Guerreiro\"},\"previousItem\":{\"@type\":\"ListItem\",\"@id\":\"https:\\\/\\\/candas365.es\\\/noticias#listItem\",\"name\":\"Home\"}},{\"@type\":\"ListItem\",\"@id\":\"https:\\\/\\\/candas365.es\\\/noticias\\\/el-borussia-dortmund-ficha-al-internacional-portugues-guerreiro\\\/#listItem\",\"position\":3,\"name\":\"El Borussia Dortmund ficha al internacional portugu\\u00e9s Guerreiro\",\"previousItem\":{\"@type\":\"ListItem\",\"@id\":\"https:\\\/\\\/candas365.es\\\/noticias\\\/category\\\/actualidad\\\/#listItem\",\"name\":\"Actualidad\"}}]},{\"@type\":\"NewsArticle\",\"@id\":\"https:\\\/\\\/candas365.es\\\/noticias\\\/el-borussia-dortmund-ficha-al-internacional-portugues-guerreiro\\\/#newsarticle\",\"name\":\"El Borussia Dortmund ficha al internacional portugu\\u00e9s Guerreiro | Cand\\u00e1s 365\",\"headline\":\"El Borussia Dortmund ficha al internacional portugu\\u00e9s Guerreiro\",\"author\":{\"@id\":\"https:\\\/\\\/candas365.es\\\/noticias\\\/author\\\/admin\\\/#author\"},\"publisher\":{\"@id\":\"https:\\\/\\\/candas365.es\\\/noticias\\\/#organization\"},\"image\":{\"@type\":\"ImageObject\",\"url\":\"https:\\\/\\\/candas365.es\\\/noticias\\\/wp-content\\\/uploads\\\/2015\\\/09\\\/c365noticias.jpg\",\"width\":655,\"height\":360},\"datePublished\":\"2016-06-16T23:04:27+02:00\",\"dateModified\":\"2016-06-16T23:04:27+02:00\",\"inLanguage\":\"es-ES\",\"mainEntityOfPage\":{\"@id\":\"https:\\\/\\\/candas365.es\\\/noticias\\\/el-borussia-dortmund-ficha-al-internacional-portugues-guerreiro\\\/#webpage\"},\"isPartOf\":{\"@id\":\"https:\\\/\\\/candas365.es\\\/noticias\\\/el-borussia-dortmund-ficha-al-internacional-portugues-guerreiro\\\/#webpage\"},\"articleSection\":\"Actualidad\",\"dateline\":\"Publicado el junio 16, 2016.\"},{\"@type\":\"Organization\",\"@id\":\"https:\\\/\\\/candas365.es\\\/noticias\\\/#organization\",\"name\":\"Cand\\u00e1s 365\",\"description\":\"Cand\\u00e1s 365 es un diario digital independiente, fundado en 2012, con base en Asturias. Informamos con rigor sobre actualidad, sociedad, cultura y ocio, con una mirada local y global.\",\"url\":\"https:\\\/\\\/candas365.es\\\/noticias\\\/\",\"email\":\"info@candas365.es\",\"telephone\":\"+34652131393\",\"foundingDate\":\"2012-06-10\",\"logo\":{\"@type\":\"ImageObject\",\"url\":\"https:\\\/\\\/candas365.es\\\/noticias\\\/wp-content\\\/uploads\\\/2024\\\/09\\\/Candas-365-Redes.jpg\",\"@id\":\"https:\\\/\\\/candas365.es\\\/noticias\\\/el-borussia-dortmund-ficha-al-internacional-portugues-guerreiro\\\/#organizationLogo\",\"width\":1152,\"height\":864,\"caption\":\"Cand\\u00e1s 365 Redes\"},\"image\":{\"@id\":\"https:\\\/\\\/candas365.es\\\/noticias\\\/el-borussia-dortmund-ficha-al-internacional-portugues-guerreiro\\\/#organizationLogo\"},\"sameAs\":[\"https:\\\/\\\/www.facebook.com\\\/Nachofdezber\",\"https:\\\/\\\/x.com\\\/NabercoDigital\",\"https:\\\/\\\/www.instagram.com\\\/nachofdezber\\\/\",\"https:\\\/\\\/www.youtube.com\\\/channel\\\/UCZP-2wLEB9Rv6erhFmqVnvg\"],\"address\":{\"@id\":\"https:\\\/\\\/candas365.es\\\/noticias\\\/#postaladdress\",\"@type\":\"PostalAddress\",\"streetAddress\":\"san antonio 4, san antonio 4\",\"postalCode\":\"33430\",\"addressLocality\":\"Cand\\u00e1s\",\"addressRegion\":\"Asturias\",\"addressCountry\":\"ES\"}},{\"@type\":\"Person\",\"@id\":\"https:\\\/\\\/candas365.es\\\/noticias\\\/author\\\/admin\\\/#author\",\"url\":\"https:\\\/\\\/candas365.es\\\/noticias\\\/author\\\/admin\\\/\",\"name\":\"Cand\\u00e1s 365\",\"image\":{\"@type\":\"ImageObject\",\"@id\":\"https:\\\/\\\/candas365.es\\\/noticias\\\/el-borussia-dortmund-ficha-al-internacional-portugues-guerreiro\\\/#authorImage\",\"url\":\"https:\\\/\\\/secure.gravatar.com\\\/avatar\\\/496a8e03d0c493ede1718b7934145dbdf8d89be1036b0eec9544e1094c9de390?s=96&d=mm&r=g\",\"width\":96,\"height\":96,\"caption\":\"Cand\\u00e1s 365\"},\"sameAs\":[\"https:\\\/\\\/www.facebook.com\\\/carrenoactualidad\",\"https:\\\/\\\/twitter.com\\\/nbasturias\",\"https:\\\/\\\/www.instagram.com\\\/nachofdezber\\\/\",\"https:\\\/\\\/www.youtube.com\\\/channel\\\/UCZP-2wLEB9Rv6erhFmqVnvg\"]},{\"@type\":\"WebPage\",\"@id\":\"https:\\\/\\\/candas365.es\\\/noticias\\\/el-borussia-dortmund-ficha-al-internacional-portugues-guerreiro\\\/#webpage\",\"url\":\"https:\\\/\\\/candas365.es\\\/noticias\\\/el-borussia-dortmund-ficha-al-internacional-portugues-guerreiro\\\/\",\"name\":\"El Borussia Dortmund ficha al internacional portugu\\u00e9s Guerreiro | Cand\\u00e1s 365\",\"description\":\"Dortmund (Alemania), 16 jun (dpa) - El Borussia Dortmund fich\\u00f3 al internacional portugu\\u00e9s Rapha\\u00ebl Guerreiro por cuatro temporadas, inform\\u00f3 hoy el club de f\\u00fatbol alem\\u00e1n. El defensa de 22 a\\u00f1os, que disputa actualmente la Eurocopa de Francia con su selecci\\u00f3n, firm\\u00f3 un contrato hasta el 30 de junio de 2020 con el subcampe\\u00f3n germano. \\\"Rapha\\u00ebl\",\"inLanguage\":\"es-ES\",\"isPartOf\":{\"@id\":\"https:\\\/\\\/candas365.es\\\/noticias\\\/#website\"},\"breadcrumb\":{\"@id\":\"https:\\\/\\\/candas365.es\\\/noticias\\\/el-borussia-dortmund-ficha-al-internacional-portugues-guerreiro\\\/#breadcrumblist\"},\"author\":{\"@id\":\"https:\\\/\\\/candas365.es\\\/noticias\\\/author\\\/admin\\\/#author\"},\"creator\":{\"@id\":\"https:\\\/\\\/candas365.es\\\/noticias\\\/author\\\/admin\\\/#author\"},\"image\":{\"@type\":\"ImageObject\",\"url\":\"https:\\\/\\\/candas365.es\\\/noticias\\\/wp-content\\\/uploads\\\/2015\\\/09\\\/c365noticias.jpg\",\"@id\":\"https:\\\/\\\/candas365.es\\\/noticias\\\/el-borussia-dortmund-ficha-al-internacional-portugues-guerreiro\\\/#mainImage\",\"width\":655,\"height\":360},\"primaryImageOfPage\":{\"@id\":\"https:\\\/\\\/candas365.es\\\/noticias\\\/el-borussia-dortmund-ficha-al-internacional-portugues-guerreiro\\\/#mainImage\"},\"datePublished\":\"2016-06-16T23:04:27+02:00\",\"dateModified\":\"2016-06-16T23:04:27+02:00\"},{\"@type\":\"WebSite\",\"@id\":\"https:\\\/\\\/candas365.es\\\/noticias\\\/#website\",\"url\":\"https:\\\/\\\/candas365.es\\\/noticias\\\/\",\"name\":\"Cand\\u00e1s 365\",\"alternateName\":\"Cand\\u00e1s 365 Noticias\",\"description\":\"Actualidad desde Carre\\u00f1o para el mundo\",\"inLanguage\":\"es-ES\",\"publisher\":{\"@id\":\"https:\\\/\\\/candas365.es\\\/noticias\\\/#organization\"}}]}\n\t\t<\/script>\n\t\t<!-- All in One SEO Pro -->\r\n\t\t<title>El Borussia Dortmund ficha al internacional portugu\u00e9s Guerreiro | Cand\u00e1s 365<\/title>\n\n","aioseo_head_json":{"title":"El Borussia Dortmund ficha al internacional portugu\u00e9s Guerreiro | Cand\u00e1s 365","description":"Dortmund (Alemania), 16 jun (dpa) - El Borussia Dortmund fich\u00f3 al internacional portugu\u00e9s Rapha\u00ebl Guerreiro por cuatro temporadas, inform\u00f3 hoy el club de f\u00fatbol alem\u00e1n. El defensa de 22 a\u00f1os, que disputa actualmente la Eurocopa de Francia con su selecci\u00f3n, firm\u00f3 un contrato hasta el 30 de junio de 2020 con el subcampe\u00f3n germano. \"Rapha\u00ebl","canonical_url":"https:\/\/candas365.es\/noticias\/el-borussia-dortmund-ficha-al-internacional-portugues-guerreiro\/","robots":"max-image-preview:large","keywords":"actualidad","webmasterTools":{"google-site-verification":"UA-32230408-1","msvalidate.01":"354F3CDFB2DA171B47FBE9ABF1F88D5","miscellaneous":""},"schema":{"@context":"https:\/\/schema.org","@graph":[{"@type":"BreadcrumbList","@id":"https:\/\/candas365.es\/noticias\/el-borussia-dortmund-ficha-al-internacional-portugues-guerreiro\/#breadcrumblist","itemListElement":[{"@type":"ListItem","@id":"https:\/\/candas365.es\/noticias#listItem","position":1,"name":"Home","item":"https:\/\/candas365.es\/noticias","nextItem":{"@type":"ListItem","@id":"https:\/\/candas365.es\/noticias\/category\/actualidad\/#listItem","name":"Actualidad"}},{"@type":"ListItem","@id":"https:\/\/candas365.es\/noticias\/category\/actualidad\/#listItem","position":2,"name":"Actualidad","item":"https:\/\/candas365.es\/noticias\/category\/actualidad\/","nextItem":{"@type":"ListItem","@id":"https:\/\/candas365.es\/noticias\/el-borussia-dortmund-ficha-al-internacional-portugues-guerreiro\/#listItem","name":"El Borussia Dortmund ficha al internacional portugu\u00e9s Guerreiro"},"previousItem":{"@type":"ListItem","@id":"https:\/\/candas365.es\/noticias#listItem","name":"Home"}},{"@type":"ListItem","@id":"https:\/\/candas365.es\/noticias\/el-borussia-dortmund-ficha-al-internacional-portugues-guerreiro\/#listItem","position":3,"name":"El Borussia Dortmund ficha al internacional portugu\u00e9s Guerreiro","previousItem":{"@type":"ListItem","@id":"https:\/\/candas365.es\/noticias\/category\/actualidad\/#listItem","name":"Actualidad"}}]},{"@type":"NewsArticle","@id":"https:\/\/candas365.es\/noticias\/el-borussia-dortmund-ficha-al-internacional-portugues-guerreiro\/#newsarticle","name":"El Borussia Dortmund ficha al internacional portugu\u00e9s Guerreiro | Cand\u00e1s 365","headline":"El Borussia Dortmund ficha al internacional portugu\u00e9s Guerreiro","author":{"@id":"https:\/\/candas365.es\/noticias\/author\/admin\/#author"},"publisher":{"@id":"https:\/\/candas365.es\/noticias\/#organization"},"image":{"@type":"ImageObject","url":"https:\/\/candas365.es\/noticias\/wp-content\/uploads\/2015\/09\/c365noticias.jpg","width":655,"height":360},"datePublished":"2016-06-16T23:04:27+02:00","dateModified":"2016-06-16T23:04:27+02:00","inLanguage":"es-ES","mainEntityOfPage":{"@id":"https:\/\/candas365.es\/noticias\/el-borussia-dortmund-ficha-al-internacional-portugues-guerreiro\/#webpage"},"isPartOf":{"@id":"https:\/\/candas365.es\/noticias\/el-borussia-dortmund-ficha-al-internacional-portugues-guerreiro\/#webpage"},"articleSection":"Actualidad","dateline":"Publicado el junio 16, 2016."},{"@type":"Organization","@id":"https:\/\/candas365.es\/noticias\/#organization","name":"Cand\u00e1s 365","description":"Cand\u00e1s 365 es un diario digital independiente, fundado en 2012, con base en Asturias. Informamos con rigor sobre actualidad, sociedad, cultura y ocio, con una mirada local y global.","url":"https:\/\/candas365.es\/noticias\/","email":"info@candas365.es","telephone":"+34652131393","foundingDate":"2012-06-10","logo":{"@type":"ImageObject","url":"https:\/\/candas365.es\/noticias\/wp-content\/uploads\/2024\/09\/Candas-365-Redes.jpg","@id":"https:\/\/candas365.es\/noticias\/el-borussia-dortmund-ficha-al-internacional-portugues-guerreiro\/#organizationLogo","width":1152,"height":864,"caption":"Cand\u00e1s 365 Redes"},"image":{"@id":"https:\/\/candas365.es\/noticias\/el-borussia-dortmund-ficha-al-internacional-portugues-guerreiro\/#organizationLogo"},"sameAs":["https:\/\/www.facebook.com\/Nachofdezber","https:\/\/x.com\/NabercoDigital","https:\/\/www.instagram.com\/nachofdezber\/","https:\/\/www.youtube.com\/channel\/UCZP-2wLEB9Rv6erhFmqVnvg"],"address":{"@id":"https:\/\/candas365.es\/noticias\/#postaladdress","@type":"PostalAddress","streetAddress":"san antonio 4, san antonio 4","postalCode":"33430","addressLocality":"Cand\u00e1s","addressRegion":"Asturias","addressCountry":"ES"}},{"@type":"Person","@id":"https:\/\/candas365.es\/noticias\/author\/admin\/#author","url":"https:\/\/candas365.es\/noticias\/author\/admin\/","name":"Cand\u00e1s 365","image":{"@type":"ImageObject","@id":"https:\/\/candas365.es\/noticias\/el-borussia-dortmund-ficha-al-internacional-portugues-guerreiro\/#authorImage","url":"https:\/\/secure.gravatar.com\/avatar\/496a8e03d0c493ede1718b7934145dbdf8d89be1036b0eec9544e1094c9de390?s=96&d=mm&r=g","width":96,"height":96,"caption":"Cand\u00e1s 365"},"sameAs":["https:\/\/www.facebook.com\/carrenoactualidad","https:\/\/twitter.com\/nbasturias","https:\/\/www.instagram.com\/nachofdezber\/","https:\/\/www.youtube.com\/channel\/UCZP-2wLEB9Rv6erhFmqVnvg"]},{"@type":"WebPage","@id":"https:\/\/candas365.es\/noticias\/el-borussia-dortmund-ficha-al-internacional-portugues-guerreiro\/#webpage","url":"https:\/\/candas365.es\/noticias\/el-borussia-dortmund-ficha-al-internacional-portugues-guerreiro\/","name":"El Borussia Dortmund ficha al internacional portugu\u00e9s Guerreiro | Cand\u00e1s 365","description":"Dortmund (Alemania), 16 jun (dpa) - El Borussia Dortmund fich\u00f3 al internacional portugu\u00e9s Rapha\u00ebl Guerreiro por cuatro temporadas, inform\u00f3 hoy el club de f\u00fatbol alem\u00e1n. El defensa de 22 a\u00f1os, que disputa actualmente la Eurocopa de Francia con su selecci\u00f3n, firm\u00f3 un contrato hasta el 30 de junio de 2020 con el subcampe\u00f3n germano. \"Rapha\u00ebl","inLanguage":"es-ES","isPartOf":{"@id":"https:\/\/candas365.es\/noticias\/#website"},"breadcrumb":{"@id":"https:\/\/candas365.es\/noticias\/el-borussia-dortmund-ficha-al-internacional-portugues-guerreiro\/#breadcrumblist"},"author":{"@id":"https:\/\/candas365.es\/noticias\/author\/admin\/#author"},"creator":{"@id":"https:\/\/candas365.es\/noticias\/author\/admin\/#author"},"image":{"@type":"ImageObject","url":"https:\/\/candas365.es\/noticias\/wp-content\/uploads\/2015\/09\/c365noticias.jpg","@id":"https:\/\/candas365.es\/noticias\/el-borussia-dortmund-ficha-al-internacional-portugues-guerreiro\/#mainImage","width":655,"height":360},"primaryImageOfPage":{"@id":"https:\/\/candas365.es\/noticias\/el-borussia-dortmund-ficha-al-internacional-portugues-guerreiro\/#mainImage"},"datePublished":"2016-06-16T23:04:27+02:00","dateModified":"2016-06-16T23:04:27+02:00"},{"@type":"WebSite","@id":"https:\/\/candas365.es\/noticias\/#website","url":"https:\/\/candas365.es\/noticias\/","name":"Cand\u00e1s 365","alternateName":"Cand\u00e1s 365 Noticias","description":"Actualidad desde Carre\u00f1o para el mundo","inLanguage":"es-ES","publisher":{"@id":"https:\/\/candas365.es\/noticias\/#organization"}}]},"og:locale":"es_ES","og:site_name":"Cand\u00e1s 365","og:type":"article","og:title":"El Borussia Dortmund ficha al internacional portugu\u00e9s Guerreiro | Cand\u00e1s 365","og:description":"Dortmund (Alemania), 16 jun (dpa) - El Borussia Dortmund fich\u00f3 al internacional portugu\u00e9s Rapha\u00ebl Guerreiro por cuatro temporadas, inform\u00f3 hoy el club de f\u00fatbol alem\u00e1n. El defensa de 22 a\u00f1os, que disputa actualmente la Eurocopa de Francia con su selecci\u00f3n, firm\u00f3 un contrato hasta el 30 de junio de 2020 con el subcampe\u00f3n germano. &quot;Rapha\u00ebl","og:url":"https:\/\/candas365.es\/noticias\/el-borussia-dortmund-ficha-al-internacional-portugues-guerreiro\/","og:image":"https:\/\/candas365.es\/noticias\/wp-content\/uploads\/2015\/09\/c365noticias.jpg","og:image:secure_url":"https:\/\/candas365.es\/noticias\/wp-content\/uploads\/2015\/09\/c365noticias.jpg","og:image:width":655,"og:image:height":360,"article:published_time":"2016-06-16T21:34:27+00:00","article:modified_time":"2016-06-16T21:34:27+00:00","article:publisher":"https:\/\/www.facebook.com\/Nachofdezber","article:author":"https:\/\/www.facebook.com\/carrenoactualidad","twitter:card":"summary_large_image","twitter:site":"@NabercoDigital","twitter:title":"El Borussia Dortmund ficha al internacional portugu\u00e9s Guerreiro | Cand\u00e1s 365","twitter:description":"Dortmund (Alemania), 16 jun (dpa) - El Borussia Dortmund fich\u00f3 al internacional portugu\u00e9s Rapha\u00ebl Guerreiro por cuatro temporadas, inform\u00f3 hoy el club de f\u00fatbol alem\u00e1n. El defensa de 22 a\u00f1os, que disputa actualmente la Eurocopa de Francia con su selecci\u00f3n, firm\u00f3 un contrato hasta el 30 de junio de 2020 con el subcampe\u00f3n germano. &quot;Rapha\u00ebl","twitter:creator":"@nbasturias","twitter:image":"https:\/\/candas365.es\/noticias\/wp-content\/uploads\/2015\/09\/c365noticias.jpg","twitter:label1":"Escrito por","twitter:data1":"Cand\u00e1s 365","twitter:label2":"Tiempo de lectura estimado","twitter:data2":"1 minuto"},"aioseo_meta_data":{"post_id":"30480","title":null,"description":null,"keywords":null,"keyphrases":null,"primary_term":null,"canonical_url":null,"og_title":null,"og_description":null,"og_object_type":"default","og_image_type":"default","og_image_url":null,"og_image_width":null,"og_image_height":null,"og_image_custom_url":null,"og_image_custom_fields":null,"og_video":null,"og_custom_url":null,"og_article_section":null,"og_article_tags":null,"twitter_use_og":false,"twitter_card":"default","twitter_image_type":"default","twitter_image_url":null,"twitter_image_custom_url":null,"twitter_image_custom_fields":null,"twitter_title":null,"twitter_description":null,"schema":{"blockGraphs":[],"customGraphs":[],"default":{"data":{"Article":[],"Course":[],"Dataset":[],"FAQPage":[],"Movie":[],"Person":[],"Product":[],"ProductReview":[],"Car":[],"Recipe":[],"Service":[],"SoftwareApplication":[],"WebPage":[]},"graphName":"","isEnabled":true},"graphs":[],"defaultGraph":"","defaultPostTypeGraph":""},"schema_type":null,"schema_type_options":null,"pillar_content":false,"robots_default":true,"robots_noindex":false,"robots_noarchive":false,"robots_nosnippet":false,"robots_nofollow":false,"robots_noimageindex":false,"robots_noodp":false,"robots_notranslate":false,"robots_max_snippet":null,"robots_max_videopreview":null,"robots_max_imagepreview":"large","priority":null,"frequency":null,"location":null,"local_seo":null,"seo_analyzer_scan_date":"2025-08-24 12:35:12","breadcrumb_settings":null,"limit_modified_date":false,"reviewed_by":null,"open_ai":null,"ai":null,"created":"2020-12-21 12:58:29","updated":"2025-08-24 12:35:12"},"aioseo_breadcrumb":"<div class=\"aioseo-breadcrumbs\"><span class=\"aioseo-breadcrumb\">\n\t<a href=\"https:\/\/candas365.es\/noticias\" title=\"Home\">Home<\/a>\n<\/span><span class=\"aioseo-breadcrumb-separator\">&ndash;<\/span><span class=\"aioseo-breadcrumb\">\n\t<a href=\"https:\/\/candas365.es\/noticias\/category\/actualidad\/\" title=\"Actualidad\">Actualidad<\/a>\n<\/span><span class=\"aioseo-breadcrumb-separator\">&ndash;<\/span><span class=\"aioseo-breadcrumb\">\n\tEl Borussia Dortmund ficha al internacional portugu\u00e9s Guerreiro\n<\/span><\/div>","aioseo_breadcrumb_json":[{"label":"Home","link":"https:\/\/candas365.es\/noticias"},{"label":"Actualidad","link":"https:\/\/candas365.es\/noticias\/category\/actualidad\/"},{"label":"El Borussia Dortmund ficha al internacional portugu\u00e9s Guerreiro","link":"https:\/\/candas365.es\/noticias\/el-borussia-dortmund-ficha-al-internacional-portugues-guerreiro\/"}],"_links":{"self":[{"href":"https:\/\/candas365.es\/noticias\/wp-json\/wp\/v2\/posts\/30480","targetHints":{"allow":["GET"]}}],"collection":[{"href":"https:\/\/candas365.es\/noticias\/wp-json\/wp\/v2\/posts"}],"about":[{"href":"https:\/\/candas365.es\/noticias\/wp-json\/wp\/v2\/types\/post"}],"author":[{"embeddable":true,"href":"https:\/\/candas365.es\/noticias\/wp-json\/wp\/v2\/users\/1"}],"replies":[{"embeddable":true,"href":"https:\/\/candas365.es\/noticias\/wp-json\/wp\/v2\/comments?post=30480"}],"version-history":[{"count":0,"href":"https:\/\/candas365.es\/noticias\/wp-json\/wp\/v2\/posts\/30480\/revisions"}],"wp:featuredmedia":[{"embeddable":true,"href":"https:\/\/candas365.es\/noticias\/wp-json\/wp\/v2\/media\/16457"}],"wp:attachment":[{"href":"https:\/\/candas365.es\/noticias\/wp-json\/wp\/v2\/media?parent=30480"}],"wp:term":[{"taxonomy":"category","embeddable":true,"href":"https:\/\/candas365.es\/noticias\/wp-json\/wp\/v2\/categories?post=30480"},{"taxonomy":"post_tag","embeddable":true,"href":"https:\/\/candas365.es\/noticias\/wp-json\/wp\/v2\/tags?post=30480"}],"curies":[{"name":"wp","href":"https:\/\/api.w.org\/{rel}","templated":true}]}}