{"id":30470,"date":"2016-06-16T22:58:19","date_gmt":"2016-06-16T21:28:19","guid":{"rendered":"http:\/\/candas365.es\/noticias\/?p=30470"},"modified":"2016-06-16T22:58:19","modified_gmt":"2016-06-16T21:28:19","slug":"vw-centra-su-nueva-estrategia-en-los-coches-electricos-tras-escandalo","status":"publish","type":"post","link":"https:\/\/candas365.es\/noticias\/vw-centra-su-nueva-estrategia-en-los-coches-electricos-tras-escandalo\/","title":{"rendered":"VW centra su nueva estrategia en los coches el\u00e9ctricos tras esc\u00e1ndalo"},"content":{"rendered":"<p>Wolfsburgo (Alemania), 16 jun (dpa) &#8211; El gigante automotor alem\u00e1n Volkswagen centrar\u00e1 su nueva estrategia hasta 2025 en los autom\u00f3viles el\u00e9ctricos tras el esc\u00e1ndalo de la manipulaci\u00f3n de los motores di\u00e9sel que sumi\u00f3 a la automotriz en la peor crisis de su historia, inform\u00f3 hoy su director ejecutivo, Matthias M\u00fcller.<\/p>\n<p>Junto con el negocio de autos el\u00e9ctricos, que se convertir\u00e1 en su segunda columna de negocio, el mayor fabricante automotor de Europa se especializar\u00e1 tambi\u00e9n en los coches autom\u00e1ticos. <\/p>\n<p>VW debe transformarse para la \u00abnueva \u00e9poca de movilidad\u00bb, declar\u00f3 el sucesor de Martin Winterkorn, quien se vio obligado a dimitir tras el esc\u00e1ndalo de la manipulaci\u00f3n de los motores di\u00e9sel de unos 11 millones de autos en todo el mundo, de ellos unos 8,5 millones en Europa.<\/p>\n<p>Con la nueva estrategia el mayor fabricante automotor de Europa quiere tambi\u00e9n reaccionar a las modificaciones fundamentales dentro del sector automotor. Los dos grandes temas del futuro son los sistemas de propulsi\u00f3n alternativos como los motores el\u00e9ctricos y una mayor presencia de Internet en el coche, indic\u00f3 el directivo. <\/p>\n<p>En diez a\u00f1os uno de cada cuatro nuevos veh\u00edculos ser\u00e1 el\u00e9ctrico en el mercado mundial, pronostic\u00f3, al mismo tiempo que anunci\u00f3 que en el a\u00f1o 2025 los coches el\u00e9ctricos del grupo VW supondr\u00e1n \u00abcerca de entre un 20 y 25 por ciento\u00bb de las ventas totales. Asimismo, indic\u00f3 que la empresa fabricar\u00e1 30 nuevos modelos el\u00e9ctricos para ese a\u00f1o. <\/p>\n<p>Durante la presentaci\u00f3n, M\u00fcller explic\u00f3 tambi\u00e9n que esta estrategia servir\u00e1 para subsanar las \u00abgraves debilidades\u00bb en el gigante alem\u00e1n a pesar del \u00e9xito vivido los \u00faltimos a\u00f1os antes de que estallara la crisis de los motores di\u00e9sel. <\/p>\n<p>\u00abTenemos sin ninguna duda tambi\u00e9n graves debilidades\u00bb, asegur\u00f3. \u00abEstas debilidades son notablemente m\u00e1s patentes desde el pasado oto\u00f1o (boreal). Pero no las ocultaremos, sino que queremos subsanarlas. Para ello contribuir\u00e1 la nueva estrategia\u00bb, declar\u00f3. <\/p>\n<p>La situaci\u00f3n supone tambi\u00e9n una oportunidad para modificar las cosas de manera mucho m\u00e1s r\u00e1pida que anteriormente, indic\u00f3 sobre la crisis en la que se vio sumido el grupo automotor cuando sali\u00f3 a la luz el esc\u00e1ndalo. <\/p>\n<p>M\u00e1s digital, eficiente y respetuoso con el medio ambiente, \u00e9sas son las bases de la nueva estrategia presentada por M\u00fcller bajo el t\u00edtulo \u00abJuntos: Estrategia 2025\u00bb. <\/p>\n<p>\u00abCon el programa futuro el grupo VW estar\u00e1 m\u00e1s centrado, ser\u00e1 m\u00e1s eficiente, innovador, cercano a los clientes, sostenible y conseguir\u00e1 consecuentemente un lucrativo crecimiento\u00bb, declar\u00f3. \u00abEs el proceso de transformaci\u00f3n m\u00e1s grande en la historia de VW\u00bb, asegur\u00f3. <\/p>\n<p>\u00abNuestra nueva estrategia allana el camino para el cambio de una de las mejores automotrices del mundo hacia un proveedor l\u00edder mundial en movilidad sostenible. Esa es la visi\u00f3n que nos gu\u00eda\u00bb, agreg\u00f3.<\/p>\n","protected":false},"excerpt":{"rendered":"<p>Wolfsburgo (Alemania), 16 jun (dpa) &#8211; El gigante automotor alem\u00e1n Volkswagen centrar\u00e1 su nueva estrategia hasta 2025 en los autom\u00f3viles el\u00e9ctricos tras el esc\u00e1ndalo de la manipulaci\u00f3n de los motores di\u00e9sel que sumi\u00f3 a la automotriz en la peor crisis de su historia, inform\u00f3 hoy su director ejecutivo, Matthias M\u00fcller. Junto con el negocio de<\/p>\n","protected":false},"author":1,"featured_media":11776,"comment_status":"closed","ping_status":"closed","sticky":false,"template":"","format":"standard","meta":{"footnotes":""},"categories":[343],"tags":[],"class_list":{"0":"post-30470","1":"post","2":"type-post","3":"status-publish","4":"format-standard","5":"has-post-thumbnail","7":"category-actualidad"},"aioseo_notices":[],"aioseo_head":"\n\t\t<!-- All in One SEO Pro 4.9.6.2 - aioseo.com -->\n\t<meta name=\"description\" content=\"Wolfsburgo (Alemania), 16 jun (dpa) - El gigante automotor alem\u00e1n Volkswagen centrar\u00e1 su nueva estrategia hasta 2025 en los autom\u00f3viles el\u00e9ctricos tras el esc\u00e1ndalo de la manipulaci\u00f3n de los motores di\u00e9sel que sumi\u00f3 a la automotriz en la peor crisis de su historia, inform\u00f3 hoy su director ejecutivo, Matthias M\u00fcller. Junto con el negocio de\" \/>\n\t<meta name=\"robots\" content=\"max-image-preview:large\" \/>\n\t<meta name=\"author\" content=\"Cand\u00e1s 365\"\/>\n\t<meta name=\"google-site-verification\" content=\"UA-32230408-1\" \/>\n\t<meta name=\"msvalidate.01\" content=\"354F3CDFB2DA171B47FBE9ABF1F88D5\" \/>\n\t<meta name=\"keywords\" content=\"actualidad\" \/>\n\t<link rel=\"canonical\" href=\"https:\/\/candas365.es\/noticias\/vw-centra-su-nueva-estrategia-en-los-coches-electricos-tras-escandalo\/\" \/>\n\t<meta name=\"generator\" content=\"All in One SEO Pro (AIOSEO) 4.9.6.2\" \/>\n\t\t<meta property=\"og:locale\" content=\"es_ES\" \/>\n\t\t<meta property=\"og:site_name\" content=\"Cand\u00e1s 365\" \/>\n\t\t<meta property=\"og:type\" content=\"article\" \/>\n\t\t<meta property=\"og:title\" content=\"VW centra su nueva estrategia en los coches el\u00e9ctricos tras esc\u00e1ndalo | Cand\u00e1s 365\" \/>\n\t\t<meta property=\"og:description\" content=\"Wolfsburgo (Alemania), 16 jun (dpa) - El gigante automotor alem\u00e1n Volkswagen centrar\u00e1 su nueva estrategia hasta 2025 en los autom\u00f3viles el\u00e9ctricos tras el esc\u00e1ndalo de la manipulaci\u00f3n de los motores di\u00e9sel que sumi\u00f3 a la automotriz en la peor crisis de su historia, inform\u00f3 hoy su director ejecutivo, Matthias M\u00fcller. Junto con el negocio de\" \/>\n\t\t<meta property=\"og:url\" content=\"https:\/\/candas365.es\/noticias\/vw-centra-su-nueva-estrategia-en-los-coches-electricos-tras-escandalo\/\" \/>\n\t\t<meta property=\"og:image\" content=\"https:\/\/candas365.es\/noticias\/wp-content\/uploads\/2015\/06\/carretera.jpg\" \/>\n\t\t<meta property=\"og:image:secure_url\" content=\"https:\/\/candas365.es\/noticias\/wp-content\/uploads\/2015\/06\/carretera.jpg\" \/>\n\t\t<meta property=\"og:image:width\" content=\"655\" \/>\n\t\t<meta property=\"og:image:height\" content=\"360\" \/>\n\t\t<meta property=\"article:published_time\" content=\"2016-06-16T21:28:19+00:00\" \/>\n\t\t<meta property=\"article:modified_time\" content=\"2016-06-16T21:28:19+00:00\" \/>\n\t\t<meta property=\"article:publisher\" content=\"https:\/\/www.facebook.com\/Nachofdezber\" \/>\n\t\t<meta property=\"article:author\" content=\"https:\/\/www.facebook.com\/carrenoactualidad\" \/>\n\t\t<meta name=\"twitter:card\" content=\"summary_large_image\" \/>\n\t\t<meta name=\"twitter:site\" content=\"@NabercoDigital\" \/>\n\t\t<meta name=\"twitter:title\" content=\"VW centra su nueva estrategia en los coches el\u00e9ctricos tras esc\u00e1ndalo | Cand\u00e1s 365\" \/>\n\t\t<meta name=\"twitter:description\" content=\"Wolfsburgo (Alemania), 16 jun (dpa) - El gigante automotor alem\u00e1n Volkswagen centrar\u00e1 su nueva estrategia hasta 2025 en los autom\u00f3viles el\u00e9ctricos tras el esc\u00e1ndalo de la manipulaci\u00f3n de los motores di\u00e9sel que sumi\u00f3 a la automotriz en la peor crisis de su historia, inform\u00f3 hoy su director ejecutivo, Matthias M\u00fcller. Junto con el negocio de\" \/>\n\t\t<meta name=\"twitter:creator\" content=\"@nbasturias\" \/>\n\t\t<meta name=\"twitter:image\" content=\"https:\/\/candas365.es\/noticias\/wp-content\/uploads\/2015\/06\/carretera.jpg\" \/>\n\t\t<meta name=\"twitter:label1\" content=\"Escrito por\" \/>\n\t\t<meta name=\"twitter:data1\" content=\"Cand\u00e1s 365\" \/>\n\t\t<meta name=\"twitter:label2\" content=\"Tiempo de lectura estimado\" \/>\n\t\t<meta name=\"twitter:data2\" content=\"2 minutos\" \/>\n\t\t<script type=\"application\/ld+json\" class=\"aioseo-schema\">\n\t\t\t{\"@context\":\"https:\\\/\\\/schema.org\",\"@graph\":[{\"@type\":\"BreadcrumbList\",\"@id\":\"https:\\\/\\\/candas365.es\\\/noticias\\\/vw-centra-su-nueva-estrategia-en-los-coches-electricos-tras-escandalo\\\/#breadcrumblist\",\"itemListElement\":[{\"@type\":\"ListItem\",\"@id\":\"https:\\\/\\\/candas365.es\\\/noticias#listItem\",\"position\":1,\"name\":\"Home\",\"item\":\"https:\\\/\\\/candas365.es\\\/noticias\",\"nextItem\":{\"@type\":\"ListItem\",\"@id\":\"https:\\\/\\\/candas365.es\\\/noticias\\\/category\\\/actualidad\\\/#listItem\",\"name\":\"Actualidad\"}},{\"@type\":\"ListItem\",\"@id\":\"https:\\\/\\\/candas365.es\\\/noticias\\\/category\\\/actualidad\\\/#listItem\",\"position\":2,\"name\":\"Actualidad\",\"item\":\"https:\\\/\\\/candas365.es\\\/noticias\\\/category\\\/actualidad\\\/\",\"nextItem\":{\"@type\":\"ListItem\",\"@id\":\"https:\\\/\\\/candas365.es\\\/noticias\\\/vw-centra-su-nueva-estrategia-en-los-coches-electricos-tras-escandalo\\\/#listItem\",\"name\":\"VW centra su nueva estrategia en los coches el\\u00e9ctricos tras esc\\u00e1ndalo\"},\"previousItem\":{\"@type\":\"ListItem\",\"@id\":\"https:\\\/\\\/candas365.es\\\/noticias#listItem\",\"name\":\"Home\"}},{\"@type\":\"ListItem\",\"@id\":\"https:\\\/\\\/candas365.es\\\/noticias\\\/vw-centra-su-nueva-estrategia-en-los-coches-electricos-tras-escandalo\\\/#listItem\",\"position\":3,\"name\":\"VW centra su nueva estrategia en los coches el\\u00e9ctricos tras esc\\u00e1ndalo\",\"previousItem\":{\"@type\":\"ListItem\",\"@id\":\"https:\\\/\\\/candas365.es\\\/noticias\\\/category\\\/actualidad\\\/#listItem\",\"name\":\"Actualidad\"}}]},{\"@type\":\"NewsArticle\",\"@id\":\"https:\\\/\\\/candas365.es\\\/noticias\\\/vw-centra-su-nueva-estrategia-en-los-coches-electricos-tras-escandalo\\\/#newsarticle\",\"name\":\"VW centra su nueva estrategia en los coches el\\u00e9ctricos tras esc\\u00e1ndalo | Cand\\u00e1s 365\",\"headline\":\"VW centra su nueva estrategia en los coches el\\u00e9ctricos tras esc\\u00e1ndalo\",\"author\":{\"@id\":\"https:\\\/\\\/candas365.es\\\/noticias\\\/author\\\/admin\\\/#author\"},\"publisher\":{\"@id\":\"https:\\\/\\\/candas365.es\\\/noticias\\\/#organization\"},\"image\":{\"@type\":\"ImageObject\",\"url\":\"https:\\\/\\\/candas365.es\\\/noticias\\\/wp-content\\\/uploads\\\/2015\\\/06\\\/carretera.jpg\",\"width\":655,\"height\":360},\"datePublished\":\"2016-06-16T22:58:19+02:00\",\"dateModified\":\"2016-06-16T22:58:19+02:00\",\"inLanguage\":\"es-ES\",\"mainEntityOfPage\":{\"@id\":\"https:\\\/\\\/candas365.es\\\/noticias\\\/vw-centra-su-nueva-estrategia-en-los-coches-electricos-tras-escandalo\\\/#webpage\"},\"isPartOf\":{\"@id\":\"https:\\\/\\\/candas365.es\\\/noticias\\\/vw-centra-su-nueva-estrategia-en-los-coches-electricos-tras-escandalo\\\/#webpage\"},\"articleSection\":\"Actualidad\",\"dateline\":\"Publicado el junio 16, 2016.\"},{\"@type\":\"Organization\",\"@id\":\"https:\\\/\\\/candas365.es\\\/noticias\\\/#organization\",\"name\":\"Cand\\u00e1s 365\",\"description\":\"Cand\\u00e1s 365 es un diario digital independiente, fundado en 2012, con base en Asturias. Informamos con rigor sobre actualidad, sociedad, cultura y ocio, con una mirada local y global.\",\"url\":\"https:\\\/\\\/candas365.es\\\/noticias\\\/\",\"email\":\"info@candas365.es\",\"telephone\":\"+34652131393\",\"foundingDate\":\"2012-06-10\",\"logo\":{\"@type\":\"ImageObject\",\"url\":\"https:\\\/\\\/candas365.es\\\/noticias\\\/wp-content\\\/uploads\\\/2024\\\/09\\\/Candas-365-Redes.jpg\",\"@id\":\"https:\\\/\\\/candas365.es\\\/noticias\\\/vw-centra-su-nueva-estrategia-en-los-coches-electricos-tras-escandalo\\\/#organizationLogo\",\"width\":1152,\"height\":864,\"caption\":\"Cand\\u00e1s 365 Redes\"},\"image\":{\"@id\":\"https:\\\/\\\/candas365.es\\\/noticias\\\/vw-centra-su-nueva-estrategia-en-los-coches-electricos-tras-escandalo\\\/#organizationLogo\"},\"sameAs\":[\"https:\\\/\\\/www.facebook.com\\\/Nachofdezber\",\"https:\\\/\\\/x.com\\\/NabercoDigital\",\"https:\\\/\\\/www.instagram.com\\\/nachofdezber\\\/\",\"https:\\\/\\\/www.youtube.com\\\/channel\\\/UCZP-2wLEB9Rv6erhFmqVnvg\"],\"address\":{\"@id\":\"https:\\\/\\\/candas365.es\\\/noticias\\\/#postaladdress\",\"@type\":\"PostalAddress\",\"streetAddress\":\"san antonio 4, san antonio 4\",\"postalCode\":\"33430\",\"addressLocality\":\"Cand\\u00e1s\",\"addressRegion\":\"Asturias\",\"addressCountry\":\"ES\"}},{\"@type\":\"Person\",\"@id\":\"https:\\\/\\\/candas365.es\\\/noticias\\\/author\\\/admin\\\/#author\",\"url\":\"https:\\\/\\\/candas365.es\\\/noticias\\\/author\\\/admin\\\/\",\"name\":\"Cand\\u00e1s 365\",\"image\":{\"@type\":\"ImageObject\",\"@id\":\"https:\\\/\\\/candas365.es\\\/noticias\\\/vw-centra-su-nueva-estrategia-en-los-coches-electricos-tras-escandalo\\\/#authorImage\",\"url\":\"https:\\\/\\\/secure.gravatar.com\\\/avatar\\\/496a8e03d0c493ede1718b7934145dbdf8d89be1036b0eec9544e1094c9de390?s=96&d=mm&r=g\",\"width\":96,\"height\":96,\"caption\":\"Cand\\u00e1s 365\"},\"sameAs\":[\"https:\\\/\\\/www.facebook.com\\\/carrenoactualidad\",\"https:\\\/\\\/twitter.com\\\/nbasturias\",\"https:\\\/\\\/www.instagram.com\\\/nachofdezber\\\/\",\"https:\\\/\\\/www.youtube.com\\\/channel\\\/UCZP-2wLEB9Rv6erhFmqVnvg\"]},{\"@type\":\"WebPage\",\"@id\":\"https:\\\/\\\/candas365.es\\\/noticias\\\/vw-centra-su-nueva-estrategia-en-los-coches-electricos-tras-escandalo\\\/#webpage\",\"url\":\"https:\\\/\\\/candas365.es\\\/noticias\\\/vw-centra-su-nueva-estrategia-en-los-coches-electricos-tras-escandalo\\\/\",\"name\":\"VW centra su nueva estrategia en los coches el\\u00e9ctricos tras esc\\u00e1ndalo | Cand\\u00e1s 365\",\"description\":\"Wolfsburgo (Alemania), 16 jun (dpa) - El gigante automotor alem\\u00e1n Volkswagen centrar\\u00e1 su nueva estrategia hasta 2025 en los autom\\u00f3viles el\\u00e9ctricos tras el esc\\u00e1ndalo de la manipulaci\\u00f3n de los motores di\\u00e9sel que sumi\\u00f3 a la automotriz en la peor crisis de su historia, inform\\u00f3 hoy su director ejecutivo, Matthias M\\u00fcller. Junto con el negocio de\",\"inLanguage\":\"es-ES\",\"isPartOf\":{\"@id\":\"https:\\\/\\\/candas365.es\\\/noticias\\\/#website\"},\"breadcrumb\":{\"@id\":\"https:\\\/\\\/candas365.es\\\/noticias\\\/vw-centra-su-nueva-estrategia-en-los-coches-electricos-tras-escandalo\\\/#breadcrumblist\"},\"author\":{\"@id\":\"https:\\\/\\\/candas365.es\\\/noticias\\\/author\\\/admin\\\/#author\"},\"creator\":{\"@id\":\"https:\\\/\\\/candas365.es\\\/noticias\\\/author\\\/admin\\\/#author\"},\"image\":{\"@type\":\"ImageObject\",\"url\":\"https:\\\/\\\/candas365.es\\\/noticias\\\/wp-content\\\/uploads\\\/2015\\\/06\\\/carretera.jpg\",\"@id\":\"https:\\\/\\\/candas365.es\\\/noticias\\\/vw-centra-su-nueva-estrategia-en-los-coches-electricos-tras-escandalo\\\/#mainImage\",\"width\":655,\"height\":360},\"primaryImageOfPage\":{\"@id\":\"https:\\\/\\\/candas365.es\\\/noticias\\\/vw-centra-su-nueva-estrategia-en-los-coches-electricos-tras-escandalo\\\/#mainImage\"},\"datePublished\":\"2016-06-16T22:58:19+02:00\",\"dateModified\":\"2016-06-16T22:58:19+02:00\"},{\"@type\":\"WebSite\",\"@id\":\"https:\\\/\\\/candas365.es\\\/noticias\\\/#website\",\"url\":\"https:\\\/\\\/candas365.es\\\/noticias\\\/\",\"name\":\"Cand\\u00e1s 365\",\"alternateName\":\"Cand\\u00e1s 365 Noticias\",\"description\":\"Actualidad desde Carre\\u00f1o para el mundo\",\"inLanguage\":\"es-ES\",\"publisher\":{\"@id\":\"https:\\\/\\\/candas365.es\\\/noticias\\\/#organization\"}}]}\n\t\t<\/script>\n\t\t<!-- All in One SEO Pro -->\r\n\t\t<title>VW centra su nueva estrategia en los coches el\u00e9ctricos tras esc\u00e1ndalo | Cand\u00e1s 365<\/title>\n\n","aioseo_head_json":{"title":"VW centra su nueva estrategia en los coches el\u00e9ctricos tras esc\u00e1ndalo | Cand\u00e1s 365","description":"Wolfsburgo (Alemania), 16 jun (dpa) - El gigante automotor alem\u00e1n Volkswagen centrar\u00e1 su nueva estrategia hasta 2025 en los autom\u00f3viles el\u00e9ctricos tras el esc\u00e1ndalo de la manipulaci\u00f3n de los motores di\u00e9sel que sumi\u00f3 a la automotriz en la peor crisis de su historia, inform\u00f3 hoy su director ejecutivo, Matthias M\u00fcller. Junto con el negocio de","canonical_url":"https:\/\/candas365.es\/noticias\/vw-centra-su-nueva-estrategia-en-los-coches-electricos-tras-escandalo\/","robots":"max-image-preview:large","keywords":"actualidad","webmasterTools":{"google-site-verification":"UA-32230408-1","msvalidate.01":"354F3CDFB2DA171B47FBE9ABF1F88D5","miscellaneous":""},"schema":{"@context":"https:\/\/schema.org","@graph":[{"@type":"BreadcrumbList","@id":"https:\/\/candas365.es\/noticias\/vw-centra-su-nueva-estrategia-en-los-coches-electricos-tras-escandalo\/#breadcrumblist","itemListElement":[{"@type":"ListItem","@id":"https:\/\/candas365.es\/noticias#listItem","position":1,"name":"Home","item":"https:\/\/candas365.es\/noticias","nextItem":{"@type":"ListItem","@id":"https:\/\/candas365.es\/noticias\/category\/actualidad\/#listItem","name":"Actualidad"}},{"@type":"ListItem","@id":"https:\/\/candas365.es\/noticias\/category\/actualidad\/#listItem","position":2,"name":"Actualidad","item":"https:\/\/candas365.es\/noticias\/category\/actualidad\/","nextItem":{"@type":"ListItem","@id":"https:\/\/candas365.es\/noticias\/vw-centra-su-nueva-estrategia-en-los-coches-electricos-tras-escandalo\/#listItem","name":"VW centra su nueva estrategia en los coches el\u00e9ctricos tras esc\u00e1ndalo"},"previousItem":{"@type":"ListItem","@id":"https:\/\/candas365.es\/noticias#listItem","name":"Home"}},{"@type":"ListItem","@id":"https:\/\/candas365.es\/noticias\/vw-centra-su-nueva-estrategia-en-los-coches-electricos-tras-escandalo\/#listItem","position":3,"name":"VW centra su nueva estrategia en los coches el\u00e9ctricos tras esc\u00e1ndalo","previousItem":{"@type":"ListItem","@id":"https:\/\/candas365.es\/noticias\/category\/actualidad\/#listItem","name":"Actualidad"}}]},{"@type":"NewsArticle","@id":"https:\/\/candas365.es\/noticias\/vw-centra-su-nueva-estrategia-en-los-coches-electricos-tras-escandalo\/#newsarticle","name":"VW centra su nueva estrategia en los coches el\u00e9ctricos tras esc\u00e1ndalo | Cand\u00e1s 365","headline":"VW centra su nueva estrategia en los coches el\u00e9ctricos tras esc\u00e1ndalo","author":{"@id":"https:\/\/candas365.es\/noticias\/author\/admin\/#author"},"publisher":{"@id":"https:\/\/candas365.es\/noticias\/#organization"},"image":{"@type":"ImageObject","url":"https:\/\/candas365.es\/noticias\/wp-content\/uploads\/2015\/06\/carretera.jpg","width":655,"height":360},"datePublished":"2016-06-16T22:58:19+02:00","dateModified":"2016-06-16T22:58:19+02:00","inLanguage":"es-ES","mainEntityOfPage":{"@id":"https:\/\/candas365.es\/noticias\/vw-centra-su-nueva-estrategia-en-los-coches-electricos-tras-escandalo\/#webpage"},"isPartOf":{"@id":"https:\/\/candas365.es\/noticias\/vw-centra-su-nueva-estrategia-en-los-coches-electricos-tras-escandalo\/#webpage"},"articleSection":"Actualidad","dateline":"Publicado el junio 16, 2016."},{"@type":"Organization","@id":"https:\/\/candas365.es\/noticias\/#organization","name":"Cand\u00e1s 365","description":"Cand\u00e1s 365 es un diario digital independiente, fundado en 2012, con base en Asturias. Informamos con rigor sobre actualidad, sociedad, cultura y ocio, con una mirada local y global.","url":"https:\/\/candas365.es\/noticias\/","email":"info@candas365.es","telephone":"+34652131393","foundingDate":"2012-06-10","logo":{"@type":"ImageObject","url":"https:\/\/candas365.es\/noticias\/wp-content\/uploads\/2024\/09\/Candas-365-Redes.jpg","@id":"https:\/\/candas365.es\/noticias\/vw-centra-su-nueva-estrategia-en-los-coches-electricos-tras-escandalo\/#organizationLogo","width":1152,"height":864,"caption":"Cand\u00e1s 365 Redes"},"image":{"@id":"https:\/\/candas365.es\/noticias\/vw-centra-su-nueva-estrategia-en-los-coches-electricos-tras-escandalo\/#organizationLogo"},"sameAs":["https:\/\/www.facebook.com\/Nachofdezber","https:\/\/x.com\/NabercoDigital","https:\/\/www.instagram.com\/nachofdezber\/","https:\/\/www.youtube.com\/channel\/UCZP-2wLEB9Rv6erhFmqVnvg"],"address":{"@id":"https:\/\/candas365.es\/noticias\/#postaladdress","@type":"PostalAddress","streetAddress":"san antonio 4, san antonio 4","postalCode":"33430","addressLocality":"Cand\u00e1s","addressRegion":"Asturias","addressCountry":"ES"}},{"@type":"Person","@id":"https:\/\/candas365.es\/noticias\/author\/admin\/#author","url":"https:\/\/candas365.es\/noticias\/author\/admin\/","name":"Cand\u00e1s 365","image":{"@type":"ImageObject","@id":"https:\/\/candas365.es\/noticias\/vw-centra-su-nueva-estrategia-en-los-coches-electricos-tras-escandalo\/#authorImage","url":"https:\/\/secure.gravatar.com\/avatar\/496a8e03d0c493ede1718b7934145dbdf8d89be1036b0eec9544e1094c9de390?s=96&d=mm&r=g","width":96,"height":96,"caption":"Cand\u00e1s 365"},"sameAs":["https:\/\/www.facebook.com\/carrenoactualidad","https:\/\/twitter.com\/nbasturias","https:\/\/www.instagram.com\/nachofdezber\/","https:\/\/www.youtube.com\/channel\/UCZP-2wLEB9Rv6erhFmqVnvg"]},{"@type":"WebPage","@id":"https:\/\/candas365.es\/noticias\/vw-centra-su-nueva-estrategia-en-los-coches-electricos-tras-escandalo\/#webpage","url":"https:\/\/candas365.es\/noticias\/vw-centra-su-nueva-estrategia-en-los-coches-electricos-tras-escandalo\/","name":"VW centra su nueva estrategia en los coches el\u00e9ctricos tras esc\u00e1ndalo | Cand\u00e1s 365","description":"Wolfsburgo (Alemania), 16 jun (dpa) - El gigante automotor alem\u00e1n Volkswagen centrar\u00e1 su nueva estrategia hasta 2025 en los autom\u00f3viles el\u00e9ctricos tras el esc\u00e1ndalo de la manipulaci\u00f3n de los motores di\u00e9sel que sumi\u00f3 a la automotriz en la peor crisis de su historia, inform\u00f3 hoy su director ejecutivo, Matthias M\u00fcller. Junto con el negocio de","inLanguage":"es-ES","isPartOf":{"@id":"https:\/\/candas365.es\/noticias\/#website"},"breadcrumb":{"@id":"https:\/\/candas365.es\/noticias\/vw-centra-su-nueva-estrategia-en-los-coches-electricos-tras-escandalo\/#breadcrumblist"},"author":{"@id":"https:\/\/candas365.es\/noticias\/author\/admin\/#author"},"creator":{"@id":"https:\/\/candas365.es\/noticias\/author\/admin\/#author"},"image":{"@type":"ImageObject","url":"https:\/\/candas365.es\/noticias\/wp-content\/uploads\/2015\/06\/carretera.jpg","@id":"https:\/\/candas365.es\/noticias\/vw-centra-su-nueva-estrategia-en-los-coches-electricos-tras-escandalo\/#mainImage","width":655,"height":360},"primaryImageOfPage":{"@id":"https:\/\/candas365.es\/noticias\/vw-centra-su-nueva-estrategia-en-los-coches-electricos-tras-escandalo\/#mainImage"},"datePublished":"2016-06-16T22:58:19+02:00","dateModified":"2016-06-16T22:58:19+02:00"},{"@type":"WebSite","@id":"https:\/\/candas365.es\/noticias\/#website","url":"https:\/\/candas365.es\/noticias\/","name":"Cand\u00e1s 365","alternateName":"Cand\u00e1s 365 Noticias","description":"Actualidad desde Carre\u00f1o para el mundo","inLanguage":"es-ES","publisher":{"@id":"https:\/\/candas365.es\/noticias\/#organization"}}]},"og:locale":"es_ES","og:site_name":"Cand\u00e1s 365","og:type":"article","og:title":"VW centra su nueva estrategia en los coches el\u00e9ctricos tras esc\u00e1ndalo | Cand\u00e1s 365","og:description":"Wolfsburgo (Alemania), 16 jun (dpa) - El gigante automotor alem\u00e1n Volkswagen centrar\u00e1 su nueva estrategia hasta 2025 en los autom\u00f3viles el\u00e9ctricos tras el esc\u00e1ndalo de la manipulaci\u00f3n de los motores di\u00e9sel que sumi\u00f3 a la automotriz en la peor crisis de su historia, inform\u00f3 hoy su director ejecutivo, Matthias M\u00fcller. Junto con el negocio de","og:url":"https:\/\/candas365.es\/noticias\/vw-centra-su-nueva-estrategia-en-los-coches-electricos-tras-escandalo\/","og:image":"https:\/\/candas365.es\/noticias\/wp-content\/uploads\/2015\/06\/carretera.jpg","og:image:secure_url":"https:\/\/candas365.es\/noticias\/wp-content\/uploads\/2015\/06\/carretera.jpg","og:image:width":655,"og:image:height":360,"article:published_time":"2016-06-16T21:28:19+00:00","article:modified_time":"2016-06-16T21:28:19+00:00","article:publisher":"https:\/\/www.facebook.com\/Nachofdezber","article:author":"https:\/\/www.facebook.com\/carrenoactualidad","twitter:card":"summary_large_image","twitter:site":"@NabercoDigital","twitter:title":"VW centra su nueva estrategia en los coches el\u00e9ctricos tras esc\u00e1ndalo | Cand\u00e1s 365","twitter:description":"Wolfsburgo (Alemania), 16 jun (dpa) - El gigante automotor alem\u00e1n Volkswagen centrar\u00e1 su nueva estrategia hasta 2025 en los autom\u00f3viles el\u00e9ctricos tras el esc\u00e1ndalo de la manipulaci\u00f3n de los motores di\u00e9sel que sumi\u00f3 a la automotriz en la peor crisis de su historia, inform\u00f3 hoy su director ejecutivo, Matthias M\u00fcller. Junto con el negocio de","twitter:creator":"@nbasturias","twitter:image":"https:\/\/candas365.es\/noticias\/wp-content\/uploads\/2015\/06\/carretera.jpg","twitter:label1":"Escrito por","twitter:data1":"Cand\u00e1s 365","twitter:label2":"Tiempo de lectura estimado","twitter:data2":"2 minutos"},"aioseo_meta_data":{"post_id":"30470","title":null,"description":null,"keywords":null,"keyphrases":null,"primary_term":null,"canonical_url":null,"og_title":null,"og_description":null,"og_object_type":"default","og_image_type":"default","og_image_url":null,"og_image_width":null,"og_image_height":null,"og_image_custom_url":null,"og_image_custom_fields":null,"og_video":null,"og_custom_url":null,"og_article_section":null,"og_article_tags":null,"twitter_use_og":false,"twitter_card":"default","twitter_image_type":"default","twitter_image_url":null,"twitter_image_custom_url":null,"twitter_image_custom_fields":null,"twitter_title":null,"twitter_description":null,"schema":{"blockGraphs":[],"customGraphs":[],"default":{"data":{"Article":[],"Course":[],"Dataset":[],"FAQPage":[],"Movie":[],"Person":[],"Product":[],"ProductReview":[],"Car":[],"Recipe":[],"Service":[],"SoftwareApplication":[],"WebPage":[]},"graphName":"","isEnabled":true},"graphs":[],"defaultGraph":"","defaultPostTypeGraph":""},"schema_type":null,"schema_type_options":null,"pillar_content":false,"robots_default":true,"robots_noindex":false,"robots_noarchive":false,"robots_nosnippet":false,"robots_nofollow":false,"robots_noimageindex":false,"robots_noodp":false,"robots_notranslate":false,"robots_max_snippet":null,"robots_max_videopreview":null,"robots_max_imagepreview":"large","priority":null,"frequency":null,"location":null,"local_seo":null,"seo_analyzer_scan_date":"2025-08-24 12:34:10","breadcrumb_settings":null,"limit_modified_date":false,"reviewed_by":null,"open_ai":null,"ai":null,"created":"2020-12-21 12:58:28","updated":"2025-08-24 12:34:10"},"aioseo_breadcrumb":"<div class=\"aioseo-breadcrumbs\"><span class=\"aioseo-breadcrumb\">\n\t<a href=\"https:\/\/candas365.es\/noticias\" title=\"Home\">Home<\/a>\n<\/span><span class=\"aioseo-breadcrumb-separator\">&ndash;<\/span><span class=\"aioseo-breadcrumb\">\n\t<a href=\"https:\/\/candas365.es\/noticias\/category\/actualidad\/\" title=\"Actualidad\">Actualidad<\/a>\n<\/span><span class=\"aioseo-breadcrumb-separator\">&ndash;<\/span><span class=\"aioseo-breadcrumb\">\n\tVW centra su nueva estrategia en los coches el\u00e9ctricos tras esc\u00e1ndalo\n<\/span><\/div>","aioseo_breadcrumb_json":[{"label":"Home","link":"https:\/\/candas365.es\/noticias"},{"label":"Actualidad","link":"https:\/\/candas365.es\/noticias\/category\/actualidad\/"},{"label":"VW centra su nueva estrategia en los coches el\u00e9ctricos tras esc\u00e1ndalo","link":"https:\/\/candas365.es\/noticias\/vw-centra-su-nueva-estrategia-en-los-coches-electricos-tras-escandalo\/"}],"_links":{"self":[{"href":"https:\/\/candas365.es\/noticias\/wp-json\/wp\/v2\/posts\/30470","targetHints":{"allow":["GET"]}}],"collection":[{"href":"https:\/\/candas365.es\/noticias\/wp-json\/wp\/v2\/posts"}],"about":[{"href":"https:\/\/candas365.es\/noticias\/wp-json\/wp\/v2\/types\/post"}],"author":[{"embeddable":true,"href":"https:\/\/candas365.es\/noticias\/wp-json\/wp\/v2\/users\/1"}],"replies":[{"embeddable":true,"href":"https:\/\/candas365.es\/noticias\/wp-json\/wp\/v2\/comments?post=30470"}],"version-history":[{"count":0,"href":"https:\/\/candas365.es\/noticias\/wp-json\/wp\/v2\/posts\/30470\/revisions"}],"wp:featuredmedia":[{"embeddable":true,"href":"https:\/\/candas365.es\/noticias\/wp-json\/wp\/v2\/media\/11776"}],"wp:attachment":[{"href":"https:\/\/candas365.es\/noticias\/wp-json\/wp\/v2\/media?parent=30470"}],"wp:term":[{"taxonomy":"category","embeddable":true,"href":"https:\/\/candas365.es\/noticias\/wp-json\/wp\/v2\/categories?post=30470"},{"taxonomy":"post_tag","embeddable":true,"href":"https:\/\/candas365.es\/noticias\/wp-json\/wp\/v2\/tags?post=30470"}],"curies":[{"name":"wp","href":"https:\/\/api.w.org\/{rel}","templated":true}]}}