{"id":30464,"date":"2016-06-16T22:55:47","date_gmt":"2016-06-16T21:25:47","guid":{"rendered":"http:\/\/candas365.es\/noticias\/?p=30464"},"modified":"2016-06-16T22:55:47","modified_gmt":"2016-06-16T21:25:47","slug":"crearan-catalogo-de-la-produccion-del-artista-aleman-gunther-uecker","status":"publish","type":"post","link":"https:\/\/candas365.es\/noticias\/crearan-catalogo-de-la-produccion-del-artista-aleman-gunther-uecker\/","title":{"rendered":"Crear\u00e1n cat\u00e1logo de la producci\u00f3n del artista alem\u00e1n G\u00fcnther Uecker"},"content":{"rendered":"<p>D\u00fcsseldorf, 16 jun (dpa) &#8211; La obra del pintor y escultor alem\u00e1n G\u00fcnther Uecker, conocido por sus instalaciones con clavos, suma m\u00e1s de 5.000 piezas desde sus inicios en los a\u00f1os 1950. \u00c9stas ser\u00e1n ahora catalogadas en el marco de un proyecto de investigaci\u00f3n de tres a\u00f1os de duraci\u00f3n.<\/p>\n<p>\u00abSu obra ser\u00e1 registrada digitalmente y aparecer\u00e1 tambi\u00e9n como libro\u00bb, se\u00f1al\u00f3 Marion Ackermann, directora de la Colecci\u00f3n de Arte del estado federado Renania del Norte-Westfalia. Otros de los responsables del proyecto son, adem\u00e1s de Ackermann, la historiadora del arte Florence Thurmes y la misma Colecci\u00f3n de Arte, mientras que la fundaci\u00f3n cultural Kaldewei Kulturstiftung con sede en la ciudad de Ahlen se encargar\u00e1 de la financiaci\u00f3n de los costos que ascienden a 300.000 euros.<\/p>\n<p>El cat\u00e1logo no s\u00f3lo ser\u00e1 un \u00abestudio profundo\u00bb sino que servir\u00e1 como referencia en la comprobaci\u00f3n de la autenticidad, explic\u00f3 Ackermann. \u00abCada vez aparecen m\u00e1s falsificaciones de obras de Uecker en el mercado\u00bb, agreg\u00f3. Actualmente existe s\u00f3lo un cat\u00e1logo que se realiz\u00f3 en los primeros a\u00f1os de la d\u00e9cada del 1980 y que contiene unas 1.000 obras.<\/p>\n<p>Uecker, de 86 a\u00f1os de edad y originario del estado alem\u00e1n de Mecklemburgo-Pomerania Occidental, tiene desde hace d\u00e9cadas su estudio en D\u00fcsseldorf. En 1961 se uni\u00f3 al grupo art\u00edstico ZERO, fundado por Heinz Mack y Otto Piene, que proclam\u00f3 una \u00abhora cero\u00bb en el arte de la posguerra. Las obras de Uecker se han exhibido en el \u00e1mbito internacional.<\/p>\n<p>&nbsp;<\/p>\n","protected":false},"excerpt":{"rendered":"<p>D\u00fcsseldorf, 16 jun (dpa) &#8211; La obra del pintor y escultor alem\u00e1n G\u00fcnther Uecker, conocido por sus instalaciones con clavos, suma m\u00e1s de 5.000 piezas desde sus inicios en los a\u00f1os 1950. \u00c9stas ser\u00e1n ahora catalogadas en el marco de un proyecto de investigaci\u00f3n de tres a\u00f1os de duraci\u00f3n. \u00abSu obra ser\u00e1 registrada digitalmente y<\/p>\n","protected":false},"author":1,"featured_media":16457,"comment_status":"closed","ping_status":"closed","sticky":false,"template":"","format":"standard","meta":{"footnotes":""},"categories":[343],"tags":[],"class_list":{"0":"post-30464","1":"post","2":"type-post","3":"status-publish","4":"format-standard","5":"has-post-thumbnail","7":"category-actualidad"},"aioseo_notices":[],"aioseo_head":"\n\t\t<!-- All in One SEO Pro 4.9.6.2 - aioseo.com -->\n\t<meta name=\"description\" content=\"D\u00fcsseldorf, 16 jun (dpa) - La obra del pintor y escultor alem\u00e1n G\u00fcnther Uecker, conocido por sus instalaciones con clavos, suma m\u00e1s de 5.000 piezas desde sus inicios en los a\u00f1os 1950. \u00c9stas ser\u00e1n ahora catalogadas en el marco de un proyecto de investigaci\u00f3n de tres a\u00f1os de duraci\u00f3n. &quot;Su obra ser\u00e1 registrada digitalmente y\" \/>\n\t<meta name=\"robots\" content=\"max-image-preview:large\" \/>\n\t<meta name=\"author\" content=\"Cand\u00e1s 365\"\/>\n\t<meta name=\"google-site-verification\" content=\"UA-32230408-1\" \/>\n\t<meta name=\"msvalidate.01\" content=\"354F3CDFB2DA171B47FBE9ABF1F88D5\" \/>\n\t<meta name=\"keywords\" content=\"actualidad\" \/>\n\t<link rel=\"canonical\" href=\"https:\/\/candas365.es\/noticias\/crearan-catalogo-de-la-produccion-del-artista-aleman-gunther-uecker\/\" \/>\n\t<meta name=\"generator\" content=\"All in One SEO Pro (AIOSEO) 4.9.6.2\" \/>\n\t\t<meta property=\"og:locale\" content=\"es_ES\" \/>\n\t\t<meta property=\"og:site_name\" content=\"Cand\u00e1s 365\" \/>\n\t\t<meta property=\"og:type\" content=\"article\" \/>\n\t\t<meta property=\"og:title\" content=\"Crear\u00e1n cat\u00e1logo de la producci\u00f3n del artista alem\u00e1n G\u00fcnther Uecker | Cand\u00e1s 365\" \/>\n\t\t<meta property=\"og:description\" content=\"D\u00fcsseldorf, 16 jun (dpa) - La obra del pintor y escultor alem\u00e1n G\u00fcnther Uecker, conocido por sus instalaciones con clavos, suma m\u00e1s de 5.000 piezas desde sus inicios en los a\u00f1os 1950. \u00c9stas ser\u00e1n ahora catalogadas en el marco de un proyecto de investigaci\u00f3n de tres a\u00f1os de duraci\u00f3n. &quot;Su obra ser\u00e1 registrada digitalmente y\" \/>\n\t\t<meta property=\"og:url\" content=\"https:\/\/candas365.es\/noticias\/crearan-catalogo-de-la-produccion-del-artista-aleman-gunther-uecker\/\" \/>\n\t\t<meta property=\"og:image\" content=\"https:\/\/candas365.es\/noticias\/wp-content\/uploads\/2015\/09\/c365noticias.jpg\" \/>\n\t\t<meta property=\"og:image:secure_url\" content=\"https:\/\/candas365.es\/noticias\/wp-content\/uploads\/2015\/09\/c365noticias.jpg\" \/>\n\t\t<meta property=\"og:image:width\" content=\"655\" \/>\n\t\t<meta property=\"og:image:height\" content=\"360\" \/>\n\t\t<meta property=\"article:published_time\" content=\"2016-06-16T21:25:47+00:00\" \/>\n\t\t<meta property=\"article:modified_time\" content=\"2016-06-16T21:25:47+00:00\" \/>\n\t\t<meta property=\"article:publisher\" content=\"https:\/\/www.facebook.com\/Nachofdezber\" \/>\n\t\t<meta property=\"article:author\" content=\"https:\/\/www.facebook.com\/carrenoactualidad\" \/>\n\t\t<meta name=\"twitter:card\" content=\"summary_large_image\" \/>\n\t\t<meta name=\"twitter:site\" content=\"@NabercoDigital\" \/>\n\t\t<meta name=\"twitter:title\" content=\"Crear\u00e1n cat\u00e1logo de la producci\u00f3n del artista alem\u00e1n G\u00fcnther Uecker | Cand\u00e1s 365\" \/>\n\t\t<meta name=\"twitter:description\" content=\"D\u00fcsseldorf, 16 jun (dpa) - La obra del pintor y escultor alem\u00e1n G\u00fcnther Uecker, conocido por sus instalaciones con clavos, suma m\u00e1s de 5.000 piezas desde sus inicios en los a\u00f1os 1950. \u00c9stas ser\u00e1n ahora catalogadas en el marco de un proyecto de investigaci\u00f3n de tres a\u00f1os de duraci\u00f3n. &quot;Su obra ser\u00e1 registrada digitalmente y\" \/>\n\t\t<meta name=\"twitter:creator\" content=\"@nbasturias\" \/>\n\t\t<meta name=\"twitter:image\" content=\"https:\/\/candas365.es\/noticias\/wp-content\/uploads\/2015\/09\/c365noticias.jpg\" \/>\n\t\t<meta name=\"twitter:label1\" content=\"Escrito por\" \/>\n\t\t<meta name=\"twitter:data1\" content=\"Cand\u00e1s 365\" \/>\n\t\t<meta name=\"twitter:label2\" content=\"Tiempo de lectura estimado\" \/>\n\t\t<meta name=\"twitter:data2\" content=\"1 minuto\" \/>\n\t\t<script type=\"application\/ld+json\" class=\"aioseo-schema\">\n\t\t\t{\"@context\":\"https:\\\/\\\/schema.org\",\"@graph\":[{\"@type\":\"BreadcrumbList\",\"@id\":\"https:\\\/\\\/candas365.es\\\/noticias\\\/crearan-catalogo-de-la-produccion-del-artista-aleman-gunther-uecker\\\/#breadcrumblist\",\"itemListElement\":[{\"@type\":\"ListItem\",\"@id\":\"https:\\\/\\\/candas365.es\\\/noticias#listItem\",\"position\":1,\"name\":\"Home\",\"item\":\"https:\\\/\\\/candas365.es\\\/noticias\",\"nextItem\":{\"@type\":\"ListItem\",\"@id\":\"https:\\\/\\\/candas365.es\\\/noticias\\\/category\\\/actualidad\\\/#listItem\",\"name\":\"Actualidad\"}},{\"@type\":\"ListItem\",\"@id\":\"https:\\\/\\\/candas365.es\\\/noticias\\\/category\\\/actualidad\\\/#listItem\",\"position\":2,\"name\":\"Actualidad\",\"item\":\"https:\\\/\\\/candas365.es\\\/noticias\\\/category\\\/actualidad\\\/\",\"nextItem\":{\"@type\":\"ListItem\",\"@id\":\"https:\\\/\\\/candas365.es\\\/noticias\\\/crearan-catalogo-de-la-produccion-del-artista-aleman-gunther-uecker\\\/#listItem\",\"name\":\"Crear\\u00e1n cat\\u00e1logo de la producci\\u00f3n del artista alem\\u00e1n G\\u00fcnther Uecker\"},\"previousItem\":{\"@type\":\"ListItem\",\"@id\":\"https:\\\/\\\/candas365.es\\\/noticias#listItem\",\"name\":\"Home\"}},{\"@type\":\"ListItem\",\"@id\":\"https:\\\/\\\/candas365.es\\\/noticias\\\/crearan-catalogo-de-la-produccion-del-artista-aleman-gunther-uecker\\\/#listItem\",\"position\":3,\"name\":\"Crear\\u00e1n cat\\u00e1logo de la producci\\u00f3n del artista alem\\u00e1n G\\u00fcnther Uecker\",\"previousItem\":{\"@type\":\"ListItem\",\"@id\":\"https:\\\/\\\/candas365.es\\\/noticias\\\/category\\\/actualidad\\\/#listItem\",\"name\":\"Actualidad\"}}]},{\"@type\":\"NewsArticle\",\"@id\":\"https:\\\/\\\/candas365.es\\\/noticias\\\/crearan-catalogo-de-la-produccion-del-artista-aleman-gunther-uecker\\\/#newsarticle\",\"name\":\"Crear\\u00e1n cat\\u00e1logo de la producci\\u00f3n del artista alem\\u00e1n G\\u00fcnther Uecker | Cand\\u00e1s 365\",\"headline\":\"Crear\\u00e1n cat\\u00e1logo de la producci\\u00f3n del artista alem\\u00e1n G\\u00fcnther Uecker\",\"author\":{\"@id\":\"https:\\\/\\\/candas365.es\\\/noticias\\\/author\\\/admin\\\/#author\"},\"publisher\":{\"@id\":\"https:\\\/\\\/candas365.es\\\/noticias\\\/#organization\"},\"image\":{\"@type\":\"ImageObject\",\"url\":\"https:\\\/\\\/candas365.es\\\/noticias\\\/wp-content\\\/uploads\\\/2015\\\/09\\\/c365noticias.jpg\",\"width\":655,\"height\":360},\"datePublished\":\"2016-06-16T22:55:47+02:00\",\"dateModified\":\"2016-06-16T22:55:47+02:00\",\"inLanguage\":\"es-ES\",\"mainEntityOfPage\":{\"@id\":\"https:\\\/\\\/candas365.es\\\/noticias\\\/crearan-catalogo-de-la-produccion-del-artista-aleman-gunther-uecker\\\/#webpage\"},\"isPartOf\":{\"@id\":\"https:\\\/\\\/candas365.es\\\/noticias\\\/crearan-catalogo-de-la-produccion-del-artista-aleman-gunther-uecker\\\/#webpage\"},\"articleSection\":\"Actualidad\",\"dateline\":\"Publicado el junio 16, 2016.\"},{\"@type\":\"Organization\",\"@id\":\"https:\\\/\\\/candas365.es\\\/noticias\\\/#organization\",\"name\":\"Cand\\u00e1s 365\",\"description\":\"Cand\\u00e1s 365 es un diario digital independiente, fundado en 2012, con base en Asturias. Informamos con rigor sobre actualidad, sociedad, cultura y ocio, con una mirada local y global.\",\"url\":\"https:\\\/\\\/candas365.es\\\/noticias\\\/\",\"email\":\"info@candas365.es\",\"telephone\":\"+34652131393\",\"foundingDate\":\"2012-06-10\",\"logo\":{\"@type\":\"ImageObject\",\"url\":\"https:\\\/\\\/candas365.es\\\/noticias\\\/wp-content\\\/uploads\\\/2024\\\/09\\\/Candas-365-Redes.jpg\",\"@id\":\"https:\\\/\\\/candas365.es\\\/noticias\\\/crearan-catalogo-de-la-produccion-del-artista-aleman-gunther-uecker\\\/#organizationLogo\",\"width\":1152,\"height\":864,\"caption\":\"Cand\\u00e1s 365 Redes\"},\"image\":{\"@id\":\"https:\\\/\\\/candas365.es\\\/noticias\\\/crearan-catalogo-de-la-produccion-del-artista-aleman-gunther-uecker\\\/#organizationLogo\"},\"sameAs\":[\"https:\\\/\\\/www.facebook.com\\\/Nachofdezber\",\"https:\\\/\\\/x.com\\\/NabercoDigital\",\"https:\\\/\\\/www.instagram.com\\\/nachofdezber\\\/\",\"https:\\\/\\\/www.youtube.com\\\/channel\\\/UCZP-2wLEB9Rv6erhFmqVnvg\"],\"address\":{\"@id\":\"https:\\\/\\\/candas365.es\\\/noticias\\\/#postaladdress\",\"@type\":\"PostalAddress\",\"streetAddress\":\"san antonio 4, san antonio 4\",\"postalCode\":\"33430\",\"addressLocality\":\"Cand\\u00e1s\",\"addressRegion\":\"Asturias\",\"addressCountry\":\"ES\"}},{\"@type\":\"Person\",\"@id\":\"https:\\\/\\\/candas365.es\\\/noticias\\\/author\\\/admin\\\/#author\",\"url\":\"https:\\\/\\\/candas365.es\\\/noticias\\\/author\\\/admin\\\/\",\"name\":\"Cand\\u00e1s 365\",\"image\":{\"@type\":\"ImageObject\",\"@id\":\"https:\\\/\\\/candas365.es\\\/noticias\\\/crearan-catalogo-de-la-produccion-del-artista-aleman-gunther-uecker\\\/#authorImage\",\"url\":\"https:\\\/\\\/secure.gravatar.com\\\/avatar\\\/496a8e03d0c493ede1718b7934145dbdf8d89be1036b0eec9544e1094c9de390?s=96&d=mm&r=g\",\"width\":96,\"height\":96,\"caption\":\"Cand\\u00e1s 365\"},\"sameAs\":[\"https:\\\/\\\/www.facebook.com\\\/carrenoactualidad\",\"https:\\\/\\\/twitter.com\\\/nbasturias\",\"https:\\\/\\\/www.instagram.com\\\/nachofdezber\\\/\",\"https:\\\/\\\/www.youtube.com\\\/channel\\\/UCZP-2wLEB9Rv6erhFmqVnvg\"]},{\"@type\":\"WebPage\",\"@id\":\"https:\\\/\\\/candas365.es\\\/noticias\\\/crearan-catalogo-de-la-produccion-del-artista-aleman-gunther-uecker\\\/#webpage\",\"url\":\"https:\\\/\\\/candas365.es\\\/noticias\\\/crearan-catalogo-de-la-produccion-del-artista-aleman-gunther-uecker\\\/\",\"name\":\"Crear\\u00e1n cat\\u00e1logo de la producci\\u00f3n del artista alem\\u00e1n G\\u00fcnther Uecker | Cand\\u00e1s 365\",\"description\":\"D\\u00fcsseldorf, 16 jun (dpa) - La obra del pintor y escultor alem\\u00e1n G\\u00fcnther Uecker, conocido por sus instalaciones con clavos, suma m\\u00e1s de 5.000 piezas desde sus inicios en los a\\u00f1os 1950. \\u00c9stas ser\\u00e1n ahora catalogadas en el marco de un proyecto de investigaci\\u00f3n de tres a\\u00f1os de duraci\\u00f3n. \\\"Su obra ser\\u00e1 registrada digitalmente y\",\"inLanguage\":\"es-ES\",\"isPartOf\":{\"@id\":\"https:\\\/\\\/candas365.es\\\/noticias\\\/#website\"},\"breadcrumb\":{\"@id\":\"https:\\\/\\\/candas365.es\\\/noticias\\\/crearan-catalogo-de-la-produccion-del-artista-aleman-gunther-uecker\\\/#breadcrumblist\"},\"author\":{\"@id\":\"https:\\\/\\\/candas365.es\\\/noticias\\\/author\\\/admin\\\/#author\"},\"creator\":{\"@id\":\"https:\\\/\\\/candas365.es\\\/noticias\\\/author\\\/admin\\\/#author\"},\"image\":{\"@type\":\"ImageObject\",\"url\":\"https:\\\/\\\/candas365.es\\\/noticias\\\/wp-content\\\/uploads\\\/2015\\\/09\\\/c365noticias.jpg\",\"@id\":\"https:\\\/\\\/candas365.es\\\/noticias\\\/crearan-catalogo-de-la-produccion-del-artista-aleman-gunther-uecker\\\/#mainImage\",\"width\":655,\"height\":360},\"primaryImageOfPage\":{\"@id\":\"https:\\\/\\\/candas365.es\\\/noticias\\\/crearan-catalogo-de-la-produccion-del-artista-aleman-gunther-uecker\\\/#mainImage\"},\"datePublished\":\"2016-06-16T22:55:47+02:00\",\"dateModified\":\"2016-06-16T22:55:47+02:00\"},{\"@type\":\"WebSite\",\"@id\":\"https:\\\/\\\/candas365.es\\\/noticias\\\/#website\",\"url\":\"https:\\\/\\\/candas365.es\\\/noticias\\\/\",\"name\":\"Cand\\u00e1s 365\",\"alternateName\":\"Cand\\u00e1s 365 Noticias\",\"description\":\"Actualidad desde Carre\\u00f1o para el mundo\",\"inLanguage\":\"es-ES\",\"publisher\":{\"@id\":\"https:\\\/\\\/candas365.es\\\/noticias\\\/#organization\"}}]}\n\t\t<\/script>\n\t\t<!-- All in One SEO Pro -->\r\n\t\t<title>Crear\u00e1n cat\u00e1logo de la producci\u00f3n del artista alem\u00e1n G\u00fcnther Uecker | Cand\u00e1s 365<\/title>\n\n","aioseo_head_json":{"title":"Crear\u00e1n cat\u00e1logo de la producci\u00f3n del artista alem\u00e1n G\u00fcnther Uecker | Cand\u00e1s 365","description":"D\u00fcsseldorf, 16 jun (dpa) - La obra del pintor y escultor alem\u00e1n G\u00fcnther Uecker, conocido por sus instalaciones con clavos, suma m\u00e1s de 5.000 piezas desde sus inicios en los a\u00f1os 1950. \u00c9stas ser\u00e1n ahora catalogadas en el marco de un proyecto de investigaci\u00f3n de tres a\u00f1os de duraci\u00f3n. \"Su obra ser\u00e1 registrada digitalmente y","canonical_url":"https:\/\/candas365.es\/noticias\/crearan-catalogo-de-la-produccion-del-artista-aleman-gunther-uecker\/","robots":"max-image-preview:large","keywords":"actualidad","webmasterTools":{"google-site-verification":"UA-32230408-1","msvalidate.01":"354F3CDFB2DA171B47FBE9ABF1F88D5","miscellaneous":""},"schema":{"@context":"https:\/\/schema.org","@graph":[{"@type":"BreadcrumbList","@id":"https:\/\/candas365.es\/noticias\/crearan-catalogo-de-la-produccion-del-artista-aleman-gunther-uecker\/#breadcrumblist","itemListElement":[{"@type":"ListItem","@id":"https:\/\/candas365.es\/noticias#listItem","position":1,"name":"Home","item":"https:\/\/candas365.es\/noticias","nextItem":{"@type":"ListItem","@id":"https:\/\/candas365.es\/noticias\/category\/actualidad\/#listItem","name":"Actualidad"}},{"@type":"ListItem","@id":"https:\/\/candas365.es\/noticias\/category\/actualidad\/#listItem","position":2,"name":"Actualidad","item":"https:\/\/candas365.es\/noticias\/category\/actualidad\/","nextItem":{"@type":"ListItem","@id":"https:\/\/candas365.es\/noticias\/crearan-catalogo-de-la-produccion-del-artista-aleman-gunther-uecker\/#listItem","name":"Crear\u00e1n cat\u00e1logo de la producci\u00f3n del artista alem\u00e1n G\u00fcnther Uecker"},"previousItem":{"@type":"ListItem","@id":"https:\/\/candas365.es\/noticias#listItem","name":"Home"}},{"@type":"ListItem","@id":"https:\/\/candas365.es\/noticias\/crearan-catalogo-de-la-produccion-del-artista-aleman-gunther-uecker\/#listItem","position":3,"name":"Crear\u00e1n cat\u00e1logo de la producci\u00f3n del artista alem\u00e1n G\u00fcnther Uecker","previousItem":{"@type":"ListItem","@id":"https:\/\/candas365.es\/noticias\/category\/actualidad\/#listItem","name":"Actualidad"}}]},{"@type":"NewsArticle","@id":"https:\/\/candas365.es\/noticias\/crearan-catalogo-de-la-produccion-del-artista-aleman-gunther-uecker\/#newsarticle","name":"Crear\u00e1n cat\u00e1logo de la producci\u00f3n del artista alem\u00e1n G\u00fcnther Uecker | Cand\u00e1s 365","headline":"Crear\u00e1n cat\u00e1logo de la producci\u00f3n del artista alem\u00e1n G\u00fcnther Uecker","author":{"@id":"https:\/\/candas365.es\/noticias\/author\/admin\/#author"},"publisher":{"@id":"https:\/\/candas365.es\/noticias\/#organization"},"image":{"@type":"ImageObject","url":"https:\/\/candas365.es\/noticias\/wp-content\/uploads\/2015\/09\/c365noticias.jpg","width":655,"height":360},"datePublished":"2016-06-16T22:55:47+02:00","dateModified":"2016-06-16T22:55:47+02:00","inLanguage":"es-ES","mainEntityOfPage":{"@id":"https:\/\/candas365.es\/noticias\/crearan-catalogo-de-la-produccion-del-artista-aleman-gunther-uecker\/#webpage"},"isPartOf":{"@id":"https:\/\/candas365.es\/noticias\/crearan-catalogo-de-la-produccion-del-artista-aleman-gunther-uecker\/#webpage"},"articleSection":"Actualidad","dateline":"Publicado el junio 16, 2016."},{"@type":"Organization","@id":"https:\/\/candas365.es\/noticias\/#organization","name":"Cand\u00e1s 365","description":"Cand\u00e1s 365 es un diario digital independiente, fundado en 2012, con base en Asturias. Informamos con rigor sobre actualidad, sociedad, cultura y ocio, con una mirada local y global.","url":"https:\/\/candas365.es\/noticias\/","email":"info@candas365.es","telephone":"+34652131393","foundingDate":"2012-06-10","logo":{"@type":"ImageObject","url":"https:\/\/candas365.es\/noticias\/wp-content\/uploads\/2024\/09\/Candas-365-Redes.jpg","@id":"https:\/\/candas365.es\/noticias\/crearan-catalogo-de-la-produccion-del-artista-aleman-gunther-uecker\/#organizationLogo","width":1152,"height":864,"caption":"Cand\u00e1s 365 Redes"},"image":{"@id":"https:\/\/candas365.es\/noticias\/crearan-catalogo-de-la-produccion-del-artista-aleman-gunther-uecker\/#organizationLogo"},"sameAs":["https:\/\/www.facebook.com\/Nachofdezber","https:\/\/x.com\/NabercoDigital","https:\/\/www.instagram.com\/nachofdezber\/","https:\/\/www.youtube.com\/channel\/UCZP-2wLEB9Rv6erhFmqVnvg"],"address":{"@id":"https:\/\/candas365.es\/noticias\/#postaladdress","@type":"PostalAddress","streetAddress":"san antonio 4, san antonio 4","postalCode":"33430","addressLocality":"Cand\u00e1s","addressRegion":"Asturias","addressCountry":"ES"}},{"@type":"Person","@id":"https:\/\/candas365.es\/noticias\/author\/admin\/#author","url":"https:\/\/candas365.es\/noticias\/author\/admin\/","name":"Cand\u00e1s 365","image":{"@type":"ImageObject","@id":"https:\/\/candas365.es\/noticias\/crearan-catalogo-de-la-produccion-del-artista-aleman-gunther-uecker\/#authorImage","url":"https:\/\/secure.gravatar.com\/avatar\/496a8e03d0c493ede1718b7934145dbdf8d89be1036b0eec9544e1094c9de390?s=96&d=mm&r=g","width":96,"height":96,"caption":"Cand\u00e1s 365"},"sameAs":["https:\/\/www.facebook.com\/carrenoactualidad","https:\/\/twitter.com\/nbasturias","https:\/\/www.instagram.com\/nachofdezber\/","https:\/\/www.youtube.com\/channel\/UCZP-2wLEB9Rv6erhFmqVnvg"]},{"@type":"WebPage","@id":"https:\/\/candas365.es\/noticias\/crearan-catalogo-de-la-produccion-del-artista-aleman-gunther-uecker\/#webpage","url":"https:\/\/candas365.es\/noticias\/crearan-catalogo-de-la-produccion-del-artista-aleman-gunther-uecker\/","name":"Crear\u00e1n cat\u00e1logo de la producci\u00f3n del artista alem\u00e1n G\u00fcnther Uecker | Cand\u00e1s 365","description":"D\u00fcsseldorf, 16 jun (dpa) - La obra del pintor y escultor alem\u00e1n G\u00fcnther Uecker, conocido por sus instalaciones con clavos, suma m\u00e1s de 5.000 piezas desde sus inicios en los a\u00f1os 1950. \u00c9stas ser\u00e1n ahora catalogadas en el marco de un proyecto de investigaci\u00f3n de tres a\u00f1os de duraci\u00f3n. \"Su obra ser\u00e1 registrada digitalmente y","inLanguage":"es-ES","isPartOf":{"@id":"https:\/\/candas365.es\/noticias\/#website"},"breadcrumb":{"@id":"https:\/\/candas365.es\/noticias\/crearan-catalogo-de-la-produccion-del-artista-aleman-gunther-uecker\/#breadcrumblist"},"author":{"@id":"https:\/\/candas365.es\/noticias\/author\/admin\/#author"},"creator":{"@id":"https:\/\/candas365.es\/noticias\/author\/admin\/#author"},"image":{"@type":"ImageObject","url":"https:\/\/candas365.es\/noticias\/wp-content\/uploads\/2015\/09\/c365noticias.jpg","@id":"https:\/\/candas365.es\/noticias\/crearan-catalogo-de-la-produccion-del-artista-aleman-gunther-uecker\/#mainImage","width":655,"height":360},"primaryImageOfPage":{"@id":"https:\/\/candas365.es\/noticias\/crearan-catalogo-de-la-produccion-del-artista-aleman-gunther-uecker\/#mainImage"},"datePublished":"2016-06-16T22:55:47+02:00","dateModified":"2016-06-16T22:55:47+02:00"},{"@type":"WebSite","@id":"https:\/\/candas365.es\/noticias\/#website","url":"https:\/\/candas365.es\/noticias\/","name":"Cand\u00e1s 365","alternateName":"Cand\u00e1s 365 Noticias","description":"Actualidad desde Carre\u00f1o para el mundo","inLanguage":"es-ES","publisher":{"@id":"https:\/\/candas365.es\/noticias\/#organization"}}]},"og:locale":"es_ES","og:site_name":"Cand\u00e1s 365","og:type":"article","og:title":"Crear\u00e1n cat\u00e1logo de la producci\u00f3n del artista alem\u00e1n G\u00fcnther Uecker | Cand\u00e1s 365","og:description":"D\u00fcsseldorf, 16 jun (dpa) - La obra del pintor y escultor alem\u00e1n G\u00fcnther Uecker, conocido por sus instalaciones con clavos, suma m\u00e1s de 5.000 piezas desde sus inicios en los a\u00f1os 1950. \u00c9stas ser\u00e1n ahora catalogadas en el marco de un proyecto de investigaci\u00f3n de tres a\u00f1os de duraci\u00f3n. &quot;Su obra ser\u00e1 registrada digitalmente y","og:url":"https:\/\/candas365.es\/noticias\/crearan-catalogo-de-la-produccion-del-artista-aleman-gunther-uecker\/","og:image":"https:\/\/candas365.es\/noticias\/wp-content\/uploads\/2015\/09\/c365noticias.jpg","og:image:secure_url":"https:\/\/candas365.es\/noticias\/wp-content\/uploads\/2015\/09\/c365noticias.jpg","og:image:width":655,"og:image:height":360,"article:published_time":"2016-06-16T21:25:47+00:00","article:modified_time":"2016-06-16T21:25:47+00:00","article:publisher":"https:\/\/www.facebook.com\/Nachofdezber","article:author":"https:\/\/www.facebook.com\/carrenoactualidad","twitter:card":"summary_large_image","twitter:site":"@NabercoDigital","twitter:title":"Crear\u00e1n cat\u00e1logo de la producci\u00f3n del artista alem\u00e1n G\u00fcnther Uecker | Cand\u00e1s 365","twitter:description":"D\u00fcsseldorf, 16 jun (dpa) - La obra del pintor y escultor alem\u00e1n G\u00fcnther Uecker, conocido por sus instalaciones con clavos, suma m\u00e1s de 5.000 piezas desde sus inicios en los a\u00f1os 1950. \u00c9stas ser\u00e1n ahora catalogadas en el marco de un proyecto de investigaci\u00f3n de tres a\u00f1os de duraci\u00f3n. &quot;Su obra ser\u00e1 registrada digitalmente y","twitter:creator":"@nbasturias","twitter:image":"https:\/\/candas365.es\/noticias\/wp-content\/uploads\/2015\/09\/c365noticias.jpg","twitter:label1":"Escrito por","twitter:data1":"Cand\u00e1s 365","twitter:label2":"Tiempo de lectura estimado","twitter:data2":"1 minuto"},"aioseo_meta_data":{"post_id":"30464","title":null,"description":null,"keywords":null,"keyphrases":null,"primary_term":null,"canonical_url":null,"og_title":null,"og_description":null,"og_object_type":"default","og_image_type":"default","og_image_url":null,"og_image_width":null,"og_image_height":null,"og_image_custom_url":null,"og_image_custom_fields":null,"og_video":null,"og_custom_url":null,"og_article_section":null,"og_article_tags":null,"twitter_use_og":false,"twitter_card":"default","twitter_image_type":"default","twitter_image_url":null,"twitter_image_custom_url":null,"twitter_image_custom_fields":null,"twitter_title":null,"twitter_description":null,"schema":{"blockGraphs":[],"customGraphs":[],"default":{"data":{"Article":[],"Course":[],"Dataset":[],"FAQPage":[],"Movie":[],"Person":[],"Product":[],"ProductReview":[],"Car":[],"Recipe":[],"Service":[],"SoftwareApplication":[],"WebPage":[]},"graphName":"","isEnabled":true},"graphs":[],"defaultGraph":"","defaultPostTypeGraph":""},"schema_type":null,"schema_type_options":null,"pillar_content":false,"robots_default":true,"robots_noindex":false,"robots_noarchive":false,"robots_nosnippet":false,"robots_nofollow":false,"robots_noimageindex":false,"robots_noodp":false,"robots_notranslate":false,"robots_max_snippet":null,"robots_max_videopreview":null,"robots_max_imagepreview":"large","priority":null,"frequency":null,"location":null,"local_seo":null,"seo_analyzer_scan_date":"2025-08-24 12:33:15","breadcrumb_settings":null,"limit_modified_date":false,"reviewed_by":null,"open_ai":null,"ai":null,"created":"2020-12-21 11:51:01","updated":"2025-08-24 12:33:15"},"aioseo_breadcrumb":"<div class=\"aioseo-breadcrumbs\"><span class=\"aioseo-breadcrumb\">\n\t<a href=\"https:\/\/candas365.es\/noticias\" title=\"Home\">Home<\/a>\n<\/span><span class=\"aioseo-breadcrumb-separator\">&ndash;<\/span><span class=\"aioseo-breadcrumb\">\n\t<a href=\"https:\/\/candas365.es\/noticias\/category\/actualidad\/\" title=\"Actualidad\">Actualidad<\/a>\n<\/span><span class=\"aioseo-breadcrumb-separator\">&ndash;<\/span><span class=\"aioseo-breadcrumb\">\n\tCrear\u00e1n cat\u00e1logo de la producci\u00f3n del artista alem\u00e1n G\u00fcnther Uecker\n<\/span><\/div>","aioseo_breadcrumb_json":[{"label":"Home","link":"https:\/\/candas365.es\/noticias"},{"label":"Actualidad","link":"https:\/\/candas365.es\/noticias\/category\/actualidad\/"},{"label":"Crear\u00e1n cat\u00e1logo de la producci\u00f3n del artista alem\u00e1n G\u00fcnther Uecker","link":"https:\/\/candas365.es\/noticias\/crearan-catalogo-de-la-produccion-del-artista-aleman-gunther-uecker\/"}],"_links":{"self":[{"href":"https:\/\/candas365.es\/noticias\/wp-json\/wp\/v2\/posts\/30464","targetHints":{"allow":["GET"]}}],"collection":[{"href":"https:\/\/candas365.es\/noticias\/wp-json\/wp\/v2\/posts"}],"about":[{"href":"https:\/\/candas365.es\/noticias\/wp-json\/wp\/v2\/types\/post"}],"author":[{"embeddable":true,"href":"https:\/\/candas365.es\/noticias\/wp-json\/wp\/v2\/users\/1"}],"replies":[{"embeddable":true,"href":"https:\/\/candas365.es\/noticias\/wp-json\/wp\/v2\/comments?post=30464"}],"version-history":[{"count":0,"href":"https:\/\/candas365.es\/noticias\/wp-json\/wp\/v2\/posts\/30464\/revisions"}],"wp:featuredmedia":[{"embeddable":true,"href":"https:\/\/candas365.es\/noticias\/wp-json\/wp\/v2\/media\/16457"}],"wp:attachment":[{"href":"https:\/\/candas365.es\/noticias\/wp-json\/wp\/v2\/media?parent=30464"}],"wp:term":[{"taxonomy":"category","embeddable":true,"href":"https:\/\/candas365.es\/noticias\/wp-json\/wp\/v2\/categories?post=30464"},{"taxonomy":"post_tag","embeddable":true,"href":"https:\/\/candas365.es\/noticias\/wp-json\/wp\/v2\/tags?post=30464"}],"curies":[{"name":"wp","href":"https:\/\/api.w.org\/{rel}","templated":true}]}}