{"id":30462,"date":"2016-06-16T22:55:02","date_gmt":"2016-06-16T21:25:02","guid":{"rendered":"http:\/\/candas365.es\/noticias\/?p=30462"},"modified":"2016-06-16T22:55:02","modified_gmt":"2016-06-16T21:25:02","slug":"instituto-aleman-ifo-eleva-pronostico-de-crecimiento-a-18-por-ciento","status":"publish","type":"post","link":"https:\/\/candas365.es\/noticias\/instituto-aleman-ifo-eleva-pronostico-de-crecimiento-a-18-por-ciento\/","title":{"rendered":"Instituto alem\u00e1n Ifo eleva pron\u00f3stico de crecimiento a 1,8 por ciento"},"content":{"rendered":"<p>Berl\u00edn, 16 jun (dpa) &#8211; El instituto econ\u00f3mico alem\u00e1n Ifo elev\u00f3 su pron\u00f3stico de crecimiento de la econom\u00eda alemana para el a\u00f1o en curso desde el 1,6 por ciento hasta el 1,8 por ciento, seg\u00fan datos publicados hoy.<\/p>\n<p>\u00abEl robusto auge que registra la econom\u00eda alemana desde 2014 continuar\u00e1\u00bb, escribi\u00f3 el Ifo en el comunicado de prensa. Asimismo, el instituto econ\u00f3mico espera que el producto interno bruto (PIB) crezca en 2017 seguramente un 1,6 por ciento.<\/p>\n<p>\u00abEl impulso moderado sostenido desde 2014 de la econom\u00eda alemana continuar\u00e1 en la segunda mitad del a\u00f1o y es posible que contin\u00fae m\u00e1s all\u00e1\u00bb, explic\u00f3 por su parte el experto en coyuntura econ\u00f3mica del Ifo Timo Wollmersh\u00e4user.<\/p>\n<p>La cuota de desempleo alem\u00e1n se reducir\u00e1 desde el 6,4 por ciento de 2015 hasta un valor medio de 6,1 por ciento este a\u00f1o, agregaron los expertos del instituto de M\u00fanich.<\/p>\n<p>En 2017 el desempleo no se reducir\u00e1 m\u00e1s, sino que se mantendr\u00e1 estable. \u00abEs un efecto de la llegada de refugiados al pa\u00eds que poco a poco van accediendo al mercado laboral\u00bb, indic\u00f3 el experto.<\/p>\n<p>Mientras, la tasa de inflaci\u00f3n pasar\u00e1 desde el 0,5 por ciento este a\u00f1o hasta el 1,5 por ciento el pr\u00f3ximo a\u00f1o.<\/p>\n<p>&nbsp;<\/p>\n","protected":false},"excerpt":{"rendered":"<p>Berl\u00edn, 16 jun (dpa) &#8211; El instituto econ\u00f3mico alem\u00e1n Ifo elev\u00f3 su pron\u00f3stico de crecimiento de la econom\u00eda alemana para el a\u00f1o en curso desde el 1,6 por ciento hasta el 1,8 por ciento, seg\u00fan datos publicados hoy. \u00abEl robusto auge que registra la econom\u00eda alemana desde 2014 continuar\u00e1\u00bb, escribi\u00f3 el Ifo en el comunicado<\/p>\n","protected":false},"author":1,"featured_media":16457,"comment_status":"closed","ping_status":"closed","sticky":false,"template":"","format":"standard","meta":{"footnotes":""},"categories":[343],"tags":[],"class_list":{"0":"post-30462","1":"post","2":"type-post","3":"status-publish","4":"format-standard","5":"has-post-thumbnail","7":"category-actualidad"},"aioseo_notices":[],"aioseo_head":"\n\t\t<!-- All in One SEO Pro 4.9.6.2 - aioseo.com -->\n\t<meta name=\"description\" content=\"Berl\u00edn, 16 jun (dpa) - El instituto econ\u00f3mico alem\u00e1n Ifo elev\u00f3 su pron\u00f3stico de crecimiento de la econom\u00eda alemana para el a\u00f1o en curso desde el 1,6 por ciento hasta el 1,8 por ciento, seg\u00fan datos publicados hoy. &quot;El robusto auge que registra la econom\u00eda alemana desde 2014 continuar\u00e1&quot;, escribi\u00f3 el Ifo en el comunicado\" \/>\n\t<meta name=\"robots\" content=\"max-image-preview:large\" \/>\n\t<meta name=\"author\" content=\"Cand\u00e1s 365\"\/>\n\t<meta name=\"google-site-verification\" content=\"UA-32230408-1\" \/>\n\t<meta name=\"msvalidate.01\" content=\"354F3CDFB2DA171B47FBE9ABF1F88D5\" \/>\n\t<meta name=\"keywords\" content=\"actualidad\" \/>\n\t<link rel=\"canonical\" href=\"https:\/\/candas365.es\/noticias\/instituto-aleman-ifo-eleva-pronostico-de-crecimiento-a-18-por-ciento\/\" \/>\n\t<meta name=\"generator\" content=\"All in One SEO Pro (AIOSEO) 4.9.6.2\" \/>\n\t\t<meta property=\"og:locale\" content=\"es_ES\" \/>\n\t\t<meta property=\"og:site_name\" content=\"Cand\u00e1s 365\" \/>\n\t\t<meta property=\"og:type\" content=\"article\" \/>\n\t\t<meta property=\"og:title\" content=\"Instituto alem\u00e1n Ifo eleva pron\u00f3stico de crecimiento a 1,8 por ciento | Cand\u00e1s 365\" \/>\n\t\t<meta property=\"og:description\" content=\"Berl\u00edn, 16 jun (dpa) - El instituto econ\u00f3mico alem\u00e1n Ifo elev\u00f3 su pron\u00f3stico de crecimiento de la econom\u00eda alemana para el a\u00f1o en curso desde el 1,6 por ciento hasta el 1,8 por ciento, seg\u00fan datos publicados hoy. &quot;El robusto auge que registra la econom\u00eda alemana desde 2014 continuar\u00e1&quot;, escribi\u00f3 el Ifo en el comunicado\" \/>\n\t\t<meta property=\"og:url\" content=\"https:\/\/candas365.es\/noticias\/instituto-aleman-ifo-eleva-pronostico-de-crecimiento-a-18-por-ciento\/\" \/>\n\t\t<meta property=\"og:image\" content=\"https:\/\/candas365.es\/noticias\/wp-content\/uploads\/2015\/09\/c365noticias.jpg\" \/>\n\t\t<meta property=\"og:image:secure_url\" content=\"https:\/\/candas365.es\/noticias\/wp-content\/uploads\/2015\/09\/c365noticias.jpg\" \/>\n\t\t<meta property=\"og:image:width\" content=\"655\" \/>\n\t\t<meta property=\"og:image:height\" content=\"360\" \/>\n\t\t<meta property=\"article:published_time\" content=\"2016-06-16T21:25:02+00:00\" \/>\n\t\t<meta property=\"article:modified_time\" content=\"2016-06-16T21:25:02+00:00\" \/>\n\t\t<meta property=\"article:publisher\" content=\"https:\/\/www.facebook.com\/Nachofdezber\" \/>\n\t\t<meta property=\"article:author\" content=\"https:\/\/www.facebook.com\/carrenoactualidad\" \/>\n\t\t<meta name=\"twitter:card\" content=\"summary_large_image\" \/>\n\t\t<meta name=\"twitter:site\" content=\"@NabercoDigital\" \/>\n\t\t<meta name=\"twitter:title\" content=\"Instituto alem\u00e1n Ifo eleva pron\u00f3stico de crecimiento a 1,8 por ciento | Cand\u00e1s 365\" \/>\n\t\t<meta name=\"twitter:description\" content=\"Berl\u00edn, 16 jun (dpa) - El instituto econ\u00f3mico alem\u00e1n Ifo elev\u00f3 su pron\u00f3stico de crecimiento de la econom\u00eda alemana para el a\u00f1o en curso desde el 1,6 por ciento hasta el 1,8 por ciento, seg\u00fan datos publicados hoy. &quot;El robusto auge que registra la econom\u00eda alemana desde 2014 continuar\u00e1&quot;, escribi\u00f3 el Ifo en el comunicado\" \/>\n\t\t<meta name=\"twitter:creator\" content=\"@nbasturias\" \/>\n\t\t<meta name=\"twitter:image\" content=\"https:\/\/candas365.es\/noticias\/wp-content\/uploads\/2015\/09\/c365noticias.jpg\" \/>\n\t\t<meta name=\"twitter:label1\" content=\"Escrito por\" \/>\n\t\t<meta name=\"twitter:data1\" content=\"Cand\u00e1s 365\" \/>\n\t\t<meta name=\"twitter:label2\" content=\"Tiempo de lectura estimado\" \/>\n\t\t<meta name=\"twitter:data2\" content=\"1 minuto\" \/>\n\t\t<script type=\"application\/ld+json\" class=\"aioseo-schema\">\n\t\t\t{\"@context\":\"https:\\\/\\\/schema.org\",\"@graph\":[{\"@type\":\"BreadcrumbList\",\"@id\":\"https:\\\/\\\/candas365.es\\\/noticias\\\/instituto-aleman-ifo-eleva-pronostico-de-crecimiento-a-18-por-ciento\\\/#breadcrumblist\",\"itemListElement\":[{\"@type\":\"ListItem\",\"@id\":\"https:\\\/\\\/candas365.es\\\/noticias#listItem\",\"position\":1,\"name\":\"Home\",\"item\":\"https:\\\/\\\/candas365.es\\\/noticias\",\"nextItem\":{\"@type\":\"ListItem\",\"@id\":\"https:\\\/\\\/candas365.es\\\/noticias\\\/category\\\/actualidad\\\/#listItem\",\"name\":\"Actualidad\"}},{\"@type\":\"ListItem\",\"@id\":\"https:\\\/\\\/candas365.es\\\/noticias\\\/category\\\/actualidad\\\/#listItem\",\"position\":2,\"name\":\"Actualidad\",\"item\":\"https:\\\/\\\/candas365.es\\\/noticias\\\/category\\\/actualidad\\\/\",\"nextItem\":{\"@type\":\"ListItem\",\"@id\":\"https:\\\/\\\/candas365.es\\\/noticias\\\/instituto-aleman-ifo-eleva-pronostico-de-crecimiento-a-18-por-ciento\\\/#listItem\",\"name\":\"Instituto alem\\u00e1n Ifo eleva pron\\u00f3stico de crecimiento a 1,8 por ciento\"},\"previousItem\":{\"@type\":\"ListItem\",\"@id\":\"https:\\\/\\\/candas365.es\\\/noticias#listItem\",\"name\":\"Home\"}},{\"@type\":\"ListItem\",\"@id\":\"https:\\\/\\\/candas365.es\\\/noticias\\\/instituto-aleman-ifo-eleva-pronostico-de-crecimiento-a-18-por-ciento\\\/#listItem\",\"position\":3,\"name\":\"Instituto alem\\u00e1n Ifo eleva pron\\u00f3stico de crecimiento a 1,8 por ciento\",\"previousItem\":{\"@type\":\"ListItem\",\"@id\":\"https:\\\/\\\/candas365.es\\\/noticias\\\/category\\\/actualidad\\\/#listItem\",\"name\":\"Actualidad\"}}]},{\"@type\":\"NewsArticle\",\"@id\":\"https:\\\/\\\/candas365.es\\\/noticias\\\/instituto-aleman-ifo-eleva-pronostico-de-crecimiento-a-18-por-ciento\\\/#newsarticle\",\"name\":\"Instituto alem\\u00e1n Ifo eleva pron\\u00f3stico de crecimiento a 1,8 por ciento | Cand\\u00e1s 365\",\"headline\":\"Instituto alem\\u00e1n Ifo eleva pron\\u00f3stico de crecimiento a 1,8 por ciento\",\"author\":{\"@id\":\"https:\\\/\\\/candas365.es\\\/noticias\\\/author\\\/admin\\\/#author\"},\"publisher\":{\"@id\":\"https:\\\/\\\/candas365.es\\\/noticias\\\/#organization\"},\"image\":{\"@type\":\"ImageObject\",\"url\":\"https:\\\/\\\/candas365.es\\\/noticias\\\/wp-content\\\/uploads\\\/2015\\\/09\\\/c365noticias.jpg\",\"width\":655,\"height\":360},\"datePublished\":\"2016-06-16T22:55:02+02:00\",\"dateModified\":\"2016-06-16T22:55:02+02:00\",\"inLanguage\":\"es-ES\",\"mainEntityOfPage\":{\"@id\":\"https:\\\/\\\/candas365.es\\\/noticias\\\/instituto-aleman-ifo-eleva-pronostico-de-crecimiento-a-18-por-ciento\\\/#webpage\"},\"isPartOf\":{\"@id\":\"https:\\\/\\\/candas365.es\\\/noticias\\\/instituto-aleman-ifo-eleva-pronostico-de-crecimiento-a-18-por-ciento\\\/#webpage\"},\"articleSection\":\"Actualidad\",\"dateline\":\"Publicado el junio 16, 2016.\"},{\"@type\":\"Organization\",\"@id\":\"https:\\\/\\\/candas365.es\\\/noticias\\\/#organization\",\"name\":\"Cand\\u00e1s 365\",\"description\":\"Cand\\u00e1s 365 es un diario digital independiente, fundado en 2012, con base en Asturias. Informamos con rigor sobre actualidad, sociedad, cultura y ocio, con una mirada local y global.\",\"url\":\"https:\\\/\\\/candas365.es\\\/noticias\\\/\",\"email\":\"info@candas365.es\",\"telephone\":\"+34652131393\",\"foundingDate\":\"2012-06-10\",\"logo\":{\"@type\":\"ImageObject\",\"url\":\"https:\\\/\\\/candas365.es\\\/noticias\\\/wp-content\\\/uploads\\\/2024\\\/09\\\/Candas-365-Redes.jpg\",\"@id\":\"https:\\\/\\\/candas365.es\\\/noticias\\\/instituto-aleman-ifo-eleva-pronostico-de-crecimiento-a-18-por-ciento\\\/#organizationLogo\",\"width\":1152,\"height\":864,\"caption\":\"Cand\\u00e1s 365 Redes\"},\"image\":{\"@id\":\"https:\\\/\\\/candas365.es\\\/noticias\\\/instituto-aleman-ifo-eleva-pronostico-de-crecimiento-a-18-por-ciento\\\/#organizationLogo\"},\"sameAs\":[\"https:\\\/\\\/www.facebook.com\\\/Nachofdezber\",\"https:\\\/\\\/x.com\\\/NabercoDigital\",\"https:\\\/\\\/www.instagram.com\\\/nachofdezber\\\/\",\"https:\\\/\\\/www.youtube.com\\\/channel\\\/UCZP-2wLEB9Rv6erhFmqVnvg\"],\"address\":{\"@id\":\"https:\\\/\\\/candas365.es\\\/noticias\\\/#postaladdress\",\"@type\":\"PostalAddress\",\"streetAddress\":\"san antonio 4, san antonio 4\",\"postalCode\":\"33430\",\"addressLocality\":\"Cand\\u00e1s\",\"addressRegion\":\"Asturias\",\"addressCountry\":\"ES\"}},{\"@type\":\"Person\",\"@id\":\"https:\\\/\\\/candas365.es\\\/noticias\\\/author\\\/admin\\\/#author\",\"url\":\"https:\\\/\\\/candas365.es\\\/noticias\\\/author\\\/admin\\\/\",\"name\":\"Cand\\u00e1s 365\",\"image\":{\"@type\":\"ImageObject\",\"@id\":\"https:\\\/\\\/candas365.es\\\/noticias\\\/instituto-aleman-ifo-eleva-pronostico-de-crecimiento-a-18-por-ciento\\\/#authorImage\",\"url\":\"https:\\\/\\\/secure.gravatar.com\\\/avatar\\\/496a8e03d0c493ede1718b7934145dbdf8d89be1036b0eec9544e1094c9de390?s=96&d=mm&r=g\",\"width\":96,\"height\":96,\"caption\":\"Cand\\u00e1s 365\"},\"sameAs\":[\"https:\\\/\\\/www.facebook.com\\\/carrenoactualidad\",\"https:\\\/\\\/twitter.com\\\/nbasturias\",\"https:\\\/\\\/www.instagram.com\\\/nachofdezber\\\/\",\"https:\\\/\\\/www.youtube.com\\\/channel\\\/UCZP-2wLEB9Rv6erhFmqVnvg\"]},{\"@type\":\"WebPage\",\"@id\":\"https:\\\/\\\/candas365.es\\\/noticias\\\/instituto-aleman-ifo-eleva-pronostico-de-crecimiento-a-18-por-ciento\\\/#webpage\",\"url\":\"https:\\\/\\\/candas365.es\\\/noticias\\\/instituto-aleman-ifo-eleva-pronostico-de-crecimiento-a-18-por-ciento\\\/\",\"name\":\"Instituto alem\\u00e1n Ifo eleva pron\\u00f3stico de crecimiento a 1,8 por ciento | Cand\\u00e1s 365\",\"description\":\"Berl\\u00edn, 16 jun (dpa) - El instituto econ\\u00f3mico alem\\u00e1n Ifo elev\\u00f3 su pron\\u00f3stico de crecimiento de la econom\\u00eda alemana para el a\\u00f1o en curso desde el 1,6 por ciento hasta el 1,8 por ciento, seg\\u00fan datos publicados hoy. \\\"El robusto auge que registra la econom\\u00eda alemana desde 2014 continuar\\u00e1\\\", escribi\\u00f3 el Ifo en el comunicado\",\"inLanguage\":\"es-ES\",\"isPartOf\":{\"@id\":\"https:\\\/\\\/candas365.es\\\/noticias\\\/#website\"},\"breadcrumb\":{\"@id\":\"https:\\\/\\\/candas365.es\\\/noticias\\\/instituto-aleman-ifo-eleva-pronostico-de-crecimiento-a-18-por-ciento\\\/#breadcrumblist\"},\"author\":{\"@id\":\"https:\\\/\\\/candas365.es\\\/noticias\\\/author\\\/admin\\\/#author\"},\"creator\":{\"@id\":\"https:\\\/\\\/candas365.es\\\/noticias\\\/author\\\/admin\\\/#author\"},\"image\":{\"@type\":\"ImageObject\",\"url\":\"https:\\\/\\\/candas365.es\\\/noticias\\\/wp-content\\\/uploads\\\/2015\\\/09\\\/c365noticias.jpg\",\"@id\":\"https:\\\/\\\/candas365.es\\\/noticias\\\/instituto-aleman-ifo-eleva-pronostico-de-crecimiento-a-18-por-ciento\\\/#mainImage\",\"width\":655,\"height\":360},\"primaryImageOfPage\":{\"@id\":\"https:\\\/\\\/candas365.es\\\/noticias\\\/instituto-aleman-ifo-eleva-pronostico-de-crecimiento-a-18-por-ciento\\\/#mainImage\"},\"datePublished\":\"2016-06-16T22:55:02+02:00\",\"dateModified\":\"2016-06-16T22:55:02+02:00\"},{\"@type\":\"WebSite\",\"@id\":\"https:\\\/\\\/candas365.es\\\/noticias\\\/#website\",\"url\":\"https:\\\/\\\/candas365.es\\\/noticias\\\/\",\"name\":\"Cand\\u00e1s 365\",\"alternateName\":\"Cand\\u00e1s 365 Noticias\",\"description\":\"Actualidad desde Carre\\u00f1o para el mundo\",\"inLanguage\":\"es-ES\",\"publisher\":{\"@id\":\"https:\\\/\\\/candas365.es\\\/noticias\\\/#organization\"}}]}\n\t\t<\/script>\n\t\t<!-- All in One SEO Pro -->\r\n\t\t<title>Instituto alem\u00e1n Ifo eleva pron\u00f3stico de crecimiento a 1,8 por ciento | Cand\u00e1s 365<\/title>\n\n","aioseo_head_json":{"title":"Instituto alem\u00e1n Ifo eleva pron\u00f3stico de crecimiento a 1,8 por ciento | Cand\u00e1s 365","description":"Berl\u00edn, 16 jun (dpa) - El instituto econ\u00f3mico alem\u00e1n Ifo elev\u00f3 su pron\u00f3stico de crecimiento de la econom\u00eda alemana para el a\u00f1o en curso desde el 1,6 por ciento hasta el 1,8 por ciento, seg\u00fan datos publicados hoy. \"El robusto auge que registra la econom\u00eda alemana desde 2014 continuar\u00e1\", escribi\u00f3 el Ifo en el comunicado","canonical_url":"https:\/\/candas365.es\/noticias\/instituto-aleman-ifo-eleva-pronostico-de-crecimiento-a-18-por-ciento\/","robots":"max-image-preview:large","keywords":"actualidad","webmasterTools":{"google-site-verification":"UA-32230408-1","msvalidate.01":"354F3CDFB2DA171B47FBE9ABF1F88D5","miscellaneous":""},"schema":{"@context":"https:\/\/schema.org","@graph":[{"@type":"BreadcrumbList","@id":"https:\/\/candas365.es\/noticias\/instituto-aleman-ifo-eleva-pronostico-de-crecimiento-a-18-por-ciento\/#breadcrumblist","itemListElement":[{"@type":"ListItem","@id":"https:\/\/candas365.es\/noticias#listItem","position":1,"name":"Home","item":"https:\/\/candas365.es\/noticias","nextItem":{"@type":"ListItem","@id":"https:\/\/candas365.es\/noticias\/category\/actualidad\/#listItem","name":"Actualidad"}},{"@type":"ListItem","@id":"https:\/\/candas365.es\/noticias\/category\/actualidad\/#listItem","position":2,"name":"Actualidad","item":"https:\/\/candas365.es\/noticias\/category\/actualidad\/","nextItem":{"@type":"ListItem","@id":"https:\/\/candas365.es\/noticias\/instituto-aleman-ifo-eleva-pronostico-de-crecimiento-a-18-por-ciento\/#listItem","name":"Instituto alem\u00e1n Ifo eleva pron\u00f3stico de crecimiento a 1,8 por ciento"},"previousItem":{"@type":"ListItem","@id":"https:\/\/candas365.es\/noticias#listItem","name":"Home"}},{"@type":"ListItem","@id":"https:\/\/candas365.es\/noticias\/instituto-aleman-ifo-eleva-pronostico-de-crecimiento-a-18-por-ciento\/#listItem","position":3,"name":"Instituto alem\u00e1n Ifo eleva pron\u00f3stico de crecimiento a 1,8 por ciento","previousItem":{"@type":"ListItem","@id":"https:\/\/candas365.es\/noticias\/category\/actualidad\/#listItem","name":"Actualidad"}}]},{"@type":"NewsArticle","@id":"https:\/\/candas365.es\/noticias\/instituto-aleman-ifo-eleva-pronostico-de-crecimiento-a-18-por-ciento\/#newsarticle","name":"Instituto alem\u00e1n Ifo eleva pron\u00f3stico de crecimiento a 1,8 por ciento | Cand\u00e1s 365","headline":"Instituto alem\u00e1n Ifo eleva pron\u00f3stico de crecimiento a 1,8 por ciento","author":{"@id":"https:\/\/candas365.es\/noticias\/author\/admin\/#author"},"publisher":{"@id":"https:\/\/candas365.es\/noticias\/#organization"},"image":{"@type":"ImageObject","url":"https:\/\/candas365.es\/noticias\/wp-content\/uploads\/2015\/09\/c365noticias.jpg","width":655,"height":360},"datePublished":"2016-06-16T22:55:02+02:00","dateModified":"2016-06-16T22:55:02+02:00","inLanguage":"es-ES","mainEntityOfPage":{"@id":"https:\/\/candas365.es\/noticias\/instituto-aleman-ifo-eleva-pronostico-de-crecimiento-a-18-por-ciento\/#webpage"},"isPartOf":{"@id":"https:\/\/candas365.es\/noticias\/instituto-aleman-ifo-eleva-pronostico-de-crecimiento-a-18-por-ciento\/#webpage"},"articleSection":"Actualidad","dateline":"Publicado el junio 16, 2016."},{"@type":"Organization","@id":"https:\/\/candas365.es\/noticias\/#organization","name":"Cand\u00e1s 365","description":"Cand\u00e1s 365 es un diario digital independiente, fundado en 2012, con base en Asturias. Informamos con rigor sobre actualidad, sociedad, cultura y ocio, con una mirada local y global.","url":"https:\/\/candas365.es\/noticias\/","email":"info@candas365.es","telephone":"+34652131393","foundingDate":"2012-06-10","logo":{"@type":"ImageObject","url":"https:\/\/candas365.es\/noticias\/wp-content\/uploads\/2024\/09\/Candas-365-Redes.jpg","@id":"https:\/\/candas365.es\/noticias\/instituto-aleman-ifo-eleva-pronostico-de-crecimiento-a-18-por-ciento\/#organizationLogo","width":1152,"height":864,"caption":"Cand\u00e1s 365 Redes"},"image":{"@id":"https:\/\/candas365.es\/noticias\/instituto-aleman-ifo-eleva-pronostico-de-crecimiento-a-18-por-ciento\/#organizationLogo"},"sameAs":["https:\/\/www.facebook.com\/Nachofdezber","https:\/\/x.com\/NabercoDigital","https:\/\/www.instagram.com\/nachofdezber\/","https:\/\/www.youtube.com\/channel\/UCZP-2wLEB9Rv6erhFmqVnvg"],"address":{"@id":"https:\/\/candas365.es\/noticias\/#postaladdress","@type":"PostalAddress","streetAddress":"san antonio 4, san antonio 4","postalCode":"33430","addressLocality":"Cand\u00e1s","addressRegion":"Asturias","addressCountry":"ES"}},{"@type":"Person","@id":"https:\/\/candas365.es\/noticias\/author\/admin\/#author","url":"https:\/\/candas365.es\/noticias\/author\/admin\/","name":"Cand\u00e1s 365","image":{"@type":"ImageObject","@id":"https:\/\/candas365.es\/noticias\/instituto-aleman-ifo-eleva-pronostico-de-crecimiento-a-18-por-ciento\/#authorImage","url":"https:\/\/secure.gravatar.com\/avatar\/496a8e03d0c493ede1718b7934145dbdf8d89be1036b0eec9544e1094c9de390?s=96&d=mm&r=g","width":96,"height":96,"caption":"Cand\u00e1s 365"},"sameAs":["https:\/\/www.facebook.com\/carrenoactualidad","https:\/\/twitter.com\/nbasturias","https:\/\/www.instagram.com\/nachofdezber\/","https:\/\/www.youtube.com\/channel\/UCZP-2wLEB9Rv6erhFmqVnvg"]},{"@type":"WebPage","@id":"https:\/\/candas365.es\/noticias\/instituto-aleman-ifo-eleva-pronostico-de-crecimiento-a-18-por-ciento\/#webpage","url":"https:\/\/candas365.es\/noticias\/instituto-aleman-ifo-eleva-pronostico-de-crecimiento-a-18-por-ciento\/","name":"Instituto alem\u00e1n Ifo eleva pron\u00f3stico de crecimiento a 1,8 por ciento | Cand\u00e1s 365","description":"Berl\u00edn, 16 jun (dpa) - El instituto econ\u00f3mico alem\u00e1n Ifo elev\u00f3 su pron\u00f3stico de crecimiento de la econom\u00eda alemana para el a\u00f1o en curso desde el 1,6 por ciento hasta el 1,8 por ciento, seg\u00fan datos publicados hoy. \"El robusto auge que registra la econom\u00eda alemana desde 2014 continuar\u00e1\", escribi\u00f3 el Ifo en el comunicado","inLanguage":"es-ES","isPartOf":{"@id":"https:\/\/candas365.es\/noticias\/#website"},"breadcrumb":{"@id":"https:\/\/candas365.es\/noticias\/instituto-aleman-ifo-eleva-pronostico-de-crecimiento-a-18-por-ciento\/#breadcrumblist"},"author":{"@id":"https:\/\/candas365.es\/noticias\/author\/admin\/#author"},"creator":{"@id":"https:\/\/candas365.es\/noticias\/author\/admin\/#author"},"image":{"@type":"ImageObject","url":"https:\/\/candas365.es\/noticias\/wp-content\/uploads\/2015\/09\/c365noticias.jpg","@id":"https:\/\/candas365.es\/noticias\/instituto-aleman-ifo-eleva-pronostico-de-crecimiento-a-18-por-ciento\/#mainImage","width":655,"height":360},"primaryImageOfPage":{"@id":"https:\/\/candas365.es\/noticias\/instituto-aleman-ifo-eleva-pronostico-de-crecimiento-a-18-por-ciento\/#mainImage"},"datePublished":"2016-06-16T22:55:02+02:00","dateModified":"2016-06-16T22:55:02+02:00"},{"@type":"WebSite","@id":"https:\/\/candas365.es\/noticias\/#website","url":"https:\/\/candas365.es\/noticias\/","name":"Cand\u00e1s 365","alternateName":"Cand\u00e1s 365 Noticias","description":"Actualidad desde Carre\u00f1o para el mundo","inLanguage":"es-ES","publisher":{"@id":"https:\/\/candas365.es\/noticias\/#organization"}}]},"og:locale":"es_ES","og:site_name":"Cand\u00e1s 365","og:type":"article","og:title":"Instituto alem\u00e1n Ifo eleva pron\u00f3stico de crecimiento a 1,8 por ciento | Cand\u00e1s 365","og:description":"Berl\u00edn, 16 jun (dpa) - El instituto econ\u00f3mico alem\u00e1n Ifo elev\u00f3 su pron\u00f3stico de crecimiento de la econom\u00eda alemana para el a\u00f1o en curso desde el 1,6 por ciento hasta el 1,8 por ciento, seg\u00fan datos publicados hoy. &quot;El robusto auge que registra la econom\u00eda alemana desde 2014 continuar\u00e1&quot;, escribi\u00f3 el Ifo en el comunicado","og:url":"https:\/\/candas365.es\/noticias\/instituto-aleman-ifo-eleva-pronostico-de-crecimiento-a-18-por-ciento\/","og:image":"https:\/\/candas365.es\/noticias\/wp-content\/uploads\/2015\/09\/c365noticias.jpg","og:image:secure_url":"https:\/\/candas365.es\/noticias\/wp-content\/uploads\/2015\/09\/c365noticias.jpg","og:image:width":655,"og:image:height":360,"article:published_time":"2016-06-16T21:25:02+00:00","article:modified_time":"2016-06-16T21:25:02+00:00","article:publisher":"https:\/\/www.facebook.com\/Nachofdezber","article:author":"https:\/\/www.facebook.com\/carrenoactualidad","twitter:card":"summary_large_image","twitter:site":"@NabercoDigital","twitter:title":"Instituto alem\u00e1n Ifo eleva pron\u00f3stico de crecimiento a 1,8 por ciento | Cand\u00e1s 365","twitter:description":"Berl\u00edn, 16 jun (dpa) - El instituto econ\u00f3mico alem\u00e1n Ifo elev\u00f3 su pron\u00f3stico de crecimiento de la econom\u00eda alemana para el a\u00f1o en curso desde el 1,6 por ciento hasta el 1,8 por ciento, seg\u00fan datos publicados hoy. &quot;El robusto auge que registra la econom\u00eda alemana desde 2014 continuar\u00e1&quot;, escribi\u00f3 el Ifo en el comunicado","twitter:creator":"@nbasturias","twitter:image":"https:\/\/candas365.es\/noticias\/wp-content\/uploads\/2015\/09\/c365noticias.jpg","twitter:label1":"Escrito por","twitter:data1":"Cand\u00e1s 365","twitter:label2":"Tiempo de lectura estimado","twitter:data2":"1 minuto"},"aioseo_meta_data":{"post_id":"30462","title":null,"description":null,"keywords":null,"keyphrases":null,"primary_term":null,"canonical_url":null,"og_title":null,"og_description":null,"og_object_type":"default","og_image_type":"default","og_image_url":null,"og_image_width":null,"og_image_height":null,"og_image_custom_url":null,"og_image_custom_fields":null,"og_video":null,"og_custom_url":null,"og_article_section":null,"og_article_tags":null,"twitter_use_og":false,"twitter_card":"default","twitter_image_type":"default","twitter_image_url":null,"twitter_image_custom_url":null,"twitter_image_custom_fields":null,"twitter_title":null,"twitter_description":null,"schema":{"blockGraphs":[],"customGraphs":[],"default":{"data":{"Article":[],"Course":[],"Dataset":[],"FAQPage":[],"Movie":[],"Person":[],"Product":[],"ProductReview":[],"Car":[],"Recipe":[],"Service":[],"SoftwareApplication":[],"WebPage":[]},"graphName":"","isEnabled":true},"graphs":[]},"schema_type":null,"schema_type_options":null,"pillar_content":false,"robots_default":true,"robots_noindex":false,"robots_noarchive":false,"robots_nosnippet":false,"robots_nofollow":false,"robots_noimageindex":false,"robots_noodp":false,"robots_notranslate":false,"robots_max_snippet":null,"robots_max_videopreview":null,"robots_max_imagepreview":"large","priority":null,"frequency":null,"location":null,"local_seo":null,"seo_analyzer_scan_date":"2025-08-24 12:33:13","breadcrumb_settings":null,"limit_modified_date":false,"reviewed_by":null,"open_ai":null,"ai":null,"created":"2020-12-21 12:58:28","updated":"2025-08-24 12:33:13"},"aioseo_breadcrumb":"<div class=\"aioseo-breadcrumbs\"><span class=\"aioseo-breadcrumb\">\n\t<a href=\"https:\/\/candas365.es\/noticias\" title=\"Home\">Home<\/a>\n<\/span><span class=\"aioseo-breadcrumb-separator\">&ndash;<\/span><span class=\"aioseo-breadcrumb\">\n\t<a href=\"https:\/\/candas365.es\/noticias\/category\/actualidad\/\" title=\"Actualidad\">Actualidad<\/a>\n<\/span><span class=\"aioseo-breadcrumb-separator\">&ndash;<\/span><span class=\"aioseo-breadcrumb\">\n\tInstituto alem\u00e1n Ifo eleva pron\u00f3stico de crecimiento a 1,8 por ciento\n<\/span><\/div>","aioseo_breadcrumb_json":[{"label":"Home","link":"https:\/\/candas365.es\/noticias"},{"label":"Actualidad","link":"https:\/\/candas365.es\/noticias\/category\/actualidad\/"},{"label":"Instituto alem\u00e1n Ifo eleva pron\u00f3stico de crecimiento a 1,8 por ciento","link":"https:\/\/candas365.es\/noticias\/instituto-aleman-ifo-eleva-pronostico-de-crecimiento-a-18-por-ciento\/"}],"_links":{"self":[{"href":"https:\/\/candas365.es\/noticias\/wp-json\/wp\/v2\/posts\/30462","targetHints":{"allow":["GET"]}}],"collection":[{"href":"https:\/\/candas365.es\/noticias\/wp-json\/wp\/v2\/posts"}],"about":[{"href":"https:\/\/candas365.es\/noticias\/wp-json\/wp\/v2\/types\/post"}],"author":[{"embeddable":true,"href":"https:\/\/candas365.es\/noticias\/wp-json\/wp\/v2\/users\/1"}],"replies":[{"embeddable":true,"href":"https:\/\/candas365.es\/noticias\/wp-json\/wp\/v2\/comments?post=30462"}],"version-history":[{"count":0,"href":"https:\/\/candas365.es\/noticias\/wp-json\/wp\/v2\/posts\/30462\/revisions"}],"wp:featuredmedia":[{"embeddable":true,"href":"https:\/\/candas365.es\/noticias\/wp-json\/wp\/v2\/media\/16457"}],"wp:attachment":[{"href":"https:\/\/candas365.es\/noticias\/wp-json\/wp\/v2\/media?parent=30462"}],"wp:term":[{"taxonomy":"category","embeddable":true,"href":"https:\/\/candas365.es\/noticias\/wp-json\/wp\/v2\/categories?post=30462"},{"taxonomy":"post_tag","embeddable":true,"href":"https:\/\/candas365.es\/noticias\/wp-json\/wp\/v2\/tags?post=30462"}],"curies":[{"name":"wp","href":"https:\/\/api.w.org\/{rel}","templated":true}]}}